{"id":148583,"date":"2025-12-01T12:38:43","date_gmt":"2025-12-01T11:38:43","guid":{"rendered":"https:\/\/exaudi.org\/?p=148583"},"modified":"2025-12-01T17:47:00","modified_gmt":"2025-12-01T16:47:00","slug":"el-papa-leon-xiv-en-libano-construyan-la-paz-con-el-perfume-de-cristo","status":"publish","type":"post","link":"https:\/\/exaudi.org\/es\/el-papa-leon-xiv-en-libano-construyan-la-paz-con-el-perfume-de-cristo\/","title":{"rendered":"El Papa Le\u00f3n XIV en L\u00edbano: \u00abConstruyan la paz con el perfume de Cristo\u00bb"},"content":{"rendered":"<p dir=\"auto\">el Papa Le\u00f3n XIV se reuni\u00f3 esta ma\u00f1ana con obispos, sacerdotes, religiosos, religiosas y agentes pastorales en el Santuario de Nuestra Se\u00f1ora del L\u00edbano, en Harissa. Bajo el lema \u00abBienaventurados los que trabajan por la paz\u00bb (Mt 5,9), el Pont\u00edfice pronunci\u00f3 un discurso cargado de emoci\u00f3n y esperanza en medio de un pa\u00eds a\u00fan marcado por la crisis econ\u00f3mica, la inestabilidad pol\u00edtica y la cercan\u00eda de los bombardeos en la frontera sur.<\/p>\n<p dir=\"auto\">\u00abUstedes son responsables de la esperanza\u00bb, record\u00f3 Le\u00f3n XIV citando a san Juan Pablo II, y subray\u00f3 que la Iglesia libanesa, con su diversidad de ritos y rostros, sigue siendo \u00abun \u00edcono\u00bb de las bienaventuranzas evang\u00e9licas. El Papa agradeci\u00f3 los testimonios de cuatro personas que representan la primera l\u00ednea de la caridad en el pa\u00eds:<\/p>\n<ul dir=\"auto\">\n<li>El padre Youhanna, p\u00e1rroco de Debbabiy\u00e9, describi\u00f3 c\u00f3mo cristianos y musulmanes conviven y se ayudan mutuamente bajo las bombas, hasta el punto de que en la bolsa de limosnas aparecen juntas monedas libanesas y sirias.<\/li>\n<li>Loren, migrante iraqu\u00ed, narr\u00f3 la dram\u00e1tica huida de la pareja James y Lela, y su labor de acogida con la frase que repite a cada nuevo llegado: \u00ab\u00a1Bienvenido a casa!\u00bb.<\/li>\n<li>La hermana Dima explic\u00f3 por qu\u00e9 decidi\u00f3 mantener abierta su escuela en plena guerra, convirti\u00e9ndola en refugio y lugar de educaci\u00f3n para ni\u00f1os cristianos, musulmanes y refugiados.<\/li>\n<li>El padre Ch\u00e1rbel habl\u00f3 de su apostolado en las c\u00e1rceles, donde \u00aben los ojos de los reclusos, a veces perdidos, a veces iluminados por una nueva esperanza, vemos la ternura del Padre\u00bb.<\/li>\n<\/ul>\n<p><img loading=\"lazy\" decoding=\"async\" class=\"size-full wp-image-148590 alignnone\" src=\"https:\/\/exaudi.org\/wp-content\/uploads\/2025\/12\/aiease_1764588939210.jpg\" alt=\"\" width=\"800\" height=\"533\" srcset=\"https:\/\/exaudi.org\/wp-content\/uploads\/2025\/12\/aiease_1764588939210.jpg 800w, https:\/\/exaudi.org\/wp-content\/uploads\/2025\/12\/aiease_1764588939210-300x200.jpg 300w, https:\/\/exaudi.org\/wp-content\/uploads\/2025\/12\/aiease_1764588939210-770x513.jpg 770w, https:\/\/exaudi.org\/wp-content\/uploads\/2025\/12\/aiease_1764588939210-360x240.jpg?crop=1 360w, https:\/\/exaudi.org\/wp-content\/uploads\/2025\/12\/aiease_1764588939210-500x333.jpg 500w\" sizes=\"auto, (max-width: 800px) 100vw, 800px\" \/><\/p>\n<p dir=\"auto\">Frente a estos relatos, Le\u00f3n XIV insisti\u00f3 en tres im\u00e1genes centrales:<\/p>\n<ol dir=\"auto\">\n<li><strong>El ancla en el cielo<\/strong>: \u00abAgarren la cuerda y vayan adelante, porque nuestra vida tiene un ancla en el cielo\u00bb.<\/li>\n<li><strong>El perfume de Cristo<\/strong>: compar\u00f3 la caridad cristiana con la mesa libanesa, \u00abcompuesta por miles de aromas diferentes\u00bb que juntos forman un \u00fanico perfume accesible a todos.<\/li>\n<li><strong>La moneda siria en la colecta<\/strong>: s\u00edmbolo de que \u00aben la caridad todos tenemos algo que dar y algo que recibir\u00bb.<\/li>\n<\/ol>\n<p dir=\"auto\">El Papa hizo tambi\u00e9n un fuerte llamamiento a favor de los j\u00f3venes libaneses, muchos de los cuales emigran por falta de perspectivas: \u00abEs necesario ofrecerles espacio en la Iglesia y perspectivas concretas de renacimiento y crecimiento para el futuro\u00bb.<\/p>\n<p dir=\"auto\">Al t\u00e9rmino del encuentro, Le\u00f3n XIV entreg\u00f3 la Rosa de Oro al Santuario de Harissa, un gesto con el que quiso honrar a la Virgen Mar\u00eda y al mismo tiempo exhortar a todo el L\u00edbano a ser \u00abperfume de Cristo\u00bb en medio de las heridas del pa\u00eds.<\/p>\n<p dir=\"auto\">Esta tarde el Pont\u00edfice se reunir\u00e1 con los l\u00edderes religiosos de las distintas confesiones en la nunciatura apost\u00f3lica y ma\u00f1ana celebrar\u00e1 la Santa Misa en el estadio de Beirut, en lo que se espera sea una de las mayores concentraciones de fieles de los \u00faltimos a\u00f1os.<\/p>\n<p dir=\"auto\"><em><strong>Texto completo:<\/strong><\/em><\/p>\n<div class=\"abstract text parbase vaticanrichtext\">\n<p style=\"text-align: center;\">VIAJE APOST\u00d3LICO DE SU SANTIDAD LE\u00d3N XIV<br \/>\nA T\u00dcRKIYE Y AL L\u00cdBANO<br \/>\nCON PEREGRINACI\u00d3N A \u0130ZNIK (T\u00dcRKIYE)<br \/>\nEN OCASI\u00d3N DEL 1700 ANIVERSARIO DEL PRIMER CONCILIO DE NICEA<br \/>\n(27 de noviembre &#8211; 2 de diciembre de 2025)<\/p>\n<p style=\"text-align: center;\"><span class=\"color-text\"><b>ENCUENTRO CON LOS OBISPOS, SACERDOTES,<br \/>\nCONSAGRADOS, CONSAGRADAS Y LOS OPERADORES PASTORALES<\/b><\/span><\/p>\n<p style=\"text-align: center;\"><span class=\"title-1-color\"><b><i>DISCURSO DEL SANTO PADRE<\/i><\/b><\/span><\/p>\n<p style=\"text-align: center;\"><i>Santuario de Nuestra Se\u00f1ora del L\u00edbano (Harissa)<br \/>\nLunes, 1 de diciembre de 2025<\/i><\/p>\n<p>____________________________________<\/p>\n<\/div>\n<div class=\"text parbase vaticanrichtext\">\n<p><i>Queridos hermanos en el episcopado,<br \/>\nsacerdotes, religiosos y religiosas,<br \/>\nhermanos y hermanas, \u00a1buenos d\u00edas!<\/i><\/p>\n<p>Con gran alegr\u00eda me encuentro con ustedes durante este viaje, cuyo lema es \u00abBienaventurados los que trabajan por la paz\u00bb (<i>Mt<\/i>\u00a05,9). La Iglesia en L\u00edbano, unida en sus m\u00faltiples rostros, es un \u00edcono de estas palabras, como afirmaba san Juan Pablo II, tan afectuoso con su pueblo: \u00abEn el L\u00edbano de hoy \u2014dec\u00eda\u2014 ustedes son responsables de la esperanza\u00bb (<i>Mensaje a los ciudadanos del L\u00edbano<\/i>, 1 mayo 1984); y a\u00f1ad\u00eda: \u00abCreen, all\u00ed donde viven y trabajan, un clima fraterno. Sin ingenuidad, sepan confiar en los dem\u00e1s y sean creativos para que triunfe la fuerza regeneradora del perd\u00f3n y de la misericordia\u00bb (<i>ib\u00edd<\/i>.).<\/p>\n<p>Los testimonios que hemos escuchado \u2014gracias a cada uno de ustedes\u2014 nos dicen que estas palabras no han sido vanas, sino que han encontrado escucha y respuesta, porque aqu\u00ed se sigue construyendo la comuni\u00f3n en la caridad.<\/p>\n<p>En las palabras del Patriarca, a quien agradezco de coraz\u00f3n, podemos captar la ra\u00edz de esta tenacidad, simbolizada por la gruta silenciosa en la que san Ch\u00e1rbel rezaba ante la imagen de la Madre de Dios, y por la presencia de este Santuario de Harissa, signo de unidad para todo el pueblo liban\u00e9s. Permaneciendo con Mar\u00eda junto a la cruz de Jes\u00fas (cf.\u00a0<i>Jn<\/i>\u00a019,25), nuestra oraci\u00f3n \u2014puente invisible que une los corazones\u2014 nos da la fuerza para seguir esperando y trabajando, incluso cuando a nuestro alrededor retumba el ruido de las armas y las exigencias propias de la vida cotidiana se convierten en un desaf\u00edo.<\/p>\n<p>Uno de los s\u00edmbolos que figuran en el \u201clogotipo\u201d de este viaje es el ancla. El Papa Francisco la evocaba a menudo en sus discursos como signo de la fe, que permite ir siempre m\u00e1s all\u00e1, incluso en los momentos m\u00e1s oscuros, hasta el cielo. Dec\u00eda: \u00abNuestra fe es el ancla en el cielo. Tenemos nuestra vida anclada en el cielo. \u00bfQu\u00e9 debemos hacer? Agarrar la cuerda [&#8230;]. Y vamos adelante porque estamos seguros que nuestra vida tiene como un ancla en el cielo, en esa orilla a la que llegaremos\u00bb (<i>Catequesis<\/i>, 26 abril 2017). Si queremos construir la paz, ancl\u00e9monos al cielo y, firmemente dirigidos hacia all\u00ed, amemos sin miedo a perder lo ef\u00edmero y demos sin medida.<\/p>\n<p>De estas ra\u00edces, fuertes y profundas como las de los cedros, crece el amor y, con la ayuda de Dios, cobran vida obras concretas y duraderas de solidaridad.<\/p>\n<p>El padre Youhanna nos ha hablado de Debbabiy\u00e9, el peque\u00f1o pueblo en el que ejerce su ministerio. All\u00ed, a pesar de la extrema necesidad y bajo la amenaza de los bombardeos, cristianos y musulmanes, libaneses y refugiados del otro lado de la frontera, conviven pac\u00edficamente y se ayudan mutuamente. Deteng\u00e1monos en la imagen que \u00e9l mismo sugiri\u00f3, la de la moneda siria encontrada en la bolsa de limosnas junto con las libanesas. Es un detalle importante: nos recuerda que en la caridad cada uno de nosotros tiene algo que dar y que recibir, y que el donarnos mutuamente nos enriquece a todos y nos acerca a Dios. El Papa Benedicto XVI, durante su viaje a este pa\u00eds, hablando del poder unificador del amor incluso en los momentos de prueba, dijo: \u00abAhora es precisamente cuando hay que celebrar la victoria del amor sobre el odio, del perd\u00f3n sobre la venganza, del servicio sobre el dominio, de la humildad sobre el orgullo, de la unidad sobre la divisi\u00f3n. [&#8230;] Saber convertir nuestro sufrimiento en grito de amor a Dios y de misericordia para con el pr\u00f3jimo\u00bb (<i><a href=\"https:\/\/www.vatican.va\/content\/benedict-xvi\/es\/speeches\/2012\/september\/documents\/hf_ben-xvi_spe_20120914_firma-es-ap.html\">Discurso durante la visita a la Bas\u00edlica de San Pablo en Harissa<\/a><\/i>, 14 septiembre 2012).<\/p>\n<p>Es el \u00fanico modo para no sentirnos aplastados por la injusticia y la opresi\u00f3n, incluso cuando, como hemos o\u00eddo, nos traicionan personas y organizaciones que especulan sin escr\u00fapulos con la desesperaci\u00f3n de quien no tiene alternativas. S\u00f3lo as\u00ed podremos volver a esperar en el ma\u00f1ana, a pesar de la dureza de un presente dif\u00edcil de afrontar. A este respecto, pienso en la responsabilidad que todos tenemos hacia los j\u00f3venes. Es importante favorecer su presencia, tambi\u00e9n en las estructuras eclesiales, apreciando su aportaci\u00f3n de novedad y d\u00e1ndoles espacio. Y es necesario, incluso entre los escombros de un mundo con dolorosos fracasos, ofrecerles perspectivas concretas y viables de renacimiento y crecimiento para el futuro.<\/p>\n<p>Loren nos ha hablado de su compromiso con la ayuda a los migrantes. Ella misma migrante, desde hace tiempo comprometida con el apoyo a quienes, no por elecci\u00f3n sino por necesidad, han tenido que dejarlo todo para buscar, lejos de casa, un futuro posible. La historia de James y Lela, que ella nos ha contado, nos conmueve profundamente y muestra el horror que la guerra produce en la vida de tantas personas inocentes. El Papa Francisco nos ha recordado en varias ocasiones, en sus discursos y escritos, que ante dramas semejantes no podemos permanecer indiferentes, y que su dolor nos concierne y nos interpela (cf.\u00a0<i><a href=\"https:\/\/www.vatican.va\/content\/francesco\/es\/homilies\/2019\/documents\/papa-francesco_20190929_omelia-migranti.html\">Homil\u00eda en la Jornada Mundial del Migrante y del Refugiado<\/a><\/i>, 29 septiembre 2019). Por un lado, su valent\u00eda nos habla de la luz de Dios que, como dijo Loren, brilla incluso en los momentos m\u00e1s oscuros. Por otro lado, lo que han vivido nos obliga a comprometernos para que nadie tenga que huir de su pa\u00eds debido a conflictos absurdos y despiadados, y para que quien llama a la puerta de nuestras comunidades nunca se sienta rechazado, sino acogido con las palabras que la propia Loren cit\u00f3: \u201c\u00a1Bienvenido a casa!\u201d.<\/p>\n<p>De esto nos habla tambi\u00e9n el testimonio de la hermana Dima, que ante el estallido de la violencia decidi\u00f3 no abandonar el campo, sino mantener la escuela abierta, convirti\u00e9ndola en un lugar de acogida para los refugiados y en un centro educativo de extraordinaria eficacia. En esas aulas, adem\u00e1s de ofrecer asistencia y ayuda material, se aprende y se ense\u00f1a a compartir \u201cel pan, el miedo y la esperanza\u201d, a amar en medio del odio, a servir incluso en el cansancio y a creer en un futuro diferente m\u00e1s all\u00e1 de toda expectativa. La Iglesia en L\u00edbano siempre ha prestado mucha atenci\u00f3n a la educaci\u00f3n. Los animo a todos a continuar con esta loable labor, asistiendo sobre todo a quien pasa necesidad y a quien carece de medios, a quienes se encuentran en situaciones extremas, con decisiones guiadas por la caridad m\u00e1s generosa, para que la formaci\u00f3n de la mente vaya siempre unida a la educaci\u00f3n del coraz\u00f3n. Recordemos que nuestra primera escuela es la cruz y que nuestro \u00fanico Maestro es Cristo (cf.\u00a0<i>Mt<\/i>\u00a023,10).<\/p>\n<p>El padre Ch\u00e1rbel, al respecto, hablando de su experiencia de apostolado en las c\u00e1rceles, dijo que precisamente all\u00ed, donde el mundo ve s\u00f3lo muros y cr\u00edmenes, en los ojos de los reclusos \u2014a veces perdidos, a veces iluminados por una nueva esperanza\u2014 vemos la ternura del Padre que nunca se cansa de perdonar. Y es as\u00ed: vemos el rostro de Jes\u00fas reflejado en el rostro de los que sufren y de los que cuidan las heridas que la vida ha causado. Dentro de poco realizaremos el gesto simb\u00f3lico de entregar la\u00a0<i>Rosa de Oro<\/i>\u00a0a este Santuario. Es un gesto antiguo que, entre otros significados, tiene el de exhortarnos a ser perfume de Cristo con nuestra vida (cf.\u00a0<i>2 Co<\/i>\u00a02,14). Ante esta imagen, me viene a la mente el perfume que emana de las mesas libanesas, t\u00edpicas por la variedad de alimentos que ofrecen y por la fuerte dimensi\u00f3n comunitaria de compartirlos. Es un perfume compuesto por miles de aromas, que sorprenden por su diversidad y, a veces, por su conjunto. As\u00ed es el perfume de Cristo. No es un producto costoso reservado a unos pocos que pueden permit\u00edrselo, sino el aroma que se desprende de una mesa generosa en la que hay muchos platos diferentes y de la que todos pueden servirse juntos. Que este sea el esp\u00edritu del rito que nos disponemos a celebrar y, sobre todo, el esp\u00edritu con el que cada d\u00eda nos esforzamos por vivir unidos en el amor.<\/p>\n<\/div>\n","protected":false},"excerpt":{"rendered":"<p>L\u00edbano: Encuentro con los obispos, sacerdotes, consagrados, consagradas y los operadores pastorales<\/p>\n","protected":false},"author":15,"featured_media":148584,"comment_status":"closed","ping_status":"closed","sticky":false,"template":"","format":"standard","meta":{"_acf_changed":false,"_crdt_document":"","inline_featured_image":false,"footnotes":""},"categories":[68,120],"tags":[83691,83696,83684,83693,83687,83683,83692,83694,83685,58067,78800,83690,58111,67173,83695,83686,83688,78799,83689,58880,41010,83682,83147],"class_list":["post-148583","post","type-post","status-publish","format-standard","has-post-thumbnail","hentry","category-leon-xiv","category-viajes","tag-acogida-migrantes","tag-ancla-en-el-cielo","tag-bienaventurados-los-pacificadores","tag-carceles-libano","tag-cristianos-y-musulmanes-libano","tag-discurso-harissa","tag-escuela-en-guerra-libano","tag-esperanza-jovenes-libano","tag-iglesia-en-libano","tag-leon-xiv","tag-nuestra-senora-del-libano","tag-papa-en-beirut","tag-papa-leon-xiv","tag-paz-en-oriente-medio","tag-perfume-de-cristo","tag-refugiados-sirios","tag-rosa-de-oro-harissa","tag-san-charbel","tag-testimonios-caridad-libano","tag-trending-es-151","tag-vaticano-2025","tag-viaje-apostolico-libano-2025","tag-viaje-apostolico-turquia-y-libano"],"acf":[],"yoast_head":"<!-- This site is optimized with the Yoast SEO plugin v27.5 - https:\/\/yoast.com\/product\/yoast-seo-wordpress\/ -->\n<title>El Papa Le\u00f3n XIV en L\u00edbano: \u00abConstruyan la paz con el perfume de Cristo\u00bb &#8211; Exaudi<\/title>\n<meta name=\"robots\" content=\"index, follow, max-snippet:-1, max-image-preview:large, max-video-preview:-1\" \/>\n<link rel=\"canonical\" href=\"https:\/\/exaudi.org\/es\/el-papa-leon-xiv-en-libano-construyan-la-paz-con-el-perfume-de-cristo\/\" \/>\n<meta property=\"og:locale\" content=\"es_ES\" \/>\n<meta property=\"og:type\" content=\"article\" \/>\n<meta property=\"og:title\" content=\"El Papa Le\u00f3n XIV en L\u00edbano: \u00abConstruyan la paz con el perfume de Cristo\u00bb &#8211; Exaudi\" \/>\n<meta property=\"og:description\" content=\"L\u00edbano: Encuentro con los obispos, sacerdotes, consagrados, consagradas y los operadores pastorales\" \/>\n<meta property=\"og:url\" content=\"https:\/\/exaudi.org\/es\/el-papa-leon-xiv-en-libano-construyan-la-paz-con-el-perfume-de-cristo\/\" \/>\n<meta property=\"og:site_name\" content=\"Exaudi\" \/>\n<meta property=\"article:publisher\" content=\"https:\/\/www.facebook.com\/ExaudiNews\" \/>\n<meta property=\"article:author\" content=\"https:\/\/www.facebook.com\/ExaudiNoticias\/\" \/>\n<meta property=\"article:published_time\" content=\"2025-12-01T11:38:43+00:00\" \/>\n<meta property=\"article:modified_time\" content=\"2025-12-01T16:47:00+00:00\" \/>\n<meta property=\"og:image\" content=\"https:\/\/exaudi.org\/wp-content\/uploads\/2025\/12\/aiease_1764589027878.jpg\" \/>\n\t<meta property=\"og:image:width\" content=\"800\" \/>\n\t<meta property=\"og:image:height\" content=\"533\" \/>\n\t<meta property=\"og:image:type\" content=\"image\/jpeg\" \/>\n<meta name=\"author\" content=\"Exaudi Redacci\u00f3n\" \/>\n<meta name=\"twitter:card\" content=\"summary_large_image\" \/>\n<meta name=\"twitter:creator\" content=\"@Exaudi_noticias\" \/>\n<meta name=\"twitter:site\" content=\"@Exaudi_News\" \/>\n<meta name=\"twitter:label1\" content=\"Escrito por\" \/>\n\t<meta name=\"twitter:data1\" content=\"Exaudi Redacci\u00f3n\" \/>\n\t<meta name=\"twitter:label2\" content=\"Tiempo de lectura\" \/>\n\t<meta name=\"twitter:data2\" content=\"10 minutos\" \/>\n<script type=\"application\/ld+json\" class=\"yoast-schema-graph\">{\"@context\":\"https:\\\/\\\/schema.org\",\"@graph\":[{\"@type\":\"Article\",\"@id\":\"https:\\\/\\\/exaudi.org\\\/es\\\/el-papa-leon-xiv-en-libano-construyan-la-paz-con-el-perfume-de-cristo\\\/#article\",\"isPartOf\":{\"@id\":\"https:\\\/\\\/exaudi.org\\\/es\\\/el-papa-leon-xiv-en-libano-construyan-la-paz-con-el-perfume-de-cristo\\\/\"},\"author\":{\"name\":\"Exaudi Redacci\u00f3n\",\"@id\":\"https:\\\/\\\/exaudi.org\\\/#\\\/schema\\\/person\\\/f5fc8f063065e38742da7afe15f25df7\"},\"headline\":\"El Papa Le\u00f3n XIV en L\u00edbano: \u00abConstruyan la paz con el perfume de Cristo\u00bb\",\"datePublished\":\"2025-12-01T11:38:43+00:00\",\"dateModified\":\"2025-12-01T16:47:00+00:00\",\"mainEntityOfPage\":{\"@id\":\"https:\\\/\\\/exaudi.org\\\/es\\\/el-papa-leon-xiv-en-libano-construyan-la-paz-con-el-perfume-de-cristo\\\/\"},\"wordCount\":1979,\"image\":{\"@id\":\"https:\\\/\\\/exaudi.org\\\/es\\\/el-papa-leon-xiv-en-libano-construyan-la-paz-con-el-perfume-de-cristo\\\/#primaryimage\"},\"thumbnailUrl\":\"https:\\\/\\\/exaudi.org\\\/wp-content\\\/uploads\\\/2025\\\/12\\\/aiease_1764589027878.jpg\",\"keywords\":[\"acogida migrantes\",\"ancla en el cielo\",\"bienaventurados los pacificadores\",\"c\u00e1rceles L\u00edbano\",\"cristianos y musulmanes L\u00edbano\",\"discurso Harissa\",\"escuela en guerra L\u00edbano\",\"esperanza j\u00f3venes L\u00edbano\",\"Iglesia en L\u00edbano\",\"Le\u00f3n XIV\",\"Nuestra Se\u00f1ora del L\u00edbano\",\"Papa en Beirut\",\"papa le\u00f3n xiv\",\"paz en oriente medio\",\"perfume de Cristo\",\"refugiados sirios\",\"Rosa de Oro Harissa\",\"San Charbel\",\"testimonios caridad L\u00edbano\",\"Trending\",\"Vaticano 2025\",\"viaje apost\u00f3lico L\u00edbano 2025\",\"Viaje Apost\u00f3lico Turqu\u00eda y L\u00edbano\"],\"articleSection\":[\"Le\u00f3n XIV\",\"Viajes\"],\"inLanguage\":\"es\"},{\"@type\":\"WebPage\",\"@id\":\"https:\\\/\\\/exaudi.org\\\/es\\\/el-papa-leon-xiv-en-libano-construyan-la-paz-con-el-perfume-de-cristo\\\/\",\"url\":\"https:\\\/\\\/exaudi.org\\\/es\\\/el-papa-leon-xiv-en-libano-construyan-la-paz-con-el-perfume-de-cristo\\\/\",\"name\":\"El Papa Le\u00f3n XIV en L\u00edbano: \u00abConstruyan la paz con el perfume de Cristo\u00bb &#8211; Exaudi\",\"isPartOf\":{\"@id\":\"https:\\\/\\\/exaudi.org\\\/#website\"},\"primaryImageOfPage\":{\"@id\":\"https:\\\/\\\/exaudi.org\\\/es\\\/el-papa-leon-xiv-en-libano-construyan-la-paz-con-el-perfume-de-cristo\\\/#primaryimage\"},\"image\":{\"@id\":\"https:\\\/\\\/exaudi.org\\\/es\\\/el-papa-leon-xiv-en-libano-construyan-la-paz-con-el-perfume-de-cristo\\\/#primaryimage\"},\"thumbnailUrl\":\"https:\\\/\\\/exaudi.org\\\/wp-content\\\/uploads\\\/2025\\\/12\\\/aiease_1764589027878.jpg\",\"datePublished\":\"2025-12-01T11:38:43+00:00\",\"dateModified\":\"2025-12-01T16:47:00+00:00\",\"author\":{\"@id\":\"https:\\\/\\\/exaudi.org\\\/#\\\/schema\\\/person\\\/f5fc8f063065e38742da7afe15f25df7\"},\"breadcrumb\":{\"@id\":\"https:\\\/\\\/exaudi.org\\\/es\\\/el-papa-leon-xiv-en-libano-construyan-la-paz-con-el-perfume-de-cristo\\\/#breadcrumb\"},\"inLanguage\":\"es\",\"potentialAction\":[{\"@type\":\"ReadAction\",\"target\":[\"https:\\\/\\\/exaudi.org\\\/es\\\/el-papa-leon-xiv-en-libano-construyan-la-paz-con-el-perfume-de-cristo\\\/\"]}]},{\"@type\":\"ImageObject\",\"inLanguage\":\"es\",\"@id\":\"https:\\\/\\\/exaudi.org\\\/es\\\/el-papa-leon-xiv-en-libano-construyan-la-paz-con-el-perfume-de-cristo\\\/#primaryimage\",\"url\":\"https:\\\/\\\/exaudi.org\\\/wp-content\\\/uploads\\\/2025\\\/12\\\/aiease_1764589027878.jpg\",\"contentUrl\":\"https:\\\/\\\/exaudi.org\\\/wp-content\\\/uploads\\\/2025\\\/12\\\/aiease_1764589027878.jpg\",\"width\":800,\"height\":533},{\"@type\":\"BreadcrumbList\",\"@id\":\"https:\\\/\\\/exaudi.org\\\/es\\\/el-papa-leon-xiv-en-libano-construyan-la-paz-con-el-perfume-de-cristo\\\/#breadcrumb\",\"itemListElement\":[{\"@type\":\"ListItem\",\"position\":1,\"name\":\"Portada\",\"item\":\"https:\\\/\\\/exaudi.org\\\/es\\\/\"},{\"@type\":\"ListItem\",\"position\":2,\"name\":\"El Papa Le\u00f3n XIV en L\u00edbano: \u00abConstruyan la paz con el perfume de Cristo\u00bb\"}]},{\"@type\":\"WebSite\",\"@id\":\"https:\\\/\\\/exaudi.org\\\/#website\",\"url\":\"https:\\\/\\\/exaudi.org\\\/\",\"name\":\"Exaudi\",\"description\":\"News\",\"potentialAction\":[{\"@type\":\"SearchAction\",\"target\":{\"@type\":\"EntryPoint\",\"urlTemplate\":\"https:\\\/\\\/exaudi.org\\\/?s={search_term_string}\"},\"query-input\":{\"@type\":\"PropertyValueSpecification\",\"valueRequired\":true,\"valueName\":\"search_term_string\"}}],\"inLanguage\":\"es\"},{\"@type\":\"Person\",\"@id\":\"https:\\\/\\\/exaudi.org\\\/#\\\/schema\\\/person\\\/f5fc8f063065e38742da7afe15f25df7\",\"name\":\"Exaudi Redacci\u00f3n\",\"image\":{\"@type\":\"ImageObject\",\"inLanguage\":\"es\",\"@id\":\"https:\\\/\\\/secure.gravatar.com\\\/avatar\\\/fe0f6a059fb68d9b3e11bc5850dd4899b1c7492091a3cb6dd9b01b56ad828be2?s=96&d=mm&r=g\",\"url\":\"https:\\\/\\\/secure.gravatar.com\\\/avatar\\\/fe0f6a059fb68d9b3e11bc5850dd4899b1c7492091a3cb6dd9b01b56ad828be2?s=96&d=mm&r=g\",\"contentUrl\":\"https:\\\/\\\/secure.gravatar.com\\\/avatar\\\/fe0f6a059fb68d9b3e11bc5850dd4899b1c7492091a3cb6dd9b01b56ad828be2?s=96&d=mm&r=g\",\"caption\":\"Exaudi Redacci\u00f3n\"},\"description\":\"\u00bfQu\u00e9 es Exaudi News? Exaudi News es un medio de comunicaci\u00f3n cat\u00f3lico internacional que informa, forma y transforma, diariamente en espa\u00f1ol, ingl\u00e9s e italiano. A trav\u00e9s de noticias, art\u00edculos de an\u00e1lisis y transmisiones en directo de los eventos del Papa, Exaudi busca fortalecer la unidad de los cristianos y contribuir a la evangelizaci\u00f3n del mundo, siempre guiados por la doctrina social de la Iglesia. Trabajamos para acercar la verdad y los valores cristianos a cada rinc\u00f3n del planeta. \u00a1Ay\u00fadanos a transformar el mundo con Exaudi! En Exaudi creemos que la evangelizaci\u00f3n y la informaci\u00f3n de calidad pueden cambiar vidas. Para continuar con nuestra misi\u00f3n y expandir nuestro alcance, necesitamos tu ayuda. Adem\u00e1s, buscamos personas comprometidas que deseen unirse a nuestro equipo. Con tu apoyo, lograremos llegar a m\u00e1s personas, difundir el mensaje de Cristo y reforzar la unidad de los cristianos. \u00bfTe unes a nuestra misi\u00f3n? Para m\u00e1s informaci\u00f3n sobre c\u00f3mo colaborar, visita Exaudi.org\\\/es o cont\u00e1ctanos directamente: info@exaudi.org Exaudi: Informa, forma y transforma.\",\"sameAs\":[\"https:\\\/\\\/www.facebook.com\\\/ExaudiNoticias\\\/\",\"https:\\\/\\\/www.instagram.com\\\/exaudi_noticias\\\/\",\"https:\\\/\\\/x.com\\\/Exaudi_noticias\",\"https:\\\/\\\/www.youtube.com\\\/@exaudicatholicnews\"],\"url\":\"https:\\\/\\\/exaudi.org\\\/es\\\/author\\\/redaccionexaudi\\\/\"}]}<\/script>\n<!-- \/ Yoast SEO plugin. -->","yoast_head_json":{"title":"El Papa Le\u00f3n XIV en L\u00edbano: \u00abConstruyan la paz con el perfume de Cristo\u00bb &#8211; Exaudi","robots":{"index":"index","follow":"follow","max-snippet":"max-snippet:-1","max-image-preview":"max-image-preview:large","max-video-preview":"max-video-preview:-1"},"canonical":"https:\/\/exaudi.org\/es\/el-papa-leon-xiv-en-libano-construyan-la-paz-con-el-perfume-de-cristo\/","og_locale":"es_ES","og_type":"article","og_title":"El Papa Le\u00f3n XIV en L\u00edbano: \u00abConstruyan la paz con el perfume de Cristo\u00bb &#8211; Exaudi","og_description":"L\u00edbano: Encuentro con los obispos, sacerdotes, consagrados, consagradas y los operadores pastorales","og_url":"https:\/\/exaudi.org\/es\/el-papa-leon-xiv-en-libano-construyan-la-paz-con-el-perfume-de-cristo\/","og_site_name":"Exaudi","article_publisher":"https:\/\/www.facebook.com\/ExaudiNews","article_author":"https:\/\/www.facebook.com\/ExaudiNoticias\/","article_published_time":"2025-12-01T11:38:43+00:00","article_modified_time":"2025-12-01T16:47:00+00:00","og_image":[{"width":800,"height":533,"url":"https:\/\/exaudi.org\/wp-content\/uploads\/2025\/12\/aiease_1764589027878.jpg","type":"image\/jpeg"}],"author":"Exaudi Redacci\u00f3n","twitter_card":"summary_large_image","twitter_creator":"@Exaudi_noticias","twitter_site":"@Exaudi_News","twitter_misc":{"Escrito por":"Exaudi Redacci\u00f3n","Tiempo de lectura":"10 minutos"},"schema":{"@context":"https:\/\/schema.org","@graph":[{"@type":"Article","@id":"https:\/\/exaudi.org\/es\/el-papa-leon-xiv-en-libano-construyan-la-paz-con-el-perfume-de-cristo\/#article","isPartOf":{"@id":"https:\/\/exaudi.org\/es\/el-papa-leon-xiv-en-libano-construyan-la-paz-con-el-perfume-de-cristo\/"},"author":{"name":"Exaudi Redacci\u00f3n","@id":"https:\/\/exaudi.org\/#\/schema\/person\/f5fc8f063065e38742da7afe15f25df7"},"headline":"El Papa Le\u00f3n XIV en L\u00edbano: \u00abConstruyan la paz con el perfume de Cristo\u00bb","datePublished":"2025-12-01T11:38:43+00:00","dateModified":"2025-12-01T16:47:00+00:00","mainEntityOfPage":{"@id":"https:\/\/exaudi.org\/es\/el-papa-leon-xiv-en-libano-construyan-la-paz-con-el-perfume-de-cristo\/"},"wordCount":1979,"image":{"@id":"https:\/\/exaudi.org\/es\/el-papa-leon-xiv-en-libano-construyan-la-paz-con-el-perfume-de-cristo\/#primaryimage"},"thumbnailUrl":"https:\/\/exaudi.org\/wp-content\/uploads\/2025\/12\/aiease_1764589027878.jpg","keywords":["acogida migrantes","ancla en el cielo","bienaventurados los pacificadores","c\u00e1rceles L\u00edbano","cristianos y musulmanes L\u00edbano","discurso Harissa","escuela en guerra L\u00edbano","esperanza j\u00f3venes L\u00edbano","Iglesia en L\u00edbano","Le\u00f3n XIV","Nuestra Se\u00f1ora del L\u00edbano","Papa en Beirut","papa le\u00f3n xiv","paz en oriente medio","perfume de Cristo","refugiados sirios","Rosa de Oro Harissa","San Charbel","testimonios caridad L\u00edbano","Trending","Vaticano 2025","viaje apost\u00f3lico L\u00edbano 2025","Viaje Apost\u00f3lico Turqu\u00eda y L\u00edbano"],"articleSection":["Le\u00f3n XIV","Viajes"],"inLanguage":"es"},{"@type":"WebPage","@id":"https:\/\/exaudi.org\/es\/el-papa-leon-xiv-en-libano-construyan-la-paz-con-el-perfume-de-cristo\/","url":"https:\/\/exaudi.org\/es\/el-papa-leon-xiv-en-libano-construyan-la-paz-con-el-perfume-de-cristo\/","name":"El Papa Le\u00f3n XIV en L\u00edbano: \u00abConstruyan la paz con el perfume de Cristo\u00bb &#8211; Exaudi","isPartOf":{"@id":"https:\/\/exaudi.org\/#website"},"primaryImageOfPage":{"@id":"https:\/\/exaudi.org\/es\/el-papa-leon-xiv-en-libano-construyan-la-paz-con-el-perfume-de-cristo\/#primaryimage"},"image":{"@id":"https:\/\/exaudi.org\/es\/el-papa-leon-xiv-en-libano-construyan-la-paz-con-el-perfume-de-cristo\/#primaryimage"},"thumbnailUrl":"https:\/\/exaudi.org\/wp-content\/uploads\/2025\/12\/aiease_1764589027878.jpg","datePublished":"2025-12-01T11:38:43+00:00","dateModified":"2025-12-01T16:47:00+00:00","author":{"@id":"https:\/\/exaudi.org\/#\/schema\/person\/f5fc8f063065e38742da7afe15f25df7"},"breadcrumb":{"@id":"https:\/\/exaudi.org\/es\/el-papa-leon-xiv-en-libano-construyan-la-paz-con-el-perfume-de-cristo\/#breadcrumb"},"inLanguage":"es","potentialAction":[{"@type":"ReadAction","target":["https:\/\/exaudi.org\/es\/el-papa-leon-xiv-en-libano-construyan-la-paz-con-el-perfume-de-cristo\/"]}]},{"@type":"ImageObject","inLanguage":"es","@id":"https:\/\/exaudi.org\/es\/el-papa-leon-xiv-en-libano-construyan-la-paz-con-el-perfume-de-cristo\/#primaryimage","url":"https:\/\/exaudi.org\/wp-content\/uploads\/2025\/12\/aiease_1764589027878.jpg","contentUrl":"https:\/\/exaudi.org\/wp-content\/uploads\/2025\/12\/aiease_1764589027878.jpg","width":800,"height":533},{"@type":"BreadcrumbList","@id":"https:\/\/exaudi.org\/es\/el-papa-leon-xiv-en-libano-construyan-la-paz-con-el-perfume-de-cristo\/#breadcrumb","itemListElement":[{"@type":"ListItem","position":1,"name":"Portada","item":"https:\/\/exaudi.org\/es\/"},{"@type":"ListItem","position":2,"name":"El Papa Le\u00f3n XIV en L\u00edbano: \u00abConstruyan la paz con el perfume de Cristo\u00bb"}]},{"@type":"WebSite","@id":"https:\/\/exaudi.org\/#website","url":"https:\/\/exaudi.org\/","name":"Exaudi","description":"News","potentialAction":[{"@type":"SearchAction","target":{"@type":"EntryPoint","urlTemplate":"https:\/\/exaudi.org\/?s={search_term_string}"},"query-input":{"@type":"PropertyValueSpecification","valueRequired":true,"valueName":"search_term_string"}}],"inLanguage":"es"},{"@type":"Person","@id":"https:\/\/exaudi.org\/#\/schema\/person\/f5fc8f063065e38742da7afe15f25df7","name":"Exaudi Redacci\u00f3n","image":{"@type":"ImageObject","inLanguage":"es","@id":"https:\/\/secure.gravatar.com\/avatar\/fe0f6a059fb68d9b3e11bc5850dd4899b1c7492091a3cb6dd9b01b56ad828be2?s=96&d=mm&r=g","url":"https:\/\/secure.gravatar.com\/avatar\/fe0f6a059fb68d9b3e11bc5850dd4899b1c7492091a3cb6dd9b01b56ad828be2?s=96&d=mm&r=g","contentUrl":"https:\/\/secure.gravatar.com\/avatar\/fe0f6a059fb68d9b3e11bc5850dd4899b1c7492091a3cb6dd9b01b56ad828be2?s=96&d=mm&r=g","caption":"Exaudi Redacci\u00f3n"},"description":"\u00bfQu\u00e9 es Exaudi News? Exaudi News es un medio de comunicaci\u00f3n cat\u00f3lico internacional que informa, forma y transforma, diariamente en espa\u00f1ol, ingl\u00e9s e italiano. A trav\u00e9s de noticias, art\u00edculos de an\u00e1lisis y transmisiones en directo de los eventos del Papa, Exaudi busca fortalecer la unidad de los cristianos y contribuir a la evangelizaci\u00f3n del mundo, siempre guiados por la doctrina social de la Iglesia. Trabajamos para acercar la verdad y los valores cristianos a cada rinc\u00f3n del planeta. \u00a1Ay\u00fadanos a transformar el mundo con Exaudi! En Exaudi creemos que la evangelizaci\u00f3n y la informaci\u00f3n de calidad pueden cambiar vidas. Para continuar con nuestra misi\u00f3n y expandir nuestro alcance, necesitamos tu ayuda. Adem\u00e1s, buscamos personas comprometidas que deseen unirse a nuestro equipo. Con tu apoyo, lograremos llegar a m\u00e1s personas, difundir el mensaje de Cristo y reforzar la unidad de los cristianos. \u00bfTe unes a nuestra misi\u00f3n? Para m\u00e1s informaci\u00f3n sobre c\u00f3mo colaborar, visita Exaudi.org\/es o cont\u00e1ctanos directamente: info@exaudi.org Exaudi: Informa, forma y transforma.","sameAs":["https:\/\/www.facebook.com\/ExaudiNoticias\/","https:\/\/www.instagram.com\/exaudi_noticias\/","https:\/\/x.com\/Exaudi_noticias","https:\/\/www.youtube.com\/@exaudicatholicnews"],"url":"https:\/\/exaudi.org\/es\/author\/redaccionexaudi\/"}]}},"jetpack_featured_media_url":"https:\/\/exaudi.org\/wp-content\/uploads\/2025\/12\/aiease_1764589027878.jpg","jetpack_shortlink":"https:\/\/wp.me\/pgKjF2-CEv","_links":{"self":[{"href":"https:\/\/exaudi.org\/es\/wp-json\/wp\/v2\/posts\/148583","targetHints":{"allow":["GET"]}}],"collection":[{"href":"https:\/\/exaudi.org\/es\/wp-json\/wp\/v2\/posts"}],"about":[{"href":"https:\/\/exaudi.org\/es\/wp-json\/wp\/v2\/types\/post"}],"author":[{"embeddable":true,"href":"https:\/\/exaudi.org\/es\/wp-json\/wp\/v2\/users\/15"}],"replies":[{"embeddable":true,"href":"https:\/\/exaudi.org\/es\/wp-json\/wp\/v2\/comments?post=148583"}],"version-history":[{"count":4,"href":"https:\/\/exaudi.org\/es\/wp-json\/wp\/v2\/posts\/148583\/revisions"}],"predecessor-version":[{"id":148593,"href":"https:\/\/exaudi.org\/es\/wp-json\/wp\/v2\/posts\/148583\/revisions\/148593"}],"wp:featuredmedia":[{"embeddable":true,"href":"https:\/\/exaudi.org\/es\/wp-json\/wp\/v2\/media\/148584"}],"wp:attachment":[{"href":"https:\/\/exaudi.org\/es\/wp-json\/wp\/v2\/media?parent=148583"}],"wp:term":[{"taxonomy":"category","embeddable":true,"href":"https:\/\/exaudi.org\/es\/wp-json\/wp\/v2\/categories?post=148583"},{"taxonomy":"post_tag","embeddable":true,"href":"https:\/\/exaudi.org\/es\/wp-json\/wp\/v2\/tags?post=148583"}],"curies":[{"name":"wp","href":"https:\/\/api.w.org\/{rel}","templated":true}]}}