{"id":148412,"date":"2025-11-30T18:15:32","date_gmt":"2025-11-30T17:15:32","guid":{"rendered":"https:\/\/exaudi.org\/?p=148412"},"modified":"2025-11-30T18:16:50","modified_gmt":"2025-11-30T17:16:50","slug":"el-papa-a-los-periodistas-subraya-papel-de-turquia-para-la-paz-en-oriente-medio-y-ucrania","status":"publish","type":"post","link":"https:\/\/exaudi.org\/es\/el-papa-a-los-periodistas-subraya-papel-de-turquia-para-la-paz-en-oriente-medio-y-ucrania\/","title":{"rendered":"El Papa a los periodistas subraya papel de Turqu\u00eda para la paz en Oriente Medio y Ucrania"},"content":{"rendered":"<p>Agradece a Turqu\u00eda la acogida recibida, en particular al Gobierno por haber hecho que la visita tuviera un buen resultado. A continuaci\u00f3n, responde a las preguntas de dos periodistas turcos sobre el di\u00e1logo con Erdogan y las guerras en Gaza y Ucrania, y confirma la idea de un viaje de las comunidades cristianas a Jerusal\u00e9n con motivo de los dos mil a\u00f1os de la Redenci\u00f3n en 2033.<\/p>\n<p>\u201cGood afternoon! \u00a1Buenas tardes a todos!\u201d. En el vuelo de Estambul a Beirut, segunda etapa de su primer viaje apost\u00f3lico internacional, el Papa Le\u00f3n XIV saluda por sorpresa a los 81 periodistas presentes en el vuelo papal: \u201cEstoy feliz de saludarles, espero que hayan tenido unos d\u00edas tan hermosos en Turqu\u00eda como yo. Pienso que ha sido una experiencia maravillosa\u201d. Luego agradece al pa\u00eds que lo acogi\u00f3 y a todos aquellos que hicieron posibles los tres d\u00edas de la visita, y responde a las preguntas de dos periodistas turcos. Una, en particular, sobre las perspectivas de paz en Gaza, para la cual reitera la soluci\u00f3n de los dos Estados. Mientras que para Ucrania, invoca el di\u00e1logo y el cese al fuego y subraya el posible papel de mediaci\u00f3n de Turqu\u00eda.<\/p>\n<p>Matteo Bruni:<\/p>\n<p>\u00a1Buenas tardes a todos! Me alegra veros. Hemos completado esta primera parte del viaje y agradecemos al Santo Padre su presencia entre nosotros y por esta primera parte del viaje que nos ha dado la oportunidad de seguir con \u00e9l.<\/p>\n<p>No s\u00e9 si quiere decir unas palabras&#8230; Luego hay algunos periodistas que quiz\u00e1s han preparado&#8230;<\/p>\n<p><b>Papa Le\u00f3n XIV:<\/b><\/p>\n<p>Buenas tardes, \u00a1buenas tardes a todos! Hablar\u00e9 en ingl\u00e9s para empezar, creo que la mayor\u00eda de ustedes entiende, estoy feliz de saludarlos. Espero que todos lo hayan pasado tan bien en Turqu\u00eda como yo, creo que fue una experiencia maravillosa. Como saben, la raz\u00f3n principal para venir a Turqu\u00eda fue el 1700 aniversario del Concilio de Nicea. Tuvimos esa magn\u00edfica celebraci\u00f3n, muy simple y, sin embargo, muy profunda, en el sitio de una de las antiguas bas\u00edlicas de Nicea para conmemorar el gran evento del acuerdo de toda la comunidad cristiana y la profesi\u00f3n de fe, el Credo Niceno-Constantinopolitano.<\/p>\n<p>Adem\u00e1s de eso, por supuesto, hubo muchos otros eventos que celebramos. Personalmente, quiero expresarles a todos ustedes mi gratitud por todo el trabajo que se realiz\u00f3 en la planificaci\u00f3n de la visita, comenzando por el nuncio, el personal, todo el equipo de Roma, por supuesto, que se encarg\u00f3 de toda la organizaci\u00f3n, pero de una manera muy especial al gobierno de Turqu\u00eda, al presidente Erdogan y a tantas personas que puso a nuestra disposici\u00f3n para asegurar que el viaje fuera un \u00e9xito total, su helic\u00f3ptero personal, muchos medios de transporte, organizaci\u00f3n, etc., la presencia de los ministros en varios momentos a lo largo de la visita, as\u00ed que creo que fue un buen resultado.<\/p>\n<p>Estuve muy feliz de tener los diferentes momentos que tuvimos con las distintas Iglesias, con las distintas comunidades cristianas, con las Iglesias Ortodoxas, que culminaron esta ma\u00f1ana con la Divina Liturgia con el patriarca Bartolom\u00e9, as\u00ed que fue una celebraci\u00f3n maravillosa y espero que todos ustedes hayan compartido esa misma experiencia, as\u00ed que gracias. No s\u00e9 si hay alguna pregunta o comentario, solo un par porque me est\u00e1n esperando para m\u00e1s fotos.<\/p>\n<p><img loading=\"lazy\" decoding=\"async\" class=\"size-full wp-image-148421 alignnone\" src=\"https:\/\/exaudi.org\/wp-content\/uploads\/2025\/11\/cq5dam.thumbnail.cropped.750.422-1-9.jpeg\" alt=\"\" width=\"750\" height=\"422\" srcset=\"https:\/\/exaudi.org\/wp-content\/uploads\/2025\/11\/cq5dam.thumbnail.cropped.750.422-1-9.jpeg 750w, https:\/\/exaudi.org\/wp-content\/uploads\/2025\/11\/cq5dam.thumbnail.cropped.750.422-1-9-300x169.jpeg 300w, https:\/\/exaudi.org\/wp-content\/uploads\/2025\/11\/cq5dam.thumbnail.cropped.750.422-1-9-500x281.jpeg 500w\" sizes=\"auto, (max-width: 750px) 100vw, 750px\" \/><\/p>\n<p>Matteo Bruni:<\/p>\n<p>Tenemos una primera pregunta de Baris Se\u00e7kin, un periodista turco de la agencia de noticias Anadolu Ajansi:<\/p>\n<p>Baris Se\u00e7kin (Anadolu Ajansi):<\/p>\n<p>Muchas gracias. Al comienzo de su viaje papal, hizo referencia a la paz mundial y regional. A este respecto, \u00bfcu\u00e1l es su comentario sobre el papel de Turqu\u00eda para lograr y mantener la paz mundial y regional y cu\u00e1les fueron sus conversaciones con el presidente Erdogan sobre este tema? Gracias.<\/p>\n<p><b>Papa Le\u00f3n XIV:<\/b><\/p>\n<p>Al haber venido a Turqu\u00eda, y por supuesto ahora al L\u00edbano, en este viaje hab\u00eda, por supuesto, un tema especial de, si se quiere, ser un mensajero de paz, de querer promover la paz en toda la regi\u00f3n. Turqu\u00eda tiene una serie de, si se quiere, cualidades: es un pa\u00eds donde la gran mayor\u00eda es musulmana y, sin embargo, existe la presencia de numerosas comunidades cristianas, aunque son una minor\u00eda muy peque\u00f1a, y aun as\u00ed personas de diferentes religiones son capaces de vivir en paz. Y ese es un ejemplo, dir\u00eda yo, de lo que todos buscar\u00edamos en todo el mundo. Es decir, que a pesar de las diferencias religiosas, a pesar de las diferencias \u00e9tnicas, a pesar de muchas otras diferencias, la gente puede vivir en paz. Turqu\u00eda misma ha tenido, por supuesto, en su historia varios momentos en los que no siempre fue as\u00ed y, sin embargo, haber experimentado eso y haber podido hablar tambi\u00e9n con el presidente Erdogan sobre la paz, creo que fue un elemento importante, un elemento valioso de mi visita.<\/p>\n<p>Matteo Bruni:<\/p>\n<p>Gracias Baris, gracias Santidad. La otra pregunta viene de Seyda Canepa, de la televisi\u00f3n turca:<\/p>\n<p>Seyda Canepa:<\/p>\n<p>Santidad, con el presidente Erdogan, m\u00e1s all\u00e1 de las declaraciones oficiales, \u00bfhablaron de la situaci\u00f3n en Gaza dado que el Vaticano y Turqu\u00eda tienen la misma visi\u00f3n sobre la soluci\u00f3n de los dos pueblos, dos Estados? Y luego sobre Ucrania, el Vaticano ha subrayado m\u00e1s de una vez el papel de Turqu\u00eda, empezando por la apertura del corredor del grano al comienzo del conflicto. Entonces, \u00bfve esperanzas de una tregua en Ucrania y de un proceso de paz m\u00e1s r\u00e1pido en Gaza en este momento? Muchas gracias.<\/p>\n<p><b>Papa Le\u00f3n XIV:<\/b><\/p>\n<p>\u00a1Gracias! Ciertamente hablamos de ambas situaciones. La Santa Sede ya desde hace varios a\u00f1os apoya p\u00fablicamente la propuesta de una soluci\u00f3n de los dos Estados. Todos sabemos que en este momento Israel todav\u00eda no acepta esta soluci\u00f3n, pero la vemos como la \u00fanica soluci\u00f3n que podr\u00eda ofrecer \u2013digamos\u2013 una soluci\u00f3n al conflicto que viven continuamente. Tambi\u00e9n somos amigos de Israel y buscamos ser con ambas partes una voz mediadora que pueda ayudar a acercarnos a una soluci\u00f3n con justicia para todos. Hablamos de esto con el presidente Erdogan, \u00e9l ciertamente est\u00e1 de acuerdo con esta propuesta. Turqu\u00eda tiene un papel importante que podr\u00eda desempe\u00f1ar en esto.<\/p>\n<p>Lo mismo con Ucrania. Ya hace algunos meses, con la posibilidad de di\u00e1logo entre las partes Ucrania y Rusia, el presidente ayud\u00f3 mucho a convocar a ambas partes. Todav\u00eda no hemos visto una soluci\u00f3n, lamentablemente, pero hoy nuevamente hay propuestas concretas para la paz. Y esperamos que el presidente Erdogan, con su relaci\u00f3n con el presidente de Ucrania, de Rusia y de los Estados Unidos, pueda ayudar en este sentido a promover el di\u00e1logo, el cese al fuego y ver c\u00f3mo resolver este conflicto, esta guerra en Ucrania. Gracias.<\/p>\n<p>Saludos a todos. Buen viaje\u2026 [Matteo Bruni] me sugiere que diga una palabra despu\u00e9s de la importante reuni\u00f3n ecum\u00e9nica en Nicea y luego, ayer por la ma\u00f1ana, hablamos de futuros encuentros posibles. Uno ser\u00eda en el a\u00f1o 2033, dos mil a\u00f1os de la Redenci\u00f3n, de la Resurrecci\u00f3n de Jesucristo, que evidentemente es un evento que todos los cristianos queremos celebrar. La idea fue bien recibida, la invitaci\u00f3n a\u00fan no la hemos hecho, pero la posibilidad es celebrar por ejemplo en Jerusal\u00e9n en 2033 este gran evento de la Resurrecci\u00f3n. Todav\u00eda hay a\u00f1os para prepararlo. Pero fue un encuentro muy hermoso, porque cristianos de diferentes tradiciones estuvieron presentes y tambi\u00e9n pudieron participar en este tiempo.<\/p>\n<p>Gracias. Gracias a todos.<\/p>\n","protected":false},"excerpt":{"rendered":"<p>En el vuelo que lo lleva de Estambul a Beirut, Le\u00f3n XIV habla con los periodistas presentes en el avi\u00f3n<\/p>\n","protected":false},"author":15,"featured_media":148418,"comment_status":"closed","ping_status":"closed","sticky":false,"template":"","format":"standard","meta":{"_acf_changed":false,"_crdt_document":"","inline_featured_image":false,"footnotes":""},"categories":[68,120],"tags":[58067,58111,657,58880,83147,6620],"class_list":["post-148412","post","type-post","status-publish","format-standard","has-post-thumbnail","hentry","category-leon-xiv","category-viajes","tag-leon-xiv","tag-papa-leon-xiv","tag-periodistas","tag-trending-es-151","tag-viaje-apostolico-turquia-y-libano","tag-vuelo"],"acf":[],"yoast_head":"<!-- This site is optimized with the Yoast SEO plugin v27.5 - https:\/\/yoast.com\/product\/yoast-seo-wordpress\/ -->\n<title>El Papa a los periodistas subraya papel de Turqu\u00eda para la paz en Oriente Medio y Ucrania &#8211; Exaudi<\/title>\n<meta name=\"robots\" content=\"index, follow, max-snippet:-1, max-image-preview:large, max-video-preview:-1\" \/>\n<link rel=\"canonical\" href=\"https:\/\/exaudi.org\/es\/el-papa-a-los-periodistas-subraya-papel-de-turquia-para-la-paz-en-oriente-medio-y-ucrania\/\" \/>\n<meta property=\"og:locale\" content=\"es_ES\" \/>\n<meta property=\"og:type\" content=\"article\" \/>\n<meta property=\"og:title\" content=\"El Papa a los periodistas subraya papel de Turqu\u00eda para la paz en Oriente Medio y Ucrania &#8211; Exaudi\" \/>\n<meta property=\"og:description\" content=\"En el vuelo que lo lleva de Estambul a Beirut, Le\u00f3n XIV habla con los periodistas presentes en el avi\u00f3n\" \/>\n<meta property=\"og:url\" content=\"https:\/\/exaudi.org\/es\/el-papa-a-los-periodistas-subraya-papel-de-turquia-para-la-paz-en-oriente-medio-y-ucrania\/\" \/>\n<meta property=\"og:site_name\" content=\"Exaudi\" \/>\n<meta property=\"article:publisher\" content=\"https:\/\/www.facebook.com\/ExaudiNews\" \/>\n<meta property=\"article:author\" content=\"https:\/\/www.facebook.com\/ExaudiNoticias\/\" \/>\n<meta property=\"article:published_time\" content=\"2025-11-30T17:15:32+00:00\" \/>\n<meta property=\"article:modified_time\" content=\"2025-11-30T17:16:50+00:00\" \/>\n<meta property=\"og:image\" content=\"https:\/\/exaudi.org\/wp-content\/uploads\/2025\/11\/cq5dam.thumbnail.cropped.750.422-3-5.jpeg\" \/>\n\t<meta property=\"og:image:width\" content=\"750\" \/>\n\t<meta property=\"og:image:height\" content=\"422\" \/>\n\t<meta property=\"og:image:type\" content=\"image\/jpeg\" \/>\n<meta name=\"author\" content=\"Exaudi Redacci\u00f3n\" \/>\n<meta name=\"twitter:card\" content=\"summary_large_image\" \/>\n<meta name=\"twitter:creator\" content=\"@Exaudi_noticias\" \/>\n<meta name=\"twitter:site\" content=\"@Exaudi_News\" \/>\n<meta name=\"twitter:label1\" content=\"Escrito por\" \/>\n\t<meta name=\"twitter:data1\" content=\"Exaudi Redacci\u00f3n\" \/>\n\t<meta name=\"twitter:label2\" content=\"Tiempo de lectura\" \/>\n\t<meta name=\"twitter:data2\" content=\"7 minutos\" \/>\n<script type=\"application\/ld+json\" class=\"yoast-schema-graph\">{\"@context\":\"https:\\\/\\\/schema.org\",\"@graph\":[{\"@type\":\"Article\",\"@id\":\"https:\\\/\\\/exaudi.org\\\/es\\\/el-papa-a-los-periodistas-subraya-papel-de-turquia-para-la-paz-en-oriente-medio-y-ucrania\\\/#article\",\"isPartOf\":{\"@id\":\"https:\\\/\\\/exaudi.org\\\/es\\\/el-papa-a-los-periodistas-subraya-papel-de-turquia-para-la-paz-en-oriente-medio-y-ucrania\\\/\"},\"author\":{\"name\":\"Exaudi Redacci\u00f3n\",\"@id\":\"https:\\\/\\\/exaudi.org\\\/#\\\/schema\\\/person\\\/f5fc8f063065e38742da7afe15f25df7\"},\"headline\":\"El Papa a los periodistas subraya papel de Turqu\u00eda para la paz en Oriente Medio y Ucrania\",\"datePublished\":\"2025-11-30T17:15:32+00:00\",\"dateModified\":\"2025-11-30T17:16:50+00:00\",\"mainEntityOfPage\":{\"@id\":\"https:\\\/\\\/exaudi.org\\\/es\\\/el-papa-a-los-periodistas-subraya-papel-de-turquia-para-la-paz-en-oriente-medio-y-ucrania\\\/\"},\"wordCount\":1332,\"image\":{\"@id\":\"https:\\\/\\\/exaudi.org\\\/es\\\/el-papa-a-los-periodistas-subraya-papel-de-turquia-para-la-paz-en-oriente-medio-y-ucrania\\\/#primaryimage\"},\"thumbnailUrl\":\"https:\\\/\\\/exaudi.org\\\/wp-content\\\/uploads\\\/2025\\\/11\\\/cq5dam.thumbnail.cropped.750.422-3-5.jpeg\",\"keywords\":[\"Le\u00f3n XIV\",\"papa le\u00f3n xiv\",\"Periodistas\",\"Trending\",\"Viaje Apost\u00f3lico Turqu\u00eda y L\u00edbano\",\"vuelo\"],\"articleSection\":[\"Le\u00f3n XIV\",\"Viajes\"],\"inLanguage\":\"es\"},{\"@type\":\"WebPage\",\"@id\":\"https:\\\/\\\/exaudi.org\\\/es\\\/el-papa-a-los-periodistas-subraya-papel-de-turquia-para-la-paz-en-oriente-medio-y-ucrania\\\/\",\"url\":\"https:\\\/\\\/exaudi.org\\\/es\\\/el-papa-a-los-periodistas-subraya-papel-de-turquia-para-la-paz-en-oriente-medio-y-ucrania\\\/\",\"name\":\"El Papa a los periodistas subraya papel de Turqu\u00eda para la paz en Oriente Medio y Ucrania &#8211; Exaudi\",\"isPartOf\":{\"@id\":\"https:\\\/\\\/exaudi.org\\\/#website\"},\"primaryImageOfPage\":{\"@id\":\"https:\\\/\\\/exaudi.org\\\/es\\\/el-papa-a-los-periodistas-subraya-papel-de-turquia-para-la-paz-en-oriente-medio-y-ucrania\\\/#primaryimage\"},\"image\":{\"@id\":\"https:\\\/\\\/exaudi.org\\\/es\\\/el-papa-a-los-periodistas-subraya-papel-de-turquia-para-la-paz-en-oriente-medio-y-ucrania\\\/#primaryimage\"},\"thumbnailUrl\":\"https:\\\/\\\/exaudi.org\\\/wp-content\\\/uploads\\\/2025\\\/11\\\/cq5dam.thumbnail.cropped.750.422-3-5.jpeg\",\"datePublished\":\"2025-11-30T17:15:32+00:00\",\"dateModified\":\"2025-11-30T17:16:50+00:00\",\"author\":{\"@id\":\"https:\\\/\\\/exaudi.org\\\/#\\\/schema\\\/person\\\/f5fc8f063065e38742da7afe15f25df7\"},\"breadcrumb\":{\"@id\":\"https:\\\/\\\/exaudi.org\\\/es\\\/el-papa-a-los-periodistas-subraya-papel-de-turquia-para-la-paz-en-oriente-medio-y-ucrania\\\/#breadcrumb\"},\"inLanguage\":\"es\",\"potentialAction\":[{\"@type\":\"ReadAction\",\"target\":[\"https:\\\/\\\/exaudi.org\\\/es\\\/el-papa-a-los-periodistas-subraya-papel-de-turquia-para-la-paz-en-oriente-medio-y-ucrania\\\/\"]}]},{\"@type\":\"ImageObject\",\"inLanguage\":\"es\",\"@id\":\"https:\\\/\\\/exaudi.org\\\/es\\\/el-papa-a-los-periodistas-subraya-papel-de-turquia-para-la-paz-en-oriente-medio-y-ucrania\\\/#primaryimage\",\"url\":\"https:\\\/\\\/exaudi.org\\\/wp-content\\\/uploads\\\/2025\\\/11\\\/cq5dam.thumbnail.cropped.750.422-3-5.jpeg\",\"contentUrl\":\"https:\\\/\\\/exaudi.org\\\/wp-content\\\/uploads\\\/2025\\\/11\\\/cq5dam.thumbnail.cropped.750.422-3-5.jpeg\",\"width\":750,\"height\":422},{\"@type\":\"BreadcrumbList\",\"@id\":\"https:\\\/\\\/exaudi.org\\\/es\\\/el-papa-a-los-periodistas-subraya-papel-de-turquia-para-la-paz-en-oriente-medio-y-ucrania\\\/#breadcrumb\",\"itemListElement\":[{\"@type\":\"ListItem\",\"position\":1,\"name\":\"Portada\",\"item\":\"https:\\\/\\\/exaudi.org\\\/es\\\/\"},{\"@type\":\"ListItem\",\"position\":2,\"name\":\"El Papa a los periodistas subraya papel de Turqu\u00eda para la paz en Oriente Medio y Ucrania\"}]},{\"@type\":\"WebSite\",\"@id\":\"https:\\\/\\\/exaudi.org\\\/#website\",\"url\":\"https:\\\/\\\/exaudi.org\\\/\",\"name\":\"Exaudi\",\"description\":\"News\",\"potentialAction\":[{\"@type\":\"SearchAction\",\"target\":{\"@type\":\"EntryPoint\",\"urlTemplate\":\"https:\\\/\\\/exaudi.org\\\/?s={search_term_string}\"},\"query-input\":{\"@type\":\"PropertyValueSpecification\",\"valueRequired\":true,\"valueName\":\"search_term_string\"}}],\"inLanguage\":\"es\"},{\"@type\":\"Person\",\"@id\":\"https:\\\/\\\/exaudi.org\\\/#\\\/schema\\\/person\\\/f5fc8f063065e38742da7afe15f25df7\",\"name\":\"Exaudi Redacci\u00f3n\",\"image\":{\"@type\":\"ImageObject\",\"inLanguage\":\"es\",\"@id\":\"https:\\\/\\\/secure.gravatar.com\\\/avatar\\\/fe0f6a059fb68d9b3e11bc5850dd4899b1c7492091a3cb6dd9b01b56ad828be2?s=96&d=mm&r=g\",\"url\":\"https:\\\/\\\/secure.gravatar.com\\\/avatar\\\/fe0f6a059fb68d9b3e11bc5850dd4899b1c7492091a3cb6dd9b01b56ad828be2?s=96&d=mm&r=g\",\"contentUrl\":\"https:\\\/\\\/secure.gravatar.com\\\/avatar\\\/fe0f6a059fb68d9b3e11bc5850dd4899b1c7492091a3cb6dd9b01b56ad828be2?s=96&d=mm&r=g\",\"caption\":\"Exaudi Redacci\u00f3n\"},\"description\":\"\u00bfQu\u00e9 es Exaudi News? Exaudi News es un medio de comunicaci\u00f3n cat\u00f3lico internacional que informa, forma y transforma, diariamente en espa\u00f1ol, ingl\u00e9s e italiano. A trav\u00e9s de noticias, art\u00edculos de an\u00e1lisis y transmisiones en directo de los eventos del Papa, Exaudi busca fortalecer la unidad de los cristianos y contribuir a la evangelizaci\u00f3n del mundo, siempre guiados por la doctrina social de la Iglesia. Trabajamos para acercar la verdad y los valores cristianos a cada rinc\u00f3n del planeta. \u00a1Ay\u00fadanos a transformar el mundo con Exaudi! En Exaudi creemos que la evangelizaci\u00f3n y la informaci\u00f3n de calidad pueden cambiar vidas. Para continuar con nuestra misi\u00f3n y expandir nuestro alcance, necesitamos tu ayuda. Adem\u00e1s, buscamos personas comprometidas que deseen unirse a nuestro equipo. Con tu apoyo, lograremos llegar a m\u00e1s personas, difundir el mensaje de Cristo y reforzar la unidad de los cristianos. \u00bfTe unes a nuestra misi\u00f3n? Para m\u00e1s informaci\u00f3n sobre c\u00f3mo colaborar, visita Exaudi.org\\\/es o cont\u00e1ctanos directamente: info@exaudi.org Exaudi: Informa, forma y transforma.\",\"sameAs\":[\"https:\\\/\\\/www.facebook.com\\\/ExaudiNoticias\\\/\",\"https:\\\/\\\/www.instagram.com\\\/exaudi_noticias\\\/\",\"https:\\\/\\\/x.com\\\/Exaudi_noticias\",\"https:\\\/\\\/www.youtube.com\\\/@exaudicatholicnews\"],\"url\":\"https:\\\/\\\/exaudi.org\\\/es\\\/author\\\/redaccionexaudi\\\/\"}]}<\/script>\n<!-- \/ Yoast SEO plugin. -->","yoast_head_json":{"title":"El Papa a los periodistas subraya papel de Turqu\u00eda para la paz en Oriente Medio y Ucrania &#8211; Exaudi","robots":{"index":"index","follow":"follow","max-snippet":"max-snippet:-1","max-image-preview":"max-image-preview:large","max-video-preview":"max-video-preview:-1"},"canonical":"https:\/\/exaudi.org\/es\/el-papa-a-los-periodistas-subraya-papel-de-turquia-para-la-paz-en-oriente-medio-y-ucrania\/","og_locale":"es_ES","og_type":"article","og_title":"El Papa a los periodistas subraya papel de Turqu\u00eda para la paz en Oriente Medio y Ucrania &#8211; Exaudi","og_description":"En el vuelo que lo lleva de Estambul a Beirut, Le\u00f3n XIV habla con los periodistas presentes en el avi\u00f3n","og_url":"https:\/\/exaudi.org\/es\/el-papa-a-los-periodistas-subraya-papel-de-turquia-para-la-paz-en-oriente-medio-y-ucrania\/","og_site_name":"Exaudi","article_publisher":"https:\/\/www.facebook.com\/ExaudiNews","article_author":"https:\/\/www.facebook.com\/ExaudiNoticias\/","article_published_time":"2025-11-30T17:15:32+00:00","article_modified_time":"2025-11-30T17:16:50+00:00","og_image":[{"width":750,"height":422,"url":"https:\/\/exaudi.org\/wp-content\/uploads\/2025\/11\/cq5dam.thumbnail.cropped.750.422-3-5.jpeg","type":"image\/jpeg"}],"author":"Exaudi Redacci\u00f3n","twitter_card":"summary_large_image","twitter_creator":"@Exaudi_noticias","twitter_site":"@Exaudi_News","twitter_misc":{"Escrito por":"Exaudi Redacci\u00f3n","Tiempo de lectura":"7 minutos"},"schema":{"@context":"https:\/\/schema.org","@graph":[{"@type":"Article","@id":"https:\/\/exaudi.org\/es\/el-papa-a-los-periodistas-subraya-papel-de-turquia-para-la-paz-en-oriente-medio-y-ucrania\/#article","isPartOf":{"@id":"https:\/\/exaudi.org\/es\/el-papa-a-los-periodistas-subraya-papel-de-turquia-para-la-paz-en-oriente-medio-y-ucrania\/"},"author":{"name":"Exaudi Redacci\u00f3n","@id":"https:\/\/exaudi.org\/#\/schema\/person\/f5fc8f063065e38742da7afe15f25df7"},"headline":"El Papa a los periodistas subraya papel de Turqu\u00eda para la paz en Oriente Medio y Ucrania","datePublished":"2025-11-30T17:15:32+00:00","dateModified":"2025-11-30T17:16:50+00:00","mainEntityOfPage":{"@id":"https:\/\/exaudi.org\/es\/el-papa-a-los-periodistas-subraya-papel-de-turquia-para-la-paz-en-oriente-medio-y-ucrania\/"},"wordCount":1332,"image":{"@id":"https:\/\/exaudi.org\/es\/el-papa-a-los-periodistas-subraya-papel-de-turquia-para-la-paz-en-oriente-medio-y-ucrania\/#primaryimage"},"thumbnailUrl":"https:\/\/exaudi.org\/wp-content\/uploads\/2025\/11\/cq5dam.thumbnail.cropped.750.422-3-5.jpeg","keywords":["Le\u00f3n XIV","papa le\u00f3n xiv","Periodistas","Trending","Viaje Apost\u00f3lico Turqu\u00eda y L\u00edbano","vuelo"],"articleSection":["Le\u00f3n XIV","Viajes"],"inLanguage":"es"},{"@type":"WebPage","@id":"https:\/\/exaudi.org\/es\/el-papa-a-los-periodistas-subraya-papel-de-turquia-para-la-paz-en-oriente-medio-y-ucrania\/","url":"https:\/\/exaudi.org\/es\/el-papa-a-los-periodistas-subraya-papel-de-turquia-para-la-paz-en-oriente-medio-y-ucrania\/","name":"El Papa a los periodistas subraya papel de Turqu\u00eda para la paz en Oriente Medio y Ucrania &#8211; Exaudi","isPartOf":{"@id":"https:\/\/exaudi.org\/#website"},"primaryImageOfPage":{"@id":"https:\/\/exaudi.org\/es\/el-papa-a-los-periodistas-subraya-papel-de-turquia-para-la-paz-en-oriente-medio-y-ucrania\/#primaryimage"},"image":{"@id":"https:\/\/exaudi.org\/es\/el-papa-a-los-periodistas-subraya-papel-de-turquia-para-la-paz-en-oriente-medio-y-ucrania\/#primaryimage"},"thumbnailUrl":"https:\/\/exaudi.org\/wp-content\/uploads\/2025\/11\/cq5dam.thumbnail.cropped.750.422-3-5.jpeg","datePublished":"2025-11-30T17:15:32+00:00","dateModified":"2025-11-30T17:16:50+00:00","author":{"@id":"https:\/\/exaudi.org\/#\/schema\/person\/f5fc8f063065e38742da7afe15f25df7"},"breadcrumb":{"@id":"https:\/\/exaudi.org\/es\/el-papa-a-los-periodistas-subraya-papel-de-turquia-para-la-paz-en-oriente-medio-y-ucrania\/#breadcrumb"},"inLanguage":"es","potentialAction":[{"@type":"ReadAction","target":["https:\/\/exaudi.org\/es\/el-papa-a-los-periodistas-subraya-papel-de-turquia-para-la-paz-en-oriente-medio-y-ucrania\/"]}]},{"@type":"ImageObject","inLanguage":"es","@id":"https:\/\/exaudi.org\/es\/el-papa-a-los-periodistas-subraya-papel-de-turquia-para-la-paz-en-oriente-medio-y-ucrania\/#primaryimage","url":"https:\/\/exaudi.org\/wp-content\/uploads\/2025\/11\/cq5dam.thumbnail.cropped.750.422-3-5.jpeg","contentUrl":"https:\/\/exaudi.org\/wp-content\/uploads\/2025\/11\/cq5dam.thumbnail.cropped.750.422-3-5.jpeg","width":750,"height":422},{"@type":"BreadcrumbList","@id":"https:\/\/exaudi.org\/es\/el-papa-a-los-periodistas-subraya-papel-de-turquia-para-la-paz-en-oriente-medio-y-ucrania\/#breadcrumb","itemListElement":[{"@type":"ListItem","position":1,"name":"Portada","item":"https:\/\/exaudi.org\/es\/"},{"@type":"ListItem","position":2,"name":"El Papa a los periodistas subraya papel de Turqu\u00eda para la paz en Oriente Medio y Ucrania"}]},{"@type":"WebSite","@id":"https:\/\/exaudi.org\/#website","url":"https:\/\/exaudi.org\/","name":"Exaudi","description":"News","potentialAction":[{"@type":"SearchAction","target":{"@type":"EntryPoint","urlTemplate":"https:\/\/exaudi.org\/?s={search_term_string}"},"query-input":{"@type":"PropertyValueSpecification","valueRequired":true,"valueName":"search_term_string"}}],"inLanguage":"es"},{"@type":"Person","@id":"https:\/\/exaudi.org\/#\/schema\/person\/f5fc8f063065e38742da7afe15f25df7","name":"Exaudi Redacci\u00f3n","image":{"@type":"ImageObject","inLanguage":"es","@id":"https:\/\/secure.gravatar.com\/avatar\/fe0f6a059fb68d9b3e11bc5850dd4899b1c7492091a3cb6dd9b01b56ad828be2?s=96&d=mm&r=g","url":"https:\/\/secure.gravatar.com\/avatar\/fe0f6a059fb68d9b3e11bc5850dd4899b1c7492091a3cb6dd9b01b56ad828be2?s=96&d=mm&r=g","contentUrl":"https:\/\/secure.gravatar.com\/avatar\/fe0f6a059fb68d9b3e11bc5850dd4899b1c7492091a3cb6dd9b01b56ad828be2?s=96&d=mm&r=g","caption":"Exaudi Redacci\u00f3n"},"description":"\u00bfQu\u00e9 es Exaudi News? Exaudi News es un medio de comunicaci\u00f3n cat\u00f3lico internacional que informa, forma y transforma, diariamente en espa\u00f1ol, ingl\u00e9s e italiano. A trav\u00e9s de noticias, art\u00edculos de an\u00e1lisis y transmisiones en directo de los eventos del Papa, Exaudi busca fortalecer la unidad de los cristianos y contribuir a la evangelizaci\u00f3n del mundo, siempre guiados por la doctrina social de la Iglesia. Trabajamos para acercar la verdad y los valores cristianos a cada rinc\u00f3n del planeta. \u00a1Ay\u00fadanos a transformar el mundo con Exaudi! En Exaudi creemos que la evangelizaci\u00f3n y la informaci\u00f3n de calidad pueden cambiar vidas. Para continuar con nuestra misi\u00f3n y expandir nuestro alcance, necesitamos tu ayuda. Adem\u00e1s, buscamos personas comprometidas que deseen unirse a nuestro equipo. Con tu apoyo, lograremos llegar a m\u00e1s personas, difundir el mensaje de Cristo y reforzar la unidad de los cristianos. \u00bfTe unes a nuestra misi\u00f3n? Para m\u00e1s informaci\u00f3n sobre c\u00f3mo colaborar, visita Exaudi.org\/es o cont\u00e1ctanos directamente: info@exaudi.org Exaudi: Informa, forma y transforma.","sameAs":["https:\/\/www.facebook.com\/ExaudiNoticias\/","https:\/\/www.instagram.com\/exaudi_noticias\/","https:\/\/x.com\/Exaudi_noticias","https:\/\/www.youtube.com\/@exaudicatholicnews"],"url":"https:\/\/exaudi.org\/es\/author\/redaccionexaudi\/"}]}},"jetpack_featured_media_url":"https:\/\/exaudi.org\/wp-content\/uploads\/2025\/11\/cq5dam.thumbnail.cropped.750.422-3-5.jpeg","jetpack_shortlink":"https:\/\/wp.me\/pgKjF2-CBK","_links":{"self":[{"href":"https:\/\/exaudi.org\/es\/wp-json\/wp\/v2\/posts\/148412","targetHints":{"allow":["GET"]}}],"collection":[{"href":"https:\/\/exaudi.org\/es\/wp-json\/wp\/v2\/posts"}],"about":[{"href":"https:\/\/exaudi.org\/es\/wp-json\/wp\/v2\/types\/post"}],"author":[{"embeddable":true,"href":"https:\/\/exaudi.org\/es\/wp-json\/wp\/v2\/users\/15"}],"replies":[{"embeddable":true,"href":"https:\/\/exaudi.org\/es\/wp-json\/wp\/v2\/comments?post=148412"}],"version-history":[{"count":3,"href":"https:\/\/exaudi.org\/es\/wp-json\/wp\/v2\/posts\/148412\/revisions"}],"predecessor-version":[{"id":148424,"href":"https:\/\/exaudi.org\/es\/wp-json\/wp\/v2\/posts\/148412\/revisions\/148424"}],"wp:featuredmedia":[{"embeddable":true,"href":"https:\/\/exaudi.org\/es\/wp-json\/wp\/v2\/media\/148418"}],"wp:attachment":[{"href":"https:\/\/exaudi.org\/es\/wp-json\/wp\/v2\/media?parent=148412"}],"wp:term":[{"taxonomy":"category","embeddable":true,"href":"https:\/\/exaudi.org\/es\/wp-json\/wp\/v2\/categories?post=148412"},{"taxonomy":"post_tag","embeddable":true,"href":"https:\/\/exaudi.org\/es\/wp-json\/wp\/v2\/tags?post=148412"}],"curies":[{"name":"wp","href":"https:\/\/api.w.org\/{rel}","templated":true}]}}