{"id":148333,"date":"2025-11-30T09:35:40","date_gmt":"2025-11-30T08:35:40","guid":{"rendered":"https:\/\/exaudi.org\/?p=148333"},"modified":"2025-11-30T09:35:40","modified_gmt":"2025-11-30T08:35:40","slug":"reflexion-de-monsenor-enrique-diaz-de-las-espadas-forjaran-arados","status":"publish","type":"post","link":"https:\/\/exaudi.org\/es\/reflexion-de-monsenor-enrique-diaz-de-las-espadas-forjaran-arados\/","title":{"rendered":"Reflexi\u00f3n de Monse\u00f1or Enrique D\u00edaz: \u201cDe las espadas forjar\u00e1n arados\u201d"},"content":{"rendered":"<p>&nbsp;<\/p>\n<audio class=\"wp-audio-shortcode\" id=\"audio-148333-1\" preload=\"none\" style=\"width: 100%;\" controls=\"controls\"><source type=\"audio\/mpeg\" src=\"https:\/\/exaudi.org\/wp-content\/uploads\/2025\/11\/30-Noviembre.mp3?_=1\" \/><a href=\"https:\/\/exaudi.org\/wp-content\/uploads\/2025\/11\/30-Noviembre.mp3\">https:\/\/exaudi.org\/wp-content\/uploads\/2025\/11\/30-Noviembre.mp3<\/a><\/audio>\n<p><span dir=\"auto\">Monse\u00f1or Enrique D\u00edaz D\u00edaz comparte con los lectores de Exaudi su reflexi\u00f3n sobre el\u00a0<a href=\"https:\/\/www.dominicos.org\/predicacion\/homilia\/30-11-2025\/lecturas\/\" target=\"_blank\" rel=\"noopener\">Evangelio de este domingo 30 de noviembre de 2025<\/a>,\u00a0<\/span><span dir=\"auto\">titulado:\u00a0<em>\u201cDe las espadas forjar\u00e1n arados\u201d<\/em><\/span><em><span dir=\"auto\">.<\/span><\/em><\/p>\n<p><span dir=\"auto\">***<\/span><\/p>\n<p>Isa\u00edas 2, 1-5:<em>\u201cDe las espadas forjar\u00e1n arados\u00a0<\/em>\u00a0<em>y de las lanzas, podaderas\u201d<\/em><\/p>\n<p>Salmo 121: <em>\u201cVayamos con alegr\u00eda al encuentro del Se\u00f1or\u201d<\/em><\/p>\n<p>Romanos 13, 11-14: <em>\u201cEs hora de que se despierten porque ya est\u00e1 cerca nuestra salvaci\u00f3n\u201d<\/em><\/p>\n<p>San Mateo 24, 37-44: <em>\u201cVelen y est\u00e9n preparados\u201d<\/em><\/p>\n<p>\u201cVivimos tiempos dif\u00edciles\u201d, me comenta con nostalgia el anciano que ya ha visto muchas batallas y que no se asusta por cualquier contratiempo. \u201cLo triste ahora, es que nadie parece darse cuenta. La violencia se ha enquistado en nuestras comunidades. Cada d\u00eda amanecemos o anochecemos con noticias de nuevos asesinatos, robos, extorsiones, desaparecidos y hay muchos hogares abandonados, tristes y adoloridos. Pero lo que m\u00e1s me llama la atenci\u00f3n es que mucha gente sigue adelante como si no pasara nada, con tal de que no les toque a ellos. Nos hemos acostumbrado a la violencia, mientras no nos toque a nosotros\u201d. Sus palabras me parecen muy cercanas al evangelio: <em>\u201cla gente com\u00eda, beb\u00eda y se casaba, hasta el d\u00eda en que No\u00e9 entr\u00f3 en el arca\u201d.<\/em> Nuestra patria est\u00e1 herida y muy lastimada. Todos lo reconocemos, todos hablamos y decimos, pero \u00a1se contin\u00faa con el mismo estilo de vida!<\/p>\n<p>El primer domingo de Adviento es un potente grito que busca despertarnos y llamar nuestra atenci\u00f3n sobre lo que estamos haciendo de la vida, de la tierra y de la humanidad. El ser humano, creado a imagen y semejanza de Dios, se ha transformado en el principal depredador de la naturaleza y en el peor enemigo del hombre. Isa\u00edas contemplando la triste situaci\u00f3n a la que se ha llegado, se niega a pensar que este sea el destino final del hombre y lanza su anuncio de esperanza pidiendo y so\u00f1ando que <em>\u201cDe las espadas forjar\u00e1n arados y de las lanzas, podaderas\u201d<\/em> Es decir, que cambiar\u00e1n radicalmente las pol\u00edticas y las ambiciones del hombre. La espada y la lanza se han convertido en el signo de la agresividad y de la violencia, de la destrucci\u00f3n ego\u00edsta y de la imposici\u00f3n tir\u00e1nica a la que aspira cada persona. El hombre ha desfigurado su rostro creado a \u201cimagen de Dios\u201d, y lejos de ser creador, din\u00e1mico y fraternal, se ha transformado en el principal destructor. Con base en un crecimiento econ\u00f3mico y en una pol\u00edtica que favorece a pocas empresas y estados, exige un consumo de recursos que no tiene fin, un consumo que lo ha llevado a un desastre clim\u00e1tico y a una peligrosa situaci\u00f3n social. \u00bfSeremos capaces de transformar las espadas en arados? \u00bfPodremos reencontrar nuevamente la verdadera imagen y espiritualidad del hombre? Est\u00e1 llamado a sembrar en el sentido m\u00e1s profundo de la palabra: dar vida, entregarse y servir, para poder dar frutos.<\/p>\n<p>La violencia institucionalizada contra la naturaleza y contra sus semejantes, lejos de ser su verdadera vocaci\u00f3n, hunden a la humanidad en una espiral de autodestrucci\u00f3n y de aniquilamiento. Es urgente recuperar la verdadera vocaci\u00f3n del hombre. Tendremos que ir a las ra\u00edces de la persona para reconstruirla de nuevo, para encontrar armon\u00eda. Nadie est\u00e1 de acuerdo con la situaci\u00f3n que estamos viviendo, pero continuamos como adormilados, minados por el pecado, la cobard\u00eda y la mediocridad. Ya san Pablo insiste en su carta a los Romanos que se tome en cuenta el momento en que vivimos. La indiferencia, la apat\u00eda y el conformismo no podr\u00e1n sacarnos adelante de los graves problemas que estamos viviendo. Nos llama a vivir <em>\u201chonestamente\u201d<\/em> y denuncia los excesos que corroen el coraz\u00f3n: comilonas, borracheras, lujurias, desenfrenos, pleitos y envidias. El hombre se ha acostumbrado a vivir sin privaciones, tocado y desfigurado por todas sus ambiciones. El hombre, como la tierra, se encuentra herido. Es tiempo de revisi\u00f3n y de recuperar el verdadero sentido del hombre. Pablo nos exige que tomemos en cuenta el momento en que vivimos y nos invita a contemplar a Jes\u00fas y a que nos revistamos de sus sentimientos y as\u00ed transformaremos nuestro mundo. En Cristo encontramos el verdadero modelo de felicidad, de creaci\u00f3n y de sentido de la historia.<\/p>\n<p>Urge retomar con esperanza las palabras de Isa\u00edas y no s\u00f3lo transformar las espadas en arados y las lanzas en podaderas, sino abandonar toda una carrera armamentista, todas las estructuras de odio y todo un mundo de venganzas. Toda la ambici\u00f3n de poder que amenaza destruirnos. Los costos de las armas f\u00e1cilmente podr\u00edan saciar el hambre de todos los pa\u00edses. Un cuidado m\u00e1s responsable, solidario y humano de la naturaleza nos permitir\u00eda disfrutar por m\u00e1s tiempo la casa de todos. No tengamos miedo, seamos valientes y afrontemos responsablemente una situaci\u00f3n que nos puede llevar a peores consecuencias. Cambiar las espadas y las lanzas, es cambiar profundamente de una actitud agresiva por una actitud creativa, din\u00e1mica y fraternal.<\/p>\n<p>El Adviento al mismo tiempo que es tiempo de denuncia, es un tiempo de esperanza e ilusi\u00f3n. La tarea del verdadero disc\u00edpulo ser\u00e1 vivir en esperanza y despertar esperanza. Ya casi terminamos el a\u00f1o jubilar de la esperanza y se requiere fortalecer y afianzar m\u00e1s nuestras actitudes y compromisos para construir un mundo nuevo. Velen y est\u00e9n preparados, son las palabras de Jes\u00fas a sus disc\u00edpulos. Y hace la comparaci\u00f3n de su generaci\u00f3n con la pasividad e indiferencia de la generaci\u00f3n que sufri\u00f3 el Diluvio. Nadie lo cre\u00eda, nadie lo esperaba, a pesar de que No\u00e9 lo anunciaba constantemente. Ahora estamos igual. Son muchos los timbres de alarma que tocan a nuestras comunidades: p\u00e9rdida de valores, destrucci\u00f3n de la familia, desprecio de la vida, destrucci\u00f3n de la naturaleza. Retomemos las ense\u00f1anzas de Jes\u00fas y encendamos velas y luces de esperanza. Esta esperanza no se basa en c\u00e1lculos, sino nace del estilo de vida de quienes enfrentan la realidad enraizados y edificados en Cristo.<\/p>\n<p>Adviento nos trae muchas reflexiones y nos exige muchas respuestas \u00bfEstoy dispuesto a despertar y abrir los ojos para examinar mi realidad?\u00a0 \u00bfQu\u00e9 significa para m\u00ed transformar las espadas en arados y las lanzas en podaderas? \u00bfQu\u00e9 signos reales estoy dando de esperanza?<\/p>\n<p><em>Padre Bueno, que al igual que a la naturaleza le renuevas el coraz\u00f3n al hombre, conc\u00e9denos que este tiempo de Adviento asumamos una actitud m\u00e1s creativa, responsable y solidaria frente a la naturaleza y frente a nuestros hermanos, para as\u00ed preparar la venida de tu Hijo Jes\u00fas. Am\u00e9n<\/em><\/p>\n<p>&nbsp;<\/p>\n<p>&nbsp;<\/p>\n","protected":false},"excerpt":{"rendered":"<p>I Domingo de Adviento<\/p>\n","protected":false},"author":25,"featured_media":148339,"comment_status":"closed","ping_status":"closed","sticky":false,"template":"","format":"standard","meta":{"_acf_changed":false,"_crdt_document":"","inline_featured_image":false,"footnotes":""},"categories":[72],"tags":[5654,1372,83524,414,58880],"class_list":["post-148333","post","type-post","status-publish","format-standard","has-post-thumbnail","hentry","category-analisis","tag-enrique-diaz","tag-evangelio","tag-i-domingo-adviento","tag-reflexion","tag-trending-es-151"],"acf":[],"yoast_head":"<!-- This site is optimized with the Yoast SEO plugin v27.5 - https:\/\/yoast.com\/product\/yoast-seo-wordpress\/ -->\n<title>Reflexi\u00f3n de Monse\u00f1or Enrique D\u00edaz: \u201cDe las espadas forjar\u00e1n arados\u201d &#8211; Exaudi<\/title>\n<meta name=\"robots\" content=\"index, follow, max-snippet:-1, max-image-preview:large, max-video-preview:-1\" \/>\n<link rel=\"canonical\" href=\"https:\/\/exaudi.org\/es\/reflexion-de-monsenor-enrique-diaz-de-las-espadas-forjaran-arados\/\" \/>\n<meta property=\"og:locale\" content=\"es_ES\" \/>\n<meta property=\"og:type\" content=\"article\" \/>\n<meta property=\"og:title\" content=\"Reflexi\u00f3n de Monse\u00f1or Enrique D\u00edaz: \u201cDe las espadas forjar\u00e1n arados\u201d &#8211; Exaudi\" \/>\n<meta property=\"og:description\" content=\"I Domingo de Adviento\" \/>\n<meta property=\"og:url\" content=\"https:\/\/exaudi.org\/es\/reflexion-de-monsenor-enrique-diaz-de-las-espadas-forjaran-arados\/\" \/>\n<meta property=\"og:site_name\" content=\"Exaudi\" \/>\n<meta property=\"article:publisher\" content=\"https:\/\/www.facebook.com\/ExaudiNews\" \/>\n<meta property=\"article:published_time\" content=\"2025-11-30T08:35:40+00:00\" \/>\n<meta name=\"author\" content=\"Enrique D\u00edaz\" \/>\n<meta name=\"twitter:card\" content=\"summary_large_image\" \/>\n<meta name=\"twitter:creator\" content=\"@Exaudi_News\" \/>\n<meta name=\"twitter:site\" content=\"@Exaudi_News\" \/>\n<meta name=\"twitter:label1\" content=\"Escrito por\" \/>\n\t<meta name=\"twitter:data1\" content=\"Enrique D\u00edaz\" \/>\n\t<meta name=\"twitter:label2\" content=\"Tiempo de lectura\" \/>\n\t<meta name=\"twitter:data2\" content=\"6 minutos\" \/>\n<script type=\"application\/ld+json\" class=\"yoast-schema-graph\">{\"@context\":\"https:\\\/\\\/schema.org\",\"@graph\":[{\"@type\":\"Article\",\"@id\":\"https:\\\/\\\/exaudi.org\\\/es\\\/reflexion-de-monsenor-enrique-diaz-de-las-espadas-forjaran-arados\\\/#article\",\"isPartOf\":{\"@id\":\"https:\\\/\\\/exaudi.org\\\/es\\\/reflexion-de-monsenor-enrique-diaz-de-las-espadas-forjaran-arados\\\/\"},\"author\":{\"name\":\"Enrique D\u00edaz\",\"@id\":\"https:\\\/\\\/exaudi.org\\\/#\\\/schema\\\/person\\\/c02ffbd10830fa375f6882f7dcf1844d\"},\"headline\":\"Reflexi\u00f3n de Monse\u00f1or Enrique D\u00edaz: \u201cDe las espadas forjar\u00e1n arados\u201d\",\"datePublished\":\"2025-11-30T08:35:40+00:00\",\"mainEntityOfPage\":{\"@id\":\"https:\\\/\\\/exaudi.org\\\/es\\\/reflexion-de-monsenor-enrique-diaz-de-las-espadas-forjaran-arados\\\/\"},\"wordCount\":1167,\"image\":{\"@id\":\"https:\\\/\\\/exaudi.org\\\/es\\\/reflexion-de-monsenor-enrique-diaz-de-las-espadas-forjaran-arados\\\/#primaryimage\"},\"thumbnailUrl\":\"https:\\\/\\\/exaudi.org\\\/wp-content\\\/uploads\\\/2025\\\/11\\\/window-8431870_1280.jpg\",\"keywords\":[\"Enrique D\u00edaz\",\"Evangelio\",\"I Domingo Adviento\",\"Reflexi\u00f3n\",\"Trending\"],\"articleSection\":[\"An\u00e1lisis\"],\"inLanguage\":\"es\"},{\"@type\":\"WebPage\",\"@id\":\"https:\\\/\\\/exaudi.org\\\/es\\\/reflexion-de-monsenor-enrique-diaz-de-las-espadas-forjaran-arados\\\/\",\"url\":\"https:\\\/\\\/exaudi.org\\\/es\\\/reflexion-de-monsenor-enrique-diaz-de-las-espadas-forjaran-arados\\\/\",\"name\":\"Reflexi\u00f3n de Monse\u00f1or Enrique D\u00edaz: \u201cDe las espadas forjar\u00e1n arados\u201d &#8211; Exaudi\",\"isPartOf\":{\"@id\":\"https:\\\/\\\/exaudi.org\\\/#website\"},\"primaryImageOfPage\":{\"@id\":\"https:\\\/\\\/exaudi.org\\\/es\\\/reflexion-de-monsenor-enrique-diaz-de-las-espadas-forjaran-arados\\\/#primaryimage\"},\"image\":{\"@id\":\"https:\\\/\\\/exaudi.org\\\/es\\\/reflexion-de-monsenor-enrique-diaz-de-las-espadas-forjaran-arados\\\/#primaryimage\"},\"thumbnailUrl\":\"https:\\\/\\\/exaudi.org\\\/wp-content\\\/uploads\\\/2025\\\/11\\\/window-8431870_1280.jpg\",\"datePublished\":\"2025-11-30T08:35:40+00:00\",\"author\":{\"@id\":\"https:\\\/\\\/exaudi.org\\\/#\\\/schema\\\/person\\\/c02ffbd10830fa375f6882f7dcf1844d\"},\"breadcrumb\":{\"@id\":\"https:\\\/\\\/exaudi.org\\\/es\\\/reflexion-de-monsenor-enrique-diaz-de-las-espadas-forjaran-arados\\\/#breadcrumb\"},\"inLanguage\":\"es\",\"potentialAction\":[{\"@type\":\"ReadAction\",\"target\":[\"https:\\\/\\\/exaudi.org\\\/es\\\/reflexion-de-monsenor-enrique-diaz-de-las-espadas-forjaran-arados\\\/\"]}]},{\"@type\":\"ImageObject\",\"inLanguage\":\"es\",\"@id\":\"https:\\\/\\\/exaudi.org\\\/es\\\/reflexion-de-monsenor-enrique-diaz-de-las-espadas-forjaran-arados\\\/#primaryimage\",\"url\":\"https:\\\/\\\/exaudi.org\\\/wp-content\\\/uploads\\\/2025\\\/11\\\/window-8431870_1280.jpg\",\"contentUrl\":\"https:\\\/\\\/exaudi.org\\\/wp-content\\\/uploads\\\/2025\\\/11\\\/window-8431870_1280.jpg\",\"width\":1280,\"height\":853},{\"@type\":\"BreadcrumbList\",\"@id\":\"https:\\\/\\\/exaudi.org\\\/es\\\/reflexion-de-monsenor-enrique-diaz-de-las-espadas-forjaran-arados\\\/#breadcrumb\",\"itemListElement\":[{\"@type\":\"ListItem\",\"position\":1,\"name\":\"Portada\",\"item\":\"https:\\\/\\\/exaudi.org\\\/es\\\/\"},{\"@type\":\"ListItem\",\"position\":2,\"name\":\"Reflexi\u00f3n de Monse\u00f1or Enrique D\u00edaz: \u201cDe las espadas forjar\u00e1n arados\u201d\"}]},{\"@type\":\"WebSite\",\"@id\":\"https:\\\/\\\/exaudi.org\\\/#website\",\"url\":\"https:\\\/\\\/exaudi.org\\\/\",\"name\":\"Exaudi\",\"description\":\"News\",\"potentialAction\":[{\"@type\":\"SearchAction\",\"target\":{\"@type\":\"EntryPoint\",\"urlTemplate\":\"https:\\\/\\\/exaudi.org\\\/?s={search_term_string}\"},\"query-input\":{\"@type\":\"PropertyValueSpecification\",\"valueRequired\":true,\"valueName\":\"search_term_string\"}}],\"inLanguage\":\"es\"},{\"@type\":\"Person\",\"@id\":\"https:\\\/\\\/exaudi.org\\\/#\\\/schema\\\/person\\\/c02ffbd10830fa375f6882f7dcf1844d\",\"name\":\"Enrique D\u00edaz\",\"image\":{\"@type\":\"ImageObject\",\"inLanguage\":\"es\",\"@id\":\"https:\\\/\\\/secure.gravatar.com\\\/avatar\\\/7ca10be5325a95d04b74082d68ba605aa69611eb0f68f47096cb1bc349873284?s=96&d=mm&r=g\",\"url\":\"https:\\\/\\\/secure.gravatar.com\\\/avatar\\\/7ca10be5325a95d04b74082d68ba605aa69611eb0f68f47096cb1bc349873284?s=96&d=mm&r=g\",\"contentUrl\":\"https:\\\/\\\/secure.gravatar.com\\\/avatar\\\/7ca10be5325a95d04b74082d68ba605aa69611eb0f68f47096cb1bc349873284?s=96&d=mm&r=g\",\"caption\":\"Enrique D\u00edaz\"},\"description\":\"Naci\u00f3 en Huandacareo, Michoac\u00e1n, M\u00e9xico, en 1952. Realiz\u00f3 sus estudios de Filosof\u00eda y Teolog\u00eda en el Seminario de Morelia. Ordenado di\u00e1cono el 22 de mayo de 1977, y presb\u00edtero el 23 de octubre del mismo a\u00f1o. Obtuvo la Licenciatura en Sagrada Escritura en el Pontificio Instituto B\u00edblico en Roma. Ha desarrollado m\u00faltiples encargos pastorales como el de capell\u00e1n de la rector\u00eda de las Tres Aves Mar\u00edas; responsable de la Pastoral B\u00edblica Diocesana y director de la Escuela B\u00edblica en Morelia; maestro de Biblia en el Seminario Conciliar de Morelia, p\u00e1rroco de la Parroquia de Nuestra Se\u00f1ora de Guadalupe, Col. Guadalupe, Morelia; o vicario episcopal para la Zona de Nuestra Se\u00f1ora de la Luz, P\u00e1tzcuaro. Ordenado obispo auxiliar de san Crist\u00f3bal de las Casas en 2003. En la Conferencia Episcopal form\u00f3 parte de las Comisiones de Biblia, Diaconado y Ministerios Laicales. Fue responsable de las Dimensiones de Ministerios Laicales, de Educaci\u00f3n y Cultura. Ha participado en encuentros latinoamericanos y mundiales sobre el Diaconado Permanente. Actualmente es el responsable de la Dimensi\u00f3n de Pastoral de la Cultura. Particip\u00f3 como Miembro del S\u00ednodo de Obispos sobre la Palabra de Dios en la Vida y Misi\u00f3n de la Iglesia en Roma, en 2008. Recibi\u00f3 el nombramiento de obispo coadjutor de San Crist\u00f3bal de las Casas en 2014. Nombrado II obispo de Irapuato el d\u00eda 11 de marzo, tom\u00f3 posesi\u00f3n el 19 de Mayo. Colabora en varias revistas y publicaciones sobre todo con la reflexi\u00f3n diaria y dominical tanto en audio como escrita.\",\"url\":\"https:\\\/\\\/exaudi.org\\\/es\\\/author\\\/enriquediaz\\\/\"}]}<\/script>\n<!-- \/ Yoast SEO plugin. -->","yoast_head_json":{"title":"Reflexi\u00f3n de Monse\u00f1or Enrique D\u00edaz: \u201cDe las espadas forjar\u00e1n arados\u201d &#8211; Exaudi","robots":{"index":"index","follow":"follow","max-snippet":"max-snippet:-1","max-image-preview":"max-image-preview:large","max-video-preview":"max-video-preview:-1"},"canonical":"https:\/\/exaudi.org\/es\/reflexion-de-monsenor-enrique-diaz-de-las-espadas-forjaran-arados\/","og_locale":"es_ES","og_type":"article","og_title":"Reflexi\u00f3n de Monse\u00f1or Enrique D\u00edaz: \u201cDe las espadas forjar\u00e1n arados\u201d &#8211; Exaudi","og_description":"I Domingo de Adviento","og_url":"https:\/\/exaudi.org\/es\/reflexion-de-monsenor-enrique-diaz-de-las-espadas-forjaran-arados\/","og_site_name":"Exaudi","article_publisher":"https:\/\/www.facebook.com\/ExaudiNews","article_published_time":"2025-11-30T08:35:40+00:00","author":"Enrique D\u00edaz","twitter_card":"summary_large_image","twitter_creator":"@Exaudi_News","twitter_site":"@Exaudi_News","twitter_misc":{"Escrito por":"Enrique D\u00edaz","Tiempo de lectura":"6 minutos"},"schema":{"@context":"https:\/\/schema.org","@graph":[{"@type":"Article","@id":"https:\/\/exaudi.org\/es\/reflexion-de-monsenor-enrique-diaz-de-las-espadas-forjaran-arados\/#article","isPartOf":{"@id":"https:\/\/exaudi.org\/es\/reflexion-de-monsenor-enrique-diaz-de-las-espadas-forjaran-arados\/"},"author":{"name":"Enrique D\u00edaz","@id":"https:\/\/exaudi.org\/#\/schema\/person\/c02ffbd10830fa375f6882f7dcf1844d"},"headline":"Reflexi\u00f3n de Monse\u00f1or Enrique D\u00edaz: \u201cDe las espadas forjar\u00e1n arados\u201d","datePublished":"2025-11-30T08:35:40+00:00","mainEntityOfPage":{"@id":"https:\/\/exaudi.org\/es\/reflexion-de-monsenor-enrique-diaz-de-las-espadas-forjaran-arados\/"},"wordCount":1167,"image":{"@id":"https:\/\/exaudi.org\/es\/reflexion-de-monsenor-enrique-diaz-de-las-espadas-forjaran-arados\/#primaryimage"},"thumbnailUrl":"https:\/\/exaudi.org\/wp-content\/uploads\/2025\/11\/window-8431870_1280.jpg","keywords":["Enrique D\u00edaz","Evangelio","I Domingo Adviento","Reflexi\u00f3n","Trending"],"articleSection":["An\u00e1lisis"],"inLanguage":"es"},{"@type":"WebPage","@id":"https:\/\/exaudi.org\/es\/reflexion-de-monsenor-enrique-diaz-de-las-espadas-forjaran-arados\/","url":"https:\/\/exaudi.org\/es\/reflexion-de-monsenor-enrique-diaz-de-las-espadas-forjaran-arados\/","name":"Reflexi\u00f3n de Monse\u00f1or Enrique D\u00edaz: \u201cDe las espadas forjar\u00e1n arados\u201d &#8211; Exaudi","isPartOf":{"@id":"https:\/\/exaudi.org\/#website"},"primaryImageOfPage":{"@id":"https:\/\/exaudi.org\/es\/reflexion-de-monsenor-enrique-diaz-de-las-espadas-forjaran-arados\/#primaryimage"},"image":{"@id":"https:\/\/exaudi.org\/es\/reflexion-de-monsenor-enrique-diaz-de-las-espadas-forjaran-arados\/#primaryimage"},"thumbnailUrl":"https:\/\/exaudi.org\/wp-content\/uploads\/2025\/11\/window-8431870_1280.jpg","datePublished":"2025-11-30T08:35:40+00:00","author":{"@id":"https:\/\/exaudi.org\/#\/schema\/person\/c02ffbd10830fa375f6882f7dcf1844d"},"breadcrumb":{"@id":"https:\/\/exaudi.org\/es\/reflexion-de-monsenor-enrique-diaz-de-las-espadas-forjaran-arados\/#breadcrumb"},"inLanguage":"es","potentialAction":[{"@type":"ReadAction","target":["https:\/\/exaudi.org\/es\/reflexion-de-monsenor-enrique-diaz-de-las-espadas-forjaran-arados\/"]}]},{"@type":"ImageObject","inLanguage":"es","@id":"https:\/\/exaudi.org\/es\/reflexion-de-monsenor-enrique-diaz-de-las-espadas-forjaran-arados\/#primaryimage","url":"https:\/\/exaudi.org\/wp-content\/uploads\/2025\/11\/window-8431870_1280.jpg","contentUrl":"https:\/\/exaudi.org\/wp-content\/uploads\/2025\/11\/window-8431870_1280.jpg","width":1280,"height":853},{"@type":"BreadcrumbList","@id":"https:\/\/exaudi.org\/es\/reflexion-de-monsenor-enrique-diaz-de-las-espadas-forjaran-arados\/#breadcrumb","itemListElement":[{"@type":"ListItem","position":1,"name":"Portada","item":"https:\/\/exaudi.org\/es\/"},{"@type":"ListItem","position":2,"name":"Reflexi\u00f3n de Monse\u00f1or Enrique D\u00edaz: \u201cDe las espadas forjar\u00e1n arados\u201d"}]},{"@type":"WebSite","@id":"https:\/\/exaudi.org\/#website","url":"https:\/\/exaudi.org\/","name":"Exaudi","description":"News","potentialAction":[{"@type":"SearchAction","target":{"@type":"EntryPoint","urlTemplate":"https:\/\/exaudi.org\/?s={search_term_string}"},"query-input":{"@type":"PropertyValueSpecification","valueRequired":true,"valueName":"search_term_string"}}],"inLanguage":"es"},{"@type":"Person","@id":"https:\/\/exaudi.org\/#\/schema\/person\/c02ffbd10830fa375f6882f7dcf1844d","name":"Enrique D\u00edaz","image":{"@type":"ImageObject","inLanguage":"es","@id":"https:\/\/secure.gravatar.com\/avatar\/7ca10be5325a95d04b74082d68ba605aa69611eb0f68f47096cb1bc349873284?s=96&d=mm&r=g","url":"https:\/\/secure.gravatar.com\/avatar\/7ca10be5325a95d04b74082d68ba605aa69611eb0f68f47096cb1bc349873284?s=96&d=mm&r=g","contentUrl":"https:\/\/secure.gravatar.com\/avatar\/7ca10be5325a95d04b74082d68ba605aa69611eb0f68f47096cb1bc349873284?s=96&d=mm&r=g","caption":"Enrique D\u00edaz"},"description":"Naci\u00f3 en Huandacareo, Michoac\u00e1n, M\u00e9xico, en 1952. Realiz\u00f3 sus estudios de Filosof\u00eda y Teolog\u00eda en el Seminario de Morelia. Ordenado di\u00e1cono el 22 de mayo de 1977, y presb\u00edtero el 23 de octubre del mismo a\u00f1o. Obtuvo la Licenciatura en Sagrada Escritura en el Pontificio Instituto B\u00edblico en Roma. Ha desarrollado m\u00faltiples encargos pastorales como el de capell\u00e1n de la rector\u00eda de las Tres Aves Mar\u00edas; responsable de la Pastoral B\u00edblica Diocesana y director de la Escuela B\u00edblica en Morelia; maestro de Biblia en el Seminario Conciliar de Morelia, p\u00e1rroco de la Parroquia de Nuestra Se\u00f1ora de Guadalupe, Col. Guadalupe, Morelia; o vicario episcopal para la Zona de Nuestra Se\u00f1ora de la Luz, P\u00e1tzcuaro. Ordenado obispo auxiliar de san Crist\u00f3bal de las Casas en 2003. En la Conferencia Episcopal form\u00f3 parte de las Comisiones de Biblia, Diaconado y Ministerios Laicales. Fue responsable de las Dimensiones de Ministerios Laicales, de Educaci\u00f3n y Cultura. Ha participado en encuentros latinoamericanos y mundiales sobre el Diaconado Permanente. Actualmente es el responsable de la Dimensi\u00f3n de Pastoral de la Cultura. Particip\u00f3 como Miembro del S\u00ednodo de Obispos sobre la Palabra de Dios en la Vida y Misi\u00f3n de la Iglesia en Roma, en 2008. Recibi\u00f3 el nombramiento de obispo coadjutor de San Crist\u00f3bal de las Casas en 2014. Nombrado II obispo de Irapuato el d\u00eda 11 de marzo, tom\u00f3 posesi\u00f3n el 19 de Mayo. Colabora en varias revistas y publicaciones sobre todo con la reflexi\u00f3n diaria y dominical tanto en audio como escrita.","url":"https:\/\/exaudi.org\/es\/author\/enriquediaz\/"}]}},"jetpack_featured_media_url":"https:\/\/exaudi.org\/wp-content\/uploads\/2025\/11\/window-8431870_1280.jpg","jetpack_shortlink":"https:\/\/wp.me\/pgKjF2-CAt","_links":{"self":[{"href":"https:\/\/exaudi.org\/es\/wp-json\/wp\/v2\/posts\/148333","targetHints":{"allow":["GET"]}}],"collection":[{"href":"https:\/\/exaudi.org\/es\/wp-json\/wp\/v2\/posts"}],"about":[{"href":"https:\/\/exaudi.org\/es\/wp-json\/wp\/v2\/types\/post"}],"author":[{"embeddable":true,"href":"https:\/\/exaudi.org\/es\/wp-json\/wp\/v2\/users\/25"}],"replies":[{"embeddable":true,"href":"https:\/\/exaudi.org\/es\/wp-json\/wp\/v2\/comments?post=148333"}],"version-history":[{"count":3,"href":"https:\/\/exaudi.org\/es\/wp-json\/wp\/v2\/posts\/148333\/revisions"}],"predecessor-version":[{"id":148342,"href":"https:\/\/exaudi.org\/es\/wp-json\/wp\/v2\/posts\/148333\/revisions\/148342"}],"wp:featuredmedia":[{"embeddable":true,"href":"https:\/\/exaudi.org\/es\/wp-json\/wp\/v2\/media\/148339"}],"wp:attachment":[{"href":"https:\/\/exaudi.org\/es\/wp-json\/wp\/v2\/media?parent=148333"}],"wp:term":[{"taxonomy":"category","embeddable":true,"href":"https:\/\/exaudi.org\/es\/wp-json\/wp\/v2\/categories?post=148333"},{"taxonomy":"post_tag","embeddable":true,"href":"https:\/\/exaudi.org\/es\/wp-json\/wp\/v2\/tags?post=148333"}],"curies":[{"name":"wp","href":"https:\/\/api.w.org\/{rel}","templated":true}]}}