{"id":148113,"date":"2025-11-28T10:45:31","date_gmt":"2025-11-28T09:45:31","guid":{"rendered":"https:\/\/exaudi.org\/?p=148113"},"modified":"2025-11-28T10:48:22","modified_gmt":"2025-11-28T09:48:22","slug":"el-papa-leon-xiv-en-estambul-un-llamado-a-la-fraternidad-con-los-ancianos-durante-su-viaje-apostolico-a-turquia","status":"publish","type":"post","link":"https:\/\/exaudi.org\/es\/el-papa-leon-xiv-en-estambul-un-llamado-a-la-fraternidad-con-los-ancianos-durante-su-viaje-apostolico-a-turquia\/","title":{"rendered":"El Papa Le\u00f3n XIV en Estambul: Un llamado a la fraternidad con los ancianos durante su viaje apost\u00f3lico a Turqu\u00eda"},"content":{"rendered":"<p dir=\"auto\">En medio de su primer Viaje Apost\u00f3lico a Turqu\u00eda y L\u00edbano, el Papa Le\u00f3n XIV ha dedicado una parte emotiva de su agenda a los m\u00e1s vulnerables: los ancianos. Esta ma\u00f1ana, el Pont\u00edfice visit\u00f3 la Casa de Acogida para Ancianos de las Peque\u00f1as Hermanas de los Pobres en Estambul, un centro que representa un oasis de fraternidad en una sociedad cada vez m\u00e1s acelerada. Con un saludo c\u00e1lido y reflexiones profundas, el Santo Padre ha recordado que la verdadera caridad cristiana no se limita a ayudar, sino a compartir como hermanos, y ha defendido el rol irremplazable de los mayores como \u00abla sabgezza de un pueblo\u00bb.<\/p>\n<p dir=\"auto\">El encuentro, que tuvo lugar en el coraz\u00f3n de la vibrante ciudad transcontinental, reuni\u00f3 a las religiosas de la congregaci\u00f3n, operadores del centro, benefactores y, sobre todo, a los residentes ancianos, quienes recibieron al Papa con aplausos y sonrisas de gratitud. Le\u00f3n XIV, visiblemente conmovido por el ambiente de calidez familiar, inici\u00f3 su intervenci\u00f3n agradeciendo el \u00abdon de la acogida\u00bb que impregna el lugar. \u00abEste es el secreto de la caridad cristiana: antes de ser para los otros, ser con los otros, en una compartici\u00f3n basada en la fraternidad\u00bb, enfatiz\u00f3, evocando el ejemplo de Jes\u00fas como hermano enviado por el Padre.<\/p>\n<p dir=\"auto\">La visita se enmarca en un itinerario apost\u00f3lico que busca fortalecer los lazos ecum\u00e9nicos y dialogar con las realidades sociales de Oriente Medio y el Mediterr\u00e1neo. Turqu\u00eda, cuna de varias comunidades cristianas primitivas y hogar de una minor\u00eda cat\u00f3lica en un contexto mayoritariamente musulm\u00e1n, ofrece al Papa una plataforma para promover la paz y la solidaridad. Sin embargo, este acto concreto con los ancianos resalta una prioridad del pontificado de Le\u00f3n XIV: la defensa de la dignidad humana en todas las etapas de la vida, especialmente en un mundo donde el envejecimiento se percibe a menudo como una carga.<\/p>\n<p dir=\"auto\"><img loading=\"lazy\" decoding=\"async\" class=\"size-full wp-image-148119 alignnone\" src=\"https:\/\/exaudi.org\/wp-content\/uploads\/2025\/11\/SaveClip.App_587671406_18543854218041022_1716378456564683288_n-e1764323182428.jpg\" alt=\"\" width=\"1080\" height=\"738\" srcset=\"https:\/\/exaudi.org\/wp-content\/uploads\/2025\/11\/SaveClip.App_587671406_18543854218041022_1716378456564683288_n-e1764323182428.jpg 1080w, https:\/\/exaudi.org\/wp-content\/uploads\/2025\/11\/SaveClip.App_587671406_18543854218041022_1716378456564683288_n-e1764323182428-300x205.jpg 300w, https:\/\/exaudi.org\/wp-content\/uploads\/2025\/11\/SaveClip.App_587671406_18543854218041022_1716378456564683288_n-e1764323182428-1024x700.jpg 1024w, https:\/\/exaudi.org\/wp-content\/uploads\/2025\/11\/SaveClip.App_587671406_18543854218041022_1716378456564683288_n-e1764323182428-770x526.jpg 770w, https:\/\/exaudi.org\/wp-content\/uploads\/2025\/11\/SaveClip.App_587671406_18543854218041022_1716378456564683288_n-e1764323182428-500x342.jpg 500w\" sizes=\"auto, (max-width: 1080px) 100vw, 1080px\" \/><\/p>\n<p dir=\"auto\">En sus palabras, el Pont\u00edfice lament\u00f3 c\u00f3mo la cultura de la eficiencia y el materialismo ha erosionado el respeto por los mayores. \u00abEn muchos contextos sociales, se ha perdido el sentido del respeto por las personas ancianas\u00bb, alert\u00f3, citando las ense\u00f1anzas de su predecesor, el Papa Francisco, quien repetidamente describi\u00f3 a los ancianos como \u00abuna riqueza para los nietos, para las familias, para toda la sociedad\u00bb. Esta reflexi\u00f3n no es solo teol\u00f3gica, sino un llamado urgente a la acci\u00f3n: en un pa\u00eds como Turqu\u00eda, donde la poblaci\u00f3n envejece r\u00e1pidamente y los sistemas de cuidado son limitados, iniciativas como esta casa de acogida se convierten en modelos de esperanza.<\/p>\n<p dir=\"auto\">Las Peque\u00f1as Hermanas de los Pobres, fundadas en el siglo XIX por Jeanne Jugan, han extendido su misi\u00f3n global a lugares como Estambul, donde atienden a decenas de ancianos con recursos modestos. La superiora del centro dio la bienvenida al Papa, destacando c\u00f3mo la oraci\u00f3n y la paciencia sostienen su labor diaria. Le\u00f3n XIV, en respuesta, invoc\u00f3 la bendici\u00f3n divina sobre todos los presentes, pidiendo al Se\u00f1or que los acompa\u00f1e en esta \u00abno f\u00e1cil\u00bb tarea.<\/p>\n<p dir=\"auto\">Este gesto papal llega en un momento de tensiones regionales, con conflictos en Siria y L\u00edbano que han desplazado a miles de ancianos. El mensaje de fraternidad podr\u00eda resonar m\u00e1s all\u00e1 de las paredes de la casa de acogida, inspirando a l\u00edderes religiosos y civiles a priorizar la protecci\u00f3n de los vulnerables. Mientras el Papa contin\u00faa su viaje hacia Beirut, su paso por Estambul deja una huella de ternura y recordatorio: en la diversidad de edades y culturas, la Iglesia se construye como una familia unida.<\/p>\n<h3 dir=\"auto\">Texto completo del saludo del Santo Padre (en italiano original):<\/h3>\n<p dir=\"auto\"><strong>VISITA ALLA CASA DI ACCOGLIENZA PER ANZIANI DELLE PICCOLE SORELLE DEI POVERI<\/strong><\/p>\n<p dir=\"auto\"><strong>SALUTO DEL SANTO PADRE<\/strong><\/p>\n<p dir=\"auto\">Care sorelle e cari fratelli, buongiorno!<\/p>\n<p dir=\"auto\">Ringrazio di cuore per le parole di benvenuto della Sorella e per l\u2019accoglienza mostrata da tutti voi. L\u2019accoglienza \u00e8 il dono di questa casa! Un dono che viene da Dio e che viene fatto fruttificare dalle Piccole Sorelle dei Poveri, dagli operatori e dai benefattori, e anche da tutti gli ospiti, nella loro convivenza quotidiana. Grazie a tutti!<\/p>\n<p dir=\"auto\">Vorrei lasciarvi due semplici riflessioni.<\/p>\n<p dir=\"auto\">La prima prende spunto dal vostro nome, care Suore: voi vi chiamate \u201cPiccole Sorelle dei Poveri\u201d. Un nome bellissimo, e che fa pensare! S\u00ec, il Signore non vi ha chiamato solo ad assistere o ad aiutare i poveri. Vi ha chiamato ad essere loro \u201csorelle\u201d! Come Ges\u00f9, che il Padre ha mandato a noi non solo per aiutarci e servirci, ma per essere nostro fratello. Questo \u00e8 il segreto della carit\u00e0 cristiana: prima di essere per gli altri, essere con gli altri, in una condivisione basata sulla fraternit\u00e0.<\/p>\n<p dir=\"auto\">La seconda riflessione me la suggerite voi, cari ospiti di questa casa. Voi siete anziani. E questa parola, \u201canziano\u201d, oggi rischia di perdere il suo significato pi\u00f9 vero: in molti contesti sociali, dove domina l\u2019efficienza, il materialismo, si \u00e8 perso il senso del rispetto per le persone anziane. Invece la Sacra Scrittura e le buone tradizioni ci insegnano che \u2013 come amava ripetere Papa Francesco \u2013 gli anziani sono la saggezza di un popolo, una ricchezza per i nipoti, per le famiglie, per l\u2019intera societ\u00e0!<\/p>\n<p dir=\"auto\">E allora un doppio grazie a questa Casa, che accoglie nel nome della fraternit\u00e0 e lo fa con le persone anziane. Questo \u2013 lo sappiamo \u2013 non \u00e8 facile, richiede tanta pazienza e tanta preghiera. Perci\u00f2 ora preghiamo il Signore perch\u00e9 vi accompagni e vi sostenga. Su tutti voi invoco la benedizione di Dio.<\/p>\n<h3 dir=\"auto\">Traducci\u00f3n al espa\u00f1ol:<\/h3>\n<p dir=\"auto\" style=\"text-align: center;\"><strong>VISITA A LA CASA DE ACOGIDA PARA ANCIANOS DE LAS PEQUE\u00d1AS HERMANAS DE LOS POBRES<\/strong><\/p>\n<p dir=\"auto\" style=\"text-align: center;\"><strong>SALUDO DEL SANTO PADRE<\/strong><\/p>\n<p dir=\"auto\">Queridas hermanas y queridos hermanos, \u00a1buen d\u00eda!<\/p>\n<p dir=\"auto\">Doy gracias de coraz\u00f3n por las palabras de bienvenida de la Hermana y por la acogida mostrada por todos vosotros. \u00a1La acogida es el don de esta casa! Un don que viene de Dios y que es fructificado por las Peque\u00f1as Hermanas de los Pobres, por los operadores y los benefactores, y tambi\u00e9n por todos los hu\u00e9spedes, en su convivencia cotidiana. \u00a1Gracias a todos!<\/p>\n<p dir=\"auto\">Me gustar\u00eda dejaros dos simples reflexiones.<\/p>\n<p dir=\"auto\">La primera toma pie de vuestro nombre, queridas Monjas: vosotras os llam\u00e1is \u201cPeque\u00f1as Hermanas de los Pobres\u201d. Un nombre precioso, \u00a1y que hace pensar! S\u00ed, el Se\u00f1or no os ha llamado solo a asistir o a ayudar a los pobres. Os ha llamado a ser sus \u201chermanas\u201d! Como Jes\u00fas, que el Padre nos envi\u00f3 no solo para ayudarnos y servirnos, sino para ser nuestro hermano. Este es el secreto de la caridad cristiana: antes de ser para los otros, ser con los otros, en una compartici\u00f3n basada en la fraternidad.<\/p>\n<p dir=\"auto\">La segunda reflexi\u00f3n me la suger\u00eds vosotros, queridos hu\u00e9spedes de esta casa. Vosotros sois ancianos. Y esta palabra, \u201canciano\u201d, hoy corre el riesgo de perder su significado m\u00e1s verdadero: en muchos contextos sociales, donde domina la eficiencia, el materialismo, se ha perdido el sentido del respeto por las personas ancianas. En cambio, la Sagrada Escritura y las buenas tradiciones nos ense\u00f1an que \u2013como gustaba repetir el Papa Francisco\u2013 los ancianos son la sabidur\u00eda de un pueblo, una riqueza para los nietos, para las familias, para toda la sociedad!<\/p>\n<p dir=\"auto\">Y entonces un doble gracias a esta Casa, que acoge en nombre de la fraternidad y lo hace con las personas ancianas. Esto \u2013lo sabemos\u2013 no es f\u00e1cil, requiere tanta paciencia y tanta oraci\u00f3n. Por eso ahora recemos al Se\u00f1or para que os acompa\u00f1e y os sostenga. Sobre todos vosotros invoco la bendici\u00f3n de Dios.<\/p>\n<p><iframe loading=\"lazy\" title=\"Viaje Apost\u00f3lico . 28 de noviembre de 2025\" width=\"500\" height=\"281\" src=\"https:\/\/www.youtube.com\/embed\/ZfcGmQnCFFI?feature=oembed\" frameborder=\"0\" allow=\"accelerometer; autoplay; clipboard-write; encrypted-media; gyroscope; picture-in-picture; web-share\" referrerpolicy=\"strict-origin-when-cross-origin\" allowfullscreen><\/iframe><\/p>\n","protected":false},"excerpt":{"rendered":"<p>El Santo Padre resalta el valor de la acogida y la sabidur\u00eda de los mayores en un mundo dominado por la eficiencia<\/p>\n","protected":false},"author":15,"featured_media":148115,"comment_status":"closed","ping_status":"closed","sticky":false,"template":"","format":"standard","meta":{"_acf_changed":false,"_crdt_document":"","inline_featured_image":false,"footnotes":""},"categories":[68,120],"tags":[6132,20222,83343,83346,83344,29339,83159,83338,79475,83345,58111,83340,83342,58880,41010,83339,83147,83341],"class_list":["post-148113","post","type-post","status-publish","format-standard","has-post-thumbnail","hentry","category-leon-xiv","category-viajes","tag-ancianos","tag-caridad-cristiana","tag-discurso-papa-ancianos","tag-ecumenismo-turquia","tag-estambul-28-noviembre-2025","tag-fraternidad-cristiana","tag-iglesia-catolica-turquia","tag-leon-xiv-turquia","tag-papa-en-estambul","tag-papa-francisco-ancianos","tag-papa-leon-xiv","tag-pequenas-hermanas-de-los-pobres","tag-sabiduria-de-los-ancianos","tag-trending-es-151","tag-vaticano-2025","tag-viaje-apostolico-turquia-2025","tag-viaje-apostolico-turquia-y-libano","tag-visita-papa-turquia"],"acf":[],"yoast_head":"<!-- This site is optimized with the Yoast SEO plugin v27.5 - https:\/\/yoast.com\/product\/yoast-seo-wordpress\/ -->\n<title>El Papa Le\u00f3n XIV en Estambul: Un llamado a la fraternidad con los ancianos durante su viaje apost\u00f3lico a Turqu\u00eda &#8211; Exaudi<\/title>\n<meta name=\"robots\" content=\"index, follow, max-snippet:-1, max-image-preview:large, max-video-preview:-1\" \/>\n<link rel=\"canonical\" href=\"https:\/\/exaudi.org\/es\/el-papa-leon-xiv-en-estambul-un-llamado-a-la-fraternidad-con-los-ancianos-durante-su-viaje-apostolico-a-turquia\/\" \/>\n<meta property=\"og:locale\" content=\"es_ES\" \/>\n<meta property=\"og:type\" content=\"article\" \/>\n<meta property=\"og:title\" content=\"El Papa Le\u00f3n XIV en Estambul: Un llamado a la fraternidad con los ancianos durante su viaje apost\u00f3lico a Turqu\u00eda &#8211; Exaudi\" \/>\n<meta property=\"og:description\" content=\"El Santo Padre resalta el valor de la acogida y la sabidur\u00eda de los mayores en un mundo dominado por la eficiencia\" \/>\n<meta property=\"og:url\" content=\"https:\/\/exaudi.org\/es\/el-papa-leon-xiv-en-estambul-un-llamado-a-la-fraternidad-con-los-ancianos-durante-su-viaje-apostolico-a-turquia\/\" \/>\n<meta property=\"og:site_name\" content=\"Exaudi\" \/>\n<meta property=\"article:publisher\" content=\"https:\/\/www.facebook.com\/ExaudiNews\" \/>\n<meta property=\"article:author\" content=\"https:\/\/www.facebook.com\/ExaudiNoticias\/\" \/>\n<meta property=\"article:published_time\" content=\"2025-11-28T09:45:31+00:00\" \/>\n<meta property=\"article:modified_time\" content=\"2025-11-28T09:48:22+00:00\" \/>\n<meta property=\"og:image\" content=\"https:\/\/exaudi.org\/wp-content\/uploads\/2025\/11\/SaveClip.App_587480405_18543854251041022_310360521199965540_n-e1764323115971.jpg\" \/>\n\t<meta property=\"og:image:width\" content=\"1080\" \/>\n\t<meta property=\"og:image:height\" content=\"800\" \/>\n\t<meta property=\"og:image:type\" content=\"image\/jpeg\" \/>\n<meta name=\"author\" content=\"Exaudi Redacci\u00f3n\" \/>\n<meta name=\"twitter:card\" content=\"summary_large_image\" \/>\n<meta name=\"twitter:creator\" content=\"@Exaudi_noticias\" \/>\n<meta name=\"twitter:site\" content=\"@Exaudi_News\" \/>\n<meta name=\"twitter:label1\" content=\"Escrito por\" \/>\n\t<meta name=\"twitter:data1\" content=\"Exaudi Redacci\u00f3n\" \/>\n\t<meta name=\"twitter:label2\" content=\"Tiempo de lectura\" \/>\n\t<meta name=\"twitter:data2\" content=\"7 minutos\" \/>\n<script type=\"application\/ld+json\" class=\"yoast-schema-graph\">{\"@context\":\"https:\\\/\\\/schema.org\",\"@graph\":[{\"@type\":\"Article\",\"@id\":\"https:\\\/\\\/exaudi.org\\\/es\\\/el-papa-leon-xiv-en-estambul-un-llamado-a-la-fraternidad-con-los-ancianos-durante-su-viaje-apostolico-a-turquia\\\/#article\",\"isPartOf\":{\"@id\":\"https:\\\/\\\/exaudi.org\\\/es\\\/el-papa-leon-xiv-en-estambul-un-llamado-a-la-fraternidad-con-los-ancianos-durante-su-viaje-apostolico-a-turquia\\\/\"},\"author\":{\"name\":\"Exaudi Redacci\u00f3n\",\"@id\":\"https:\\\/\\\/exaudi.org\\\/#\\\/schema\\\/person\\\/f5fc8f063065e38742da7afe15f25df7\"},\"headline\":\"El Papa Le\u00f3n XIV en Estambul: Un llamado a la fraternidad con los ancianos durante su viaje apost\u00f3lico a Turqu\u00eda\",\"datePublished\":\"2025-11-28T09:45:31+00:00\",\"dateModified\":\"2025-11-28T09:48:22+00:00\",\"mainEntityOfPage\":{\"@id\":\"https:\\\/\\\/exaudi.org\\\/es\\\/el-papa-leon-xiv-en-estambul-un-llamado-a-la-fraternidad-con-los-ancianos-durante-su-viaje-apostolico-a-turquia\\\/\"},\"wordCount\":1326,\"image\":{\"@id\":\"https:\\\/\\\/exaudi.org\\\/es\\\/el-papa-leon-xiv-en-estambul-un-llamado-a-la-fraternidad-con-los-ancianos-durante-su-viaje-apostolico-a-turquia\\\/#primaryimage\"},\"thumbnailUrl\":\"https:\\\/\\\/exaudi.org\\\/wp-content\\\/uploads\\\/2025\\\/11\\\/SaveClip.App_587480405_18543854251041022_310360521199965540_n-e1764323115971.jpg\",\"keywords\":[\"Ancianos\",\"Caridad Cristiana\",\"discurso Papa ancianos\",\"ecumenismo Turqu\u00eda\",\"Estambul 28 noviembre 2025\",\"fraternidad cristiana\",\"Iglesia cat\u00f3lica Turqu\u00eda\",\"Le\u00f3n XIV Turqu\u00eda\",\"papa en estambul\",\"Papa Francisco ancianos\",\"papa le\u00f3n xiv\",\"Peque\u00f1as Hermanas de los Pobres\",\"sabidur\u00eda de los ancianos\",\"Trending\",\"Vaticano 2025\",\"Viaje Apost\u00f3lico Turqu\u00eda 2025\",\"Viaje Apost\u00f3lico Turqu\u00eda y L\u00edbano\",\"visita Papa Turqu\u00eda\"],\"articleSection\":[\"Le\u00f3n XIV\",\"Viajes\"],\"inLanguage\":\"es\"},{\"@type\":\"WebPage\",\"@id\":\"https:\\\/\\\/exaudi.org\\\/es\\\/el-papa-leon-xiv-en-estambul-un-llamado-a-la-fraternidad-con-los-ancianos-durante-su-viaje-apostolico-a-turquia\\\/\",\"url\":\"https:\\\/\\\/exaudi.org\\\/es\\\/el-papa-leon-xiv-en-estambul-un-llamado-a-la-fraternidad-con-los-ancianos-durante-su-viaje-apostolico-a-turquia\\\/\",\"name\":\"El Papa Le\u00f3n XIV en Estambul: Un llamado a la fraternidad con los ancianos durante su viaje apost\u00f3lico a Turqu\u00eda &#8211; Exaudi\",\"isPartOf\":{\"@id\":\"https:\\\/\\\/exaudi.org\\\/#website\"},\"primaryImageOfPage\":{\"@id\":\"https:\\\/\\\/exaudi.org\\\/es\\\/el-papa-leon-xiv-en-estambul-un-llamado-a-la-fraternidad-con-los-ancianos-durante-su-viaje-apostolico-a-turquia\\\/#primaryimage\"},\"image\":{\"@id\":\"https:\\\/\\\/exaudi.org\\\/es\\\/el-papa-leon-xiv-en-estambul-un-llamado-a-la-fraternidad-con-los-ancianos-durante-su-viaje-apostolico-a-turquia\\\/#primaryimage\"},\"thumbnailUrl\":\"https:\\\/\\\/exaudi.org\\\/wp-content\\\/uploads\\\/2025\\\/11\\\/SaveClip.App_587480405_18543854251041022_310360521199965540_n-e1764323115971.jpg\",\"datePublished\":\"2025-11-28T09:45:31+00:00\",\"dateModified\":\"2025-11-28T09:48:22+00:00\",\"author\":{\"@id\":\"https:\\\/\\\/exaudi.org\\\/#\\\/schema\\\/person\\\/f5fc8f063065e38742da7afe15f25df7\"},\"breadcrumb\":{\"@id\":\"https:\\\/\\\/exaudi.org\\\/es\\\/el-papa-leon-xiv-en-estambul-un-llamado-a-la-fraternidad-con-los-ancianos-durante-su-viaje-apostolico-a-turquia\\\/#breadcrumb\"},\"inLanguage\":\"es\",\"potentialAction\":[{\"@type\":\"ReadAction\",\"target\":[\"https:\\\/\\\/exaudi.org\\\/es\\\/el-papa-leon-xiv-en-estambul-un-llamado-a-la-fraternidad-con-los-ancianos-durante-su-viaje-apostolico-a-turquia\\\/\"]}]},{\"@type\":\"ImageObject\",\"inLanguage\":\"es\",\"@id\":\"https:\\\/\\\/exaudi.org\\\/es\\\/el-papa-leon-xiv-en-estambul-un-llamado-a-la-fraternidad-con-los-ancianos-durante-su-viaje-apostolico-a-turquia\\\/#primaryimage\",\"url\":\"https:\\\/\\\/exaudi.org\\\/wp-content\\\/uploads\\\/2025\\\/11\\\/SaveClip.App_587480405_18543854251041022_310360521199965540_n-e1764323115971.jpg\",\"contentUrl\":\"https:\\\/\\\/exaudi.org\\\/wp-content\\\/uploads\\\/2025\\\/11\\\/SaveClip.App_587480405_18543854251041022_310360521199965540_n-e1764323115971.jpg\",\"width\":1080,\"height\":800},{\"@type\":\"BreadcrumbList\",\"@id\":\"https:\\\/\\\/exaudi.org\\\/es\\\/el-papa-leon-xiv-en-estambul-un-llamado-a-la-fraternidad-con-los-ancianos-durante-su-viaje-apostolico-a-turquia\\\/#breadcrumb\",\"itemListElement\":[{\"@type\":\"ListItem\",\"position\":1,\"name\":\"Portada\",\"item\":\"https:\\\/\\\/exaudi.org\\\/es\\\/\"},{\"@type\":\"ListItem\",\"position\":2,\"name\":\"El Papa Le\u00f3n XIV en Estambul: Un llamado a la fraternidad con los ancianos durante su viaje apost\u00f3lico a Turqu\u00eda\"}]},{\"@type\":\"WebSite\",\"@id\":\"https:\\\/\\\/exaudi.org\\\/#website\",\"url\":\"https:\\\/\\\/exaudi.org\\\/\",\"name\":\"Exaudi\",\"description\":\"News\",\"potentialAction\":[{\"@type\":\"SearchAction\",\"target\":{\"@type\":\"EntryPoint\",\"urlTemplate\":\"https:\\\/\\\/exaudi.org\\\/?s={search_term_string}\"},\"query-input\":{\"@type\":\"PropertyValueSpecification\",\"valueRequired\":true,\"valueName\":\"search_term_string\"}}],\"inLanguage\":\"es\"},{\"@type\":\"Person\",\"@id\":\"https:\\\/\\\/exaudi.org\\\/#\\\/schema\\\/person\\\/f5fc8f063065e38742da7afe15f25df7\",\"name\":\"Exaudi Redacci\u00f3n\",\"image\":{\"@type\":\"ImageObject\",\"inLanguage\":\"es\",\"@id\":\"https:\\\/\\\/secure.gravatar.com\\\/avatar\\\/fe0f6a059fb68d9b3e11bc5850dd4899b1c7492091a3cb6dd9b01b56ad828be2?s=96&d=mm&r=g\",\"url\":\"https:\\\/\\\/secure.gravatar.com\\\/avatar\\\/fe0f6a059fb68d9b3e11bc5850dd4899b1c7492091a3cb6dd9b01b56ad828be2?s=96&d=mm&r=g\",\"contentUrl\":\"https:\\\/\\\/secure.gravatar.com\\\/avatar\\\/fe0f6a059fb68d9b3e11bc5850dd4899b1c7492091a3cb6dd9b01b56ad828be2?s=96&d=mm&r=g\",\"caption\":\"Exaudi Redacci\u00f3n\"},\"description\":\"\u00bfQu\u00e9 es Exaudi News? Exaudi News es un medio de comunicaci\u00f3n cat\u00f3lico internacional que informa, forma y transforma, diariamente en espa\u00f1ol, ingl\u00e9s e italiano. A trav\u00e9s de noticias, art\u00edculos de an\u00e1lisis y transmisiones en directo de los eventos del Papa, Exaudi busca fortalecer la unidad de los cristianos y contribuir a la evangelizaci\u00f3n del mundo, siempre guiados por la doctrina social de la Iglesia. Trabajamos para acercar la verdad y los valores cristianos a cada rinc\u00f3n del planeta. \u00a1Ay\u00fadanos a transformar el mundo con Exaudi! En Exaudi creemos que la evangelizaci\u00f3n y la informaci\u00f3n de calidad pueden cambiar vidas. Para continuar con nuestra misi\u00f3n y expandir nuestro alcance, necesitamos tu ayuda. Adem\u00e1s, buscamos personas comprometidas que deseen unirse a nuestro equipo. Con tu apoyo, lograremos llegar a m\u00e1s personas, difundir el mensaje de Cristo y reforzar la unidad de los cristianos. \u00bfTe unes a nuestra misi\u00f3n? Para m\u00e1s informaci\u00f3n sobre c\u00f3mo colaborar, visita Exaudi.org\\\/es o cont\u00e1ctanos directamente: info@exaudi.org Exaudi: Informa, forma y transforma.\",\"sameAs\":[\"https:\\\/\\\/www.facebook.com\\\/ExaudiNoticias\\\/\",\"https:\\\/\\\/www.instagram.com\\\/exaudi_noticias\\\/\",\"https:\\\/\\\/x.com\\\/Exaudi_noticias\",\"https:\\\/\\\/www.youtube.com\\\/@exaudicatholicnews\"],\"url\":\"https:\\\/\\\/exaudi.org\\\/es\\\/author\\\/redaccionexaudi\\\/\"}]}<\/script>\n<!-- \/ Yoast SEO plugin. -->","yoast_head_json":{"title":"El Papa Le\u00f3n XIV en Estambul: Un llamado a la fraternidad con los ancianos durante su viaje apost\u00f3lico a Turqu\u00eda &#8211; Exaudi","robots":{"index":"index","follow":"follow","max-snippet":"max-snippet:-1","max-image-preview":"max-image-preview:large","max-video-preview":"max-video-preview:-1"},"canonical":"https:\/\/exaudi.org\/es\/el-papa-leon-xiv-en-estambul-un-llamado-a-la-fraternidad-con-los-ancianos-durante-su-viaje-apostolico-a-turquia\/","og_locale":"es_ES","og_type":"article","og_title":"El Papa Le\u00f3n XIV en Estambul: Un llamado a la fraternidad con los ancianos durante su viaje apost\u00f3lico a Turqu\u00eda &#8211; Exaudi","og_description":"El Santo Padre resalta el valor de la acogida y la sabidur\u00eda de los mayores en un mundo dominado por la eficiencia","og_url":"https:\/\/exaudi.org\/es\/el-papa-leon-xiv-en-estambul-un-llamado-a-la-fraternidad-con-los-ancianos-durante-su-viaje-apostolico-a-turquia\/","og_site_name":"Exaudi","article_publisher":"https:\/\/www.facebook.com\/ExaudiNews","article_author":"https:\/\/www.facebook.com\/ExaudiNoticias\/","article_published_time":"2025-11-28T09:45:31+00:00","article_modified_time":"2025-11-28T09:48:22+00:00","og_image":[{"width":1080,"height":800,"url":"https:\/\/exaudi.org\/wp-content\/uploads\/2025\/11\/SaveClip.App_587480405_18543854251041022_310360521199965540_n-e1764323115971.jpg","type":"image\/jpeg"}],"author":"Exaudi Redacci\u00f3n","twitter_card":"summary_large_image","twitter_creator":"@Exaudi_noticias","twitter_site":"@Exaudi_News","twitter_misc":{"Escrito por":"Exaudi Redacci\u00f3n","Tiempo de lectura":"7 minutos"},"schema":{"@context":"https:\/\/schema.org","@graph":[{"@type":"Article","@id":"https:\/\/exaudi.org\/es\/el-papa-leon-xiv-en-estambul-un-llamado-a-la-fraternidad-con-los-ancianos-durante-su-viaje-apostolico-a-turquia\/#article","isPartOf":{"@id":"https:\/\/exaudi.org\/es\/el-papa-leon-xiv-en-estambul-un-llamado-a-la-fraternidad-con-los-ancianos-durante-su-viaje-apostolico-a-turquia\/"},"author":{"name":"Exaudi Redacci\u00f3n","@id":"https:\/\/exaudi.org\/#\/schema\/person\/f5fc8f063065e38742da7afe15f25df7"},"headline":"El Papa Le\u00f3n XIV en Estambul: Un llamado a la fraternidad con los ancianos durante su viaje apost\u00f3lico a Turqu\u00eda","datePublished":"2025-11-28T09:45:31+00:00","dateModified":"2025-11-28T09:48:22+00:00","mainEntityOfPage":{"@id":"https:\/\/exaudi.org\/es\/el-papa-leon-xiv-en-estambul-un-llamado-a-la-fraternidad-con-los-ancianos-durante-su-viaje-apostolico-a-turquia\/"},"wordCount":1326,"image":{"@id":"https:\/\/exaudi.org\/es\/el-papa-leon-xiv-en-estambul-un-llamado-a-la-fraternidad-con-los-ancianos-durante-su-viaje-apostolico-a-turquia\/#primaryimage"},"thumbnailUrl":"https:\/\/exaudi.org\/wp-content\/uploads\/2025\/11\/SaveClip.App_587480405_18543854251041022_310360521199965540_n-e1764323115971.jpg","keywords":["Ancianos","Caridad Cristiana","discurso Papa ancianos","ecumenismo Turqu\u00eda","Estambul 28 noviembre 2025","fraternidad cristiana","Iglesia cat\u00f3lica Turqu\u00eda","Le\u00f3n XIV Turqu\u00eda","papa en estambul","Papa Francisco ancianos","papa le\u00f3n xiv","Peque\u00f1as Hermanas de los Pobres","sabidur\u00eda de los ancianos","Trending","Vaticano 2025","Viaje Apost\u00f3lico Turqu\u00eda 2025","Viaje Apost\u00f3lico Turqu\u00eda y L\u00edbano","visita Papa Turqu\u00eda"],"articleSection":["Le\u00f3n XIV","Viajes"],"inLanguage":"es"},{"@type":"WebPage","@id":"https:\/\/exaudi.org\/es\/el-papa-leon-xiv-en-estambul-un-llamado-a-la-fraternidad-con-los-ancianos-durante-su-viaje-apostolico-a-turquia\/","url":"https:\/\/exaudi.org\/es\/el-papa-leon-xiv-en-estambul-un-llamado-a-la-fraternidad-con-los-ancianos-durante-su-viaje-apostolico-a-turquia\/","name":"El Papa Le\u00f3n XIV en Estambul: Un llamado a la fraternidad con los ancianos durante su viaje apost\u00f3lico a Turqu\u00eda &#8211; Exaudi","isPartOf":{"@id":"https:\/\/exaudi.org\/#website"},"primaryImageOfPage":{"@id":"https:\/\/exaudi.org\/es\/el-papa-leon-xiv-en-estambul-un-llamado-a-la-fraternidad-con-los-ancianos-durante-su-viaje-apostolico-a-turquia\/#primaryimage"},"image":{"@id":"https:\/\/exaudi.org\/es\/el-papa-leon-xiv-en-estambul-un-llamado-a-la-fraternidad-con-los-ancianos-durante-su-viaje-apostolico-a-turquia\/#primaryimage"},"thumbnailUrl":"https:\/\/exaudi.org\/wp-content\/uploads\/2025\/11\/SaveClip.App_587480405_18543854251041022_310360521199965540_n-e1764323115971.jpg","datePublished":"2025-11-28T09:45:31+00:00","dateModified":"2025-11-28T09:48:22+00:00","author":{"@id":"https:\/\/exaudi.org\/#\/schema\/person\/f5fc8f063065e38742da7afe15f25df7"},"breadcrumb":{"@id":"https:\/\/exaudi.org\/es\/el-papa-leon-xiv-en-estambul-un-llamado-a-la-fraternidad-con-los-ancianos-durante-su-viaje-apostolico-a-turquia\/#breadcrumb"},"inLanguage":"es","potentialAction":[{"@type":"ReadAction","target":["https:\/\/exaudi.org\/es\/el-papa-leon-xiv-en-estambul-un-llamado-a-la-fraternidad-con-los-ancianos-durante-su-viaje-apostolico-a-turquia\/"]}]},{"@type":"ImageObject","inLanguage":"es","@id":"https:\/\/exaudi.org\/es\/el-papa-leon-xiv-en-estambul-un-llamado-a-la-fraternidad-con-los-ancianos-durante-su-viaje-apostolico-a-turquia\/#primaryimage","url":"https:\/\/exaudi.org\/wp-content\/uploads\/2025\/11\/SaveClip.App_587480405_18543854251041022_310360521199965540_n-e1764323115971.jpg","contentUrl":"https:\/\/exaudi.org\/wp-content\/uploads\/2025\/11\/SaveClip.App_587480405_18543854251041022_310360521199965540_n-e1764323115971.jpg","width":1080,"height":800},{"@type":"BreadcrumbList","@id":"https:\/\/exaudi.org\/es\/el-papa-leon-xiv-en-estambul-un-llamado-a-la-fraternidad-con-los-ancianos-durante-su-viaje-apostolico-a-turquia\/#breadcrumb","itemListElement":[{"@type":"ListItem","position":1,"name":"Portada","item":"https:\/\/exaudi.org\/es\/"},{"@type":"ListItem","position":2,"name":"El Papa Le\u00f3n XIV en Estambul: Un llamado a la fraternidad con los ancianos durante su viaje apost\u00f3lico a Turqu\u00eda"}]},{"@type":"WebSite","@id":"https:\/\/exaudi.org\/#website","url":"https:\/\/exaudi.org\/","name":"Exaudi","description":"News","potentialAction":[{"@type":"SearchAction","target":{"@type":"EntryPoint","urlTemplate":"https:\/\/exaudi.org\/?s={search_term_string}"},"query-input":{"@type":"PropertyValueSpecification","valueRequired":true,"valueName":"search_term_string"}}],"inLanguage":"es"},{"@type":"Person","@id":"https:\/\/exaudi.org\/#\/schema\/person\/f5fc8f063065e38742da7afe15f25df7","name":"Exaudi Redacci\u00f3n","image":{"@type":"ImageObject","inLanguage":"es","@id":"https:\/\/secure.gravatar.com\/avatar\/fe0f6a059fb68d9b3e11bc5850dd4899b1c7492091a3cb6dd9b01b56ad828be2?s=96&d=mm&r=g","url":"https:\/\/secure.gravatar.com\/avatar\/fe0f6a059fb68d9b3e11bc5850dd4899b1c7492091a3cb6dd9b01b56ad828be2?s=96&d=mm&r=g","contentUrl":"https:\/\/secure.gravatar.com\/avatar\/fe0f6a059fb68d9b3e11bc5850dd4899b1c7492091a3cb6dd9b01b56ad828be2?s=96&d=mm&r=g","caption":"Exaudi Redacci\u00f3n"},"description":"\u00bfQu\u00e9 es Exaudi News? Exaudi News es un medio de comunicaci\u00f3n cat\u00f3lico internacional que informa, forma y transforma, diariamente en espa\u00f1ol, ingl\u00e9s e italiano. A trav\u00e9s de noticias, art\u00edculos de an\u00e1lisis y transmisiones en directo de los eventos del Papa, Exaudi busca fortalecer la unidad de los cristianos y contribuir a la evangelizaci\u00f3n del mundo, siempre guiados por la doctrina social de la Iglesia. Trabajamos para acercar la verdad y los valores cristianos a cada rinc\u00f3n del planeta. \u00a1Ay\u00fadanos a transformar el mundo con Exaudi! En Exaudi creemos que la evangelizaci\u00f3n y la informaci\u00f3n de calidad pueden cambiar vidas. Para continuar con nuestra misi\u00f3n y expandir nuestro alcance, necesitamos tu ayuda. Adem\u00e1s, buscamos personas comprometidas que deseen unirse a nuestro equipo. Con tu apoyo, lograremos llegar a m\u00e1s personas, difundir el mensaje de Cristo y reforzar la unidad de los cristianos. \u00bfTe unes a nuestra misi\u00f3n? Para m\u00e1s informaci\u00f3n sobre c\u00f3mo colaborar, visita Exaudi.org\/es o cont\u00e1ctanos directamente: info@exaudi.org Exaudi: Informa, forma y transforma.","sameAs":["https:\/\/www.facebook.com\/ExaudiNoticias\/","https:\/\/www.instagram.com\/exaudi_noticias\/","https:\/\/x.com\/Exaudi_noticias","https:\/\/www.youtube.com\/@exaudicatholicnews"],"url":"https:\/\/exaudi.org\/es\/author\/redaccionexaudi\/"}]}},"jetpack_featured_media_url":"https:\/\/exaudi.org\/wp-content\/uploads\/2025\/11\/SaveClip.App_587480405_18543854251041022_310360521199965540_n-e1764323115971.jpg","jetpack_shortlink":"https:\/\/wp.me\/pgKjF2-CwV","_links":{"self":[{"href":"https:\/\/exaudi.org\/es\/wp-json\/wp\/v2\/posts\/148113","targetHints":{"allow":["GET"]}}],"collection":[{"href":"https:\/\/exaudi.org\/es\/wp-json\/wp\/v2\/posts"}],"about":[{"href":"https:\/\/exaudi.org\/es\/wp-json\/wp\/v2\/types\/post"}],"author":[{"embeddable":true,"href":"https:\/\/exaudi.org\/es\/wp-json\/wp\/v2\/users\/15"}],"replies":[{"embeddable":true,"href":"https:\/\/exaudi.org\/es\/wp-json\/wp\/v2\/comments?post=148113"}],"version-history":[{"count":3,"href":"https:\/\/exaudi.org\/es\/wp-json\/wp\/v2\/posts\/148113\/revisions"}],"predecessor-version":[{"id":148122,"href":"https:\/\/exaudi.org\/es\/wp-json\/wp\/v2\/posts\/148113\/revisions\/148122"}],"wp:featuredmedia":[{"embeddable":true,"href":"https:\/\/exaudi.org\/es\/wp-json\/wp\/v2\/media\/148115"}],"wp:attachment":[{"href":"https:\/\/exaudi.org\/es\/wp-json\/wp\/v2\/media?parent=148113"}],"wp:term":[{"taxonomy":"category","embeddable":true,"href":"https:\/\/exaudi.org\/es\/wp-json\/wp\/v2\/categories?post=148113"},{"taxonomy":"post_tag","embeddable":true,"href":"https:\/\/exaudi.org\/es\/wp-json\/wp\/v2\/tags?post=148113"}],"curies":[{"name":"wp","href":"https:\/\/api.w.org\/{rel}","templated":true}]}}