{"id":147959,"date":"2025-11-27T13:48:20","date_gmt":"2025-11-27T12:48:20","guid":{"rendered":"https:\/\/exaudi.org\/?p=147959"},"modified":"2025-11-27T13:50:11","modified_gmt":"2025-11-27T12:50:11","slug":"eprex-celebra-diez-anos-con-cinco-millones-de-descargas","status":"publish","type":"post","link":"https:\/\/exaudi.org\/es\/eprex-celebra-diez-anos-con-cinco-millones-de-descargas\/","title":{"rendered":"ePrex celebra diez a\u00f1os con cinco millones de descargas"},"content":{"rendered":"<p>La aplicaci\u00f3n cat\u00f3lica <a href=\"https:\/\/eprex.app\/\" target=\"_blank\" rel=\"noopener\">ePrex<\/a> cumple diez a\u00f1os desde su llegada al mundo hispanohablante y alcanza casi cinco millones de descargas, consolid\u00e1ndose como una de las plataformas de oraci\u00f3n m\u00e1s usadas por fieles en Espa\u00f1a e Hispanoam\u00e9rica. El proyecto, nacido originalmente en Italia y renovado desde Espa\u00f1a, afronta ahora una nueva etapa de desarrollo para seguir ofreciendo gratuitamente los textos lit\u00fargicos, b\u00edblicos y devocionales a una base creciente de m\u00e1s de 50 min usuarios nuevos al mes.<\/p>\n<h3><strong>Los or\u00edgenes y su historia<\/strong><\/h3>\n<p><a href=\"https:\/\/eprex.app\/\" target=\"_blank\" rel=\"noopener\">ePrex<\/a> naci\u00f3 en Italia en 2012 como una aplicaci\u00f3n centrada en la Liturgia de las Horas. En 2015 lleg\u00f3 su versi\u00f3n en espa\u00f1ol, que permiti\u00f3 extender su uso entre comunidades hispanohablantes en Europa e Hispanoam\u00e9rica.<\/p>\n<p>Tras un tiempo de inactividad, en 2019 el proyecto fue asumido por una nueva direcci\u00f3n en Espa\u00f1a, que lo ha impulsado hasta convertirlo en una plataforma s\u00f3lida, mantenida por un equipo de voluntarios y con presencia estable en m\u00e1s de 180 pa\u00edses.<\/p>\n<h3><strong>Crecimiento y expansi\u00f3n internacional<\/strong><\/h3>\n<p>La app ha experimentado un crecimiento sostenido tanto en n\u00famero de usuarios como en presencia internacional. La aplicaci\u00f3n acumula <strong>casi 5 millones de descargas<\/strong> en App Store y Google Play, con una media de <strong>50.000 usuarios nuevos cada mes<\/strong>, cifras que la sit\u00faan entre las herramientas de oraci\u00f3n m\u00e1s utilizadas en el \u00e1mbito hispanohablante.<\/p>\n<p>La mayor parte de su comunidad se concentra en <strong>Espa\u00f1a<\/strong>, en diversos pa\u00edses de <strong>Hispanoam\u00e9rica<\/strong> y en <strong>Estados Unidos<\/strong>. Adem\u00e1s, la app mantiene una <strong>valoraci\u00f3n media global de 4,8 sobre 5<\/strong>, resultado de miles de rese\u00f1as positivas de usuarios que destacan sus tres pilares: es <strong>gratis<\/strong>, <strong>sin anuncios<\/strong> y puede usarse <strong>sin necesidad de conexi\u00f3n a internet<\/strong>.<\/p>\n<p>En esta \u00faltima etapa, ePrex ha incorporado contenidos lit\u00fargicos y devocionales que cubren gran parte de la oraci\u00f3n cotidiana: <strong>lecturas del d\u00eda, Evangelio, Liturgia de las Horas, Rosario, novenas, devocionarios, Biblia y Santo del d\u00eda<\/strong>, adem\u00e1s del reciente comentario diario al Evangelio.<\/p>\n<h3><strong>El futuro del proyecto<\/strong><\/h3>\n<p>Detr\u00e1s de ella hay un equipo de decenas de voluntarios convencidos de que la oraci\u00f3n cambia vidas y de la importancia que tiene esta herramienta en la vida espiritual de millones de personas.<\/p>\n<p><em>\u201cEs muy emocionante leer los mensajes de quienes nos dicen que, gracias a ePrex, han empezado a rezar, o que pueden hacerlo aun estando de misiones en sitios remotos\u2026 nos han llegado miles de testimonios distintos. Eso es lo que nos motiva a seguir creciendo.\u201d<\/em>, cuenta <strong>Pau Sab\u00e9, voluntario en ePrex<\/strong>.<\/p>\n<p>Actualmente, la app se encuentra en un momento clave: su <strong>objetivo<\/strong> es mejorar la app, ofrecer nuevos idiomas, crear nuevas funcionalidades (perfiles de usuario, notas, recordatorios, texto en audio\u2026) y, para lograrlo, se disponen a formar un equipo interno que les permita asegurar el futuro del proyecto.<\/p>\n<p><em>\u201cePrex es y ser\u00e1 siempre gratuita porque la oraci\u00f3n debe ser accesible a todos. Pero lo que se ofrece gratis, no es gratis de crear y mantener. Cada aportaci\u00f3n que llega de los usuarios de ePrex contribuye a sostener y desarrollar una app que acompa\u00f1a la vida interior de muchos hermanos nuestros en su d\u00eda a d\u00eda.\u201d<\/em>, apunta <strong>Francisco Javier (Patxi) De Navascu\u00e9s, responsable general de ePrex<\/strong>.<\/p>\n<p>Por eso, quienes deseen colaborar pueden hacerlo f\u00e1cilmente a trav\u00e9s de <a href=\"https:\/\/dona.eprex.app\/\" target=\"_blank\" rel=\"noopener\">www.<strong>eprex.app<\/strong>\/dona\/<\/a>.<\/p>\n<p><strong>A punto de comenzar su segunda d\u00e9cada, ePrex se consolida como un proyecto digital de referencia para la oraci\u00f3n en lengua espa\u00f1ola. La aplicaci\u00f3n afronta ahora una etapa centrada en mejorar su solidez t\u00e9cnica, ampliar funciones y garantizar su sostenibilidad para seguir ofreciendo gratuitamente los textos lit\u00fargicos y devocionales a una comunidad que crece cada a\u00f1o.<\/strong><\/p>\n","protected":false},"excerpt":{"rendered":"<p>Anuncia una nueva etapa de crecimiento y sostenibilidad\u00a0<\/p>\n","protected":false},"author":15,"featured_media":147961,"comment_status":"closed","ping_status":"closed","sticky":false,"template":"","format":"standard","meta":{"_acf_changed":false,"_crdt_document":"","inline_featured_image":false,"footnotes":""},"categories":[74],"tags":[83172,83177,4595,83176,83171,83175,83170,1372,83179,83173,17564,83174,676,83178,2000],"class_list":["post-147959","post","type-post","status-publish","format-standard","has-post-thumbnail","hentry","category-iglesia-y-mundo","tag-50-000-usuarios-nuevos-cada-mes","tag-ademas-del-reciente-comentario-diario-al-evangelio","tag-app","tag-biblia-y-santo-del-dia","tag-cinco-millones","tag-devocionarios","tag-eprex","tag-evangelio","tag-francisco-javier-patxi-de-navascues","tag-lecturas-del-dia","tag-liturgia-de-las-horas","tag-novenas","tag-oracion","tag-pau-sabe","tag-rosario-es"],"acf":[],"yoast_head":"<!-- This site is optimized with the Yoast SEO plugin v27.4 - https:\/\/yoast.com\/product\/yoast-seo-wordpress\/ -->\n<title>ePrex celebra diez a\u00f1os con cinco millones de descargas &#8211; Exaudi<\/title>\n<meta name=\"robots\" content=\"index, follow, max-snippet:-1, max-image-preview:large, max-video-preview:-1\" \/>\n<link rel=\"canonical\" href=\"https:\/\/exaudi.org\/es\/eprex-celebra-diez-anos-con-cinco-millones-de-descargas\/\" \/>\n<meta property=\"og:locale\" content=\"es_ES\" \/>\n<meta property=\"og:type\" content=\"article\" \/>\n<meta property=\"og:title\" content=\"ePrex celebra diez a\u00f1os con cinco millones de descargas &#8211; Exaudi\" \/>\n<meta property=\"og:description\" content=\"Anuncia una nueva etapa de crecimiento y sostenibilidad\u00a0\" \/>\n<meta property=\"og:url\" content=\"https:\/\/exaudi.org\/es\/eprex-celebra-diez-anos-con-cinco-millones-de-descargas\/\" \/>\n<meta property=\"og:site_name\" content=\"Exaudi\" \/>\n<meta property=\"article:publisher\" content=\"https:\/\/www.facebook.com\/ExaudiNews\" \/>\n<meta property=\"article:author\" content=\"https:\/\/www.facebook.com\/ExaudiNoticias\/\" \/>\n<meta property=\"article:published_time\" content=\"2025-11-27T12:48:20+00:00\" \/>\n<meta property=\"article:modified_time\" content=\"2025-11-27T12:50:11+00:00\" \/>\n<meta property=\"og:image\" content=\"https:\/\/exaudi.org\/wp-content\/uploads\/2025\/11\/Captura-de-pantalla-2025-11-27-a-las-13.48.25.png\" \/>\n\t<meta property=\"og:image:width\" content=\"1122\" \/>\n\t<meta property=\"og:image:height\" content=\"572\" \/>\n\t<meta property=\"og:image:type\" content=\"image\/png\" \/>\n<meta name=\"author\" content=\"Exaudi Redacci\u00f3n\" \/>\n<meta name=\"twitter:card\" content=\"summary_large_image\" \/>\n<meta name=\"twitter:creator\" content=\"@Exaudi_noticias\" \/>\n<meta name=\"twitter:site\" content=\"@Exaudi_News\" \/>\n<meta name=\"twitter:label1\" content=\"Escrito por\" \/>\n\t<meta name=\"twitter:data1\" content=\"Exaudi Redacci\u00f3n\" \/>\n\t<meta name=\"twitter:label2\" content=\"Tiempo de lectura\" \/>\n\t<meta name=\"twitter:data2\" content=\"3 minutos\" \/>\n<script type=\"application\/ld+json\" class=\"yoast-schema-graph\">{\"@context\":\"https:\\\/\\\/schema.org\",\"@graph\":[{\"@type\":\"Article\",\"@id\":\"https:\\\/\\\/exaudi.org\\\/es\\\/eprex-celebra-diez-anos-con-cinco-millones-de-descargas\\\/#article\",\"isPartOf\":{\"@id\":\"https:\\\/\\\/exaudi.org\\\/es\\\/eprex-celebra-diez-anos-con-cinco-millones-de-descargas\\\/\"},\"author\":{\"name\":\"Exaudi Redacci\u00f3n\",\"@id\":\"https:\\\/\\\/exaudi.org\\\/#\\\/schema\\\/person\\\/f5fc8f063065e38742da7afe15f25df7\"},\"headline\":\"ePrex celebra diez a\u00f1os con cinco millones de descargas\",\"datePublished\":\"2025-11-27T12:48:20+00:00\",\"dateModified\":\"2025-11-27T12:50:11+00:00\",\"mainEntityOfPage\":{\"@id\":\"https:\\\/\\\/exaudi.org\\\/es\\\/eprex-celebra-diez-anos-con-cinco-millones-de-descargas\\\/\"},\"wordCount\":646,\"image\":{\"@id\":\"https:\\\/\\\/exaudi.org\\\/es\\\/eprex-celebra-diez-anos-con-cinco-millones-de-descargas\\\/#primaryimage\"},\"thumbnailUrl\":\"https:\\\/\\\/exaudi.org\\\/wp-content\\\/uploads\\\/2025\\\/11\\\/Captura-de-pantalla-2025-11-27-a-las-13.48.25.png\",\"keywords\":[\"50.000 usuarios nuevos cada mes\",\"adem\u00e1s del reciente comentario diario al Evangelio\",\"APP\",\"Biblia y Santo del d\u00eda\",\"Cinco millones\",\"devocionarios\",\"ePrex\",\"Evangelio\",\"Francisco Javier (Patxi) De Navascu\u00e9s\",\"lecturas del d\u00eda\",\"Liturgia de las horas\",\"novenas\",\"Oraci\u00f3n\",\"Pau Sab\u00e9\",\"Rosario\"],\"articleSection\":[\"Iglesia y Mundo\"],\"inLanguage\":\"es\"},{\"@type\":\"WebPage\",\"@id\":\"https:\\\/\\\/exaudi.org\\\/es\\\/eprex-celebra-diez-anos-con-cinco-millones-de-descargas\\\/\",\"url\":\"https:\\\/\\\/exaudi.org\\\/es\\\/eprex-celebra-diez-anos-con-cinco-millones-de-descargas\\\/\",\"name\":\"ePrex celebra diez a\u00f1os con cinco millones de descargas &#8211; Exaudi\",\"isPartOf\":{\"@id\":\"https:\\\/\\\/exaudi.org\\\/#website\"},\"primaryImageOfPage\":{\"@id\":\"https:\\\/\\\/exaudi.org\\\/es\\\/eprex-celebra-diez-anos-con-cinco-millones-de-descargas\\\/#primaryimage\"},\"image\":{\"@id\":\"https:\\\/\\\/exaudi.org\\\/es\\\/eprex-celebra-diez-anos-con-cinco-millones-de-descargas\\\/#primaryimage\"},\"thumbnailUrl\":\"https:\\\/\\\/exaudi.org\\\/wp-content\\\/uploads\\\/2025\\\/11\\\/Captura-de-pantalla-2025-11-27-a-las-13.48.25.png\",\"datePublished\":\"2025-11-27T12:48:20+00:00\",\"dateModified\":\"2025-11-27T12:50:11+00:00\",\"author\":{\"@id\":\"https:\\\/\\\/exaudi.org\\\/#\\\/schema\\\/person\\\/f5fc8f063065e38742da7afe15f25df7\"},\"breadcrumb\":{\"@id\":\"https:\\\/\\\/exaudi.org\\\/es\\\/eprex-celebra-diez-anos-con-cinco-millones-de-descargas\\\/#breadcrumb\"},\"inLanguage\":\"es\",\"potentialAction\":[{\"@type\":\"ReadAction\",\"target\":[\"https:\\\/\\\/exaudi.org\\\/es\\\/eprex-celebra-diez-anos-con-cinco-millones-de-descargas\\\/\"]}]},{\"@type\":\"ImageObject\",\"inLanguage\":\"es\",\"@id\":\"https:\\\/\\\/exaudi.org\\\/es\\\/eprex-celebra-diez-anos-con-cinco-millones-de-descargas\\\/#primaryimage\",\"url\":\"https:\\\/\\\/exaudi.org\\\/wp-content\\\/uploads\\\/2025\\\/11\\\/Captura-de-pantalla-2025-11-27-a-las-13.48.25.png\",\"contentUrl\":\"https:\\\/\\\/exaudi.org\\\/wp-content\\\/uploads\\\/2025\\\/11\\\/Captura-de-pantalla-2025-11-27-a-las-13.48.25.png\",\"width\":1122,\"height\":572},{\"@type\":\"BreadcrumbList\",\"@id\":\"https:\\\/\\\/exaudi.org\\\/es\\\/eprex-celebra-diez-anos-con-cinco-millones-de-descargas\\\/#breadcrumb\",\"itemListElement\":[{\"@type\":\"ListItem\",\"position\":1,\"name\":\"Portada\",\"item\":\"https:\\\/\\\/exaudi.org\\\/es\\\/\"},{\"@type\":\"ListItem\",\"position\":2,\"name\":\"ePrex celebra diez a\u00f1os con cinco millones de descargas\"}]},{\"@type\":\"WebSite\",\"@id\":\"https:\\\/\\\/exaudi.org\\\/#website\",\"url\":\"https:\\\/\\\/exaudi.org\\\/\",\"name\":\"Exaudi\",\"description\":\"News\",\"potentialAction\":[{\"@type\":\"SearchAction\",\"target\":{\"@type\":\"EntryPoint\",\"urlTemplate\":\"https:\\\/\\\/exaudi.org\\\/?s={search_term_string}\"},\"query-input\":{\"@type\":\"PropertyValueSpecification\",\"valueRequired\":true,\"valueName\":\"search_term_string\"}}],\"inLanguage\":\"es\"},{\"@type\":\"Person\",\"@id\":\"https:\\\/\\\/exaudi.org\\\/#\\\/schema\\\/person\\\/f5fc8f063065e38742da7afe15f25df7\",\"name\":\"Exaudi Redacci\u00f3n\",\"image\":{\"@type\":\"ImageObject\",\"inLanguage\":\"es\",\"@id\":\"https:\\\/\\\/secure.gravatar.com\\\/avatar\\\/fe0f6a059fb68d9b3e11bc5850dd4899b1c7492091a3cb6dd9b01b56ad828be2?s=96&d=mm&r=g\",\"url\":\"https:\\\/\\\/secure.gravatar.com\\\/avatar\\\/fe0f6a059fb68d9b3e11bc5850dd4899b1c7492091a3cb6dd9b01b56ad828be2?s=96&d=mm&r=g\",\"contentUrl\":\"https:\\\/\\\/secure.gravatar.com\\\/avatar\\\/fe0f6a059fb68d9b3e11bc5850dd4899b1c7492091a3cb6dd9b01b56ad828be2?s=96&d=mm&r=g\",\"caption\":\"Exaudi Redacci\u00f3n\"},\"description\":\"\u00bfQu\u00e9 es Exaudi News? Exaudi News es un medio de comunicaci\u00f3n cat\u00f3lico internacional que informa, forma y transforma, diariamente en espa\u00f1ol, ingl\u00e9s e italiano. A trav\u00e9s de noticias, art\u00edculos de an\u00e1lisis y transmisiones en directo de los eventos del Papa, Exaudi busca fortalecer la unidad de los cristianos y contribuir a la evangelizaci\u00f3n del mundo, siempre guiados por la doctrina social de la Iglesia. Trabajamos para acercar la verdad y los valores cristianos a cada rinc\u00f3n del planeta. \u00a1Ay\u00fadanos a transformar el mundo con Exaudi! En Exaudi creemos que la evangelizaci\u00f3n y la informaci\u00f3n de calidad pueden cambiar vidas. Para continuar con nuestra misi\u00f3n y expandir nuestro alcance, necesitamos tu ayuda. Adem\u00e1s, buscamos personas comprometidas que deseen unirse a nuestro equipo. Con tu apoyo, lograremos llegar a m\u00e1s personas, difundir el mensaje de Cristo y reforzar la unidad de los cristianos. \u00bfTe unes a nuestra misi\u00f3n? Para m\u00e1s informaci\u00f3n sobre c\u00f3mo colaborar, visita Exaudi.org\\\/es o cont\u00e1ctanos directamente: info@exaudi.org Exaudi: Informa, forma y transforma.\",\"sameAs\":[\"https:\\\/\\\/www.facebook.com\\\/ExaudiNoticias\\\/\",\"https:\\\/\\\/www.instagram.com\\\/exaudi_noticias\\\/\",\"https:\\\/\\\/x.com\\\/Exaudi_noticias\",\"https:\\\/\\\/www.youtube.com\\\/@exaudicatholicnews\"],\"url\":\"https:\\\/\\\/exaudi.org\\\/es\\\/author\\\/redaccionexaudi\\\/\"}]}<\/script>\n<!-- \/ Yoast SEO plugin. -->","yoast_head_json":{"title":"ePrex celebra diez a\u00f1os con cinco millones de descargas &#8211; Exaudi","robots":{"index":"index","follow":"follow","max-snippet":"max-snippet:-1","max-image-preview":"max-image-preview:large","max-video-preview":"max-video-preview:-1"},"canonical":"https:\/\/exaudi.org\/es\/eprex-celebra-diez-anos-con-cinco-millones-de-descargas\/","og_locale":"es_ES","og_type":"article","og_title":"ePrex celebra diez a\u00f1os con cinco millones de descargas &#8211; Exaudi","og_description":"Anuncia una nueva etapa de crecimiento y sostenibilidad\u00a0","og_url":"https:\/\/exaudi.org\/es\/eprex-celebra-diez-anos-con-cinco-millones-de-descargas\/","og_site_name":"Exaudi","article_publisher":"https:\/\/www.facebook.com\/ExaudiNews","article_author":"https:\/\/www.facebook.com\/ExaudiNoticias\/","article_published_time":"2025-11-27T12:48:20+00:00","article_modified_time":"2025-11-27T12:50:11+00:00","og_image":[{"width":1122,"height":572,"url":"https:\/\/exaudi.org\/wp-content\/uploads\/2025\/11\/Captura-de-pantalla-2025-11-27-a-las-13.48.25.png","type":"image\/png"}],"author":"Exaudi Redacci\u00f3n","twitter_card":"summary_large_image","twitter_creator":"@Exaudi_noticias","twitter_site":"@Exaudi_News","twitter_misc":{"Escrito por":"Exaudi Redacci\u00f3n","Tiempo de lectura":"3 minutos"},"schema":{"@context":"https:\/\/schema.org","@graph":[{"@type":"Article","@id":"https:\/\/exaudi.org\/es\/eprex-celebra-diez-anos-con-cinco-millones-de-descargas\/#article","isPartOf":{"@id":"https:\/\/exaudi.org\/es\/eprex-celebra-diez-anos-con-cinco-millones-de-descargas\/"},"author":{"name":"Exaudi Redacci\u00f3n","@id":"https:\/\/exaudi.org\/#\/schema\/person\/f5fc8f063065e38742da7afe15f25df7"},"headline":"ePrex celebra diez a\u00f1os con cinco millones de descargas","datePublished":"2025-11-27T12:48:20+00:00","dateModified":"2025-11-27T12:50:11+00:00","mainEntityOfPage":{"@id":"https:\/\/exaudi.org\/es\/eprex-celebra-diez-anos-con-cinco-millones-de-descargas\/"},"wordCount":646,"image":{"@id":"https:\/\/exaudi.org\/es\/eprex-celebra-diez-anos-con-cinco-millones-de-descargas\/#primaryimage"},"thumbnailUrl":"https:\/\/exaudi.org\/wp-content\/uploads\/2025\/11\/Captura-de-pantalla-2025-11-27-a-las-13.48.25.png","keywords":["50.000 usuarios nuevos cada mes","adem\u00e1s del reciente comentario diario al Evangelio","APP","Biblia y Santo del d\u00eda","Cinco millones","devocionarios","ePrex","Evangelio","Francisco Javier (Patxi) De Navascu\u00e9s","lecturas del d\u00eda","Liturgia de las horas","novenas","Oraci\u00f3n","Pau Sab\u00e9","Rosario"],"articleSection":["Iglesia y Mundo"],"inLanguage":"es"},{"@type":"WebPage","@id":"https:\/\/exaudi.org\/es\/eprex-celebra-diez-anos-con-cinco-millones-de-descargas\/","url":"https:\/\/exaudi.org\/es\/eprex-celebra-diez-anos-con-cinco-millones-de-descargas\/","name":"ePrex celebra diez a\u00f1os con cinco millones de descargas &#8211; Exaudi","isPartOf":{"@id":"https:\/\/exaudi.org\/#website"},"primaryImageOfPage":{"@id":"https:\/\/exaudi.org\/es\/eprex-celebra-diez-anos-con-cinco-millones-de-descargas\/#primaryimage"},"image":{"@id":"https:\/\/exaudi.org\/es\/eprex-celebra-diez-anos-con-cinco-millones-de-descargas\/#primaryimage"},"thumbnailUrl":"https:\/\/exaudi.org\/wp-content\/uploads\/2025\/11\/Captura-de-pantalla-2025-11-27-a-las-13.48.25.png","datePublished":"2025-11-27T12:48:20+00:00","dateModified":"2025-11-27T12:50:11+00:00","author":{"@id":"https:\/\/exaudi.org\/#\/schema\/person\/f5fc8f063065e38742da7afe15f25df7"},"breadcrumb":{"@id":"https:\/\/exaudi.org\/es\/eprex-celebra-diez-anos-con-cinco-millones-de-descargas\/#breadcrumb"},"inLanguage":"es","potentialAction":[{"@type":"ReadAction","target":["https:\/\/exaudi.org\/es\/eprex-celebra-diez-anos-con-cinco-millones-de-descargas\/"]}]},{"@type":"ImageObject","inLanguage":"es","@id":"https:\/\/exaudi.org\/es\/eprex-celebra-diez-anos-con-cinco-millones-de-descargas\/#primaryimage","url":"https:\/\/exaudi.org\/wp-content\/uploads\/2025\/11\/Captura-de-pantalla-2025-11-27-a-las-13.48.25.png","contentUrl":"https:\/\/exaudi.org\/wp-content\/uploads\/2025\/11\/Captura-de-pantalla-2025-11-27-a-las-13.48.25.png","width":1122,"height":572},{"@type":"BreadcrumbList","@id":"https:\/\/exaudi.org\/es\/eprex-celebra-diez-anos-con-cinco-millones-de-descargas\/#breadcrumb","itemListElement":[{"@type":"ListItem","position":1,"name":"Portada","item":"https:\/\/exaudi.org\/es\/"},{"@type":"ListItem","position":2,"name":"ePrex celebra diez a\u00f1os con cinco millones de descargas"}]},{"@type":"WebSite","@id":"https:\/\/exaudi.org\/#website","url":"https:\/\/exaudi.org\/","name":"Exaudi","description":"News","potentialAction":[{"@type":"SearchAction","target":{"@type":"EntryPoint","urlTemplate":"https:\/\/exaudi.org\/?s={search_term_string}"},"query-input":{"@type":"PropertyValueSpecification","valueRequired":true,"valueName":"search_term_string"}}],"inLanguage":"es"},{"@type":"Person","@id":"https:\/\/exaudi.org\/#\/schema\/person\/f5fc8f063065e38742da7afe15f25df7","name":"Exaudi Redacci\u00f3n","image":{"@type":"ImageObject","inLanguage":"es","@id":"https:\/\/secure.gravatar.com\/avatar\/fe0f6a059fb68d9b3e11bc5850dd4899b1c7492091a3cb6dd9b01b56ad828be2?s=96&d=mm&r=g","url":"https:\/\/secure.gravatar.com\/avatar\/fe0f6a059fb68d9b3e11bc5850dd4899b1c7492091a3cb6dd9b01b56ad828be2?s=96&d=mm&r=g","contentUrl":"https:\/\/secure.gravatar.com\/avatar\/fe0f6a059fb68d9b3e11bc5850dd4899b1c7492091a3cb6dd9b01b56ad828be2?s=96&d=mm&r=g","caption":"Exaudi Redacci\u00f3n"},"description":"\u00bfQu\u00e9 es Exaudi News? Exaudi News es un medio de comunicaci\u00f3n cat\u00f3lico internacional que informa, forma y transforma, diariamente en espa\u00f1ol, ingl\u00e9s e italiano. A trav\u00e9s de noticias, art\u00edculos de an\u00e1lisis y transmisiones en directo de los eventos del Papa, Exaudi busca fortalecer la unidad de los cristianos y contribuir a la evangelizaci\u00f3n del mundo, siempre guiados por la doctrina social de la Iglesia. Trabajamos para acercar la verdad y los valores cristianos a cada rinc\u00f3n del planeta. \u00a1Ay\u00fadanos a transformar el mundo con Exaudi! En Exaudi creemos que la evangelizaci\u00f3n y la informaci\u00f3n de calidad pueden cambiar vidas. Para continuar con nuestra misi\u00f3n y expandir nuestro alcance, necesitamos tu ayuda. Adem\u00e1s, buscamos personas comprometidas que deseen unirse a nuestro equipo. Con tu apoyo, lograremos llegar a m\u00e1s personas, difundir el mensaje de Cristo y reforzar la unidad de los cristianos. \u00bfTe unes a nuestra misi\u00f3n? Para m\u00e1s informaci\u00f3n sobre c\u00f3mo colaborar, visita Exaudi.org\/es o cont\u00e1ctanos directamente: info@exaudi.org Exaudi: Informa, forma y transforma.","sameAs":["https:\/\/www.facebook.com\/ExaudiNoticias\/","https:\/\/www.instagram.com\/exaudi_noticias\/","https:\/\/x.com\/Exaudi_noticias","https:\/\/www.youtube.com\/@exaudicatholicnews"],"url":"https:\/\/exaudi.org\/es\/author\/redaccionexaudi\/"}]}},"jetpack_featured_media_url":"https:\/\/exaudi.org\/wp-content\/uploads\/2025\/11\/Captura-de-pantalla-2025-11-27-a-las-13.48.25.png","jetpack_shortlink":"https:\/\/wp.me\/pgKjF2-Cur","_links":{"self":[{"href":"https:\/\/exaudi.org\/es\/wp-json\/wp\/v2\/posts\/147959","targetHints":{"allow":["GET"]}}],"collection":[{"href":"https:\/\/exaudi.org\/es\/wp-json\/wp\/v2\/posts"}],"about":[{"href":"https:\/\/exaudi.org\/es\/wp-json\/wp\/v2\/types\/post"}],"author":[{"embeddable":true,"href":"https:\/\/exaudi.org\/es\/wp-json\/wp\/v2\/users\/15"}],"replies":[{"embeddable":true,"href":"https:\/\/exaudi.org\/es\/wp-json\/wp\/v2\/comments?post=147959"}],"version-history":[{"count":2,"href":"https:\/\/exaudi.org\/es\/wp-json\/wp\/v2\/posts\/147959\/revisions"}],"predecessor-version":[{"id":147964,"href":"https:\/\/exaudi.org\/es\/wp-json\/wp\/v2\/posts\/147959\/revisions\/147964"}],"wp:featuredmedia":[{"embeddable":true,"href":"https:\/\/exaudi.org\/es\/wp-json\/wp\/v2\/media\/147961"}],"wp:attachment":[{"href":"https:\/\/exaudi.org\/es\/wp-json\/wp\/v2\/media?parent=147959"}],"wp:term":[{"taxonomy":"category","embeddable":true,"href":"https:\/\/exaudi.org\/es\/wp-json\/wp\/v2\/categories?post=147959"},{"taxonomy":"post_tag","embeddable":true,"href":"https:\/\/exaudi.org\/es\/wp-json\/wp\/v2\/tags?post=147959"}],"curies":[{"name":"wp","href":"https:\/\/api.w.org\/{rel}","templated":true}]}}