{"id":14773,"date":"2021-05-03T15:09:27","date_gmt":"2021-05-03T13:09:27","guid":{"rendered":"https:\/\/exaudi.org\/?p=14773"},"modified":"2021-05-04T16:33:29","modified_gmt":"2021-05-04T14:33:29","slug":"papa-consistorio-canonizacion-7-beatos-2021","status":"publish","type":"post","link":"https:\/\/exaudi.org\/es\/papa-consistorio-canonizacion-7-beatos-2021\/","title":{"rendered":"El Papa preside Consistorio para canonizaci\u00f3n de 7 beatos"},"content":{"rendered":"<p>A las 10 horas de la ma\u00f1ana de hoy, lunes 3 de mayo de 2021, el Papa Francisco ha presidido en la Sala del Consistorio del Palacio Apost\u00f3lico Vaticano la celebraci\u00f3n de la tercera hora y el Consistorio ordinario p\u00fablico para la canonizaci\u00f3n de 7 beatos. As\u00ed ha informado la <a href=\"http:\/\/www.vatican.va\/news_services\/press\/index_sp.htm\" target=\"_blank\" rel=\"noopener noreferrer\">Oficina de Prensa de la Santa Sede.<\/a><\/p>\n<p><img loading=\"lazy\" decoding=\"async\" class=\"alignleft wp-image-14807 size-medium\" src=\"https:\/\/exaudi.org\/wp-content\/uploads\/2021\/05\/DSC5573_050421--300x200.jpg\" alt=\"Papa Consistorio 7 beatos\" width=\"300\" height=\"200\" srcset=\"https:\/\/exaudi.org\/wp-content\/uploads\/2021\/05\/DSC5573_050421--300x200.jpg 300w, https:\/\/exaudi.org\/wp-content\/uploads\/2021\/05\/DSC5573_050421--1024x683.jpg 1024w, https:\/\/exaudi.org\/wp-content\/uploads\/2021\/05\/DSC5573_050421--768x512.jpg 768w, https:\/\/exaudi.org\/wp-content\/uploads\/2021\/05\/DSC5573_050421--1536x1024.jpg 1536w, https:\/\/exaudi.org\/wp-content\/uploads\/2021\/05\/DSC5573_050421--2048x1365.jpg 2048w, https:\/\/exaudi.org\/wp-content\/uploads\/2021\/05\/DSC5573_050421--150x100.jpg 150w, https:\/\/exaudi.org\/wp-content\/uploads\/2021\/05\/DSC5573_050421--696x464.jpg 696w, https:\/\/exaudi.org\/wp-content\/uploads\/2021\/05\/DSC5573_050421--1068x712.jpg 1068w, https:\/\/exaudi.org\/wp-content\/uploads\/2021\/05\/DSC5573_050421--1920x1280.jpg 1920w, https:\/\/exaudi.org\/wp-content\/uploads\/2021\/05\/DSC5573_050421--630x420.jpg 630w\" sizes=\"auto, (max-width: 300px) 100vw, 300px\" \/><\/p>\n<p>La fecha de la canonizaci\u00f3n a\u00fan est\u00e1 por definir, expuso el Santo Padre en la f\u00f3rmula latina utilizada para los siete beatos de quienes ha recordado sus \u201cvidas cristianas y ejemplar santidad\u201d. La decisi\u00f3n de establecer el d\u00eda de la canonizaci\u00f3n en una fecha posterior se ha visto\u00a0 influida por la actual emergencia sanitaria de la COVID-19.<\/p>\n<p>Los beatos que ser\u00e1n pr\u00f3ximamente canonizados son los siguientes: El laico y m\u00e1rtir L\u00e1zaro, llamado Devasahayam, el sacerdote C\u00e9sar de Bus, fundador de la Congregaci\u00f3n de los Padres de la Doctrina Cristiana, el padre Luigi Maria Palazzolo, fundador del Instituto de las Hermanas de los Pobres, el sacerdote Giustino Mar\u00eda Russolillo, fundador de la Sociedad de las Divinas Vocaciones y de la Congregaci\u00f3n de las Hermanas de las Divinas Vocaciones, el padre diocesano Charles de Foucauld, la hermana Maria Francesca di Ges\u00f9, fundadora de las Hermanas Terciarias Capuchinas de <em>Loano,\u00a0<\/em>y la hermana Mar\u00eda Domenica Mantovani,\u00a0cofundadora y primera superiora general del Instituto de las Hermanitas de la Sagrada Familia.<\/p>\n<h4><strong>Charles de Foucauld<\/strong><\/h4>\n<p><img loading=\"lazy\" decoding=\"async\" class=\"alignright wp-image-14801 size-medium\" src=\"https:\/\/exaudi.org\/wp-content\/uploads\/2021\/05\/DSC5548_050421--300x200.jpg\" alt=\"Papa Consistorio 7 beatos\" width=\"300\" height=\"200\" srcset=\"https:\/\/exaudi.org\/wp-content\/uploads\/2021\/05\/DSC5548_050421--300x200.jpg 300w, https:\/\/exaudi.org\/wp-content\/uploads\/2021\/05\/DSC5548_050421--1024x683.jpg 1024w, https:\/\/exaudi.org\/wp-content\/uploads\/2021\/05\/DSC5548_050421--768x512.jpg 768w, https:\/\/exaudi.org\/wp-content\/uploads\/2021\/05\/DSC5548_050421--1536x1024.jpg 1536w, https:\/\/exaudi.org\/wp-content\/uploads\/2021\/05\/DSC5548_050421--2048x1365.jpg 2048w, https:\/\/exaudi.org\/wp-content\/uploads\/2021\/05\/DSC5548_050421--150x100.jpg 150w, https:\/\/exaudi.org\/wp-content\/uploads\/2021\/05\/DSC5548_050421--696x464.jpg 696w, https:\/\/exaudi.org\/wp-content\/uploads\/2021\/05\/DSC5548_050421--1068x712.jpg 1068w, https:\/\/exaudi.org\/wp-content\/uploads\/2021\/05\/DSC5548_050421--1920x1280.jpg 1920w, https:\/\/exaudi.org\/wp-content\/uploads\/2021\/05\/DSC5548_050421--630x420.jpg 630w\" sizes=\"auto, (max-width: 300px) 100vw, 300px\" \/>El m\u00e1s conocido de este grupo de nuevos santos es probablemente Carlos de Foucauld, religioso franc\u00e9s beatificado en 2005 por el Papa\u00a0<a href=\"https:\/\/exaudi.org\/es\/benedicto-xvi-renuncia-conciencia\/\" target=\"_blank\" rel=\"noopener noreferrer\">Benedicto XVI<\/a>. Noble (era vizconde de Pontbriand), originario de Estrasburgo, despu\u00e9s de una vida agitada como soldado y explorador en \u00c1frica y de varias aventuras amorosas, a principios de 1889 en Nazaret comprendi\u00f3 la necesidad de cambiar su vida. Su conversi\u00f3n le llev\u00f3 primero a entrar en un comedor social, y despu\u00e9s, tras un nuevo viaje interior, culmin\u00f3 con su ordenaci\u00f3n sacerdotal en 1901.<\/p>\n<p>Se traslad\u00f3 a Argelia, donde estableci\u00f3 una ermita e intent\u00f3, sin \u00e9xito, fundar una congregaci\u00f3n religiosa. Solo consigui\u00f3 fundar una asociaci\u00f3n de fieles laicos, los Hermanos y Hermanas del Sagrado Coraz\u00f3n de Jes\u00fas. Charles de Foucauld muri\u00f3 el 1 de diciembre de 1916, durante un asalto de los merodeadores al fuerte que hab\u00eda construido para defender a los habitantes de la ermita de Tamanrasset. Tras su muerte, sus escritos y su fama dieron lugar a una amplia familia espiritual e inspiraron, entre otros, a Kiko Arguello, fundador del\u00a0<a href=\"https:\/\/neocatechumenaleiter.org\/\" target=\"_blank\" rel=\"noopener noreferrer\">Camino Neocatecumenal<\/a>.<\/p>\n<h4><strong>Luigi Maria Palazzolo<\/strong><\/h4>\n<p>Tambi\u00e9n se convertir\u00e1 en santo el sacerdote bergamasco Luigi Maria Palazzolo, fallecido en 1886, que fund\u00f3 el Instituto de las Clarisas el 22 de mayo de 1869.<\/p>\n<p>El Instituto est\u00e1 ahora repartido por Italia, Sudam\u00e9rica y \u00c1frica. En las \u00faltimas semanas, el Papa Francisco hab\u00eda declarado venerables a seis hermanas de la congregaci\u00f3n que perdieron la vida en el Congo ayudando a la poblaci\u00f3n local durante la epidemia de \u00e9bola entre abril y mayo de 1995.<\/p>\n<h4><strong>L\u00e1zaro Devasahayam<\/strong><\/h4>\n<p><img loading=\"lazy\" decoding=\"async\" class=\"size-medium wp-image-14798 alignleft\" src=\"https:\/\/exaudi.org\/wp-content\/uploads\/2021\/05\/DSC5568_050421--300x200.jpg\" alt=\"\" width=\"300\" height=\"200\" srcset=\"https:\/\/exaudi.org\/wp-content\/uploads\/2021\/05\/DSC5568_050421--300x200.jpg 300w, https:\/\/exaudi.org\/wp-content\/uploads\/2021\/05\/DSC5568_050421--1024x683.jpg 1024w, https:\/\/exaudi.org\/wp-content\/uploads\/2021\/05\/DSC5568_050421--768x512.jpg 768w, https:\/\/exaudi.org\/wp-content\/uploads\/2021\/05\/DSC5568_050421--1536x1024.jpg 1536w, https:\/\/exaudi.org\/wp-content\/uploads\/2021\/05\/DSC5568_050421--2048x1365.jpg 2048w, https:\/\/exaudi.org\/wp-content\/uploads\/2021\/05\/DSC5568_050421--150x100.jpg 150w, https:\/\/exaudi.org\/wp-content\/uploads\/2021\/05\/DSC5568_050421--696x464.jpg 696w, https:\/\/exaudi.org\/wp-content\/uploads\/2021\/05\/DSC5568_050421--1068x712.jpg 1068w, https:\/\/exaudi.org\/wp-content\/uploads\/2021\/05\/DSC5568_050421--1920x1280.jpg 1920w, https:\/\/exaudi.org\/wp-content\/uploads\/2021\/05\/DSC5568_050421--630x420.jpg 630w\" sizes=\"auto, (max-width: 300px) 100vw, 300px\" \/>Entre los nuevos santos est\u00e1 L\u00e1zaro, conocido como Devasahayam, un m\u00e1rtir indio que vivi\u00f3 en el siglo XVIII en la corte del rey de Travancore. Nacido en el seno de una rica familia hind\u00fa, se convirti\u00f3 al cristianismo gracias a un misionero jesuita, el padre Juan Bautista Buttari.<\/p>\n<p>Fue bautizado en 1745, a la edad de 23 a\u00f1os. En 1749 fue detenido y comenz\u00f3 un periodo de torturas y humillaciones hasta que fue desterrado a las fronteras del reino. Sin embargo, nunca abandon\u00f3 su labor evangelizadora, gracias a la cual consigui\u00f3 numerosas conversiones al cristianismo. El 17 de enero de 1752 un grupo de soldados lo asesin\u00f3 con cinco disparos de fusil.<\/p>\n<h4><strong>C\u00e9sar de Bus<\/strong><\/h4>\n<p>Nacido en Francia en 1544 en el seno de una familia noble originaria de Como, C\u00e9sar de Bus, uno de los nuevos santos, particip\u00f3 en las guerras contra los hugonotes. Se hizo sacerdote en 1582 y fund\u00f3 la Congregaci\u00f3n de Sacerdotes de la Doctrina Cristiana. Su cuerpo descansa en Roma, en la iglesia de Santa Mar\u00eda in Monticelli, curia general de la Congregaci\u00f3n.<\/p>\n<h4><b>Giustino Maria Russolillo<\/b><\/h4>\n<p><img loading=\"lazy\" decoding=\"async\" class=\"alignright wp-image-14810 size-medium\" src=\"https:\/\/exaudi.org\/wp-content\/uploads\/2021\/05\/DSC5556_050421--300x200.jpg\" alt=\"Papa Consistorio 7 beatos\" width=\"300\" height=\"200\" srcset=\"https:\/\/exaudi.org\/wp-content\/uploads\/2021\/05\/DSC5556_050421--300x200.jpg 300w, https:\/\/exaudi.org\/wp-content\/uploads\/2021\/05\/DSC5556_050421--1024x683.jpg 1024w, https:\/\/exaudi.org\/wp-content\/uploads\/2021\/05\/DSC5556_050421--768x512.jpg 768w, https:\/\/exaudi.org\/wp-content\/uploads\/2021\/05\/DSC5556_050421--1536x1024.jpg 1536w, https:\/\/exaudi.org\/wp-content\/uploads\/2021\/05\/DSC5556_050421--2048x1365.jpg 2048w, https:\/\/exaudi.org\/wp-content\/uploads\/2021\/05\/DSC5556_050421--150x100.jpg 150w, https:\/\/exaudi.org\/wp-content\/uploads\/2021\/05\/DSC5556_050421--696x464.jpg 696w, https:\/\/exaudi.org\/wp-content\/uploads\/2021\/05\/DSC5556_050421--1068x712.jpg 1068w, https:\/\/exaudi.org\/wp-content\/uploads\/2021\/05\/DSC5556_050421--1920x1280.jpg 1920w, https:\/\/exaudi.org\/wp-content\/uploads\/2021\/05\/DSC5556_050421--630x420.jpg 630w\" sizes=\"auto, (max-width: 300px) 100vw, 300px\" \/>Giustino Maria Russolillo fue un sacerdote napolitano que muri\u00f3 en 1955 y fue beatificado por el Papa Benedicto en 2011. Se le considera el ap\u00f3stol de las vocaciones porque, adem\u00e1s de fundar la Sociedad de las Divinas Vocaciones y la Congregaci\u00f3n de las Hermanas de las Divinas Vocaciones, en su ministerio pastoral como p\u00e1rroco y predicador de ejercicios espirituales fue un incansable gu\u00eda de los j\u00f3venes en el discernimiento vocacional.<\/p>\n<h4><b>Maria Francesca di Ges\u00f9<\/b><\/h4>\n<p>Nacida en el Piamonte, Anna Maria Rubatto se dedic\u00f3 durante a\u00f1os a ayudar a los pobres de Tur\u00edn, visitando a los enfermos en el Cottolengo y trabajando constantemente en el Oratorio de Don Bosco. Fund\u00f3 en la ciudad de Loano, cerca de Savona, el Instituto de las Hermanas Terciarias Capuchinas y luego parti\u00f3 hacia Am\u00e9rica Latina, donde se esforz\u00f3 por servir a los pobres. En 1892 llev\u00f3 a sus hermanas a Montevideo, en Uruguay, y de all\u00ed, al poco tiempo, a Argentina y Brasil. Siete veces la Madre Francisca cruz\u00f3 el oc\u00e9ano para acompa\u00f1ar y visitar a sus hijas. Muri\u00f3 en Montevideo en 1904 y fue beatificada ochenta y nueve a\u00f1os despu\u00e9s por Juan Pablo II en 1993.<\/p>\n<h4><b>Maria Domenica Mantovani<\/b><\/h4>\n<p>Primera superiora del Instituto de las Hermanitas de la Sagrada Familia fundada junto con el beato Giuseppe Nascimbeni, su gu\u00eda espiritual, que la quiso como colaboradora para la fundaci\u00f3n del Instituto. Se trata de una figura determinante en el desarrollo del carisma y la espiritualidad. Dedic\u00f3 toda su vida, hasta el final de sus d\u00edas, al humilde servicio de los pobres, los hu\u00e9rfanos y los enfermos. Juan Pablo II la declar\u00f3 beata en 2003.<\/p>\n","protected":false},"excerpt":{"rendered":"<p>Destaca sus \u201cvidas cristianas y ejemplar santidad\u201d<\/p>\n","protected":false},"author":6,"featured_media":14804,"comment_status":"closed","ping_status":"closed","sticky":false,"template":"","format":"standard","meta":{"_acf_changed":false,"_crdt_document":"","inline_featured_image":false,"footnotes":""},"categories":[59,68],"tags":[2095,2099,2094,158],"class_list":["post-14773","post","type-post","status-publish","format-standard","has-post-thumbnail","hentry","category-featured-news","category-leon-xiv","tag-canonizacion","tag-charles-de-foucauld-es","tag-consistorio-ordinario-publico","tag-papa-francisco"],"acf":[],"yoast_head":"<!-- This site is optimized with the Yoast SEO plugin v27.5 - https:\/\/yoast.com\/product\/yoast-seo-wordpress\/ -->\n<title>El Papa preside Consistorio para canonizaci\u00f3n de 7 beatos &#8211; Exaudi<\/title>\n<meta name=\"description\" content=\"El Papa Francisco ha presidido la celebraci\u00f3n de la tercera hora y el Consistorio ordinario p\u00fablico para la canonizaci\u00f3n de 7 beatos\" \/>\n<meta name=\"robots\" content=\"index, follow, max-snippet:-1, max-image-preview:large, max-video-preview:-1\" \/>\n<link rel=\"canonical\" href=\"https:\/\/exaudi.org\/es\/papa-consistorio-canonizacion-7-beatos-2021\/\" \/>\n<meta property=\"og:locale\" content=\"es_ES\" \/>\n<meta property=\"og:type\" content=\"article\" \/>\n<meta property=\"og:title\" content=\"El Papa preside Consistorio para canonizaci\u00f3n de 7 beatos &#8211; Exaudi\" \/>\n<meta property=\"og:description\" content=\"El Papa Francisco ha presidido la celebraci\u00f3n de la tercera hora y el Consistorio ordinario p\u00fablico para la canonizaci\u00f3n de 7 beatos\" \/>\n<meta property=\"og:url\" content=\"https:\/\/exaudi.org\/es\/papa-consistorio-canonizacion-7-beatos-2021\/\" \/>\n<meta property=\"og:site_name\" content=\"Exaudi\" \/>\n<meta property=\"article:publisher\" content=\"https:\/\/www.facebook.com\/ExaudiNews\" \/>\n<meta property=\"article:published_time\" content=\"2021-05-03T13:09:27+00:00\" \/>\n<meta property=\"article:modified_time\" content=\"2021-05-04T14:33:29+00:00\" \/>\n<meta property=\"og:image\" content=\"https:\/\/exaudi.org\/wp-content\/uploads\/2021\/05\/SFO9954_050421--scaled.jpg\" \/>\n\t<meta property=\"og:image:width\" content=\"2560\" \/>\n\t<meta property=\"og:image:height\" content=\"1706\" \/>\n\t<meta property=\"og:image:type\" content=\"image\/jpeg\" \/>\n<meta name=\"author\" content=\"Gabriel Sales\" \/>\n<meta name=\"twitter:card\" content=\"summary_large_image\" \/>\n<meta name=\"twitter:creator\" content=\"@habemusman\" \/>\n<meta name=\"twitter:site\" content=\"@Exaudi_News\" \/>\n<meta name=\"twitter:label1\" content=\"Escrito por\" \/>\n\t<meta name=\"twitter:data1\" content=\"Gabriel Sales\" \/>\n\t<meta name=\"twitter:label2\" content=\"Tiempo de lectura\" \/>\n\t<meta name=\"twitter:data2\" content=\"5 minutos\" \/>\n<script type=\"application\/ld+json\" class=\"yoast-schema-graph\">{\"@context\":\"https:\\\/\\\/schema.org\",\"@graph\":[{\"@type\":\"Article\",\"@id\":\"https:\\\/\\\/exaudi.org\\\/es\\\/papa-consistorio-canonizacion-7-beatos-2021\\\/#article\",\"isPartOf\":{\"@id\":\"https:\\\/\\\/exaudi.org\\\/es\\\/papa-consistorio-canonizacion-7-beatos-2021\\\/\"},\"author\":{\"name\":\"Gabriel Sales\",\"@id\":\"https:\\\/\\\/exaudi.org\\\/#\\\/schema\\\/person\\\/d134b96438278131ce90c90c03fda6cd\"},\"headline\":\"El Papa preside Consistorio para canonizaci\u00f3n de 7 beatos\",\"datePublished\":\"2021-05-03T13:09:27+00:00\",\"dateModified\":\"2021-05-04T14:33:29+00:00\",\"mainEntityOfPage\":{\"@id\":\"https:\\\/\\\/exaudi.org\\\/es\\\/papa-consistorio-canonizacion-7-beatos-2021\\\/\"},\"wordCount\":979,\"image\":{\"@id\":\"https:\\\/\\\/exaudi.org\\\/es\\\/papa-consistorio-canonizacion-7-beatos-2021\\\/#primaryimage\"},\"thumbnailUrl\":\"https:\\\/\\\/exaudi.org\\\/wp-content\\\/uploads\\\/2021\\\/05\\\/SFO9954_050421--scaled.jpg\",\"keywords\":[\"Canonizaci\u00f3n\",\"charles de foucauld\",\"Consistorio ordinario p\u00fablico\",\"papa francisco\"],\"articleSection\":[\"Featured News\",\"Le\u00f3n XIV\"],\"inLanguage\":\"es\"},{\"@type\":\"WebPage\",\"@id\":\"https:\\\/\\\/exaudi.org\\\/es\\\/papa-consistorio-canonizacion-7-beatos-2021\\\/\",\"url\":\"https:\\\/\\\/exaudi.org\\\/es\\\/papa-consistorio-canonizacion-7-beatos-2021\\\/\",\"name\":\"El Papa preside Consistorio para canonizaci\u00f3n de 7 beatos &#8211; Exaudi\",\"isPartOf\":{\"@id\":\"https:\\\/\\\/exaudi.org\\\/#website\"},\"primaryImageOfPage\":{\"@id\":\"https:\\\/\\\/exaudi.org\\\/es\\\/papa-consistorio-canonizacion-7-beatos-2021\\\/#primaryimage\"},\"image\":{\"@id\":\"https:\\\/\\\/exaudi.org\\\/es\\\/papa-consistorio-canonizacion-7-beatos-2021\\\/#primaryimage\"},\"thumbnailUrl\":\"https:\\\/\\\/exaudi.org\\\/wp-content\\\/uploads\\\/2021\\\/05\\\/SFO9954_050421--scaled.jpg\",\"datePublished\":\"2021-05-03T13:09:27+00:00\",\"dateModified\":\"2021-05-04T14:33:29+00:00\",\"author\":{\"@id\":\"https:\\\/\\\/exaudi.org\\\/#\\\/schema\\\/person\\\/d134b96438278131ce90c90c03fda6cd\"},\"description\":\"El Papa Francisco ha presidido la celebraci\u00f3n de la tercera hora y el Consistorio ordinario p\u00fablico para la canonizaci\u00f3n de 7 beatos\",\"breadcrumb\":{\"@id\":\"https:\\\/\\\/exaudi.org\\\/es\\\/papa-consistorio-canonizacion-7-beatos-2021\\\/#breadcrumb\"},\"inLanguage\":\"es\",\"potentialAction\":[{\"@type\":\"ReadAction\",\"target\":[\"https:\\\/\\\/exaudi.org\\\/es\\\/papa-consistorio-canonizacion-7-beatos-2021\\\/\"]}]},{\"@type\":\"ImageObject\",\"inLanguage\":\"es\",\"@id\":\"https:\\\/\\\/exaudi.org\\\/es\\\/papa-consistorio-canonizacion-7-beatos-2021\\\/#primaryimage\",\"url\":\"https:\\\/\\\/exaudi.org\\\/wp-content\\\/uploads\\\/2021\\\/05\\\/SFO9954_050421--scaled.jpg\",\"contentUrl\":\"https:\\\/\\\/exaudi.org\\\/wp-content\\\/uploads\\\/2021\\\/05\\\/SFO9954_050421--scaled.jpg\",\"width\":2560,\"height\":1706,\"caption\":\"Consistorio ordinario p\u00fablico para la canonizaci\u00f3n de siete beatos, 3 mayo 2021 \u00a9 Vatican Media\"},{\"@type\":\"BreadcrumbList\",\"@id\":\"https:\\\/\\\/exaudi.org\\\/es\\\/papa-consistorio-canonizacion-7-beatos-2021\\\/#breadcrumb\",\"itemListElement\":[{\"@type\":\"ListItem\",\"position\":1,\"name\":\"Portada\",\"item\":\"https:\\\/\\\/exaudi.org\\\/es\\\/\"},{\"@type\":\"ListItem\",\"position\":2,\"name\":\"El Papa preside Consistorio para canonizaci\u00f3n de 7 beatos\"}]},{\"@type\":\"WebSite\",\"@id\":\"https:\\\/\\\/exaudi.org\\\/#website\",\"url\":\"https:\\\/\\\/exaudi.org\\\/\",\"name\":\"Exaudi\",\"description\":\"News\",\"potentialAction\":[{\"@type\":\"SearchAction\",\"target\":{\"@type\":\"EntryPoint\",\"urlTemplate\":\"https:\\\/\\\/exaudi.org\\\/?s={search_term_string}\"},\"query-input\":{\"@type\":\"PropertyValueSpecification\",\"valueRequired\":true,\"valueName\":\"search_term_string\"}}],\"inLanguage\":\"es\"},{\"@type\":\"Person\",\"@id\":\"https:\\\/\\\/exaudi.org\\\/#\\\/schema\\\/person\\\/d134b96438278131ce90c90c03fda6cd\",\"name\":\"Gabriel Sales\",\"image\":{\"@type\":\"ImageObject\",\"inLanguage\":\"es\",\"@id\":\"https:\\\/\\\/secure.gravatar.com\\\/avatar\\\/9b1269566f6a063ed26ffb3532b66a373cdde231ce5d0effb266167437fdaffd?s=96&d=mm&r=g\",\"url\":\"https:\\\/\\\/secure.gravatar.com\\\/avatar\\\/9b1269566f6a063ed26ffb3532b66a373cdde231ce5d0effb266167437fdaffd?s=96&d=mm&r=g\",\"contentUrl\":\"https:\\\/\\\/secure.gravatar.com\\\/avatar\\\/9b1269566f6a063ed26ffb3532b66a373cdde231ce5d0effb266167437fdaffd?s=96&d=mm&r=g\",\"caption\":\"Gabriel Sales\"},\"description\":\"Periodista y especialista en Comunicaci\u00f3n y Branding digital. Cin\u00e9filo y cr\u00edtico de cine y series de televisi\u00f3n.\",\"sameAs\":[\"https:\\\/\\\/www.instagram.com\\\/cine90segundos\\\/\",\"www.linkedin.com\\\/in\\\/habemusman\",\"https:\\\/\\\/x.com\\\/habemusman\",\"https:\\\/\\\/www.youtube.com\\\/channel\\\/UCVfCiOMkJ_C7T7OpyjuaLDg\"],\"url\":\"https:\\\/\\\/exaudi.org\\\/es\\\/author\\\/gsalesexaudi-org\\\/\"}]}<\/script>\n<!-- \/ Yoast SEO plugin. -->","yoast_head_json":{"title":"El Papa preside Consistorio para canonizaci\u00f3n de 7 beatos &#8211; Exaudi","description":"El Papa Francisco ha presidido la celebraci\u00f3n de la tercera hora y el Consistorio ordinario p\u00fablico para la canonizaci\u00f3n de 7 beatos","robots":{"index":"index","follow":"follow","max-snippet":"max-snippet:-1","max-image-preview":"max-image-preview:large","max-video-preview":"max-video-preview:-1"},"canonical":"https:\/\/exaudi.org\/es\/papa-consistorio-canonizacion-7-beatos-2021\/","og_locale":"es_ES","og_type":"article","og_title":"El Papa preside Consistorio para canonizaci\u00f3n de 7 beatos &#8211; Exaudi","og_description":"El Papa Francisco ha presidido la celebraci\u00f3n de la tercera hora y el Consistorio ordinario p\u00fablico para la canonizaci\u00f3n de 7 beatos","og_url":"https:\/\/exaudi.org\/es\/papa-consistorio-canonizacion-7-beatos-2021\/","og_site_name":"Exaudi","article_publisher":"https:\/\/www.facebook.com\/ExaudiNews","article_published_time":"2021-05-03T13:09:27+00:00","article_modified_time":"2021-05-04T14:33:29+00:00","og_image":[{"width":2560,"height":1706,"url":"https:\/\/exaudi.org\/wp-content\/uploads\/2021\/05\/SFO9954_050421--scaled.jpg","type":"image\/jpeg"}],"author":"Gabriel Sales","twitter_card":"summary_large_image","twitter_creator":"@habemusman","twitter_site":"@Exaudi_News","twitter_misc":{"Escrito por":"Gabriel Sales","Tiempo de lectura":"5 minutos"},"schema":{"@context":"https:\/\/schema.org","@graph":[{"@type":"Article","@id":"https:\/\/exaudi.org\/es\/papa-consistorio-canonizacion-7-beatos-2021\/#article","isPartOf":{"@id":"https:\/\/exaudi.org\/es\/papa-consistorio-canonizacion-7-beatos-2021\/"},"author":{"name":"Gabriel Sales","@id":"https:\/\/exaudi.org\/#\/schema\/person\/d134b96438278131ce90c90c03fda6cd"},"headline":"El Papa preside Consistorio para canonizaci\u00f3n de 7 beatos","datePublished":"2021-05-03T13:09:27+00:00","dateModified":"2021-05-04T14:33:29+00:00","mainEntityOfPage":{"@id":"https:\/\/exaudi.org\/es\/papa-consistorio-canonizacion-7-beatos-2021\/"},"wordCount":979,"image":{"@id":"https:\/\/exaudi.org\/es\/papa-consistorio-canonizacion-7-beatos-2021\/#primaryimage"},"thumbnailUrl":"https:\/\/exaudi.org\/wp-content\/uploads\/2021\/05\/SFO9954_050421--scaled.jpg","keywords":["Canonizaci\u00f3n","charles de foucauld","Consistorio ordinario p\u00fablico","papa francisco"],"articleSection":["Featured News","Le\u00f3n XIV"],"inLanguage":"es"},{"@type":"WebPage","@id":"https:\/\/exaudi.org\/es\/papa-consistorio-canonizacion-7-beatos-2021\/","url":"https:\/\/exaudi.org\/es\/papa-consistorio-canonizacion-7-beatos-2021\/","name":"El Papa preside Consistorio para canonizaci\u00f3n de 7 beatos &#8211; Exaudi","isPartOf":{"@id":"https:\/\/exaudi.org\/#website"},"primaryImageOfPage":{"@id":"https:\/\/exaudi.org\/es\/papa-consistorio-canonizacion-7-beatos-2021\/#primaryimage"},"image":{"@id":"https:\/\/exaudi.org\/es\/papa-consistorio-canonizacion-7-beatos-2021\/#primaryimage"},"thumbnailUrl":"https:\/\/exaudi.org\/wp-content\/uploads\/2021\/05\/SFO9954_050421--scaled.jpg","datePublished":"2021-05-03T13:09:27+00:00","dateModified":"2021-05-04T14:33:29+00:00","author":{"@id":"https:\/\/exaudi.org\/#\/schema\/person\/d134b96438278131ce90c90c03fda6cd"},"description":"El Papa Francisco ha presidido la celebraci\u00f3n de la tercera hora y el Consistorio ordinario p\u00fablico para la canonizaci\u00f3n de 7 beatos","breadcrumb":{"@id":"https:\/\/exaudi.org\/es\/papa-consistorio-canonizacion-7-beatos-2021\/#breadcrumb"},"inLanguage":"es","potentialAction":[{"@type":"ReadAction","target":["https:\/\/exaudi.org\/es\/papa-consistorio-canonizacion-7-beatos-2021\/"]}]},{"@type":"ImageObject","inLanguage":"es","@id":"https:\/\/exaudi.org\/es\/papa-consistorio-canonizacion-7-beatos-2021\/#primaryimage","url":"https:\/\/exaudi.org\/wp-content\/uploads\/2021\/05\/SFO9954_050421--scaled.jpg","contentUrl":"https:\/\/exaudi.org\/wp-content\/uploads\/2021\/05\/SFO9954_050421--scaled.jpg","width":2560,"height":1706,"caption":"Consistorio ordinario p\u00fablico para la canonizaci\u00f3n de siete beatos, 3 mayo 2021 \u00a9 Vatican Media"},{"@type":"BreadcrumbList","@id":"https:\/\/exaudi.org\/es\/papa-consistorio-canonizacion-7-beatos-2021\/#breadcrumb","itemListElement":[{"@type":"ListItem","position":1,"name":"Portada","item":"https:\/\/exaudi.org\/es\/"},{"@type":"ListItem","position":2,"name":"El Papa preside Consistorio para canonizaci\u00f3n de 7 beatos"}]},{"@type":"WebSite","@id":"https:\/\/exaudi.org\/#website","url":"https:\/\/exaudi.org\/","name":"Exaudi","description":"News","potentialAction":[{"@type":"SearchAction","target":{"@type":"EntryPoint","urlTemplate":"https:\/\/exaudi.org\/?s={search_term_string}"},"query-input":{"@type":"PropertyValueSpecification","valueRequired":true,"valueName":"search_term_string"}}],"inLanguage":"es"},{"@type":"Person","@id":"https:\/\/exaudi.org\/#\/schema\/person\/d134b96438278131ce90c90c03fda6cd","name":"Gabriel Sales","image":{"@type":"ImageObject","inLanguage":"es","@id":"https:\/\/secure.gravatar.com\/avatar\/9b1269566f6a063ed26ffb3532b66a373cdde231ce5d0effb266167437fdaffd?s=96&d=mm&r=g","url":"https:\/\/secure.gravatar.com\/avatar\/9b1269566f6a063ed26ffb3532b66a373cdde231ce5d0effb266167437fdaffd?s=96&d=mm&r=g","contentUrl":"https:\/\/secure.gravatar.com\/avatar\/9b1269566f6a063ed26ffb3532b66a373cdde231ce5d0effb266167437fdaffd?s=96&d=mm&r=g","caption":"Gabriel Sales"},"description":"Periodista y especialista en Comunicaci\u00f3n y Branding digital. Cin\u00e9filo y cr\u00edtico de cine y series de televisi\u00f3n.","sameAs":["https:\/\/www.instagram.com\/cine90segundos\/","www.linkedin.com\/in\/habemusman","https:\/\/x.com\/habemusman","https:\/\/www.youtube.com\/channel\/UCVfCiOMkJ_C7T7OpyjuaLDg"],"url":"https:\/\/exaudi.org\/es\/author\/gsalesexaudi-org\/"}]}},"jetpack_featured_media_url":"https:\/\/exaudi.org\/wp-content\/uploads\/2021\/05\/SFO9954_050421--scaled.jpg","jetpack_shortlink":"https:\/\/wp.me\/pgKjF2-3Qh","_links":{"self":[{"href":"https:\/\/exaudi.org\/es\/wp-json\/wp\/v2\/posts\/14773","targetHints":{"allow":["GET"]}}],"collection":[{"href":"https:\/\/exaudi.org\/es\/wp-json\/wp\/v2\/posts"}],"about":[{"href":"https:\/\/exaudi.org\/es\/wp-json\/wp\/v2\/types\/post"}],"author":[{"embeddable":true,"href":"https:\/\/exaudi.org\/es\/wp-json\/wp\/v2\/users\/6"}],"replies":[{"embeddable":true,"href":"https:\/\/exaudi.org\/es\/wp-json\/wp\/v2\/comments?post=14773"}],"version-history":[{"count":0,"href":"https:\/\/exaudi.org\/es\/wp-json\/wp\/v2\/posts\/14773\/revisions"}],"wp:featuredmedia":[{"embeddable":true,"href":"https:\/\/exaudi.org\/es\/wp-json\/wp\/v2\/media\/14804"}],"wp:attachment":[{"href":"https:\/\/exaudi.org\/es\/wp-json\/wp\/v2\/media?parent=14773"}],"wp:term":[{"taxonomy":"category","embeddable":true,"href":"https:\/\/exaudi.org\/es\/wp-json\/wp\/v2\/categories?post=14773"},{"taxonomy":"post_tag","embeddable":true,"href":"https:\/\/exaudi.org\/es\/wp-json\/wp\/v2\/tags?post=14773"}],"curies":[{"name":"wp","href":"https:\/\/api.w.org\/{rel}","templated":true}]}}