{"id":14764,"date":"2021-05-03T13:30:55","date_gmt":"2021-05-03T11:30:55","guid":{"rendered":"https:\/\/exaudi.org\/?p=14764"},"modified":"2021-05-03T16:54:35","modified_gmt":"2021-05-03T14:54:35","slug":"irak-papa-audiencia-ministro-asuntos-exteriores","status":"publish","type":"post","link":"https:\/\/exaudi.org\/es\/irak-papa-audiencia-ministro-asuntos-exteriores\/","title":{"rendered":"Irak: Audiencia del Papa con ministro de Asuntos Exteriores"},"content":{"rendered":"<p>En la ma\u00f1ana de hoy, lunes 3 de mayo de 2021, el Papa Francisco ha recibido en audiencia privada al ministro de Asuntos Exteriores de Irak, Fuad Mohammed Hussein. De esta manera lo ha comunicado el director de la <a href=\"http:\/\/www.vatican.va\/news_services\/press\/index_sp.htm\" target=\"_blank\" rel=\"noopener noreferrer\">Oficina de Prensa de la Santa Sede<\/a>, Matteo Bruni.<\/p>\n<h4><strong>Contenido de la reuni\u00f3n<\/strong><\/h4>\n<p><img loading=\"lazy\" decoding=\"async\" class=\"size-medium wp-image-14863 alignleft\" src=\"https:\/\/exaudi.org\/wp-content\/uploads\/2021\/05\/vm030521102514_00352-300x200.jpg\" alt=\"\" width=\"300\" height=\"200\" srcset=\"https:\/\/exaudi.org\/wp-content\/uploads\/2021\/05\/vm030521102514_00352-300x200.jpg 300w, https:\/\/exaudi.org\/wp-content\/uploads\/2021\/05\/vm030521102514_00352-1024x683.jpg 1024w, https:\/\/exaudi.org\/wp-content\/uploads\/2021\/05\/vm030521102514_00352-768x512.jpg 768w, https:\/\/exaudi.org\/wp-content\/uploads\/2021\/05\/vm030521102514_00352-1536x1024.jpg 1536w, https:\/\/exaudi.org\/wp-content\/uploads\/2021\/05\/vm030521102514_00352-2048x1365.jpg 2048w, https:\/\/exaudi.org\/wp-content\/uploads\/2021\/05\/vm030521102514_00352-150x100.jpg 150w, https:\/\/exaudi.org\/wp-content\/uploads\/2021\/05\/vm030521102514_00352-696x464.jpg 696w, https:\/\/exaudi.org\/wp-content\/uploads\/2021\/05\/vm030521102514_00352-1068x712.jpg 1068w, https:\/\/exaudi.org\/wp-content\/uploads\/2021\/05\/vm030521102514_00352-1920x1280.jpg 1920w, https:\/\/exaudi.org\/wp-content\/uploads\/2021\/05\/vm030521102514_00352-630x420.jpg 630w\" sizes=\"auto, (max-width: 300px) 100vw, 300px\" \/>Tal y como apunta Bruni, \u201cdurante la conversaci\u00f3n, que dur\u00f3 alrededor de 30 minutos, el Santo Padre record\u00f3 con gratitud la acogida que recibi\u00f3 en el curso de su reciente viaje y dirigi\u00f3 un saludo afectuoso a Irak y a todos sus integrantes renovando el deseo de que cada uno \u2018crezca en la solidaridad y la capacidad de reconocerse responsable de la fragilidad del otro&#8217;\u201d.<\/p>\n<h4><strong>Viaje apost\u00f3lico a Irak<\/strong><\/h4>\n<p>El 5 de marzo de 2021, en plena visita apost\u00f3lica a Irak, el Santo Padre se reuni\u00f3 en el sal\u00f3n del <a href=\"https:\/\/exaudi.org\/es\/viaje-irak-papa-bagdad\/\" target=\"_blank\" rel=\"noopener noreferrer\">Palacio Presidencial de Bagdad<\/a> con las autoridades pol\u00edticas y religiosas, la Sociedad Civil y el Cuerpo Diplom\u00e1tico de Irak. En su discurso, habl\u00f3 sobre la fraternidad humana, el fin de la guerra y el terrorismo, la responsabilidad social y pol\u00edtica y la Iglesia en el pa\u00eds asi\u00e1tico.<\/p>\n<p><img loading=\"lazy\" decoding=\"async\" class=\"size-medium wp-image-14860 alignright\" src=\"https:\/\/exaudi.org\/wp-content\/uploads\/2021\/05\/vm030521102358_00327-300x200.jpg\" alt=\"\" width=\"300\" height=\"200\" srcset=\"https:\/\/exaudi.org\/wp-content\/uploads\/2021\/05\/vm030521102358_00327-300x200.jpg 300w, https:\/\/exaudi.org\/wp-content\/uploads\/2021\/05\/vm030521102358_00327-1024x683.jpg 1024w, https:\/\/exaudi.org\/wp-content\/uploads\/2021\/05\/vm030521102358_00327-768x512.jpg 768w, https:\/\/exaudi.org\/wp-content\/uploads\/2021\/05\/vm030521102358_00327-1536x1024.jpg 1536w, https:\/\/exaudi.org\/wp-content\/uploads\/2021\/05\/vm030521102358_00327-2048x1365.jpg 2048w, https:\/\/exaudi.org\/wp-content\/uploads\/2021\/05\/vm030521102358_00327-150x100.jpg 150w, https:\/\/exaudi.org\/wp-content\/uploads\/2021\/05\/vm030521102358_00327-696x464.jpg 696w, https:\/\/exaudi.org\/wp-content\/uploads\/2021\/05\/vm030521102358_00327-1068x712.jpg 1068w, https:\/\/exaudi.org\/wp-content\/uploads\/2021\/05\/vm030521102358_00327-1920x1280.jpg 1920w, https:\/\/exaudi.org\/wp-content\/uploads\/2021\/05\/vm030521102358_00327-630x420.jpg 630w\" sizes=\"auto, (max-width: 300px) 100vw, 300px\" \/>Este acto tuvo lugar despu\u00e9s de la reuni\u00f3n mantenida entre el Pont\u00edfice y el presidente de la rep\u00fablica irak\u00ed, <a href=\"https:\/\/exaudi.org\/es\/viaje-a-irak-papa-presidente-republica\/\" target=\"_blank\" rel=\"noopener noreferrer\">Barham Salih<\/a>, en el Palacio Presidencial de la capital. En la cita, el Papa regal\u00f3 al m\u00e1ximo mandatario del pa\u00eds una medalla del viaje, cuya imagen refleja la geograf\u00eda el Tigris y el \u00c9ufrates, la figura de Abrah\u00e1n, una palmera con d\u00e1tiles, s\u00edmbolo de prosperidad y riqueza material y espiritual, y el texto que identifica el viaje papal.<\/p>\n","protected":false},"excerpt":{"rendered":"<p>Fuad Mohammed Hussein<\/p>\n","protected":false},"author":6,"featured_media":14816,"comment_status":"closed","ping_status":"closed","sticky":false,"template":"","format":"standard","meta":{"_acf_changed":false,"_crdt_document":"","inline_featured_image":false,"footnotes":""},"categories":[68,298],"tags":[168,395,158],"class_list":["post-14764","post","type-post","status-publish","format-standard","has-post-thumbnail","hentry","category-leon-xiv","category-ultimas-noticias","tag-audiencia","tag-irak","tag-papa-francisco"],"acf":[],"yoast_head":"<!-- This site is optimized with the Yoast SEO plugin v27.5 - https:\/\/yoast.com\/product\/yoast-seo-wordpress\/ -->\n<title>Irak: Audiencia del Papa con ministro de Asuntos Exteriores - Exaudi<\/title>\n<meta name=\"description\" content=\"Esta ma\u00f1ana, el Papa Francisco ha recibido en audiencia privada al ministro de Asuntos Exteriores de Irak, Fuad Mohammed Hussein.\" \/>\n<meta name=\"robots\" content=\"index, follow, max-snippet:-1, max-image-preview:large, max-video-preview:-1\" \/>\n<link rel=\"canonical\" href=\"https:\/\/exaudi.org\/es\/irak-papa-audiencia-ministro-asuntos-exteriores\/\" \/>\n<meta property=\"og:locale\" content=\"es_ES\" \/>\n<meta property=\"og:type\" content=\"article\" \/>\n<meta property=\"og:title\" content=\"Irak: Audiencia del Papa con ministro de Asuntos Exteriores - Exaudi\" \/>\n<meta property=\"og:description\" content=\"Esta ma\u00f1ana, el Papa Francisco ha recibido en audiencia privada al ministro de Asuntos Exteriores de Irak, Fuad Mohammed Hussein.\" \/>\n<meta property=\"og:url\" content=\"https:\/\/exaudi.org\/es\/irak-papa-audiencia-ministro-asuntos-exteriores\/\" \/>\n<meta property=\"og:site_name\" content=\"Exaudi\" \/>\n<meta property=\"article:publisher\" content=\"https:\/\/www.facebook.com\/ExaudiNews\" \/>\n<meta property=\"article:published_time\" content=\"2021-05-03T11:30:55+00:00\" \/>\n<meta property=\"article:modified_time\" content=\"2021-05-03T14:54:35+00:00\" \/>\n<meta property=\"og:image\" content=\"https:\/\/exaudi.org\/wp-content\/uploads\/2021\/05\/vm030521094912_00205-scaled.jpg\" \/>\n\t<meta property=\"og:image:width\" content=\"2560\" \/>\n\t<meta property=\"og:image:height\" content=\"1706\" \/>\n\t<meta property=\"og:image:type\" content=\"image\/jpeg\" \/>\n<meta name=\"author\" content=\"Gabriel Sales\" \/>\n<meta name=\"twitter:card\" content=\"summary_large_image\" \/>\n<meta name=\"twitter:creator\" content=\"@habemusman\" \/>\n<meta name=\"twitter:site\" content=\"@Exaudi_News\" \/>\n<meta name=\"twitter:label1\" content=\"Escrito por\" \/>\n\t<meta name=\"twitter:data1\" content=\"Gabriel Sales\" \/>\n\t<meta name=\"twitter:label2\" content=\"Tiempo de lectura\" \/>\n\t<meta name=\"twitter:data2\" content=\"2 minutos\" \/>\n<script type=\"application\/ld+json\" class=\"yoast-schema-graph\">{\"@context\":\"https:\\\/\\\/schema.org\",\"@graph\":[{\"@type\":\"Article\",\"@id\":\"https:\\\/\\\/exaudi.org\\\/es\\\/irak-papa-audiencia-ministro-asuntos-exteriores\\\/#article\",\"isPartOf\":{\"@id\":\"https:\\\/\\\/exaudi.org\\\/es\\\/irak-papa-audiencia-ministro-asuntos-exteriores\\\/\"},\"author\":{\"name\":\"Gabriel Sales\",\"@id\":\"https:\\\/\\\/exaudi.org\\\/#\\\/schema\\\/person\\\/d134b96438278131ce90c90c03fda6cd\"},\"headline\":\"Irak: Audiencia del Papa con ministro de Asuntos Exteriores\",\"datePublished\":\"2021-05-03T11:30:55+00:00\",\"dateModified\":\"2021-05-03T14:54:35+00:00\",\"mainEntityOfPage\":{\"@id\":\"https:\\\/\\\/exaudi.org\\\/es\\\/irak-papa-audiencia-ministro-asuntos-exteriores\\\/\"},\"wordCount\":291,\"image\":{\"@id\":\"https:\\\/\\\/exaudi.org\\\/es\\\/irak-papa-audiencia-ministro-asuntos-exteriores\\\/#primaryimage\"},\"thumbnailUrl\":\"https:\\\/\\\/exaudi.org\\\/wp-content\\\/uploads\\\/2021\\\/05\\\/vm030521094912_00205-scaled.jpg\",\"keywords\":[\"audiencia\",\"Irak\",\"papa francisco\"],\"articleSection\":[\"Le\u00f3n XIV\",\"\u00daltimas noticias\"],\"inLanguage\":\"es\"},{\"@type\":\"WebPage\",\"@id\":\"https:\\\/\\\/exaudi.org\\\/es\\\/irak-papa-audiencia-ministro-asuntos-exteriores\\\/\",\"url\":\"https:\\\/\\\/exaudi.org\\\/es\\\/irak-papa-audiencia-ministro-asuntos-exteriores\\\/\",\"name\":\"Irak: Audiencia del Papa con ministro de Asuntos Exteriores - Exaudi\",\"isPartOf\":{\"@id\":\"https:\\\/\\\/exaudi.org\\\/#website\"},\"primaryImageOfPage\":{\"@id\":\"https:\\\/\\\/exaudi.org\\\/es\\\/irak-papa-audiencia-ministro-asuntos-exteriores\\\/#primaryimage\"},\"image\":{\"@id\":\"https:\\\/\\\/exaudi.org\\\/es\\\/irak-papa-audiencia-ministro-asuntos-exteriores\\\/#primaryimage\"},\"thumbnailUrl\":\"https:\\\/\\\/exaudi.org\\\/wp-content\\\/uploads\\\/2021\\\/05\\\/vm030521094912_00205-scaled.jpg\",\"datePublished\":\"2021-05-03T11:30:55+00:00\",\"dateModified\":\"2021-05-03T14:54:35+00:00\",\"author\":{\"@id\":\"https:\\\/\\\/exaudi.org\\\/#\\\/schema\\\/person\\\/d134b96438278131ce90c90c03fda6cd\"},\"description\":\"Esta ma\u00f1ana, el Papa Francisco ha recibido en audiencia privada al ministro de Asuntos Exteriores de Irak, Fuad Mohammed Hussein.\",\"breadcrumb\":{\"@id\":\"https:\\\/\\\/exaudi.org\\\/es\\\/irak-papa-audiencia-ministro-asuntos-exteriores\\\/#breadcrumb\"},\"inLanguage\":\"es\",\"potentialAction\":[{\"@type\":\"ReadAction\",\"target\":[\"https:\\\/\\\/exaudi.org\\\/es\\\/irak-papa-audiencia-ministro-asuntos-exteriores\\\/\"]}]},{\"@type\":\"ImageObject\",\"inLanguage\":\"es\",\"@id\":\"https:\\\/\\\/exaudi.org\\\/es\\\/irak-papa-audiencia-ministro-asuntos-exteriores\\\/#primaryimage\",\"url\":\"https:\\\/\\\/exaudi.org\\\/wp-content\\\/uploads\\\/2021\\\/05\\\/vm030521094912_00205-scaled.jpg\",\"contentUrl\":\"https:\\\/\\\/exaudi.org\\\/wp-content\\\/uploads\\\/2021\\\/05\\\/vm030521094912_00205-scaled.jpg\",\"width\":2560,\"height\":1706,\"caption\":\"El Papa junto al ministro de Asuntos Exteriores iraqu\u00ed \u00a9 Vatican Media\"},{\"@type\":\"BreadcrumbList\",\"@id\":\"https:\\\/\\\/exaudi.org\\\/es\\\/irak-papa-audiencia-ministro-asuntos-exteriores\\\/#breadcrumb\",\"itemListElement\":[{\"@type\":\"ListItem\",\"position\":1,\"name\":\"Portada\",\"item\":\"https:\\\/\\\/exaudi.org\\\/es\\\/\"},{\"@type\":\"ListItem\",\"position\":2,\"name\":\"Irak: Audiencia del Papa con ministro de Asuntos Exteriores\"}]},{\"@type\":\"WebSite\",\"@id\":\"https:\\\/\\\/exaudi.org\\\/#website\",\"url\":\"https:\\\/\\\/exaudi.org\\\/\",\"name\":\"Exaudi\",\"description\":\"News\",\"potentialAction\":[{\"@type\":\"SearchAction\",\"target\":{\"@type\":\"EntryPoint\",\"urlTemplate\":\"https:\\\/\\\/exaudi.org\\\/?s={search_term_string}\"},\"query-input\":{\"@type\":\"PropertyValueSpecification\",\"valueRequired\":true,\"valueName\":\"search_term_string\"}}],\"inLanguage\":\"es\"},{\"@type\":\"Person\",\"@id\":\"https:\\\/\\\/exaudi.org\\\/#\\\/schema\\\/person\\\/d134b96438278131ce90c90c03fda6cd\",\"name\":\"Gabriel Sales\",\"image\":{\"@type\":\"ImageObject\",\"inLanguage\":\"es\",\"@id\":\"https:\\\/\\\/secure.gravatar.com\\\/avatar\\\/9b1269566f6a063ed26ffb3532b66a373cdde231ce5d0effb266167437fdaffd?s=96&d=mm&r=g\",\"url\":\"https:\\\/\\\/secure.gravatar.com\\\/avatar\\\/9b1269566f6a063ed26ffb3532b66a373cdde231ce5d0effb266167437fdaffd?s=96&d=mm&r=g\",\"contentUrl\":\"https:\\\/\\\/secure.gravatar.com\\\/avatar\\\/9b1269566f6a063ed26ffb3532b66a373cdde231ce5d0effb266167437fdaffd?s=96&d=mm&r=g\",\"caption\":\"Gabriel Sales\"},\"description\":\"Periodista y especialista en Comunicaci\u00f3n y Branding digital. Cin\u00e9filo y cr\u00edtico de cine y series de televisi\u00f3n.\",\"sameAs\":[\"https:\\\/\\\/www.instagram.com\\\/cine90segundos\\\/\",\"www.linkedin.com\\\/in\\\/habemusman\",\"https:\\\/\\\/x.com\\\/habemusman\",\"https:\\\/\\\/www.youtube.com\\\/channel\\\/UCVfCiOMkJ_C7T7OpyjuaLDg\"],\"url\":\"https:\\\/\\\/exaudi.org\\\/es\\\/author\\\/gsalesexaudi-org\\\/\"}]}<\/script>\n<!-- \/ Yoast SEO plugin. -->","yoast_head_json":{"title":"Irak: Audiencia del Papa con ministro de Asuntos Exteriores - Exaudi","description":"Esta ma\u00f1ana, el Papa Francisco ha recibido en audiencia privada al ministro de Asuntos Exteriores de Irak, Fuad Mohammed Hussein.","robots":{"index":"index","follow":"follow","max-snippet":"max-snippet:-1","max-image-preview":"max-image-preview:large","max-video-preview":"max-video-preview:-1"},"canonical":"https:\/\/exaudi.org\/es\/irak-papa-audiencia-ministro-asuntos-exteriores\/","og_locale":"es_ES","og_type":"article","og_title":"Irak: Audiencia del Papa con ministro de Asuntos Exteriores - Exaudi","og_description":"Esta ma\u00f1ana, el Papa Francisco ha recibido en audiencia privada al ministro de Asuntos Exteriores de Irak, Fuad Mohammed Hussein.","og_url":"https:\/\/exaudi.org\/es\/irak-papa-audiencia-ministro-asuntos-exteriores\/","og_site_name":"Exaudi","article_publisher":"https:\/\/www.facebook.com\/ExaudiNews","article_published_time":"2021-05-03T11:30:55+00:00","article_modified_time":"2021-05-03T14:54:35+00:00","og_image":[{"width":2560,"height":1706,"url":"https:\/\/exaudi.org\/wp-content\/uploads\/2021\/05\/vm030521094912_00205-scaled.jpg","type":"image\/jpeg"}],"author":"Gabriel Sales","twitter_card":"summary_large_image","twitter_creator":"@habemusman","twitter_site":"@Exaudi_News","twitter_misc":{"Escrito por":"Gabriel Sales","Tiempo de lectura":"2 minutos"},"schema":{"@context":"https:\/\/schema.org","@graph":[{"@type":"Article","@id":"https:\/\/exaudi.org\/es\/irak-papa-audiencia-ministro-asuntos-exteriores\/#article","isPartOf":{"@id":"https:\/\/exaudi.org\/es\/irak-papa-audiencia-ministro-asuntos-exteriores\/"},"author":{"name":"Gabriel Sales","@id":"https:\/\/exaudi.org\/#\/schema\/person\/d134b96438278131ce90c90c03fda6cd"},"headline":"Irak: Audiencia del Papa con ministro de Asuntos Exteriores","datePublished":"2021-05-03T11:30:55+00:00","dateModified":"2021-05-03T14:54:35+00:00","mainEntityOfPage":{"@id":"https:\/\/exaudi.org\/es\/irak-papa-audiencia-ministro-asuntos-exteriores\/"},"wordCount":291,"image":{"@id":"https:\/\/exaudi.org\/es\/irak-papa-audiencia-ministro-asuntos-exteriores\/#primaryimage"},"thumbnailUrl":"https:\/\/exaudi.org\/wp-content\/uploads\/2021\/05\/vm030521094912_00205-scaled.jpg","keywords":["audiencia","Irak","papa francisco"],"articleSection":["Le\u00f3n XIV","\u00daltimas noticias"],"inLanguage":"es"},{"@type":"WebPage","@id":"https:\/\/exaudi.org\/es\/irak-papa-audiencia-ministro-asuntos-exteriores\/","url":"https:\/\/exaudi.org\/es\/irak-papa-audiencia-ministro-asuntos-exteriores\/","name":"Irak: Audiencia del Papa con ministro de Asuntos Exteriores - Exaudi","isPartOf":{"@id":"https:\/\/exaudi.org\/#website"},"primaryImageOfPage":{"@id":"https:\/\/exaudi.org\/es\/irak-papa-audiencia-ministro-asuntos-exteriores\/#primaryimage"},"image":{"@id":"https:\/\/exaudi.org\/es\/irak-papa-audiencia-ministro-asuntos-exteriores\/#primaryimage"},"thumbnailUrl":"https:\/\/exaudi.org\/wp-content\/uploads\/2021\/05\/vm030521094912_00205-scaled.jpg","datePublished":"2021-05-03T11:30:55+00:00","dateModified":"2021-05-03T14:54:35+00:00","author":{"@id":"https:\/\/exaudi.org\/#\/schema\/person\/d134b96438278131ce90c90c03fda6cd"},"description":"Esta ma\u00f1ana, el Papa Francisco ha recibido en audiencia privada al ministro de Asuntos Exteriores de Irak, Fuad Mohammed Hussein.","breadcrumb":{"@id":"https:\/\/exaudi.org\/es\/irak-papa-audiencia-ministro-asuntos-exteriores\/#breadcrumb"},"inLanguage":"es","potentialAction":[{"@type":"ReadAction","target":["https:\/\/exaudi.org\/es\/irak-papa-audiencia-ministro-asuntos-exteriores\/"]}]},{"@type":"ImageObject","inLanguage":"es","@id":"https:\/\/exaudi.org\/es\/irak-papa-audiencia-ministro-asuntos-exteriores\/#primaryimage","url":"https:\/\/exaudi.org\/wp-content\/uploads\/2021\/05\/vm030521094912_00205-scaled.jpg","contentUrl":"https:\/\/exaudi.org\/wp-content\/uploads\/2021\/05\/vm030521094912_00205-scaled.jpg","width":2560,"height":1706,"caption":"El Papa junto al ministro de Asuntos Exteriores iraqu\u00ed \u00a9 Vatican Media"},{"@type":"BreadcrumbList","@id":"https:\/\/exaudi.org\/es\/irak-papa-audiencia-ministro-asuntos-exteriores\/#breadcrumb","itemListElement":[{"@type":"ListItem","position":1,"name":"Portada","item":"https:\/\/exaudi.org\/es\/"},{"@type":"ListItem","position":2,"name":"Irak: Audiencia del Papa con ministro de Asuntos Exteriores"}]},{"@type":"WebSite","@id":"https:\/\/exaudi.org\/#website","url":"https:\/\/exaudi.org\/","name":"Exaudi","description":"News","potentialAction":[{"@type":"SearchAction","target":{"@type":"EntryPoint","urlTemplate":"https:\/\/exaudi.org\/?s={search_term_string}"},"query-input":{"@type":"PropertyValueSpecification","valueRequired":true,"valueName":"search_term_string"}}],"inLanguage":"es"},{"@type":"Person","@id":"https:\/\/exaudi.org\/#\/schema\/person\/d134b96438278131ce90c90c03fda6cd","name":"Gabriel Sales","image":{"@type":"ImageObject","inLanguage":"es","@id":"https:\/\/secure.gravatar.com\/avatar\/9b1269566f6a063ed26ffb3532b66a373cdde231ce5d0effb266167437fdaffd?s=96&d=mm&r=g","url":"https:\/\/secure.gravatar.com\/avatar\/9b1269566f6a063ed26ffb3532b66a373cdde231ce5d0effb266167437fdaffd?s=96&d=mm&r=g","contentUrl":"https:\/\/secure.gravatar.com\/avatar\/9b1269566f6a063ed26ffb3532b66a373cdde231ce5d0effb266167437fdaffd?s=96&d=mm&r=g","caption":"Gabriel Sales"},"description":"Periodista y especialista en Comunicaci\u00f3n y Branding digital. Cin\u00e9filo y cr\u00edtico de cine y series de televisi\u00f3n.","sameAs":["https:\/\/www.instagram.com\/cine90segundos\/","www.linkedin.com\/in\/habemusman","https:\/\/x.com\/habemusman","https:\/\/www.youtube.com\/channel\/UCVfCiOMkJ_C7T7OpyjuaLDg"],"url":"https:\/\/exaudi.org\/es\/author\/gsalesexaudi-org\/"}]}},"jetpack_featured_media_url":"https:\/\/exaudi.org\/wp-content\/uploads\/2021\/05\/vm030521094912_00205-scaled.jpg","jetpack_shortlink":"https:\/\/wp.me\/pgKjF2-3Q8","_links":{"self":[{"href":"https:\/\/exaudi.org\/es\/wp-json\/wp\/v2\/posts\/14764","targetHints":{"allow":["GET"]}}],"collection":[{"href":"https:\/\/exaudi.org\/es\/wp-json\/wp\/v2\/posts"}],"about":[{"href":"https:\/\/exaudi.org\/es\/wp-json\/wp\/v2\/types\/post"}],"author":[{"embeddable":true,"href":"https:\/\/exaudi.org\/es\/wp-json\/wp\/v2\/users\/6"}],"replies":[{"embeddable":true,"href":"https:\/\/exaudi.org\/es\/wp-json\/wp\/v2\/comments?post=14764"}],"version-history":[{"count":0,"href":"https:\/\/exaudi.org\/es\/wp-json\/wp\/v2\/posts\/14764\/revisions"}],"wp:featuredmedia":[{"embeddable":true,"href":"https:\/\/exaudi.org\/es\/wp-json\/wp\/v2\/media\/14816"}],"wp:attachment":[{"href":"https:\/\/exaudi.org\/es\/wp-json\/wp\/v2\/media?parent=14764"}],"wp:term":[{"taxonomy":"category","embeddable":true,"href":"https:\/\/exaudi.org\/es\/wp-json\/wp\/v2\/categories?post=14764"},{"taxonomy":"post_tag","embeddable":true,"href":"https:\/\/exaudi.org\/es\/wp-json\/wp\/v2\/tags?post=14764"}],"curies":[{"name":"wp","href":"https:\/\/api.w.org\/{rel}","templated":true}]}}