{"id":147570,"date":"2025-11-26T08:00:51","date_gmt":"2025-11-26T07:00:51","guid":{"rendered":"https:\/\/exaudi.org\/?p=147570"},"modified":"2025-11-26T12:10:18","modified_gmt":"2025-11-26T11:10:18","slug":"cultura-de-la-atencion","status":"publish","type":"post","link":"https:\/\/exaudi.org\/es\/cultura-de-la-atencion\/","title":{"rendered":"Cultura de la atenci\u00f3n"},"content":{"rendered":"<p>Nos resultan familiares palabras y conceptos como los de\u00a0<em>hospitalidad, cuidado, acogida, atenci\u00f3n.<\/em>\u00a0Quisiera referirme a esta \u00faltima palabra a la que el Papa Le\u00f3n XIV ha hecho alusi\u00f3n en su homil\u00eda dominical del 16\/11\/25 con la expresi\u00f3n\u00a0<em>cultura de la atenci\u00f3n.<\/em>\u00a0Dijo: \u201c\u00a1Cu\u00e1ntas pobrezas oprimen nuestro mundo! Ante todo, son pobrezas materiales, pero tambi\u00e9n existen muchas situaciones morales y espirituales, que a menudo afectan sobre todo a los m\u00e1s j\u00f3venes. Y el drama que las atraviesa a todas de manera transversal, es la soledad. Ella nos desaf\u00eda a mirar la pobreza de modo integral, porque ciertamente a veces es necesario responder a las necesidades urgentes, pero en general lo que debemos desarrollar es una cultura de la atenci\u00f3n, precisamente para romper el muro de la soledad\u201d. Pobreza moral y espiritual cuyo n\u00facleo es la soledad. Un esp\u00edritu hambriento de contacto humano que abrigue y acompa\u00f1e el alma sedienta de calidez, acogida, escucha. Cultura de la atenci\u00f3n en una doble dimensi\u00f3n: mirar detenidamente y cuidar diligentemente.<\/p>\n<p><iframe title=\"Spotify Embed: Cultura de la atenci\u00f3n\" style=\"border-radius: 12px\" width=\"100%\" height=\"152\" frameborder=\"0\" allowfullscreen allow=\"autoplay; clipboard-write; encrypted-media; fullscreen; picture-in-picture\" loading=\"lazy\" src=\"https:\/\/open.spotify.com\/embed\/episode\/6AZ0ENv3R2CtlFbp9YO8lK?si=50ecf9c4e8ed4112&#038;utm_source=oembed\"><\/iframe><\/p>\n<p>Atenci\u00f3n como mirada focalizada en el pr\u00f3jimo. Martin Buber se refiri\u00f3 a esta realidad de la relaci\u00f3n interpersonal como un movimiento de la persona orientada al otro. No es propiamente un buscar, sino un encontrarse con el rostro y la mirada del <em>t\u00fa<\/em>\u00a0con el que estoy en relaci\u00f3n. Una actitud que empieza con estar desprendido del yo o de lo m\u00edo para concentrarse en la escucha atenta del otro a fin de comprenderlo en su ser y aparecer. Esta atenci\u00f3n lleva consigo una mirada respetuosa, pudorosa, pues no pretende convertir al otro en \u201cobjeto\u201d de conocimiento, reducido a un conjunto de datos y clich\u00e9s. Se trata, m\u00e1s bien, de una mirada contemplativa, acogedora capaz de abrir las puertas del alma, de tal manera que, en esa relaci\u00f3n de atenci\u00f3n, uno y otro se comunican las razones y sentimientos del coraz\u00f3n.<\/p>\n<p>En estos nuestros tiempos en donde la prisa se ha instalado como estilo de vida, se\u00f1ala el Santo Padre que \u201cest\u00e1 siempre a la vuelta de la esquina el peligro de vivir como viajeros distra\u00eddos, desatentos al destino final e indiferentes hacia quienes comparten el camino con nosotros\u201d. Puede pasarnos lo que Julio Iglesias cantaba all\u00e1 por los a\u00f1os 80 que \u201cde tanto correr por la vida sin freno\/ Me olvid\u00e9 que la vida se vive un momento\/ De tanto querer ser en todo el primero\/ Me olvid\u00e9 de vivir\/ Los detalles peque\u00f1os\u201d. Nos puede, tantas veces, el af\u00e1n de logro, al punto de ignorar las necesidades del pr\u00f3jimo, no ya de quien est\u00e1 en el \u00faltimo rinc\u00f3n del mundo, sino incluso de aquellos que comparten el camino con nosotros: la familia, los compa\u00f1eros de trabajo, los amigos, nuestro entorno comunitario. La cultura de la atenci\u00f3n nos ayuda a detenernos y a cultivar el asombro y la paciencia.<\/p>\n<p>La cultura de la atenci\u00f3n, dec\u00edamos, tiene una segunda dimensi\u00f3n: <em>el cuidado diligente<\/em>. Pasamos del coraz\u00f3n\u00a0<em>que ve<\/em>\u00a0las necesidades reales del pr\u00f3jimo a las manos que\u00a0<em>hacen el bien<\/em>\u00a0al necesitado. \u201cPor eso -sigue diciendo el Romano Pont\u00edfice- queremos estar atentos al otro, a cada persona, all\u00ed donde estamos, all\u00ed donde vivimos, transmitiendo esta actitud ya desde la familia, para vivirla concretamente en los lugares de trabajo y de estudio, en las diversas comunidades, en el mundo digital, en todas partes, empuj\u00e1ndonos hasta los m\u00e1rgenes y convirti\u00e9ndonos en testigos de la ternura de Dios\u201d. Mirada atenta y situada en primer\u00edsimo lugar con aquellas personas a las que me debo. El n\u00facleo familiar salta a la primera: los padres, la esposa, los hijos\u2026 Cargas familiares dir\u00edan las leyes tributarias. Son much\u00edsimo m\u00e1s que una carga, son -de ordinario- el para qu\u00e9 de la vida. Suelen ser nuestros amores y, cuando las cosas se ponen dif\u00edciles, el \u201cpor ellos\u201d le quita hierro a la dificultad.<\/p>\n<p>De modo particular est\u00e1n delante de nosotros los peque\u00f1os, los adultos mayores, los enfermos, las personas vulnerables. Personas que requieren de cuidado, delicadeza, paciencia. Lo sabemos, desventuras y soledades no faltan en el centro de trabajo, en el barrio, en la sociedad. Dejados a nuestras fuerzas, la meta del cuidado atento hasta hilar fino, nos supera. Una cultura cristiana ofrece el complemento a las buenas intenciones humanas, proporcionando el\u00a0<em>humus<\/em>\u00a0necesario para agrandar el coraz\u00f3n y sostener una cultura de la atenci\u00f3n fecunda en obras.<\/p>\n<p><img loading=\"lazy\" decoding=\"async\" class=\"size-full wp-image-147578 alignnone\" src=\"https:\/\/exaudi.org\/wp-content\/uploads\/2025\/11\/Copia-de-Voces.jpg\" alt=\"\" width=\"940\" height=\"788\" srcset=\"https:\/\/exaudi.org\/wp-content\/uploads\/2025\/11\/Copia-de-Voces.jpg 940w, https:\/\/exaudi.org\/wp-content\/uploads\/2025\/11\/Copia-de-Voces-300x251.jpg 300w, https:\/\/exaudi.org\/wp-content\/uploads\/2025\/11\/Copia-de-Voces-770x645.jpg 770w, https:\/\/exaudi.org\/wp-content\/uploads\/2025\/11\/Copia-de-Voces-500x419.jpg 500w\" sizes=\"auto, (max-width: 940px) 100vw, 940px\" \/><\/p>\n","protected":false},"excerpt":{"rendered":"<p>Mirar con el coraz\u00f3n y cuidar con las manos<\/p>\n","protected":false},"author":109,"featured_media":147574,"comment_status":"closed","ping_status":"closed","sticky":false,"template":"","format":"standard","meta":{"_acf_changed":false,"_crdt_document":"","inline_featured_image":false,"footnotes":""},"categories":[130],"tags":[3733,6132,20065,82436,11502,4610,3346,5860,3337,82509,81523,82512,10102,617,14532,82507,16093,58067,10574,82510,1754,21100,1196,58111,82511,75669,82508,78021,82514,9410,26992,58880,82513],"class_list":["post-147570","post","type-post","status-publish","format-standard","has-post-thumbnail","hentry","category-voces","tag-acogida","tag-ancianos","tag-atencion","tag-atencion-al-projimo","tag-buber","tag-caridad","tag-corazon","tag-cristianismo","tag-cuidado","tag-cuidado-diligente","tag-cultura-de-la-atencion","tag-detalle-pequeno","tag-enfermos","tag-familia","tag-francisco-bobadilla","tag-homilia-16-noviembre-2025","tag-hospitalidad","tag-leon-xiv","tag-martin-buber","tag-mirada-contemplativa","tag-mirar","tag-mundo-digital","tag-ninos","tag-papa-leon-xiv","tag-personas-vulnerables","tag-pobreza-espiritual","tag-pobreza-moral","tag-relacion-interpersonal","tag-romper-la-soledad","tag-soledad","tag-ternura-de-dios","tag-trending-es-151","tag-vivir-el-momento"],"acf":[],"yoast_head":"<!-- This site is optimized with the Yoast SEO plugin v27.4 - https:\/\/yoast.com\/product\/yoast-seo-wordpress\/ -->\n<title>Cultura de la atenci\u00f3n &#8211; Exaudi<\/title>\n<meta name=\"robots\" content=\"index, follow, max-snippet:-1, max-image-preview:large, max-video-preview:-1\" \/>\n<link rel=\"canonical\" href=\"https:\/\/exaudi.org\/es\/cultura-de-la-atencion\/\" \/>\n<meta property=\"og:locale\" content=\"es_ES\" \/>\n<meta property=\"og:type\" content=\"article\" \/>\n<meta property=\"og:title\" content=\"Cultura de la atenci\u00f3n &#8211; Exaudi\" \/>\n<meta property=\"og:description\" content=\"Mirar con el coraz\u00f3n y cuidar con las manos\" \/>\n<meta property=\"og:url\" content=\"https:\/\/exaudi.org\/es\/cultura-de-la-atencion\/\" \/>\n<meta property=\"og:site_name\" content=\"Exaudi\" \/>\n<meta property=\"article:publisher\" content=\"https:\/\/www.facebook.com\/ExaudiNews\" \/>\n<meta property=\"article:published_time\" content=\"2025-11-26T07:00:51+00:00\" \/>\n<meta property=\"article:modified_time\" content=\"2025-11-26T11:10:18+00:00\" \/>\n<meta property=\"og:image\" content=\"https:\/\/exaudi.org\/wp-content\/uploads\/2025\/11\/pexels-pixabay-277477-scaled.jpg\" \/>\n\t<meta property=\"og:image:width\" content=\"2560\" \/>\n\t<meta property=\"og:image:height\" content=\"1700\" \/>\n\t<meta property=\"og:image:type\" content=\"image\/jpeg\" \/>\n<meta name=\"author\" content=\"Francisco Bobadilla\" \/>\n<meta name=\"twitter:card\" content=\"summary_large_image\" \/>\n<meta name=\"twitter:creator\" content=\"@Exaudi_News\" \/>\n<meta name=\"twitter:site\" content=\"@Exaudi_News\" \/>\n<meta name=\"twitter:label1\" content=\"Escrito por\" \/>\n\t<meta name=\"twitter:data1\" content=\"Francisco Bobadilla\" \/>\n\t<meta name=\"twitter:label2\" content=\"Tiempo de lectura\" \/>\n\t<meta name=\"twitter:data2\" content=\"4 minutos\" \/>\n<script type=\"application\/ld+json\" class=\"yoast-schema-graph\">{\"@context\":\"https:\\\/\\\/schema.org\",\"@graph\":[{\"@type\":\"Article\",\"@id\":\"https:\\\/\\\/exaudi.org\\\/es\\\/cultura-de-la-atencion\\\/#article\",\"isPartOf\":{\"@id\":\"https:\\\/\\\/exaudi.org\\\/es\\\/cultura-de-la-atencion\\\/\"},\"author\":{\"name\":\"Francisco Bobadilla\",\"@id\":\"https:\\\/\\\/exaudi.org\\\/#\\\/schema\\\/person\\\/f2d4ad1e1e2bb7dad42a623b75b7166b\"},\"headline\":\"Cultura de la atenci\u00f3n\",\"datePublished\":\"2025-11-26T07:00:51+00:00\",\"dateModified\":\"2025-11-26T11:10:18+00:00\",\"mainEntityOfPage\":{\"@id\":\"https:\\\/\\\/exaudi.org\\\/es\\\/cultura-de-la-atencion\\\/\"},\"wordCount\":789,\"image\":{\"@id\":\"https:\\\/\\\/exaudi.org\\\/es\\\/cultura-de-la-atencion\\\/#primaryimage\"},\"thumbnailUrl\":\"https:\\\/\\\/exaudi.org\\\/wp-content\\\/uploads\\\/2025\\\/11\\\/pexels-pixabay-277477-scaled.jpg\",\"keywords\":[\"Acogida\",\"Ancianos\",\"atenci\u00f3n\",\"atenci\u00f3n al pr\u00f3jimo\",\"Buber\",\"caridad\",\"Coraz\u00f3n\",\"Cristianismo\",\"Cuidado\",\"cuidado diligente\",\"cultura de la atenci\u00f3n\",\"detalle peque\u00f1o\",\"enfermos\",\"Familia\",\"Francisco Bobadilla\",\"homil\u00eda 16 noviembre 2025\",\"hospitalidad\",\"Le\u00f3n XIV\",\"Martin Buber\",\"mirada contemplativa\",\"Mirar\",\"mundo digital\",\"Ni\u00f1os\",\"papa le\u00f3n xiv\",\"personas vulnerables\",\"pobreza espiritual\",\"pobreza moral\",\"relaci\u00f3n interpersonal\",\"romper la soledad\",\"Soledad\",\"ternura de Dios\",\"Trending\",\"vivir el momento\"],\"articleSection\":[\"Voces\"],\"inLanguage\":\"es\"},{\"@type\":\"WebPage\",\"@id\":\"https:\\\/\\\/exaudi.org\\\/es\\\/cultura-de-la-atencion\\\/\",\"url\":\"https:\\\/\\\/exaudi.org\\\/es\\\/cultura-de-la-atencion\\\/\",\"name\":\"Cultura de la atenci\u00f3n &#8211; Exaudi\",\"isPartOf\":{\"@id\":\"https:\\\/\\\/exaudi.org\\\/#website\"},\"primaryImageOfPage\":{\"@id\":\"https:\\\/\\\/exaudi.org\\\/es\\\/cultura-de-la-atencion\\\/#primaryimage\"},\"image\":{\"@id\":\"https:\\\/\\\/exaudi.org\\\/es\\\/cultura-de-la-atencion\\\/#primaryimage\"},\"thumbnailUrl\":\"https:\\\/\\\/exaudi.org\\\/wp-content\\\/uploads\\\/2025\\\/11\\\/pexels-pixabay-277477-scaled.jpg\",\"datePublished\":\"2025-11-26T07:00:51+00:00\",\"dateModified\":\"2025-11-26T11:10:18+00:00\",\"author\":{\"@id\":\"https:\\\/\\\/exaudi.org\\\/#\\\/schema\\\/person\\\/f2d4ad1e1e2bb7dad42a623b75b7166b\"},\"breadcrumb\":{\"@id\":\"https:\\\/\\\/exaudi.org\\\/es\\\/cultura-de-la-atencion\\\/#breadcrumb\"},\"inLanguage\":\"es\",\"potentialAction\":[{\"@type\":\"ReadAction\",\"target\":[\"https:\\\/\\\/exaudi.org\\\/es\\\/cultura-de-la-atencion\\\/\"]}]},{\"@type\":\"ImageObject\",\"inLanguage\":\"es\",\"@id\":\"https:\\\/\\\/exaudi.org\\\/es\\\/cultura-de-la-atencion\\\/#primaryimage\",\"url\":\"https:\\\/\\\/exaudi.org\\\/wp-content\\\/uploads\\\/2025\\\/11\\\/pexels-pixabay-277477-scaled.jpg\",\"contentUrl\":\"https:\\\/\\\/exaudi.org\\\/wp-content\\\/uploads\\\/2025\\\/11\\\/pexels-pixabay-277477-scaled.jpg\",\"width\":2560,\"height\":1700},{\"@type\":\"BreadcrumbList\",\"@id\":\"https:\\\/\\\/exaudi.org\\\/es\\\/cultura-de-la-atencion\\\/#breadcrumb\",\"itemListElement\":[{\"@type\":\"ListItem\",\"position\":1,\"name\":\"Portada\",\"item\":\"https:\\\/\\\/exaudi.org\\\/es\\\/\"},{\"@type\":\"ListItem\",\"position\":2,\"name\":\"Cultura de la atenci\u00f3n\"}]},{\"@type\":\"WebSite\",\"@id\":\"https:\\\/\\\/exaudi.org\\\/#website\",\"url\":\"https:\\\/\\\/exaudi.org\\\/\",\"name\":\"Exaudi\",\"description\":\"News\",\"potentialAction\":[{\"@type\":\"SearchAction\",\"target\":{\"@type\":\"EntryPoint\",\"urlTemplate\":\"https:\\\/\\\/exaudi.org\\\/?s={search_term_string}\"},\"query-input\":{\"@type\":\"PropertyValueSpecification\",\"valueRequired\":true,\"valueName\":\"search_term_string\"}}],\"inLanguage\":\"es\"},{\"@type\":\"Person\",\"@id\":\"https:\\\/\\\/exaudi.org\\\/#\\\/schema\\\/person\\\/f2d4ad1e1e2bb7dad42a623b75b7166b\",\"name\":\"Francisco Bobadilla\",\"image\":{\"@type\":\"ImageObject\",\"inLanguage\":\"es\",\"@id\":\"https:\\\/\\\/secure.gravatar.com\\\/avatar\\\/8d65d74eeda045f5ef133a25b739fed12768ab871a0ddb2772cf98408d61ee37?s=96&d=mm&r=g\",\"url\":\"https:\\\/\\\/secure.gravatar.com\\\/avatar\\\/8d65d74eeda045f5ef133a25b739fed12768ab871a0ddb2772cf98408d61ee37?s=96&d=mm&r=g\",\"contentUrl\":\"https:\\\/\\\/secure.gravatar.com\\\/avatar\\\/8d65d74eeda045f5ef133a25b739fed12768ab871a0ddb2772cf98408d61ee37?s=96&d=mm&r=g\",\"caption\":\"Francisco Bobadilla\"},\"description\":\"Francisco Bobadilla es profesor principal de la Universidad de Piura, donde dicta clases para el pre-grado y posgrado. Interesado en las Humanidades y en la dimensi\u00f3n \u00e9tica de la conducta humana. Lector habitual, de cuyas lecturas se nutre en gran parte este blog. Es autor, entre otros, de los libros \u201cPasi\u00f3n por la Excelencia\u201d, \u201cEmpresas con alma\u201d, \u00abProgreso econ\u00f3mico y desarrollo humano\u00bb, \u00abEl C\u00f3digo da Vinci: de la ficci\u00f3n a la realidad\u00bb; \u00abLa disponibilidad de los derechos de la personalidad\u00bb. Abogado y Master en Derecho Civil por la PUCP, doctor en Derecho por la Universidad de Zaragoza; Licenciado en Ciencias de la Informaci\u00f3n por la Universidad de Piura. Sus temas: pensamiento pol\u00edtico y social, \u00e9tica y cultura, derechos de la persona.\",\"sameAs\":[\"https:\\\/\\\/tertuliaabierta.wordpress.com\\\/\"],\"url\":\"https:\\\/\\\/exaudi.org\\\/es\\\/author\\\/francisco-bobadilla\\\/\"}]}<\/script>\n<!-- \/ Yoast SEO plugin. -->","yoast_head_json":{"title":"Cultura de la atenci\u00f3n &#8211; Exaudi","robots":{"index":"index","follow":"follow","max-snippet":"max-snippet:-1","max-image-preview":"max-image-preview:large","max-video-preview":"max-video-preview:-1"},"canonical":"https:\/\/exaudi.org\/es\/cultura-de-la-atencion\/","og_locale":"es_ES","og_type":"article","og_title":"Cultura de la atenci\u00f3n &#8211; Exaudi","og_description":"Mirar con el coraz\u00f3n y cuidar con las manos","og_url":"https:\/\/exaudi.org\/es\/cultura-de-la-atencion\/","og_site_name":"Exaudi","article_publisher":"https:\/\/www.facebook.com\/ExaudiNews","article_published_time":"2025-11-26T07:00:51+00:00","article_modified_time":"2025-11-26T11:10:18+00:00","og_image":[{"width":2560,"height":1700,"url":"https:\/\/exaudi.org\/wp-content\/uploads\/2025\/11\/pexels-pixabay-277477-scaled.jpg","type":"image\/jpeg"}],"author":"Francisco Bobadilla","twitter_card":"summary_large_image","twitter_creator":"@Exaudi_News","twitter_site":"@Exaudi_News","twitter_misc":{"Escrito por":"Francisco Bobadilla","Tiempo de lectura":"4 minutos"},"schema":{"@context":"https:\/\/schema.org","@graph":[{"@type":"Article","@id":"https:\/\/exaudi.org\/es\/cultura-de-la-atencion\/#article","isPartOf":{"@id":"https:\/\/exaudi.org\/es\/cultura-de-la-atencion\/"},"author":{"name":"Francisco Bobadilla","@id":"https:\/\/exaudi.org\/#\/schema\/person\/f2d4ad1e1e2bb7dad42a623b75b7166b"},"headline":"Cultura de la atenci\u00f3n","datePublished":"2025-11-26T07:00:51+00:00","dateModified":"2025-11-26T11:10:18+00:00","mainEntityOfPage":{"@id":"https:\/\/exaudi.org\/es\/cultura-de-la-atencion\/"},"wordCount":789,"image":{"@id":"https:\/\/exaudi.org\/es\/cultura-de-la-atencion\/#primaryimage"},"thumbnailUrl":"https:\/\/exaudi.org\/wp-content\/uploads\/2025\/11\/pexels-pixabay-277477-scaled.jpg","keywords":["Acogida","Ancianos","atenci\u00f3n","atenci\u00f3n al pr\u00f3jimo","Buber","caridad","Coraz\u00f3n","Cristianismo","Cuidado","cuidado diligente","cultura de la atenci\u00f3n","detalle peque\u00f1o","enfermos","Familia","Francisco Bobadilla","homil\u00eda 16 noviembre 2025","hospitalidad","Le\u00f3n XIV","Martin Buber","mirada contemplativa","Mirar","mundo digital","Ni\u00f1os","papa le\u00f3n xiv","personas vulnerables","pobreza espiritual","pobreza moral","relaci\u00f3n interpersonal","romper la soledad","Soledad","ternura de Dios","Trending","vivir el momento"],"articleSection":["Voces"],"inLanguage":"es"},{"@type":"WebPage","@id":"https:\/\/exaudi.org\/es\/cultura-de-la-atencion\/","url":"https:\/\/exaudi.org\/es\/cultura-de-la-atencion\/","name":"Cultura de la atenci\u00f3n &#8211; Exaudi","isPartOf":{"@id":"https:\/\/exaudi.org\/#website"},"primaryImageOfPage":{"@id":"https:\/\/exaudi.org\/es\/cultura-de-la-atencion\/#primaryimage"},"image":{"@id":"https:\/\/exaudi.org\/es\/cultura-de-la-atencion\/#primaryimage"},"thumbnailUrl":"https:\/\/exaudi.org\/wp-content\/uploads\/2025\/11\/pexels-pixabay-277477-scaled.jpg","datePublished":"2025-11-26T07:00:51+00:00","dateModified":"2025-11-26T11:10:18+00:00","author":{"@id":"https:\/\/exaudi.org\/#\/schema\/person\/f2d4ad1e1e2bb7dad42a623b75b7166b"},"breadcrumb":{"@id":"https:\/\/exaudi.org\/es\/cultura-de-la-atencion\/#breadcrumb"},"inLanguage":"es","potentialAction":[{"@type":"ReadAction","target":["https:\/\/exaudi.org\/es\/cultura-de-la-atencion\/"]}]},{"@type":"ImageObject","inLanguage":"es","@id":"https:\/\/exaudi.org\/es\/cultura-de-la-atencion\/#primaryimage","url":"https:\/\/exaudi.org\/wp-content\/uploads\/2025\/11\/pexels-pixabay-277477-scaled.jpg","contentUrl":"https:\/\/exaudi.org\/wp-content\/uploads\/2025\/11\/pexels-pixabay-277477-scaled.jpg","width":2560,"height":1700},{"@type":"BreadcrumbList","@id":"https:\/\/exaudi.org\/es\/cultura-de-la-atencion\/#breadcrumb","itemListElement":[{"@type":"ListItem","position":1,"name":"Portada","item":"https:\/\/exaudi.org\/es\/"},{"@type":"ListItem","position":2,"name":"Cultura de la atenci\u00f3n"}]},{"@type":"WebSite","@id":"https:\/\/exaudi.org\/#website","url":"https:\/\/exaudi.org\/","name":"Exaudi","description":"News","potentialAction":[{"@type":"SearchAction","target":{"@type":"EntryPoint","urlTemplate":"https:\/\/exaudi.org\/?s={search_term_string}"},"query-input":{"@type":"PropertyValueSpecification","valueRequired":true,"valueName":"search_term_string"}}],"inLanguage":"es"},{"@type":"Person","@id":"https:\/\/exaudi.org\/#\/schema\/person\/f2d4ad1e1e2bb7dad42a623b75b7166b","name":"Francisco Bobadilla","image":{"@type":"ImageObject","inLanguage":"es","@id":"https:\/\/secure.gravatar.com\/avatar\/8d65d74eeda045f5ef133a25b739fed12768ab871a0ddb2772cf98408d61ee37?s=96&d=mm&r=g","url":"https:\/\/secure.gravatar.com\/avatar\/8d65d74eeda045f5ef133a25b739fed12768ab871a0ddb2772cf98408d61ee37?s=96&d=mm&r=g","contentUrl":"https:\/\/secure.gravatar.com\/avatar\/8d65d74eeda045f5ef133a25b739fed12768ab871a0ddb2772cf98408d61ee37?s=96&d=mm&r=g","caption":"Francisco Bobadilla"},"description":"Francisco Bobadilla es profesor principal de la Universidad de Piura, donde dicta clases para el pre-grado y posgrado. Interesado en las Humanidades y en la dimensi\u00f3n \u00e9tica de la conducta humana. Lector habitual, de cuyas lecturas se nutre en gran parte este blog. Es autor, entre otros, de los libros \u201cPasi\u00f3n por la Excelencia\u201d, \u201cEmpresas con alma\u201d, \u00abProgreso econ\u00f3mico y desarrollo humano\u00bb, \u00abEl C\u00f3digo da Vinci: de la ficci\u00f3n a la realidad\u00bb; \u00abLa disponibilidad de los derechos de la personalidad\u00bb. Abogado y Master en Derecho Civil por la PUCP, doctor en Derecho por la Universidad de Zaragoza; Licenciado en Ciencias de la Informaci\u00f3n por la Universidad de Piura. Sus temas: pensamiento pol\u00edtico y social, \u00e9tica y cultura, derechos de la persona.","sameAs":["https:\/\/tertuliaabierta.wordpress.com\/"],"url":"https:\/\/exaudi.org\/es\/author\/francisco-bobadilla\/"}]}},"jetpack_featured_media_url":"https:\/\/exaudi.org\/wp-content\/uploads\/2025\/11\/pexels-pixabay-277477-scaled.jpg","jetpack_shortlink":"https:\/\/wp.me\/pgKjF2-Coa","_links":{"self":[{"href":"https:\/\/exaudi.org\/es\/wp-json\/wp\/v2\/posts\/147570","targetHints":{"allow":["GET"]}}],"collection":[{"href":"https:\/\/exaudi.org\/es\/wp-json\/wp\/v2\/posts"}],"about":[{"href":"https:\/\/exaudi.org\/es\/wp-json\/wp\/v2\/types\/post"}],"author":[{"embeddable":true,"href":"https:\/\/exaudi.org\/es\/wp-json\/wp\/v2\/users\/109"}],"replies":[{"embeddable":true,"href":"https:\/\/exaudi.org\/es\/wp-json\/wp\/v2\/comments?post=147570"}],"version-history":[{"count":6,"href":"https:\/\/exaudi.org\/es\/wp-json\/wp\/v2\/posts\/147570\/revisions"}],"predecessor-version":[{"id":147768,"href":"https:\/\/exaudi.org\/es\/wp-json\/wp\/v2\/posts\/147570\/revisions\/147768"}],"wp:featuredmedia":[{"embeddable":true,"href":"https:\/\/exaudi.org\/es\/wp-json\/wp\/v2\/media\/147574"}],"wp:attachment":[{"href":"https:\/\/exaudi.org\/es\/wp-json\/wp\/v2\/media?parent=147570"}],"wp:term":[{"taxonomy":"category","embeddable":true,"href":"https:\/\/exaudi.org\/es\/wp-json\/wp\/v2\/categories?post=147570"},{"taxonomy":"post_tag","embeddable":true,"href":"https:\/\/exaudi.org\/es\/wp-json\/wp\/v2\/tags?post=147570"}],"curies":[{"name":"wp","href":"https:\/\/api.w.org\/{rel}","templated":true}]}}