{"id":147342,"date":"2025-11-23T14:42:02","date_gmt":"2025-11-23T13:42:02","guid":{"rendered":"https:\/\/exaudi.org\/?p=147342"},"modified":"2025-11-23T14:42:02","modified_gmt":"2025-11-23T13:42:02","slug":"leon-xiv-la-musica-como-camino-sinodal-de-fe-y-alegria","status":"publish","type":"post","link":"https:\/\/exaudi.org\/es\/leon-xiv-la-musica-como-camino-sinodal-de-fe-y-alegria\/","title":{"rendered":"Le\u00f3n XIV: La m\u00fasica como camino sinodal de fe y alegr\u00eda"},"content":{"rendered":"<p dir=\"auto\">En el marco del A\u00f1o Santo 2025, la Plaza de San Pedro se convirti\u00f3 este domingo 23 de noviembre en un vasto escenario de alabanza y armon\u00eda, donde m\u00e1s de 60.000 fieles, peregrinos y coristas de todo el mundo se reunieron para celebrar el Jubileo de los Coros y Corales. El Santo Padre Le\u00f3n XIV presidi\u00f3 la Santa Misa en la Solemnidad de Nuestro Se\u00f1or Jesucristo, Rey del Universo, y en su homil\u00eda dirigi\u00f3 un mensaje conmovedor a los m\u00fasicos y cantores lit\u00fargicos, invit\u00e1ndolos a ver en su servicio un verdadero camino sinodal de fe, esperanza y alegr\u00eda compartida. Esta celebraci\u00f3n, que incluy\u00f3 un rezo mariano del \u00c1ngelus y un recorrido del Pont\u00edfice en papam\u00f3vil por la V\u00eda de la Conciliazione para saludar a los presentes, subray\u00f3 el rol esencial de la m\u00fasica en la vida de la Iglesia, como puente que une voces diversas en una sola melod\u00eda de amor a Dios.<\/p>\n<p dir=\"auto\">El Papa, partiendo del salmo responsorial \u2014\u00abVayamos con alegr\u00eda al encuentro del Se\u00f1or\u00bb (Sal 122)\u2014, invit\u00f3 a la asamblea a caminar juntos hacia Cristo, el Rey manso y humilde cuyo trono es la cruz y cuyo poder se manifiesta en la misericordia divina. \u00abSu reino se irradia en el mundo a trav\u00e9s de la cruz, donde Dios reina desde el madero como Pr\u00edncipe de la paz\u00bb, record\u00f3 Le\u00f3n XIV, enfatizando que este amor es la inspiraci\u00f3n profunda de todo canto lit\u00fargico. Los coros, presentes en esta Eucarist\u00eda con sus voces elevadas en himnos y salmos, fueron saludados como testigos vivos de la gracia, que ofrecen sus talentos \u00abpara la gloria de Dios y la edificaci\u00f3n espiritual de los hermanos\u00bb (cf. Conc. Ecum. Vat. II, <em>Sacrosanctum Concilium<\/em>, 120).<\/p>\n<p dir=\"auto\">En su reflexi\u00f3n, el Pont\u00edfice evoc\u00f3 la dimensi\u00f3n universal de la m\u00fasica, regalo de las grandes civilizaciones para expresar \u00ablo que llevamos en lo profundo de nuestro coraz\u00f3n y que no siempre pueden expresar las palabras\u00bb. Citando a san Agust\u00edn \u2014\u00abCantare amantis est\u00bb (Serm\u00f3n 336, 1)\u2014, explic\u00f3 que \u00abcantar es propio de quien ama\u00bb, un acto que une mente, sentimientos, cuerpo y alma en la comunicaci\u00f3n de las grandes verdades de la vida. Para el Pueblo de Dios, el canto se transforma en el \u00abc\u00e1ntico nuevo\u00bb que Cristo resucitado eleva al Padre, haciendo part\u00edcipes a todos los bautizados en un \u00fanico cuerpo animado por el Esp\u00edritu. As\u00ed, los coristas se convierten en \u00abcantores de la gracia\u00bb, hijos de la Iglesia que encuentran en el Resucitado la fuente inagotable de su alabanza. La m\u00fasica lit\u00fargica, en este sentido, no es mero adorno, sino un instrumento valioso para el servicio de alabanza y la expresi\u00f3n del gozo en la vida nueva de Cristo.<\/p>\n<p dir=\"auto\"><img loading=\"lazy\" decoding=\"async\" class=\"size-full wp-image-147353 alignnone\" src=\"https:\/\/exaudi.org\/wp-content\/uploads\/2025\/11\/cq5dam.thumbnail.cropped.750.422-6-1.jpeg\" alt=\"\" width=\"750\" height=\"422\" srcset=\"https:\/\/exaudi.org\/wp-content\/uploads\/2025\/11\/cq5dam.thumbnail.cropped.750.422-6-1.jpeg 750w, https:\/\/exaudi.org\/wp-content\/uploads\/2025\/11\/cq5dam.thumbnail.cropped.750.422-6-1-300x169.jpeg 300w, https:\/\/exaudi.org\/wp-content\/uploads\/2025\/11\/cq5dam.thumbnail.cropped.750.422-6-1-500x281.jpeg 500w\" sizes=\"auto, (max-width: 750px) 100vw, 750px\" \/><\/p>\n<p dir=\"auto\">Le\u00f3n XIV extendi\u00f3 esta imagen po\u00e9tica al camino eclesial: como peregrinos fatigados, los fieles caminan cantando, anticipando la alegr\u00eda del encuentro final con Dios. \u00abCanta, pero camina [\u2026], avanza en el bien\u00bb (Serm\u00f3n 256, 3), exhortaba san Agust\u00edn, y el Papa aplic\u00f3 esta ense\u00f1anza a la vida de los coros: \u00abFormar parte de un coro significa avanzar juntos tomando de la mano a los hermanos, ayud\u00e1ndoles a caminar con nosotros y cantando junto a ellos la alabanza de Dios, consol\u00e1ndolos en los sufrimientos, exhort\u00e1ndolos cuando parece que les vence el cansancio\u00bb. Esta din\u00e1mica refleja la Iglesia en salida, una \u00abaut\u00e9ntica realidad sinodal\u00bb que comparte la vocaci\u00f3n a la alabanza en una peregrinaci\u00f3n de amor y esperanza.<\/p>\n<p dir=\"auto\">Profundizando en la unidad, el Santo Padre recurri\u00f3 a san Ignacio de Antioqu\u00eda, quien ve\u00eda en el \u00absinf\u00f3nico y armonioso amor\u00bb de un coro la voz misma de Cristo: \u00abQue cada uno de vosotros tambi\u00e9n se convierta en coro, a fin de que, en la armon\u00eda de vuestra concordia, tom\u00e9is el tono de Dios en la unidad\u00bb (<em>A los Efesios<\/em>, IV). Las voces diversas que se armonizan en una \u00fanica melod\u00eda simbolizan la Iglesia, que une a todos en el amor, tejiendo una \u00absuave melod\u00eda\u00bb de concordia. Los coros lit\u00fargicos, activos principalmente en el servicio eucar\u00edstico, demandan preparaci\u00f3n, fidelidad y una profunda vida espiritual: \u00abSi ustedes rezan cantando, ayuden a todos a rezar\u00bb. Requieren disciplina y esp\u00edritu de servicio, especialmente en liturgias solemnes, pero siempre en comuni\u00f3n con la comunidad, evitando el exhibicionismo que excluye la participaci\u00f3n activa de la asamblea.<\/p>\n<p dir=\"auto\">Como en toda familia \u2014y el coro es una \u00abpeque\u00f1a familia\u00bb unida por el amor a la m\u00fasica\u2014, surgen tensiones y fatigas, pero el Papa las ve como reflejo del camino hist\u00f3rico de la Iglesia, lleno de pruebas y alegr\u00edas alternas. El canto alivia este viaje, infundiendo consuelo y entusiasmo. \u00abComprom\u00e9tanse, por tanto, a transformar cada vez m\u00e1s sus coros en un prodigio de armon\u00eda y belleza; sean cada vez m\u00e1s imagen luminosa de la Iglesia que alaba a su Se\u00f1or\u00bb, inst\u00f3 Le\u00f3n XIV, recordando el Magisterio conciliar para guiar su servicio. Vigilen, a\u00f1adi\u00f3, para que su vida espiritual eleve aut\u00e9nticamente la gracia lit\u00fargica, haciendo part\u00edcipe al pueblo de Dios sin elitismos.<\/p>\n<p dir=\"auto\"><img loading=\"lazy\" decoding=\"async\" class=\"size-full wp-image-147350 alignnone\" src=\"https:\/\/exaudi.org\/wp-content\/uploads\/2025\/11\/cq5dam.thumbnail.cropped.750.422-10-1.jpeg\" alt=\"\" width=\"750\" height=\"422\" srcset=\"https:\/\/exaudi.org\/wp-content\/uploads\/2025\/11\/cq5dam.thumbnail.cropped.750.422-10-1.jpeg 750w, https:\/\/exaudi.org\/wp-content\/uploads\/2025\/11\/cq5dam.thumbnail.cropped.750.422-10-1-300x169.jpeg 300w, https:\/\/exaudi.org\/wp-content\/uploads\/2025\/11\/cq5dam.thumbnail.cropped.750.422-10-1-500x281.jpeg 500w\" sizes=\"auto, (max-width: 750px) 100vw, 750px\" \/><\/p>\n<p dir=\"auto\">Al cierre de su homil\u00eda, el Pont\u00edfice encomend\u00f3 a los coristas a santa Cecilia, la virgen y m\u00e1rtir romana cuyo \u00abcanto de amor\u00bb fue su entrega total a Cristo, ofreciendo a la Iglesia un testimonio luminoso de fe y amor. \u00abProsigamos cantando y hagamos nuestra, una vez m\u00e1s, la invitaci\u00f3n del salmo: &#8216;Vayamos con alegr\u00eda al encuentro del Se\u00f1or&#8217;\u00bb, concluy\u00f3, sellando una celebraci\u00f3n que reson\u00f3 como un himno colectivo a la misericordia del Rey del Universo.<\/p>\n<p dir=\"auto\"><em><strong>Texto completo de la homil\u00eda:<\/strong><\/em><\/p>\n<div class=\"testo\">\n<div class=\"abstract text parbase vaticanrichtext\">\n<p style=\"text-align: center;\"><span class=\"color-text\">JUBILEO DE LOS COROS Y DE LAS CORALES<\/span><\/p>\n<p style=\"text-align: center;\"><span class=\"color-text\"><b>SANTA MISA<\/b><br \/>\n<\/span><\/p>\n<p style=\"text-align: center;\"><b><i><span class=\"title-1-color\">HOMIL\u00cdA DEL SANTO PADRE LE\u00d3N XIV<\/span><\/i><\/b><\/p>\n<p style=\"text-align: center;\"><i><span class=\"color-text\">Plaza de San Pedro<br \/>\nSolemnidad de Nuestro Se\u00f1or Jesucristo, Rey del Universo<br \/>\nDomingo, 23 de noviembre de 2025<\/span><\/i><\/p>\n<p>_______________________________________<\/p>\n<div class=\"clearfix\"><\/div>\n<\/div>\n<div class=\"text parbase vaticanrichtext\">\n<p><i>Queridos hermanos y hermanas:<\/i><\/p>\n<p>En el salmo responsorial hemos cantado: \u201cVayamos con alegr\u00eda al encuentro del Se\u00f1or\u201d (cf.\u00a0<i>Sal<\/i>\u00a0122). La liturgia de hoy nos invita, por tanto, a caminar juntos \u2014en la alabanza y la alegr\u00eda\u2014 al encuentro de nuestro Se\u00f1or Jesucristo, Rey del Universo, soberano manso y humilde, Aquel que es el principio y el fin de todas las cosas. Su poder es el amor, su trono es la cruz y, por medio de la cruz, su reino se irradia en el mundo. \u201cDios reina desde el madero\u201d (cf.\u00a0<i>Himno<\/i>\u00a0<i>Vexilla Regis<\/i>) como Pr\u00edncipe de la paz y Rey de la justicia que, en su Pasi\u00f3n, revela al mundo la inmensa misericordia del coraz\u00f3n de Dios. Este amor es tambi\u00e9n la inspiraci\u00f3n y el motivo de sus cantos.<\/p>\n<p>Queridos coristas y m\u00fasicos,\u00a0<a href=\"https:\/\/www.iubilaeum2025.va\/es\/pellegrinaggio\/calendario-giubileo\/GrandiEventi\/Giubileo-dei-Cori-e-delle-Corali.html\">hoy celebran su jubileo<\/a>\u00a0y agradecen al Se\u00f1or por haberles concedido el don y la gracia de servirlo ofreciendo sus voces y sus talentos para su gloria y para la edificaci\u00f3n espiritual de los hermanos (cf. Conc. Ecum. Vat. II, Const.\u00a0<i><a href=\"https:\/\/www.vatican.va\/archive\/hist_councils\/ii_vatican_council\/documents\/vat-ii_const_19631204_sacrosanctum-concilium_sp.html\">Sacrosanctum Concilium<\/a><\/i>, 120). Su tarea es la de involucrarlos en la alabanza a Dios y de hacerlos participar mejor de la acci\u00f3n lit\u00fargica por medio del canto. Hoy expresan plenamente su \u201c<i>iubilum<\/i>\u201d, su regocijo, que nace del coraz\u00f3n inundado de la alegr\u00eda de la gracia.<\/p>\n<p>Las grandes civilizaciones nos han regalado la m\u00fasica para que podamos manifestar lo que llevamos en lo profundo de nuestro coraz\u00f3n y que no siempre pueden expresar las palabras. Todos los sentimientos y las emociones que nacen en nuestro interior y de una relaci\u00f3n viva con la realidad pueden encontrar voz en la m\u00fasica. El canto, de manera particular, representa una expresi\u00f3n natural y completa del ser humano; en \u00e9l la mente, los sentimientos, el cuerpo y el alma se unen para comunicar las cosas grandes de la vida. Como nos recuerda san Agust\u00edn: \u00ab<i>Cantare amantis est<\/i>\u00bb (<i>Serm\u00f3n 336<\/i>, 1), es decir, \u00abcantar es propio de quien ama\u00bb. Quien canta expresa el amor, pero tambi\u00e9n el dolor, la ternura y el deseo que alberga en su coraz\u00f3n y, al mismo tiempo, \u00abama a aquel a quien canta\u00bb (<i>Comentarios a los Salmos<\/i>, 72, 1).<\/p>\n<p><img loading=\"lazy\" decoding=\"async\" class=\"size-full wp-image-147347 alignnone\" src=\"https:\/\/exaudi.org\/wp-content\/uploads\/2025\/11\/cq5dam.thumbnail.cropped.750.422-14.jpeg\" alt=\"\" width=\"750\" height=\"422\" srcset=\"https:\/\/exaudi.org\/wp-content\/uploads\/2025\/11\/cq5dam.thumbnail.cropped.750.422-14.jpeg 750w, https:\/\/exaudi.org\/wp-content\/uploads\/2025\/11\/cq5dam.thumbnail.cropped.750.422-14-300x169.jpeg 300w, https:\/\/exaudi.org\/wp-content\/uploads\/2025\/11\/cq5dam.thumbnail.cropped.750.422-14-500x281.jpeg 500w\" sizes=\"auto, (max-width: 750px) 100vw, 750px\" \/><\/p>\n<p>Para el Pueblo de Dios el canto expresa la invocaci\u00f3n y la alabanza, es el \u201cc\u00e1ntico nuevo\u201d que Cristo resucitado eleva al Padre, haciendo part\u00edcipe de ello a todos los bautizados, como un \u00fanico cuerpo animado por la vida nueva del Esp\u00edritu. En Cristo somos cantores de la gracia, hijos de la Iglesia que encuentran en el Resucitado la causa de su alabanza. La m\u00fasica lit\u00fargica se convierte as\u00ed en un instrumento muy valioso mediante el cual desempe\u00f1amos el servicio de alabanza a Dios y expresamos el gozo de la vida nueva en Cristo.<\/p>\n<p>San Agust\u00edn nos exhorta, adem\u00e1s, a caminar cantando, como viajeros fatigados que encuentran en el canto un presagio de la alegr\u00eda que experimentar\u00e1n al llegar a su meta. \u00abCanta, pero camina [\u2026], avanza en el bien\u00bb (<i>Serm\u00f3n 256<\/i>, 3). Por tanto, formar parte de un coro significa avanzar juntos tomando de la mano a los hermanos, ayud\u00e1ndoles a caminar con nosotros y cantando junto a ellos la alabanza de Dios, consol\u00e1ndolos en los sufrimientos, exhort\u00e1ndolos cuando parece que les vence el cansancio, infundi\u00e9ndoles entusiasmo cuando parece que predomina la fatiga. Cantar nos recuerda que somos Iglesia en camino, una aut\u00e9ntica realidad sinodal, capaz de compartir la vocaci\u00f3n a la alabanza y a la alegr\u00eda con todos, en una peregrinaci\u00f3n de amor y de esperanza.<\/p>\n<p>Tambi\u00e9n san Ignacio de Antioqu\u00eda usa palabras conmovedoras relacionando el canto del coro con la unidad de la Iglesia: \u00abEn vuestro sinf\u00f3nico y armonioso amor es Jesucristo quien canta. Que cada uno de vosotros tambi\u00e9n se convierta en coro, a fin de que, en la armon\u00eda de vuestra concordia, tom\u00e9is el tono de Dios en la unidad, cant\u00e9is a una sola voz por Jesucristo al Padre, para que os escuche y os reconozca por vuestras buenas obras\u00bb (<i>A los Efesios<\/i>,<i>\u00a0<\/i>IV). En efecto, las diferentes voces de un coro se armonizan entre ellas dando vida a una \u00fanica alabanza, s\u00edmbolo luminoso de la Iglesia, que une a todos en el amor, en una \u00fanica y suave melod\u00eda.<\/p>\n<p>Ustedes pertenecen a coros que desarrollan su actividad sobre todo en el servicio lit\u00fargico. Su ministerio exige preparaci\u00f3n, fidelidad, entendimiento mutuo y, sobre todo, una vida espiritual profunda, de modo que, si ustedes rezan cantando, ayuden a todos a rezar. Es un ministerio que requiere disciplina y esp\u00edritu de servicio, especialmente cuando es necesario preparar una liturgia solemne o alg\u00fan acontecimiento importante para sus comunidades. El coro es una peque\u00f1a familia de personas diferentes unidas por el amor a la m\u00fasica y por el servicio que ofrecen. Pero recuerden que su gran familia es la comunidad; no est\u00e1n por delante, sino que forman parte de ella, con el compromiso de hacerla m\u00e1s unida, inspir\u00e1ndola y haci\u00e9ndola part\u00edcipe. Como en todas las familias, pueden surgir tensiones o peque\u00f1as incomprensiones, cosas normales cuando se trabaja juntos y se hace un esfuerzo por alcanzar un resultado. Podemos decir que el coro es un poco un s\u00edmbolo de la Iglesia que, orientada hacia su meta, camina en la historia alabando a Dios. Aunque este camino en ocasiones est\u00e1 lleno de dificultades y de pruebas, y los momentos de alegr\u00eda se alternan con otros de mayor fatiga, el canto hace m\u00e1s ligero el viaje, dando alivio y consuelo.<\/p>\n<p>Comprom\u00e9tanse, por tanto, a transformar cada vez m\u00e1s sus coros en un prodigio de armon\u00eda y belleza; sean cada vez m\u00e1s imagen luminosa de la Iglesia que alaba a su Se\u00f1or. Estudien atentamente el Magisterio, que indica en los documentos conciliares las normas para desarrollar al m\u00e1ximo su servicio. Sobre todo, sean capaces de hacer siempre part\u00edcipe al pueblo de Dios, sin ceder a la tentaci\u00f3n del exhibicionismo, que excluye la participaci\u00f3n activa de toda la asamblea lit\u00fargica en el canto. Sean, en esto, signo elocuente de la oraci\u00f3n de la Iglesia, que expresa su amor a Dios por medio de la belleza de la m\u00fasica. Vigilen, para que su vida espiritual est\u00e9 siempre a la altura del servicio que realizan, de modo que esto pueda expresar aut\u00e9nticamente la gracia de la liturgia.<\/p>\n<p>Los encomiendo a todos a la protecci\u00f3n de santa Cecilia, la virgen y m\u00e1rtir que, aqu\u00ed en Roma, ha elevado con su vida el canto de amor m\u00e1s hermoso, entreg\u00e1ndose totalmente a Cristo y ofreciendo a la Iglesia su luminoso testimonio de fe y amor. Prosigamos cantando y hagamos nuestra, una vez m\u00e1s, la invitaci\u00f3n del salmo responsorial de la liturgia de hoy: \u201cVayamos con alegr\u00eda al encuentro del Se\u00f1or\u201d.<\/p>\n<p><iframe loading=\"lazy\" title=\"Santa Misa presidida por el Papa Le\u00f3n XIV y rezo del \u00c1ngelus . 23 de noviembre de 2025\" width=\"500\" height=\"281\" src=\"https:\/\/www.youtube.com\/embed\/WMNJDLU4IFY?feature=oembed\" frameborder=\"0\" allow=\"accelerometer; autoplay; clipboard-write; encrypted-media; gyroscope; picture-in-picture; web-share\" referrerpolicy=\"strict-origin-when-cross-origin\" allowfullscreen><\/iframe><\/p>\n<\/div>\n<\/div>\n","protected":false},"excerpt":{"rendered":"<p>En el jubileo de los Coros. Homil\u00eda en la Solemnidad de Cristo Rey: El canto como expresi\u00f3n de amor y unidad eclesial<\/p>\n","protected":false},"author":15,"featured_media":147344,"comment_status":"closed","ping_status":"closed","sticky":false,"template":"","format":"standard","meta":{"_acf_changed":false,"_crdt_document":"","inline_featured_image":false,"footnotes":""},"categories":[114,68],"tags":[17566,30739,82309,82307,82302,82310,82303,82301,34920,82299,82305,82300,58067,82308,19252,58111,53422,1180,82311,82304,3840,11007,3007,41010,82306],"class_list":["post-147342","post","type-post","status-publish","format-standard","has-post-thumbnail","hentry","category-homilias","category-leon-xiv","tag-alabanza-a-dios","tag-ano-santo-2025","tag-armonia-eclesial","tag-cantare-amantis-est","tag-canto-en-la-iglesia","tag-coristas-catolicos","tag-coros-parroquiales","tag-cristo-rey-2025","tag-featured-es-14","tag-homilia-leon-xiv","tag-iglesia-en-camino","tag-jubileo-de-los-coros-2025","tag-leon-xiv","tag-misa-jubileo-coros","tag-musica-liturgica","tag-papa-leon-xiv","tag-participacion-liturgica","tag-plaza-de-san-pedro","tag-roma-23-noviembre-2025","tag-sacrosanctum-concilium","tag-san-agustin","tag-santa-cecilia","tag-sinodalidad-es","tag-vaticano-2025","tag-vexilla-regis"],"acf":[],"yoast_head":"<!-- This site is optimized with the Yoast SEO plugin v27.5 - https:\/\/yoast.com\/product\/yoast-seo-wordpress\/ -->\n<title>Le\u00f3n XIV: La m\u00fasica como camino sinodal de fe y alegr\u00eda &#8211; Exaudi<\/title>\n<meta name=\"robots\" content=\"index, follow, max-snippet:-1, max-image-preview:large, max-video-preview:-1\" \/>\n<link rel=\"canonical\" href=\"https:\/\/exaudi.org\/es\/leon-xiv-la-musica-como-camino-sinodal-de-fe-y-alegria\/\" \/>\n<meta property=\"og:locale\" content=\"es_ES\" \/>\n<meta property=\"og:type\" content=\"article\" \/>\n<meta property=\"og:title\" content=\"Le\u00f3n XIV: La m\u00fasica como camino sinodal de fe y alegr\u00eda &#8211; Exaudi\" \/>\n<meta property=\"og:description\" content=\"En el jubileo de los Coros. Homil\u00eda en la Solemnidad de Cristo Rey: El canto como expresi\u00f3n de amor y unidad eclesial\" \/>\n<meta property=\"og:url\" content=\"https:\/\/exaudi.org\/es\/leon-xiv-la-musica-como-camino-sinodal-de-fe-y-alegria\/\" \/>\n<meta property=\"og:site_name\" content=\"Exaudi\" \/>\n<meta property=\"article:publisher\" content=\"https:\/\/www.facebook.com\/ExaudiNews\" \/>\n<meta property=\"article:author\" content=\"https:\/\/www.facebook.com\/ExaudiNoticias\/\" \/>\n<meta property=\"article:published_time\" content=\"2025-11-23T13:42:02+00:00\" \/>\n<meta property=\"og:image\" content=\"https:\/\/exaudi.org\/wp-content\/uploads\/2025\/11\/cq5dam.thumbnail.cropped.750.422-6-1.jpeg\" \/>\n\t<meta property=\"og:image:width\" content=\"750\" \/>\n\t<meta property=\"og:image:height\" content=\"422\" \/>\n\t<meta property=\"og:image:type\" content=\"image\/jpeg\" \/>\n<meta name=\"author\" content=\"Exaudi Redacci\u00f3n\" \/>\n<meta name=\"twitter:card\" content=\"summary_large_image\" \/>\n<meta name=\"twitter:creator\" content=\"@Exaudi_noticias\" \/>\n<meta name=\"twitter:site\" content=\"@Exaudi_News\" \/>\n<meta name=\"twitter:label1\" content=\"Escrito por\" \/>\n\t<meta name=\"twitter:data1\" content=\"Exaudi Redacci\u00f3n\" \/>\n\t<meta name=\"twitter:label2\" content=\"Tiempo de lectura\" \/>\n\t<meta name=\"twitter:data2\" content=\"11 minutos\" \/>\n<script type=\"application\/ld+json\" class=\"yoast-schema-graph\">{\"@context\":\"https:\\\/\\\/schema.org\",\"@graph\":[{\"@type\":\"Article\",\"@id\":\"https:\\\/\\\/exaudi.org\\\/es\\\/leon-xiv-la-musica-como-camino-sinodal-de-fe-y-alegria\\\/#article\",\"isPartOf\":{\"@id\":\"https:\\\/\\\/exaudi.org\\\/es\\\/leon-xiv-la-musica-como-camino-sinodal-de-fe-y-alegria\\\/\"},\"author\":{\"name\":\"Exaudi Redacci\u00f3n\",\"@id\":\"https:\\\/\\\/exaudi.org\\\/#\\\/schema\\\/person\\\/f5fc8f063065e38742da7afe15f25df7\"},\"headline\":\"Le\u00f3n XIV: La m\u00fasica como camino sinodal de fe y alegr\u00eda\",\"datePublished\":\"2025-11-23T13:42:02+00:00\",\"mainEntityOfPage\":{\"@id\":\"https:\\\/\\\/exaudi.org\\\/es\\\/leon-xiv-la-musica-como-camino-sinodal-de-fe-y-alegria\\\/\"},\"wordCount\":2209,\"image\":{\"@id\":\"https:\\\/\\\/exaudi.org\\\/es\\\/leon-xiv-la-musica-como-camino-sinodal-de-fe-y-alegria\\\/#primaryimage\"},\"thumbnailUrl\":\"https:\\\/\\\/exaudi.org\\\/wp-content\\\/uploads\\\/2025\\\/11\\\/cq5dam.thumbnail.cropped.750.422-7-1.jpeg\",\"keywords\":[\"Alabanza a Dios\",\"A\u00f1o Santo 2025\",\"armon\u00eda eclesial\",\"cantare amantis est\",\"canto en la Iglesia\",\"coristas cat\u00f3licos\",\"coros parroquiales\",\"Cristo Rey 2025\",\"Featured\",\"homil\u00eda Le\u00f3n XIV\",\"Iglesia en camino\",\"Jubileo de los Coros 2025\",\"Le\u00f3n XIV\",\"misa jubileo coros\",\"M\u00fasica Lit\u00fargica\",\"papa le\u00f3n xiv\",\"participaci\u00f3n lit\u00fargica\",\"Plaza de San Pedro\",\"Roma 23 noviembre 2025\",\"Sacrosanctum Concilium\",\"San Agust\u00edn\",\"Santa Cecilia\",\"Sinodalidad\",\"Vaticano 2025\",\"Vexilla Regis\"],\"articleSection\":[\"Homilias\",\"Le\u00f3n XIV\"],\"inLanguage\":\"es\"},{\"@type\":\"WebPage\",\"@id\":\"https:\\\/\\\/exaudi.org\\\/es\\\/leon-xiv-la-musica-como-camino-sinodal-de-fe-y-alegria\\\/\",\"url\":\"https:\\\/\\\/exaudi.org\\\/es\\\/leon-xiv-la-musica-como-camino-sinodal-de-fe-y-alegria\\\/\",\"name\":\"Le\u00f3n XIV: La m\u00fasica como camino sinodal de fe y alegr\u00eda &#8211; Exaudi\",\"isPartOf\":{\"@id\":\"https:\\\/\\\/exaudi.org\\\/#website\"},\"primaryImageOfPage\":{\"@id\":\"https:\\\/\\\/exaudi.org\\\/es\\\/leon-xiv-la-musica-como-camino-sinodal-de-fe-y-alegria\\\/#primaryimage\"},\"image\":{\"@id\":\"https:\\\/\\\/exaudi.org\\\/es\\\/leon-xiv-la-musica-como-camino-sinodal-de-fe-y-alegria\\\/#primaryimage\"},\"thumbnailUrl\":\"https:\\\/\\\/exaudi.org\\\/wp-content\\\/uploads\\\/2025\\\/11\\\/cq5dam.thumbnail.cropped.750.422-7-1.jpeg\",\"datePublished\":\"2025-11-23T13:42:02+00:00\",\"author\":{\"@id\":\"https:\\\/\\\/exaudi.org\\\/#\\\/schema\\\/person\\\/f5fc8f063065e38742da7afe15f25df7\"},\"breadcrumb\":{\"@id\":\"https:\\\/\\\/exaudi.org\\\/es\\\/leon-xiv-la-musica-como-camino-sinodal-de-fe-y-alegria\\\/#breadcrumb\"},\"inLanguage\":\"es\",\"potentialAction\":[{\"@type\":\"ReadAction\",\"target\":[\"https:\\\/\\\/exaudi.org\\\/es\\\/leon-xiv-la-musica-como-camino-sinodal-de-fe-y-alegria\\\/\"]}]},{\"@type\":\"ImageObject\",\"inLanguage\":\"es\",\"@id\":\"https:\\\/\\\/exaudi.org\\\/es\\\/leon-xiv-la-musica-como-camino-sinodal-de-fe-y-alegria\\\/#primaryimage\",\"url\":\"https:\\\/\\\/exaudi.org\\\/wp-content\\\/uploads\\\/2025\\\/11\\\/cq5dam.thumbnail.cropped.750.422-7-1.jpeg\",\"contentUrl\":\"https:\\\/\\\/exaudi.org\\\/wp-content\\\/uploads\\\/2025\\\/11\\\/cq5dam.thumbnail.cropped.750.422-7-1.jpeg\",\"width\":750,\"height\":422},{\"@type\":\"BreadcrumbList\",\"@id\":\"https:\\\/\\\/exaudi.org\\\/es\\\/leon-xiv-la-musica-como-camino-sinodal-de-fe-y-alegria\\\/#breadcrumb\",\"itemListElement\":[{\"@type\":\"ListItem\",\"position\":1,\"name\":\"Portada\",\"item\":\"https:\\\/\\\/exaudi.org\\\/es\\\/\"},{\"@type\":\"ListItem\",\"position\":2,\"name\":\"Le\u00f3n XIV: La m\u00fasica como camino sinodal de fe y alegr\u00eda\"}]},{\"@type\":\"WebSite\",\"@id\":\"https:\\\/\\\/exaudi.org\\\/#website\",\"url\":\"https:\\\/\\\/exaudi.org\\\/\",\"name\":\"Exaudi\",\"description\":\"News\",\"potentialAction\":[{\"@type\":\"SearchAction\",\"target\":{\"@type\":\"EntryPoint\",\"urlTemplate\":\"https:\\\/\\\/exaudi.org\\\/?s={search_term_string}\"},\"query-input\":{\"@type\":\"PropertyValueSpecification\",\"valueRequired\":true,\"valueName\":\"search_term_string\"}}],\"inLanguage\":\"es\"},{\"@type\":\"Person\",\"@id\":\"https:\\\/\\\/exaudi.org\\\/#\\\/schema\\\/person\\\/f5fc8f063065e38742da7afe15f25df7\",\"name\":\"Exaudi Redacci\u00f3n\",\"image\":{\"@type\":\"ImageObject\",\"inLanguage\":\"es\",\"@id\":\"https:\\\/\\\/secure.gravatar.com\\\/avatar\\\/fe0f6a059fb68d9b3e11bc5850dd4899b1c7492091a3cb6dd9b01b56ad828be2?s=96&d=mm&r=g\",\"url\":\"https:\\\/\\\/secure.gravatar.com\\\/avatar\\\/fe0f6a059fb68d9b3e11bc5850dd4899b1c7492091a3cb6dd9b01b56ad828be2?s=96&d=mm&r=g\",\"contentUrl\":\"https:\\\/\\\/secure.gravatar.com\\\/avatar\\\/fe0f6a059fb68d9b3e11bc5850dd4899b1c7492091a3cb6dd9b01b56ad828be2?s=96&d=mm&r=g\",\"caption\":\"Exaudi Redacci\u00f3n\"},\"description\":\"\u00bfQu\u00e9 es Exaudi News? Exaudi News es un medio de comunicaci\u00f3n cat\u00f3lico internacional que informa, forma y transforma, diariamente en espa\u00f1ol, ingl\u00e9s e italiano. A trav\u00e9s de noticias, art\u00edculos de an\u00e1lisis y transmisiones en directo de los eventos del Papa, Exaudi busca fortalecer la unidad de los cristianos y contribuir a la evangelizaci\u00f3n del mundo, siempre guiados por la doctrina social de la Iglesia. Trabajamos para acercar la verdad y los valores cristianos a cada rinc\u00f3n del planeta. \u00a1Ay\u00fadanos a transformar el mundo con Exaudi! En Exaudi creemos que la evangelizaci\u00f3n y la informaci\u00f3n de calidad pueden cambiar vidas. Para continuar con nuestra misi\u00f3n y expandir nuestro alcance, necesitamos tu ayuda. Adem\u00e1s, buscamos personas comprometidas que deseen unirse a nuestro equipo. Con tu apoyo, lograremos llegar a m\u00e1s personas, difundir el mensaje de Cristo y reforzar la unidad de los cristianos. \u00bfTe unes a nuestra misi\u00f3n? Para m\u00e1s informaci\u00f3n sobre c\u00f3mo colaborar, visita Exaudi.org\\\/es o cont\u00e1ctanos directamente: info@exaudi.org Exaudi: Informa, forma y transforma.\",\"sameAs\":[\"https:\\\/\\\/www.facebook.com\\\/ExaudiNoticias\\\/\",\"https:\\\/\\\/www.instagram.com\\\/exaudi_noticias\\\/\",\"https:\\\/\\\/x.com\\\/Exaudi_noticias\",\"https:\\\/\\\/www.youtube.com\\\/@exaudicatholicnews\"],\"url\":\"https:\\\/\\\/exaudi.org\\\/es\\\/author\\\/redaccionexaudi\\\/\"}]}<\/script>\n<!-- \/ Yoast SEO plugin. -->","yoast_head_json":{"title":"Le\u00f3n XIV: La m\u00fasica como camino sinodal de fe y alegr\u00eda &#8211; Exaudi","robots":{"index":"index","follow":"follow","max-snippet":"max-snippet:-1","max-image-preview":"max-image-preview:large","max-video-preview":"max-video-preview:-1"},"canonical":"https:\/\/exaudi.org\/es\/leon-xiv-la-musica-como-camino-sinodal-de-fe-y-alegria\/","og_locale":"es_ES","og_type":"article","og_title":"Le\u00f3n XIV: La m\u00fasica como camino sinodal de fe y alegr\u00eda &#8211; Exaudi","og_description":"En el jubileo de los Coros. Homil\u00eda en la Solemnidad de Cristo Rey: El canto como expresi\u00f3n de amor y unidad eclesial","og_url":"https:\/\/exaudi.org\/es\/leon-xiv-la-musica-como-camino-sinodal-de-fe-y-alegria\/","og_site_name":"Exaudi","article_publisher":"https:\/\/www.facebook.com\/ExaudiNews","article_author":"https:\/\/www.facebook.com\/ExaudiNoticias\/","article_published_time":"2025-11-23T13:42:02+00:00","og_image":[{"width":750,"height":422,"url":"https:\/\/exaudi.org\/wp-content\/uploads\/2025\/11\/cq5dam.thumbnail.cropped.750.422-6-1.jpeg","type":"image\/jpeg"}],"author":"Exaudi Redacci\u00f3n","twitter_card":"summary_large_image","twitter_creator":"@Exaudi_noticias","twitter_site":"@Exaudi_News","twitter_misc":{"Escrito por":"Exaudi Redacci\u00f3n","Tiempo de lectura":"11 minutos"},"schema":{"@context":"https:\/\/schema.org","@graph":[{"@type":"Article","@id":"https:\/\/exaudi.org\/es\/leon-xiv-la-musica-como-camino-sinodal-de-fe-y-alegria\/#article","isPartOf":{"@id":"https:\/\/exaudi.org\/es\/leon-xiv-la-musica-como-camino-sinodal-de-fe-y-alegria\/"},"author":{"name":"Exaudi Redacci\u00f3n","@id":"https:\/\/exaudi.org\/#\/schema\/person\/f5fc8f063065e38742da7afe15f25df7"},"headline":"Le\u00f3n XIV: La m\u00fasica como camino sinodal de fe y alegr\u00eda","datePublished":"2025-11-23T13:42:02+00:00","mainEntityOfPage":{"@id":"https:\/\/exaudi.org\/es\/leon-xiv-la-musica-como-camino-sinodal-de-fe-y-alegria\/"},"wordCount":2209,"image":{"@id":"https:\/\/exaudi.org\/es\/leon-xiv-la-musica-como-camino-sinodal-de-fe-y-alegria\/#primaryimage"},"thumbnailUrl":"https:\/\/exaudi.org\/wp-content\/uploads\/2025\/11\/cq5dam.thumbnail.cropped.750.422-7-1.jpeg","keywords":["Alabanza a Dios","A\u00f1o Santo 2025","armon\u00eda eclesial","cantare amantis est","canto en la Iglesia","coristas cat\u00f3licos","coros parroquiales","Cristo Rey 2025","Featured","homil\u00eda Le\u00f3n XIV","Iglesia en camino","Jubileo de los Coros 2025","Le\u00f3n XIV","misa jubileo coros","M\u00fasica Lit\u00fargica","papa le\u00f3n xiv","participaci\u00f3n lit\u00fargica","Plaza de San Pedro","Roma 23 noviembre 2025","Sacrosanctum Concilium","San Agust\u00edn","Santa Cecilia","Sinodalidad","Vaticano 2025","Vexilla Regis"],"articleSection":["Homilias","Le\u00f3n XIV"],"inLanguage":"es"},{"@type":"WebPage","@id":"https:\/\/exaudi.org\/es\/leon-xiv-la-musica-como-camino-sinodal-de-fe-y-alegria\/","url":"https:\/\/exaudi.org\/es\/leon-xiv-la-musica-como-camino-sinodal-de-fe-y-alegria\/","name":"Le\u00f3n XIV: La m\u00fasica como camino sinodal de fe y alegr\u00eda &#8211; Exaudi","isPartOf":{"@id":"https:\/\/exaudi.org\/#website"},"primaryImageOfPage":{"@id":"https:\/\/exaudi.org\/es\/leon-xiv-la-musica-como-camino-sinodal-de-fe-y-alegria\/#primaryimage"},"image":{"@id":"https:\/\/exaudi.org\/es\/leon-xiv-la-musica-como-camino-sinodal-de-fe-y-alegria\/#primaryimage"},"thumbnailUrl":"https:\/\/exaudi.org\/wp-content\/uploads\/2025\/11\/cq5dam.thumbnail.cropped.750.422-7-1.jpeg","datePublished":"2025-11-23T13:42:02+00:00","author":{"@id":"https:\/\/exaudi.org\/#\/schema\/person\/f5fc8f063065e38742da7afe15f25df7"},"breadcrumb":{"@id":"https:\/\/exaudi.org\/es\/leon-xiv-la-musica-como-camino-sinodal-de-fe-y-alegria\/#breadcrumb"},"inLanguage":"es","potentialAction":[{"@type":"ReadAction","target":["https:\/\/exaudi.org\/es\/leon-xiv-la-musica-como-camino-sinodal-de-fe-y-alegria\/"]}]},{"@type":"ImageObject","inLanguage":"es","@id":"https:\/\/exaudi.org\/es\/leon-xiv-la-musica-como-camino-sinodal-de-fe-y-alegria\/#primaryimage","url":"https:\/\/exaudi.org\/wp-content\/uploads\/2025\/11\/cq5dam.thumbnail.cropped.750.422-7-1.jpeg","contentUrl":"https:\/\/exaudi.org\/wp-content\/uploads\/2025\/11\/cq5dam.thumbnail.cropped.750.422-7-1.jpeg","width":750,"height":422},{"@type":"BreadcrumbList","@id":"https:\/\/exaudi.org\/es\/leon-xiv-la-musica-como-camino-sinodal-de-fe-y-alegria\/#breadcrumb","itemListElement":[{"@type":"ListItem","position":1,"name":"Portada","item":"https:\/\/exaudi.org\/es\/"},{"@type":"ListItem","position":2,"name":"Le\u00f3n XIV: La m\u00fasica como camino sinodal de fe y alegr\u00eda"}]},{"@type":"WebSite","@id":"https:\/\/exaudi.org\/#website","url":"https:\/\/exaudi.org\/","name":"Exaudi","description":"News","potentialAction":[{"@type":"SearchAction","target":{"@type":"EntryPoint","urlTemplate":"https:\/\/exaudi.org\/?s={search_term_string}"},"query-input":{"@type":"PropertyValueSpecification","valueRequired":true,"valueName":"search_term_string"}}],"inLanguage":"es"},{"@type":"Person","@id":"https:\/\/exaudi.org\/#\/schema\/person\/f5fc8f063065e38742da7afe15f25df7","name":"Exaudi Redacci\u00f3n","image":{"@type":"ImageObject","inLanguage":"es","@id":"https:\/\/secure.gravatar.com\/avatar\/fe0f6a059fb68d9b3e11bc5850dd4899b1c7492091a3cb6dd9b01b56ad828be2?s=96&d=mm&r=g","url":"https:\/\/secure.gravatar.com\/avatar\/fe0f6a059fb68d9b3e11bc5850dd4899b1c7492091a3cb6dd9b01b56ad828be2?s=96&d=mm&r=g","contentUrl":"https:\/\/secure.gravatar.com\/avatar\/fe0f6a059fb68d9b3e11bc5850dd4899b1c7492091a3cb6dd9b01b56ad828be2?s=96&d=mm&r=g","caption":"Exaudi Redacci\u00f3n"},"description":"\u00bfQu\u00e9 es Exaudi News? Exaudi News es un medio de comunicaci\u00f3n cat\u00f3lico internacional que informa, forma y transforma, diariamente en espa\u00f1ol, ingl\u00e9s e italiano. A trav\u00e9s de noticias, art\u00edculos de an\u00e1lisis y transmisiones en directo de los eventos del Papa, Exaudi busca fortalecer la unidad de los cristianos y contribuir a la evangelizaci\u00f3n del mundo, siempre guiados por la doctrina social de la Iglesia. Trabajamos para acercar la verdad y los valores cristianos a cada rinc\u00f3n del planeta. \u00a1Ay\u00fadanos a transformar el mundo con Exaudi! En Exaudi creemos que la evangelizaci\u00f3n y la informaci\u00f3n de calidad pueden cambiar vidas. Para continuar con nuestra misi\u00f3n y expandir nuestro alcance, necesitamos tu ayuda. Adem\u00e1s, buscamos personas comprometidas que deseen unirse a nuestro equipo. Con tu apoyo, lograremos llegar a m\u00e1s personas, difundir el mensaje de Cristo y reforzar la unidad de los cristianos. \u00bfTe unes a nuestra misi\u00f3n? Para m\u00e1s informaci\u00f3n sobre c\u00f3mo colaborar, visita Exaudi.org\/es o cont\u00e1ctanos directamente: info@exaudi.org Exaudi: Informa, forma y transforma.","sameAs":["https:\/\/www.facebook.com\/ExaudiNoticias\/","https:\/\/www.instagram.com\/exaudi_noticias\/","https:\/\/x.com\/Exaudi_noticias","https:\/\/www.youtube.com\/@exaudicatholicnews"],"url":"https:\/\/exaudi.org\/es\/author\/redaccionexaudi\/"}]}},"jetpack_featured_media_url":"https:\/\/exaudi.org\/wp-content\/uploads\/2025\/11\/cq5dam.thumbnail.cropped.750.422-7-1.jpeg","jetpack_shortlink":"https:\/\/wp.me\/pgKjF2-Cku","_links":{"self":[{"href":"https:\/\/exaudi.org\/es\/wp-json\/wp\/v2\/posts\/147342","targetHints":{"allow":["GET"]}}],"collection":[{"href":"https:\/\/exaudi.org\/es\/wp-json\/wp\/v2\/posts"}],"about":[{"href":"https:\/\/exaudi.org\/es\/wp-json\/wp\/v2\/types\/post"}],"author":[{"embeddable":true,"href":"https:\/\/exaudi.org\/es\/wp-json\/wp\/v2\/users\/15"}],"replies":[{"embeddable":true,"href":"https:\/\/exaudi.org\/es\/wp-json\/wp\/v2\/comments?post=147342"}],"version-history":[{"count":3,"href":"https:\/\/exaudi.org\/es\/wp-json\/wp\/v2\/posts\/147342\/revisions"}],"predecessor-version":[{"id":147358,"href":"https:\/\/exaudi.org\/es\/wp-json\/wp\/v2\/posts\/147342\/revisions\/147358"}],"wp:featuredmedia":[{"embeddable":true,"href":"https:\/\/exaudi.org\/es\/wp-json\/wp\/v2\/media\/147344"}],"wp:attachment":[{"href":"https:\/\/exaudi.org\/es\/wp-json\/wp\/v2\/media?parent=147342"}],"wp:term":[{"taxonomy":"category","embeddable":true,"href":"https:\/\/exaudi.org\/es\/wp-json\/wp\/v2\/categories?post=147342"},{"taxonomy":"post_tag","embeddable":true,"href":"https:\/\/exaudi.org\/es\/wp-json\/wp\/v2\/tags?post=147342"}],"curies":[{"name":"wp","href":"https:\/\/api.w.org\/{rel}","templated":true}]}}