{"id":146785,"date":"2025-11-18T10:22:08","date_gmt":"2025-11-18T09:22:08","guid":{"rendered":"https:\/\/exaudi.org\/?p=146785"},"modified":"2025-11-18T10:37:13","modified_gmt":"2025-11-18T09:37:13","slug":"leon-xiv-que-los-menores-y-los-vulnerables-sean-respetados-y-valorados","status":"publish","type":"post","link":"https:\/\/exaudi.org\/es\/leon-xiv-que-los-menores-y-los-vulnerables-sean-respetados-y-valorados\/","title":{"rendered":"Le\u00f3n XIV: \u201cQue los menores y los vulnerables sean respetados y valorados\u201d"},"content":{"rendered":"<p dir=\"auto\">El Pont\u00edfice aborda desde los riesgos de la inteligencia artificial en la salud hasta el rol de las Iglesias en la lucha contra el cambio clim\u00e1tico, pasando por la formaci\u00f3n lit\u00fargica y la diplomacia vaticana.<\/p>\n<p dir=\"auto\">El Papa Le\u00f3n XIV ha protagonizado una intensa actividad p\u00fablica en los \u00faltimos d\u00edas, con discursos y mensajes que abordan temas de profunda relevancia social, eclesial y global. Desde alertas sobre la deshumanizaci\u00f3n en la gesti\u00f3n sanitaria hasta llamados urgentes por la protecci\u00f3n del medio ambiente en la pr\u00f3xima COP30, el Pont\u00edfice ha combinado reflexiones \u00e9ticas con exhortaciones pr\u00e1cticas, dirigidas tanto a especialistas como a comunidades enteras.<\/p>\n<p dir=\"auto\">Uno de los mensajes m\u00e1s contundentes lo pronunci\u00f3 durante el IX Seminario de \u00c9tica en el Gerenciamiento de la Salud, celebrado en el Vaticano con profesionales iberoamericanos. Le\u00f3n XIV advirti\u00f3 sobre el peligro de que la inteligencia artificial y ciertos sesgos en la administraci\u00f3n de recursos conviertan a los pacientes en meras \u201cestad\u00edsticas\u201d o \u201cdatos\u201d, manipulados por intereses econ\u00f3micos o pol\u00edticos. \u201cEl riesgo inminente es que las personas entrar\u00e1n as\u00ed en una perversa manipulaci\u00f3n que las clasificar\u00e1 en virtud de los tratamientos necesarios y su coste\u201d, alert\u00f3, proponiendo como ant\u00eddoto una mirada amplia \u201ccomo mira Dios\u201d, que priorice el bien com\u00fan, la solidaridad y el trato humano directo, sin desligarlo nunca de la \u201ccaricia\u201d y el reconocimiento de la dignidad de cada enfermo.<\/p>\n<p dir=\"auto\">En el \u00e1mbito lit\u00fargico, el Papa recibi\u00f3 a responsables diocesanos de pastoral lit\u00fargica y subray\u00f3 la necesidad de una formaci\u00f3n competente en parroquias y di\u00f3cesis. Critic\u00f3 pr\u00e1cticas como la proclamaci\u00f3n de lecturas sin preparaci\u00f3n adecuada o celebraciones que carecen de profundidad b\u00edblica, e inst\u00f3 a recuperar grupos lit\u00fargicos parroquiales y a fomentar itinerarios de iniciaci\u00f3n cristiana que hagan comprensible el misterio de la fe a trav\u00e9s de ritos y signos. \u201cQue la liturgia sea cuidada y explicada con competencia\u201d, resumi\u00f3, llamando a una creatividad pastoral que involucre a lectores, cantores y fieles en general.<\/p>\n<p dir=\"auto\">Dirigi\u00e9ndose al personal diplom\u00e1tico de las nunciaturas apost\u00f3licas durante una misa en la Bas\u00edlica de San Pedro, Le\u00f3n XIV los exhort\u00f3 a ser \u201cperegrinos de esperanza\u201d en contextos de conflicto y pobreza. Les pidi\u00f3 resistir el aislamiento, cultivar ra\u00edces profundas en la identidad sacerdotal y llevar luz donde falta paz y justicia, record\u00e1ndoles las palabras de Jes\u00fas: \u201cUstedes son la sal de la tierra y la luz del mundo\u201d.<\/p>\n<p dir=\"auto\">La protecci\u00f3n de los m\u00e1s vulnerables ocup\u00f3 un lugar central en su mensaje a la Pontificia Comisi\u00f3n para la Protecci\u00f3n de los Menores. En un taller sobre la construcci\u00f3n de comunidades que tutelen la dignidad, el Papa insisti\u00f3 en que \u201cla dignidad no es algo que se obtiene por m\u00e9rito o por fuerza\u201d, sino un don divino que precede a todo. Llam\u00f3 a prevenir abusos de conciencia, poder y sexuales en la vida consagrada, promoviendo relaciones sanas y comunidades donde \u201cla herida se transforme en una rendija de gracia\u201d mediante justicia y misericordia.<\/p>\n<p dir=\"auto\">Finalmente, en un videomensaje dirigido a las Iglesias del Sur Global reunidas en Bel\u00e9m (Brasil) con vistas a la COP30, Le\u00f3n XIV reclam\u00f3 acci\u00f3n inmediata ante la crisis clim\u00e1tica. \u201cSomos guardianes de la creaci\u00f3n, no rivales por sus bienes\u201d, afirm\u00f3, recordando que una de cada tres personas vive en gran vulnerabilidad por inundaciones, sequ\u00edas y calor extremo. Aunque reconoci\u00f3 avances del Acuerdo de Par\u00eds, lament\u00f3 la falta de voluntad pol\u00edtica y cerr\u00f3 con un llamado a la unidad: \u201cEnviemos juntos un mensaje global claro: las naciones permanecen unidas en firme solidaridad con la cooperaci\u00f3n clim\u00e1tica\u201d.<\/p>\n<h3><em><strong>A continuaci\u00f3n todos los discursos del Santo Padre:<\/strong><\/em><\/h3>\n<div class=\"abstract text parbase vaticanrichtext\">\n<p style=\"text-align: center;\"><i><b><span class=\"title-1-color\">DISCURSO DEL SANTO PADRE LE\u00d3N XIV<br \/>\nA LOS PARTICIPANTES EN EL<br \/>\n\u00abSEMINARIO DE \u00c9TICA EN EL GERENCIAMIENTO DE LA SALUD\u00bb<\/span><\/b><\/i><\/p>\n<p style=\"text-align: center;\"><i><span class=\"color-text\">Sala Clementina<br \/>\nLunes, 17 de noviembre de 2025<\/span><\/i><\/p>\n<p>__________________<\/p>\n<\/div>\n<div class=\"text parbase vaticanrichtext\">\n<p>En el nombre del Padre, del Hijo y del Esp\u00edritu Santo. La paz est\u00e9 con ustedes.<\/p>\n<p>Muchas gracias. Bienvenidos a todos. Saludo a Mons. Bochatey, Director de este Seminario de \u00c9tica en el Gerenciamiento de Salud, y a todos los participantes en dicho Seminario que han querido encontrarse, bajo los auspicios de la\u00a0<a href=\"https:\/\/www.vatican.va\/content\/romancuria\/es\/istituzioni-collegate-con-la-santa-sede\/pontificia-academia-provita.html\" target=\"_blank\" rel=\"noopener\">Pontificia Academia para la Vida<\/a>, para dialogar sobre la \u00e9tica en salud, la inteligencia artificial y las innovaciones tecnol\u00f3gicas y digitales.<\/p>\n<p>Con todo, al acercarse a las tumbas de los ap\u00f3stoles Pedro y Pablo en el marco de este a\u00f1o de\u00a0<a href=\"https:\/\/www.iubilaeum2025.va\/es.html\" target=\"_blank\" rel=\"noopener\">Jubileo<\/a>, su encuentro no tiene s\u00f3lo un valor formativo, sino que se convierte en una peregrinaci\u00f3n, en la cual, la reflexi\u00f3n sobre el valor \u00e9tico de nuestras propuestas se convierte en una hermosa etapa del camino que como sociedad y como Iglesia estamos llamados a recorrer. Hoy la Iglesia los acoge como peregrinos de esperanza, considerando valiosos sus distintos enfoques, competencias y prop\u00f3sitos, para entablar un di\u00e1logo de vida y acci\u00f3n en la tarea com\u00fan del cuidado del enfermo.<\/p>\n<p>Muchos son los aspectos interesantes que se desgranan de los temas que van a afrontar, tal vez demasiados para abordarlos juntos en este breve saludo, sin embargo, me permito evidenciar un concepto que me parece los acomuna. Me refiero a la posibilidad de un sesgo, de la introducci\u00f3n de una condici\u00f3n, una premisa, una nota que falsea, tronca, excluye de forma fraudulenta la percepci\u00f3n que tenemos de la realidad de la sociedad y del enfermo concreto, creando una situaci\u00f3n de injusticia en la gesti\u00f3n de los recursos necesarios para la recta administraci\u00f3n de la salud.<\/p>\n<p>Si como individuos y como sociedad estamos llamados a defender activamente la inequ\u00edvoca dignidad de todo ser humano, en todas las etapas y facetas de su existencia, lamentablemente, ello no siempre es real. Instrumentos tan eficaces como la inteligencia artificial pueden ser manipulados, entrenados, orientados para que, por razones de oportunidad o inter\u00e9s, ya sean econ\u00f3micas, pol\u00edticas o de otra \u00edndole, se genere ese sesgo a veces imperceptible en la informaci\u00f3n, en la gesti\u00f3n y en la manera en la que nos presentamos o nos acercamos al otro.<\/p>\n<p>Las personas entrar\u00e1n as\u00ed en una perversa manipulaci\u00f3n que las clasificar\u00e1 en virtud de los tratamientos necesarios y su coste, la naturaleza de sus enfermedades, convirti\u00e9ndolas en objetos, en datos, en estad\u00edsticas. La manera de evitarlo pienso que est\u00e1 en cambiar nuestra mirada, en percibir el valor del bien con una visi\u00f3n amplia, de mirar, si me permiten, como mira Dios, para no quedarnos en el lucro inmediato, sino en lo que ser\u00e1 mejor para todos, sabiendo ser pacientes, generosos y solidarios, creando lazos y tendiendo puentes, para trabajar en red, para optimizar los recursos, para que todos puedan sentirse protagonistas y beneficiarios del trabajo com\u00fan.<\/p>\n<p>Al mismo tiempo, Dios nos ense\u00f1a que esa visi\u00f3n amplia nunca se debe desligar del trato humano, de la caricia, del reconocimiento de la persona concreta, en su fragilidad y en su dignidad. Es una visi\u00f3n profunda, una visi\u00f3n que llega al coraz\u00f3n del otro y ensancha el nuestro. Estas dos visiones ser\u00e1n el mejor ant\u00eddoto para que nuestras estructuras gestionales no pierdan de vista lo importante: el bien que estamos llamados a custodiar. Que el Se\u00f1or nos ayude a ser fieles en este servicio. Muchas gracias.<\/p>\n<p><img loading=\"lazy\" decoding=\"async\" class=\"size-full wp-image-146792 alignnone\" src=\"https:\/\/exaudi.org\/wp-content\/uploads\/2025\/11\/cq5dam.thumbnail.cropped.1000.563-2.jpeg\" alt=\"\" width=\"1000\" height=\"563\" srcset=\"https:\/\/exaudi.org\/wp-content\/uploads\/2025\/11\/cq5dam.thumbnail.cropped.1000.563-2.jpeg 1000w, https:\/\/exaudi.org\/wp-content\/uploads\/2025\/11\/cq5dam.thumbnail.cropped.1000.563-2-300x169.jpeg 300w, https:\/\/exaudi.org\/wp-content\/uploads\/2025\/11\/cq5dam.thumbnail.cropped.1000.563-2-770x434.jpeg 770w, https:\/\/exaudi.org\/wp-content\/uploads\/2025\/11\/cq5dam.thumbnail.cropped.1000.563-2-500x282.jpeg 500w\" sizes=\"auto, (max-width: 1000px) 100vw, 1000px\" \/><\/p>\n<div class=\"abstract text parbase vaticanrichtext\">\n<p>&nbsp;<\/p>\n<p style=\"text-align: center;\"><b><i><span class=\"title-1-color\">MENSAJE DEL SANTO PADRE LE\u00d3N XIV<br \/>\nA LOS PARTICIPANTES EN EL ENCUENTRO<br \/>\n\u201cCONSTRUIR COMUNIDADES QUE TUTELAN LA DIGNIDAD\u201d<br \/>\nPROMOVIDO POR LA<br \/>\nCOMISI\u00d3N PONTIFICIA PARA LA PROTECCI\u00d3N DE LOS MENORES<\/span><\/i><\/b><\/p>\n<p style=\"text-align: center;\"><span class=\"color-text\">[Roma, 17-19 de noviembre de 2025]<\/span><\/p>\n<p style=\"text-align: center;\">______________________<\/p>\n<\/div>\n<div class=\"text parbase vaticanrichtext\">\n<p><i>\u00a1Queridos hermanos y hermanas!<\/i><\/p>\n<p>Saludo con afecto y gratitud a todos ustedes, representantes de diversas conferencias de religiosos y religiosas y de numerosos institutos de vida consagrada, apost\u00f3lica y contemplativa, reunidos para reflexionar sobre un tema que llevo muy dentro del coraz\u00f3n: c\u00f3mo construir comunidades donde la dignidad de cada persona, especialmente de los menores y de los m\u00e1s vulnerables, sea protegida y promovida.<\/p>\n<p>La dignidad es un don de Dios, que cre\u00f3 al ser humano a su imagen y semejanza (cf.\u00a0<i>Gn<\/i>\u00a01,26). No es algo que se obtiene por m\u00e9rito o por la fuerza, ni depende de lo que poseemos o realizamos. Es un don que nos precede: nace de la mirada de amor con que Dios nos ha querido, uno por uno, y nos sigue queriendo. En cada rostro humano, incluso cuando est\u00e1 marcado por el cansancio o el dolor, est\u00e1 el reflejo de la bondad del Creador, una luz que ninguna oscuridad puede apagar.<\/p>\n<p>Tambi\u00e9n el cuidado y la protecci\u00f3n que el ser humano ofrece a su pr\u00f3jimo son fruto de una mirada que sabe reconocer, de un coraz\u00f3n que sabe escuchar. Nacen del deseo de acercarse con respeto y ternura, de compartir los pesos y las esperanzas del otro. Es al hacernos cargo de la vida del pr\u00f3jimo que aprendemos la verdadera libertad, la que no domina, sino que sirve, no posee, sino que acompa\u00f1a.<\/p>\n<p>La vida consagrada, expresi\u00f3n del don total de s\u00ed mismo a Cristo, est\u00e1 llamada de manera especial a ser casa que acoge y lugar de encuentro y de gracia. Quien sigue al Se\u00f1or en el camino de la castidad, de la pobreza y de la obediencia, descubre que el amor aut\u00e9ntico nace del reconocimiento del propio l\u00edmite: de saber que somos amados incluso en la debilidad, y precisamente esto nos hace capaces de amar a los dem\u00e1s con respeto, delicadeza y un coraz\u00f3n libre.<\/p>\n<p>Aprecio, por tanto, y aliento su prop\u00f3sito de compartir experiencias y caminos de aprendizaje sobre c\u00f3mo prevenir toda forma de abuso y c\u00f3mo rendir cuentas, con verdad y humildad, de los procesos de protecci\u00f3n emprendidos. Los exhorto a continuar con este compromiso para que las comunidades se vuelvan cada vez m\u00e1s ejemplo de confianza y de di\u00e1logo, donde cada persona sea respetada, escuchada y valorizada. All\u00ed donde se vive la justicia con misericordia, la herida se transforma en una rendija de gracia.<\/p>\n<p>Los invito tambi\u00e9n a seguir colaborando con la\u00a0<a href=\"https:\/\/www.vatican.va\/content\/romancuria\/es\/pontificie-commissioni\/pontificia-commissione-per-la-tutela-dei-minori.html\" target=\"_blank\" rel=\"noopener\">Comisi\u00f3n Pontificia para la Protecci\u00f3n de los Menores<\/a>, que promueve y acompa\u00f1a con dedicaci\u00f3n el camino de crecimiento de toda la Iglesia en la cultura de la tutela.<\/p>\n<p>Los encomiendo a Cristo, Pastor y Esposo de la Iglesia, y a Mar\u00eda Sant\u00edsima, Madre de todo consagrado y consagrada, y env\u00edo de coraz\u00f3n a todos ustedes mi bendici\u00f3n.<\/p>\n<p><i>Desde el Vaticano, 15 de noviembre de 2025<\/i><\/p>\n<p>LE\u00d3N PP. XIV<\/p>\n<\/div>\n<\/div>\n<p>&nbsp;<\/p>\n<div class=\"abstract text parbase vaticanrichtext\">\n<p style=\"text-align: center;\"><b><i><span class=\"title-1-color\">VIDEOMENSAJE DEL SANTO PADRE LE\u00d3N XIV<br \/>\nA LAS IGLESIAS PARTICULARES DEL SUR DEL MUNDO REUNIDAS EN EL MUSEO AMAZ\u00d3NICO DE BEL\u00c9M<\/span><\/i><\/b><\/p>\n<p style=\"text-align: center;\">[17 de noviembre de 2025]<\/p>\n<p>___________________________<\/p>\n<div class=\"clearfix\">Saludo a las Iglesias particulares del Sur Global reunidas en el Museo Amaz\u00f3nico de Bel\u00e9m, acompa\u00f1ando la voz prof\u00e9tica de mis hermanos Cardenales en la COP 30, diciendo al mundo con palabras y gestos que el Amazonas sigue siendo un s\u00edmbolo vivo de la creaci\u00f3n con una urgente necesidad de cuidado.<\/div>\n<\/div>\n<div class=\"text parbase vaticanrichtext\">\n<p>Ustedes eligieron la esperanza y la acci\u00f3n en lugar de la desesperaci\u00f3n, construyendo una comunidad global que trabaja en conjunto. Se han logrado avances, pero no suficientes. La esperanza y la determinaci\u00f3n deben renovarse, no s\u00f3lo con palabras y aspiraciones, sino tambi\u00e9n con acciones concretas.<\/p>\n<p>La creaci\u00f3n clama en inundaciones, sequ\u00edas, tormentas y un calor implacable. Una de cada tres personas vive en gran vulnerabilidad debido a estos cambios. Para ellos, el cambio clim\u00e1tico no es una amenaza distante. Ignorar a estas personas es negar nuestra humanidad compartida. A\u00fan hay tiempo para mantener el aumento de la temperatura global por debajo de 1,5 \u00b0C, pero la ventana se est\u00e1 cerrando. Como custodios de la creaci\u00f3n de Dios, estamos llamados a actuar con rapidez, fe y profec\u00eda para proteger el don que \u00c9l nos confi\u00f3.<\/p>\n<p>El Acuerdo de Par\u00eds ha impulsado un progreso real y sigue siendo nuestra herramienta m\u00e1s poderosa para proteger a las personas y al planeta. Pero debemos ser honestos: no es el Acuerdo el que est\u00e1 fallando, sino nuestra respuesta. Lo que est\u00e1 fallando es la voluntad pol\u00edtica de algunos. El verdadero liderazgo implica servicio y apoyo a una escala que pueda hacer de verdad la diferencia. Acciones clim\u00e1ticas m\u00e1s contundentes crear\u00e1n sistemas econ\u00f3micos m\u00e1s s\u00f3lidos y justos. Medidas pol\u00edticas y clim\u00e1ticas firmes constituyen una inversi\u00f3n en un mundo m\u00e1s justo y estable.<\/p>\n<p>Caminamos junto a cient\u00edficos, l\u00edderes y pastores de todas las naciones y credos. Somos guardianes de la creaci\u00f3n, no rivales por sus bienes. Enviemos juntos un mensaje global claro: las naciones permanecen unidas en firme solidaridad con el Acuerdo de Par\u00eds y la cooperaci\u00f3n clim\u00e1tica.<\/p>\n<p>Que este Museo Amaz\u00f3nico sea recordado como el espacio donde la humanidad eligi\u00f3 la cooperaci\u00f3n sobre la divisi\u00f3n y la negaci\u00f3n.<\/p>\n<p>Que Dios los bendiga a todos en sus esfuerzos por seguir cuidando la creaci\u00f3n de Dios. En el nombre del Padre, del Hijo y del Esp\u00edritu Santo. Am\u00e9n.<\/p>\n<\/div>\n<p><iframe loading=\"lazy\" title=\"Video mensaje del Papa a las iglesias particulares del Sur Global\" width=\"500\" height=\"281\" src=\"https:\/\/www.youtube.com\/embed\/3LVfUxzT7Mw?feature=oembed\" frameborder=\"0\" allow=\"accelerometer; autoplay; clipboard-write; encrypted-media; gyroscope; picture-in-picture; web-share\" referrerpolicy=\"strict-origin-when-cross-origin\" allowfullscreen><\/iframe><\/p>\n<p dir=\"auto\" style=\"text-align: center;\"><strong><em>DISCURSO DEL SANTO PADRE LE\u00d3N XIV A LOS COLABORADORES CON FUNCI\u00d3N DIPLOM\u00c1TICA EN LAS REPRESENTACIONES PONTIFICIAS<\/em><\/strong><\/p>\n<p dir=\"auto\" style=\"text-align: center;\"><em>Sala Clementina Lunes, 17 de noviembre de 2025<\/em><\/p>\n<hr \/>\n<p dir=\"auto\">En el nombre del Padre, del Hijo y del Esp\u00edritu Santo. La paz est\u00e9 con vosotros.<\/p>\n<p dir=\"auto\">Eminencia, Excelencias, \u00a1queridos sacerdotes!<\/p>\n<p dir=\"auto\">Expreso mi gratitud al Se\u00f1or Cardenal Secretario de Estado por sus amables palabras, as\u00ed como a los Superiores de la Secretar\u00eda de Estado, en particular al Secretario para las Representaciones Pontificias y a lo que se llama la Tercera Secci\u00f3n, que con esmero ha organizado estos d\u00edas de fraternidad, oraci\u00f3n y di\u00e1logo.<\/p>\n<p dir=\"auto\">Vuestra presencia es para m\u00ed motivo de especial alegr\u00eda, porque por primera vez os recibo a todos juntos. La ocasi\u00f3n es muy significativa: el Jubileo de la Esperanza. Tambi\u00e9n vosotros, como tantos peregrinos, hab\u00e9is venido a Roma, junto a la Tumba del Ap\u00f3stol Pedro, para confirmar la fe y renovar los prop\u00f3sitos que animan vuestro ministerio. Podr\u00eda realmente subrayarse que lo hemos hecho, lo hab\u00e9is hecho junto a todo el pueblo de Dios, y cu\u00e1n importante es reconocer que vuestro servicio es con el pueblo de Dios, no separado de \u00e9l. Por eso, venir en peregrinaci\u00f3n es verdaderamente una forma de caminar juntos con toda la Iglesia. El A\u00f1o Santo es para todos nosotros una providencial oportunidad de redescubrir y profundizar la belleza de la vocaci\u00f3n, es decir, de nuestra com\u00fan llamada a la santidad, que nos compromete cada d\u00eda a ser testigos de Cristo, esperanza viva para el mundo.<\/p>\n<p dir=\"auto\">Deseo ante todo daros las gracias porque, como nos recuerda el Ap\u00f3stol (cf. Flp 3,12), no hab\u00e9is dudado ante la voz del Maestro que invita a seguirlo dejando todo para llevar hasta los confines de la tierra la palabra redentora del Evangelio. Esta llamada resuena de manera verdaderamente especial para vosotros, que hab\u00e9is sido elegidos para ejercer el ministerio sacerdotal en las Representaciones Pontificias: don y compromiso de hacerse en todas partes presencia de toda la Iglesia y, en particular, de la solicitud pastoral del Papa, que la preside en la caridad.<\/p>\n<p dir=\"auto\">Ciertamente, vuestro peculiar servicio es arduo y requiere por ello un coraz\u00f3n ardiente por Dios y abierto a los hombres; exige estudio y competencia, abnegaci\u00f3n y valent\u00eda; crece en la confianza en Jes\u00fas y en la docilidad a la Iglesia que se expresa con la obediencia a los Superiores. En los pa\u00edses donde trabaj\u00e1is, encontrando pueblos y lenguas diversos, no olvid\u00e9is que el primer testimonio que hay que dar es el de sacerdotes enamorados de Cristo y entregados a la edificaci\u00f3n de su Cuerpo. Sirviendo a las comunidades eclesiales, sed reflejo del afecto y de la cercan\u00eda que el Papa tiene por cada una, manteniendo un vivo <em>sentire cum Ecclesia<\/em>. Pienso especialmente en aquellos de vosotros que os encontr\u00e1is en contextos de dificultad, conflicto y pobreza, donde no faltan momentos de des\u00e1nimo. Precisamente en esas fatigas, recordad que la Iglesia os sostiene con la oraci\u00f3n: por tanto, reforzad vuestra identidad sacerdotal sacando fuerza de los Sacramentos, de la comuni\u00f3n fraterna y de la constante docilidad al Esp\u00edritu Santo.<\/p>\n<p dir=\"auto\">Cultivando aquellas virtudes humanas que se expresan en palabras y gestos cotidianos, construid relaciones con todos, resistiendo a la tentaci\u00f3n de aislaros. Permaneced, en cambio, injertados en el cuerpo eclesial y en la historia de los pueblos: tanto en aquel del que proced\u00e9is como en aquellos a los que sois enviados. Cada Naci\u00f3n os ofrece sus propias tradiciones para conocer, amar y respetar, como el agricultor respeta la tierra y, cultiv\u00e1ndola, obtiene el buen fruto de su trabajo. No se\u00e1is, pues, hombres distantes, sino disc\u00edpulos apasionados de Cristo, sumergi\u00e9ndoos con estilo evang\u00e9lico en los contextos en los que viv\u00eds y trabaj\u00e1is. Los grandes misioneros nos recuerdan, en efecto, que la inculturaci\u00f3n no es una actitud folcl\u00f3rica, porque nace del deseo de entregarse a la tierra y a las personas a las que servimos.<\/p>\n<p dir=\"auto\">La nueva pertenencia que experiment\u00e1is no constituye una alternativa a los contextos sociales y eclesiales que os han generado. Es necesario, por tanto, seguir alimentando, en la medida de lo posible, el v\u00ednculo con la propia Iglesia particular. Cuando ese sentido de pertenencia se debilita, sobreviene la desmotivaci\u00f3n: entonces nos convertimos en \u00e1rboles sin ra\u00edces. Si, en cambio, no deja de recibir la savia vital, el \u00e1rbol puede ser trasplantado a otro lugar y as\u00ed dar nuevos frutos.<\/p>\n<p dir=\"auto\">En los momentos de dificultad, que a veces se experimentan, nos hace bien confirmar nuestra motivaci\u00f3n con las palabras, por ejemplo, de San Agust\u00edn: \u00abPondus meum, amor meus\u00bb (<em>Confesiones<\/em> XIII, 9). Tambi\u00e9n el gran profeta El\u00edas, en cierto momento, tuvo la impresi\u00f3n de que toda su obra hab\u00eda sido vana. El Se\u00f1or, sin embargo, lo levant\u00f3, indic\u00e1ndole una meta segura y un camino cierto por el que andar (cf. 1 Re 19,1-18). Querid\u00edsimos, subid tambi\u00e9n vosotros cada d\u00eda a vuestro Horeb interior, es decir, al lugar donde el Esp\u00edritu de Dios habla al coraz\u00f3n. En cada Representaci\u00f3n Pontificia hay una capilla, verdadero centro de vuestra casa, donde diariamente, junto con el Nuncio Apost\u00f3lico, las religiosas y los colaboradores, celebr\u00e1is la Eucarist\u00eda, elevando al Se\u00f1or la oraci\u00f3n de alabanza y de s\u00faplica. Que la luz del Sagrario disipe sombras e inquietudes, iluminando el camino que est\u00e1is recorriendo. As\u00ed se cumple la palabra del Se\u00f1or Jes\u00fas: vosotros sois la sal de la tierra y la luz del mundo (cf. Mt 5,13-14). Custodiando este milagro de la gracia, sed peregrinos de esperanza sobre todo all\u00ed donde a los pueblos les faltan justicia y paz.<\/p>\n<p dir=\"auto\">Deseo que estos d\u00edas vividos en fraternidad y oraci\u00f3n puedan reavivar vuestra vida espiritual y ayudaros a proseguir con fervor la misi\u00f3n que la Iglesia os ha confiado. Llevad mi saludo a los Jefes de misi\u00f3n con los que colabor\u00e1is y que tuve ocasi\u00f3n de encontrar el pasado mes de junio, y tambi\u00e9n a vuestras familias. Os encomiendo a todos a la custodia de los Santos Ap\u00f3stoles Pedro y Pablo, por intercesi\u00f3n de la Bienaventurada Virgen Mar\u00eda, <em>Mater Ecclesiae<\/em>, y os imparto de coraz\u00f3n la Bendici\u00f3n Apost\u00f3lica.<\/p>\n<p dir=\"auto\">Gracias.<\/p>\n<p dir=\"auto\"><img loading=\"lazy\" decoding=\"async\" class=\"size-full wp-image-146796 alignnone\" src=\"https:\/\/exaudi.org\/wp-content\/uploads\/2025\/11\/cq5dam.thumbnail.cropped.750.422-3-2.jpeg\" alt=\"\" width=\"750\" height=\"422\" srcset=\"https:\/\/exaudi.org\/wp-content\/uploads\/2025\/11\/cq5dam.thumbnail.cropped.750.422-3-2.jpeg 750w, https:\/\/exaudi.org\/wp-content\/uploads\/2025\/11\/cq5dam.thumbnail.cropped.750.422-3-2-300x169.jpeg 300w, https:\/\/exaudi.org\/wp-content\/uploads\/2025\/11\/cq5dam.thumbnail.cropped.750.422-3-2-500x281.jpeg 500w\" sizes=\"auto, (max-width: 750px) 100vw, 750px\" \/><\/p>\n<p>&nbsp;<\/p>\n<p style=\"text-align: center;\"><em><strong>DISCURSO DE SU SANTIDAD EL PAPA LE\u00d3N XIV <\/strong><\/em><br \/>\n<em><strong>A LOS PARTICIPANTES EN EL CURSO PARA <\/strong><\/em><br \/>\n<em><strong>RESPONSABLES DIOCESANOS DE PASTORAL LIT\u00daRGICA <\/strong><\/em><br \/>\n<em><strong>PROMOVIDO POR EL PONTIFICIO INSTITUTO LIT\u00daRGICO \u00abSAN ANSELMO\u00bb<\/strong><\/em><\/p>\n<p style=\"text-align: center;\"><em><strong>Sala del Consistorio <\/strong><\/em><br \/>\n<em><strong>Lunes, 17 de noviembre de 2025<\/strong><\/em><br \/>\n__________________<\/p>\n<p>En el nombre del Padre, del Hijo y del Esp\u00edritu Santo.<br \/>\n\u00a1La paz est\u00e9 con vosotros!<\/p>\n<p>\u00a1Buenos d\u00edas y bienvenidos a todos!<\/p>\n<p>Saludo al Abad Primado, al Rector del Ateneo de San Anselmo, al decano del Pontificio Instituto Lit\u00fargico y a todos los participantes en este curso de actualizaci\u00f3n para responsables diocesanos de pastoral lit\u00fargica. Me alegra mucho recibiros al comienzo de vuestro curso de profundizaci\u00f3n.<\/p>\n<p>La propuesta formativa en la que est\u00e1is participando corresponde a la doble misi\u00f3n del Pontificio Instituto Lit\u00fargico. Como deseaba el santo padre Benedicto XVI, contin\u00faa su servicio a la Iglesia con entusiasmo, en plena fidelidad a la tradici\u00f3n lit\u00fargica y a la reforma querida por el Concilio Vaticano II, seg\u00fan las orientaciones de la *Sacrosanctum Concilium* y los pronunciamientos del Magisterio (cf. Discurso a los participantes en el congreso promovido por la Pontificia Universidad de San Anselmo, 6 de mayo de 2011). Por otro lado, iniciativas como esta sirven para llevar a cabo las tareas formativas indicadas en la Constituci\u00f3n apost\u00f3lica *Veritatis gaudium*, como la formaci\u00f3n de los ministros y de los fieles para prepararlos a su servicio en la pastoral y en la liturgia.<\/p>\n<p>Me parece que la c\u00e1lida invitaci\u00f3n del papa Francisco tambi\u00e9n va dirigida a vuestro Instituto. En su carta apost\u00f3lica *Desiderio desideravi* recomendaba: \u00abEs necesario encontrar los cauces para una formaci\u00f3n que sea estudio de la Liturgia. Desde los inicios del movimiento lit\u00fargico se ha hecho mucho en este sentido, con valiosas aportaciones de estudiosos e instituciones acad\u00e9micas. Sin embargo, ahora es importante difundir este saber m\u00e1s all\u00e1 del ambiente acad\u00e9mico, de modo accesible, para que cada uno de los fieles pueda crecer en el conocimiento del sentido teol\u00f3gico de la Liturgia [y de] la misma celebraci\u00f3n\u00bb (n. 35).<\/p>\n<p>En efecto, en las di\u00f3cesis y en las parroquias existe la necesidad de esta formaci\u00f3n y es importante, cuando no existe, iniciar cursos b\u00edblicos y lit\u00fargicos. El Pontificio Instituto Lit\u00fargico podr\u00eda capacitarlos para ayudar a las Iglesias particulares y a las comunidades parroquiales a formarse con la Palabra de Dios, explicando los textos del Leccionario ferial y festivo, y tambi\u00e9n para proseguir una iniciaci\u00f3n cristiana y lit\u00fargica que ayude a los fieles a comprender, a trav\u00e9s de los ritos, las oraciones y los signos visibles, el misterio de la fe que se celebra (cf. *Sacrosanctum Concilium*, 48).<\/p>\n<p>En cuanto a la formaci\u00f3n b\u00edblica unida a la lit\u00fargica, recomiendo que los responsables de las oficinas de pastoral lit\u00fargica presten especial atenci\u00f3n a quienes proclaman la Palabra de Dios. Procurad que los lectores instituidos y quienes leen habitualmente las Escrituras en las celebraciones est\u00e9n bien preparados. El conocimiento b\u00edblico b\u00e1sico, la dicci\u00f3n clara, la capacidad de cantar el salmo responsorial, as\u00ed como de componer las oraciones de los fieles para la comunidad, son aspectos importantes que ponen en pr\u00e1ctica la reforma lit\u00fargica y ayudan al Pueblo de Dios a crecer en su camino.<\/p>\n<p>Somos muy conscientes de que la formaci\u00f3n lit\u00fargica es uno de los temas principales de todo el itinerario conciliar y posconciliar. Se ha avanzado mucho, pero a\u00fan queda un largo camino por recorrer. No nos cansemos: retomemos con entusiasmo las buenas iniciativas inspiradas en la reforma y, al mismo tiempo, busquemos nuevos caminos y nuevos m\u00e9todos.<\/p>\n<p>La oficina para el ministerio lit\u00fargico es responsable en cada di\u00f3cesis de la formaci\u00f3n lit\u00fargica permanente del clero y de los fieles, de la preparaci\u00f3n para los ministerios y del cuidado de los grupos lit\u00fargicos parroquiales, monaguillos, lectores y cantores. El objetivo es favorecer la participaci\u00f3n fructuosa del Pueblo de Dios, as\u00ed como una liturgia digna que tenga en cuenta las diferentes sensibilidades y sea sobria en su solemnidad.<\/p>\n<p>Entre los aspectos relacionados con vuestro servicio como responsables, quisiera mencionar la promoci\u00f3n de la Liturgia de las Horas, el cuidado de la piedad popular y la atenci\u00f3n a la dimensi\u00f3n celebrativa en la construcci\u00f3n de nuevas iglesias y en la adaptaci\u00f3n de las ya existentes. Son temas que tratar\u00e9is durante el curso y con los que os enfrent\u00e1is cada d\u00eda.<\/p>\n<p>En muchas parroquias, adem\u00e1s, existen grupos lit\u00fargicos que deben trabajar en sinton\u00eda con la comisi\u00f3n diocesana. La experiencia de un grupo, aunque sea peque\u00f1o pero bien motivado, que se ocupa de la preparaci\u00f3n de la liturgia es expresi\u00f3n de una comunidad que cuida sus celebraciones, las prepara y las vive plenamente, de acuerdo con el p\u00e1rroco. As\u00ed evitamos delegar todo en \u00e9l y dejar solo a unas pocas personas la responsabilidad del canto, de la proclamaci\u00f3n de la Palabra y de la decoraci\u00f3n de la iglesia. Con el tiempo, lamentablemente, algunos de estos grupos se han reducido hasta casi desaparecer, como si hubieran perdido su identidad; por eso es necesario trabajar para que este \u00e1mbito de la vida eclesial vuelva a ser atractivo, capaz de involucrar a personas competentes o al menos inclinadas a este tipo de servicio.<\/p>\n<p>Como responsables nombrados por los obispos, podr\u00edais ofrecer a los p\u00e1rrocos cursos de formaci\u00f3n para iniciar o consolidar grupos lit\u00fargicos en la parroquia, formando a sus miembros y ofreciendo sugerencias para sus actividades. Los talleres del curso os ayudar\u00e1n en este sentido a encontrar y experimentar formas adecuadas que luego pod\u00e1is introducir en vuestras Iglesias particulares. Vuestra creatividad pastoral encontrar\u00e1 entonces las formas m\u00e1s adecuadas.<\/p>\n<p>Queridos amigos, al comenzar este camino formativo, espero que la estancia en Roma, en el A\u00f1o Jubilar, adem\u00e1s de ofreceros instrumentos para una comprensi\u00f3n m\u00e1s profunda, renueve vuestras energ\u00edas espirituales, para que, al regresar a las Iglesias locales, continu\u00e9is vuestra acci\u00f3n pastoral al servicio de la liturgia con renovado impulso. Esta es mi esperanza, mientras os bendigo de coraz\u00f3n. Gracias.<\/p>\n<p><img loading=\"lazy\" decoding=\"async\" class=\"size-full wp-image-146799 alignnone\" src=\"https:\/\/exaudi.org\/wp-content\/uploads\/2025\/11\/cq5dam.thumbnail.cropped.750.422-2-2.jpeg\" alt=\"\" width=\"750\" height=\"422\" srcset=\"https:\/\/exaudi.org\/wp-content\/uploads\/2025\/11\/cq5dam.thumbnail.cropped.750.422-2-2.jpeg 750w, https:\/\/exaudi.org\/wp-content\/uploads\/2025\/11\/cq5dam.thumbnail.cropped.750.422-2-2-300x169.jpeg 300w, https:\/\/exaudi.org\/wp-content\/uploads\/2025\/11\/cq5dam.thumbnail.cropped.750.422-2-2-500x281.jpeg 500w\" sizes=\"auto, (max-width: 750px) 100vw, 750px\" \/><\/p>\n","protected":false},"excerpt":{"rendered":"<p>Actividades del Santo Padre: 17 y 18 de noviembre<\/p>\n","protected":false},"author":15,"featured_media":146787,"comment_status":"closed","ping_status":"closed","sticky":false,"template":"","format":"standard","meta":{"_acf_changed":false,"_crdt_document":"","inline_featured_image":false,"footnotes":""},"categories":[68],"tags":[81667,81654,81661,81659,542,1686,2142,81653,81664,81658,12167,54103,81652,81655,1606,34920,6467,81665,81660,449,3454,81657,5856,58067,32652,81663,81656,58111,80308,81650,81651,81662,81666,39630,272,2213,18596],"class_list":["post-146785","post","type-post","status-publish","format-standard","has-post-thumbnail","hentry","category-leon-xiv","tag-18-noviembre-2025","tag-abusos-iglesia","tag-acuerdo-paris","tag-belem","tag-bien-comun","tag-brasil","tag-cambio-climatico","tag-comision-proteccion-menores","tag-competencia-pastoral","tag-cop30","tag-dignidad-humana","tag-diplomacia-vaticana","tag-don-dios","tag-etica-salud","tag-exaudi","tag-featured-es-14","tag-formacion-liturgica","tag-grupos-parroquiales","tag-guardianes-creacion","tag-iglesia-catolica","tag-inteligencia-artificial","tag-ix-seminario-etica-gerenciamiento-salud","tag-jubileo-2025","tag-leon-xiv","tag-liturgia-catolica","tag-luz-mundo","tag-manipulacion-pacientes","tag-papa-leon-xiv","tag-peregrinos-esperanza","tag-proteccion-menores","tag-respetados-valorados","tag-sal-tierra","tag-solidaridad-humana","tag-sur-global","tag-vaticano-es","tag-videomensaje-papa","tag-vulnerables"],"acf":[],"yoast_head":"<!-- This site is optimized with the Yoast SEO plugin v27.5 - https:\/\/yoast.com\/product\/yoast-seo-wordpress\/ -->\n<title>Le\u00f3n XIV: \u201cQue los menores y los vulnerables sean respetados y valorados\u201d &#8211; Exaudi<\/title>\n<meta name=\"robots\" content=\"index, follow, max-snippet:-1, max-image-preview:large, max-video-preview:-1\" \/>\n<link rel=\"canonical\" href=\"https:\/\/exaudi.org\/es\/leon-xiv-que-los-menores-y-los-vulnerables-sean-respetados-y-valorados\/\" \/>\n<meta property=\"og:locale\" content=\"es_ES\" \/>\n<meta property=\"og:type\" content=\"article\" \/>\n<meta property=\"og:title\" content=\"Le\u00f3n XIV: \u201cQue los menores y los vulnerables sean respetados y valorados\u201d &#8211; Exaudi\" \/>\n<meta property=\"og:description\" content=\"Actividades del Santo Padre: 17 y 18 de noviembre\" \/>\n<meta property=\"og:url\" content=\"https:\/\/exaudi.org\/es\/leon-xiv-que-los-menores-y-los-vulnerables-sean-respetados-y-valorados\/\" \/>\n<meta property=\"og:site_name\" content=\"Exaudi\" \/>\n<meta property=\"article:publisher\" content=\"https:\/\/www.facebook.com\/ExaudiNews\" \/>\n<meta property=\"article:author\" content=\"https:\/\/www.facebook.com\/ExaudiNoticias\/\" \/>\n<meta property=\"article:published_time\" content=\"2025-11-18T09:22:08+00:00\" \/>\n<meta property=\"article:modified_time\" content=\"2025-11-18T09:37:13+00:00\" \/>\n<meta property=\"og:image\" content=\"https:\/\/exaudi.org\/wp-content\/uploads\/2025\/11\/cq5dam.thumbnail.cropped.750.422-8.jpeg\" \/>\n\t<meta property=\"og:image:width\" content=\"750\" \/>\n\t<meta property=\"og:image:height\" content=\"422\" \/>\n\t<meta property=\"og:image:type\" content=\"image\/jpeg\" \/>\n<meta name=\"author\" content=\"Exaudi Redacci\u00f3n\" \/>\n<meta name=\"twitter:card\" content=\"summary_large_image\" \/>\n<meta name=\"twitter:creator\" content=\"@Exaudi_noticias\" \/>\n<meta name=\"twitter:site\" content=\"@Exaudi_News\" \/>\n<meta name=\"twitter:label1\" content=\"Escrito por\" \/>\n\t<meta name=\"twitter:data1\" content=\"Exaudi Redacci\u00f3n\" \/>\n\t<meta name=\"twitter:label2\" content=\"Tiempo de lectura\" \/>\n\t<meta name=\"twitter:data2\" content=\"22 minutos\" \/>\n<script type=\"application\/ld+json\" class=\"yoast-schema-graph\">{\"@context\":\"https:\\\/\\\/schema.org\",\"@graph\":[{\"@type\":\"Article\",\"@id\":\"https:\\\/\\\/exaudi.org\\\/es\\\/leon-xiv-que-los-menores-y-los-vulnerables-sean-respetados-y-valorados\\\/#article\",\"isPartOf\":{\"@id\":\"https:\\\/\\\/exaudi.org\\\/es\\\/leon-xiv-que-los-menores-y-los-vulnerables-sean-respetados-y-valorados\\\/\"},\"author\":{\"name\":\"Exaudi Redacci\u00f3n\",\"@id\":\"https:\\\/\\\/exaudi.org\\\/#\\\/schema\\\/person\\\/f5fc8f063065e38742da7afe15f25df7\"},\"headline\":\"Le\u00f3n XIV: \u201cQue los menores y los vulnerables sean respetados y valorados\u201d\",\"datePublished\":\"2025-11-18T09:22:08+00:00\",\"dateModified\":\"2025-11-18T09:37:13+00:00\",\"mainEntityOfPage\":{\"@id\":\"https:\\\/\\\/exaudi.org\\\/es\\\/leon-xiv-que-los-menores-y-los-vulnerables-sean-respetados-y-valorados\\\/\"},\"wordCount\":4398,\"image\":{\"@id\":\"https:\\\/\\\/exaudi.org\\\/es\\\/leon-xiv-que-los-menores-y-los-vulnerables-sean-respetados-y-valorados\\\/#primaryimage\"},\"thumbnailUrl\":\"https:\\\/\\\/exaudi.org\\\/wp-content\\\/uploads\\\/2025\\\/11\\\/cq5dam.thumbnail.cropped.750.422-8.jpeg\",\"keywords\":[\"18 noviembre 2025\",\"abusos Iglesia\",\"Acuerdo Par\u00eds\",\"Bel\u00e9m\",\"Bien com\u00fan\",\"Brasil\",\"Cambio clim\u00e1tico\",\"Comisi\u00f3n Protecci\u00f3n Menores\",\"competencia pastoral\",\"COP30\",\"Dignidad humana\",\"diplomacia vaticana\",\"don Dios\",\"\u00e9tica salud\",\"Exaudi\",\"Featured\",\"Formaci\u00f3n lit\u00fargica\",\"grupos parroquiales\",\"guardianes creaci\u00f3n\",\"Iglesia cat\u00f3lica\",\"Inteligencia Artificial\",\"IX Seminario \u00c9tica Gerenciamiento Salud\",\"Jubileo 2025\",\"Le\u00f3n XIV\",\"Liturgia Cat\u00f3lica\",\"luz mundo\",\"manipulaci\u00f3n pacientes\",\"papa le\u00f3n xiv\",\"peregrinos esperanza\",\"protecci\u00f3n menores\",\"respetados valorados\",\"sal tierra\",\"solidaridad humana\",\"sur global\",\"Vaticano\",\"videomensaje Papa\",\"vulnerables\"],\"articleSection\":[\"Le\u00f3n XIV\"],\"inLanguage\":\"es\"},{\"@type\":\"WebPage\",\"@id\":\"https:\\\/\\\/exaudi.org\\\/es\\\/leon-xiv-que-los-menores-y-los-vulnerables-sean-respetados-y-valorados\\\/\",\"url\":\"https:\\\/\\\/exaudi.org\\\/es\\\/leon-xiv-que-los-menores-y-los-vulnerables-sean-respetados-y-valorados\\\/\",\"name\":\"Le\u00f3n XIV: \u201cQue los menores y los vulnerables sean respetados y valorados\u201d &#8211; Exaudi\",\"isPartOf\":{\"@id\":\"https:\\\/\\\/exaudi.org\\\/#website\"},\"primaryImageOfPage\":{\"@id\":\"https:\\\/\\\/exaudi.org\\\/es\\\/leon-xiv-que-los-menores-y-los-vulnerables-sean-respetados-y-valorados\\\/#primaryimage\"},\"image\":{\"@id\":\"https:\\\/\\\/exaudi.org\\\/es\\\/leon-xiv-que-los-menores-y-los-vulnerables-sean-respetados-y-valorados\\\/#primaryimage\"},\"thumbnailUrl\":\"https:\\\/\\\/exaudi.org\\\/wp-content\\\/uploads\\\/2025\\\/11\\\/cq5dam.thumbnail.cropped.750.422-8.jpeg\",\"datePublished\":\"2025-11-18T09:22:08+00:00\",\"dateModified\":\"2025-11-18T09:37:13+00:00\",\"author\":{\"@id\":\"https:\\\/\\\/exaudi.org\\\/#\\\/schema\\\/person\\\/f5fc8f063065e38742da7afe15f25df7\"},\"breadcrumb\":{\"@id\":\"https:\\\/\\\/exaudi.org\\\/es\\\/leon-xiv-que-los-menores-y-los-vulnerables-sean-respetados-y-valorados\\\/#breadcrumb\"},\"inLanguage\":\"es\",\"potentialAction\":[{\"@type\":\"ReadAction\",\"target\":[\"https:\\\/\\\/exaudi.org\\\/es\\\/leon-xiv-que-los-menores-y-los-vulnerables-sean-respetados-y-valorados\\\/\"]}]},{\"@type\":\"ImageObject\",\"inLanguage\":\"es\",\"@id\":\"https:\\\/\\\/exaudi.org\\\/es\\\/leon-xiv-que-los-menores-y-los-vulnerables-sean-respetados-y-valorados\\\/#primaryimage\",\"url\":\"https:\\\/\\\/exaudi.org\\\/wp-content\\\/uploads\\\/2025\\\/11\\\/cq5dam.thumbnail.cropped.750.422-8.jpeg\",\"contentUrl\":\"https:\\\/\\\/exaudi.org\\\/wp-content\\\/uploads\\\/2025\\\/11\\\/cq5dam.thumbnail.cropped.750.422-8.jpeg\",\"width\":750,\"height\":422},{\"@type\":\"BreadcrumbList\",\"@id\":\"https:\\\/\\\/exaudi.org\\\/es\\\/leon-xiv-que-los-menores-y-los-vulnerables-sean-respetados-y-valorados\\\/#breadcrumb\",\"itemListElement\":[{\"@type\":\"ListItem\",\"position\":1,\"name\":\"Portada\",\"item\":\"https:\\\/\\\/exaudi.org\\\/es\\\/\"},{\"@type\":\"ListItem\",\"position\":2,\"name\":\"Le\u00f3n XIV: \u201cQue los menores y los vulnerables sean respetados y valorados\u201d\"}]},{\"@type\":\"WebSite\",\"@id\":\"https:\\\/\\\/exaudi.org\\\/#website\",\"url\":\"https:\\\/\\\/exaudi.org\\\/\",\"name\":\"Exaudi\",\"description\":\"News\",\"potentialAction\":[{\"@type\":\"SearchAction\",\"target\":{\"@type\":\"EntryPoint\",\"urlTemplate\":\"https:\\\/\\\/exaudi.org\\\/?s={search_term_string}\"},\"query-input\":{\"@type\":\"PropertyValueSpecification\",\"valueRequired\":true,\"valueName\":\"search_term_string\"}}],\"inLanguage\":\"es\"},{\"@type\":\"Person\",\"@id\":\"https:\\\/\\\/exaudi.org\\\/#\\\/schema\\\/person\\\/f5fc8f063065e38742da7afe15f25df7\",\"name\":\"Exaudi Redacci\u00f3n\",\"image\":{\"@type\":\"ImageObject\",\"inLanguage\":\"es\",\"@id\":\"https:\\\/\\\/secure.gravatar.com\\\/avatar\\\/fe0f6a059fb68d9b3e11bc5850dd4899b1c7492091a3cb6dd9b01b56ad828be2?s=96&d=mm&r=g\",\"url\":\"https:\\\/\\\/secure.gravatar.com\\\/avatar\\\/fe0f6a059fb68d9b3e11bc5850dd4899b1c7492091a3cb6dd9b01b56ad828be2?s=96&d=mm&r=g\",\"contentUrl\":\"https:\\\/\\\/secure.gravatar.com\\\/avatar\\\/fe0f6a059fb68d9b3e11bc5850dd4899b1c7492091a3cb6dd9b01b56ad828be2?s=96&d=mm&r=g\",\"caption\":\"Exaudi Redacci\u00f3n\"},\"description\":\"\u00bfQu\u00e9 es Exaudi News? Exaudi News es un medio de comunicaci\u00f3n cat\u00f3lico internacional que informa, forma y transforma, diariamente en espa\u00f1ol, ingl\u00e9s e italiano. A trav\u00e9s de noticias, art\u00edculos de an\u00e1lisis y transmisiones en directo de los eventos del Papa, Exaudi busca fortalecer la unidad de los cristianos y contribuir a la evangelizaci\u00f3n del mundo, siempre guiados por la doctrina social de la Iglesia. Trabajamos para acercar la verdad y los valores cristianos a cada rinc\u00f3n del planeta. \u00a1Ay\u00fadanos a transformar el mundo con Exaudi! En Exaudi creemos que la evangelizaci\u00f3n y la informaci\u00f3n de calidad pueden cambiar vidas. Para continuar con nuestra misi\u00f3n y expandir nuestro alcance, necesitamos tu ayuda. Adem\u00e1s, buscamos personas comprometidas que deseen unirse a nuestro equipo. Con tu apoyo, lograremos llegar a m\u00e1s personas, difundir el mensaje de Cristo y reforzar la unidad de los cristianos. \u00bfTe unes a nuestra misi\u00f3n? Para m\u00e1s informaci\u00f3n sobre c\u00f3mo colaborar, visita Exaudi.org\\\/es o cont\u00e1ctanos directamente: info@exaudi.org Exaudi: Informa, forma y transforma.\",\"sameAs\":[\"https:\\\/\\\/www.facebook.com\\\/ExaudiNoticias\\\/\",\"https:\\\/\\\/www.instagram.com\\\/exaudi_noticias\\\/\",\"https:\\\/\\\/x.com\\\/Exaudi_noticias\",\"https:\\\/\\\/www.youtube.com\\\/@exaudicatholicnews\"],\"url\":\"https:\\\/\\\/exaudi.org\\\/es\\\/author\\\/redaccionexaudi\\\/\"}]}<\/script>\n<!-- \/ Yoast SEO plugin. -->","yoast_head_json":{"title":"Le\u00f3n XIV: \u201cQue los menores y los vulnerables sean respetados y valorados\u201d &#8211; Exaudi","robots":{"index":"index","follow":"follow","max-snippet":"max-snippet:-1","max-image-preview":"max-image-preview:large","max-video-preview":"max-video-preview:-1"},"canonical":"https:\/\/exaudi.org\/es\/leon-xiv-que-los-menores-y-los-vulnerables-sean-respetados-y-valorados\/","og_locale":"es_ES","og_type":"article","og_title":"Le\u00f3n XIV: \u201cQue los menores y los vulnerables sean respetados y valorados\u201d &#8211; Exaudi","og_description":"Actividades del Santo Padre: 17 y 18 de noviembre","og_url":"https:\/\/exaudi.org\/es\/leon-xiv-que-los-menores-y-los-vulnerables-sean-respetados-y-valorados\/","og_site_name":"Exaudi","article_publisher":"https:\/\/www.facebook.com\/ExaudiNews","article_author":"https:\/\/www.facebook.com\/ExaudiNoticias\/","article_published_time":"2025-11-18T09:22:08+00:00","article_modified_time":"2025-11-18T09:37:13+00:00","og_image":[{"width":750,"height":422,"url":"https:\/\/exaudi.org\/wp-content\/uploads\/2025\/11\/cq5dam.thumbnail.cropped.750.422-8.jpeg","type":"image\/jpeg"}],"author":"Exaudi Redacci\u00f3n","twitter_card":"summary_large_image","twitter_creator":"@Exaudi_noticias","twitter_site":"@Exaudi_News","twitter_misc":{"Escrito por":"Exaudi Redacci\u00f3n","Tiempo de lectura":"22 minutos"},"schema":{"@context":"https:\/\/schema.org","@graph":[{"@type":"Article","@id":"https:\/\/exaudi.org\/es\/leon-xiv-que-los-menores-y-los-vulnerables-sean-respetados-y-valorados\/#article","isPartOf":{"@id":"https:\/\/exaudi.org\/es\/leon-xiv-que-los-menores-y-los-vulnerables-sean-respetados-y-valorados\/"},"author":{"name":"Exaudi Redacci\u00f3n","@id":"https:\/\/exaudi.org\/#\/schema\/person\/f5fc8f063065e38742da7afe15f25df7"},"headline":"Le\u00f3n XIV: \u201cQue los menores y los vulnerables sean respetados y valorados\u201d","datePublished":"2025-11-18T09:22:08+00:00","dateModified":"2025-11-18T09:37:13+00:00","mainEntityOfPage":{"@id":"https:\/\/exaudi.org\/es\/leon-xiv-que-los-menores-y-los-vulnerables-sean-respetados-y-valorados\/"},"wordCount":4398,"image":{"@id":"https:\/\/exaudi.org\/es\/leon-xiv-que-los-menores-y-los-vulnerables-sean-respetados-y-valorados\/#primaryimage"},"thumbnailUrl":"https:\/\/exaudi.org\/wp-content\/uploads\/2025\/11\/cq5dam.thumbnail.cropped.750.422-8.jpeg","keywords":["18 noviembre 2025","abusos Iglesia","Acuerdo Par\u00eds","Bel\u00e9m","Bien com\u00fan","Brasil","Cambio clim\u00e1tico","Comisi\u00f3n Protecci\u00f3n Menores","competencia pastoral","COP30","Dignidad humana","diplomacia vaticana","don Dios","\u00e9tica salud","Exaudi","Featured","Formaci\u00f3n lit\u00fargica","grupos parroquiales","guardianes creaci\u00f3n","Iglesia cat\u00f3lica","Inteligencia Artificial","IX Seminario \u00c9tica Gerenciamiento Salud","Jubileo 2025","Le\u00f3n XIV","Liturgia Cat\u00f3lica","luz mundo","manipulaci\u00f3n pacientes","papa le\u00f3n xiv","peregrinos esperanza","protecci\u00f3n menores","respetados valorados","sal tierra","solidaridad humana","sur global","Vaticano","videomensaje Papa","vulnerables"],"articleSection":["Le\u00f3n XIV"],"inLanguage":"es"},{"@type":"WebPage","@id":"https:\/\/exaudi.org\/es\/leon-xiv-que-los-menores-y-los-vulnerables-sean-respetados-y-valorados\/","url":"https:\/\/exaudi.org\/es\/leon-xiv-que-los-menores-y-los-vulnerables-sean-respetados-y-valorados\/","name":"Le\u00f3n XIV: \u201cQue los menores y los vulnerables sean respetados y valorados\u201d &#8211; Exaudi","isPartOf":{"@id":"https:\/\/exaudi.org\/#website"},"primaryImageOfPage":{"@id":"https:\/\/exaudi.org\/es\/leon-xiv-que-los-menores-y-los-vulnerables-sean-respetados-y-valorados\/#primaryimage"},"image":{"@id":"https:\/\/exaudi.org\/es\/leon-xiv-que-los-menores-y-los-vulnerables-sean-respetados-y-valorados\/#primaryimage"},"thumbnailUrl":"https:\/\/exaudi.org\/wp-content\/uploads\/2025\/11\/cq5dam.thumbnail.cropped.750.422-8.jpeg","datePublished":"2025-11-18T09:22:08+00:00","dateModified":"2025-11-18T09:37:13+00:00","author":{"@id":"https:\/\/exaudi.org\/#\/schema\/person\/f5fc8f063065e38742da7afe15f25df7"},"breadcrumb":{"@id":"https:\/\/exaudi.org\/es\/leon-xiv-que-los-menores-y-los-vulnerables-sean-respetados-y-valorados\/#breadcrumb"},"inLanguage":"es","potentialAction":[{"@type":"ReadAction","target":["https:\/\/exaudi.org\/es\/leon-xiv-que-los-menores-y-los-vulnerables-sean-respetados-y-valorados\/"]}]},{"@type":"ImageObject","inLanguage":"es","@id":"https:\/\/exaudi.org\/es\/leon-xiv-que-los-menores-y-los-vulnerables-sean-respetados-y-valorados\/#primaryimage","url":"https:\/\/exaudi.org\/wp-content\/uploads\/2025\/11\/cq5dam.thumbnail.cropped.750.422-8.jpeg","contentUrl":"https:\/\/exaudi.org\/wp-content\/uploads\/2025\/11\/cq5dam.thumbnail.cropped.750.422-8.jpeg","width":750,"height":422},{"@type":"BreadcrumbList","@id":"https:\/\/exaudi.org\/es\/leon-xiv-que-los-menores-y-los-vulnerables-sean-respetados-y-valorados\/#breadcrumb","itemListElement":[{"@type":"ListItem","position":1,"name":"Portada","item":"https:\/\/exaudi.org\/es\/"},{"@type":"ListItem","position":2,"name":"Le\u00f3n XIV: \u201cQue los menores y los vulnerables sean respetados y valorados\u201d"}]},{"@type":"WebSite","@id":"https:\/\/exaudi.org\/#website","url":"https:\/\/exaudi.org\/","name":"Exaudi","description":"News","potentialAction":[{"@type":"SearchAction","target":{"@type":"EntryPoint","urlTemplate":"https:\/\/exaudi.org\/?s={search_term_string}"},"query-input":{"@type":"PropertyValueSpecification","valueRequired":true,"valueName":"search_term_string"}}],"inLanguage":"es"},{"@type":"Person","@id":"https:\/\/exaudi.org\/#\/schema\/person\/f5fc8f063065e38742da7afe15f25df7","name":"Exaudi Redacci\u00f3n","image":{"@type":"ImageObject","inLanguage":"es","@id":"https:\/\/secure.gravatar.com\/avatar\/fe0f6a059fb68d9b3e11bc5850dd4899b1c7492091a3cb6dd9b01b56ad828be2?s=96&d=mm&r=g","url":"https:\/\/secure.gravatar.com\/avatar\/fe0f6a059fb68d9b3e11bc5850dd4899b1c7492091a3cb6dd9b01b56ad828be2?s=96&d=mm&r=g","contentUrl":"https:\/\/secure.gravatar.com\/avatar\/fe0f6a059fb68d9b3e11bc5850dd4899b1c7492091a3cb6dd9b01b56ad828be2?s=96&d=mm&r=g","caption":"Exaudi Redacci\u00f3n"},"description":"\u00bfQu\u00e9 es Exaudi News? Exaudi News es un medio de comunicaci\u00f3n cat\u00f3lico internacional que informa, forma y transforma, diariamente en espa\u00f1ol, ingl\u00e9s e italiano. A trav\u00e9s de noticias, art\u00edculos de an\u00e1lisis y transmisiones en directo de los eventos del Papa, Exaudi busca fortalecer la unidad de los cristianos y contribuir a la evangelizaci\u00f3n del mundo, siempre guiados por la doctrina social de la Iglesia. Trabajamos para acercar la verdad y los valores cristianos a cada rinc\u00f3n del planeta. \u00a1Ay\u00fadanos a transformar el mundo con Exaudi! En Exaudi creemos que la evangelizaci\u00f3n y la informaci\u00f3n de calidad pueden cambiar vidas. Para continuar con nuestra misi\u00f3n y expandir nuestro alcance, necesitamos tu ayuda. Adem\u00e1s, buscamos personas comprometidas que deseen unirse a nuestro equipo. Con tu apoyo, lograremos llegar a m\u00e1s personas, difundir el mensaje de Cristo y reforzar la unidad de los cristianos. \u00bfTe unes a nuestra misi\u00f3n? Para m\u00e1s informaci\u00f3n sobre c\u00f3mo colaborar, visita Exaudi.org\/es o cont\u00e1ctanos directamente: info@exaudi.org Exaudi: Informa, forma y transforma.","sameAs":["https:\/\/www.facebook.com\/ExaudiNoticias\/","https:\/\/www.instagram.com\/exaudi_noticias\/","https:\/\/x.com\/Exaudi_noticias","https:\/\/www.youtube.com\/@exaudicatholicnews"],"url":"https:\/\/exaudi.org\/es\/author\/redaccionexaudi\/"}]}},"jetpack_featured_media_url":"https:\/\/exaudi.org\/wp-content\/uploads\/2025\/11\/cq5dam.thumbnail.cropped.750.422-8.jpeg","jetpack_shortlink":"https:\/\/wp.me\/pgKjF2-Cbv","_links":{"self":[{"href":"https:\/\/exaudi.org\/es\/wp-json\/wp\/v2\/posts\/146785","targetHints":{"allow":["GET"]}}],"collection":[{"href":"https:\/\/exaudi.org\/es\/wp-json\/wp\/v2\/posts"}],"about":[{"href":"https:\/\/exaudi.org\/es\/wp-json\/wp\/v2\/types\/post"}],"author":[{"embeddable":true,"href":"https:\/\/exaudi.org\/es\/wp-json\/wp\/v2\/users\/15"}],"replies":[{"embeddable":true,"href":"https:\/\/exaudi.org\/es\/wp-json\/wp\/v2\/comments?post=146785"}],"version-history":[{"count":7,"href":"https:\/\/exaudi.org\/es\/wp-json\/wp\/v2\/posts\/146785\/revisions"}],"predecessor-version":[{"id":146804,"href":"https:\/\/exaudi.org\/es\/wp-json\/wp\/v2\/posts\/146785\/revisions\/146804"}],"wp:featuredmedia":[{"embeddable":true,"href":"https:\/\/exaudi.org\/es\/wp-json\/wp\/v2\/media\/146787"}],"wp:attachment":[{"href":"https:\/\/exaudi.org\/es\/wp-json\/wp\/v2\/media?parent=146785"}],"wp:term":[{"taxonomy":"category","embeddable":true,"href":"https:\/\/exaudi.org\/es\/wp-json\/wp\/v2\/categories?post=146785"},{"taxonomy":"post_tag","embeddable":true,"href":"https:\/\/exaudi.org\/es\/wp-json\/wp\/v2\/tags?post=146785"}],"curies":[{"name":"wp","href":"https:\/\/api.w.org\/{rel}","templated":true}]}}