{"id":146627,"date":"2025-11-16T11:51:56","date_gmt":"2025-11-16T10:51:56","guid":{"rendered":"https:\/\/exaudi.org\/?p=146627"},"modified":"2025-11-16T12:29:50","modified_gmt":"2025-11-16T11:29:50","slug":"papa-leon-xiv-te-he-amado-mensaje-de-esperanza-y-justicia","status":"publish","type":"post","link":"https:\/\/exaudi.org\/es\/papa-leon-xiv-te-he-amado-mensaje-de-esperanza-y-justicia\/","title":{"rendered":"Papa Le\u00f3n XIV: \u201cTe he amado\u201d, mensaje de esperanza y justicia"},"content":{"rendered":"<p dir=\"auto\">XXXIII Domingo del Tiempo Ordinario y coincidiendo con la IX Jornada Mundial de los Pobres, el Papa Le\u00f3n XIV presidi\u00f3 la Santa Misa en la Bas\u00edlica de San Pedro con motivo del Jubileo de los Pobres. Ante miles de fieles, incluyendo numerosos pobres, migrantes y voluntarios, el Santo Padre pronunci\u00f3 una homil\u00eda centrada en la esperanza escatol\u00f3gica, la cercan\u00eda de Dios a los humildes y la llamada a una Iglesia que sea \u201cmadre de los pobres\u201d en un mundo marcado por guerras, soledad y desigualdades.<\/p>\n<p dir=\"auto\">El Pont\u00edfice inici\u00f3 su reflexi\u00f3n recordando las lecturas lit\u00fargicas, que invitan a contemplar el \u201cd\u00eda del Se\u00f1or\u201d como un tiempo de justicia donde las esperanzas de los pobres reciben respuesta definitiva. \u201cEste sol naciente de justicia es Jes\u00fas mismo\u201d, afirm\u00f3, subrayando que el Reino de Dios se inaugura en medio de los dram\u00e1ticos acontecimientos de la historia, sin que deba asustar al disc\u00edpulo, sino impulsarlo a la perseverancia.<\/p>\n<p dir=\"auto\">En un contexto global de persecuciones y opresiones, Le\u00f3n XIV enfatiz\u00f3 la fidelidad de Dios: \u201cNi siquiera un cabello se les caer\u00e1 de la cabeza\u201d. Destac\u00f3 la tradici\u00f3n b\u00edblica de un Dios que defiende al hu\u00e9rfano, al extranjero y a la viuda, culminando en Jes\u00fas, quien proclama el \u201ca\u00f1o de gracia del Se\u00f1or\u201d. \u201cDilexi te \u2013 Te he amado\u201d, dirigi\u00f3 directamente a los pobres, citando su exhortaci\u00f3n apost\u00f3lica hom\u00f3nima, y llam\u00f3 a la Iglesia a ser lugar de acogida y justicia.<\/p>\n<p dir=\"auto\"><img loading=\"lazy\" decoding=\"async\" class=\"size-full wp-image-146634 alignnone\" src=\"https:\/\/exaudi.org\/wp-content\/uploads\/2025\/11\/cq5dam.thumbnail.cropped.750.422-3-1.jpeg\" alt=\"\" width=\"750\" height=\"422\" srcset=\"https:\/\/exaudi.org\/wp-content\/uploads\/2025\/11\/cq5dam.thumbnail.cropped.750.422-3-1.jpeg 750w, https:\/\/exaudi.org\/wp-content\/uploads\/2025\/11\/cq5dam.thumbnail.cropped.750.422-3-1-300x169.jpeg 300w, https:\/\/exaudi.org\/wp-content\/uploads\/2025\/11\/cq5dam.thumbnail.cropped.750.422-3-1-500x281.jpeg 500w\" sizes=\"auto, (max-width: 750px) 100vw, 750px\" \/><\/p>\n<p dir=\"auto\">El Papa denunci\u00f3 las pobrezas materiales, morales y espirituales que afligen al mundo, especialmente a los j\u00f3venes, y se\u00f1al\u00f3 la soledad como el drama transversal. Propuso una \u201ccultura de la atenci\u00f3n\u201d para romper muros de indiferencia, desde la familia hasta el mundo digital y los m\u00e1rgenes sociales. Ante los escenarios de guerra, rechaz\u00f3 la \u201cglobalizaci\u00f3n de la impotencia\u201d y exhort\u00f3 a los cristianos a ser signo vivo de salvaci\u00f3n.<\/p>\n<p dir=\"auto\">Dirigi\u00e9ndose a jefes de Estado y responsables pol\u00edticos, inst\u00f3 a escuchar el grito de los pobres para lograr paz mediante justicia, criticando el mito del progreso que excluye. Agradeci\u00f3 a voluntarios y agentes de caridad, record\u00e1ndoles que los pobres son \u201cla misma carne de Cristo\u201d. Citando a san Pablo, advirti\u00f3 contra el intimismo religioso y llam\u00f3 a transformar la sociedad en fraternidad.<\/p>\n<p dir=\"auto\">Inspir\u00e1ndose en santos como san Benito Jos\u00e9 Labre, patrono propuesto de los sin hogar, y en el Magn\u00edficat de la Virgen Mar\u00eda, concluy\u00f3 invocando una nueva l\u00f3gica del Reino: amor que acoge, perdona y sana.<\/p>\n<p dir=\"auto\">La celebraci\u00f3n, enriquecida con multimedia y testimonios, reafirma el compromiso jubilar de la Iglesia con los m\u00e1s vulnerables en este A\u00f1o Santo.<\/p>\n<h3 dir=\"auto\"><strong>Homil\u00eda completa del Santo Padre Le\u00f3n XIV<\/strong><\/h3>\n<p dir=\"auto\" style=\"text-align: center;\"><strong>IX JORNADA MUNDIAL DE LOS POBRES<\/strong> <strong>JUBILEO DE LOS POBRES<\/strong> <strong>SANTA MISA<\/strong> <strong>HOMIL\u00cdA DEL SANTO PADRE LE\u00d3N XIV<\/strong> Bas\u00edlica de San Pedro XXXIII Domingo del tiempo ordinario, 16 de noviembre de 2025<\/p>\n<hr \/>\n<p>Queridos hermanos y hermanas:<\/p>\n<p>Los \u00faltimos domingos del a\u00f1o lit\u00fargico nos invitan a contemplar la historia en su desenlace final. En la primera lectura, el profeta Malaqu\u00edas vislumbra la llegada del \u201cd\u00eda del Se\u00f1or\u201d como el comienzo de un tiempo nuevo. Este tiempo se describe como el tiempo de Dios, en el cual, como un alba que da paso al sol de justicia, las esperanzas de los pobres y humildes recibir\u00e1n una respuesta definitiva del Se\u00f1or, y las obras de los malvados y su injusticia ser\u00e1n erradicadas, quemadas como paja, especialmente en detrimento de los indefensos y los pobres.<\/p>\n<p>Este sol naciente de justicia, como sabemos, es Jes\u00fas mismo. El d\u00eda del Se\u00f1or, en realidad, no es s\u00f3lo el d\u00eda final de la historia, sino que es el Reino que se acerca a cada persona en la venida del Hijo de Dios. En el Evangelio, empleando el lenguaje apocal\u00edptico propio de su tiempo, Jes\u00fas anuncia e inaugura este Reino. \u00c9l mismo es, de hecho, el se\u00f1or\u00edo de Dios que se hace presente y se abre paso en los dram\u00e1ticos acontecimientos de la historia. Por lo tanto, no deben asustar al disc\u00edpulo sino hacerlo a\u00fan m\u00e1s perseverante en su testimonio y consciente de que la promesa de Jes\u00fas siempre est\u00e1 viva y es fiel: \u00abni siquiera un cabello se les caer\u00e1 de la cabeza\u00bb (<i>Lc\u00a0<\/i>21,18).<\/p>\n<p>Esta, hermanos y hermanas, es la esperanza a la que nos anclamos, incluso en medio de los acontecimientos no siempre alegres de la vida. A\u00fan hoy, \u00abla Iglesia \u201cva peregrinando entre las persecuciones del mundo y los consuelos de Dios\u201d anunciando la cruz del Se\u00f1or hasta que venga\u00bb (<i><a href=\"https:\/\/www.vatican.va\/archive\/hist_councils\/ii_vatican_council\/documents\/vat-ii_const_19641121_lumen-gentium_sp.html\">Lumen gentium<\/a><\/i>, 8). Y all\u00ed donde todas las esperanzas humanas parecen agotarse, se vuelve a\u00fan m\u00e1s firme la \u00fanica certeza, m\u00e1s estable que el cielo y la tierra, de que el Se\u00f1or no permitir\u00e1 que ni un cabello de nuestra cabeza perezca.<\/p>\n<p><img loading=\"lazy\" decoding=\"async\" class=\"size-full wp-image-146637 alignnone\" src=\"https:\/\/exaudi.org\/wp-content\/uploads\/2025\/11\/cq5dam.thumbnail.cropped.750.422-1-4.jpeg\" alt=\"\" width=\"750\" height=\"422\" srcset=\"https:\/\/exaudi.org\/wp-content\/uploads\/2025\/11\/cq5dam.thumbnail.cropped.750.422-1-4.jpeg 750w, https:\/\/exaudi.org\/wp-content\/uploads\/2025\/11\/cq5dam.thumbnail.cropped.750.422-1-4-300x169.jpeg 300w, https:\/\/exaudi.org\/wp-content\/uploads\/2025\/11\/cq5dam.thumbnail.cropped.750.422-1-4-500x281.jpeg 500w\" sizes=\"auto, (max-width: 750px) 100vw, 750px\" \/><\/p>\n<p>En medio de las persecuciones, los sufrimientos, las dificultades y las opresiones de la vida y la sociedad, Dios no nos abandona. \u00c9l se presenta como Aquel que aboga en favor nuestro. Este hilo conductor recorre toda la Escritura, narrando la historia de un Dios que siempre est\u00e1 del lado de los m\u00e1s peque\u00f1os, del hu\u00e9rfano, del extranjero y de la viuda (cf.\u00a0<i>Dt<\/i>\u00a010,17-19). Y en Jes\u00fas, su Hijo, la cercan\u00eda de Dios alcanza la m\u00e1xima expresi\u00f3n del amor. Por eso, la presencia y la palabra de Cristo se convierten en un j\u00fabilo y un jubileo para los m\u00e1s pobres, ya que \u00c9l vino a anunciarles la Buena Nueva y a proclamar el\u00a0<i>a\u00f1o de gracia del Se\u00f1or<\/i>\u00a0(cf.\u00a0<i>Lc<\/i>\u00a04,18-19).<\/p>\n<p>Nosotros tambi\u00e9n participamos de manera especial de este a\u00f1o de gracia, precisamente hoy al celebrar, con esta jornada mundial, el Jubileo de los Pobres. Toda la Iglesia se regocija y se alegra, y ante todo a ustedes, queridos hermanos y hermanas, deseo transmitirles con fuerza las palabras irrevocables del Se\u00f1or Jes\u00fas: \u00ab<i>Dilexi te<\/i>\u00a0&#8211; Te he amado\u00bb (<i>Ap<\/i>\u00a03,9). S\u00ed, a pesar de nuestra peque\u00f1ez y pobreza, Dios nos mira como nadie m\u00e1s y nos ama con un amor eterno. Y su Iglesia, a\u00fan hoy, quiz\u00e1 especialmente en nuestro tiempo, todav\u00eda herida por pobrezas \u2015antiguas y nuevas\u2015, desea ser \u00abmadre de los pobres, lugar de acogida y de justicia\u00bb (Exhort. ap.\u00a0<i><a href=\"https:\/\/www.vatican.va\/content\/leo-xiv\/es\/apost_exhortations\/documents\/20251004-dilexi-te.html\">Dilexi te<\/a><\/i>, 39).<\/p>\n<p>\u00a1Cu\u00e1ntas pobrezas oprimen nuestro mundo! Ante todo, son pobrezas materiales, pero tambi\u00e9n existen muchas situaciones morales y espirituales, que a menudo afectan sobre todo a los m\u00e1s j\u00f3venes. Y el drama que las atraviesa a todas de manera transversal, es la soledad. Ella nos desaf\u00eda a mirar la pobreza de modo integral, porque ciertamente a veces es necesario responder a las necesidades urgentes, pero en general lo que debemos desarrollar es una cultura de la atenci\u00f3n, precisamente para romper el muro de la soledad. Por eso queremos estar atentos al otro, a cada persona, all\u00ed donde estamos, all\u00ed donde vivimos, transmitiendo esta actitud ya desde la familia, para vivirla concretamente en los lugares de trabajo y de estudio, en las diversas comunidades, en el mundo digital, en todas partes, empuj\u00e1ndonos hasta los m\u00e1rgenes y convirti\u00e9ndonos en testigos de la ternura de Dios.<\/p>\n<p>Hoy, sobre todo los escenarios de guerra, presentes lamentablemente en diversas regiones del mundo, parecen confirmarnos en un estado de impotencia. Pero la globalizaci\u00f3n de la impotencia nace de una mentira, de creer que esta historia siempre ha sido as\u00ed y no podr\u00e1 cambiar. El Evangelio, en cambio, nos dice que precisamente en las agitaciones de la historia, el Se\u00f1or viene a salvarnos. Y nosotros, comunidad cristiana, debemos ser hoy, en medio de los pobres, signo vivo de esta salvaci\u00f3n.<\/p>\n<p>La pobreza interpela a los cristianos, pero interpela tambi\u00e9n a todos aquellos que en la sociedad tienen roles de responsabilidad. Exhorto por ello a los Jefes de Estado y a los Responsables de las Naciones a escuchar el grito de los m\u00e1s pobres. No podr\u00e1 haber paz sin justicia, y los pobres nos lo recuerdan de muchas maneras, con su migraci\u00f3n, as\u00ed como con su grito tantas veces sofocado por el mito del bienestar y del progreso que no tiene en cuenta a todos, y que incluso olvida a muchas criaturas abandon\u00e1ndolas a su propio destino.<\/p>\n<p>A los agentes de la caridad, a los numerosos voluntarios, a quienes se ocupan de aliviar las condiciones de los m\u00e1s pobres, expreso mi gratitud y al mismo tiempo mi aliento para que sean cada vez m\u00e1s, conciencia cr\u00edtica en la sociedad. Ustedes saben bien que la cuesti\u00f3n de los pobres reconduce a lo esencial de nuestra fe, que para nosotros son la misma carne de Cristo y no s\u00f3lo una categor\u00eda sociol\u00f3gica (cf.\u00a0<i><a href=\"https:\/\/www.vatican.va\/content\/leo-xiv\/es\/apost_exhortations\/documents\/20251004-dilexi-te.html\">Dilexi te<\/a><\/i>, 110). Es por esto que \u00abla Iglesia, como madre, camina con los que caminan. Donde el mundo ve una amenaza, ella ve hijos; donde se levantan muros, ella construye puentes\u00bb (<i><a href=\"https:\/\/www.vatican.va\/content\/leo-xiv\/es\/apost_exhortations\/documents\/20251004-dilexi-te.html\">ib\u00edd<\/a><\/i>., 75).<\/p>\n<p>Compromet\u00e1monos todos. Como escribe el ap\u00f3stol Pablo a los cristianos de Tesal\u00f3nica (cf.\u00a0<i>2<\/i>\u00a0<i>Ts<\/i>\u00a03,6-13), en la espera del retorno glorioso del Se\u00f1or no debemos vivir una vida replegada sobre nosotros mismos ni en un intimismo religioso que se traduzca en desentenderse de los dem\u00e1s y de la historia. Por el contrario, buscar el Reino de Dios implica el deseo de transformar la convivencia humana en un espacio de fraternidad y de dignidad para todos, sin excluir a nadie. Est\u00e1 siempre a la vuelta de la esquina el peligro de vivir como viajeros distra\u00eddos, desatentos al destino final e indiferentes hacia quienes comparten el camino con nosotros.<\/p>\n<p>En este Jubileo de los Pobres dej\u00e9monos inspirar por el testimonio de los santos y santas que han servido a Cristo en los m\u00e1s necesitados y lo han seguido en la v\u00eda de la peque\u00f1ez y de entrega. De manera especial, quisiera proponer la figura de san Benito Jos\u00e9 Labre, que con su vida de \u201cvagabundo de Dios\u201d podr\u00eda ser considerado como patrono de todos los pobres sin hogar.<\/p>\n<p>Que la Virgen Mar\u00eda, que en el\u00a0<i>Magn\u00edficat<\/i>\u00a0sigue record\u00e1ndonos las elecciones de Dios y se hace la voz de los que no tienen voz, nos ayude a entrar en la nueva l\u00f3gica del Reino, para que en nuestra vida de cristianos se haga presente el amor de Dios que acoge, perdona, venda las heridas, consuela y sana.<\/p>\n<p><iframe loading=\"lazy\" title=\"Santa Misa presidida por el Papa Le\u00f3n XIV . 16 de noviembre de 2025\" width=\"500\" height=\"281\" src=\"https:\/\/www.youtube.com\/embed\/qAfW5qxiUIk?feature=oembed\" frameborder=\"0\" allow=\"accelerometer; autoplay; clipboard-write; encrypted-media; gyroscope; picture-in-picture; web-share\" referrerpolicy=\"strict-origin-when-cross-origin\" allowfullscreen><\/iframe><\/p>\n","protected":false},"excerpt":{"rendered":"<p>Santa Misa en el Jubileo de los Pobres<\/p>\n","protected":false},"author":15,"featured_media":146628,"comment_status":"closed","ping_status":"closed","sticky":false,"template":"","format":"standard","meta":{"_acf_changed":false,"_crdt_document":"","inline_featured_image":false,"footnotes":""},"categories":[114],"tags":[81522,38727,3866,4610,81523,12167,14707,34920,240,21387,78652,81525,81164,81521,81520,1767,58067,8290,1099,58111,1646,14709,81524,704,9410,1119,7733],"class_list":["post-146627","post","type-post","status-publish","format-standard","has-post-thumbnail","hentry","category-homilias","tag-16-noviembre-2025","tag-ano-de-gracia","tag-basilica-de-san-pedro-es","tag-caridad","tag-cultura-de-la-atencion","tag-dignidad-humana","tag-esperanza-cristiana","tag-featured-es-14","tag-fraternidad","tag-guerras","tag-homilia-papal","tag-iglesia-madre-de-los-pobres","tag-ix-jornada-mundial-de-los-pobres","tag-jubileo-de-los-pobres","tag-jubileo-pobres","tag-justicia-social","tag-leon-xiv","tag-magnificat","tag-migracion","tag-papa-leon-xiv","tag-pobreza","tag-reino-de-dios","tag-san-benito-jose-labre","tag-santa-misa","tag-soledad","tag-virgen-maria","tag-voluntarios"],"acf":[],"yoast_head":"<!-- This site is optimized with the Yoast SEO plugin v27.5 - https:\/\/yoast.com\/product\/yoast-seo-wordpress\/ -->\n<title>Papa Le\u00f3n XIV: \u201cTe he amado\u201d, mensaje de esperanza y justicia &#8211; Exaudi<\/title>\n<meta name=\"robots\" content=\"index, follow, max-snippet:-1, max-image-preview:large, max-video-preview:-1\" \/>\n<link rel=\"canonical\" href=\"https:\/\/exaudi.org\/es\/papa-leon-xiv-te-he-amado-mensaje-de-esperanza-y-justicia\/\" \/>\n<meta property=\"og:locale\" content=\"es_ES\" \/>\n<meta property=\"og:type\" content=\"article\" \/>\n<meta property=\"og:title\" content=\"Papa Le\u00f3n XIV: \u201cTe he amado\u201d, mensaje de esperanza y justicia &#8211; Exaudi\" \/>\n<meta property=\"og:description\" content=\"Santa Misa en el Jubileo de los Pobres\" \/>\n<meta property=\"og:url\" content=\"https:\/\/exaudi.org\/es\/papa-leon-xiv-te-he-amado-mensaje-de-esperanza-y-justicia\/\" \/>\n<meta property=\"og:site_name\" content=\"Exaudi\" \/>\n<meta property=\"article:publisher\" content=\"https:\/\/www.facebook.com\/ExaudiNews\" \/>\n<meta property=\"article:author\" content=\"https:\/\/www.facebook.com\/ExaudiNoticias\/\" \/>\n<meta property=\"article:published_time\" content=\"2025-11-16T10:51:56+00:00\" \/>\n<meta property=\"article:modified_time\" content=\"2025-11-16T11:29:50+00:00\" \/>\n<meta property=\"og:image\" content=\"https:\/\/exaudi.org\/wp-content\/uploads\/2025\/11\/cq5dam.thumbnail.cropped.500.281-4.jpeg\" \/>\n\t<meta property=\"og:image:width\" content=\"500\" \/>\n\t<meta property=\"og:image:height\" content=\"281\" \/>\n\t<meta property=\"og:image:type\" content=\"image\/jpeg\" \/>\n<meta name=\"author\" content=\"Exaudi Redacci\u00f3n\" \/>\n<meta name=\"twitter:card\" content=\"summary_large_image\" \/>\n<meta name=\"twitter:creator\" content=\"@Exaudi_noticias\" \/>\n<meta name=\"twitter:site\" content=\"@Exaudi_News\" \/>\n<meta name=\"twitter:label1\" content=\"Escrito por\" \/>\n\t<meta name=\"twitter:data1\" content=\"Exaudi Redacci\u00f3n\" \/>\n\t<meta name=\"twitter:label2\" content=\"Tiempo de lectura\" \/>\n\t<meta name=\"twitter:data2\" content=\"9 minutos\" \/>\n<script type=\"application\/ld+json\" class=\"yoast-schema-graph\">{\"@context\":\"https:\\\/\\\/schema.org\",\"@graph\":[{\"@type\":\"Article\",\"@id\":\"https:\\\/\\\/exaudi.org\\\/es\\\/papa-leon-xiv-te-he-amado-mensaje-de-esperanza-y-justicia\\\/#article\",\"isPartOf\":{\"@id\":\"https:\\\/\\\/exaudi.org\\\/es\\\/papa-leon-xiv-te-he-amado-mensaje-de-esperanza-y-justicia\\\/\"},\"author\":{\"name\":\"Exaudi Redacci\u00f3n\",\"@id\":\"https:\\\/\\\/exaudi.org\\\/#\\\/schema\\\/person\\\/f5fc8f063065e38742da7afe15f25df7\"},\"headline\":\"Papa Le\u00f3n XIV: \u201cTe he amado\u201d, mensaje de esperanza y justicia\",\"datePublished\":\"2025-11-16T10:51:56+00:00\",\"dateModified\":\"2025-11-16T11:29:50+00:00\",\"mainEntityOfPage\":{\"@id\":\"https:\\\/\\\/exaudi.org\\\/es\\\/papa-leon-xiv-te-he-amado-mensaje-de-esperanza-y-justicia\\\/\"},\"wordCount\":1810,\"image\":{\"@id\":\"https:\\\/\\\/exaudi.org\\\/es\\\/papa-leon-xiv-te-he-amado-mensaje-de-esperanza-y-justicia\\\/#primaryimage\"},\"thumbnailUrl\":\"https:\\\/\\\/exaudi.org\\\/wp-content\\\/uploads\\\/2025\\\/11\\\/cq5dam.thumbnail.cropped.500.281-4.jpeg\",\"keywords\":[\"16 noviembre 2025\",\"a\u00f1o de gracia\",\"Bas\u00edlica de San Pedro\",\"caridad\",\"cultura de la atenci\u00f3n\",\"Dignidad humana\",\"esperanza cristiana\",\"Featured\",\"fraternidad\",\"guerras\",\"homil\u00eda papal\",\"Iglesia madre de los pobres\",\"IX Jornada Mundial de los Pobres\",\"Jubileo de los Pobres\",\"Jubileo Pobres\",\"Justicia Social\",\"Le\u00f3n XIV\",\"Magnificat\",\"Migraci\u00f3n\",\"papa le\u00f3n xiv\",\"Pobreza\",\"Reino de Dios\",\"san Benito Jos\u00e9 Labre\",\"Santa Misa\",\"Soledad\",\"Virgen Mar\u00eda\",\"Voluntarios\"],\"articleSection\":[\"Homilias\"],\"inLanguage\":\"es\"},{\"@type\":\"WebPage\",\"@id\":\"https:\\\/\\\/exaudi.org\\\/es\\\/papa-leon-xiv-te-he-amado-mensaje-de-esperanza-y-justicia\\\/\",\"url\":\"https:\\\/\\\/exaudi.org\\\/es\\\/papa-leon-xiv-te-he-amado-mensaje-de-esperanza-y-justicia\\\/\",\"name\":\"Papa Le\u00f3n XIV: \u201cTe he amado\u201d, mensaje de esperanza y justicia &#8211; Exaudi\",\"isPartOf\":{\"@id\":\"https:\\\/\\\/exaudi.org\\\/#website\"},\"primaryImageOfPage\":{\"@id\":\"https:\\\/\\\/exaudi.org\\\/es\\\/papa-leon-xiv-te-he-amado-mensaje-de-esperanza-y-justicia\\\/#primaryimage\"},\"image\":{\"@id\":\"https:\\\/\\\/exaudi.org\\\/es\\\/papa-leon-xiv-te-he-amado-mensaje-de-esperanza-y-justicia\\\/#primaryimage\"},\"thumbnailUrl\":\"https:\\\/\\\/exaudi.org\\\/wp-content\\\/uploads\\\/2025\\\/11\\\/cq5dam.thumbnail.cropped.500.281-4.jpeg\",\"datePublished\":\"2025-11-16T10:51:56+00:00\",\"dateModified\":\"2025-11-16T11:29:50+00:00\",\"author\":{\"@id\":\"https:\\\/\\\/exaudi.org\\\/#\\\/schema\\\/person\\\/f5fc8f063065e38742da7afe15f25df7\"},\"breadcrumb\":{\"@id\":\"https:\\\/\\\/exaudi.org\\\/es\\\/papa-leon-xiv-te-he-amado-mensaje-de-esperanza-y-justicia\\\/#breadcrumb\"},\"inLanguage\":\"es\",\"potentialAction\":[{\"@type\":\"ReadAction\",\"target\":[\"https:\\\/\\\/exaudi.org\\\/es\\\/papa-leon-xiv-te-he-amado-mensaje-de-esperanza-y-justicia\\\/\"]}]},{\"@type\":\"ImageObject\",\"inLanguage\":\"es\",\"@id\":\"https:\\\/\\\/exaudi.org\\\/es\\\/papa-leon-xiv-te-he-amado-mensaje-de-esperanza-y-justicia\\\/#primaryimage\",\"url\":\"https:\\\/\\\/exaudi.org\\\/wp-content\\\/uploads\\\/2025\\\/11\\\/cq5dam.thumbnail.cropped.500.281-4.jpeg\",\"contentUrl\":\"https:\\\/\\\/exaudi.org\\\/wp-content\\\/uploads\\\/2025\\\/11\\\/cq5dam.thumbnail.cropped.500.281-4.jpeg\",\"width\":500,\"height\":281},{\"@type\":\"BreadcrumbList\",\"@id\":\"https:\\\/\\\/exaudi.org\\\/es\\\/papa-leon-xiv-te-he-amado-mensaje-de-esperanza-y-justicia\\\/#breadcrumb\",\"itemListElement\":[{\"@type\":\"ListItem\",\"position\":1,\"name\":\"Portada\",\"item\":\"https:\\\/\\\/exaudi.org\\\/es\\\/\"},{\"@type\":\"ListItem\",\"position\":2,\"name\":\"Papa Le\u00f3n XIV: \u201cTe he amado\u201d, mensaje de esperanza y justicia\"}]},{\"@type\":\"WebSite\",\"@id\":\"https:\\\/\\\/exaudi.org\\\/#website\",\"url\":\"https:\\\/\\\/exaudi.org\\\/\",\"name\":\"Exaudi\",\"description\":\"News\",\"potentialAction\":[{\"@type\":\"SearchAction\",\"target\":{\"@type\":\"EntryPoint\",\"urlTemplate\":\"https:\\\/\\\/exaudi.org\\\/?s={search_term_string}\"},\"query-input\":{\"@type\":\"PropertyValueSpecification\",\"valueRequired\":true,\"valueName\":\"search_term_string\"}}],\"inLanguage\":\"es\"},{\"@type\":\"Person\",\"@id\":\"https:\\\/\\\/exaudi.org\\\/#\\\/schema\\\/person\\\/f5fc8f063065e38742da7afe15f25df7\",\"name\":\"Exaudi Redacci\u00f3n\",\"image\":{\"@type\":\"ImageObject\",\"inLanguage\":\"es\",\"@id\":\"https:\\\/\\\/secure.gravatar.com\\\/avatar\\\/fe0f6a059fb68d9b3e11bc5850dd4899b1c7492091a3cb6dd9b01b56ad828be2?s=96&d=mm&r=g\",\"url\":\"https:\\\/\\\/secure.gravatar.com\\\/avatar\\\/fe0f6a059fb68d9b3e11bc5850dd4899b1c7492091a3cb6dd9b01b56ad828be2?s=96&d=mm&r=g\",\"contentUrl\":\"https:\\\/\\\/secure.gravatar.com\\\/avatar\\\/fe0f6a059fb68d9b3e11bc5850dd4899b1c7492091a3cb6dd9b01b56ad828be2?s=96&d=mm&r=g\",\"caption\":\"Exaudi Redacci\u00f3n\"},\"description\":\"\u00bfQu\u00e9 es Exaudi News? Exaudi News es un medio de comunicaci\u00f3n cat\u00f3lico internacional que informa, forma y transforma, diariamente en espa\u00f1ol, ingl\u00e9s e italiano. A trav\u00e9s de noticias, art\u00edculos de an\u00e1lisis y transmisiones en directo de los eventos del Papa, Exaudi busca fortalecer la unidad de los cristianos y contribuir a la evangelizaci\u00f3n del mundo, siempre guiados por la doctrina social de la Iglesia. Trabajamos para acercar la verdad y los valores cristianos a cada rinc\u00f3n del planeta. \u00a1Ay\u00fadanos a transformar el mundo con Exaudi! En Exaudi creemos que la evangelizaci\u00f3n y la informaci\u00f3n de calidad pueden cambiar vidas. Para continuar con nuestra misi\u00f3n y expandir nuestro alcance, necesitamos tu ayuda. Adem\u00e1s, buscamos personas comprometidas que deseen unirse a nuestro equipo. Con tu apoyo, lograremos llegar a m\u00e1s personas, difundir el mensaje de Cristo y reforzar la unidad de los cristianos. \u00bfTe unes a nuestra misi\u00f3n? Para m\u00e1s informaci\u00f3n sobre c\u00f3mo colaborar, visita Exaudi.org\\\/es o cont\u00e1ctanos directamente: info@exaudi.org Exaudi: Informa, forma y transforma.\",\"sameAs\":[\"https:\\\/\\\/www.facebook.com\\\/ExaudiNoticias\\\/\",\"https:\\\/\\\/www.instagram.com\\\/exaudi_noticias\\\/\",\"https:\\\/\\\/x.com\\\/Exaudi_noticias\",\"https:\\\/\\\/www.youtube.com\\\/@exaudicatholicnews\"],\"url\":\"https:\\\/\\\/exaudi.org\\\/es\\\/author\\\/redaccionexaudi\\\/\"}]}<\/script>\n<!-- \/ Yoast SEO plugin. -->","yoast_head_json":{"title":"Papa Le\u00f3n XIV: \u201cTe he amado\u201d, mensaje de esperanza y justicia &#8211; Exaudi","robots":{"index":"index","follow":"follow","max-snippet":"max-snippet:-1","max-image-preview":"max-image-preview:large","max-video-preview":"max-video-preview:-1"},"canonical":"https:\/\/exaudi.org\/es\/papa-leon-xiv-te-he-amado-mensaje-de-esperanza-y-justicia\/","og_locale":"es_ES","og_type":"article","og_title":"Papa Le\u00f3n XIV: \u201cTe he amado\u201d, mensaje de esperanza y justicia &#8211; Exaudi","og_description":"Santa Misa en el Jubileo de los Pobres","og_url":"https:\/\/exaudi.org\/es\/papa-leon-xiv-te-he-amado-mensaje-de-esperanza-y-justicia\/","og_site_name":"Exaudi","article_publisher":"https:\/\/www.facebook.com\/ExaudiNews","article_author":"https:\/\/www.facebook.com\/ExaudiNoticias\/","article_published_time":"2025-11-16T10:51:56+00:00","article_modified_time":"2025-11-16T11:29:50+00:00","og_image":[{"width":500,"height":281,"url":"https:\/\/exaudi.org\/wp-content\/uploads\/2025\/11\/cq5dam.thumbnail.cropped.500.281-4.jpeg","type":"image\/jpeg"}],"author":"Exaudi Redacci\u00f3n","twitter_card":"summary_large_image","twitter_creator":"@Exaudi_noticias","twitter_site":"@Exaudi_News","twitter_misc":{"Escrito por":"Exaudi Redacci\u00f3n","Tiempo de lectura":"9 minutos"},"schema":{"@context":"https:\/\/schema.org","@graph":[{"@type":"Article","@id":"https:\/\/exaudi.org\/es\/papa-leon-xiv-te-he-amado-mensaje-de-esperanza-y-justicia\/#article","isPartOf":{"@id":"https:\/\/exaudi.org\/es\/papa-leon-xiv-te-he-amado-mensaje-de-esperanza-y-justicia\/"},"author":{"name":"Exaudi Redacci\u00f3n","@id":"https:\/\/exaudi.org\/#\/schema\/person\/f5fc8f063065e38742da7afe15f25df7"},"headline":"Papa Le\u00f3n XIV: \u201cTe he amado\u201d, mensaje de esperanza y justicia","datePublished":"2025-11-16T10:51:56+00:00","dateModified":"2025-11-16T11:29:50+00:00","mainEntityOfPage":{"@id":"https:\/\/exaudi.org\/es\/papa-leon-xiv-te-he-amado-mensaje-de-esperanza-y-justicia\/"},"wordCount":1810,"image":{"@id":"https:\/\/exaudi.org\/es\/papa-leon-xiv-te-he-amado-mensaje-de-esperanza-y-justicia\/#primaryimage"},"thumbnailUrl":"https:\/\/exaudi.org\/wp-content\/uploads\/2025\/11\/cq5dam.thumbnail.cropped.500.281-4.jpeg","keywords":["16 noviembre 2025","a\u00f1o de gracia","Bas\u00edlica de San Pedro","caridad","cultura de la atenci\u00f3n","Dignidad humana","esperanza cristiana","Featured","fraternidad","guerras","homil\u00eda papal","Iglesia madre de los pobres","IX Jornada Mundial de los Pobres","Jubileo de los Pobres","Jubileo Pobres","Justicia Social","Le\u00f3n XIV","Magnificat","Migraci\u00f3n","papa le\u00f3n xiv","Pobreza","Reino de Dios","san Benito Jos\u00e9 Labre","Santa Misa","Soledad","Virgen Mar\u00eda","Voluntarios"],"articleSection":["Homilias"],"inLanguage":"es"},{"@type":"WebPage","@id":"https:\/\/exaudi.org\/es\/papa-leon-xiv-te-he-amado-mensaje-de-esperanza-y-justicia\/","url":"https:\/\/exaudi.org\/es\/papa-leon-xiv-te-he-amado-mensaje-de-esperanza-y-justicia\/","name":"Papa Le\u00f3n XIV: \u201cTe he amado\u201d, mensaje de esperanza y justicia &#8211; Exaudi","isPartOf":{"@id":"https:\/\/exaudi.org\/#website"},"primaryImageOfPage":{"@id":"https:\/\/exaudi.org\/es\/papa-leon-xiv-te-he-amado-mensaje-de-esperanza-y-justicia\/#primaryimage"},"image":{"@id":"https:\/\/exaudi.org\/es\/papa-leon-xiv-te-he-amado-mensaje-de-esperanza-y-justicia\/#primaryimage"},"thumbnailUrl":"https:\/\/exaudi.org\/wp-content\/uploads\/2025\/11\/cq5dam.thumbnail.cropped.500.281-4.jpeg","datePublished":"2025-11-16T10:51:56+00:00","dateModified":"2025-11-16T11:29:50+00:00","author":{"@id":"https:\/\/exaudi.org\/#\/schema\/person\/f5fc8f063065e38742da7afe15f25df7"},"breadcrumb":{"@id":"https:\/\/exaudi.org\/es\/papa-leon-xiv-te-he-amado-mensaje-de-esperanza-y-justicia\/#breadcrumb"},"inLanguage":"es","potentialAction":[{"@type":"ReadAction","target":["https:\/\/exaudi.org\/es\/papa-leon-xiv-te-he-amado-mensaje-de-esperanza-y-justicia\/"]}]},{"@type":"ImageObject","inLanguage":"es","@id":"https:\/\/exaudi.org\/es\/papa-leon-xiv-te-he-amado-mensaje-de-esperanza-y-justicia\/#primaryimage","url":"https:\/\/exaudi.org\/wp-content\/uploads\/2025\/11\/cq5dam.thumbnail.cropped.500.281-4.jpeg","contentUrl":"https:\/\/exaudi.org\/wp-content\/uploads\/2025\/11\/cq5dam.thumbnail.cropped.500.281-4.jpeg","width":500,"height":281},{"@type":"BreadcrumbList","@id":"https:\/\/exaudi.org\/es\/papa-leon-xiv-te-he-amado-mensaje-de-esperanza-y-justicia\/#breadcrumb","itemListElement":[{"@type":"ListItem","position":1,"name":"Portada","item":"https:\/\/exaudi.org\/es\/"},{"@type":"ListItem","position":2,"name":"Papa Le\u00f3n XIV: \u201cTe he amado\u201d, mensaje de esperanza y justicia"}]},{"@type":"WebSite","@id":"https:\/\/exaudi.org\/#website","url":"https:\/\/exaudi.org\/","name":"Exaudi","description":"News","potentialAction":[{"@type":"SearchAction","target":{"@type":"EntryPoint","urlTemplate":"https:\/\/exaudi.org\/?s={search_term_string}"},"query-input":{"@type":"PropertyValueSpecification","valueRequired":true,"valueName":"search_term_string"}}],"inLanguage":"es"},{"@type":"Person","@id":"https:\/\/exaudi.org\/#\/schema\/person\/f5fc8f063065e38742da7afe15f25df7","name":"Exaudi Redacci\u00f3n","image":{"@type":"ImageObject","inLanguage":"es","@id":"https:\/\/secure.gravatar.com\/avatar\/fe0f6a059fb68d9b3e11bc5850dd4899b1c7492091a3cb6dd9b01b56ad828be2?s=96&d=mm&r=g","url":"https:\/\/secure.gravatar.com\/avatar\/fe0f6a059fb68d9b3e11bc5850dd4899b1c7492091a3cb6dd9b01b56ad828be2?s=96&d=mm&r=g","contentUrl":"https:\/\/secure.gravatar.com\/avatar\/fe0f6a059fb68d9b3e11bc5850dd4899b1c7492091a3cb6dd9b01b56ad828be2?s=96&d=mm&r=g","caption":"Exaudi Redacci\u00f3n"},"description":"\u00bfQu\u00e9 es Exaudi News? Exaudi News es un medio de comunicaci\u00f3n cat\u00f3lico internacional que informa, forma y transforma, diariamente en espa\u00f1ol, ingl\u00e9s e italiano. A trav\u00e9s de noticias, art\u00edculos de an\u00e1lisis y transmisiones en directo de los eventos del Papa, Exaudi busca fortalecer la unidad de los cristianos y contribuir a la evangelizaci\u00f3n del mundo, siempre guiados por la doctrina social de la Iglesia. Trabajamos para acercar la verdad y los valores cristianos a cada rinc\u00f3n del planeta. \u00a1Ay\u00fadanos a transformar el mundo con Exaudi! En Exaudi creemos que la evangelizaci\u00f3n y la informaci\u00f3n de calidad pueden cambiar vidas. Para continuar con nuestra misi\u00f3n y expandir nuestro alcance, necesitamos tu ayuda. Adem\u00e1s, buscamos personas comprometidas que deseen unirse a nuestro equipo. Con tu apoyo, lograremos llegar a m\u00e1s personas, difundir el mensaje de Cristo y reforzar la unidad de los cristianos. \u00bfTe unes a nuestra misi\u00f3n? Para m\u00e1s informaci\u00f3n sobre c\u00f3mo colaborar, visita Exaudi.org\/es o cont\u00e1ctanos directamente: info@exaudi.org Exaudi: Informa, forma y transforma.","sameAs":["https:\/\/www.facebook.com\/ExaudiNoticias\/","https:\/\/www.instagram.com\/exaudi_noticias\/","https:\/\/x.com\/Exaudi_noticias","https:\/\/www.youtube.com\/@exaudicatholicnews"],"url":"https:\/\/exaudi.org\/es\/author\/redaccionexaudi\/"}]}},"jetpack_featured_media_url":"https:\/\/exaudi.org\/wp-content\/uploads\/2025\/11\/cq5dam.thumbnail.cropped.500.281-4.jpeg","jetpack_shortlink":"https:\/\/wp.me\/pgKjF2-C8X","_links":{"self":[{"href":"https:\/\/exaudi.org\/es\/wp-json\/wp\/v2\/posts\/146627","targetHints":{"allow":["GET"]}}],"collection":[{"href":"https:\/\/exaudi.org\/es\/wp-json\/wp\/v2\/posts"}],"about":[{"href":"https:\/\/exaudi.org\/es\/wp-json\/wp\/v2\/types\/post"}],"author":[{"embeddable":true,"href":"https:\/\/exaudi.org\/es\/wp-json\/wp\/v2\/users\/15"}],"replies":[{"embeddable":true,"href":"https:\/\/exaudi.org\/es\/wp-json\/wp\/v2\/comments?post=146627"}],"version-history":[{"count":4,"href":"https:\/\/exaudi.org\/es\/wp-json\/wp\/v2\/posts\/146627\/revisions"}],"predecessor-version":[{"id":146640,"href":"https:\/\/exaudi.org\/es\/wp-json\/wp\/v2\/posts\/146627\/revisions\/146640"}],"wp:featuredmedia":[{"embeddable":true,"href":"https:\/\/exaudi.org\/es\/wp-json\/wp\/v2\/media\/146628"}],"wp:attachment":[{"href":"https:\/\/exaudi.org\/es\/wp-json\/wp\/v2\/media?parent=146627"}],"wp:term":[{"taxonomy":"category","embeddable":true,"href":"https:\/\/exaudi.org\/es\/wp-json\/wp\/v2\/categories?post=146627"},{"taxonomy":"post_tag","embeddable":true,"href":"https:\/\/exaudi.org\/es\/wp-json\/wp\/v2\/tags?post=146627"}],"curies":[{"name":"wp","href":"https:\/\/api.w.org\/{rel}","templated":true}]}}