{"id":146617,"date":"2025-11-16T09:57:42","date_gmt":"2025-11-16T08:57:42","guid":{"rendered":"https:\/\/exaudi.org\/?p=146617"},"modified":"2025-11-16T09:57:42","modified_gmt":"2025-11-16T08:57:42","slug":"reflexion-de-monsenor-enrique-diaz-toda-la-tierra-ha-visto-al-salvador","status":"publish","type":"post","link":"https:\/\/exaudi.org\/es\/reflexion-de-monsenor-enrique-diaz-toda-la-tierra-ha-visto-al-salvador\/","title":{"rendered":"Reflexi\u00f3n de Monse\u00f1or Enrique D\u00edaz: \u201cToda la tierra ha visto al salvador\u201d"},"content":{"rendered":"<audio class=\"wp-audio-shortcode\" id=\"audio-146617-1\" preload=\"none\" style=\"width: 100%;\" controls=\"controls\"><source type=\"audio\/mpeg\" src=\"https:\/\/exaudi.org\/wp-content\/uploads\/2025\/11\/16-noviembre.mp3?_=1\" \/><a href=\"https:\/\/exaudi.org\/wp-content\/uploads\/2025\/11\/16-noviembre.mp3\">https:\/\/exaudi.org\/wp-content\/uploads\/2025\/11\/16-noviembre.mp3<\/a><\/audio>\n<p><span dir=\"auto\">Monse\u00f1or Enrique D\u00edaz D\u00edaz comparte con los lectores de Exaudi su reflexi\u00f3n sobre el\u00a0<\/span><a href=\"https:\/\/www.dominicos.org\/predicacion\/homilia\/16-11-2025\/lecturas\/\" target=\"_blank\" rel=\"noopener\"><span dir=\"auto\">Evangelio de este domingo 16 de noviembre de 2025<\/span><\/a><span dir=\"auto\">\u00a0, titulado:\u00a0<em>\u201c<\/em><\/span><em>Toda la tierra ha visto al salvador<\/em><span dir=\"auto\"><em>\u201d<\/em><\/span><em><span dir=\"auto\">.<\/span><\/em><\/p>\n<p><span dir=\"auto\">***<\/span><\/p>\n<p>Malaqu\u00edas 3, 19-20: <em>\u201cBrillar\u00e1 para ustedes el sol de justicia\u201d<\/em><\/p>\n<p>Salmo 97: <em>\u201cToda la tierra ha visto al salvador\u201d<\/em><\/p>\n<p>Tesalonicenses 3, 71-2: <em>\u201cEl que no quiera trabajar, que no coma\u201d<\/em><\/p>\n<p>San Lucas 21, 5-19: <em>Si perseveran con paciencia, salvar\u00e1n sus vidas\u201d<\/em><\/p>\n<p>Ante la muerte de un grupo de j\u00f3venes cruelmente asesinados, me preguntaban algunos de sus parientes: <em>\u201c\u00bfEst\u00e1n en el cielo nuestros muchachos? \u00bfC\u00f3mo puedo tener certeza de que est\u00e1n con Dios? No puedo creer que se han ido. Los contemplo y me pregunt\u00f3 qu\u00e9 hay m\u00e1s all\u00e1\u201d.<\/em><\/p>\n<p>Pregunta inquietante tambi\u00e9n para toda persona: \u00bfqu\u00e9 hay en el m\u00e1s all\u00e1? Jes\u00fas muchas veces habl\u00f3 de la vida que hay despu\u00e9s de la muerte. Siempre lo hizo con par\u00e1bolas e im\u00e1genes que nos invitan a una participaci\u00f3n plena con el Padre pero que nos dejan muchas lagunas en cuanto a la forma concreta de la vida que tendremos m\u00e1s all\u00e1. Tenemos mucha curiosidad y muchas dudas, sobre todo cuando sufrimos la p\u00e9rdida de un ser querido o hemos estado en inminente peligro de muerte. El pasaje que hoy escuchamos nos da pistas, no para descubrir c\u00f3mo ser\u00e1 el cielo, sino para ense\u00f1arnos la forma en que debemos llevar la vida en vistas al final que se avecina.<\/p>\n<p>Tres actitudes muy precisas nos recomienda hoy Jes\u00fas<strong>. La primera va en relaci\u00f3n a las seguridades que tenemos y a los valores que las sustentan<\/strong>. Nada m\u00e1s importante para un jud\u00edo que el templo pues significaba la presencia de Dios \u00a0que los acompa\u00f1aba, sosten\u00eda y proteg\u00eda en toda su historia. Sin embargo, para muchos de ellos la arquitectura y el poder de la religi\u00f3n hab\u00edan desplazado la fe y hab\u00edan convertido los sacrificios, los rituales y la construcci\u00f3n en signos m\u00e1s poderosos que el mismo Dios de Israel. Por sus rituales dejaban a un lado los mandamientos m\u00e1s importantes pedidos como verdadero culto: la misericordia y la justicia social. Que Cristo les diga que ser\u00e1 destruido, es para ellos una verdadera blasfemia, pero para Jes\u00fas es rectificar y dejar bien claro que si el templo no posibilita una relaci\u00f3n con Dios y con los hermanos, si provoca divisiones sociales y relaciones injustas, no puede ser el sost\u00e9n de la religi\u00f3n. Se deja a Dios por un templo material. Llamada de atenci\u00f3n tambi\u00e9n para nosotros que ponemos muchas veces nuestra confianza no en la presencia de Dios, no en la relaci\u00f3n con los hermanos, sino en las estructuras materiales que subyagan y esclavizan.<\/p>\n<p>Con los desastres ecol\u00f3gicos sufridos en algunos estados, <strong>han llegado tambi\u00e9n interpretaciones alarmistas sobre los \u00faltimos d\u00edas.<\/strong> Profetas que se atribuyen conocimientos del fin del mundo y que tratan de infundir miedo para conseguir sus propios fines. Las palabras de Jes\u00fas hoy nos ponen en alerta. Nadie puede decir \u201cyo soy\u201d, pues est\u00e1 apropi\u00e1ndose el nombre divino. Nadie ser\u00e1 due\u00f1o del tiempo y la eternidad, sino solamente Dios. Es cierto que habr\u00e1 persecuciones y divisiones, que habr\u00e1 desastres, pero nuestra confianza debe estar bien firme en el Se\u00f1or. Ya San Pablo reprend\u00eda a los habitantes de Tesal\u00f3nica que pensando que el reino estaba ya pr\u00f3ximo, dejan de esforzarse y se dedican a la ociosidad. La Venida del Reino, lejos de excusarnos de nuestras obligaciones, nos llena de mayor entusiasmo y de esperanza para trabajar con m\u00e1s dedicaci\u00f3n en su construcci\u00f3n. De ning\u00fan modo el pensar en la eternidad nos puede llevar a descuidarnos en nuestra tareas o a angustiarnos por lo que vaya a pasar. Jes\u00fas\u00a0 nos llama a la verdadera esperanza que construye y dinamiza, que se sostiene en la presencia eficaz de nuestro salvador en medio de todas las dificultades. Cuando reconocemos que la violencia ha alcanzado l\u00edmites insospechados se hace necesario recordar estas palabras. No podemos darnos por vencidos sin poner todo nuestro esfuerzo. Recordemos que Cristo afirma que cuando haya persecuciones y divisiones, \u201cgr\u00e1bense bien\u2026 que yo les dar\u00e9 palabras sabias\u201d.<\/p>\n<p><strong>La tercera invitaci\u00f3n de Jes\u00fas es a permanecer firmes para conseguir la vida eterna<\/strong>. Y es curioso que cuando anuncia los peores desastres que llevan hasta la traici\u00f3n y el \u00a0asesinato, \u00a0insista en la verdadera actitud del cristiano: la esperanza en la vida plena. Esta es la ense\u00f1anza fundamental en este domingo: este mundo pasar\u00e1, junto con sus conquistas, su tecnolog\u00eda y su desarrollo cient\u00edfico, del que tanto presumimos. Todas las cosas, por las que nos afanamos, a veces en exceso, se acabar\u00e1n. Nuestra existencia en esta tierra concluir\u00e1, aunque no sabemos cu\u00e1ndo ni c\u00f3mo. A veces cuando m\u00e1s seguros nos sentimos, es cuando sobreviene la desgracia \u00bfEstamos preparados para el final? Necesitamos reflexionar d\u00f3nde estamos poniendo el coraz\u00f3n y qu\u00e9 importancia le estamos dando a las cosas, a las personas y a Dios. La construcci\u00f3n del Reino de Dios, no es de un momento, nuestra esperanza ser\u00e1 para toda la vida y m\u00e1s all\u00e1. En la primera lectura el profeta Malaqu\u00edas al mismo tiempo que amenazaba a los malvados daba esperanza a los justos: <em>\u201cYa viene el d\u00eda del Se\u00f1or, ardiente como un horno, y todos los soberbios y malvados ser\u00e1n como la paja\u2026 Pero para ustedes, los que temen al Se\u00f1or, brillar\u00e1 el sol de justicia, que les traer\u00e1 la salvaci\u00f3n en sus rayos\u201d<\/em> Las palabras de\u00a0 Jes\u00fas nos proponen en este d\u00eda \u00a0levantar la cabeza, no tener miedo, trabajar con perseverancia y mantener viva la esperanza. Cristo Resucitado nos llena de fortaleza frente a las incertidumbres del momento final.<\/p>\n<p>\u00bfC\u00f3mo miramos nosotros el fin del mundo? \u00bfQu\u00e9 sentimientos suscita en nosotros? \u00bfSomos hombres de esperanza que generamos una sano optimismo?<\/p>\n<p><em>Conc\u00e9denos, Se\u00f1or, tu ayuda para entregarnos fielmente a tu servicio, porque s\u00f3lo en el cumplimiento de tu voluntad podremos encontrar la felicidad verdadera. Am\u00e9n<\/em><\/p>\n<p>&nbsp;<\/p>\n<p>&nbsp;<\/p>\n","protected":false},"excerpt":{"rendered":"<p>XXXIII Domingo Ordinario<\/p>\n","protected":false},"author":25,"featured_media":146620,"comment_status":"closed","ping_status":"closed","sticky":false,"template":"","format":"standard","meta":{"_acf_changed":false,"_crdt_document":"","inline_featured_image":false,"footnotes":""},"categories":[96,74],"tags":[5654,1372,414,58880],"class_list":["post-146617","post","type-post","status-publish","format-standard","has-post-thumbnail","hentry","category-espiritualidad","category-iglesia-y-mundo","tag-enrique-diaz","tag-evangelio","tag-reflexion","tag-trending-es-151"],"acf":[],"yoast_head":"<!-- This site is optimized with the Yoast SEO plugin v27.4 - https:\/\/yoast.com\/product\/yoast-seo-wordpress\/ -->\n<title>Reflexi\u00f3n de Monse\u00f1or Enrique D\u00edaz: \u201cToda la tierra ha visto al salvador\u201d &#8211; Exaudi<\/title>\n<meta name=\"robots\" content=\"index, follow, max-snippet:-1, max-image-preview:large, max-video-preview:-1\" \/>\n<link rel=\"canonical\" href=\"https:\/\/exaudi.org\/es\/reflexion-de-monsenor-enrique-diaz-toda-la-tierra-ha-visto-al-salvador\/\" \/>\n<meta property=\"og:locale\" content=\"es_ES\" \/>\n<meta property=\"og:type\" content=\"article\" \/>\n<meta property=\"og:title\" content=\"Reflexi\u00f3n de Monse\u00f1or Enrique D\u00edaz: \u201cToda la tierra ha visto al salvador\u201d &#8211; Exaudi\" \/>\n<meta property=\"og:description\" content=\"XXXIII Domingo Ordinario\" \/>\n<meta property=\"og:url\" content=\"https:\/\/exaudi.org\/es\/reflexion-de-monsenor-enrique-diaz-toda-la-tierra-ha-visto-al-salvador\/\" \/>\n<meta property=\"og:site_name\" content=\"Exaudi\" \/>\n<meta property=\"article:publisher\" content=\"https:\/\/www.facebook.com\/ExaudiNews\" \/>\n<meta property=\"article:published_time\" content=\"2025-11-16T08:57:42+00:00\" \/>\n<meta name=\"author\" content=\"Enrique D\u00edaz\" \/>\n<meta name=\"twitter:card\" content=\"summary_large_image\" \/>\n<meta name=\"twitter:creator\" content=\"@Exaudi_News\" \/>\n<meta name=\"twitter:site\" content=\"@Exaudi_News\" \/>\n<meta name=\"twitter:label1\" content=\"Escrito por\" \/>\n\t<meta name=\"twitter:data1\" content=\"Enrique D\u00edaz\" \/>\n\t<meta name=\"twitter:label2\" content=\"Tiempo de lectura\" \/>\n\t<meta name=\"twitter:data2\" content=\"5 minutos\" \/>\n<script type=\"application\/ld+json\" class=\"yoast-schema-graph\">{\"@context\":\"https:\\\/\\\/schema.org\",\"@graph\":[{\"@type\":\"Article\",\"@id\":\"https:\\\/\\\/exaudi.org\\\/es\\\/reflexion-de-monsenor-enrique-diaz-toda-la-tierra-ha-visto-al-salvador\\\/#article\",\"isPartOf\":{\"@id\":\"https:\\\/\\\/exaudi.org\\\/es\\\/reflexion-de-monsenor-enrique-diaz-toda-la-tierra-ha-visto-al-salvador\\\/\"},\"author\":{\"name\":\"Enrique D\u00edaz\",\"@id\":\"https:\\\/\\\/exaudi.org\\\/#\\\/schema\\\/person\\\/c02ffbd10830fa375f6882f7dcf1844d\"},\"headline\":\"Reflexi\u00f3n de Monse\u00f1or Enrique D\u00edaz: \u201cToda la tierra ha visto al salvador\u201d\",\"datePublished\":\"2025-11-16T08:57:42+00:00\",\"mainEntityOfPage\":{\"@id\":\"https:\\\/\\\/exaudi.org\\\/es\\\/reflexion-de-monsenor-enrique-diaz-toda-la-tierra-ha-visto-al-salvador\\\/\"},\"wordCount\":1078,\"image\":{\"@id\":\"https:\\\/\\\/exaudi.org\\\/es\\\/reflexion-de-monsenor-enrique-diaz-toda-la-tierra-ha-visto-al-salvador\\\/#primaryimage\"},\"thumbnailUrl\":\"https:\\\/\\\/exaudi.org\\\/wp-content\\\/uploads\\\/2025\\\/11\\\/ai-generated-8542287_1280.jpg\",\"keywords\":[\"Enrique D\u00edaz\",\"Evangelio\",\"Reflexi\u00f3n\",\"Trending\"],\"articleSection\":[\"Espiritualidad\",\"Iglesia y Mundo\"],\"inLanguage\":\"es\"},{\"@type\":\"WebPage\",\"@id\":\"https:\\\/\\\/exaudi.org\\\/es\\\/reflexion-de-monsenor-enrique-diaz-toda-la-tierra-ha-visto-al-salvador\\\/\",\"url\":\"https:\\\/\\\/exaudi.org\\\/es\\\/reflexion-de-monsenor-enrique-diaz-toda-la-tierra-ha-visto-al-salvador\\\/\",\"name\":\"Reflexi\u00f3n de Monse\u00f1or Enrique D\u00edaz: \u201cToda la tierra ha visto al salvador\u201d &#8211; Exaudi\",\"isPartOf\":{\"@id\":\"https:\\\/\\\/exaudi.org\\\/#website\"},\"primaryImageOfPage\":{\"@id\":\"https:\\\/\\\/exaudi.org\\\/es\\\/reflexion-de-monsenor-enrique-diaz-toda-la-tierra-ha-visto-al-salvador\\\/#primaryimage\"},\"image\":{\"@id\":\"https:\\\/\\\/exaudi.org\\\/es\\\/reflexion-de-monsenor-enrique-diaz-toda-la-tierra-ha-visto-al-salvador\\\/#primaryimage\"},\"thumbnailUrl\":\"https:\\\/\\\/exaudi.org\\\/wp-content\\\/uploads\\\/2025\\\/11\\\/ai-generated-8542287_1280.jpg\",\"datePublished\":\"2025-11-16T08:57:42+00:00\",\"author\":{\"@id\":\"https:\\\/\\\/exaudi.org\\\/#\\\/schema\\\/person\\\/c02ffbd10830fa375f6882f7dcf1844d\"},\"breadcrumb\":{\"@id\":\"https:\\\/\\\/exaudi.org\\\/es\\\/reflexion-de-monsenor-enrique-diaz-toda-la-tierra-ha-visto-al-salvador\\\/#breadcrumb\"},\"inLanguage\":\"es\",\"potentialAction\":[{\"@type\":\"ReadAction\",\"target\":[\"https:\\\/\\\/exaudi.org\\\/es\\\/reflexion-de-monsenor-enrique-diaz-toda-la-tierra-ha-visto-al-salvador\\\/\"]}]},{\"@type\":\"ImageObject\",\"inLanguage\":\"es\",\"@id\":\"https:\\\/\\\/exaudi.org\\\/es\\\/reflexion-de-monsenor-enrique-diaz-toda-la-tierra-ha-visto-al-salvador\\\/#primaryimage\",\"url\":\"https:\\\/\\\/exaudi.org\\\/wp-content\\\/uploads\\\/2025\\\/11\\\/ai-generated-8542287_1280.jpg\",\"contentUrl\":\"https:\\\/\\\/exaudi.org\\\/wp-content\\\/uploads\\\/2025\\\/11\\\/ai-generated-8542287_1280.jpg\",\"width\":996,\"height\":1280},{\"@type\":\"BreadcrumbList\",\"@id\":\"https:\\\/\\\/exaudi.org\\\/es\\\/reflexion-de-monsenor-enrique-diaz-toda-la-tierra-ha-visto-al-salvador\\\/#breadcrumb\",\"itemListElement\":[{\"@type\":\"ListItem\",\"position\":1,\"name\":\"Portada\",\"item\":\"https:\\\/\\\/exaudi.org\\\/es\\\/\"},{\"@type\":\"ListItem\",\"position\":2,\"name\":\"Reflexi\u00f3n de Monse\u00f1or Enrique D\u00edaz: \u201cToda la tierra ha visto al salvador\u201d\"}]},{\"@type\":\"WebSite\",\"@id\":\"https:\\\/\\\/exaudi.org\\\/#website\",\"url\":\"https:\\\/\\\/exaudi.org\\\/\",\"name\":\"Exaudi\",\"description\":\"News\",\"potentialAction\":[{\"@type\":\"SearchAction\",\"target\":{\"@type\":\"EntryPoint\",\"urlTemplate\":\"https:\\\/\\\/exaudi.org\\\/?s={search_term_string}\"},\"query-input\":{\"@type\":\"PropertyValueSpecification\",\"valueRequired\":true,\"valueName\":\"search_term_string\"}}],\"inLanguage\":\"es\"},{\"@type\":\"Person\",\"@id\":\"https:\\\/\\\/exaudi.org\\\/#\\\/schema\\\/person\\\/c02ffbd10830fa375f6882f7dcf1844d\",\"name\":\"Enrique D\u00edaz\",\"image\":{\"@type\":\"ImageObject\",\"inLanguage\":\"es\",\"@id\":\"https:\\\/\\\/secure.gravatar.com\\\/avatar\\\/7ca10be5325a95d04b74082d68ba605aa69611eb0f68f47096cb1bc349873284?s=96&d=mm&r=g\",\"url\":\"https:\\\/\\\/secure.gravatar.com\\\/avatar\\\/7ca10be5325a95d04b74082d68ba605aa69611eb0f68f47096cb1bc349873284?s=96&d=mm&r=g\",\"contentUrl\":\"https:\\\/\\\/secure.gravatar.com\\\/avatar\\\/7ca10be5325a95d04b74082d68ba605aa69611eb0f68f47096cb1bc349873284?s=96&d=mm&r=g\",\"caption\":\"Enrique D\u00edaz\"},\"description\":\"Naci\u00f3 en Huandacareo, Michoac\u00e1n, M\u00e9xico, en 1952. Realiz\u00f3 sus estudios de Filosof\u00eda y Teolog\u00eda en el Seminario de Morelia. Ordenado di\u00e1cono el 22 de mayo de 1977, y presb\u00edtero el 23 de octubre del mismo a\u00f1o. Obtuvo la Licenciatura en Sagrada Escritura en el Pontificio Instituto B\u00edblico en Roma. Ha desarrollado m\u00faltiples encargos pastorales como el de capell\u00e1n de la rector\u00eda de las Tres Aves Mar\u00edas; responsable de la Pastoral B\u00edblica Diocesana y director de la Escuela B\u00edblica en Morelia; maestro de Biblia en el Seminario Conciliar de Morelia, p\u00e1rroco de la Parroquia de Nuestra Se\u00f1ora de Guadalupe, Col. Guadalupe, Morelia; o vicario episcopal para la Zona de Nuestra Se\u00f1ora de la Luz, P\u00e1tzcuaro. Ordenado obispo auxiliar de san Crist\u00f3bal de las Casas en 2003. En la Conferencia Episcopal form\u00f3 parte de las Comisiones de Biblia, Diaconado y Ministerios Laicales. Fue responsable de las Dimensiones de Ministerios Laicales, de Educaci\u00f3n y Cultura. Ha participado en encuentros latinoamericanos y mundiales sobre el Diaconado Permanente. Actualmente es el responsable de la Dimensi\u00f3n de Pastoral de la Cultura. Particip\u00f3 como Miembro del S\u00ednodo de Obispos sobre la Palabra de Dios en la Vida y Misi\u00f3n de la Iglesia en Roma, en 2008. Recibi\u00f3 el nombramiento de obispo coadjutor de San Crist\u00f3bal de las Casas en 2014. Nombrado II obispo de Irapuato el d\u00eda 11 de marzo, tom\u00f3 posesi\u00f3n el 19 de Mayo. Colabora en varias revistas y publicaciones sobre todo con la reflexi\u00f3n diaria y dominical tanto en audio como escrita.\",\"url\":\"https:\\\/\\\/exaudi.org\\\/es\\\/author\\\/enriquediaz\\\/\"}]}<\/script>\n<!-- \/ Yoast SEO plugin. -->","yoast_head_json":{"title":"Reflexi\u00f3n de Monse\u00f1or Enrique D\u00edaz: \u201cToda la tierra ha visto al salvador\u201d &#8211; Exaudi","robots":{"index":"index","follow":"follow","max-snippet":"max-snippet:-1","max-image-preview":"max-image-preview:large","max-video-preview":"max-video-preview:-1"},"canonical":"https:\/\/exaudi.org\/es\/reflexion-de-monsenor-enrique-diaz-toda-la-tierra-ha-visto-al-salvador\/","og_locale":"es_ES","og_type":"article","og_title":"Reflexi\u00f3n de Monse\u00f1or Enrique D\u00edaz: \u201cToda la tierra ha visto al salvador\u201d &#8211; Exaudi","og_description":"XXXIII Domingo Ordinario","og_url":"https:\/\/exaudi.org\/es\/reflexion-de-monsenor-enrique-diaz-toda-la-tierra-ha-visto-al-salvador\/","og_site_name":"Exaudi","article_publisher":"https:\/\/www.facebook.com\/ExaudiNews","article_published_time":"2025-11-16T08:57:42+00:00","author":"Enrique D\u00edaz","twitter_card":"summary_large_image","twitter_creator":"@Exaudi_News","twitter_site":"@Exaudi_News","twitter_misc":{"Escrito por":"Enrique D\u00edaz","Tiempo de lectura":"5 minutos"},"schema":{"@context":"https:\/\/schema.org","@graph":[{"@type":"Article","@id":"https:\/\/exaudi.org\/es\/reflexion-de-monsenor-enrique-diaz-toda-la-tierra-ha-visto-al-salvador\/#article","isPartOf":{"@id":"https:\/\/exaudi.org\/es\/reflexion-de-monsenor-enrique-diaz-toda-la-tierra-ha-visto-al-salvador\/"},"author":{"name":"Enrique D\u00edaz","@id":"https:\/\/exaudi.org\/#\/schema\/person\/c02ffbd10830fa375f6882f7dcf1844d"},"headline":"Reflexi\u00f3n de Monse\u00f1or Enrique D\u00edaz: \u201cToda la tierra ha visto al salvador\u201d","datePublished":"2025-11-16T08:57:42+00:00","mainEntityOfPage":{"@id":"https:\/\/exaudi.org\/es\/reflexion-de-monsenor-enrique-diaz-toda-la-tierra-ha-visto-al-salvador\/"},"wordCount":1078,"image":{"@id":"https:\/\/exaudi.org\/es\/reflexion-de-monsenor-enrique-diaz-toda-la-tierra-ha-visto-al-salvador\/#primaryimage"},"thumbnailUrl":"https:\/\/exaudi.org\/wp-content\/uploads\/2025\/11\/ai-generated-8542287_1280.jpg","keywords":["Enrique D\u00edaz","Evangelio","Reflexi\u00f3n","Trending"],"articleSection":["Espiritualidad","Iglesia y Mundo"],"inLanguage":"es"},{"@type":"WebPage","@id":"https:\/\/exaudi.org\/es\/reflexion-de-monsenor-enrique-diaz-toda-la-tierra-ha-visto-al-salvador\/","url":"https:\/\/exaudi.org\/es\/reflexion-de-monsenor-enrique-diaz-toda-la-tierra-ha-visto-al-salvador\/","name":"Reflexi\u00f3n de Monse\u00f1or Enrique D\u00edaz: \u201cToda la tierra ha visto al salvador\u201d &#8211; Exaudi","isPartOf":{"@id":"https:\/\/exaudi.org\/#website"},"primaryImageOfPage":{"@id":"https:\/\/exaudi.org\/es\/reflexion-de-monsenor-enrique-diaz-toda-la-tierra-ha-visto-al-salvador\/#primaryimage"},"image":{"@id":"https:\/\/exaudi.org\/es\/reflexion-de-monsenor-enrique-diaz-toda-la-tierra-ha-visto-al-salvador\/#primaryimage"},"thumbnailUrl":"https:\/\/exaudi.org\/wp-content\/uploads\/2025\/11\/ai-generated-8542287_1280.jpg","datePublished":"2025-11-16T08:57:42+00:00","author":{"@id":"https:\/\/exaudi.org\/#\/schema\/person\/c02ffbd10830fa375f6882f7dcf1844d"},"breadcrumb":{"@id":"https:\/\/exaudi.org\/es\/reflexion-de-monsenor-enrique-diaz-toda-la-tierra-ha-visto-al-salvador\/#breadcrumb"},"inLanguage":"es","potentialAction":[{"@type":"ReadAction","target":["https:\/\/exaudi.org\/es\/reflexion-de-monsenor-enrique-diaz-toda-la-tierra-ha-visto-al-salvador\/"]}]},{"@type":"ImageObject","inLanguage":"es","@id":"https:\/\/exaudi.org\/es\/reflexion-de-monsenor-enrique-diaz-toda-la-tierra-ha-visto-al-salvador\/#primaryimage","url":"https:\/\/exaudi.org\/wp-content\/uploads\/2025\/11\/ai-generated-8542287_1280.jpg","contentUrl":"https:\/\/exaudi.org\/wp-content\/uploads\/2025\/11\/ai-generated-8542287_1280.jpg","width":996,"height":1280},{"@type":"BreadcrumbList","@id":"https:\/\/exaudi.org\/es\/reflexion-de-monsenor-enrique-diaz-toda-la-tierra-ha-visto-al-salvador\/#breadcrumb","itemListElement":[{"@type":"ListItem","position":1,"name":"Portada","item":"https:\/\/exaudi.org\/es\/"},{"@type":"ListItem","position":2,"name":"Reflexi\u00f3n de Monse\u00f1or Enrique D\u00edaz: \u201cToda la tierra ha visto al salvador\u201d"}]},{"@type":"WebSite","@id":"https:\/\/exaudi.org\/#website","url":"https:\/\/exaudi.org\/","name":"Exaudi","description":"News","potentialAction":[{"@type":"SearchAction","target":{"@type":"EntryPoint","urlTemplate":"https:\/\/exaudi.org\/?s={search_term_string}"},"query-input":{"@type":"PropertyValueSpecification","valueRequired":true,"valueName":"search_term_string"}}],"inLanguage":"es"},{"@type":"Person","@id":"https:\/\/exaudi.org\/#\/schema\/person\/c02ffbd10830fa375f6882f7dcf1844d","name":"Enrique D\u00edaz","image":{"@type":"ImageObject","inLanguage":"es","@id":"https:\/\/secure.gravatar.com\/avatar\/7ca10be5325a95d04b74082d68ba605aa69611eb0f68f47096cb1bc349873284?s=96&d=mm&r=g","url":"https:\/\/secure.gravatar.com\/avatar\/7ca10be5325a95d04b74082d68ba605aa69611eb0f68f47096cb1bc349873284?s=96&d=mm&r=g","contentUrl":"https:\/\/secure.gravatar.com\/avatar\/7ca10be5325a95d04b74082d68ba605aa69611eb0f68f47096cb1bc349873284?s=96&d=mm&r=g","caption":"Enrique D\u00edaz"},"description":"Naci\u00f3 en Huandacareo, Michoac\u00e1n, M\u00e9xico, en 1952. Realiz\u00f3 sus estudios de Filosof\u00eda y Teolog\u00eda en el Seminario de Morelia. Ordenado di\u00e1cono el 22 de mayo de 1977, y presb\u00edtero el 23 de octubre del mismo a\u00f1o. Obtuvo la Licenciatura en Sagrada Escritura en el Pontificio Instituto B\u00edblico en Roma. Ha desarrollado m\u00faltiples encargos pastorales como el de capell\u00e1n de la rector\u00eda de las Tres Aves Mar\u00edas; responsable de la Pastoral B\u00edblica Diocesana y director de la Escuela B\u00edblica en Morelia; maestro de Biblia en el Seminario Conciliar de Morelia, p\u00e1rroco de la Parroquia de Nuestra Se\u00f1ora de Guadalupe, Col. Guadalupe, Morelia; o vicario episcopal para la Zona de Nuestra Se\u00f1ora de la Luz, P\u00e1tzcuaro. Ordenado obispo auxiliar de san Crist\u00f3bal de las Casas en 2003. En la Conferencia Episcopal form\u00f3 parte de las Comisiones de Biblia, Diaconado y Ministerios Laicales. Fue responsable de las Dimensiones de Ministerios Laicales, de Educaci\u00f3n y Cultura. Ha participado en encuentros latinoamericanos y mundiales sobre el Diaconado Permanente. Actualmente es el responsable de la Dimensi\u00f3n de Pastoral de la Cultura. Particip\u00f3 como Miembro del S\u00ednodo de Obispos sobre la Palabra de Dios en la Vida y Misi\u00f3n de la Iglesia en Roma, en 2008. Recibi\u00f3 el nombramiento de obispo coadjutor de San Crist\u00f3bal de las Casas en 2014. Nombrado II obispo de Irapuato el d\u00eda 11 de marzo, tom\u00f3 posesi\u00f3n el 19 de Mayo. Colabora en varias revistas y publicaciones sobre todo con la reflexi\u00f3n diaria y dominical tanto en audio como escrita.","url":"https:\/\/exaudi.org\/es\/author\/enriquediaz\/"}]}},"jetpack_featured_media_url":"https:\/\/exaudi.org\/wp-content\/uploads\/2025\/11\/ai-generated-8542287_1280.jpg","jetpack_shortlink":"https:\/\/wp.me\/pgKjF2-C8N","_links":{"self":[{"href":"https:\/\/exaudi.org\/es\/wp-json\/wp\/v2\/posts\/146617","targetHints":{"allow":["GET"]}}],"collection":[{"href":"https:\/\/exaudi.org\/es\/wp-json\/wp\/v2\/posts"}],"about":[{"href":"https:\/\/exaudi.org\/es\/wp-json\/wp\/v2\/types\/post"}],"author":[{"embeddable":true,"href":"https:\/\/exaudi.org\/es\/wp-json\/wp\/v2\/users\/25"}],"replies":[{"embeddable":true,"href":"https:\/\/exaudi.org\/es\/wp-json\/wp\/v2\/comments?post=146617"}],"version-history":[{"count":3,"href":"https:\/\/exaudi.org\/es\/wp-json\/wp\/v2\/posts\/146617\/revisions"}],"predecessor-version":[{"id":146626,"href":"https:\/\/exaudi.org\/es\/wp-json\/wp\/v2\/posts\/146617\/revisions\/146626"}],"wp:featuredmedia":[{"embeddable":true,"href":"https:\/\/exaudi.org\/es\/wp-json\/wp\/v2\/media\/146620"}],"wp:attachment":[{"href":"https:\/\/exaudi.org\/es\/wp-json\/wp\/v2\/media?parent=146617"}],"wp:term":[{"taxonomy":"category","embeddable":true,"href":"https:\/\/exaudi.org\/es\/wp-json\/wp\/v2\/categories?post=146617"},{"taxonomy":"post_tag","embeddable":true,"href":"https:\/\/exaudi.org\/es\/wp-json\/wp\/v2\/tags?post=146617"}],"curies":[{"name":"wp","href":"https:\/\/api.w.org\/{rel}","templated":true}]}}