{"id":146095,"date":"2025-11-14T09:30:46","date_gmt":"2025-11-14T08:30:46","guid":{"rendered":"https:\/\/exaudi.org\/?p=146095"},"modified":"2025-11-15T17:03:47","modified_gmt":"2025-11-15T16:03:47","slug":"claves-para-educar-en-familia","status":"publish","type":"post","link":"https:\/\/exaudi.org\/es\/claves-para-educar-en-familia\/","title":{"rendered":"Claves para educar en familia"},"content":{"rendered":"<section class=\"elementor-section elementor-top-section elementor-element elementor-element-5f452c92 elementor-section-boxed elementor-section-height-default elementor-section-height-default\" data-id=\"5f452c92\" data-element_type=\"section\">\n<div class=\"elementor-container elementor-column-gap-default\">\n<div class=\"elementor-column elementor-col-100 elementor-top-column elementor-element elementor-element-57bc0b7d\" data-id=\"57bc0b7d\" data-element_type=\"column\">\n<div class=\"elementor-widget-wrap elementor-element-populated\">\n<div class=\"elementor-element elementor-element-7eea304c elementor-widget elementor-widget-text-editor\" data-id=\"7eea304c\" data-element_type=\"widget\" data-widget_type=\"text-editor.default\">\n<div class=\"elementor-widget-container\">\n<p><em>Claves para educar en familia\u00a0<\/em>se dirige:<\/p>\n<ul>\n<li>A quienes no tuvieron oportunidad o tiempo o ganas de leer los art\u00edculos a los que acabo de aludir, pero est\u00e1n <em><strong>realmente interesados<\/strong><\/em>\u00a0en educar a sus hijos.\n<ul>\n<li>Quiz\u00e1 alguno de los pensamientos aqu\u00ed recogidos les sirva directamente de ayuda o los anime a consultar el art\u00edculo donde se encuentra desarrollado con m\u00e1s amplitud y detalle y con abundantes ejemplos.<\/li>\n<\/ul>\n<\/li>\n<li>A quienes s\u00ed tuvieron la paciencia de leer los <em>Diez principios y una clave para educar en familia\u00a0<\/em>y les gustar\u00eda\u00a0<em>refrescar<\/em>, casi con un solo golpe de vista, lo que m\u00e1s les llam\u00f3 la atenci\u00f3n.<\/li>\n<li>A quienes, por un motivo o por otro, con intenci\u00f3n o sin ella, han <em>aterrizado\u00a0<\/em>en esta p\u00e1gina y les pica la curiosidad de conocer lo que explica.<\/li>\n<\/ul>\n<p><iframe title=\"Spotify Embed: Claves para educar en familia\" style=\"border-radius: 12px\" width=\"100%\" height=\"152\" frameborder=\"0\" allowfullscreen allow=\"autoplay; clipboard-write; encrypted-media; fullscreen; picture-in-picture\" loading=\"lazy\" src=\"https:\/\/open.spotify.com\/embed\/episode\/3XrVRcea4aFJqwfIQDp1Bl?si=ebc2eca2d1634a2a&#038;utm_source=oembed\"><\/iframe><\/p>\n<\/div>\n<\/div>\n<\/div>\n<\/div>\n<\/div>\n<\/section>\n<section class=\"elementor-section elementor-top-section elementor-element elementor-element-ba6f2ab elementor-section-boxed elementor-section-height-default elementor-section-height-default\" data-id=\"ba6f2ab\" data-element_type=\"section\">\n<div class=\"elementor-container elementor-column-gap-default\">\n<div class=\"elementor-column elementor-col-100 elementor-top-column elementor-element elementor-element-a0b3f70\" data-id=\"a0b3f70\" data-element_type=\"column\">\n<div class=\"elementor-widget-wrap elementor-element-populated\">\n<div class=\"elementor-element elementor-element-b84fc7d elementor-widget elementor-widget-text-editor\" data-id=\"b84fc7d\" data-element_type=\"widget\" data-widget_type=\"text-editor.default\">\n<div class=\"elementor-widget-container\">\n<h3><strong>Finalidad<\/strong><\/h3>\n<p>A todos ellos, pretendo:<\/p>\n<ul>\n<li>En segundo t\u00e9rmino, ayudarles a establecer y recordar sin excesivo esfuerzo <a href=\"https:\/\/www.amazon.es\/Diez-principios-clave-educar-correctamente\/dp\/1545137889\/ref=sr_1_1?__mk_es_ES=%C3%85M%C3%85%C5%BD%C3%95%C3%91&amp;dchild=1&amp;keywords=diez+principios+y+una+clave+para+educar+correctamente&amp;qid=1630683601&amp;sr=8-1\" target=\"_blank\" rel=\"noopener\">los\u00a0<em>principios fundamentales\u00a0<\/em><\/a>que, a mi parecer, orientan la apasionante tarea de educar en familia.<\/li>\n<li>Pero, sobre todo, que estos principios les sirvan de incentivo y punto de partida para nuevas reflexiones, realizadas esta vez <a href=\"https:\/\/youtu.be\/YjrRmGM8ccI\" target=\"_blank\" rel=\"noopener\"><em>en primer\u00edsima persona<\/em>,<\/a>\u00a0es decir, en funci\u00f3n de su particular experiencia y poniendo en juego sus propios recursos cognoscitivos y vitales:\u00a0<em>su\u00a0<\/em>vida y la de\u00a0<em>su\u00a0<\/em>propia familia.\n<ul>\n<li>De manera que, por s\u00ed mismos y con car\u00e1cter eminentemente pr\u00e1ctico,<\/li>\n<li>ampl\u00eden las sugerencias esbozadas en los art\u00edculos y las concreten en las diversas situaciones, \u00fanicas e irrepetibles, que la vida les ir\u00e1 presentando.<\/li>\n<\/ul>\n<\/li>\n<\/ul>\n<\/div>\n<\/div>\n<\/div>\n<\/div>\n<\/div>\n<\/section>\n<section class=\"elementor-section elementor-top-section elementor-element elementor-element-75c69ce elementor-section-boxed elementor-section-height-default elementor-section-height-default\" data-id=\"75c69ce\" data-element_type=\"section\">\n<div class=\"elementor-container elementor-column-gap-default\">\n<div class=\"elementor-column elementor-col-100 elementor-top-column elementor-element elementor-element-85b5789\" data-id=\"85b5789\" data-element_type=\"column\">\n<div class=\"elementor-widget-wrap elementor-element-populated\">\n<div class=\"elementor-element elementor-element-fd51b21 elementor-widget elementor-widget-text-editor\" data-id=\"fd51b21\" data-element_type=\"widget\" data-widget_type=\"text-editor.default\">\n<div class=\"elementor-widget-container\">\n<h3><strong>Estructura<\/strong><\/h3>\n<p>En estas\u00a0<em>Claves para educar en familia\u00a0<\/em>me ha parecido oportuno distinguir:<\/p>\n<h3><strong>I. Fundamentos<\/strong><\/h3>\n<ul>\n<li>Los <em>fundamentos irrenunciables\u00a0<\/em>que sustentan e impregnan la entera misi\u00f3n de educar en familia.\n<ul>\n<li>Unos fundamentos sobre los que se cimienta cualquier intervenci\u00f3n educativa y que, por ese mismo motivo, han ido haciendo acto de presencia, aqu\u00ed y all\u00e1, a lo largo de todos los art\u00edculos que preceden a este.<\/li>\n<li>Pero que, sin embargo, <strong><em>no\u00a0<\/em><\/strong>fueron formulados expl\u00edcitamente y me parece necesario subrayar ahora.<\/li>\n<\/ul>\n<\/li>\n<\/ul>\n<h3><strong>II. Principios (o claves)<\/strong><\/h3>\n<ul>\n<li>Y los diez <em>principios b\u00e1sicos<\/em>\u00a0que ya conocemos y que en el t\u00edtulo del presente art\u00edculo denomino\u00a0<em>claves<\/em>.\n<ul>\n<li>Los recojo en el mismo orden en que fueron expuestos en <em>Diez principios y una clave para educar en familia<\/em>.<\/li>\n<li>Y culminan tambi\u00e9n ahora con el imprescindible recurso a Dios \u2014<em>Clave de todas las claves\u2014<\/em>, cuya relevancia nunca podr\u00eda exagerarse a la hora de educar en familia.<\/li>\n<\/ul>\n<\/li>\n<\/ul>\n<h3><strong><img loading=\"lazy\" decoding=\"async\" class=\"size-full wp-image-146097 alignnone\" src=\"https:\/\/exaudi.org\/wp-content\/uploads\/2025\/11\/claves-para-educar-en-familia.png\" alt=\"\" width=\"754\" height=\"502\" srcset=\"https:\/\/exaudi.org\/wp-content\/uploads\/2025\/11\/claves-para-educar-en-familia.png 754w, https:\/\/exaudi.org\/wp-content\/uploads\/2025\/11\/claves-para-educar-en-familia-300x200.png 300w, https:\/\/exaudi.org\/wp-content\/uploads\/2025\/11\/claves-para-educar-en-familia-360x240.png?crop=1 360w, https:\/\/exaudi.org\/wp-content\/uploads\/2025\/11\/claves-para-educar-en-familia-500x333.png 500w\" sizes=\"auto, (max-width: 754px) 100vw, 754px\" \/><\/strong><\/h3>\n<section class=\"elementor-section elementor-top-section elementor-element elementor-element-2b7ee71 elementor-section-boxed elementor-section-height-default elementor-section-height-default\" data-id=\"2b7ee71\" data-element_type=\"section\">\n<div class=\"elementor-container elementor-column-gap-default\">\n<div class=\"elementor-column elementor-col-100 elementor-top-column elementor-element elementor-element-b12e053\" data-id=\"b12e053\" data-element_type=\"column\">\n<div class=\"elementor-widget-wrap elementor-element-populated\">\n<div class=\"elementor-element elementor-element-80a9183 elementor-widget elementor-widget-heading\" data-id=\"80a9183\" data-element_type=\"widget\" data-widget_type=\"heading.default\">\n<h3 class=\"elementor-widget-container\"><strong>Fundamentos para educar en familia<\/strong><\/h3>\n<\/div>\n<\/div>\n<\/div>\n<\/div>\n<\/section>\n<section class=\"elementor-section elementor-top-section elementor-element elementor-element-3478fa0 elementor-section-boxed elementor-section-height-default elementor-section-height-default\" data-id=\"3478fa0\" data-element_type=\"section\">\n<div class=\"elementor-container elementor-column-gap-default\">\n<div class=\"elementor-column elementor-col-100 elementor-top-column elementor-element elementor-element-5610994\" data-id=\"5610994\" data-element_type=\"column\">\n<div class=\"elementor-widget-wrap elementor-element-populated\">\n<div class=\"elementor-element elementor-element-27e3468 elementor-widget elementor-widget-text-editor\" data-id=\"27e3468\" data-element_type=\"widget\" data-widget_type=\"text-editor.default\">\n<div class=\"elementor-widget-container\">\n<h3 class=\"LTt2Ap\"><strong>De persona a persona<\/strong><\/h3>\n<p><a href=\"https:\/\/youtu.be\/1tObA7Aj3ns\" target=\"_blank\" rel=\"noopener\">La educaci\u00f3n<\/a>\u00a0es una realidad\u00a0<em>interpersonal \u2014<\/em>de\u00a0<em>persona<\/em>\u00a0a\u00a0<em>persona\u2014<\/em>\u00a0y presidida necesariamente por el\u00a0<em>amor<\/em>\u00a0(que es la \u00fanica actitud-acci\u00f3n v\u00e1lida en relaci\u00f3n con las personas)<\/p>\n<p>Y esto, que tiene vigencia en cualquier momento y circunstancia, se torna a\u00fan m\u00e1s imperativo e imprescindible cuando hablamos de educar en familia.<\/p>\n<ul>\n<li>\u2663\u00a0Por eso los padres son los educadores natos e irremplazables, porque solo ellos aman de manera connatural a sus hijos y son amados por ellos.<\/li>\n<li>\u2663\u00a0Y quienes, por delegaci\u00f3n y parcialmente, ocupen el lugar de los padres, han de ser siempre\u00a0<a href=\"https:\/\/youtu.be\/DnykkBn-0DA\" target=\"_blank\" rel=\"noopener\"><em>personas<\/em><\/a>\u00a0que quieran eficazmente a los ni\u00f1os y logren ser queridos por ellos.<\/li>\n<li>\u2663\u00a0Los restantes medios pueden ayudar (o desayudar), pero propiamente no educan.<\/li>\n<\/ul>\n<\/div>\n<\/div>\n<div class=\"elementor-element elementor-element-3be9de9 elementor-widget elementor-widget-text-editor\" data-id=\"3be9de9\" data-element_type=\"widget\" data-widget_type=\"text-editor.default\">\n<div class=\"elementor-widget-container\">\n<p style=\"text-align: center;\"><em><strong>Igual que el diamante solo se pule con diamantes,<\/strong><\/em><br \/>\n<em><strong>la persona solo mejora y madura<\/strong><\/em><br \/>\n<em><strong>\u2014y, por tanto, puede ser educada\u2014<\/strong><\/em><br \/>\n<em><strong>a trav\u00e9s del trato\u00a0estrictamente personal.<\/strong><\/em><\/p>\n<p><img loading=\"lazy\" decoding=\"async\" class=\"size-full wp-image-146106 alignnone\" src=\"https:\/\/exaudi.org\/wp-content\/uploads\/2025\/11\/claves-para-educar-en-familia-3.png\" alt=\"\" width=\"754\" height=\"502\" srcset=\"https:\/\/exaudi.org\/wp-content\/uploads\/2025\/11\/claves-para-educar-en-familia-3.png 754w, https:\/\/exaudi.org\/wp-content\/uploads\/2025\/11\/claves-para-educar-en-familia-3-300x200.png 300w, https:\/\/exaudi.org\/wp-content\/uploads\/2025\/11\/claves-para-educar-en-familia-3-360x240.png?crop=1 360w, https:\/\/exaudi.org\/wp-content\/uploads\/2025\/11\/claves-para-educar-en-familia-3-500x333.png 500w\" sizes=\"auto, (max-width: 754px) 100vw, 754px\" \/><\/p>\n<section class=\"elementor-section elementor-top-section elementor-element elementor-element-3a5d5e0 elementor-section-boxed elementor-section-height-default elementor-section-height-default\" data-id=\"3a5d5e0\" data-element_type=\"section\">\n<div class=\"elementor-container elementor-column-gap-default\">\n<div class=\"elementor-column elementor-col-100 elementor-top-column elementor-element elementor-element-d993b3f\" data-id=\"d993b3f\" data-element_type=\"column\">\n<div class=\"elementor-widget-wrap elementor-element-populated\">\n<div class=\"elementor-element elementor-element-7bac2d3 elementor-widget elementor-widget-text-editor\" data-id=\"7bac2d3\" data-element_type=\"widget\" data-widget_type=\"text-editor.default\">\n<div class=\"elementor-widget-container\">\n<h3><strong>Amar bien el bien<\/strong><\/h3>\n<p>Toda la educaci\u00f3n, pero m\u00e1s a\u00fan la tarea de educar en familia, gira en torno a un solo y muy radical\u00edsimo principio \u2014<em><a href=\"https:\/\/youtu.be\/yU3xmkV-RDw\" target=\"_blank\" rel=\"noopener\">amar bien<\/a>\u2014\u00a0<\/em>y a los dos corolarios que de ah\u00ed se derivan:<\/p>\n<ol>\n<li><em>Aprender <\/em>a amar, sin nunca suponer que es un arte que ya se domina.<\/li>\n<li>Y sin imaginar que cabe lograrlo sin un empe\u00f1o\u00a0<em>constante\u00a0<\/em>por querer m\u00e1s y mejor.<\/li>\n<\/ol>\n<\/div>\n<\/div>\n<div class=\"elementor-element elementor-element-3e99353 elementor-widget elementor-widget-text-editor\" data-id=\"3e99353\" data-element_type=\"widget\" data-widget_type=\"text-editor.default\">\n<div class=\"elementor-widget-container\">\n<p style=\"text-align: center;\"><em><strong>La educaci\u00f3n es una realidad interpersonal,<\/strong><\/em><br \/>\n<em><strong>de persona a persona,<\/strong><\/em><br \/>\n<em><strong>que ha de estar presidida siempre\u00a0por el amor.<\/strong><\/em><\/p>\n<\/div>\n<\/div>\n<\/div>\n<\/div>\n<\/div>\n<\/section>\n<section class=\"elementor-section elementor-top-section elementor-element elementor-element-ec68a2a elementor-section-boxed elementor-section-height-default elementor-section-height-default\" data-id=\"ec68a2a\" data-element_type=\"section\">\n<div class=\"elementor-container elementor-column-gap-default\">\n<div class=\"elementor-column elementor-col-100 elementor-top-column elementor-element elementor-element-882854f\" data-id=\"882854f\" data-element_type=\"column\">\n<div class=\"elementor-widget-wrap elementor-element-populated\">\n<div class=\"elementor-element elementor-element-de6a5ae elementor-widget elementor-widget-heading\" data-id=\"de6a5ae\" data-element_type=\"widget\" data-widget_type=\"heading.default\">\n<div class=\"elementor-widget-container\">\n<h3><img loading=\"lazy\" decoding=\"async\" class=\"size-full wp-image-146109 alignnone\" src=\"https:\/\/exaudi.org\/wp-content\/uploads\/2025\/11\/2.-Amor-real-a-cada-hijo-970x546-1.webp\" alt=\"\" width=\"970\" height=\"546\" srcset=\"https:\/\/exaudi.org\/wp-content\/uploads\/2025\/11\/2.-Amor-real-a-cada-hijo-970x546-1.webp 970w, https:\/\/exaudi.org\/wp-content\/uploads\/2025\/11\/2.-Amor-real-a-cada-hijo-970x546-1-300x169.webp 300w, https:\/\/exaudi.org\/wp-content\/uploads\/2025\/11\/2.-Amor-real-a-cada-hijo-970x546-1-770x433.webp 770w, https:\/\/exaudi.org\/wp-content\/uploads\/2025\/11\/2.-Amor-real-a-cada-hijo-970x546-1-500x281.webp 500w\" sizes=\"auto, (max-width: 970px) 100vw, 970px\" \/><\/h3>\n<h3 class=\"elementor-heading-title elementor-size-large\"><strong>Los principios y la Clave para educar en familia<\/strong><\/h3>\n<\/div>\n<\/div>\n<\/div>\n<\/div>\n<\/div>\n<\/section>\n<section class=\"elementor-section elementor-top-section elementor-element elementor-element-cabd594 elementor-section-boxed elementor-section-height-default elementor-section-height-default\" data-id=\"cabd594\" data-element_type=\"section\">\n<div class=\"elementor-container elementor-column-gap-default\">\n<div class=\"elementor-column elementor-col-100 elementor-top-column elementor-element elementor-element-ef682df\" data-id=\"ef682df\" data-element_type=\"column\">\n<div class=\"elementor-widget-wrap elementor-element-populated\">\n<div class=\"elementor-element elementor-element-8c92695 elementor-widget elementor-widget-heading\" data-id=\"8c92695\" data-element_type=\"widget\" data-widget_type=\"heading.default\">\n<div class=\"elementor-widget-container\">\n<h3 class=\"elementor-heading-title elementor-size-default\"><strong>1. Amor aut\u00e9ntico a cada hijo<\/strong><\/h3>\n<div class=\"elementor-element elementor-element-e8473d9 elementor-widget elementor-widget-text-editor\" data-id=\"e8473d9\" data-element_type=\"widget\" data-widget_type=\"text-editor.default\">\n<div class=\"elementor-widget-container\">\n<p>Lo primero que los padres necesitan para educar es <a href=\"https:\/\/exaudi.org\/es\/amor-real-a-cada-hijo\/\" target=\"_blank\" rel=\"noopener\">un\u00a0<em>verdadero y real amor<\/em>\u00a0a sus hijos<\/a>:\u00a0querer sincera y eficazmente el aut\u00e9ntico bien de cada uno.<\/p>\n<ul>\n<li>Para procurar ese bien hay que dedicar a cada hijo el <em>tiempo<\/em>\u00a0necesario, anteponi\u00e9ndolo a cualquier otra actividad: el mayor enemigo de la educaci\u00f3n son las impaciencias y las prisas.<\/li>\n<li>Y, adem\u00e1s de tiempo, <em>intimidad.<\/em><\/li>\n<li>Solo con tiempo e intimidad sabremos descubrir el bien <em>de cada hijo<\/em>\u00a0y podremos ayudarle a conseguirlo.<\/li>\n<\/ul>\n<\/div>\n<\/div>\n<div class=\"elementor-element elementor-element-a6905dd elementor-widget elementor-widget-text-editor\" data-id=\"a6905dd\" data-element_type=\"widget\" data-widget_type=\"text-editor.default\">\n<div class=\"elementor-widget-container\">\n<p style=\"text-align: center;\"><em><strong>Para educar en familia son necesarios<\/strong><\/em><br \/>\n<em><strong>el amor real de los padres a sus hijos,<\/strong><\/em><br \/>\n<em><strong>que se concreta en\u00a0tiempo e intimidad.<\/strong><\/em><\/p>\n<h3><img loading=\"lazy\" decoding=\"async\" class=\"size-full wp-image-146114 alignnone\" src=\"https:\/\/exaudi.org\/wp-content\/uploads\/2025\/11\/claves-para-educar-en-familia-970x547-1.jpg\" alt=\"\" width=\"970\" height=\"547\" srcset=\"https:\/\/exaudi.org\/wp-content\/uploads\/2025\/11\/claves-para-educar-en-familia-970x547-1.jpg 970w, https:\/\/exaudi.org\/wp-content\/uploads\/2025\/11\/claves-para-educar-en-familia-970x547-1-300x169.jpg 300w, https:\/\/exaudi.org\/wp-content\/uploads\/2025\/11\/claves-para-educar-en-familia-970x547-1-770x434.jpg 770w, https:\/\/exaudi.org\/wp-content\/uploads\/2025\/11\/claves-para-educar-en-familia-970x547-1-500x282.jpg 500w\" sizes=\"auto, (max-width: 970px) 100vw, 970px\" \/><\/h3>\n<h3 class=\"elementor-heading-title elementor-size-default\"><strong>2. Amor rec\u00edproco de los padres<\/strong><\/h3>\n<div class=\"elementor-element elementor-element-49ea2c1 elementor-widget elementor-widget-text-editor\" data-id=\"49ea2c1\" data-element_type=\"widget\" data-widget_type=\"text-editor.default\">\n<div class=\"elementor-widget-container\">\n<p>Lo primero que un hijo necesita para ser educado es que\u00a0<a href=\"https:\/\/exaudi.org\/es\/amor-de-los-padres-entre-si\/\" target=\"_blank\" rel=\"noopener\">sus padres se quieran\u00a0<em>entre s\u00ed<\/em><\/a>:\u00a0aquello mismo que ha hecho que el hijo venga al mundo \u2014el amor rec\u00edproco de sus padres\u2014 debe ser la causa de su desarrollo.<\/p>\n<ul>\n<li>Por eso, si queremos que un hijo mejore, aumentemos <a href=\"https:\/\/youtu.be\/kU11h1SN8u8\" target=\"_blank\" rel=\"noopener\">nuestro amor rec\u00edproco como esposos.<\/a><\/li>\n<li>Y por el mismo motivo, incluso cuando estemos a solas con nuestros hijos \u2014con varios o con cada uno\u2014, hemos de procurar entenderlos, quererlos y tratarlos <em>tambi\u00e9n<\/em>\u00a0con la inteligencia, el coraz\u00f3n y el modo particular de ser de nuestro c\u00f3nyuge.\n<ul>\n<li>No olvidemos que el matrimonio, justo como matrimonio \u2014\u00e9l <strong>y<\/strong>\u00a0ella, ella\u00a0<strong>y<\/strong>\u00a0\u00e9l\u2014, es el fundamento y la ra\u00edz de los que dimanan\u00a0<strong>toda<\/strong>\u00a0la vida familiar.<\/li>\n<\/ul>\n<\/li>\n<\/ul>\n<\/div>\n<\/div>\n<div class=\"elementor-element elementor-element-93c3492 elementor-widget elementor-widget-text-editor\" data-id=\"93c3492\" data-element_type=\"widget\" data-widget_type=\"text-editor.default\">\n<div class=\"elementor-widget-container\">\n<p style=\"text-align: center;\"><em><strong>Si queremos que un hijo mejore,<\/strong><\/em><br \/>\n<em><strong>hay que aumentar el amor\u00a0entre nosotros, los esposos.<\/strong><\/em><\/p>\n<h3><img loading=\"lazy\" decoding=\"async\" class=\"size-full wp-image-146118 alignnone\" src=\"https:\/\/exaudi.org\/wp-content\/uploads\/2025\/11\/4.-Ensenarles-a-querer1-970x546-1.webp\" alt=\"\" width=\"970\" height=\"546\" srcset=\"https:\/\/exaudi.org\/wp-content\/uploads\/2025\/11\/4.-Ensenarles-a-querer1-970x546-1.webp 970w, https:\/\/exaudi.org\/wp-content\/uploads\/2025\/11\/4.-Ensenarles-a-querer1-970x546-1-300x169.webp 300w, https:\/\/exaudi.org\/wp-content\/uploads\/2025\/11\/4.-Ensenarles-a-querer1-970x546-1-770x433.webp 770w, https:\/\/exaudi.org\/wp-content\/uploads\/2025\/11\/4.-Ensenarles-a-querer1-970x546-1-500x281.webp 500w\" sizes=\"auto, (max-width: 970px) 100vw, 970px\" \/><\/h3>\n<h3 class=\"elementor-heading-title elementor-size-default\"><strong>3. Ense\u00f1ar a amar<\/strong><\/h3>\n<div class=\"elementor-element elementor-element-c663ce4 elementor-widget elementor-widget-text-editor\" data-id=\"c663ce4\" data-element_type=\"widget\" data-widget_type=\"text-editor.default\">\n<div class=\"elementor-widget-container\">\n<p><a href=\"https:\/\/exaudi.org\/es\/ensenar-a-querer-a-los-hijos\/\" target=\"_blank\" rel=\"noopener\">Educar es\u00a0<em>ense\u00f1ar a amar<\/em><\/a>\u00a0y a poner cualquier otro logro personal al servicio de ese amor.<\/p>\n<p>Transformar\u00a0<em>todo<\/em>\u00a0en amor: esa es la clave.<\/p>\n<ul>\n<li>Nuestros hijos pueden y deben sentirse satisfechos por sus diversas conquistas individuales: acad\u00e9micas, art\u00edsticas, deportivas, sociales, profesionales\u2026<\/li>\n<li>Pero <a href=\"https:\/\/youtu.be\/a7u0lxULccI\" target=\"_blank\" rel=\"noopener\">la aut\u00e9ntica felicidad<\/a>\u00a0deriva\u00a0<em>\u00fanicamente<\/em>\u00a0del desarrollo de su capacidad de amar, concretada en hechos.<\/li>\n<\/ul>\n<p>\u00a1No olvidemos ni por un instante que al atardecer de sus existencias\u00a0<em>solo\u00a0<\/em>se les va a examinar del amor!<\/p>\n<p>El resto ser\u00e1 irrelevante.<\/p>\n<p>Como consecuencia, todos los esfuerzos dirigidos a educar en familia a nuestros hijos han de surgir y encarnar el amor que les tenemos y encaminarse a hacer de ellos personas que\u00a0<em>saben querer<\/em>.<\/p>\n<\/div>\n<\/div>\n<div class=\"elementor-element elementor-element-3a8b2af elementor-widget elementor-widget-text-editor\" data-id=\"3a8b2af\" data-element_type=\"widget\" data-widget_type=\"text-editor.default\">\n<div class=\"elementor-widget-container\">\n<p style=\"text-align: center;\"><em><strong>Todos los esfuerzos por educar a nuestros hijos<\/strong><\/em><br \/>\n<em><strong>han de surgir del amor que les tenemos<\/strong><\/em><br \/>\n<em><strong>y encaminarse a hacer de ellos personas que\u00a0saben querer.<\/strong><\/em><\/p>\n<h2><img loading=\"lazy\" decoding=\"async\" class=\"size-full wp-image-146122 alignnone\" src=\"https:\/\/exaudi.org\/wp-content\/uploads\/2025\/11\/5.1.-La-fuerza-del-ejemplo-970x546-1.jpg\" alt=\"\" width=\"970\" height=\"546\" srcset=\"https:\/\/exaudi.org\/wp-content\/uploads\/2025\/11\/5.1.-La-fuerza-del-ejemplo-970x546-1.jpg 970w, https:\/\/exaudi.org\/wp-content\/uploads\/2025\/11\/5.1.-La-fuerza-del-ejemplo-970x546-1-300x169.jpg 300w, https:\/\/exaudi.org\/wp-content\/uploads\/2025\/11\/5.1.-La-fuerza-del-ejemplo-970x546-1-770x433.jpg 770w, https:\/\/exaudi.org\/wp-content\/uploads\/2025\/11\/5.1.-La-fuerza-del-ejemplo-970x546-1-500x281.jpg 500w\" sizes=\"auto, (max-width: 970px) 100vw, 970px\" \/><\/h2>\n<h3 class=\"elementor-heading-title elementor-size-default\"><strong>4. La fuerza del ejemplo y la coherencia de vida<\/strong><\/h3>\n<div class=\"elementor-element elementor-element-bfb9e09 elementor-widget elementor-widget-text-editor\" data-id=\"bfb9e09\" data-element_type=\"widget\" data-widget_type=\"text-editor.default\">\n<div class=\"elementor-widget-container\">\n<p>Los padres educamos o deseducamos, ante todo,\u00a0<a href=\"https:\/\/exaudi.org\/es\/el-ejemplo-y-la-coherencia-de-los-padres\/\" target=\"_blank\" rel=\"noopener\">con el\u00a0<em>ejemplo<\/em>.<\/a><\/p>\n<p>Esforzarse por ser cada d\u00eda mejor persona es la m\u00e1s segura garant\u00eda de nuestra eficacia educativa.<\/p>\n<p>Ante un ejemplo positivo de los padres, cualquier otro influjo palidece, incluso cuando todo parezca indicar lo contrario, y dejando siempre a salvo la libertad de los hijos.<\/p>\n<p>El tiempo dedicado expresamente a ellos (y al c\u00f3nyuge) nunca ser\u00e1 tiempo perdido. Al contrario, en \u00faltima instancia, constituye el \u00fanico tiempo\u00a0<em>ganado<\/em>, el \u00fanico\u00a0<em>haber<\/em>\u00a0en la cuenta final de resultados.<\/p>\n<\/div>\n<\/div>\n<div class=\"elementor-element elementor-element-913b194 elementor-widget elementor-widget-text-editor\" data-id=\"913b194\" data-element_type=\"widget\" data-widget_type=\"text-editor.default\">\n<div class=\"elementor-widget-container\">\n<p style=\"text-align: center;\"><em><strong>Educar en familia<\/strong><\/em><br \/>\n<em><strong>se realiza fundamentalmente<\/strong><\/em><br \/>\n<em><strong>con el ejemplo y la coherencia de vida\u00a0de los padres.<\/strong><\/em><\/p>\n<p><img loading=\"lazy\" decoding=\"async\" class=\"size-full wp-image-146126 alignnone\" src=\"https:\/\/exaudi.org\/wp-content\/uploads\/2025\/11\/6.1.-Fomentar-cualidades-970x647-1-970x546-1.jpg\" alt=\"\" width=\"970\" height=\"546\" srcset=\"https:\/\/exaudi.org\/wp-content\/uploads\/2025\/11\/6.1.-Fomentar-cualidades-970x647-1-970x546-1.jpg 970w, https:\/\/exaudi.org\/wp-content\/uploads\/2025\/11\/6.1.-Fomentar-cualidades-970x647-1-970x546-1-300x169.jpg 300w, https:\/\/exaudi.org\/wp-content\/uploads\/2025\/11\/6.1.-Fomentar-cualidades-970x647-1-970x546-1-770x433.jpg 770w, https:\/\/exaudi.org\/wp-content\/uploads\/2025\/11\/6.1.-Fomentar-cualidades-970x647-1-970x546-1-500x281.jpg 500w\" sizes=\"auto, (max-width: 970px) 100vw, 970px\" \/><\/p>\n<h3 class=\"elementor-heading-title elementor-size-default\"><strong>5. Prestar atenci\u00f3n solo a lo positivo<\/strong><\/h3>\n<div class=\"elementor-element elementor-element-7dd77478 elementor-widget elementor-widget-text-editor\" data-id=\"7dd77478\" data-element_type=\"widget\" data-widget_type=\"text-editor.default\">\n<div class=\"elementor-widget-container\">\n<p>Resulta mucho m\u00e1s rentable y gratificante\u00a0<a href=\"https:\/\/exaudi.org\/es\/fomentar-cualidades-mas-que-corregir-defectos\/\" target=\"_blank\" rel=\"noopener\">fomentar cualidades y virtudes que corregir defectos.<\/a><\/p>\n<p>Por tanto, para educar en familia de la manera adecuada es preciso conocer, con nombre y apellidos, las\u00a0<em>fortalezas<\/em>\u00a0de cada hijo, centrar nuestra atenci\u00f3n en ellas y poner entre par\u00e9ntesis o en sordina sus\u00a0imperfecciones y desaciertos.<\/p>\n<ul>\n<li>Educar es ver y querer a cada hijo, en cada momento, <em>un poco mejor<\/em>\u00a0de lo que en realidad es.<\/li>\n<li>No consiste solo ni principalmente en hacer que <em>se sienta bien<\/em>, en que\u00a0<em>est\u00e9 contento,<\/em>\u00a0sino en poner los medios a nuestro alcance para ayudarle a\u00a0<strong><em>ser bueno<\/em>.<\/strong><\/li>\n<\/ul>\n<\/div>\n<\/div>\n<div class=\"elementor-element elementor-element-a398bde elementor-widget elementor-widget-text-editor\" data-id=\"a398bde\" data-element_type=\"widget\" data-widget_type=\"text-editor.default\">\n<div class=\"elementor-widget-container\">\n<p style=\"text-align: center;\"><em><strong>Aunque nos cueste incluso entenderlo y nos resistamos a ponerlo por obra,<\/strong><\/em><br \/>\n<em><strong>para educar en familia de la manera adecuada<\/strong><\/em><br \/>\n<em><strong>hay que atender\u00a0exclusivamente\u00a0a las \u201cfortalezas\u201d de cada hijo.<\/strong><\/em><\/p>\n<p><img loading=\"lazy\" decoding=\"async\" class=\"size-full wp-image-146131 alignnone\" src=\"https:\/\/exaudi.org\/wp-content\/uploads\/2025\/11\/7.1.-La-autoridad-manifestacion-de-buen-amor-970x546-1.jpg\" alt=\"\" width=\"970\" height=\"546\" srcset=\"https:\/\/exaudi.org\/wp-content\/uploads\/2025\/11\/7.1.-La-autoridad-manifestacion-de-buen-amor-970x546-1.jpg 970w, https:\/\/exaudi.org\/wp-content\/uploads\/2025\/11\/7.1.-La-autoridad-manifestacion-de-buen-amor-970x546-1-300x169.jpg 300w, https:\/\/exaudi.org\/wp-content\/uploads\/2025\/11\/7.1.-La-autoridad-manifestacion-de-buen-amor-970x546-1-770x433.jpg 770w, https:\/\/exaudi.org\/wp-content\/uploads\/2025\/11\/7.1.-La-autoridad-manifestacion-de-buen-amor-970x546-1-500x281.jpg 500w\" sizes=\"auto, (max-width: 970px) 100vw, 970px\" \/><\/p>\n<h3 class=\"elementor-heading-title elementor-size-default\"><strong>6. El ejercicio de la autoridad<\/strong><\/h3>\n<div class=\"elementor-element elementor-element-4cd94c1 elementor-widget elementor-widget-text-editor\" data-id=\"4cd94c1\" data-element_type=\"widget\" data-widget_type=\"text-editor.default\">\n<div class=\"elementor-widget-container\">\n<p>Cualquier ni\u00f1o\u00a0<a href=\"https:\/\/exaudi.org\/es\/la-autoridad-manifestacion-de-buen-amor\/\" target=\"_blank\" rel=\"noopener\">tiene necesidad de autoridad,<\/a>\u00a0aunque en apariencia se niegue a reconocerlo.<\/p>\n<p>\u00a1No le neguemos esa gu\u00eda e intentemos que sea operativa!<\/p>\n<ul>\n<li>Para lograrlo, las normas que rigen la vida en el hogar han de ser <em>muy pocas<\/em>\u00a0y\u00a0<em>muy fundamentales<\/em>\u00a0y\u00a0<em>nunca arbitrarias<\/em>, dejando una\u00a0<a href=\"https:\/\/youtu.be\/ZypioGyPd8o\" target=\"_blank\" rel=\"noopener\"><em>absoluta libertad<\/em><\/a>\u00a0en lo opinable, que es\u00a0<strong><em>casi todo.<\/em><\/strong><\/li>\n<li>Agrego ahora un principio tan eficaz como dif\u00edcil de llevar a la pr\u00e1ctica: antes de dar una orden o imponer un castigo, conviene <em>pensar con calma<\/em>\u00a0si uno est\u00e1 en condiciones y del todo dispuesto a hacerlos cumplir.<\/li>\n<li>Su complemento ineludible: la convicci\u00f3n transmitida al hijo de que <em>nunca<\/em>\u00a0nos har\u00e1 desistir de los mandatos impartidos simplifica hasta extremos insospechados nuestra actividad como educadores y, a la vez, ayuda a calmar las rabietas e incluso evita que se produzcan.<\/li>\n<\/ul>\n<\/div>\n<\/div>\n<div class=\"elementor-element elementor-element-c107117 elementor-widget elementor-widget-text-editor\" data-id=\"c107117\" data-element_type=\"widget\" data-widget_type=\"text-editor.default\">\n<div class=\"elementor-widget-container\">\n<p style=\"text-align: center;\"><em><strong>Un ejercicio adecuado de la autoridad<\/strong><\/em><br \/>\n<em><strong>es\u00a0imprescindible\u00a0para educar en familia.<\/strong><\/em><\/p>\n<p><img loading=\"lazy\" decoding=\"async\" class=\"size-full wp-image-146134 alignnone\" src=\"https:\/\/exaudi.org\/wp-content\/uploads\/2025\/11\/8.-Corregir-adecuadamente-970x546-1.jpg\" alt=\"\" width=\"970\" height=\"546\" srcset=\"https:\/\/exaudi.org\/wp-content\/uploads\/2025\/11\/8.-Corregir-adecuadamente-970x546-1.jpg 970w, https:\/\/exaudi.org\/wp-content\/uploads\/2025\/11\/8.-Corregir-adecuadamente-970x546-1-300x169.jpg 300w, https:\/\/exaudi.org\/wp-content\/uploads\/2025\/11\/8.-Corregir-adecuadamente-970x546-1-770x433.jpg 770w, https:\/\/exaudi.org\/wp-content\/uploads\/2025\/11\/8.-Corregir-adecuadamente-970x546-1-500x281.jpg 500w\" sizes=\"auto, (max-width: 970px) 100vw, 970px\" \/><\/p>\n<h3 class=\"elementor-heading-title elementor-size-default\"><strong>7. Cauces, mejor que l\u00edmites<\/strong><\/h3>\n<div class=\"elementor-element elementor-element-4a6e2ca elementor-widget elementor-widget-text-editor\" data-id=\"4a6e2ca\" data-element_type=\"widget\" data-widget_type=\"text-editor.default\">\n<div class=\"elementor-widget-container\">\n<p><a href=\"https:\/\/exaudi.org\/es\/corregir-para-encauzar-la-energia-de-cada-hijo\/\" target=\"_blank\" rel=\"noopener\">Las correcciones a nuestros hijos,<\/a>\u00a0m\u00e1s que\u00a0<em>limitar<\/em>\u00a0sus energ\u00edas, deben\u00a0<em>encauzarlas<\/em>\u00a0y\u00a0<em>multiplicar<\/em>\u00a0as\u00ed su eficacia, como ocurre con el agua bien canalizada.<\/p>\n<ul>\n<li>Nuestras reprensiones han de ser <em>claras<\/em>,\u00a0<em>concisas<\/em>, concretas y\u00a0<em>no humillantes.<\/em><\/li>\n<li>Conviene aprender a rega\u00f1ar de manera <em>correcta<\/em>,\u00a0<em>expl\u00edcita<\/em>\u00a0y\u00a0<em>breve<\/em>, evitando siempre las comparaciones con otros hermanos o amigos.<\/li>\n<\/ul>\n<p>Pero si hay que corregir, se corrige, \u00a1aunque duela! (duele al hijo, pero normalmente m\u00e1s al padre o la madre que tienen que corregir).<\/p>\n<p>En la actualidad, la eficacia de educar en familia puede medirse por la capacidad de los padres para\u00a0<em>sufrir<\/em>\u00a0por\u00a0<em>hacer sufrir<\/em>\u00a0a quienes m\u00e1s quieren \u2014sus hijos\u2014 siempre que sea imprescindible para estos.<\/p>\n<\/div>\n<\/div>\n<div class=\"elementor-element elementor-element-bfe557a elementor-widget elementor-widget-text-editor\" data-id=\"bfe557a\" data-element_type=\"widget\" data-widget_type=\"text-editor.default\">\n<div class=\"elementor-widget-container\">\n<p style=\"text-align: center;\"><em><strong>M\u00e1s que limitar la energ\u00eda de los hijos,<\/strong><\/em><br \/>\n<em><strong>conviene saber darles\u00a0el cauce adecuado<\/strong><\/em><br \/>\n<em><strong>para que se multiplique eficazmente.<\/strong><\/em><\/p>\n<h2><img loading=\"lazy\" decoding=\"async\" class=\"size-full wp-image-146138 alignnone\" src=\"https:\/\/exaudi.org\/wp-content\/uploads\/2025\/11\/9.-Disfrutar-con-lo-bueno-y-lo-bello-970x648-1-970x546-1.jpg\" alt=\"\" width=\"970\" height=\"546\" srcset=\"https:\/\/exaudi.org\/wp-content\/uploads\/2025\/11\/9.-Disfrutar-con-lo-bueno-y-lo-bello-970x648-1-970x546-1.jpg 970w, https:\/\/exaudi.org\/wp-content\/uploads\/2025\/11\/9.-Disfrutar-con-lo-bueno-y-lo-bello-970x648-1-970x546-1-300x169.jpg 300w, https:\/\/exaudi.org\/wp-content\/uploads\/2025\/11\/9.-Disfrutar-con-lo-bueno-y-lo-bello-970x648-1-970x546-1-770x433.jpg 770w, https:\/\/exaudi.org\/wp-content\/uploads\/2025\/11\/9.-Disfrutar-con-lo-bueno-y-lo-bello-970x648-1-970x546-1-500x281.jpg 500w\" sizes=\"auto, (max-width: 970px) 100vw, 970px\" \/><\/h2>\n<h3 class=\"elementor-heading-title elementor-size-default\"><strong>8. Promover su excelencia personal<\/strong><\/h3>\n<div class=\"elementor-element elementor-element-9b1c973 elementor-widget elementor-widget-text-editor\" data-id=\"9b1c973\" data-element_type=\"widget\" data-widget_type=\"text-editor.default\">\n<div class=\"elementor-widget-container\">\n<p>Como los dem\u00e1s seres humanos, nuestros hijos\u00a0<a href=\"https:\/\/exaudi.org\/es\/lo-bueno-y-lo-malo-formar-la-conciencia\/\" target=\"_blank\" rel=\"noopener\">solo crecer\u00e1n humanamente con el alimento genuino de la\u00a0<em>verdad<\/em>, la\u00a0<em>bondad<\/em>\u00a0y la\u00a0<em>belleza<\/em>.<\/a><\/p>\n<p>Para educarlos como es debido resulta imprescindible mostrar y transmitir, con la propia vida, la belleza y el atractivo hondamente humanos de la virtud alegre y serena, desenvuelta y sin complejos ni inhibiciones.<\/p>\n<p>Nada m\u00e1s opuesto al dicho popular \u2014simp\u00e1tico, pero tremenda y negativamente revelador\u2014 de que \u00abtodo lo bueno o es pecado o engorda\u00bb.<\/p>\n<\/div>\n<\/div>\n<div class=\"elementor-element elementor-element-4780406 elementor-widget elementor-widget-text-editor\" data-id=\"4780406\" data-element_type=\"widget\" data-widget_type=\"text-editor.default\">\n<div class=\"elementor-widget-container\">\n<p style=\"text-align: center;\"><em><strong>Nuestros hijos, como cualquier ser humano,<\/strong><\/em><br \/>\n<em><strong>\u201cse alimentan\u201d de\u00a0la verdad, la bondad y la belleza:<\/strong><\/em><br \/>\n<em><strong>gracias a ellas llegan a ser mejores personas.<\/strong><\/em><\/p>\n<h2><img loading=\"lazy\" decoding=\"async\" class=\"size-full wp-image-146142 alignnone\" src=\"https:\/\/exaudi.org\/wp-content\/uploads\/2025\/11\/10.-Querer-bien-su-bien-970x546-1.jpg\" alt=\"\" width=\"970\" height=\"546\" srcset=\"https:\/\/exaudi.org\/wp-content\/uploads\/2025\/11\/10.-Querer-bien-su-bien-970x546-1.jpg 970w, https:\/\/exaudi.org\/wp-content\/uploads\/2025\/11\/10.-Querer-bien-su-bien-970x546-1-300x169.jpg 300w, https:\/\/exaudi.org\/wp-content\/uploads\/2025\/11\/10.-Querer-bien-su-bien-970x546-1-770x433.jpg 770w, https:\/\/exaudi.org\/wp-content\/uploads\/2025\/11\/10.-Querer-bien-su-bien-970x546-1-500x281.jpg 500w\" sizes=\"auto, (max-width: 970px) 100vw, 970px\" \/><\/h2>\n<h3 class=\"elementor-heading-title elementor-size-default\"><strong>9. Amor, no sentimentalismo<\/strong><\/h3>\n<div class=\"elementor-element elementor-element-5d433c2 elementor-widget elementor-widget-text-editor\" data-id=\"5d433c2\" data-element_type=\"widget\" data-widget_type=\"text-editor.default\">\n<div class=\"elementor-widget-container\">\n<p class=\"LPrNorm\">Un amor equivocado, basado solo en los sentimientos,\u00a0<a href=\"https:\/\/exaudi.org\/es\/querer-el-bien-real-del-hijo\/\" target=\"_blank\" rel=\"noopener\">lleva a malcriar a los hijos.<\/a><\/p>\n<ul>\n<li>Hemos de aprender a amar, esforzarnos por <em>hacer bien el bien<\/em>, poniendo inteligencia y voluntad.<\/li>\n<li>Es bueno para nuestros hijos lo que los ayuda a crecer como personas, lo que realmente los mejora, lo que <em>los impulsa a\u00a0<strong>amar<\/strong>\u00a0m\u00e1s y mejor.<\/em><\/li>\n<li>No confundamos su bien con sus caprichos: un <strong><em>no<\/em><\/strong>\u00a0tan amable como inamovible es, en ocasiones, la mayor manifestaci\u00f3n de amor.<\/li>\n<\/ul>\n<\/div>\n<\/div>\n<div class=\"elementor-element elementor-element-bfeb01b elementor-widget elementor-widget-text-editor\" data-id=\"bfeb01b\" data-element_type=\"widget\" data-widget_type=\"text-editor.default\">\n<div class=\"elementor-widget-container\">\n<p style=\"text-align: center;\"><em><strong>Un\u00a0no\u00a0tan amable como inamovible<\/strong><\/em><br \/>\n<em><strong>es, en ocasiones, la\u00a0mayor manifestaci\u00f3n de amor.<\/strong><\/em><\/p>\n<p><img loading=\"lazy\" decoding=\"async\" class=\"size-full wp-image-146146 alignnone\" src=\"https:\/\/exaudi.org\/wp-content\/uploads\/2025\/11\/11.-Fomentar-su-libertad-970x546-1.jpg\" alt=\"\" width=\"970\" height=\"546\" srcset=\"https:\/\/exaudi.org\/wp-content\/uploads\/2025\/11\/11.-Fomentar-su-libertad-970x546-1.jpg 970w, https:\/\/exaudi.org\/wp-content\/uploads\/2025\/11\/11.-Fomentar-su-libertad-970x546-1-300x169.jpg 300w, https:\/\/exaudi.org\/wp-content\/uploads\/2025\/11\/11.-Fomentar-su-libertad-970x546-1-770x433.jpg 770w, https:\/\/exaudi.org\/wp-content\/uploads\/2025\/11\/11.-Fomentar-su-libertad-970x546-1-500x281.jpg 500w\" sizes=\"auto, (max-width: 970px) 100vw, 970px\" \/><\/p>\n<h3 class=\"elementor-heading-title elementor-size-default\"><strong>10. Amor a la libertad, con sus inevitables y maravillosos riesgos<\/strong><\/h3>\n<div class=\"elementor-element elementor-element-4f41e4b elementor-widget elementor-widget-text-editor\" data-id=\"4f41e4b\" data-element_type=\"widget\" data-widget_type=\"text-editor.default\">\n<div class=\"elementor-widget-container\">\n<p>Educar es mucho m\u00e1s que\u00a0<em>respetar<\/em>\u00a0la libertad:\u00a0<a href=\"https:\/\/exaudi.org\/es\/fomentar-la-libertad-de-los-hijos\/\" target=\"_blank\" rel=\"noopener\">consiste en\u00a0<em>fomentarla positivamente<\/em>,<\/a>\u00a0de acuerdo con la edad y circunstancias de cada hijo.<\/p>\n<p>Ense\u00f1\u00e1ndoles a conocer su aut\u00e9ntica naturaleza y a administrarla como es debido, hemos de conceder a cada hijo, en cada momento,\u00a0<a href=\"https:\/\/youtu.be\/2yrewJM_q8A\" target=\"_blank\" rel=\"noopener\"><em>toda la libertad<\/em><\/a>\u00a0que sea capaz de gestionar, asumiendo consciente y libremente\u00a0<a href=\"https:\/\/youtu.be\/l5b9OQHAJCU\" target=\"_blank\" rel=\"noopener\"><em>el riesgo<\/em><\/a>\u00a0que la libertad\u00a0<em>siempre<\/em>\u00a0lleva consigo.<\/p>\n<p><a href=\"https:\/\/youtu.be\/QUGxwbUjdTE\" target=\"_blank\" rel=\"noopener\">Educa en la libertad<\/a>\u00a0quien ayuda a sus hijos a observar el conjunto de lo real,\u00a0<em>percibiendo y distinguiendo lo bueno,<\/em>\u00a0y los anima y ayuda a\u00a0<em>realizar ese bien,<\/em>\u00a0siempre\u00a0<em>por amor.<\/em><\/p>\n<\/div>\n<\/div>\n<div class=\"elementor-element elementor-element-70a61c1 elementor-widget elementor-widget-text-editor\" data-id=\"70a61c1\" data-element_type=\"widget\" data-widget_type=\"text-editor.default\">\n<div class=\"elementor-widget-container\">\n<p style=\"text-align: center;\"><em><strong>Hemos de conceder a cada hijo, en cada momento,<\/strong><\/em><br \/>\n<em><strong>toda\u00a0la libertad\u00a0que sea capaz de gestionar.<\/strong><\/em><\/p>\n<p><img loading=\"lazy\" decoding=\"async\" class=\"size-full wp-image-146150 alignnone\" src=\"https:\/\/exaudi.org\/wp-content\/uploads\/2025\/11\/12.-Colaborar-con-Dios-970x546-1.jpg\" alt=\"\" width=\"970\" height=\"546\" srcset=\"https:\/\/exaudi.org\/wp-content\/uploads\/2025\/11\/12.-Colaborar-con-Dios-970x546-1.jpg 970w, https:\/\/exaudi.org\/wp-content\/uploads\/2025\/11\/12.-Colaborar-con-Dios-970x546-1-300x169.jpg 300w, https:\/\/exaudi.org\/wp-content\/uploads\/2025\/11\/12.-Colaborar-con-Dios-970x546-1-770x433.jpg 770w, https:\/\/exaudi.org\/wp-content\/uploads\/2025\/11\/12.-Colaborar-con-Dios-970x546-1-500x281.jpg 500w\" sizes=\"auto, (max-width: 970px) 100vw, 970px\" \/><\/p>\n<h3 class=\"elementor-heading-title elementor-size-default\"><strong>11. Contar siempre con Dios<\/strong><\/h3>\n<div class=\"elementor-element elementor-element-8d3f778 elementor-widget elementor-widget-text-editor\" data-id=\"8d3f778\" data-element_type=\"widget\" data-widget_type=\"text-editor.default\">\n<div class=\"elementor-widget-container\">\n<p>En \u00faltima y definitiva instancia, educar a un hijo es poner los medios para que libremente emboque y recorra el camino que har\u00e1 de \u00e9l\u00a0<a href=\"https:\/\/exaudi.org\/es\/dios-y-la-educacion-de-los-hijos\/\" target=\"_blank\" rel=\"noopener\"><em>un interlocutor del amor divino<\/em>\u00a0\u00a1por toda la eternidad!<\/a><\/p>\n<ul>\n<li>Nosotros <em>no<\/em>\u00a0somos los protagonistas de la educaci\u00f3n.<\/li>\n<li>El aut\u00e9ntico protagonista es cada uno de nuestros hijos y, de manera a\u00fan m\u00e1s radical y decisiva, Dios.<\/li>\n<\/ul>\n<p>Nuestra tarea al educar en familia consiste en\u00a0<em>desaparecer<\/em>\u00a0en beneficio de cada hijo, excepto en la medida en que realmente le ayudemos a\u00a0<a href=\"https:\/\/youtu.be\/5X6V3vvohZ0\" target=\"_blank\" rel=\"noopener\">alcanzar\u00a0<em>su\u00a0<\/em>Fin.<\/a><\/p>\n<\/div>\n<\/div>\n<div class=\"elementor-element elementor-element-8914236 elementor-widget elementor-widget-text-editor\" data-id=\"8914236\" data-element_type=\"widget\" data-widget_type=\"text-editor.default\">\n<div class=\"elementor-widget-container\">\n<p style=\"text-align: center;\"><em><strong><u>Desaparecer<\/u>\u00a0en beneficio del hijo<\/strong><\/em><br \/>\n<em><strong>excepto en la medida en que le ayudemos<\/strong><\/em><br \/>\n<em><strong>a alcanzar su fin.<\/strong><\/em><\/p>\n<p><img loading=\"lazy\" decoding=\"async\" class=\"size-full wp-image-146153 alignnone\" src=\"https:\/\/exaudi.org\/wp-content\/uploads\/2025\/11\/claves-para-educar-en-familia-1.png\" alt=\"\" width=\"740\" height=\"493\" srcset=\"https:\/\/exaudi.org\/wp-content\/uploads\/2025\/11\/claves-para-educar-en-familia-1.png 740w, https:\/\/exaudi.org\/wp-content\/uploads\/2025\/11\/claves-para-educar-en-familia-1-300x200.png 300w, https:\/\/exaudi.org\/wp-content\/uploads\/2025\/11\/claves-para-educar-en-familia-1-360x240.png?crop=1 360w, https:\/\/exaudi.org\/wp-content\/uploads\/2025\/11\/claves-para-educar-en-familia-1-500x333.png 500w\" sizes=\"auto, (max-width: 740px) 100vw, 740px\" \/><\/p>\n<section class=\"elementor-section elementor-top-section elementor-element elementor-element-91c3b45 elementor-section-boxed elementor-section-height-default elementor-section-height-default\" data-id=\"91c3b45\" data-element_type=\"section\">\n<div class=\"elementor-container elementor-column-gap-default\">\n<div class=\"elementor-column elementor-col-100 elementor-top-column elementor-element elementor-element-48b67b7\" data-id=\"48b67b7\" data-element_type=\"column\">\n<div class=\"elementor-widget-wrap elementor-element-populated\">\n<div class=\"elementor-element elementor-element-b78774d elementor-widget elementor-widget-text-editor\" data-id=\"b78774d\" data-element_type=\"widget\" data-widget_type=\"text-editor.default\">\n<div class=\"elementor-widget-container\">\n<p>Ense\u00f1arles a tener en cuenta la acci\u00f3n\u00a0<em>insustituible<\/em>\u00a0de Dios puede componer la herencia de m\u00e1s valor que, en el conjunto de la educaci\u00f3n, leguemos a nuestros hijos.<\/p>\n<\/div>\n<\/div>\n<div class=\"elementor-element elementor-element-8a4a10e elementor-widget elementor-widget-text-editor\" data-id=\"8a4a10e\" data-element_type=\"widget\" data-widget_type=\"text-editor.default\">\n<div class=\"elementor-widget-container\">\n<p style=\"text-align: center;\"><em><strong>Como padres y educadores,<\/strong><\/em><br \/>\n<em><strong>nuestra tarea consiste en desaparecer,<\/strong><\/em><br \/>\n<em><strong>para que cada hijo pueda enrumbar el camino<\/strong><\/em><br \/>\n<em><strong>que lo dirige\u00a0hacia Dios.<\/strong><\/em><\/p>\n<\/div>\n<\/div>\n<\/div>\n<\/div>\n<\/div>\n<\/section>\n<section class=\"elementor-section elementor-top-section elementor-element elementor-element-218cf02 elementor-section-boxed elementor-section-height-default elementor-section-height-default\" data-id=\"218cf02\" data-element_type=\"section\">\n<div class=\"elementor-container elementor-column-gap-default\">\n<div class=\"elementor-column elementor-col-100 elementor-top-column elementor-element elementor-element-41f4759\" data-id=\"41f4759\" data-element_type=\"column\">\n<div class=\"elementor-widget-wrap elementor-element-populated\">\n<div class=\"elementor-element elementor-element-81eb1f1 elementor-widget elementor-widget-text-editor\" data-id=\"81eb1f1\" data-element_type=\"widget\" data-widget_type=\"text-editor.default\">\n<div class=\"elementor-widget-container\">\n<p><em>(Continuar\u00e1)<\/em><\/p>\n<p><strong>Tom\u00e1s Melendo<\/strong><br \/>\n<strong>Presidente de Edufamilia<\/strong><br \/>\n<strong><a href=\"http:\/\/www.edufamilia.com\" rel=\"nofollow\">http:\/\/www.edufamilia.com<\/a><\/strong><br \/>\n<strong>tmelendo@uma.es<\/strong><\/p>\n<p><img loading=\"lazy\" decoding=\"async\" class=\"wp-image-146162 size-full alignnone\" src=\"https:\/\/exaudi.org\/wp-content\/uploads\/2025\/11\/EduFamilia-1.jpg\" alt=\"\" width=\"1920\" height=\"1080\" srcset=\"https:\/\/exaudi.org\/wp-content\/uploads\/2025\/11\/EduFamilia-1.jpg 1920w, https:\/\/exaudi.org\/wp-content\/uploads\/2025\/11\/EduFamilia-1-300x169.jpg 300w, https:\/\/exaudi.org\/wp-content\/uploads\/2025\/11\/EduFamilia-1-1024x576.jpg 1024w, https:\/\/exaudi.org\/wp-content\/uploads\/2025\/11\/EduFamilia-1-770x433.jpg 770w, https:\/\/exaudi.org\/wp-content\/uploads\/2025\/11\/EduFamilia-1-1536x864.jpg 1536w, https:\/\/exaudi.org\/wp-content\/uploads\/2025\/11\/EduFamilia-1-500x281.jpg 500w\" sizes=\"auto, (max-width: 1920px) 100vw, 1920px\" \/><\/p>\n<p><img loading=\"lazy\" decoding=\"async\" class=\"size-full wp-image-146165 alignnone\" src=\"https:\/\/exaudi.org\/wp-content\/uploads\/2025\/11\/EduFamilia-1-1.jpg\" alt=\"\" width=\"940\" height=\"788\" srcset=\"https:\/\/exaudi.org\/wp-content\/uploads\/2025\/11\/EduFamilia-1-1.jpg 940w, https:\/\/exaudi.org\/wp-content\/uploads\/2025\/11\/EduFamilia-1-1-300x251.jpg 300w, https:\/\/exaudi.org\/wp-content\/uploads\/2025\/11\/EduFamilia-1-1-770x645.jpg 770w, https:\/\/exaudi.org\/wp-content\/uploads\/2025\/11\/EduFamilia-1-1-500x419.jpg 500w\" sizes=\"auto, (max-width: 940px) 100vw, 940px\" \/><\/p>\n<p>&nbsp;<\/p>\n<\/div>\n<\/div>\n<\/div>\n<\/div>\n<\/div>\n<\/section>\n<\/div>\n<\/div>\n<\/div>\n<\/div>\n<\/div>\n<\/div>\n<\/div>\n<\/div>\n<\/div>\n<\/div>\n<\/div>\n<\/div>\n<\/div>\n<\/div>\n<\/div>\n<\/div>\n<\/div>\n<\/div>\n<\/div>\n<\/div>\n<\/div>\n<\/div>\n<\/div>\n<\/div>\n<\/div>\n<\/div>\n<\/div>\n<\/section>\n<\/div>\n<\/div>\n<\/div>\n<\/div>\n<\/div>\n<\/section>\n<\/div>\n<\/div>\n<\/div>\n<\/div>\n<\/div>\n<\/section>\n","protected":false},"excerpt":{"rendered":"<p>Recoge las principales ideas apuntadas en los art\u00edculos de la serie Diez principios y una clave para educar en familia<\/p>\n","protected":false},"author":167,"featured_media":146101,"comment_status":"closed","ping_status":"closed","sticky":false,"template":"","format":"standard","meta":{"_acf_changed":false,"_crdt_document":"","inline_featured_image":false,"footnotes":""},"categories":[130],"tags":[81136,1761,15850,81124,81132,81123,9126,81127,1854,81134,81122,69686,27134,81126,81129,617,34920,4625,81125,55971,3793,81139,35882,2618,81133,81131,8505,7164,81135,69691,20098,81138,70498,81128,46744,81130,11148,81137],"class_list":["post-146095","post","type-post","status-publish","format-standard","has-post-thumbnail","hentry","category-voces","tag-amar-bien-el-bien","tag-amor","tag-amor-autentico","tag-autoridad-en-el-hogar","tag-cauces-energias","tag-claves","tag-coherencia-de-vida","tag-dios-en-la-educacion","tag-educacion","tag-educadores-natos","tag-educar-en-familia","tag-edufamilia","tag-ejemplo-parental","tag-ensenanza-del-amor","tag-excelencia-personal","tag-familia","tag-featured-es-14","tag-felicidad","tag-fortalezas-de-los-hijos","tag-herencia-espiritual","tag-hijos","tag-interlocutor-divino","tag-libertad-responsable","tag-matrimonio-es","tag-matrimonio-fundamento","tag-no-al-sentimentalismo","tag-padres","tag-persona-3","tag-persona-a-persona","tag-principios-educativos","tag-reflexion-personal","tag-riesgos-libertad","tag-sabermasparaamarmejor","tag-tiempo-e-intimidad","tag-tomas-melendo","tag-verdad-bondad-belleza","tag-vida-familiar","tag-virtud-alegre"],"acf":[],"yoast_head":"<!-- This site is optimized with the Yoast SEO plugin v27.4 - https:\/\/yoast.com\/product\/yoast-seo-wordpress\/ -->\n<title>Claves para educar en familia &#8211; Exaudi<\/title>\n<meta name=\"robots\" content=\"index, follow, max-snippet:-1, max-image-preview:large, max-video-preview:-1\" \/>\n<link rel=\"canonical\" href=\"https:\/\/exaudi.org\/es\/claves-para-educar-en-familia\/\" \/>\n<meta property=\"og:locale\" content=\"es_ES\" \/>\n<meta property=\"og:type\" content=\"article\" \/>\n<meta property=\"og:title\" content=\"Claves para educar en familia &#8211; Exaudi\" \/>\n<meta property=\"og:description\" content=\"Recoge las principales ideas apuntadas en los art\u00edculos de la serie Diez principios y una clave para educar en familia\" \/>\n<meta property=\"og:url\" content=\"https:\/\/exaudi.org\/es\/claves-para-educar-en-familia\/\" \/>\n<meta property=\"og:site_name\" content=\"Exaudi\" \/>\n<meta property=\"article:publisher\" content=\"https:\/\/www.facebook.com\/ExaudiNews\" \/>\n<meta property=\"article:author\" content=\"https:\/\/www.facebook.com\/TomasMelendo\" \/>\n<meta property=\"article:published_time\" content=\"2025-11-14T08:30:46+00:00\" \/>\n<meta property=\"article:modified_time\" content=\"2025-11-15T16:03:47+00:00\" \/>\n<meta property=\"og:image\" content=\"https:\/\/exaudi.org\/wp-content\/uploads\/2025\/11\/13._Claves_para_educar_en_familia.jpg\" \/>\n\t<meta property=\"og:image:width\" content=\"1920\" \/>\n\t<meta property=\"og:image:height\" content=\"1080\" \/>\n\t<meta property=\"og:image:type\" content=\"image\/jpeg\" \/>\n<meta name=\"author\" content=\"EduFamilia\" \/>\n<meta name=\"twitter:card\" content=\"summary_large_image\" \/>\n<meta name=\"twitter:creator\" content=\"@Exaudi_News\" \/>\n<meta name=\"twitter:site\" content=\"@Exaudi_News\" \/>\n<meta name=\"twitter:label1\" content=\"Escrito por\" \/>\n\t<meta name=\"twitter:data1\" content=\"EduFamilia\" \/>\n\t<meta name=\"twitter:label2\" content=\"Tiempo de lectura\" \/>\n\t<meta name=\"twitter:data2\" content=\"11 minutos\" \/>\n<script type=\"application\/ld+json\" class=\"yoast-schema-graph\">{\"@context\":\"https:\\\/\\\/schema.org\",\"@graph\":[{\"@type\":\"Article\",\"@id\":\"https:\\\/\\\/exaudi.org\\\/es\\\/claves-para-educar-en-familia\\\/#article\",\"isPartOf\":{\"@id\":\"https:\\\/\\\/exaudi.org\\\/es\\\/claves-para-educar-en-familia\\\/\"},\"author\":{\"name\":\"EduFamilia\",\"@id\":\"https:\\\/\\\/exaudi.org\\\/#\\\/schema\\\/person\\\/789fd6e2af95f3a374496fef6b8057fc\"},\"headline\":\"Claves para educar en familia\",\"datePublished\":\"2025-11-14T08:30:46+00:00\",\"dateModified\":\"2025-11-15T16:03:47+00:00\",\"mainEntityOfPage\":{\"@id\":\"https:\\\/\\\/exaudi.org\\\/es\\\/claves-para-educar-en-familia\\\/\"},\"wordCount\":2178,\"image\":{\"@id\":\"https:\\\/\\\/exaudi.org\\\/es\\\/claves-para-educar-en-familia\\\/#primaryimage\"},\"thumbnailUrl\":\"https:\\\/\\\/exaudi.org\\\/wp-content\\\/uploads\\\/2025\\\/11\\\/13._Claves_para_educar_en_familia.jpg\",\"keywords\":[\"amar bien el bien\",\"Amor\",\"amor aut\u00e9ntico\",\"autoridad en el hogar\",\"cauces energ\u00edas\",\"Claves\",\"Coherencia de vida\",\"Dios en la educaci\u00f3n\",\"Educaci\u00f3n\",\"educadores natos\",\"Educar en familia\",\"EduFamilia\",\"Ejemplo parental\",\"ense\u00f1anza del amor\",\"excelencia personal\",\"Familia\",\"Featured\",\"Felicidad\",\"fortalezas de los hijos\",\"herencia espiritual\",\"Hijos\",\"interlocutor divino\",\"libertad responsable\",\"matrimonio\",\"matrimonio fundamento\",\"no al sentimentalismo\",\"Padres\",\"Persona\",\"persona a persona\",\"principios educativos\",\"reflexi\u00f3n personal\",\"riesgos libertad\",\"SaberM\u00e1sParaAmarMejor\",\"tiempo e intimidad\",\"Tomas Melendo\",\"verdad bondad belleza\",\"Vida familiar\",\"virtud alegre\"],\"articleSection\":[\"Voces\"],\"inLanguage\":\"es\"},{\"@type\":\"WebPage\",\"@id\":\"https:\\\/\\\/exaudi.org\\\/es\\\/claves-para-educar-en-familia\\\/\",\"url\":\"https:\\\/\\\/exaudi.org\\\/es\\\/claves-para-educar-en-familia\\\/\",\"name\":\"Claves para educar en familia &#8211; Exaudi\",\"isPartOf\":{\"@id\":\"https:\\\/\\\/exaudi.org\\\/#website\"},\"primaryImageOfPage\":{\"@id\":\"https:\\\/\\\/exaudi.org\\\/es\\\/claves-para-educar-en-familia\\\/#primaryimage\"},\"image\":{\"@id\":\"https:\\\/\\\/exaudi.org\\\/es\\\/claves-para-educar-en-familia\\\/#primaryimage\"},\"thumbnailUrl\":\"https:\\\/\\\/exaudi.org\\\/wp-content\\\/uploads\\\/2025\\\/11\\\/13._Claves_para_educar_en_familia.jpg\",\"datePublished\":\"2025-11-14T08:30:46+00:00\",\"dateModified\":\"2025-11-15T16:03:47+00:00\",\"author\":{\"@id\":\"https:\\\/\\\/exaudi.org\\\/#\\\/schema\\\/person\\\/789fd6e2af95f3a374496fef6b8057fc\"},\"breadcrumb\":{\"@id\":\"https:\\\/\\\/exaudi.org\\\/es\\\/claves-para-educar-en-familia\\\/#breadcrumb\"},\"inLanguage\":\"es\",\"potentialAction\":[{\"@type\":\"ReadAction\",\"target\":[\"https:\\\/\\\/exaudi.org\\\/es\\\/claves-para-educar-en-familia\\\/\"]}]},{\"@type\":\"ImageObject\",\"inLanguage\":\"es\",\"@id\":\"https:\\\/\\\/exaudi.org\\\/es\\\/claves-para-educar-en-familia\\\/#primaryimage\",\"url\":\"https:\\\/\\\/exaudi.org\\\/wp-content\\\/uploads\\\/2025\\\/11\\\/13._Claves_para_educar_en_familia.jpg\",\"contentUrl\":\"https:\\\/\\\/exaudi.org\\\/wp-content\\\/uploads\\\/2025\\\/11\\\/13._Claves_para_educar_en_familia.jpg\",\"width\":1920,\"height\":1080},{\"@type\":\"BreadcrumbList\",\"@id\":\"https:\\\/\\\/exaudi.org\\\/es\\\/claves-para-educar-en-familia\\\/#breadcrumb\",\"itemListElement\":[{\"@type\":\"ListItem\",\"position\":1,\"name\":\"Portada\",\"item\":\"https:\\\/\\\/exaudi.org\\\/es\\\/\"},{\"@type\":\"ListItem\",\"position\":2,\"name\":\"Claves para educar en familia\"}]},{\"@type\":\"WebSite\",\"@id\":\"https:\\\/\\\/exaudi.org\\\/#website\",\"url\":\"https:\\\/\\\/exaudi.org\\\/\",\"name\":\"Exaudi\",\"description\":\"News\",\"potentialAction\":[{\"@type\":\"SearchAction\",\"target\":{\"@type\":\"EntryPoint\",\"urlTemplate\":\"https:\\\/\\\/exaudi.org\\\/?s={search_term_string}\"},\"query-input\":{\"@type\":\"PropertyValueSpecification\",\"valueRequired\":true,\"valueName\":\"search_term_string\"}}],\"inLanguage\":\"es\"},{\"@type\":\"Person\",\"@id\":\"https:\\\/\\\/exaudi.org\\\/#\\\/schema\\\/person\\\/789fd6e2af95f3a374496fef6b8057fc\",\"name\":\"EduFamilia\",\"image\":{\"@type\":\"ImageObject\",\"inLanguage\":\"es\",\"@id\":\"https:\\\/\\\/secure.gravatar.com\\\/avatar\\\/2ef1f3f76e97154daa0e14918939159ff06d6dba59a62843c706f74f696d396c?s=96&d=mm&r=g\",\"url\":\"https:\\\/\\\/secure.gravatar.com\\\/avatar\\\/2ef1f3f76e97154daa0e14918939159ff06d6dba59a62843c706f74f696d396c?s=96&d=mm&r=g\",\"contentUrl\":\"https:\\\/\\\/secure.gravatar.com\\\/avatar\\\/2ef1f3f76e97154daa0e14918939159ff06d6dba59a62843c706f74f696d396c?s=96&d=mm&r=g\",\"caption\":\"EduFamilia\"},\"description\":\"Edufamilia es una asociaci\u00f3n sin \u00e1nimo de lucro, nacida en el a\u00f1o 2005. Su fundador, Tom\u00e1s Melendo, advirti\u00f3 que una mejora en la calidad de las familias facilitar\u00eda la resoluci\u00f3n de bastantes de los problemas que aquejan a la sociedad de hoy. Y, apoyado siempre por su mujer, decidi\u00f3 lanzarse a esta aventura que cuenta con casi veinte a\u00f1os de vida y con m\u00faltiples ediciones de los distintos cursos formativos: M\u00e1steres y Maestr\u00edas, Expertos, cursos m\u00e1s breves, conferencias, ciclos culturales, seminarios y otros programas educativos. Aunque las primeras ediciones tuvieron car\u00e1cter presencial, actualmente se ha hecho un gran esfuerzo por promover la infraestructura virtual para adaptarse a los nuevos tiempos y que la formaci\u00f3n en torno a la familia alcance al mundo entero.\",\"sameAs\":[\"https:\\\/\\\/edufamilia.com\\\/\",\"https:\\\/\\\/www.facebook.com\\\/TomasMelendo\",\"https:\\\/\\\/www.instagram.com\\\/tomasmelendo\\\/\",\"https:\\\/\\\/www.linkedin.com\\\/company\\\/asociacin-edufamilia\\\/\",\"https:\\\/\\\/www.youtube.com\\\/channel\\\/UCU-7o2eQZJuHNtXB8AMMc1Q\"],\"url\":\"https:\\\/\\\/exaudi.org\\\/es\\\/author\\\/edufamilia\\\/\"}]}<\/script>\n<!-- \/ Yoast SEO plugin. -->","yoast_head_json":{"title":"Claves para educar en familia &#8211; Exaudi","robots":{"index":"index","follow":"follow","max-snippet":"max-snippet:-1","max-image-preview":"max-image-preview:large","max-video-preview":"max-video-preview:-1"},"canonical":"https:\/\/exaudi.org\/es\/claves-para-educar-en-familia\/","og_locale":"es_ES","og_type":"article","og_title":"Claves para educar en familia &#8211; Exaudi","og_description":"Recoge las principales ideas apuntadas en los art\u00edculos de la serie Diez principios y una clave para educar en familia","og_url":"https:\/\/exaudi.org\/es\/claves-para-educar-en-familia\/","og_site_name":"Exaudi","article_publisher":"https:\/\/www.facebook.com\/ExaudiNews","article_author":"https:\/\/www.facebook.com\/TomasMelendo","article_published_time":"2025-11-14T08:30:46+00:00","article_modified_time":"2025-11-15T16:03:47+00:00","og_image":[{"width":1920,"height":1080,"url":"https:\/\/exaudi.org\/wp-content\/uploads\/2025\/11\/13._Claves_para_educar_en_familia.jpg","type":"image\/jpeg"}],"author":"EduFamilia","twitter_card":"summary_large_image","twitter_creator":"@Exaudi_News","twitter_site":"@Exaudi_News","twitter_misc":{"Escrito por":"EduFamilia","Tiempo de lectura":"11 minutos"},"schema":{"@context":"https:\/\/schema.org","@graph":[{"@type":"Article","@id":"https:\/\/exaudi.org\/es\/claves-para-educar-en-familia\/#article","isPartOf":{"@id":"https:\/\/exaudi.org\/es\/claves-para-educar-en-familia\/"},"author":{"name":"EduFamilia","@id":"https:\/\/exaudi.org\/#\/schema\/person\/789fd6e2af95f3a374496fef6b8057fc"},"headline":"Claves para educar en familia","datePublished":"2025-11-14T08:30:46+00:00","dateModified":"2025-11-15T16:03:47+00:00","mainEntityOfPage":{"@id":"https:\/\/exaudi.org\/es\/claves-para-educar-en-familia\/"},"wordCount":2178,"image":{"@id":"https:\/\/exaudi.org\/es\/claves-para-educar-en-familia\/#primaryimage"},"thumbnailUrl":"https:\/\/exaudi.org\/wp-content\/uploads\/2025\/11\/13._Claves_para_educar_en_familia.jpg","keywords":["amar bien el bien","Amor","amor aut\u00e9ntico","autoridad en el hogar","cauces energ\u00edas","Claves","Coherencia de vida","Dios en la educaci\u00f3n","Educaci\u00f3n","educadores natos","Educar en familia","EduFamilia","Ejemplo parental","ense\u00f1anza del amor","excelencia personal","Familia","Featured","Felicidad","fortalezas de los hijos","herencia espiritual","Hijos","interlocutor divino","libertad responsable","matrimonio","matrimonio fundamento","no al sentimentalismo","Padres","Persona","persona a persona","principios educativos","reflexi\u00f3n personal","riesgos libertad","SaberM\u00e1sParaAmarMejor","tiempo e intimidad","Tomas Melendo","verdad bondad belleza","Vida familiar","virtud alegre"],"articleSection":["Voces"],"inLanguage":"es"},{"@type":"WebPage","@id":"https:\/\/exaudi.org\/es\/claves-para-educar-en-familia\/","url":"https:\/\/exaudi.org\/es\/claves-para-educar-en-familia\/","name":"Claves para educar en familia &#8211; Exaudi","isPartOf":{"@id":"https:\/\/exaudi.org\/#website"},"primaryImageOfPage":{"@id":"https:\/\/exaudi.org\/es\/claves-para-educar-en-familia\/#primaryimage"},"image":{"@id":"https:\/\/exaudi.org\/es\/claves-para-educar-en-familia\/#primaryimage"},"thumbnailUrl":"https:\/\/exaudi.org\/wp-content\/uploads\/2025\/11\/13._Claves_para_educar_en_familia.jpg","datePublished":"2025-11-14T08:30:46+00:00","dateModified":"2025-11-15T16:03:47+00:00","author":{"@id":"https:\/\/exaudi.org\/#\/schema\/person\/789fd6e2af95f3a374496fef6b8057fc"},"breadcrumb":{"@id":"https:\/\/exaudi.org\/es\/claves-para-educar-en-familia\/#breadcrumb"},"inLanguage":"es","potentialAction":[{"@type":"ReadAction","target":["https:\/\/exaudi.org\/es\/claves-para-educar-en-familia\/"]}]},{"@type":"ImageObject","inLanguage":"es","@id":"https:\/\/exaudi.org\/es\/claves-para-educar-en-familia\/#primaryimage","url":"https:\/\/exaudi.org\/wp-content\/uploads\/2025\/11\/13._Claves_para_educar_en_familia.jpg","contentUrl":"https:\/\/exaudi.org\/wp-content\/uploads\/2025\/11\/13._Claves_para_educar_en_familia.jpg","width":1920,"height":1080},{"@type":"BreadcrumbList","@id":"https:\/\/exaudi.org\/es\/claves-para-educar-en-familia\/#breadcrumb","itemListElement":[{"@type":"ListItem","position":1,"name":"Portada","item":"https:\/\/exaudi.org\/es\/"},{"@type":"ListItem","position":2,"name":"Claves para educar en familia"}]},{"@type":"WebSite","@id":"https:\/\/exaudi.org\/#website","url":"https:\/\/exaudi.org\/","name":"Exaudi","description":"News","potentialAction":[{"@type":"SearchAction","target":{"@type":"EntryPoint","urlTemplate":"https:\/\/exaudi.org\/?s={search_term_string}"},"query-input":{"@type":"PropertyValueSpecification","valueRequired":true,"valueName":"search_term_string"}}],"inLanguage":"es"},{"@type":"Person","@id":"https:\/\/exaudi.org\/#\/schema\/person\/789fd6e2af95f3a374496fef6b8057fc","name":"EduFamilia","image":{"@type":"ImageObject","inLanguage":"es","@id":"https:\/\/secure.gravatar.com\/avatar\/2ef1f3f76e97154daa0e14918939159ff06d6dba59a62843c706f74f696d396c?s=96&d=mm&r=g","url":"https:\/\/secure.gravatar.com\/avatar\/2ef1f3f76e97154daa0e14918939159ff06d6dba59a62843c706f74f696d396c?s=96&d=mm&r=g","contentUrl":"https:\/\/secure.gravatar.com\/avatar\/2ef1f3f76e97154daa0e14918939159ff06d6dba59a62843c706f74f696d396c?s=96&d=mm&r=g","caption":"EduFamilia"},"description":"Edufamilia es una asociaci\u00f3n sin \u00e1nimo de lucro, nacida en el a\u00f1o 2005. Su fundador, Tom\u00e1s Melendo, advirti\u00f3 que una mejora en la calidad de las familias facilitar\u00eda la resoluci\u00f3n de bastantes de los problemas que aquejan a la sociedad de hoy. Y, apoyado siempre por su mujer, decidi\u00f3 lanzarse a esta aventura que cuenta con casi veinte a\u00f1os de vida y con m\u00faltiples ediciones de los distintos cursos formativos: M\u00e1steres y Maestr\u00edas, Expertos, cursos m\u00e1s breves, conferencias, ciclos culturales, seminarios y otros programas educativos. Aunque las primeras ediciones tuvieron car\u00e1cter presencial, actualmente se ha hecho un gran esfuerzo por promover la infraestructura virtual para adaptarse a los nuevos tiempos y que la formaci\u00f3n en torno a la familia alcance al mundo entero.","sameAs":["https:\/\/edufamilia.com\/","https:\/\/www.facebook.com\/TomasMelendo","https:\/\/www.instagram.com\/tomasmelendo\/","https:\/\/www.linkedin.com\/company\/asociacin-edufamilia\/","https:\/\/www.youtube.com\/channel\/UCU-7o2eQZJuHNtXB8AMMc1Q"],"url":"https:\/\/exaudi.org\/es\/author\/edufamilia\/"}]}},"jetpack_featured_media_url":"https:\/\/exaudi.org\/wp-content\/uploads\/2025\/11\/13._Claves_para_educar_en_familia.jpg","jetpack_shortlink":"https:\/\/wp.me\/pgKjF2-C0n","_links":{"self":[{"href":"https:\/\/exaudi.org\/es\/wp-json\/wp\/v2\/posts\/146095","targetHints":{"allow":["GET"]}}],"collection":[{"href":"https:\/\/exaudi.org\/es\/wp-json\/wp\/v2\/posts"}],"about":[{"href":"https:\/\/exaudi.org\/es\/wp-json\/wp\/v2\/types\/post"}],"author":[{"embeddable":true,"href":"https:\/\/exaudi.org\/es\/wp-json\/wp\/v2\/users\/167"}],"replies":[{"embeddable":true,"href":"https:\/\/exaudi.org\/es\/wp-json\/wp\/v2\/comments?post=146095"}],"version-history":[{"count":21,"href":"https:\/\/exaudi.org\/es\/wp-json\/wp\/v2\/posts\/146095\/revisions"}],"predecessor-version":[{"id":146593,"href":"https:\/\/exaudi.org\/es\/wp-json\/wp\/v2\/posts\/146095\/revisions\/146593"}],"wp:featuredmedia":[{"embeddable":true,"href":"https:\/\/exaudi.org\/es\/wp-json\/wp\/v2\/media\/146101"}],"wp:attachment":[{"href":"https:\/\/exaudi.org\/es\/wp-json\/wp\/v2\/media?parent=146095"}],"wp:term":[{"taxonomy":"category","embeddable":true,"href":"https:\/\/exaudi.org\/es\/wp-json\/wp\/v2\/categories?post=146095"},{"taxonomy":"post_tag","embeddable":true,"href":"https:\/\/exaudi.org\/es\/wp-json\/wp\/v2\/tags?post=146095"}],"curies":[{"name":"wp","href":"https:\/\/api.w.org\/{rel}","templated":true}]}}