{"id":145917,"date":"2025-11-12T09:27:00","date_gmt":"2025-11-12T08:27:00","guid":{"rendered":"https:\/\/exaudi.org\/?p=145917"},"modified":"2025-11-12T09:40:09","modified_gmt":"2025-11-12T08:40:09","slug":"leon-xiv-coloquemos-a-cristo-en-el-nucleo-de-nuestra-existencia-y-apostolado","status":"publish","type":"post","link":"https:\/\/exaudi.org\/es\/leon-xiv-coloquemos-a-cristo-en-el-nucleo-de-nuestra-existencia-y-apostolado\/","title":{"rendered":"Le\u00f3n XIV: Coloquemos a Cristo en el n\u00facleo de nuestra existencia y apostolado"},"content":{"rendered":"<p dir=\"auto\">\u201cLos cambios abruptos que presenciamos nos desaf\u00edan e interpelan, generando cuestiones hasta ahora desconocidas\u201d. Con esta reflexi\u00f3n, el Papa Le\u00f3n XIV inst\u00f3 a la comunidad benedictina a permitir que la realidad los cuestione y a responder desde una fe que coloque a Cristo en el centro de la vida.<\/p>\n<p dir=\"auto\">El Pont\u00edfice presidi\u00f3 la Eucarist\u00eda el martes 11 de noviembre, solemnidad de San Mart\u00edn de Tours, en la iglesia de San Anselmo, situada en el Aventino de Roma y eje del complejo que la Confederaci\u00f3n Benedictina ha custodiado por m\u00e1s de un siglo.<\/p>\n<p dir=\"auto\">Le\u00f3n XIV evoc\u00f3 que esta iglesia, inaugurada hace 125 a\u00f1os por iniciativa del Papa Le\u00f3n XIII, surgi\u00f3 para reforzar la presencia y unidad benedictina en la Iglesia. Dicho proyecto abarc\u00f3 la instituci\u00f3n del Abad Primado, el Colegio Internacional y diversas iniciativas que a\u00fan definen la identidad del sitio.<\/p>\n<h3 dir=\"auto\"><strong>Monasterios: baluartes en \u00e9pocas turbulentas<\/strong><\/h3>\n<p dir=\"auto\">En su homil\u00eda, el Papa enfatiz\u00f3 que el monacato, desde sus inicios, ha estado \u201cen la frontera\u201d, abriendo senderos de oraci\u00f3n, labor y caridad en territorios apartados. As\u00ed, regiones \u00e1ridas se convirtieron en espacios pr\u00f3speros, no solo materialmente, sino principalmente en lo espiritual.<\/p>\n<p dir=\"auto\">\u201cEl monasterio \u2014afirm\u00f3\u2014 se ha distinguido como sitio de desarrollo, paz, acogida y unidad, incluso en las etapas m\u00e1s sombr\u00edas de la historia\u201d.<\/p>\n<p dir=\"auto\">Hoy, prosigui\u00f3, los obst\u00e1culos persisten: mutan de forma, se complejizan, pero demandan la misma respuesta esencial que dieron Pedro, Benito y numerosos testigos del Evangelio: reconocer a Cristo como Salvador y materializar esa fe en oraci\u00f3n, estudio y una existencia santa.<\/p>\n<p dir=\"auto\"><img loading=\"lazy\" decoding=\"async\" class=\"size-full wp-image-145924 alignnone\" src=\"https:\/\/exaudi.org\/wp-content\/uploads\/2025\/11\/cq5dam.thumbnail.cropped.750.422-4.jpeg\" alt=\"\" width=\"750\" height=\"422\" srcset=\"https:\/\/exaudi.org\/wp-content\/uploads\/2025\/11\/cq5dam.thumbnail.cropped.750.422-4.jpeg 750w, https:\/\/exaudi.org\/wp-content\/uploads\/2025\/11\/cq5dam.thumbnail.cropped.750.422-4-300x169.jpeg 300w, https:\/\/exaudi.org\/wp-content\/uploads\/2025\/11\/cq5dam.thumbnail.cropped.750.422-4-500x281.jpeg 500w\" sizes=\"auto, (max-width: 750px) 100vw, 750px\" \/><\/p>\n<h3 dir=\"auto\"><strong>Un \u201ccoraz\u00f3n vibrante\u201d del universo benedictino<\/strong><\/h3>\n<p dir=\"auto\">El Santo Padre exhort\u00f3 al conjunto de entidades del Aventino \u2014iglesia, monasterio, Ateneo, Instituto Lit\u00fargico e iniciativas pastorales\u2014 a avanzar en armon\u00eda conforme a las directrices de san Benito, como una aut\u00e9ntica \u201cescuela del servicio del Se\u00f1or\u201d.<\/p>\n<p dir=\"auto\">Tomando la primera lectura, que evoca el r\u00edo que surge del Templo, el Papa lo asemej\u00f3 a un coraz\u00f3n que impulsa sangre al organismo para vitalizar cada parte.<\/p>\n<p dir=\"auto\">En esta \u201ccolmena diligente\u201d \u2014tal como describi\u00f3 San Anselmo\u2014 todo ha de originarse en Cristo y retornar a \u00c9l: la liturgia, la <em>lectio divina<\/em>, la indagaci\u00f3n acad\u00e9mica y el acompa\u00f1amiento pastoral. Todo ello, con monjes de variadas naciones y apertura a cl\u00e9rigos, religiosos y laicos de diversos procedencias.<\/p>\n<p dir=\"auto\">Le\u00f3n XIV manifest\u00f3 su anhelo de que este complejo sea un foco que emita un mensaje prof\u00e9tico a la Iglesia y al mundo: que formamos un pueblo escogido para anunciar las maravillas de Dios, quien nos convoc\u00f3 de las sombras a su luz admirable.<\/p>\n<h3 dir=\"auto\"><strong>La dedicaci\u00f3n: puente entre lo humano y lo divino<\/strong><\/h3>\n<p dir=\"auto\">Meditando sobre el significado de la dedicaci\u00f3n de un templo, el Papa indic\u00f3 que es un acto solemne en que un edificio se consagra como \u00e1mbito de encuentro entre lo finito y lo infinito.<\/p>\n<p dir=\"auto\">El Pont\u00edfice cit\u00f3 un fragmento iluminador de la Constituci\u00f3n <em>Sacrosanctum Concilium<\/em>, que presenta a la Iglesia como humana y divina, activa y contemplativa, inmersa en el mundo pero dirigida a la ciudad venidera.<\/p>\n<p dir=\"auto\">Esa dial\u00e9ctica \u2014observ\u00f3\u2014 integra la existencia de todo individuo, que anhela respuestas que solo Dios puede ofrecer. Por ello, insisti\u00f3, requerimos a Jes\u00fas, \u201cel Cristo, el Hijo del Dios vivo\u201d, y estamos convocados no solo a hallarlo, sino a transmitirlo a los dem\u00e1s.<\/p>\n<p dir=\"auto\"><img loading=\"lazy\" decoding=\"async\" class=\"size-full wp-image-145933 alignnone\" src=\"https:\/\/exaudi.org\/wp-content\/uploads\/2025\/11\/SnapInsta.to_581258037_1239668634853335_5762347314353134852_n.jpg\" alt=\"\" width=\"1080\" height=\"720\" srcset=\"https:\/\/exaudi.org\/wp-content\/uploads\/2025\/11\/SnapInsta.to_581258037_1239668634853335_5762347314353134852_n.jpg 1080w, https:\/\/exaudi.org\/wp-content\/uploads\/2025\/11\/SnapInsta.to_581258037_1239668634853335_5762347314353134852_n-300x200.jpg 300w, https:\/\/exaudi.org\/wp-content\/uploads\/2025\/11\/SnapInsta.to_581258037_1239668634853335_5762347314353134852_n-1024x683.jpg 1024w, https:\/\/exaudi.org\/wp-content\/uploads\/2025\/11\/SnapInsta.to_581258037_1239668634853335_5762347314353134852_n-770x513.jpg 770w, https:\/\/exaudi.org\/wp-content\/uploads\/2025\/11\/SnapInsta.to_581258037_1239668634853335_5762347314353134852_n-360x240.jpg?crop=1 360w, https:\/\/exaudi.org\/wp-content\/uploads\/2025\/11\/SnapInsta.to_581258037_1239668634853335_5762347314353134852_n-500x333.jpg 500w\" sizes=\"auto, (max-width: 1080px) 100vw, 1080px\" \/><\/p>\n<h3 dir=\"auto\"><strong>Un templo que emana alegr\u00eda<\/strong><\/h3>\n<p dir=\"auto\">El Santo Padre finaliz\u00f3 su homil\u00eda impulsando a la asamblea a identificar los dones divinos recibidos y, sobre todo, el amor con que \u00c9l nos antecede siempre.<\/p>\n<p dir=\"auto\">Cuando este flujo se vive en plenitud, garantiz\u00f3, el templo se transforma en \u201cun espacio de alegr\u00eda\u201d, donde se vive la hermosura de compartir con otros lo recibido sin costo.<\/p>\n","protected":false},"excerpt":{"rendered":"<p>El Papa celebra el 125\u00b0 aniversario de la dedicaci\u00f3n de San Anselmo en el Aventino y exhorta a la comunidad benedictina a enfrentar los retos contempor\u00e1neos con una fe centrada en Jesucristo<\/p>\n","protected":false},"author":15,"featured_media":145929,"comment_status":"closed","ping_status":"closed","sticky":false,"template":"","format":"standard","meta":{"_acf_changed":false,"_crdt_document":"","inline_featured_image":false,"footnotes":""},"categories":[68],"tags":[80947,80944,80943,80945,4619,3164,34920,78652,69392,58067,6483,53823,80946,676,436,58111,1533,80942,21166,272,30281],"class_list":["post-145917","post","type-post","status-publish","format-standard","has-post-thumbnail","hentry","category-leon-xiv","tag-125-anos","tag-aniversario-dedicacion","tag-aventino","tag-cristo-centro","tag-estudio","tag-fe-es","tag-featured-es-14","tag-homilia-papal","tag-lectio-divina","tag-leon-xiv","tag-liturgia-es","tag-mision-espiritual","tag-monacato","tag-oracion","tag-papa-es","tag-papa-leon-xiv","tag-roma-es","tag-san-anselmo","tag-san-benito","tag-vaticano-es","tag-vida-santa"],"acf":[],"yoast_head":"<!-- This site is optimized with the Yoast SEO plugin v27.5 - https:\/\/yoast.com\/product\/yoast-seo-wordpress\/ -->\n<title>Le\u00f3n XIV: Coloquemos a Cristo en el n\u00facleo de nuestra existencia y apostolado &#8211; Exaudi<\/title>\n<meta name=\"robots\" content=\"index, follow, max-snippet:-1, max-image-preview:large, max-video-preview:-1\" \/>\n<link rel=\"canonical\" href=\"https:\/\/exaudi.org\/es\/leon-xiv-coloquemos-a-cristo-en-el-nucleo-de-nuestra-existencia-y-apostolado\/\" \/>\n<meta property=\"og:locale\" content=\"es_ES\" \/>\n<meta property=\"og:type\" content=\"article\" \/>\n<meta property=\"og:title\" content=\"Le\u00f3n XIV: Coloquemos a Cristo en el n\u00facleo de nuestra existencia y apostolado &#8211; Exaudi\" \/>\n<meta property=\"og:description\" content=\"El Papa celebra el 125\u00b0 aniversario de la dedicaci\u00f3n de San Anselmo en el Aventino y exhorta a la comunidad benedictina a enfrentar los retos contempor\u00e1neos con una fe centrada en Jesucristo\" \/>\n<meta property=\"og:url\" content=\"https:\/\/exaudi.org\/es\/leon-xiv-coloquemos-a-cristo-en-el-nucleo-de-nuestra-existencia-y-apostolado\/\" \/>\n<meta property=\"og:site_name\" content=\"Exaudi\" \/>\n<meta property=\"article:publisher\" content=\"https:\/\/www.facebook.com\/ExaudiNews\" \/>\n<meta property=\"article:author\" content=\"https:\/\/www.facebook.com\/ExaudiNoticias\/\" \/>\n<meta property=\"article:published_time\" content=\"2025-11-12T08:27:00+00:00\" \/>\n<meta property=\"article:modified_time\" content=\"2025-11-12T08:40:09+00:00\" \/>\n<meta property=\"og:image\" content=\"https:\/\/exaudi.org\/wp-content\/uploads\/2025\/11\/SnapInsta.to_580509771_1239668641520001_6598917010267983724_n.jpg\" \/>\n\t<meta property=\"og:image:width\" content=\"1080\" \/>\n\t<meta property=\"og:image:height\" content=\"720\" \/>\n\t<meta property=\"og:image:type\" content=\"image\/jpeg\" \/>\n<meta name=\"author\" content=\"Exaudi Redacci\u00f3n\" \/>\n<meta name=\"twitter:card\" content=\"summary_large_image\" \/>\n<meta name=\"twitter:creator\" content=\"@Exaudi_noticias\" \/>\n<meta name=\"twitter:site\" content=\"@Exaudi_News\" \/>\n<meta name=\"twitter:label1\" content=\"Escrito por\" \/>\n\t<meta name=\"twitter:data1\" content=\"Exaudi Redacci\u00f3n\" \/>\n\t<meta name=\"twitter:label2\" content=\"Tiempo de lectura\" \/>\n\t<meta name=\"twitter:data2\" content=\"3 minutos\" \/>\n<script type=\"application\/ld+json\" class=\"yoast-schema-graph\">{\"@context\":\"https:\\\/\\\/schema.org\",\"@graph\":[{\"@type\":\"Article\",\"@id\":\"https:\\\/\\\/exaudi.org\\\/es\\\/leon-xiv-coloquemos-a-cristo-en-el-nucleo-de-nuestra-existencia-y-apostolado\\\/#article\",\"isPartOf\":{\"@id\":\"https:\\\/\\\/exaudi.org\\\/es\\\/leon-xiv-coloquemos-a-cristo-en-el-nucleo-de-nuestra-existencia-y-apostolado\\\/\"},\"author\":{\"name\":\"Exaudi Redacci\u00f3n\",\"@id\":\"https:\\\/\\\/exaudi.org\\\/#\\\/schema\\\/person\\\/f5fc8f063065e38742da7afe15f25df7\"},\"headline\":\"Le\u00f3n XIV: Coloquemos a Cristo en el n\u00facleo de nuestra existencia y apostolado\",\"datePublished\":\"2025-11-12T08:27:00+00:00\",\"dateModified\":\"2025-11-12T08:40:09+00:00\",\"mainEntityOfPage\":{\"@id\":\"https:\\\/\\\/exaudi.org\\\/es\\\/leon-xiv-coloquemos-a-cristo-en-el-nucleo-de-nuestra-existencia-y-apostolado\\\/\"},\"wordCount\":652,\"image\":{\"@id\":\"https:\\\/\\\/exaudi.org\\\/es\\\/leon-xiv-coloquemos-a-cristo-en-el-nucleo-de-nuestra-existencia-y-apostolado\\\/#primaryimage\"},\"thumbnailUrl\":\"https:\\\/\\\/exaudi.org\\\/wp-content\\\/uploads\\\/2025\\\/11\\\/SnapInsta.to_580509771_1239668641520001_6598917010267983724_n.jpg\",\"keywords\":[\"125 a\u00f1os\",\"aniversario dedicaci\u00f3n\",\"Aventino\",\"Cristo centro\",\"estudio\",\"fe\",\"Featured\",\"homil\u00eda papal\",\"Lectio Divina\",\"Le\u00f3n XIV\",\"liturgia\",\"misi\u00f3n espiritual\",\"monacato\",\"Oraci\u00f3n\",\"Papa\",\"papa le\u00f3n xiv\",\"Roma\",\"San Anselmo\",\"San Benito\",\"Vaticano\",\"vida santa\"],\"articleSection\":[\"Le\u00f3n XIV\"],\"inLanguage\":\"es\"},{\"@type\":\"WebPage\",\"@id\":\"https:\\\/\\\/exaudi.org\\\/es\\\/leon-xiv-coloquemos-a-cristo-en-el-nucleo-de-nuestra-existencia-y-apostolado\\\/\",\"url\":\"https:\\\/\\\/exaudi.org\\\/es\\\/leon-xiv-coloquemos-a-cristo-en-el-nucleo-de-nuestra-existencia-y-apostolado\\\/\",\"name\":\"Le\u00f3n XIV: Coloquemos a Cristo en el n\u00facleo de nuestra existencia y apostolado &#8211; Exaudi\",\"isPartOf\":{\"@id\":\"https:\\\/\\\/exaudi.org\\\/#website\"},\"primaryImageOfPage\":{\"@id\":\"https:\\\/\\\/exaudi.org\\\/es\\\/leon-xiv-coloquemos-a-cristo-en-el-nucleo-de-nuestra-existencia-y-apostolado\\\/#primaryimage\"},\"image\":{\"@id\":\"https:\\\/\\\/exaudi.org\\\/es\\\/leon-xiv-coloquemos-a-cristo-en-el-nucleo-de-nuestra-existencia-y-apostolado\\\/#primaryimage\"},\"thumbnailUrl\":\"https:\\\/\\\/exaudi.org\\\/wp-content\\\/uploads\\\/2025\\\/11\\\/SnapInsta.to_580509771_1239668641520001_6598917010267983724_n.jpg\",\"datePublished\":\"2025-11-12T08:27:00+00:00\",\"dateModified\":\"2025-11-12T08:40:09+00:00\",\"author\":{\"@id\":\"https:\\\/\\\/exaudi.org\\\/#\\\/schema\\\/person\\\/f5fc8f063065e38742da7afe15f25df7\"},\"breadcrumb\":{\"@id\":\"https:\\\/\\\/exaudi.org\\\/es\\\/leon-xiv-coloquemos-a-cristo-en-el-nucleo-de-nuestra-existencia-y-apostolado\\\/#breadcrumb\"},\"inLanguage\":\"es\",\"potentialAction\":[{\"@type\":\"ReadAction\",\"target\":[\"https:\\\/\\\/exaudi.org\\\/es\\\/leon-xiv-coloquemos-a-cristo-en-el-nucleo-de-nuestra-existencia-y-apostolado\\\/\"]}]},{\"@type\":\"ImageObject\",\"inLanguage\":\"es\",\"@id\":\"https:\\\/\\\/exaudi.org\\\/es\\\/leon-xiv-coloquemos-a-cristo-en-el-nucleo-de-nuestra-existencia-y-apostolado\\\/#primaryimage\",\"url\":\"https:\\\/\\\/exaudi.org\\\/wp-content\\\/uploads\\\/2025\\\/11\\\/SnapInsta.to_580509771_1239668641520001_6598917010267983724_n.jpg\",\"contentUrl\":\"https:\\\/\\\/exaudi.org\\\/wp-content\\\/uploads\\\/2025\\\/11\\\/SnapInsta.to_580509771_1239668641520001_6598917010267983724_n.jpg\",\"width\":1080,\"height\":720},{\"@type\":\"BreadcrumbList\",\"@id\":\"https:\\\/\\\/exaudi.org\\\/es\\\/leon-xiv-coloquemos-a-cristo-en-el-nucleo-de-nuestra-existencia-y-apostolado\\\/#breadcrumb\",\"itemListElement\":[{\"@type\":\"ListItem\",\"position\":1,\"name\":\"Portada\",\"item\":\"https:\\\/\\\/exaudi.org\\\/es\\\/\"},{\"@type\":\"ListItem\",\"position\":2,\"name\":\"Le\u00f3n XIV: Coloquemos a Cristo en el n\u00facleo de nuestra existencia y apostolado\"}]},{\"@type\":\"WebSite\",\"@id\":\"https:\\\/\\\/exaudi.org\\\/#website\",\"url\":\"https:\\\/\\\/exaudi.org\\\/\",\"name\":\"Exaudi\",\"description\":\"News\",\"potentialAction\":[{\"@type\":\"SearchAction\",\"target\":{\"@type\":\"EntryPoint\",\"urlTemplate\":\"https:\\\/\\\/exaudi.org\\\/?s={search_term_string}\"},\"query-input\":{\"@type\":\"PropertyValueSpecification\",\"valueRequired\":true,\"valueName\":\"search_term_string\"}}],\"inLanguage\":\"es\"},{\"@type\":\"Person\",\"@id\":\"https:\\\/\\\/exaudi.org\\\/#\\\/schema\\\/person\\\/f5fc8f063065e38742da7afe15f25df7\",\"name\":\"Exaudi Redacci\u00f3n\",\"image\":{\"@type\":\"ImageObject\",\"inLanguage\":\"es\",\"@id\":\"https:\\\/\\\/secure.gravatar.com\\\/avatar\\\/fe0f6a059fb68d9b3e11bc5850dd4899b1c7492091a3cb6dd9b01b56ad828be2?s=96&d=mm&r=g\",\"url\":\"https:\\\/\\\/secure.gravatar.com\\\/avatar\\\/fe0f6a059fb68d9b3e11bc5850dd4899b1c7492091a3cb6dd9b01b56ad828be2?s=96&d=mm&r=g\",\"contentUrl\":\"https:\\\/\\\/secure.gravatar.com\\\/avatar\\\/fe0f6a059fb68d9b3e11bc5850dd4899b1c7492091a3cb6dd9b01b56ad828be2?s=96&d=mm&r=g\",\"caption\":\"Exaudi Redacci\u00f3n\"},\"description\":\"\u00bfQu\u00e9 es Exaudi News? Exaudi News es un medio de comunicaci\u00f3n cat\u00f3lico internacional que informa, forma y transforma, diariamente en espa\u00f1ol, ingl\u00e9s e italiano. A trav\u00e9s de noticias, art\u00edculos de an\u00e1lisis y transmisiones en directo de los eventos del Papa, Exaudi busca fortalecer la unidad de los cristianos y contribuir a la evangelizaci\u00f3n del mundo, siempre guiados por la doctrina social de la Iglesia. Trabajamos para acercar la verdad y los valores cristianos a cada rinc\u00f3n del planeta. \u00a1Ay\u00fadanos a transformar el mundo con Exaudi! En Exaudi creemos que la evangelizaci\u00f3n y la informaci\u00f3n de calidad pueden cambiar vidas. Para continuar con nuestra misi\u00f3n y expandir nuestro alcance, necesitamos tu ayuda. Adem\u00e1s, buscamos personas comprometidas que deseen unirse a nuestro equipo. Con tu apoyo, lograremos llegar a m\u00e1s personas, difundir el mensaje de Cristo y reforzar la unidad de los cristianos. \u00bfTe unes a nuestra misi\u00f3n? Para m\u00e1s informaci\u00f3n sobre c\u00f3mo colaborar, visita Exaudi.org\\\/es o cont\u00e1ctanos directamente: info@exaudi.org Exaudi: Informa, forma y transforma.\",\"sameAs\":[\"https:\\\/\\\/www.facebook.com\\\/ExaudiNoticias\\\/\",\"https:\\\/\\\/www.instagram.com\\\/exaudi_noticias\\\/\",\"https:\\\/\\\/x.com\\\/Exaudi_noticias\",\"https:\\\/\\\/www.youtube.com\\\/@exaudicatholicnews\"],\"url\":\"https:\\\/\\\/exaudi.org\\\/es\\\/author\\\/redaccionexaudi\\\/\"}]}<\/script>\n<!-- \/ Yoast SEO plugin. -->","yoast_head_json":{"title":"Le\u00f3n XIV: Coloquemos a Cristo en el n\u00facleo de nuestra existencia y apostolado &#8211; Exaudi","robots":{"index":"index","follow":"follow","max-snippet":"max-snippet:-1","max-image-preview":"max-image-preview:large","max-video-preview":"max-video-preview:-1"},"canonical":"https:\/\/exaudi.org\/es\/leon-xiv-coloquemos-a-cristo-en-el-nucleo-de-nuestra-existencia-y-apostolado\/","og_locale":"es_ES","og_type":"article","og_title":"Le\u00f3n XIV: Coloquemos a Cristo en el n\u00facleo de nuestra existencia y apostolado &#8211; Exaudi","og_description":"El Papa celebra el 125\u00b0 aniversario de la dedicaci\u00f3n de San Anselmo en el Aventino y exhorta a la comunidad benedictina a enfrentar los retos contempor\u00e1neos con una fe centrada en Jesucristo","og_url":"https:\/\/exaudi.org\/es\/leon-xiv-coloquemos-a-cristo-en-el-nucleo-de-nuestra-existencia-y-apostolado\/","og_site_name":"Exaudi","article_publisher":"https:\/\/www.facebook.com\/ExaudiNews","article_author":"https:\/\/www.facebook.com\/ExaudiNoticias\/","article_published_time":"2025-11-12T08:27:00+00:00","article_modified_time":"2025-11-12T08:40:09+00:00","og_image":[{"width":1080,"height":720,"url":"https:\/\/exaudi.org\/wp-content\/uploads\/2025\/11\/SnapInsta.to_580509771_1239668641520001_6598917010267983724_n.jpg","type":"image\/jpeg"}],"author":"Exaudi Redacci\u00f3n","twitter_card":"summary_large_image","twitter_creator":"@Exaudi_noticias","twitter_site":"@Exaudi_News","twitter_misc":{"Escrito por":"Exaudi Redacci\u00f3n","Tiempo de lectura":"3 minutos"},"schema":{"@context":"https:\/\/schema.org","@graph":[{"@type":"Article","@id":"https:\/\/exaudi.org\/es\/leon-xiv-coloquemos-a-cristo-en-el-nucleo-de-nuestra-existencia-y-apostolado\/#article","isPartOf":{"@id":"https:\/\/exaudi.org\/es\/leon-xiv-coloquemos-a-cristo-en-el-nucleo-de-nuestra-existencia-y-apostolado\/"},"author":{"name":"Exaudi Redacci\u00f3n","@id":"https:\/\/exaudi.org\/#\/schema\/person\/f5fc8f063065e38742da7afe15f25df7"},"headline":"Le\u00f3n XIV: Coloquemos a Cristo en el n\u00facleo de nuestra existencia y apostolado","datePublished":"2025-11-12T08:27:00+00:00","dateModified":"2025-11-12T08:40:09+00:00","mainEntityOfPage":{"@id":"https:\/\/exaudi.org\/es\/leon-xiv-coloquemos-a-cristo-en-el-nucleo-de-nuestra-existencia-y-apostolado\/"},"wordCount":652,"image":{"@id":"https:\/\/exaudi.org\/es\/leon-xiv-coloquemos-a-cristo-en-el-nucleo-de-nuestra-existencia-y-apostolado\/#primaryimage"},"thumbnailUrl":"https:\/\/exaudi.org\/wp-content\/uploads\/2025\/11\/SnapInsta.to_580509771_1239668641520001_6598917010267983724_n.jpg","keywords":["125 a\u00f1os","aniversario dedicaci\u00f3n","Aventino","Cristo centro","estudio","fe","Featured","homil\u00eda papal","Lectio Divina","Le\u00f3n XIV","liturgia","misi\u00f3n espiritual","monacato","Oraci\u00f3n","Papa","papa le\u00f3n xiv","Roma","San Anselmo","San Benito","Vaticano","vida santa"],"articleSection":["Le\u00f3n XIV"],"inLanguage":"es"},{"@type":"WebPage","@id":"https:\/\/exaudi.org\/es\/leon-xiv-coloquemos-a-cristo-en-el-nucleo-de-nuestra-existencia-y-apostolado\/","url":"https:\/\/exaudi.org\/es\/leon-xiv-coloquemos-a-cristo-en-el-nucleo-de-nuestra-existencia-y-apostolado\/","name":"Le\u00f3n XIV: Coloquemos a Cristo en el n\u00facleo de nuestra existencia y apostolado &#8211; Exaudi","isPartOf":{"@id":"https:\/\/exaudi.org\/#website"},"primaryImageOfPage":{"@id":"https:\/\/exaudi.org\/es\/leon-xiv-coloquemos-a-cristo-en-el-nucleo-de-nuestra-existencia-y-apostolado\/#primaryimage"},"image":{"@id":"https:\/\/exaudi.org\/es\/leon-xiv-coloquemos-a-cristo-en-el-nucleo-de-nuestra-existencia-y-apostolado\/#primaryimage"},"thumbnailUrl":"https:\/\/exaudi.org\/wp-content\/uploads\/2025\/11\/SnapInsta.to_580509771_1239668641520001_6598917010267983724_n.jpg","datePublished":"2025-11-12T08:27:00+00:00","dateModified":"2025-11-12T08:40:09+00:00","author":{"@id":"https:\/\/exaudi.org\/#\/schema\/person\/f5fc8f063065e38742da7afe15f25df7"},"breadcrumb":{"@id":"https:\/\/exaudi.org\/es\/leon-xiv-coloquemos-a-cristo-en-el-nucleo-de-nuestra-existencia-y-apostolado\/#breadcrumb"},"inLanguage":"es","potentialAction":[{"@type":"ReadAction","target":["https:\/\/exaudi.org\/es\/leon-xiv-coloquemos-a-cristo-en-el-nucleo-de-nuestra-existencia-y-apostolado\/"]}]},{"@type":"ImageObject","inLanguage":"es","@id":"https:\/\/exaudi.org\/es\/leon-xiv-coloquemos-a-cristo-en-el-nucleo-de-nuestra-existencia-y-apostolado\/#primaryimage","url":"https:\/\/exaudi.org\/wp-content\/uploads\/2025\/11\/SnapInsta.to_580509771_1239668641520001_6598917010267983724_n.jpg","contentUrl":"https:\/\/exaudi.org\/wp-content\/uploads\/2025\/11\/SnapInsta.to_580509771_1239668641520001_6598917010267983724_n.jpg","width":1080,"height":720},{"@type":"BreadcrumbList","@id":"https:\/\/exaudi.org\/es\/leon-xiv-coloquemos-a-cristo-en-el-nucleo-de-nuestra-existencia-y-apostolado\/#breadcrumb","itemListElement":[{"@type":"ListItem","position":1,"name":"Portada","item":"https:\/\/exaudi.org\/es\/"},{"@type":"ListItem","position":2,"name":"Le\u00f3n XIV: Coloquemos a Cristo en el n\u00facleo de nuestra existencia y apostolado"}]},{"@type":"WebSite","@id":"https:\/\/exaudi.org\/#website","url":"https:\/\/exaudi.org\/","name":"Exaudi","description":"News","potentialAction":[{"@type":"SearchAction","target":{"@type":"EntryPoint","urlTemplate":"https:\/\/exaudi.org\/?s={search_term_string}"},"query-input":{"@type":"PropertyValueSpecification","valueRequired":true,"valueName":"search_term_string"}}],"inLanguage":"es"},{"@type":"Person","@id":"https:\/\/exaudi.org\/#\/schema\/person\/f5fc8f063065e38742da7afe15f25df7","name":"Exaudi Redacci\u00f3n","image":{"@type":"ImageObject","inLanguage":"es","@id":"https:\/\/secure.gravatar.com\/avatar\/fe0f6a059fb68d9b3e11bc5850dd4899b1c7492091a3cb6dd9b01b56ad828be2?s=96&d=mm&r=g","url":"https:\/\/secure.gravatar.com\/avatar\/fe0f6a059fb68d9b3e11bc5850dd4899b1c7492091a3cb6dd9b01b56ad828be2?s=96&d=mm&r=g","contentUrl":"https:\/\/secure.gravatar.com\/avatar\/fe0f6a059fb68d9b3e11bc5850dd4899b1c7492091a3cb6dd9b01b56ad828be2?s=96&d=mm&r=g","caption":"Exaudi Redacci\u00f3n"},"description":"\u00bfQu\u00e9 es Exaudi News? Exaudi News es un medio de comunicaci\u00f3n cat\u00f3lico internacional que informa, forma y transforma, diariamente en espa\u00f1ol, ingl\u00e9s e italiano. A trav\u00e9s de noticias, art\u00edculos de an\u00e1lisis y transmisiones en directo de los eventos del Papa, Exaudi busca fortalecer la unidad de los cristianos y contribuir a la evangelizaci\u00f3n del mundo, siempre guiados por la doctrina social de la Iglesia. Trabajamos para acercar la verdad y los valores cristianos a cada rinc\u00f3n del planeta. \u00a1Ay\u00fadanos a transformar el mundo con Exaudi! En Exaudi creemos que la evangelizaci\u00f3n y la informaci\u00f3n de calidad pueden cambiar vidas. Para continuar con nuestra misi\u00f3n y expandir nuestro alcance, necesitamos tu ayuda. Adem\u00e1s, buscamos personas comprometidas que deseen unirse a nuestro equipo. Con tu apoyo, lograremos llegar a m\u00e1s personas, difundir el mensaje de Cristo y reforzar la unidad de los cristianos. \u00bfTe unes a nuestra misi\u00f3n? Para m\u00e1s informaci\u00f3n sobre c\u00f3mo colaborar, visita Exaudi.org\/es o cont\u00e1ctanos directamente: info@exaudi.org Exaudi: Informa, forma y transforma.","sameAs":["https:\/\/www.facebook.com\/ExaudiNoticias\/","https:\/\/www.instagram.com\/exaudi_noticias\/","https:\/\/x.com\/Exaudi_noticias","https:\/\/www.youtube.com\/@exaudicatholicnews"],"url":"https:\/\/exaudi.org\/es\/author\/redaccionexaudi\/"}]}},"jetpack_featured_media_url":"https:\/\/exaudi.org\/wp-content\/uploads\/2025\/11\/SnapInsta.to_580509771_1239668641520001_6598917010267983724_n.jpg","jetpack_shortlink":"https:\/\/wp.me\/pgKjF2-BXv","_links":{"self":[{"href":"https:\/\/exaudi.org\/es\/wp-json\/wp\/v2\/posts\/145917","targetHints":{"allow":["GET"]}}],"collection":[{"href":"https:\/\/exaudi.org\/es\/wp-json\/wp\/v2\/posts"}],"about":[{"href":"https:\/\/exaudi.org\/es\/wp-json\/wp\/v2\/types\/post"}],"author":[{"embeddable":true,"href":"https:\/\/exaudi.org\/es\/wp-json\/wp\/v2\/users\/15"}],"replies":[{"embeddable":true,"href":"https:\/\/exaudi.org\/es\/wp-json\/wp\/v2\/comments?post=145917"}],"version-history":[{"count":5,"href":"https:\/\/exaudi.org\/es\/wp-json\/wp\/v2\/posts\/145917\/revisions"}],"predecessor-version":[{"id":145932,"href":"https:\/\/exaudi.org\/es\/wp-json\/wp\/v2\/posts\/145917\/revisions\/145932"}],"wp:featuredmedia":[{"embeddable":true,"href":"https:\/\/exaudi.org\/es\/wp-json\/wp\/v2\/media\/145929"}],"wp:attachment":[{"href":"https:\/\/exaudi.org\/es\/wp-json\/wp\/v2\/media?parent=145917"}],"wp:term":[{"taxonomy":"category","embeddable":true,"href":"https:\/\/exaudi.org\/es\/wp-json\/wp\/v2\/categories?post=145917"},{"taxonomy":"post_tag","embeddable":true,"href":"https:\/\/exaudi.org\/es\/wp-json\/wp\/v2\/tags?post=145917"}],"curies":[{"name":"wp","href":"https:\/\/api.w.org\/{rel}","templated":true}]}}