{"id":145615,"date":"2025-11-09T09:27:34","date_gmt":"2025-11-09T08:27:34","guid":{"rendered":"https:\/\/exaudi.org\/?p=145615"},"modified":"2025-11-09T09:30:12","modified_gmt":"2025-11-09T08:30:12","slug":"reflexion-de-monsenor-enrique-diaz-vi-salir-agua-del-templo-era-un-agua-que-daba-vida-y-fertilidad","status":"publish","type":"post","link":"https:\/\/exaudi.org\/es\/reflexion-de-monsenor-enrique-diaz-vi-salir-agua-del-templo-era-un-agua-que-daba-vida-y-fertilidad\/","title":{"rendered":"Reflexi\u00f3n de Monse\u00f1or Enrique D\u00edaz: \u201cVi salir agua del templo: era un agua que daba vida y fertilidad\u201d"},"content":{"rendered":"<audio class=\"wp-audio-shortcode\" id=\"audio-145615-1\" preload=\"none\" style=\"width: 100%;\" controls=\"controls\"><source type=\"audio\/mpeg\" src=\"https:\/\/exaudi.org\/wp-content\/uploads\/2025\/11\/9-noviembre.mp3?_=1\" \/><a href=\"https:\/\/exaudi.org\/wp-content\/uploads\/2025\/11\/9-noviembre.mp3\">https:\/\/exaudi.org\/wp-content\/uploads\/2025\/11\/9-noviembre.mp3<\/a><\/audio>\n<p><span dir=\"auto\">Monse\u00f1or Enrique D\u00edaz D\u00edaz comparte con los lectores de Exaudi su reflexi\u00f3n sobre el\u00a0<\/span><a href=\"https:\/\/www.dominicos.org\/predicacion\/homilia\/9-11-2025\/lecturas\/\" target=\"_blank\" rel=\"noopener\"><span dir=\"auto\">Evangelio de este domingo 9 de noviembre de 2025<\/span><\/a><span dir=\"auto\">\u00a0, titulado:\u00a0<em>\u201c<\/em><\/span><em>Vi salir agua del templo: era un agua que daba vida y fertilidad<\/em><span dir=\"auto\"><em>\u201d<\/em><\/span><em><span dir=\"auto\">.<\/span><\/em><\/p>\n<p><span dir=\"auto\">***<\/span><\/p>\n<p>Ezequiel 47, 1-2. 8-9. 12: \u201cVi salir agua del templo: era un agua que daba vida y fertilidad\u201d.<\/p>\n<p>Salmo 45: \u201cUn r\u00edo alegra la ciudad de Dios\u201d.<\/p>\n<p>I Corintios 3, 9-11. 16-17: \u201cUstedes son el templo de Dios\u201d.<\/p>\n<p>San Juan 2, 13-22: \u201cJes\u00fas hablaba del templo de su cuerpo\u201d.<\/p>\n<p>Hace pocos d\u00edas bendijimos una nueva capilla en un ranchito muy alejado. \u00a1Qu\u00e9 orgullo para los fieles de la peque\u00f1a comunidad! Me explican c\u00f3mo todos han participado tanto en conseguir los materiales como f\u00edsicamente en la construcci\u00f3n. \u201cEste templo, m\u00e1s que piedras y cemento, es s\u00edmbolo y se\u00f1a de la dignidad de cada uno de nosotros: vivimos lejos, pobres y olvidados, pero nosotros somos el templo de Dios\u201d.<\/p>\n<p>Hoy celebramos la fiesta de la Dedicaci\u00f3n de la Bas\u00edlica de san Juan de Letr\u00e1n, la catedral del Obispo de Roma y la primera en antig\u00fcedad y dignidad entre todas las iglesias de Occidente. Es tan importante esta fiesta que rompe el ritmo de los domingos ordinarios y nos invita a reflexionar el sentido de la fundaci\u00f3n y misi\u00f3n de la Iglesia, de los templos y su construcci\u00f3n y del templo vivo que somos cada uno de nosotros. Fue todo un s\u00edmbolo cuando el Papa Francisco, a los pocos d\u00edas de iniciado su pontificado, fue a asumir su servicio como Obispo de Roma en esta Bas\u00edlica.<\/p>\n<p>\u00bfC\u00f3mo es y c\u00f3mo debe ser la Iglesia? El Papa Francisco humildemente reconoc\u00eda que \u201cLa Iglesia debe profundizar en la conciencia de s\u00ed misma, debe meditar\u2026 comparar la imagen ideal de la Iglesia -tal como Cristo la vio, la quiso y la am\u00f3 como Esposa suya santa e inmaculada- y el rostro real que hoy la Iglesia presenta. Brota, por lo tanto, un anhelo generoso y casi impaciente de renovaci\u00f3n, es decir, de enmienda de los defectos que denuncia y refleja la conciencia, a modo de examen interior, frente al espejo del modelo que Cristo nos dej\u00f3 de s\u00ed\u201d. \u00bfEstamos reflejando el rostro que quiere Jes\u00fas para su Iglesia? Las lecturas de este d\u00eda nos ofrecen tres im\u00e1genes muy vivas para que nos examinemos si realmente estamos respondiendo al sue\u00f1o de Jes\u00fas.<\/p>\n<p>La primera nos la presenta Ezequiel: una bella imagen del templo del que mana agua, que da vida y fertilidad por todos los rumbos, saneando los desiertos, haciendo prosperar la vida, dando fuerza y vigor a los \u00e1rboles frutales y plantas medicinales. \u00bfPodremos reconocer en esta imagen a nuestra Iglesia? Son los sue\u00f1os de Jes\u00fas: que su Evangelio lleve vida y verdadera prosperidad a todos los espacios, que sane a los enfermos, que haga dar frutos de justicia y de paz. Por eso tambi\u00e9n del Papa Le\u00f3n asume una Iglesia de puertas abiertas, llena del Esp\u00edritu, que lleve en su coraz\u00f3n la alegr\u00eda del Evangelio. Una Iglesia que contagie y que anime. Una Iglesia samaritana que vende las heridas, que reciba al que se ha equivocado. Una Iglesia madre que acoge con amor a todos sus hijos. Esta Iglesia, formada por pecadores y miserables, tiene la gran misi\u00f3n de dar vida con el Evangelio.<\/p>\n<p>La segunda imagen es la expulsi\u00f3n de mercaderes. Duras las palabras de Jes\u00fas y m\u00e1s duros sus golpes que expulsan del templo a los comerciantes. En la actualidad uno de los graves problemas que tenemos es ver la religi\u00f3n como negocio y como ganancia: el mercadeo de las religiones. Se busca la religi\u00f3n m\u00e1s c\u00f3moda y que ofrezca m\u00e1s facilidades, la que menos comprometa, la que nos brinde m\u00e1s felicidad. Por desgracia tenemos que reconocer que muchas veces hemos ca\u00eddo en este comercialismo y no solamente de parte de sus ministros, sino que se ha ido haciendo una mentalidad que lo favorece. No importa tanto la relaci\u00f3n con Dios, sino cumplir un rito; no nos interesa el encuentro con Jes\u00fas, sino una apariencia social de los sacramentos; no nos interesa un compromiso serio, sino solamente salir de los problemas y apuraciones. As\u00ed se multiplican novenas y devociones sin sentido y se abandona la vivencia profunda del Evangelio. Se \u201ccumple\u201d con obligaciones pero no se vive en relaci\u00f3n con Cristo.<\/p>\n<p>\u201cEl celo de tu casa me devora\u201d, confirma San Juan tratando de justificar las acciones de Jes\u00fas. Y ciertamente Jes\u00fas tendr\u00e1 celo del culto que se da a su Padre en los templos y buscar\u00e1 que hagamos de cada casa un lugar de encuentro e intimidad con Dios, que demos espacio a escuchar su Palabra y a vivir en la fraternidad. Pero indudablemente que se refiere tambi\u00e9n al templo de su cuerpo y al templo de cada persona. \u00a1Cu\u00e1nto desprecio y manipulaci\u00f3n de personas! Incontables cr\u00edmenes y vejaciones a la dignidad de cada una de ellas. \u00a1No son tratadas como templos! Al mismos tiempo que debemos cuidar y respetar los templos debemos reconocer y respetar la dignidad de cada persona como templo de Dios. As\u00ed lo dice el prefacio de este d\u00eda: \u201cPorque en toda casa consagrada a la oraci\u00f3n te has dignado quedarte con nosotros, para hacernos t\u00fa mismo templos del Esp\u00edritu Santo, que brillen, sostenidos por tu gracia, con el esplendor de una vida santa\u201d<\/p>\n<p>La tercera imagen son las palabras de San Pablo que resuenan fuerte en un mundo donde se ha desvalorizado la persona, donde se proclaman los derechos humanos solamente para despu\u00e9s violarlos: \u201c\u00bfNo saben acaso ustedes que son templo de Dios y que el Esp\u00edritu de Dios habita en ustedes? Quien destruye el templo de Dios, ser\u00e1 destruido por Dios, porque el templo de Dios es santo y ustedes son ese templo\u201d. C\u00f3mo nos debe doler el tr\u00e1fico de personas, sobre todo de ni\u00f1os, la prostituci\u00f3n, la violaci\u00f3n de los derechos humanos, los asesinatos y desapariciones, sabiendo que cada uno de ellos es templo de Dios. Se ha mercantilizado a las personas, se les utiliza como material de intercambio, se les hace a un lado y se les desprecia en aras del progreso y del bienestar de unos cuantos. Es triste y muy lamentable la situaci\u00f3n a la que hemos llegado: las ejecuciones, los secuestros, la venta de \u00f3rganos y de personas.<\/p>\n<p>\u00bfQu\u00e9 nos hacen pensar las lecturas de este d\u00eda? \u00bfA qu\u00e9 nos comprometen? \u00bfRespetamos nuestros templos y a las personas como templos de Dios?<\/p>\n<p>&nbsp;<\/p>\n<p>&nbsp;<\/p>\n","protected":false},"excerpt":{"rendered":"<p>9 de noviembre La Dedicaci\u00f3n de la Bas\u00edlica de Letr\u00e1n<\/p>\n","protected":false},"author":15,"featured_media":145618,"comment_status":"closed","ping_status":"closed","sticky":false,"template":"","format":"standard","meta":{"_acf_changed":false,"_crdt_document":"","inline_featured_image":false,"footnotes":""},"categories":[96,74],"tags":[80716,5654,1372,414,58880],"class_list":["post-145615","post","type-post","status-publish","format-standard","has-post-thumbnail","hentry","category-espiritualidad","category-iglesia-y-mundo","tag-dedicacion-de-la-basilica-de-letran","tag-enrique-diaz","tag-evangelio","tag-reflexion","tag-trending-es-151"],"acf":[],"yoast_head":"<!-- This site is optimized with the Yoast SEO plugin v27.5 - https:\/\/yoast.com\/product\/yoast-seo-wordpress\/ -->\n<title>Reflexi\u00f3n de Monse\u00f1or Enrique D\u00edaz: \u201cVi salir agua del templo: era un agua que daba vida y fertilidad\u201d &#8211; Exaudi<\/title>\n<meta name=\"robots\" content=\"index, follow, max-snippet:-1, max-image-preview:large, max-video-preview:-1\" \/>\n<link rel=\"canonical\" href=\"https:\/\/exaudi.org\/es\/reflexion-de-monsenor-enrique-diaz-vi-salir-agua-del-templo-era-un-agua-que-daba-vida-y-fertilidad\/\" \/>\n<meta property=\"og:locale\" content=\"es_ES\" \/>\n<meta property=\"og:type\" content=\"article\" \/>\n<meta property=\"og:title\" content=\"Reflexi\u00f3n de Monse\u00f1or Enrique D\u00edaz: \u201cVi salir agua del templo: era un agua que daba vida y fertilidad\u201d &#8211; Exaudi\" \/>\n<meta property=\"og:description\" content=\"9 de noviembre La Dedicaci\u00f3n de la Bas\u00edlica de Letr\u00e1n\" \/>\n<meta property=\"og:url\" content=\"https:\/\/exaudi.org\/es\/reflexion-de-monsenor-enrique-diaz-vi-salir-agua-del-templo-era-un-agua-que-daba-vida-y-fertilidad\/\" \/>\n<meta property=\"og:site_name\" content=\"Exaudi\" \/>\n<meta property=\"article:publisher\" content=\"https:\/\/www.facebook.com\/ExaudiNews\" \/>\n<meta property=\"article:author\" content=\"https:\/\/www.facebook.com\/ExaudiNoticias\/\" \/>\n<meta property=\"article:published_time\" content=\"2025-11-09T08:27:34+00:00\" \/>\n<meta property=\"article:modified_time\" content=\"2025-11-09T08:30:12+00:00\" \/>\n<meta property=\"og:image\" content=\"https:\/\/exaudi.org\/wp-content\/uploads\/2025\/11\/church-8950255_1280.jpg\" \/>\n\t<meta property=\"og:image:width\" content=\"1280\" \/>\n\t<meta property=\"og:image:height\" content=\"1000\" \/>\n\t<meta property=\"og:image:type\" content=\"image\/jpeg\" \/>\n<meta name=\"author\" content=\"Exaudi Redacci\u00f3n\" \/>\n<meta name=\"twitter:card\" content=\"summary_large_image\" \/>\n<meta name=\"twitter:creator\" content=\"@Exaudi_noticias\" \/>\n<meta name=\"twitter:site\" content=\"@Exaudi_News\" \/>\n<meta name=\"twitter:label1\" content=\"Escrito por\" \/>\n\t<meta name=\"twitter:data1\" content=\"Exaudi Redacci\u00f3n\" \/>\n\t<meta name=\"twitter:label2\" content=\"Tiempo de lectura\" \/>\n\t<meta name=\"twitter:data2\" content=\"6 minutos\" \/>\n<script type=\"application\/ld+json\" class=\"yoast-schema-graph\">{\"@context\":\"https:\\\/\\\/schema.org\",\"@graph\":[{\"@type\":\"Article\",\"@id\":\"https:\\\/\\\/exaudi.org\\\/es\\\/reflexion-de-monsenor-enrique-diaz-vi-salir-agua-del-templo-era-un-agua-que-daba-vida-y-fertilidad\\\/#article\",\"isPartOf\":{\"@id\":\"https:\\\/\\\/exaudi.org\\\/es\\\/reflexion-de-monsenor-enrique-diaz-vi-salir-agua-del-templo-era-un-agua-que-daba-vida-y-fertilidad\\\/\"},\"author\":{\"name\":\"Exaudi Redacci\u00f3n\",\"@id\":\"https:\\\/\\\/exaudi.org\\\/#\\\/schema\\\/person\\\/f5fc8f063065e38742da7afe15f25df7\"},\"headline\":\"Reflexi\u00f3n de Monse\u00f1or Enrique D\u00edaz: \u201cVi salir agua del templo: era un agua que daba vida y fertilidad\u201d\",\"datePublished\":\"2025-11-09T08:27:34+00:00\",\"dateModified\":\"2025-11-09T08:30:12+00:00\",\"mainEntityOfPage\":{\"@id\":\"https:\\\/\\\/exaudi.org\\\/es\\\/reflexion-de-monsenor-enrique-diaz-vi-salir-agua-del-templo-era-un-agua-que-daba-vida-y-fertilidad\\\/\"},\"wordCount\":1165,\"image\":{\"@id\":\"https:\\\/\\\/exaudi.org\\\/es\\\/reflexion-de-monsenor-enrique-diaz-vi-salir-agua-del-templo-era-un-agua-que-daba-vida-y-fertilidad\\\/#primaryimage\"},\"thumbnailUrl\":\"https:\\\/\\\/exaudi.org\\\/wp-content\\\/uploads\\\/2025\\\/11\\\/church-8950255_1280.jpg\",\"keywords\":[\"Dedicaci\u00f3n de la Bas\u00edlica de Letr\u00e1n\",\"Enrique D\u00edaz\",\"Evangelio\",\"Reflexi\u00f3n\",\"Trending\"],\"articleSection\":[\"Espiritualidad\",\"Iglesia y Mundo\"],\"inLanguage\":\"es\"},{\"@type\":\"WebPage\",\"@id\":\"https:\\\/\\\/exaudi.org\\\/es\\\/reflexion-de-monsenor-enrique-diaz-vi-salir-agua-del-templo-era-un-agua-que-daba-vida-y-fertilidad\\\/\",\"url\":\"https:\\\/\\\/exaudi.org\\\/es\\\/reflexion-de-monsenor-enrique-diaz-vi-salir-agua-del-templo-era-un-agua-que-daba-vida-y-fertilidad\\\/\",\"name\":\"Reflexi\u00f3n de Monse\u00f1or Enrique D\u00edaz: \u201cVi salir agua del templo: era un agua que daba vida y fertilidad\u201d &#8211; Exaudi\",\"isPartOf\":{\"@id\":\"https:\\\/\\\/exaudi.org\\\/#website\"},\"primaryImageOfPage\":{\"@id\":\"https:\\\/\\\/exaudi.org\\\/es\\\/reflexion-de-monsenor-enrique-diaz-vi-salir-agua-del-templo-era-un-agua-que-daba-vida-y-fertilidad\\\/#primaryimage\"},\"image\":{\"@id\":\"https:\\\/\\\/exaudi.org\\\/es\\\/reflexion-de-monsenor-enrique-diaz-vi-salir-agua-del-templo-era-un-agua-que-daba-vida-y-fertilidad\\\/#primaryimage\"},\"thumbnailUrl\":\"https:\\\/\\\/exaudi.org\\\/wp-content\\\/uploads\\\/2025\\\/11\\\/church-8950255_1280.jpg\",\"datePublished\":\"2025-11-09T08:27:34+00:00\",\"dateModified\":\"2025-11-09T08:30:12+00:00\",\"author\":{\"@id\":\"https:\\\/\\\/exaudi.org\\\/#\\\/schema\\\/person\\\/f5fc8f063065e38742da7afe15f25df7\"},\"breadcrumb\":{\"@id\":\"https:\\\/\\\/exaudi.org\\\/es\\\/reflexion-de-monsenor-enrique-diaz-vi-salir-agua-del-templo-era-un-agua-que-daba-vida-y-fertilidad\\\/#breadcrumb\"},\"inLanguage\":\"es\",\"potentialAction\":[{\"@type\":\"ReadAction\",\"target\":[\"https:\\\/\\\/exaudi.org\\\/es\\\/reflexion-de-monsenor-enrique-diaz-vi-salir-agua-del-templo-era-un-agua-que-daba-vida-y-fertilidad\\\/\"]}]},{\"@type\":\"ImageObject\",\"inLanguage\":\"es\",\"@id\":\"https:\\\/\\\/exaudi.org\\\/es\\\/reflexion-de-monsenor-enrique-diaz-vi-salir-agua-del-templo-era-un-agua-que-daba-vida-y-fertilidad\\\/#primaryimage\",\"url\":\"https:\\\/\\\/exaudi.org\\\/wp-content\\\/uploads\\\/2025\\\/11\\\/church-8950255_1280.jpg\",\"contentUrl\":\"https:\\\/\\\/exaudi.org\\\/wp-content\\\/uploads\\\/2025\\\/11\\\/church-8950255_1280.jpg\",\"width\":1280,\"height\":1000},{\"@type\":\"BreadcrumbList\",\"@id\":\"https:\\\/\\\/exaudi.org\\\/es\\\/reflexion-de-monsenor-enrique-diaz-vi-salir-agua-del-templo-era-un-agua-que-daba-vida-y-fertilidad\\\/#breadcrumb\",\"itemListElement\":[{\"@type\":\"ListItem\",\"position\":1,\"name\":\"Portada\",\"item\":\"https:\\\/\\\/exaudi.org\\\/es\\\/\"},{\"@type\":\"ListItem\",\"position\":2,\"name\":\"Reflexi\u00f3n de Monse\u00f1or Enrique D\u00edaz: \u201cVi salir agua del templo: era un agua que daba vida y fertilidad\u201d\"}]},{\"@type\":\"WebSite\",\"@id\":\"https:\\\/\\\/exaudi.org\\\/#website\",\"url\":\"https:\\\/\\\/exaudi.org\\\/\",\"name\":\"Exaudi\",\"description\":\"News\",\"potentialAction\":[{\"@type\":\"SearchAction\",\"target\":{\"@type\":\"EntryPoint\",\"urlTemplate\":\"https:\\\/\\\/exaudi.org\\\/?s={search_term_string}\"},\"query-input\":{\"@type\":\"PropertyValueSpecification\",\"valueRequired\":true,\"valueName\":\"search_term_string\"}}],\"inLanguage\":\"es\"},{\"@type\":\"Person\",\"@id\":\"https:\\\/\\\/exaudi.org\\\/#\\\/schema\\\/person\\\/f5fc8f063065e38742da7afe15f25df7\",\"name\":\"Exaudi Redacci\u00f3n\",\"image\":{\"@type\":\"ImageObject\",\"inLanguage\":\"es\",\"@id\":\"https:\\\/\\\/secure.gravatar.com\\\/avatar\\\/fe0f6a059fb68d9b3e11bc5850dd4899b1c7492091a3cb6dd9b01b56ad828be2?s=96&d=mm&r=g\",\"url\":\"https:\\\/\\\/secure.gravatar.com\\\/avatar\\\/fe0f6a059fb68d9b3e11bc5850dd4899b1c7492091a3cb6dd9b01b56ad828be2?s=96&d=mm&r=g\",\"contentUrl\":\"https:\\\/\\\/secure.gravatar.com\\\/avatar\\\/fe0f6a059fb68d9b3e11bc5850dd4899b1c7492091a3cb6dd9b01b56ad828be2?s=96&d=mm&r=g\",\"caption\":\"Exaudi Redacci\u00f3n\"},\"description\":\"\u00bfQu\u00e9 es Exaudi News? Exaudi News es un medio de comunicaci\u00f3n cat\u00f3lico internacional que informa, forma y transforma, diariamente en espa\u00f1ol, ingl\u00e9s e italiano. A trav\u00e9s de noticias, art\u00edculos de an\u00e1lisis y transmisiones en directo de los eventos del Papa, Exaudi busca fortalecer la unidad de los cristianos y contribuir a la evangelizaci\u00f3n del mundo, siempre guiados por la doctrina social de la Iglesia. Trabajamos para acercar la verdad y los valores cristianos a cada rinc\u00f3n del planeta. \u00a1Ay\u00fadanos a transformar el mundo con Exaudi! En Exaudi creemos que la evangelizaci\u00f3n y la informaci\u00f3n de calidad pueden cambiar vidas. Para continuar con nuestra misi\u00f3n y expandir nuestro alcance, necesitamos tu ayuda. Adem\u00e1s, buscamos personas comprometidas que deseen unirse a nuestro equipo. Con tu apoyo, lograremos llegar a m\u00e1s personas, difundir el mensaje de Cristo y reforzar la unidad de los cristianos. \u00bfTe unes a nuestra misi\u00f3n? Para m\u00e1s informaci\u00f3n sobre c\u00f3mo colaborar, visita Exaudi.org\\\/es o cont\u00e1ctanos directamente: info@exaudi.org Exaudi: Informa, forma y transforma.\",\"sameAs\":[\"https:\\\/\\\/www.facebook.com\\\/ExaudiNoticias\\\/\",\"https:\\\/\\\/www.instagram.com\\\/exaudi_noticias\\\/\",\"https:\\\/\\\/x.com\\\/Exaudi_noticias\",\"https:\\\/\\\/www.youtube.com\\\/@exaudicatholicnews\"],\"url\":\"https:\\\/\\\/exaudi.org\\\/es\\\/author\\\/redaccionexaudi\\\/\"}]}<\/script>\n<!-- \/ Yoast SEO plugin. -->","yoast_head_json":{"title":"Reflexi\u00f3n de Monse\u00f1or Enrique D\u00edaz: \u201cVi salir agua del templo: era un agua que daba vida y fertilidad\u201d &#8211; Exaudi","robots":{"index":"index","follow":"follow","max-snippet":"max-snippet:-1","max-image-preview":"max-image-preview:large","max-video-preview":"max-video-preview:-1"},"canonical":"https:\/\/exaudi.org\/es\/reflexion-de-monsenor-enrique-diaz-vi-salir-agua-del-templo-era-un-agua-que-daba-vida-y-fertilidad\/","og_locale":"es_ES","og_type":"article","og_title":"Reflexi\u00f3n de Monse\u00f1or Enrique D\u00edaz: \u201cVi salir agua del templo: era un agua que daba vida y fertilidad\u201d &#8211; Exaudi","og_description":"9 de noviembre La Dedicaci\u00f3n de la Bas\u00edlica de Letr\u00e1n","og_url":"https:\/\/exaudi.org\/es\/reflexion-de-monsenor-enrique-diaz-vi-salir-agua-del-templo-era-un-agua-que-daba-vida-y-fertilidad\/","og_site_name":"Exaudi","article_publisher":"https:\/\/www.facebook.com\/ExaudiNews","article_author":"https:\/\/www.facebook.com\/ExaudiNoticias\/","article_published_time":"2025-11-09T08:27:34+00:00","article_modified_time":"2025-11-09T08:30:12+00:00","og_image":[{"width":1280,"height":1000,"url":"https:\/\/exaudi.org\/wp-content\/uploads\/2025\/11\/church-8950255_1280.jpg","type":"image\/jpeg"}],"author":"Exaudi Redacci\u00f3n","twitter_card":"summary_large_image","twitter_creator":"@Exaudi_noticias","twitter_site":"@Exaudi_News","twitter_misc":{"Escrito por":"Exaudi Redacci\u00f3n","Tiempo de lectura":"6 minutos"},"schema":{"@context":"https:\/\/schema.org","@graph":[{"@type":"Article","@id":"https:\/\/exaudi.org\/es\/reflexion-de-monsenor-enrique-diaz-vi-salir-agua-del-templo-era-un-agua-que-daba-vida-y-fertilidad\/#article","isPartOf":{"@id":"https:\/\/exaudi.org\/es\/reflexion-de-monsenor-enrique-diaz-vi-salir-agua-del-templo-era-un-agua-que-daba-vida-y-fertilidad\/"},"author":{"name":"Exaudi Redacci\u00f3n","@id":"https:\/\/exaudi.org\/#\/schema\/person\/f5fc8f063065e38742da7afe15f25df7"},"headline":"Reflexi\u00f3n de Monse\u00f1or Enrique D\u00edaz: \u201cVi salir agua del templo: era un agua que daba vida y fertilidad\u201d","datePublished":"2025-11-09T08:27:34+00:00","dateModified":"2025-11-09T08:30:12+00:00","mainEntityOfPage":{"@id":"https:\/\/exaudi.org\/es\/reflexion-de-monsenor-enrique-diaz-vi-salir-agua-del-templo-era-un-agua-que-daba-vida-y-fertilidad\/"},"wordCount":1165,"image":{"@id":"https:\/\/exaudi.org\/es\/reflexion-de-monsenor-enrique-diaz-vi-salir-agua-del-templo-era-un-agua-que-daba-vida-y-fertilidad\/#primaryimage"},"thumbnailUrl":"https:\/\/exaudi.org\/wp-content\/uploads\/2025\/11\/church-8950255_1280.jpg","keywords":["Dedicaci\u00f3n de la Bas\u00edlica de Letr\u00e1n","Enrique D\u00edaz","Evangelio","Reflexi\u00f3n","Trending"],"articleSection":["Espiritualidad","Iglesia y Mundo"],"inLanguage":"es"},{"@type":"WebPage","@id":"https:\/\/exaudi.org\/es\/reflexion-de-monsenor-enrique-diaz-vi-salir-agua-del-templo-era-un-agua-que-daba-vida-y-fertilidad\/","url":"https:\/\/exaudi.org\/es\/reflexion-de-monsenor-enrique-diaz-vi-salir-agua-del-templo-era-un-agua-que-daba-vida-y-fertilidad\/","name":"Reflexi\u00f3n de Monse\u00f1or Enrique D\u00edaz: \u201cVi salir agua del templo: era un agua que daba vida y fertilidad\u201d &#8211; Exaudi","isPartOf":{"@id":"https:\/\/exaudi.org\/#website"},"primaryImageOfPage":{"@id":"https:\/\/exaudi.org\/es\/reflexion-de-monsenor-enrique-diaz-vi-salir-agua-del-templo-era-un-agua-que-daba-vida-y-fertilidad\/#primaryimage"},"image":{"@id":"https:\/\/exaudi.org\/es\/reflexion-de-monsenor-enrique-diaz-vi-salir-agua-del-templo-era-un-agua-que-daba-vida-y-fertilidad\/#primaryimage"},"thumbnailUrl":"https:\/\/exaudi.org\/wp-content\/uploads\/2025\/11\/church-8950255_1280.jpg","datePublished":"2025-11-09T08:27:34+00:00","dateModified":"2025-11-09T08:30:12+00:00","author":{"@id":"https:\/\/exaudi.org\/#\/schema\/person\/f5fc8f063065e38742da7afe15f25df7"},"breadcrumb":{"@id":"https:\/\/exaudi.org\/es\/reflexion-de-monsenor-enrique-diaz-vi-salir-agua-del-templo-era-un-agua-que-daba-vida-y-fertilidad\/#breadcrumb"},"inLanguage":"es","potentialAction":[{"@type":"ReadAction","target":["https:\/\/exaudi.org\/es\/reflexion-de-monsenor-enrique-diaz-vi-salir-agua-del-templo-era-un-agua-que-daba-vida-y-fertilidad\/"]}]},{"@type":"ImageObject","inLanguage":"es","@id":"https:\/\/exaudi.org\/es\/reflexion-de-monsenor-enrique-diaz-vi-salir-agua-del-templo-era-un-agua-que-daba-vida-y-fertilidad\/#primaryimage","url":"https:\/\/exaudi.org\/wp-content\/uploads\/2025\/11\/church-8950255_1280.jpg","contentUrl":"https:\/\/exaudi.org\/wp-content\/uploads\/2025\/11\/church-8950255_1280.jpg","width":1280,"height":1000},{"@type":"BreadcrumbList","@id":"https:\/\/exaudi.org\/es\/reflexion-de-monsenor-enrique-diaz-vi-salir-agua-del-templo-era-un-agua-que-daba-vida-y-fertilidad\/#breadcrumb","itemListElement":[{"@type":"ListItem","position":1,"name":"Portada","item":"https:\/\/exaudi.org\/es\/"},{"@type":"ListItem","position":2,"name":"Reflexi\u00f3n de Monse\u00f1or Enrique D\u00edaz: \u201cVi salir agua del templo: era un agua que daba vida y fertilidad\u201d"}]},{"@type":"WebSite","@id":"https:\/\/exaudi.org\/#website","url":"https:\/\/exaudi.org\/","name":"Exaudi","description":"News","potentialAction":[{"@type":"SearchAction","target":{"@type":"EntryPoint","urlTemplate":"https:\/\/exaudi.org\/?s={search_term_string}"},"query-input":{"@type":"PropertyValueSpecification","valueRequired":true,"valueName":"search_term_string"}}],"inLanguage":"es"},{"@type":"Person","@id":"https:\/\/exaudi.org\/#\/schema\/person\/f5fc8f063065e38742da7afe15f25df7","name":"Exaudi Redacci\u00f3n","image":{"@type":"ImageObject","inLanguage":"es","@id":"https:\/\/secure.gravatar.com\/avatar\/fe0f6a059fb68d9b3e11bc5850dd4899b1c7492091a3cb6dd9b01b56ad828be2?s=96&d=mm&r=g","url":"https:\/\/secure.gravatar.com\/avatar\/fe0f6a059fb68d9b3e11bc5850dd4899b1c7492091a3cb6dd9b01b56ad828be2?s=96&d=mm&r=g","contentUrl":"https:\/\/secure.gravatar.com\/avatar\/fe0f6a059fb68d9b3e11bc5850dd4899b1c7492091a3cb6dd9b01b56ad828be2?s=96&d=mm&r=g","caption":"Exaudi Redacci\u00f3n"},"description":"\u00bfQu\u00e9 es Exaudi News? Exaudi News es un medio de comunicaci\u00f3n cat\u00f3lico internacional que informa, forma y transforma, diariamente en espa\u00f1ol, ingl\u00e9s e italiano. A trav\u00e9s de noticias, art\u00edculos de an\u00e1lisis y transmisiones en directo de los eventos del Papa, Exaudi busca fortalecer la unidad de los cristianos y contribuir a la evangelizaci\u00f3n del mundo, siempre guiados por la doctrina social de la Iglesia. Trabajamos para acercar la verdad y los valores cristianos a cada rinc\u00f3n del planeta. \u00a1Ay\u00fadanos a transformar el mundo con Exaudi! En Exaudi creemos que la evangelizaci\u00f3n y la informaci\u00f3n de calidad pueden cambiar vidas. Para continuar con nuestra misi\u00f3n y expandir nuestro alcance, necesitamos tu ayuda. Adem\u00e1s, buscamos personas comprometidas que deseen unirse a nuestro equipo. Con tu apoyo, lograremos llegar a m\u00e1s personas, difundir el mensaje de Cristo y reforzar la unidad de los cristianos. \u00bfTe unes a nuestra misi\u00f3n? Para m\u00e1s informaci\u00f3n sobre c\u00f3mo colaborar, visita Exaudi.org\/es o cont\u00e1ctanos directamente: info@exaudi.org Exaudi: Informa, forma y transforma.","sameAs":["https:\/\/www.facebook.com\/ExaudiNoticias\/","https:\/\/www.instagram.com\/exaudi_noticias\/","https:\/\/x.com\/Exaudi_noticias","https:\/\/www.youtube.com\/@exaudicatholicnews"],"url":"https:\/\/exaudi.org\/es\/author\/redaccionexaudi\/"}]}},"jetpack_featured_media_url":"https:\/\/exaudi.org\/wp-content\/uploads\/2025\/11\/church-8950255_1280.jpg","jetpack_shortlink":"https:\/\/wp.me\/pgKjF2-BSD","_links":{"self":[{"href":"https:\/\/exaudi.org\/es\/wp-json\/wp\/v2\/posts\/145615","targetHints":{"allow":["GET"]}}],"collection":[{"href":"https:\/\/exaudi.org\/es\/wp-json\/wp\/v2\/posts"}],"about":[{"href":"https:\/\/exaudi.org\/es\/wp-json\/wp\/v2\/types\/post"}],"author":[{"embeddable":true,"href":"https:\/\/exaudi.org\/es\/wp-json\/wp\/v2\/users\/15"}],"replies":[{"embeddable":true,"href":"https:\/\/exaudi.org\/es\/wp-json\/wp\/v2\/comments?post=145615"}],"version-history":[{"count":5,"href":"https:\/\/exaudi.org\/es\/wp-json\/wp\/v2\/posts\/145615\/revisions"}],"predecessor-version":[{"id":145626,"href":"https:\/\/exaudi.org\/es\/wp-json\/wp\/v2\/posts\/145615\/revisions\/145626"}],"wp:featuredmedia":[{"embeddable":true,"href":"https:\/\/exaudi.org\/es\/wp-json\/wp\/v2\/media\/145618"}],"wp:attachment":[{"href":"https:\/\/exaudi.org\/es\/wp-json\/wp\/v2\/media?parent=145615"}],"wp:term":[{"taxonomy":"category","embeddable":true,"href":"https:\/\/exaudi.org\/es\/wp-json\/wp\/v2\/categories?post=145615"},{"taxonomy":"post_tag","embeddable":true,"href":"https:\/\/exaudi.org\/es\/wp-json\/wp\/v2\/tags?post=145615"}],"curies":[{"name":"wp","href":"https:\/\/api.w.org\/{rel}","templated":true}]}}