{"id":14525,"date":"2021-05-01T18:59:56","date_gmt":"2021-05-01T16:59:56","guid":{"rendered":"https:\/\/exaudi.org\/?p=14525"},"modified":"2021-05-31T16:50:19","modified_gmt":"2021-05-31T14:50:19","slug":"maraton-de-oracion-el-papa-preside-el-rezo-del-rosario","status":"publish","type":"post","link":"https:\/\/exaudi.org\/es\/maraton-de-oracion-el-papa-preside-el-rezo-del-rosario\/","title":{"rendered":"Marat\u00f3n de Oraci\u00f3n: Papa preside rezo de Rosario en San Pedro"},"content":{"rendered":"<p>A las 18 horas de la tarde de hoy, 1 de mayo de 2021, frente a Nuestra Se\u00f1ora del Socorro, en la Capilla Gregoriana de la Bas\u00edlica Vaticana, el Papa Francisco ha presidido el <a href=\"https:\/\/fb.watch\/5dhqoIkDRx\/\" target=\"_blank\" rel=\"noopener noreferrer\">rezo del Rosario<\/a> que abre el marat\u00f3n de oraci\u00f3n con el tema \u201cDe toda la Iglesia sub\u00eda incesantemente la oraci\u00f3n a Dios\u201d (Hch 12, 5), para invocar el fin de la pandemia.<\/p>\n<p><img loading=\"lazy\" decoding=\"async\" class=\"alignleft wp-image-14558 size-medium\" src=\"https:\/\/exaudi.org\/wp-content\/uploads\/2021\/05\/cq5dam.web_.800.800-2-300x200.jpeg\" alt=\"Marat\u00f3n Oraci\u00f3n Papa Rosario\" width=\"300\" height=\"200\" srcset=\"https:\/\/exaudi.org\/wp-content\/uploads\/2021\/05\/cq5dam.web_.800.800-2-300x200.jpeg 300w, https:\/\/exaudi.org\/wp-content\/uploads\/2021\/05\/cq5dam.web_.800.800-2-768x512.jpeg 768w, https:\/\/exaudi.org\/wp-content\/uploads\/2021\/05\/cq5dam.web_.800.800-2-150x100.jpeg 150w, https:\/\/exaudi.org\/wp-content\/uploads\/2021\/05\/cq5dam.web_.800.800-2-696x464.jpeg 696w, https:\/\/exaudi.org\/wp-content\/uploads\/2021\/05\/cq5dam.web_.800.800-2-630x420.jpeg 630w, https:\/\/exaudi.org\/wp-content\/uploads\/2021\/05\/cq5dam.web_.800.800-2.jpeg 800w\" sizes=\"auto, (max-width: 300px) 100vw, 300px\" \/><\/p>\n<p>La iniciativa, nacida del deseo del Papa, ha sido promovida por el <a href=\"http:\/\/www.pcpne.va\/content\/pcpne\/it.html\" target=\"_blank\" rel=\"noopener noreferrer\">Consejo Pontificio para la Nueva Evangelizaci\u00f3n<\/a>. Antes de comenzar el <a href=\"http:\/\/www.vatican.va\/special\/rosary\/index_rosary_sp.htm\" target=\"_blank\" rel=\"noopener noreferrer\">Rosario<\/a>, el Santo Padre y Mons. Rino Fisichella, presidente de dicho Consejo, han colocado una arreglo floral ante la Virgen.<\/p>\n<p>Despu\u00e9s, Francisco ha pronunciado una oraci\u00f3n introductoria: \u201cAl comienzo del mes dedicado a la Virgen, nos unimos en oraci\u00f3n con todos los santuarios de todo el mundo, con los fieles y con todas las personas de buena voluntad, para encomendar a las manos de la Sant\u00edsima Virgen la humanidad entera, muy probada por esta \u00e9poca de pandemia. Cada d\u00eda de este mes de mayo te encomendaremos a Ti, Madre de la Misericordia, las muchas personas que han sido afectadas por el virus y que siguen sufriendo sus consecuencias\u201d.<\/p>\n<p>Adem\u00e1s, el Papa pidi\u00f3 por los fallecidos y sus familias que\u00a0\u201cviven con el dolor y la incertidumbre del ma\u00f1ana\u201d, por los \u201cm\u00e9dicos, cient\u00edficos y enfermeras que est\u00e1n en primera l\u00ednea de esta batalla, por los voluntarios (\u2026) por los profesionales que han dado su precioso servicio en favor de los dem\u00e1s\u201d, que han \u201cllevado consuelo a los necesitados\u201d. Tambi\u00e9n record\u00f3 especialmente a las mujeres que \u201chan sufrido violencia dentro de las paredes de sus hogares\u201d.<\/p>\n<p>Se han rezado los misterios gloriosos, dirigidos por personas de todas las edades, incluidas familias y ni\u00f1os, y acompa\u00f1ados por los cantos de un coro. Al final del rezo del Rosario, el Pont\u00edfice ley\u00f3 la oraci\u00f3n final, recurriendo a la intercesi\u00f3n de Mar\u00eda para que intervenga con su Hijo Jes\u00fas en este duro momento que vive el mundo. De este modo, pidi\u00f3 el consuelo para las familias de los enfermos y de las v\u00edctimas y la protecci\u00f3n del personal sanitario: \u201cacomp\u00e1\u00f1alos en sus heroicos esfuerzos y conc\u00e9deles fuerza, bondad y salud\u201d. Asimismo, pidi\u00f3 por los sacerdotes, por su solicitud pastoral y compromiso apost\u00f3lico con los m\u00e1s d\u00e9biles.<\/p>\n<p>El Obispo de Roma tambi\u00e9n or\u00f3 por los gobernantes de las naciones, para que trabajen \u201csocorriendo a los que carecen de lo necesario para vivir\u201d. Especialmente pidi\u00f3 a Mar\u00eda que toque las conciencias de aquellos que destinan enormes sumas de dinero a fabricar, perfeccionar y consumir armas, de manera que esos recursos sean usados para prevenir cat\u00e1strofes venideras.<\/p>\n<p>Por otro lado, el Papa Francisco implor\u00f3 que la humanidad se sienta una \u201cgran familia\u201d con el fin de que con un esp\u00edritu de hermandad y solidaridad \u201csalgamos en ayuda de las numerosas pobrezas y situaciones de miseria\u201d. \u201cOh clement\u00edsima, oh piadosa Virgen Mar\u00eda, conduce los pasos de tus peregrinos que est\u00e1n orando y llamando en todos los santuarios a ti dedicados en todo el mundo, que llaman a tu intercesi\u00f3n, s\u00e9 para cada uno una gu\u00eda segura. Am\u00e9n\u201d, concluy\u00f3.<\/p>\n<h4><strong>30 santuarios del mundo<\/strong><\/h4>\n<p><img loading=\"lazy\" decoding=\"async\" class=\"size-medium wp-image-14569 alignright\" src=\"https:\/\/exaudi.org\/wp-content\/uploads\/2021\/05\/cq5dam.web_.800.800-3-300x200.jpeg\" alt=\"\" width=\"300\" height=\"200\" srcset=\"https:\/\/exaudi.org\/wp-content\/uploads\/2021\/05\/cq5dam.web_.800.800-3-300x200.jpeg 300w, https:\/\/exaudi.org\/wp-content\/uploads\/2021\/05\/cq5dam.web_.800.800-3-768x512.jpeg 768w, https:\/\/exaudi.org\/wp-content\/uploads\/2021\/05\/cq5dam.web_.800.800-3-150x100.jpeg 150w, https:\/\/exaudi.org\/wp-content\/uploads\/2021\/05\/cq5dam.web_.800.800-3-696x464.jpeg 696w, https:\/\/exaudi.org\/wp-content\/uploads\/2021\/05\/cq5dam.web_.800.800-3-630x420.jpeg 630w, https:\/\/exaudi.org\/wp-content\/uploads\/2021\/05\/cq5dam.web_.800.800-3.jpeg 800w\" sizes=\"auto, (max-width: 300px) 100vw, 300px\" \/>El a\u00f1o pasado fueron los santuarios del mundo los que conectaron con Roma en la tarde del 30 de mayo para rezar el Rosario con el Sucesor de Pedro frente a la Gruta de Lourdes, en los Jardines Vaticanos. En este a\u00f1o 2021, se ha preparado la participaci\u00f3n de 30 santuarios marianos de todo el mundo que, a su vez, dirigir\u00e1n el rezo del Rosario por toda la Iglesia todos los d\u00edas de mayo, <a href=\"https:\/\/exaudi.org\/es\/virgen-maria-mayo-2021\/\" target=\"_blank\" rel=\"noopener noreferrer\">mes tradicionalmente mariano<\/a>.<\/p>\n<p>El pr\u00f3ximo d\u00eda 31 de ser\u00e1 el Santo Padre quien dirija de nuevo el rezo del Rosario en los Jardines Vaticanos para concluir el marat\u00f3n de oraci\u00f3n.<\/p>\n<h4><strong>Oraci\u00f3n por el fin de la pandemia <\/strong><\/h4>\n<p><img loading=\"lazy\" decoding=\"async\" class=\"size-medium wp-image-14576 alignleft\" src=\"https:\/\/exaudi.org\/wp-content\/uploads\/2021\/05\/cq5dam.web_.800.800-5-300x200.jpeg\" alt=\"\" width=\"300\" height=\"200\" srcset=\"https:\/\/exaudi.org\/wp-content\/uploads\/2021\/05\/cq5dam.web_.800.800-5-300x200.jpeg 300w, https:\/\/exaudi.org\/wp-content\/uploads\/2021\/05\/cq5dam.web_.800.800-5-768x512.jpeg 768w, https:\/\/exaudi.org\/wp-content\/uploads\/2021\/05\/cq5dam.web_.800.800-5-150x100.jpeg 150w, https:\/\/exaudi.org\/wp-content\/uploads\/2021\/05\/cq5dam.web_.800.800-5-696x464.jpeg 696w, https:\/\/exaudi.org\/wp-content\/uploads\/2021\/05\/cq5dam.web_.800.800-5-630x420.jpeg 630w, https:\/\/exaudi.org\/wp-content\/uploads\/2021\/05\/cq5dam.web_.800.800-5.jpeg 800w\" sizes=\"auto, (max-width: 300px) 100vw, 300px\" \/>De acuerdo a una <a href=\"https:\/\/exaudi.org\/es\/mayo-2021-maraton-de-oracion-desde-30-santuarios-del-mundo\/\" target=\"_blank\" rel=\"noopener noreferrer\">nota<\/a> del Consejo Pontificio para la Nueva Evangelizaci\u00f3n difundida el pasado 28 de abril de 2021, mediante el rezo del Rosario, \u201ccada d\u00eda del mes estar\u00e1 caracterizado por una intenci\u00f3n de oraci\u00f3n en favor de las distintas categor\u00edas de personas m\u00e1s afectadas por el drama de la pandemia: por los que no han podido despedirse de sus seres queridos, por el personal sanitario, por los pobres, los que no tienen techo y los est\u00e1n dificultad econ\u00f3mica y por todos los difuntos\u2026 son algunas de las intenciones que marcar\u00e1n la oraci\u00f3n a la Madre\u201d.<\/p>\n<p>Asimismo, indica el comunicado, \u201ccada santuario del mundo est\u00e1 invitado a rezar en la forma y el lenguaje en que se expresa la tradici\u00f3n local, para invocar la reanudaci\u00f3n de la vida social, del trabajo y de las numerosas actividades humanas que se suspendieron durante la pandemia\u201d.<\/p>\n<h4><strong>Lengua espa\u00f1ola<\/strong><\/h4>\n<p><img loading=\"lazy\" decoding=\"async\" class=\"size-medium wp-image-14572 alignright\" src=\"https:\/\/exaudi.org\/wp-content\/uploads\/2021\/05\/cq5dam.web_.800.800-4-300x200.jpeg\" alt=\"\" width=\"300\" height=\"200\" srcset=\"https:\/\/exaudi.org\/wp-content\/uploads\/2021\/05\/cq5dam.web_.800.800-4-300x200.jpeg 300w, https:\/\/exaudi.org\/wp-content\/uploads\/2021\/05\/cq5dam.web_.800.800-4-768x512.jpeg 768w, https:\/\/exaudi.org\/wp-content\/uploads\/2021\/05\/cq5dam.web_.800.800-4-150x100.jpeg 150w, https:\/\/exaudi.org\/wp-content\/uploads\/2021\/05\/cq5dam.web_.800.800-4-696x464.jpeg 696w, https:\/\/exaudi.org\/wp-content\/uploads\/2021\/05\/cq5dam.web_.800.800-4-630x420.jpeg 630w, https:\/\/exaudi.org\/wp-content\/uploads\/2021\/05\/cq5dam.web_.800.800-4.jpeg 800w\" sizes=\"auto, (max-width: 300px) 100vw, 300px\" \/>De los 30 templos que se unir\u00e1n a la iniciativa, 4 son de lengua espa\u00f1ola, 3 en Am\u00e9rica Latina y 1 en Espa\u00f1a: Nuestra Se\u00f1ora de Luj\u00e1n en Argentina (8 de mayo); Nuestra Se\u00f1ora de la Caridad del Cobre en Cuba (20 de mayo); Nuestra Se\u00f1ora de Guadalupe en M\u00e9xico (26 de mayo) y Nuestra Se\u00f1ora de Monserrat en Espa\u00f1a (22 de mayo).<\/p>\n<p><img loading=\"lazy\" decoding=\"async\" class=\"size-medium wp-image-14580 alignleft\" src=\"https:\/\/exaudi.org\/wp-content\/uploads\/2021\/05\/cq5dam.web_.800.800-6-300x200.jpeg\" alt=\"\" width=\"300\" height=\"200\" srcset=\"https:\/\/exaudi.org\/wp-content\/uploads\/2021\/05\/cq5dam.web_.800.800-6-300x200.jpeg 300w, https:\/\/exaudi.org\/wp-content\/uploads\/2021\/05\/cq5dam.web_.800.800-6-768x512.jpeg 768w, https:\/\/exaudi.org\/wp-content\/uploads\/2021\/05\/cq5dam.web_.800.800-6-150x100.jpeg 150w, https:\/\/exaudi.org\/wp-content\/uploads\/2021\/05\/cq5dam.web_.800.800-6-696x464.jpeg 696w, https:\/\/exaudi.org\/wp-content\/uploads\/2021\/05\/cq5dam.web_.800.800-6-630x420.jpeg 630w, https:\/\/exaudi.org\/wp-content\/uploads\/2021\/05\/cq5dam.web_.800.800-6.jpeg 800w\" sizes=\"auto, (max-width: 300px) 100vw, 300px\" \/>La oraci\u00f3n desde cada uno de estos 30 lugares ser\u00e1 transmitida por los canales oficiales de la Santa Sede a las 18 horas, seg\u00fan el horario de Roma. Para la ocasi\u00f3n se ha preparado un breve subsidio lit\u00fargico en el que se ofrecen algunas indicaciones \u00fatiles para compartir este momento participando con la propia comunidad. El subsidio en italiano, ingl\u00e9s y espa\u00f1ol puede descargarse de la p\u00e1gina web del Pontificio Consejo para la Promoci\u00f3n de la Nueva Evangelizaci\u00f3n (<a href=\"http:\/\/www.pcpne.va\/\">www.pcpne.va<\/a>).<\/p>\n","protected":false},"excerpt":{"rendered":"<p>Por el fin de la pandemia<\/p>\n","protected":false},"author":5,"featured_media":14564,"comment_status":"closed","ping_status":"closed","sticky":false,"template":"","format":"standard","meta":{"_acf_changed":false,"_crdt_document":"","inline_featured_image":false,"footnotes":""},"categories":[68,537,298],"tags":[2085,730,158,2000,272],"class_list":["post-14525","post","type-post","status-publish","format-standard","has-post-thumbnail","hentry","category-leon-xiv","category-special-es","category-ultimas-noticias","tag-maraton-de-oracion-2021","tag-pandemia-es","tag-papa-francisco","tag-rosario-es","tag-vaticano-es"],"acf":[],"yoast_head":"<!-- This site is optimized with the Yoast SEO plugin v27.5 - https:\/\/yoast.com\/product\/yoast-seo-wordpress\/ -->\n<title>Marat\u00f3n de Oraci\u00f3n: Papa preside rezo de Rosario en San Pedro &#8211; Exaudi<\/title>\n<meta name=\"description\" content=\"Este 1 de mayo de 2021, el Papa Francisco ha presidido el rezo del Rosario que abre el marat\u00f3n de oraci\u00f3n por el fin de la pandemia\" \/>\n<meta name=\"robots\" content=\"index, follow, max-snippet:-1, max-image-preview:large, max-video-preview:-1\" \/>\n<link rel=\"canonical\" href=\"https:\/\/exaudi.org\/es\/maraton-de-oracion-el-papa-preside-el-rezo-del-rosario\/\" \/>\n<meta property=\"og:locale\" content=\"es_ES\" \/>\n<meta property=\"og:type\" content=\"article\" \/>\n<meta property=\"og:title\" content=\"Marat\u00f3n de Oraci\u00f3n: Papa preside rezo de Rosario en San Pedro &#8211; Exaudi\" \/>\n<meta property=\"og:description\" content=\"Este 1 de mayo de 2021, el Papa Francisco ha presidido el rezo del Rosario que abre el marat\u00f3n de oraci\u00f3n por el fin de la pandemia\" \/>\n<meta property=\"og:url\" content=\"https:\/\/exaudi.org\/es\/maraton-de-oracion-el-papa-preside-el-rezo-del-rosario\/\" \/>\n<meta property=\"og:site_name\" content=\"Exaudi\" \/>\n<meta property=\"article:publisher\" content=\"https:\/\/www.facebook.com\/ExaudiNews\" \/>\n<meta property=\"article:published_time\" content=\"2021-05-01T16:59:56+00:00\" \/>\n<meta property=\"article:modified_time\" content=\"2021-05-31T14:50:19+00:00\" \/>\n<meta property=\"og:image\" content=\"https:\/\/exaudi.org\/wp-content\/uploads\/2021\/05\/cq5dam.thumbnail.cropped.1500.844-3.jpeg\" \/>\n\t<meta property=\"og:image:width\" content=\"1500\" \/>\n\t<meta property=\"og:image:height\" content=\"844\" \/>\n\t<meta property=\"og:image:type\" content=\"image\/jpeg\" \/>\n<meta name=\"author\" content=\"Larissa I. L\u00f3pez\" \/>\n<meta name=\"twitter:card\" content=\"summary_large_image\" \/>\n<meta name=\"twitter:creator\" content=\"@Exaudi_News\" \/>\n<meta name=\"twitter:site\" content=\"@Exaudi_News\" \/>\n<meta name=\"twitter:label1\" content=\"Escrito por\" \/>\n\t<meta name=\"twitter:data1\" content=\"Larissa I. L\u00f3pez\" \/>\n\t<meta name=\"twitter:label2\" content=\"Tiempo de lectura\" \/>\n\t<meta name=\"twitter:data2\" content=\"6 minutos\" \/>\n<script type=\"application\/ld+json\" class=\"yoast-schema-graph\">{\"@context\":\"https:\\\/\\\/schema.org\",\"@graph\":[{\"@type\":\"Article\",\"@id\":\"https:\\\/\\\/exaudi.org\\\/es\\\/maraton-de-oracion-el-papa-preside-el-rezo-del-rosario\\\/#article\",\"isPartOf\":{\"@id\":\"https:\\\/\\\/exaudi.org\\\/es\\\/maraton-de-oracion-el-papa-preside-el-rezo-del-rosario\\\/\"},\"author\":{\"name\":\"Larissa I. L\u00f3pez\",\"@id\":\"https:\\\/\\\/exaudi.org\\\/#\\\/schema\\\/person\\\/7d2f77db033c2c0929edfab6dbe8c588\"},\"headline\":\"Marat\u00f3n de Oraci\u00f3n: Papa preside rezo de Rosario en San Pedro\",\"datePublished\":\"2021-05-01T16:59:56+00:00\",\"dateModified\":\"2021-05-31T14:50:19+00:00\",\"mainEntityOfPage\":{\"@id\":\"https:\\\/\\\/exaudi.org\\\/es\\\/maraton-de-oracion-el-papa-preside-el-rezo-del-rosario\\\/\"},\"wordCount\":999,\"image\":{\"@id\":\"https:\\\/\\\/exaudi.org\\\/es\\\/maraton-de-oracion-el-papa-preside-el-rezo-del-rosario\\\/#primaryimage\"},\"thumbnailUrl\":\"https:\\\/\\\/exaudi.org\\\/wp-content\\\/uploads\\\/2021\\\/05\\\/cq5dam.thumbnail.cropped.1500.844-3.jpeg\",\"keywords\":[\"Marat\u00f3n de oraci\u00f3n 2021\",\"pandemia\",\"papa francisco\",\"Rosario\",\"Vaticano\"],\"articleSection\":[\"Le\u00f3n XIV\",\"Special\",\"\u00daltimas noticias\"],\"inLanguage\":\"es\"},{\"@type\":\"WebPage\",\"@id\":\"https:\\\/\\\/exaudi.org\\\/es\\\/maraton-de-oracion-el-papa-preside-el-rezo-del-rosario\\\/\",\"url\":\"https:\\\/\\\/exaudi.org\\\/es\\\/maraton-de-oracion-el-papa-preside-el-rezo-del-rosario\\\/\",\"name\":\"Marat\u00f3n de Oraci\u00f3n: Papa preside rezo de Rosario en San Pedro &#8211; Exaudi\",\"isPartOf\":{\"@id\":\"https:\\\/\\\/exaudi.org\\\/#website\"},\"primaryImageOfPage\":{\"@id\":\"https:\\\/\\\/exaudi.org\\\/es\\\/maraton-de-oracion-el-papa-preside-el-rezo-del-rosario\\\/#primaryimage\"},\"image\":{\"@id\":\"https:\\\/\\\/exaudi.org\\\/es\\\/maraton-de-oracion-el-papa-preside-el-rezo-del-rosario\\\/#primaryimage\"},\"thumbnailUrl\":\"https:\\\/\\\/exaudi.org\\\/wp-content\\\/uploads\\\/2021\\\/05\\\/cq5dam.thumbnail.cropped.1500.844-3.jpeg\",\"datePublished\":\"2021-05-01T16:59:56+00:00\",\"dateModified\":\"2021-05-31T14:50:19+00:00\",\"author\":{\"@id\":\"https:\\\/\\\/exaudi.org\\\/#\\\/schema\\\/person\\\/7d2f77db033c2c0929edfab6dbe8c588\"},\"description\":\"Este 1 de mayo de 2021, el Papa Francisco ha presidido el rezo del Rosario que abre el marat\u00f3n de oraci\u00f3n por el fin de la pandemia\",\"breadcrumb\":{\"@id\":\"https:\\\/\\\/exaudi.org\\\/es\\\/maraton-de-oracion-el-papa-preside-el-rezo-del-rosario\\\/#breadcrumb\"},\"inLanguage\":\"es\",\"potentialAction\":[{\"@type\":\"ReadAction\",\"target\":[\"https:\\\/\\\/exaudi.org\\\/es\\\/maraton-de-oracion-el-papa-preside-el-rezo-del-rosario\\\/\"]}]},{\"@type\":\"ImageObject\",\"inLanguage\":\"es\",\"@id\":\"https:\\\/\\\/exaudi.org\\\/es\\\/maraton-de-oracion-el-papa-preside-el-rezo-del-rosario\\\/#primaryimage\",\"url\":\"https:\\\/\\\/exaudi.org\\\/wp-content\\\/uploads\\\/2021\\\/05\\\/cq5dam.thumbnail.cropped.1500.844-3.jpeg\",\"contentUrl\":\"https:\\\/\\\/exaudi.org\\\/wp-content\\\/uploads\\\/2021\\\/05\\\/cq5dam.thumbnail.cropped.1500.844-3.jpeg\",\"width\":1500,\"height\":844,\"caption\":\"Papa Francisco reza el Rosario, 1 de mayo 2021 \u00a9 Vatican Media\"},{\"@type\":\"BreadcrumbList\",\"@id\":\"https:\\\/\\\/exaudi.org\\\/es\\\/maraton-de-oracion-el-papa-preside-el-rezo-del-rosario\\\/#breadcrumb\",\"itemListElement\":[{\"@type\":\"ListItem\",\"position\":1,\"name\":\"Portada\",\"item\":\"https:\\\/\\\/exaudi.org\\\/es\\\/\"},{\"@type\":\"ListItem\",\"position\":2,\"name\":\"Marat\u00f3n de Oraci\u00f3n: Papa preside rezo de Rosario en San Pedro\"}]},{\"@type\":\"WebSite\",\"@id\":\"https:\\\/\\\/exaudi.org\\\/#website\",\"url\":\"https:\\\/\\\/exaudi.org\\\/\",\"name\":\"Exaudi\",\"description\":\"News\",\"potentialAction\":[{\"@type\":\"SearchAction\",\"target\":{\"@type\":\"EntryPoint\",\"urlTemplate\":\"https:\\\/\\\/exaudi.org\\\/?s={search_term_string}\"},\"query-input\":{\"@type\":\"PropertyValueSpecification\",\"valueRequired\":true,\"valueName\":\"search_term_string\"}}],\"inLanguage\":\"es\"},{\"@type\":\"Person\",\"@id\":\"https:\\\/\\\/exaudi.org\\\/#\\\/schema\\\/person\\\/7d2f77db033c2c0929edfab6dbe8c588\",\"name\":\"Larissa I. L\u00f3pez\",\"image\":{\"@type\":\"ImageObject\",\"inLanguage\":\"es\",\"@id\":\"https:\\\/\\\/secure.gravatar.com\\\/avatar\\\/db3ef399ff343d0bb9d25dc5198bc8ece5ac6d621eca79876697a354dabc1e3f?s=96&d=mm&r=g\",\"url\":\"https:\\\/\\\/secure.gravatar.com\\\/avatar\\\/db3ef399ff343d0bb9d25dc5198bc8ece5ac6d621eca79876697a354dabc1e3f?s=96&d=mm&r=g\",\"contentUrl\":\"https:\\\/\\\/secure.gravatar.com\\\/avatar\\\/db3ef399ff343d0bb9d25dc5198bc8ece5ac6d621eca79876697a354dabc1e3f?s=96&d=mm&r=g\",\"caption\":\"Larissa I. L\u00f3pez\"},\"description\":\"Doctora en Comunicaci\u00f3n. Mi trayectoria profesional ha transcurrido entre el \u00e1mbito de la comunicaci\u00f3n y el de la docencia. En los \u00faltimos a\u00f1os, he trabajado como coordinadora y redactora de la edici\u00f3n de ZENIT en espa\u00f1ol. Como profesora, he impartido clases en la universidad y en centros de FP y bachillerato. Cordobesa de nacimiento, tambi\u00e9n he vivido en Sevilla, Madrid y Roma\",\"url\":\"https:\\\/\\\/exaudi.org\\\/es\\\/author\\\/llopezexaudi-org\\\/\"}]}<\/script>\n<!-- \/ Yoast SEO plugin. -->","yoast_head_json":{"title":"Marat\u00f3n de Oraci\u00f3n: Papa preside rezo de Rosario en San Pedro &#8211; Exaudi","description":"Este 1 de mayo de 2021, el Papa Francisco ha presidido el rezo del Rosario que abre el marat\u00f3n de oraci\u00f3n por el fin de la pandemia","robots":{"index":"index","follow":"follow","max-snippet":"max-snippet:-1","max-image-preview":"max-image-preview:large","max-video-preview":"max-video-preview:-1"},"canonical":"https:\/\/exaudi.org\/es\/maraton-de-oracion-el-papa-preside-el-rezo-del-rosario\/","og_locale":"es_ES","og_type":"article","og_title":"Marat\u00f3n de Oraci\u00f3n: Papa preside rezo de Rosario en San Pedro &#8211; Exaudi","og_description":"Este 1 de mayo de 2021, el Papa Francisco ha presidido el rezo del Rosario que abre el marat\u00f3n de oraci\u00f3n por el fin de la pandemia","og_url":"https:\/\/exaudi.org\/es\/maraton-de-oracion-el-papa-preside-el-rezo-del-rosario\/","og_site_name":"Exaudi","article_publisher":"https:\/\/www.facebook.com\/ExaudiNews","article_published_time":"2021-05-01T16:59:56+00:00","article_modified_time":"2021-05-31T14:50:19+00:00","og_image":[{"width":1500,"height":844,"url":"https:\/\/exaudi.org\/wp-content\/uploads\/2021\/05\/cq5dam.thumbnail.cropped.1500.844-3.jpeg","type":"image\/jpeg"}],"author":"Larissa I. L\u00f3pez","twitter_card":"summary_large_image","twitter_creator":"@Exaudi_News","twitter_site":"@Exaudi_News","twitter_misc":{"Escrito por":"Larissa I. L\u00f3pez","Tiempo de lectura":"6 minutos"},"schema":{"@context":"https:\/\/schema.org","@graph":[{"@type":"Article","@id":"https:\/\/exaudi.org\/es\/maraton-de-oracion-el-papa-preside-el-rezo-del-rosario\/#article","isPartOf":{"@id":"https:\/\/exaudi.org\/es\/maraton-de-oracion-el-papa-preside-el-rezo-del-rosario\/"},"author":{"name":"Larissa I. L\u00f3pez","@id":"https:\/\/exaudi.org\/#\/schema\/person\/7d2f77db033c2c0929edfab6dbe8c588"},"headline":"Marat\u00f3n de Oraci\u00f3n: Papa preside rezo de Rosario en San Pedro","datePublished":"2021-05-01T16:59:56+00:00","dateModified":"2021-05-31T14:50:19+00:00","mainEntityOfPage":{"@id":"https:\/\/exaudi.org\/es\/maraton-de-oracion-el-papa-preside-el-rezo-del-rosario\/"},"wordCount":999,"image":{"@id":"https:\/\/exaudi.org\/es\/maraton-de-oracion-el-papa-preside-el-rezo-del-rosario\/#primaryimage"},"thumbnailUrl":"https:\/\/exaudi.org\/wp-content\/uploads\/2021\/05\/cq5dam.thumbnail.cropped.1500.844-3.jpeg","keywords":["Marat\u00f3n de oraci\u00f3n 2021","pandemia","papa francisco","Rosario","Vaticano"],"articleSection":["Le\u00f3n XIV","Special","\u00daltimas noticias"],"inLanguage":"es"},{"@type":"WebPage","@id":"https:\/\/exaudi.org\/es\/maraton-de-oracion-el-papa-preside-el-rezo-del-rosario\/","url":"https:\/\/exaudi.org\/es\/maraton-de-oracion-el-papa-preside-el-rezo-del-rosario\/","name":"Marat\u00f3n de Oraci\u00f3n: Papa preside rezo de Rosario en San Pedro &#8211; Exaudi","isPartOf":{"@id":"https:\/\/exaudi.org\/#website"},"primaryImageOfPage":{"@id":"https:\/\/exaudi.org\/es\/maraton-de-oracion-el-papa-preside-el-rezo-del-rosario\/#primaryimage"},"image":{"@id":"https:\/\/exaudi.org\/es\/maraton-de-oracion-el-papa-preside-el-rezo-del-rosario\/#primaryimage"},"thumbnailUrl":"https:\/\/exaudi.org\/wp-content\/uploads\/2021\/05\/cq5dam.thumbnail.cropped.1500.844-3.jpeg","datePublished":"2021-05-01T16:59:56+00:00","dateModified":"2021-05-31T14:50:19+00:00","author":{"@id":"https:\/\/exaudi.org\/#\/schema\/person\/7d2f77db033c2c0929edfab6dbe8c588"},"description":"Este 1 de mayo de 2021, el Papa Francisco ha presidido el rezo del Rosario que abre el marat\u00f3n de oraci\u00f3n por el fin de la pandemia","breadcrumb":{"@id":"https:\/\/exaudi.org\/es\/maraton-de-oracion-el-papa-preside-el-rezo-del-rosario\/#breadcrumb"},"inLanguage":"es","potentialAction":[{"@type":"ReadAction","target":["https:\/\/exaudi.org\/es\/maraton-de-oracion-el-papa-preside-el-rezo-del-rosario\/"]}]},{"@type":"ImageObject","inLanguage":"es","@id":"https:\/\/exaudi.org\/es\/maraton-de-oracion-el-papa-preside-el-rezo-del-rosario\/#primaryimage","url":"https:\/\/exaudi.org\/wp-content\/uploads\/2021\/05\/cq5dam.thumbnail.cropped.1500.844-3.jpeg","contentUrl":"https:\/\/exaudi.org\/wp-content\/uploads\/2021\/05\/cq5dam.thumbnail.cropped.1500.844-3.jpeg","width":1500,"height":844,"caption":"Papa Francisco reza el Rosario, 1 de mayo 2021 \u00a9 Vatican Media"},{"@type":"BreadcrumbList","@id":"https:\/\/exaudi.org\/es\/maraton-de-oracion-el-papa-preside-el-rezo-del-rosario\/#breadcrumb","itemListElement":[{"@type":"ListItem","position":1,"name":"Portada","item":"https:\/\/exaudi.org\/es\/"},{"@type":"ListItem","position":2,"name":"Marat\u00f3n de Oraci\u00f3n: Papa preside rezo de Rosario en San Pedro"}]},{"@type":"WebSite","@id":"https:\/\/exaudi.org\/#website","url":"https:\/\/exaudi.org\/","name":"Exaudi","description":"News","potentialAction":[{"@type":"SearchAction","target":{"@type":"EntryPoint","urlTemplate":"https:\/\/exaudi.org\/?s={search_term_string}"},"query-input":{"@type":"PropertyValueSpecification","valueRequired":true,"valueName":"search_term_string"}}],"inLanguage":"es"},{"@type":"Person","@id":"https:\/\/exaudi.org\/#\/schema\/person\/7d2f77db033c2c0929edfab6dbe8c588","name":"Larissa I. L\u00f3pez","image":{"@type":"ImageObject","inLanguage":"es","@id":"https:\/\/secure.gravatar.com\/avatar\/db3ef399ff343d0bb9d25dc5198bc8ece5ac6d621eca79876697a354dabc1e3f?s=96&d=mm&r=g","url":"https:\/\/secure.gravatar.com\/avatar\/db3ef399ff343d0bb9d25dc5198bc8ece5ac6d621eca79876697a354dabc1e3f?s=96&d=mm&r=g","contentUrl":"https:\/\/secure.gravatar.com\/avatar\/db3ef399ff343d0bb9d25dc5198bc8ece5ac6d621eca79876697a354dabc1e3f?s=96&d=mm&r=g","caption":"Larissa I. L\u00f3pez"},"description":"Doctora en Comunicaci\u00f3n. Mi trayectoria profesional ha transcurrido entre el \u00e1mbito de la comunicaci\u00f3n y el de la docencia. En los \u00faltimos a\u00f1os, he trabajado como coordinadora y redactora de la edici\u00f3n de ZENIT en espa\u00f1ol. Como profesora, he impartido clases en la universidad y en centros de FP y bachillerato. Cordobesa de nacimiento, tambi\u00e9n he vivido en Sevilla, Madrid y Roma","url":"https:\/\/exaudi.org\/es\/author\/llopezexaudi-org\/"}]}},"jetpack_featured_media_url":"https:\/\/exaudi.org\/wp-content\/uploads\/2021\/05\/cq5dam.thumbnail.cropped.1500.844-3.jpeg","jetpack_shortlink":"https:\/\/wp.me\/pgKjF2-3Mh","_links":{"self":[{"href":"https:\/\/exaudi.org\/es\/wp-json\/wp\/v2\/posts\/14525","targetHints":{"allow":["GET"]}}],"collection":[{"href":"https:\/\/exaudi.org\/es\/wp-json\/wp\/v2\/posts"}],"about":[{"href":"https:\/\/exaudi.org\/es\/wp-json\/wp\/v2\/types\/post"}],"author":[{"embeddable":true,"href":"https:\/\/exaudi.org\/es\/wp-json\/wp\/v2\/users\/5"}],"replies":[{"embeddable":true,"href":"https:\/\/exaudi.org\/es\/wp-json\/wp\/v2\/comments?post=14525"}],"version-history":[{"count":0,"href":"https:\/\/exaudi.org\/es\/wp-json\/wp\/v2\/posts\/14525\/revisions"}],"wp:featuredmedia":[{"embeddable":true,"href":"https:\/\/exaudi.org\/es\/wp-json\/wp\/v2\/media\/14564"}],"wp:attachment":[{"href":"https:\/\/exaudi.org\/es\/wp-json\/wp\/v2\/media?parent=14525"}],"wp:term":[{"taxonomy":"category","embeddable":true,"href":"https:\/\/exaudi.org\/es\/wp-json\/wp\/v2\/categories?post=14525"},{"taxonomy":"post_tag","embeddable":true,"href":"https:\/\/exaudi.org\/es\/wp-json\/wp\/v2\/tags?post=14525"}],"curies":[{"name":"wp","href":"https:\/\/api.w.org\/{rel}","templated":true}]}}