{"id":14515,"date":"2021-05-01T15:56:44","date_gmt":"2021-05-01T13:56:44","guid":{"rendered":"https:\/\/exaudi.org\/?p=14515"},"modified":"2021-05-01T19:00:06","modified_gmt":"2021-05-01T17:00:06","slug":"el-papa-aprueba-7-nuevas-invocaciones-en-letanias-san-jose","status":"publish","type":"post","link":"https:\/\/exaudi.org\/es\/el-papa-aprueba-7-nuevas-invocaciones-en-letanias-san-jose\/","title":{"rendered":"El Papa aprueba 7 nuevas invocaciones en letan\u00edas de san Jos\u00e9"},"content":{"rendered":"<p>Hoy, 1 de mayo de 2021, festividad de <a href=\"https:\/\/exaudi.org\/es\/san-jose-obrero-patrono-de-los-trabajadores\/\" target=\"_blank\" rel=\"noopener noreferrer\">san Jos\u00e9 Obrero<\/a>, la Congregaci\u00f3n para el Culto Divino y la Disciplina de los Sacramentos ha difundido una <a href=\"https:\/\/press.vatican.va\/content\/salastampa\/it\/bollettino\/pubblico\/2021\/05\/01\/0264\/00573.html#es\" target=\"_blank\" rel=\"noopener noreferrer\">carta<\/a> dirigida a los presidentes de las Conferencias de Obispos de toda la Iglesia sobre las 7 \u201c<a href=\"https:\/\/press.vatican.va\/content\/salastampa\/it\/bollettino\/pubblico\/2021\/05\/01\/0264\/00574.html\">Nuevas Invocaciones en las Letan\u00edas en Honor a San Jos\u00e9<\/a>\u201d aprobadas por el Papa Francisco.<\/p>\n<p>En la\u00a0misiva, firmada por el secretario de este Dicasterio, Monse\u00f1or Arthur Roche, se recuerda que, \u201cen el ciento cincuenta aniversario de la declaraci\u00f3n de san Jos\u00e9 como patr\u00f3n de la Iglesia universal, el Santo Padre Francisco ha publicado la <a href=\"https:\/\/exaudi.org\/es\/san-jose-carta-papa-francisco\/\" target=\"_blank\" rel=\"noopener noreferrer\">Carta Apost\u00f3lica <em>Patris corde<\/em><\/a>, con la intenci\u00f3n de \u2018que crezca el amor a este gran santo, para ser impulsados a implorar su intercesi\u00f3n e imitar sus virtudes, como tambi\u00e9n su resoluci\u00f3n\u2019\u201d.<\/p>\n<p>De este modo, \u201cha parecido oportuno actualizar las Letan\u00edas en honor de san Jos\u00e9, aprobadas en 1909 por la Sede Apost\u00f3lica (cf. <em>Acta Apostolicae Sedis<\/em> 1 [1909] 290-292), a\u00f1adiendo siete invocaciones tomadas de las intervenciones de los Papas que han reflexionado sobre algunos aspectos de la figura del Patr\u00f3n de la Iglesia universal\u201d. Estas son: <em>\u201cCustos Redemptoris<\/em>\u201d (cf. san Juan Pablo II, Exhort. Apost. <em>Redemptoris custos<\/em>); <em>\u201cServe Christi<\/em>\u201d (cf. san Pablo VI, homil\u00eda del 19-III-1966, citada en <em>Redemptoris custos<\/em> n. 8 y <em>Patris corde<\/em> n. 1); <em>\u201cMinister salutis\u201d<\/em> (san Juan Cris\u00f3stomo, citado en <em>Redemptoris custos<\/em>, n. 8); <em>\u201cFulcimen in difficultatibus\u201d<\/em> (cf. Francisco, Carta Apost. <em>Patris<\/em> <em>corde<\/em>, pr\u00f3logo); <em>\u201cPatrone exsulum, afflictorum, pauperum\u201d<\/em> (<em>Patris corde<\/em>, n. 5).<\/p>\n<p>La carta indica que corresponde a las conferencias episcopales traducir las Letan\u00edas a las lenguas de su competencia y publicarlas. Dichas traducciones no necesitar\u00e1n la <em>confirmatio<\/em> de la Sede Apost\u00f3lica. \u201cSeg\u00fan su prudente criterio las Conferencias de los Obispos podr\u00e1n insertar tambi\u00e9n, en el lugar apropiado y conservando el g\u00e9nero literario, otras invocaciones con las que se honra particularmente a san Jos\u00e9 en sus pa\u00edses\u201d, se lee en el texto.<\/p>\n","protected":false},"excerpt":{"rendered":"<p>Carta de la Congregaci\u00f3n para el Culto Divino<\/p>\n","protected":false},"author":5,"featured_media":14516,"comment_status":"closed","ping_status":"closed","sticky":false,"template":"","format":"standard","meta":{"_acf_changed":false,"_crdt_document":"","inline_featured_image":false,"footnotes":""},"categories":[68,298],"tags":[245,2084,2083,158,814],"class_list":["post-14515","post","type-post","status-publish","format-standard","has-post-thumbnail","hentry","category-leon-xiv","category-ultimas-noticias","tag-congregacion-para-el-culto-divino-y-la-disciplina-de-los-sacramentos","tag-invocaciones","tag-letanias-en-honor-a-san-jose","tag-papa-francisco","tag-san-jose"],"acf":[],"yoast_head":"<!-- This site is optimized with the Yoast SEO plugin v27.5 - https:\/\/yoast.com\/product\/yoast-seo-wordpress\/ -->\n<title>El Papa aprueba 7 nuevas invocaciones en letan\u00edas de san Jos\u00e9 &#8211; Exaudi<\/title>\n<meta name=\"description\" content=\"La Congregaci\u00f3n para el Culto Divino ha difundido una carta sobre las 7\u00a0nuevas Invocaciones en las Letan\u00edas de San Jos\u00e9 aprobadas por el Papa\" \/>\n<meta name=\"robots\" content=\"index, follow, max-snippet:-1, max-image-preview:large, max-video-preview:-1\" \/>\n<link rel=\"canonical\" href=\"https:\/\/exaudi.org\/es\/el-papa-aprueba-7-nuevas-invocaciones-en-letanias-san-jose\/\" \/>\n<meta property=\"og:locale\" content=\"es_ES\" \/>\n<meta property=\"og:type\" content=\"article\" \/>\n<meta property=\"og:title\" content=\"El Papa aprueba 7 nuevas invocaciones en letan\u00edas de san Jos\u00e9 &#8211; Exaudi\" \/>\n<meta property=\"og:description\" content=\"La Congregaci\u00f3n para el Culto Divino ha difundido una carta sobre las 7\u00a0nuevas Invocaciones en las Letan\u00edas de San Jos\u00e9 aprobadas por el Papa\" \/>\n<meta property=\"og:url\" content=\"https:\/\/exaudi.org\/es\/el-papa-aprueba-7-nuevas-invocaciones-en-letanias-san-jose\/\" \/>\n<meta property=\"og:site_name\" content=\"Exaudi\" \/>\n<meta property=\"article:publisher\" content=\"https:\/\/www.facebook.com\/ExaudiNews\" \/>\n<meta property=\"article:published_time\" content=\"2021-05-01T13:56:44+00:00\" \/>\n<meta property=\"article:modified_time\" content=\"2021-05-01T17:00:06+00:00\" \/>\n<meta property=\"og:image\" content=\"https:\/\/exaudi.org\/wp-content\/uploads\/2021\/05\/cathopic_1527740659824092-scaled.jpg\" \/>\n\t<meta property=\"og:image:width\" content=\"2560\" \/>\n\t<meta property=\"og:image:height\" content=\"1707\" \/>\n\t<meta property=\"og:image:type\" content=\"image\/jpeg\" \/>\n<meta name=\"author\" content=\"Larissa I. L\u00f3pez\" \/>\n<meta name=\"twitter:card\" content=\"summary_large_image\" \/>\n<meta name=\"twitter:creator\" content=\"@Exaudi_News\" \/>\n<meta name=\"twitter:site\" content=\"@Exaudi_News\" \/>\n<meta name=\"twitter:label1\" content=\"Escrito por\" \/>\n\t<meta name=\"twitter:data1\" content=\"Larissa I. L\u00f3pez\" \/>\n\t<meta name=\"twitter:label2\" content=\"Tiempo de lectura\" \/>\n\t<meta name=\"twitter:data2\" content=\"2 minutos\" \/>\n<script type=\"application\/ld+json\" class=\"yoast-schema-graph\">{\"@context\":\"https:\\\/\\\/schema.org\",\"@graph\":[{\"@type\":\"Article\",\"@id\":\"https:\\\/\\\/exaudi.org\\\/es\\\/el-papa-aprueba-7-nuevas-invocaciones-en-letanias-san-jose\\\/#article\",\"isPartOf\":{\"@id\":\"https:\\\/\\\/exaudi.org\\\/es\\\/el-papa-aprueba-7-nuevas-invocaciones-en-letanias-san-jose\\\/\"},\"author\":{\"name\":\"Larissa I. L\u00f3pez\",\"@id\":\"https:\\\/\\\/exaudi.org\\\/#\\\/schema\\\/person\\\/7d2f77db033c2c0929edfab6dbe8c588\"},\"headline\":\"El Papa aprueba 7 nuevas invocaciones en letan\u00edas de san Jos\u00e9\",\"datePublished\":\"2021-05-01T13:56:44+00:00\",\"dateModified\":\"2021-05-01T17:00:06+00:00\",\"mainEntityOfPage\":{\"@id\":\"https:\\\/\\\/exaudi.org\\\/es\\\/el-papa-aprueba-7-nuevas-invocaciones-en-letanias-san-jose\\\/\"},\"wordCount\":340,\"image\":{\"@id\":\"https:\\\/\\\/exaudi.org\\\/es\\\/el-papa-aprueba-7-nuevas-invocaciones-en-letanias-san-jose\\\/#primaryimage\"},\"thumbnailUrl\":\"https:\\\/\\\/exaudi.org\\\/wp-content\\\/uploads\\\/2021\\\/05\\\/cathopic_1527740659824092-scaled.jpg\",\"keywords\":[\"congregaci\u00f3n para el culto divino y la disciplina de los sacramentos\",\"invocaciones\",\"Letan\u00edas en honor a san Jos\u00e9\",\"papa francisco\",\"San Jos\u00e9\"],\"articleSection\":[\"Le\u00f3n XIV\",\"\u00daltimas noticias\"],\"inLanguage\":\"es\"},{\"@type\":\"WebPage\",\"@id\":\"https:\\\/\\\/exaudi.org\\\/es\\\/el-papa-aprueba-7-nuevas-invocaciones-en-letanias-san-jose\\\/\",\"url\":\"https:\\\/\\\/exaudi.org\\\/es\\\/el-papa-aprueba-7-nuevas-invocaciones-en-letanias-san-jose\\\/\",\"name\":\"El Papa aprueba 7 nuevas invocaciones en letan\u00edas de san Jos\u00e9 &#8211; Exaudi\",\"isPartOf\":{\"@id\":\"https:\\\/\\\/exaudi.org\\\/#website\"},\"primaryImageOfPage\":{\"@id\":\"https:\\\/\\\/exaudi.org\\\/es\\\/el-papa-aprueba-7-nuevas-invocaciones-en-letanias-san-jose\\\/#primaryimage\"},\"image\":{\"@id\":\"https:\\\/\\\/exaudi.org\\\/es\\\/el-papa-aprueba-7-nuevas-invocaciones-en-letanias-san-jose\\\/#primaryimage\"},\"thumbnailUrl\":\"https:\\\/\\\/exaudi.org\\\/wp-content\\\/uploads\\\/2021\\\/05\\\/cathopic_1527740659824092-scaled.jpg\",\"datePublished\":\"2021-05-01T13:56:44+00:00\",\"dateModified\":\"2021-05-01T17:00:06+00:00\",\"author\":{\"@id\":\"https:\\\/\\\/exaudi.org\\\/#\\\/schema\\\/person\\\/7d2f77db033c2c0929edfab6dbe8c588\"},\"description\":\"La Congregaci\u00f3n para el Culto Divino ha difundido una carta sobre las 7\u00a0nuevas Invocaciones en las Letan\u00edas de San Jos\u00e9 aprobadas por el Papa\",\"breadcrumb\":{\"@id\":\"https:\\\/\\\/exaudi.org\\\/es\\\/el-papa-aprueba-7-nuevas-invocaciones-en-letanias-san-jose\\\/#breadcrumb\"},\"inLanguage\":\"es\",\"potentialAction\":[{\"@type\":\"ReadAction\",\"target\":[\"https:\\\/\\\/exaudi.org\\\/es\\\/el-papa-aprueba-7-nuevas-invocaciones-en-letanias-san-jose\\\/\"]}]},{\"@type\":\"ImageObject\",\"inLanguage\":\"es\",\"@id\":\"https:\\\/\\\/exaudi.org\\\/es\\\/el-papa-aprueba-7-nuevas-invocaciones-en-letanias-san-jose\\\/#primaryimage\",\"url\":\"https:\\\/\\\/exaudi.org\\\/wp-content\\\/uploads\\\/2021\\\/05\\\/cathopic_1527740659824092-scaled.jpg\",\"contentUrl\":\"https:\\\/\\\/exaudi.org\\\/wp-content\\\/uploads\\\/2021\\\/05\\\/cathopic_1527740659824092-scaled.jpg\",\"width\":2560,\"height\":1707,\"caption\":\"San Jos\u00e9 \u00a9 Cathopic. Sergio Herrera\"},{\"@type\":\"BreadcrumbList\",\"@id\":\"https:\\\/\\\/exaudi.org\\\/es\\\/el-papa-aprueba-7-nuevas-invocaciones-en-letanias-san-jose\\\/#breadcrumb\",\"itemListElement\":[{\"@type\":\"ListItem\",\"position\":1,\"name\":\"Portada\",\"item\":\"https:\\\/\\\/exaudi.org\\\/es\\\/\"},{\"@type\":\"ListItem\",\"position\":2,\"name\":\"El Papa aprueba 7 nuevas invocaciones en letan\u00edas de san Jos\u00e9\"}]},{\"@type\":\"WebSite\",\"@id\":\"https:\\\/\\\/exaudi.org\\\/#website\",\"url\":\"https:\\\/\\\/exaudi.org\\\/\",\"name\":\"Exaudi\",\"description\":\"News\",\"potentialAction\":[{\"@type\":\"SearchAction\",\"target\":{\"@type\":\"EntryPoint\",\"urlTemplate\":\"https:\\\/\\\/exaudi.org\\\/?s={search_term_string}\"},\"query-input\":{\"@type\":\"PropertyValueSpecification\",\"valueRequired\":true,\"valueName\":\"search_term_string\"}}],\"inLanguage\":\"es\"},{\"@type\":\"Person\",\"@id\":\"https:\\\/\\\/exaudi.org\\\/#\\\/schema\\\/person\\\/7d2f77db033c2c0929edfab6dbe8c588\",\"name\":\"Larissa I. L\u00f3pez\",\"image\":{\"@type\":\"ImageObject\",\"inLanguage\":\"es\",\"@id\":\"https:\\\/\\\/secure.gravatar.com\\\/avatar\\\/db3ef399ff343d0bb9d25dc5198bc8ece5ac6d621eca79876697a354dabc1e3f?s=96&d=mm&r=g\",\"url\":\"https:\\\/\\\/secure.gravatar.com\\\/avatar\\\/db3ef399ff343d0bb9d25dc5198bc8ece5ac6d621eca79876697a354dabc1e3f?s=96&d=mm&r=g\",\"contentUrl\":\"https:\\\/\\\/secure.gravatar.com\\\/avatar\\\/db3ef399ff343d0bb9d25dc5198bc8ece5ac6d621eca79876697a354dabc1e3f?s=96&d=mm&r=g\",\"caption\":\"Larissa I. L\u00f3pez\"},\"description\":\"Doctora en Comunicaci\u00f3n. Mi trayectoria profesional ha transcurrido entre el \u00e1mbito de la comunicaci\u00f3n y el de la docencia. En los \u00faltimos a\u00f1os, he trabajado como coordinadora y redactora de la edici\u00f3n de ZENIT en espa\u00f1ol. Como profesora, he impartido clases en la universidad y en centros de FP y bachillerato. Cordobesa de nacimiento, tambi\u00e9n he vivido en Sevilla, Madrid y Roma\",\"url\":\"https:\\\/\\\/exaudi.org\\\/es\\\/author\\\/llopezexaudi-org\\\/\"}]}<\/script>\n<!-- \/ Yoast SEO plugin. -->","yoast_head_json":{"title":"El Papa aprueba 7 nuevas invocaciones en letan\u00edas de san Jos\u00e9 &#8211; Exaudi","description":"La Congregaci\u00f3n para el Culto Divino ha difundido una carta sobre las 7\u00a0nuevas Invocaciones en las Letan\u00edas de San Jos\u00e9 aprobadas por el Papa","robots":{"index":"index","follow":"follow","max-snippet":"max-snippet:-1","max-image-preview":"max-image-preview:large","max-video-preview":"max-video-preview:-1"},"canonical":"https:\/\/exaudi.org\/es\/el-papa-aprueba-7-nuevas-invocaciones-en-letanias-san-jose\/","og_locale":"es_ES","og_type":"article","og_title":"El Papa aprueba 7 nuevas invocaciones en letan\u00edas de san Jos\u00e9 &#8211; Exaudi","og_description":"La Congregaci\u00f3n para el Culto Divino ha difundido una carta sobre las 7\u00a0nuevas Invocaciones en las Letan\u00edas de San Jos\u00e9 aprobadas por el Papa","og_url":"https:\/\/exaudi.org\/es\/el-papa-aprueba-7-nuevas-invocaciones-en-letanias-san-jose\/","og_site_name":"Exaudi","article_publisher":"https:\/\/www.facebook.com\/ExaudiNews","article_published_time":"2021-05-01T13:56:44+00:00","article_modified_time":"2021-05-01T17:00:06+00:00","og_image":[{"width":2560,"height":1707,"url":"https:\/\/exaudi.org\/wp-content\/uploads\/2021\/05\/cathopic_1527740659824092-scaled.jpg","type":"image\/jpeg"}],"author":"Larissa I. L\u00f3pez","twitter_card":"summary_large_image","twitter_creator":"@Exaudi_News","twitter_site":"@Exaudi_News","twitter_misc":{"Escrito por":"Larissa I. L\u00f3pez","Tiempo de lectura":"2 minutos"},"schema":{"@context":"https:\/\/schema.org","@graph":[{"@type":"Article","@id":"https:\/\/exaudi.org\/es\/el-papa-aprueba-7-nuevas-invocaciones-en-letanias-san-jose\/#article","isPartOf":{"@id":"https:\/\/exaudi.org\/es\/el-papa-aprueba-7-nuevas-invocaciones-en-letanias-san-jose\/"},"author":{"name":"Larissa I. L\u00f3pez","@id":"https:\/\/exaudi.org\/#\/schema\/person\/7d2f77db033c2c0929edfab6dbe8c588"},"headline":"El Papa aprueba 7 nuevas invocaciones en letan\u00edas de san Jos\u00e9","datePublished":"2021-05-01T13:56:44+00:00","dateModified":"2021-05-01T17:00:06+00:00","mainEntityOfPage":{"@id":"https:\/\/exaudi.org\/es\/el-papa-aprueba-7-nuevas-invocaciones-en-letanias-san-jose\/"},"wordCount":340,"image":{"@id":"https:\/\/exaudi.org\/es\/el-papa-aprueba-7-nuevas-invocaciones-en-letanias-san-jose\/#primaryimage"},"thumbnailUrl":"https:\/\/exaudi.org\/wp-content\/uploads\/2021\/05\/cathopic_1527740659824092-scaled.jpg","keywords":["congregaci\u00f3n para el culto divino y la disciplina de los sacramentos","invocaciones","Letan\u00edas en honor a san Jos\u00e9","papa francisco","San Jos\u00e9"],"articleSection":["Le\u00f3n XIV","\u00daltimas noticias"],"inLanguage":"es"},{"@type":"WebPage","@id":"https:\/\/exaudi.org\/es\/el-papa-aprueba-7-nuevas-invocaciones-en-letanias-san-jose\/","url":"https:\/\/exaudi.org\/es\/el-papa-aprueba-7-nuevas-invocaciones-en-letanias-san-jose\/","name":"El Papa aprueba 7 nuevas invocaciones en letan\u00edas de san Jos\u00e9 &#8211; Exaudi","isPartOf":{"@id":"https:\/\/exaudi.org\/#website"},"primaryImageOfPage":{"@id":"https:\/\/exaudi.org\/es\/el-papa-aprueba-7-nuevas-invocaciones-en-letanias-san-jose\/#primaryimage"},"image":{"@id":"https:\/\/exaudi.org\/es\/el-papa-aprueba-7-nuevas-invocaciones-en-letanias-san-jose\/#primaryimage"},"thumbnailUrl":"https:\/\/exaudi.org\/wp-content\/uploads\/2021\/05\/cathopic_1527740659824092-scaled.jpg","datePublished":"2021-05-01T13:56:44+00:00","dateModified":"2021-05-01T17:00:06+00:00","author":{"@id":"https:\/\/exaudi.org\/#\/schema\/person\/7d2f77db033c2c0929edfab6dbe8c588"},"description":"La Congregaci\u00f3n para el Culto Divino ha difundido una carta sobre las 7\u00a0nuevas Invocaciones en las Letan\u00edas de San Jos\u00e9 aprobadas por el Papa","breadcrumb":{"@id":"https:\/\/exaudi.org\/es\/el-papa-aprueba-7-nuevas-invocaciones-en-letanias-san-jose\/#breadcrumb"},"inLanguage":"es","potentialAction":[{"@type":"ReadAction","target":["https:\/\/exaudi.org\/es\/el-papa-aprueba-7-nuevas-invocaciones-en-letanias-san-jose\/"]}]},{"@type":"ImageObject","inLanguage":"es","@id":"https:\/\/exaudi.org\/es\/el-papa-aprueba-7-nuevas-invocaciones-en-letanias-san-jose\/#primaryimage","url":"https:\/\/exaudi.org\/wp-content\/uploads\/2021\/05\/cathopic_1527740659824092-scaled.jpg","contentUrl":"https:\/\/exaudi.org\/wp-content\/uploads\/2021\/05\/cathopic_1527740659824092-scaled.jpg","width":2560,"height":1707,"caption":"San Jos\u00e9 \u00a9 Cathopic. Sergio Herrera"},{"@type":"BreadcrumbList","@id":"https:\/\/exaudi.org\/es\/el-papa-aprueba-7-nuevas-invocaciones-en-letanias-san-jose\/#breadcrumb","itemListElement":[{"@type":"ListItem","position":1,"name":"Portada","item":"https:\/\/exaudi.org\/es\/"},{"@type":"ListItem","position":2,"name":"El Papa aprueba 7 nuevas invocaciones en letan\u00edas de san Jos\u00e9"}]},{"@type":"WebSite","@id":"https:\/\/exaudi.org\/#website","url":"https:\/\/exaudi.org\/","name":"Exaudi","description":"News","potentialAction":[{"@type":"SearchAction","target":{"@type":"EntryPoint","urlTemplate":"https:\/\/exaudi.org\/?s={search_term_string}"},"query-input":{"@type":"PropertyValueSpecification","valueRequired":true,"valueName":"search_term_string"}}],"inLanguage":"es"},{"@type":"Person","@id":"https:\/\/exaudi.org\/#\/schema\/person\/7d2f77db033c2c0929edfab6dbe8c588","name":"Larissa I. L\u00f3pez","image":{"@type":"ImageObject","inLanguage":"es","@id":"https:\/\/secure.gravatar.com\/avatar\/db3ef399ff343d0bb9d25dc5198bc8ece5ac6d621eca79876697a354dabc1e3f?s=96&d=mm&r=g","url":"https:\/\/secure.gravatar.com\/avatar\/db3ef399ff343d0bb9d25dc5198bc8ece5ac6d621eca79876697a354dabc1e3f?s=96&d=mm&r=g","contentUrl":"https:\/\/secure.gravatar.com\/avatar\/db3ef399ff343d0bb9d25dc5198bc8ece5ac6d621eca79876697a354dabc1e3f?s=96&d=mm&r=g","caption":"Larissa I. L\u00f3pez"},"description":"Doctora en Comunicaci\u00f3n. Mi trayectoria profesional ha transcurrido entre el \u00e1mbito de la comunicaci\u00f3n y el de la docencia. En los \u00faltimos a\u00f1os, he trabajado como coordinadora y redactora de la edici\u00f3n de ZENIT en espa\u00f1ol. Como profesora, he impartido clases en la universidad y en centros de FP y bachillerato. Cordobesa de nacimiento, tambi\u00e9n he vivido en Sevilla, Madrid y Roma","url":"https:\/\/exaudi.org\/es\/author\/llopezexaudi-org\/"}]}},"jetpack_featured_media_url":"https:\/\/exaudi.org\/wp-content\/uploads\/2021\/05\/cathopic_1527740659824092-scaled.jpg","jetpack_shortlink":"https:\/\/wp.me\/pgKjF2-3M7","_links":{"self":[{"href":"https:\/\/exaudi.org\/es\/wp-json\/wp\/v2\/posts\/14515","targetHints":{"allow":["GET"]}}],"collection":[{"href":"https:\/\/exaudi.org\/es\/wp-json\/wp\/v2\/posts"}],"about":[{"href":"https:\/\/exaudi.org\/es\/wp-json\/wp\/v2\/types\/post"}],"author":[{"embeddable":true,"href":"https:\/\/exaudi.org\/es\/wp-json\/wp\/v2\/users\/5"}],"replies":[{"embeddable":true,"href":"https:\/\/exaudi.org\/es\/wp-json\/wp\/v2\/comments?post=14515"}],"version-history":[{"count":0,"href":"https:\/\/exaudi.org\/es\/wp-json\/wp\/v2\/posts\/14515\/revisions"}],"wp:featuredmedia":[{"embeddable":true,"href":"https:\/\/exaudi.org\/es\/wp-json\/wp\/v2\/media\/14516"}],"wp:attachment":[{"href":"https:\/\/exaudi.org\/es\/wp-json\/wp\/v2\/media?parent=14515"}],"wp:term":[{"taxonomy":"category","embeddable":true,"href":"https:\/\/exaudi.org\/es\/wp-json\/wp\/v2\/categories?post=14515"},{"taxonomy":"post_tag","embeddable":true,"href":"https:\/\/exaudi.org\/es\/wp-json\/wp\/v2\/tags?post=14515"}],"curies":[{"name":"wp","href":"https:\/\/api.w.org\/{rel}","templated":true}]}}