{"id":145013,"date":"2025-11-05T14:33:37","date_gmt":"2025-11-05T13:33:37","guid":{"rendered":"https:\/\/exaudi.org\/?p=145013"},"modified":"2025-11-05T18:52:28","modified_gmt":"2025-11-05T17:52:28","slug":"leon-xiv-proclama-en-la-audiencia-general-todos-los-dias-es-pascua","status":"publish","type":"post","link":"https:\/\/exaudi.org\/es\/leon-xiv-proclama-en-la-audiencia-general-todos-los-dias-es-pascua\/","title":{"rendered":"Le\u00f3n XIV proclama en la Audiencia General: \u00abTodos los d\u00edas es Pascua\u00bb"},"content":{"rendered":"<p>En una Plaza de San Pedro rebosante de fieles bajo un sol oto\u00f1al, el Papa Le\u00f3n XIV continu\u00f3 este mi\u00e9rcoles su ciclo de catequesis sobre el Jubileo 2025, centrado en \u00abJesucristo, nuestra esperanza\u00bb. En la cuarta entrega, titulada \u00abLa Pascua da esperanza a la vida cotidiana\u00bb, el Pont\u00edfice afirm\u00f3 con rotundidad: *\u00bbPodemos decir, sin irenismo o sentimentalismo, que todos los d\u00edas es Pascua\u00bb*.<\/p>\n<h3><strong>La Resurrecci\u00f3n: no un recuerdo, sino una presencia viva<\/strong><\/h3>\n<p>Le\u00f3n XIV subray\u00f3 que la Pascua no es un evento hist\u00f3rico lejano, sino un <strong>misterio actualizante<\/strong> que la Iglesia revive cada domingo y en cada Eucarist\u00eda. Citando Mateo 28,20, record\u00f3 la promesa de Cristo: \u00abSabed que yo estoy con vosotros todos los d\u00edas, hasta el final de los tiempos\u00bb.<\/p>\n<p style=\"text-align: center;\">\u00abEl misterio pascual constituye el eje de la vida del cristiano\u00bb, afirm\u00f3.<\/p>\n<p>El Papa invoc\u00f3 a <strong>Santa Teresa Benedicta de la Cruz (Edith Stein)<\/strong>\u00a0para ilustrar el anhelo humano de plenitud:<\/p>\n<p style=\"text-align: center;\">\u00abEl ser humano anhela siempre volver a recibir el don de la existencia, para poder alcanzar lo que el instante le da y, al mismo tiempo, le quita\u00bb.<\/p>\n<h3><img loading=\"lazy\" decoding=\"async\" class=\"size-full wp-image-145139 alignnone\" src=\"https:\/\/exaudi.org\/wp-content\/uploads\/2025\/11\/AG-05102025-6.jpg\" alt=\"\" width=\"1080\" height=\"720\" srcset=\"https:\/\/exaudi.org\/wp-content\/uploads\/2025\/11\/AG-05102025-6.jpg 1080w, https:\/\/exaudi.org\/wp-content\/uploads\/2025\/11\/AG-05102025-6-300x200.jpg 300w, https:\/\/exaudi.org\/wp-content\/uploads\/2025\/11\/AG-05102025-6-1024x683.jpg 1024w, https:\/\/exaudi.org\/wp-content\/uploads\/2025\/11\/AG-05102025-6-770x513.jpg 770w, https:\/\/exaudi.org\/wp-content\/uploads\/2025\/11\/AG-05102025-6-360x240.jpg?crop=1 360w, https:\/\/exaudi.org\/wp-content\/uploads\/2025\/11\/AG-05102025-6-500x333.jpg 500w\" sizes=\"auto, (max-width: 1080px) 100vw, 1080px\" \/><\/h3>\n<h3><strong>Del sepulcro vac\u00edo al \u00abViviente\u00bb eterno<\/strong><\/h3>\n<p>Recordando el alba pascual, Le\u00f3n XIV evoc\u00f3 el anuncio del \u00e1ngel: *\u00bbNo est\u00e1 aqu\u00ed. Ha resucitado\u00bb* (Mc 16,6). Desde entonces, Jes\u00fas es *\u00bbel Viviente\u00bb* (Ap 1,17-18), la \u00abestrella polar\u00bb que orienta el caos de la existencia humana marcada por el mal, el sufrimiento y la muerte.<\/p>\n<p style=\"text-align: center;\">\u00abLa Pascua no elimina la cruz, sino que la vence\u00bb, sentenci\u00f3, transformando la Via Crucis en Via Lucis.<\/p>\n<h3><strong>Llamado a la esperanza activa y al compromiso global<\/strong><\/h3>\n<p>El Pont\u00edfice exhort\u00f3 a los fieles a ser *testigos valientes* de la esperanza pascual:<\/p>\n<p style=\"text-align: center;\">\u00abCreer verdaderamente en la Pascua significa revolucionar nuestra vida, ser transformados para transformar el mundo\u00bb.<\/p>\n<p>En sus saludos, bendijo especialmente a los peregrinos hispanohablantes y lanz\u00f3 un <strong>dram\u00e1tico llamamiento por Myanmar<\/strong>:<\/p>\n<p>\u00abOs invito a uniros a mi oraci\u00f3n por todos aquellos que sufren a causa de los conflictos armados&#8230; exhorto a la comunidad internacional a no olvidar al pueblo birmano y a proporcionar la necesaria ayuda humanitaria\u00bb.<\/p>\n<p style=\"text-align: center;\">\u00abLa resurrecci\u00f3n de Cristo no es un acontecimiento del pasado&#8230; En Jesucristo encontramos con seguridad la estrella polar hacia la cual orientar nuestra existencia, superar los l\u00edmites de nuestra fr\u00e1gil humanidad y afrontar los desaf\u00edos que se nos presentan cada d\u00eda\u00bb.<\/p>\n<p>Publicamos a continuaci\u00f3n el texto de la Catequesis del Santo Padre:<\/p>\n<p>***<\/p>\n<p><b>Ciclo de catequesis &#8211; Jubileo 2025. Jesucristo, nuestra esperanza. IV. La resurrecci\u00f3n de Cristo y los retos del mundo actual 3. La Pascua da esperanza a la vida cotidiana.<\/b><\/p>\n<p><i>Queridos hermanos y hermanas, \u00a1buenos d\u00edas y bienvenidos!<\/i><\/p>\n<p>La Pascua de Jes\u00fas es un evento que no pertenece a un pasado lejano, ya sedimentado en la tradici\u00f3n, como tantos otros episodios de la historia humana. La Iglesia nos ense\u00f1a a hacer memoria actualizante de la Resurrecci\u00f3n todos los a\u00f1os en el domingo de Pascua y todos los d\u00edas en la celebraci\u00f3n eucar\u00edstica, durante la que se realiza de modo pleno la promesa del Se\u00f1or resucitado: \u00abSabed que yo estoy con vosotros todos los d\u00edas, hasta el final de los tiempos\u00bb (<i>Mt<\/i>\u00a028,20).<\/p>\n<p>Por eso, el misterio pascual constituye el eje de la vida del cristiano en torno al cual giran todos los dem\u00e1s eventos. Podemos decir entonces, sin irenismo o sentimentalismo, que todos los d\u00edas es Pascua. \u00bfDe qu\u00e9 modo?<\/p>\n<p>Vivimos cada hora muchas experiencias diversas: dolor, sufrimiento, tristeza, entrelazadas con alegr\u00eda, estupor, serenidad. Pero, en cada situaci\u00f3n, el coraz\u00f3n humano anhela la plenitud, una felicidad profunda. Una gran fil\u00f3sofa del s. XX, Santa Teresa Benedicta de la Cruz -cuyo nombre secular fue Edith Stein-, que tanto profundiz\u00f3 en el misterio de la persona humana, nos recuerda este dinamismo de b\u00fasqueda constante de la plenitud. \u00abEl ser humano -escribe- anhela siempre volver a recibir el don de la existencia, para poder alcanzar lo que el instante le da y, al mismo tiempo, le quita\u00bb (<i>Ser infinito y ser eterno<\/i>.\u00a0<i>Intento de un ascenso al sentido del ser<\/i>). Estamos inmersos en el l\u00edmite, pero tambi\u00e9n tendemos a superarlo.<\/p>\n<p>El anuncio pascual es la noticia m\u00e1s hermosa, alegre y conmovedora que jam\u00e1s ha resonado en el curso de la historia. Es el \u201cEvangelio\u201d por excelencia, que atestigua la victoria del amor sobre el pecado y de la vida sobre la muerte, y por eso es el \u00fanico capaz de saciar la demanda de sentido que inquieta nuestra mente y nuestro coraz\u00f3n. El ser humano est\u00e1 animado por un movimiento interior, propende hacia un m\u00e1s all\u00e1 que le atrae constantemente. Ninguna realidad contingente le satisface. Tendemos al infinito y a lo eterno. Esto contrasta con la experiencia de la muerte, anticipada por los sufrimientos, las p\u00e9rdidas, los fracasos. De la muerte \u00ab<em>nullu homo vivente po skampare<\/em>\u00bb (ning\u00fan hombre viviente puede escapar), canta San Francisco de As\u00eds (cfr.\u00a0<i>C\u00e1ntico del hermano sol<\/i>).<\/p>\n<p>Todo cambia gracias a aquella ma\u00f1ana en la que las mujeres que hab\u00edan ido al sepulcro para ungir el cuerpo del Se\u00f1or lo encuentran vac\u00edo. La pregunta de los Magos de Oriente en Jerusal\u00e9n (\u00ab\u00bfD\u00f3nde est\u00e1 el Rey de los jud\u00edos que ha nacido?\u00bb,\u00a0<i>Mt<\/i>\u00a02,1-2) halla la respuesta definitiva en las palabras del misterioso joven vestido de blanco que habla a las mujeres en el alba pascual: \u00ab\u00bfBusc\u00e1is a Jes\u00fas el Nazareno, el crucificado? No est\u00e1 aqu\u00ed. Ha resucitado\u00bb (<i>Mc<\/i>\u00a016,6).<\/p>\n<p>Desde esa ma\u00f1ana hasta hoy, cada d\u00eda, Jes\u00fas posee tambi\u00e9n este t\u00edtulo: el Viviente, como \u00c9l mismo se presenta en el\u00a0<i>Apocalipsis<\/i>: \u00abYo soy el Primero y el \u00daltimo, el Viviente; estuve muerto, pero ahora vivo para siempre\u00bb (<i>Ap<\/i>\u00a01,17-18). Y en \u00c9l tenemos la seguridad de poder encontrar perennemente la estrella polar hacia la que dirigir nuestra vida de aparente caos, marcada por hechos que, a menudo, nos parecen confusos, inaceptables, incomprensibles: el mal, en sus m\u00faltiples facetas; el sufrimiento, la muerte: eventos que nos afectan a todos y cada uno. Meditando el misterio de la Resurrecci\u00f3n, encontramos respuesta a nuestra sed de sentido.<\/p>\n<p>Ante nuestra fr\u00e1gil humanidad, el anuncio pascual se convierte en cura y sanaci\u00f3n, alimenta la esperanza frente a los desaf\u00edos alarmantes que la vida nos pone por delante cada d\u00eda a nivel personal y planetario. Desde la perspectiva de la Pascua, la\u00a0<i>Via Crucis\u00a0<\/i>se transfigura en\u00a0<i>Via Lucis<\/i>. Necesitamos saborear y meditar la alegr\u00eda despu\u00e9s del dolor, reatravesando con esta nueva luz todas las etapas que precedieron la Resurrecci\u00f3n.<\/p>\n<p>La Pascua no elimina la cruz, sino que la vence en el duelo prodigioso que ha cambiado la historia humana. Tambi\u00e9n nuestro tiempo, marcado por tantas cruces, invoca el alba de la esperanza pascual.<\/p>\n<p>La Resurrecci\u00f3n de Cristo no es una idea, una teor\u00eda, sino el Acontecimento que fundamenta la fe. \u00c9l, el Resucitado, nos lo recuerda siempre mediante el Esp\u00edritu Santo, para que podamos ser sus testigos tambi\u00e9n all\u00ed donde la historia humana no ve luz en el horizonte. La esperanza pascual no defrauda. Creer verdaderamente en la Pascua en el camino cotidiano significa revolucionar nuestra vida, ser transformados para transformar el mundo con la fuerza suave y valiente de la esperanza cristiana.<\/p>\n<p>_____________________<\/p>\n<p><b>Saludos\u00a0<\/b><\/p>\n<p>Saludo cordialmente a los peregrinos de lengua espa\u00f1ola. Pidamos al Se\u00f1or que env\u00ede su Esp\u00edritu Santo sobre nosotros, para que seamos testigos de la esperanza pascual y llevemos la luz del Resucitado hasta los confines de la tierra. Que Dios los bendiga. Muchas gracias<b>.<\/b><\/p>\n<p>_____________________<\/p>\n<p><b>Llamamiento<\/b><\/p>\n<p>Hermanos y hermanas, os invito a uniros a mi oraci\u00f3n por todos aquellos que sufren a causa de los conflictos armados en diversas partes del mundo; pienso especialmente en Myanmar, y exhorto a la comunidad internacional a no olvidar al pueblo birmano y a proporcionar la necesaria ayuda humanitaria.<\/p>\n<p>____________________<\/p>\n<p><b>Resumen le\u00eddo por el Santo Padre en espa\u00f1ol<\/b><\/p>\n<p><i>Queridos hermanos y hermanas:<\/i><\/p>\n<p>En esta catequesis reflexionamos sobre la esperanza que representa la Pascua de Jes\u00fas en nuestra vida cotidiana. La resurrecci\u00f3n de Cristo no es un acontecimiento del pasado, la Iglesia nos ense\u00f1a a hacer memoria viva de este misterio en cada Celebraci\u00f3n eucar\u00edstica, en la que se realiza de manera plena la promesa del Se\u00f1or resucitado, de permanecer con nosotros todos los d\u00edas, hasta el fin del mundo.<\/p>\n<p>El anuncio pascual colma nuestra vida de alegr\u00eda y de paz, sana nuestras heridas y alimenta nuestra esperanza. Meditando el misterio de la resurrecci\u00f3n encontramos respuesta a nuestra sed de significado, a nuestra b\u00fasqueda del sentido de la vida. En Jesucristo encontramos con seguridad la estrella polar hacia la cual orientar nuestra existencia, superar los l\u00edmites de nuestra fr\u00e1gil humanidad y afrontar los desaf\u00edos que se nos presentan cada d\u00eda a nivel personal y comunitario, tendiendo hacia el infinito y hacia lo eterno.<\/p>\n<p><iframe loading=\"lazy\" title=\"Audiencia General . 05 de noviembre de 2025\" width=\"500\" height=\"375\" src=\"https:\/\/www.youtube.com\/embed\/Lq7t0E04Avw?feature=oembed\" frameborder=\"0\" allow=\"accelerometer; autoplay; clipboard-write; encrypted-media; gyroscope; picture-in-picture; web-share\" referrerpolicy=\"strict-origin-when-cross-origin\" allowfullscreen><\/iframe><\/p>\n","protected":false},"excerpt":{"rendered":"<p>Audiencia General. 5 de noviembre de 2025<\/p>\n","protected":false},"author":15,"featured_media":145022,"comment_status":"closed","ping_status":"closed","sticky":false,"template":"","format":"standard","meta":{"_acf_changed":false,"_crdt_document":"","inline_featured_image":false,"footnotes":""},"categories":[112,68],"tags":[179,34920,37784,5856,80067,80068,58067],"class_list":["post-145013","post","type-post","status-publish","format-standard","has-post-thumbnail","hentry","category-audiencia-general","category-leon-xiv","tag-audiencia-general","tag-featured-es-14","tag-jesucristo-nuestra-esperanza","tag-jubileo-2025","tag-la-pascua-da-esperanza-a-la-vida-cotidiana","tag-la-resurreccion-de-cristo-y-los-retos-del-mundo-actual","tag-leon-xiv"],"acf":[],"yoast_head":"<!-- This site is optimized with the Yoast SEO plugin v27.5 - https:\/\/yoast.com\/product\/yoast-seo-wordpress\/ -->\n<title>Le\u00f3n XIV proclama en la Audiencia General: &quot;Todos los d\u00edas es Pascua&quot; &#8211; Exaudi<\/title>\n<meta name=\"robots\" content=\"index, follow, max-snippet:-1, max-image-preview:large, max-video-preview:-1\" \/>\n<link rel=\"canonical\" href=\"https:\/\/exaudi.org\/es\/leon-xiv-proclama-en-la-audiencia-general-todos-los-dias-es-pascua\/\" \/>\n<meta property=\"og:locale\" content=\"es_ES\" \/>\n<meta property=\"og:type\" content=\"article\" \/>\n<meta property=\"og:title\" content=\"Le\u00f3n XIV proclama en la Audiencia General: &quot;Todos los d\u00edas es Pascua&quot; &#8211; Exaudi\" \/>\n<meta property=\"og:description\" content=\"Audiencia General. 5 de noviembre de 2025\" \/>\n<meta property=\"og:url\" content=\"https:\/\/exaudi.org\/es\/leon-xiv-proclama-en-la-audiencia-general-todos-los-dias-es-pascua\/\" \/>\n<meta property=\"og:site_name\" content=\"Exaudi\" \/>\n<meta property=\"article:publisher\" content=\"https:\/\/www.facebook.com\/ExaudiNews\" \/>\n<meta property=\"article:author\" content=\"https:\/\/www.facebook.com\/ExaudiNoticias\/\" \/>\n<meta property=\"article:published_time\" content=\"2025-11-05T13:33:37+00:00\" \/>\n<meta property=\"article:modified_time\" content=\"2025-11-05T17:52:28+00:00\" \/>\n<meta property=\"og:image\" content=\"https:\/\/exaudi.org\/wp-content\/uploads\/2025\/11\/SnapInsta.to_574862487_1234085632078302_3123410836749540158_n.jpg\" \/>\n\t<meta property=\"og:image:width\" content=\"1080\" \/>\n\t<meta property=\"og:image:height\" content=\"719\" \/>\n\t<meta property=\"og:image:type\" content=\"image\/jpeg\" \/>\n<meta name=\"author\" content=\"Exaudi Redacci\u00f3n\" \/>\n<meta name=\"twitter:card\" content=\"summary_large_image\" \/>\n<meta name=\"twitter:creator\" content=\"@Exaudi_noticias\" \/>\n<meta name=\"twitter:site\" content=\"@Exaudi_News\" \/>\n<meta name=\"twitter:label1\" content=\"Escrito por\" \/>\n\t<meta name=\"twitter:data1\" content=\"Exaudi Redacci\u00f3n\" \/>\n\t<meta name=\"twitter:label2\" content=\"Tiempo de lectura\" \/>\n\t<meta name=\"twitter:data2\" content=\"8 minutos\" \/>\n<script type=\"application\/ld+json\" class=\"yoast-schema-graph\">{\"@context\":\"https:\\\/\\\/schema.org\",\"@graph\":[{\"@type\":\"Article\",\"@id\":\"https:\\\/\\\/exaudi.org\\\/es\\\/leon-xiv-proclama-en-la-audiencia-general-todos-los-dias-es-pascua\\\/#article\",\"isPartOf\":{\"@id\":\"https:\\\/\\\/exaudi.org\\\/es\\\/leon-xiv-proclama-en-la-audiencia-general-todos-los-dias-es-pascua\\\/\"},\"author\":{\"name\":\"Exaudi Redacci\u00f3n\",\"@id\":\"https:\\\/\\\/exaudi.org\\\/#\\\/schema\\\/person\\\/f5fc8f063065e38742da7afe15f25df7\"},\"headline\":\"Le\u00f3n XIV proclama en la Audiencia General: \u00abTodos los d\u00edas es Pascua\u00bb\",\"datePublished\":\"2025-11-05T13:33:37+00:00\",\"dateModified\":\"2025-11-05T17:52:28+00:00\",\"mainEntityOfPage\":{\"@id\":\"https:\\\/\\\/exaudi.org\\\/es\\\/leon-xiv-proclama-en-la-audiencia-general-todos-los-dias-es-pascua\\\/\"},\"wordCount\":1541,\"image\":{\"@id\":\"https:\\\/\\\/exaudi.org\\\/es\\\/leon-xiv-proclama-en-la-audiencia-general-todos-los-dias-es-pascua\\\/#primaryimage\"},\"thumbnailUrl\":\"https:\\\/\\\/exaudi.org\\\/wp-content\\\/uploads\\\/2025\\\/11\\\/SnapInsta.to_574862487_1234085632078302_3123410836749540158_n.jpg\",\"keywords\":[\"audiencia general\",\"Featured\",\"Jesucristo nuestra esperanza\",\"Jubileo 2025\",\"La Pascua da esperanza a la vida cotidiana\",\"La resurrecci\u00f3n de Cristo y los retos del mundo actual\",\"Le\u00f3n XIV\"],\"articleSection\":[\"Audiencia General\",\"Le\u00f3n XIV\"],\"inLanguage\":\"es\"},{\"@type\":\"WebPage\",\"@id\":\"https:\\\/\\\/exaudi.org\\\/es\\\/leon-xiv-proclama-en-la-audiencia-general-todos-los-dias-es-pascua\\\/\",\"url\":\"https:\\\/\\\/exaudi.org\\\/es\\\/leon-xiv-proclama-en-la-audiencia-general-todos-los-dias-es-pascua\\\/\",\"name\":\"Le\u00f3n XIV proclama en la Audiencia General: \\\"Todos los d\u00edas es Pascua\\\" &#8211; Exaudi\",\"isPartOf\":{\"@id\":\"https:\\\/\\\/exaudi.org\\\/#website\"},\"primaryImageOfPage\":{\"@id\":\"https:\\\/\\\/exaudi.org\\\/es\\\/leon-xiv-proclama-en-la-audiencia-general-todos-los-dias-es-pascua\\\/#primaryimage\"},\"image\":{\"@id\":\"https:\\\/\\\/exaudi.org\\\/es\\\/leon-xiv-proclama-en-la-audiencia-general-todos-los-dias-es-pascua\\\/#primaryimage\"},\"thumbnailUrl\":\"https:\\\/\\\/exaudi.org\\\/wp-content\\\/uploads\\\/2025\\\/11\\\/SnapInsta.to_574862487_1234085632078302_3123410836749540158_n.jpg\",\"datePublished\":\"2025-11-05T13:33:37+00:00\",\"dateModified\":\"2025-11-05T17:52:28+00:00\",\"author\":{\"@id\":\"https:\\\/\\\/exaudi.org\\\/#\\\/schema\\\/person\\\/f5fc8f063065e38742da7afe15f25df7\"},\"breadcrumb\":{\"@id\":\"https:\\\/\\\/exaudi.org\\\/es\\\/leon-xiv-proclama-en-la-audiencia-general-todos-los-dias-es-pascua\\\/#breadcrumb\"},\"inLanguage\":\"es\",\"potentialAction\":[{\"@type\":\"ReadAction\",\"target\":[\"https:\\\/\\\/exaudi.org\\\/es\\\/leon-xiv-proclama-en-la-audiencia-general-todos-los-dias-es-pascua\\\/\"]}]},{\"@type\":\"ImageObject\",\"inLanguage\":\"es\",\"@id\":\"https:\\\/\\\/exaudi.org\\\/es\\\/leon-xiv-proclama-en-la-audiencia-general-todos-los-dias-es-pascua\\\/#primaryimage\",\"url\":\"https:\\\/\\\/exaudi.org\\\/wp-content\\\/uploads\\\/2025\\\/11\\\/SnapInsta.to_574862487_1234085632078302_3123410836749540158_n.jpg\",\"contentUrl\":\"https:\\\/\\\/exaudi.org\\\/wp-content\\\/uploads\\\/2025\\\/11\\\/SnapInsta.to_574862487_1234085632078302_3123410836749540158_n.jpg\",\"width\":1080,\"height\":719},{\"@type\":\"BreadcrumbList\",\"@id\":\"https:\\\/\\\/exaudi.org\\\/es\\\/leon-xiv-proclama-en-la-audiencia-general-todos-los-dias-es-pascua\\\/#breadcrumb\",\"itemListElement\":[{\"@type\":\"ListItem\",\"position\":1,\"name\":\"Portada\",\"item\":\"https:\\\/\\\/exaudi.org\\\/es\\\/\"},{\"@type\":\"ListItem\",\"position\":2,\"name\":\"Le\u00f3n XIV proclama en la Audiencia General: \u00abTodos los d\u00edas es Pascua\u00bb\"}]},{\"@type\":\"WebSite\",\"@id\":\"https:\\\/\\\/exaudi.org\\\/#website\",\"url\":\"https:\\\/\\\/exaudi.org\\\/\",\"name\":\"Exaudi\",\"description\":\"News\",\"potentialAction\":[{\"@type\":\"SearchAction\",\"target\":{\"@type\":\"EntryPoint\",\"urlTemplate\":\"https:\\\/\\\/exaudi.org\\\/?s={search_term_string}\"},\"query-input\":{\"@type\":\"PropertyValueSpecification\",\"valueRequired\":true,\"valueName\":\"search_term_string\"}}],\"inLanguage\":\"es\"},{\"@type\":\"Person\",\"@id\":\"https:\\\/\\\/exaudi.org\\\/#\\\/schema\\\/person\\\/f5fc8f063065e38742da7afe15f25df7\",\"name\":\"Exaudi Redacci\u00f3n\",\"image\":{\"@type\":\"ImageObject\",\"inLanguage\":\"es\",\"@id\":\"https:\\\/\\\/secure.gravatar.com\\\/avatar\\\/fe0f6a059fb68d9b3e11bc5850dd4899b1c7492091a3cb6dd9b01b56ad828be2?s=96&d=mm&r=g\",\"url\":\"https:\\\/\\\/secure.gravatar.com\\\/avatar\\\/fe0f6a059fb68d9b3e11bc5850dd4899b1c7492091a3cb6dd9b01b56ad828be2?s=96&d=mm&r=g\",\"contentUrl\":\"https:\\\/\\\/secure.gravatar.com\\\/avatar\\\/fe0f6a059fb68d9b3e11bc5850dd4899b1c7492091a3cb6dd9b01b56ad828be2?s=96&d=mm&r=g\",\"caption\":\"Exaudi Redacci\u00f3n\"},\"description\":\"\u00bfQu\u00e9 es Exaudi News? Exaudi News es un medio de comunicaci\u00f3n cat\u00f3lico internacional que informa, forma y transforma, diariamente en espa\u00f1ol, ingl\u00e9s e italiano. A trav\u00e9s de noticias, art\u00edculos de an\u00e1lisis y transmisiones en directo de los eventos del Papa, Exaudi busca fortalecer la unidad de los cristianos y contribuir a la evangelizaci\u00f3n del mundo, siempre guiados por la doctrina social de la Iglesia. Trabajamos para acercar la verdad y los valores cristianos a cada rinc\u00f3n del planeta. \u00a1Ay\u00fadanos a transformar el mundo con Exaudi! En Exaudi creemos que la evangelizaci\u00f3n y la informaci\u00f3n de calidad pueden cambiar vidas. Para continuar con nuestra misi\u00f3n y expandir nuestro alcance, necesitamos tu ayuda. Adem\u00e1s, buscamos personas comprometidas que deseen unirse a nuestro equipo. Con tu apoyo, lograremos llegar a m\u00e1s personas, difundir el mensaje de Cristo y reforzar la unidad de los cristianos. \u00bfTe unes a nuestra misi\u00f3n? Para m\u00e1s informaci\u00f3n sobre c\u00f3mo colaborar, visita Exaudi.org\\\/es o cont\u00e1ctanos directamente: info@exaudi.org Exaudi: Informa, forma y transforma.\",\"sameAs\":[\"https:\\\/\\\/www.facebook.com\\\/ExaudiNoticias\\\/\",\"https:\\\/\\\/www.instagram.com\\\/exaudi_noticias\\\/\",\"https:\\\/\\\/x.com\\\/Exaudi_noticias\",\"https:\\\/\\\/www.youtube.com\\\/@exaudicatholicnews\"],\"url\":\"https:\\\/\\\/exaudi.org\\\/es\\\/author\\\/redaccionexaudi\\\/\"}]}<\/script>\n<!-- \/ Yoast SEO plugin. -->","yoast_head_json":{"title":"Le\u00f3n XIV proclama en la Audiencia General: \"Todos los d\u00edas es Pascua\" &#8211; Exaudi","robots":{"index":"index","follow":"follow","max-snippet":"max-snippet:-1","max-image-preview":"max-image-preview:large","max-video-preview":"max-video-preview:-1"},"canonical":"https:\/\/exaudi.org\/es\/leon-xiv-proclama-en-la-audiencia-general-todos-los-dias-es-pascua\/","og_locale":"es_ES","og_type":"article","og_title":"Le\u00f3n XIV proclama en la Audiencia General: \"Todos los d\u00edas es Pascua\" &#8211; Exaudi","og_description":"Audiencia General. 5 de noviembre de 2025","og_url":"https:\/\/exaudi.org\/es\/leon-xiv-proclama-en-la-audiencia-general-todos-los-dias-es-pascua\/","og_site_name":"Exaudi","article_publisher":"https:\/\/www.facebook.com\/ExaudiNews","article_author":"https:\/\/www.facebook.com\/ExaudiNoticias\/","article_published_time":"2025-11-05T13:33:37+00:00","article_modified_time":"2025-11-05T17:52:28+00:00","og_image":[{"width":1080,"height":719,"url":"https:\/\/exaudi.org\/wp-content\/uploads\/2025\/11\/SnapInsta.to_574862487_1234085632078302_3123410836749540158_n.jpg","type":"image\/jpeg"}],"author":"Exaudi Redacci\u00f3n","twitter_card":"summary_large_image","twitter_creator":"@Exaudi_noticias","twitter_site":"@Exaudi_News","twitter_misc":{"Escrito por":"Exaudi Redacci\u00f3n","Tiempo de lectura":"8 minutos"},"schema":{"@context":"https:\/\/schema.org","@graph":[{"@type":"Article","@id":"https:\/\/exaudi.org\/es\/leon-xiv-proclama-en-la-audiencia-general-todos-los-dias-es-pascua\/#article","isPartOf":{"@id":"https:\/\/exaudi.org\/es\/leon-xiv-proclama-en-la-audiencia-general-todos-los-dias-es-pascua\/"},"author":{"name":"Exaudi Redacci\u00f3n","@id":"https:\/\/exaudi.org\/#\/schema\/person\/f5fc8f063065e38742da7afe15f25df7"},"headline":"Le\u00f3n XIV proclama en la Audiencia General: \u00abTodos los d\u00edas es Pascua\u00bb","datePublished":"2025-11-05T13:33:37+00:00","dateModified":"2025-11-05T17:52:28+00:00","mainEntityOfPage":{"@id":"https:\/\/exaudi.org\/es\/leon-xiv-proclama-en-la-audiencia-general-todos-los-dias-es-pascua\/"},"wordCount":1541,"image":{"@id":"https:\/\/exaudi.org\/es\/leon-xiv-proclama-en-la-audiencia-general-todos-los-dias-es-pascua\/#primaryimage"},"thumbnailUrl":"https:\/\/exaudi.org\/wp-content\/uploads\/2025\/11\/SnapInsta.to_574862487_1234085632078302_3123410836749540158_n.jpg","keywords":["audiencia general","Featured","Jesucristo nuestra esperanza","Jubileo 2025","La Pascua da esperanza a la vida cotidiana","La resurrecci\u00f3n de Cristo y los retos del mundo actual","Le\u00f3n XIV"],"articleSection":["Audiencia General","Le\u00f3n XIV"],"inLanguage":"es"},{"@type":"WebPage","@id":"https:\/\/exaudi.org\/es\/leon-xiv-proclama-en-la-audiencia-general-todos-los-dias-es-pascua\/","url":"https:\/\/exaudi.org\/es\/leon-xiv-proclama-en-la-audiencia-general-todos-los-dias-es-pascua\/","name":"Le\u00f3n XIV proclama en la Audiencia General: \"Todos los d\u00edas es Pascua\" &#8211; Exaudi","isPartOf":{"@id":"https:\/\/exaudi.org\/#website"},"primaryImageOfPage":{"@id":"https:\/\/exaudi.org\/es\/leon-xiv-proclama-en-la-audiencia-general-todos-los-dias-es-pascua\/#primaryimage"},"image":{"@id":"https:\/\/exaudi.org\/es\/leon-xiv-proclama-en-la-audiencia-general-todos-los-dias-es-pascua\/#primaryimage"},"thumbnailUrl":"https:\/\/exaudi.org\/wp-content\/uploads\/2025\/11\/SnapInsta.to_574862487_1234085632078302_3123410836749540158_n.jpg","datePublished":"2025-11-05T13:33:37+00:00","dateModified":"2025-11-05T17:52:28+00:00","author":{"@id":"https:\/\/exaudi.org\/#\/schema\/person\/f5fc8f063065e38742da7afe15f25df7"},"breadcrumb":{"@id":"https:\/\/exaudi.org\/es\/leon-xiv-proclama-en-la-audiencia-general-todos-los-dias-es-pascua\/#breadcrumb"},"inLanguage":"es","potentialAction":[{"@type":"ReadAction","target":["https:\/\/exaudi.org\/es\/leon-xiv-proclama-en-la-audiencia-general-todos-los-dias-es-pascua\/"]}]},{"@type":"ImageObject","inLanguage":"es","@id":"https:\/\/exaudi.org\/es\/leon-xiv-proclama-en-la-audiencia-general-todos-los-dias-es-pascua\/#primaryimage","url":"https:\/\/exaudi.org\/wp-content\/uploads\/2025\/11\/SnapInsta.to_574862487_1234085632078302_3123410836749540158_n.jpg","contentUrl":"https:\/\/exaudi.org\/wp-content\/uploads\/2025\/11\/SnapInsta.to_574862487_1234085632078302_3123410836749540158_n.jpg","width":1080,"height":719},{"@type":"BreadcrumbList","@id":"https:\/\/exaudi.org\/es\/leon-xiv-proclama-en-la-audiencia-general-todos-los-dias-es-pascua\/#breadcrumb","itemListElement":[{"@type":"ListItem","position":1,"name":"Portada","item":"https:\/\/exaudi.org\/es\/"},{"@type":"ListItem","position":2,"name":"Le\u00f3n XIV proclama en la Audiencia General: \u00abTodos los d\u00edas es Pascua\u00bb"}]},{"@type":"WebSite","@id":"https:\/\/exaudi.org\/#website","url":"https:\/\/exaudi.org\/","name":"Exaudi","description":"News","potentialAction":[{"@type":"SearchAction","target":{"@type":"EntryPoint","urlTemplate":"https:\/\/exaudi.org\/?s={search_term_string}"},"query-input":{"@type":"PropertyValueSpecification","valueRequired":true,"valueName":"search_term_string"}}],"inLanguage":"es"},{"@type":"Person","@id":"https:\/\/exaudi.org\/#\/schema\/person\/f5fc8f063065e38742da7afe15f25df7","name":"Exaudi Redacci\u00f3n","image":{"@type":"ImageObject","inLanguage":"es","@id":"https:\/\/secure.gravatar.com\/avatar\/fe0f6a059fb68d9b3e11bc5850dd4899b1c7492091a3cb6dd9b01b56ad828be2?s=96&d=mm&r=g","url":"https:\/\/secure.gravatar.com\/avatar\/fe0f6a059fb68d9b3e11bc5850dd4899b1c7492091a3cb6dd9b01b56ad828be2?s=96&d=mm&r=g","contentUrl":"https:\/\/secure.gravatar.com\/avatar\/fe0f6a059fb68d9b3e11bc5850dd4899b1c7492091a3cb6dd9b01b56ad828be2?s=96&d=mm&r=g","caption":"Exaudi Redacci\u00f3n"},"description":"\u00bfQu\u00e9 es Exaudi News? Exaudi News es un medio de comunicaci\u00f3n cat\u00f3lico internacional que informa, forma y transforma, diariamente en espa\u00f1ol, ingl\u00e9s e italiano. A trav\u00e9s de noticias, art\u00edculos de an\u00e1lisis y transmisiones en directo de los eventos del Papa, Exaudi busca fortalecer la unidad de los cristianos y contribuir a la evangelizaci\u00f3n del mundo, siempre guiados por la doctrina social de la Iglesia. Trabajamos para acercar la verdad y los valores cristianos a cada rinc\u00f3n del planeta. \u00a1Ay\u00fadanos a transformar el mundo con Exaudi! En Exaudi creemos que la evangelizaci\u00f3n y la informaci\u00f3n de calidad pueden cambiar vidas. Para continuar con nuestra misi\u00f3n y expandir nuestro alcance, necesitamos tu ayuda. Adem\u00e1s, buscamos personas comprometidas que deseen unirse a nuestro equipo. Con tu apoyo, lograremos llegar a m\u00e1s personas, difundir el mensaje de Cristo y reforzar la unidad de los cristianos. \u00bfTe unes a nuestra misi\u00f3n? Para m\u00e1s informaci\u00f3n sobre c\u00f3mo colaborar, visita Exaudi.org\/es o cont\u00e1ctanos directamente: info@exaudi.org Exaudi: Informa, forma y transforma.","sameAs":["https:\/\/www.facebook.com\/ExaudiNoticias\/","https:\/\/www.instagram.com\/exaudi_noticias\/","https:\/\/x.com\/Exaudi_noticias","https:\/\/www.youtube.com\/@exaudicatholicnews"],"url":"https:\/\/exaudi.org\/es\/author\/redaccionexaudi\/"}]}},"jetpack_featured_media_url":"https:\/\/exaudi.org\/wp-content\/uploads\/2025\/11\/SnapInsta.to_574862487_1234085632078302_3123410836749540158_n.jpg","jetpack_shortlink":"https:\/\/wp.me\/pgKjF2-BIV","_links":{"self":[{"href":"https:\/\/exaudi.org\/es\/wp-json\/wp\/v2\/posts\/145013","targetHints":{"allow":["GET"]}}],"collection":[{"href":"https:\/\/exaudi.org\/es\/wp-json\/wp\/v2\/posts"}],"about":[{"href":"https:\/\/exaudi.org\/es\/wp-json\/wp\/v2\/types\/post"}],"author":[{"embeddable":true,"href":"https:\/\/exaudi.org\/es\/wp-json\/wp\/v2\/users\/15"}],"replies":[{"embeddable":true,"href":"https:\/\/exaudi.org\/es\/wp-json\/wp\/v2\/comments?post=145013"}],"version-history":[{"count":7,"href":"https:\/\/exaudi.org\/es\/wp-json\/wp\/v2\/posts\/145013\/revisions"}],"predecessor-version":[{"id":145143,"href":"https:\/\/exaudi.org\/es\/wp-json\/wp\/v2\/posts\/145013\/revisions\/145143"}],"wp:featuredmedia":[{"embeddable":true,"href":"https:\/\/exaudi.org\/es\/wp-json\/wp\/v2\/media\/145022"}],"wp:attachment":[{"href":"https:\/\/exaudi.org\/es\/wp-json\/wp\/v2\/media?parent=145013"}],"wp:term":[{"taxonomy":"category","embeddable":true,"href":"https:\/\/exaudi.org\/es\/wp-json\/wp\/v2\/categories?post=145013"},{"taxonomy":"post_tag","embeddable":true,"href":"https:\/\/exaudi.org\/es\/wp-json\/wp\/v2\/tags?post=145013"}],"curies":[{"name":"wp","href":"https:\/\/api.w.org\/{rel}","templated":true}]}}