{"id":14497,"date":"2021-05-01T14:54:59","date_gmt":"2021-05-01T12:54:59","guid":{"rendered":"https:\/\/exaudi.org\/?p=14497"},"modified":"2022-01-03T16:09:17","modified_gmt":"2022-01-03T15:09:17","slug":"dia-del-trabajo-mensaje-presidente-del-celam","status":"publish","type":"post","link":"https:\/\/exaudi.org\/es\/dia-del-trabajo-mensaje-presidente-del-celam\/","title":{"rendered":"D\u00eda del Trabajo: Mensaje del presidente del CELAM"},"content":{"rendered":"<p>Este 1 de mayo de 2021, festividad de <a href=\"https:\/\/exaudi.org\/es\/san-jose-obrero-patrono-de-los-trabajadores\/\" target=\"_blank\" rel=\"noopener noreferrer\">san Jos\u00e9 Obrero<\/a>, se conmemora el D\u00eda Internacional del Trabajo y el presidente del <a href=\"https:\/\/www.celam.org\/\" target=\"_blank\" rel=\"noopener noreferrer\">Consejo Episcopal Latinoamericano<\/a> (CELAM), <a href=\"https:\/\/exaudi.org\/es\/entrevista-mons-cabrejos-presidente-episcopado-latinoamericano\/\" target=\"_blank\" rel=\"noopener noreferrer\">monse\u00f1or Miguel Cabrejos Vidarte<\/a>, ha dirigido un <a href=\"https:\/\/prensacelam.org\/2021\/05\/01\/el-presidente-del-celam-pide-justicia-social-para-todos-los-trabajadores\/\" target=\"_blank\" rel=\"noopener noreferrer\">mensaje<\/a> a los trabajadores de Am\u00e9rica Latina y el Caribe.<\/p>\n<div>\n<h4><strong>\u201cLa Iglesia nunca se olvida de su cuna\u201d<\/strong><\/h4>\n<p>\u201cEn esta fecha especial, me permito hacerles llegar mi saludo y el de todos mis hermanos Obispos del CELAM,\u00a0en reconocimiento al esfuerzo que realizan cada d\u00eda buscando el pan para sus familias, procurando su progreso y bienestar y construyendo un mundo mejor, donde se viva con dignidad y libertad\u201d. As\u00ed comienza el texto firmado por el prelado peruano, en el que tambi\u00e9n recuerda las palabras del Cardenal Ra\u00fal Silva Heriquez: \u201c\u00a1la Iglesia nunca se olvida de su cuna!\u201d, indica una nota del CELAM.<\/p>\n<p>En su mensaje, monse\u00f1or Cabrejos destaca que el trabajo es \u201cuna bendici\u00f3n del Creador\u201d, una oportunidad para participar de su obra creadora y, por tanto, \u201ces fuente de santificaci\u00f3n\u201d cuando se realiza en comuni\u00f3n con Dios, lo cual \u201cda sentido y plenitud a todo quehacer humano\u201d.<\/p>\n<h4><strong>\u201cNo podemos callar ante tantos que han perdido su trabajo\u201d<\/strong><\/h4>\n<p>Sin embargo, los obispos tambi\u00e9n hacen un llamado a la acci\u00f3n, ante el incremento del desempleo en Am\u00e9rica Latina y el Caribe, que ya impacta a 47 millones de hombres y mujeres: \u201cno podemos callar nuestra honda preocupaci\u00f3n al ver el sufrimiento de tantos hermanos que han perdido su trabajo a causa de la pandemia.\u00a0\u00a1Algo tenemos que hacer por ellos para aliviar su pobreza!\u201d.<\/p>\n<p>\u201cEs oportuno reclamar en este d\u00eda justicia social para todos los trabajadores\u201d, contin\u00faan, haciendo eco a las denuncias que en m\u00faltiples oportunidades ha hecho la Iglesia a trav\u00e9s de su Doctrina Social, frente a \u201cla injusticia y los abusos que atentan contra la dignidad de los trabajadores\u201d y la demanda de \u201csalarios justos y condiciones de trabajo acordes a la dignidad de hijos de Dios\u201d.<\/p>\n<p>\u201cQue cada uno tenga trabajo digno, remuneraci\u00f3n justa y respeto a su dignidad humana. Asimismo, pedimos el cese a la violencia que afecta a tantas hermanas y hermanos nuestros, que por estos d\u00edas alzan su voz pidiendo a los l\u00edderes y a los gobernantes que asuman\u00a0pol\u00edticas favorables a una econom\u00eda solidaria y a la inversi\u00f3n social, con transparencia y con una clara opci\u00f3n por el bien com\u00fan\u201d.<\/p>\n<h4><strong>Defensa de un trabajo \u201cadecuadamente remunerado\u201d<\/strong><\/h4>\n<p>Siguiendo el ejemplo de grandes pastores que defendieron los derechos de los trabajadores y las trabajadoras de Am\u00e9rica Latina y el Caribe, entre quienes se encuentran Bartolom\u00e9 de las Casas, san Pedro Claver, Manuel Larra\u00edn, V\u00edctor Sanabria, H\u00e9lder C\u00e1mara, san Alberto Hurtado, el cardenal Silva Henr\u00edquez, y san \u00d3scar Romero,\u00a0el CELAM levanta su voz para pedir por la defensa del derecho al trabajo: \u201cun ambiente de trabajo respetuoso de las personas y la naturaleza, tambi\u00e9n el derecho a un trabajo adecuadamente remunerado\u201d.<\/p>\n<p>Al evocar las palabras del Papa Francisco, el presidente del CELAM reafirma que \u201cno existe peor pobreza que aquella que priva del trabajo y de la dignidad del trabajo\u201d. En este sentido, hace un llamado a las autoridades pol\u00edticas y econ\u00f3micas del continente \u201ca garantizar espacios de trabajo\u201d, puesto que \u201ccuando una persona, queriendo hacerlo, no puede acceder a un trabajo, hay una parte de la creaci\u00f3n que queda inconclusa; una parte del plan de Dios frustrado\u201d, como afirmara el cardenal Silva Henr\u00edquez.<\/p>\n<p>Monse\u00f1or Miguel Cabrejos concluye su mensaje agradeciendo el testimonio de laboriosidad de tantos latinoamericano y caribe\u00f1os que con sacrificio y entrega diaria edifican una sociedad m\u00e1s digna para todos. \u201cMuchas gracias tambi\u00e9n a todos aquellos que, adem\u00e1s de su trabajo profesional o del oficio que desempe\u00f1an,\u00a0trabajan en el apostolado, difundiendo y testimoniando del Evangelio de Cristo\u201d.<\/p>\n<\/div>\n<div class=\"sfsi_Sicons\"><\/div>\n","protected":false},"excerpt":{"rendered":"<p>A trabajadores de Latinoam\u00e9rica y el Caribe<\/p>\n","protected":false},"author":93,"featured_media":14498,"comment_status":"closed","ping_status":"closed","sticky":false,"template":"","format":"standard","meta":{"_acf_changed":false,"_crdt_document":"","inline_featured_image":false,"footnotes":""},"categories":[86,94,298],"tags":[1521,464,885,2079,2080,1028,2007,2009],"class_list":["post-14497","post","type-post","status-publish","format-standard","has-post-thumbnail","hentry","category-iglesia-local","category-justicia-y-paz","category-ultimas-noticias","tag-america-latina","tag-celam","tag-consejo-episcopal-latinoamericano","tag-dia-internacional-del-trabajo","tag-el-caribe","tag-monsenor-miguel-cabrejos","tag-san-jose-obrero","tag-trabajadores"],"acf":[],"yoast_head":"<!-- This site is optimized with the Yoast SEO plugin v27.5 - https:\/\/yoast.com\/product\/yoast-seo-wordpress\/ -->\n<title>D\u00eda del Trabajo: Mensaje del presidente del CELAM &#8211; Exaudi<\/title>\n<meta name=\"description\" content=\"Hoy, 1 de mayo, san Jos\u00e9 Obrero y D\u00eda Internacional del Trabajo, el presidente del CELAM dirige un mensaje a los trabajadores\" \/>\n<meta name=\"robots\" content=\"index, follow, max-snippet:-1, max-image-preview:large, max-video-preview:-1\" \/>\n<link rel=\"canonical\" href=\"https:\/\/exaudi.org\/es\/dia-del-trabajo-mensaje-presidente-del-celam\/\" \/>\n<meta property=\"og:locale\" content=\"es_ES\" \/>\n<meta property=\"og:type\" content=\"article\" \/>\n<meta property=\"og:title\" content=\"D\u00eda del Trabajo: Mensaje del presidente del CELAM &#8211; Exaudi\" \/>\n<meta property=\"og:description\" content=\"Hoy, 1 de mayo, san Jos\u00e9 Obrero y D\u00eda Internacional del Trabajo, el presidente del CELAM dirige un mensaje a los trabajadores\" \/>\n<meta property=\"og:url\" content=\"https:\/\/exaudi.org\/es\/dia-del-trabajo-mensaje-presidente-del-celam\/\" \/>\n<meta property=\"og:site_name\" content=\"Exaudi\" \/>\n<meta property=\"article:publisher\" content=\"https:\/\/www.facebook.com\/ExaudiNews\" \/>\n<meta property=\"article:published_time\" content=\"2021-05-01T12:54:59+00:00\" \/>\n<meta property=\"article:modified_time\" content=\"2022-01-03T15:09:17+00:00\" \/>\n<meta property=\"og:image\" content=\"https:\/\/exaudi.org\/wp-content\/uploads\/2021\/05\/sky-bridge-skyline-evening-construction-reflection-780811-pxhere.com_-scaled.jpg\" \/>\n\t<meta property=\"og:image:width\" content=\"2560\" \/>\n\t<meta property=\"og:image:height\" content=\"1707\" \/>\n\t<meta property=\"og:image:type\" content=\"image\/jpeg\" \/>\n<meta name=\"author\" content=\"ADN CELAM\" \/>\n<meta name=\"twitter:card\" content=\"summary_large_image\" \/>\n<meta name=\"twitter:creator\" content=\"@Exaudi_News\" \/>\n<meta name=\"twitter:site\" content=\"@Exaudi_News\" \/>\n<meta name=\"twitter:label1\" content=\"Escrito por\" \/>\n\t<meta name=\"twitter:data1\" content=\"ADN CELAM\" \/>\n\t<meta name=\"twitter:label2\" content=\"Tiempo de lectura\" \/>\n\t<meta name=\"twitter:data2\" content=\"3 minutos\" \/>\n<script type=\"application\/ld+json\" class=\"yoast-schema-graph\">{\"@context\":\"https:\\\/\\\/schema.org\",\"@graph\":[{\"@type\":\"Article\",\"@id\":\"https:\\\/\\\/exaudi.org\\\/es\\\/dia-del-trabajo-mensaje-presidente-del-celam\\\/#article\",\"isPartOf\":{\"@id\":\"https:\\\/\\\/exaudi.org\\\/es\\\/dia-del-trabajo-mensaje-presidente-del-celam\\\/\"},\"author\":{\"name\":\"ADN CELAM\",\"@id\":\"https:\\\/\\\/exaudi.org\\\/#\\\/schema\\\/person\\\/fbc491ba5ee575299c5e9bc1b11ccc1f\"},\"headline\":\"D\u00eda del Trabajo: Mensaje del presidente del CELAM\",\"datePublished\":\"2021-05-01T12:54:59+00:00\",\"dateModified\":\"2022-01-03T15:09:17+00:00\",\"mainEntityOfPage\":{\"@id\":\"https:\\\/\\\/exaudi.org\\\/es\\\/dia-del-trabajo-mensaje-presidente-del-celam\\\/\"},\"wordCount\":667,\"image\":{\"@id\":\"https:\\\/\\\/exaudi.org\\\/es\\\/dia-del-trabajo-mensaje-presidente-del-celam\\\/#primaryimage\"},\"thumbnailUrl\":\"https:\\\/\\\/exaudi.org\\\/wp-content\\\/uploads\\\/2021\\\/05\\\/sky-bridge-skyline-evening-construction-reflection-780811-pxhere.com_-scaled.jpg\",\"keywords\":[\"Am\u00e9rica Latina\",\"CELAM\",\"Consejo Episcopal Latinoamericano\",\"D\u00eda Internacional del Trabajo\",\"El Caribe\",\"Monse\u00f1or Miguel Cabrejos\",\"San Jos\u00e9 Obrero\",\"Trabajadores\"],\"articleSection\":[\"Iglesia Local\",\"Justicia y Paz\",\"\u00daltimas noticias\"],\"inLanguage\":\"es\"},{\"@type\":\"WebPage\",\"@id\":\"https:\\\/\\\/exaudi.org\\\/es\\\/dia-del-trabajo-mensaje-presidente-del-celam\\\/\",\"url\":\"https:\\\/\\\/exaudi.org\\\/es\\\/dia-del-trabajo-mensaje-presidente-del-celam\\\/\",\"name\":\"D\u00eda del Trabajo: Mensaje del presidente del CELAM &#8211; Exaudi\",\"isPartOf\":{\"@id\":\"https:\\\/\\\/exaudi.org\\\/#website\"},\"primaryImageOfPage\":{\"@id\":\"https:\\\/\\\/exaudi.org\\\/es\\\/dia-del-trabajo-mensaje-presidente-del-celam\\\/#primaryimage\"},\"image\":{\"@id\":\"https:\\\/\\\/exaudi.org\\\/es\\\/dia-del-trabajo-mensaje-presidente-del-celam\\\/#primaryimage\"},\"thumbnailUrl\":\"https:\\\/\\\/exaudi.org\\\/wp-content\\\/uploads\\\/2021\\\/05\\\/sky-bridge-skyline-evening-construction-reflection-780811-pxhere.com_-scaled.jpg\",\"datePublished\":\"2021-05-01T12:54:59+00:00\",\"dateModified\":\"2022-01-03T15:09:17+00:00\",\"author\":{\"@id\":\"https:\\\/\\\/exaudi.org\\\/#\\\/schema\\\/person\\\/fbc491ba5ee575299c5e9bc1b11ccc1f\"},\"description\":\"Hoy, 1 de mayo, san Jos\u00e9 Obrero y D\u00eda Internacional del Trabajo, el presidente del CELAM dirige un mensaje a los trabajadores\",\"breadcrumb\":{\"@id\":\"https:\\\/\\\/exaudi.org\\\/es\\\/dia-del-trabajo-mensaje-presidente-del-celam\\\/#breadcrumb\"},\"inLanguage\":\"es\",\"potentialAction\":[{\"@type\":\"ReadAction\",\"target\":[\"https:\\\/\\\/exaudi.org\\\/es\\\/dia-del-trabajo-mensaje-presidente-del-celam\\\/\"]}]},{\"@type\":\"ImageObject\",\"inLanguage\":\"es\",\"@id\":\"https:\\\/\\\/exaudi.org\\\/es\\\/dia-del-trabajo-mensaje-presidente-del-celam\\\/#primaryimage\",\"url\":\"https:\\\/\\\/exaudi.org\\\/wp-content\\\/uploads\\\/2021\\\/05\\\/sky-bridge-skyline-evening-construction-reflection-780811-pxhere.com_-scaled.jpg\",\"contentUrl\":\"https:\\\/\\\/exaudi.org\\\/wp-content\\\/uploads\\\/2021\\\/05\\\/sky-bridge-skyline-evening-construction-reflection-780811-pxhere.com_-scaled.jpg\",\"width\":2560,\"height\":1707,\"caption\":\"Trabajadores \u00a9 Pxhere\"},{\"@type\":\"BreadcrumbList\",\"@id\":\"https:\\\/\\\/exaudi.org\\\/es\\\/dia-del-trabajo-mensaje-presidente-del-celam\\\/#breadcrumb\",\"itemListElement\":[{\"@type\":\"ListItem\",\"position\":1,\"name\":\"Portada\",\"item\":\"https:\\\/\\\/exaudi.org\\\/es\\\/\"},{\"@type\":\"ListItem\",\"position\":2,\"name\":\"D\u00eda del Trabajo: Mensaje del presidente del CELAM\"}]},{\"@type\":\"WebSite\",\"@id\":\"https:\\\/\\\/exaudi.org\\\/#website\",\"url\":\"https:\\\/\\\/exaudi.org\\\/\",\"name\":\"Exaudi\",\"description\":\"News\",\"potentialAction\":[{\"@type\":\"SearchAction\",\"target\":{\"@type\":\"EntryPoint\",\"urlTemplate\":\"https:\\\/\\\/exaudi.org\\\/?s={search_term_string}\"},\"query-input\":{\"@type\":\"PropertyValueSpecification\",\"valueRequired\":true,\"valueName\":\"search_term_string\"}}],\"inLanguage\":\"es\"},{\"@type\":\"Person\",\"@id\":\"https:\\\/\\\/exaudi.org\\\/#\\\/schema\\\/person\\\/fbc491ba5ee575299c5e9bc1b11ccc1f\",\"name\":\"ADN CELAM\",\"image\":{\"@type\":\"ImageObject\",\"inLanguage\":\"es\",\"@id\":\"https:\\\/\\\/secure.gravatar.com\\\/avatar\\\/9f35251df285dd73b5052c2ea71d63aa960ac375813315353fd23ad8daf7a7ae?s=96&d=mm&r=g\",\"url\":\"https:\\\/\\\/secure.gravatar.com\\\/avatar\\\/9f35251df285dd73b5052c2ea71d63aa960ac375813315353fd23ad8daf7a7ae?s=96&d=mm&r=g\",\"contentUrl\":\"https:\\\/\\\/secure.gravatar.com\\\/avatar\\\/9f35251df285dd73b5052c2ea71d63aa960ac375813315353fd23ad8daf7a7ae?s=96&d=mm&r=g\",\"caption\":\"ADN CELAM\"},\"description\":\"Sistema informativo del Consejo Episcopal Latinoamericano (CELAM)\",\"url\":\"https:\\\/\\\/exaudi.org\\\/es\\\/author\\\/adncelam\\\/\"}]}<\/script>\n<!-- \/ Yoast SEO plugin. -->","yoast_head_json":{"title":"D\u00eda del Trabajo: Mensaje del presidente del CELAM &#8211; Exaudi","description":"Hoy, 1 de mayo, san Jos\u00e9 Obrero y D\u00eda Internacional del Trabajo, el presidente del CELAM dirige un mensaje a los trabajadores","robots":{"index":"index","follow":"follow","max-snippet":"max-snippet:-1","max-image-preview":"max-image-preview:large","max-video-preview":"max-video-preview:-1"},"canonical":"https:\/\/exaudi.org\/es\/dia-del-trabajo-mensaje-presidente-del-celam\/","og_locale":"es_ES","og_type":"article","og_title":"D\u00eda del Trabajo: Mensaje del presidente del CELAM &#8211; Exaudi","og_description":"Hoy, 1 de mayo, san Jos\u00e9 Obrero y D\u00eda Internacional del Trabajo, el presidente del CELAM dirige un mensaje a los trabajadores","og_url":"https:\/\/exaudi.org\/es\/dia-del-trabajo-mensaje-presidente-del-celam\/","og_site_name":"Exaudi","article_publisher":"https:\/\/www.facebook.com\/ExaudiNews","article_published_time":"2021-05-01T12:54:59+00:00","article_modified_time":"2022-01-03T15:09:17+00:00","og_image":[{"width":2560,"height":1707,"url":"https:\/\/exaudi.org\/wp-content\/uploads\/2021\/05\/sky-bridge-skyline-evening-construction-reflection-780811-pxhere.com_-scaled.jpg","type":"image\/jpeg"}],"author":"ADN CELAM","twitter_card":"summary_large_image","twitter_creator":"@Exaudi_News","twitter_site":"@Exaudi_News","twitter_misc":{"Escrito por":"ADN CELAM","Tiempo de lectura":"3 minutos"},"schema":{"@context":"https:\/\/schema.org","@graph":[{"@type":"Article","@id":"https:\/\/exaudi.org\/es\/dia-del-trabajo-mensaje-presidente-del-celam\/#article","isPartOf":{"@id":"https:\/\/exaudi.org\/es\/dia-del-trabajo-mensaje-presidente-del-celam\/"},"author":{"name":"ADN CELAM","@id":"https:\/\/exaudi.org\/#\/schema\/person\/fbc491ba5ee575299c5e9bc1b11ccc1f"},"headline":"D\u00eda del Trabajo: Mensaje del presidente del CELAM","datePublished":"2021-05-01T12:54:59+00:00","dateModified":"2022-01-03T15:09:17+00:00","mainEntityOfPage":{"@id":"https:\/\/exaudi.org\/es\/dia-del-trabajo-mensaje-presidente-del-celam\/"},"wordCount":667,"image":{"@id":"https:\/\/exaudi.org\/es\/dia-del-trabajo-mensaje-presidente-del-celam\/#primaryimage"},"thumbnailUrl":"https:\/\/exaudi.org\/wp-content\/uploads\/2021\/05\/sky-bridge-skyline-evening-construction-reflection-780811-pxhere.com_-scaled.jpg","keywords":["Am\u00e9rica Latina","CELAM","Consejo Episcopal Latinoamericano","D\u00eda Internacional del Trabajo","El Caribe","Monse\u00f1or Miguel Cabrejos","San Jos\u00e9 Obrero","Trabajadores"],"articleSection":["Iglesia Local","Justicia y Paz","\u00daltimas noticias"],"inLanguage":"es"},{"@type":"WebPage","@id":"https:\/\/exaudi.org\/es\/dia-del-trabajo-mensaje-presidente-del-celam\/","url":"https:\/\/exaudi.org\/es\/dia-del-trabajo-mensaje-presidente-del-celam\/","name":"D\u00eda del Trabajo: Mensaje del presidente del CELAM &#8211; Exaudi","isPartOf":{"@id":"https:\/\/exaudi.org\/#website"},"primaryImageOfPage":{"@id":"https:\/\/exaudi.org\/es\/dia-del-trabajo-mensaje-presidente-del-celam\/#primaryimage"},"image":{"@id":"https:\/\/exaudi.org\/es\/dia-del-trabajo-mensaje-presidente-del-celam\/#primaryimage"},"thumbnailUrl":"https:\/\/exaudi.org\/wp-content\/uploads\/2021\/05\/sky-bridge-skyline-evening-construction-reflection-780811-pxhere.com_-scaled.jpg","datePublished":"2021-05-01T12:54:59+00:00","dateModified":"2022-01-03T15:09:17+00:00","author":{"@id":"https:\/\/exaudi.org\/#\/schema\/person\/fbc491ba5ee575299c5e9bc1b11ccc1f"},"description":"Hoy, 1 de mayo, san Jos\u00e9 Obrero y D\u00eda Internacional del Trabajo, el presidente del CELAM dirige un mensaje a los trabajadores","breadcrumb":{"@id":"https:\/\/exaudi.org\/es\/dia-del-trabajo-mensaje-presidente-del-celam\/#breadcrumb"},"inLanguage":"es","potentialAction":[{"@type":"ReadAction","target":["https:\/\/exaudi.org\/es\/dia-del-trabajo-mensaje-presidente-del-celam\/"]}]},{"@type":"ImageObject","inLanguage":"es","@id":"https:\/\/exaudi.org\/es\/dia-del-trabajo-mensaje-presidente-del-celam\/#primaryimage","url":"https:\/\/exaudi.org\/wp-content\/uploads\/2021\/05\/sky-bridge-skyline-evening-construction-reflection-780811-pxhere.com_-scaled.jpg","contentUrl":"https:\/\/exaudi.org\/wp-content\/uploads\/2021\/05\/sky-bridge-skyline-evening-construction-reflection-780811-pxhere.com_-scaled.jpg","width":2560,"height":1707,"caption":"Trabajadores \u00a9 Pxhere"},{"@type":"BreadcrumbList","@id":"https:\/\/exaudi.org\/es\/dia-del-trabajo-mensaje-presidente-del-celam\/#breadcrumb","itemListElement":[{"@type":"ListItem","position":1,"name":"Portada","item":"https:\/\/exaudi.org\/es\/"},{"@type":"ListItem","position":2,"name":"D\u00eda del Trabajo: Mensaje del presidente del CELAM"}]},{"@type":"WebSite","@id":"https:\/\/exaudi.org\/#website","url":"https:\/\/exaudi.org\/","name":"Exaudi","description":"News","potentialAction":[{"@type":"SearchAction","target":{"@type":"EntryPoint","urlTemplate":"https:\/\/exaudi.org\/?s={search_term_string}"},"query-input":{"@type":"PropertyValueSpecification","valueRequired":true,"valueName":"search_term_string"}}],"inLanguage":"es"},{"@type":"Person","@id":"https:\/\/exaudi.org\/#\/schema\/person\/fbc491ba5ee575299c5e9bc1b11ccc1f","name":"ADN CELAM","image":{"@type":"ImageObject","inLanguage":"es","@id":"https:\/\/secure.gravatar.com\/avatar\/9f35251df285dd73b5052c2ea71d63aa960ac375813315353fd23ad8daf7a7ae?s=96&d=mm&r=g","url":"https:\/\/secure.gravatar.com\/avatar\/9f35251df285dd73b5052c2ea71d63aa960ac375813315353fd23ad8daf7a7ae?s=96&d=mm&r=g","contentUrl":"https:\/\/secure.gravatar.com\/avatar\/9f35251df285dd73b5052c2ea71d63aa960ac375813315353fd23ad8daf7a7ae?s=96&d=mm&r=g","caption":"ADN CELAM"},"description":"Sistema informativo del Consejo Episcopal Latinoamericano (CELAM)","url":"https:\/\/exaudi.org\/es\/author\/adncelam\/"}]}},"jetpack_featured_media_url":"https:\/\/exaudi.org\/wp-content\/uploads\/2021\/05\/sky-bridge-skyline-evening-construction-reflection-780811-pxhere.com_-scaled.jpg","jetpack_shortlink":"https:\/\/wp.me\/pgKjF2-3LP","_links":{"self":[{"href":"https:\/\/exaudi.org\/es\/wp-json\/wp\/v2\/posts\/14497","targetHints":{"allow":["GET"]}}],"collection":[{"href":"https:\/\/exaudi.org\/es\/wp-json\/wp\/v2\/posts"}],"about":[{"href":"https:\/\/exaudi.org\/es\/wp-json\/wp\/v2\/types\/post"}],"author":[{"embeddable":true,"href":"https:\/\/exaudi.org\/es\/wp-json\/wp\/v2\/users\/93"}],"replies":[{"embeddable":true,"href":"https:\/\/exaudi.org\/es\/wp-json\/wp\/v2\/comments?post=14497"}],"version-history":[{"count":0,"href":"https:\/\/exaudi.org\/es\/wp-json\/wp\/v2\/posts\/14497\/revisions"}],"wp:featuredmedia":[{"embeddable":true,"href":"https:\/\/exaudi.org\/es\/wp-json\/wp\/v2\/media\/14498"}],"wp:attachment":[{"href":"https:\/\/exaudi.org\/es\/wp-json\/wp\/v2\/media?parent=14497"}],"wp:term":[{"taxonomy":"category","embeddable":true,"href":"https:\/\/exaudi.org\/es\/wp-json\/wp\/v2\/categories?post=14497"},{"taxonomy":"post_tag","embeddable":true,"href":"https:\/\/exaudi.org\/es\/wp-json\/wp\/v2\/tags?post=14497"}],"curies":[{"name":"wp","href":"https:\/\/api.w.org\/{rel}","templated":true}]}}