{"id":14479,"date":"2021-05-01T10:39:29","date_gmt":"2021-05-01T08:39:29","guid":{"rendered":"https:\/\/exaudi.org\/?p=14479"},"modified":"2021-05-01T18:33:44","modified_gmt":"2021-05-01T16:33:44","slug":"venezuela-jose-gregorio-hernandez-ya-es-beato","status":"publish","type":"post","link":"https:\/\/exaudi.org\/es\/venezuela-jose-gregorio-hernandez-ya-es-beato\/","title":{"rendered":"Venezuela: Jos\u00e9 Gregorio Hern\u00e1ndez ya es beato"},"content":{"rendered":"<p><a href=\"https:\/\/exaudi.org\/es\/papa-francisco-jose-gregorio-hernandez-hombre-de-servicio-universal\/\" target=\"_blank\" rel=\"noopener noreferrer\">Jos\u00e9 Gregorio Hern\u00e1ndez<\/a>, conocido como el m\u00e9dico del pueblo, ya es beato. Ayer, 30 de abril de 2021, tuvo lugar la ceremonia de beatificaci\u00f3n en Caracas, Venezuela. Exaudi comparte la nota de prensa sobre este evento emitida por la <a href=\"https:\/\/conferenciaepiscopalvenezolana.com\/\">Conferencia Episcopal Venezolana<\/a>.<\/p>\n<p>***<\/p>\n<p><img loading=\"lazy\" decoding=\"async\" class=\"size-medium wp-image-14531 alignleft\" src=\"https:\/\/exaudi.org\/wp-content\/uploads\/2021\/05\/Beatificacion-1-1-225x300.jpg\" alt=\"\" width=\"225\" height=\"300\" srcset=\"https:\/\/exaudi.org\/wp-content\/uploads\/2021\/05\/Beatificacion-1-1-225x300.jpg 225w, https:\/\/exaudi.org\/wp-content\/uploads\/2021\/05\/Beatificacion-1-1-150x200.jpg?crop=1 150w, https:\/\/exaudi.org\/wp-content\/uploads\/2021\/05\/Beatificacion-1-1-300x400.jpg?crop=1 300w, https:\/\/exaudi.org\/wp-content\/uploads\/2021\/05\/Beatificacion-1-1-696x928.jpg 696w, https:\/\/exaudi.org\/wp-content\/uploads\/2021\/05\/Beatificacion-1-1-315x420.jpg 315w, https:\/\/exaudi.org\/wp-content\/uploads\/2021\/05\/Beatificacion-1-1.jpg 756w\" sizes=\"auto, (max-width: 225px) 100vw, 225px\" \/>\u201cHoy Venezuela se llena de j\u00fabilo, pues despu\u00e9s de 72 a\u00f1os de iniciado el proceso de beatificaci\u00f3n del Doctor Jos\u00e9 Gregorio Hern\u00e1ndez, laico, cient\u00edfico, y m\u00e9dico de los pobres, nos reunimos en torno a la mesa del Se\u00f1or, para anunciar por la voz del delegado del Papa Francisco, Mons. Aldo Giordano, Nuncio Apost\u00f3lico en Venezuela, que nuestro amado trujillano de Isnot\u00fa es beato\u201d.<\/p>\n<p>Con estas palabras, inici\u00f3 la Santa Eucarist\u00eda de beatificaci\u00f3n a las 10 a.m. del viernes 30 de abril, en la iglesia San Juan Bautista del colegio La Salle en Caracas; una celebraci\u00f3n en la que, aunque de manera presencial acudi\u00f3 un n\u00famero reducido de personas debido a las limitaciones de la pandemia, fue una multitud de devotos dentro y fuera del pa\u00eds quienes espiritualmente se unieron a este acontecimiento tan anhelado por los venezolanos.<\/p>\n<p>La Ceremonia fue presidida por Mons. Aldo Giordano, Nuncio Apost\u00f3lico en Venezuela, como representante de la Santa Sede, y concelebrada por el Cardenal Baltazar Porras, Arzobispo de M\u00e9rida y administrador apost\u00f3lico de Caracas y el cardenal Jorge Urosa, arzobispo em\u00e9rito de Caracas, junto a los Arzobispos y Obispos de Venezuela. Acudi\u00f3 Yaxury Sol\u00f3rzano, la ni\u00f1a que recibi\u00f3 el milagro por intercesi\u00f3n de Jos\u00e9 Gregorio Hern\u00e1ndez, junto a su madre y hermana; estuvieron presentes tambi\u00e9n algunos familiares del Dr. Jos\u00e9 Gregorio Hern\u00e1ndez y un reducido grupo de m\u00e9dicos, entre ellos, parte del equipo m\u00e9dico que trat\u00f3 el caso de Yaxury en San Fernando de Apure, en nombre de los profesionales de la salud para quienes el pr\u00f3ximo beato es modelo a seguir.<\/p>\n<p><strong>Beato Jos\u00e9 Gregorio Hern\u00e1ndez<\/strong><\/p>\n<p>El rito de beatificaci\u00f3n tuvo lugar luego del acto penitencial. Inici\u00f3 cuando el Cardenal Baltazar Porras solicit\u00f3 al representante de la Santa Sede, Mons. Aldo Giordano, la beatificaci\u00f3n de Jos\u00e9 Gregorio Hern\u00e1ndez. El vicepostulador, Mons. Tulio Ram\u00edrez, ley\u00f3 una breve biograf\u00eda del M\u00e9dico de los Pobres, tras lo cual, el Nuncio Apost\u00f3lico hizo lectura de las letras apost\u00f3licas en las que se nombra como neato a Jos\u00e9 Gregorio Hern\u00e1ndez, indicando adem\u00e1s que la fecha de su fiesta lit\u00fargica ser\u00e1 el 26 de octubre, d\u00eda en que se celebra su nacimiento. \u201cCon nuestra autoridad apost\u00f3lica concedemos que el venerable siervo de Dios Jos\u00e9 Gregorio Hern\u00e1ndez Cisneros, fiel laico, experto en la ciencia y excelente en la fe, que reconociendo en los enfermos el rostro sufriente del Se\u00f1or como el Buen Samaritano, los socorri\u00f3 con caridad evang\u00e9lica curando sus heridas del cuerpo y del esp\u00edritu, de ahora en adelante sea llamado beato\u201d.<\/p>\n<p><img loading=\"lazy\" decoding=\"async\" class=\"size-medium wp-image-14546 alignright\" src=\"https:\/\/exaudi.org\/wp-content\/uploads\/2021\/05\/beatificacion-2-1-768x960-1-240x300.jpg\" alt=\"\" width=\"240\" height=\"300\" srcset=\"https:\/\/exaudi.org\/wp-content\/uploads\/2021\/05\/beatificacion-2-1-768x960-1-240x300.jpg 240w, https:\/\/exaudi.org\/wp-content\/uploads\/2021\/05\/beatificacion-2-1-768x960-1-150x188.jpg 150w, https:\/\/exaudi.org\/wp-content\/uploads\/2021\/05\/beatificacion-2-1-768x960-1-300x375.jpg 300w, https:\/\/exaudi.org\/wp-content\/uploads\/2021\/05\/beatificacion-2-1-768x960-1-696x870.jpg 696w, https:\/\/exaudi.org\/wp-content\/uploads\/2021\/05\/beatificacion-2-1-768x960-1-336x420.jpg 336w, https:\/\/exaudi.org\/wp-content\/uploads\/2021\/05\/beatificacion-2-1-768x960-1.jpg 768w\" sizes=\"auto, (max-width: 240px) 100vw, 240px\" \/>Acto seguido, la reliquia del m\u00e9dico de los pobres fue llevada en procesi\u00f3n hasta el altar por Yaxury Sol\u00f3rzano en compa\u00f1\u00eda de su madre. Simult\u00e1neamente, fue develada una imagen del nuevo beato en la que se aprecia su aureola; se trat\u00f3 de la r\u00e9plica del mosaico del Dr. Hern\u00e1ndez, cuyo original se encuentra en Trujillo, su tierra de nacimiento y que fue realizado por el artista larense Luis Felipe Mogoll\u00f3n. Finalmente, el Cardenal Baltazar Porras, en nombre de todos los Obispos de Venezuela, agradeci\u00f3 al Papa Francisco, \u201cpor haberle conferido el t\u00edtulo de beato al Siervo de Dios Jos\u00e9 Gregorio Hern\u00e1ndez Cisneros\u201d.<\/p>\n<p>Continu\u00f3 entonces la Santa Misa con la liturgia de la Palabra. Tras el Evangelio seg\u00fan san Mateo, cap\u00edtulo 25 del 31 al 46, Mons. Giordano expres\u00f3 en su homil\u00eda \u201cha llegado el gran d\u00eda de la Beatificaci\u00f3n de nuestro querido Dr. Jos\u00e9 Gregorio Hern\u00e1ndez. Todos nos regocijamos en el Se\u00f1or. Ha sido este un d\u00eda largamente deseado y esperado; nos sentimos profundamente agradecidos con todas aquellas personas que han contribuido a llevar adelante su causa de Beatificaci\u00f3n en medio de tantas dificultades\u201d. A\u00f1adi\u00f3 que \u201caprobar la Beatificaci\u00f3n ha sido una nueva y gran manifestaci\u00f3n de cari\u00f1o paternal por parte del Papa Francisco, un gran regalo para todos los venezolanos\u201d y agradeci\u00f3 al Santo Padre \u201cpor el extraordinario mensaje que para esta ocasi\u00f3n nos envi\u00f3\u201d.<\/p>\n<p>El Prelado acot\u00f3 que \u201cel cardenal Pietro Parolin, con todo su coraz\u00f3n habr\u00eda querido poder estar con nosotros en este momento, pero lamentablemente no ha sido posible. Esperemos que pueda volver pronto a Venezuela, quiz\u00e1s acompa\u00f1ando al Papa Francisco, quien nos confi\u00f3, tiene muchas ganas de visitar nuestro pa\u00eds\u201d.<\/p>\n<p><strong>Un beato m\u00e9dico en medio de la pandemia<\/strong><\/p>\n<p><img loading=\"lazy\" decoding=\"async\" class=\"size-medium wp-image-14534 alignleft\" src=\"https:\/\/exaudi.org\/wp-content\/uploads\/2021\/05\/beatificacion-5-225x300.jpg\" alt=\"\" width=\"225\" height=\"300\" srcset=\"https:\/\/exaudi.org\/wp-content\/uploads\/2021\/05\/beatificacion-5-225x300.jpg 225w, https:\/\/exaudi.org\/wp-content\/uploads\/2021\/05\/beatificacion-5-768x1024.jpg 768w, https:\/\/exaudi.org\/wp-content\/uploads\/2021\/05\/beatificacion-5-150x200.jpg?crop=1 150w, https:\/\/exaudi.org\/wp-content\/uploads\/2021\/05\/beatificacion-5-300x400.jpg?crop=1 300w, https:\/\/exaudi.org\/wp-content\/uploads\/2021\/05\/beatificacion-5-696x928.jpg 696w, https:\/\/exaudi.org\/wp-content\/uploads\/2021\/05\/beatificacion-5-315x420.jpg 315w, https:\/\/exaudi.org\/wp-content\/uploads\/2021\/05\/beatificacion-5.jpg 810w\" sizes=\"auto, (max-width: 225px) 100vw, 225px\" \/>\u201cParece providencial celebrar la beatificaci\u00f3n de un m\u00e9dico en medio de una pandemia que afecta a toda la humanidad. Oremos intensamente por los millones de v\u00edctimas y por todos los enfermos a causa del virus\u201d, pidi\u00f3 el Nuncio Apost\u00f3lico. \u201cEn la figura del Jos\u00e9 Gregorio Hern\u00e1ndez, la Iglesia rinde hoy, a los profesionales de la medicina y de la salud, un homenaje de reconocimiento, gratitud y oraci\u00f3n. Que el beato Jos\u00e9 Gregorio interceda para que el acceso a las vacunas se logre, juntos, sin divisiones, sin resistencias\u201d.<\/p>\n<p>Afirm\u00f3 que \u201cla beatificaci\u00f3n del Dr. Jos\u00e9 Gregorio nos confirma que Venezuela es y ser\u00e1 siempre tierra de gracia, aunque las circunstancias puedan parecer o sugerir lo contrario\u201d, y continu\u00f3 diciendo: \u201cel nuevo beato es capaz de unir a todos sus compatriotas por encima de las diferencias sociales, pol\u00edticas y econ\u00f3micas, e incluso de las ideol\u00f3gicas o religiosas. Me atrevo a decir que, tal vez en estos momentos, no existe en Venezuela otra figura tan querida y aceptada por todos como el Dr. Jos\u00e9 Gregorio Hern\u00e1ndez\u201d.<\/p>\n<p>\u201cEl Dr. Jos\u00e9 Gregorio es sin duda uno de los mejores venezolanos de todos los tiempos, porque \u00e9l ten\u00eda un secreto: su secreto era su fe, su creencia en Dios, su constante b\u00fasqueda por hacer la Voluntad de Dios, su poner en pr\u00e1ctica los mandamientos, su ser disc\u00edpulo de Jesucristo, su vida de oraci\u00f3n su amor por la Eucarist\u00eda\u201d, destac\u00f3 el Prelado; \u201cMe impresiona constatar que en la figura del Beato Jos\u00e9 Gregorio se puede encontrar al gran cient\u00edfico, m\u00e9dico, catedr\u00e1tico y al mismo tiempo, la humildad radical, la renuncia a la arrogancia y la dedicaci\u00f3n a los pobres\u201d.<\/p>\n<p>\u201cEl Dr. Jos\u00e9 Gregorio reconoci\u00f3 la imagen m\u00e1s pura de Dios en el rostro de los dem\u00e1s, pero en particular, en el de los pobres, los necesitados, los migrantes, los privados de libertado, con quienes Jes\u00fas se identific\u00f3\u201d, puntualiz\u00f3 Mons. Giordano. \u201cEl respeto por la dignidad de las personas es un mandamiento divino, y nadie en la tierra puede negar la dignidad ni la libertad. El Dr. Gregorio luch\u00f3 por el respeto de la dignidad sagrada de la vida, desde el instante de la concepci\u00f3n hasta la muerte natural. La v\u00eda para realizar los grandes sue\u00f1os de la existencia pasa por las obras de caridad: a trav\u00e9s de lavarnos los pies unos a otros, servir y dejar que los dem\u00e1s nos sirvan, porque todos necesitamos ayuda para salvarnos juntos\u201d.<\/p>\n<p><img loading=\"lazy\" decoding=\"async\" class=\"size-medium wp-image-14537 alignright\" src=\"https:\/\/exaudi.org\/wp-content\/uploads\/2021\/05\/beatificacion-4-300x169.jpg\" alt=\"\" width=\"300\" height=\"169\" srcset=\"https:\/\/exaudi.org\/wp-content\/uploads\/2021\/05\/beatificacion-4-300x169.jpg 300w, https:\/\/exaudi.org\/wp-content\/uploads\/2021\/05\/beatificacion-4-150x84.jpg 150w, https:\/\/exaudi.org\/wp-content\/uploads\/2021\/05\/beatificacion-4.jpg 680w\" sizes=\"auto, (max-width: 300px) 100vw, 300px\" \/>\u201cAhora ya podemos venerar p\u00fablica y lit\u00fargicamente la imagen del nuevo Beato, d ela misma manera que a la de tres grandes mujeres que lo antecedieron en el honor de los altares: Mar\u00eda de San Jos\u00e9, Candelaria de San Jos\u00e9 y Carmen Rendiles; pero a partir de hoy, el Beato Jos\u00e9 Gregorio ya no pertenece \u00fanicamente a los venezolanos, sino que desde Venezuela se dona a la Iglesia Universal y al mundo entero\u201d, manifest\u00f3 el nuncio apost\u00f3lico.<\/p>\n<p><strong>Reliquias <\/strong><\/p>\n<p>Hacia el final de la celebraci\u00f3n eucar\u00edstica, luego del rito de comuni\u00f3n, Mons. Tulio Ram\u00edrez, Obispo de Guarenas y Vicepostulador de la Causa, otorg\u00f3 un obsequio con la figura del beato Jos\u00e9 Gregorio Hern\u00e1ndez al Nuncio Apost\u00f3lico en Venezuela, en nombre de todos los devotos del M\u00e9dico del Pueblo. Seguidamente, se hizo lectura del quir\u00f3grafo en el que el Dr. Hern\u00e1ndez es nombrado copatrono del ciclo de estudios en ciencias de la paz de la Pontificia Universidad Lateranense de Roma. A continuaci\u00f3n, el Cardenal Baltazar Porras dirigi\u00f3 unas breves palabras con las que hizo entrega simb\u00f3lica de los relicarios con la reliquia del beato Jos\u00e9 Gregorio Hern\u00e1ndez, a cada una de las di\u00f3cesis del pa\u00eds.<\/p>\n<p><img loading=\"lazy\" decoding=\"async\" class=\"size-medium wp-image-14541 alignleft\" src=\"https:\/\/exaudi.org\/wp-content\/uploads\/2021\/05\/beatificacion-3-1-1-300x225.jpg\" alt=\"\" width=\"300\" height=\"225\" srcset=\"https:\/\/exaudi.org\/wp-content\/uploads\/2021\/05\/beatificacion-3-1-1-300x225.jpg 300w, https:\/\/exaudi.org\/wp-content\/uploads\/2021\/05\/beatificacion-3-1-1-768x576.jpg 768w, https:\/\/exaudi.org\/wp-content\/uploads\/2021\/05\/beatificacion-3-1-1-150x113.jpg 150w, https:\/\/exaudi.org\/wp-content\/uploads\/2021\/05\/beatificacion-3-1-1-696x522.jpg 696w, https:\/\/exaudi.org\/wp-content\/uploads\/2021\/05\/beatificacion-3-1-1-560x420.jpg 560w, https:\/\/exaudi.org\/wp-content\/uploads\/2021\/05\/beatificacion-3-1-1-80x60.jpg 80w, https:\/\/exaudi.org\/wp-content\/uploads\/2021\/05\/beatificacion-3-1-1-265x198.jpg 265w, https:\/\/exaudi.org\/wp-content\/uploads\/2021\/05\/beatificacion-3-1-1.jpg 1024w\" sizes=\"auto, (max-width: 300px) 100vw, 300px\" \/>\u201cUn gesto de env\u00edo de Iglesia en salida para que el beato Jos\u00e9 Gregorio Hern\u00e1ndez se haga presente m\u00e1s cercano a cada una de nuestras comunidades, toma cuerpo en la entrega de estos hermosos relicarios confeccionados por manos expertas, contentivos de una partecita aut\u00e9ntica de su cuerpo, colocadas en el lugar visible de los mismos, por las manos hacendosas de las hermanas Siervas de Jes\u00fas bajo la gu\u00eda de la postuladora de la causa, Dra. Silvia Correale\u201d, explic\u00f3 el cardenal.<\/p>\n<p>\u201cJos\u00e9 Gregorio, como en otros tiempos, sale hoy a recorrer el pa\u00eds. Sus reliquias lo hacen presente y cercano en cada una de nuestras di\u00f3cesis, y en cada uno de nuestros estados tiene un santuario, como si dij\u00e9ramos un consultorio en el que Dios seguir\u00e1 oyendo las cuitas de su pueblo, y seguir\u00e1 sanando por intercesi\u00f3n de nuestro paisano\u201d, afirm\u00f3 el Prelado. Finalizadas sus palabras, fueron entregados los relicarios a los arzobispos y obispos de Venezuela presentes en la ceremonia.<\/p>\n<p>Mons. Aldo Giordano concedi\u00f3 la bendici\u00f3n final luego de la entrega de los relicarios, con lo que concluy\u00f3 la Eucarist\u00eda. Un aspecto destacable del acto lit\u00fargico, fue la m\u00fasica que cont\u00f3 diversos ritmos propios del pa\u00eds, con cantos lit\u00fargicos compuestos por m\u00fasicos venezolanos que fueron entonados por diversos int\u00e9rpretes de orquestas y corales del pa\u00eds, bajo la direcci\u00f3n de Elisa Vegas y Mar\u00eda Guinand.<\/p>\n","protected":false},"excerpt":{"rendered":"<p>Ceremonia de beatificaci\u00f3n en Caracas<\/p>\n","protected":false},"author":15,"featured_media":14484,"comment_status":"closed","ping_status":"closed","sticky":false,"template":"","format":"standard","meta":{"_acf_changed":false,"_crdt_document":"","inline_featured_image":false,"footnotes":""},"categories":[98,298],"tags":[2076,2077,1185,1593,966],"class_list":["post-14479","post","type-post","status-publish","format-standard","has-post-thumbnail","hentry","category-testimonios","category-ultimas-noticias","tag-beatificaci","tag-beato-jose-gregorio-hernandez","tag-ceremonia-de-beatificacion","tag-doctor-jose-gregorio-hernandez","tag-venezuela"],"acf":[],"yoast_head":"<!-- This site is optimized with the Yoast SEO plugin v27.5 - https:\/\/yoast.com\/product\/yoast-seo-wordpress\/ -->\n<title>Venezuela: Jos\u00e9 Gregorio Hern\u00e1ndez ya es beato &#8211; Exaudi<\/title>\n<meta name=\"description\" content=\"Jos\u00e9 Gregorio Hern\u00e1ndez, m\u00e9dico del pueblo, ya es beato. Ayer, 30 de abril, tuvo lugar la ceremonia de beatificaci\u00f3n en Caracas, Venezuela.\" \/>\n<meta name=\"robots\" content=\"index, follow, max-snippet:-1, max-image-preview:large, max-video-preview:-1\" \/>\n<link rel=\"canonical\" href=\"https:\/\/exaudi.org\/es\/venezuela-jose-gregorio-hernandez-ya-es-beato\/\" \/>\n<meta property=\"og:locale\" content=\"es_ES\" \/>\n<meta property=\"og:type\" content=\"article\" \/>\n<meta property=\"og:title\" content=\"Venezuela: Jos\u00e9 Gregorio Hern\u00e1ndez ya es beato &#8211; Exaudi\" \/>\n<meta property=\"og:description\" content=\"Jos\u00e9 Gregorio Hern\u00e1ndez, m\u00e9dico del pueblo, ya es beato. Ayer, 30 de abril, tuvo lugar la ceremonia de beatificaci\u00f3n en Caracas, Venezuela.\" \/>\n<meta property=\"og:url\" content=\"https:\/\/exaudi.org\/es\/venezuela-jose-gregorio-hernandez-ya-es-beato\/\" \/>\n<meta property=\"og:site_name\" content=\"Exaudi\" \/>\n<meta property=\"article:publisher\" content=\"https:\/\/www.facebook.com\/ExaudiNews\" \/>\n<meta property=\"article:author\" content=\"https:\/\/www.facebook.com\/ExaudiNoticias\/\" \/>\n<meta property=\"article:published_time\" content=\"2021-05-01T08:39:29+00:00\" \/>\n<meta property=\"article:modified_time\" content=\"2021-05-01T16:33:44+00:00\" \/>\n<meta property=\"og:image\" content=\"https:\/\/exaudi.org\/wp-content\/uploads\/2021\/05\/Monsenor-Miguel-Cabrejos-Vidarte-1024x683.png\" \/>\n\t<meta property=\"og:image:width\" content=\"1024\" \/>\n\t<meta property=\"og:image:height\" content=\"683\" \/>\n\t<meta property=\"og:image:type\" content=\"image\/png\" \/>\n<meta name=\"author\" content=\"Exaudi Redacci\u00f3n\" \/>\n<meta name=\"twitter:card\" content=\"summary_large_image\" \/>\n<meta name=\"twitter:creator\" content=\"@Exaudi_noticias\" \/>\n<meta name=\"twitter:site\" content=\"@Exaudi_News\" \/>\n<meta name=\"twitter:label1\" content=\"Escrito por\" \/>\n\t<meta name=\"twitter:data1\" content=\"Exaudi Redacci\u00f3n\" \/>\n\t<meta name=\"twitter:label2\" content=\"Tiempo de lectura\" \/>\n\t<meta name=\"twitter:data2\" content=\"8 minutos\" \/>\n<script type=\"application\/ld+json\" class=\"yoast-schema-graph\">{\"@context\":\"https:\\\/\\\/schema.org\",\"@graph\":[{\"@type\":\"Article\",\"@id\":\"https:\\\/\\\/exaudi.org\\\/es\\\/venezuela-jose-gregorio-hernandez-ya-es-beato\\\/#article\",\"isPartOf\":{\"@id\":\"https:\\\/\\\/exaudi.org\\\/es\\\/venezuela-jose-gregorio-hernandez-ya-es-beato\\\/\"},\"author\":{\"name\":\"Exaudi Redacci\u00f3n\",\"@id\":\"https:\\\/\\\/exaudi.org\\\/#\\\/schema\\\/person\\\/f5fc8f063065e38742da7afe15f25df7\"},\"headline\":\"Venezuela: Jos\u00e9 Gregorio Hern\u00e1ndez ya es beato\",\"datePublished\":\"2021-05-01T08:39:29+00:00\",\"dateModified\":\"2021-05-01T16:33:44+00:00\",\"mainEntityOfPage\":{\"@id\":\"https:\\\/\\\/exaudi.org\\\/es\\\/venezuela-jose-gregorio-hernandez-ya-es-beato\\\/\"},\"wordCount\":1701,\"image\":{\"@id\":\"https:\\\/\\\/exaudi.org\\\/es\\\/venezuela-jose-gregorio-hernandez-ya-es-beato\\\/#primaryimage\"},\"thumbnailUrl\":\"https:\\\/\\\/exaudi.org\\\/wp-content\\\/uploads\\\/2021\\\/05\\\/Monsenor-Miguel-Cabrejos-Vidarte.png\",\"keywords\":[\"Beatificaci\",\"Beato Jos\u00e9 Gregorio Hern\u00e1ndez\",\"Ceremonia de Beatificaci\u00f3n\",\"Doctor Jos\u00e9 Gregorio Hern\u00e1ndez\",\"Venezuela\"],\"articleSection\":[\"Testimonios\",\"\u00daltimas noticias\"],\"inLanguage\":\"es\"},{\"@type\":\"WebPage\",\"@id\":\"https:\\\/\\\/exaudi.org\\\/es\\\/venezuela-jose-gregorio-hernandez-ya-es-beato\\\/\",\"url\":\"https:\\\/\\\/exaudi.org\\\/es\\\/venezuela-jose-gregorio-hernandez-ya-es-beato\\\/\",\"name\":\"Venezuela: Jos\u00e9 Gregorio Hern\u00e1ndez ya es beato &#8211; Exaudi\",\"isPartOf\":{\"@id\":\"https:\\\/\\\/exaudi.org\\\/#website\"},\"primaryImageOfPage\":{\"@id\":\"https:\\\/\\\/exaudi.org\\\/es\\\/venezuela-jose-gregorio-hernandez-ya-es-beato\\\/#primaryimage\"},\"image\":{\"@id\":\"https:\\\/\\\/exaudi.org\\\/es\\\/venezuela-jose-gregorio-hernandez-ya-es-beato\\\/#primaryimage\"},\"thumbnailUrl\":\"https:\\\/\\\/exaudi.org\\\/wp-content\\\/uploads\\\/2021\\\/05\\\/Monsenor-Miguel-Cabrejos-Vidarte.png\",\"datePublished\":\"2021-05-01T08:39:29+00:00\",\"dateModified\":\"2021-05-01T16:33:44+00:00\",\"author\":{\"@id\":\"https:\\\/\\\/exaudi.org\\\/#\\\/schema\\\/person\\\/f5fc8f063065e38742da7afe15f25df7\"},\"description\":\"Jos\u00e9 Gregorio Hern\u00e1ndez, m\u00e9dico del pueblo, ya es beato. Ayer, 30 de abril, tuvo lugar la ceremonia de beatificaci\u00f3n en Caracas, Venezuela.\",\"breadcrumb\":{\"@id\":\"https:\\\/\\\/exaudi.org\\\/es\\\/venezuela-jose-gregorio-hernandez-ya-es-beato\\\/#breadcrumb\"},\"inLanguage\":\"es\",\"potentialAction\":[{\"@type\":\"ReadAction\",\"target\":[\"https:\\\/\\\/exaudi.org\\\/es\\\/venezuela-jose-gregorio-hernandez-ya-es-beato\\\/\"]}]},{\"@type\":\"ImageObject\",\"inLanguage\":\"es\",\"@id\":\"https:\\\/\\\/exaudi.org\\\/es\\\/venezuela-jose-gregorio-hernandez-ya-es-beato\\\/#primaryimage\",\"url\":\"https:\\\/\\\/exaudi.org\\\/wp-content\\\/uploads\\\/2021\\\/05\\\/Monsenor-Miguel-Cabrejos-Vidarte.png\",\"contentUrl\":\"https:\\\/\\\/exaudi.org\\\/wp-content\\\/uploads\\\/2021\\\/05\\\/Monsenor-Miguel-Cabrejos-Vidarte.png\",\"width\":2550,\"height\":1700,\"caption\":\"Beato Jos\u00e9 Gregorio Hern\u00e1ndez \u00a9 Conferencia Episcopal Venezolana\"},{\"@type\":\"BreadcrumbList\",\"@id\":\"https:\\\/\\\/exaudi.org\\\/es\\\/venezuela-jose-gregorio-hernandez-ya-es-beato\\\/#breadcrumb\",\"itemListElement\":[{\"@type\":\"ListItem\",\"position\":1,\"name\":\"Portada\",\"item\":\"https:\\\/\\\/exaudi.org\\\/es\\\/\"},{\"@type\":\"ListItem\",\"position\":2,\"name\":\"Venezuela: Jos\u00e9 Gregorio Hern\u00e1ndez ya es beato\"}]},{\"@type\":\"WebSite\",\"@id\":\"https:\\\/\\\/exaudi.org\\\/#website\",\"url\":\"https:\\\/\\\/exaudi.org\\\/\",\"name\":\"Exaudi\",\"description\":\"News\",\"potentialAction\":[{\"@type\":\"SearchAction\",\"target\":{\"@type\":\"EntryPoint\",\"urlTemplate\":\"https:\\\/\\\/exaudi.org\\\/?s={search_term_string}\"},\"query-input\":{\"@type\":\"PropertyValueSpecification\",\"valueRequired\":true,\"valueName\":\"search_term_string\"}}],\"inLanguage\":\"es\"},{\"@type\":\"Person\",\"@id\":\"https:\\\/\\\/exaudi.org\\\/#\\\/schema\\\/person\\\/f5fc8f063065e38742da7afe15f25df7\",\"name\":\"Exaudi Redacci\u00f3n\",\"image\":{\"@type\":\"ImageObject\",\"inLanguage\":\"es\",\"@id\":\"https:\\\/\\\/secure.gravatar.com\\\/avatar\\\/fe0f6a059fb68d9b3e11bc5850dd4899b1c7492091a3cb6dd9b01b56ad828be2?s=96&d=mm&r=g\",\"url\":\"https:\\\/\\\/secure.gravatar.com\\\/avatar\\\/fe0f6a059fb68d9b3e11bc5850dd4899b1c7492091a3cb6dd9b01b56ad828be2?s=96&d=mm&r=g\",\"contentUrl\":\"https:\\\/\\\/secure.gravatar.com\\\/avatar\\\/fe0f6a059fb68d9b3e11bc5850dd4899b1c7492091a3cb6dd9b01b56ad828be2?s=96&d=mm&r=g\",\"caption\":\"Exaudi Redacci\u00f3n\"},\"description\":\"\u00bfQu\u00e9 es Exaudi News? Exaudi News es un medio de comunicaci\u00f3n cat\u00f3lico internacional que informa, forma y transforma, diariamente en espa\u00f1ol, ingl\u00e9s e italiano. A trav\u00e9s de noticias, art\u00edculos de an\u00e1lisis y transmisiones en directo de los eventos del Papa, Exaudi busca fortalecer la unidad de los cristianos y contribuir a la evangelizaci\u00f3n del mundo, siempre guiados por la doctrina social de la Iglesia. Trabajamos para acercar la verdad y los valores cristianos a cada rinc\u00f3n del planeta. \u00a1Ay\u00fadanos a transformar el mundo con Exaudi! En Exaudi creemos que la evangelizaci\u00f3n y la informaci\u00f3n de calidad pueden cambiar vidas. Para continuar con nuestra misi\u00f3n y expandir nuestro alcance, necesitamos tu ayuda. Adem\u00e1s, buscamos personas comprometidas que deseen unirse a nuestro equipo. Con tu apoyo, lograremos llegar a m\u00e1s personas, difundir el mensaje de Cristo y reforzar la unidad de los cristianos. \u00bfTe unes a nuestra misi\u00f3n? Para m\u00e1s informaci\u00f3n sobre c\u00f3mo colaborar, visita Exaudi.org\\\/es o cont\u00e1ctanos directamente: info@exaudi.org Exaudi: Informa, forma y transforma.\",\"sameAs\":[\"https:\\\/\\\/www.facebook.com\\\/ExaudiNoticias\\\/\",\"https:\\\/\\\/www.instagram.com\\\/exaudi_noticias\\\/\",\"https:\\\/\\\/x.com\\\/Exaudi_noticias\",\"https:\\\/\\\/www.youtube.com\\\/@exaudicatholicnews\"],\"url\":\"https:\\\/\\\/exaudi.org\\\/es\\\/author\\\/redaccionexaudi\\\/\"}]}<\/script>\n<!-- \/ Yoast SEO plugin. -->","yoast_head_json":{"title":"Venezuela: Jos\u00e9 Gregorio Hern\u00e1ndez ya es beato &#8211; Exaudi","description":"Jos\u00e9 Gregorio Hern\u00e1ndez, m\u00e9dico del pueblo, ya es beato. Ayer, 30 de abril, tuvo lugar la ceremonia de beatificaci\u00f3n en Caracas, Venezuela.","robots":{"index":"index","follow":"follow","max-snippet":"max-snippet:-1","max-image-preview":"max-image-preview:large","max-video-preview":"max-video-preview:-1"},"canonical":"https:\/\/exaudi.org\/es\/venezuela-jose-gregorio-hernandez-ya-es-beato\/","og_locale":"es_ES","og_type":"article","og_title":"Venezuela: Jos\u00e9 Gregorio Hern\u00e1ndez ya es beato &#8211; Exaudi","og_description":"Jos\u00e9 Gregorio Hern\u00e1ndez, m\u00e9dico del pueblo, ya es beato. Ayer, 30 de abril, tuvo lugar la ceremonia de beatificaci\u00f3n en Caracas, Venezuela.","og_url":"https:\/\/exaudi.org\/es\/venezuela-jose-gregorio-hernandez-ya-es-beato\/","og_site_name":"Exaudi","article_publisher":"https:\/\/www.facebook.com\/ExaudiNews","article_author":"https:\/\/www.facebook.com\/ExaudiNoticias\/","article_published_time":"2021-05-01T08:39:29+00:00","article_modified_time":"2021-05-01T16:33:44+00:00","og_image":[{"width":1024,"height":683,"url":"https:\/\/exaudi.org\/wp-content\/uploads\/2021\/05\/Monsenor-Miguel-Cabrejos-Vidarte-1024x683.png","type":"image\/png"}],"author":"Exaudi Redacci\u00f3n","twitter_card":"summary_large_image","twitter_creator":"@Exaudi_noticias","twitter_site":"@Exaudi_News","twitter_misc":{"Escrito por":"Exaudi Redacci\u00f3n","Tiempo de lectura":"8 minutos"},"schema":{"@context":"https:\/\/schema.org","@graph":[{"@type":"Article","@id":"https:\/\/exaudi.org\/es\/venezuela-jose-gregorio-hernandez-ya-es-beato\/#article","isPartOf":{"@id":"https:\/\/exaudi.org\/es\/venezuela-jose-gregorio-hernandez-ya-es-beato\/"},"author":{"name":"Exaudi Redacci\u00f3n","@id":"https:\/\/exaudi.org\/#\/schema\/person\/f5fc8f063065e38742da7afe15f25df7"},"headline":"Venezuela: Jos\u00e9 Gregorio Hern\u00e1ndez ya es beato","datePublished":"2021-05-01T08:39:29+00:00","dateModified":"2021-05-01T16:33:44+00:00","mainEntityOfPage":{"@id":"https:\/\/exaudi.org\/es\/venezuela-jose-gregorio-hernandez-ya-es-beato\/"},"wordCount":1701,"image":{"@id":"https:\/\/exaudi.org\/es\/venezuela-jose-gregorio-hernandez-ya-es-beato\/#primaryimage"},"thumbnailUrl":"https:\/\/exaudi.org\/wp-content\/uploads\/2021\/05\/Monsenor-Miguel-Cabrejos-Vidarte.png","keywords":["Beatificaci","Beato Jos\u00e9 Gregorio Hern\u00e1ndez","Ceremonia de Beatificaci\u00f3n","Doctor Jos\u00e9 Gregorio Hern\u00e1ndez","Venezuela"],"articleSection":["Testimonios","\u00daltimas noticias"],"inLanguage":"es"},{"@type":"WebPage","@id":"https:\/\/exaudi.org\/es\/venezuela-jose-gregorio-hernandez-ya-es-beato\/","url":"https:\/\/exaudi.org\/es\/venezuela-jose-gregorio-hernandez-ya-es-beato\/","name":"Venezuela: Jos\u00e9 Gregorio Hern\u00e1ndez ya es beato &#8211; Exaudi","isPartOf":{"@id":"https:\/\/exaudi.org\/#website"},"primaryImageOfPage":{"@id":"https:\/\/exaudi.org\/es\/venezuela-jose-gregorio-hernandez-ya-es-beato\/#primaryimage"},"image":{"@id":"https:\/\/exaudi.org\/es\/venezuela-jose-gregorio-hernandez-ya-es-beato\/#primaryimage"},"thumbnailUrl":"https:\/\/exaudi.org\/wp-content\/uploads\/2021\/05\/Monsenor-Miguel-Cabrejos-Vidarte.png","datePublished":"2021-05-01T08:39:29+00:00","dateModified":"2021-05-01T16:33:44+00:00","author":{"@id":"https:\/\/exaudi.org\/#\/schema\/person\/f5fc8f063065e38742da7afe15f25df7"},"description":"Jos\u00e9 Gregorio Hern\u00e1ndez, m\u00e9dico del pueblo, ya es beato. Ayer, 30 de abril, tuvo lugar la ceremonia de beatificaci\u00f3n en Caracas, Venezuela.","breadcrumb":{"@id":"https:\/\/exaudi.org\/es\/venezuela-jose-gregorio-hernandez-ya-es-beato\/#breadcrumb"},"inLanguage":"es","potentialAction":[{"@type":"ReadAction","target":["https:\/\/exaudi.org\/es\/venezuela-jose-gregorio-hernandez-ya-es-beato\/"]}]},{"@type":"ImageObject","inLanguage":"es","@id":"https:\/\/exaudi.org\/es\/venezuela-jose-gregorio-hernandez-ya-es-beato\/#primaryimage","url":"https:\/\/exaudi.org\/wp-content\/uploads\/2021\/05\/Monsenor-Miguel-Cabrejos-Vidarte.png","contentUrl":"https:\/\/exaudi.org\/wp-content\/uploads\/2021\/05\/Monsenor-Miguel-Cabrejos-Vidarte.png","width":2550,"height":1700,"caption":"Beato Jos\u00e9 Gregorio Hern\u00e1ndez \u00a9 Conferencia Episcopal Venezolana"},{"@type":"BreadcrumbList","@id":"https:\/\/exaudi.org\/es\/venezuela-jose-gregorio-hernandez-ya-es-beato\/#breadcrumb","itemListElement":[{"@type":"ListItem","position":1,"name":"Portada","item":"https:\/\/exaudi.org\/es\/"},{"@type":"ListItem","position":2,"name":"Venezuela: Jos\u00e9 Gregorio Hern\u00e1ndez ya es beato"}]},{"@type":"WebSite","@id":"https:\/\/exaudi.org\/#website","url":"https:\/\/exaudi.org\/","name":"Exaudi","description":"News","potentialAction":[{"@type":"SearchAction","target":{"@type":"EntryPoint","urlTemplate":"https:\/\/exaudi.org\/?s={search_term_string}"},"query-input":{"@type":"PropertyValueSpecification","valueRequired":true,"valueName":"search_term_string"}}],"inLanguage":"es"},{"@type":"Person","@id":"https:\/\/exaudi.org\/#\/schema\/person\/f5fc8f063065e38742da7afe15f25df7","name":"Exaudi Redacci\u00f3n","image":{"@type":"ImageObject","inLanguage":"es","@id":"https:\/\/secure.gravatar.com\/avatar\/fe0f6a059fb68d9b3e11bc5850dd4899b1c7492091a3cb6dd9b01b56ad828be2?s=96&d=mm&r=g","url":"https:\/\/secure.gravatar.com\/avatar\/fe0f6a059fb68d9b3e11bc5850dd4899b1c7492091a3cb6dd9b01b56ad828be2?s=96&d=mm&r=g","contentUrl":"https:\/\/secure.gravatar.com\/avatar\/fe0f6a059fb68d9b3e11bc5850dd4899b1c7492091a3cb6dd9b01b56ad828be2?s=96&d=mm&r=g","caption":"Exaudi Redacci\u00f3n"},"description":"\u00bfQu\u00e9 es Exaudi News? Exaudi News es un medio de comunicaci\u00f3n cat\u00f3lico internacional que informa, forma y transforma, diariamente en espa\u00f1ol, ingl\u00e9s e italiano. A trav\u00e9s de noticias, art\u00edculos de an\u00e1lisis y transmisiones en directo de los eventos del Papa, Exaudi busca fortalecer la unidad de los cristianos y contribuir a la evangelizaci\u00f3n del mundo, siempre guiados por la doctrina social de la Iglesia. Trabajamos para acercar la verdad y los valores cristianos a cada rinc\u00f3n del planeta. \u00a1Ay\u00fadanos a transformar el mundo con Exaudi! En Exaudi creemos que la evangelizaci\u00f3n y la informaci\u00f3n de calidad pueden cambiar vidas. Para continuar con nuestra misi\u00f3n y expandir nuestro alcance, necesitamos tu ayuda. Adem\u00e1s, buscamos personas comprometidas que deseen unirse a nuestro equipo. Con tu apoyo, lograremos llegar a m\u00e1s personas, difundir el mensaje de Cristo y reforzar la unidad de los cristianos. \u00bfTe unes a nuestra misi\u00f3n? Para m\u00e1s informaci\u00f3n sobre c\u00f3mo colaborar, visita Exaudi.org\/es o cont\u00e1ctanos directamente: info@exaudi.org Exaudi: Informa, forma y transforma.","sameAs":["https:\/\/www.facebook.com\/ExaudiNoticias\/","https:\/\/www.instagram.com\/exaudi_noticias\/","https:\/\/x.com\/Exaudi_noticias","https:\/\/www.youtube.com\/@exaudicatholicnews"],"url":"https:\/\/exaudi.org\/es\/author\/redaccionexaudi\/"}]}},"jetpack_featured_media_url":"https:\/\/exaudi.org\/wp-content\/uploads\/2021\/05\/Monsenor-Miguel-Cabrejos-Vidarte.png","jetpack_shortlink":"https:\/\/wp.me\/pgKjF2-3Lx","_links":{"self":[{"href":"https:\/\/exaudi.org\/es\/wp-json\/wp\/v2\/posts\/14479","targetHints":{"allow":["GET"]}}],"collection":[{"href":"https:\/\/exaudi.org\/es\/wp-json\/wp\/v2\/posts"}],"about":[{"href":"https:\/\/exaudi.org\/es\/wp-json\/wp\/v2\/types\/post"}],"author":[{"embeddable":true,"href":"https:\/\/exaudi.org\/es\/wp-json\/wp\/v2\/users\/15"}],"replies":[{"embeddable":true,"href":"https:\/\/exaudi.org\/es\/wp-json\/wp\/v2\/comments?post=14479"}],"version-history":[{"count":0,"href":"https:\/\/exaudi.org\/es\/wp-json\/wp\/v2\/posts\/14479\/revisions"}],"wp:featuredmedia":[{"embeddable":true,"href":"https:\/\/exaudi.org\/es\/wp-json\/wp\/v2\/media\/14484"}],"wp:attachment":[{"href":"https:\/\/exaudi.org\/es\/wp-json\/wp\/v2\/media?parent=14479"}],"wp:term":[{"taxonomy":"category","embeddable":true,"href":"https:\/\/exaudi.org\/es\/wp-json\/wp\/v2\/categories?post=14479"},{"taxonomy":"post_tag","embeddable":true,"href":"https:\/\/exaudi.org\/es\/wp-json\/wp\/v2\/tags?post=14479"}],"curies":[{"name":"wp","href":"https:\/\/api.w.org\/{rel}","templated":true}]}}