{"id":144782,"date":"2025-11-04T11:11:54","date_gmt":"2025-11-04T10:11:54","guid":{"rendered":"https:\/\/exaudi.org\/?p=144782"},"modified":"2025-11-04T11:14:26","modified_gmt":"2025-11-04T10:14:26","slug":"el-mercadillo-solidario-de-la-fundacion-carf-apoya-a-sacerdotes-diocesanos-y-religiosos-de-todo-el-mundo","status":"publish","type":"post","link":"https:\/\/exaudi.org\/es\/el-mercadillo-solidario-de-la-fundacion-carf-apoya-a-sacerdotes-diocesanos-y-religiosos-de-todo-el-mundo\/","title":{"rendered":"El mercadillo solidario de la Fundaci\u00f3n CARF apoya a sacerdotes diocesanos y religiosos de todo el mundo"},"content":{"rendered":"<p>Un a\u00f1o m\u00e1s, y como es habitual en estas fechas, el <a href=\"https:\/\/fundacioncarf.org\/voluntariado-patronato-accion-social\/\">voluntariado del Patronato de Acci\u00f3n Social de la Fundaci\u00f3n CARF<\/a> organiza su tradicional mercadillo solidario para recaudar fondos destinados a la formaci\u00f3n integral de seminaristas y sacerdotes diocesanos, y de religiosos y religiosas de todo el mundo.<\/p>\n<p>La 29\u00aa edici\u00f3n del mercadillo solidario se celebrar\u00e1 del 11 al 15 de noviembre en los locales de la parroquia san Luis de los Franceses (calle Padilla, 9. 28006 Madrid) en horario ininterrumpido de las 11 a las 21 horas.<\/p>\n<p><strong>M\u00e1s de un centenar de colaboradores <\/strong><\/p>\n<p>M\u00e1s de cien colaboradores han donado este a\u00f1o muebles, ropa y menaje para el Mercadillo Solidario de la Fundaci\u00f3n CARF. Detr\u00e1s de los objetos cuidadosamente colocados en cada mesa \u2013vajillas, manteles, cuadros, l\u00e1mparas, muebles, libros, prendas de abrigo o ropa vintage\u2013 hay mucho m\u00e1s que cosas materiales: hay historias de generosidad, cari\u00f1o y tambi\u00e9n fe. El mercadillo se ha convertido en una cita obligada para <strong>preparar los regalos de Navidad y hacerse con aut\u00e9nticos chollos<\/strong>.<\/p>\n<p>Carmen Ortega, una de las presidentas del Patronato de Acci\u00f3n Social de la Fundaci\u00f3n CARF, lo explica con una mezcla de gratitud y asombro. \u00abEste a\u00f1o hemos superado el centenar de colaboradores aportando todo lo que han podido. Personas que, sin dudarlo, han abierto sus casas y sus corazones para donar lo mejor que ten\u00edan. Algunos nos traen objetos con historia, <strong>recuerdos familiares a los que cuesta decir adi\u00f3s,<\/strong><strong> pero lo hacen con una sonrisa<\/strong>, sabiendo que su gesto servir\u00e1 para algo m\u00e1s grande\u00bb.<\/p>\n<p>Este a\u00f1o han recibido dos donaciones muy especiales: por un lado, unos mantones de manila preciosos que nunca pasan de moda y, por otro, <strong>una antigua talla de santa Teresa de una colaboradora:<\/strong> \u00abNos cont\u00f3 que era de su madre, que la ten\u00eda mucho cari\u00f1o. Y que, por la formaci\u00f3n de los seminaristas y sacerdotes diocesanos, desprenderse de la talla merec\u00eda la pena\u00bb, cuenta Carmen.<\/p>\n<p>Cada donaci\u00f3n es un acto de amor sincero. \u00abNos emocionan los mensajes que acompa\u00f1an a los objetos, cuando nos los han hecho llegar. Nos dicen: \u2018Por la formaci\u00f3n de sacerdotes se hace lo que sea\u2019\u00bb, expresa Ortega.<\/p>\n<p><strong>La mochila de vasos sagrados de cada seminarista <\/strong><\/p>\n<p>El voluntariado del PAS destina lo recaudado a la formaci\u00f3n de seminaristas y sacerdotes en todo el mundo. Pero, sobre todo, ayuda a costear las mochilas con los vasos sagrados que se entregan a cada seminarista que termina su formaci\u00f3n, en Roma y en Pamplona, cuando regresan a sus pa\u00edses de origen. \u00abLa mochila es un obsequio del PAS que los chicos esperan con mucha ilusi\u00f3n para que puedan celebrar la Misa de una forma digna, aunque no haya medios, en cualquier parte del mundo\u00bb, apunta Carmen.<\/p>\n<p><strong>\u00c1ngel David \u00c1lvarez Ram\u00edrez, de M\u00e9xico, <\/strong>es uno de estos seminaristas que recibir\u00e1 la mochila de vasos sagrados cuando se grad\u00fae. De la di\u00f3cesis de Tabasco, ha recalado en las Facultades Eclesi\u00e1sticas de la Universidad de Navarra para prepararse para su ordenaci\u00f3n. Reside en el seminario internacional Bidasoa.<\/p>\n<p>Su historia es de conversi\u00f3n y esperanza, de c\u00f3mo Dios puede transformar una familia alejada de la fe en un hogar de comuni\u00f3n con Cristo. \u00abVer a mis padres retomar la fe fue la semilla de la vocaci\u00f3n que Dios puso en m\u00ed, y sigue cuidando de ella cada d\u00eda\u00bb, dice \u00c1ngel David. Aqu\u00ed puedes leer su testimonio: <a href=\"https:\/\/fundacioncarf.org\/ateismo-practico-inesperada-vocacion-sacerdote\/\">Del ate\u00edsmo a una vida entregada.<\/a><\/p>\n<p><strong>Apoyo a las vocaciones <\/strong><\/p>\n<p>Por eso, cada prenda de ropa vendida o cada mueble que encuentra un nuevo hogar se transforma en una ayuda concreta que apoya a las vocaciones que llevar\u00e1n consuelo y fe a lugares donde apenas llegan recursos. \u00abMuchos visitantes se quedan muy impactados al saber a qu\u00e9 se dedica lo recaudado\u00bb, a\u00f1ade Carmen.<\/p>\n<p>Carmen Ortega insiste en que el 29\u00ba mercadillo de la <a href=\"https:\/\/fundacioncarf.org\/donar\/\">Fundaci\u00f3n CARF<\/a> es m\u00e1s que un evento solidario: \u00abEs una oportunidad de compartir, de recordar que todos tenemos algo que ofrecer, incluso aquello que ya no usamos. Cada objeto donado es una semilla de esperanza\u00bb.<\/p>\n<p><strong>Un resumen para compartir<\/strong><\/p>\n<p><strong>Qu\u00e9:<\/strong> 29\u00aa edici\u00f3n del Mercadillo Solidario.<\/p>\n<p><strong>Organiza:<\/strong> Voluntariado del PAS de la Fundaci\u00f3n CARF.<\/p>\n<p><strong>Cuando<\/strong>: Del 11 al 15 de noviembre de 2025, de las 11 a las 21:00 horas.<\/p>\n<p><strong>D\u00f3nde:<\/strong> locales de la parroquia de san Luis de los Franceses. Padilla, 9. 28006 Madrid. <a href=\"https:\/\/maps.app.goo.gl\/rB9cRpjvWVpPsSwL7\">https:\/\/maps.app.goo.gl\/rB9cRpjvWVpPsSwL7<\/a><\/p>\n<p><img loading=\"lazy\" decoding=\"async\" class=\"size-full wp-image-144785 alignnone\" src=\"https:\/\/exaudi.org\/wp-content\/uploads\/2025\/11\/MERCADILLO-SOLIDARIO-2025-Fundacion-CARF.webp\" alt=\"\" width=\"1080\" height=\"1350\" srcset=\"https:\/\/exaudi.org\/wp-content\/uploads\/2025\/11\/MERCADILLO-SOLIDARIO-2025-Fundacion-CARF.webp 1080w, https:\/\/exaudi.org\/wp-content\/uploads\/2025\/11\/MERCADILLO-SOLIDARIO-2025-Fundacion-CARF-240x300.webp 240w, https:\/\/exaudi.org\/wp-content\/uploads\/2025\/11\/MERCADILLO-SOLIDARIO-2025-Fundacion-CARF-819x1024.webp 819w, https:\/\/exaudi.org\/wp-content\/uploads\/2025\/11\/MERCADILLO-SOLIDARIO-2025-Fundacion-CARF-770x963.webp 770w, https:\/\/exaudi.org\/wp-content\/uploads\/2025\/11\/MERCADILLO-SOLIDARIO-2025-Fundacion-CARF-500x625.webp 500w\" sizes=\"auto, (max-width: 1080px) 100vw, 1080px\" \/><\/p>\n<p><strong><u>Acerca de<\/u><\/strong>:<\/p>\n<p>La Fundaci\u00f3n CARF naci\u00f3 el 14 de febrero de 1989 por inspiraci\u00f3n de san Juan Pablo II e impulso del beato \u00c1lvaro del Portillo con tres fines: rezar por las vocaciones sacerdotales; promover el buen nombre de los sacerdotes por todo el mundo; y ayudar a la formaci\u00f3n integral de seminaristas y sacerdotes diocesanos y religiosos y religiosas para servir mejor a la Iglesia en todo el mundo.<\/p>\n<p>Desde su origen hasta la actualidad, gracias al apoyo de sus benefactores y amigos, la Fundaci\u00f3n CARF ha financiado ayudas al estudio a cerca de 30.000 alumnos con escasos recursos econ\u00f3micos de 130 pa\u00edses para que mejoren su formaci\u00f3n intelectual, humana y espiritual en la Universidad Pontificia de la Santa Cruz, en Roma, y en las Facultades Eclesi\u00e1sticas de la Universidad de Navarra, en Pamplona. Entre ellos, hay 129 estudiantes que han sido ordenados obispos y cuatro de ellos creados cardenales.<\/p>\n","protected":false},"excerpt":{"rendered":"<p>Recauda fondos para la formaci\u00f3n integral de seminaristas y sacerdotes diocesanos y de religiosos y religiosas<\/p>\n","protected":false},"author":119,"featured_media":144788,"comment_status":"closed","ping_status":"closed","sticky":false,"template":"","format":"standard","meta":{"_acf_changed":false,"_crdt_document":"","inline_featured_image":false,"footnotes":""},"categories":[74],"tags":[79876,79875,9373,1940,79874,79873,19940,59820,9879,9230,31679,79871,79106,602,31682,79870,79872,794,1222,2791,726,79878,58880,44762,79877,15490,6487],"class_list":["post-144782","post","type-post","status-publish","format-standard","has-post-thumbnail","hentry","category-iglesia-y-mundo","tag-alvaro-del-portillo-3","tag-angel-david-alvarez-ramirez","tag-bidasoa","tag-cardenales","tag-carmen-ortega","tag-chollos","tag-donaciones","tag-formacion-sacerdotes","tag-fundacion-carf","tag-madrid-2","tag-mercadillo-solidario","tag-mochila-vasos-sagrados","tag-noviembre-2025","tag-obispos","tag-parroquia-san-luis-de-los-franceses","tag-patronato-accion-social","tag-regalos-navidad","tag-religiosos","tag-san-juan-pablo-ii","tag-seminaristas","tag-solidaridad","tag-testimonios-fe","tag-trending-es-151","tag-universidad-navarra","tag-universidad-pontificia-santa-cruz","tag-vocaciones-sacerdotales","tag-voluntariado"],"acf":[],"yoast_head":"<!-- This site is optimized with the Yoast SEO plugin v27.5 - https:\/\/yoast.com\/product\/yoast-seo-wordpress\/ -->\n<title>El mercadillo solidario de la Fundaci\u00f3n CARF apoya a sacerdotes diocesanos y religiosos de todo el mundo &#8211; Exaudi<\/title>\n<meta name=\"robots\" content=\"index, follow, max-snippet:-1, max-image-preview:large, max-video-preview:-1\" \/>\n<link rel=\"canonical\" href=\"https:\/\/exaudi.org\/es\/el-mercadillo-solidario-de-la-fundacion-carf-apoya-a-sacerdotes-diocesanos-y-religiosos-de-todo-el-mundo\/\" \/>\n<meta property=\"og:locale\" content=\"es_ES\" \/>\n<meta property=\"og:type\" content=\"article\" \/>\n<meta property=\"og:title\" content=\"El mercadillo solidario de la Fundaci\u00f3n CARF apoya a sacerdotes diocesanos y religiosos de todo el mundo &#8211; Exaudi\" \/>\n<meta property=\"og:description\" content=\"Recauda fondos para la formaci\u00f3n integral de seminaristas y sacerdotes diocesanos y de religiosos y religiosas\" \/>\n<meta property=\"og:url\" content=\"https:\/\/exaudi.org\/es\/el-mercadillo-solidario-de-la-fundacion-carf-apoya-a-sacerdotes-diocesanos-y-religiosos-de-todo-el-mundo\/\" \/>\n<meta property=\"og:site_name\" content=\"Exaudi\" \/>\n<meta property=\"article:publisher\" content=\"https:\/\/www.facebook.com\/ExaudiNews\" \/>\n<meta property=\"article:author\" content=\"https:\/\/www.facebook.com\/fundacioncarf\/\" \/>\n<meta property=\"article:published_time\" content=\"2025-11-04T10:11:54+00:00\" \/>\n<meta property=\"article:modified_time\" content=\"2025-11-04T10:14:26+00:00\" \/>\n<meta property=\"og:image\" content=\"https:\/\/exaudi.org\/wp-content\/uploads\/2025\/11\/Captura-de-pantalla-2025-11-04-a-las-11.11.25.png\" \/>\n\t<meta property=\"og:image:width\" content=\"550\" \/>\n\t<meta property=\"og:image:height\" content=\"344\" \/>\n\t<meta property=\"og:image:type\" content=\"image\/png\" \/>\n<meta name=\"author\" content=\"Fundaci\u00f3n CARF\" \/>\n<meta name=\"twitter:card\" content=\"summary_large_image\" \/>\n<meta name=\"twitter:creator\" content=\"@https:\/\/x.com\/fundacioncarf\" \/>\n<meta name=\"twitter:site\" content=\"@Exaudi_News\" \/>\n<meta name=\"twitter:label1\" content=\"Escrito por\" \/>\n\t<meta name=\"twitter:data1\" content=\"Fundaci\u00f3n CARF\" \/>\n\t<meta name=\"twitter:label2\" content=\"Tiempo de lectura\" \/>\n\t<meta name=\"twitter:data2\" content=\"5 minutos\" \/>\n<script type=\"application\/ld+json\" class=\"yoast-schema-graph\">{\"@context\":\"https:\\\/\\\/schema.org\",\"@graph\":[{\"@type\":\"Article\",\"@id\":\"https:\\\/\\\/exaudi.org\\\/es\\\/el-mercadillo-solidario-de-la-fundacion-carf-apoya-a-sacerdotes-diocesanos-y-religiosos-de-todo-el-mundo\\\/#article\",\"isPartOf\":{\"@id\":\"https:\\\/\\\/exaudi.org\\\/es\\\/el-mercadillo-solidario-de-la-fundacion-carf-apoya-a-sacerdotes-diocesanos-y-religiosos-de-todo-el-mundo\\\/\"},\"author\":{\"name\":\"Fundaci\u00f3n CARF\",\"@id\":\"https:\\\/\\\/exaudi.org\\\/#\\\/schema\\\/person\\\/fab8261a088ccf38cb54b3c50baa7baf\"},\"headline\":\"El mercadillo solidario de la Fundaci\u00f3n CARF apoya a sacerdotes diocesanos y religiosos de todo el mundo\",\"datePublished\":\"2025-11-04T10:11:54+00:00\",\"dateModified\":\"2025-11-04T10:14:26+00:00\",\"mainEntityOfPage\":{\"@id\":\"https:\\\/\\\/exaudi.org\\\/es\\\/el-mercadillo-solidario-de-la-fundacion-carf-apoya-a-sacerdotes-diocesanos-y-religiosos-de-todo-el-mundo\\\/\"},\"wordCount\":929,\"image\":{\"@id\":\"https:\\\/\\\/exaudi.org\\\/es\\\/el-mercadillo-solidario-de-la-fundacion-carf-apoya-a-sacerdotes-diocesanos-y-religiosos-de-todo-el-mundo\\\/#primaryimage\"},\"thumbnailUrl\":\"https:\\\/\\\/exaudi.org\\\/wp-content\\\/uploads\\\/2025\\\/11\\\/Captura-de-pantalla-2025-11-04-a-las-11.11.25.png\",\"keywords\":[\"\u00c1lvaro del Portillo\",\"\u00c1ngel David \u00c1lvarez Ram\u00edrez\",\"Bidasoa\",\"Cardenales\",\"Carmen Ortega\",\"chollos\",\"donaciones\",\"formaci\u00f3n sacerdotes\",\"Fundaci\u00f3n CARF\",\"Madrid\",\"mercadillo solidario\",\"mochila vasos sagrados\",\"noviembre 2025\",\"obispos\",\"parroquia San Luis de los Franceses\",\"Patronato Acci\u00f3n Social\",\"regalos Navidad\",\"Religiosos\",\"San Juan Pablo II\",\"Seminaristas\",\"solidaridad\",\"testimonios fe\",\"Trending\",\"Universidad Navarra\",\"Universidad Pontificia Santa Cruz\",\"vocaciones sacerdotales\",\"Voluntariado\"],\"articleSection\":[\"Iglesia y Mundo\"],\"inLanguage\":\"es\"},{\"@type\":\"WebPage\",\"@id\":\"https:\\\/\\\/exaudi.org\\\/es\\\/el-mercadillo-solidario-de-la-fundacion-carf-apoya-a-sacerdotes-diocesanos-y-religiosos-de-todo-el-mundo\\\/\",\"url\":\"https:\\\/\\\/exaudi.org\\\/es\\\/el-mercadillo-solidario-de-la-fundacion-carf-apoya-a-sacerdotes-diocesanos-y-religiosos-de-todo-el-mundo\\\/\",\"name\":\"El mercadillo solidario de la Fundaci\u00f3n CARF apoya a sacerdotes diocesanos y religiosos de todo el mundo &#8211; Exaudi\",\"isPartOf\":{\"@id\":\"https:\\\/\\\/exaudi.org\\\/#website\"},\"primaryImageOfPage\":{\"@id\":\"https:\\\/\\\/exaudi.org\\\/es\\\/el-mercadillo-solidario-de-la-fundacion-carf-apoya-a-sacerdotes-diocesanos-y-religiosos-de-todo-el-mundo\\\/#primaryimage\"},\"image\":{\"@id\":\"https:\\\/\\\/exaudi.org\\\/es\\\/el-mercadillo-solidario-de-la-fundacion-carf-apoya-a-sacerdotes-diocesanos-y-religiosos-de-todo-el-mundo\\\/#primaryimage\"},\"thumbnailUrl\":\"https:\\\/\\\/exaudi.org\\\/wp-content\\\/uploads\\\/2025\\\/11\\\/Captura-de-pantalla-2025-11-04-a-las-11.11.25.png\",\"datePublished\":\"2025-11-04T10:11:54+00:00\",\"dateModified\":\"2025-11-04T10:14:26+00:00\",\"author\":{\"@id\":\"https:\\\/\\\/exaudi.org\\\/#\\\/schema\\\/person\\\/fab8261a088ccf38cb54b3c50baa7baf\"},\"breadcrumb\":{\"@id\":\"https:\\\/\\\/exaudi.org\\\/es\\\/el-mercadillo-solidario-de-la-fundacion-carf-apoya-a-sacerdotes-diocesanos-y-religiosos-de-todo-el-mundo\\\/#breadcrumb\"},\"inLanguage\":\"es\",\"potentialAction\":[{\"@type\":\"ReadAction\",\"target\":[\"https:\\\/\\\/exaudi.org\\\/es\\\/el-mercadillo-solidario-de-la-fundacion-carf-apoya-a-sacerdotes-diocesanos-y-religiosos-de-todo-el-mundo\\\/\"]}]},{\"@type\":\"ImageObject\",\"inLanguage\":\"es\",\"@id\":\"https:\\\/\\\/exaudi.org\\\/es\\\/el-mercadillo-solidario-de-la-fundacion-carf-apoya-a-sacerdotes-diocesanos-y-religiosos-de-todo-el-mundo\\\/#primaryimage\",\"url\":\"https:\\\/\\\/exaudi.org\\\/wp-content\\\/uploads\\\/2025\\\/11\\\/Captura-de-pantalla-2025-11-04-a-las-11.11.25.png\",\"contentUrl\":\"https:\\\/\\\/exaudi.org\\\/wp-content\\\/uploads\\\/2025\\\/11\\\/Captura-de-pantalla-2025-11-04-a-las-11.11.25.png\",\"width\":550,\"height\":344},{\"@type\":\"BreadcrumbList\",\"@id\":\"https:\\\/\\\/exaudi.org\\\/es\\\/el-mercadillo-solidario-de-la-fundacion-carf-apoya-a-sacerdotes-diocesanos-y-religiosos-de-todo-el-mundo\\\/#breadcrumb\",\"itemListElement\":[{\"@type\":\"ListItem\",\"position\":1,\"name\":\"Portada\",\"item\":\"https:\\\/\\\/exaudi.org\\\/es\\\/\"},{\"@type\":\"ListItem\",\"position\":2,\"name\":\"El mercadillo solidario de la Fundaci\u00f3n CARF apoya a sacerdotes diocesanos y religiosos de todo el mundo\"}]},{\"@type\":\"WebSite\",\"@id\":\"https:\\\/\\\/exaudi.org\\\/#website\",\"url\":\"https:\\\/\\\/exaudi.org\\\/\",\"name\":\"Exaudi\",\"description\":\"News\",\"potentialAction\":[{\"@type\":\"SearchAction\",\"target\":{\"@type\":\"EntryPoint\",\"urlTemplate\":\"https:\\\/\\\/exaudi.org\\\/?s={search_term_string}\"},\"query-input\":{\"@type\":\"PropertyValueSpecification\",\"valueRequired\":true,\"valueName\":\"search_term_string\"}}],\"inLanguage\":\"es\"},{\"@type\":\"Person\",\"@id\":\"https:\\\/\\\/exaudi.org\\\/#\\\/schema\\\/person\\\/fab8261a088ccf38cb54b3c50baa7baf\",\"name\":\"Fundaci\u00f3n CARF\",\"image\":{\"@type\":\"ImageObject\",\"inLanguage\":\"es\",\"@id\":\"https:\\\/\\\/secure.gravatar.com\\\/avatar\\\/ab292d3529973c0d1cf4cda9208c6a8a7ee52923f0a291c39104715fa46aae4b?s=96&d=mm&r=g\",\"url\":\"https:\\\/\\\/secure.gravatar.com\\\/avatar\\\/ab292d3529973c0d1cf4cda9208c6a8a7ee52923f0a291c39104715fa46aae4b?s=96&d=mm&r=g\",\"contentUrl\":\"https:\\\/\\\/secure.gravatar.com\\\/avatar\\\/ab292d3529973c0d1cf4cda9208c6a8a7ee52923f0a291c39104715fa46aae4b?s=96&d=mm&r=g\",\"caption\":\"Fundaci\u00f3n CARF\"},\"description\":\"Trabajamos para llevar la sonrisa de Dios a todos los rincones del mundo a trav\u00e9s de los sacerdotes y ayudando a su formaci\u00f3n. Gracias a nuestros benefactores, ayudamos a la formaci\u00f3n de los sacerdotes, difundimos su buen nombre y rezamos por su fidelidad y las vocaciones. Trabajamos para servir a la Iglesia y que ninguna vocaci\u00f3n se pierda y luego ellos puedan transmitir en su labor pastoral toda la luz, ciencia y doctrina recibida. Acad\u00e9mico Las licenciaturas, programas de especializacio\u0301n o doctorados, otorgan a cada candidato una formaci\u00f3n espec\u00edfica en Teologi\u0301a, Filosofi\u0301a, Derecho Cano\u0301nico o Comunicacio\u0301n Social Institucional. Espiritual Los seminaristas y sacerdotes complementan su formacio\u0301n acade\u0301mica y humana con la espiritual, ya que deben estar preparados para seguir su vocaci\u00f3n y prestar su cuerpo y su espi\u0301ritu al Sen\u0303or. Humano A trave\u0301s del ambiente de familia y de preparaci\u00f3n, se consigue el desarrollo de actitudes, capacidades y valores que impactan en el crecimiento personal y social de los sacerdotes.\",\"sameAs\":[\"https:\\\/\\\/fundacioncarf.org\\\/\",\"https:\\\/\\\/www.facebook.com\\\/fundacioncarf\\\/\",\"https:\\\/\\\/www.instagram.com\\\/fundacioncarf\\\/\",\"https:\\\/\\\/www.linkedin.com\\\/company\\\/fundacioncarf\\\/posts\\\/?feedView=all\",\"https:\\\/\\\/x.com\\\/https:\\\/\\\/x.com\\\/fundacioncarf\",\"https:\\\/\\\/www.youtube.com\\\/c\\\/fundacioncarf\"],\"url\":\"https:\\\/\\\/exaudi.org\\\/es\\\/author\\\/carf\\\/\"}]}<\/script>\n<!-- \/ Yoast SEO plugin. -->","yoast_head_json":{"title":"El mercadillo solidario de la Fundaci\u00f3n CARF apoya a sacerdotes diocesanos y religiosos de todo el mundo &#8211; Exaudi","robots":{"index":"index","follow":"follow","max-snippet":"max-snippet:-1","max-image-preview":"max-image-preview:large","max-video-preview":"max-video-preview:-1"},"canonical":"https:\/\/exaudi.org\/es\/el-mercadillo-solidario-de-la-fundacion-carf-apoya-a-sacerdotes-diocesanos-y-religiosos-de-todo-el-mundo\/","og_locale":"es_ES","og_type":"article","og_title":"El mercadillo solidario de la Fundaci\u00f3n CARF apoya a sacerdotes diocesanos y religiosos de todo el mundo &#8211; Exaudi","og_description":"Recauda fondos para la formaci\u00f3n integral de seminaristas y sacerdotes diocesanos y de religiosos y religiosas","og_url":"https:\/\/exaudi.org\/es\/el-mercadillo-solidario-de-la-fundacion-carf-apoya-a-sacerdotes-diocesanos-y-religiosos-de-todo-el-mundo\/","og_site_name":"Exaudi","article_publisher":"https:\/\/www.facebook.com\/ExaudiNews","article_author":"https:\/\/www.facebook.com\/fundacioncarf\/","article_published_time":"2025-11-04T10:11:54+00:00","article_modified_time":"2025-11-04T10:14:26+00:00","og_image":[{"width":550,"height":344,"url":"https:\/\/exaudi.org\/wp-content\/uploads\/2025\/11\/Captura-de-pantalla-2025-11-04-a-las-11.11.25.png","type":"image\/png"}],"author":"Fundaci\u00f3n CARF","twitter_card":"summary_large_image","twitter_creator":"@https:\/\/x.com\/fundacioncarf","twitter_site":"@Exaudi_News","twitter_misc":{"Escrito por":"Fundaci\u00f3n CARF","Tiempo de lectura":"5 minutos"},"schema":{"@context":"https:\/\/schema.org","@graph":[{"@type":"Article","@id":"https:\/\/exaudi.org\/es\/el-mercadillo-solidario-de-la-fundacion-carf-apoya-a-sacerdotes-diocesanos-y-religiosos-de-todo-el-mundo\/#article","isPartOf":{"@id":"https:\/\/exaudi.org\/es\/el-mercadillo-solidario-de-la-fundacion-carf-apoya-a-sacerdotes-diocesanos-y-religiosos-de-todo-el-mundo\/"},"author":{"name":"Fundaci\u00f3n CARF","@id":"https:\/\/exaudi.org\/#\/schema\/person\/fab8261a088ccf38cb54b3c50baa7baf"},"headline":"El mercadillo solidario de la Fundaci\u00f3n CARF apoya a sacerdotes diocesanos y religiosos de todo el mundo","datePublished":"2025-11-04T10:11:54+00:00","dateModified":"2025-11-04T10:14:26+00:00","mainEntityOfPage":{"@id":"https:\/\/exaudi.org\/es\/el-mercadillo-solidario-de-la-fundacion-carf-apoya-a-sacerdotes-diocesanos-y-religiosos-de-todo-el-mundo\/"},"wordCount":929,"image":{"@id":"https:\/\/exaudi.org\/es\/el-mercadillo-solidario-de-la-fundacion-carf-apoya-a-sacerdotes-diocesanos-y-religiosos-de-todo-el-mundo\/#primaryimage"},"thumbnailUrl":"https:\/\/exaudi.org\/wp-content\/uploads\/2025\/11\/Captura-de-pantalla-2025-11-04-a-las-11.11.25.png","keywords":["\u00c1lvaro del Portillo","\u00c1ngel David \u00c1lvarez Ram\u00edrez","Bidasoa","Cardenales","Carmen Ortega","chollos","donaciones","formaci\u00f3n sacerdotes","Fundaci\u00f3n CARF","Madrid","mercadillo solidario","mochila vasos sagrados","noviembre 2025","obispos","parroquia San Luis de los Franceses","Patronato Acci\u00f3n Social","regalos Navidad","Religiosos","San Juan Pablo II","Seminaristas","solidaridad","testimonios fe","Trending","Universidad Navarra","Universidad Pontificia Santa Cruz","vocaciones sacerdotales","Voluntariado"],"articleSection":["Iglesia y Mundo"],"inLanguage":"es"},{"@type":"WebPage","@id":"https:\/\/exaudi.org\/es\/el-mercadillo-solidario-de-la-fundacion-carf-apoya-a-sacerdotes-diocesanos-y-religiosos-de-todo-el-mundo\/","url":"https:\/\/exaudi.org\/es\/el-mercadillo-solidario-de-la-fundacion-carf-apoya-a-sacerdotes-diocesanos-y-religiosos-de-todo-el-mundo\/","name":"El mercadillo solidario de la Fundaci\u00f3n CARF apoya a sacerdotes diocesanos y religiosos de todo el mundo &#8211; Exaudi","isPartOf":{"@id":"https:\/\/exaudi.org\/#website"},"primaryImageOfPage":{"@id":"https:\/\/exaudi.org\/es\/el-mercadillo-solidario-de-la-fundacion-carf-apoya-a-sacerdotes-diocesanos-y-religiosos-de-todo-el-mundo\/#primaryimage"},"image":{"@id":"https:\/\/exaudi.org\/es\/el-mercadillo-solidario-de-la-fundacion-carf-apoya-a-sacerdotes-diocesanos-y-religiosos-de-todo-el-mundo\/#primaryimage"},"thumbnailUrl":"https:\/\/exaudi.org\/wp-content\/uploads\/2025\/11\/Captura-de-pantalla-2025-11-04-a-las-11.11.25.png","datePublished":"2025-11-04T10:11:54+00:00","dateModified":"2025-11-04T10:14:26+00:00","author":{"@id":"https:\/\/exaudi.org\/#\/schema\/person\/fab8261a088ccf38cb54b3c50baa7baf"},"breadcrumb":{"@id":"https:\/\/exaudi.org\/es\/el-mercadillo-solidario-de-la-fundacion-carf-apoya-a-sacerdotes-diocesanos-y-religiosos-de-todo-el-mundo\/#breadcrumb"},"inLanguage":"es","potentialAction":[{"@type":"ReadAction","target":["https:\/\/exaudi.org\/es\/el-mercadillo-solidario-de-la-fundacion-carf-apoya-a-sacerdotes-diocesanos-y-religiosos-de-todo-el-mundo\/"]}]},{"@type":"ImageObject","inLanguage":"es","@id":"https:\/\/exaudi.org\/es\/el-mercadillo-solidario-de-la-fundacion-carf-apoya-a-sacerdotes-diocesanos-y-religiosos-de-todo-el-mundo\/#primaryimage","url":"https:\/\/exaudi.org\/wp-content\/uploads\/2025\/11\/Captura-de-pantalla-2025-11-04-a-las-11.11.25.png","contentUrl":"https:\/\/exaudi.org\/wp-content\/uploads\/2025\/11\/Captura-de-pantalla-2025-11-04-a-las-11.11.25.png","width":550,"height":344},{"@type":"BreadcrumbList","@id":"https:\/\/exaudi.org\/es\/el-mercadillo-solidario-de-la-fundacion-carf-apoya-a-sacerdotes-diocesanos-y-religiosos-de-todo-el-mundo\/#breadcrumb","itemListElement":[{"@type":"ListItem","position":1,"name":"Portada","item":"https:\/\/exaudi.org\/es\/"},{"@type":"ListItem","position":2,"name":"El mercadillo solidario de la Fundaci\u00f3n CARF apoya a sacerdotes diocesanos y religiosos de todo el mundo"}]},{"@type":"WebSite","@id":"https:\/\/exaudi.org\/#website","url":"https:\/\/exaudi.org\/","name":"Exaudi","description":"News","potentialAction":[{"@type":"SearchAction","target":{"@type":"EntryPoint","urlTemplate":"https:\/\/exaudi.org\/?s={search_term_string}"},"query-input":{"@type":"PropertyValueSpecification","valueRequired":true,"valueName":"search_term_string"}}],"inLanguage":"es"},{"@type":"Person","@id":"https:\/\/exaudi.org\/#\/schema\/person\/fab8261a088ccf38cb54b3c50baa7baf","name":"Fundaci\u00f3n CARF","image":{"@type":"ImageObject","inLanguage":"es","@id":"https:\/\/secure.gravatar.com\/avatar\/ab292d3529973c0d1cf4cda9208c6a8a7ee52923f0a291c39104715fa46aae4b?s=96&d=mm&r=g","url":"https:\/\/secure.gravatar.com\/avatar\/ab292d3529973c0d1cf4cda9208c6a8a7ee52923f0a291c39104715fa46aae4b?s=96&d=mm&r=g","contentUrl":"https:\/\/secure.gravatar.com\/avatar\/ab292d3529973c0d1cf4cda9208c6a8a7ee52923f0a291c39104715fa46aae4b?s=96&d=mm&r=g","caption":"Fundaci\u00f3n CARF"},"description":"Trabajamos para llevar la sonrisa de Dios a todos los rincones del mundo a trav\u00e9s de los sacerdotes y ayudando a su formaci\u00f3n. Gracias a nuestros benefactores, ayudamos a la formaci\u00f3n de los sacerdotes, difundimos su buen nombre y rezamos por su fidelidad y las vocaciones. Trabajamos para servir a la Iglesia y que ninguna vocaci\u00f3n se pierda y luego ellos puedan transmitir en su labor pastoral toda la luz, ciencia y doctrina recibida. Acad\u00e9mico Las licenciaturas, programas de especializacio\u0301n o doctorados, otorgan a cada candidato una formaci\u00f3n espec\u00edfica en Teologi\u0301a, Filosofi\u0301a, Derecho Cano\u0301nico o Comunicacio\u0301n Social Institucional. Espiritual Los seminaristas y sacerdotes complementan su formacio\u0301n acade\u0301mica y humana con la espiritual, ya que deben estar preparados para seguir su vocaci\u00f3n y prestar su cuerpo y su espi\u0301ritu al Sen\u0303or. Humano A trave\u0301s del ambiente de familia y de preparaci\u00f3n, se consigue el desarrollo de actitudes, capacidades y valores que impactan en el crecimiento personal y social de los sacerdotes.","sameAs":["https:\/\/fundacioncarf.org\/","https:\/\/www.facebook.com\/fundacioncarf\/","https:\/\/www.instagram.com\/fundacioncarf\/","https:\/\/www.linkedin.com\/company\/fundacioncarf\/posts\/?feedView=all","https:\/\/x.com\/https:\/\/x.com\/fundacioncarf","https:\/\/www.youtube.com\/c\/fundacioncarf"],"url":"https:\/\/exaudi.org\/es\/author\/carf\/"}]}},"jetpack_featured_media_url":"https:\/\/exaudi.org\/wp-content\/uploads\/2025\/11\/Captura-de-pantalla-2025-11-04-a-las-11.11.25.png","jetpack_shortlink":"https:\/\/wp.me\/pgKjF2-BFc","_links":{"self":[{"href":"https:\/\/exaudi.org\/es\/wp-json\/wp\/v2\/posts\/144782","targetHints":{"allow":["GET"]}}],"collection":[{"href":"https:\/\/exaudi.org\/es\/wp-json\/wp\/v2\/posts"}],"about":[{"href":"https:\/\/exaudi.org\/es\/wp-json\/wp\/v2\/types\/post"}],"author":[{"embeddable":true,"href":"https:\/\/exaudi.org\/es\/wp-json\/wp\/v2\/users\/119"}],"replies":[{"embeddable":true,"href":"https:\/\/exaudi.org\/es\/wp-json\/wp\/v2\/comments?post=144782"}],"version-history":[{"count":3,"href":"https:\/\/exaudi.org\/es\/wp-json\/wp\/v2\/posts\/144782\/revisions"}],"predecessor-version":[{"id":144791,"href":"https:\/\/exaudi.org\/es\/wp-json\/wp\/v2\/posts\/144782\/revisions\/144791"}],"wp:featuredmedia":[{"embeddable":true,"href":"https:\/\/exaudi.org\/es\/wp-json\/wp\/v2\/media\/144788"}],"wp:attachment":[{"href":"https:\/\/exaudi.org\/es\/wp-json\/wp\/v2\/media?parent=144782"}],"wp:term":[{"taxonomy":"category","embeddable":true,"href":"https:\/\/exaudi.org\/es\/wp-json\/wp\/v2\/categories?post=144782"},{"taxonomy":"post_tag","embeddable":true,"href":"https:\/\/exaudi.org\/es\/wp-json\/wp\/v2\/tags?post=144782"}],"curies":[{"name":"wp","href":"https:\/\/api.w.org\/{rel}","templated":true}]}}