{"id":144632,"date":"2025-11-02T10:07:15","date_gmt":"2025-11-02T09:07:15","guid":{"rendered":"https:\/\/exaudi.org\/?p=144632"},"modified":"2025-11-02T10:07:15","modified_gmt":"2025-11-02T09:07:15","slug":"reflexion-de-monsenor-enrique-diaz-si-morimos-con-cristo-resucitaremos-con-el","status":"publish","type":"post","link":"https:\/\/exaudi.org\/es\/reflexion-de-monsenor-enrique-diaz-si-morimos-con-cristo-resucitaremos-con-el\/","title":{"rendered":"Reflexi\u00f3n de Monse\u00f1or Enrique D\u00edaz: Si morimos con Cristo, Resucitaremos con \u00c9l"},"content":{"rendered":"<audio class=\"wp-audio-shortcode\" id=\"audio-144632-1\" preload=\"none\" style=\"width: 100%;\" controls=\"controls\"><source type=\"audio\/mpeg\" src=\"https:\/\/exaudi.org\/wp-content\/uploads\/2025\/11\/2-noviembre.mp3?_=1\" \/><a href=\"https:\/\/exaudi.org\/wp-content\/uploads\/2025\/11\/2-noviembre.mp3\">https:\/\/exaudi.org\/wp-content\/uploads\/2025\/11\/2-noviembre.mp3<\/a><\/audio>\n<p><span dir=\"auto\">Monse\u00f1or Enrique D\u00edaz D\u00edaz comparte con los lectores de Exaudi su reflexi\u00f3n sobre el\u00a0<\/span><a href=\"https:\/\/www.dominicos.org\/predicacion\/homilia\/2-11-2025\/\" target=\"_blank\" rel=\"noopener\"><span dir=\"auto\">Evangelio de este domingo 2 de noviembre de 2025<\/span><\/a><span dir=\"auto\">\u00a0, titulado:\u00a0<em>\u201c<\/em><\/span><em>Si morimos con Cristo, Resucitaremos con \u00c9l<\/em><span dir=\"auto\"><em>\u201d<\/em><\/span><em><span dir=\"auto\">.<\/span><\/em><\/p>\n<p><span dir=\"auto\">***<\/span><\/p>\n<p>Isa\u00edas 25, 6. 7-9: \u201cEl Se\u00f1or destruir\u00e1 la muerte para siempre\u201d<\/p>\n<p>Salmo 129: \u201cSe\u00f1or, escucha mi oraci\u00f3n\u201d<\/p>\n<p>I Tesalonicenses 4, 13-14. 17-18: \u201cEstaremos con el Se\u00f1or para siempre\u201d<\/p>\n<p>San Juan 6, 51-58: \u201cEl que coma de este pan vivir\u00e1 para siempre y yo lo resucitar\u00e9 el \u00faltimo d\u00eda\u201d<\/p>\n<p>La muerte del cristiano no es es un momento al final del camino terreno, como un acontecimiento separado del resto su vida. La vida terrena es preparaci\u00f3n para la vida celeste. Alg\u00fan escritor comparaba la vida terrenal con la vida del ni\u00f1o en el vientre de su madre: un periodo de formaci\u00f3n, de preparaci\u00f3n, de luchas y decisiones para la vida venidera. En su muerte el hombre se encontrar\u00e1 de frente a aquello que constituye el objeto de todas sus aspiraciones m\u00e1s profundas, se encontrar\u00e1 cara a cara con Cristo para asumir la decisi\u00f3n definitiva formada a trav\u00e9s de todas las decisiones parciales que ha hecho en esta tierra.<\/p>\n<p>La infinidad de preguntas y comentarios que se suscitan en este d\u00eda nos indican la seriedad de esta celebraci\u00f3n y la importancia que adquiere en el calendario cristiano. Desde todos los tiempos la muerte ha suscitado reflexiones y cuestionamientos sobre sus causas y significado. \u00bfPor qu\u00e9 la muerte? \u00bfQu\u00e9 hay en el m\u00e1s all\u00e1? \u00bfEs posible una relaci\u00f3n con los que se han marchado antes que nosotros? Isa\u00edas nos presenta el sorprendente banquete lleno de alegr\u00eda y de manjares que el Se\u00f1or nos ofrece destruyendo el velo de luto y de muerte que pesa sobre los pueblos. La visi\u00f3n del profeta precisa el motivo de tanta alegr\u00eda: la eliminaci\u00f3n por parte de Dios de todo sufrimiento en especial del m\u00e1s grande de todos que es la muerte. Aunque el profeta ten\u00eda la intenci\u00f3n de describir el surgimiento del pueblo de Israel sumido en la miseria, el texto nos lanza mucho m\u00e1s all\u00e1, hasta entender el triunfo de Cristo sobre la muerte y la participaci\u00f3n de sus disc\u00edpulos en su resurrecci\u00f3n.<\/p>\n<p>San Pablo en su carta a los Tesalonicenses nos da algunas indicaciones que pueden ayudarnos a vivir de una manera m\u00e1s serena estos acontecimientos. Lo primero que nos dice es que no se puede vivir en la tristeza como los paganos que no tienen esperanza. La muerte es el paso que nos lleva al encuentro definitivo con Jes\u00fas resucitado, pues \u201csi creemos que Jes\u00fas muri\u00f3 y resucit\u00f3, de igual manera debemos creer que, a los que murieron en Jes\u00fas, Dios los llevar\u00e1 con \u00c9l, y as\u00ed estaremos siempre con el Se\u00f1or\u201d. Miremos, pues, nuestra muerte y la muerte de nuestros seres queridos como un paso para encontrarnos con Dios. Nos doler\u00e1 ciertamente la ausencia de los seres queridos, pero nos consolar\u00e1 la esperanza de saber que tambi\u00e9n un d\u00eda nosotros estaremos con ellos. \u00bfQu\u00e9 hay m\u00e1s all\u00e1? Jes\u00fas muchas veces habla a sus disc\u00edpulos de una vida en plenitud con el Padre y de que \u00c9l ir\u00e1 a prepararnos una morada, pero no nos da m\u00e1s detalles. San Pablo aprovecha el s\u00edmbolo de la semilla para indicarnos que el que muere es como<\/p>\n<p>una semilla que ciertamente muere y se descompone, pero que despu\u00e9s tiene una vida diferente y m\u00e1s plena.<\/p>\n<p>Son escasos los datos que tenemos sobre c\u00f3mo es la vida del m\u00e1s all\u00e1, pero son datos que alientan nuestra esperanza pues el mismo Jes\u00fas nos invita a que nos preparemos para participar en esa nueva vida: \u201c\u00c9l es el pan de vida eterna\u201d. Nuestra actitud ser\u00e1 entonces de esperanza y de vigilancia. Nadie sabe el d\u00eda ni la hora de su muerte, pero si la esperamos con serenidad y con fe, podr\u00e1 encontrarnos actuando rectamente delante de nuestro Padre. \u00bfHay comunicaci\u00f3n con el m\u00e1s all\u00e1? Nosotros creemos en la comuni\u00f3n de los santos y por eso hacemos nuestras oraciones y afirmamos que hay comunicaci\u00f3n, pero es muy diferente al estilo de comunicaci\u00f3n y de manipulaci\u00f3n que los charlatanes hacen continuamente aprovech\u00e1ndose de incautos. Claro que podemos hacer oraci\u00f3n por nuestros difuntos. Ellos no est\u00e1 lejanos a nosotros, pertenecen todos ellos, aquellos que fallecido en el abrazo de Dios, a la comunidad de los hombres y a la comunidad de la Iglesia. Por eso son muy importantes nuestras oraciones y nuestros sufragios por los fieles difuntos.<\/p>\n<p>Morir debe significar tambi\u00e9n para nosotros morir al mal. Estamos llamados cada d\u00eda a hacer m\u00e1s realidad en nosotros la muerte al pecado. Nosotros continuamente dejamos las cosas para el ma\u00f1ana, del cual esperamos siempre \u00abm\u00e1s\u201d: m\u00e1s amor, m\u00e1s felicidad, m\u00e1s bienestar. Vivimos sostenidos por la esperanza. Pero la esperanza no nos debe adormilar, sino al contrarios nos debe mantener despiertos y actuantes, reconociendo la fragilidad de la vida, mirando siempre hacia la eternidad para la cual fuimos creados. Este d\u00eda nos invita a vivir en plenitud, sin angustias, pero sin adormilamientos ni descuidos. Cada d\u00eda nos acercamos m\u00e1s al encuentro definitivo con el Se\u00f1or Resucitado.<\/p>\n<p>Este d\u00eda de la Conmemoraci\u00f3n de los fieles difuntos avivemos nuestra fe en la Vida Eterna, reconozcamos que estamos construyendo d\u00eda a d\u00eda ese momento difinitivo en el cual nos encontraremos con Cristo, hagamos nuestra oraci\u00f3n por nuestros hermanos difuntos, consol\u00e9monos con las palabras de esperanza y esforc\u00e9monos en seguir construyendo ese Reino, que iniciado desde ahora, tendr\u00e1 su plenitud en la presencia del Padre.<\/p>\n<p>Escucha, Padre Bueno, la plegaria de la comunidad de los creyentes que se dirige a Ti sostenida por la fe en Cristo Resucitado. Conf\u00edrmanos en la esperanza de que juntamente con nuestros hermanos difuntos resurgiremos en Cristo a una nueva vida. Am\u00e9n.<\/p>\n<p>&nbsp;<\/p>\n","protected":false},"excerpt":{"rendered":"<p>2 Noviembre Conmemoraci\u00f3n de Todos los Fieles Difuntos<\/p>\n","protected":false},"author":25,"featured_media":144638,"comment_status":"closed","ping_status":"closed","sticky":false,"template":"","format":"standard","meta":{"_acf_changed":false,"_crdt_document":"","inline_featured_image":false,"footnotes":""},"categories":[72,96,74],"tags":[5654,1372,10687,414,58880],"class_list":["post-144632","post","type-post","status-publish","format-standard","has-post-thumbnail","hentry","category-analisis","category-espiritualidad","category-iglesia-y-mundo","tag-enrique-diaz","tag-evangelio","tag-fieles-difuntos","tag-reflexion","tag-trending-es-151"],"acf":[],"yoast_head":"<!-- This site is optimized with the Yoast SEO plugin v27.5 - https:\/\/yoast.com\/product\/yoast-seo-wordpress\/ -->\n<title>Reflexi\u00f3n de Monse\u00f1or Enrique D\u00edaz: Si morimos con Cristo, Resucitaremos con \u00c9l &#8211; Exaudi<\/title>\n<meta name=\"robots\" content=\"index, follow, max-snippet:-1, max-image-preview:large, max-video-preview:-1\" \/>\n<link rel=\"canonical\" href=\"https:\/\/exaudi.org\/es\/reflexion-de-monsenor-enrique-diaz-si-morimos-con-cristo-resucitaremos-con-el\/\" \/>\n<meta property=\"og:locale\" content=\"es_ES\" \/>\n<meta property=\"og:type\" content=\"article\" \/>\n<meta property=\"og:title\" content=\"Reflexi\u00f3n de Monse\u00f1or Enrique D\u00edaz: Si morimos con Cristo, Resucitaremos con \u00c9l &#8211; Exaudi\" \/>\n<meta property=\"og:description\" content=\"2 Noviembre Conmemoraci\u00f3n de Todos los Fieles Difuntos\" \/>\n<meta property=\"og:url\" content=\"https:\/\/exaudi.org\/es\/reflexion-de-monsenor-enrique-diaz-si-morimos-con-cristo-resucitaremos-con-el\/\" \/>\n<meta property=\"og:site_name\" content=\"Exaudi\" \/>\n<meta property=\"article:publisher\" content=\"https:\/\/www.facebook.com\/ExaudiNews\" \/>\n<meta property=\"article:published_time\" content=\"2025-11-02T09:07:15+00:00\" \/>\n<meta property=\"og:image\" content=\"https:\/\/exaudi.org\/wp-content\/uploads\/2025\/11\/man-5640540_1280.webp\" \/>\n\t<meta property=\"og:image:width\" content=\"1280\" \/>\n\t<meta property=\"og:image:height\" content=\"720\" \/>\n\t<meta property=\"og:image:type\" content=\"image\/webp\" \/>\n<meta name=\"author\" content=\"Enrique D\u00edaz\" \/>\n<meta name=\"twitter:card\" content=\"summary_large_image\" \/>\n<meta name=\"twitter:creator\" content=\"@Exaudi_News\" \/>\n<meta name=\"twitter:site\" content=\"@Exaudi_News\" \/>\n<meta name=\"twitter:label1\" content=\"Escrito por\" \/>\n\t<meta name=\"twitter:data1\" content=\"Enrique D\u00edaz\" \/>\n\t<meta name=\"twitter:label2\" content=\"Tiempo de lectura\" \/>\n\t<meta name=\"twitter:data2\" content=\"5 minutos\" \/>\n<script type=\"application\/ld+json\" class=\"yoast-schema-graph\">{\"@context\":\"https:\\\/\\\/schema.org\",\"@graph\":[{\"@type\":\"Article\",\"@id\":\"https:\\\/\\\/exaudi.org\\\/es\\\/reflexion-de-monsenor-enrique-diaz-si-morimos-con-cristo-resucitaremos-con-el\\\/#article\",\"isPartOf\":{\"@id\":\"https:\\\/\\\/exaudi.org\\\/es\\\/reflexion-de-monsenor-enrique-diaz-si-morimos-con-cristo-resucitaremos-con-el\\\/\"},\"author\":{\"name\":\"Enrique D\u00edaz\",\"@id\":\"https:\\\/\\\/exaudi.org\\\/#\\\/schema\\\/person\\\/c02ffbd10830fa375f6882f7dcf1844d\"},\"headline\":\"Reflexi\u00f3n de Monse\u00f1or Enrique D\u00edaz: Si morimos con Cristo, Resucitaremos con \u00c9l\",\"datePublished\":\"2025-11-02T09:07:15+00:00\",\"mainEntityOfPage\":{\"@id\":\"https:\\\/\\\/exaudi.org\\\/es\\\/reflexion-de-monsenor-enrique-diaz-si-morimos-con-cristo-resucitaremos-con-el\\\/\"},\"wordCount\":1049,\"image\":{\"@id\":\"https:\\\/\\\/exaudi.org\\\/es\\\/reflexion-de-monsenor-enrique-diaz-si-morimos-con-cristo-resucitaremos-con-el\\\/#primaryimage\"},\"thumbnailUrl\":\"https:\\\/\\\/exaudi.org\\\/wp-content\\\/uploads\\\/2025\\\/11\\\/man-5640540_1280.webp\",\"keywords\":[\"Enrique D\u00edaz\",\"Evangelio\",\"Fieles difuntos\",\"Reflexi\u00f3n\",\"Trending\"],\"articleSection\":[\"An\u00e1lisis\",\"Espiritualidad\",\"Iglesia y Mundo\"],\"inLanguage\":\"es\"},{\"@type\":\"WebPage\",\"@id\":\"https:\\\/\\\/exaudi.org\\\/es\\\/reflexion-de-monsenor-enrique-diaz-si-morimos-con-cristo-resucitaremos-con-el\\\/\",\"url\":\"https:\\\/\\\/exaudi.org\\\/es\\\/reflexion-de-monsenor-enrique-diaz-si-morimos-con-cristo-resucitaremos-con-el\\\/\",\"name\":\"Reflexi\u00f3n de Monse\u00f1or Enrique D\u00edaz: Si morimos con Cristo, Resucitaremos con \u00c9l &#8211; Exaudi\",\"isPartOf\":{\"@id\":\"https:\\\/\\\/exaudi.org\\\/#website\"},\"primaryImageOfPage\":{\"@id\":\"https:\\\/\\\/exaudi.org\\\/es\\\/reflexion-de-monsenor-enrique-diaz-si-morimos-con-cristo-resucitaremos-con-el\\\/#primaryimage\"},\"image\":{\"@id\":\"https:\\\/\\\/exaudi.org\\\/es\\\/reflexion-de-monsenor-enrique-diaz-si-morimos-con-cristo-resucitaremos-con-el\\\/#primaryimage\"},\"thumbnailUrl\":\"https:\\\/\\\/exaudi.org\\\/wp-content\\\/uploads\\\/2025\\\/11\\\/man-5640540_1280.webp\",\"datePublished\":\"2025-11-02T09:07:15+00:00\",\"author\":{\"@id\":\"https:\\\/\\\/exaudi.org\\\/#\\\/schema\\\/person\\\/c02ffbd10830fa375f6882f7dcf1844d\"},\"breadcrumb\":{\"@id\":\"https:\\\/\\\/exaudi.org\\\/es\\\/reflexion-de-monsenor-enrique-diaz-si-morimos-con-cristo-resucitaremos-con-el\\\/#breadcrumb\"},\"inLanguage\":\"es\",\"potentialAction\":[{\"@type\":\"ReadAction\",\"target\":[\"https:\\\/\\\/exaudi.org\\\/es\\\/reflexion-de-monsenor-enrique-diaz-si-morimos-con-cristo-resucitaremos-con-el\\\/\"]}]},{\"@type\":\"ImageObject\",\"inLanguage\":\"es\",\"@id\":\"https:\\\/\\\/exaudi.org\\\/es\\\/reflexion-de-monsenor-enrique-diaz-si-morimos-con-cristo-resucitaremos-con-el\\\/#primaryimage\",\"url\":\"https:\\\/\\\/exaudi.org\\\/wp-content\\\/uploads\\\/2025\\\/11\\\/man-5640540_1280.webp\",\"contentUrl\":\"https:\\\/\\\/exaudi.org\\\/wp-content\\\/uploads\\\/2025\\\/11\\\/man-5640540_1280.webp\",\"width\":1280,\"height\":720},{\"@type\":\"BreadcrumbList\",\"@id\":\"https:\\\/\\\/exaudi.org\\\/es\\\/reflexion-de-monsenor-enrique-diaz-si-morimos-con-cristo-resucitaremos-con-el\\\/#breadcrumb\",\"itemListElement\":[{\"@type\":\"ListItem\",\"position\":1,\"name\":\"Portada\",\"item\":\"https:\\\/\\\/exaudi.org\\\/es\\\/\"},{\"@type\":\"ListItem\",\"position\":2,\"name\":\"Reflexi\u00f3n de Monse\u00f1or Enrique D\u00edaz: Si morimos con Cristo, Resucitaremos con \u00c9l\"}]},{\"@type\":\"WebSite\",\"@id\":\"https:\\\/\\\/exaudi.org\\\/#website\",\"url\":\"https:\\\/\\\/exaudi.org\\\/\",\"name\":\"Exaudi\",\"description\":\"News\",\"potentialAction\":[{\"@type\":\"SearchAction\",\"target\":{\"@type\":\"EntryPoint\",\"urlTemplate\":\"https:\\\/\\\/exaudi.org\\\/?s={search_term_string}\"},\"query-input\":{\"@type\":\"PropertyValueSpecification\",\"valueRequired\":true,\"valueName\":\"search_term_string\"}}],\"inLanguage\":\"es\"},{\"@type\":\"Person\",\"@id\":\"https:\\\/\\\/exaudi.org\\\/#\\\/schema\\\/person\\\/c02ffbd10830fa375f6882f7dcf1844d\",\"name\":\"Enrique D\u00edaz\",\"image\":{\"@type\":\"ImageObject\",\"inLanguage\":\"es\",\"@id\":\"https:\\\/\\\/secure.gravatar.com\\\/avatar\\\/7ca10be5325a95d04b74082d68ba605aa69611eb0f68f47096cb1bc349873284?s=96&d=mm&r=g\",\"url\":\"https:\\\/\\\/secure.gravatar.com\\\/avatar\\\/7ca10be5325a95d04b74082d68ba605aa69611eb0f68f47096cb1bc349873284?s=96&d=mm&r=g\",\"contentUrl\":\"https:\\\/\\\/secure.gravatar.com\\\/avatar\\\/7ca10be5325a95d04b74082d68ba605aa69611eb0f68f47096cb1bc349873284?s=96&d=mm&r=g\",\"caption\":\"Enrique D\u00edaz\"},\"description\":\"Naci\u00f3 en Huandacareo, Michoac\u00e1n, M\u00e9xico, en 1952. Realiz\u00f3 sus estudios de Filosof\u00eda y Teolog\u00eda en el Seminario de Morelia. Ordenado di\u00e1cono el 22 de mayo de 1977, y presb\u00edtero el 23 de octubre del mismo a\u00f1o. Obtuvo la Licenciatura en Sagrada Escritura en el Pontificio Instituto B\u00edblico en Roma. Ha desarrollado m\u00faltiples encargos pastorales como el de capell\u00e1n de la rector\u00eda de las Tres Aves Mar\u00edas; responsable de la Pastoral B\u00edblica Diocesana y director de la Escuela B\u00edblica en Morelia; maestro de Biblia en el Seminario Conciliar de Morelia, p\u00e1rroco de la Parroquia de Nuestra Se\u00f1ora de Guadalupe, Col. Guadalupe, Morelia; o vicario episcopal para la Zona de Nuestra Se\u00f1ora de la Luz, P\u00e1tzcuaro. Ordenado obispo auxiliar de san Crist\u00f3bal de las Casas en 2003. En la Conferencia Episcopal form\u00f3 parte de las Comisiones de Biblia, Diaconado y Ministerios Laicales. Fue responsable de las Dimensiones de Ministerios Laicales, de Educaci\u00f3n y Cultura. Ha participado en encuentros latinoamericanos y mundiales sobre el Diaconado Permanente. Actualmente es el responsable de la Dimensi\u00f3n de Pastoral de la Cultura. Particip\u00f3 como Miembro del S\u00ednodo de Obispos sobre la Palabra de Dios en la Vida y Misi\u00f3n de la Iglesia en Roma, en 2008. Recibi\u00f3 el nombramiento de obispo coadjutor de San Crist\u00f3bal de las Casas en 2014. Nombrado II obispo de Irapuato el d\u00eda 11 de marzo, tom\u00f3 posesi\u00f3n el 19 de Mayo. Colabora en varias revistas y publicaciones sobre todo con la reflexi\u00f3n diaria y dominical tanto en audio como escrita.\",\"url\":\"https:\\\/\\\/exaudi.org\\\/es\\\/author\\\/enriquediaz\\\/\"}]}<\/script>\n<!-- \/ Yoast SEO plugin. -->","yoast_head_json":{"title":"Reflexi\u00f3n de Monse\u00f1or Enrique D\u00edaz: Si morimos con Cristo, Resucitaremos con \u00c9l &#8211; Exaudi","robots":{"index":"index","follow":"follow","max-snippet":"max-snippet:-1","max-image-preview":"max-image-preview:large","max-video-preview":"max-video-preview:-1"},"canonical":"https:\/\/exaudi.org\/es\/reflexion-de-monsenor-enrique-diaz-si-morimos-con-cristo-resucitaremos-con-el\/","og_locale":"es_ES","og_type":"article","og_title":"Reflexi\u00f3n de Monse\u00f1or Enrique D\u00edaz: Si morimos con Cristo, Resucitaremos con \u00c9l &#8211; Exaudi","og_description":"2 Noviembre Conmemoraci\u00f3n de Todos los Fieles Difuntos","og_url":"https:\/\/exaudi.org\/es\/reflexion-de-monsenor-enrique-diaz-si-morimos-con-cristo-resucitaremos-con-el\/","og_site_name":"Exaudi","article_publisher":"https:\/\/www.facebook.com\/ExaudiNews","article_published_time":"2025-11-02T09:07:15+00:00","og_image":[{"width":1280,"height":720,"url":"https:\/\/exaudi.org\/wp-content\/uploads\/2025\/11\/man-5640540_1280.webp","type":"image\/webp"}],"author":"Enrique D\u00edaz","twitter_card":"summary_large_image","twitter_creator":"@Exaudi_News","twitter_site":"@Exaudi_News","twitter_misc":{"Escrito por":"Enrique D\u00edaz","Tiempo de lectura":"5 minutos"},"schema":{"@context":"https:\/\/schema.org","@graph":[{"@type":"Article","@id":"https:\/\/exaudi.org\/es\/reflexion-de-monsenor-enrique-diaz-si-morimos-con-cristo-resucitaremos-con-el\/#article","isPartOf":{"@id":"https:\/\/exaudi.org\/es\/reflexion-de-monsenor-enrique-diaz-si-morimos-con-cristo-resucitaremos-con-el\/"},"author":{"name":"Enrique D\u00edaz","@id":"https:\/\/exaudi.org\/#\/schema\/person\/c02ffbd10830fa375f6882f7dcf1844d"},"headline":"Reflexi\u00f3n de Monse\u00f1or Enrique D\u00edaz: Si morimos con Cristo, Resucitaremos con \u00c9l","datePublished":"2025-11-02T09:07:15+00:00","mainEntityOfPage":{"@id":"https:\/\/exaudi.org\/es\/reflexion-de-monsenor-enrique-diaz-si-morimos-con-cristo-resucitaremos-con-el\/"},"wordCount":1049,"image":{"@id":"https:\/\/exaudi.org\/es\/reflexion-de-monsenor-enrique-diaz-si-morimos-con-cristo-resucitaremos-con-el\/#primaryimage"},"thumbnailUrl":"https:\/\/exaudi.org\/wp-content\/uploads\/2025\/11\/man-5640540_1280.webp","keywords":["Enrique D\u00edaz","Evangelio","Fieles difuntos","Reflexi\u00f3n","Trending"],"articleSection":["An\u00e1lisis","Espiritualidad","Iglesia y Mundo"],"inLanguage":"es"},{"@type":"WebPage","@id":"https:\/\/exaudi.org\/es\/reflexion-de-monsenor-enrique-diaz-si-morimos-con-cristo-resucitaremos-con-el\/","url":"https:\/\/exaudi.org\/es\/reflexion-de-monsenor-enrique-diaz-si-morimos-con-cristo-resucitaremos-con-el\/","name":"Reflexi\u00f3n de Monse\u00f1or Enrique D\u00edaz: Si morimos con Cristo, Resucitaremos con \u00c9l &#8211; Exaudi","isPartOf":{"@id":"https:\/\/exaudi.org\/#website"},"primaryImageOfPage":{"@id":"https:\/\/exaudi.org\/es\/reflexion-de-monsenor-enrique-diaz-si-morimos-con-cristo-resucitaremos-con-el\/#primaryimage"},"image":{"@id":"https:\/\/exaudi.org\/es\/reflexion-de-monsenor-enrique-diaz-si-morimos-con-cristo-resucitaremos-con-el\/#primaryimage"},"thumbnailUrl":"https:\/\/exaudi.org\/wp-content\/uploads\/2025\/11\/man-5640540_1280.webp","datePublished":"2025-11-02T09:07:15+00:00","author":{"@id":"https:\/\/exaudi.org\/#\/schema\/person\/c02ffbd10830fa375f6882f7dcf1844d"},"breadcrumb":{"@id":"https:\/\/exaudi.org\/es\/reflexion-de-monsenor-enrique-diaz-si-morimos-con-cristo-resucitaremos-con-el\/#breadcrumb"},"inLanguage":"es","potentialAction":[{"@type":"ReadAction","target":["https:\/\/exaudi.org\/es\/reflexion-de-monsenor-enrique-diaz-si-morimos-con-cristo-resucitaremos-con-el\/"]}]},{"@type":"ImageObject","inLanguage":"es","@id":"https:\/\/exaudi.org\/es\/reflexion-de-monsenor-enrique-diaz-si-morimos-con-cristo-resucitaremos-con-el\/#primaryimage","url":"https:\/\/exaudi.org\/wp-content\/uploads\/2025\/11\/man-5640540_1280.webp","contentUrl":"https:\/\/exaudi.org\/wp-content\/uploads\/2025\/11\/man-5640540_1280.webp","width":1280,"height":720},{"@type":"BreadcrumbList","@id":"https:\/\/exaudi.org\/es\/reflexion-de-monsenor-enrique-diaz-si-morimos-con-cristo-resucitaremos-con-el\/#breadcrumb","itemListElement":[{"@type":"ListItem","position":1,"name":"Portada","item":"https:\/\/exaudi.org\/es\/"},{"@type":"ListItem","position":2,"name":"Reflexi\u00f3n de Monse\u00f1or Enrique D\u00edaz: Si morimos con Cristo, Resucitaremos con \u00c9l"}]},{"@type":"WebSite","@id":"https:\/\/exaudi.org\/#website","url":"https:\/\/exaudi.org\/","name":"Exaudi","description":"News","potentialAction":[{"@type":"SearchAction","target":{"@type":"EntryPoint","urlTemplate":"https:\/\/exaudi.org\/?s={search_term_string}"},"query-input":{"@type":"PropertyValueSpecification","valueRequired":true,"valueName":"search_term_string"}}],"inLanguage":"es"},{"@type":"Person","@id":"https:\/\/exaudi.org\/#\/schema\/person\/c02ffbd10830fa375f6882f7dcf1844d","name":"Enrique D\u00edaz","image":{"@type":"ImageObject","inLanguage":"es","@id":"https:\/\/secure.gravatar.com\/avatar\/7ca10be5325a95d04b74082d68ba605aa69611eb0f68f47096cb1bc349873284?s=96&d=mm&r=g","url":"https:\/\/secure.gravatar.com\/avatar\/7ca10be5325a95d04b74082d68ba605aa69611eb0f68f47096cb1bc349873284?s=96&d=mm&r=g","contentUrl":"https:\/\/secure.gravatar.com\/avatar\/7ca10be5325a95d04b74082d68ba605aa69611eb0f68f47096cb1bc349873284?s=96&d=mm&r=g","caption":"Enrique D\u00edaz"},"description":"Naci\u00f3 en Huandacareo, Michoac\u00e1n, M\u00e9xico, en 1952. Realiz\u00f3 sus estudios de Filosof\u00eda y Teolog\u00eda en el Seminario de Morelia. Ordenado di\u00e1cono el 22 de mayo de 1977, y presb\u00edtero el 23 de octubre del mismo a\u00f1o. Obtuvo la Licenciatura en Sagrada Escritura en el Pontificio Instituto B\u00edblico en Roma. Ha desarrollado m\u00faltiples encargos pastorales como el de capell\u00e1n de la rector\u00eda de las Tres Aves Mar\u00edas; responsable de la Pastoral B\u00edblica Diocesana y director de la Escuela B\u00edblica en Morelia; maestro de Biblia en el Seminario Conciliar de Morelia, p\u00e1rroco de la Parroquia de Nuestra Se\u00f1ora de Guadalupe, Col. Guadalupe, Morelia; o vicario episcopal para la Zona de Nuestra Se\u00f1ora de la Luz, P\u00e1tzcuaro. Ordenado obispo auxiliar de san Crist\u00f3bal de las Casas en 2003. En la Conferencia Episcopal form\u00f3 parte de las Comisiones de Biblia, Diaconado y Ministerios Laicales. Fue responsable de las Dimensiones de Ministerios Laicales, de Educaci\u00f3n y Cultura. Ha participado en encuentros latinoamericanos y mundiales sobre el Diaconado Permanente. Actualmente es el responsable de la Dimensi\u00f3n de Pastoral de la Cultura. Particip\u00f3 como Miembro del S\u00ednodo de Obispos sobre la Palabra de Dios en la Vida y Misi\u00f3n de la Iglesia en Roma, en 2008. Recibi\u00f3 el nombramiento de obispo coadjutor de San Crist\u00f3bal de las Casas en 2014. Nombrado II obispo de Irapuato el d\u00eda 11 de marzo, tom\u00f3 posesi\u00f3n el 19 de Mayo. Colabora en varias revistas y publicaciones sobre todo con la reflexi\u00f3n diaria y dominical tanto en audio como escrita.","url":"https:\/\/exaudi.org\/es\/author\/enriquediaz\/"}]}},"jetpack_featured_media_url":"https:\/\/exaudi.org\/wp-content\/uploads\/2025\/11\/man-5640540_1280.webp","jetpack_shortlink":"https:\/\/wp.me\/pgKjF2-BCM","_links":{"self":[{"href":"https:\/\/exaudi.org\/es\/wp-json\/wp\/v2\/posts\/144632","targetHints":{"allow":["GET"]}}],"collection":[{"href":"https:\/\/exaudi.org\/es\/wp-json\/wp\/v2\/posts"}],"about":[{"href":"https:\/\/exaudi.org\/es\/wp-json\/wp\/v2\/types\/post"}],"author":[{"embeddable":true,"href":"https:\/\/exaudi.org\/es\/wp-json\/wp\/v2\/users\/25"}],"replies":[{"embeddable":true,"href":"https:\/\/exaudi.org\/es\/wp-json\/wp\/v2\/comments?post=144632"}],"version-history":[{"count":3,"href":"https:\/\/exaudi.org\/es\/wp-json\/wp\/v2\/posts\/144632\/revisions"}],"predecessor-version":[{"id":144641,"href":"https:\/\/exaudi.org\/es\/wp-json\/wp\/v2\/posts\/144632\/revisions\/144641"}],"wp:featuredmedia":[{"embeddable":true,"href":"https:\/\/exaudi.org\/es\/wp-json\/wp\/v2\/media\/144638"}],"wp:attachment":[{"href":"https:\/\/exaudi.org\/es\/wp-json\/wp\/v2\/media?parent=144632"}],"wp:term":[{"taxonomy":"category","embeddable":true,"href":"https:\/\/exaudi.org\/es\/wp-json\/wp\/v2\/categories?post=144632"},{"taxonomy":"post_tag","embeddable":true,"href":"https:\/\/exaudi.org\/es\/wp-json\/wp\/v2\/tags?post=144632"}],"curies":[{"name":"wp","href":"https:\/\/api.w.org\/{rel}","templated":true}]}}