{"id":144219,"date":"2025-10-30T10:00:29","date_gmt":"2025-10-30T09:00:29","guid":{"rendered":"https:\/\/exaudi.org\/?p=144219"},"modified":"2025-10-30T18:42:06","modified_gmt":"2025-10-30T17:42:06","slug":"desarrolla-virtudes-profesionales-y-transforma-tu-carrera","status":"publish","type":"post","link":"https:\/\/exaudi.org\/es\/desarrolla-virtudes-profesionales-y-transforma-tu-carrera\/","title":{"rendered":"Desarrolla virtudes profesionales y transforma tu carrera"},"content":{"rendered":"<p dir=\"auto\">\u00bfSientes que tu trabajo podr\u00eda tener un impacto mayor en tu vida y en la sociedad? <strong>Exaudi Institute<\/strong> nace para ayudarte a descubrirlo. Como nuevo proyecto formativo, estrenamos con el <strong>Curso Online de Virtudes Profesionales<\/strong>, una oportunidad \u00fanica para adquirir habilidades esenciales que van m\u00e1s all\u00e1 de lo t\u00e9cnico: virtudes que te hacen un profesional \u00edntegro y eficaz.<\/p>\n<p><iframe title=\"Spotify Embed: Desarrolla virtudes profesionales y transforma tu carrera\" style=\"border-radius: 12px\" width=\"100%\" height=\"152\" frameborder=\"0\" allowfullscreen allow=\"autoplay; clipboard-write; encrypted-media; fullscreen; picture-in-picture\" loading=\"lazy\" src=\"https:\/\/open.spotify.com\/embed\/episode\/6hdIxf1b6Y9dvS6Jcrsk0U?si=1960c2601c314be4&#038;utm_source=oembed\"><\/iframe><\/p>\n<p dir=\"auto\">El curso, impulsado por la <strong>Fundaci\u00f3n Perspectivas del Trabajo<\/strong>, cuenta con la colaboraci\u00f3n de expertos de la <strong>Universidad de Navarra<\/strong>. Javier Ramos, director de la Fundaci\u00f3n, explica: \u00abQueremos ilusionar a las personas para que trabajen cada vez mejor, poniendo el foco en el valor humano del trabajo. Este programa te dota de herramientas para servir con excelencia\u00bb.<\/p>\n<p dir=\"auto\"><a href=\"https:\/\/perspectivasdeltrabajo.org\/curso\/virtudes-online\" target=\"_blank\" rel=\"noopener\"><img loading=\"lazy\" decoding=\"async\" class=\"size-full wp-image-140238 alignnone\" src=\"https:\/\/exaudi.org\/wp-content\/uploads\/2025\/10\/Web.png\" alt=\"\" width=\"1400\" height=\"222\" srcset=\"https:\/\/exaudi.org\/wp-content\/uploads\/2025\/10\/Web.png 1400w, https:\/\/exaudi.org\/wp-content\/uploads\/2025\/10\/Web-300x48.png 300w, https:\/\/exaudi.org\/wp-content\/uploads\/2025\/10\/Web-1024x162.png 1024w, https:\/\/exaudi.org\/wp-content\/uploads\/2025\/10\/Web-770x122.png 770w, https:\/\/exaudi.org\/wp-content\/uploads\/2025\/10\/Web-500x79.png 500w\" sizes=\"auto, (max-width: 1400px) 100vw, 1400px\" \/><\/a><\/p>\n<p dir=\"auto\"><strong>Estructura en 3 m\u00f3dulos pr\u00e1cticos:<\/strong><\/p>\n<ol dir=\"auto\">\n<li><strong>Conocerte para gestionarte:<\/strong> Liderado por I\u00f1aki V\u00e9laz, enfocado en el autoconocimiento como base del crecimiento.<\/li>\n<li><strong>Gesti\u00f3n del tiempo desde el prop\u00f3sito profesional:<\/strong> Con Javier Ramos y Javier Ant\u00f3n, para priorizar lo que realmente importa.<\/li>\n<li><strong>Comunicaci\u00f3n eficaz:<\/strong> Impartido por Javier Ramos y Antonio Virgili, cubriendo comunicaci\u00f3n personal, digital y escrita.<\/li>\n<\/ol>\n<p dir=\"auto\"><strong>Detalles clave:<\/strong><\/p>\n<ul dir=\"auto\">\n<li><strong>Inicio:<\/strong> 1 de noviembre.<\/li>\n<li><strong>Duraci\u00f3n:<\/strong> 20 horas.<\/li>\n<li><strong>Formato:<\/strong> 100% online, flexible y accesible.<\/li>\n<\/ul>\n<p dir=\"auto\">No es solo formaci\u00f3n: es una inversi\u00f3n en tu prop\u00f3sito profesional. Miles de personas buscan sentido en su d\u00eda a d\u00eda laboral; \u00fanete a ellos y marca la diferencia.<\/p>\n<p dir=\"auto\">\ud83d\udc49 <strong>Reserva tu plaza ahora: <a href=\"https:\/\/perspectivasdeltrabajo.org\/curso\/virtudes-online\" target=\"_blank\" rel=\"noopener noreferrer nofollow\">Curso de Virtudes Profesionales<\/a><\/strong><\/p>\n<p><iframe loading=\"lazy\" title=\"Curso online de virtudes profesionales\" width=\"422\" height=\"750\" src=\"https:\/\/www.youtube.com\/embed\/qJfBYSyq9vU?feature=oembed\" frameborder=\"0\" allow=\"accelerometer; autoplay; clipboard-write; encrypted-media; gyroscope; picture-in-picture; web-share\" referrerpolicy=\"strict-origin-when-cross-origin\" allowfullscreen><\/iframe><\/p>\n<p dir=\"auto\"><img loading=\"lazy\" decoding=\"async\" class=\"size-full wp-image-144227 alignnone\" src=\"https:\/\/exaudi.org\/wp-content\/uploads\/2025\/10\/Virtudes-03.jpg\" alt=\"\" width=\"940\" height=\"788\" srcset=\"https:\/\/exaudi.org\/wp-content\/uploads\/2025\/10\/Virtudes-03.jpg 940w, https:\/\/exaudi.org\/wp-content\/uploads\/2025\/10\/Virtudes-03-300x251.jpg 300w, https:\/\/exaudi.org\/wp-content\/uploads\/2025\/10\/Virtudes-03-770x645.jpg 770w, https:\/\/exaudi.org\/wp-content\/uploads\/2025\/10\/Virtudes-03-500x419.jpg 500w\" sizes=\"auto, (max-width: 940px) 100vw, 940px\" \/><\/p>\n<p dir=\"auto\">\n","protected":false},"excerpt":{"rendered":"<p>Inscr\u00edbete en el Curso Online de Virtudes Profesionales<\/p>\n","protected":false},"author":15,"featured_media":144222,"comment_status":"closed","ping_status":"closed","sticky":false,"template":"","format":"standard","meta":{"_acf_changed":false,"_crdt_document":"","inline_featured_image":false,"footnotes":""},"categories":[74],"tags":[79065,79292,77060,16400,79293,77056,31330,79061,77055,7011,55979,30429,17239,79063,79064,79062,77059,53264,58880,13537,77057],"class_list":["post-144219","post","type-post","status-publish","format-standard","has-post-thumbnail","hentry","category-iglesia-y-mundo","tag-antonio-virgili","tag-autoconocimiento-profesional","tag-comunicacion-eficaz","tag-crecimiento-personal","tag-curso-noviembre-2025","tag-curso-online-virtudes-profesionales","tag-desarrollo-profesional","tag-educacion-online","tag-exaudi-institute","tag-formacion-online","tag-fundacion-perspectivas-del-trabajo","tag-gestion-del-tiempo","tag-habilidades-blandas","tag-inaki-velaz","tag-javier-anton","tag-javier-ramos","tag-proposito-profesional","tag-trabajo-con-sentido","tag-trending-es-151","tag-universidad-de-navarra","tag-virtudes-profesionales"],"acf":[],"yoast_head":"<!-- This site is optimized with the Yoast SEO plugin v27.5 - https:\/\/yoast.com\/product\/yoast-seo-wordpress\/ -->\n<title>Desarrolla virtudes profesionales y transforma tu carrera &#8211; Exaudi<\/title>\n<meta name=\"robots\" content=\"index, follow, max-snippet:-1, max-image-preview:large, max-video-preview:-1\" \/>\n<link rel=\"canonical\" href=\"https:\/\/exaudi.org\/es\/desarrolla-virtudes-profesionales-y-transforma-tu-carrera\/\" \/>\n<meta property=\"og:locale\" content=\"es_ES\" \/>\n<meta property=\"og:type\" content=\"article\" \/>\n<meta property=\"og:title\" content=\"Desarrolla virtudes profesionales y transforma tu carrera &#8211; Exaudi\" \/>\n<meta property=\"og:description\" content=\"Inscr\u00edbete en el Curso Online de Virtudes Profesionales\" \/>\n<meta property=\"og:url\" content=\"https:\/\/exaudi.org\/es\/desarrolla-virtudes-profesionales-y-transforma-tu-carrera\/\" \/>\n<meta property=\"og:site_name\" content=\"Exaudi\" \/>\n<meta property=\"article:publisher\" content=\"https:\/\/www.facebook.com\/ExaudiNews\" \/>\n<meta property=\"article:author\" content=\"https:\/\/www.facebook.com\/ExaudiNoticias\/\" \/>\n<meta property=\"article:published_time\" content=\"2025-10-30T09:00:29+00:00\" \/>\n<meta property=\"article:modified_time\" content=\"2025-10-30T17:42:06+00:00\" \/>\n<meta property=\"og:image\" content=\"https:\/\/exaudi.org\/wp-content\/uploads\/2025\/10\/pexels-catalin-buescu-339535060-17223853-scaled.jpg\" \/>\n\t<meta property=\"og:image:width\" content=\"2560\" \/>\n\t<meta property=\"og:image:height\" content=\"1707\" \/>\n\t<meta property=\"og:image:type\" content=\"image\/jpeg\" \/>\n<meta name=\"author\" content=\"Exaudi Redacci\u00f3n\" \/>\n<meta name=\"twitter:card\" content=\"summary_large_image\" \/>\n<meta name=\"twitter:creator\" content=\"@Exaudi_noticias\" \/>\n<meta name=\"twitter:site\" content=\"@Exaudi_News\" \/>\n<meta name=\"twitter:label1\" content=\"Escrito por\" \/>\n\t<meta name=\"twitter:data1\" content=\"Exaudi Redacci\u00f3n\" \/>\n\t<meta name=\"twitter:label2\" content=\"Tiempo de lectura\" \/>\n\t<meta name=\"twitter:data2\" content=\"1 minuto\" \/>\n<script type=\"application\/ld+json\" class=\"yoast-schema-graph\">{\"@context\":\"https:\\\/\\\/schema.org\",\"@graph\":[{\"@type\":\"Article\",\"@id\":\"https:\\\/\\\/exaudi.org\\\/es\\\/desarrolla-virtudes-profesionales-y-transforma-tu-carrera\\\/#article\",\"isPartOf\":{\"@id\":\"https:\\\/\\\/exaudi.org\\\/es\\\/desarrolla-virtudes-profesionales-y-transforma-tu-carrera\\\/\"},\"author\":{\"name\":\"Exaudi Redacci\u00f3n\",\"@id\":\"https:\\\/\\\/exaudi.org\\\/#\\\/schema\\\/person\\\/f5fc8f063065e38742da7afe15f25df7\"},\"headline\":\"Desarrolla virtudes profesionales y transforma tu carrera\",\"datePublished\":\"2025-10-30T09:00:29+00:00\",\"dateModified\":\"2025-10-30T17:42:06+00:00\",\"mainEntityOfPage\":{\"@id\":\"https:\\\/\\\/exaudi.org\\\/es\\\/desarrolla-virtudes-profesionales-y-transforma-tu-carrera\\\/\"},\"wordCount\":268,\"image\":{\"@id\":\"https:\\\/\\\/exaudi.org\\\/es\\\/desarrolla-virtudes-profesionales-y-transforma-tu-carrera\\\/#primaryimage\"},\"thumbnailUrl\":\"https:\\\/\\\/exaudi.org\\\/wp-content\\\/uploads\\\/2025\\\/10\\\/pexels-catalin-buescu-339535060-17223853-scaled.jpg\",\"keywords\":[\"Antonio Virgili\",\"autoconocimiento profesional\",\"comunicaci\u00f3n eficaz\",\"crecimiento personal\",\"curso noviembre 2025\",\"curso online virtudes profesionales\",\"desarrollo profesional\",\"educaci\u00f3n online\",\"Exaudi Institute\",\"formaci\u00f3n online\",\"Fundaci\u00f3n Perspectivas del Trabajo\",\"gesti\u00f3n del tiempo\",\"habilidades blandas\",\"I\u00f1aki V\u00e9laz\",\"Javier Ant\u00f3n\",\"Javier Ramos\",\"prop\u00f3sito profesional\",\"trabajo con sentido\",\"Trending\",\"Universidad de Navarra\",\"virtudes profesionales\"],\"articleSection\":[\"Iglesia y Mundo\"],\"inLanguage\":\"es\"},{\"@type\":\"WebPage\",\"@id\":\"https:\\\/\\\/exaudi.org\\\/es\\\/desarrolla-virtudes-profesionales-y-transforma-tu-carrera\\\/\",\"url\":\"https:\\\/\\\/exaudi.org\\\/es\\\/desarrolla-virtudes-profesionales-y-transforma-tu-carrera\\\/\",\"name\":\"Desarrolla virtudes profesionales y transforma tu carrera &#8211; Exaudi\",\"isPartOf\":{\"@id\":\"https:\\\/\\\/exaudi.org\\\/#website\"},\"primaryImageOfPage\":{\"@id\":\"https:\\\/\\\/exaudi.org\\\/es\\\/desarrolla-virtudes-profesionales-y-transforma-tu-carrera\\\/#primaryimage\"},\"image\":{\"@id\":\"https:\\\/\\\/exaudi.org\\\/es\\\/desarrolla-virtudes-profesionales-y-transforma-tu-carrera\\\/#primaryimage\"},\"thumbnailUrl\":\"https:\\\/\\\/exaudi.org\\\/wp-content\\\/uploads\\\/2025\\\/10\\\/pexels-catalin-buescu-339535060-17223853-scaled.jpg\",\"datePublished\":\"2025-10-30T09:00:29+00:00\",\"dateModified\":\"2025-10-30T17:42:06+00:00\",\"author\":{\"@id\":\"https:\\\/\\\/exaudi.org\\\/#\\\/schema\\\/person\\\/f5fc8f063065e38742da7afe15f25df7\"},\"breadcrumb\":{\"@id\":\"https:\\\/\\\/exaudi.org\\\/es\\\/desarrolla-virtudes-profesionales-y-transforma-tu-carrera\\\/#breadcrumb\"},\"inLanguage\":\"es\",\"potentialAction\":[{\"@type\":\"ReadAction\",\"target\":[\"https:\\\/\\\/exaudi.org\\\/es\\\/desarrolla-virtudes-profesionales-y-transforma-tu-carrera\\\/\"]}]},{\"@type\":\"ImageObject\",\"inLanguage\":\"es\",\"@id\":\"https:\\\/\\\/exaudi.org\\\/es\\\/desarrolla-virtudes-profesionales-y-transforma-tu-carrera\\\/#primaryimage\",\"url\":\"https:\\\/\\\/exaudi.org\\\/wp-content\\\/uploads\\\/2025\\\/10\\\/pexels-catalin-buescu-339535060-17223853-scaled.jpg\",\"contentUrl\":\"https:\\\/\\\/exaudi.org\\\/wp-content\\\/uploads\\\/2025\\\/10\\\/pexels-catalin-buescu-339535060-17223853-scaled.jpg\",\"width\":2560,\"height\":1707},{\"@type\":\"BreadcrumbList\",\"@id\":\"https:\\\/\\\/exaudi.org\\\/es\\\/desarrolla-virtudes-profesionales-y-transforma-tu-carrera\\\/#breadcrumb\",\"itemListElement\":[{\"@type\":\"ListItem\",\"position\":1,\"name\":\"Portada\",\"item\":\"https:\\\/\\\/exaudi.org\\\/es\\\/\"},{\"@type\":\"ListItem\",\"position\":2,\"name\":\"Desarrolla virtudes profesionales y transforma tu carrera\"}]},{\"@type\":\"WebSite\",\"@id\":\"https:\\\/\\\/exaudi.org\\\/#website\",\"url\":\"https:\\\/\\\/exaudi.org\\\/\",\"name\":\"Exaudi\",\"description\":\"News\",\"potentialAction\":[{\"@type\":\"SearchAction\",\"target\":{\"@type\":\"EntryPoint\",\"urlTemplate\":\"https:\\\/\\\/exaudi.org\\\/?s={search_term_string}\"},\"query-input\":{\"@type\":\"PropertyValueSpecification\",\"valueRequired\":true,\"valueName\":\"search_term_string\"}}],\"inLanguage\":\"es\"},{\"@type\":\"Person\",\"@id\":\"https:\\\/\\\/exaudi.org\\\/#\\\/schema\\\/person\\\/f5fc8f063065e38742da7afe15f25df7\",\"name\":\"Exaudi Redacci\u00f3n\",\"image\":{\"@type\":\"ImageObject\",\"inLanguage\":\"es\",\"@id\":\"https:\\\/\\\/secure.gravatar.com\\\/avatar\\\/fe0f6a059fb68d9b3e11bc5850dd4899b1c7492091a3cb6dd9b01b56ad828be2?s=96&d=mm&r=g\",\"url\":\"https:\\\/\\\/secure.gravatar.com\\\/avatar\\\/fe0f6a059fb68d9b3e11bc5850dd4899b1c7492091a3cb6dd9b01b56ad828be2?s=96&d=mm&r=g\",\"contentUrl\":\"https:\\\/\\\/secure.gravatar.com\\\/avatar\\\/fe0f6a059fb68d9b3e11bc5850dd4899b1c7492091a3cb6dd9b01b56ad828be2?s=96&d=mm&r=g\",\"caption\":\"Exaudi Redacci\u00f3n\"},\"description\":\"\u00bfQu\u00e9 es Exaudi News? Exaudi News es un medio de comunicaci\u00f3n cat\u00f3lico internacional que informa, forma y transforma, diariamente en espa\u00f1ol, ingl\u00e9s e italiano. A trav\u00e9s de noticias, art\u00edculos de an\u00e1lisis y transmisiones en directo de los eventos del Papa, Exaudi busca fortalecer la unidad de los cristianos y contribuir a la evangelizaci\u00f3n del mundo, siempre guiados por la doctrina social de la Iglesia. Trabajamos para acercar la verdad y los valores cristianos a cada rinc\u00f3n del planeta. \u00a1Ay\u00fadanos a transformar el mundo con Exaudi! En Exaudi creemos que la evangelizaci\u00f3n y la informaci\u00f3n de calidad pueden cambiar vidas. Para continuar con nuestra misi\u00f3n y expandir nuestro alcance, necesitamos tu ayuda. Adem\u00e1s, buscamos personas comprometidas que deseen unirse a nuestro equipo. Con tu apoyo, lograremos llegar a m\u00e1s personas, difundir el mensaje de Cristo y reforzar la unidad de los cristianos. \u00bfTe unes a nuestra misi\u00f3n? Para m\u00e1s informaci\u00f3n sobre c\u00f3mo colaborar, visita Exaudi.org\\\/es o cont\u00e1ctanos directamente: info@exaudi.org Exaudi: Informa, forma y transforma.\",\"sameAs\":[\"https:\\\/\\\/www.facebook.com\\\/ExaudiNoticias\\\/\",\"https:\\\/\\\/www.instagram.com\\\/exaudi_noticias\\\/\",\"https:\\\/\\\/x.com\\\/Exaudi_noticias\",\"https:\\\/\\\/www.youtube.com\\\/@exaudicatholicnews\"],\"url\":\"https:\\\/\\\/exaudi.org\\\/es\\\/author\\\/redaccionexaudi\\\/\"}]}<\/script>\n<!-- \/ Yoast SEO plugin. -->","yoast_head_json":{"title":"Desarrolla virtudes profesionales y transforma tu carrera &#8211; Exaudi","robots":{"index":"index","follow":"follow","max-snippet":"max-snippet:-1","max-image-preview":"max-image-preview:large","max-video-preview":"max-video-preview:-1"},"canonical":"https:\/\/exaudi.org\/es\/desarrolla-virtudes-profesionales-y-transforma-tu-carrera\/","og_locale":"es_ES","og_type":"article","og_title":"Desarrolla virtudes profesionales y transforma tu carrera &#8211; Exaudi","og_description":"Inscr\u00edbete en el Curso Online de Virtudes Profesionales","og_url":"https:\/\/exaudi.org\/es\/desarrolla-virtudes-profesionales-y-transforma-tu-carrera\/","og_site_name":"Exaudi","article_publisher":"https:\/\/www.facebook.com\/ExaudiNews","article_author":"https:\/\/www.facebook.com\/ExaudiNoticias\/","article_published_time":"2025-10-30T09:00:29+00:00","article_modified_time":"2025-10-30T17:42:06+00:00","og_image":[{"width":2560,"height":1707,"url":"https:\/\/exaudi.org\/wp-content\/uploads\/2025\/10\/pexels-catalin-buescu-339535060-17223853-scaled.jpg","type":"image\/jpeg"}],"author":"Exaudi Redacci\u00f3n","twitter_card":"summary_large_image","twitter_creator":"@Exaudi_noticias","twitter_site":"@Exaudi_News","twitter_misc":{"Escrito por":"Exaudi Redacci\u00f3n","Tiempo de lectura":"1 minuto"},"schema":{"@context":"https:\/\/schema.org","@graph":[{"@type":"Article","@id":"https:\/\/exaudi.org\/es\/desarrolla-virtudes-profesionales-y-transforma-tu-carrera\/#article","isPartOf":{"@id":"https:\/\/exaudi.org\/es\/desarrolla-virtudes-profesionales-y-transforma-tu-carrera\/"},"author":{"name":"Exaudi Redacci\u00f3n","@id":"https:\/\/exaudi.org\/#\/schema\/person\/f5fc8f063065e38742da7afe15f25df7"},"headline":"Desarrolla virtudes profesionales y transforma tu carrera","datePublished":"2025-10-30T09:00:29+00:00","dateModified":"2025-10-30T17:42:06+00:00","mainEntityOfPage":{"@id":"https:\/\/exaudi.org\/es\/desarrolla-virtudes-profesionales-y-transforma-tu-carrera\/"},"wordCount":268,"image":{"@id":"https:\/\/exaudi.org\/es\/desarrolla-virtudes-profesionales-y-transforma-tu-carrera\/#primaryimage"},"thumbnailUrl":"https:\/\/exaudi.org\/wp-content\/uploads\/2025\/10\/pexels-catalin-buescu-339535060-17223853-scaled.jpg","keywords":["Antonio Virgili","autoconocimiento profesional","comunicaci\u00f3n eficaz","crecimiento personal","curso noviembre 2025","curso online virtudes profesionales","desarrollo profesional","educaci\u00f3n online","Exaudi Institute","formaci\u00f3n online","Fundaci\u00f3n Perspectivas del Trabajo","gesti\u00f3n del tiempo","habilidades blandas","I\u00f1aki V\u00e9laz","Javier Ant\u00f3n","Javier Ramos","prop\u00f3sito profesional","trabajo con sentido","Trending","Universidad de Navarra","virtudes profesionales"],"articleSection":["Iglesia y Mundo"],"inLanguage":"es"},{"@type":"WebPage","@id":"https:\/\/exaudi.org\/es\/desarrolla-virtudes-profesionales-y-transforma-tu-carrera\/","url":"https:\/\/exaudi.org\/es\/desarrolla-virtudes-profesionales-y-transforma-tu-carrera\/","name":"Desarrolla virtudes profesionales y transforma tu carrera &#8211; Exaudi","isPartOf":{"@id":"https:\/\/exaudi.org\/#website"},"primaryImageOfPage":{"@id":"https:\/\/exaudi.org\/es\/desarrolla-virtudes-profesionales-y-transforma-tu-carrera\/#primaryimage"},"image":{"@id":"https:\/\/exaudi.org\/es\/desarrolla-virtudes-profesionales-y-transforma-tu-carrera\/#primaryimage"},"thumbnailUrl":"https:\/\/exaudi.org\/wp-content\/uploads\/2025\/10\/pexels-catalin-buescu-339535060-17223853-scaled.jpg","datePublished":"2025-10-30T09:00:29+00:00","dateModified":"2025-10-30T17:42:06+00:00","author":{"@id":"https:\/\/exaudi.org\/#\/schema\/person\/f5fc8f063065e38742da7afe15f25df7"},"breadcrumb":{"@id":"https:\/\/exaudi.org\/es\/desarrolla-virtudes-profesionales-y-transforma-tu-carrera\/#breadcrumb"},"inLanguage":"es","potentialAction":[{"@type":"ReadAction","target":["https:\/\/exaudi.org\/es\/desarrolla-virtudes-profesionales-y-transforma-tu-carrera\/"]}]},{"@type":"ImageObject","inLanguage":"es","@id":"https:\/\/exaudi.org\/es\/desarrolla-virtudes-profesionales-y-transforma-tu-carrera\/#primaryimage","url":"https:\/\/exaudi.org\/wp-content\/uploads\/2025\/10\/pexels-catalin-buescu-339535060-17223853-scaled.jpg","contentUrl":"https:\/\/exaudi.org\/wp-content\/uploads\/2025\/10\/pexels-catalin-buescu-339535060-17223853-scaled.jpg","width":2560,"height":1707},{"@type":"BreadcrumbList","@id":"https:\/\/exaudi.org\/es\/desarrolla-virtudes-profesionales-y-transforma-tu-carrera\/#breadcrumb","itemListElement":[{"@type":"ListItem","position":1,"name":"Portada","item":"https:\/\/exaudi.org\/es\/"},{"@type":"ListItem","position":2,"name":"Desarrolla virtudes profesionales y transforma tu carrera"}]},{"@type":"WebSite","@id":"https:\/\/exaudi.org\/#website","url":"https:\/\/exaudi.org\/","name":"Exaudi","description":"News","potentialAction":[{"@type":"SearchAction","target":{"@type":"EntryPoint","urlTemplate":"https:\/\/exaudi.org\/?s={search_term_string}"},"query-input":{"@type":"PropertyValueSpecification","valueRequired":true,"valueName":"search_term_string"}}],"inLanguage":"es"},{"@type":"Person","@id":"https:\/\/exaudi.org\/#\/schema\/person\/f5fc8f063065e38742da7afe15f25df7","name":"Exaudi Redacci\u00f3n","image":{"@type":"ImageObject","inLanguage":"es","@id":"https:\/\/secure.gravatar.com\/avatar\/fe0f6a059fb68d9b3e11bc5850dd4899b1c7492091a3cb6dd9b01b56ad828be2?s=96&d=mm&r=g","url":"https:\/\/secure.gravatar.com\/avatar\/fe0f6a059fb68d9b3e11bc5850dd4899b1c7492091a3cb6dd9b01b56ad828be2?s=96&d=mm&r=g","contentUrl":"https:\/\/secure.gravatar.com\/avatar\/fe0f6a059fb68d9b3e11bc5850dd4899b1c7492091a3cb6dd9b01b56ad828be2?s=96&d=mm&r=g","caption":"Exaudi Redacci\u00f3n"},"description":"\u00bfQu\u00e9 es Exaudi News? Exaudi News es un medio de comunicaci\u00f3n cat\u00f3lico internacional que informa, forma y transforma, diariamente en espa\u00f1ol, ingl\u00e9s e italiano. A trav\u00e9s de noticias, art\u00edculos de an\u00e1lisis y transmisiones en directo de los eventos del Papa, Exaudi busca fortalecer la unidad de los cristianos y contribuir a la evangelizaci\u00f3n del mundo, siempre guiados por la doctrina social de la Iglesia. Trabajamos para acercar la verdad y los valores cristianos a cada rinc\u00f3n del planeta. \u00a1Ay\u00fadanos a transformar el mundo con Exaudi! En Exaudi creemos que la evangelizaci\u00f3n y la informaci\u00f3n de calidad pueden cambiar vidas. Para continuar con nuestra misi\u00f3n y expandir nuestro alcance, necesitamos tu ayuda. Adem\u00e1s, buscamos personas comprometidas que deseen unirse a nuestro equipo. Con tu apoyo, lograremos llegar a m\u00e1s personas, difundir el mensaje de Cristo y reforzar la unidad de los cristianos. \u00bfTe unes a nuestra misi\u00f3n? Para m\u00e1s informaci\u00f3n sobre c\u00f3mo colaborar, visita Exaudi.org\/es o cont\u00e1ctanos directamente: info@exaudi.org Exaudi: Informa, forma y transforma.","sameAs":["https:\/\/www.facebook.com\/ExaudiNoticias\/","https:\/\/www.instagram.com\/exaudi_noticias\/","https:\/\/x.com\/Exaudi_noticias","https:\/\/www.youtube.com\/@exaudicatholicnews"],"url":"https:\/\/exaudi.org\/es\/author\/redaccionexaudi\/"}]}},"jetpack_featured_media_url":"https:\/\/exaudi.org\/wp-content\/uploads\/2025\/10\/pexels-catalin-buescu-339535060-17223853-scaled.jpg","jetpack_shortlink":"https:\/\/wp.me\/pgKjF2-Bw7","_links":{"self":[{"href":"https:\/\/exaudi.org\/es\/wp-json\/wp\/v2\/posts\/144219","targetHints":{"allow":["GET"]}}],"collection":[{"href":"https:\/\/exaudi.org\/es\/wp-json\/wp\/v2\/posts"}],"about":[{"href":"https:\/\/exaudi.org\/es\/wp-json\/wp\/v2\/types\/post"}],"author":[{"embeddable":true,"href":"https:\/\/exaudi.org\/es\/wp-json\/wp\/v2\/users\/15"}],"replies":[{"embeddable":true,"href":"https:\/\/exaudi.org\/es\/wp-json\/wp\/v2\/comments?post=144219"}],"version-history":[{"count":7,"href":"https:\/\/exaudi.org\/es\/wp-json\/wp\/v2\/posts\/144219\/revisions"}],"predecessor-version":[{"id":144346,"href":"https:\/\/exaudi.org\/es\/wp-json\/wp\/v2\/posts\/144219\/revisions\/144346"}],"wp:featuredmedia":[{"embeddable":true,"href":"https:\/\/exaudi.org\/es\/wp-json\/wp\/v2\/media\/144222"}],"wp:attachment":[{"href":"https:\/\/exaudi.org\/es\/wp-json\/wp\/v2\/media?parent=144219"}],"wp:term":[{"taxonomy":"category","embeddable":true,"href":"https:\/\/exaudi.org\/es\/wp-json\/wp\/v2\/categories?post=144219"},{"taxonomy":"post_tag","embeddable":true,"href":"https:\/\/exaudi.org\/es\/wp-json\/wp\/v2\/tags?post=144219"}],"curies":[{"name":"wp","href":"https:\/\/api.w.org\/{rel}","templated":true}]}}