{"id":144071,"date":"2025-10-30T09:00:12","date_gmt":"2025-10-30T08:00:12","guid":{"rendered":"https:\/\/exaudi.org\/?p=144071"},"modified":"2025-10-30T09:22:15","modified_gmt":"2025-10-30T08:22:15","slug":"que-priorizar-el-corto-o-el-largo-plazo","status":"publish","type":"post","link":"https:\/\/exaudi.org\/es\/que-priorizar-el-corto-o-el-largo-plazo\/","title":{"rendered":"\u00bfQu\u00e9 priorizar el corto o el largo plazo?"},"content":{"rendered":"<p id=\"ember487\" class=\"ember-view reader-text-block__paragraph\">De seguro alguna vez ustedes, se han encontrado en una situaci\u00f3n sea en el plano personal, familiar, amical y\/o profesional donde una decisi\u00f3n que cre\u00edan era espec\u00edfica y puntual, termin\u00f3 luego comprometi\u00e9ndote a largo plazo.<\/p>\n<p><iframe title=\"Spotify Embed: \u00bfQu\u00e9 priorizar el corto o el largo plazo?\" style=\"border-radius: 12px\" width=\"100%\" height=\"152\" frameborder=\"0\" allowfullscreen allow=\"autoplay; clipboard-write; encrypted-media; fullscreen; picture-in-picture\" loading=\"lazy\" src=\"https:\/\/open.spotify.com\/embed\/episode\/08GryZKKptkCrDSAZ0f2bx?si=a819e24b344f4857&#038;utm_source=oembed\"><\/iframe><\/p>\n<p id=\"ember488\" class=\"ember-view reader-text-block__paragraph\">A prop\u00f3sito del p\u00e1rrafo anterior, les relatar\u00e9 de manera breve, dos historias reales asociadas a mi paso por el mundo corporativo y la empresa propia, con diferente final.<\/p>\n<p id=\"ember489\" class=\"ember-view reader-text-block__paragraph\">En mi paso por el trabajo dependiente, trabaj\u00e9 en una empresa que ten\u00eda pocos a\u00f1os en el mercado y cuyas oficinas administrativas ten\u00edan concepto abierto y en ese momento se contaba solo con una sala de reuniones cerrada, que se le llamaba \u201cla pecera\u201d, pues era toda de vidrio.<\/p>\n<p id=\"ember490\" class=\"ember-view reader-text-block__paragraph\">Al respecto a\u00fan recuerdo una tarde en la que el gerente general me llam\u00f3 a la pecera y me dijo: \u201cHugo en estos d\u00edas ha pasado algo que deber\u00eda saber y quisieras comentarme.\u201d. Y efectivamente hab\u00eda surgido un inconveniente con el gerente del \u00e1rea de planificaci\u00f3n. Le indiqu\u00e9 los hechos, tal cual sucedieron, y la soluci\u00f3n que hab\u00eda planteado. \u00c9l me respondi\u00f3: \u201cValoro tu sinceridad, a lo que has planteado, le agregar\u00eda estos \u00edtems\u201d. Y acto seguido me dijo: \u201c\u00a1Ah!, por cierto, ya sab\u00eda lo ocurrido y si no me dec\u00edas las cosas tal cual sucedieron, ibas a venir a la empresa en calidad de cliente\u201d.<\/p>\n<p id=\"ember491\" class=\"ember-view reader-text-block__paragraph\">En ese sentido, desde mi percepci\u00f3n, este hecho cambi\u00f3 nuestra forma de trabajo hacia adelante y con este acto simple, se gener\u00f3 una confianza total. A la fecha han pasado m\u00e1s de 15 a\u00f1os, nuestras vidas profesionales tienen rumbos distintos y a\u00fan mantenemos comunicaci\u00f3n y amistad.<\/p>\n<p id=\"ember492\" class=\"ember-view reader-text-block__paragraph\">De otro lado, junto con mis hermanos tenemos una peque\u00f1a empresa, con ya m\u00e1s de dos d\u00e9cadas, que se dedica a la comercializaci\u00f3n de acabados de construcci\u00f3n para oficinas, viviendas, entre otros sectores. Y entre los productos que comercializamos tenemos rollers o cortinas. Por ello, un cliente que se dedicaba a la construcci\u00f3n de oficinas nos solicit\u00f3 que los apoy\u00e1ramos con rollers-cortinas para sus oficinas.<\/p>\n<p id=\"ember493\" class=\"ember-view reader-text-block__paragraph\">Al respecto, dicho costo no era elevado, a lo cual le respondimos que pod\u00edamos darle las mismas al costo y con facilidades de pago. Pero la transacci\u00f3n comercial que le propusimos no prosper\u00f3. Tiempo despu\u00e9s, este mismo cliente gir\u00f3 a construir edificios de viviendas multifamiliares y a la fecha es un jugador importante en este rubro en lo denominado Lima Moderna y si bien mantenemos una buena comunicaci\u00f3n, no estamos en su top of mind de proveedores a quienes recurrir.<\/p>\n<p id=\"ember496\" class=\"ember-view reader-text-block__paragraph\">Algunos aprendizajes a ra\u00edz de estas dos historias.<\/p>\n<ul>\n<li>La confianza es un valor supremo, toma mucho tiempo en construirla y se puede desvanecer por una mala comunicaci\u00f3n o no entender la necesidad de la otra parte.<\/li>\n<li>La verdad ante todo, m\u00e1s hoy en un mundo donde el relativismo de opiniones y diferentes verdades avanzan en nuestra sociedad en general.<\/li>\n<li>Uno debe asumir siempre las consecuencias de sus actos.<\/li>\n<\/ul>\n<p id=\"ember498\" class=\"ember-view reader-text-block__paragraph\">Ahora les comparto algunas citas, asociadas a los aprendizajes de estas dos historias.<\/p>\n<ul>\n<li>\u201cLa confianza es un regalo que das libremente y un honor que alguien debe ganar\u201d. Autor desconocido.<\/li>\n<li>\u201cAquel que es descuidado con la verdad en asuntos peque\u00f1os, no puede ser confiable en asuntos importantes\u201d. Albert Einstein, cient\u00edfico Jud\u00edo-Alem\u00e1n.<\/li>\n<li>\u201cLas personas que tienen problemas de confianza solo necesitan mirarse al espejo. All\u00ed se encontrar\u00e1n con la persona que m\u00e1s los traicionar\u00e1\u201d. Shannon L. Alder, m\u00e9dico americano.<\/li>\n<\/ul>\n<p id=\"ember500\" class=\"ember-view reader-text-block__paragraph\">Dicen algunos entendidos que el f\u00fatbol es el tema m\u00e1s importante de los menos importantes, as\u00ed que les dejo picando el bal\u00f3n para que hagan una introspecci\u00f3n: \u00bfSoy una persona digna de confianza? Pregunta prestada de la charla \u201c El arte de escuchar\u201d dada hace unos d\u00edas atr\u00e1s por una muy buena amiga, Carmen Julia Rivera.<\/p>\n<p id=\"ember501\" class=\"ember-view reader-text-block__paragraph\">As\u00ed que \u00e1nimo, a\u00fan est\u00e1s trabajando y puliendo tu mejor versi\u00f3n y no te olvides: \u00a1remar contra corriente y mar adentro!<\/p>\n<p><img loading=\"lazy\" decoding=\"async\" class=\"size-full wp-image-144077 alignnone\" src=\"https:\/\/exaudi.org\/wp-content\/uploads\/2025\/10\/Analisis-8.jpg\" alt=\"\" width=\"940\" height=\"788\" srcset=\"https:\/\/exaudi.org\/wp-content\/uploads\/2025\/10\/Analisis-8.jpg 940w, https:\/\/exaudi.org\/wp-content\/uploads\/2025\/10\/Analisis-8-300x251.jpg 300w, https:\/\/exaudi.org\/wp-content\/uploads\/2025\/10\/Analisis-8-770x645.jpg 770w, https:\/\/exaudi.org\/wp-content\/uploads\/2025\/10\/Analisis-8-500x419.jpg 500w\" sizes=\"auto, (max-width: 940px) 100vw, 940px\" \/><\/p>\n","protected":false},"excerpt":{"rendered":"<p>Aprende a equilibrar decisiones inmediatas y metas a largo plazo en tu vida personal y profesional<\/p>\n","protected":false},"author":134,"featured_media":144074,"comment_status":"closed","ping_status":"closed","sticky":false,"template":"","format":"standard","meta":{"_acf_changed":false,"_crdt_document":"","inline_featured_image":false,"footnotes":""},"categories":[130],"tags":[79078,17244,836,61118,79076,61240,14732,55996,47036,78719,15535,79079,79077,10630,40167,796,58880,7218],"class_list":["post-144071","post","type-post","status-publish","format-standard","has-post-thumbnail","hentry","category-voces","tag-aprendizaje-empresarial","tag-comunicacion-efectiva","tag-confianza","tag-confianza-en-los-negocios","tag-corto-plazo","tag-decisiones-importantes","tag-desarrollo-personal","tag-etica-profesional","tag-experiencias-personales","tag-historias-reales","tag-hugo-saldana-estrada","tag-introspeccion-personal","tag-largo-plazo","tag-liderazgo","tag-relaciones-laborales","tag-responsabilidad","tag-trending-es-151","tag-valores"],"acf":[],"yoast_head":"<!-- This site is optimized with the Yoast SEO plugin v27.4 - https:\/\/yoast.com\/product\/yoast-seo-wordpress\/ -->\n<title>\u00bfQu\u00e9 priorizar el corto o el largo plazo? &#8211; Exaudi<\/title>\n<meta name=\"robots\" content=\"index, follow, max-snippet:-1, max-image-preview:large, max-video-preview:-1\" \/>\n<link rel=\"canonical\" href=\"https:\/\/exaudi.org\/es\/que-priorizar-el-corto-o-el-largo-plazo\/\" \/>\n<meta property=\"og:locale\" content=\"es_ES\" \/>\n<meta property=\"og:type\" content=\"article\" \/>\n<meta property=\"og:title\" content=\"\u00bfQu\u00e9 priorizar el corto o el largo plazo? &#8211; Exaudi\" \/>\n<meta property=\"og:description\" content=\"Aprende a equilibrar decisiones inmediatas y metas a largo plazo en tu vida personal y profesional\" \/>\n<meta property=\"og:url\" content=\"https:\/\/exaudi.org\/es\/que-priorizar-el-corto-o-el-largo-plazo\/\" \/>\n<meta property=\"og:site_name\" content=\"Exaudi\" \/>\n<meta property=\"article:publisher\" content=\"https:\/\/www.facebook.com\/ExaudiNews\" \/>\n<meta property=\"article:published_time\" content=\"2025-10-30T08:00:12+00:00\" \/>\n<meta property=\"article:modified_time\" content=\"2025-10-30T08:22:15+00:00\" \/>\n<meta property=\"og:image\" content=\"https:\/\/exaudi.org\/wp-content\/uploads\/2025\/10\/pexels-cottonbro-7438104-1-scaled.jpg\" \/>\n\t<meta property=\"og:image:width\" content=\"2560\" \/>\n\t<meta property=\"og:image:height\" content=\"1707\" \/>\n\t<meta property=\"og:image:type\" content=\"image\/jpeg\" \/>\n<meta name=\"author\" content=\"Hugo Salda\u00f1a Estrada\" \/>\n<meta name=\"twitter:card\" content=\"summary_large_image\" \/>\n<meta name=\"twitter:creator\" content=\"@Exaudi_News\" \/>\n<meta name=\"twitter:site\" content=\"@Exaudi_News\" \/>\n<meta name=\"twitter:label1\" content=\"Escrito por\" \/>\n\t<meta name=\"twitter:data1\" content=\"Hugo Salda\u00f1a Estrada\" \/>\n\t<meta name=\"twitter:label2\" content=\"Tiempo de lectura\" \/>\n\t<meta name=\"twitter:data2\" content=\"3 minutos\" \/>\n<script type=\"application\/ld+json\" class=\"yoast-schema-graph\">{\"@context\":\"https:\\\/\\\/schema.org\",\"@graph\":[{\"@type\":\"Article\",\"@id\":\"https:\\\/\\\/exaudi.org\\\/es\\\/que-priorizar-el-corto-o-el-largo-plazo\\\/#article\",\"isPartOf\":{\"@id\":\"https:\\\/\\\/exaudi.org\\\/es\\\/que-priorizar-el-corto-o-el-largo-plazo\\\/\"},\"author\":{\"name\":\"Hugo Salda\u00f1a Estrada\",\"@id\":\"https:\\\/\\\/exaudi.org\\\/#\\\/schema\\\/person\\\/353d70da24ff03991a0f19b1948992e3\"},\"headline\":\"\u00bfQu\u00e9 priorizar el corto o el largo plazo?\",\"datePublished\":\"2025-10-30T08:00:12+00:00\",\"dateModified\":\"2025-10-30T08:22:15+00:00\",\"mainEntityOfPage\":{\"@id\":\"https:\\\/\\\/exaudi.org\\\/es\\\/que-priorizar-el-corto-o-el-largo-plazo\\\/\"},\"wordCount\":707,\"image\":{\"@id\":\"https:\\\/\\\/exaudi.org\\\/es\\\/que-priorizar-el-corto-o-el-largo-plazo\\\/#primaryimage\"},\"thumbnailUrl\":\"https:\\\/\\\/exaudi.org\\\/wp-content\\\/uploads\\\/2025\\\/10\\\/pexels-cottonbro-7438104-1-scaled.jpg\",\"keywords\":[\"aprendizaje empresarial\",\"comunicaci\u00f3n efectiva\",\"Confianza\",\"confianza en los negocios\",\"corto plazo\",\"decisiones importantes\",\"Desarrollo personal\",\"\u00e9tica profesional\",\"experiencias personales\",\"historias reales\",\"Hugo Salda\u00f1a Estrada\",\"introspecci\u00f3n personal\",\"largo plazo\",\"liderazgo\",\"relaciones laborales\",\"responsabilidad\",\"Trending\",\"Valores\"],\"articleSection\":[\"Voces\"],\"inLanguage\":\"es\"},{\"@type\":\"WebPage\",\"@id\":\"https:\\\/\\\/exaudi.org\\\/es\\\/que-priorizar-el-corto-o-el-largo-plazo\\\/\",\"url\":\"https:\\\/\\\/exaudi.org\\\/es\\\/que-priorizar-el-corto-o-el-largo-plazo\\\/\",\"name\":\"\u00bfQu\u00e9 priorizar el corto o el largo plazo? &#8211; Exaudi\",\"isPartOf\":{\"@id\":\"https:\\\/\\\/exaudi.org\\\/#website\"},\"primaryImageOfPage\":{\"@id\":\"https:\\\/\\\/exaudi.org\\\/es\\\/que-priorizar-el-corto-o-el-largo-plazo\\\/#primaryimage\"},\"image\":{\"@id\":\"https:\\\/\\\/exaudi.org\\\/es\\\/que-priorizar-el-corto-o-el-largo-plazo\\\/#primaryimage\"},\"thumbnailUrl\":\"https:\\\/\\\/exaudi.org\\\/wp-content\\\/uploads\\\/2025\\\/10\\\/pexels-cottonbro-7438104-1-scaled.jpg\",\"datePublished\":\"2025-10-30T08:00:12+00:00\",\"dateModified\":\"2025-10-30T08:22:15+00:00\",\"author\":{\"@id\":\"https:\\\/\\\/exaudi.org\\\/#\\\/schema\\\/person\\\/353d70da24ff03991a0f19b1948992e3\"},\"breadcrumb\":{\"@id\":\"https:\\\/\\\/exaudi.org\\\/es\\\/que-priorizar-el-corto-o-el-largo-plazo\\\/#breadcrumb\"},\"inLanguage\":\"es\",\"potentialAction\":[{\"@type\":\"ReadAction\",\"target\":[\"https:\\\/\\\/exaudi.org\\\/es\\\/que-priorizar-el-corto-o-el-largo-plazo\\\/\"]}]},{\"@type\":\"ImageObject\",\"inLanguage\":\"es\",\"@id\":\"https:\\\/\\\/exaudi.org\\\/es\\\/que-priorizar-el-corto-o-el-largo-plazo\\\/#primaryimage\",\"url\":\"https:\\\/\\\/exaudi.org\\\/wp-content\\\/uploads\\\/2025\\\/10\\\/pexels-cottonbro-7438104-1-scaled.jpg\",\"contentUrl\":\"https:\\\/\\\/exaudi.org\\\/wp-content\\\/uploads\\\/2025\\\/10\\\/pexels-cottonbro-7438104-1-scaled.jpg\",\"width\":2560,\"height\":1707},{\"@type\":\"BreadcrumbList\",\"@id\":\"https:\\\/\\\/exaudi.org\\\/es\\\/que-priorizar-el-corto-o-el-largo-plazo\\\/#breadcrumb\",\"itemListElement\":[{\"@type\":\"ListItem\",\"position\":1,\"name\":\"Portada\",\"item\":\"https:\\\/\\\/exaudi.org\\\/es\\\/\"},{\"@type\":\"ListItem\",\"position\":2,\"name\":\"\u00bfQu\u00e9 priorizar el corto o el largo plazo?\"}]},{\"@type\":\"WebSite\",\"@id\":\"https:\\\/\\\/exaudi.org\\\/#website\",\"url\":\"https:\\\/\\\/exaudi.org\\\/\",\"name\":\"Exaudi\",\"description\":\"News\",\"potentialAction\":[{\"@type\":\"SearchAction\",\"target\":{\"@type\":\"EntryPoint\",\"urlTemplate\":\"https:\\\/\\\/exaudi.org\\\/?s={search_term_string}\"},\"query-input\":{\"@type\":\"PropertyValueSpecification\",\"valueRequired\":true,\"valueName\":\"search_term_string\"}}],\"inLanguage\":\"es\"},{\"@type\":\"Person\",\"@id\":\"https:\\\/\\\/exaudi.org\\\/#\\\/schema\\\/person\\\/353d70da24ff03991a0f19b1948992e3\",\"name\":\"Hugo Salda\u00f1a Estrada\",\"image\":{\"@type\":\"ImageObject\",\"inLanguage\":\"es\",\"@id\":\"https:\\\/\\\/secure.gravatar.com\\\/avatar\\\/aec371521ec3d7c6916577aaa96c57dd491f5cbb6c5480ff969ad34bc7f63c6a?s=96&d=mm&r=g\",\"url\":\"https:\\\/\\\/secure.gravatar.com\\\/avatar\\\/aec371521ec3d7c6916577aaa96c57dd491f5cbb6c5480ff969ad34bc7f63c6a?s=96&d=mm&r=g\",\"contentUrl\":\"https:\\\/\\\/secure.gravatar.com\\\/avatar\\\/aec371521ec3d7c6916577aaa96c57dd491f5cbb6c5480ff969ad34bc7f63c6a?s=96&d=mm&r=g\",\"caption\":\"Hugo Salda\u00f1a Estrada\"},\"description\":\"Gerente de Showroom Ventas en Roca SAC. Veinte a\u00f1os de experiencia, generando valor en empresas transnacionales y de primer nivel a trav\u00e9s de la gesti\u00f3n integral de procesos de recursos humanos, tales como selecci\u00f3n de talento, estrategias de compensaciones, evaluaci\u00f3n del desempe\u00f1o y gesti\u00f3n del clima laboral.\",\"sameAs\":[\"https:\\\/\\\/www.linkedin.com\\\/in\\\/hugosaldanaestrada\\\/\"],\"url\":\"https:\\\/\\\/exaudi.org\\\/es\\\/author\\\/hugo-saldana-estrada\\\/\"}]}<\/script>\n<!-- \/ Yoast SEO plugin. -->","yoast_head_json":{"title":"\u00bfQu\u00e9 priorizar el corto o el largo plazo? &#8211; Exaudi","robots":{"index":"index","follow":"follow","max-snippet":"max-snippet:-1","max-image-preview":"max-image-preview:large","max-video-preview":"max-video-preview:-1"},"canonical":"https:\/\/exaudi.org\/es\/que-priorizar-el-corto-o-el-largo-plazo\/","og_locale":"es_ES","og_type":"article","og_title":"\u00bfQu\u00e9 priorizar el corto o el largo plazo? &#8211; Exaudi","og_description":"Aprende a equilibrar decisiones inmediatas y metas a largo plazo en tu vida personal y profesional","og_url":"https:\/\/exaudi.org\/es\/que-priorizar-el-corto-o-el-largo-plazo\/","og_site_name":"Exaudi","article_publisher":"https:\/\/www.facebook.com\/ExaudiNews","article_published_time":"2025-10-30T08:00:12+00:00","article_modified_time":"2025-10-30T08:22:15+00:00","og_image":[{"width":2560,"height":1707,"url":"https:\/\/exaudi.org\/wp-content\/uploads\/2025\/10\/pexels-cottonbro-7438104-1-scaled.jpg","type":"image\/jpeg"}],"author":"Hugo Salda\u00f1a Estrada","twitter_card":"summary_large_image","twitter_creator":"@Exaudi_News","twitter_site":"@Exaudi_News","twitter_misc":{"Escrito por":"Hugo Salda\u00f1a Estrada","Tiempo de lectura":"3 minutos"},"schema":{"@context":"https:\/\/schema.org","@graph":[{"@type":"Article","@id":"https:\/\/exaudi.org\/es\/que-priorizar-el-corto-o-el-largo-plazo\/#article","isPartOf":{"@id":"https:\/\/exaudi.org\/es\/que-priorizar-el-corto-o-el-largo-plazo\/"},"author":{"name":"Hugo Salda\u00f1a Estrada","@id":"https:\/\/exaudi.org\/#\/schema\/person\/353d70da24ff03991a0f19b1948992e3"},"headline":"\u00bfQu\u00e9 priorizar el corto o el largo plazo?","datePublished":"2025-10-30T08:00:12+00:00","dateModified":"2025-10-30T08:22:15+00:00","mainEntityOfPage":{"@id":"https:\/\/exaudi.org\/es\/que-priorizar-el-corto-o-el-largo-plazo\/"},"wordCount":707,"image":{"@id":"https:\/\/exaudi.org\/es\/que-priorizar-el-corto-o-el-largo-plazo\/#primaryimage"},"thumbnailUrl":"https:\/\/exaudi.org\/wp-content\/uploads\/2025\/10\/pexels-cottonbro-7438104-1-scaled.jpg","keywords":["aprendizaje empresarial","comunicaci\u00f3n efectiva","Confianza","confianza en los negocios","corto plazo","decisiones importantes","Desarrollo personal","\u00e9tica profesional","experiencias personales","historias reales","Hugo Salda\u00f1a Estrada","introspecci\u00f3n personal","largo plazo","liderazgo","relaciones laborales","responsabilidad","Trending","Valores"],"articleSection":["Voces"],"inLanguage":"es"},{"@type":"WebPage","@id":"https:\/\/exaudi.org\/es\/que-priorizar-el-corto-o-el-largo-plazo\/","url":"https:\/\/exaudi.org\/es\/que-priorizar-el-corto-o-el-largo-plazo\/","name":"\u00bfQu\u00e9 priorizar el corto o el largo plazo? &#8211; Exaudi","isPartOf":{"@id":"https:\/\/exaudi.org\/#website"},"primaryImageOfPage":{"@id":"https:\/\/exaudi.org\/es\/que-priorizar-el-corto-o-el-largo-plazo\/#primaryimage"},"image":{"@id":"https:\/\/exaudi.org\/es\/que-priorizar-el-corto-o-el-largo-plazo\/#primaryimage"},"thumbnailUrl":"https:\/\/exaudi.org\/wp-content\/uploads\/2025\/10\/pexels-cottonbro-7438104-1-scaled.jpg","datePublished":"2025-10-30T08:00:12+00:00","dateModified":"2025-10-30T08:22:15+00:00","author":{"@id":"https:\/\/exaudi.org\/#\/schema\/person\/353d70da24ff03991a0f19b1948992e3"},"breadcrumb":{"@id":"https:\/\/exaudi.org\/es\/que-priorizar-el-corto-o-el-largo-plazo\/#breadcrumb"},"inLanguage":"es","potentialAction":[{"@type":"ReadAction","target":["https:\/\/exaudi.org\/es\/que-priorizar-el-corto-o-el-largo-plazo\/"]}]},{"@type":"ImageObject","inLanguage":"es","@id":"https:\/\/exaudi.org\/es\/que-priorizar-el-corto-o-el-largo-plazo\/#primaryimage","url":"https:\/\/exaudi.org\/wp-content\/uploads\/2025\/10\/pexels-cottonbro-7438104-1-scaled.jpg","contentUrl":"https:\/\/exaudi.org\/wp-content\/uploads\/2025\/10\/pexels-cottonbro-7438104-1-scaled.jpg","width":2560,"height":1707},{"@type":"BreadcrumbList","@id":"https:\/\/exaudi.org\/es\/que-priorizar-el-corto-o-el-largo-plazo\/#breadcrumb","itemListElement":[{"@type":"ListItem","position":1,"name":"Portada","item":"https:\/\/exaudi.org\/es\/"},{"@type":"ListItem","position":2,"name":"\u00bfQu\u00e9 priorizar el corto o el largo plazo?"}]},{"@type":"WebSite","@id":"https:\/\/exaudi.org\/#website","url":"https:\/\/exaudi.org\/","name":"Exaudi","description":"News","potentialAction":[{"@type":"SearchAction","target":{"@type":"EntryPoint","urlTemplate":"https:\/\/exaudi.org\/?s={search_term_string}"},"query-input":{"@type":"PropertyValueSpecification","valueRequired":true,"valueName":"search_term_string"}}],"inLanguage":"es"},{"@type":"Person","@id":"https:\/\/exaudi.org\/#\/schema\/person\/353d70da24ff03991a0f19b1948992e3","name":"Hugo Salda\u00f1a Estrada","image":{"@type":"ImageObject","inLanguage":"es","@id":"https:\/\/secure.gravatar.com\/avatar\/aec371521ec3d7c6916577aaa96c57dd491f5cbb6c5480ff969ad34bc7f63c6a?s=96&d=mm&r=g","url":"https:\/\/secure.gravatar.com\/avatar\/aec371521ec3d7c6916577aaa96c57dd491f5cbb6c5480ff969ad34bc7f63c6a?s=96&d=mm&r=g","contentUrl":"https:\/\/secure.gravatar.com\/avatar\/aec371521ec3d7c6916577aaa96c57dd491f5cbb6c5480ff969ad34bc7f63c6a?s=96&d=mm&r=g","caption":"Hugo Salda\u00f1a Estrada"},"description":"Gerente de Showroom Ventas en Roca SAC. Veinte a\u00f1os de experiencia, generando valor en empresas transnacionales y de primer nivel a trav\u00e9s de la gesti\u00f3n integral de procesos de recursos humanos, tales como selecci\u00f3n de talento, estrategias de compensaciones, evaluaci\u00f3n del desempe\u00f1o y gesti\u00f3n del clima laboral.","sameAs":["https:\/\/www.linkedin.com\/in\/hugosaldanaestrada\/"],"url":"https:\/\/exaudi.org\/es\/author\/hugo-saldana-estrada\/"}]}},"jetpack_featured_media_url":"https:\/\/exaudi.org\/wp-content\/uploads\/2025\/10\/pexels-cottonbro-7438104-1-scaled.jpg","jetpack_shortlink":"https:\/\/wp.me\/pgKjF2-BtJ","_links":{"self":[{"href":"https:\/\/exaudi.org\/es\/wp-json\/wp\/v2\/posts\/144071","targetHints":{"allow":["GET"]}}],"collection":[{"href":"https:\/\/exaudi.org\/es\/wp-json\/wp\/v2\/posts"}],"about":[{"href":"https:\/\/exaudi.org\/es\/wp-json\/wp\/v2\/types\/post"}],"author":[{"embeddable":true,"href":"https:\/\/exaudi.org\/es\/wp-json\/wp\/v2\/users\/134"}],"replies":[{"embeddable":true,"href":"https:\/\/exaudi.org\/es\/wp-json\/wp\/v2\/comments?post=144071"}],"version-history":[{"count":4,"href":"https:\/\/exaudi.org\/es\/wp-json\/wp\/v2\/posts\/144071\/revisions"}],"predecessor-version":[{"id":144221,"href":"https:\/\/exaudi.org\/es\/wp-json\/wp\/v2\/posts\/144071\/revisions\/144221"}],"wp:featuredmedia":[{"embeddable":true,"href":"https:\/\/exaudi.org\/es\/wp-json\/wp\/v2\/media\/144074"}],"wp:attachment":[{"href":"https:\/\/exaudi.org\/es\/wp-json\/wp\/v2\/media?parent=144071"}],"wp:term":[{"taxonomy":"category","embeddable":true,"href":"https:\/\/exaudi.org\/es\/wp-json\/wp\/v2\/categories?post=144071"},{"taxonomy":"post_tag","embeddable":true,"href":"https:\/\/exaudi.org\/es\/wp-json\/wp\/v2\/tags?post=144071"}],"curies":[{"name":"wp","href":"https:\/\/api.w.org\/{rel}","templated":true}]}}