{"id":143701,"date":"2025-10-28T09:00:58","date_gmt":"2025-10-28T08:00:58","guid":{"rendered":"https:\/\/exaudi.org\/?p=143701"},"modified":"2025-10-27T10:30:42","modified_gmt":"2025-10-27T09:30:42","slug":"la-necesidad-mas-profunda-realmente-necesitamos-a-dios","status":"publish","type":"post","link":"https:\/\/exaudi.org\/es\/la-necesidad-mas-profunda-realmente-necesitamos-a-dios\/","title":{"rendered":"La necesidad m\u00e1s profunda: \u00bfrealmente necesitamos a Dios?"},"content":{"rendered":"<p data-start=\"351\" data-end=\"763\">Comenzamos con una afirmaci\u00f3n contundente: <strong data-start=\"394\" data-end=\"423\">todos necesitamos de Dios<\/strong>. Y no es solo un mensaje general; es personal: <strong data-start=\"471\" data-end=\"495\">t\u00fa necesitas de Dios<\/strong>. Esta verdad muchas veces choca con nuestra percepci\u00f3n de autosuficiencia. Muchas personas creen que, con salud, bienes materiales y estabilidad, no necesitan de \u00c9l. Sin embargo, esta perspectiva ignora algo fundamental: la vida pasa y nuestras necesidades cambian.<\/p>\n<p><iframe title=\"Spotify Embed: La necesidad m\u00e1s profunda: \u00bfrealmente necesitamos a Dios?\" style=\"border-radius: 12px\" width=\"100%\" height=\"152\" frameborder=\"0\" allowfullscreen allow=\"autoplay; clipboard-write; encrypted-media; fullscreen; picture-in-picture\" loading=\"lazy\" src=\"https:\/\/open.spotify.com\/embed\/episode\/4cTTQZDGwYPI6QS911o3D6?si=9f7c452502b7435d&#038;utm_source=oembed\"><\/iframe><\/p>\n<p data-start=\"765\" data-end=\"1146\">El Padre \u00c1ngel Espinosa nos ofrece un recorrido por la vida humana, mostrando c\u00f3mo nuestras prioridades se desplazan con la edad. Cuando somos beb\u00e9s, necesitamos leche, pa\u00f1ales y afecto. A los cinco a\u00f1os, deseamos juegos y dulces; a los doce, aparatos tecnol\u00f3gicos; a los dieciocho, independencia y oportunidades. Y as\u00ed, pareciera que Dios queda fuera de nuestras preocupaciones.<\/p>\n<p data-start=\"1148\" data-end=\"1442\">Sin embargo, el tiempo ense\u00f1a otra verdad. Personas como Carlo Acutis, canonizado por su profunda devoci\u00f3n desde ni\u00f1o, nos recuerdan que <strong data-start=\"1285\" data-end=\"1347\">la verdadera santidad es amar a Dios y cumplir Su voluntad<\/strong>. No se trata de milagros espectaculares, sino de vivir con Dios al frente de nuestras vidas.<\/p>\n<p data-start=\"1444\" data-end=\"1782\">Al llegar a la adultez y la vejez, las cosas cambian. Ya no necesitamos patines, coches o celulares; lo que realmente importa es la paz, el amor, el respeto y, sobre todo, <strong data-start=\"1616\" data-end=\"1658\">la presencia de Dios en nuestras vidas<\/strong>. En palabras del Padre \u00c1ngel: \u00abCuando est\u00e9s cerca de la partida de este mundo, cr\u00e9eme, no necesitas nada m\u00e1s que a Dios\u00bb.<\/p>\n<p data-start=\"1784\" data-end=\"2150\">Esta reflexi\u00f3n nos invita a mirar nuestras prioridades con honestidad. Viajar, disfrutar de buena comida o vivir experiencias placenteras son importantes, pero <strong data-start=\"1944\" data-end=\"1993\">no deben sustituir nuestra necesidad esencial<\/strong>. Al final, como lo dijo San Agust\u00edn, tarde o temprano reconocemos que la \u00fanica necesidad imperante es volver a Dios, de donde venimos y hacia donde vamos.<\/p>\n<p data-start=\"2152\" data-end=\"2315\">Hagamos todo el bien que podamos, cultivemos el amor y la paz, y recordemos que <strong data-start=\"2232\" data-end=\"2312\">la mayor necesidad del ser humano trasciende lo material: necesitamos a Dios<\/strong>.<\/p>\n<p><iframe loading=\"lazy\" title=\"\u00bfNecesitas a Dios?- Padre \u00c1ngel Espinosa de los Monteros\" width=\"500\" height=\"281\" src=\"https:\/\/www.youtube.com\/embed\/a3zuGUQKBBI?feature=oembed\" frameborder=\"0\" allow=\"accelerometer; autoplay; clipboard-write; encrypted-media; gyroscope; picture-in-picture; web-share\" referrerpolicy=\"strict-origin-when-cross-origin\" allowfullscreen><\/iframe><\/p>\n<p><img loading=\"lazy\" decoding=\"async\" class=\"size-full wp-image-143707 alignnone\" src=\"https:\/\/exaudi.org\/wp-content\/uploads\/2025\/10\/Espinosa-de-los-monteros-3.jpg\" alt=\"\" width=\"940\" height=\"788\" srcset=\"https:\/\/exaudi.org\/wp-content\/uploads\/2025\/10\/Espinosa-de-los-monteros-3.jpg 940w, https:\/\/exaudi.org\/wp-content\/uploads\/2025\/10\/Espinosa-de-los-monteros-3-300x251.jpg 300w, https:\/\/exaudi.org\/wp-content\/uploads\/2025\/10\/Espinosa-de-los-monteros-3-770x645.jpg 770w, https:\/\/exaudi.org\/wp-content\/uploads\/2025\/10\/Espinosa-de-los-monteros-3-500x419.jpg 500w\" sizes=\"auto, (max-width: 940px) 100vw, 940px\" \/><\/p>\n","protected":false},"excerpt":{"rendered":"<p>Las prioridades cambian con la edad y por qu\u00e9, al final, solo hay una necesidad que trasciende todas las dem\u00e1s<\/p>\n","protected":false},"author":147,"featured_media":143704,"comment_status":"closed","ping_status":"closed","sticky":false,"template":"","format":"standard","meta":{"_acf_changed":false,"_crdt_document":"","inline_featured_image":false,"footnotes":""},"categories":[72],"tags":[29996,24048,2673,15214,78715,3241,1371,3164,78714,23045,69605,28532,78710,24042,18032,23014,78713,28461,78711,1716,58880,24045,14212,78712],"class_list":["post-143701","post","type-post","status-publish","format-standard","has-post-thumbnail","hentry","category-analisis","tag-amor-a-dios","tag-bienestar-espiritual","tag-carlo-acutis","tag-crecimiento-espiritual","tag-devocion-a-dios","tag-dios","tag-espiritualidad","tag-fe-es","tag-fe-en-la-vejez","tag-inspiracion-religiosa","tag-mensaje-de-fe","tag-mensaje-espiritual","tag-necesidad-de-dios","tag-padre-angel-espinosa","tag-padre-angel-espinosa-de-los-monteros","tag-paz-interior","tag-prioridades-en-la-vida","tag-reflexion-cristiana","tag-reflexiones-religiosas","tag-santidad","tag-trending-es-151","tag-vida-con-proposito","tag-vida-cristiana","tag-vida-y-fe"],"acf":[],"yoast_head":"<!-- This site is optimized with the Yoast SEO plugin v27.4 - https:\/\/yoast.com\/product\/yoast-seo-wordpress\/ -->\n<title>La necesidad m\u00e1s profunda: \u00bfrealmente necesitamos a Dios? &#8211; Exaudi<\/title>\n<meta name=\"robots\" content=\"index, follow, max-snippet:-1, max-image-preview:large, max-video-preview:-1\" \/>\n<link rel=\"canonical\" href=\"https:\/\/exaudi.org\/es\/la-necesidad-mas-profunda-realmente-necesitamos-a-dios\/\" \/>\n<meta property=\"og:locale\" content=\"es_ES\" \/>\n<meta property=\"og:type\" content=\"article\" \/>\n<meta property=\"og:title\" content=\"La necesidad m\u00e1s profunda: \u00bfrealmente necesitamos a Dios? &#8211; Exaudi\" \/>\n<meta property=\"og:description\" content=\"Las prioridades cambian con la edad y por qu\u00e9, al final, solo hay una necesidad que trasciende todas las dem\u00e1s\" \/>\n<meta property=\"og:url\" content=\"https:\/\/exaudi.org\/es\/la-necesidad-mas-profunda-realmente-necesitamos-a-dios\/\" \/>\n<meta property=\"og:site_name\" content=\"Exaudi\" \/>\n<meta property=\"article:publisher\" content=\"https:\/\/www.facebook.com\/ExaudiNews\" \/>\n<meta property=\"article:author\" content=\"https:\/\/www.facebook.com\/padreangelespinosadelosmonteros\" \/>\n<meta property=\"article:published_time\" content=\"2025-10-28T08:00:58+00:00\" \/>\n<meta property=\"og:image\" content=\"https:\/\/exaudi.org\/wp-content\/uploads\/2025\/10\/pexels-juanpphotoandvideo-1101726-scaled.jpg\" \/>\n\t<meta property=\"og:image:width\" content=\"2560\" \/>\n\t<meta property=\"og:image:height\" content=\"1707\" \/>\n\t<meta property=\"og:image:type\" content=\"image\/jpeg\" \/>\n<meta name=\"author\" content=\"P Angel Espinosa de los Monteros\" \/>\n<meta name=\"twitter:card\" content=\"summary_large_image\" \/>\n<meta name=\"twitter:creator\" content=\"@Exaudi_News\" \/>\n<meta name=\"twitter:site\" content=\"@Exaudi_News\" \/>\n<meta name=\"twitter:label1\" content=\"Escrito por\" \/>\n\t<meta name=\"twitter:data1\" content=\"P Angel Espinosa de los Monteros\" \/>\n\t<meta name=\"twitter:label2\" content=\"Tiempo de lectura\" \/>\n\t<meta name=\"twitter:data2\" content=\"2 minutos\" \/>\n<script type=\"application\/ld+json\" class=\"yoast-schema-graph\">{\"@context\":\"https:\\\/\\\/schema.org\",\"@graph\":[{\"@type\":\"Article\",\"@id\":\"https:\\\/\\\/exaudi.org\\\/es\\\/la-necesidad-mas-profunda-realmente-necesitamos-a-dios\\\/#article\",\"isPartOf\":{\"@id\":\"https:\\\/\\\/exaudi.org\\\/es\\\/la-necesidad-mas-profunda-realmente-necesitamos-a-dios\\\/\"},\"author\":{\"name\":\"P Angel Espinosa de los Monteros\",\"@id\":\"https:\\\/\\\/exaudi.org\\\/#\\\/schema\\\/person\\\/7bbb76287fda2b4f0ee1ef8eaf16876e\"},\"headline\":\"La necesidad m\u00e1s profunda: \u00bfrealmente necesitamos a Dios?\",\"datePublished\":\"2025-10-28T08:00:58+00:00\",\"mainEntityOfPage\":{\"@id\":\"https:\\\/\\\/exaudi.org\\\/es\\\/la-necesidad-mas-profunda-realmente-necesitamos-a-dios\\\/\"},\"wordCount\":355,\"image\":{\"@id\":\"https:\\\/\\\/exaudi.org\\\/es\\\/la-necesidad-mas-profunda-realmente-necesitamos-a-dios\\\/#primaryimage\"},\"thumbnailUrl\":\"https:\\\/\\\/exaudi.org\\\/wp-content\\\/uploads\\\/2025\\\/10\\\/pexels-juanpphotoandvideo-1101726-scaled.jpg\",\"keywords\":[\"amor a Dios\",\"bienestar espiritual\",\"Carlo Acutis\",\"crecimiento espiritual\",\"devoci\u00f3n a Dios\",\"Dios\",\"Espiritualidad\",\"fe\",\"fe en la vejez\",\"inspiraci\u00f3n religiosa\",\"mensaje de fe\",\"mensaje espiritual\",\"necesidad de Dios\",\"Padre \u00c1ngel Espinosa\",\"Padre \u00c1ngel Espinosa de los Monteros\",\"paz interior\",\"prioridades en la vida\",\"reflexi\u00f3n cristiana\",\"reflexiones religiosas\",\"Santidad\",\"Trending\",\"vida con prop\u00f3sito\",\"vida cristiana\",\"vida y fe\"],\"articleSection\":[\"An\u00e1lisis\"],\"inLanguage\":\"es\"},{\"@type\":\"WebPage\",\"@id\":\"https:\\\/\\\/exaudi.org\\\/es\\\/la-necesidad-mas-profunda-realmente-necesitamos-a-dios\\\/\",\"url\":\"https:\\\/\\\/exaudi.org\\\/es\\\/la-necesidad-mas-profunda-realmente-necesitamos-a-dios\\\/\",\"name\":\"La necesidad m\u00e1s profunda: \u00bfrealmente necesitamos a Dios? &#8211; Exaudi\",\"isPartOf\":{\"@id\":\"https:\\\/\\\/exaudi.org\\\/#website\"},\"primaryImageOfPage\":{\"@id\":\"https:\\\/\\\/exaudi.org\\\/es\\\/la-necesidad-mas-profunda-realmente-necesitamos-a-dios\\\/#primaryimage\"},\"image\":{\"@id\":\"https:\\\/\\\/exaudi.org\\\/es\\\/la-necesidad-mas-profunda-realmente-necesitamos-a-dios\\\/#primaryimage\"},\"thumbnailUrl\":\"https:\\\/\\\/exaudi.org\\\/wp-content\\\/uploads\\\/2025\\\/10\\\/pexels-juanpphotoandvideo-1101726-scaled.jpg\",\"datePublished\":\"2025-10-28T08:00:58+00:00\",\"author\":{\"@id\":\"https:\\\/\\\/exaudi.org\\\/#\\\/schema\\\/person\\\/7bbb76287fda2b4f0ee1ef8eaf16876e\"},\"breadcrumb\":{\"@id\":\"https:\\\/\\\/exaudi.org\\\/es\\\/la-necesidad-mas-profunda-realmente-necesitamos-a-dios\\\/#breadcrumb\"},\"inLanguage\":\"es\",\"potentialAction\":[{\"@type\":\"ReadAction\",\"target\":[\"https:\\\/\\\/exaudi.org\\\/es\\\/la-necesidad-mas-profunda-realmente-necesitamos-a-dios\\\/\"]}]},{\"@type\":\"ImageObject\",\"inLanguage\":\"es\",\"@id\":\"https:\\\/\\\/exaudi.org\\\/es\\\/la-necesidad-mas-profunda-realmente-necesitamos-a-dios\\\/#primaryimage\",\"url\":\"https:\\\/\\\/exaudi.org\\\/wp-content\\\/uploads\\\/2025\\\/10\\\/pexels-juanpphotoandvideo-1101726-scaled.jpg\",\"contentUrl\":\"https:\\\/\\\/exaudi.org\\\/wp-content\\\/uploads\\\/2025\\\/10\\\/pexels-juanpphotoandvideo-1101726-scaled.jpg\",\"width\":2560,\"height\":1707},{\"@type\":\"BreadcrumbList\",\"@id\":\"https:\\\/\\\/exaudi.org\\\/es\\\/la-necesidad-mas-profunda-realmente-necesitamos-a-dios\\\/#breadcrumb\",\"itemListElement\":[{\"@type\":\"ListItem\",\"position\":1,\"name\":\"Portada\",\"item\":\"https:\\\/\\\/exaudi.org\\\/es\\\/\"},{\"@type\":\"ListItem\",\"position\":2,\"name\":\"La necesidad m\u00e1s profunda: \u00bfrealmente necesitamos a Dios?\"}]},{\"@type\":\"WebSite\",\"@id\":\"https:\\\/\\\/exaudi.org\\\/#website\",\"url\":\"https:\\\/\\\/exaudi.org\\\/\",\"name\":\"Exaudi\",\"description\":\"News\",\"potentialAction\":[{\"@type\":\"SearchAction\",\"target\":{\"@type\":\"EntryPoint\",\"urlTemplate\":\"https:\\\/\\\/exaudi.org\\\/?s={search_term_string}\"},\"query-input\":{\"@type\":\"PropertyValueSpecification\",\"valueRequired\":true,\"valueName\":\"search_term_string\"}}],\"inLanguage\":\"es\"},{\"@type\":\"Person\",\"@id\":\"https:\\\/\\\/exaudi.org\\\/#\\\/schema\\\/person\\\/7bbb76287fda2b4f0ee1ef8eaf16876e\",\"name\":\"P Angel Espinosa de los Monteros\",\"image\":{\"@type\":\"ImageObject\",\"inLanguage\":\"es\",\"@id\":\"https:\\\/\\\/secure.gravatar.com\\\/avatar\\\/effca3f571ae6f2f0e49f4978ed61eb7db325b2e3b3cfc4528dcd50d2ed847be?s=96&d=mm&r=g\",\"url\":\"https:\\\/\\\/secure.gravatar.com\\\/avatar\\\/effca3f571ae6f2f0e49f4978ed61eb7db325b2e3b3cfc4528dcd50d2ed847be?s=96&d=mm&r=g\",\"contentUrl\":\"https:\\\/\\\/secure.gravatar.com\\\/avatar\\\/effca3f571ae6f2f0e49f4978ed61eb7db325b2e3b3cfc4528dcd50d2ed847be?s=96&d=mm&r=g\",\"caption\":\"P Angel Espinosa de los Monteros\"},\"description\":\"El Padre \u00c1ngel Espinosa de los Monteros ha impartido m\u00e1s de 4,000 conferencias sobre matrimonio, valores familiares y espiritualidad en diferentes ciudades de M\u00e9xico, Estados Unidos, Francia, Italia, Espa\u00f1a y Sudam\u00e9rica. Ha atendido a cientos de matrimonios ofreciendo consejos y programas de crecimiento conyugal y familiar. Es autor del libro \u00abEl anillo es para siempre\u00bb, traducido a diferentes lenguas y a partir de las cuales ha dictado m\u00e1s de 20 t\u00edtulos de conferencias. Actualmente se dedica de tiempo completo a impartir conferencias y renovaciones matrimoniales en 20 pa\u00edses del mundo.\",\"sameAs\":[\"https:\\\/\\\/padreangelespinosadelosmonteros.lookmydc.com\\\/\",\"https:\\\/\\\/www.facebook.com\\\/padreangelespinosadelosmonteros\",\"https:\\\/\\\/www.instagram.com\\\/padreangel.espinosa\\\/\",\"https:\\\/\\\/www.youtube.com\\\/channel\\\/UCL38v1PSZX6VWoC6lXmTRbA\"],\"url\":\"https:\\\/\\\/exaudi.org\\\/es\\\/author\\\/padre-angel-espinosa-de-los-monteros\\\/\"}]}<\/script>\n<!-- \/ Yoast SEO plugin. -->","yoast_head_json":{"title":"La necesidad m\u00e1s profunda: \u00bfrealmente necesitamos a Dios? &#8211; Exaudi","robots":{"index":"index","follow":"follow","max-snippet":"max-snippet:-1","max-image-preview":"max-image-preview:large","max-video-preview":"max-video-preview:-1"},"canonical":"https:\/\/exaudi.org\/es\/la-necesidad-mas-profunda-realmente-necesitamos-a-dios\/","og_locale":"es_ES","og_type":"article","og_title":"La necesidad m\u00e1s profunda: \u00bfrealmente necesitamos a Dios? &#8211; Exaudi","og_description":"Las prioridades cambian con la edad y por qu\u00e9, al final, solo hay una necesidad que trasciende todas las dem\u00e1s","og_url":"https:\/\/exaudi.org\/es\/la-necesidad-mas-profunda-realmente-necesitamos-a-dios\/","og_site_name":"Exaudi","article_publisher":"https:\/\/www.facebook.com\/ExaudiNews","article_author":"https:\/\/www.facebook.com\/padreangelespinosadelosmonteros","article_published_time":"2025-10-28T08:00:58+00:00","og_image":[{"width":2560,"height":1707,"url":"https:\/\/exaudi.org\/wp-content\/uploads\/2025\/10\/pexels-juanpphotoandvideo-1101726-scaled.jpg","type":"image\/jpeg"}],"author":"P Angel Espinosa de los Monteros","twitter_card":"summary_large_image","twitter_creator":"@Exaudi_News","twitter_site":"@Exaudi_News","twitter_misc":{"Escrito por":"P Angel Espinosa de los Monteros","Tiempo de lectura":"2 minutos"},"schema":{"@context":"https:\/\/schema.org","@graph":[{"@type":"Article","@id":"https:\/\/exaudi.org\/es\/la-necesidad-mas-profunda-realmente-necesitamos-a-dios\/#article","isPartOf":{"@id":"https:\/\/exaudi.org\/es\/la-necesidad-mas-profunda-realmente-necesitamos-a-dios\/"},"author":{"name":"P Angel Espinosa de los Monteros","@id":"https:\/\/exaudi.org\/#\/schema\/person\/7bbb76287fda2b4f0ee1ef8eaf16876e"},"headline":"La necesidad m\u00e1s profunda: \u00bfrealmente necesitamos a Dios?","datePublished":"2025-10-28T08:00:58+00:00","mainEntityOfPage":{"@id":"https:\/\/exaudi.org\/es\/la-necesidad-mas-profunda-realmente-necesitamos-a-dios\/"},"wordCount":355,"image":{"@id":"https:\/\/exaudi.org\/es\/la-necesidad-mas-profunda-realmente-necesitamos-a-dios\/#primaryimage"},"thumbnailUrl":"https:\/\/exaudi.org\/wp-content\/uploads\/2025\/10\/pexels-juanpphotoandvideo-1101726-scaled.jpg","keywords":["amor a Dios","bienestar espiritual","Carlo Acutis","crecimiento espiritual","devoci\u00f3n a Dios","Dios","Espiritualidad","fe","fe en la vejez","inspiraci\u00f3n religiosa","mensaje de fe","mensaje espiritual","necesidad de Dios","Padre \u00c1ngel Espinosa","Padre \u00c1ngel Espinosa de los Monteros","paz interior","prioridades en la vida","reflexi\u00f3n cristiana","reflexiones religiosas","Santidad","Trending","vida con prop\u00f3sito","vida cristiana","vida y fe"],"articleSection":["An\u00e1lisis"],"inLanguage":"es"},{"@type":"WebPage","@id":"https:\/\/exaudi.org\/es\/la-necesidad-mas-profunda-realmente-necesitamos-a-dios\/","url":"https:\/\/exaudi.org\/es\/la-necesidad-mas-profunda-realmente-necesitamos-a-dios\/","name":"La necesidad m\u00e1s profunda: \u00bfrealmente necesitamos a Dios? &#8211; Exaudi","isPartOf":{"@id":"https:\/\/exaudi.org\/#website"},"primaryImageOfPage":{"@id":"https:\/\/exaudi.org\/es\/la-necesidad-mas-profunda-realmente-necesitamos-a-dios\/#primaryimage"},"image":{"@id":"https:\/\/exaudi.org\/es\/la-necesidad-mas-profunda-realmente-necesitamos-a-dios\/#primaryimage"},"thumbnailUrl":"https:\/\/exaudi.org\/wp-content\/uploads\/2025\/10\/pexels-juanpphotoandvideo-1101726-scaled.jpg","datePublished":"2025-10-28T08:00:58+00:00","author":{"@id":"https:\/\/exaudi.org\/#\/schema\/person\/7bbb76287fda2b4f0ee1ef8eaf16876e"},"breadcrumb":{"@id":"https:\/\/exaudi.org\/es\/la-necesidad-mas-profunda-realmente-necesitamos-a-dios\/#breadcrumb"},"inLanguage":"es","potentialAction":[{"@type":"ReadAction","target":["https:\/\/exaudi.org\/es\/la-necesidad-mas-profunda-realmente-necesitamos-a-dios\/"]}]},{"@type":"ImageObject","inLanguage":"es","@id":"https:\/\/exaudi.org\/es\/la-necesidad-mas-profunda-realmente-necesitamos-a-dios\/#primaryimage","url":"https:\/\/exaudi.org\/wp-content\/uploads\/2025\/10\/pexels-juanpphotoandvideo-1101726-scaled.jpg","contentUrl":"https:\/\/exaudi.org\/wp-content\/uploads\/2025\/10\/pexels-juanpphotoandvideo-1101726-scaled.jpg","width":2560,"height":1707},{"@type":"BreadcrumbList","@id":"https:\/\/exaudi.org\/es\/la-necesidad-mas-profunda-realmente-necesitamos-a-dios\/#breadcrumb","itemListElement":[{"@type":"ListItem","position":1,"name":"Portada","item":"https:\/\/exaudi.org\/es\/"},{"@type":"ListItem","position":2,"name":"La necesidad m\u00e1s profunda: \u00bfrealmente necesitamos a Dios?"}]},{"@type":"WebSite","@id":"https:\/\/exaudi.org\/#website","url":"https:\/\/exaudi.org\/","name":"Exaudi","description":"News","potentialAction":[{"@type":"SearchAction","target":{"@type":"EntryPoint","urlTemplate":"https:\/\/exaudi.org\/?s={search_term_string}"},"query-input":{"@type":"PropertyValueSpecification","valueRequired":true,"valueName":"search_term_string"}}],"inLanguage":"es"},{"@type":"Person","@id":"https:\/\/exaudi.org\/#\/schema\/person\/7bbb76287fda2b4f0ee1ef8eaf16876e","name":"P Angel Espinosa de los Monteros","image":{"@type":"ImageObject","inLanguage":"es","@id":"https:\/\/secure.gravatar.com\/avatar\/effca3f571ae6f2f0e49f4978ed61eb7db325b2e3b3cfc4528dcd50d2ed847be?s=96&d=mm&r=g","url":"https:\/\/secure.gravatar.com\/avatar\/effca3f571ae6f2f0e49f4978ed61eb7db325b2e3b3cfc4528dcd50d2ed847be?s=96&d=mm&r=g","contentUrl":"https:\/\/secure.gravatar.com\/avatar\/effca3f571ae6f2f0e49f4978ed61eb7db325b2e3b3cfc4528dcd50d2ed847be?s=96&d=mm&r=g","caption":"P Angel Espinosa de los Monteros"},"description":"El Padre \u00c1ngel Espinosa de los Monteros ha impartido m\u00e1s de 4,000 conferencias sobre matrimonio, valores familiares y espiritualidad en diferentes ciudades de M\u00e9xico, Estados Unidos, Francia, Italia, Espa\u00f1a y Sudam\u00e9rica. Ha atendido a cientos de matrimonios ofreciendo consejos y programas de crecimiento conyugal y familiar. Es autor del libro \u00abEl anillo es para siempre\u00bb, traducido a diferentes lenguas y a partir de las cuales ha dictado m\u00e1s de 20 t\u00edtulos de conferencias. Actualmente se dedica de tiempo completo a impartir conferencias y renovaciones matrimoniales en 20 pa\u00edses del mundo.","sameAs":["https:\/\/padreangelespinosadelosmonteros.lookmydc.com\/","https:\/\/www.facebook.com\/padreangelespinosadelosmonteros","https:\/\/www.instagram.com\/padreangel.espinosa\/","https:\/\/www.youtube.com\/channel\/UCL38v1PSZX6VWoC6lXmTRbA"],"url":"https:\/\/exaudi.org\/es\/author\/padre-angel-espinosa-de-los-monteros\/"}]}},"jetpack_featured_media_url":"https:\/\/exaudi.org\/wp-content\/uploads\/2025\/10\/pexels-juanpphotoandvideo-1101726-scaled.jpg","jetpack_shortlink":"https:\/\/wp.me\/pgKjF2-BnL","_links":{"self":[{"href":"https:\/\/exaudi.org\/es\/wp-json\/wp\/v2\/posts\/143701","targetHints":{"allow":["GET"]}}],"collection":[{"href":"https:\/\/exaudi.org\/es\/wp-json\/wp\/v2\/posts"}],"about":[{"href":"https:\/\/exaudi.org\/es\/wp-json\/wp\/v2\/types\/post"}],"author":[{"embeddable":true,"href":"https:\/\/exaudi.org\/es\/wp-json\/wp\/v2\/users\/147"}],"replies":[{"embeddable":true,"href":"https:\/\/exaudi.org\/es\/wp-json\/wp\/v2\/comments?post=143701"}],"version-history":[{"count":4,"href":"https:\/\/exaudi.org\/es\/wp-json\/wp\/v2\/posts\/143701\/revisions"}],"predecessor-version":[{"id":143729,"href":"https:\/\/exaudi.org\/es\/wp-json\/wp\/v2\/posts\/143701\/revisions\/143729"}],"wp:featuredmedia":[{"embeddable":true,"href":"https:\/\/exaudi.org\/es\/wp-json\/wp\/v2\/media\/143704"}],"wp:attachment":[{"href":"https:\/\/exaudi.org\/es\/wp-json\/wp\/v2\/media?parent=143701"}],"wp:term":[{"taxonomy":"category","embeddable":true,"href":"https:\/\/exaudi.org\/es\/wp-json\/wp\/v2\/categories?post=143701"},{"taxonomy":"post_tag","embeddable":true,"href":"https:\/\/exaudi.org\/es\/wp-json\/wp\/v2\/tags?post=143701"}],"curies":[{"name":"wp","href":"https:\/\/api.w.org\/{rel}","templated":true}]}}