{"id":143612,"date":"2025-10-26T13:01:11","date_gmt":"2025-10-26T12:01:11","guid":{"rendered":"https:\/\/exaudi.org\/?p=143612"},"modified":"2025-10-26T13:01:11","modified_gmt":"2025-10-26T12:01:11","slug":"papa-leon-xiv-invita-a-la-humildad-y-la-sinceridad-en-la-oracion","status":"publish","type":"post","link":"https:\/\/exaudi.org\/es\/papa-leon-xiv-invita-a-la-humildad-y-la-sinceridad-en-la-oracion\/","title":{"rendered":"Papa Le\u00f3n XIV invita a la humildad y la sinceridad en la oraci\u00f3n"},"content":{"rendered":"<p data-start=\"415\" data-end=\"694\">En su mensaje del \u00c1ngelus, el Papa Le\u00f3n XIV anim\u00f3 a los fieles a vivir la humildad y la sinceridad en la oraci\u00f3n, tomando como ejemplo la par\u00e1bola del fariseo y el publicano del Evangelio de Lucas (18,9-14).<\/p>\n<p data-start=\"696\" data-end=\"912\">El Santo Padre explic\u00f3 que el fariseo, orgulloso de sus m\u00e9ritos y buenas obras, se muestra altivo y juzga con desprecio a los dem\u00e1s. \u201cSu observancia de la Ley es exacta, pero carece de amor y misericordia\u201d, afirm\u00f3.<\/p>\n<p data-start=\"914\" data-end=\"1284\">En contraste, el publicano reconoce sus errores y se presenta ante Dios con humildad: \u201c\u00a1Dios m\u00edo, ten piedad de m\u00ed, que soy un pecador!\u201d, pronuncia con sencillez mientras se coloca al fondo del templo, solo y con la cabeza inclinada. Jes\u00fas, subray\u00f3 el Papa, \u201cnos ense\u00f1a que quien se presenta honestamente ante Dios y pide perd\u00f3n, vuelve a casa justificado y renovado\u201d.<\/p>\n<p data-start=\"1286\" data-end=\"1585\">San Agust\u00edn compara esta actitud con la de un enfermo que, por verg\u00fcenza, oculta sus llagas al m\u00e9dico, mientras que el publicano, con humildad, muestra sus heridas y pide ayuda. \u201cNo es extra\u00f1o que saliera m\u00e1s curado el publicano, que no tuvo reparos en mostrar lo que le dol\u00eda\u201d, cit\u00f3 el Pont\u00edfice.<\/p>\n<p data-start=\"1587\" data-end=\"1870\">El Papa Le\u00f3n XIV invit\u00f3 a los fieles a reconocer sus errores, asumir responsabilidades y confiar en la misericordia divina, recordando que el Reino de Dios \u201cno pertenece a los soberbios, sino a los humildes\u201d y se cultiva mediante la oraci\u00f3n, la honestidad, el perd\u00f3n y la gratitud.<\/p>\n<p data-start=\"1872\" data-end=\"1992\">Finalmente, pidi\u00f3 a la Virgen Mar\u00eda, modelo de santidad, que gu\u00ede a los creyentes en el crecimiento de estas virtudes.<\/p>\n<p data-start=\"1872\" data-end=\"1992\"><em><strong>Texto completo del \u00e1ngelus:<\/strong><\/em><\/p>\n<div class=\"abstract text parbase vaticanrichtext\">\n<p style=\"text-align: center;\"><span class=\"color-text\">PAPA LE\u00d3N XIV<\/span><\/p>\n<p style=\"text-align: center;\"><i><b><span class=\"title-1-color\">\u00c1NGELUS<\/span><\/b><\/i><\/p>\n<p style=\"text-align: center;\"><i><span class=\"color-text\">Plaza de San Pedro<br \/>\nDomingo, 26 de octubre de 2025<\/span><\/i><\/p>\n<p>________________________________________<\/p>\n<\/div>\n<div class=\"text parbase vaticanrichtext\">\n<p><i>Queridos hermanos y hermanas, \u00a1buen domingo!<\/i><\/p>\n<p>Hoy el Evangelio (cf.\u00a0<i>Lc\u00a0<\/i>18,9-14) nos presenta a dos personajes, un fariseo y un publicano, que oran en el Templo.<\/p>\n<p>El primero se jacta de una larga lista de m\u00e9ritos. Las buenas obras que realiza son muchas, y por eso se siente mejor que los dem\u00e1s, a quienes juzga con desprecio. Se mantiene de pie, con la frente en alto. Su actitud es claramente presuntuosa: denota una observancia exacta de la Ley, s\u00ed, pero pobre en amor, hecha de \u201chaber\u201d y \u201ctener\u201d, de deudas y cr\u00e9ditos, carente de misericordia.<\/p>\n<p>El publicano tambi\u00e9n est\u00e1 rezando, pero de manera muy diferente. Tiene mucho por qu\u00e9 pedir perd\u00f3n: es un recaudador de impuestos al servicio del imperio romano que trabaja con un contrato p\u00fablico, el cual le permite especular con los ingresos en detrimento de sus propios compatriotas. Sin embargo, al final de la par\u00e1bola, Jes\u00fas nos dice que, de los dos, es precisamente \u00e9l quien vuelve a casa \u201cjustificado\u201d, es decir, perdonado y renovado por el encuentro con Dios. \u00bfPor qu\u00e9?<\/p>\n<p>En primer lugar, el publicano tiene el valor y la humildad de presentarse ante Dios. No se encierra en su mundo, no se resigna al mal que ha hecho. Abandona los lugares donde es temido, seguro, protegido por el poder que ejerce sobre los dem\u00e1s. Acude al templo solo, sin escolta, aun a costa de enfrentarse a miradas duras y juicios severos, y se coloca delante del Se\u00f1or, al fondo, con la cabeza inclinada hacia abajo, pronunciando unas pocas palabras: \u00ab\u00a1Dios m\u00edo, ten piedad de m\u00ed, que soy un pecador!\u00bb (v. 13).<\/p>\n<p>As\u00ed, Jes\u00fas nos da un mensaje poderoso: no es ostentando nuestros m\u00e9ritos como nos salvamos, ni ocultando nuestros errores, sino present\u00e1ndonos honestamente, tal como somos, ante Dios, ante nosotros mismos y ante los dem\u00e1s, pidiendo perd\u00f3n y confiando en la gracia del Se\u00f1or.<\/p>\n<p>Al comentar este episodio, san Agust\u00edn compara al fariseo con un enfermo que, por verg\u00fcenza y orgullo, oculta sus llagas al m\u00e9dico, y al publicano con otro que, con humildad y sabidur\u00eda, muestra al m\u00e9dico sus heridas, por muy feas que sean, y le pide ayuda. Y concluye: \u00abNo es, pues, extra\u00f1o que saliera m\u00e1s curado el publicano, que no tuvo reparos en mostrar lo que le dol\u00eda\u00bb (Serm\u00f3n 351,1).<\/p>\n<p>Queridos hermanos y hermanas, hagamos lo mismo. No tengamos miedo de reconocer nuestros errores, de ponerlos al descubierto asumiendo nuestra responsabilidad y confi\u00e1ndolos a la misericordia de Dios. As\u00ed podr\u00e1 crecer, en nosotros y a nuestro alrededor, su Reino, que no pertenece a los soberbios, sino a los humildes, y que se cultiva, en la oraci\u00f3n y en la vida, a trav\u00e9s de la honestidad, el perd\u00f3n y la gratitud.<\/p>\n<p>Pidamos a Mar\u00eda, modelo de santidad, que nos ayude a crecer en estas virtudes.<\/p>\n<p><iframe loading=\"lazy\" title=\"\u00c1ngelus . 26 de octubre de 2025\" width=\"500\" height=\"281\" src=\"https:\/\/www.youtube.com\/embed\/3woCBWcn3ks?feature=oembed\" frameborder=\"0\" allow=\"accelerometer; autoplay; clipboard-write; encrypted-media; gyroscope; picture-in-picture; web-share\" referrerpolicy=\"strict-origin-when-cross-origin\" allowfullscreen><\/iframe><\/p>\n<\/div>\n","protected":false},"excerpt":{"rendered":"<p>Durante el \u00c1ngelus de este domingo en la Plaza de San Pedro, el Pont\u00edfice reflexion\u00f3 sobre la par\u00e1bola del fariseo y el publicano, resaltando el valor del arrepentimiento y la honestidad ante Dios<\/p>\n","protected":false},"author":15,"featured_media":143613,"comment_status":"closed","ping_status":"closed","sticky":false,"template":"","format":"standard","meta":{"_acf_changed":false,"_crdt_document":"","inline_featured_image":false,"footnotes":""},"categories":[70,68],"tags":[78655,78657,34916,42559,7690,24894,78656,78654,8003,173,10798,449,1159,1159,1159,2574,3592,676,58111,8021,1690,1180,69601,14709,3840,1716,58880,27952],"class_list":{"0":"post-143612","1":"post","2":"type-post","3":"status-publish","4":"format-standard","5":"has-post-thumbnail","6":"hentry","7":"category-angelus-es","8":"category-leon-xiv","9":"tag-26-de-octubre-2025","10":"tag-9-14","11":"tag-angelus-es","12":"tag-arrepentimiento","13":"tag-domingo","14":"tag-ensenanza-biblica","15":"tag-evangelio-lucas-18","16":"tag-fariseo-y-publicano","17":"tag-gratitud","18":"tag-homilia","19":"tag-honestidad","20":"tag-iglesia-catolica","21":"tag-maria-es","24":"tag-mensaje-del-papa","25":"tag-misericordia-es","26":"tag-oracion","27":"tag-papa-leon-xiv","28":"tag-parabola","29":"tag-perdon","30":"tag-plaza-de-san-pedro","31":"tag-reflexion-religiosa","32":"tag-reino-de-dios","33":"tag-san-agustin","34":"tag-santidad","35":"tag-trending-es-151","36":"tag-virtudes-cristianas"},"acf":[],"yoast_head":"<!-- This site is optimized with the Yoast SEO plugin v27.4 - https:\/\/yoast.com\/product\/yoast-seo-wordpress\/ -->\n<title>Papa Le\u00f3n XIV invita a la humildad y la sinceridad en la oraci\u00f3n &#8211; Exaudi<\/title>\n<meta name=\"robots\" content=\"index, follow, max-snippet:-1, max-image-preview:large, max-video-preview:-1\" \/>\n<link rel=\"canonical\" href=\"https:\/\/exaudi.org\/es\/papa-leon-xiv-invita-a-la-humildad-y-la-sinceridad-en-la-oracion\/\" \/>\n<meta property=\"og:locale\" content=\"es_ES\" \/>\n<meta property=\"og:type\" content=\"article\" \/>\n<meta property=\"og:title\" content=\"Papa Le\u00f3n XIV invita a la humildad y la sinceridad en la oraci\u00f3n &#8211; Exaudi\" \/>\n<meta property=\"og:description\" content=\"Durante el \u00c1ngelus de este domingo en la Plaza de San Pedro, el Pont\u00edfice reflexion\u00f3 sobre la par\u00e1bola del fariseo y el publicano, resaltando el valor del arrepentimiento y la honestidad ante Dios\" \/>\n<meta property=\"og:url\" content=\"https:\/\/exaudi.org\/es\/papa-leon-xiv-invita-a-la-humildad-y-la-sinceridad-en-la-oracion\/\" \/>\n<meta property=\"og:site_name\" content=\"Exaudi\" \/>\n<meta property=\"article:publisher\" content=\"https:\/\/www.facebook.com\/ExaudiNews\" \/>\n<meta property=\"article:author\" content=\"https:\/\/www.facebook.com\/ExaudiNoticias\/\" \/>\n<meta property=\"article:published_time\" content=\"2025-10-26T12:01:11+00:00\" \/>\n<meta property=\"og:image\" content=\"https:\/\/exaudi.org\/wp-content\/uploads\/2025\/10\/aiease_1761479583706.jpg\" \/>\n\t<meta property=\"og:image:width\" content=\"800\" \/>\n\t<meta property=\"og:image:height\" content=\"533\" \/>\n\t<meta property=\"og:image:type\" content=\"image\/jpeg\" \/>\n<meta name=\"author\" content=\"Exaudi Redacci\u00f3n\" \/>\n<meta name=\"twitter:card\" content=\"summary_large_image\" \/>\n<meta name=\"twitter:creator\" content=\"@Exaudi_noticias\" \/>\n<meta name=\"twitter:site\" content=\"@Exaudi_News\" \/>\n<meta name=\"twitter:label1\" content=\"Escrito por\" \/>\n\t<meta name=\"twitter:data1\" content=\"Exaudi Redacci\u00f3n\" \/>\n\t<meta name=\"twitter:label2\" content=\"Tiempo de lectura\" \/>\n\t<meta name=\"twitter:data2\" content=\"4 minutos\" \/>\n<script type=\"application\/ld+json\" class=\"yoast-schema-graph\">{\"@context\":\"https:\\\/\\\/schema.org\",\"@graph\":[{\"@type\":\"Article\",\"@id\":\"https:\\\/\\\/exaudi.org\\\/es\\\/papa-leon-xiv-invita-a-la-humildad-y-la-sinceridad-en-la-oracion\\\/#article\",\"isPartOf\":{\"@id\":\"https:\\\/\\\/exaudi.org\\\/es\\\/papa-leon-xiv-invita-a-la-humildad-y-la-sinceridad-en-la-oracion\\\/\"},\"author\":{\"name\":\"Exaudi Redacci\u00f3n\",\"@id\":\"https:\\\/\\\/exaudi.org\\\/#\\\/schema\\\/person\\\/f5fc8f063065e38742da7afe15f25df7\"},\"headline\":\"Papa Le\u00f3n XIV invita a la humildad y la sinceridad en la oraci\u00f3n\",\"datePublished\":\"2025-10-26T12:01:11+00:00\",\"mainEntityOfPage\":{\"@id\":\"https:\\\/\\\/exaudi.org\\\/es\\\/papa-leon-xiv-invita-a-la-humildad-y-la-sinceridad-en-la-oracion\\\/\"},\"wordCount\":813,\"image\":{\"@id\":\"https:\\\/\\\/exaudi.org\\\/es\\\/papa-leon-xiv-invita-a-la-humildad-y-la-sinceridad-en-la-oracion\\\/#primaryimage\"},\"thumbnailUrl\":\"https:\\\/\\\/exaudi.org\\\/wp-content\\\/uploads\\\/2025\\\/10\\\/aiease_1761479583706.jpg\",\"keywords\":[\"26 de octubre 2025\",\"9-14\",\"\u00e1ngelus\",\"arrepentimiento\",\"Domingo\",\"ense\u00f1anza b\u00edblica\",\"Evangelio Lucas 18\",\"fariseo y publicano\",\"Gratitud\",\"homil\u00eda\",\"Honestidad\",\"Iglesia cat\u00f3lica\",\"Maria\",\"Maria\",\"Maria\",\"Mensaje del Papa\",\"misericordia\",\"Oraci\u00f3n\",\"papa le\u00f3n xiv\",\"Par\u00e1bola\",\"Perd\u00f3n\",\"Plaza de San Pedro\",\"reflexi\u00f3n religiosa\",\"Reino de Dios\",\"San Agust\u00edn\",\"Santidad\",\"Trending\",\"virtudes cristianas\"],\"articleSection\":[\"\u00c1ngelus\",\"Le\u00f3n XIV\"],\"inLanguage\":\"es\"},{\"@type\":\"WebPage\",\"@id\":\"https:\\\/\\\/exaudi.org\\\/es\\\/papa-leon-xiv-invita-a-la-humildad-y-la-sinceridad-en-la-oracion\\\/\",\"url\":\"https:\\\/\\\/exaudi.org\\\/es\\\/papa-leon-xiv-invita-a-la-humildad-y-la-sinceridad-en-la-oracion\\\/\",\"name\":\"Papa Le\u00f3n XIV invita a la humildad y la sinceridad en la oraci\u00f3n &#8211; Exaudi\",\"isPartOf\":{\"@id\":\"https:\\\/\\\/exaudi.org\\\/#website\"},\"primaryImageOfPage\":{\"@id\":\"https:\\\/\\\/exaudi.org\\\/es\\\/papa-leon-xiv-invita-a-la-humildad-y-la-sinceridad-en-la-oracion\\\/#primaryimage\"},\"image\":{\"@id\":\"https:\\\/\\\/exaudi.org\\\/es\\\/papa-leon-xiv-invita-a-la-humildad-y-la-sinceridad-en-la-oracion\\\/#primaryimage\"},\"thumbnailUrl\":\"https:\\\/\\\/exaudi.org\\\/wp-content\\\/uploads\\\/2025\\\/10\\\/aiease_1761479583706.jpg\",\"datePublished\":\"2025-10-26T12:01:11+00:00\",\"author\":{\"@id\":\"https:\\\/\\\/exaudi.org\\\/#\\\/schema\\\/person\\\/f5fc8f063065e38742da7afe15f25df7\"},\"breadcrumb\":{\"@id\":\"https:\\\/\\\/exaudi.org\\\/es\\\/papa-leon-xiv-invita-a-la-humildad-y-la-sinceridad-en-la-oracion\\\/#breadcrumb\"},\"inLanguage\":\"es\",\"potentialAction\":[{\"@type\":\"ReadAction\",\"target\":[\"https:\\\/\\\/exaudi.org\\\/es\\\/papa-leon-xiv-invita-a-la-humildad-y-la-sinceridad-en-la-oracion\\\/\"]}]},{\"@type\":\"ImageObject\",\"inLanguage\":\"es\",\"@id\":\"https:\\\/\\\/exaudi.org\\\/es\\\/papa-leon-xiv-invita-a-la-humildad-y-la-sinceridad-en-la-oracion\\\/#primaryimage\",\"url\":\"https:\\\/\\\/exaudi.org\\\/wp-content\\\/uploads\\\/2025\\\/10\\\/aiease_1761479583706.jpg\",\"contentUrl\":\"https:\\\/\\\/exaudi.org\\\/wp-content\\\/uploads\\\/2025\\\/10\\\/aiease_1761479583706.jpg\",\"width\":800,\"height\":533},{\"@type\":\"BreadcrumbList\",\"@id\":\"https:\\\/\\\/exaudi.org\\\/es\\\/papa-leon-xiv-invita-a-la-humildad-y-la-sinceridad-en-la-oracion\\\/#breadcrumb\",\"itemListElement\":[{\"@type\":\"ListItem\",\"position\":1,\"name\":\"Portada\",\"item\":\"https:\\\/\\\/exaudi.org\\\/es\\\/\"},{\"@type\":\"ListItem\",\"position\":2,\"name\":\"Papa Le\u00f3n XIV invita a la humildad y la sinceridad en la oraci\u00f3n\"}]},{\"@type\":\"WebSite\",\"@id\":\"https:\\\/\\\/exaudi.org\\\/#website\",\"url\":\"https:\\\/\\\/exaudi.org\\\/\",\"name\":\"Exaudi\",\"description\":\"News\",\"potentialAction\":[{\"@type\":\"SearchAction\",\"target\":{\"@type\":\"EntryPoint\",\"urlTemplate\":\"https:\\\/\\\/exaudi.org\\\/?s={search_term_string}\"},\"query-input\":{\"@type\":\"PropertyValueSpecification\",\"valueRequired\":true,\"valueName\":\"search_term_string\"}}],\"inLanguage\":\"es\"},{\"@type\":\"Person\",\"@id\":\"https:\\\/\\\/exaudi.org\\\/#\\\/schema\\\/person\\\/f5fc8f063065e38742da7afe15f25df7\",\"name\":\"Exaudi Redacci\u00f3n\",\"image\":{\"@type\":\"ImageObject\",\"inLanguage\":\"es\",\"@id\":\"https:\\\/\\\/secure.gravatar.com\\\/avatar\\\/fe0f6a059fb68d9b3e11bc5850dd4899b1c7492091a3cb6dd9b01b56ad828be2?s=96&d=mm&r=g\",\"url\":\"https:\\\/\\\/secure.gravatar.com\\\/avatar\\\/fe0f6a059fb68d9b3e11bc5850dd4899b1c7492091a3cb6dd9b01b56ad828be2?s=96&d=mm&r=g\",\"contentUrl\":\"https:\\\/\\\/secure.gravatar.com\\\/avatar\\\/fe0f6a059fb68d9b3e11bc5850dd4899b1c7492091a3cb6dd9b01b56ad828be2?s=96&d=mm&r=g\",\"caption\":\"Exaudi Redacci\u00f3n\"},\"description\":\"\u00bfQu\u00e9 es Exaudi News? Exaudi News es un medio de comunicaci\u00f3n cat\u00f3lico internacional que informa, forma y transforma, diariamente en espa\u00f1ol, ingl\u00e9s e italiano. A trav\u00e9s de noticias, art\u00edculos de an\u00e1lisis y transmisiones en directo de los eventos del Papa, Exaudi busca fortalecer la unidad de los cristianos y contribuir a la evangelizaci\u00f3n del mundo, siempre guiados por la doctrina social de la Iglesia. Trabajamos para acercar la verdad y los valores cristianos a cada rinc\u00f3n del planeta. \u00a1Ay\u00fadanos a transformar el mundo con Exaudi! En Exaudi creemos que la evangelizaci\u00f3n y la informaci\u00f3n de calidad pueden cambiar vidas. Para continuar con nuestra misi\u00f3n y expandir nuestro alcance, necesitamos tu ayuda. Adem\u00e1s, buscamos personas comprometidas que deseen unirse a nuestro equipo. Con tu apoyo, lograremos llegar a m\u00e1s personas, difundir el mensaje de Cristo y reforzar la unidad de los cristianos. \u00bfTe unes a nuestra misi\u00f3n? Para m\u00e1s informaci\u00f3n sobre c\u00f3mo colaborar, visita Exaudi.org\\\/es o cont\u00e1ctanos directamente: info@exaudi.org Exaudi: Informa, forma y transforma.\",\"sameAs\":[\"https:\\\/\\\/www.facebook.com\\\/ExaudiNoticias\\\/\",\"https:\\\/\\\/www.instagram.com\\\/exaudi_noticias\\\/\",\"https:\\\/\\\/x.com\\\/Exaudi_noticias\",\"https:\\\/\\\/www.youtube.com\\\/@exaudicatholicnews\"],\"url\":\"https:\\\/\\\/exaudi.org\\\/es\\\/author\\\/redaccionexaudi\\\/\"}]}<\/script>\n<!-- \/ Yoast SEO plugin. -->","yoast_head_json":{"title":"Papa Le\u00f3n XIV invita a la humildad y la sinceridad en la oraci\u00f3n &#8211; Exaudi","robots":{"index":"index","follow":"follow","max-snippet":"max-snippet:-1","max-image-preview":"max-image-preview:large","max-video-preview":"max-video-preview:-1"},"canonical":"https:\/\/exaudi.org\/es\/papa-leon-xiv-invita-a-la-humildad-y-la-sinceridad-en-la-oracion\/","og_locale":"es_ES","og_type":"article","og_title":"Papa Le\u00f3n XIV invita a la humildad y la sinceridad en la oraci\u00f3n &#8211; Exaudi","og_description":"Durante el \u00c1ngelus de este domingo en la Plaza de San Pedro, el Pont\u00edfice reflexion\u00f3 sobre la par\u00e1bola del fariseo y el publicano, resaltando el valor del arrepentimiento y la honestidad ante Dios","og_url":"https:\/\/exaudi.org\/es\/papa-leon-xiv-invita-a-la-humildad-y-la-sinceridad-en-la-oracion\/","og_site_name":"Exaudi","article_publisher":"https:\/\/www.facebook.com\/ExaudiNews","article_author":"https:\/\/www.facebook.com\/ExaudiNoticias\/","article_published_time":"2025-10-26T12:01:11+00:00","og_image":[{"width":800,"height":533,"url":"https:\/\/exaudi.org\/wp-content\/uploads\/2025\/10\/aiease_1761479583706.jpg","type":"image\/jpeg"}],"author":"Exaudi Redacci\u00f3n","twitter_card":"summary_large_image","twitter_creator":"@Exaudi_noticias","twitter_site":"@Exaudi_News","twitter_misc":{"Escrito por":"Exaudi Redacci\u00f3n","Tiempo de lectura":"4 minutos"},"schema":{"@context":"https:\/\/schema.org","@graph":[{"@type":"Article","@id":"https:\/\/exaudi.org\/es\/papa-leon-xiv-invita-a-la-humildad-y-la-sinceridad-en-la-oracion\/#article","isPartOf":{"@id":"https:\/\/exaudi.org\/es\/papa-leon-xiv-invita-a-la-humildad-y-la-sinceridad-en-la-oracion\/"},"author":{"name":"Exaudi Redacci\u00f3n","@id":"https:\/\/exaudi.org\/#\/schema\/person\/f5fc8f063065e38742da7afe15f25df7"},"headline":"Papa Le\u00f3n XIV invita a la humildad y la sinceridad en la oraci\u00f3n","datePublished":"2025-10-26T12:01:11+00:00","mainEntityOfPage":{"@id":"https:\/\/exaudi.org\/es\/papa-leon-xiv-invita-a-la-humildad-y-la-sinceridad-en-la-oracion\/"},"wordCount":813,"image":{"@id":"https:\/\/exaudi.org\/es\/papa-leon-xiv-invita-a-la-humildad-y-la-sinceridad-en-la-oracion\/#primaryimage"},"thumbnailUrl":"https:\/\/exaudi.org\/wp-content\/uploads\/2025\/10\/aiease_1761479583706.jpg","keywords":["26 de octubre 2025","9-14","\u00e1ngelus","arrepentimiento","Domingo","ense\u00f1anza b\u00edblica","Evangelio Lucas 18","fariseo y publicano","Gratitud","homil\u00eda","Honestidad","Iglesia cat\u00f3lica","Maria","Maria","Maria","Mensaje del Papa","misericordia","Oraci\u00f3n","papa le\u00f3n xiv","Par\u00e1bola","Perd\u00f3n","Plaza de San Pedro","reflexi\u00f3n religiosa","Reino de Dios","San Agust\u00edn","Santidad","Trending","virtudes cristianas"],"articleSection":["\u00c1ngelus","Le\u00f3n XIV"],"inLanguage":"es"},{"@type":"WebPage","@id":"https:\/\/exaudi.org\/es\/papa-leon-xiv-invita-a-la-humildad-y-la-sinceridad-en-la-oracion\/","url":"https:\/\/exaudi.org\/es\/papa-leon-xiv-invita-a-la-humildad-y-la-sinceridad-en-la-oracion\/","name":"Papa Le\u00f3n XIV invita a la humildad y la sinceridad en la oraci\u00f3n &#8211; Exaudi","isPartOf":{"@id":"https:\/\/exaudi.org\/#website"},"primaryImageOfPage":{"@id":"https:\/\/exaudi.org\/es\/papa-leon-xiv-invita-a-la-humildad-y-la-sinceridad-en-la-oracion\/#primaryimage"},"image":{"@id":"https:\/\/exaudi.org\/es\/papa-leon-xiv-invita-a-la-humildad-y-la-sinceridad-en-la-oracion\/#primaryimage"},"thumbnailUrl":"https:\/\/exaudi.org\/wp-content\/uploads\/2025\/10\/aiease_1761479583706.jpg","datePublished":"2025-10-26T12:01:11+00:00","author":{"@id":"https:\/\/exaudi.org\/#\/schema\/person\/f5fc8f063065e38742da7afe15f25df7"},"breadcrumb":{"@id":"https:\/\/exaudi.org\/es\/papa-leon-xiv-invita-a-la-humildad-y-la-sinceridad-en-la-oracion\/#breadcrumb"},"inLanguage":"es","potentialAction":[{"@type":"ReadAction","target":["https:\/\/exaudi.org\/es\/papa-leon-xiv-invita-a-la-humildad-y-la-sinceridad-en-la-oracion\/"]}]},{"@type":"ImageObject","inLanguage":"es","@id":"https:\/\/exaudi.org\/es\/papa-leon-xiv-invita-a-la-humildad-y-la-sinceridad-en-la-oracion\/#primaryimage","url":"https:\/\/exaudi.org\/wp-content\/uploads\/2025\/10\/aiease_1761479583706.jpg","contentUrl":"https:\/\/exaudi.org\/wp-content\/uploads\/2025\/10\/aiease_1761479583706.jpg","width":800,"height":533},{"@type":"BreadcrumbList","@id":"https:\/\/exaudi.org\/es\/papa-leon-xiv-invita-a-la-humildad-y-la-sinceridad-en-la-oracion\/#breadcrumb","itemListElement":[{"@type":"ListItem","position":1,"name":"Portada","item":"https:\/\/exaudi.org\/es\/"},{"@type":"ListItem","position":2,"name":"Papa Le\u00f3n XIV invita a la humildad y la sinceridad en la oraci\u00f3n"}]},{"@type":"WebSite","@id":"https:\/\/exaudi.org\/#website","url":"https:\/\/exaudi.org\/","name":"Exaudi","description":"News","potentialAction":[{"@type":"SearchAction","target":{"@type":"EntryPoint","urlTemplate":"https:\/\/exaudi.org\/?s={search_term_string}"},"query-input":{"@type":"PropertyValueSpecification","valueRequired":true,"valueName":"search_term_string"}}],"inLanguage":"es"},{"@type":"Person","@id":"https:\/\/exaudi.org\/#\/schema\/person\/f5fc8f063065e38742da7afe15f25df7","name":"Exaudi Redacci\u00f3n","image":{"@type":"ImageObject","inLanguage":"es","@id":"https:\/\/secure.gravatar.com\/avatar\/fe0f6a059fb68d9b3e11bc5850dd4899b1c7492091a3cb6dd9b01b56ad828be2?s=96&d=mm&r=g","url":"https:\/\/secure.gravatar.com\/avatar\/fe0f6a059fb68d9b3e11bc5850dd4899b1c7492091a3cb6dd9b01b56ad828be2?s=96&d=mm&r=g","contentUrl":"https:\/\/secure.gravatar.com\/avatar\/fe0f6a059fb68d9b3e11bc5850dd4899b1c7492091a3cb6dd9b01b56ad828be2?s=96&d=mm&r=g","caption":"Exaudi Redacci\u00f3n"},"description":"\u00bfQu\u00e9 es Exaudi News? Exaudi News es un medio de comunicaci\u00f3n cat\u00f3lico internacional que informa, forma y transforma, diariamente en espa\u00f1ol, ingl\u00e9s e italiano. A trav\u00e9s de noticias, art\u00edculos de an\u00e1lisis y transmisiones en directo de los eventos del Papa, Exaudi busca fortalecer la unidad de los cristianos y contribuir a la evangelizaci\u00f3n del mundo, siempre guiados por la doctrina social de la Iglesia. Trabajamos para acercar la verdad y los valores cristianos a cada rinc\u00f3n del planeta. \u00a1Ay\u00fadanos a transformar el mundo con Exaudi! En Exaudi creemos que la evangelizaci\u00f3n y la informaci\u00f3n de calidad pueden cambiar vidas. Para continuar con nuestra misi\u00f3n y expandir nuestro alcance, necesitamos tu ayuda. Adem\u00e1s, buscamos personas comprometidas que deseen unirse a nuestro equipo. Con tu apoyo, lograremos llegar a m\u00e1s personas, difundir el mensaje de Cristo y reforzar la unidad de los cristianos. \u00bfTe unes a nuestra misi\u00f3n? Para m\u00e1s informaci\u00f3n sobre c\u00f3mo colaborar, visita Exaudi.org\/es o cont\u00e1ctanos directamente: info@exaudi.org Exaudi: Informa, forma y transforma.","sameAs":["https:\/\/www.facebook.com\/ExaudiNoticias\/","https:\/\/www.instagram.com\/exaudi_noticias\/","https:\/\/x.com\/Exaudi_noticias","https:\/\/www.youtube.com\/@exaudicatholicnews"],"url":"https:\/\/exaudi.org\/es\/author\/redaccionexaudi\/"}]}},"jetpack_featured_media_url":"https:\/\/exaudi.org\/wp-content\/uploads\/2025\/10\/aiease_1761479583706.jpg","jetpack_shortlink":"https:\/\/wp.me\/pgKjF2-Bmk","_links":{"self":[{"href":"https:\/\/exaudi.org\/es\/wp-json\/wp\/v2\/posts\/143612","targetHints":{"allow":["GET"]}}],"collection":[{"href":"https:\/\/exaudi.org\/es\/wp-json\/wp\/v2\/posts"}],"about":[{"href":"https:\/\/exaudi.org\/es\/wp-json\/wp\/v2\/types\/post"}],"author":[{"embeddable":true,"href":"https:\/\/exaudi.org\/es\/wp-json\/wp\/v2\/users\/15"}],"replies":[{"embeddable":true,"href":"https:\/\/exaudi.org\/es\/wp-json\/wp\/v2\/comments?post=143612"}],"version-history":[{"count":2,"href":"https:\/\/exaudi.org\/es\/wp-json\/wp\/v2\/posts\/143612\/revisions"}],"predecessor-version":[{"id":143617,"href":"https:\/\/exaudi.org\/es\/wp-json\/wp\/v2\/posts\/143612\/revisions\/143617"}],"wp:featuredmedia":[{"embeddable":true,"href":"https:\/\/exaudi.org\/es\/wp-json\/wp\/v2\/media\/143613"}],"wp:attachment":[{"href":"https:\/\/exaudi.org\/es\/wp-json\/wp\/v2\/media?parent=143612"}],"wp:term":[{"taxonomy":"category","embeddable":true,"href":"https:\/\/exaudi.org\/es\/wp-json\/wp\/v2\/categories?post=143612"},{"taxonomy":"post_tag","embeddable":true,"href":"https:\/\/exaudi.org\/es\/wp-json\/wp\/v2\/tags?post=143612"}],"curies":[{"name":"wp","href":"https:\/\/api.w.org\/{rel}","templated":true}]}}