{"id":141134,"date":"2025-11-28T07:30:13","date_gmt":"2025-11-28T06:30:13","guid":{"rendered":"https:\/\/exaudi.org\/?p=141134"},"modified":"2025-11-28T11:36:22","modified_gmt":"2025-11-28T10:36:22","slug":"san-jaime-santiago-o-jacobo-de-la-marca-28-de-noviembre","status":"publish","type":"post","link":"https:\/\/exaudi.org\/es\/san-jaime-santiago-o-jacobo-de-la-marca-28-de-noviembre\/","title":{"rendered":"San Jaime de La Marca, 28 de noviembre"},"content":{"rendered":"<p>Domingo Gangali, nombre que le impusieron en el bautismo, naci\u00f3 en Monteprandone (Ascoli Piceno) en septiembre de 1393. Fue la suya una vida de tes\u00f3n y esfuerzo animada por el af\u00e1n de entrega primeramente por el bien de sus coet\u00e1neos, y, cuando surgi\u00f3 su vocaci\u00f3n, orientada a glorificar a Dios a trav\u00e9s del carisma franciscano. Pertenec\u00eda a una \u00e9poca llena de convulsiones sociales y pol\u00edticas que no ahogaron su af\u00e1n de lucha ni sus ilusiones. Se curti\u00f3 muy pronto en las vicisitudes, ya que siendo hu\u00e9rfano de madre a los 7 a\u00f1os no dud\u00f3 en dejar el oficio de pastor del reba\u00f1o familiar. Se cuenta tambi\u00e9n que esta decisi\u00f3n pudo deberse a la presencia de un extra\u00f1o lobo que le asustaba. Pero la cuesti\u00f3n es que abandon\u00f3 a su padre y hermanos para establecerse en Offida junto a un t\u00edo sacerdote. Fue una magn\u00edfica elecci\u00f3n, porque bajo la tutela del buen presb\u00edtero, recibi\u00f3 la formaci\u00f3n b\u00e1sica. Y luego parti\u00f3 a \u00c1scoli Piceno para seguir estudiando en su escuela, siempre con el inestimable apoyo de su t\u00edo. Extrajo gran provecho de esa oportunidad que le dio la vida, y obtuvo el doctorado en Derecho Civil y Eclesi\u00e1stico en Perusa. Lo consigui\u00f3 sin reparar en el esfuerzo. De hecho, se coste\u00f3 estos estudios con su propio trabajo, como profesor de los hijos de un docente universitario. Y ello supuso otro trampol\u00edn en su carrera ya que, por mediaci\u00f3n de este padre de familia, se convirti\u00f3 en notario del Ayuntamiento de Florencia. Despu\u00e9s ocup\u00f3 la plaza de juez y comisario de Bibbiena (Arezzo). En esa \u00e9poca tom\u00f3 contacto con los franciscanos. Impactado por la vida del Poverello y anhelando seguir a Cristo, como hizo \u00e9l, despu\u00e9s de realizar un retiro en la Cartuja de Florencia, a sus 23 a\u00f1os dej\u00f3 su trabajo y se convirti\u00f3 en fraile franciscano. Tom\u00f3 el h\u00e1bito de manos de san Bernardino de Siena en 1416 y eligi\u00f3 el nombre de Giacomo.<\/p>\n<p><iframe title=\"Spotify Embed: San Jaime de La Marca, 28 de noviembre\" style=\"border-radius: 12px\" width=\"100%\" height=\"152\" frameborder=\"0\" allowfullscreen allow=\"autoplay; clipboard-write; encrypted-media; fullscreen; picture-in-picture\" loading=\"lazy\" src=\"https:\/\/open.spotify.com\/embed\/episode\/67uS36uxq6BHpPVCfbtyCv?si=3fa5020549da4b97&#038;utm_source=oembed\"><\/iframe><\/p>\n<p>Fue ordenado sacerdote en Fi\u00e9sole el 13 de junio de 1420, d\u00eda en el que por vez primera predic\u00f3 un serm\u00f3n que tuvo como reflexi\u00f3n al santo del d\u00eda: Antonio de Padua. Y se revel\u00f3 como un insigne orador. Sus superiores lo destinaron a la delicada misi\u00f3n de predicar. Fue un gran ap\u00f3stol que yendo incansable por las ciudades tuvo la gracia de tocar el coraz\u00f3n de las gentes que llenaban las plazas y que segu\u00edan conmovidos sus meditaciones sobre los ejes vertebrales de la fe cristiana y las ense\u00f1anzas del Catecismo, adem\u00e1s de aspectos \u00e9ticos y morales. En una ocasi\u00f3n, manifest\u00f3: \u00abHe visto durante el serm\u00f3n algunos soldados sexagenarios llorar mucho por sus pecados y la pasi\u00f3n de Cristo, y me confesaron que durante su vida jam\u00e1s hab\u00edan derramado una l\u00e1grima\u00bb.<\/p>\n<p>En sus lecciones se apreciaba el trasfondo que su experiencia profesional hab\u00eda dejado en su vida, de gran utilidad para quienes le escuchaban. Era un gran devoto de Mar\u00eda. Defendi\u00f3 la justicia y la igualdad; luch\u00f3 contra las herej\u00edas y sali\u00f3 indemne de distintos atentados. Fue un gran embajador del pont\u00edfice Eugenio IV, quien lo envi\u00f3 como nuncio a Europa para combatir las herej\u00edas y restaurar la paz malograda en conflictos delicados. Dej\u00f3 la huella de su impronta apost\u00f3lica en Croacia, y eso supuso su nombramiento como inquisidor. Evangeliz\u00f3 Dalmacia, Eslovenia y Bosnia, de la que fue comisario, vicario y visitador. Fue proverbial su car\u00e1cter conciliador, que se puso de relieve, una vez m\u00e1s, al mediar entre el monarca bosnio y un familiar con un tacto diplom\u00e1tico y finura admirables.<\/p>\n<p>En 1433 regres\u00f3 a Italia, elegido por el Papa para predicar en Bolonia en el Cap\u00edtulo general de los Hermanos Menores. En 1434 volvi\u00f3 a Bosnia donde continu\u00f3 impugnando las herej\u00edas y llevando el Evangelio por nuevos lugares. Dos a\u00f1os m\u00e1s tarde, actu\u00f3 en misiones diplom\u00e1ticas, conciliando Hungr\u00eda y Bohemia. Fue inquisidor en este pa\u00eds, en Austria y Praga. En 1439 evangeliz\u00f3 el centro y norte de Italia en medio del fervor de aut\u00e9nticas muchedumbres. Sus palabras tuvieron tal eco que incluso en la legislaci\u00f3n se penaliz\u00f3 la blasfemia. Denunci\u00f3 lacras como el juego, la prostituci\u00f3n y abusos contra menores. Cre\u00f3 asociaciones de gran calado social como el Monte de Piedad. Escribi\u00f3, fund\u00f3 hospitales, conventos, etc., y actu\u00f3 en distintos Concilios. Tuvo el don de milagros. Retenido en N\u00e1poles por el monarca, que hab\u00eda sido curado por su intercesi\u00f3n, y tambi\u00e9n por el pueblo que le profesaba gran afecto y gratitud, muri\u00f3 all\u00ed el 28 de noviembre de 1476. Urbano VIII lo beatific\u00f3 el 12 de agosto de 1624, y Benedicto XIII lo canoniz\u00f3 el 10 de diciembre de 1726.<\/p>\n<p><img loading=\"lazy\" decoding=\"async\" class=\"size-full wp-image-141141 alignnone\" src=\"https:\/\/exaudi.org\/wp-content\/uploads\/2025\/11\/Santoral.jpg\" alt=\"\" width=\"1080\" height=\"1080\" srcset=\"https:\/\/exaudi.org\/wp-content\/uploads\/2025\/11\/Santoral.jpg 1080w, https:\/\/exaudi.org\/wp-content\/uploads\/2025\/11\/Santoral-300x300.jpg 300w, https:\/\/exaudi.org\/wp-content\/uploads\/2025\/11\/Santoral-1024x1024.jpg 1024w, https:\/\/exaudi.org\/wp-content\/uploads\/2025\/11\/Santoral-100x100.jpg?crop=1 100w, https:\/\/exaudi.org\/wp-content\/uploads\/2025\/11\/Santoral-770x770.jpg 770w, https:\/\/exaudi.org\/wp-content\/uploads\/2025\/11\/Santoral-500x500.jpg 500w\" sizes=\"auto, (max-width: 1080px) 100vw, 1080px\" \/><\/p>\n<h6><em>\u00a9 <a href=\"https:\/\/exaudi.org\/es\/author\/isabelorellana\/\" target=\"_blank\" rel=\"noopener noreferrer\">Isabel Orellana Vilches<\/a>, 2025<\/em><\/h6>\n<h6><em>Autora vinculada a<\/em><\/h6>\n<h6><img loading=\"lazy\" decoding=\"async\" class=\"alignnone size-full wp-image-41949\" src=\"https:\/\/exaudi.wpengine.com\/wp-content\/uploads\/2021\/11\/logo-cedro-v01-843x295-1-e1603384654546.png\" alt=\"\" width=\"80\" height=\"28\" \/><br \/>\nObra protegida por derechos de autor.<br \/>\nInscrita en el Registro de la Propiedad Intelectual el 24 de noviembre de 2014.<br \/>\n________________<br \/>\nDerechos de edici\u00f3n reservados:<br \/>\n<a href=\"https:\/\/rielo.com\/\" target=\"_blank\" rel=\"noopener noreferrer\">Fundaci\u00f3n Fernando Rielo<\/a><br \/>\nGoya 20, 4.\u00ba izq. int. 28001 Madrid<br \/>\nTlf.: (34) 91 575 40 91<br \/>\nCorreo electr\u00f3nico: fundacion@rielo.com<\/h6>\n<div class=\"page\" title=\"Page 4\">\n<div class=\"layoutArea\">\n<div class=\"column\">\n<h6>Dep\u00f3sito legal: M-18664-2020<br \/>\nISBN: 978-84-946646-6-3<\/h6>\n<\/div>\n<\/div>\n<\/div>\n","protected":false},"excerpt":{"rendered":"<p>Presb\u00edtero Franciscano, Co-Patr\u00f3n de N\u00e1poles<\/p>\n","protected":false},"author":23,"featured_media":141136,"comment_status":"closed","ping_status":"closed","sticky":false,"template":"","format":"standard","meta":{"_acf_changed":false,"_crdt_document":"","inline_featured_image":false,"footnotes":""},"categories":[74,2772],"tags":[388,77786,387,58880],"class_list":["post-141134","post","type-post","status-publish","format-standard","has-post-thumbnail","hentry","category-iglesia-y-mundo","category-santoral","tag-isabel-orellana-vilches","tag-san-jaime-santiago-o-jacobo-de-la-marca","tag-santoral","tag-trending-es-151"],"acf":[],"yoast_head":"<!-- This site is optimized with the Yoast SEO plugin v27.4 - https:\/\/yoast.com\/product\/yoast-seo-wordpress\/ -->\n<title>San Jaime de La Marca, 28 de noviembre &#8211; Exaudi<\/title>\n<meta name=\"robots\" content=\"index, follow, max-snippet:-1, max-image-preview:large, max-video-preview:-1\" \/>\n<link rel=\"canonical\" href=\"https:\/\/exaudi.org\/es\/san-jaime-santiago-o-jacobo-de-la-marca-28-de-noviembre\/\" \/>\n<meta property=\"og:locale\" content=\"es_ES\" \/>\n<meta property=\"og:type\" content=\"article\" \/>\n<meta property=\"og:title\" content=\"San Jaime de La Marca, 28 de noviembre &#8211; Exaudi\" \/>\n<meta property=\"og:description\" content=\"Presb\u00edtero Franciscano, Co-Patr\u00f3n de N\u00e1poles\" \/>\n<meta property=\"og:url\" content=\"https:\/\/exaudi.org\/es\/san-jaime-santiago-o-jacobo-de-la-marca-28-de-noviembre\/\" \/>\n<meta property=\"og:site_name\" content=\"Exaudi\" \/>\n<meta property=\"article:publisher\" content=\"https:\/\/www.facebook.com\/ExaudiNews\" \/>\n<meta property=\"article:published_time\" content=\"2025-11-28T06:30:13+00:00\" \/>\n<meta property=\"article:modified_time\" content=\"2025-11-28T10:36:22+00:00\" \/>\n<meta property=\"og:image\" content=\"https:\/\/exaudi.org\/wp-content\/uploads\/2025\/10\/images-1.jpg\" \/>\n\t<meta property=\"og:image:width\" content=\"889\" \/>\n\t<meta property=\"og:image:height\" content=\"500\" \/>\n\t<meta property=\"og:image:type\" content=\"image\/jpeg\" \/>\n<meta name=\"author\" content=\"Isabel Orellana\" \/>\n<meta name=\"twitter:card\" content=\"summary_large_image\" \/>\n<meta name=\"twitter:creator\" content=\"@Exaudi_News\" \/>\n<meta name=\"twitter:site\" content=\"@Exaudi_News\" \/>\n<meta name=\"twitter:label1\" content=\"Escrito por\" \/>\n\t<meta name=\"twitter:data1\" content=\"Isabel Orellana\" \/>\n\t<meta name=\"twitter:label2\" content=\"Tiempo de lectura\" \/>\n\t<meta name=\"twitter:data2\" content=\"4 minutos\" \/>\n<script type=\"application\/ld+json\" class=\"yoast-schema-graph\">{\"@context\":\"https:\\\/\\\/schema.org\",\"@graph\":[{\"@type\":\"Article\",\"@id\":\"https:\\\/\\\/exaudi.org\\\/es\\\/san-jaime-santiago-o-jacobo-de-la-marca-28-de-noviembre\\\/#article\",\"isPartOf\":{\"@id\":\"https:\\\/\\\/exaudi.org\\\/es\\\/san-jaime-santiago-o-jacobo-de-la-marca-28-de-noviembre\\\/\"},\"author\":{\"name\":\"Isabel Orellana\",\"@id\":\"https:\\\/\\\/exaudi.org\\\/#\\\/schema\\\/person\\\/64e18b96fd6118559a9217b5b3375fdc\"},\"headline\":\"San Jaime de La Marca, 28 de noviembre\",\"datePublished\":\"2025-11-28T06:30:13+00:00\",\"dateModified\":\"2025-11-28T10:36:22+00:00\",\"mainEntityOfPage\":{\"@id\":\"https:\\\/\\\/exaudi.org\\\/es\\\/san-jaime-santiago-o-jacobo-de-la-marca-28-de-noviembre\\\/\"},\"wordCount\":892,\"image\":{\"@id\":\"https:\\\/\\\/exaudi.org\\\/es\\\/san-jaime-santiago-o-jacobo-de-la-marca-28-de-noviembre\\\/#primaryimage\"},\"thumbnailUrl\":\"https:\\\/\\\/exaudi.org\\\/wp-content\\\/uploads\\\/2025\\\/10\\\/images-1.jpg\",\"keywords\":[\"Isabel Orellana Vilches\",\"San Jaime (Santiago O Jacobo) De La Marca\",\"Santoral\",\"Trending\"],\"articleSection\":[\"Iglesia y Mundo\",\"Santoral\"],\"inLanguage\":\"es\"},{\"@type\":\"WebPage\",\"@id\":\"https:\\\/\\\/exaudi.org\\\/es\\\/san-jaime-santiago-o-jacobo-de-la-marca-28-de-noviembre\\\/\",\"url\":\"https:\\\/\\\/exaudi.org\\\/es\\\/san-jaime-santiago-o-jacobo-de-la-marca-28-de-noviembre\\\/\",\"name\":\"San Jaime de La Marca, 28 de noviembre &#8211; Exaudi\",\"isPartOf\":{\"@id\":\"https:\\\/\\\/exaudi.org\\\/#website\"},\"primaryImageOfPage\":{\"@id\":\"https:\\\/\\\/exaudi.org\\\/es\\\/san-jaime-santiago-o-jacobo-de-la-marca-28-de-noviembre\\\/#primaryimage\"},\"image\":{\"@id\":\"https:\\\/\\\/exaudi.org\\\/es\\\/san-jaime-santiago-o-jacobo-de-la-marca-28-de-noviembre\\\/#primaryimage\"},\"thumbnailUrl\":\"https:\\\/\\\/exaudi.org\\\/wp-content\\\/uploads\\\/2025\\\/10\\\/images-1.jpg\",\"datePublished\":\"2025-11-28T06:30:13+00:00\",\"dateModified\":\"2025-11-28T10:36:22+00:00\",\"author\":{\"@id\":\"https:\\\/\\\/exaudi.org\\\/#\\\/schema\\\/person\\\/64e18b96fd6118559a9217b5b3375fdc\"},\"breadcrumb\":{\"@id\":\"https:\\\/\\\/exaudi.org\\\/es\\\/san-jaime-santiago-o-jacobo-de-la-marca-28-de-noviembre\\\/#breadcrumb\"},\"inLanguage\":\"es\",\"potentialAction\":[{\"@type\":\"ReadAction\",\"target\":[\"https:\\\/\\\/exaudi.org\\\/es\\\/san-jaime-santiago-o-jacobo-de-la-marca-28-de-noviembre\\\/\"]}]},{\"@type\":\"ImageObject\",\"inLanguage\":\"es\",\"@id\":\"https:\\\/\\\/exaudi.org\\\/es\\\/san-jaime-santiago-o-jacobo-de-la-marca-28-de-noviembre\\\/#primaryimage\",\"url\":\"https:\\\/\\\/exaudi.org\\\/wp-content\\\/uploads\\\/2025\\\/10\\\/images-1.jpg\",\"contentUrl\":\"https:\\\/\\\/exaudi.org\\\/wp-content\\\/uploads\\\/2025\\\/10\\\/images-1.jpg\",\"width\":889,\"height\":500},{\"@type\":\"BreadcrumbList\",\"@id\":\"https:\\\/\\\/exaudi.org\\\/es\\\/san-jaime-santiago-o-jacobo-de-la-marca-28-de-noviembre\\\/#breadcrumb\",\"itemListElement\":[{\"@type\":\"ListItem\",\"position\":1,\"name\":\"Portada\",\"item\":\"https:\\\/\\\/exaudi.org\\\/es\\\/\"},{\"@type\":\"ListItem\",\"position\":2,\"name\":\"San Jaime de La Marca, 28 de noviembre\"}]},{\"@type\":\"WebSite\",\"@id\":\"https:\\\/\\\/exaudi.org\\\/#website\",\"url\":\"https:\\\/\\\/exaudi.org\\\/\",\"name\":\"Exaudi\",\"description\":\"News\",\"potentialAction\":[{\"@type\":\"SearchAction\",\"target\":{\"@type\":\"EntryPoint\",\"urlTemplate\":\"https:\\\/\\\/exaudi.org\\\/?s={search_term_string}\"},\"query-input\":{\"@type\":\"PropertyValueSpecification\",\"valueRequired\":true,\"valueName\":\"search_term_string\"}}],\"inLanguage\":\"es\"},{\"@type\":\"Person\",\"@id\":\"https:\\\/\\\/exaudi.org\\\/#\\\/schema\\\/person\\\/64e18b96fd6118559a9217b5b3375fdc\",\"name\":\"Isabel Orellana\",\"image\":{\"@type\":\"ImageObject\",\"inLanguage\":\"es\",\"@id\":\"https:\\\/\\\/secure.gravatar.com\\\/avatar\\\/51968380bbb6b22ae85c605634860366fd9a2a611c6341125115bca32cd6c171?s=96&d=mm&r=g\",\"url\":\"https:\\\/\\\/secure.gravatar.com\\\/avatar\\\/51968380bbb6b22ae85c605634860366fd9a2a611c6341125115bca32cd6c171?s=96&d=mm&r=g\",\"contentUrl\":\"https:\\\/\\\/secure.gravatar.com\\\/avatar\\\/51968380bbb6b22ae85c605634860366fd9a2a611c6341125115bca32cd6c171?s=96&d=mm&r=g\",\"caption\":\"Isabel Orellana\"},\"description\":\"Isabel Orellana Vilches Misionera idente. Doctora en Filosof\u00eda por la Universidad Aut\u00f3noma de Barcelona con la tesis Realismo y progreso cient\u00edfico en la epistemolog\u00eda popperiana. Ha cursado estudios de teolog\u00eda en la Universidad Pontificia de Salamanca. Con amplia actividad docente desde 1986, ha publicado libros como: Realismo y progreso cient\u00edfico en la epistemolog\u00eda popperiana, Universitat Aut\u00f2noma de Barcelona, 1993; El evangelio habla a los j\u00f3venes, Atenas, Madrid, 1997; Qu\u00e9 es... LA TOLERANCIA, Paulinas, Madrid, 1999; Pedagog\u00eda del dolor. Ensayo antropol\u00f3gico, Palabra, Madrid, 1999; En colaboraci\u00f3n con Enrique Rivera de Ventosa (\u2020) OFM. Cap. San Francisco de As\u00eds y Fernando Rielo: Convergencias. Respuestas desde la fe a los interrogantes del hombre de hoy, Universidad Pontificia, Salamanca, 2001; La \\\"mirada\\\" del cine. Recursos did\u00e1cticos del s\u00e9ptimo arte. Librer\u00eda Cervantes, Salamanca, 2001; Paradojas de la convivencia, San Pablo, Madrid, 2002; En la Universidad T\u00e9cnica Particular de Loja, Ecuador, ha publicado: La confianza. El arte de amar, 2002; Educar para la responsabilidad, 2003; Apuntes de \u00e9tica en Karl R. Popper, 2003; De soledades y comunicaci\u00f3n, 2005; Yo educo; t\u00fa respondes, 2008; Humanismo y fe en un crisol de culturas, 2008; Repensar lo cotidiano, 2008; Convivir: un constante desaf\u00edo, 2009; La l\u00f3gica del amor, 2010; El dolor del amor. Apuntes sobre la enfermedad y el dolor en relaci\u00f3n con la virtud heroica, el martirio y la vida santa. Seminario Diocesano de M\u00e1laga, 2006 y Universidad T\u00e9cnica Particular de Loja, Ecuador (2007). Cuenta con numerosas colaboraciones en obras colectivas, as\u00ed como relatos, cuentos, f\u00e1bula y novela juvenil, adem\u00e1s de art\u00edculos de tem\u00e1tica cient\u00edfica, pedag\u00f3gica y espiritual, que viene publicando en distintas revistas nacionales e internacionales. En 2012 culmin\u00f3 el santoral Llamados a ser santos y poco m\u00e1s tarde Epopeyas de amor prologado por mons. Fernando Sebasti\u00e1n. Es la bi\u00f3grafa oficial del fundador de su familia espiritual, autora de Fernando Rielo Pardal. Fundador de los Misioneros Identes, Descl\u00e9e de Brouwer, Bilbao, 2009. Culmina la biograf\u00eda completa. Encargada del santoral de ZENIT desde 2012 a 2020 y ahora en Exaudi\",\"url\":\"https:\\\/\\\/exaudi.org\\\/es\\\/author\\\/isabelorellana\\\/\"}]}<\/script>\n<!-- \/ Yoast SEO plugin. -->","yoast_head_json":{"title":"San Jaime de La Marca, 28 de noviembre &#8211; Exaudi","robots":{"index":"index","follow":"follow","max-snippet":"max-snippet:-1","max-image-preview":"max-image-preview:large","max-video-preview":"max-video-preview:-1"},"canonical":"https:\/\/exaudi.org\/es\/san-jaime-santiago-o-jacobo-de-la-marca-28-de-noviembre\/","og_locale":"es_ES","og_type":"article","og_title":"San Jaime de La Marca, 28 de noviembre &#8211; Exaudi","og_description":"Presb\u00edtero Franciscano, Co-Patr\u00f3n de N\u00e1poles","og_url":"https:\/\/exaudi.org\/es\/san-jaime-santiago-o-jacobo-de-la-marca-28-de-noviembre\/","og_site_name":"Exaudi","article_publisher":"https:\/\/www.facebook.com\/ExaudiNews","article_published_time":"2025-11-28T06:30:13+00:00","article_modified_time":"2025-11-28T10:36:22+00:00","og_image":[{"width":889,"height":500,"url":"https:\/\/exaudi.org\/wp-content\/uploads\/2025\/10\/images-1.jpg","type":"image\/jpeg"}],"author":"Isabel Orellana","twitter_card":"summary_large_image","twitter_creator":"@Exaudi_News","twitter_site":"@Exaudi_News","twitter_misc":{"Escrito por":"Isabel Orellana","Tiempo de lectura":"4 minutos"},"schema":{"@context":"https:\/\/schema.org","@graph":[{"@type":"Article","@id":"https:\/\/exaudi.org\/es\/san-jaime-santiago-o-jacobo-de-la-marca-28-de-noviembre\/#article","isPartOf":{"@id":"https:\/\/exaudi.org\/es\/san-jaime-santiago-o-jacobo-de-la-marca-28-de-noviembre\/"},"author":{"name":"Isabel Orellana","@id":"https:\/\/exaudi.org\/#\/schema\/person\/64e18b96fd6118559a9217b5b3375fdc"},"headline":"San Jaime de La Marca, 28 de noviembre","datePublished":"2025-11-28T06:30:13+00:00","dateModified":"2025-11-28T10:36:22+00:00","mainEntityOfPage":{"@id":"https:\/\/exaudi.org\/es\/san-jaime-santiago-o-jacobo-de-la-marca-28-de-noviembre\/"},"wordCount":892,"image":{"@id":"https:\/\/exaudi.org\/es\/san-jaime-santiago-o-jacobo-de-la-marca-28-de-noviembre\/#primaryimage"},"thumbnailUrl":"https:\/\/exaudi.org\/wp-content\/uploads\/2025\/10\/images-1.jpg","keywords":["Isabel Orellana Vilches","San Jaime (Santiago O Jacobo) De La Marca","Santoral","Trending"],"articleSection":["Iglesia y Mundo","Santoral"],"inLanguage":"es"},{"@type":"WebPage","@id":"https:\/\/exaudi.org\/es\/san-jaime-santiago-o-jacobo-de-la-marca-28-de-noviembre\/","url":"https:\/\/exaudi.org\/es\/san-jaime-santiago-o-jacobo-de-la-marca-28-de-noviembre\/","name":"San Jaime de La Marca, 28 de noviembre &#8211; Exaudi","isPartOf":{"@id":"https:\/\/exaudi.org\/#website"},"primaryImageOfPage":{"@id":"https:\/\/exaudi.org\/es\/san-jaime-santiago-o-jacobo-de-la-marca-28-de-noviembre\/#primaryimage"},"image":{"@id":"https:\/\/exaudi.org\/es\/san-jaime-santiago-o-jacobo-de-la-marca-28-de-noviembre\/#primaryimage"},"thumbnailUrl":"https:\/\/exaudi.org\/wp-content\/uploads\/2025\/10\/images-1.jpg","datePublished":"2025-11-28T06:30:13+00:00","dateModified":"2025-11-28T10:36:22+00:00","author":{"@id":"https:\/\/exaudi.org\/#\/schema\/person\/64e18b96fd6118559a9217b5b3375fdc"},"breadcrumb":{"@id":"https:\/\/exaudi.org\/es\/san-jaime-santiago-o-jacobo-de-la-marca-28-de-noviembre\/#breadcrumb"},"inLanguage":"es","potentialAction":[{"@type":"ReadAction","target":["https:\/\/exaudi.org\/es\/san-jaime-santiago-o-jacobo-de-la-marca-28-de-noviembre\/"]}]},{"@type":"ImageObject","inLanguage":"es","@id":"https:\/\/exaudi.org\/es\/san-jaime-santiago-o-jacobo-de-la-marca-28-de-noviembre\/#primaryimage","url":"https:\/\/exaudi.org\/wp-content\/uploads\/2025\/10\/images-1.jpg","contentUrl":"https:\/\/exaudi.org\/wp-content\/uploads\/2025\/10\/images-1.jpg","width":889,"height":500},{"@type":"BreadcrumbList","@id":"https:\/\/exaudi.org\/es\/san-jaime-santiago-o-jacobo-de-la-marca-28-de-noviembre\/#breadcrumb","itemListElement":[{"@type":"ListItem","position":1,"name":"Portada","item":"https:\/\/exaudi.org\/es\/"},{"@type":"ListItem","position":2,"name":"San Jaime de La Marca, 28 de noviembre"}]},{"@type":"WebSite","@id":"https:\/\/exaudi.org\/#website","url":"https:\/\/exaudi.org\/","name":"Exaudi","description":"News","potentialAction":[{"@type":"SearchAction","target":{"@type":"EntryPoint","urlTemplate":"https:\/\/exaudi.org\/?s={search_term_string}"},"query-input":{"@type":"PropertyValueSpecification","valueRequired":true,"valueName":"search_term_string"}}],"inLanguage":"es"},{"@type":"Person","@id":"https:\/\/exaudi.org\/#\/schema\/person\/64e18b96fd6118559a9217b5b3375fdc","name":"Isabel Orellana","image":{"@type":"ImageObject","inLanguage":"es","@id":"https:\/\/secure.gravatar.com\/avatar\/51968380bbb6b22ae85c605634860366fd9a2a611c6341125115bca32cd6c171?s=96&d=mm&r=g","url":"https:\/\/secure.gravatar.com\/avatar\/51968380bbb6b22ae85c605634860366fd9a2a611c6341125115bca32cd6c171?s=96&d=mm&r=g","contentUrl":"https:\/\/secure.gravatar.com\/avatar\/51968380bbb6b22ae85c605634860366fd9a2a611c6341125115bca32cd6c171?s=96&d=mm&r=g","caption":"Isabel Orellana"},"description":"Isabel Orellana Vilches Misionera idente. Doctora en Filosof\u00eda por la Universidad Aut\u00f3noma de Barcelona con la tesis Realismo y progreso cient\u00edfico en la epistemolog\u00eda popperiana. Ha cursado estudios de teolog\u00eda en la Universidad Pontificia de Salamanca. Con amplia actividad docente desde 1986, ha publicado libros como: Realismo y progreso cient\u00edfico en la epistemolog\u00eda popperiana, Universitat Aut\u00f2noma de Barcelona, 1993; El evangelio habla a los j\u00f3venes, Atenas, Madrid, 1997; Qu\u00e9 es... LA TOLERANCIA, Paulinas, Madrid, 1999; Pedagog\u00eda del dolor. Ensayo antropol\u00f3gico, Palabra, Madrid, 1999; En colaboraci\u00f3n con Enrique Rivera de Ventosa (\u2020) OFM. Cap. San Francisco de As\u00eds y Fernando Rielo: Convergencias. Respuestas desde la fe a los interrogantes del hombre de hoy, Universidad Pontificia, Salamanca, 2001; La \"mirada\" del cine. Recursos did\u00e1cticos del s\u00e9ptimo arte. Librer\u00eda Cervantes, Salamanca, 2001; Paradojas de la convivencia, San Pablo, Madrid, 2002; En la Universidad T\u00e9cnica Particular de Loja, Ecuador, ha publicado: La confianza. El arte de amar, 2002; Educar para la responsabilidad, 2003; Apuntes de \u00e9tica en Karl R. Popper, 2003; De soledades y comunicaci\u00f3n, 2005; Yo educo; t\u00fa respondes, 2008; Humanismo y fe en un crisol de culturas, 2008; Repensar lo cotidiano, 2008; Convivir: un constante desaf\u00edo, 2009; La l\u00f3gica del amor, 2010; El dolor del amor. Apuntes sobre la enfermedad y el dolor en relaci\u00f3n con la virtud heroica, el martirio y la vida santa. Seminario Diocesano de M\u00e1laga, 2006 y Universidad T\u00e9cnica Particular de Loja, Ecuador (2007). Cuenta con numerosas colaboraciones en obras colectivas, as\u00ed como relatos, cuentos, f\u00e1bula y novela juvenil, adem\u00e1s de art\u00edculos de tem\u00e1tica cient\u00edfica, pedag\u00f3gica y espiritual, que viene publicando en distintas revistas nacionales e internacionales. En 2012 culmin\u00f3 el santoral Llamados a ser santos y poco m\u00e1s tarde Epopeyas de amor prologado por mons. Fernando Sebasti\u00e1n. Es la bi\u00f3grafa oficial del fundador de su familia espiritual, autora de Fernando Rielo Pardal. Fundador de los Misioneros Identes, Descl\u00e9e de Brouwer, Bilbao, 2009. Culmina la biograf\u00eda completa. Encargada del santoral de ZENIT desde 2012 a 2020 y ahora en Exaudi","url":"https:\/\/exaudi.org\/es\/author\/isabelorellana\/"}]}},"jetpack_featured_media_url":"https:\/\/exaudi.org\/wp-content\/uploads\/2025\/10\/images-1.jpg","jetpack_shortlink":"https:\/\/wp.me\/pgKjF2-AIm","_links":{"self":[{"href":"https:\/\/exaudi.org\/es\/wp-json\/wp\/v2\/posts\/141134","targetHints":{"allow":["GET"]}}],"collection":[{"href":"https:\/\/exaudi.org\/es\/wp-json\/wp\/v2\/posts"}],"about":[{"href":"https:\/\/exaudi.org\/es\/wp-json\/wp\/v2\/types\/post"}],"author":[{"embeddable":true,"href":"https:\/\/exaudi.org\/es\/wp-json\/wp\/v2\/users\/23"}],"replies":[{"embeddable":true,"href":"https:\/\/exaudi.org\/es\/wp-json\/wp\/v2\/comments?post=141134"}],"version-history":[{"count":5,"href":"https:\/\/exaudi.org\/es\/wp-json\/wp\/v2\/posts\/141134\/revisions"}],"predecessor-version":[{"id":148131,"href":"https:\/\/exaudi.org\/es\/wp-json\/wp\/v2\/posts\/141134\/revisions\/148131"}],"wp:featuredmedia":[{"embeddable":true,"href":"https:\/\/exaudi.org\/es\/wp-json\/wp\/v2\/media\/141136"}],"wp:attachment":[{"href":"https:\/\/exaudi.org\/es\/wp-json\/wp\/v2\/media?parent=141134"}],"wp:term":[{"taxonomy":"category","embeddable":true,"href":"https:\/\/exaudi.org\/es\/wp-json\/wp\/v2\/categories?post=141134"},{"taxonomy":"post_tag","embeddable":true,"href":"https:\/\/exaudi.org\/es\/wp-json\/wp\/v2\/tags?post=141134"}],"curies":[{"name":"wp","href":"https:\/\/api.w.org\/{rel}","templated":true}]}}