{"id":141109,"date":"2025-10-21T09:30:39","date_gmt":"2025-10-21T07:30:39","guid":{"rendered":"https:\/\/exaudi.org\/?p=141109"},"modified":"2025-10-21T10:02:35","modified_gmt":"2025-10-21T08:02:35","slug":"lo-que-realmente-importa-en-la-vida","status":"publish","type":"post","link":"https:\/\/exaudi.org\/es\/lo-que-realmente-importa-en-la-vida\/","title":{"rendered":"Lo que realmente importa en la vida"},"content":{"rendered":"<p id=\"ember602\" class=\"ember-view reader-text-block__paragraph\">Sin duda, el cambio es una constante en el mundo actual y para muestra un bot\u00f3n. Por ejemplo, la IA est\u00e1 m\u00e1s presente que nunca en nuestras vidas, abarcando temas diversos como celulares de \u00faltima generaci\u00f3n, mejora de la eficiencia en el trabajo, renovar procedimientos m\u00e9dicos, entre otros m\u00e1s que podr\u00eda seguir enumerando.<\/p>\n<p><iframe title=\"Spotify Embed: Lo que realmente importa en la vida.\" style=\"border-radius: 12px\" width=\"100%\" height=\"152\" frameborder=\"0\" allowfullscreen allow=\"autoplay; clipboard-write; encrypted-media; fullscreen; picture-in-picture\" loading=\"lazy\" src=\"https:\/\/open.spotify.com\/embed\/episode\/2RIOGyaMdRNndpA2FuJXff?si=0z6CGvBQSde8VVcn7iFixg&#038;context=spotify%3Ashow%3A2yh3xbVwh4e1WksFGord4D&#038;utm_source=oembed\"><\/iframe><\/p>\n<p id=\"ember603\" class=\"ember-view reader-text-block__paragraph\">Hoy todas las generaciones desde los denominados Baby Boomers hasta los Nativos Digitales debemos s\u00ed o s\u00ed relacionarnos de manera m\u00e1s natural con la tecnolog\u00eda presente y futura. Eso no est\u00e1 mal \u201cen s\u00ed mismo\u201d, pues nos har\u00e1 m\u00e1s empleables en el tiempo. Sin embargo, creo que se est\u00e1 desviando la atenci\u00f3n de lo que realmente importa en la vida.<\/p>\n<p id=\"ember604\" class=\"ember-view reader-text-block__paragraph\">Luego de esta breve introducci\u00f3n, pasar\u00e9 a compartir lo que hemos vivido hace poco, Jessica y yo, en nuestra visita a Buenos Aires, Argentina, para compartir unos d\u00edas con nuestras dos hijas mayores que estudian Medicina Humana y Licenciatura en Desarrollo Organizacional, respectivamente.<\/p>\n<p id=\"ember605\" class=\"ember-view reader-text-block__paragraph\">Al respecto, ha sido muy grata nuestra sorpresa ver, despu\u00e9s de no convivir con ellas seis meses, c\u00f3mo se han organizado en sus estudios, traslados a la facultad, tareas dom\u00e9sticas y su convivencia, que por cierto, inicialmente tuvo sus contratiempos. Considero que todo esto es muy bueno, pues est\u00e1n forjando su camino para su desempe\u00f1o profesional futuro y su vida adulta en general.<\/p>\n<p id=\"ember606\" class=\"ember-view reader-text-block__paragraph\">En ese sentido, un poco en broma y un poco en serio, les dec\u00eda que hab\u00edamos venido a estar con ustedes, sin embargo ambas ya tienen su propia rutina de estudios, clases, amistades de la facultad, del barrio, de sus trabajos por horas e incluso su colaboraci\u00f3n en la parroquia; lo que corrobora con acciones lo que menciono en el p\u00e1rrafo anterior.<\/p>\n<p id=\"ember607\" class=\"ember-view reader-text-block__paragraph\">Por ello, Jessica y yo aprovechamos el tiempo para ver y compartir con los amigos que hicimos en esta ciudad, desde una peque\u00f1a comida, un tradicional asado y una visita al campo de una familia del colegio de una de las chicas. En todos los casos nos comentaban c\u00f3mo ellos ve\u00edan que nuestras hijas se hab\u00edan adaptado a su nueva realidad de estudios, pero sobre todo dec\u00edan que eran buenas chicas. Debo confesar que en esos momentos se me inflaba el pecho y sin merecimiento alguno, pues casi la totalidad de ese trabajo es obra de su mam\u00e1.<\/p>\n<p id=\"ember610\" class=\"ember-view reader-text-block__paragraph\">A ra\u00edz de esta vivencia familiar, quisiera compartir algunas reflexiones que son obvias, pero vale recordarlas.<\/p>\n<ul>\n<li>El tiempo vuela, si vale el t\u00e9rmino apapachen m\u00e1s a sus hijas(os), pues hoy est\u00e1n peque\u00f1os y cuando menos lo crean ya estar\u00e1n grandes y forjando su futuro.<\/li>\n<li>Que sepan descubrir, cultivar y cuidar su interior, su coraz\u00f3n y su alma, es decir, su vida espiritual.<\/li>\n<li>Ay\u00fadenlos a descubrir y desplegar lo que realmente importa en la vida, como los estudios, claro que s\u00ed, pero sobre todo a ser buenas personas.<\/li>\n<\/ul>\n<p id=\"ember612\" class=\"ember-view reader-text-block__paragraph\">Para acompa\u00f1ar esta reflexi\u00f3n, traigo a colaci\u00f3n unas citas.<\/p>\n<ul>\n<li>\u201cPara ser feliz, debes estar instalado en el presente de manera equilibrada, habiendo superado las heridas del pasado y mirando con ilusi\u00f3n el futuro\u201d. Marian Rojas Estap\u00e9, Psiquiatra Espa\u00f1ola.<\/li>\n<li>\u201cAprende a valorar lo que realmente importa en la vida, la misma es muy corta\u201d. Marlene Negreiros, VP Talento y Cultura Unacem.<\/li>\n<li>\u201c\u00bfC\u00f3mo quieres que te recuerden? En la vida, no se trata solo de lo que logramos profesionalmente, sino de la huella que dejamos en los dem\u00e1s\u201d. Victor Kuppers.<\/li>\n<\/ul>\n<p id=\"ember614\" class=\"ember-view reader-text-block__paragraph\">Finalmente, invitarlos en caso de que crean \u00fatil y apropiado este art\u00edculo, extrapolarlo a su realidad personal y\/o familiar.<\/p>\n<p id=\"ember615\" class=\"ember-view reader-text-block__paragraph\">\u00a1\u00c1nimo, sigamos s\u00ed o s\u00ed, remando contra corriente!<\/p>\n<p><img loading=\"lazy\" decoding=\"async\" class=\"size-full wp-image-141116 alignnone\" src=\"https:\/\/exaudi.org\/wp-content\/uploads\/2025\/10\/Voces-1-4.jpg\" alt=\"\" width=\"1080\" height=\"1080\" srcset=\"https:\/\/exaudi.org\/wp-content\/uploads\/2025\/10\/Voces-1-4.jpg 1080w, https:\/\/exaudi.org\/wp-content\/uploads\/2025\/10\/Voces-1-4-300x300.jpg 300w, https:\/\/exaudi.org\/wp-content\/uploads\/2025\/10\/Voces-1-4-1024x1024.jpg 1024w, https:\/\/exaudi.org\/wp-content\/uploads\/2025\/10\/Voces-1-4-100x100.jpg?crop=1 100w, https:\/\/exaudi.org\/wp-content\/uploads\/2025\/10\/Voces-1-4-770x770.jpg 770w, https:\/\/exaudi.org\/wp-content\/uploads\/2025\/10\/Voces-1-4-500x500.jpg 500w\" sizes=\"auto, (max-width: 1080px) 100vw, 1080px\" \/><\/p>\n","protected":false},"excerpt":{"rendered":"<p>Familia, valores esenciales y crecimiento personal<\/p>\n","protected":false},"author":134,"featured_media":141113,"comment_status":"closed","ping_status":"closed","sticky":false,"template":"","format":"standard","meta":{"_acf_changed":false,"_crdt_document":"","inline_featured_image":false,"footnotes":""},"categories":[130],"tags":[1761,1853,15214,19950,14732,1854,7768,47947,20924,617,4625,8019,3793,15535,9327,21155,21154,1315,796,11783,38496,58880,7218,1313],"class_list":["post-141109","post","type-post","status-publish","format-standard","has-post-thumbnail","hentry","category-voces","tag-amor","tag-buenos-aires","tag-crecimiento-espiritual","tag-crianza","tag-desarrollo-personal","tag-educacion","tag-ensenanza","tag-estudios-universitarios","tag-experiencias","tag-familia","tag-felicidad","tag-futuro","tag-hijos","tag-hugo-saldana-estrada","tag-ia","tag-inspiracion","tag-motivacion","tag-reflexiones","tag-responsabilidad","tag-tecnologia-2","tag-tiempo-en-familia","tag-trending-es-151","tag-valores","tag-vida"],"acf":[],"yoast_head":"<!-- This site is optimized with the Yoast SEO plugin v27.4 - https:\/\/yoast.com\/product\/yoast-seo-wordpress\/ -->\n<title>Lo que realmente importa en la vida &#8211; Exaudi<\/title>\n<meta name=\"robots\" content=\"index, follow, max-snippet:-1, max-image-preview:large, max-video-preview:-1\" \/>\n<link rel=\"canonical\" href=\"https:\/\/exaudi.org\/es\/lo-que-realmente-importa-en-la-vida\/\" \/>\n<meta property=\"og:locale\" content=\"es_ES\" \/>\n<meta property=\"og:type\" content=\"article\" \/>\n<meta property=\"og:title\" content=\"Lo que realmente importa en la vida &#8211; Exaudi\" \/>\n<meta property=\"og:description\" content=\"Familia, valores esenciales y crecimiento personal\" \/>\n<meta property=\"og:url\" content=\"https:\/\/exaudi.org\/es\/lo-que-realmente-importa-en-la-vida\/\" \/>\n<meta property=\"og:site_name\" content=\"Exaudi\" \/>\n<meta property=\"article:publisher\" content=\"https:\/\/www.facebook.com\/ExaudiNews\" \/>\n<meta property=\"article:published_time\" content=\"2025-10-21T07:30:39+00:00\" \/>\n<meta property=\"article:modified_time\" content=\"2025-10-21T08:02:35+00:00\" \/>\n<meta property=\"og:image\" content=\"https:\/\/exaudi.org\/wp-content\/uploads\/2025\/10\/1760968787.png\" \/>\n\t<meta property=\"og:image:width\" content=\"1664\" \/>\n\t<meta property=\"og:image:height\" content=\"928\" \/>\n\t<meta property=\"og:image:type\" content=\"image\/png\" \/>\n<meta name=\"author\" content=\"Hugo Salda\u00f1a Estrada\" \/>\n<meta name=\"twitter:card\" content=\"summary_large_image\" \/>\n<meta name=\"twitter:creator\" content=\"@Exaudi_News\" \/>\n<meta name=\"twitter:site\" content=\"@Exaudi_News\" \/>\n<meta name=\"twitter:label1\" content=\"Escrito por\" \/>\n\t<meta name=\"twitter:data1\" content=\"Hugo Salda\u00f1a Estrada\" \/>\n\t<meta name=\"twitter:label2\" content=\"Tiempo de lectura\" \/>\n\t<meta name=\"twitter:data2\" content=\"3 minutos\" \/>\n<script type=\"application\/ld+json\" class=\"yoast-schema-graph\">{\"@context\":\"https:\\\/\\\/schema.org\",\"@graph\":[{\"@type\":\"Article\",\"@id\":\"https:\\\/\\\/exaudi.org\\\/es\\\/lo-que-realmente-importa-en-la-vida\\\/#article\",\"isPartOf\":{\"@id\":\"https:\\\/\\\/exaudi.org\\\/es\\\/lo-que-realmente-importa-en-la-vida\\\/\"},\"author\":{\"name\":\"Hugo Salda\u00f1a Estrada\",\"@id\":\"https:\\\/\\\/exaudi.org\\\/#\\\/schema\\\/person\\\/353d70da24ff03991a0f19b1948992e3\"},\"headline\":\"Lo que realmente importa en la vida\",\"datePublished\":\"2025-10-21T07:30:39+00:00\",\"dateModified\":\"2025-10-21T08:02:35+00:00\",\"mainEntityOfPage\":{\"@id\":\"https:\\\/\\\/exaudi.org\\\/es\\\/lo-que-realmente-importa-en-la-vida\\\/\"},\"wordCount\":654,\"image\":{\"@id\":\"https:\\\/\\\/exaudi.org\\\/es\\\/lo-que-realmente-importa-en-la-vida\\\/#primaryimage\"},\"thumbnailUrl\":\"https:\\\/\\\/exaudi.org\\\/wp-content\\\/uploads\\\/2025\\\/10\\\/1760968787.png\",\"keywords\":[\"Amor\",\"Buenos Aires\",\"crecimiento espiritual\",\"crianza\",\"Desarrollo personal\",\"Educaci\u00f3n\",\"Ense\u00f1anza\",\"Estudios Universitarios\",\"experiencias\",\"Familia\",\"Felicidad\",\"Futuro\",\"Hijos\",\"Hugo Salda\u00f1a Estrada\",\"IA\",\"inspiraci\u00f3n\",\"motivaci\u00f3n\",\"Reflexiones\",\"responsabilidad\",\"Tecnolog\u00eda\",\"tiempo en familia\",\"Trending\",\"Valores\",\"Vida\"],\"articleSection\":[\"Voces\"],\"inLanguage\":\"es\"},{\"@type\":\"WebPage\",\"@id\":\"https:\\\/\\\/exaudi.org\\\/es\\\/lo-que-realmente-importa-en-la-vida\\\/\",\"url\":\"https:\\\/\\\/exaudi.org\\\/es\\\/lo-que-realmente-importa-en-la-vida\\\/\",\"name\":\"Lo que realmente importa en la vida &#8211; Exaudi\",\"isPartOf\":{\"@id\":\"https:\\\/\\\/exaudi.org\\\/#website\"},\"primaryImageOfPage\":{\"@id\":\"https:\\\/\\\/exaudi.org\\\/es\\\/lo-que-realmente-importa-en-la-vida\\\/#primaryimage\"},\"image\":{\"@id\":\"https:\\\/\\\/exaudi.org\\\/es\\\/lo-que-realmente-importa-en-la-vida\\\/#primaryimage\"},\"thumbnailUrl\":\"https:\\\/\\\/exaudi.org\\\/wp-content\\\/uploads\\\/2025\\\/10\\\/1760968787.png\",\"datePublished\":\"2025-10-21T07:30:39+00:00\",\"dateModified\":\"2025-10-21T08:02:35+00:00\",\"author\":{\"@id\":\"https:\\\/\\\/exaudi.org\\\/#\\\/schema\\\/person\\\/353d70da24ff03991a0f19b1948992e3\"},\"breadcrumb\":{\"@id\":\"https:\\\/\\\/exaudi.org\\\/es\\\/lo-que-realmente-importa-en-la-vida\\\/#breadcrumb\"},\"inLanguage\":\"es\",\"potentialAction\":[{\"@type\":\"ReadAction\",\"target\":[\"https:\\\/\\\/exaudi.org\\\/es\\\/lo-que-realmente-importa-en-la-vida\\\/\"]}]},{\"@type\":\"ImageObject\",\"inLanguage\":\"es\",\"@id\":\"https:\\\/\\\/exaudi.org\\\/es\\\/lo-que-realmente-importa-en-la-vida\\\/#primaryimage\",\"url\":\"https:\\\/\\\/exaudi.org\\\/wp-content\\\/uploads\\\/2025\\\/10\\\/1760968787.png\",\"contentUrl\":\"https:\\\/\\\/exaudi.org\\\/wp-content\\\/uploads\\\/2025\\\/10\\\/1760968787.png\",\"width\":1664,\"height\":928},{\"@type\":\"BreadcrumbList\",\"@id\":\"https:\\\/\\\/exaudi.org\\\/es\\\/lo-que-realmente-importa-en-la-vida\\\/#breadcrumb\",\"itemListElement\":[{\"@type\":\"ListItem\",\"position\":1,\"name\":\"Portada\",\"item\":\"https:\\\/\\\/exaudi.org\\\/es\\\/\"},{\"@type\":\"ListItem\",\"position\":2,\"name\":\"Lo que realmente importa en la vida\"}]},{\"@type\":\"WebSite\",\"@id\":\"https:\\\/\\\/exaudi.org\\\/#website\",\"url\":\"https:\\\/\\\/exaudi.org\\\/\",\"name\":\"Exaudi\",\"description\":\"News\",\"potentialAction\":[{\"@type\":\"SearchAction\",\"target\":{\"@type\":\"EntryPoint\",\"urlTemplate\":\"https:\\\/\\\/exaudi.org\\\/?s={search_term_string}\"},\"query-input\":{\"@type\":\"PropertyValueSpecification\",\"valueRequired\":true,\"valueName\":\"search_term_string\"}}],\"inLanguage\":\"es\"},{\"@type\":\"Person\",\"@id\":\"https:\\\/\\\/exaudi.org\\\/#\\\/schema\\\/person\\\/353d70da24ff03991a0f19b1948992e3\",\"name\":\"Hugo Salda\u00f1a Estrada\",\"image\":{\"@type\":\"ImageObject\",\"inLanguage\":\"es\",\"@id\":\"https:\\\/\\\/secure.gravatar.com\\\/avatar\\\/aec371521ec3d7c6916577aaa96c57dd491f5cbb6c5480ff969ad34bc7f63c6a?s=96&d=mm&r=g\",\"url\":\"https:\\\/\\\/secure.gravatar.com\\\/avatar\\\/aec371521ec3d7c6916577aaa96c57dd491f5cbb6c5480ff969ad34bc7f63c6a?s=96&d=mm&r=g\",\"contentUrl\":\"https:\\\/\\\/secure.gravatar.com\\\/avatar\\\/aec371521ec3d7c6916577aaa96c57dd491f5cbb6c5480ff969ad34bc7f63c6a?s=96&d=mm&r=g\",\"caption\":\"Hugo Salda\u00f1a Estrada\"},\"description\":\"Gerente de Showroom Ventas en Roca SAC. Veinte a\u00f1os de experiencia, generando valor en empresas transnacionales y de primer nivel a trav\u00e9s de la gesti\u00f3n integral de procesos de recursos humanos, tales como selecci\u00f3n de talento, estrategias de compensaciones, evaluaci\u00f3n del desempe\u00f1o y gesti\u00f3n del clima laboral.\",\"sameAs\":[\"https:\\\/\\\/www.linkedin.com\\\/in\\\/hugosaldanaestrada\\\/\"],\"url\":\"https:\\\/\\\/exaudi.org\\\/es\\\/author\\\/hugo-saldana-estrada\\\/\"}]}<\/script>\n<!-- \/ Yoast SEO plugin. -->","yoast_head_json":{"title":"Lo que realmente importa en la vida &#8211; Exaudi","robots":{"index":"index","follow":"follow","max-snippet":"max-snippet:-1","max-image-preview":"max-image-preview:large","max-video-preview":"max-video-preview:-1"},"canonical":"https:\/\/exaudi.org\/es\/lo-que-realmente-importa-en-la-vida\/","og_locale":"es_ES","og_type":"article","og_title":"Lo que realmente importa en la vida &#8211; Exaudi","og_description":"Familia, valores esenciales y crecimiento personal","og_url":"https:\/\/exaudi.org\/es\/lo-que-realmente-importa-en-la-vida\/","og_site_name":"Exaudi","article_publisher":"https:\/\/www.facebook.com\/ExaudiNews","article_published_time":"2025-10-21T07:30:39+00:00","article_modified_time":"2025-10-21T08:02:35+00:00","og_image":[{"width":1664,"height":928,"url":"https:\/\/exaudi.org\/wp-content\/uploads\/2025\/10\/1760968787.png","type":"image\/png"}],"author":"Hugo Salda\u00f1a Estrada","twitter_card":"summary_large_image","twitter_creator":"@Exaudi_News","twitter_site":"@Exaudi_News","twitter_misc":{"Escrito por":"Hugo Salda\u00f1a Estrada","Tiempo de lectura":"3 minutos"},"schema":{"@context":"https:\/\/schema.org","@graph":[{"@type":"Article","@id":"https:\/\/exaudi.org\/es\/lo-que-realmente-importa-en-la-vida\/#article","isPartOf":{"@id":"https:\/\/exaudi.org\/es\/lo-que-realmente-importa-en-la-vida\/"},"author":{"name":"Hugo Salda\u00f1a Estrada","@id":"https:\/\/exaudi.org\/#\/schema\/person\/353d70da24ff03991a0f19b1948992e3"},"headline":"Lo que realmente importa en la vida","datePublished":"2025-10-21T07:30:39+00:00","dateModified":"2025-10-21T08:02:35+00:00","mainEntityOfPage":{"@id":"https:\/\/exaudi.org\/es\/lo-que-realmente-importa-en-la-vida\/"},"wordCount":654,"image":{"@id":"https:\/\/exaudi.org\/es\/lo-que-realmente-importa-en-la-vida\/#primaryimage"},"thumbnailUrl":"https:\/\/exaudi.org\/wp-content\/uploads\/2025\/10\/1760968787.png","keywords":["Amor","Buenos Aires","crecimiento espiritual","crianza","Desarrollo personal","Educaci\u00f3n","Ense\u00f1anza","Estudios Universitarios","experiencias","Familia","Felicidad","Futuro","Hijos","Hugo Salda\u00f1a Estrada","IA","inspiraci\u00f3n","motivaci\u00f3n","Reflexiones","responsabilidad","Tecnolog\u00eda","tiempo en familia","Trending","Valores","Vida"],"articleSection":["Voces"],"inLanguage":"es"},{"@type":"WebPage","@id":"https:\/\/exaudi.org\/es\/lo-que-realmente-importa-en-la-vida\/","url":"https:\/\/exaudi.org\/es\/lo-que-realmente-importa-en-la-vida\/","name":"Lo que realmente importa en la vida &#8211; Exaudi","isPartOf":{"@id":"https:\/\/exaudi.org\/#website"},"primaryImageOfPage":{"@id":"https:\/\/exaudi.org\/es\/lo-que-realmente-importa-en-la-vida\/#primaryimage"},"image":{"@id":"https:\/\/exaudi.org\/es\/lo-que-realmente-importa-en-la-vida\/#primaryimage"},"thumbnailUrl":"https:\/\/exaudi.org\/wp-content\/uploads\/2025\/10\/1760968787.png","datePublished":"2025-10-21T07:30:39+00:00","dateModified":"2025-10-21T08:02:35+00:00","author":{"@id":"https:\/\/exaudi.org\/#\/schema\/person\/353d70da24ff03991a0f19b1948992e3"},"breadcrumb":{"@id":"https:\/\/exaudi.org\/es\/lo-que-realmente-importa-en-la-vida\/#breadcrumb"},"inLanguage":"es","potentialAction":[{"@type":"ReadAction","target":["https:\/\/exaudi.org\/es\/lo-que-realmente-importa-en-la-vida\/"]}]},{"@type":"ImageObject","inLanguage":"es","@id":"https:\/\/exaudi.org\/es\/lo-que-realmente-importa-en-la-vida\/#primaryimage","url":"https:\/\/exaudi.org\/wp-content\/uploads\/2025\/10\/1760968787.png","contentUrl":"https:\/\/exaudi.org\/wp-content\/uploads\/2025\/10\/1760968787.png","width":1664,"height":928},{"@type":"BreadcrumbList","@id":"https:\/\/exaudi.org\/es\/lo-que-realmente-importa-en-la-vida\/#breadcrumb","itemListElement":[{"@type":"ListItem","position":1,"name":"Portada","item":"https:\/\/exaudi.org\/es\/"},{"@type":"ListItem","position":2,"name":"Lo que realmente importa en la vida"}]},{"@type":"WebSite","@id":"https:\/\/exaudi.org\/#website","url":"https:\/\/exaudi.org\/","name":"Exaudi","description":"News","potentialAction":[{"@type":"SearchAction","target":{"@type":"EntryPoint","urlTemplate":"https:\/\/exaudi.org\/?s={search_term_string}"},"query-input":{"@type":"PropertyValueSpecification","valueRequired":true,"valueName":"search_term_string"}}],"inLanguage":"es"},{"@type":"Person","@id":"https:\/\/exaudi.org\/#\/schema\/person\/353d70da24ff03991a0f19b1948992e3","name":"Hugo Salda\u00f1a Estrada","image":{"@type":"ImageObject","inLanguage":"es","@id":"https:\/\/secure.gravatar.com\/avatar\/aec371521ec3d7c6916577aaa96c57dd491f5cbb6c5480ff969ad34bc7f63c6a?s=96&d=mm&r=g","url":"https:\/\/secure.gravatar.com\/avatar\/aec371521ec3d7c6916577aaa96c57dd491f5cbb6c5480ff969ad34bc7f63c6a?s=96&d=mm&r=g","contentUrl":"https:\/\/secure.gravatar.com\/avatar\/aec371521ec3d7c6916577aaa96c57dd491f5cbb6c5480ff969ad34bc7f63c6a?s=96&d=mm&r=g","caption":"Hugo Salda\u00f1a Estrada"},"description":"Gerente de Showroom Ventas en Roca SAC. Veinte a\u00f1os de experiencia, generando valor en empresas transnacionales y de primer nivel a trav\u00e9s de la gesti\u00f3n integral de procesos de recursos humanos, tales como selecci\u00f3n de talento, estrategias de compensaciones, evaluaci\u00f3n del desempe\u00f1o y gesti\u00f3n del clima laboral.","sameAs":["https:\/\/www.linkedin.com\/in\/hugosaldanaestrada\/"],"url":"https:\/\/exaudi.org\/es\/author\/hugo-saldana-estrada\/"}]}},"jetpack_featured_media_url":"https:\/\/exaudi.org\/wp-content\/uploads\/2025\/10\/1760968787.png","jetpack_shortlink":"https:\/\/wp.me\/pgKjF2-AHX","_links":{"self":[{"href":"https:\/\/exaudi.org\/es\/wp-json\/wp\/v2\/posts\/141109","targetHints":{"allow":["GET"]}}],"collection":[{"href":"https:\/\/exaudi.org\/es\/wp-json\/wp\/v2\/posts"}],"about":[{"href":"https:\/\/exaudi.org\/es\/wp-json\/wp\/v2\/types\/post"}],"author":[{"embeddable":true,"href":"https:\/\/exaudi.org\/es\/wp-json\/wp\/v2\/users\/134"}],"replies":[{"embeddable":true,"href":"https:\/\/exaudi.org\/es\/wp-json\/wp\/v2\/comments?post=141109"}],"version-history":[{"count":5,"href":"https:\/\/exaudi.org\/es\/wp-json\/wp\/v2\/posts\/141109\/revisions"}],"predecessor-version":[{"id":141190,"href":"https:\/\/exaudi.org\/es\/wp-json\/wp\/v2\/posts\/141109\/revisions\/141190"}],"wp:featuredmedia":[{"embeddable":true,"href":"https:\/\/exaudi.org\/es\/wp-json\/wp\/v2\/media\/141113"}],"wp:attachment":[{"href":"https:\/\/exaudi.org\/es\/wp-json\/wp\/v2\/media?parent=141109"}],"wp:term":[{"taxonomy":"category","embeddable":true,"href":"https:\/\/exaudi.org\/es\/wp-json\/wp\/v2\/categories?post=141109"},{"taxonomy":"post_tag","embeddable":true,"href":"https:\/\/exaudi.org\/es\/wp-json\/wp\/v2\/tags?post=141109"}],"curies":[{"name":"wp","href":"https:\/\/api.w.org\/{rel}","templated":true}]}}