{"id":14085,"date":"2021-04-29T12:30:25","date_gmt":"2021-04-29T10:30:25","guid":{"rendered":"https:\/\/exaudi.org\/?p=14085"},"modified":"2021-04-29T15:37:49","modified_gmt":"2021-04-29T13:37:49","slug":"peru-pesame-papa-asesinato-misionera-chimbote-2021","status":"publish","type":"post","link":"https:\/\/exaudi.org\/es\/peru-pesame-papa-asesinato-misionera-chimbote-2021\/","title":{"rendered":"Per\u00fa: P\u00e9same del Papa por el asesinato de la misionera en Chimbote"},"content":{"rendered":"<p>El <a href=\"https:\/\/exaudi.org\/es\/motu-proprio-papa-vaticano-ley-anticorrupcion-directivos\/\" target=\"_blank\" rel=\"noopener noreferrer\">Papa Francisco<\/a> envi\u00f3 un telegrama en espa\u00f1ol, firmado por el cardenal Pietro Parolin, secretario de Estado, al obispo de Chimbote, <a href=\"https:\/\/exaudi.org\/es\/peru-ollas-que-gritan-esperanza\/\" target=\"_blank\" rel=\"noopener noreferrer\">Per\u00fa<\/a>, con motivo del reciente asesinato de Nadia De Munari, misionera permanente de la Operaci\u00f3n <em>Mato Grosso<\/em>, agredida el pasado mi\u00e9rcoles 21 de abril de 2021 y fallecida el siguiente s\u00e1bado d\u00eda 24.<\/p>\n<h4><strong>Desaprobaci\u00f3n de la violencia<\/strong><\/h4>\n<p>Tal y como ha informado Vatican News hoy, 28 de abril, en un art\u00edculo, el Santo Padre reiter\u00f3 en su mensaje su firme desaprobaci\u00f3n del nuevo e injustificable episodio de violencia, que se suma a los muchos otros en los que misioneros han perdido la vida mientras realizaban sus servicio con abnegaci\u00f3n al Evangelio y de la asistencia a los m\u00e1s necesitados e indefensos.<\/p>\n<p>Asimismo, el Pont\u00edfice ofreci\u00f3 oraciones por el eterno descanso del alma de esta voluntaria y la confi\u00f3 a la intercesi\u00f3n de la Virgen Mar\u00eda, y expres\u00f3 su cercan\u00eda paternal a sus padres, familia y allegados, asegur\u00e1ndoles su recuerdo en la oraci\u00f3n y su bendici\u00f3n a todos los que participar\u00e1n en el funeral, tanto en Per\u00fa como, lo antes posible, en Italia.<\/p>\n<h4><strong>Comunicado del Episcopado<\/strong><\/h4>\n<p>El pasado lunes 26 de abril, la <a href=\"https:\/\/www.facebook.com\/diocesisdechimbote\/\" target=\"_blank\" rel=\"noopener noreferrer\">di\u00f3cesis de Chimbote<\/a>, a trav\u00e9s de un comunicado oficial de su obispo, monse\u00f1or \u00c1ngel Francisco Sim\u00f3n Piorno, manifest\u00f3 su \u201cdesconcierto y dolor por el cruel asesinato de la misionera italiana, Nadia De Munari, en el Centro Asistencial <em>Mamma Mia<\/em>\u201d.<\/p>\n<p>Del mismo modo, en el texto se rechaza \u201ctodo acto de violencia, sobre todo este hecho execrable que hiere profundamente la sensibilidad de los cristianos y de toda persona de buena voluntad\u201d. Dicho acto, prosigue el comunicado, \u201cha conmocionado a la regi\u00f3n y al mundo cat\u00f3lico por las repudiables acciones ejecutadas con crueldad contra la vida de una persona consagrada al servicio de Dios y de los hermanos\u201d.<\/p>\n<h4><strong>Paz, justicia y perd\u00f3n<\/strong><\/h4>\n<p>Desde Chimbote tambi\u00e9n se manifiesta su \u201csolidaridad y cercan\u00eda con la Operaci\u00f3n <em>Mato Grosso<\/em>, especialmente con los que comparten su experiencia de fe\u201d en la localidad. Tenemos, contin\u00faan, \u201cla certeza que la sangre derramada se convierta en semilla de esperanza para seguir construyendo una aut\u00e9ntica fraternidad entre los pueblos\u201d.<\/p>\n<p>\u201cNo habr\u00e1 paz sin justicia, ni justicia sin perd\u00f3n, por eso creemos que la esperanza que sostiene a la Iglesia es que el mundo, donde el poder del mal parece predominar, se transforme con la gracia de Dios, en un mundo en el que puedan colmarse las aspiraciones m\u00e1s nobles del coraz\u00f3n humano; un mundo en el que prevalezca la verdadera paz\u201d, se lee en el mensaje.<\/p>\n<p>Por \u00faltimo, se elevan oraciones de sufragio por Nadia De Munari, \u201cgenerosa testigo del Evangelio\u201d, para que Dios le acoja en su morada de paz y \u201cconsuele a sus familiares y a cuantos lloran la p\u00e9rdida de esta querida hermana\u201d.<\/p>\n<h4><strong>Sucesos<\/strong><\/h4>\n<p>Seg\u00fan relat\u00f3 el diario local de Chimbote, el pasado mi\u00e9rcoles 21 de abril de 2021, un grupo de delincuentes intentaron asesinar a la misionera italiana de 50 a\u00f1os, en ese momento encargada de la casa del hogar <em>Mamma Mia<\/em>, perteneciente a la operaci\u00f3n\u00a0<em>Mato Grosso<\/em> en Nuevo Chimbote. El ataque sucedi\u00f3 mientras la voluntaria dorm\u00eda, dej\u00e1ndola al borde de la muerte, ocurrida el s\u00e1bado 24. La polic\u00eda asegur\u00f3 que las heridas recibidas por Nadia fueron producidas por un machete y una comba.<\/p>\n<p>En el momento de atentado, dentro del edificio se encontraba un grupo de 10 docentes m\u00e1s, todos ellos residentes de forma permanente. Seg\u00fan relatan, la voluntaria asesinada se encontraba inconsciente sobre un gran charco de sangre con graves lesiones en la cabeza y fue trasladada con rapidez al hospital regional Eleazar Guzm\u00e1n Barr\u00f3n.<\/p>\n","protected":false},"excerpt":{"rendered":"<p>Nadia De Munari<\/p>\n","protected":false},"author":6,"featured_media":14099,"comment_status":"closed","ping_status":"closed","sticky":false,"template":"","format":"standard","meta":{"_acf_changed":false,"_crdt_document":"","inline_featured_image":false,"footnotes":""},"categories":[68,298],"tags":[2025,2024,158,945],"class_list":["post-14085","post","type-post","status-publish","format-standard","has-post-thumbnail","hentry","category-leon-xiv","category-ultimas-noticias","tag-asesinato","tag-diocesis-de-chimbote","tag-papa-francisco","tag-peru"],"acf":[],"yoast_head":"<!-- This site is optimized with the Yoast SEO plugin v27.5 - https:\/\/yoast.com\/product\/yoast-seo-wordpress\/ -->\n<title>Per\u00fa: P\u00e9same del Papa por el asesinato de la misionera en Chimbote<\/title>\n<meta name=\"description\" content=\"El Papa envi\u00f3 un telegrama de p\u00e9same por el reciente asesinato de Nadia De Munari, misionera permanente de Chimbote, localidad de Per\u00fa.\" \/>\n<meta name=\"robots\" content=\"index, follow, max-snippet:-1, max-image-preview:large, max-video-preview:-1\" \/>\n<link rel=\"canonical\" href=\"https:\/\/exaudi.org\/es\/peru-pesame-papa-asesinato-misionera-chimbote-2021\/\" \/>\n<meta property=\"og:locale\" content=\"es_ES\" \/>\n<meta property=\"og:type\" content=\"article\" \/>\n<meta property=\"og:title\" content=\"Per\u00fa: P\u00e9same del Papa por el asesinato de la misionera en Chimbote\" \/>\n<meta property=\"og:description\" content=\"El Papa envi\u00f3 un telegrama de p\u00e9same por el reciente asesinato de Nadia De Munari, misionera permanente de Chimbote, localidad de Per\u00fa.\" \/>\n<meta property=\"og:url\" content=\"https:\/\/exaudi.org\/es\/peru-pesame-papa-asesinato-misionera-chimbote-2021\/\" \/>\n<meta property=\"og:site_name\" content=\"Exaudi\" \/>\n<meta property=\"article:publisher\" content=\"https:\/\/www.facebook.com\/ExaudiNews\" \/>\n<meta property=\"article:published_time\" content=\"2021-04-29T10:30:25+00:00\" \/>\n<meta property=\"article:modified_time\" content=\"2021-04-29T13:37:49+00:00\" \/>\n<meta property=\"og:image\" content=\"https:\/\/exaudi.org\/wp-content\/uploads\/2021\/04\/cq5dam.thumbnail.cropped.750.422-9.jpeg\" \/>\n\t<meta property=\"og:image:width\" content=\"750\" \/>\n\t<meta property=\"og:image:height\" content=\"422\" \/>\n\t<meta property=\"og:image:type\" content=\"image\/jpeg\" \/>\n<meta name=\"author\" content=\"Gabriel Sales\" \/>\n<meta name=\"twitter:card\" content=\"summary_large_image\" \/>\n<meta name=\"twitter:creator\" content=\"@habemusman\" \/>\n<meta name=\"twitter:site\" content=\"@Exaudi_News\" \/>\n<meta name=\"twitter:label1\" content=\"Escrito por\" \/>\n\t<meta name=\"twitter:data1\" content=\"Gabriel Sales\" \/>\n\t<meta name=\"twitter:label2\" content=\"Tiempo de lectura\" \/>\n\t<meta name=\"twitter:data2\" content=\"3 minutos\" \/>\n<script type=\"application\/ld+json\" class=\"yoast-schema-graph\">{\"@context\":\"https:\\\/\\\/schema.org\",\"@graph\":[{\"@type\":\"Article\",\"@id\":\"https:\\\/\\\/exaudi.org\\\/es\\\/peru-pesame-papa-asesinato-misionera-chimbote-2021\\\/#article\",\"isPartOf\":{\"@id\":\"https:\\\/\\\/exaudi.org\\\/es\\\/peru-pesame-papa-asesinato-misionera-chimbote-2021\\\/\"},\"author\":{\"name\":\"Gabriel Sales\",\"@id\":\"https:\\\/\\\/exaudi.org\\\/#\\\/schema\\\/person\\\/d134b96438278131ce90c90c03fda6cd\"},\"headline\":\"Per\u00fa: P\u00e9same del Papa por el asesinato de la misionera en Chimbote\",\"datePublished\":\"2021-04-29T10:30:25+00:00\",\"dateModified\":\"2021-04-29T13:37:49+00:00\",\"mainEntityOfPage\":{\"@id\":\"https:\\\/\\\/exaudi.org\\\/es\\\/peru-pesame-papa-asesinato-misionera-chimbote-2021\\\/\"},\"wordCount\":645,\"image\":{\"@id\":\"https:\\\/\\\/exaudi.org\\\/es\\\/peru-pesame-papa-asesinato-misionera-chimbote-2021\\\/#primaryimage\"},\"thumbnailUrl\":\"https:\\\/\\\/exaudi.org\\\/wp-content\\\/uploads\\\/2021\\\/04\\\/cq5dam.thumbnail.cropped.750.422-9.jpeg\",\"keywords\":[\"Asesinato\",\"Di\u00f3cesis de Chimbote\",\"papa francisco\",\"Per\u00fa\"],\"articleSection\":[\"Le\u00f3n XIV\",\"\u00daltimas noticias\"],\"inLanguage\":\"es\"},{\"@type\":\"WebPage\",\"@id\":\"https:\\\/\\\/exaudi.org\\\/es\\\/peru-pesame-papa-asesinato-misionera-chimbote-2021\\\/\",\"url\":\"https:\\\/\\\/exaudi.org\\\/es\\\/peru-pesame-papa-asesinato-misionera-chimbote-2021\\\/\",\"name\":\"Per\u00fa: P\u00e9same del Papa por el asesinato de la misionera en Chimbote\",\"isPartOf\":{\"@id\":\"https:\\\/\\\/exaudi.org\\\/#website\"},\"primaryImageOfPage\":{\"@id\":\"https:\\\/\\\/exaudi.org\\\/es\\\/peru-pesame-papa-asesinato-misionera-chimbote-2021\\\/#primaryimage\"},\"image\":{\"@id\":\"https:\\\/\\\/exaudi.org\\\/es\\\/peru-pesame-papa-asesinato-misionera-chimbote-2021\\\/#primaryimage\"},\"thumbnailUrl\":\"https:\\\/\\\/exaudi.org\\\/wp-content\\\/uploads\\\/2021\\\/04\\\/cq5dam.thumbnail.cropped.750.422-9.jpeg\",\"datePublished\":\"2021-04-29T10:30:25+00:00\",\"dateModified\":\"2021-04-29T13:37:49+00:00\",\"author\":{\"@id\":\"https:\\\/\\\/exaudi.org\\\/#\\\/schema\\\/person\\\/d134b96438278131ce90c90c03fda6cd\"},\"description\":\"El Papa envi\u00f3 un telegrama de p\u00e9same por el reciente asesinato de Nadia De Munari, misionera permanente de Chimbote, localidad de Per\u00fa.\",\"breadcrumb\":{\"@id\":\"https:\\\/\\\/exaudi.org\\\/es\\\/peru-pesame-papa-asesinato-misionera-chimbote-2021\\\/#breadcrumb\"},\"inLanguage\":\"es\",\"potentialAction\":[{\"@type\":\"ReadAction\",\"target\":[\"https:\\\/\\\/exaudi.org\\\/es\\\/peru-pesame-papa-asesinato-misionera-chimbote-2021\\\/\"]}]},{\"@type\":\"ImageObject\",\"inLanguage\":\"es\",\"@id\":\"https:\\\/\\\/exaudi.org\\\/es\\\/peru-pesame-papa-asesinato-misionera-chimbote-2021\\\/#primaryimage\",\"url\":\"https:\\\/\\\/exaudi.org\\\/wp-content\\\/uploads\\\/2021\\\/04\\\/cq5dam.thumbnail.cropped.750.422-9.jpeg\",\"contentUrl\":\"https:\\\/\\\/exaudi.org\\\/wp-content\\\/uploads\\\/2021\\\/04\\\/cq5dam.thumbnail.cropped.750.422-9.jpeg\",\"width\":750,\"height\":422,\"caption\":\"Nadia De Munari \u00a9\ufe0f Vatican Media\"},{\"@type\":\"BreadcrumbList\",\"@id\":\"https:\\\/\\\/exaudi.org\\\/es\\\/peru-pesame-papa-asesinato-misionera-chimbote-2021\\\/#breadcrumb\",\"itemListElement\":[{\"@type\":\"ListItem\",\"position\":1,\"name\":\"Portada\",\"item\":\"https:\\\/\\\/exaudi.org\\\/es\\\/\"},{\"@type\":\"ListItem\",\"position\":2,\"name\":\"Per\u00fa: P\u00e9same del Papa por el asesinato de la misionera en Chimbote\"}]},{\"@type\":\"WebSite\",\"@id\":\"https:\\\/\\\/exaudi.org\\\/#website\",\"url\":\"https:\\\/\\\/exaudi.org\\\/\",\"name\":\"Exaudi\",\"description\":\"News\",\"potentialAction\":[{\"@type\":\"SearchAction\",\"target\":{\"@type\":\"EntryPoint\",\"urlTemplate\":\"https:\\\/\\\/exaudi.org\\\/?s={search_term_string}\"},\"query-input\":{\"@type\":\"PropertyValueSpecification\",\"valueRequired\":true,\"valueName\":\"search_term_string\"}}],\"inLanguage\":\"es\"},{\"@type\":\"Person\",\"@id\":\"https:\\\/\\\/exaudi.org\\\/#\\\/schema\\\/person\\\/d134b96438278131ce90c90c03fda6cd\",\"name\":\"Gabriel Sales\",\"image\":{\"@type\":\"ImageObject\",\"inLanguage\":\"es\",\"@id\":\"https:\\\/\\\/secure.gravatar.com\\\/avatar\\\/9b1269566f6a063ed26ffb3532b66a373cdde231ce5d0effb266167437fdaffd?s=96&d=mm&r=g\",\"url\":\"https:\\\/\\\/secure.gravatar.com\\\/avatar\\\/9b1269566f6a063ed26ffb3532b66a373cdde231ce5d0effb266167437fdaffd?s=96&d=mm&r=g\",\"contentUrl\":\"https:\\\/\\\/secure.gravatar.com\\\/avatar\\\/9b1269566f6a063ed26ffb3532b66a373cdde231ce5d0effb266167437fdaffd?s=96&d=mm&r=g\",\"caption\":\"Gabriel Sales\"},\"description\":\"Periodista y especialista en Comunicaci\u00f3n y Branding digital. Cin\u00e9filo y cr\u00edtico de cine y series de televisi\u00f3n.\",\"sameAs\":[\"https:\\\/\\\/www.instagram.com\\\/cine90segundos\\\/\",\"www.linkedin.com\\\/in\\\/habemusman\",\"https:\\\/\\\/x.com\\\/habemusman\",\"https:\\\/\\\/www.youtube.com\\\/channel\\\/UCVfCiOMkJ_C7T7OpyjuaLDg\"],\"url\":\"https:\\\/\\\/exaudi.org\\\/es\\\/author\\\/gsalesexaudi-org\\\/\"}]}<\/script>\n<!-- \/ Yoast SEO plugin. -->","yoast_head_json":{"title":"Per\u00fa: P\u00e9same del Papa por el asesinato de la misionera en Chimbote","description":"El Papa envi\u00f3 un telegrama de p\u00e9same por el reciente asesinato de Nadia De Munari, misionera permanente de Chimbote, localidad de Per\u00fa.","robots":{"index":"index","follow":"follow","max-snippet":"max-snippet:-1","max-image-preview":"max-image-preview:large","max-video-preview":"max-video-preview:-1"},"canonical":"https:\/\/exaudi.org\/es\/peru-pesame-papa-asesinato-misionera-chimbote-2021\/","og_locale":"es_ES","og_type":"article","og_title":"Per\u00fa: P\u00e9same del Papa por el asesinato de la misionera en Chimbote","og_description":"El Papa envi\u00f3 un telegrama de p\u00e9same por el reciente asesinato de Nadia De Munari, misionera permanente de Chimbote, localidad de Per\u00fa.","og_url":"https:\/\/exaudi.org\/es\/peru-pesame-papa-asesinato-misionera-chimbote-2021\/","og_site_name":"Exaudi","article_publisher":"https:\/\/www.facebook.com\/ExaudiNews","article_published_time":"2021-04-29T10:30:25+00:00","article_modified_time":"2021-04-29T13:37:49+00:00","og_image":[{"width":750,"height":422,"url":"https:\/\/exaudi.org\/wp-content\/uploads\/2021\/04\/cq5dam.thumbnail.cropped.750.422-9.jpeg","type":"image\/jpeg"}],"author":"Gabriel Sales","twitter_card":"summary_large_image","twitter_creator":"@habemusman","twitter_site":"@Exaudi_News","twitter_misc":{"Escrito por":"Gabriel Sales","Tiempo de lectura":"3 minutos"},"schema":{"@context":"https:\/\/schema.org","@graph":[{"@type":"Article","@id":"https:\/\/exaudi.org\/es\/peru-pesame-papa-asesinato-misionera-chimbote-2021\/#article","isPartOf":{"@id":"https:\/\/exaudi.org\/es\/peru-pesame-papa-asesinato-misionera-chimbote-2021\/"},"author":{"name":"Gabriel Sales","@id":"https:\/\/exaudi.org\/#\/schema\/person\/d134b96438278131ce90c90c03fda6cd"},"headline":"Per\u00fa: P\u00e9same del Papa por el asesinato de la misionera en Chimbote","datePublished":"2021-04-29T10:30:25+00:00","dateModified":"2021-04-29T13:37:49+00:00","mainEntityOfPage":{"@id":"https:\/\/exaudi.org\/es\/peru-pesame-papa-asesinato-misionera-chimbote-2021\/"},"wordCount":645,"image":{"@id":"https:\/\/exaudi.org\/es\/peru-pesame-papa-asesinato-misionera-chimbote-2021\/#primaryimage"},"thumbnailUrl":"https:\/\/exaudi.org\/wp-content\/uploads\/2021\/04\/cq5dam.thumbnail.cropped.750.422-9.jpeg","keywords":["Asesinato","Di\u00f3cesis de Chimbote","papa francisco","Per\u00fa"],"articleSection":["Le\u00f3n XIV","\u00daltimas noticias"],"inLanguage":"es"},{"@type":"WebPage","@id":"https:\/\/exaudi.org\/es\/peru-pesame-papa-asesinato-misionera-chimbote-2021\/","url":"https:\/\/exaudi.org\/es\/peru-pesame-papa-asesinato-misionera-chimbote-2021\/","name":"Per\u00fa: P\u00e9same del Papa por el asesinato de la misionera en Chimbote","isPartOf":{"@id":"https:\/\/exaudi.org\/#website"},"primaryImageOfPage":{"@id":"https:\/\/exaudi.org\/es\/peru-pesame-papa-asesinato-misionera-chimbote-2021\/#primaryimage"},"image":{"@id":"https:\/\/exaudi.org\/es\/peru-pesame-papa-asesinato-misionera-chimbote-2021\/#primaryimage"},"thumbnailUrl":"https:\/\/exaudi.org\/wp-content\/uploads\/2021\/04\/cq5dam.thumbnail.cropped.750.422-9.jpeg","datePublished":"2021-04-29T10:30:25+00:00","dateModified":"2021-04-29T13:37:49+00:00","author":{"@id":"https:\/\/exaudi.org\/#\/schema\/person\/d134b96438278131ce90c90c03fda6cd"},"description":"El Papa envi\u00f3 un telegrama de p\u00e9same por el reciente asesinato de Nadia De Munari, misionera permanente de Chimbote, localidad de Per\u00fa.","breadcrumb":{"@id":"https:\/\/exaudi.org\/es\/peru-pesame-papa-asesinato-misionera-chimbote-2021\/#breadcrumb"},"inLanguage":"es","potentialAction":[{"@type":"ReadAction","target":["https:\/\/exaudi.org\/es\/peru-pesame-papa-asesinato-misionera-chimbote-2021\/"]}]},{"@type":"ImageObject","inLanguage":"es","@id":"https:\/\/exaudi.org\/es\/peru-pesame-papa-asesinato-misionera-chimbote-2021\/#primaryimage","url":"https:\/\/exaudi.org\/wp-content\/uploads\/2021\/04\/cq5dam.thumbnail.cropped.750.422-9.jpeg","contentUrl":"https:\/\/exaudi.org\/wp-content\/uploads\/2021\/04\/cq5dam.thumbnail.cropped.750.422-9.jpeg","width":750,"height":422,"caption":"Nadia De Munari \u00a9\ufe0f Vatican Media"},{"@type":"BreadcrumbList","@id":"https:\/\/exaudi.org\/es\/peru-pesame-papa-asesinato-misionera-chimbote-2021\/#breadcrumb","itemListElement":[{"@type":"ListItem","position":1,"name":"Portada","item":"https:\/\/exaudi.org\/es\/"},{"@type":"ListItem","position":2,"name":"Per\u00fa: P\u00e9same del Papa por el asesinato de la misionera en Chimbote"}]},{"@type":"WebSite","@id":"https:\/\/exaudi.org\/#website","url":"https:\/\/exaudi.org\/","name":"Exaudi","description":"News","potentialAction":[{"@type":"SearchAction","target":{"@type":"EntryPoint","urlTemplate":"https:\/\/exaudi.org\/?s={search_term_string}"},"query-input":{"@type":"PropertyValueSpecification","valueRequired":true,"valueName":"search_term_string"}}],"inLanguage":"es"},{"@type":"Person","@id":"https:\/\/exaudi.org\/#\/schema\/person\/d134b96438278131ce90c90c03fda6cd","name":"Gabriel Sales","image":{"@type":"ImageObject","inLanguage":"es","@id":"https:\/\/secure.gravatar.com\/avatar\/9b1269566f6a063ed26ffb3532b66a373cdde231ce5d0effb266167437fdaffd?s=96&d=mm&r=g","url":"https:\/\/secure.gravatar.com\/avatar\/9b1269566f6a063ed26ffb3532b66a373cdde231ce5d0effb266167437fdaffd?s=96&d=mm&r=g","contentUrl":"https:\/\/secure.gravatar.com\/avatar\/9b1269566f6a063ed26ffb3532b66a373cdde231ce5d0effb266167437fdaffd?s=96&d=mm&r=g","caption":"Gabriel Sales"},"description":"Periodista y especialista en Comunicaci\u00f3n y Branding digital. Cin\u00e9filo y cr\u00edtico de cine y series de televisi\u00f3n.","sameAs":["https:\/\/www.instagram.com\/cine90segundos\/","www.linkedin.com\/in\/habemusman","https:\/\/x.com\/habemusman","https:\/\/www.youtube.com\/channel\/UCVfCiOMkJ_C7T7OpyjuaLDg"],"url":"https:\/\/exaudi.org\/es\/author\/gsalesexaudi-org\/"}]}},"jetpack_featured_media_url":"https:\/\/exaudi.org\/wp-content\/uploads\/2021\/04\/cq5dam.thumbnail.cropped.750.422-9.jpeg","jetpack_shortlink":"https:\/\/wp.me\/pgKjF2-3Fb","_links":{"self":[{"href":"https:\/\/exaudi.org\/es\/wp-json\/wp\/v2\/posts\/14085","targetHints":{"allow":["GET"]}}],"collection":[{"href":"https:\/\/exaudi.org\/es\/wp-json\/wp\/v2\/posts"}],"about":[{"href":"https:\/\/exaudi.org\/es\/wp-json\/wp\/v2\/types\/post"}],"author":[{"embeddable":true,"href":"https:\/\/exaudi.org\/es\/wp-json\/wp\/v2\/users\/6"}],"replies":[{"embeddable":true,"href":"https:\/\/exaudi.org\/es\/wp-json\/wp\/v2\/comments?post=14085"}],"version-history":[{"count":0,"href":"https:\/\/exaudi.org\/es\/wp-json\/wp\/v2\/posts\/14085\/revisions"}],"wp:featuredmedia":[{"embeddable":true,"href":"https:\/\/exaudi.org\/es\/wp-json\/wp\/v2\/media\/14099"}],"wp:attachment":[{"href":"https:\/\/exaudi.org\/es\/wp-json\/wp\/v2\/media?parent=14085"}],"wp:term":[{"taxonomy":"category","embeddable":true,"href":"https:\/\/exaudi.org\/es\/wp-json\/wp\/v2\/categories?post=14085"},{"taxonomy":"post_tag","embeddable":true,"href":"https:\/\/exaudi.org\/es\/wp-json\/wp\/v2\/tags?post=14085"}],"curies":[{"name":"wp","href":"https:\/\/api.w.org\/{rel}","templated":true}]}}