{"id":14071,"date":"2021-04-29T09:03:06","date_gmt":"2021-04-29T07:03:06","guid":{"rendered":"https:\/\/exaudi.org\/?p=14071"},"modified":"2021-04-29T15:59:09","modified_gmt":"2021-04-29T13:59:09","slug":"testimonios-desde-la-calle-vuelo-ala-delta","status":"publish","type":"post","link":"https:\/\/exaudi.org\/es\/testimonios-desde-la-calle-vuelo-ala-delta\/","title":{"rendered":"Testimonios \u2018Desde la Calle\u2019: Mi vuelo en ala delta"},"content":{"rendered":"<p>\u201cMi vuelo en ala delta\u201d es un testimonio incluido en el libro <em>Desde la Calle. Relatos que no olvidar\u00e9<\/em>, escrito por el sacerdote <a href=\"https:\/\/exaudi.org\/es\/author\/antonioducay\/\" target=\"_blank\" rel=\"noopener noreferrer\">D. Antonio Ducay.<\/a><\/p>\n<p>***<\/p>\n<p>-Tengo 18 a\u00f1os, soy sueco y estoy a punto de volar en ala delta. Esta vez, con una novedad: en vez de tirarme desde una monta\u00f1a, como en otras ocasiones, voy a enganchar mi ala delta a un autom\u00f3vil, que al arrancar y correr por la pista me elevar\u00e1 en el aire gracias a su potencia. Pronto va a arrancar y despegar\u00e9. He so\u00f1ado miles de veces con este momento. Estoy ansioso por llegar a la misma altura que las grandes aves, aprovechando las corrientes de aire, como hacen ellas, s\u00e9 que ahora me remontar\u00e9, como mucho, a unos 50 metros. Cuando me quedo solo en el aire empiezo a gozar de una sensaci\u00f3n grandiosa de libertad.<\/p>\n<p>El autom\u00f3vil arranc\u00f3 y aceler\u00f3 fuerte. El ala delta\u00a0 despeg\u00f3.\u00a0 Pero\u00a0 pas\u00f3\u00a0 algo:\u00a0 a\u00a0 los\u00a0 pocos segundos\u00a0 el\u00a0 ala\u00a0 delta\u00a0 comenz\u00f3\u00a0 a\u00a0 perder sustentaci\u00f3n.\u00a0 Me\u00a0 encaram\u00e9\u00a0 hacia\u00a0 delante, conteniendo los nervios, hasta que logr\u00e9 coger uno de los cables para bajar el morro. Casi estabilic\u00e9\u00a0 el\u00a0 aparato,\u00a0 cuando\u00a0 hizo\u00a0 un\u00a0 viraje imprevisto\u00a0 y,\u00a0 a\u00a0 pesar\u00a0 de\u00a0 mis\u00a0 esfuerzos\u00a0 y maniobras, se fue hacia abajo. Consegu\u00ed planear, hasta que acab\u00f3 estrell\u00e1ndome contra el suelo. Pens\u00e9: voy a morir, este es el \u00faltimo instante de mi vida. Pero un segundo despu\u00e9s me invadi\u00f3 esta \u00edntima certeza: No; no es mi \u00faltimo instante. Me dijeron los m\u00e9dicos que tuve mucha suerte, porque salv\u00e9 la vida. Que me qued\u00f3 muy da\u00f1ada la columna vertebral y estar\u00eda varios meses en la cl\u00ednica. Me acompa\u00f1aron mucho mis padres y mis hermanos; tambi\u00e9n ven\u00edan algunos de mis amigos.<\/p>\n<p>Un d\u00eda, mi hermana Gabriela me aconsej\u00f3 que le agradezca a Dios el hecho de seguir vivo. Le dije que, como ella sabe, no soy creyente y mis padres y mis amigos tampoco lo son. Ella se qued\u00f3 callada. Segu\u00ed diciendo que en mis dieciocho a\u00f1os de vida nunca nadie me ha hablado de Dios ni he pensado en \u00e9l para nada. Pens\u00e9 en divertirme con mi moto, luego, tuve un carro deportivo y m\u00e1s tarde mi pasi\u00f3n fue el ala delta. Ah\u00ed me dijo: -Pero nunca m\u00e1s vas a poder volar y est\u00e1s vivo porque Dios ha querido, \u00bfno le vas a dar gracias?<\/p>\n<p>Me sirvi\u00f3 lo que me dijo Gabriela. Dios, darle gracias. No sab\u00eda si exist\u00eda o no. \u00a1Qu\u00e9 largas se hacen las noches en un hospital! Por primera vez pens\u00e9 en Dios, en mi vida, en la muerte que me pas\u00f3 rozando. Una de esas noches, grit\u00e9, casi sin darme cuenta: \u201c\u00a1Dios, si existes, h\u00e1zmelo saber! Nadie me ha hablado nunca de ti.\u201d No s\u00e9 qu\u00e9 pas\u00f3. En ese momento not\u00e9 que Dios estaba ah\u00ed, a mi lado. Fue como un descubrimiento. Al d\u00eda siguiente, se lo cont\u00e9 a uno de los amigos del grupo. Medio se sonri\u00f3 y me dijo: -En una situaci\u00f3n tan fuerte como \u00e9sta, hay alucinaciones, que luego en la normalidad de la vida se esfuman.<\/p>\n<p>Pero no era una alucinaci\u00f3n. En los meses de la cl\u00ednica yo segu\u00eda con una paz muy grande y le\u00ed libros de todo tipo, algunos eran de cosas de vida espiritual. Gabriela me vio un d\u00eda con uno de ellos y se re\u00eda de m\u00ed porque nunca me hab\u00eda visto leyendo eso. Le cont\u00e9 lo que me pas\u00f3. Me dijo que era normal, primero porque ella rez\u00f3 por m\u00ed y segundo porque Dios te quiere, nos quiere a cada uno. Mi cambio le parec\u00eda normal.<\/p>\n<p>El problema ser\u00eda cuando saliese de la cl\u00ednica. \u00bfTodo se esfumar\u00eda? Se lo dije alguna vez a mi hermana y ella me dijo sencillamente que no. Que tuviese confianza. Pero que mi vida ser\u00eda muy distinta.<\/p>\n<p>Pasaron unos meses y me lleg\u00f3 el momento de salir. En la cl\u00ednica hab\u00eda pensado mucho mi futuro. Me asombraba que estaba m\u00e1s contento que antes, aunque con muchas inc\u00f3gnitas. Segu\u00ed con mi grupo de amigos. Tom\u00e9 m\u00e1s en serio mi carrera universitaria. Mis movimientos eran limitados, sab\u00eda que ir\u00eda mejorando poco a poco, pero nunca podr\u00eda hacer ning\u00fan tipo de deporte. Tem\u00eda que mi descubrimiento de Dios se iba a esfumar de un momento a otro, pero les cuento que hace cuatro a\u00f1os que sal\u00ed de la cl\u00ednica y se ha ido haciendo cada vez fue m\u00e1s s\u00f3lido.<\/p>\n<p>(Ah\u00ed termino yo su relato. Si lo desean, pueden encontrarlo m\u00e1s desarrollado en un libro de entrevistas, escrito por Jos\u00e9 Miguel Cejas, cuyo t\u00edtulo es <a href=\"https:\/\/www.rialp.com\/libro\/calido-viento-del-norte_92989\/\" target=\"_blank\" rel=\"noopener noreferrer\"><em>C\u00e1lido viento del norte<\/em><\/a>. Esta ha sido mi fuente. Es un buen libro que les recomiendo.)<\/p>\n<p>En mis a\u00f1os de sacerdote, he escuchado cosas parecidas cientos de veces, a personas corrientes, que han vivido su descubrimiento, su conversi\u00f3n personal.<\/p>\n<p>Otros, desde ni\u00f1os han vivido en un clima pr\u00f3ximo a Dios y no han tenido que convertirse de un ate\u00edsmo pr\u00e1ctico, pero quiz\u00e1s necesiten descubrir a Dios en su vida y meterlo en ella de una manera distinta a como lo ven ahora. Hay muchos descubrimientos en la vida, en muchos temas, tambi\u00e9n en el tema de Dios. pero en alg\u00fan momento han tenido que hacer propio lo que de ni\u00f1o era recibido de otros.<\/p>\n<p>Y hay otros que siguen sin descubrirlo.<\/p>\n<p>\u00bfPor qu\u00e9 ese chico lo descubri\u00f3? Porque lo pidi\u00f3 y lo pidi\u00f3 a gritos. Algo importante. Pedirlo y pedirlo con fuerza. \u00bfPedir, qu\u00e9? Cada uno sabe lo que tiene que pedir. Y si no lo supiese, lo \u00fanico que tiene que hacer es pensarlo un poco y dirigirse a Dios, pidi\u00e9ndole ayuda, como hizo ese chico. Dios nos escucha siempre. A partir de ese momento, puede estar seguro de que todo va a ir mucho mejor. Es cuesti\u00f3n de vivir personalmente la experiencia.<\/p>\n","protected":false},"excerpt":{"rendered":"<p>Conversi\u00f3n personal<\/p>\n","protected":false},"author":47,"featured_media":14073,"comment_status":"closed","ping_status":"closed","sticky":false,"template":"","format":"standard","meta":{"_acf_changed":false,"_crdt_document":"","inline_featured_image":false,"footnotes":""},"categories":[98],"tags":[],"class_list":["post-14071","post","type-post","status-publish","format-standard","has-post-thumbnail","hentry","category-testimonios"],"acf":[],"yoast_head":"<!-- This site is optimized with the Yoast SEO plugin v27.4 - https:\/\/yoast.com\/product\/yoast-seo-wordpress\/ -->\n<title>Testimonios \u2018Desde la Calle\u2019: Mi vuelo en ala delta &#8211; Exaudi<\/title>\n<meta name=\"description\" content=\"&quot;Mi vuelo en ala delta&quot;, testimonio incluido en el libro Desde la Calle. Relatos que no olvidar\u00e9, escrito por el sacerdote D. Antonio Ducay\" \/>\n<meta name=\"robots\" content=\"index, follow, max-snippet:-1, max-image-preview:large, max-video-preview:-1\" \/>\n<link rel=\"canonical\" href=\"https:\/\/exaudi.org\/es\/testimonios-desde-la-calle-vuelo-ala-delta\/\" \/>\n<meta property=\"og:locale\" content=\"es_ES\" \/>\n<meta property=\"og:type\" content=\"article\" \/>\n<meta property=\"og:title\" content=\"Testimonios \u2018Desde la Calle\u2019: Mi vuelo en ala delta &#8211; Exaudi\" \/>\n<meta property=\"og:description\" content=\"&quot;Mi vuelo en ala delta&quot;, testimonio incluido en el libro Desde la Calle. Relatos que no olvidar\u00e9, escrito por el sacerdote D. Antonio Ducay\" \/>\n<meta property=\"og:url\" content=\"https:\/\/exaudi.org\/es\/testimonios-desde-la-calle-vuelo-ala-delta\/\" \/>\n<meta property=\"og:site_name\" content=\"Exaudi\" \/>\n<meta property=\"article:publisher\" content=\"https:\/\/www.facebook.com\/ExaudiNews\" \/>\n<meta property=\"article:published_time\" content=\"2021-04-29T07:03:06+00:00\" \/>\n<meta property=\"article:modified_time\" content=\"2021-04-29T13:59:09+00:00\" \/>\n<meta property=\"og:image\" content=\"https:\/\/exaudi.org\/wp-content\/uploads\/2021\/04\/man-wing-sky-hill-adventure-flying-667542-pxhere.com_.jpg\" \/>\n\t<meta property=\"og:image:width\" content=\"1920\" \/>\n\t<meta property=\"og:image:height\" content=\"1320\" \/>\n\t<meta property=\"og:image:type\" content=\"image\/jpeg\" \/>\n<meta name=\"author\" content=\"Antonio Ducay\" \/>\n<meta name=\"twitter:card\" content=\"summary_large_image\" \/>\n<meta name=\"twitter:creator\" content=\"@Exaudi_News\" \/>\n<meta name=\"twitter:site\" content=\"@Exaudi_News\" \/>\n<meta name=\"twitter:label1\" content=\"Escrito por\" \/>\n\t<meta name=\"twitter:data1\" content=\"Antonio Ducay\" \/>\n\t<meta name=\"twitter:label2\" content=\"Tiempo de lectura\" \/>\n\t<meta name=\"twitter:data2\" content=\"5 minutos\" \/>\n<script type=\"application\/ld+json\" class=\"yoast-schema-graph\">{\"@context\":\"https:\\\/\\\/schema.org\",\"@graph\":[{\"@type\":\"Article\",\"@id\":\"https:\\\/\\\/exaudi.org\\\/es\\\/testimonios-desde-la-calle-vuelo-ala-delta\\\/#article\",\"isPartOf\":{\"@id\":\"https:\\\/\\\/exaudi.org\\\/es\\\/testimonios-desde-la-calle-vuelo-ala-delta\\\/\"},\"author\":{\"name\":\"Antonio Ducay\",\"@id\":\"https:\\\/\\\/exaudi.org\\\/#\\\/schema\\\/person\\\/d1c9a5b7d06be4ef705bfe1f87332917\"},\"headline\":\"Testimonios \u2018Desde la Calle\u2019: Mi vuelo en ala delta\",\"datePublished\":\"2021-04-29T07:03:06+00:00\",\"dateModified\":\"2021-04-29T13:59:09+00:00\",\"mainEntityOfPage\":{\"@id\":\"https:\\\/\\\/exaudi.org\\\/es\\\/testimonios-desde-la-calle-vuelo-ala-delta\\\/\"},\"wordCount\":1031,\"image\":{\"@id\":\"https:\\\/\\\/exaudi.org\\\/es\\\/testimonios-desde-la-calle-vuelo-ala-delta\\\/#primaryimage\"},\"thumbnailUrl\":\"https:\\\/\\\/exaudi.org\\\/wp-content\\\/uploads\\\/2021\\\/04\\\/man-wing-sky-hill-adventure-flying-667542-pxhere.com_.jpg\",\"articleSection\":[\"Testimonios\"],\"inLanguage\":\"es\"},{\"@type\":\"WebPage\",\"@id\":\"https:\\\/\\\/exaudi.org\\\/es\\\/testimonios-desde-la-calle-vuelo-ala-delta\\\/\",\"url\":\"https:\\\/\\\/exaudi.org\\\/es\\\/testimonios-desde-la-calle-vuelo-ala-delta\\\/\",\"name\":\"Testimonios \u2018Desde la Calle\u2019: Mi vuelo en ala delta &#8211; Exaudi\",\"isPartOf\":{\"@id\":\"https:\\\/\\\/exaudi.org\\\/#website\"},\"primaryImageOfPage\":{\"@id\":\"https:\\\/\\\/exaudi.org\\\/es\\\/testimonios-desde-la-calle-vuelo-ala-delta\\\/#primaryimage\"},\"image\":{\"@id\":\"https:\\\/\\\/exaudi.org\\\/es\\\/testimonios-desde-la-calle-vuelo-ala-delta\\\/#primaryimage\"},\"thumbnailUrl\":\"https:\\\/\\\/exaudi.org\\\/wp-content\\\/uploads\\\/2021\\\/04\\\/man-wing-sky-hill-adventure-flying-667542-pxhere.com_.jpg\",\"datePublished\":\"2021-04-29T07:03:06+00:00\",\"dateModified\":\"2021-04-29T13:59:09+00:00\",\"author\":{\"@id\":\"https:\\\/\\\/exaudi.org\\\/#\\\/schema\\\/person\\\/d1c9a5b7d06be4ef705bfe1f87332917\"},\"description\":\"\\\"Mi vuelo en ala delta\\\", testimonio incluido en el libro Desde la Calle. Relatos que no olvidar\u00e9, escrito por el sacerdote D. Antonio Ducay\",\"breadcrumb\":{\"@id\":\"https:\\\/\\\/exaudi.org\\\/es\\\/testimonios-desde-la-calle-vuelo-ala-delta\\\/#breadcrumb\"},\"inLanguage\":\"es\",\"potentialAction\":[{\"@type\":\"ReadAction\",\"target\":[\"https:\\\/\\\/exaudi.org\\\/es\\\/testimonios-desde-la-calle-vuelo-ala-delta\\\/\"]}]},{\"@type\":\"ImageObject\",\"inLanguage\":\"es\",\"@id\":\"https:\\\/\\\/exaudi.org\\\/es\\\/testimonios-desde-la-calle-vuelo-ala-delta\\\/#primaryimage\",\"url\":\"https:\\\/\\\/exaudi.org\\\/wp-content\\\/uploads\\\/2021\\\/04\\\/man-wing-sky-hill-adventure-flying-667542-pxhere.com_.jpg\",\"contentUrl\":\"https:\\\/\\\/exaudi.org\\\/wp-content\\\/uploads\\\/2021\\\/04\\\/man-wing-sky-hill-adventure-flying-667542-pxhere.com_.jpg\",\"width\":1920,\"height\":1320,\"caption\":\"Vuelo en ala delta \u00a9 Pxhere\"},{\"@type\":\"BreadcrumbList\",\"@id\":\"https:\\\/\\\/exaudi.org\\\/es\\\/testimonios-desde-la-calle-vuelo-ala-delta\\\/#breadcrumb\",\"itemListElement\":[{\"@type\":\"ListItem\",\"position\":1,\"name\":\"Portada\",\"item\":\"https:\\\/\\\/exaudi.org\\\/es\\\/\"},{\"@type\":\"ListItem\",\"position\":2,\"name\":\"Testimonios \u2018Desde la Calle\u2019: Mi vuelo en ala delta\"}]},{\"@type\":\"WebSite\",\"@id\":\"https:\\\/\\\/exaudi.org\\\/#website\",\"url\":\"https:\\\/\\\/exaudi.org\\\/\",\"name\":\"Exaudi\",\"description\":\"News\",\"potentialAction\":[{\"@type\":\"SearchAction\",\"target\":{\"@type\":\"EntryPoint\",\"urlTemplate\":\"https:\\\/\\\/exaudi.org\\\/?s={search_term_string}\"},\"query-input\":{\"@type\":\"PropertyValueSpecification\",\"valueRequired\":true,\"valueName\":\"search_term_string\"}}],\"inLanguage\":\"es\"},{\"@type\":\"Person\",\"@id\":\"https:\\\/\\\/exaudi.org\\\/#\\\/schema\\\/person\\\/d1c9a5b7d06be4ef705bfe1f87332917\",\"name\":\"Antonio Ducay\",\"image\":{\"@type\":\"ImageObject\",\"inLanguage\":\"es\",\"@id\":\"https:\\\/\\\/secure.gravatar.com\\\/avatar\\\/d24bd0dd54c0f0dee2feb4900b1da1fbd6956b0ee16532ef1b838e24bab83c02?s=96&d=mm&r=g\",\"url\":\"https:\\\/\\\/secure.gravatar.com\\\/avatar\\\/d24bd0dd54c0f0dee2feb4900b1da1fbd6956b0ee16532ef1b838e24bab83c02?s=96&d=mm&r=g\",\"contentUrl\":\"https:\\\/\\\/secure.gravatar.com\\\/avatar\\\/d24bd0dd54c0f0dee2feb4900b1da1fbd6956b0ee16532ef1b838e24bab83c02?s=96&d=mm&r=g\",\"caption\":\"Antonio Ducay\"},\"description\":\"Antonio Ducay Vela, licenciado en Derecho por la Universidad de Zaragoza, Espa\u00f1a. Se orden\u00f3 como sacerdote en Madrid y est\u00e1 incardinado a la prelatura del Opus Dei. Ha publicado libros como \u201c\u00bfQu\u00e9 haces con tu libertad\u201d, \u201cJesucristo, la aventura de Dios en la Tierra\u201d, \u201cMilagros y conversiones\u201d, \u201cSan Josemar\u00eda en el Per\u00fa\u201d, as\u00ed como las biograf\u00edas de san Josemar\u00eda Escriv\u00e1, del beato \u00c1lvaro del Portillo y del obispo Enrique P\u00e9lach. Reside en Per\u00fa.\",\"url\":\"https:\\\/\\\/exaudi.org\\\/es\\\/author\\\/antonioducay\\\/\"}]}<\/script>\n<!-- \/ Yoast SEO plugin. -->","yoast_head_json":{"title":"Testimonios \u2018Desde la Calle\u2019: Mi vuelo en ala delta &#8211; Exaudi","description":"\"Mi vuelo en ala delta\", testimonio incluido en el libro Desde la Calle. Relatos que no olvidar\u00e9, escrito por el sacerdote D. Antonio Ducay","robots":{"index":"index","follow":"follow","max-snippet":"max-snippet:-1","max-image-preview":"max-image-preview:large","max-video-preview":"max-video-preview:-1"},"canonical":"https:\/\/exaudi.org\/es\/testimonios-desde-la-calle-vuelo-ala-delta\/","og_locale":"es_ES","og_type":"article","og_title":"Testimonios \u2018Desde la Calle\u2019: Mi vuelo en ala delta &#8211; Exaudi","og_description":"\"Mi vuelo en ala delta\", testimonio incluido en el libro Desde la Calle. Relatos que no olvidar\u00e9, escrito por el sacerdote D. Antonio Ducay","og_url":"https:\/\/exaudi.org\/es\/testimonios-desde-la-calle-vuelo-ala-delta\/","og_site_name":"Exaudi","article_publisher":"https:\/\/www.facebook.com\/ExaudiNews","article_published_time":"2021-04-29T07:03:06+00:00","article_modified_time":"2021-04-29T13:59:09+00:00","og_image":[{"width":1920,"height":1320,"url":"https:\/\/exaudi.org\/wp-content\/uploads\/2021\/04\/man-wing-sky-hill-adventure-flying-667542-pxhere.com_.jpg","type":"image\/jpeg"}],"author":"Antonio Ducay","twitter_card":"summary_large_image","twitter_creator":"@Exaudi_News","twitter_site":"@Exaudi_News","twitter_misc":{"Escrito por":"Antonio Ducay","Tiempo de lectura":"5 minutos"},"schema":{"@context":"https:\/\/schema.org","@graph":[{"@type":"Article","@id":"https:\/\/exaudi.org\/es\/testimonios-desde-la-calle-vuelo-ala-delta\/#article","isPartOf":{"@id":"https:\/\/exaudi.org\/es\/testimonios-desde-la-calle-vuelo-ala-delta\/"},"author":{"name":"Antonio Ducay","@id":"https:\/\/exaudi.org\/#\/schema\/person\/d1c9a5b7d06be4ef705bfe1f87332917"},"headline":"Testimonios \u2018Desde la Calle\u2019: Mi vuelo en ala delta","datePublished":"2021-04-29T07:03:06+00:00","dateModified":"2021-04-29T13:59:09+00:00","mainEntityOfPage":{"@id":"https:\/\/exaudi.org\/es\/testimonios-desde-la-calle-vuelo-ala-delta\/"},"wordCount":1031,"image":{"@id":"https:\/\/exaudi.org\/es\/testimonios-desde-la-calle-vuelo-ala-delta\/#primaryimage"},"thumbnailUrl":"https:\/\/exaudi.org\/wp-content\/uploads\/2021\/04\/man-wing-sky-hill-adventure-flying-667542-pxhere.com_.jpg","articleSection":["Testimonios"],"inLanguage":"es"},{"@type":"WebPage","@id":"https:\/\/exaudi.org\/es\/testimonios-desde-la-calle-vuelo-ala-delta\/","url":"https:\/\/exaudi.org\/es\/testimonios-desde-la-calle-vuelo-ala-delta\/","name":"Testimonios \u2018Desde la Calle\u2019: Mi vuelo en ala delta &#8211; Exaudi","isPartOf":{"@id":"https:\/\/exaudi.org\/#website"},"primaryImageOfPage":{"@id":"https:\/\/exaudi.org\/es\/testimonios-desde-la-calle-vuelo-ala-delta\/#primaryimage"},"image":{"@id":"https:\/\/exaudi.org\/es\/testimonios-desde-la-calle-vuelo-ala-delta\/#primaryimage"},"thumbnailUrl":"https:\/\/exaudi.org\/wp-content\/uploads\/2021\/04\/man-wing-sky-hill-adventure-flying-667542-pxhere.com_.jpg","datePublished":"2021-04-29T07:03:06+00:00","dateModified":"2021-04-29T13:59:09+00:00","author":{"@id":"https:\/\/exaudi.org\/#\/schema\/person\/d1c9a5b7d06be4ef705bfe1f87332917"},"description":"\"Mi vuelo en ala delta\", testimonio incluido en el libro Desde la Calle. Relatos que no olvidar\u00e9, escrito por el sacerdote D. Antonio Ducay","breadcrumb":{"@id":"https:\/\/exaudi.org\/es\/testimonios-desde-la-calle-vuelo-ala-delta\/#breadcrumb"},"inLanguage":"es","potentialAction":[{"@type":"ReadAction","target":["https:\/\/exaudi.org\/es\/testimonios-desde-la-calle-vuelo-ala-delta\/"]}]},{"@type":"ImageObject","inLanguage":"es","@id":"https:\/\/exaudi.org\/es\/testimonios-desde-la-calle-vuelo-ala-delta\/#primaryimage","url":"https:\/\/exaudi.org\/wp-content\/uploads\/2021\/04\/man-wing-sky-hill-adventure-flying-667542-pxhere.com_.jpg","contentUrl":"https:\/\/exaudi.org\/wp-content\/uploads\/2021\/04\/man-wing-sky-hill-adventure-flying-667542-pxhere.com_.jpg","width":1920,"height":1320,"caption":"Vuelo en ala delta \u00a9 Pxhere"},{"@type":"BreadcrumbList","@id":"https:\/\/exaudi.org\/es\/testimonios-desde-la-calle-vuelo-ala-delta\/#breadcrumb","itemListElement":[{"@type":"ListItem","position":1,"name":"Portada","item":"https:\/\/exaudi.org\/es\/"},{"@type":"ListItem","position":2,"name":"Testimonios \u2018Desde la Calle\u2019: Mi vuelo en ala delta"}]},{"@type":"WebSite","@id":"https:\/\/exaudi.org\/#website","url":"https:\/\/exaudi.org\/","name":"Exaudi","description":"News","potentialAction":[{"@type":"SearchAction","target":{"@type":"EntryPoint","urlTemplate":"https:\/\/exaudi.org\/?s={search_term_string}"},"query-input":{"@type":"PropertyValueSpecification","valueRequired":true,"valueName":"search_term_string"}}],"inLanguage":"es"},{"@type":"Person","@id":"https:\/\/exaudi.org\/#\/schema\/person\/d1c9a5b7d06be4ef705bfe1f87332917","name":"Antonio Ducay","image":{"@type":"ImageObject","inLanguage":"es","@id":"https:\/\/secure.gravatar.com\/avatar\/d24bd0dd54c0f0dee2feb4900b1da1fbd6956b0ee16532ef1b838e24bab83c02?s=96&d=mm&r=g","url":"https:\/\/secure.gravatar.com\/avatar\/d24bd0dd54c0f0dee2feb4900b1da1fbd6956b0ee16532ef1b838e24bab83c02?s=96&d=mm&r=g","contentUrl":"https:\/\/secure.gravatar.com\/avatar\/d24bd0dd54c0f0dee2feb4900b1da1fbd6956b0ee16532ef1b838e24bab83c02?s=96&d=mm&r=g","caption":"Antonio Ducay"},"description":"Antonio Ducay Vela, licenciado en Derecho por la Universidad de Zaragoza, Espa\u00f1a. Se orden\u00f3 como sacerdote en Madrid y est\u00e1 incardinado a la prelatura del Opus Dei. Ha publicado libros como \u201c\u00bfQu\u00e9 haces con tu libertad\u201d, \u201cJesucristo, la aventura de Dios en la Tierra\u201d, \u201cMilagros y conversiones\u201d, \u201cSan Josemar\u00eda en el Per\u00fa\u201d, as\u00ed como las biograf\u00edas de san Josemar\u00eda Escriv\u00e1, del beato \u00c1lvaro del Portillo y del obispo Enrique P\u00e9lach. Reside en Per\u00fa.","url":"https:\/\/exaudi.org\/es\/author\/antonioducay\/"}]}},"jetpack_featured_media_url":"https:\/\/exaudi.org\/wp-content\/uploads\/2021\/04\/man-wing-sky-hill-adventure-flying-667542-pxhere.com_.jpg","jetpack_shortlink":"https:\/\/wp.me\/pgKjF2-3EX","_links":{"self":[{"href":"https:\/\/exaudi.org\/es\/wp-json\/wp\/v2\/posts\/14071","targetHints":{"allow":["GET"]}}],"collection":[{"href":"https:\/\/exaudi.org\/es\/wp-json\/wp\/v2\/posts"}],"about":[{"href":"https:\/\/exaudi.org\/es\/wp-json\/wp\/v2\/types\/post"}],"author":[{"embeddable":true,"href":"https:\/\/exaudi.org\/es\/wp-json\/wp\/v2\/users\/47"}],"replies":[{"embeddable":true,"href":"https:\/\/exaudi.org\/es\/wp-json\/wp\/v2\/comments?post=14071"}],"version-history":[{"count":0,"href":"https:\/\/exaudi.org\/es\/wp-json\/wp\/v2\/posts\/14071\/revisions"}],"wp:featuredmedia":[{"embeddable":true,"href":"https:\/\/exaudi.org\/es\/wp-json\/wp\/v2\/media\/14073"}],"wp:attachment":[{"href":"https:\/\/exaudi.org\/es\/wp-json\/wp\/v2\/media?parent=14071"}],"wp:term":[{"taxonomy":"category","embeddable":true,"href":"https:\/\/exaudi.org\/es\/wp-json\/wp\/v2\/categories?post=14071"},{"taxonomy":"post_tag","embeddable":true,"href":"https:\/\/exaudi.org\/es\/wp-json\/wp\/v2\/tags?post=14071"}],"curies":[{"name":"wp","href":"https:\/\/api.w.org\/{rel}","templated":true}]}}