{"id":140657,"date":"2025-10-19T09:53:12","date_gmt":"2025-10-19T07:53:12","guid":{"rendered":"https:\/\/exaudi.org\/?p=140657"},"modified":"2025-10-19T10:14:33","modified_gmt":"2025-10-19T08:14:33","slug":"el-papa-los-padres-de-santa-teresa-del-nino-jesus-un-matrimonio-ejemplar","status":"publish","type":"post","link":"https:\/\/exaudi.org\/es\/el-papa-los-padres-de-santa-teresa-del-nino-jesus-un-matrimonio-ejemplar\/","title":{"rendered":"El Papa: Los padres de Santa Teresa del Ni\u00f1o Jes\u00fas, \u00abun matrimonio ejemplar\u00bb"},"content":{"rendered":"<p>\u00abEntre todas las vocaciones, el matrimonio es una de las m\u00e1s nobles y elevadas\u00bb, subray\u00f3 el Papa Le\u00f3n XIV en un mensaje enviado al obispo de S\u00e9ez, di\u00f3cesis donde se celebran este 18 y 19 de octubre los 10 a\u00f1os de la canonizaci\u00f3n de Celia y Luis Martin. Los padres de Santa Teresa del Ni\u00f1o Jes\u00fas, \u00abun matrimonio ejemplar\u00bb y \u00abprofundamente feliz\u00bb, muestran \u00aben estos tiempos turbios y desorientados\u00bb que \u00abla familia, tal como el Creador la quiso\u00bb, no est\u00e1 \u00abpasada de moda\u00bb ni es \u00ababurrida\u00bb.<\/p>\n<p>A continuaci\u00f3n publicamos el mensaje que el Santo Padre Le\u00f3n XIV envi\u00f3 a Su Excelencia Monse\u00f1or Bruno Feillet, obispo de S\u00e9ez (Francia), con motivo del d\u00e9cimo aniversario de la canonizaci\u00f3n de los padres de Santa Teresa del Ni\u00f1o Jes\u00fas:<\/p>\n<p>***<\/p>\n<h3><strong>Mensaje del Santo Padre<\/strong><\/h3>\n<p>A Su Excelencia Monse\u00f1or Bruno Feillet<\/p>\n<p>Obispo de S\u00e9ez<\/p>\n<p>Me complace unirme a usted en pensamiento y oraci\u00f3n, as\u00ed como a todo el clero y al pueblo fiel reunido, en la celebraci\u00f3n del d\u00e9cimo aniversario de la canonizaci\u00f3n de Luis y Celia Mart\u00edn, en el mismo lugar donde se santificaron en su vida conyugal. Primera pareja como tal en ser canonizada, este acontecimiento reviste una importancia particular, ya que pone de relieve el matrimonio como camino de santidad. Entre las vocaciones a las que Dios llama a hombres y mujeres, el matrimonio es una de las m\u00e1s nobles y elevadas. \u00abLuis y Celia comprendieron que pod\u00edan santificarse no a pesar del matrimonio, sino a trav\u00e9s de \u00e9l, en \u00e9l y por \u00e9l, y que su uni\u00f3n matrimonial deb\u00eda considerarse como el punto de partida de un ascenso en pareja\u00bb (Cardenal Martins, Homil\u00eda de Beatificaci\u00f3n). La Santa Pareja de Alen\u00e7on es, por tanto, un modelo luminoso y entusiasta para las almas generosas que se han comprometido en este camino, o que tienen el proyecto de hacerlo, con el deseo sincero de llevar una vida bella y buena bajo la mirada del Se\u00f1or, tanto en la alegr\u00eda como en la prueba.<\/p>\n<p>Luis y Celia no pusieron en pr\u00e1ctica su deseo de convertirse en santos y educar a sus hijos en la santidad retir\u00e1ndose del mundo. Asumieron su deber en la vida cotidiana; forman parte de esa inmensa multitud de santos de la puerta de al lado de la que a menudo habla el papa Francisco. A los peregrinos que visitan Alen\u00e7on, donde se conserva su emotivo recuerdo, no les resulta dif\u00edcil comprender el marco concreto y cotidiano en el que vivieron los padres Martin, comprometidos como estaban con la sociedad normanda de su \u00e9poca a trav\u00e9s de su parroquia, sus actividades profesionales, sus obras caritativas, sus c\u00edrculos de amistades y, por supuesto, su vida familiar. Sin embargo, no hay que enga\u00f1arse: esa vida aparentemente \u00abordinaria\u00bb estaba habitada por una presencia, cuando menos \u00abextraordinaria\u00bb, de Dios, que era su centro absoluto. \u00abDios primero\u00bb es el lema sobre el que construyeron toda su existencia.<\/p>\n<p>He aqu\u00ed, pues, el modelo de pareja que la Santa Iglesia presenta a los j\u00f3venes que desean \u2014quiz\u00e1s con vacilaci\u00f3n\u2014 embarcarse en una aventura tan hermosa: modelo de fidelidad y atenci\u00f3n al otro, modelo de fervor y perseverancia en la fe, de educaci\u00f3n cristiana de los hijos, de generosidad en el ejercicio de la caridad y la justicia social; modelo tambi\u00e9n de confianza en la prueba&#8230; Pero, sobre todo, esta pareja ejemplar da testimonio de la felicidad inefable y la alegr\u00eda profunda que Dios concede, ya aqu\u00ed e aqu\u00ed abajo y por toda la eternidad, a aquellos que se comprometen en este camino de fidelidad y fecundidad. En estos tiempos turbulentos y desorientados, en los que se presentan a los j\u00f3venes tantos modelos contrarios de uniones, a menudo pasajeras, individualistas y ego\u00edstas, con frutos amargos y decepcionantes, la familia tal y como la quiso el Creador podr\u00eda parecer anticuada y aburrida. Luis y Celia Mart\u00edn dan testimonio de que no es as\u00ed: fueron felices, \u00a1profundamente felices!, dando vida, irradiando y transmitiendo la fe, viendo crecer y florecer a sus hijas bajo la mirada del Se\u00f1or. \u00a1Qu\u00e9 felicidad reunirse los domingos despu\u00e9s de la misa, alrededor de la mesa donde Jes\u00fas es el primer invitado y comparte las alegr\u00edas, las penas, los proyectos y las esperanzas de cada uno! \u00a1Qu\u00e9 felicidad esos momentos de oraci\u00f3n en com\u00fan, esos d\u00edas de fiesta, esos acontecimientos familiares que marcan el tiempo! Pero tambi\u00e9n qu\u00e9 consuelo estar juntos en la prueba, unidos a la Cruz de Cristo cuando se presenta; y, por \u00faltimo, \u00a1qu\u00e9 esperanza encontrarse un d\u00eda reunidos en la gloria del cielo!<\/p>\n<p>Queridas parejas, os invito a perseverar con valent\u00eda en el camino, a veces dif\u00edcil y laborioso, pero luminoso, que hab\u00e9is emprendido. Ante todo, poned a Jes\u00fas en el centro de vuestras familias, de vuestras actividades y de vuestras decisiones. Haced descubrir a vuestros hijos su amor y su ternura sin l\u00edmites, y esforzaos por hacer que le amen a cambio como se merece: esta es la gran lecci\u00f3n que Luis y Celia nos dan hoy, y que tanto necesitan la Iglesia y el mundo. \u00bfC\u00f3mo podr\u00eda Teresa haber amado tanto a Jes\u00fas y a Mar\u00eda \u2014y luego transmitirnos una doctrina tan hermosa\u2014 si no lo hubiera aprendido de sus santos padres desde su m\u00e1s tierna infancia?<\/p>\n<p>Os conf\u00edo a todas, queridas familias, a la protecci\u00f3n de Luis y Celia Mart\u00edn y de Santa Teresa del Ni\u00f1o Jes\u00fas y de la Santa Faz. Implorando para vosotras la intercesi\u00f3n de la Virgen Mar\u00eda, os concedo de todo coraz\u00f3n, as\u00ed como a usted, Excelencia, y a todas las personas presentes, la bendici\u00f3n apost\u00f3lica.<\/p>\n<p>Vaticano, el 1 de octubre de 2025,<\/p>\n<p>memoria de Santa Teresa del Ni\u00f1o Jes\u00fas y de la Santa Faz.<\/p>\n<p>&nbsp;<\/p>\n<p>&nbsp;<\/p>\n","protected":false},"excerpt":{"rendered":"<p>10 aniversario de la canonizaci\u00f3n de Luis y Celia Mart\u00edn<\/p>\n","protected":false},"author":15,"featured_media":140686,"comment_status":"closed","ping_status":"closed","sticky":false,"template":"","format":"standard","meta":{"_acf_changed":false,"_crdt_document":"","inline_featured_image":false,"footnotes":""},"categories":[68,118],"tags":[77673,77671,77672,58880],"class_list":["post-140657","post","type-post","status-publish","format-standard","has-post-thumbnail","hentry","category-leon-xiv","category-mensajes","tag-10-anos-de-la-canonizacion","tag-celia-y-luis-martin","tag-padres-de-santa-teresa-del-nino-jesus","tag-trending-es-151"],"acf":[],"yoast_head":"<!-- This site is optimized with the Yoast SEO plugin v27.5 - https:\/\/yoast.com\/product\/yoast-seo-wordpress\/ -->\n<title>El Papa: Los padres de Santa Teresa del Ni\u00f1o Jes\u00fas, \u00abun matrimonio ejemplar\u00bb &#8211; Exaudi<\/title>\n<meta name=\"robots\" content=\"index, follow, max-snippet:-1, max-image-preview:large, max-video-preview:-1\" \/>\n<link rel=\"canonical\" href=\"https:\/\/exaudi.org\/es\/el-papa-los-padres-de-santa-teresa-del-nino-jesus-un-matrimonio-ejemplar\/\" \/>\n<meta property=\"og:locale\" content=\"es_ES\" \/>\n<meta property=\"og:type\" content=\"article\" \/>\n<meta property=\"og:title\" content=\"El Papa: Los padres de Santa Teresa del Ni\u00f1o Jes\u00fas, \u00abun matrimonio ejemplar\u00bb &#8211; Exaudi\" \/>\n<meta property=\"og:description\" content=\"10 aniversario de la canonizaci\u00f3n de Luis y Celia Mart\u00edn\" \/>\n<meta property=\"og:url\" content=\"https:\/\/exaudi.org\/es\/el-papa-los-padres-de-santa-teresa-del-nino-jesus-un-matrimonio-ejemplar\/\" \/>\n<meta property=\"og:site_name\" content=\"Exaudi\" \/>\n<meta property=\"article:publisher\" content=\"https:\/\/www.facebook.com\/ExaudiNews\" \/>\n<meta property=\"article:author\" content=\"https:\/\/www.facebook.com\/ExaudiNoticias\/\" \/>\n<meta property=\"article:published_time\" content=\"2025-10-19T07:53:12+00:00\" \/>\n<meta property=\"article:modified_time\" content=\"2025-10-19T08:14:33+00:00\" \/>\n<meta property=\"og:image\" content=\"https:\/\/exaudi.org\/wp-content\/uploads\/2025\/10\/cq5dam.thumbnail.cropped.1500.844-11.jpeg\" \/>\n\t<meta property=\"og:image:width\" content=\"1280\" \/>\n\t<meta property=\"og:image:height\" content=\"844\" \/>\n\t<meta property=\"og:image:type\" content=\"image\/jpeg\" \/>\n<meta name=\"author\" content=\"Exaudi Redacci\u00f3n\" \/>\n<meta name=\"twitter:card\" content=\"summary_large_image\" \/>\n<meta name=\"twitter:creator\" content=\"@Exaudi_noticias\" \/>\n<meta name=\"twitter:site\" content=\"@Exaudi_News\" \/>\n<meta name=\"twitter:label1\" content=\"Escrito por\" \/>\n\t<meta name=\"twitter:data1\" content=\"Exaudi Redacci\u00f3n\" \/>\n\t<meta name=\"twitter:label2\" content=\"Tiempo de lectura\" \/>\n\t<meta name=\"twitter:data2\" content=\"5 minutos\" \/>\n<script type=\"application\/ld+json\" class=\"yoast-schema-graph\">{\"@context\":\"https:\\\/\\\/schema.org\",\"@graph\":[{\"@type\":\"Article\",\"@id\":\"https:\\\/\\\/exaudi.org\\\/es\\\/el-papa-los-padres-de-santa-teresa-del-nino-jesus-un-matrimonio-ejemplar\\\/#article\",\"isPartOf\":{\"@id\":\"https:\\\/\\\/exaudi.org\\\/es\\\/el-papa-los-padres-de-santa-teresa-del-nino-jesus-un-matrimonio-ejemplar\\\/\"},\"author\":{\"name\":\"Exaudi Redacci\u00f3n\",\"@id\":\"https:\\\/\\\/exaudi.org\\\/#\\\/schema\\\/person\\\/f5fc8f063065e38742da7afe15f25df7\"},\"headline\":\"El Papa: Los padres de Santa Teresa del Ni\u00f1o Jes\u00fas, \u00abun matrimonio ejemplar\u00bb\",\"datePublished\":\"2025-10-19T07:53:12+00:00\",\"dateModified\":\"2025-10-19T08:14:33+00:00\",\"mainEntityOfPage\":{\"@id\":\"https:\\\/\\\/exaudi.org\\\/es\\\/el-papa-los-padres-de-santa-teresa-del-nino-jesus-un-matrimonio-ejemplar\\\/\"},\"wordCount\":1032,\"image\":{\"@id\":\"https:\\\/\\\/exaudi.org\\\/es\\\/el-papa-los-padres-de-santa-teresa-del-nino-jesus-un-matrimonio-ejemplar\\\/#primaryimage\"},\"thumbnailUrl\":\"https:\\\/\\\/exaudi.org\\\/wp-content\\\/uploads\\\/2025\\\/10\\\/cq5dam.thumbnail.cropped.1500.844-11.jpeg\",\"keywords\":[\"10 a\u00f1os de la canonizaci\u00f3n\",\"Celia y Luis Martin\",\"padres de Santa Teresa del Ni\u00f1o Jes\u00fas\",\"Trending\"],\"articleSection\":[\"Le\u00f3n XIV\",\"Mensajes\"],\"inLanguage\":\"es\"},{\"@type\":\"WebPage\",\"@id\":\"https:\\\/\\\/exaudi.org\\\/es\\\/el-papa-los-padres-de-santa-teresa-del-nino-jesus-un-matrimonio-ejemplar\\\/\",\"url\":\"https:\\\/\\\/exaudi.org\\\/es\\\/el-papa-los-padres-de-santa-teresa-del-nino-jesus-un-matrimonio-ejemplar\\\/\",\"name\":\"El Papa: Los padres de Santa Teresa del Ni\u00f1o Jes\u00fas, \u00abun matrimonio ejemplar\u00bb &#8211; Exaudi\",\"isPartOf\":{\"@id\":\"https:\\\/\\\/exaudi.org\\\/#website\"},\"primaryImageOfPage\":{\"@id\":\"https:\\\/\\\/exaudi.org\\\/es\\\/el-papa-los-padres-de-santa-teresa-del-nino-jesus-un-matrimonio-ejemplar\\\/#primaryimage\"},\"image\":{\"@id\":\"https:\\\/\\\/exaudi.org\\\/es\\\/el-papa-los-padres-de-santa-teresa-del-nino-jesus-un-matrimonio-ejemplar\\\/#primaryimage\"},\"thumbnailUrl\":\"https:\\\/\\\/exaudi.org\\\/wp-content\\\/uploads\\\/2025\\\/10\\\/cq5dam.thumbnail.cropped.1500.844-11.jpeg\",\"datePublished\":\"2025-10-19T07:53:12+00:00\",\"dateModified\":\"2025-10-19T08:14:33+00:00\",\"author\":{\"@id\":\"https:\\\/\\\/exaudi.org\\\/#\\\/schema\\\/person\\\/f5fc8f063065e38742da7afe15f25df7\"},\"breadcrumb\":{\"@id\":\"https:\\\/\\\/exaudi.org\\\/es\\\/el-papa-los-padres-de-santa-teresa-del-nino-jesus-un-matrimonio-ejemplar\\\/#breadcrumb\"},\"inLanguage\":\"es\",\"potentialAction\":[{\"@type\":\"ReadAction\",\"target\":[\"https:\\\/\\\/exaudi.org\\\/es\\\/el-papa-los-padres-de-santa-teresa-del-nino-jesus-un-matrimonio-ejemplar\\\/\"]}]},{\"@type\":\"ImageObject\",\"inLanguage\":\"es\",\"@id\":\"https:\\\/\\\/exaudi.org\\\/es\\\/el-papa-los-padres-de-santa-teresa-del-nino-jesus-un-matrimonio-ejemplar\\\/#primaryimage\",\"url\":\"https:\\\/\\\/exaudi.org\\\/wp-content\\\/uploads\\\/2025\\\/10\\\/cq5dam.thumbnail.cropped.1500.844-11.jpeg\",\"contentUrl\":\"https:\\\/\\\/exaudi.org\\\/wp-content\\\/uploads\\\/2025\\\/10\\\/cq5dam.thumbnail.cropped.1500.844-11.jpeg\",\"width\":1280,\"height\":844},{\"@type\":\"BreadcrumbList\",\"@id\":\"https:\\\/\\\/exaudi.org\\\/es\\\/el-papa-los-padres-de-santa-teresa-del-nino-jesus-un-matrimonio-ejemplar\\\/#breadcrumb\",\"itemListElement\":[{\"@type\":\"ListItem\",\"position\":1,\"name\":\"Portada\",\"item\":\"https:\\\/\\\/exaudi.org\\\/es\\\/\"},{\"@type\":\"ListItem\",\"position\":2,\"name\":\"El Papa: Los padres de Santa Teresa del Ni\u00f1o Jes\u00fas, \u00abun matrimonio ejemplar\u00bb\"}]},{\"@type\":\"WebSite\",\"@id\":\"https:\\\/\\\/exaudi.org\\\/#website\",\"url\":\"https:\\\/\\\/exaudi.org\\\/\",\"name\":\"Exaudi\",\"description\":\"News\",\"potentialAction\":[{\"@type\":\"SearchAction\",\"target\":{\"@type\":\"EntryPoint\",\"urlTemplate\":\"https:\\\/\\\/exaudi.org\\\/?s={search_term_string}\"},\"query-input\":{\"@type\":\"PropertyValueSpecification\",\"valueRequired\":true,\"valueName\":\"search_term_string\"}}],\"inLanguage\":\"es\"},{\"@type\":\"Person\",\"@id\":\"https:\\\/\\\/exaudi.org\\\/#\\\/schema\\\/person\\\/f5fc8f063065e38742da7afe15f25df7\",\"name\":\"Exaudi Redacci\u00f3n\",\"image\":{\"@type\":\"ImageObject\",\"inLanguage\":\"es\",\"@id\":\"https:\\\/\\\/secure.gravatar.com\\\/avatar\\\/fe0f6a059fb68d9b3e11bc5850dd4899b1c7492091a3cb6dd9b01b56ad828be2?s=96&d=mm&r=g\",\"url\":\"https:\\\/\\\/secure.gravatar.com\\\/avatar\\\/fe0f6a059fb68d9b3e11bc5850dd4899b1c7492091a3cb6dd9b01b56ad828be2?s=96&d=mm&r=g\",\"contentUrl\":\"https:\\\/\\\/secure.gravatar.com\\\/avatar\\\/fe0f6a059fb68d9b3e11bc5850dd4899b1c7492091a3cb6dd9b01b56ad828be2?s=96&d=mm&r=g\",\"caption\":\"Exaudi Redacci\u00f3n\"},\"description\":\"\u00bfQu\u00e9 es Exaudi News? Exaudi News es un medio de comunicaci\u00f3n cat\u00f3lico internacional que informa, forma y transforma, diariamente en espa\u00f1ol, ingl\u00e9s e italiano. A trav\u00e9s de noticias, art\u00edculos de an\u00e1lisis y transmisiones en directo de los eventos del Papa, Exaudi busca fortalecer la unidad de los cristianos y contribuir a la evangelizaci\u00f3n del mundo, siempre guiados por la doctrina social de la Iglesia. Trabajamos para acercar la verdad y los valores cristianos a cada rinc\u00f3n del planeta. \u00a1Ay\u00fadanos a transformar el mundo con Exaudi! En Exaudi creemos que la evangelizaci\u00f3n y la informaci\u00f3n de calidad pueden cambiar vidas. Para continuar con nuestra misi\u00f3n y expandir nuestro alcance, necesitamos tu ayuda. Adem\u00e1s, buscamos personas comprometidas que deseen unirse a nuestro equipo. Con tu apoyo, lograremos llegar a m\u00e1s personas, difundir el mensaje de Cristo y reforzar la unidad de los cristianos. \u00bfTe unes a nuestra misi\u00f3n? Para m\u00e1s informaci\u00f3n sobre c\u00f3mo colaborar, visita Exaudi.org\\\/es o cont\u00e1ctanos directamente: info@exaudi.org Exaudi: Informa, forma y transforma.\",\"sameAs\":[\"https:\\\/\\\/www.facebook.com\\\/ExaudiNoticias\\\/\",\"https:\\\/\\\/www.instagram.com\\\/exaudi_noticias\\\/\",\"https:\\\/\\\/x.com\\\/Exaudi_noticias\",\"https:\\\/\\\/www.youtube.com\\\/@exaudicatholicnews\"],\"url\":\"https:\\\/\\\/exaudi.org\\\/es\\\/author\\\/redaccionexaudi\\\/\"}]}<\/script>\n<!-- \/ Yoast SEO plugin. -->","yoast_head_json":{"title":"El Papa: Los padres de Santa Teresa del Ni\u00f1o Jes\u00fas, \u00abun matrimonio ejemplar\u00bb &#8211; Exaudi","robots":{"index":"index","follow":"follow","max-snippet":"max-snippet:-1","max-image-preview":"max-image-preview:large","max-video-preview":"max-video-preview:-1"},"canonical":"https:\/\/exaudi.org\/es\/el-papa-los-padres-de-santa-teresa-del-nino-jesus-un-matrimonio-ejemplar\/","og_locale":"es_ES","og_type":"article","og_title":"El Papa: Los padres de Santa Teresa del Ni\u00f1o Jes\u00fas, \u00abun matrimonio ejemplar\u00bb &#8211; Exaudi","og_description":"10 aniversario de la canonizaci\u00f3n de Luis y Celia Mart\u00edn","og_url":"https:\/\/exaudi.org\/es\/el-papa-los-padres-de-santa-teresa-del-nino-jesus-un-matrimonio-ejemplar\/","og_site_name":"Exaudi","article_publisher":"https:\/\/www.facebook.com\/ExaudiNews","article_author":"https:\/\/www.facebook.com\/ExaudiNoticias\/","article_published_time":"2025-10-19T07:53:12+00:00","article_modified_time":"2025-10-19T08:14:33+00:00","og_image":[{"width":1280,"height":844,"url":"https:\/\/exaudi.org\/wp-content\/uploads\/2025\/10\/cq5dam.thumbnail.cropped.1500.844-11.jpeg","type":"image\/jpeg"}],"author":"Exaudi Redacci\u00f3n","twitter_card":"summary_large_image","twitter_creator":"@Exaudi_noticias","twitter_site":"@Exaudi_News","twitter_misc":{"Escrito por":"Exaudi Redacci\u00f3n","Tiempo de lectura":"5 minutos"},"schema":{"@context":"https:\/\/schema.org","@graph":[{"@type":"Article","@id":"https:\/\/exaudi.org\/es\/el-papa-los-padres-de-santa-teresa-del-nino-jesus-un-matrimonio-ejemplar\/#article","isPartOf":{"@id":"https:\/\/exaudi.org\/es\/el-papa-los-padres-de-santa-teresa-del-nino-jesus-un-matrimonio-ejemplar\/"},"author":{"name":"Exaudi Redacci\u00f3n","@id":"https:\/\/exaudi.org\/#\/schema\/person\/f5fc8f063065e38742da7afe15f25df7"},"headline":"El Papa: Los padres de Santa Teresa del Ni\u00f1o Jes\u00fas, \u00abun matrimonio ejemplar\u00bb","datePublished":"2025-10-19T07:53:12+00:00","dateModified":"2025-10-19T08:14:33+00:00","mainEntityOfPage":{"@id":"https:\/\/exaudi.org\/es\/el-papa-los-padres-de-santa-teresa-del-nino-jesus-un-matrimonio-ejemplar\/"},"wordCount":1032,"image":{"@id":"https:\/\/exaudi.org\/es\/el-papa-los-padres-de-santa-teresa-del-nino-jesus-un-matrimonio-ejemplar\/#primaryimage"},"thumbnailUrl":"https:\/\/exaudi.org\/wp-content\/uploads\/2025\/10\/cq5dam.thumbnail.cropped.1500.844-11.jpeg","keywords":["10 a\u00f1os de la canonizaci\u00f3n","Celia y Luis Martin","padres de Santa Teresa del Ni\u00f1o Jes\u00fas","Trending"],"articleSection":["Le\u00f3n XIV","Mensajes"],"inLanguage":"es"},{"@type":"WebPage","@id":"https:\/\/exaudi.org\/es\/el-papa-los-padres-de-santa-teresa-del-nino-jesus-un-matrimonio-ejemplar\/","url":"https:\/\/exaudi.org\/es\/el-papa-los-padres-de-santa-teresa-del-nino-jesus-un-matrimonio-ejemplar\/","name":"El Papa: Los padres de Santa Teresa del Ni\u00f1o Jes\u00fas, \u00abun matrimonio ejemplar\u00bb &#8211; Exaudi","isPartOf":{"@id":"https:\/\/exaudi.org\/#website"},"primaryImageOfPage":{"@id":"https:\/\/exaudi.org\/es\/el-papa-los-padres-de-santa-teresa-del-nino-jesus-un-matrimonio-ejemplar\/#primaryimage"},"image":{"@id":"https:\/\/exaudi.org\/es\/el-papa-los-padres-de-santa-teresa-del-nino-jesus-un-matrimonio-ejemplar\/#primaryimage"},"thumbnailUrl":"https:\/\/exaudi.org\/wp-content\/uploads\/2025\/10\/cq5dam.thumbnail.cropped.1500.844-11.jpeg","datePublished":"2025-10-19T07:53:12+00:00","dateModified":"2025-10-19T08:14:33+00:00","author":{"@id":"https:\/\/exaudi.org\/#\/schema\/person\/f5fc8f063065e38742da7afe15f25df7"},"breadcrumb":{"@id":"https:\/\/exaudi.org\/es\/el-papa-los-padres-de-santa-teresa-del-nino-jesus-un-matrimonio-ejemplar\/#breadcrumb"},"inLanguage":"es","potentialAction":[{"@type":"ReadAction","target":["https:\/\/exaudi.org\/es\/el-papa-los-padres-de-santa-teresa-del-nino-jesus-un-matrimonio-ejemplar\/"]}]},{"@type":"ImageObject","inLanguage":"es","@id":"https:\/\/exaudi.org\/es\/el-papa-los-padres-de-santa-teresa-del-nino-jesus-un-matrimonio-ejemplar\/#primaryimage","url":"https:\/\/exaudi.org\/wp-content\/uploads\/2025\/10\/cq5dam.thumbnail.cropped.1500.844-11.jpeg","contentUrl":"https:\/\/exaudi.org\/wp-content\/uploads\/2025\/10\/cq5dam.thumbnail.cropped.1500.844-11.jpeg","width":1280,"height":844},{"@type":"BreadcrumbList","@id":"https:\/\/exaudi.org\/es\/el-papa-los-padres-de-santa-teresa-del-nino-jesus-un-matrimonio-ejemplar\/#breadcrumb","itemListElement":[{"@type":"ListItem","position":1,"name":"Portada","item":"https:\/\/exaudi.org\/es\/"},{"@type":"ListItem","position":2,"name":"El Papa: Los padres de Santa Teresa del Ni\u00f1o Jes\u00fas, \u00abun matrimonio ejemplar\u00bb"}]},{"@type":"WebSite","@id":"https:\/\/exaudi.org\/#website","url":"https:\/\/exaudi.org\/","name":"Exaudi","description":"News","potentialAction":[{"@type":"SearchAction","target":{"@type":"EntryPoint","urlTemplate":"https:\/\/exaudi.org\/?s={search_term_string}"},"query-input":{"@type":"PropertyValueSpecification","valueRequired":true,"valueName":"search_term_string"}}],"inLanguage":"es"},{"@type":"Person","@id":"https:\/\/exaudi.org\/#\/schema\/person\/f5fc8f063065e38742da7afe15f25df7","name":"Exaudi Redacci\u00f3n","image":{"@type":"ImageObject","inLanguage":"es","@id":"https:\/\/secure.gravatar.com\/avatar\/fe0f6a059fb68d9b3e11bc5850dd4899b1c7492091a3cb6dd9b01b56ad828be2?s=96&d=mm&r=g","url":"https:\/\/secure.gravatar.com\/avatar\/fe0f6a059fb68d9b3e11bc5850dd4899b1c7492091a3cb6dd9b01b56ad828be2?s=96&d=mm&r=g","contentUrl":"https:\/\/secure.gravatar.com\/avatar\/fe0f6a059fb68d9b3e11bc5850dd4899b1c7492091a3cb6dd9b01b56ad828be2?s=96&d=mm&r=g","caption":"Exaudi Redacci\u00f3n"},"description":"\u00bfQu\u00e9 es Exaudi News? Exaudi News es un medio de comunicaci\u00f3n cat\u00f3lico internacional que informa, forma y transforma, diariamente en espa\u00f1ol, ingl\u00e9s e italiano. A trav\u00e9s de noticias, art\u00edculos de an\u00e1lisis y transmisiones en directo de los eventos del Papa, Exaudi busca fortalecer la unidad de los cristianos y contribuir a la evangelizaci\u00f3n del mundo, siempre guiados por la doctrina social de la Iglesia. Trabajamos para acercar la verdad y los valores cristianos a cada rinc\u00f3n del planeta. \u00a1Ay\u00fadanos a transformar el mundo con Exaudi! En Exaudi creemos que la evangelizaci\u00f3n y la informaci\u00f3n de calidad pueden cambiar vidas. Para continuar con nuestra misi\u00f3n y expandir nuestro alcance, necesitamos tu ayuda. Adem\u00e1s, buscamos personas comprometidas que deseen unirse a nuestro equipo. Con tu apoyo, lograremos llegar a m\u00e1s personas, difundir el mensaje de Cristo y reforzar la unidad de los cristianos. \u00bfTe unes a nuestra misi\u00f3n? Para m\u00e1s informaci\u00f3n sobre c\u00f3mo colaborar, visita Exaudi.org\/es o cont\u00e1ctanos directamente: info@exaudi.org Exaudi: Informa, forma y transforma.","sameAs":["https:\/\/www.facebook.com\/ExaudiNoticias\/","https:\/\/www.instagram.com\/exaudi_noticias\/","https:\/\/x.com\/Exaudi_noticias","https:\/\/www.youtube.com\/@exaudicatholicnews"],"url":"https:\/\/exaudi.org\/es\/author\/redaccionexaudi\/"}]}},"jetpack_featured_media_url":"https:\/\/exaudi.org\/wp-content\/uploads\/2025\/10\/cq5dam.thumbnail.cropped.1500.844-11.jpeg","jetpack_shortlink":"https:\/\/wp.me\/pgKjF2-AAF","_links":{"self":[{"href":"https:\/\/exaudi.org\/es\/wp-json\/wp\/v2\/posts\/140657","targetHints":{"allow":["GET"]}}],"collection":[{"href":"https:\/\/exaudi.org\/es\/wp-json\/wp\/v2\/posts"}],"about":[{"href":"https:\/\/exaudi.org\/es\/wp-json\/wp\/v2\/types\/post"}],"author":[{"embeddable":true,"href":"https:\/\/exaudi.org\/es\/wp-json\/wp\/v2\/users\/15"}],"replies":[{"embeddable":true,"href":"https:\/\/exaudi.org\/es\/wp-json\/wp\/v2\/comments?post=140657"}],"version-history":[{"count":9,"href":"https:\/\/exaudi.org\/es\/wp-json\/wp\/v2\/posts\/140657\/revisions"}],"predecessor-version":[{"id":140701,"href":"https:\/\/exaudi.org\/es\/wp-json\/wp\/v2\/posts\/140657\/revisions\/140701"}],"wp:featuredmedia":[{"embeddable":true,"href":"https:\/\/exaudi.org\/es\/wp-json\/wp\/v2\/media\/140686"}],"wp:attachment":[{"href":"https:\/\/exaudi.org\/es\/wp-json\/wp\/v2\/media?parent=140657"}],"wp:term":[{"taxonomy":"category","embeddable":true,"href":"https:\/\/exaudi.org\/es\/wp-json\/wp\/v2\/categories?post=140657"},{"taxonomy":"post_tag","embeddable":true,"href":"https:\/\/exaudi.org\/es\/wp-json\/wp\/v2\/tags?post=140657"}],"curies":[{"name":"wp","href":"https:\/\/api.w.org\/{rel}","templated":true}]}}