{"id":140379,"date":"2025-10-16T09:14:52","date_gmt":"2025-10-16T07:14:52","guid":{"rendered":"https:\/\/exaudi.org\/?p=140379"},"modified":"2025-10-16T09:14:52","modified_gmt":"2025-10-16T07:14:52","slug":"la-fe-como-resistencia-como-sostener-la-esperanza-en-contextos-de-violencia","status":"publish","type":"post","link":"https:\/\/exaudi.org\/es\/la-fe-como-resistencia-como-sostener-la-esperanza-en-contextos-de-violencia\/","title":{"rendered":"La fe como resistencia: \u00bfC\u00f3mo sostener la esperanza en contextos de violencia?"},"content":{"rendered":"<p>Perm\u00edtanme ofrecer una reflexi\u00f3n como focolarina, es decir, como laica consagrada en el Movimiento de los Focolares y, desde mi identidad, proponer algunas pistas b\u00edblicas, carism\u00e1ticas y pedag\u00f3gicas para ayudarnos a mantener encendida, y a compartir, esperanza, a\u00fan en contextos de tanta violencia como los que enfrentamos en nuestra Am\u00e9rica Latina.<\/p>\n<h3><strong>La fe como presencia: permanecer en la herida<\/strong><\/h3>\n<p>Empiezo interrog\u00e1ndome sobre cu\u00e1l es la aportaci\u00f3n de la fe a nuestros contextos marcados por una violencia, que tantas veces est\u00e1 arraigada de forma estructural. Cada uno de nosotros podr\u00eda dar una respuesta distinta: la fe puede aportar consuelo, sentido de pertenencia a la comunidad que vive los valores del Reino, tambi\u00e9n puede darnos fuerza para no sucumbir ante la crueldad. Me atrevo a proponer que la fe no se presenta como una evasi\u00f3n de nuestros contextos y sus conflictos, sino precisamente como lo contrario, es decir como una invitaci\u00f3n a la <strong>permanencia<\/strong>.<\/p>\n<p>Pensemos en Mar\u00eda al pie de la cruz (Jn 19,25). Es esta la llamada de la fe: a <strong>estar<\/strong> junto a quien sufre, a <strong>acompa\u00f1ar<\/strong> el dolor, sin huir. Esta actitud de cercan\u00eda extrema es la que reconocemos en Jes\u00fas crucificado-resucitado que en el abandono asumi\u00f3 sobre s\u00ed cada sufrimiento humano.<\/p>\n<p>Desde una pedagog\u00eda del acompa\u00f1amiento (B\u00e1rcena &amp; M\u00e8lich, 2000), esta permanencia implica <strong>estar con el otro en su vulnerabilidad<\/strong>, renunciando a la pretensi\u00f3n de resolver su dolor, con la valent\u00eda del estar y del sostener. Es una resistencia silenciosa que dignifica, una <strong>pedagog\u00eda de la presencia<\/strong> que transforma la herida en lugar teol\u00f3gico.<\/p>\n<h3><strong>La esperanza como praxis comunitaria<\/strong><\/h3>\n<p>La esperanza no se sostiene sola. Jes\u00fas mismo nos indic\u00f3 que \u201cdonde dos o m\u00e1s est\u00e1n unidos\u201d en su nombre, all\u00ed est\u00e1 \u00c9l (cf. Mt 18,20). La comunidad, entonces, puede ser el espacio que hace posible la resistencia espiritual. Compartir el pan y el llanto, vivir la Palabra de Vida juntos, potencia nuestra capacidad de encarnar el Evangelio en lo cotidiano, desde la vivencia de la comuni\u00f3n que se construye en cada acto de cuidado, en cada acto de amor rec\u00edproco, como amaba recordarnos Chiara Lubich.<\/p>\n<p>Pedag\u00f3gicamente, esta realidad se traduce en una formaci\u00f3n relacional (Buber, 1923; Freire, 1970), donde el v\u00ednculo es a la vez el medio y el fin. Por ello, en contextos violentos, formar comunidades de sentido es en s\u00ed mismo un acto de esperanza.<\/p>\n<h3><strong>Pedagog\u00eda del cuidado: resistir desde la ternura<\/strong><\/h3>\n<p>Jes\u00fas miraba con compasi\u00f3n a la multitud y a cada persona que encontraba, sobre todo si padec\u00eda alguna enfermedad, si hab\u00eda sido excluida de la vida cultual y social de su tiempo \u00a0(cf. Mc 6,34 y otros). En un mundo que responde con fuerza siempre en contra ataque, la <strong>ternura<\/strong> es la <strong>opci\u00f3n por el otro<\/strong>, que se vuelve <strong>resistencia prof\u00e9tica<\/strong>. Chiara Lubich invitaba a \u201chacernos uno\u201d con el otro &#8211; a ponernos en sus zapatos- especialmente con quien sufre, y esto como expresi\u00f3n del amor que brota del evangelio.<\/p>\n<p>La pedagog\u00eda del cuidado (Noddings, 1984), sugiere que esta ternura puede convertirse en metodolog\u00eda: escuchar, acoger, confiar. En el aula, en la pastoral, en la calle, resistimos cuando cuidamos. La ternura es una forma de justicia encarnada que se declina en todos los acentos de la caridad.<\/p>\n<h3><strong>Transformar las estructuras, desde la fe<\/strong><\/h3>\n<p>La fe como resistencia brota como manantial fresco en el \u00e1mbito personal y nos impulsa a, juntos, transformar las estructuras. \u201cBusquen primero el Reino de Dios y su justicia\u201d (Mt 6,33) es un llamado constante que Jes\u00fas dirige a cada bautizado, a implicarnos en lo social, lo pol\u00edtico, lo institucional, para devolver el alma a cada estructura y defender la dignidad de toda persona, comunidad y pueblo.<\/p>\n<p>En pedagog\u00eda, esto se traduce en una educaci\u00f3n con sentido cr\u00edtico y liberador (Freire, 1970), que forma sujetos y comunidades capaces de leer la realidad y actuar en ella.<\/p>\n<p>La llamada universal a la salvaci\u00f3n se concreta precisamente en el ser luz, sal y levadura para transformar \u201cdesde dentro\u201d al mundo. Fe que sostiene la esperanza y se vuelve respuesta propositiva a la violencia de nuestro mundo.<\/p>\n<h3><strong>El martirio de la esperanza<\/strong><\/h3>\n<p>Ante la fragmentaci\u00f3n, la indiferencia y la violencia que encontramos en nuestro mundo, el testimonio cristiano puede convertirse en luz que no se apaga, desde el esfuerzo constante por encarnar el Evangelio en medio de la contradicci\u00f3n. El testimonio aut\u00e9ntico \u2014vivido en el servicio a todos, desde el silencio y la humildad, la coherencia y la fidelidad cotidianas\u2014 es resistencia espiritual. Como dice San Pablo: \u201cSomos atribulados en todo, pero no aplastados; perplejos, pero no desesperados; perseguidos, pero no abandonados\u201d (2 Cor 4,8-9). En este mundo en continua tensi\u00f3n, es as\u00ed como el cristiano puede dar raz\u00f3n de su esperanza (1 Pe 3,15), nunca como ideolog\u00eda, sino como <strong>presencia viva del Amor crucificado <\/strong>que da rostro concreto a cada dolor y sufrimiento humano.<\/p>\n<h3><strong>Semillas de esperanza<\/strong><\/h3>\n<p>En nuestros d\u00edas, son muchas las regiones del mundo en las que los cristianos siguen entregando su vida por la fe. Algunos lo hacen desde el martirio sangriento, otros desde el martirio blanco de la exclusi\u00f3n, la pobreza, la incomprensi\u00f3n. En cada m\u00e1rtir de nuestros tiempos, la Iglesia encuentra una nueva semilla de resurrecci\u00f3n, una profec\u00eda silenciosa que grita esperanza al mundo, y que sella indeleblemente la verdad de que el mal no tiene la \u00faltima palabra.<\/p>\n<p><em><strong>Ursula Lonngi .\u00a0Focolarina, laica consagrada del Movimiento de los Focolares (Obra de Mar\u00eda) y miembro de la Academia Internacional de L\u00edderes Cat\u00f3licos.<\/strong><\/em><\/p>\n<p><img loading=\"lazy\" decoding=\"async\" class=\"size-full wp-image-140386 alignnone\" src=\"https:\/\/exaudi.org\/wp-content\/uploads\/2025\/10\/Analisis-4.jpg\" alt=\"\" width=\"940\" height=\"788\" srcset=\"https:\/\/exaudi.org\/wp-content\/uploads\/2025\/10\/Analisis-4.jpg 940w, https:\/\/exaudi.org\/wp-content\/uploads\/2025\/10\/Analisis-4-300x251.jpg 300w, https:\/\/exaudi.org\/wp-content\/uploads\/2025\/10\/Analisis-4-770x645.jpg 770w, https:\/\/exaudi.org\/wp-content\/uploads\/2025\/10\/Analisis-4-500x419.jpg 500w\" sizes=\"auto, (max-width: 940px) 100vw, 940px\" \/><\/p>\n<p>***<\/p>\n<h6><strong>Referencias B\u00edblicas<\/strong><\/h6>\n<ul>\n<li>\n<h6>Juan 19,25 \u2014 Mar\u00eda al pie de la cruz<\/h6>\n<\/li>\n<li>\n<h6>Mateo 18,20 \u2014 \u201cDonde dos o m\u00e1s\u2026\u201d<\/h6>\n<\/li>\n<li>\n<h6>Marcos 6,34 \u2014 Jes\u00fas se compadece de la multitud<\/h6>\n<\/li>\n<li>\n<h6>Mateo 6,33 \u2014 \u201cBuscad primero el Reino\u2026\u201d<\/h6>\n<\/li>\n<\/ul>\n<h6><strong>Carism\u00e1ticas (Movimiento de los Focolares)<\/strong><\/h6>\n<h6>Jes\u00fas Abandonado\u00a0\u00a0\u00a0\u00a0\u00a0\u00a0\u00a0\u00a0\u00a0\u00a0\u00a0\u00a0 Chiara Lubich,\u00a0\u00a0\u00a0 Ciudad Nueva\u00a0\u00a0\u00a0\u00a0 2016\u00a0\u00a0\u00a0\u00a0\u00a0\u00a0 978-8497153614<\/h6>\n<h6>La unidad y Jes\u00fas Abandonado\u00a0\u00a0\u00a0\u00a0\u00a0 Chiara Lubich, \u00a0\u00a0 Ciudad Nueva\u00a0\u00a0\u00a0\u00a0 2006\u00a0\u00a0\u00a0\u00a0\u00a0\u00a0 978-8497150910<\/h6>\n<h6>Lo esencial de hoy (Escritos espirituales\/2)\u00a0\u00a0\u00a0\u00a0\u00a0\u00a0\u00a0\u00a0\u00a0\u00a0\u00a0\u00a0\u00a0\u00a0\u00a0 Chiara Lubich\u00a0\u00a0\u00a0\u00a0\u00a0 , Ciudad Nueva\u00a0\u00a0 1999\u00a0\u00a0\u00a0\u00a0\u00a0\u00a0 978-8489651685<\/h6>\n<h6>Educaci\u00f3n para la fraternidad\u00a0\u00a0\u00a0\u00a0\u00a0\u00a0\u00a0 Rodrigo Mardones (ed.)\u00a0\u00a0\u00a0 Ciudad Nueva\u00a0\u00a0\u00a0\u00a0 2013\u00a0\u00a0\u00a0\u00a0\u00a0\u00a0 <a href=\"http:\/\/www.focolare.org\" rel=\"nofollow\">http:\/\/www.focolare.org<\/a><\/h6>\n<h6><strong>Pedag\u00f3gicas<\/strong><\/h6>\n<h6>Freire, P. (1970). <em>Pedagog\u00eda del oprimido<\/em>. Siglo XXI. 2005 (3\u00aa ed.) ISBN 978-8432320781<\/h6>\n<h6>Buber, M. (1923). <em>Yo y t\u00fa<\/em>. Herder\u00a0\u00a0\u00a0 2017\u00a0\u00a0\u00a0\u00a0\u00a0\u00a0 978-8425439797<\/h6>\n<h6>B\u00e1rcena, F. &amp; M\u00e8lich, J.C. (2000). <em>La educaci\u00f3n como acontecimiento \u00e9tico<\/em>. Paid\u00f3s. 2002\u00a0\u00a0\u00a0\u00a0\u00a0\u00a0 978-8449308987<\/h6>\n<h6>Noddings, N. (1984). <em>Caring: A Feminine Approach to Ethics and Moral Education<\/em>. University of California Press. 2003 (2\u00aa ed.)\u00a0\u00a0\u00a0\u00a0\u00a0\u00a0\u00a0\u00a0 978-0520238640<\/h6>\n","protected":false},"excerpt":{"rendered":"<p>Fe, esperanza y ternura como caminos de resistencia y transformaci\u00f3n en contextos de violencia<\/p>\n","protected":false},"author":107,"featured_media":140381,"comment_status":"closed","ping_status":"closed","sticky":false,"template":"","format":"standard","meta":{"_acf_changed":false,"_crdt_document":"","inline_featured_image":false,"footnotes":""},"categories":[130],"tags":[34030,1521,26051,20222,77293,26175,77291,77305,77298,77297,14707,77306,18645,77290,41846,49935,40863,77301,77292,77303,77304,74778,77299,77294,77295,77300,77302,67132,77296,23044,58880,77307],"class_list":["post-140379","post","type-post","status-publish","format-standard","has-post-thumbnail","hentry","category-voces","tag-acompanamiento-pastoral","tag-america-latina","tag-amor-reciproco","tag-caridad-cristiana","tag-chiara-lubich","tag-comunidad-de-fe","tag-contextos-de-violencia","tag-educacion-con-sentido-critico","tag-educacion-liberadora","tag-esperanza-comunitaria","tag-esperanza-cristiana","tag-esperanza-en-medio-de-la-violencia","tag-espiritualidad-cristiana","tag-fe-como-resistencia","tag-fe-en-tiempos-dificiles","tag-fe-y-compromiso-social","tag-fe-y-justicia","tag-fe-y-transformacion-social","tag-focolarina","tag-maria-al-pie-de-la-cruz","tag-martirio-de-la-esperanza","tag-movimiento-de-los-focolares","tag-paulo-freire","tag-pedagogia-del-acompanamiento","tag-pedagogia-del-cuidado","tag-pedagogia-relacional","tag-presencia-en-el-sufrimiento","tag-resistencia-espiritual","tag-ternura-como-resistencia","tag-testimonio-cristiano","tag-trending-es-151","tag-ursula-lonngi"],"acf":[],"yoast_head":"<!-- This site is optimized with the Yoast SEO plugin v27.4 - https:\/\/yoast.com\/product\/yoast-seo-wordpress\/ -->\n<title>La fe como resistencia: \u00bfC\u00f3mo sostener la esperanza en contextos de violencia? &#8211; Exaudi<\/title>\n<meta name=\"robots\" content=\"index, follow, max-snippet:-1, max-image-preview:large, max-video-preview:-1\" \/>\n<link rel=\"canonical\" href=\"https:\/\/exaudi.org\/es\/la-fe-como-resistencia-como-sostener-la-esperanza-en-contextos-de-violencia\/\" \/>\n<meta property=\"og:locale\" content=\"es_ES\" \/>\n<meta property=\"og:type\" content=\"article\" \/>\n<meta property=\"og:title\" content=\"La fe como resistencia: \u00bfC\u00f3mo sostener la esperanza en contextos de violencia? &#8211; Exaudi\" \/>\n<meta property=\"og:description\" content=\"Fe, esperanza y ternura como caminos de resistencia y transformaci\u00f3n en contextos de violencia\" \/>\n<meta property=\"og:url\" content=\"https:\/\/exaudi.org\/es\/la-fe-como-resistencia-como-sostener-la-esperanza-en-contextos-de-violencia\/\" \/>\n<meta property=\"og:site_name\" content=\"Exaudi\" \/>\n<meta property=\"article:publisher\" content=\"https:\/\/www.facebook.com\/ExaudiNews\" \/>\n<meta property=\"article:published_time\" content=\"2025-10-16T07:14:52+00:00\" \/>\n<meta property=\"og:image\" content=\"https:\/\/exaudi.org\/wp-content\/uploads\/2025\/10\/La-fe-como-resistencia.jpg\" \/>\n\t<meta property=\"og:image:width\" content=\"640\" \/>\n\t<meta property=\"og:image:height\" content=\"400\" \/>\n\t<meta property=\"og:image:type\" content=\"image\/jpeg\" \/>\n<meta name=\"author\" content=\"Academia de L\u00edderes Cat\u00f3licos\" \/>\n<meta name=\"twitter:card\" content=\"summary_large_image\" \/>\n<meta name=\"twitter:creator\" content=\"@Exaudi_News\" \/>\n<meta name=\"twitter:site\" content=\"@Exaudi_News\" \/>\n<meta name=\"twitter:label1\" content=\"Escrito por\" \/>\n\t<meta name=\"twitter:data1\" content=\"Academia de L\u00edderes Cat\u00f3licos\" \/>\n\t<meta name=\"twitter:label2\" content=\"Tiempo de lectura\" \/>\n\t<meta name=\"twitter:data2\" content=\"5 minutos\" \/>\n<script type=\"application\/ld+json\" class=\"yoast-schema-graph\">{\"@context\":\"https:\\\/\\\/schema.org\",\"@graph\":[{\"@type\":\"Article\",\"@id\":\"https:\\\/\\\/exaudi.org\\\/es\\\/la-fe-como-resistencia-como-sostener-la-esperanza-en-contextos-de-violencia\\\/#article\",\"isPartOf\":{\"@id\":\"https:\\\/\\\/exaudi.org\\\/es\\\/la-fe-como-resistencia-como-sostener-la-esperanza-en-contextos-de-violencia\\\/\"},\"author\":{\"name\":\"Academia de L\u00edderes Cat\u00f3licos\",\"@id\":\"https:\\\/\\\/exaudi.org\\\/#\\\/schema\\\/person\\\/334968a332d5dad9f94e08897852c6af\"},\"headline\":\"La fe como resistencia: \u00bfC\u00f3mo sostener la esperanza en contextos de violencia?\",\"datePublished\":\"2025-10-16T07:14:52+00:00\",\"mainEntityOfPage\":{\"@id\":\"https:\\\/\\\/exaudi.org\\\/es\\\/la-fe-como-resistencia-como-sostener-la-esperanza-en-contextos-de-violencia\\\/\"},\"wordCount\":1102,\"image\":{\"@id\":\"https:\\\/\\\/exaudi.org\\\/es\\\/la-fe-como-resistencia-como-sostener-la-esperanza-en-contextos-de-violencia\\\/#primaryimage\"},\"thumbnailUrl\":\"https:\\\/\\\/exaudi.org\\\/wp-content\\\/uploads\\\/2025\\\/10\\\/La-fe-como-resistencia.jpg\",\"keywords\":[\"acompa\u00f1amiento pastoral\",\"Am\u00e9rica Latina\",\"amor rec\u00edproco\",\"Caridad Cristiana\",\"Chiara Lubich\",\"comunidad de fe\",\"contextos de violencia\",\"educaci\u00f3n con sentido cr\u00edtico\",\"educaci\u00f3n liberadora\",\"esperanza comunitaria\",\"esperanza cristiana\",\"esperanza en medio de la violencia\",\"espiritualidad cristiana\",\"fe como resistencia\",\"fe en tiempos dif\u00edciles\",\"fe y compromiso social\",\"Fe y justicia\",\"fe y transformaci\u00f3n social\",\"focolarina\",\"Mar\u00eda al pie de la cruz\",\"martirio de la esperanza\",\"Movimiento de los Focolares\",\"Paulo Freire\",\"pedagog\u00eda del acompa\u00f1amiento\",\"pedagog\u00eda del cuidado\",\"pedagog\u00eda relacional\",\"presencia en el sufrimiento\",\"resistencia espiritual\",\"ternura como resistencia\",\"testimonio cristiano\",\"Trending\",\"Ursula Lonngi\"],\"articleSection\":[\"Voces\"],\"inLanguage\":\"es\"},{\"@type\":\"WebPage\",\"@id\":\"https:\\\/\\\/exaudi.org\\\/es\\\/la-fe-como-resistencia-como-sostener-la-esperanza-en-contextos-de-violencia\\\/\",\"url\":\"https:\\\/\\\/exaudi.org\\\/es\\\/la-fe-como-resistencia-como-sostener-la-esperanza-en-contextos-de-violencia\\\/\",\"name\":\"La fe como resistencia: \u00bfC\u00f3mo sostener la esperanza en contextos de violencia? &#8211; Exaudi\",\"isPartOf\":{\"@id\":\"https:\\\/\\\/exaudi.org\\\/#website\"},\"primaryImageOfPage\":{\"@id\":\"https:\\\/\\\/exaudi.org\\\/es\\\/la-fe-como-resistencia-como-sostener-la-esperanza-en-contextos-de-violencia\\\/#primaryimage\"},\"image\":{\"@id\":\"https:\\\/\\\/exaudi.org\\\/es\\\/la-fe-como-resistencia-como-sostener-la-esperanza-en-contextos-de-violencia\\\/#primaryimage\"},\"thumbnailUrl\":\"https:\\\/\\\/exaudi.org\\\/wp-content\\\/uploads\\\/2025\\\/10\\\/La-fe-como-resistencia.jpg\",\"datePublished\":\"2025-10-16T07:14:52+00:00\",\"author\":{\"@id\":\"https:\\\/\\\/exaudi.org\\\/#\\\/schema\\\/person\\\/334968a332d5dad9f94e08897852c6af\"},\"breadcrumb\":{\"@id\":\"https:\\\/\\\/exaudi.org\\\/es\\\/la-fe-como-resistencia-como-sostener-la-esperanza-en-contextos-de-violencia\\\/#breadcrumb\"},\"inLanguage\":\"es\",\"potentialAction\":[{\"@type\":\"ReadAction\",\"target\":[\"https:\\\/\\\/exaudi.org\\\/es\\\/la-fe-como-resistencia-como-sostener-la-esperanza-en-contextos-de-violencia\\\/\"]}]},{\"@type\":\"ImageObject\",\"inLanguage\":\"es\",\"@id\":\"https:\\\/\\\/exaudi.org\\\/es\\\/la-fe-como-resistencia-como-sostener-la-esperanza-en-contextos-de-violencia\\\/#primaryimage\",\"url\":\"https:\\\/\\\/exaudi.org\\\/wp-content\\\/uploads\\\/2025\\\/10\\\/La-fe-como-resistencia.jpg\",\"contentUrl\":\"https:\\\/\\\/exaudi.org\\\/wp-content\\\/uploads\\\/2025\\\/10\\\/La-fe-como-resistencia.jpg\",\"width\":640,\"height\":400},{\"@type\":\"BreadcrumbList\",\"@id\":\"https:\\\/\\\/exaudi.org\\\/es\\\/la-fe-como-resistencia-como-sostener-la-esperanza-en-contextos-de-violencia\\\/#breadcrumb\",\"itemListElement\":[{\"@type\":\"ListItem\",\"position\":1,\"name\":\"Portada\",\"item\":\"https:\\\/\\\/exaudi.org\\\/es\\\/\"},{\"@type\":\"ListItem\",\"position\":2,\"name\":\"La fe como resistencia: \u00bfC\u00f3mo sostener la esperanza en contextos de violencia?\"}]},{\"@type\":\"WebSite\",\"@id\":\"https:\\\/\\\/exaudi.org\\\/#website\",\"url\":\"https:\\\/\\\/exaudi.org\\\/\",\"name\":\"Exaudi\",\"description\":\"News\",\"potentialAction\":[{\"@type\":\"SearchAction\",\"target\":{\"@type\":\"EntryPoint\",\"urlTemplate\":\"https:\\\/\\\/exaudi.org\\\/?s={search_term_string}\"},\"query-input\":{\"@type\":\"PropertyValueSpecification\",\"valueRequired\":true,\"valueName\":\"search_term_string\"}}],\"inLanguage\":\"es\"},{\"@type\":\"Person\",\"@id\":\"https:\\\/\\\/exaudi.org\\\/#\\\/schema\\\/person\\\/334968a332d5dad9f94e08897852c6af\",\"name\":\"Academia de L\u00edderes Cat\u00f3licos\",\"image\":{\"@type\":\"ImageObject\",\"inLanguage\":\"es\",\"@id\":\"https:\\\/\\\/secure.gravatar.com\\\/avatar\\\/80d80b1e34d8fa01f6b95d10e695853ca4ea7e054050e21ad1a15d546d4600ca?s=96&d=mm&r=g\",\"url\":\"https:\\\/\\\/secure.gravatar.com\\\/avatar\\\/80d80b1e34d8fa01f6b95d10e695853ca4ea7e054050e21ad1a15d546d4600ca?s=96&d=mm&r=g\",\"contentUrl\":\"https:\\\/\\\/secure.gravatar.com\\\/avatar\\\/80d80b1e34d8fa01f6b95d10e695853ca4ea7e054050e21ad1a15d546d4600ca?s=96&d=mm&r=g\",\"caption\":\"Academia de L\u00edderes Cat\u00f3licos\"},\"description\":\"Es una fundaci\u00f3n de derecho privado sin fines de lucro que busca formar cat\u00f3licos que a partir de la experiencia cristiana desarrollen su vocaci\u00f3n pol\u00edtica con la ayuda de la Doctrina Social de la Iglesia. La Academia Latinoamericana de L\u00edderes Cat\u00f3licos tiene como misi\u00f3n, formar l\u00edderes desde una perspectiva cat\u00f3lica, arraigados en la fe de la Iglesia, para transformar el mundo social, pol\u00edtico y econ\u00f3mico a la luz de la Doctrina Social de la Iglesia. Formar una nueva generaci\u00f3n de cat\u00f3licos latinoamericanos con responsabilidades pol\u00edticas y sociales para que transformen el rostro del continente al servicio de sus pueblos, a la luz del Magisterio de la Iglesia y de cara a los Jubileos del V Centenario Guadalupano y de los dos mil a\u00f1os de la redenci\u00f3n.\",\"sameAs\":[\"https:\\\/\\\/liderescatolicos.net\\\/\",\"https:\\\/\\\/www.youtube.com\\\/c\\\/LderesCatlicos\"],\"url\":\"https:\\\/\\\/exaudi.org\\\/es\\\/author\\\/academia-de-lideres-catolicos\\\/\"}]}<\/script>\n<!-- \/ Yoast SEO plugin. -->","yoast_head_json":{"title":"La fe como resistencia: \u00bfC\u00f3mo sostener la esperanza en contextos de violencia? &#8211; Exaudi","robots":{"index":"index","follow":"follow","max-snippet":"max-snippet:-1","max-image-preview":"max-image-preview:large","max-video-preview":"max-video-preview:-1"},"canonical":"https:\/\/exaudi.org\/es\/la-fe-como-resistencia-como-sostener-la-esperanza-en-contextos-de-violencia\/","og_locale":"es_ES","og_type":"article","og_title":"La fe como resistencia: \u00bfC\u00f3mo sostener la esperanza en contextos de violencia? &#8211; Exaudi","og_description":"Fe, esperanza y ternura como caminos de resistencia y transformaci\u00f3n en contextos de violencia","og_url":"https:\/\/exaudi.org\/es\/la-fe-como-resistencia-como-sostener-la-esperanza-en-contextos-de-violencia\/","og_site_name":"Exaudi","article_publisher":"https:\/\/www.facebook.com\/ExaudiNews","article_published_time":"2025-10-16T07:14:52+00:00","og_image":[{"width":640,"height":400,"url":"https:\/\/exaudi.org\/wp-content\/uploads\/2025\/10\/La-fe-como-resistencia.jpg","type":"image\/jpeg"}],"author":"Academia de L\u00edderes Cat\u00f3licos","twitter_card":"summary_large_image","twitter_creator":"@Exaudi_News","twitter_site":"@Exaudi_News","twitter_misc":{"Escrito por":"Academia de L\u00edderes Cat\u00f3licos","Tiempo de lectura":"5 minutos"},"schema":{"@context":"https:\/\/schema.org","@graph":[{"@type":"Article","@id":"https:\/\/exaudi.org\/es\/la-fe-como-resistencia-como-sostener-la-esperanza-en-contextos-de-violencia\/#article","isPartOf":{"@id":"https:\/\/exaudi.org\/es\/la-fe-como-resistencia-como-sostener-la-esperanza-en-contextos-de-violencia\/"},"author":{"name":"Academia de L\u00edderes Cat\u00f3licos","@id":"https:\/\/exaudi.org\/#\/schema\/person\/334968a332d5dad9f94e08897852c6af"},"headline":"La fe como resistencia: \u00bfC\u00f3mo sostener la esperanza en contextos de violencia?","datePublished":"2025-10-16T07:14:52+00:00","mainEntityOfPage":{"@id":"https:\/\/exaudi.org\/es\/la-fe-como-resistencia-como-sostener-la-esperanza-en-contextos-de-violencia\/"},"wordCount":1102,"image":{"@id":"https:\/\/exaudi.org\/es\/la-fe-como-resistencia-como-sostener-la-esperanza-en-contextos-de-violencia\/#primaryimage"},"thumbnailUrl":"https:\/\/exaudi.org\/wp-content\/uploads\/2025\/10\/La-fe-como-resistencia.jpg","keywords":["acompa\u00f1amiento pastoral","Am\u00e9rica Latina","amor rec\u00edproco","Caridad Cristiana","Chiara Lubich","comunidad de fe","contextos de violencia","educaci\u00f3n con sentido cr\u00edtico","educaci\u00f3n liberadora","esperanza comunitaria","esperanza cristiana","esperanza en medio de la violencia","espiritualidad cristiana","fe como resistencia","fe en tiempos dif\u00edciles","fe y compromiso social","Fe y justicia","fe y transformaci\u00f3n social","focolarina","Mar\u00eda al pie de la cruz","martirio de la esperanza","Movimiento de los Focolares","Paulo Freire","pedagog\u00eda del acompa\u00f1amiento","pedagog\u00eda del cuidado","pedagog\u00eda relacional","presencia en el sufrimiento","resistencia espiritual","ternura como resistencia","testimonio cristiano","Trending","Ursula Lonngi"],"articleSection":["Voces"],"inLanguage":"es"},{"@type":"WebPage","@id":"https:\/\/exaudi.org\/es\/la-fe-como-resistencia-como-sostener-la-esperanza-en-contextos-de-violencia\/","url":"https:\/\/exaudi.org\/es\/la-fe-como-resistencia-como-sostener-la-esperanza-en-contextos-de-violencia\/","name":"La fe como resistencia: \u00bfC\u00f3mo sostener la esperanza en contextos de violencia? &#8211; Exaudi","isPartOf":{"@id":"https:\/\/exaudi.org\/#website"},"primaryImageOfPage":{"@id":"https:\/\/exaudi.org\/es\/la-fe-como-resistencia-como-sostener-la-esperanza-en-contextos-de-violencia\/#primaryimage"},"image":{"@id":"https:\/\/exaudi.org\/es\/la-fe-como-resistencia-como-sostener-la-esperanza-en-contextos-de-violencia\/#primaryimage"},"thumbnailUrl":"https:\/\/exaudi.org\/wp-content\/uploads\/2025\/10\/La-fe-como-resistencia.jpg","datePublished":"2025-10-16T07:14:52+00:00","author":{"@id":"https:\/\/exaudi.org\/#\/schema\/person\/334968a332d5dad9f94e08897852c6af"},"breadcrumb":{"@id":"https:\/\/exaudi.org\/es\/la-fe-como-resistencia-como-sostener-la-esperanza-en-contextos-de-violencia\/#breadcrumb"},"inLanguage":"es","potentialAction":[{"@type":"ReadAction","target":["https:\/\/exaudi.org\/es\/la-fe-como-resistencia-como-sostener-la-esperanza-en-contextos-de-violencia\/"]}]},{"@type":"ImageObject","inLanguage":"es","@id":"https:\/\/exaudi.org\/es\/la-fe-como-resistencia-como-sostener-la-esperanza-en-contextos-de-violencia\/#primaryimage","url":"https:\/\/exaudi.org\/wp-content\/uploads\/2025\/10\/La-fe-como-resistencia.jpg","contentUrl":"https:\/\/exaudi.org\/wp-content\/uploads\/2025\/10\/La-fe-como-resistencia.jpg","width":640,"height":400},{"@type":"BreadcrumbList","@id":"https:\/\/exaudi.org\/es\/la-fe-como-resistencia-como-sostener-la-esperanza-en-contextos-de-violencia\/#breadcrumb","itemListElement":[{"@type":"ListItem","position":1,"name":"Portada","item":"https:\/\/exaudi.org\/es\/"},{"@type":"ListItem","position":2,"name":"La fe como resistencia: \u00bfC\u00f3mo sostener la esperanza en contextos de violencia?"}]},{"@type":"WebSite","@id":"https:\/\/exaudi.org\/#website","url":"https:\/\/exaudi.org\/","name":"Exaudi","description":"News","potentialAction":[{"@type":"SearchAction","target":{"@type":"EntryPoint","urlTemplate":"https:\/\/exaudi.org\/?s={search_term_string}"},"query-input":{"@type":"PropertyValueSpecification","valueRequired":true,"valueName":"search_term_string"}}],"inLanguage":"es"},{"@type":"Person","@id":"https:\/\/exaudi.org\/#\/schema\/person\/334968a332d5dad9f94e08897852c6af","name":"Academia de L\u00edderes Cat\u00f3licos","image":{"@type":"ImageObject","inLanguage":"es","@id":"https:\/\/secure.gravatar.com\/avatar\/80d80b1e34d8fa01f6b95d10e695853ca4ea7e054050e21ad1a15d546d4600ca?s=96&d=mm&r=g","url":"https:\/\/secure.gravatar.com\/avatar\/80d80b1e34d8fa01f6b95d10e695853ca4ea7e054050e21ad1a15d546d4600ca?s=96&d=mm&r=g","contentUrl":"https:\/\/secure.gravatar.com\/avatar\/80d80b1e34d8fa01f6b95d10e695853ca4ea7e054050e21ad1a15d546d4600ca?s=96&d=mm&r=g","caption":"Academia de L\u00edderes Cat\u00f3licos"},"description":"Es una fundaci\u00f3n de derecho privado sin fines de lucro que busca formar cat\u00f3licos que a partir de la experiencia cristiana desarrollen su vocaci\u00f3n pol\u00edtica con la ayuda de la Doctrina Social de la Iglesia. La Academia Latinoamericana de L\u00edderes Cat\u00f3licos tiene como misi\u00f3n, formar l\u00edderes desde una perspectiva cat\u00f3lica, arraigados en la fe de la Iglesia, para transformar el mundo social, pol\u00edtico y econ\u00f3mico a la luz de la Doctrina Social de la Iglesia. Formar una nueva generaci\u00f3n de cat\u00f3licos latinoamericanos con responsabilidades pol\u00edticas y sociales para que transformen el rostro del continente al servicio de sus pueblos, a la luz del Magisterio de la Iglesia y de cara a los Jubileos del V Centenario Guadalupano y de los dos mil a\u00f1os de la redenci\u00f3n.","sameAs":["https:\/\/liderescatolicos.net\/","https:\/\/www.youtube.com\/c\/LderesCatlicos"],"url":"https:\/\/exaudi.org\/es\/author\/academia-de-lideres-catolicos\/"}]}},"jetpack_featured_media_url":"https:\/\/exaudi.org\/wp-content\/uploads\/2025\/10\/La-fe-como-resistencia.jpg","jetpack_shortlink":"https:\/\/wp.me\/pgKjF2-Awb","_links":{"self":[{"href":"https:\/\/exaudi.org\/es\/wp-json\/wp\/v2\/posts\/140379","targetHints":{"allow":["GET"]}}],"collection":[{"href":"https:\/\/exaudi.org\/es\/wp-json\/wp\/v2\/posts"}],"about":[{"href":"https:\/\/exaudi.org\/es\/wp-json\/wp\/v2\/types\/post"}],"author":[{"embeddable":true,"href":"https:\/\/exaudi.org\/es\/wp-json\/wp\/v2\/users\/107"}],"replies":[{"embeddable":true,"href":"https:\/\/exaudi.org\/es\/wp-json\/wp\/v2\/comments?post=140379"}],"version-history":[{"count":5,"href":"https:\/\/exaudi.org\/es\/wp-json\/wp\/v2\/posts\/140379\/revisions"}],"predecessor-version":[{"id":140390,"href":"https:\/\/exaudi.org\/es\/wp-json\/wp\/v2\/posts\/140379\/revisions\/140390"}],"wp:featuredmedia":[{"embeddable":true,"href":"https:\/\/exaudi.org\/es\/wp-json\/wp\/v2\/media\/140381"}],"wp:attachment":[{"href":"https:\/\/exaudi.org\/es\/wp-json\/wp\/v2\/media?parent=140379"}],"wp:term":[{"taxonomy":"category","embeddable":true,"href":"https:\/\/exaudi.org\/es\/wp-json\/wp\/v2\/categories?post=140379"},{"taxonomy":"post_tag","embeddable":true,"href":"https:\/\/exaudi.org\/es\/wp-json\/wp\/v2\/tags?post=140379"}],"curies":[{"name":"wp","href":"https:\/\/api.w.org\/{rel}","templated":true}]}}