{"id":140244,"date":"2025-10-15T11:18:18","date_gmt":"2025-10-15T09:18:18","guid":{"rendered":"https:\/\/exaudi.org\/?p=140244"},"modified":"2025-10-15T20:40:25","modified_gmt":"2025-10-15T18:40:25","slug":"leon-xiv-cristo-como-esperanza-frente-a-los-desafios-del-mundo","status":"publish","type":"post","link":"https:\/\/exaudi.org\/es\/leon-xiv-cristo-como-esperanza-frente-a-los-desafios-del-mundo\/","title":{"rendered":"Le\u00f3n XIV: \u00abCristo como esperanza frente a los desaf\u00edos del mundo\u00bb"},"content":{"rendered":"<p data-start=\"409\" data-end=\"734\">El Papa Le\u00f3n XIV presidi\u00f3 la Audiencia General del mi\u00e9rcoles 15 de octubre de 2025 en la Plaza de San Pedro, donde continu\u00f3 su ciclo de catequesis sobre la esperanza cristiana. En esta ocasi\u00f3n, el Pont\u00edfice profundiz\u00f3 en c\u00f3mo la resurrecci\u00f3n de Cristo se convierte en la fuente inquebrantable de esperanza para los creyentes.<\/p>\n<p data-start=\"736\" data-end=\"1018\">En su intervenci\u00f3n, el Papa afirm\u00f3 que \u00abno hay historia tan marcada por la decepci\u00f3n o el pecado que no pueda ser visitada por la esperanza\u00bb. Esta declaraci\u00f3n subraya la capacidad transformadora del mensaje cristiano, que ofrece luz y renovaci\u00f3n incluso en los momentos m\u00e1s oscuros.<\/p>\n<p data-start=\"1020\" data-end=\"1290\">Le\u00f3n XIV destac\u00f3 que la resurrecci\u00f3n de Jes\u00fas no es solo un evento hist\u00f3rico, sino una realidad que se proyecta hacia el futuro, ofreciendo una esperanza firme y luminosa. Esta esperanza, seg\u00fan el Papa, es capaz de iluminar las situaciones m\u00e1s oscuras de la vida humana.<\/p>\n<p data-start=\"1020\" data-end=\"1290\"><img loading=\"lazy\" decoding=\"async\" class=\"size-full wp-image-140249 alignnone\" src=\"https:\/\/exaudi.org\/wp-content\/uploads\/2025\/10\/cq5dam.thumbnail.cropped.750.422-9.jpeg\" alt=\"\" width=\"750\" height=\"422\" srcset=\"https:\/\/exaudi.org\/wp-content\/uploads\/2025\/10\/cq5dam.thumbnail.cropped.750.422-9.jpeg 750w, https:\/\/exaudi.org\/wp-content\/uploads\/2025\/10\/cq5dam.thumbnail.cropped.750.422-9-300x169.jpeg 300w, https:\/\/exaudi.org\/wp-content\/uploads\/2025\/10\/cq5dam.thumbnail.cropped.750.422-9-500x281.jpeg 500w\" sizes=\"auto, (max-width: 750px) 100vw, 750px\" \/><\/p>\n<p data-start=\"1292\" data-end=\"1599\">El Pont\u00edfice tambi\u00e9n hizo un llamado a los fieles a vivir con esperanza activa, que se traduce en acciones concretas de amor y servicio hacia los dem\u00e1s. Subray\u00f3 que la esperanza cristiana no es una actitud pasiva, sino un compromiso activo con la transformaci\u00f3n del mundo a trav\u00e9s del amor y la solidaridad.<\/p>\n<p data-start=\"1601\" data-end=\"1914\">La audiencia de hoy reuni\u00f3 a miles de peregrinos de diversas partes del mundo, quienes escucharon atentamente las palabras del Papa, que resonaron como un mensaje de consuelo y fortaleza en tiempos de incertidumbre. La catequesis de Le\u00f3n XIV contin\u00faa siendo un faro de esperanza para la Iglesia y el mundo entero.<\/p>\n<p data-start=\"1601\" data-end=\"1914\"><em><strong>Texto completo de la catequesis del Papa:<\/strong><\/em><\/p>\n<div class=\"siv-maincontainer holy-father-simplepage-leo-xiv\">\n<div id=\"wrap\">\n<header class=\"va-header container header-scrolled\">\n<div class=\"container-fluid\">\n<div class=\"d-flex flex-wrap align-items-center justify-content-center justify-content-lg-start\">\n<div class=\"col-12 col-xs-12 upper-header\">\n<div class=\"d-flex flex-wrap\">\n<div class=\"col-5 container-utility\">\n<section class=\"utility\">\n<div id=\"va-search\" class=\"va-search\"><\/div>\n<\/section>\n<\/div>\n<\/div>\n<\/div>\n<\/div>\n<\/div>\n<\/header>\n<p><main id=\"main-container\" class=\"container-fluid holyfather document leo-xiv\" role=\"main\"><\/p>\n<section class=\"section-page\">\n<div class=\"container va-main-document\">\n<div class=\"documento\">\n<div class=\"testo\">\n<div class=\"abstract text parbase vaticanrichtext\">\n<p>LE\u00d3N XIV<\/p>\n<p><i><span class=\"title-1-color\"><b>AUDIENCIA GENERAL<\/b><\/span><\/i><\/p>\n<p><i><span class=\"color-text\">Plaza de San Pedro<br \/>\nMi\u00e9rcoles, 15 de octubre de 2025<\/span><\/i><\/p>\n<p>___________________________________<\/p>\n<\/div>\n<div class=\"text parbase vaticanrichtext\">\n<p><b>Ciclo de catequesis &#8211; Jubileo 2025. Jesucristo, nuestra esperanza.\u00a0IV. La resurrecci\u00f3n de Cristo y los desaf\u00edos del mundo actual.\u00a0 1. El Resucitado, fuente viva de la esperanza humana. (<i>Jn 10,7.9-10)<\/i><\/b><\/p>\n<p><i>Queridos hermanos y hermanas, \u00a1buenos d\u00edas!<\/i><\/p>\n<p>En las catequesis del A\u00f1o jubilar, hasta este momento, hemos recorrido la vida de Jes\u00fas siguiendo los Evangelios, desde el nacimiento a la muerte y resurrecci\u00f3n. De este modo, nuestra peregrinaci\u00f3n en la esperanza ha encontrado su fundamento firme, su camino seguro. Ahora, en la \u00faltima parte del camino, dejaremos que el misterio de Cristo, que culmina en la Resurrecci\u00f3n, libere su luz de salvaci\u00f3n en contacto con la realidad humana e hist\u00f3rica actual, con sus preguntas y sus desaf\u00edos.<\/p>\n<p>Nuestra vida est\u00e1 marcada por innumerables acontecimientos, llenos de matices y de vivencias diferentes. A veces nos sentimos alegres, otras veces tristes, otras incluso satisfechos, o estresados, gratificados o desmotivados. Vivimos muy ocupados, nos centramos en alcanzar resultados, llegamos a alcanzar metas tambi\u00e9n altas, prestigiosas. Y viceversa, permanecemos suspendidos, precarios, esperando \u00e9xitos y reconocimientos que tardan en llegar o nunca llegan. En resumen, nos encontramos experimentando una situaci\u00f3n parad\u00f3jica: quisi\u00e9ramos ser felices, pero es muy dif\u00edcil conseguirlo de forma continuada y sin sombras. Aceptamos nuestras limitaciones y, al mismo tiempo, tenemos el impulso irreprimible de intentar superarlas. En el fondo, sentimos que siempre nos falta algo.<\/p>\n<p>En verdad, no hemos sido creados para la\u00a0<i>falta<\/i>, sino para la\u00a0<i>plenitud<\/i>, para disfrutar de la vida y de la vida en abundancia, seg\u00fan la expresi\u00f3n de Jes\u00fas en el Evangelio de Juan (cfr 10,10).<\/p>\n<p>Este deseo grande de nuestro coraz\u00f3n puede encontrar su \u00faltima respuesta no en los roles, no en el poder, no en el tener, sino en la certeza de que alguien se hace garante de este impulso constitutivo de nuestra humanidad; en la conciencia de que esta espera no ser\u00e1 decepcionada o frustrada. Tal certeza coincide con la esperanza. Esto no quiere decir pensar de forma optimista: a menudo el optimismo nos decepciona, al ver c\u00f3mo nuestras expectativas implosionan, mientras la esperanza promete y cumple.<\/p>\n<p>Hermanas y hermanos, \u00a1Jes\u00fas Resucitado es la garant\u00eda de esta llegada! \u00c9l es la fuente que sacia nuestra sed ardiente, la sed infinita de plenitud que el Esp\u00edritu Santo infunde en nuestro coraz\u00f3n. La Resurrecci\u00f3n de Cristo, de hecho, no es un simple acontecimiento de la historia humana, sino el evento que la transform\u00f3 desde dentro.<\/p>\n<p>Pensemos en una fuente de agua. \u00bfCu\u00e1les son sus caracter\u00edsticas? Sacia y refresca a las criaturas, riega la tierra, las plantas, hace f\u00e9rtil y vivo lo que de otra forma ser\u00eda \u00e1rido. Alivia al caminante cansado ofreci\u00e9ndole la alegr\u00eda de un oasis de frescura. Una fuente aparece como un don gratuito para la naturaleza, para sus criaturas, para los seres humanos. Sin agua no se puede vivir.<\/p>\n<p>El Resucitado es la fuente viva que no se seca y no sufre alteraciones. Permanece siempre pura y preparada para todo el que tenga sed. Y cuanto m\u00e1s saboreamos el misterio de Dios, m\u00e1s nos atrae, sin quedar nunca completamente saciados. San Agust\u00edn, en el d\u00e9cimo libro de las Confesiones, capta este anhelo inagotable de nuestro coraz\u00f3n y lo expresa en el famoso Himno a la Belleza: \u00abExhalaste tu fragancia y respir\u00e9, y ya suspiro por ti; gust\u00e9 de ti, y siento hambre y sed; me tocaste, y me abras\u00e9 en tu paz\u00bb (X, 27, 38).<\/p>\n<p>Jes\u00fas, con su Resurrecci\u00f3n, nos ha asegurado una permanente fuente de vida: \u00c9l es el Viviente (cfr\u00a0<i>Hch<\/i>\u00a01,18), el amante de la vida, el victorioso sobre toda muerte. Por eso es capaz de ofrecernos alivio en el camino terreno y asegurarnos la quietud perfecta en la eternidad. Solo Jes\u00fas muerto y resucitado responde a las preguntas m\u00e1s profundas de nuestro coraz\u00f3n: \u00bfhay realmente un punto de llegada para nosotros? \u00bfTiene sentido nuestra existencia? \u00bfY el sufrimiento de tantos inocentes, c\u00f3mo podr\u00e1 ser redimido?<\/p>\n<p>Jes\u00fas Resucitado no deja caer una respuesta \u201cdesde arriba\u201d, sino que se hace nuestro compa\u00f1ero en este viaje a menudo cansado, doloroso, misterioso. Solo \u00c9l puede llenar nuestra jarra vac\u00eda, cuando la sed se hace insoportable.<\/p>\n<p>Y \u00c9l es tambi\u00e9n el punto de llegada de nuestro caminar. Sin su amor, el viaje de la vida se convertir\u00eda en un vagar sin meta, un tr\u00e1gico error con un destino perdido. Somos criaturas fr\u00e1giles. El error forma parte de nuestra humanidad, es la herida del pecado que nos hace caer, renunciar, desesperar. Resurgir significa sin embargo volver a levantarse y ponerse de pie. El Resucitado garantiza la llegada, nos conduce a casa, donde somos esperados, amados, salvados. Hacer el viaje con \u00c9l al lado significa experimentar ser sostenidos a pesar de todo, saciados y fortalecidos en las pruebas y en las fatigas que, como piedras pesadas, amenazan con bloquear o desviar nuestra historia.<\/p>\n<p>Queridos, de la Resurrecci\u00f3n de Cristo brota la esperanza que nos hace gustar anticipadamente, no obstante las fatigas de la vida, una quietud profunda y gozosa: aquella paz que \u00c9l solo nos podr\u00e1 dar al final, sin fin.<\/p>\n<p>________________<\/p>\n<p><b>Saludos\u00a0<\/b><\/p>\n<p>Saludo cordialmente a los peregrinos de lengua espa\u00f1ola. Roguemos al Se\u00f1or para que quienes se sienten desanimados o cansados de la vida, descubran en el Resucitado la paz profunda y llena de gozo que solamente \u00e9l nos puede dar. Que Dios los bendiga.<\/p>\n<p>________________<\/p>\n<p><b>Resumen le\u00eddo por el Santo Padre en espa\u00f1ol<\/b><\/p>\n<p><i>Queridos hermanos y hermanas:<\/i><\/p>\n<p>En las catequesis de este A\u00f1o jubilar hemos recorrido la vida de Jes\u00fas desde su nacimiento hasta su resurrecci\u00f3n, en la que nos revela esa luz que salva y transforma la realidad humana. Como escuchamos en el Evangelio, \u00c9l nos promete \u201cvida en abundancia\u201d porque hemos sido creados para una vida en plenitud, para una vida nueva en Cristo. Este deseo coincide con la esperanza que el Esp\u00edritu Santo infunde en nuestros corazones.<\/p>\n<p>Hermanas y hermanos, \u00a1Cristo resucitado es un puerto seguro en nuestro camino! El Resucitado es la garant\u00eda de esta esperanza que no quedar\u00e1 defraudada. \u00c9l es fuente perenne de vida plena.<\/p>\n<p>Nos acompa\u00f1a en el viaje de nuestra historia, a veces dolorosa; y \u00c9l, que es la meta, nos conduce a casa en donde somos esperados, amados y salvados. Caminar junto a Jes\u00fas, con nuestra condici\u00f3n de creaturas fr\u00e1giles, significa experimentar que somos cuidados, saciados de nuestra sed y reconfortados en las pruebas y dificultades de nuestra vida.<\/p>\n<\/div>\n<\/div>\n<p class=\"copyright\">Copyright \u00a9 Dicasterio para la Comunicaci\u00f3n &#8211; Libreria Editrice Vaticana<\/p>\n<\/div>\n<\/div>\n<\/section>\n<p><\/main><\/div>\n<\/div>\n<p><iframe loading=\"lazy\" title=\"Audiencia General - 15 de octubre de 2025\" width=\"500\" height=\"281\" src=\"https:\/\/www.youtube.com\/embed\/Fu2c-IFDgfk?feature=oembed\" frameborder=\"0\" allow=\"accelerometer; autoplay; clipboard-write; encrypted-media; gyroscope; picture-in-picture; web-share\" referrerpolicy=\"strict-origin-when-cross-origin\" allowfullscreen><\/iframe><\/p>\n","protected":false},"excerpt":{"rendered":"<p>Audiencia General: En su catequesis del 15 de octubre de 2025, el Papa Le\u00f3n XIV destac\u00f3 que la resurrecci\u00f3n de Jes\u00fas ofrece una esperanza firme y luminosa, capaz de iluminar incluso las situaciones m\u00e1s oscuras de la vida humana.<\/p>\n","protected":false},"author":15,"featured_media":140246,"comment_status":"closed","ping_status":"closed","sticky":false,"template":"","format":"standard","meta":{"_acf_changed":false,"_crdt_document":"","inline_featured_image":false,"footnotes":""},"categories":[112,68],"tags":[179,34920,58067,58111],"class_list":["post-140244","post","type-post","status-publish","format-standard","has-post-thumbnail","hentry","category-audiencia-general","category-leon-xiv","tag-audiencia-general","tag-featured-es-14","tag-leon-xiv","tag-papa-leon-xiv"],"acf":[],"yoast_head":"<!-- This site is optimized with the Yoast SEO plugin v27.5 - https:\/\/yoast.com\/product\/yoast-seo-wordpress\/ -->\n<title>Le\u00f3n XIV: &quot;Cristo como esperanza frente a los desaf\u00edos del mundo&quot; &#8211; Exaudi<\/title>\n<meta name=\"robots\" content=\"index, follow, max-snippet:-1, max-image-preview:large, max-video-preview:-1\" \/>\n<link rel=\"canonical\" href=\"https:\/\/exaudi.org\/es\/leon-xiv-cristo-como-esperanza-frente-a-los-desafios-del-mundo\/\" \/>\n<meta property=\"og:locale\" content=\"es_ES\" \/>\n<meta property=\"og:type\" content=\"article\" \/>\n<meta property=\"og:title\" content=\"Le\u00f3n XIV: &quot;Cristo como esperanza frente a los desaf\u00edos del mundo&quot; &#8211; Exaudi\" \/>\n<meta property=\"og:description\" content=\"Audiencia General: En su catequesis del 15 de octubre de 2025, el Papa Le\u00f3n XIV destac\u00f3 que la resurrecci\u00f3n de Jes\u00fas ofrece una esperanza firme y luminosa, capaz de iluminar incluso las situaciones m\u00e1s oscuras de la vida humana.\" \/>\n<meta property=\"og:url\" content=\"https:\/\/exaudi.org\/es\/leon-xiv-cristo-como-esperanza-frente-a-los-desafios-del-mundo\/\" \/>\n<meta property=\"og:site_name\" content=\"Exaudi\" \/>\n<meta property=\"article:publisher\" content=\"https:\/\/www.facebook.com\/ExaudiNews\" \/>\n<meta property=\"article:author\" content=\"https:\/\/www.facebook.com\/ExaudiNoticias\/\" \/>\n<meta property=\"article:published_time\" content=\"2025-10-15T09:18:18+00:00\" \/>\n<meta property=\"article:modified_time\" content=\"2025-10-15T18:40:25+00:00\" \/>\n<meta property=\"og:image\" content=\"https:\/\/exaudi.org\/wp-content\/uploads\/2025\/10\/cq5dam.thumbnail.cropped.750.422-1-1.jpeg\" \/>\n\t<meta property=\"og:image:width\" content=\"750\" \/>\n\t<meta property=\"og:image:height\" content=\"422\" \/>\n\t<meta property=\"og:image:type\" content=\"image\/jpeg\" \/>\n<meta name=\"author\" content=\"Exaudi Redacci\u00f3n\" \/>\n<meta name=\"twitter:card\" content=\"summary_large_image\" \/>\n<meta name=\"twitter:creator\" content=\"@Exaudi_noticias\" \/>\n<meta name=\"twitter:site\" content=\"@Exaudi_News\" \/>\n<meta name=\"twitter:label1\" content=\"Escrito por\" \/>\n\t<meta name=\"twitter:data1\" content=\"Exaudi Redacci\u00f3n\" \/>\n\t<meta name=\"twitter:label2\" content=\"Tiempo de lectura\" \/>\n\t<meta name=\"twitter:data2\" content=\"7 minutos\" \/>\n<script type=\"application\/ld+json\" class=\"yoast-schema-graph\">{\"@context\":\"https:\\\/\\\/schema.org\",\"@graph\":[{\"@type\":\"Article\",\"@id\":\"https:\\\/\\\/exaudi.org\\\/es\\\/leon-xiv-cristo-como-esperanza-frente-a-los-desafios-del-mundo\\\/#article\",\"isPartOf\":{\"@id\":\"https:\\\/\\\/exaudi.org\\\/es\\\/leon-xiv-cristo-como-esperanza-frente-a-los-desafios-del-mundo\\\/\"},\"author\":{\"name\":\"Exaudi Redacci\u00f3n\",\"@id\":\"https:\\\/\\\/exaudi.org\\\/#\\\/schema\\\/person\\\/f5fc8f063065e38742da7afe15f25df7\"},\"headline\":\"Le\u00f3n XIV: \u00abCristo como esperanza frente a los desaf\u00edos del mundo\u00bb\",\"datePublished\":\"2025-10-15T09:18:18+00:00\",\"dateModified\":\"2025-10-15T18:40:25+00:00\",\"mainEntityOfPage\":{\"@id\":\"https:\\\/\\\/exaudi.org\\\/es\\\/leon-xiv-cristo-como-esperanza-frente-a-los-desafios-del-mundo\\\/\"},\"wordCount\":1432,\"image\":{\"@id\":\"https:\\\/\\\/exaudi.org\\\/es\\\/leon-xiv-cristo-como-esperanza-frente-a-los-desafios-del-mundo\\\/#primaryimage\"},\"thumbnailUrl\":\"https:\\\/\\\/exaudi.org\\\/wp-content\\\/uploads\\\/2025\\\/10\\\/cq5dam.thumbnail.cropped.750.422-1-1.jpeg\",\"keywords\":[\"audiencia general\",\"Featured\",\"Le\u00f3n XIV\",\"papa le\u00f3n xiv\"],\"articleSection\":[\"Audiencia General\",\"Le\u00f3n XIV\"],\"inLanguage\":\"es\"},{\"@type\":\"WebPage\",\"@id\":\"https:\\\/\\\/exaudi.org\\\/es\\\/leon-xiv-cristo-como-esperanza-frente-a-los-desafios-del-mundo\\\/\",\"url\":\"https:\\\/\\\/exaudi.org\\\/es\\\/leon-xiv-cristo-como-esperanza-frente-a-los-desafios-del-mundo\\\/\",\"name\":\"Le\u00f3n XIV: \\\"Cristo como esperanza frente a los desaf\u00edos del mundo\\\" &#8211; Exaudi\",\"isPartOf\":{\"@id\":\"https:\\\/\\\/exaudi.org\\\/#website\"},\"primaryImageOfPage\":{\"@id\":\"https:\\\/\\\/exaudi.org\\\/es\\\/leon-xiv-cristo-como-esperanza-frente-a-los-desafios-del-mundo\\\/#primaryimage\"},\"image\":{\"@id\":\"https:\\\/\\\/exaudi.org\\\/es\\\/leon-xiv-cristo-como-esperanza-frente-a-los-desafios-del-mundo\\\/#primaryimage\"},\"thumbnailUrl\":\"https:\\\/\\\/exaudi.org\\\/wp-content\\\/uploads\\\/2025\\\/10\\\/cq5dam.thumbnail.cropped.750.422-1-1.jpeg\",\"datePublished\":\"2025-10-15T09:18:18+00:00\",\"dateModified\":\"2025-10-15T18:40:25+00:00\",\"author\":{\"@id\":\"https:\\\/\\\/exaudi.org\\\/#\\\/schema\\\/person\\\/f5fc8f063065e38742da7afe15f25df7\"},\"breadcrumb\":{\"@id\":\"https:\\\/\\\/exaudi.org\\\/es\\\/leon-xiv-cristo-como-esperanza-frente-a-los-desafios-del-mundo\\\/#breadcrumb\"},\"inLanguage\":\"es\",\"potentialAction\":[{\"@type\":\"ReadAction\",\"target\":[\"https:\\\/\\\/exaudi.org\\\/es\\\/leon-xiv-cristo-como-esperanza-frente-a-los-desafios-del-mundo\\\/\"]}]},{\"@type\":\"ImageObject\",\"inLanguage\":\"es\",\"@id\":\"https:\\\/\\\/exaudi.org\\\/es\\\/leon-xiv-cristo-como-esperanza-frente-a-los-desafios-del-mundo\\\/#primaryimage\",\"url\":\"https:\\\/\\\/exaudi.org\\\/wp-content\\\/uploads\\\/2025\\\/10\\\/cq5dam.thumbnail.cropped.750.422-1-1.jpeg\",\"contentUrl\":\"https:\\\/\\\/exaudi.org\\\/wp-content\\\/uploads\\\/2025\\\/10\\\/cq5dam.thumbnail.cropped.750.422-1-1.jpeg\",\"width\":750,\"height\":422},{\"@type\":\"BreadcrumbList\",\"@id\":\"https:\\\/\\\/exaudi.org\\\/es\\\/leon-xiv-cristo-como-esperanza-frente-a-los-desafios-del-mundo\\\/#breadcrumb\",\"itemListElement\":[{\"@type\":\"ListItem\",\"position\":1,\"name\":\"Portada\",\"item\":\"https:\\\/\\\/exaudi.org\\\/es\\\/\"},{\"@type\":\"ListItem\",\"position\":2,\"name\":\"Le\u00f3n XIV: \u00abCristo como esperanza frente a los desaf\u00edos del mundo\u00bb\"}]},{\"@type\":\"WebSite\",\"@id\":\"https:\\\/\\\/exaudi.org\\\/#website\",\"url\":\"https:\\\/\\\/exaudi.org\\\/\",\"name\":\"Exaudi\",\"description\":\"News\",\"potentialAction\":[{\"@type\":\"SearchAction\",\"target\":{\"@type\":\"EntryPoint\",\"urlTemplate\":\"https:\\\/\\\/exaudi.org\\\/?s={search_term_string}\"},\"query-input\":{\"@type\":\"PropertyValueSpecification\",\"valueRequired\":true,\"valueName\":\"search_term_string\"}}],\"inLanguage\":\"es\"},{\"@type\":\"Person\",\"@id\":\"https:\\\/\\\/exaudi.org\\\/#\\\/schema\\\/person\\\/f5fc8f063065e38742da7afe15f25df7\",\"name\":\"Exaudi Redacci\u00f3n\",\"image\":{\"@type\":\"ImageObject\",\"inLanguage\":\"es\",\"@id\":\"https:\\\/\\\/secure.gravatar.com\\\/avatar\\\/fe0f6a059fb68d9b3e11bc5850dd4899b1c7492091a3cb6dd9b01b56ad828be2?s=96&d=mm&r=g\",\"url\":\"https:\\\/\\\/secure.gravatar.com\\\/avatar\\\/fe0f6a059fb68d9b3e11bc5850dd4899b1c7492091a3cb6dd9b01b56ad828be2?s=96&d=mm&r=g\",\"contentUrl\":\"https:\\\/\\\/secure.gravatar.com\\\/avatar\\\/fe0f6a059fb68d9b3e11bc5850dd4899b1c7492091a3cb6dd9b01b56ad828be2?s=96&d=mm&r=g\",\"caption\":\"Exaudi Redacci\u00f3n\"},\"description\":\"\u00bfQu\u00e9 es Exaudi News? Exaudi News es un medio de comunicaci\u00f3n cat\u00f3lico internacional que informa, forma y transforma, diariamente en espa\u00f1ol, ingl\u00e9s e italiano. A trav\u00e9s de noticias, art\u00edculos de an\u00e1lisis y transmisiones en directo de los eventos del Papa, Exaudi busca fortalecer la unidad de los cristianos y contribuir a la evangelizaci\u00f3n del mundo, siempre guiados por la doctrina social de la Iglesia. Trabajamos para acercar la verdad y los valores cristianos a cada rinc\u00f3n del planeta. \u00a1Ay\u00fadanos a transformar el mundo con Exaudi! En Exaudi creemos que la evangelizaci\u00f3n y la informaci\u00f3n de calidad pueden cambiar vidas. Para continuar con nuestra misi\u00f3n y expandir nuestro alcance, necesitamos tu ayuda. Adem\u00e1s, buscamos personas comprometidas que deseen unirse a nuestro equipo. Con tu apoyo, lograremos llegar a m\u00e1s personas, difundir el mensaje de Cristo y reforzar la unidad de los cristianos. \u00bfTe unes a nuestra misi\u00f3n? Para m\u00e1s informaci\u00f3n sobre c\u00f3mo colaborar, visita Exaudi.org\\\/es o cont\u00e1ctanos directamente: info@exaudi.org Exaudi: Informa, forma y transforma.\",\"sameAs\":[\"https:\\\/\\\/www.facebook.com\\\/ExaudiNoticias\\\/\",\"https:\\\/\\\/www.instagram.com\\\/exaudi_noticias\\\/\",\"https:\\\/\\\/x.com\\\/Exaudi_noticias\",\"https:\\\/\\\/www.youtube.com\\\/@exaudicatholicnews\"],\"url\":\"https:\\\/\\\/exaudi.org\\\/es\\\/author\\\/redaccionexaudi\\\/\"}]}<\/script>\n<!-- \/ Yoast SEO plugin. -->","yoast_head_json":{"title":"Le\u00f3n XIV: \"Cristo como esperanza frente a los desaf\u00edos del mundo\" &#8211; Exaudi","robots":{"index":"index","follow":"follow","max-snippet":"max-snippet:-1","max-image-preview":"max-image-preview:large","max-video-preview":"max-video-preview:-1"},"canonical":"https:\/\/exaudi.org\/es\/leon-xiv-cristo-como-esperanza-frente-a-los-desafios-del-mundo\/","og_locale":"es_ES","og_type":"article","og_title":"Le\u00f3n XIV: \"Cristo como esperanza frente a los desaf\u00edos del mundo\" &#8211; Exaudi","og_description":"Audiencia General: En su catequesis del 15 de octubre de 2025, el Papa Le\u00f3n XIV destac\u00f3 que la resurrecci\u00f3n de Jes\u00fas ofrece una esperanza firme y luminosa, capaz de iluminar incluso las situaciones m\u00e1s oscuras de la vida humana.","og_url":"https:\/\/exaudi.org\/es\/leon-xiv-cristo-como-esperanza-frente-a-los-desafios-del-mundo\/","og_site_name":"Exaudi","article_publisher":"https:\/\/www.facebook.com\/ExaudiNews","article_author":"https:\/\/www.facebook.com\/ExaudiNoticias\/","article_published_time":"2025-10-15T09:18:18+00:00","article_modified_time":"2025-10-15T18:40:25+00:00","og_image":[{"width":750,"height":422,"url":"https:\/\/exaudi.org\/wp-content\/uploads\/2025\/10\/cq5dam.thumbnail.cropped.750.422-1-1.jpeg","type":"image\/jpeg"}],"author":"Exaudi Redacci\u00f3n","twitter_card":"summary_large_image","twitter_creator":"@Exaudi_noticias","twitter_site":"@Exaudi_News","twitter_misc":{"Escrito por":"Exaudi Redacci\u00f3n","Tiempo de lectura":"7 minutos"},"schema":{"@context":"https:\/\/schema.org","@graph":[{"@type":"Article","@id":"https:\/\/exaudi.org\/es\/leon-xiv-cristo-como-esperanza-frente-a-los-desafios-del-mundo\/#article","isPartOf":{"@id":"https:\/\/exaudi.org\/es\/leon-xiv-cristo-como-esperanza-frente-a-los-desafios-del-mundo\/"},"author":{"name":"Exaudi Redacci\u00f3n","@id":"https:\/\/exaudi.org\/#\/schema\/person\/f5fc8f063065e38742da7afe15f25df7"},"headline":"Le\u00f3n XIV: \u00abCristo como esperanza frente a los desaf\u00edos del mundo\u00bb","datePublished":"2025-10-15T09:18:18+00:00","dateModified":"2025-10-15T18:40:25+00:00","mainEntityOfPage":{"@id":"https:\/\/exaudi.org\/es\/leon-xiv-cristo-como-esperanza-frente-a-los-desafios-del-mundo\/"},"wordCount":1432,"image":{"@id":"https:\/\/exaudi.org\/es\/leon-xiv-cristo-como-esperanza-frente-a-los-desafios-del-mundo\/#primaryimage"},"thumbnailUrl":"https:\/\/exaudi.org\/wp-content\/uploads\/2025\/10\/cq5dam.thumbnail.cropped.750.422-1-1.jpeg","keywords":["audiencia general","Featured","Le\u00f3n XIV","papa le\u00f3n xiv"],"articleSection":["Audiencia General","Le\u00f3n XIV"],"inLanguage":"es"},{"@type":"WebPage","@id":"https:\/\/exaudi.org\/es\/leon-xiv-cristo-como-esperanza-frente-a-los-desafios-del-mundo\/","url":"https:\/\/exaudi.org\/es\/leon-xiv-cristo-como-esperanza-frente-a-los-desafios-del-mundo\/","name":"Le\u00f3n XIV: \"Cristo como esperanza frente a los desaf\u00edos del mundo\" &#8211; Exaudi","isPartOf":{"@id":"https:\/\/exaudi.org\/#website"},"primaryImageOfPage":{"@id":"https:\/\/exaudi.org\/es\/leon-xiv-cristo-como-esperanza-frente-a-los-desafios-del-mundo\/#primaryimage"},"image":{"@id":"https:\/\/exaudi.org\/es\/leon-xiv-cristo-como-esperanza-frente-a-los-desafios-del-mundo\/#primaryimage"},"thumbnailUrl":"https:\/\/exaudi.org\/wp-content\/uploads\/2025\/10\/cq5dam.thumbnail.cropped.750.422-1-1.jpeg","datePublished":"2025-10-15T09:18:18+00:00","dateModified":"2025-10-15T18:40:25+00:00","author":{"@id":"https:\/\/exaudi.org\/#\/schema\/person\/f5fc8f063065e38742da7afe15f25df7"},"breadcrumb":{"@id":"https:\/\/exaudi.org\/es\/leon-xiv-cristo-como-esperanza-frente-a-los-desafios-del-mundo\/#breadcrumb"},"inLanguage":"es","potentialAction":[{"@type":"ReadAction","target":["https:\/\/exaudi.org\/es\/leon-xiv-cristo-como-esperanza-frente-a-los-desafios-del-mundo\/"]}]},{"@type":"ImageObject","inLanguage":"es","@id":"https:\/\/exaudi.org\/es\/leon-xiv-cristo-como-esperanza-frente-a-los-desafios-del-mundo\/#primaryimage","url":"https:\/\/exaudi.org\/wp-content\/uploads\/2025\/10\/cq5dam.thumbnail.cropped.750.422-1-1.jpeg","contentUrl":"https:\/\/exaudi.org\/wp-content\/uploads\/2025\/10\/cq5dam.thumbnail.cropped.750.422-1-1.jpeg","width":750,"height":422},{"@type":"BreadcrumbList","@id":"https:\/\/exaudi.org\/es\/leon-xiv-cristo-como-esperanza-frente-a-los-desafios-del-mundo\/#breadcrumb","itemListElement":[{"@type":"ListItem","position":1,"name":"Portada","item":"https:\/\/exaudi.org\/es\/"},{"@type":"ListItem","position":2,"name":"Le\u00f3n XIV: \u00abCristo como esperanza frente a los desaf\u00edos del mundo\u00bb"}]},{"@type":"WebSite","@id":"https:\/\/exaudi.org\/#website","url":"https:\/\/exaudi.org\/","name":"Exaudi","description":"News","potentialAction":[{"@type":"SearchAction","target":{"@type":"EntryPoint","urlTemplate":"https:\/\/exaudi.org\/?s={search_term_string}"},"query-input":{"@type":"PropertyValueSpecification","valueRequired":true,"valueName":"search_term_string"}}],"inLanguage":"es"},{"@type":"Person","@id":"https:\/\/exaudi.org\/#\/schema\/person\/f5fc8f063065e38742da7afe15f25df7","name":"Exaudi Redacci\u00f3n","image":{"@type":"ImageObject","inLanguage":"es","@id":"https:\/\/secure.gravatar.com\/avatar\/fe0f6a059fb68d9b3e11bc5850dd4899b1c7492091a3cb6dd9b01b56ad828be2?s=96&d=mm&r=g","url":"https:\/\/secure.gravatar.com\/avatar\/fe0f6a059fb68d9b3e11bc5850dd4899b1c7492091a3cb6dd9b01b56ad828be2?s=96&d=mm&r=g","contentUrl":"https:\/\/secure.gravatar.com\/avatar\/fe0f6a059fb68d9b3e11bc5850dd4899b1c7492091a3cb6dd9b01b56ad828be2?s=96&d=mm&r=g","caption":"Exaudi Redacci\u00f3n"},"description":"\u00bfQu\u00e9 es Exaudi News? Exaudi News es un medio de comunicaci\u00f3n cat\u00f3lico internacional que informa, forma y transforma, diariamente en espa\u00f1ol, ingl\u00e9s e italiano. A trav\u00e9s de noticias, art\u00edculos de an\u00e1lisis y transmisiones en directo de los eventos del Papa, Exaudi busca fortalecer la unidad de los cristianos y contribuir a la evangelizaci\u00f3n del mundo, siempre guiados por la doctrina social de la Iglesia. Trabajamos para acercar la verdad y los valores cristianos a cada rinc\u00f3n del planeta. \u00a1Ay\u00fadanos a transformar el mundo con Exaudi! En Exaudi creemos que la evangelizaci\u00f3n y la informaci\u00f3n de calidad pueden cambiar vidas. Para continuar con nuestra misi\u00f3n y expandir nuestro alcance, necesitamos tu ayuda. Adem\u00e1s, buscamos personas comprometidas que deseen unirse a nuestro equipo. Con tu apoyo, lograremos llegar a m\u00e1s personas, difundir el mensaje de Cristo y reforzar la unidad de los cristianos. \u00bfTe unes a nuestra misi\u00f3n? Para m\u00e1s informaci\u00f3n sobre c\u00f3mo colaborar, visita Exaudi.org\/es o cont\u00e1ctanos directamente: info@exaudi.org Exaudi: Informa, forma y transforma.","sameAs":["https:\/\/www.facebook.com\/ExaudiNoticias\/","https:\/\/www.instagram.com\/exaudi_noticias\/","https:\/\/x.com\/Exaudi_noticias","https:\/\/www.youtube.com\/@exaudicatholicnews"],"url":"https:\/\/exaudi.org\/es\/author\/redaccionexaudi\/"}]}},"jetpack_featured_media_url":"https:\/\/exaudi.org\/wp-content\/uploads\/2025\/10\/cq5dam.thumbnail.cropped.750.422-1-1.jpeg","jetpack_shortlink":"https:\/\/wp.me\/pgKjF2-Au0","_links":{"self":[{"href":"https:\/\/exaudi.org\/es\/wp-json\/wp\/v2\/posts\/140244","targetHints":{"allow":["GET"]}}],"collection":[{"href":"https:\/\/exaudi.org\/es\/wp-json\/wp\/v2\/posts"}],"about":[{"href":"https:\/\/exaudi.org\/es\/wp-json\/wp\/v2\/types\/post"}],"author":[{"embeddable":true,"href":"https:\/\/exaudi.org\/es\/wp-json\/wp\/v2\/users\/15"}],"replies":[{"embeddable":true,"href":"https:\/\/exaudi.org\/es\/wp-json\/wp\/v2\/comments?post=140244"}],"version-history":[{"count":4,"href":"https:\/\/exaudi.org\/es\/wp-json\/wp\/v2\/posts\/140244\/revisions"}],"predecessor-version":[{"id":140367,"href":"https:\/\/exaudi.org\/es\/wp-json\/wp\/v2\/posts\/140244\/revisions\/140367"}],"wp:featuredmedia":[{"embeddable":true,"href":"https:\/\/exaudi.org\/es\/wp-json\/wp\/v2\/media\/140246"}],"wp:attachment":[{"href":"https:\/\/exaudi.org\/es\/wp-json\/wp\/v2\/media?parent=140244"}],"wp:term":[{"taxonomy":"category","embeddable":true,"href":"https:\/\/exaudi.org\/es\/wp-json\/wp\/v2\/categories?post=140244"},{"taxonomy":"post_tag","embeddable":true,"href":"https:\/\/exaudi.org\/es\/wp-json\/wp\/v2\/tags?post=140244"}],"curies":[{"name":"wp","href":"https:\/\/api.w.org\/{rel}","templated":true}]}}