{"id":14010,"date":"2021-05-01T08:00:33","date_gmt":"2021-05-01T06:00:33","guid":{"rendered":"https:\/\/exaudi.org\/?p=14010"},"modified":"2021-05-01T15:30:22","modified_gmt":"2021-05-01T13:30:22","slug":"v-domingo-pascua-comentario-padre-jorge-miro-2021","status":"publish","type":"post","link":"https:\/\/exaudi.org\/es\/v-domingo-pascua-comentario-padre-jorge-miro-2021\/","title":{"rendered":"V Domingo de Pascua: Comentario del padre Jorge Mir\u00f3"},"content":{"rendered":"<p><a href=\"https:\/\/exaudi.org\/es\/author\/jorgemiro\/\">El padre Jorge Mir\u00f3<\/a> comparte con los lectores de Exaudi su comentario sobre el Evangelio de ma\u00f1ana, 2 de mayo de 2021, <a href=\"https:\/\/www.dominicos.org\/predicacion\/homilia\/2-5-2021\/\" target=\"_blank\" rel=\"noopener noreferrer\">V Domingo de Pascua.<\/a><\/p>\n<p>***<\/p>\n<p><span style=\"font-weight: 400\">El que es de Cristo es una criatura nueva y va dando frutos de santidad. Pero para poder dar esos frutos, la clave est\u00e1 en permanecer unidos a Cristo, porque sin m\u00ed no pod\u00e9is hacer nada.\u00a0<\/span><span style=\"font-weight: 400\">La Palabra nos ha dado algunas pistas de lo que significa ese permanecer.<\/span><\/p>\n<p><span style=\"font-weight: 400\">El que permanece en m\u00ed y yo en \u00e9l, \u00e9se da fruto abundante. Estamos llamados a vivir una relaci\u00f3n personal, una relaci\u00f3n de amor: vivir en comuni\u00f3n con el Se\u00f1or, tener sus mismos sentimientos y actitudes. Preguntarle cada d\u00eda: Se\u00f1or, \u00bfqu\u00e9 quieres de m\u00ed? \u00bfC\u00f3mo quieres que viva hoy? Ser cristiano no es un moralismo, un cumplimiento de normas, sino un seguimiento del Se\u00f1or, un dejarte llevar por donde \u00c9l quiera llevarte.<\/span><\/p>\n<p><span style=\"font-weight: 400\">Vosotros ya est\u00e1is limpios por las palabras que os he hablado. El disc\u00edpulo vive de escuchar al Maestro, de dejarse \u201cpodar\u201d por la Palabra, que tiene vida eterna. De dejar que esta Palabra te vaya re-creando, d\u00e1ndote la mente de Cristo.\u00a0<\/span><span style=\"font-weight: 400\">Quien guarda sus mandamientos permanece en Dios, y Dios en \u00e9l. El amor se manifiesta en la fidelidad, fidelidad a la Palabra, fidelidad a la vocaci\u00f3n que Dios te ha dado, fidelidad a la misi\u00f3n. Este es el esp\u00edritu del enamorado, del hijo.\u00a0<\/span><\/p>\n<p><span style=\"font-weight: 400\">La Iglesia se iba construyendo y progresaba en el temor del Se\u00f1or, y se multiplicaba, con el consuelo del Esp\u00edritu Santo. Permanecer en el Cuerpo de Cristo, que es la Iglesia. No has sido creado para la soledad, sino para la relaci\u00f3n, la comuni\u00f3n y la donaci\u00f3n. Dar\u00e1s fruto si vives en comuni\u00f3n con la Iglesia, con los hermanos que el Se\u00f1or te ha dado. Dar\u00e1s fruto viviendo la fe en la Iglesia, recibiendo de ella los sacramentos, especialmente la Eucarist\u00eda y alabando al Se\u00f1or con los hermanos y sirvi\u00e9ndoles con generosidad.<\/span><\/p>\n<p><span style=\"font-weight: 400\">Y todo ello animado por el Esp\u00edritu Santo. No en tus fuerzas, sino en la fuerza del Esp\u00edritu. Sin m\u00ed no pod\u00e9is hacer nada. Dej\u00e1ndote llenar por sus dones, acogiendo los carismas y buscando en todo la gloria de Dios y no la tuya. Buscando en todo hacer la voluntad de Dios y no la tuya.<\/span><\/p>\n<p><span style=\"font-weight: 400\">Jesucristo es la piedra angular sobre la que el Esp\u00edritu Santo quiere construir el edificio de tu vida.\u00a0<\/span><span style=\"font-weight: 400\">\u00a1\u00c1nimo! \u00a1\u00c1brete al don del Esp\u00edritu Santo! \u00a1D\u00e9jate renovar y construir por \u00c9l! Entonces vivir\u00e1s lo que cantamos en el Salmo: los desvalidos comer\u00e1n hasta saciarse, alabar\u00e1n al Se\u00f1or los que lo buscan\u2026 Me har\u00e1 vivir para \u00e9l\u2026 contar\u00e1n\u2026 todo lo que hizo el Se\u00f1or.<\/span><\/p>\n<p><span style=\"font-weight: 400\">\u00a1Feliz Domingo! \u00a1Feliz Eucarist\u00eda!<\/span><\/p>\n","protected":false},"excerpt":{"rendered":"<p>Frutos de santidad<\/p>\n","protected":false},"author":20,"featured_media":14012,"comment_status":"closed","ping_status":"closed","sticky":false,"template":"","format":"standard","meta":{"_acf_changed":false,"_crdt_document":"","inline_featured_image":false,"footnotes":""},"categories":[96,298],"tags":[368,369,1949],"class_list":["post-14010","post","type-post","status-publish","format-standard","has-post-thumbnail","hentry","category-espiritualidad","category-ultimas-noticias","tag-comentario-del-evangelio","tag-padre-jorge-miro","tag-v-domingo-de-pascua"],"acf":[],"yoast_head":"<!-- This site is optimized with the Yoast SEO plugin v27.4 - https:\/\/yoast.com\/product\/yoast-seo-wordpress\/ -->\n<title>V Domingo de Pascua: Comentario del padre Jorge Mir\u00f3 - Exaudi<\/title>\n<meta name=\"description\" content=\"El padre Jorge Mir\u00f3 comparte con los lectores de Exaudi su comentario sobre el Evangelio del V Domingo de Pascua, 2 de mayo de 2021.\" \/>\n<meta name=\"robots\" content=\"index, follow, max-snippet:-1, max-image-preview:large, max-video-preview:-1\" \/>\n<link rel=\"canonical\" href=\"https:\/\/exaudi.org\/es\/v-domingo-pascua-comentario-padre-jorge-miro-2021\/\" \/>\n<meta property=\"og:locale\" content=\"es_ES\" \/>\n<meta property=\"og:type\" content=\"article\" \/>\n<meta property=\"og:title\" content=\"V Domingo de Pascua: Comentario del padre Jorge Mir\u00f3 - Exaudi\" \/>\n<meta property=\"og:description\" content=\"El padre Jorge Mir\u00f3 comparte con los lectores de Exaudi su comentario sobre el Evangelio del V Domingo de Pascua, 2 de mayo de 2021.\" \/>\n<meta property=\"og:url\" content=\"https:\/\/exaudi.org\/es\/v-domingo-pascua-comentario-padre-jorge-miro-2021\/\" \/>\n<meta property=\"og:site_name\" content=\"Exaudi\" \/>\n<meta property=\"article:publisher\" content=\"https:\/\/www.facebook.com\/ExaudiNews\" \/>\n<meta property=\"article:published_time\" content=\"2021-05-01T06:00:33+00:00\" \/>\n<meta property=\"article:modified_time\" content=\"2021-05-01T13:30:22+00:00\" \/>\n<meta property=\"og:image\" content=\"https:\/\/exaudi.org\/wp-content\/uploads\/2021\/04\/cathopic_1539047453588503-scaled.jpg\" \/>\n\t<meta property=\"og:image:width\" content=\"2560\" \/>\n\t<meta property=\"og:image:height\" content=\"1707\" \/>\n\t<meta property=\"og:image:type\" content=\"image\/jpeg\" \/>\n<meta name=\"author\" content=\"Jorge Mir\u00f3\" \/>\n<meta name=\"twitter:card\" content=\"summary_large_image\" \/>\n<meta name=\"twitter:creator\" content=\"@Exaudi_News\" \/>\n<meta name=\"twitter:site\" content=\"@Exaudi_News\" \/>\n<meta name=\"twitter:label1\" content=\"Escrito por\" \/>\n\t<meta name=\"twitter:data1\" content=\"Jorge Mir\u00f3\" \/>\n\t<meta name=\"twitter:label2\" content=\"Tiempo de lectura\" \/>\n\t<meta name=\"twitter:data2\" content=\"2 minutos\" \/>\n<script type=\"application\/ld+json\" class=\"yoast-schema-graph\">{\"@context\":\"https:\\\/\\\/schema.org\",\"@graph\":[{\"@type\":\"Article\",\"@id\":\"https:\\\/\\\/exaudi.org\\\/es\\\/v-domingo-pascua-comentario-padre-jorge-miro-2021\\\/#article\",\"isPartOf\":{\"@id\":\"https:\\\/\\\/exaudi.org\\\/es\\\/v-domingo-pascua-comentario-padre-jorge-miro-2021\\\/\"},\"author\":{\"name\":\"Jorge Mir\u00f3\",\"@id\":\"https:\\\/\\\/exaudi.org\\\/#\\\/schema\\\/person\\\/a258c56b05e63b2b367bdca29e0ed3e3\"},\"headline\":\"V Domingo de Pascua: Comentario del padre Jorge Mir\u00f3\",\"datePublished\":\"2021-05-01T06:00:33+00:00\",\"dateModified\":\"2021-05-01T13:30:22+00:00\",\"mainEntityOfPage\":{\"@id\":\"https:\\\/\\\/exaudi.org\\\/es\\\/v-domingo-pascua-comentario-padre-jorge-miro-2021\\\/\"},\"wordCount\":495,\"image\":{\"@id\":\"https:\\\/\\\/exaudi.org\\\/es\\\/v-domingo-pascua-comentario-padre-jorge-miro-2021\\\/#primaryimage\"},\"thumbnailUrl\":\"https:\\\/\\\/exaudi.org\\\/wp-content\\\/uploads\\\/2021\\\/04\\\/cathopic_1539047453588503-scaled.jpg\",\"keywords\":[\"Comentario del Evangelio\",\"Padre Jorge Mir\u00f3\",\"V Domingo de Pascua\"],\"articleSection\":[\"Espiritualidad\",\"\u00daltimas noticias\"],\"inLanguage\":\"es\"},{\"@type\":\"WebPage\",\"@id\":\"https:\\\/\\\/exaudi.org\\\/es\\\/v-domingo-pascua-comentario-padre-jorge-miro-2021\\\/\",\"url\":\"https:\\\/\\\/exaudi.org\\\/es\\\/v-domingo-pascua-comentario-padre-jorge-miro-2021\\\/\",\"name\":\"V Domingo de Pascua: Comentario del padre Jorge Mir\u00f3 - Exaudi\",\"isPartOf\":{\"@id\":\"https:\\\/\\\/exaudi.org\\\/#website\"},\"primaryImageOfPage\":{\"@id\":\"https:\\\/\\\/exaudi.org\\\/es\\\/v-domingo-pascua-comentario-padre-jorge-miro-2021\\\/#primaryimage\"},\"image\":{\"@id\":\"https:\\\/\\\/exaudi.org\\\/es\\\/v-domingo-pascua-comentario-padre-jorge-miro-2021\\\/#primaryimage\"},\"thumbnailUrl\":\"https:\\\/\\\/exaudi.org\\\/wp-content\\\/uploads\\\/2021\\\/04\\\/cathopic_1539047453588503-scaled.jpg\",\"datePublished\":\"2021-05-01T06:00:33+00:00\",\"dateModified\":\"2021-05-01T13:30:22+00:00\",\"author\":{\"@id\":\"https:\\\/\\\/exaudi.org\\\/#\\\/schema\\\/person\\\/a258c56b05e63b2b367bdca29e0ed3e3\"},\"description\":\"El padre Jorge Mir\u00f3 comparte con los lectores de Exaudi su comentario sobre el Evangelio del V Domingo de Pascua, 2 de mayo de 2021.\",\"breadcrumb\":{\"@id\":\"https:\\\/\\\/exaudi.org\\\/es\\\/v-domingo-pascua-comentario-padre-jorge-miro-2021\\\/#breadcrumb\"},\"inLanguage\":\"es\",\"potentialAction\":[{\"@type\":\"ReadAction\",\"target\":[\"https:\\\/\\\/exaudi.org\\\/es\\\/v-domingo-pascua-comentario-padre-jorge-miro-2021\\\/\"]}]},{\"@type\":\"ImageObject\",\"inLanguage\":\"es\",\"@id\":\"https:\\\/\\\/exaudi.org\\\/es\\\/v-domingo-pascua-comentario-padre-jorge-miro-2021\\\/#primaryimage\",\"url\":\"https:\\\/\\\/exaudi.org\\\/wp-content\\\/uploads\\\/2021\\\/04\\\/cathopic_1539047453588503-scaled.jpg\",\"contentUrl\":\"https:\\\/\\\/exaudi.org\\\/wp-content\\\/uploads\\\/2021\\\/04\\\/cathopic_1539047453588503-scaled.jpg\",\"width\":2560,\"height\":1707,\"caption\":\"Personas estrechando sus manos \u00a9 Cathopic. Il ragazzo\"},{\"@type\":\"BreadcrumbList\",\"@id\":\"https:\\\/\\\/exaudi.org\\\/es\\\/v-domingo-pascua-comentario-padre-jorge-miro-2021\\\/#breadcrumb\",\"itemListElement\":[{\"@type\":\"ListItem\",\"position\":1,\"name\":\"Portada\",\"item\":\"https:\\\/\\\/exaudi.org\\\/es\\\/\"},{\"@type\":\"ListItem\",\"position\":2,\"name\":\"V Domingo de Pascua: Comentario del padre Jorge Mir\u00f3\"}]},{\"@type\":\"WebSite\",\"@id\":\"https:\\\/\\\/exaudi.org\\\/#website\",\"url\":\"https:\\\/\\\/exaudi.org\\\/\",\"name\":\"Exaudi\",\"description\":\"News\",\"potentialAction\":[{\"@type\":\"SearchAction\",\"target\":{\"@type\":\"EntryPoint\",\"urlTemplate\":\"https:\\\/\\\/exaudi.org\\\/?s={search_term_string}\"},\"query-input\":{\"@type\":\"PropertyValueSpecification\",\"valueRequired\":true,\"valueName\":\"search_term_string\"}}],\"inLanguage\":\"es\"},{\"@type\":\"Person\",\"@id\":\"https:\\\/\\\/exaudi.org\\\/#\\\/schema\\\/person\\\/a258c56b05e63b2b367bdca29e0ed3e3\",\"name\":\"Jorge Mir\u00f3\",\"image\":{\"@type\":\"ImageObject\",\"inLanguage\":\"es\",\"@id\":\"https:\\\/\\\/secure.gravatar.com\\\/avatar\\\/f5ea26c436669b01b7b02124bf13596df002525d6f392707d301543be365bd44?s=96&d=mm&r=g\",\"url\":\"https:\\\/\\\/secure.gravatar.com\\\/avatar\\\/f5ea26c436669b01b7b02124bf13596df002525d6f392707d301543be365bd44?s=96&d=mm&r=g\",\"contentUrl\":\"https:\\\/\\\/secure.gravatar.com\\\/avatar\\\/f5ea26c436669b01b7b02124bf13596df002525d6f392707d301543be365bd44?s=96&d=mm&r=g\",\"caption\":\"Jorge Mir\u00f3\"},\"description\":\"Sacerdote de la archidi\u00f3cesis de Valencia y profesor en la Facultad de Ciencias Jur\u00eddicas, Econ\u00f3micas y Sociales de la Universidad Cat\u00f3lica de Valencia\",\"url\":\"https:\\\/\\\/exaudi.org\\\/es\\\/author\\\/jorgemiro\\\/\"}]}<\/script>\n<!-- \/ Yoast SEO plugin. -->","yoast_head_json":{"title":"V Domingo de Pascua: Comentario del padre Jorge Mir\u00f3 - Exaudi","description":"El padre Jorge Mir\u00f3 comparte con los lectores de Exaudi su comentario sobre el Evangelio del V Domingo de Pascua, 2 de mayo de 2021.","robots":{"index":"index","follow":"follow","max-snippet":"max-snippet:-1","max-image-preview":"max-image-preview:large","max-video-preview":"max-video-preview:-1"},"canonical":"https:\/\/exaudi.org\/es\/v-domingo-pascua-comentario-padre-jorge-miro-2021\/","og_locale":"es_ES","og_type":"article","og_title":"V Domingo de Pascua: Comentario del padre Jorge Mir\u00f3 - Exaudi","og_description":"El padre Jorge Mir\u00f3 comparte con los lectores de Exaudi su comentario sobre el Evangelio del V Domingo de Pascua, 2 de mayo de 2021.","og_url":"https:\/\/exaudi.org\/es\/v-domingo-pascua-comentario-padre-jorge-miro-2021\/","og_site_name":"Exaudi","article_publisher":"https:\/\/www.facebook.com\/ExaudiNews","article_published_time":"2021-05-01T06:00:33+00:00","article_modified_time":"2021-05-01T13:30:22+00:00","og_image":[{"width":2560,"height":1707,"url":"https:\/\/exaudi.org\/wp-content\/uploads\/2021\/04\/cathopic_1539047453588503-scaled.jpg","type":"image\/jpeg"}],"author":"Jorge Mir\u00f3","twitter_card":"summary_large_image","twitter_creator":"@Exaudi_News","twitter_site":"@Exaudi_News","twitter_misc":{"Escrito por":"Jorge Mir\u00f3","Tiempo de lectura":"2 minutos"},"schema":{"@context":"https:\/\/schema.org","@graph":[{"@type":"Article","@id":"https:\/\/exaudi.org\/es\/v-domingo-pascua-comentario-padre-jorge-miro-2021\/#article","isPartOf":{"@id":"https:\/\/exaudi.org\/es\/v-domingo-pascua-comentario-padre-jorge-miro-2021\/"},"author":{"name":"Jorge Mir\u00f3","@id":"https:\/\/exaudi.org\/#\/schema\/person\/a258c56b05e63b2b367bdca29e0ed3e3"},"headline":"V Domingo de Pascua: Comentario del padre Jorge Mir\u00f3","datePublished":"2021-05-01T06:00:33+00:00","dateModified":"2021-05-01T13:30:22+00:00","mainEntityOfPage":{"@id":"https:\/\/exaudi.org\/es\/v-domingo-pascua-comentario-padre-jorge-miro-2021\/"},"wordCount":495,"image":{"@id":"https:\/\/exaudi.org\/es\/v-domingo-pascua-comentario-padre-jorge-miro-2021\/#primaryimage"},"thumbnailUrl":"https:\/\/exaudi.org\/wp-content\/uploads\/2021\/04\/cathopic_1539047453588503-scaled.jpg","keywords":["Comentario del Evangelio","Padre Jorge Mir\u00f3","V Domingo de Pascua"],"articleSection":["Espiritualidad","\u00daltimas noticias"],"inLanguage":"es"},{"@type":"WebPage","@id":"https:\/\/exaudi.org\/es\/v-domingo-pascua-comentario-padre-jorge-miro-2021\/","url":"https:\/\/exaudi.org\/es\/v-domingo-pascua-comentario-padre-jorge-miro-2021\/","name":"V Domingo de Pascua: Comentario del padre Jorge Mir\u00f3 - Exaudi","isPartOf":{"@id":"https:\/\/exaudi.org\/#website"},"primaryImageOfPage":{"@id":"https:\/\/exaudi.org\/es\/v-domingo-pascua-comentario-padre-jorge-miro-2021\/#primaryimage"},"image":{"@id":"https:\/\/exaudi.org\/es\/v-domingo-pascua-comentario-padre-jorge-miro-2021\/#primaryimage"},"thumbnailUrl":"https:\/\/exaudi.org\/wp-content\/uploads\/2021\/04\/cathopic_1539047453588503-scaled.jpg","datePublished":"2021-05-01T06:00:33+00:00","dateModified":"2021-05-01T13:30:22+00:00","author":{"@id":"https:\/\/exaudi.org\/#\/schema\/person\/a258c56b05e63b2b367bdca29e0ed3e3"},"description":"El padre Jorge Mir\u00f3 comparte con los lectores de Exaudi su comentario sobre el Evangelio del V Domingo de Pascua, 2 de mayo de 2021.","breadcrumb":{"@id":"https:\/\/exaudi.org\/es\/v-domingo-pascua-comentario-padre-jorge-miro-2021\/#breadcrumb"},"inLanguage":"es","potentialAction":[{"@type":"ReadAction","target":["https:\/\/exaudi.org\/es\/v-domingo-pascua-comentario-padre-jorge-miro-2021\/"]}]},{"@type":"ImageObject","inLanguage":"es","@id":"https:\/\/exaudi.org\/es\/v-domingo-pascua-comentario-padre-jorge-miro-2021\/#primaryimage","url":"https:\/\/exaudi.org\/wp-content\/uploads\/2021\/04\/cathopic_1539047453588503-scaled.jpg","contentUrl":"https:\/\/exaudi.org\/wp-content\/uploads\/2021\/04\/cathopic_1539047453588503-scaled.jpg","width":2560,"height":1707,"caption":"Personas estrechando sus manos \u00a9 Cathopic. Il ragazzo"},{"@type":"BreadcrumbList","@id":"https:\/\/exaudi.org\/es\/v-domingo-pascua-comentario-padre-jorge-miro-2021\/#breadcrumb","itemListElement":[{"@type":"ListItem","position":1,"name":"Portada","item":"https:\/\/exaudi.org\/es\/"},{"@type":"ListItem","position":2,"name":"V Domingo de Pascua: Comentario del padre Jorge Mir\u00f3"}]},{"@type":"WebSite","@id":"https:\/\/exaudi.org\/#website","url":"https:\/\/exaudi.org\/","name":"Exaudi","description":"News","potentialAction":[{"@type":"SearchAction","target":{"@type":"EntryPoint","urlTemplate":"https:\/\/exaudi.org\/?s={search_term_string}"},"query-input":{"@type":"PropertyValueSpecification","valueRequired":true,"valueName":"search_term_string"}}],"inLanguage":"es"},{"@type":"Person","@id":"https:\/\/exaudi.org\/#\/schema\/person\/a258c56b05e63b2b367bdca29e0ed3e3","name":"Jorge Mir\u00f3","image":{"@type":"ImageObject","inLanguage":"es","@id":"https:\/\/secure.gravatar.com\/avatar\/f5ea26c436669b01b7b02124bf13596df002525d6f392707d301543be365bd44?s=96&d=mm&r=g","url":"https:\/\/secure.gravatar.com\/avatar\/f5ea26c436669b01b7b02124bf13596df002525d6f392707d301543be365bd44?s=96&d=mm&r=g","contentUrl":"https:\/\/secure.gravatar.com\/avatar\/f5ea26c436669b01b7b02124bf13596df002525d6f392707d301543be365bd44?s=96&d=mm&r=g","caption":"Jorge Mir\u00f3"},"description":"Sacerdote de la archidi\u00f3cesis de Valencia y profesor en la Facultad de Ciencias Jur\u00eddicas, Econ\u00f3micas y Sociales de la Universidad Cat\u00f3lica de Valencia","url":"https:\/\/exaudi.org\/es\/author\/jorgemiro\/"}]}},"jetpack_featured_media_url":"https:\/\/exaudi.org\/wp-content\/uploads\/2021\/04\/cathopic_1539047453588503-scaled.jpg","jetpack_shortlink":"https:\/\/wp.me\/pgKjF2-3DY","_links":{"self":[{"href":"https:\/\/exaudi.org\/es\/wp-json\/wp\/v2\/posts\/14010","targetHints":{"allow":["GET"]}}],"collection":[{"href":"https:\/\/exaudi.org\/es\/wp-json\/wp\/v2\/posts"}],"about":[{"href":"https:\/\/exaudi.org\/es\/wp-json\/wp\/v2\/types\/post"}],"author":[{"embeddable":true,"href":"https:\/\/exaudi.org\/es\/wp-json\/wp\/v2\/users\/20"}],"replies":[{"embeddable":true,"href":"https:\/\/exaudi.org\/es\/wp-json\/wp\/v2\/comments?post=14010"}],"version-history":[{"count":0,"href":"https:\/\/exaudi.org\/es\/wp-json\/wp\/v2\/posts\/14010\/revisions"}],"wp:featuredmedia":[{"embeddable":true,"href":"https:\/\/exaudi.org\/es\/wp-json\/wp\/v2\/media\/14012"}],"wp:attachment":[{"href":"https:\/\/exaudi.org\/es\/wp-json\/wp\/v2\/media?parent=14010"}],"wp:term":[{"taxonomy":"category","embeddable":true,"href":"https:\/\/exaudi.org\/es\/wp-json\/wp\/v2\/categories?post=14010"},{"taxonomy":"post_tag","embeddable":true,"href":"https:\/\/exaudi.org\/es\/wp-json\/wp\/v2\/tags?post=14010"}],"curies":[{"name":"wp","href":"https:\/\/api.w.org\/{rel}","templated":true}]}}