{"id":139977,"date":"2025-10-14T08:30:02","date_gmt":"2025-10-14T06:30:02","guid":{"rendered":"https:\/\/exaudi.org\/?p=139977"},"modified":"2025-10-13T16:45:58","modified_gmt":"2025-10-13T14:45:58","slug":"armate-con-oracion-y-vistete-con-humildad","status":"publish","type":"post","link":"https:\/\/exaudi.org\/es\/armate-con-oracion-y-vistete-con-humildad\/","title":{"rendered":"\u00c1rmate con oraci\u00f3n y v\u00edstete con humildad"},"content":{"rendered":"<p data-start=\"270\" data-end=\"302\">Dec\u00eda Santo Domingo de Guzm\u00e1n:<\/p>\n<p style=\"text-align: center;\" data-start=\"305\" data-end=\"391\"><em>\u201c\u00c1rmate con oraci\u00f3n en lugar de espada. V\u00edstete con humildad en lugar de ropa fina.\u201d<\/em><\/p>\n<p><iframe title=\"Spotify Embed: \u00c1rmate con oraci\u00f3n y v\u00edstete con humildad\" style=\"border-radius: 12px\" width=\"100%\" height=\"152\" frameborder=\"0\" allowfullscreen allow=\"autoplay; clipboard-write; encrypted-media; fullscreen; picture-in-picture\" loading=\"lazy\" src=\"https:\/\/open.spotify.com\/embed\/episode\/7lXBKLMNgiGSD2FaqUNCOK?si=abf674e4d1d5464c&#038;utm_source=oembed\"><\/iframe><\/p>\n<p data-start=\"393\" data-end=\"500\">Palabras sencillas, pero profundamente actuales. Jes\u00fas mismo, en el huerto de Getseman\u00ed, le dijo a Pedro:<\/p>\n<p style=\"text-align: center;\" data-start=\"503\" data-end=\"569\"><em>\u201cGuarda la espada, porque quien a espada hiere, a espada muere.\u201d<\/em><\/p>\n<p data-start=\"571\" data-end=\"676\">El mensaje es claro: el verdadero disc\u00edpulo no vence con la violencia, sino con la fuerza del esp\u00edritu.<\/p>\n<p data-start=\"678\" data-end=\"985\">Vivimos en un mundo donde la violencia parece haberse normalizado. Guerras, conflictos, agresiones familiares, bullying, divisiones sociales\u2026 El ruido exterior y la violencia interior nos rodean. A veces pensamos que necesitamos protegernos con armas, con poder, con dureza. Pero la respuesta no est\u00e1 ah\u00ed.<\/p>\n<h3 data-start=\"987\" data-end=\"1040\"><strong data-start=\"991\" data-end=\"1038\">La oraci\u00f3n: la verdadera arma del cristiano<\/strong><\/h3>\n<p data-start=\"1042\" data-end=\"1272\">\u201c\u00c1rmate con oraci\u00f3n\u201d, dec\u00eda el santo. Y cu\u00e1nta falta nos hace recordarlo. La oraci\u00f3n lo puede todo.<br data-start=\"1141\" data-end=\"1144\" \/>No se trata de pasar largas horas \u2014aunque quien pueda hacerlo, bendito sea\u2014, sino de mantener una relaci\u00f3n constante con Dios:<\/p>\n<ul>\n<li data-start=\"1275\" data-end=\"1304\">Cinco minutos al despertar,<\/li>\n<li data-start=\"1307\" data-end=\"1338\">tres minutos antes de dormir,<\/li>\n<li data-start=\"1341\" data-end=\"1366\">bendecir los alimentos,<\/li>\n<li data-start=\"1369\" data-end=\"1399\">participar en la Eucarist\u00eda,<\/li>\n<li data-start=\"1402\" data-end=\"1449\">hacer adoraci\u00f3n al Sant\u00edsimo cuando se pueda.<\/li>\n<\/ul>\n<p data-start=\"1451\" data-end=\"1546\">Son peque\u00f1os actos que van forjando una armadura invisible, pero invencible: la paz interior.<\/p>\n<p data-start=\"1548\" data-end=\"1753\">Cuando oramos, desarmamos al enemigo. Respondemos al odio con amor, a los gritos con silencio, a la traici\u00f3n con perd\u00f3n.<br data-start=\"1668\" data-end=\"1671\" \/>No te armes con una espada, con una pistola o con tu lengua. \u00c1rmate con oraci\u00f3n.<\/p>\n<h3 data-start=\"1755\" data-end=\"1799\"><strong data-start=\"1759\" data-end=\"1797\">La humildad: la prenda m\u00e1s hermosa<\/strong><\/h3>\n<p data-start=\"1801\" data-end=\"1999\">Santo Domingo tambi\u00e9n nos invita a \u201cvestirnos con humildad en lugar de ropa fina\u201d.<br data-start=\"1883\" data-end=\"1886\" \/>En una sociedad dominada por las marcas y las apariencias, olvidamos que la humildad es la prenda m\u00e1s elegante.<\/p>\n<p data-start=\"2001\" data-end=\"2018\">Jes\u00fas nos dijo:<\/p>\n<p style=\"text-align: center;\" data-start=\"2021\" data-end=\"2098\"><em>\u201cSed mansos y humildes de coraz\u00f3n, como Yo soy manso y humilde de coraz\u00f3n.\u201d<\/em><\/p>\n<p data-start=\"2100\" data-end=\"2308\">No dijo \u201csed puros\u201d, ni \u201csed obedientes\u201d, aunque eso tambi\u00e9n sea virtud. Dijo <em data-start=\"2178\" data-end=\"2188\">humildes<\/em>, porque la soberbia es la ra\u00edz del pecado, el origen de la ca\u00edda de Satan\u00e1s y del distanciamiento del hombre de Dios.<\/p>\n<p data-start=\"2310\" data-end=\"2454\">Dios no rechaza al pecador, ni al pobre, ni al ignorante. Rechaza al soberbio.<br data-start=\"2388\" data-end=\"2391\" \/>Por eso, quien se reviste de humildad refleja a Cristo mismo.<\/p>\n<h3 data-start=\"2456\" data-end=\"2490\"><strong data-start=\"2460\" data-end=\"2488\">El ejemplo de los santos<\/strong><\/h3>\n<p data-start=\"2492\" data-end=\"2749\">Santa Teresa de Calcuta es uno de los ejemplos m\u00e1s claros de esta virtud. Quienes la conocieron, recuerdan su sencillez: su sari blanco con l\u00edneas azules, sus sandalias gastadas, su sonrisa serena. No impresionaba su atuendo, sino su mirada llena de amor.<\/p>\n<p data-start=\"2751\" data-end=\"2803\">Esa es la verdadera belleza: la que nace del alma.<\/p>\n<h3 data-start=\"2805\" data-end=\"2856\"><strong data-start=\"2809\" data-end=\"2854\">Conclusi\u00f3n: un llamado a la paz y al amor<\/strong><\/h3>\n<p data-start=\"2858\" data-end=\"3007\">Hoy m\u00e1s que nunca, necesitamos orar y ser humildes. En la familia, en el matrimonio, en la sociedad. Solo as\u00ed podremos construir un mundo distinto.<\/p>\n<p data-start=\"3009\" data-end=\"3110\">\u00c1rmate con oraci\u00f3n.<br data-start=\"3028\" data-end=\"3031\" \/>V\u00edstete con humildad.<br data-start=\"3052\" data-end=\"3055\" \/>Y, como dice el padre \u00c1ngel Espinoza de los Monteros:<\/p>\n<p style=\"text-align: center;\" data-start=\"3113\" data-end=\"3180\"><em>\u201cHagamos todo el bien que podamos. Que Dios los bendiga siempre.\u201d<\/em><\/p>\n<p><iframe loading=\"lazy\" title=\"V\u00edstete de Humildad - Padre \u00c1ngel Espinosa de los Monteros\" width=\"500\" height=\"281\" src=\"https:\/\/www.youtube.com\/embed\/rKMLoSeBHt4?feature=oembed\" frameborder=\"0\" allow=\"accelerometer; autoplay; clipboard-write; encrypted-media; gyroscope; picture-in-picture; web-share\" referrerpolicy=\"strict-origin-when-cross-origin\" allowfullscreen><\/iframe><\/p>\n<p><img loading=\"lazy\" decoding=\"async\" class=\"size-full wp-image-139987 alignnone\" src=\"https:\/\/exaudi.org\/wp-content\/uploads\/2025\/10\/Espinosa-de-los-monteros-1.jpg\" alt=\"\" width=\"940\" height=\"788\" srcset=\"https:\/\/exaudi.org\/wp-content\/uploads\/2025\/10\/Espinosa-de-los-monteros-1.jpg 940w, https:\/\/exaudi.org\/wp-content\/uploads\/2025\/10\/Espinosa-de-los-monteros-1-300x251.jpg 300w, https:\/\/exaudi.org\/wp-content\/uploads\/2025\/10\/Espinosa-de-los-monteros-1-770x645.jpg 770w, https:\/\/exaudi.org\/wp-content\/uploads\/2025\/10\/Espinosa-de-los-monteros-1-500x419.jpg 500w\" sizes=\"auto, (max-width: 940px) 100vw, 940px\" \/><\/p>\n","protected":false},"excerpt":{"rendered":"<p>Las poderosas armas espirituales que transforman el coraz\u00f3n y el mundo<\/p>\n","protected":false},"author":147,"featured_media":139984,"comment_status":"closed","ping_status":"closed","sticky":false,"template":"","format":"standard","meta":{"_acf_changed":false,"_crdt_document":"","inline_featured_image":false,"footnotes":""},"categories":[],"tags":[1761,24152,76708,617,617,617,617,62760,23014,23014,23014,3955,2472,76707,725],"class_list":{"0":"post-139977","1":"post","2":"type-post","3":"status-publish","4":"format-standard","5":"has-post-thumbnail","6":"hentry","7":"tag-amor","8":"tag-bullying-2","9":"tag-ensenanzas-de-cristo","10":"tag-familia","14":"tag-padre-angel-espinoza-de-los-monteros","15":"tag-paz-interior","18":"tag-santa-teresa-de-calcuta","19":"tag-santo-domingo-de-guzman","20":"tag-vestir-con-humildad","21":"tag-violencia"},"acf":[],"yoast_head":"<!-- This site is optimized with the Yoast SEO plugin v27.5 - https:\/\/yoast.com\/product\/yoast-seo-wordpress\/ -->\n<title>\u00c1rmate con oraci\u00f3n y v\u00edstete con humildad &#8211; Exaudi<\/title>\n<meta name=\"robots\" content=\"index, follow, max-snippet:-1, max-image-preview:large, max-video-preview:-1\" \/>\n<link rel=\"canonical\" href=\"https:\/\/exaudi.org\/es\/armate-con-oracion-y-vistete-con-humildad\/\" \/>\n<meta property=\"og:locale\" content=\"es_ES\" \/>\n<meta property=\"og:type\" content=\"article\" \/>\n<meta property=\"og:title\" content=\"\u00c1rmate con oraci\u00f3n y v\u00edstete con humildad &#8211; Exaudi\" \/>\n<meta property=\"og:description\" content=\"Las poderosas armas espirituales que transforman el coraz\u00f3n y el mundo\" \/>\n<meta property=\"og:url\" content=\"https:\/\/exaudi.org\/es\/armate-con-oracion-y-vistete-con-humildad\/\" \/>\n<meta property=\"og:site_name\" content=\"Exaudi\" \/>\n<meta property=\"article:publisher\" content=\"https:\/\/www.facebook.com\/ExaudiNews\" \/>\n<meta property=\"article:author\" content=\"https:\/\/www.facebook.com\/padreangelespinosadelosmonteros\" \/>\n<meta property=\"article:published_time\" content=\"2025-10-14T06:30:02+00:00\" \/>\n<meta property=\"og:image\" content=\"https:\/\/exaudi.org\/wp-content\/uploads\/2025\/10\/1760344797.png\" \/>\n\t<meta property=\"og:image:width\" content=\"1664\" \/>\n\t<meta property=\"og:image:height\" content=\"928\" \/>\n\t<meta property=\"og:image:type\" content=\"image\/png\" \/>\n<meta name=\"author\" content=\"P Angel Espinosa de los Monteros\" \/>\n<meta name=\"twitter:card\" content=\"summary_large_image\" \/>\n<meta name=\"twitter:creator\" content=\"@Exaudi_News\" \/>\n<meta name=\"twitter:site\" content=\"@Exaudi_News\" \/>\n<meta name=\"twitter:label1\" content=\"Escrito por\" \/>\n\t<meta name=\"twitter:data1\" content=\"P Angel Espinosa de los Monteros\" \/>\n\t<meta name=\"twitter:label2\" content=\"Tiempo de lectura\" \/>\n\t<meta name=\"twitter:data2\" content=\"3 minutos\" \/>\n<script type=\"application\/ld+json\" class=\"yoast-schema-graph\">{\"@context\":\"https:\\\/\\\/schema.org\",\"@graph\":[{\"@type\":\"Article\",\"@id\":\"https:\\\/\\\/exaudi.org\\\/es\\\/armate-con-oracion-y-vistete-con-humildad\\\/#article\",\"isPartOf\":{\"@id\":\"https:\\\/\\\/exaudi.org\\\/es\\\/armate-con-oracion-y-vistete-con-humildad\\\/\"},\"author\":{\"name\":\"P Angel Espinosa de los Monteros\",\"@id\":\"https:\\\/\\\/exaudi.org\\\/#\\\/schema\\\/person\\\/7bbb76287fda2b4f0ee1ef8eaf16876e\"},\"headline\":\"\u00c1rmate con oraci\u00f3n y v\u00edstete con humildad\",\"datePublished\":\"2025-10-14T06:30:02+00:00\",\"mainEntityOfPage\":{\"@id\":\"https:\\\/\\\/exaudi.org\\\/es\\\/armate-con-oracion-y-vistete-con-humildad\\\/\"},\"wordCount\":527,\"image\":{\"@id\":\"https:\\\/\\\/exaudi.org\\\/es\\\/armate-con-oracion-y-vistete-con-humildad\\\/#primaryimage\"},\"thumbnailUrl\":\"https:\\\/\\\/exaudi.org\\\/wp-content\\\/uploads\\\/2025\\\/10\\\/1760344797.png\",\"keywords\":[\"Amor\",\"bullying\",\"ense\u00f1anzas de Cristo\",\"Familia\",\"Familia\",\"Familia\",\"Familia\",\"padre \u00e1ngel espinoza de los monteros\",\"paz interior\",\"paz interior\",\"paz interior\",\"Santa Teresa de Calcuta\",\"Santo Domingo de Guzm\u00e1n\",\"vestir con humildad\",\"violencia\"],\"inLanguage\":\"es\"},{\"@type\":\"WebPage\",\"@id\":\"https:\\\/\\\/exaudi.org\\\/es\\\/armate-con-oracion-y-vistete-con-humildad\\\/\",\"url\":\"https:\\\/\\\/exaudi.org\\\/es\\\/armate-con-oracion-y-vistete-con-humildad\\\/\",\"name\":\"\u00c1rmate con oraci\u00f3n y v\u00edstete con humildad &#8211; Exaudi\",\"isPartOf\":{\"@id\":\"https:\\\/\\\/exaudi.org\\\/#website\"},\"primaryImageOfPage\":{\"@id\":\"https:\\\/\\\/exaudi.org\\\/es\\\/armate-con-oracion-y-vistete-con-humildad\\\/#primaryimage\"},\"image\":{\"@id\":\"https:\\\/\\\/exaudi.org\\\/es\\\/armate-con-oracion-y-vistete-con-humildad\\\/#primaryimage\"},\"thumbnailUrl\":\"https:\\\/\\\/exaudi.org\\\/wp-content\\\/uploads\\\/2025\\\/10\\\/1760344797.png\",\"datePublished\":\"2025-10-14T06:30:02+00:00\",\"author\":{\"@id\":\"https:\\\/\\\/exaudi.org\\\/#\\\/schema\\\/person\\\/7bbb76287fda2b4f0ee1ef8eaf16876e\"},\"breadcrumb\":{\"@id\":\"https:\\\/\\\/exaudi.org\\\/es\\\/armate-con-oracion-y-vistete-con-humildad\\\/#breadcrumb\"},\"inLanguage\":\"es\",\"potentialAction\":[{\"@type\":\"ReadAction\",\"target\":[\"https:\\\/\\\/exaudi.org\\\/es\\\/armate-con-oracion-y-vistete-con-humildad\\\/\"]}]},{\"@type\":\"ImageObject\",\"inLanguage\":\"es\",\"@id\":\"https:\\\/\\\/exaudi.org\\\/es\\\/armate-con-oracion-y-vistete-con-humildad\\\/#primaryimage\",\"url\":\"https:\\\/\\\/exaudi.org\\\/wp-content\\\/uploads\\\/2025\\\/10\\\/1760344797.png\",\"contentUrl\":\"https:\\\/\\\/exaudi.org\\\/wp-content\\\/uploads\\\/2025\\\/10\\\/1760344797.png\",\"width\":1664,\"height\":928},{\"@type\":\"BreadcrumbList\",\"@id\":\"https:\\\/\\\/exaudi.org\\\/es\\\/armate-con-oracion-y-vistete-con-humildad\\\/#breadcrumb\",\"itemListElement\":[{\"@type\":\"ListItem\",\"position\":1,\"name\":\"Portada\",\"item\":\"https:\\\/\\\/exaudi.org\\\/es\\\/\"},{\"@type\":\"ListItem\",\"position\":2,\"name\":\"\u00c1rmate con oraci\u00f3n y v\u00edstete con humildad\"}]},{\"@type\":\"WebSite\",\"@id\":\"https:\\\/\\\/exaudi.org\\\/#website\",\"url\":\"https:\\\/\\\/exaudi.org\\\/\",\"name\":\"Exaudi\",\"description\":\"News\",\"potentialAction\":[{\"@type\":\"SearchAction\",\"target\":{\"@type\":\"EntryPoint\",\"urlTemplate\":\"https:\\\/\\\/exaudi.org\\\/?s={search_term_string}\"},\"query-input\":{\"@type\":\"PropertyValueSpecification\",\"valueRequired\":true,\"valueName\":\"search_term_string\"}}],\"inLanguage\":\"es\"},{\"@type\":\"Person\",\"@id\":\"https:\\\/\\\/exaudi.org\\\/#\\\/schema\\\/person\\\/7bbb76287fda2b4f0ee1ef8eaf16876e\",\"name\":\"P Angel Espinosa de los Monteros\",\"image\":{\"@type\":\"ImageObject\",\"inLanguage\":\"es\",\"@id\":\"https:\\\/\\\/secure.gravatar.com\\\/avatar\\\/effca3f571ae6f2f0e49f4978ed61eb7db325b2e3b3cfc4528dcd50d2ed847be?s=96&d=mm&r=g\",\"url\":\"https:\\\/\\\/secure.gravatar.com\\\/avatar\\\/effca3f571ae6f2f0e49f4978ed61eb7db325b2e3b3cfc4528dcd50d2ed847be?s=96&d=mm&r=g\",\"contentUrl\":\"https:\\\/\\\/secure.gravatar.com\\\/avatar\\\/effca3f571ae6f2f0e49f4978ed61eb7db325b2e3b3cfc4528dcd50d2ed847be?s=96&d=mm&r=g\",\"caption\":\"P Angel Espinosa de los Monteros\"},\"description\":\"El Padre \u00c1ngel Espinosa de los Monteros ha impartido m\u00e1s de 4,000 conferencias sobre matrimonio, valores familiares y espiritualidad en diferentes ciudades de M\u00e9xico, Estados Unidos, Francia, Italia, Espa\u00f1a y Sudam\u00e9rica. Ha atendido a cientos de matrimonios ofreciendo consejos y programas de crecimiento conyugal y familiar. Es autor del libro \u00abEl anillo es para siempre\u00bb, traducido a diferentes lenguas y a partir de las cuales ha dictado m\u00e1s de 20 t\u00edtulos de conferencias. Actualmente se dedica de tiempo completo a impartir conferencias y renovaciones matrimoniales en 20 pa\u00edses del mundo.\",\"sameAs\":[\"https:\\\/\\\/padreangelespinosadelosmonteros.lookmydc.com\\\/\",\"https:\\\/\\\/www.facebook.com\\\/padreangelespinosadelosmonteros\",\"https:\\\/\\\/www.instagram.com\\\/padreangel.espinosa\\\/\",\"https:\\\/\\\/www.youtube.com\\\/channel\\\/UCL38v1PSZX6VWoC6lXmTRbA\"],\"url\":\"https:\\\/\\\/exaudi.org\\\/es\\\/author\\\/padre-angel-espinosa-de-los-monteros\\\/\"}]}<\/script>\n<!-- \/ Yoast SEO plugin. -->","yoast_head_json":{"title":"\u00c1rmate con oraci\u00f3n y v\u00edstete con humildad &#8211; Exaudi","robots":{"index":"index","follow":"follow","max-snippet":"max-snippet:-1","max-image-preview":"max-image-preview:large","max-video-preview":"max-video-preview:-1"},"canonical":"https:\/\/exaudi.org\/es\/armate-con-oracion-y-vistete-con-humildad\/","og_locale":"es_ES","og_type":"article","og_title":"\u00c1rmate con oraci\u00f3n y v\u00edstete con humildad &#8211; Exaudi","og_description":"Las poderosas armas espirituales que transforman el coraz\u00f3n y el mundo","og_url":"https:\/\/exaudi.org\/es\/armate-con-oracion-y-vistete-con-humildad\/","og_site_name":"Exaudi","article_publisher":"https:\/\/www.facebook.com\/ExaudiNews","article_author":"https:\/\/www.facebook.com\/padreangelespinosadelosmonteros","article_published_time":"2025-10-14T06:30:02+00:00","og_image":[{"width":1664,"height":928,"url":"https:\/\/exaudi.org\/wp-content\/uploads\/2025\/10\/1760344797.png","type":"image\/png"}],"author":"P Angel Espinosa de los Monteros","twitter_card":"summary_large_image","twitter_creator":"@Exaudi_News","twitter_site":"@Exaudi_News","twitter_misc":{"Escrito por":"P Angel Espinosa de los Monteros","Tiempo de lectura":"3 minutos"},"schema":{"@context":"https:\/\/schema.org","@graph":[{"@type":"Article","@id":"https:\/\/exaudi.org\/es\/armate-con-oracion-y-vistete-con-humildad\/#article","isPartOf":{"@id":"https:\/\/exaudi.org\/es\/armate-con-oracion-y-vistete-con-humildad\/"},"author":{"name":"P Angel Espinosa de los Monteros","@id":"https:\/\/exaudi.org\/#\/schema\/person\/7bbb76287fda2b4f0ee1ef8eaf16876e"},"headline":"\u00c1rmate con oraci\u00f3n y v\u00edstete con humildad","datePublished":"2025-10-14T06:30:02+00:00","mainEntityOfPage":{"@id":"https:\/\/exaudi.org\/es\/armate-con-oracion-y-vistete-con-humildad\/"},"wordCount":527,"image":{"@id":"https:\/\/exaudi.org\/es\/armate-con-oracion-y-vistete-con-humildad\/#primaryimage"},"thumbnailUrl":"https:\/\/exaudi.org\/wp-content\/uploads\/2025\/10\/1760344797.png","keywords":["Amor","bullying","ense\u00f1anzas de Cristo","Familia","Familia","Familia","Familia","padre \u00e1ngel espinoza de los monteros","paz interior","paz interior","paz interior","Santa Teresa de Calcuta","Santo Domingo de Guzm\u00e1n","vestir con humildad","violencia"],"inLanguage":"es"},{"@type":"WebPage","@id":"https:\/\/exaudi.org\/es\/armate-con-oracion-y-vistete-con-humildad\/","url":"https:\/\/exaudi.org\/es\/armate-con-oracion-y-vistete-con-humildad\/","name":"\u00c1rmate con oraci\u00f3n y v\u00edstete con humildad &#8211; Exaudi","isPartOf":{"@id":"https:\/\/exaudi.org\/#website"},"primaryImageOfPage":{"@id":"https:\/\/exaudi.org\/es\/armate-con-oracion-y-vistete-con-humildad\/#primaryimage"},"image":{"@id":"https:\/\/exaudi.org\/es\/armate-con-oracion-y-vistete-con-humildad\/#primaryimage"},"thumbnailUrl":"https:\/\/exaudi.org\/wp-content\/uploads\/2025\/10\/1760344797.png","datePublished":"2025-10-14T06:30:02+00:00","author":{"@id":"https:\/\/exaudi.org\/#\/schema\/person\/7bbb76287fda2b4f0ee1ef8eaf16876e"},"breadcrumb":{"@id":"https:\/\/exaudi.org\/es\/armate-con-oracion-y-vistete-con-humildad\/#breadcrumb"},"inLanguage":"es","potentialAction":[{"@type":"ReadAction","target":["https:\/\/exaudi.org\/es\/armate-con-oracion-y-vistete-con-humildad\/"]}]},{"@type":"ImageObject","inLanguage":"es","@id":"https:\/\/exaudi.org\/es\/armate-con-oracion-y-vistete-con-humildad\/#primaryimage","url":"https:\/\/exaudi.org\/wp-content\/uploads\/2025\/10\/1760344797.png","contentUrl":"https:\/\/exaudi.org\/wp-content\/uploads\/2025\/10\/1760344797.png","width":1664,"height":928},{"@type":"BreadcrumbList","@id":"https:\/\/exaudi.org\/es\/armate-con-oracion-y-vistete-con-humildad\/#breadcrumb","itemListElement":[{"@type":"ListItem","position":1,"name":"Portada","item":"https:\/\/exaudi.org\/es\/"},{"@type":"ListItem","position":2,"name":"\u00c1rmate con oraci\u00f3n y v\u00edstete con humildad"}]},{"@type":"WebSite","@id":"https:\/\/exaudi.org\/#website","url":"https:\/\/exaudi.org\/","name":"Exaudi","description":"News","potentialAction":[{"@type":"SearchAction","target":{"@type":"EntryPoint","urlTemplate":"https:\/\/exaudi.org\/?s={search_term_string}"},"query-input":{"@type":"PropertyValueSpecification","valueRequired":true,"valueName":"search_term_string"}}],"inLanguage":"es"},{"@type":"Person","@id":"https:\/\/exaudi.org\/#\/schema\/person\/7bbb76287fda2b4f0ee1ef8eaf16876e","name":"P Angel Espinosa de los Monteros","image":{"@type":"ImageObject","inLanguage":"es","@id":"https:\/\/secure.gravatar.com\/avatar\/effca3f571ae6f2f0e49f4978ed61eb7db325b2e3b3cfc4528dcd50d2ed847be?s=96&d=mm&r=g","url":"https:\/\/secure.gravatar.com\/avatar\/effca3f571ae6f2f0e49f4978ed61eb7db325b2e3b3cfc4528dcd50d2ed847be?s=96&d=mm&r=g","contentUrl":"https:\/\/secure.gravatar.com\/avatar\/effca3f571ae6f2f0e49f4978ed61eb7db325b2e3b3cfc4528dcd50d2ed847be?s=96&d=mm&r=g","caption":"P Angel Espinosa de los Monteros"},"description":"El Padre \u00c1ngel Espinosa de los Monteros ha impartido m\u00e1s de 4,000 conferencias sobre matrimonio, valores familiares y espiritualidad en diferentes ciudades de M\u00e9xico, Estados Unidos, Francia, Italia, Espa\u00f1a y Sudam\u00e9rica. Ha atendido a cientos de matrimonios ofreciendo consejos y programas de crecimiento conyugal y familiar. Es autor del libro \u00abEl anillo es para siempre\u00bb, traducido a diferentes lenguas y a partir de las cuales ha dictado m\u00e1s de 20 t\u00edtulos de conferencias. Actualmente se dedica de tiempo completo a impartir conferencias y renovaciones matrimoniales en 20 pa\u00edses del mundo.","sameAs":["https:\/\/padreangelespinosadelosmonteros.lookmydc.com\/","https:\/\/www.facebook.com\/padreangelespinosadelosmonteros","https:\/\/www.instagram.com\/padreangel.espinosa\/","https:\/\/www.youtube.com\/channel\/UCL38v1PSZX6VWoC6lXmTRbA"],"url":"https:\/\/exaudi.org\/es\/author\/padre-angel-espinosa-de-los-monteros\/"}]}},"jetpack_featured_media_url":"https:\/\/exaudi.org\/wp-content\/uploads\/2025\/10\/1760344797.png","jetpack_shortlink":"https:\/\/wp.me\/pgKjF2-ApH","_links":{"self":[{"href":"https:\/\/exaudi.org\/es\/wp-json\/wp\/v2\/posts\/139977","targetHints":{"allow":["GET"]}}],"collection":[{"href":"https:\/\/exaudi.org\/es\/wp-json\/wp\/v2\/posts"}],"about":[{"href":"https:\/\/exaudi.org\/es\/wp-json\/wp\/v2\/types\/post"}],"author":[{"embeddable":true,"href":"https:\/\/exaudi.org\/es\/wp-json\/wp\/v2\/users\/147"}],"replies":[{"embeddable":true,"href":"https:\/\/exaudi.org\/es\/wp-json\/wp\/v2\/comments?post=139977"}],"version-history":[{"count":5,"href":"https:\/\/exaudi.org\/es\/wp-json\/wp\/v2\/posts\/139977\/revisions"}],"predecessor-version":[{"id":140028,"href":"https:\/\/exaudi.org\/es\/wp-json\/wp\/v2\/posts\/139977\/revisions\/140028"}],"wp:featuredmedia":[{"embeddable":true,"href":"https:\/\/exaudi.org\/es\/wp-json\/wp\/v2\/media\/139984"}],"wp:attachment":[{"href":"https:\/\/exaudi.org\/es\/wp-json\/wp\/v2\/media?parent=139977"}],"wp:term":[{"taxonomy":"category","embeddable":true,"href":"https:\/\/exaudi.org\/es\/wp-json\/wp\/v2\/categories?post=139977"},{"taxonomy":"post_tag","embeddable":true,"href":"https:\/\/exaudi.org\/es\/wp-json\/wp\/v2\/tags?post=139977"}],"curies":[{"name":"wp","href":"https:\/\/api.w.org\/{rel}","templated":true}]}}