{"id":139877,"date":"2025-10-12T15:10:16","date_gmt":"2025-10-12T13:10:16","guid":{"rendered":"https:\/\/exaudi.org\/?p=139877"},"modified":"2025-10-12T15:11:26","modified_gmt":"2025-10-12T13:11:26","slug":"el-papa-anima-a-las-partes-implicadas-en-el-proceso-de-paz-en-oriente-medio-a-seguir-con-valentia-el-camino-trazado","status":"publish","type":"post","link":"https:\/\/exaudi.org\/es\/el-papa-anima-a-las-partes-implicadas-en-el-proceso-de-paz-en-oriente-medio-a-seguir-con-valentia-el-camino-trazado\/","title":{"rendered":"El Papa anima a las partes implicadas en el proceso de paz en Oriente Medio a \u00abseguir con valent\u00eda el camino trazado\u00bb"},"content":{"rendered":"<div class=\"testo\">\n<div class=\"text parbase vaticanrichtext\">\n<div class=\"article__subTitle\">\n<p>Al t\u00e9rmino de la Santa Misa con motivo del Jubileo de la Espiritualidad Mariana, en la plaza de la Bas\u00edlica de San Pedro, el Santo Padre Le\u00f3n XIV, antes de recitar la oraci\u00f3n del<em> \u00c1ngelus<\/em>,<\/p>\n<p>El Papa anima a las partes implicadas en el proceso de paz en Oriente Medio a \u00abseguir con valent\u00eda el camino trazado\u00bb. Se muestra cercano al \u00abdolor\u00bb de quienes lo han perdido todo con la guerra y lanza un llamamiento a la poblaci\u00f3n ucraniana, afectada por brutales ataques: \u00abPoner fin a la violencia, abrirse al di\u00e1logo\u00bb. El Pont\u00edfice tambi\u00e9n tiene un pensamiento para Per\u00fa y las v\u00edctimas de accidentes laborales.<\/p>\n<p>Estas fueron las palabras del Papa al introducir la oraci\u00f3n mariana:<\/p>\n<p>***<\/p>\n<h3><strong>Palabras del Papa<\/strong><\/h3>\n<\/div>\n<p><i>Queridos hermanos y hermanas:<\/i><\/p>\n<p>Antes de concluir la celebraci\u00f3n, deseo dirigirles un caluroso saludo a todos ustedes, que se han reunido para rezar en este gran \u201ccen\u00e1culo\u201d junto con Mar\u00eda, la Madre de Jes\u00fas. Ustedes representan la multiforme realidad de las asociaciones, movimientos y comunidades que est\u00e1n animadas por la devoci\u00f3n mariana, que es propia de todo cristiano. Les agradezco y los exhorto a cimentar siempre su espiritualidad en la Sagrada Escritura y en la Tradici\u00f3n de la Iglesia.<\/p>\n<p>Saludo a todos los grupos de peregrinos, en particular a los laicos agustinos de Italia y a la Orden Seglar de los Carmelitas descalzos.<\/p>\n<p>Es estos \u00faltimos d\u00edas, el acuerdo sobre el inicio del proceso de paz ha encendido una chispa de esperanza en Tierra Santa. Animo a las partes implicadas a proseguir con valent\u00eda el itinerario marcado hacia una paz justa, duradera y respetuosa de las leg\u00edtimas aspiraciones del pueblo israel\u00ed y del pueblo palestino. Dos a\u00f1os de conflicto han dejado muerte y ruinas por todas partes, sobre todo en el coraz\u00f3n de quien ha perdido brutalmente hijos, padres, amigos y todo lo que ten\u00eda. Me uno junto con toda la Iglesia a su inmenso dolor. Hoy est\u00e1 dirigida sobre todo a ustedes la caricia del Se\u00f1or, la certeza de que, incluso en la oscuridad m\u00e1s profunda, \u00c9l permanece con nosotros: \u00ab<i><a href=\"https:\/\/www.vatican.va\/content\/leo-xiv\/es\/apost_exhortations\/documents\/20251004-dilexi-te.html\">Dilexi te<\/a>\u00a0\u2013\u00a0<\/i>Te he amado\u00bb. A Dios, \u00fanica Paz de la humanidad, le suplicamos que cure todas las heridas y ayude con su gracia a realizar lo que humanamente ahora parece imposible: redescubrir que el otro no es un enemigo, sino un hermano a quien mirar, perdonar y ofrecer la esperanza de la reconciliaci\u00f3n.<\/p>\n<p>Con dolor, sigo las noticias de los nuevos y violentos ataques que est\u00e1n golpeando varias ciudades e infraestructuras civiles en Ucrania, provocando la muerte de personas inocentes, entre ellas ni\u00f1os, y dejando a muchas familias sin electricidad ni calefacci\u00f3n. Mi coraz\u00f3n se une al sufrimiento de la poblaci\u00f3n, que desde hace a\u00f1os vive en la angustia y entre privaciones. Renuevo el llamamiento a poner fin a la violencia, a parar la destrucci\u00f3n, a abrirse al di\u00e1logo y a la paz.<\/p>\n<p>Acompa\u00f1o de cerca al querido pueblo peruano en este momento de transici\u00f3n pol\u00edtica. Rezo para que el Per\u00fa pueda continuar por el camino de la reconciliaci\u00f3n, del di\u00e1logo y de la unidad nacional.<\/p>\n<p>Hoy en Italia se recuerdan las v\u00edctimas de los accidentes laborales. Recemos por ellos y por la seguridad de todos los trabajadores.<\/p>\n<p>Y ahora dirij\u00e1monos a Mar\u00eda con confianza filial.<\/p>\n<div class=\"clearfix\"><\/div>\n<\/div>\n<div class=\"content parsys\">Copyright \u00a9 Dicasterio para la Comunicaci\u00f3n &#8211; Libreria Editrice Vaticana<\/div>\n<\/div>\n","protected":false},"excerpt":{"rendered":"<p>Palabras del Santo Padre en el \u00c1ngelus<\/p>\n","protected":false},"author":15,"featured_media":139883,"comment_status":"closed","ping_status":"closed","sticky":false,"template":"","format":"standard","meta":{"_acf_changed":false,"_crdt_document":"","inline_featured_image":false,"footnotes":""},"categories":[70,68],"tags":[76646,58880],"class_list":["post-139877","post","type-post","status-publish","format-standard","has-post-thumbnail","hentry","category-angelus-es","category-leon-xiv","tag-angelus-12-de-octubre-de-2025","tag-trending-es-151"],"acf":[],"yoast_head":"<!-- This site is optimized with the Yoast SEO plugin v27.4 - https:\/\/yoast.com\/product\/yoast-seo-wordpress\/ -->\n<title>El Papa anima a las partes implicadas en el proceso de paz en Oriente Medio a \u00abseguir con valent\u00eda el camino trazado\u00bb &#8211; Exaudi<\/title>\n<meta name=\"robots\" content=\"index, follow, max-snippet:-1, max-image-preview:large, max-video-preview:-1\" \/>\n<link rel=\"canonical\" href=\"https:\/\/exaudi.org\/es\/el-papa-anima-a-las-partes-implicadas-en-el-proceso-de-paz-en-oriente-medio-a-seguir-con-valentia-el-camino-trazado\/\" \/>\n<meta property=\"og:locale\" content=\"es_ES\" \/>\n<meta property=\"og:type\" content=\"article\" \/>\n<meta property=\"og:title\" content=\"El Papa anima a las partes implicadas en el proceso de paz en Oriente Medio a \u00abseguir con valent\u00eda el camino trazado\u00bb &#8211; Exaudi\" \/>\n<meta property=\"og:description\" content=\"Palabras del Santo Padre en el \u00c1ngelus\" \/>\n<meta property=\"og:url\" content=\"https:\/\/exaudi.org\/es\/el-papa-anima-a-las-partes-implicadas-en-el-proceso-de-paz-en-oriente-medio-a-seguir-con-valentia-el-camino-trazado\/\" \/>\n<meta property=\"og:site_name\" content=\"Exaudi\" \/>\n<meta property=\"article:publisher\" content=\"https:\/\/www.facebook.com\/ExaudiNews\" \/>\n<meta property=\"article:author\" content=\"https:\/\/www.facebook.com\/ExaudiNoticias\/\" \/>\n<meta property=\"article:published_time\" content=\"2025-10-12T13:10:16+00:00\" \/>\n<meta property=\"article:modified_time\" content=\"2025-10-12T13:11:26+00:00\" \/>\n<meta property=\"og:image\" content=\"https:\/\/exaudi.org\/wp-content\/uploads\/2025\/10\/cq5dam.web_.800.800-2025-10-12T150638.605.jpeg\" \/>\n\t<meta property=\"og:image:width\" content=\"800\" \/>\n\t<meta property=\"og:image:height\" content=\"533\" \/>\n\t<meta property=\"og:image:type\" content=\"image\/jpeg\" \/>\n<meta name=\"author\" content=\"Exaudi Redacci\u00f3n\" \/>\n<meta name=\"twitter:card\" content=\"summary_large_image\" \/>\n<meta name=\"twitter:creator\" content=\"@Exaudi_noticias\" \/>\n<meta name=\"twitter:site\" content=\"@Exaudi_News\" \/>\n<meta name=\"twitter:label1\" content=\"Escrito por\" \/>\n\t<meta name=\"twitter:data1\" content=\"Exaudi Redacci\u00f3n\" \/>\n\t<meta name=\"twitter:label2\" content=\"Tiempo de lectura\" \/>\n\t<meta name=\"twitter:data2\" content=\"3 minutos\" \/>\n<script type=\"application\/ld+json\" class=\"yoast-schema-graph\">{\"@context\":\"https:\\\/\\\/schema.org\",\"@graph\":[{\"@type\":\"Article\",\"@id\":\"https:\\\/\\\/exaudi.org\\\/es\\\/el-papa-anima-a-las-partes-implicadas-en-el-proceso-de-paz-en-oriente-medio-a-seguir-con-valentia-el-camino-trazado\\\/#article\",\"isPartOf\":{\"@id\":\"https:\\\/\\\/exaudi.org\\\/es\\\/el-papa-anima-a-las-partes-implicadas-en-el-proceso-de-paz-en-oriente-medio-a-seguir-con-valentia-el-camino-trazado\\\/\"},\"author\":{\"name\":\"Exaudi Redacci\u00f3n\",\"@id\":\"https:\\\/\\\/exaudi.org\\\/#\\\/schema\\\/person\\\/f5fc8f063065e38742da7afe15f25df7\"},\"headline\":\"El Papa anima a las partes implicadas en el proceso de paz en Oriente Medio a \u00abseguir con valent\u00eda el camino trazado\u00bb\",\"datePublished\":\"2025-10-12T13:10:16+00:00\",\"dateModified\":\"2025-10-12T13:11:26+00:00\",\"mainEntityOfPage\":{\"@id\":\"https:\\\/\\\/exaudi.org\\\/es\\\/el-papa-anima-a-las-partes-implicadas-en-el-proceso-de-paz-en-oriente-medio-a-seguir-con-valentia-el-camino-trazado\\\/\"},\"wordCount\":613,\"image\":{\"@id\":\"https:\\\/\\\/exaudi.org\\\/es\\\/el-papa-anima-a-las-partes-implicadas-en-el-proceso-de-paz-en-oriente-medio-a-seguir-con-valentia-el-camino-trazado\\\/#primaryimage\"},\"thumbnailUrl\":\"https:\\\/\\\/exaudi.org\\\/wp-content\\\/uploads\\\/2025\\\/10\\\/cq5dam.web_.800.800-2025-10-12T150638.605.jpeg\",\"keywords\":[\"\u00c1ngelus 12 de octubre de 2025\",\"Trending\"],\"articleSection\":[\"\u00c1ngelus\",\"Le\u00f3n XIV\"],\"inLanguage\":\"es\"},{\"@type\":\"WebPage\",\"@id\":\"https:\\\/\\\/exaudi.org\\\/es\\\/el-papa-anima-a-las-partes-implicadas-en-el-proceso-de-paz-en-oriente-medio-a-seguir-con-valentia-el-camino-trazado\\\/\",\"url\":\"https:\\\/\\\/exaudi.org\\\/es\\\/el-papa-anima-a-las-partes-implicadas-en-el-proceso-de-paz-en-oriente-medio-a-seguir-con-valentia-el-camino-trazado\\\/\",\"name\":\"El Papa anima a las partes implicadas en el proceso de paz en Oriente Medio a \u00abseguir con valent\u00eda el camino trazado\u00bb &#8211; Exaudi\",\"isPartOf\":{\"@id\":\"https:\\\/\\\/exaudi.org\\\/#website\"},\"primaryImageOfPage\":{\"@id\":\"https:\\\/\\\/exaudi.org\\\/es\\\/el-papa-anima-a-las-partes-implicadas-en-el-proceso-de-paz-en-oriente-medio-a-seguir-con-valentia-el-camino-trazado\\\/#primaryimage\"},\"image\":{\"@id\":\"https:\\\/\\\/exaudi.org\\\/es\\\/el-papa-anima-a-las-partes-implicadas-en-el-proceso-de-paz-en-oriente-medio-a-seguir-con-valentia-el-camino-trazado\\\/#primaryimage\"},\"thumbnailUrl\":\"https:\\\/\\\/exaudi.org\\\/wp-content\\\/uploads\\\/2025\\\/10\\\/cq5dam.web_.800.800-2025-10-12T150638.605.jpeg\",\"datePublished\":\"2025-10-12T13:10:16+00:00\",\"dateModified\":\"2025-10-12T13:11:26+00:00\",\"author\":{\"@id\":\"https:\\\/\\\/exaudi.org\\\/#\\\/schema\\\/person\\\/f5fc8f063065e38742da7afe15f25df7\"},\"breadcrumb\":{\"@id\":\"https:\\\/\\\/exaudi.org\\\/es\\\/el-papa-anima-a-las-partes-implicadas-en-el-proceso-de-paz-en-oriente-medio-a-seguir-con-valentia-el-camino-trazado\\\/#breadcrumb\"},\"inLanguage\":\"es\",\"potentialAction\":[{\"@type\":\"ReadAction\",\"target\":[\"https:\\\/\\\/exaudi.org\\\/es\\\/el-papa-anima-a-las-partes-implicadas-en-el-proceso-de-paz-en-oriente-medio-a-seguir-con-valentia-el-camino-trazado\\\/\"]}]},{\"@type\":\"ImageObject\",\"inLanguage\":\"es\",\"@id\":\"https:\\\/\\\/exaudi.org\\\/es\\\/el-papa-anima-a-las-partes-implicadas-en-el-proceso-de-paz-en-oriente-medio-a-seguir-con-valentia-el-camino-trazado\\\/#primaryimage\",\"url\":\"https:\\\/\\\/exaudi.org\\\/wp-content\\\/uploads\\\/2025\\\/10\\\/cq5dam.web_.800.800-2025-10-12T150638.605.jpeg\",\"contentUrl\":\"https:\\\/\\\/exaudi.org\\\/wp-content\\\/uploads\\\/2025\\\/10\\\/cq5dam.web_.800.800-2025-10-12T150638.605.jpeg\",\"width\":800,\"height\":533},{\"@type\":\"BreadcrumbList\",\"@id\":\"https:\\\/\\\/exaudi.org\\\/es\\\/el-papa-anima-a-las-partes-implicadas-en-el-proceso-de-paz-en-oriente-medio-a-seguir-con-valentia-el-camino-trazado\\\/#breadcrumb\",\"itemListElement\":[{\"@type\":\"ListItem\",\"position\":1,\"name\":\"Portada\",\"item\":\"https:\\\/\\\/exaudi.org\\\/es\\\/\"},{\"@type\":\"ListItem\",\"position\":2,\"name\":\"El Papa anima a las partes implicadas en el proceso de paz en Oriente Medio a \u00abseguir con valent\u00eda el camino trazado\u00bb\"}]},{\"@type\":\"WebSite\",\"@id\":\"https:\\\/\\\/exaudi.org\\\/#website\",\"url\":\"https:\\\/\\\/exaudi.org\\\/\",\"name\":\"Exaudi\",\"description\":\"News\",\"potentialAction\":[{\"@type\":\"SearchAction\",\"target\":{\"@type\":\"EntryPoint\",\"urlTemplate\":\"https:\\\/\\\/exaudi.org\\\/?s={search_term_string}\"},\"query-input\":{\"@type\":\"PropertyValueSpecification\",\"valueRequired\":true,\"valueName\":\"search_term_string\"}}],\"inLanguage\":\"es\"},{\"@type\":\"Person\",\"@id\":\"https:\\\/\\\/exaudi.org\\\/#\\\/schema\\\/person\\\/f5fc8f063065e38742da7afe15f25df7\",\"name\":\"Exaudi Redacci\u00f3n\",\"image\":{\"@type\":\"ImageObject\",\"inLanguage\":\"es\",\"@id\":\"https:\\\/\\\/secure.gravatar.com\\\/avatar\\\/fe0f6a059fb68d9b3e11bc5850dd4899b1c7492091a3cb6dd9b01b56ad828be2?s=96&d=mm&r=g\",\"url\":\"https:\\\/\\\/secure.gravatar.com\\\/avatar\\\/fe0f6a059fb68d9b3e11bc5850dd4899b1c7492091a3cb6dd9b01b56ad828be2?s=96&d=mm&r=g\",\"contentUrl\":\"https:\\\/\\\/secure.gravatar.com\\\/avatar\\\/fe0f6a059fb68d9b3e11bc5850dd4899b1c7492091a3cb6dd9b01b56ad828be2?s=96&d=mm&r=g\",\"caption\":\"Exaudi Redacci\u00f3n\"},\"description\":\"\u00bfQu\u00e9 es Exaudi News? Exaudi News es un medio de comunicaci\u00f3n cat\u00f3lico internacional que informa, forma y transforma, diariamente en espa\u00f1ol, ingl\u00e9s e italiano. A trav\u00e9s de noticias, art\u00edculos de an\u00e1lisis y transmisiones en directo de los eventos del Papa, Exaudi busca fortalecer la unidad de los cristianos y contribuir a la evangelizaci\u00f3n del mundo, siempre guiados por la doctrina social de la Iglesia. Trabajamos para acercar la verdad y los valores cristianos a cada rinc\u00f3n del planeta. \u00a1Ay\u00fadanos a transformar el mundo con Exaudi! En Exaudi creemos que la evangelizaci\u00f3n y la informaci\u00f3n de calidad pueden cambiar vidas. Para continuar con nuestra misi\u00f3n y expandir nuestro alcance, necesitamos tu ayuda. Adem\u00e1s, buscamos personas comprometidas que deseen unirse a nuestro equipo. Con tu apoyo, lograremos llegar a m\u00e1s personas, difundir el mensaje de Cristo y reforzar la unidad de los cristianos. \u00bfTe unes a nuestra misi\u00f3n? Para m\u00e1s informaci\u00f3n sobre c\u00f3mo colaborar, visita Exaudi.org\\\/es o cont\u00e1ctanos directamente: info@exaudi.org Exaudi: Informa, forma y transforma.\",\"sameAs\":[\"https:\\\/\\\/www.facebook.com\\\/ExaudiNoticias\\\/\",\"https:\\\/\\\/www.instagram.com\\\/exaudi_noticias\\\/\",\"https:\\\/\\\/x.com\\\/Exaudi_noticias\",\"https:\\\/\\\/www.youtube.com\\\/@exaudicatholicnews\"],\"url\":\"https:\\\/\\\/exaudi.org\\\/es\\\/author\\\/redaccionexaudi\\\/\"}]}<\/script>\n<!-- \/ Yoast SEO plugin. -->","yoast_head_json":{"title":"El Papa anima a las partes implicadas en el proceso de paz en Oriente Medio a \u00abseguir con valent\u00eda el camino trazado\u00bb &#8211; Exaudi","robots":{"index":"index","follow":"follow","max-snippet":"max-snippet:-1","max-image-preview":"max-image-preview:large","max-video-preview":"max-video-preview:-1"},"canonical":"https:\/\/exaudi.org\/es\/el-papa-anima-a-las-partes-implicadas-en-el-proceso-de-paz-en-oriente-medio-a-seguir-con-valentia-el-camino-trazado\/","og_locale":"es_ES","og_type":"article","og_title":"El Papa anima a las partes implicadas en el proceso de paz en Oriente Medio a \u00abseguir con valent\u00eda el camino trazado\u00bb &#8211; Exaudi","og_description":"Palabras del Santo Padre en el \u00c1ngelus","og_url":"https:\/\/exaudi.org\/es\/el-papa-anima-a-las-partes-implicadas-en-el-proceso-de-paz-en-oriente-medio-a-seguir-con-valentia-el-camino-trazado\/","og_site_name":"Exaudi","article_publisher":"https:\/\/www.facebook.com\/ExaudiNews","article_author":"https:\/\/www.facebook.com\/ExaudiNoticias\/","article_published_time":"2025-10-12T13:10:16+00:00","article_modified_time":"2025-10-12T13:11:26+00:00","og_image":[{"width":800,"height":533,"url":"https:\/\/exaudi.org\/wp-content\/uploads\/2025\/10\/cq5dam.web_.800.800-2025-10-12T150638.605.jpeg","type":"image\/jpeg"}],"author":"Exaudi Redacci\u00f3n","twitter_card":"summary_large_image","twitter_creator":"@Exaudi_noticias","twitter_site":"@Exaudi_News","twitter_misc":{"Escrito por":"Exaudi Redacci\u00f3n","Tiempo de lectura":"3 minutos"},"schema":{"@context":"https:\/\/schema.org","@graph":[{"@type":"Article","@id":"https:\/\/exaudi.org\/es\/el-papa-anima-a-las-partes-implicadas-en-el-proceso-de-paz-en-oriente-medio-a-seguir-con-valentia-el-camino-trazado\/#article","isPartOf":{"@id":"https:\/\/exaudi.org\/es\/el-papa-anima-a-las-partes-implicadas-en-el-proceso-de-paz-en-oriente-medio-a-seguir-con-valentia-el-camino-trazado\/"},"author":{"name":"Exaudi Redacci\u00f3n","@id":"https:\/\/exaudi.org\/#\/schema\/person\/f5fc8f063065e38742da7afe15f25df7"},"headline":"El Papa anima a las partes implicadas en el proceso de paz en Oriente Medio a \u00abseguir con valent\u00eda el camino trazado\u00bb","datePublished":"2025-10-12T13:10:16+00:00","dateModified":"2025-10-12T13:11:26+00:00","mainEntityOfPage":{"@id":"https:\/\/exaudi.org\/es\/el-papa-anima-a-las-partes-implicadas-en-el-proceso-de-paz-en-oriente-medio-a-seguir-con-valentia-el-camino-trazado\/"},"wordCount":613,"image":{"@id":"https:\/\/exaudi.org\/es\/el-papa-anima-a-las-partes-implicadas-en-el-proceso-de-paz-en-oriente-medio-a-seguir-con-valentia-el-camino-trazado\/#primaryimage"},"thumbnailUrl":"https:\/\/exaudi.org\/wp-content\/uploads\/2025\/10\/cq5dam.web_.800.800-2025-10-12T150638.605.jpeg","keywords":["\u00c1ngelus 12 de octubre de 2025","Trending"],"articleSection":["\u00c1ngelus","Le\u00f3n XIV"],"inLanguage":"es"},{"@type":"WebPage","@id":"https:\/\/exaudi.org\/es\/el-papa-anima-a-las-partes-implicadas-en-el-proceso-de-paz-en-oriente-medio-a-seguir-con-valentia-el-camino-trazado\/","url":"https:\/\/exaudi.org\/es\/el-papa-anima-a-las-partes-implicadas-en-el-proceso-de-paz-en-oriente-medio-a-seguir-con-valentia-el-camino-trazado\/","name":"El Papa anima a las partes implicadas en el proceso de paz en Oriente Medio a \u00abseguir con valent\u00eda el camino trazado\u00bb &#8211; Exaudi","isPartOf":{"@id":"https:\/\/exaudi.org\/#website"},"primaryImageOfPage":{"@id":"https:\/\/exaudi.org\/es\/el-papa-anima-a-las-partes-implicadas-en-el-proceso-de-paz-en-oriente-medio-a-seguir-con-valentia-el-camino-trazado\/#primaryimage"},"image":{"@id":"https:\/\/exaudi.org\/es\/el-papa-anima-a-las-partes-implicadas-en-el-proceso-de-paz-en-oriente-medio-a-seguir-con-valentia-el-camino-trazado\/#primaryimage"},"thumbnailUrl":"https:\/\/exaudi.org\/wp-content\/uploads\/2025\/10\/cq5dam.web_.800.800-2025-10-12T150638.605.jpeg","datePublished":"2025-10-12T13:10:16+00:00","dateModified":"2025-10-12T13:11:26+00:00","author":{"@id":"https:\/\/exaudi.org\/#\/schema\/person\/f5fc8f063065e38742da7afe15f25df7"},"breadcrumb":{"@id":"https:\/\/exaudi.org\/es\/el-papa-anima-a-las-partes-implicadas-en-el-proceso-de-paz-en-oriente-medio-a-seguir-con-valentia-el-camino-trazado\/#breadcrumb"},"inLanguage":"es","potentialAction":[{"@type":"ReadAction","target":["https:\/\/exaudi.org\/es\/el-papa-anima-a-las-partes-implicadas-en-el-proceso-de-paz-en-oriente-medio-a-seguir-con-valentia-el-camino-trazado\/"]}]},{"@type":"ImageObject","inLanguage":"es","@id":"https:\/\/exaudi.org\/es\/el-papa-anima-a-las-partes-implicadas-en-el-proceso-de-paz-en-oriente-medio-a-seguir-con-valentia-el-camino-trazado\/#primaryimage","url":"https:\/\/exaudi.org\/wp-content\/uploads\/2025\/10\/cq5dam.web_.800.800-2025-10-12T150638.605.jpeg","contentUrl":"https:\/\/exaudi.org\/wp-content\/uploads\/2025\/10\/cq5dam.web_.800.800-2025-10-12T150638.605.jpeg","width":800,"height":533},{"@type":"BreadcrumbList","@id":"https:\/\/exaudi.org\/es\/el-papa-anima-a-las-partes-implicadas-en-el-proceso-de-paz-en-oriente-medio-a-seguir-con-valentia-el-camino-trazado\/#breadcrumb","itemListElement":[{"@type":"ListItem","position":1,"name":"Portada","item":"https:\/\/exaudi.org\/es\/"},{"@type":"ListItem","position":2,"name":"El Papa anima a las partes implicadas en el proceso de paz en Oriente Medio a \u00abseguir con valent\u00eda el camino trazado\u00bb"}]},{"@type":"WebSite","@id":"https:\/\/exaudi.org\/#website","url":"https:\/\/exaudi.org\/","name":"Exaudi","description":"News","potentialAction":[{"@type":"SearchAction","target":{"@type":"EntryPoint","urlTemplate":"https:\/\/exaudi.org\/?s={search_term_string}"},"query-input":{"@type":"PropertyValueSpecification","valueRequired":true,"valueName":"search_term_string"}}],"inLanguage":"es"},{"@type":"Person","@id":"https:\/\/exaudi.org\/#\/schema\/person\/f5fc8f063065e38742da7afe15f25df7","name":"Exaudi Redacci\u00f3n","image":{"@type":"ImageObject","inLanguage":"es","@id":"https:\/\/secure.gravatar.com\/avatar\/fe0f6a059fb68d9b3e11bc5850dd4899b1c7492091a3cb6dd9b01b56ad828be2?s=96&d=mm&r=g","url":"https:\/\/secure.gravatar.com\/avatar\/fe0f6a059fb68d9b3e11bc5850dd4899b1c7492091a3cb6dd9b01b56ad828be2?s=96&d=mm&r=g","contentUrl":"https:\/\/secure.gravatar.com\/avatar\/fe0f6a059fb68d9b3e11bc5850dd4899b1c7492091a3cb6dd9b01b56ad828be2?s=96&d=mm&r=g","caption":"Exaudi Redacci\u00f3n"},"description":"\u00bfQu\u00e9 es Exaudi News? Exaudi News es un medio de comunicaci\u00f3n cat\u00f3lico internacional que informa, forma y transforma, diariamente en espa\u00f1ol, ingl\u00e9s e italiano. A trav\u00e9s de noticias, art\u00edculos de an\u00e1lisis y transmisiones en directo de los eventos del Papa, Exaudi busca fortalecer la unidad de los cristianos y contribuir a la evangelizaci\u00f3n del mundo, siempre guiados por la doctrina social de la Iglesia. Trabajamos para acercar la verdad y los valores cristianos a cada rinc\u00f3n del planeta. \u00a1Ay\u00fadanos a transformar el mundo con Exaudi! En Exaudi creemos que la evangelizaci\u00f3n y la informaci\u00f3n de calidad pueden cambiar vidas. Para continuar con nuestra misi\u00f3n y expandir nuestro alcance, necesitamos tu ayuda. Adem\u00e1s, buscamos personas comprometidas que deseen unirse a nuestro equipo. Con tu apoyo, lograremos llegar a m\u00e1s personas, difundir el mensaje de Cristo y reforzar la unidad de los cristianos. \u00bfTe unes a nuestra misi\u00f3n? Para m\u00e1s informaci\u00f3n sobre c\u00f3mo colaborar, visita Exaudi.org\/es o cont\u00e1ctanos directamente: info@exaudi.org Exaudi: Informa, forma y transforma.","sameAs":["https:\/\/www.facebook.com\/ExaudiNoticias\/","https:\/\/www.instagram.com\/exaudi_noticias\/","https:\/\/x.com\/Exaudi_noticias","https:\/\/www.youtube.com\/@exaudicatholicnews"],"url":"https:\/\/exaudi.org\/es\/author\/redaccionexaudi\/"}]}},"jetpack_featured_media_url":"https:\/\/exaudi.org\/wp-content\/uploads\/2025\/10\/cq5dam.web_.800.800-2025-10-12T150638.605.jpeg","jetpack_shortlink":"https:\/\/wp.me\/pgKjF2-Ao5","_links":{"self":[{"href":"https:\/\/exaudi.org\/es\/wp-json\/wp\/v2\/posts\/139877","targetHints":{"allow":["GET"]}}],"collection":[{"href":"https:\/\/exaudi.org\/es\/wp-json\/wp\/v2\/posts"}],"about":[{"href":"https:\/\/exaudi.org\/es\/wp-json\/wp\/v2\/types\/post"}],"author":[{"embeddable":true,"href":"https:\/\/exaudi.org\/es\/wp-json\/wp\/v2\/users\/15"}],"replies":[{"embeddable":true,"href":"https:\/\/exaudi.org\/es\/wp-json\/wp\/v2\/comments?post=139877"}],"version-history":[{"count":7,"href":"https:\/\/exaudi.org\/es\/wp-json\/wp\/v2\/posts\/139877\/revisions"}],"predecessor-version":[{"id":139887,"href":"https:\/\/exaudi.org\/es\/wp-json\/wp\/v2\/posts\/139877\/revisions\/139887"}],"wp:featuredmedia":[{"embeddable":true,"href":"https:\/\/exaudi.org\/es\/wp-json\/wp\/v2\/media\/139883"}],"wp:attachment":[{"href":"https:\/\/exaudi.org\/es\/wp-json\/wp\/v2\/media?parent=139877"}],"wp:term":[{"taxonomy":"category","embeddable":true,"href":"https:\/\/exaudi.org\/es\/wp-json\/wp\/v2\/categories?post=139877"},{"taxonomy":"post_tag","embeddable":true,"href":"https:\/\/exaudi.org\/es\/wp-json\/wp\/v2\/tags?post=139877"}],"curies":[{"name":"wp","href":"https:\/\/api.w.org\/{rel}","templated":true}]}}