{"id":139693,"date":"2025-10-13T08:00:31","date_gmt":"2025-10-13T06:00:31","guid":{"rendered":"https:\/\/exaudi.org\/?p=139693"},"modified":"2025-10-13T00:10:06","modified_gmt":"2025-10-12T22:10:06","slug":"la-fe-luz-para-ver-con-los-ojos-de-dios","status":"publish","type":"post","link":"https:\/\/exaudi.org\/es\/la-fe-luz-para-ver-con-los-ojos-de-dios\/","title":{"rendered":"La Fe: luz para ver con los ojos de Dios"},"content":{"rendered":"<p data-start=\"519\" data-end=\"621\">La Fe es la primera de las virtudes teologales. Seg\u00fan el Catecismo de la Iglesia Cat\u00f3lica (n. 1814):<\/p>\n<p style=\"text-align: center;\" data-start=\"624\" data-end=\"795\"><em>\u201cLa fe es la virtud teologal por la que creemos en Dios y en todo lo que \u00c9l nos ha dicho y revelado, y que la Santa Iglesia nos propone, porque Dios es la misma Verdad\u201d.<\/em><\/p>\n<p><iframe title=\"Spotify Embed: La Fe: luz para ver con los ojos de Dios\" style=\"border-radius: 12px\" width=\"100%\" height=\"152\" frameborder=\"0\" allowfullscreen allow=\"autoplay; clipboard-write; encrypted-media; fullscreen; picture-in-picture\" loading=\"lazy\" src=\"https:\/\/open.spotify.com\/embed\/episode\/5Q0ZzBIStvXpQWtDtHzS3h?si=74d44689982f4218&#038;utm_source=oembed\"><\/iframe><\/p>\n<p data-start=\"797\" data-end=\"932\">Es decir, creer no es un simple sentimiento religioso ni un optimismo ingenuo, sino confiar en la Palabra de Dios como en roca firme.<\/p>\n<p data-start=\"934\" data-end=\"969\">San Juan Pablo II lo resumi\u00f3 as\u00ed:<\/p>\n<p style=\"text-align: center;\" data-start=\"972\" data-end=\"1075\"><em>\u201cLa fe no es s\u00f3lo aceptar una doctrina, sino confiarse a una Persona:a Cristo\u201d (Catequesis, 1985).<\/em><\/p>\n<h3 data-start=\"1077\" data-end=\"1102\"><strong>C\u00f3mo vivir la Fe hoy<\/strong><\/h3>\n<p data-start=\"1103\" data-end=\"1173\">En un mundo que a menudo duda de lo espiritual, vivir la fe implica:<\/p>\n<ul>\n<li data-start=\"1176\" data-end=\"1240\"><strong data-start=\"1176\" data-end=\"1198\">Orar con confianza<\/strong> aunque no veamos resultados inmediatos.<\/li>\n<li data-start=\"1243\" data-end=\"1344\"><strong data-start=\"1243\" data-end=\"1255\">Formarse<\/strong>: leer la Biblia, el Catecismo, escritos de santos. La fe se alimenta del conocimiento.<\/li>\n<li data-start=\"1347\" data-end=\"1457\"><strong data-start=\"1347\" data-end=\"1365\">Dar testimonio<\/strong> con coherencia en lo cotidiano: trabajo honesto, respeto por todos, alegr\u00eda que contagia.<\/li>\n<li data-start=\"1460\" data-end=\"1536\"><strong data-start=\"1460\" data-end=\"1499\">Participar en la vida de la Iglesia<\/strong>: sacramentos, comunidad, servicio.<\/li>\n<\/ul>\n<p data-start=\"1538\" data-end=\"1567\">Papa Francisco lo recuerda:<\/p>\n<p style=\"text-align: center;\" data-start=\"1570\" data-end=\"1734\"><em>\u201cLa fe no es un refugio para gente sin coraje, sino la dilataci\u00f3n de la vida. Nos hace descubrir una gran llamada: la vocaci\u00f3n al amor\u201d (Evangelii Gaudium, 53).<\/em><\/p>\n<h3 data-start=\"1736\" data-end=\"1780\"><strong>Consejos pr\u00e1cticos para crecer en la Fe<\/strong><\/h3>\n<ol>\n<li data-start=\"1784\" data-end=\"1838\"><strong data-start=\"1784\" data-end=\"1816\">Un momento de oraci\u00f3n diaria<\/strong> (aunque sea breve).<\/li>\n<li data-start=\"1842\" data-end=\"1906\"><strong data-start=\"1842\" data-end=\"1874\">Lectura orante del Evangelio<\/strong> al menos una vez a la semana.<\/li>\n<li data-start=\"1910\" data-end=\"1986\"><strong data-start=\"1910\" data-end=\"1952\">Un acto de fe en momentos de oscuridad<\/strong>: repetir \u201cJes\u00fas, en Ti conf\u00edo\u201d.<\/li>\n<li data-start=\"1990\" data-end=\"2074\"><strong data-start=\"1990\" data-end=\"2023\">Unirse a un grupo o comunidad<\/strong> donde se hable de Dios y se viva la fe en com\u00fan.<\/li>\n<\/ol>\n<h3 data-start=\"2076\" data-end=\"2113\"><strong>Examen de conciencia sobre la Fe<\/strong><\/h3>\n<ul>\n<li data-start=\"2116\" data-end=\"2173\">\u00bfConf\u00edo en Dios incluso cuando no entiendo sus caminos?<\/li>\n<li data-start=\"2176\" data-end=\"2242\">\u00bfAlimento mi fe con la Palabra y la oraci\u00f3n, o la dejo apagarse?<\/li>\n<li data-start=\"2245\" data-end=\"2296\">\u00bfSoy coherente con lo que creo en mis decisiones?<\/li>\n<li data-start=\"2299\" data-end=\"2358\">\u00bfComparto mi fe con sencillez o la escondo por verg\u00fcenza?<\/li>\n<\/ul>\n<h3 data-start=\"2360\" data-end=\"2380\">Una clave final<\/h3>\n<p data-start=\"2381\" data-end=\"2482\">La Fe no es un tesoro guardado en un caj\u00f3n, sino una luz que se comparte. Como dec\u00eda Benedicto XVI:<\/p>\n<p style=\"text-align: center;\" data-start=\"2485\" data-end=\"2539\"><em>\u201cLa fe crece cuando se comparte\u201d (Porta Fidei, 7)<\/em><\/p>\n<p data-start=\"2485\" data-end=\"2539\"><img loading=\"lazy\" decoding=\"async\" class=\"size-full wp-image-139701 alignnone\" src=\"https:\/\/exaudi.org\/wp-content\/uploads\/2025\/10\/voces-1.jpg\" alt=\"\" width=\"1080\" height=\"1350\" srcset=\"https:\/\/exaudi.org\/wp-content\/uploads\/2025\/10\/voces-1.jpg 1080w, https:\/\/exaudi.org\/wp-content\/uploads\/2025\/10\/voces-1-240x300.jpg 240w, https:\/\/exaudi.org\/wp-content\/uploads\/2025\/10\/voces-1-819x1024.jpg 819w, https:\/\/exaudi.org\/wp-content\/uploads\/2025\/10\/voces-1-770x963.jpg 770w, https:\/\/exaudi.org\/wp-content\/uploads\/2025\/10\/voces-1-500x625.jpg 500w\" sizes=\"auto, (max-width: 1080px) 100vw, 1080px\" \/><\/p>\n","protected":false},"excerpt":{"rendered":"<p>Virtudes teologales: Qu\u00e9 es la Fe<\/p>\n","protected":false},"author":149,"featured_media":139696,"comment_status":"closed","ping_status":"closed","sticky":false,"template":"","format":"standard","meta":{"_acf_changed":false,"_crdt_document":"","inline_featured_image":false,"footnotes":""},"categories":[72],"tags":[76479,76482,76481,15371,17563,23267,41846,76483,76480,25210,52815,58880,76478,76476,76477],"class_list":["post-139693","post","type-post","status-publish","format-standard","has-post-thumbnail","hentry","category-analisis","tag-catecismo-fe","tag-como-fortalecer-la-fe","tag-examen-de-conciencia-fe","tag-fe-catolica","tag-fe-cristiana","tag-fe-en-dios","tag-fe-en-tiempos-dificiles","tag-fe-esperanza-caridad","tag-frases-de-santos-sobre-la-fe","tag-javier-ferrer-garcia","tag-que-es-la-fe","tag-trending-es-151","tag-virtud-de-la-fe","tag-virtud-teologal-fe","tag-vivir-la-fe-hoy"],"acf":[],"yoast_head":"<!-- This site is optimized with the Yoast SEO plugin v27.5 - https:\/\/yoast.com\/product\/yoast-seo-wordpress\/ -->\n<title>La Fe: luz para ver con los ojos de Dios &#8211; Exaudi<\/title>\n<meta name=\"robots\" content=\"index, follow, max-snippet:-1, max-image-preview:large, max-video-preview:-1\" \/>\n<link rel=\"canonical\" href=\"https:\/\/exaudi.org\/es\/la-fe-luz-para-ver-con-los-ojos-de-dios\/\" \/>\n<meta property=\"og:locale\" content=\"es_ES\" \/>\n<meta property=\"og:type\" content=\"article\" \/>\n<meta property=\"og:title\" content=\"La Fe: luz para ver con los ojos de Dios &#8211; Exaudi\" \/>\n<meta property=\"og:description\" content=\"Virtudes teologales: Qu\u00e9 es la Fe\" \/>\n<meta property=\"og:url\" content=\"https:\/\/exaudi.org\/es\/la-fe-luz-para-ver-con-los-ojos-de-dios\/\" \/>\n<meta property=\"og:site_name\" content=\"Exaudi\" \/>\n<meta property=\"article:publisher\" content=\"https:\/\/www.facebook.com\/ExaudiNews\" \/>\n<meta property=\"article:published_time\" content=\"2025-10-13T06:00:31+00:00\" \/>\n<meta property=\"og:image\" content=\"https:\/\/exaudi.org\/wp-content\/uploads\/2025\/10\/Turquesa-Blanco-Cuadriculado-Fuente-Grande-General-Sociedad-ODS-Publicacion-de-Twitter-1.jpg\" \/>\n\t<meta property=\"og:image:width\" content=\"1600\" \/>\n\t<meta property=\"og:image:height\" content=\"900\" \/>\n\t<meta property=\"og:image:type\" content=\"image\/jpeg\" \/>\n<meta name=\"author\" content=\"Javier Ferrer Garc\u00eda\" \/>\n<meta name=\"twitter:card\" content=\"summary_large_image\" \/>\n<meta name=\"twitter:creator\" content=\"@Exaudi_News\" \/>\n<meta name=\"twitter:site\" content=\"@Exaudi_News\" \/>\n<meta name=\"twitter:label1\" content=\"Escrito por\" \/>\n\t<meta name=\"twitter:data1\" content=\"Javier Ferrer Garc\u00eda\" \/>\n\t<meta name=\"twitter:label2\" content=\"Tiempo de lectura\" \/>\n\t<meta name=\"twitter:data2\" content=\"2 minutos\" \/>\n<script type=\"application\/ld+json\" class=\"yoast-schema-graph\">{\"@context\":\"https:\\\/\\\/schema.org\",\"@graph\":[{\"@type\":\"Article\",\"@id\":\"https:\\\/\\\/exaudi.org\\\/es\\\/la-fe-luz-para-ver-con-los-ojos-de-dios\\\/#article\",\"isPartOf\":{\"@id\":\"https:\\\/\\\/exaudi.org\\\/es\\\/la-fe-luz-para-ver-con-los-ojos-de-dios\\\/\"},\"author\":{\"name\":\"Javier Ferrer Garc\u00eda\",\"@id\":\"https:\\\/\\\/exaudi.org\\\/#\\\/schema\\\/person\\\/0428626ea256fe1d193098fe0ee2b91d\"},\"headline\":\"La Fe: luz para ver con los ojos de Dios\",\"datePublished\":\"2025-10-13T06:00:31+00:00\",\"mainEntityOfPage\":{\"@id\":\"https:\\\/\\\/exaudi.org\\\/es\\\/la-fe-luz-para-ver-con-los-ojos-de-dios\\\/\"},\"wordCount\":372,\"image\":{\"@id\":\"https:\\\/\\\/exaudi.org\\\/es\\\/la-fe-luz-para-ver-con-los-ojos-de-dios\\\/#primaryimage\"},\"thumbnailUrl\":\"https:\\\/\\\/exaudi.org\\\/wp-content\\\/uploads\\\/2025\\\/10\\\/Turquesa-Blanco-Cuadriculado-Fuente-Grande-General-Sociedad-ODS-Publicacion-de-Twitter-1.jpg\",\"keywords\":[\"catecismo fe\",\"c\u00f3mo fortalecer la fe\",\"examen de conciencia fe\",\"Fe cat\u00f3lica\",\"Fe cristiana\",\"fe en Dios\",\"fe en tiempos dif\u00edciles\",\"fe esperanza caridad\",\"frases de santos sobre la fe\",\"Javier Ferrer Garc\u00eda\",\"qu\u00e9 es la fe\",\"Trending\",\"virtud de la fe\",\"virtud teologal fe\",\"vivir la fe hoy\"],\"articleSection\":[\"An\u00e1lisis\"],\"inLanguage\":\"es\"},{\"@type\":\"WebPage\",\"@id\":\"https:\\\/\\\/exaudi.org\\\/es\\\/la-fe-luz-para-ver-con-los-ojos-de-dios\\\/\",\"url\":\"https:\\\/\\\/exaudi.org\\\/es\\\/la-fe-luz-para-ver-con-los-ojos-de-dios\\\/\",\"name\":\"La Fe: luz para ver con los ojos de Dios &#8211; Exaudi\",\"isPartOf\":{\"@id\":\"https:\\\/\\\/exaudi.org\\\/#website\"},\"primaryImageOfPage\":{\"@id\":\"https:\\\/\\\/exaudi.org\\\/es\\\/la-fe-luz-para-ver-con-los-ojos-de-dios\\\/#primaryimage\"},\"image\":{\"@id\":\"https:\\\/\\\/exaudi.org\\\/es\\\/la-fe-luz-para-ver-con-los-ojos-de-dios\\\/#primaryimage\"},\"thumbnailUrl\":\"https:\\\/\\\/exaudi.org\\\/wp-content\\\/uploads\\\/2025\\\/10\\\/Turquesa-Blanco-Cuadriculado-Fuente-Grande-General-Sociedad-ODS-Publicacion-de-Twitter-1.jpg\",\"datePublished\":\"2025-10-13T06:00:31+00:00\",\"author\":{\"@id\":\"https:\\\/\\\/exaudi.org\\\/#\\\/schema\\\/person\\\/0428626ea256fe1d193098fe0ee2b91d\"},\"breadcrumb\":{\"@id\":\"https:\\\/\\\/exaudi.org\\\/es\\\/la-fe-luz-para-ver-con-los-ojos-de-dios\\\/#breadcrumb\"},\"inLanguage\":\"es\",\"potentialAction\":[{\"@type\":\"ReadAction\",\"target\":[\"https:\\\/\\\/exaudi.org\\\/es\\\/la-fe-luz-para-ver-con-los-ojos-de-dios\\\/\"]}]},{\"@type\":\"ImageObject\",\"inLanguage\":\"es\",\"@id\":\"https:\\\/\\\/exaudi.org\\\/es\\\/la-fe-luz-para-ver-con-los-ojos-de-dios\\\/#primaryimage\",\"url\":\"https:\\\/\\\/exaudi.org\\\/wp-content\\\/uploads\\\/2025\\\/10\\\/Turquesa-Blanco-Cuadriculado-Fuente-Grande-General-Sociedad-ODS-Publicacion-de-Twitter-1.jpg\",\"contentUrl\":\"https:\\\/\\\/exaudi.org\\\/wp-content\\\/uploads\\\/2025\\\/10\\\/Turquesa-Blanco-Cuadriculado-Fuente-Grande-General-Sociedad-ODS-Publicacion-de-Twitter-1.jpg\",\"width\":1600,\"height\":900},{\"@type\":\"BreadcrumbList\",\"@id\":\"https:\\\/\\\/exaudi.org\\\/es\\\/la-fe-luz-para-ver-con-los-ojos-de-dios\\\/#breadcrumb\",\"itemListElement\":[{\"@type\":\"ListItem\",\"position\":1,\"name\":\"Portada\",\"item\":\"https:\\\/\\\/exaudi.org\\\/es\\\/\"},{\"@type\":\"ListItem\",\"position\":2,\"name\":\"La Fe: luz para ver con los ojos de Dios\"}]},{\"@type\":\"WebSite\",\"@id\":\"https:\\\/\\\/exaudi.org\\\/#website\",\"url\":\"https:\\\/\\\/exaudi.org\\\/\",\"name\":\"Exaudi\",\"description\":\"News\",\"potentialAction\":[{\"@type\":\"SearchAction\",\"target\":{\"@type\":\"EntryPoint\",\"urlTemplate\":\"https:\\\/\\\/exaudi.org\\\/?s={search_term_string}\"},\"query-input\":{\"@type\":\"PropertyValueSpecification\",\"valueRequired\":true,\"valueName\":\"search_term_string\"}}],\"inLanguage\":\"es\"},{\"@type\":\"Person\",\"@id\":\"https:\\\/\\\/exaudi.org\\\/#\\\/schema\\\/person\\\/0428626ea256fe1d193098fe0ee2b91d\",\"name\":\"Javier Ferrer Garc\u00eda\",\"image\":{\"@type\":\"ImageObject\",\"inLanguage\":\"es\",\"@id\":\"https:\\\/\\\/secure.gravatar.com\\\/avatar\\\/c7bc1aef05f4433794cef4a55499c99ae6c0d617e2aa24ba4876a5432af93b2d?s=96&d=mm&r=g\",\"url\":\"https:\\\/\\\/secure.gravatar.com\\\/avatar\\\/c7bc1aef05f4433794cef4a55499c99ae6c0d617e2aa24ba4876a5432af93b2d?s=96&d=mm&r=g\",\"contentUrl\":\"https:\\\/\\\/secure.gravatar.com\\\/avatar\\\/c7bc1aef05f4433794cef4a55499c99ae6c0d617e2aa24ba4876a5432af93b2d?s=96&d=mm&r=g\",\"caption\":\"Javier Ferrer Garc\u00eda\"},\"description\":\"Soy un apasionado de la vida. Fil\u00f3sofo y economista. Mi carrera profesional se ha enriquecido con el constante deseo de aprender y crecer tanto en el \u00e1mbito acad\u00e9mico como en el personal. Me considero un ferviente lector y amante del cine, lo cual me permite tener una perspectiva amplia y diversa sobre el mundo que nos rodea. Como cat\u00f3lico comprometido, busco integrar mis valores en cada aspecto de mi vida, desde mi carrera profesional hasta mi rol como esposo y padre de familia\",\"url\":\"https:\\\/\\\/exaudi.org\\\/es\\\/author\\\/javier-ferrer-garcia\\\/\"}]}<\/script>\n<!-- \/ Yoast SEO plugin. -->","yoast_head_json":{"title":"La Fe: luz para ver con los ojos de Dios &#8211; Exaudi","robots":{"index":"index","follow":"follow","max-snippet":"max-snippet:-1","max-image-preview":"max-image-preview:large","max-video-preview":"max-video-preview:-1"},"canonical":"https:\/\/exaudi.org\/es\/la-fe-luz-para-ver-con-los-ojos-de-dios\/","og_locale":"es_ES","og_type":"article","og_title":"La Fe: luz para ver con los ojos de Dios &#8211; Exaudi","og_description":"Virtudes teologales: Qu\u00e9 es la Fe","og_url":"https:\/\/exaudi.org\/es\/la-fe-luz-para-ver-con-los-ojos-de-dios\/","og_site_name":"Exaudi","article_publisher":"https:\/\/www.facebook.com\/ExaudiNews","article_published_time":"2025-10-13T06:00:31+00:00","og_image":[{"width":1600,"height":900,"url":"https:\/\/exaudi.org\/wp-content\/uploads\/2025\/10\/Turquesa-Blanco-Cuadriculado-Fuente-Grande-General-Sociedad-ODS-Publicacion-de-Twitter-1.jpg","type":"image\/jpeg"}],"author":"Javier Ferrer Garc\u00eda","twitter_card":"summary_large_image","twitter_creator":"@Exaudi_News","twitter_site":"@Exaudi_News","twitter_misc":{"Escrito por":"Javier Ferrer Garc\u00eda","Tiempo de lectura":"2 minutos"},"schema":{"@context":"https:\/\/schema.org","@graph":[{"@type":"Article","@id":"https:\/\/exaudi.org\/es\/la-fe-luz-para-ver-con-los-ojos-de-dios\/#article","isPartOf":{"@id":"https:\/\/exaudi.org\/es\/la-fe-luz-para-ver-con-los-ojos-de-dios\/"},"author":{"name":"Javier Ferrer Garc\u00eda","@id":"https:\/\/exaudi.org\/#\/schema\/person\/0428626ea256fe1d193098fe0ee2b91d"},"headline":"La Fe: luz para ver con los ojos de Dios","datePublished":"2025-10-13T06:00:31+00:00","mainEntityOfPage":{"@id":"https:\/\/exaudi.org\/es\/la-fe-luz-para-ver-con-los-ojos-de-dios\/"},"wordCount":372,"image":{"@id":"https:\/\/exaudi.org\/es\/la-fe-luz-para-ver-con-los-ojos-de-dios\/#primaryimage"},"thumbnailUrl":"https:\/\/exaudi.org\/wp-content\/uploads\/2025\/10\/Turquesa-Blanco-Cuadriculado-Fuente-Grande-General-Sociedad-ODS-Publicacion-de-Twitter-1.jpg","keywords":["catecismo fe","c\u00f3mo fortalecer la fe","examen de conciencia fe","Fe cat\u00f3lica","Fe cristiana","fe en Dios","fe en tiempos dif\u00edciles","fe esperanza caridad","frases de santos sobre la fe","Javier Ferrer Garc\u00eda","qu\u00e9 es la fe","Trending","virtud de la fe","virtud teologal fe","vivir la fe hoy"],"articleSection":["An\u00e1lisis"],"inLanguage":"es"},{"@type":"WebPage","@id":"https:\/\/exaudi.org\/es\/la-fe-luz-para-ver-con-los-ojos-de-dios\/","url":"https:\/\/exaudi.org\/es\/la-fe-luz-para-ver-con-los-ojos-de-dios\/","name":"La Fe: luz para ver con los ojos de Dios &#8211; Exaudi","isPartOf":{"@id":"https:\/\/exaudi.org\/#website"},"primaryImageOfPage":{"@id":"https:\/\/exaudi.org\/es\/la-fe-luz-para-ver-con-los-ojos-de-dios\/#primaryimage"},"image":{"@id":"https:\/\/exaudi.org\/es\/la-fe-luz-para-ver-con-los-ojos-de-dios\/#primaryimage"},"thumbnailUrl":"https:\/\/exaudi.org\/wp-content\/uploads\/2025\/10\/Turquesa-Blanco-Cuadriculado-Fuente-Grande-General-Sociedad-ODS-Publicacion-de-Twitter-1.jpg","datePublished":"2025-10-13T06:00:31+00:00","author":{"@id":"https:\/\/exaudi.org\/#\/schema\/person\/0428626ea256fe1d193098fe0ee2b91d"},"breadcrumb":{"@id":"https:\/\/exaudi.org\/es\/la-fe-luz-para-ver-con-los-ojos-de-dios\/#breadcrumb"},"inLanguage":"es","potentialAction":[{"@type":"ReadAction","target":["https:\/\/exaudi.org\/es\/la-fe-luz-para-ver-con-los-ojos-de-dios\/"]}]},{"@type":"ImageObject","inLanguage":"es","@id":"https:\/\/exaudi.org\/es\/la-fe-luz-para-ver-con-los-ojos-de-dios\/#primaryimage","url":"https:\/\/exaudi.org\/wp-content\/uploads\/2025\/10\/Turquesa-Blanco-Cuadriculado-Fuente-Grande-General-Sociedad-ODS-Publicacion-de-Twitter-1.jpg","contentUrl":"https:\/\/exaudi.org\/wp-content\/uploads\/2025\/10\/Turquesa-Blanco-Cuadriculado-Fuente-Grande-General-Sociedad-ODS-Publicacion-de-Twitter-1.jpg","width":1600,"height":900},{"@type":"BreadcrumbList","@id":"https:\/\/exaudi.org\/es\/la-fe-luz-para-ver-con-los-ojos-de-dios\/#breadcrumb","itemListElement":[{"@type":"ListItem","position":1,"name":"Portada","item":"https:\/\/exaudi.org\/es\/"},{"@type":"ListItem","position":2,"name":"La Fe: luz para ver con los ojos de Dios"}]},{"@type":"WebSite","@id":"https:\/\/exaudi.org\/#website","url":"https:\/\/exaudi.org\/","name":"Exaudi","description":"News","potentialAction":[{"@type":"SearchAction","target":{"@type":"EntryPoint","urlTemplate":"https:\/\/exaudi.org\/?s={search_term_string}"},"query-input":{"@type":"PropertyValueSpecification","valueRequired":true,"valueName":"search_term_string"}}],"inLanguage":"es"},{"@type":"Person","@id":"https:\/\/exaudi.org\/#\/schema\/person\/0428626ea256fe1d193098fe0ee2b91d","name":"Javier Ferrer Garc\u00eda","image":{"@type":"ImageObject","inLanguage":"es","@id":"https:\/\/secure.gravatar.com\/avatar\/c7bc1aef05f4433794cef4a55499c99ae6c0d617e2aa24ba4876a5432af93b2d?s=96&d=mm&r=g","url":"https:\/\/secure.gravatar.com\/avatar\/c7bc1aef05f4433794cef4a55499c99ae6c0d617e2aa24ba4876a5432af93b2d?s=96&d=mm&r=g","contentUrl":"https:\/\/secure.gravatar.com\/avatar\/c7bc1aef05f4433794cef4a55499c99ae6c0d617e2aa24ba4876a5432af93b2d?s=96&d=mm&r=g","caption":"Javier Ferrer Garc\u00eda"},"description":"Soy un apasionado de la vida. Fil\u00f3sofo y economista. Mi carrera profesional se ha enriquecido con el constante deseo de aprender y crecer tanto en el \u00e1mbito acad\u00e9mico como en el personal. Me considero un ferviente lector y amante del cine, lo cual me permite tener una perspectiva amplia y diversa sobre el mundo que nos rodea. Como cat\u00f3lico comprometido, busco integrar mis valores en cada aspecto de mi vida, desde mi carrera profesional hasta mi rol como esposo y padre de familia","url":"https:\/\/exaudi.org\/es\/author\/javier-ferrer-garcia\/"}]}},"jetpack_featured_media_url":"https:\/\/exaudi.org\/wp-content\/uploads\/2025\/10\/Turquesa-Blanco-Cuadriculado-Fuente-Grande-General-Sociedad-ODS-Publicacion-de-Twitter-1.jpg","jetpack_shortlink":"https:\/\/wp.me\/pgKjF2-Al7","_links":{"self":[{"href":"https:\/\/exaudi.org\/es\/wp-json\/wp\/v2\/posts\/139693","targetHints":{"allow":["GET"]}}],"collection":[{"href":"https:\/\/exaudi.org\/es\/wp-json\/wp\/v2\/posts"}],"about":[{"href":"https:\/\/exaudi.org\/es\/wp-json\/wp\/v2\/types\/post"}],"author":[{"embeddable":true,"href":"https:\/\/exaudi.org\/es\/wp-json\/wp\/v2\/users\/149"}],"replies":[{"embeddable":true,"href":"https:\/\/exaudi.org\/es\/wp-json\/wp\/v2\/comments?post=139693"}],"version-history":[{"count":7,"href":"https:\/\/exaudi.org\/es\/wp-json\/wp\/v2\/posts\/139693\/revisions"}],"predecessor-version":[{"id":139963,"href":"https:\/\/exaudi.org\/es\/wp-json\/wp\/v2\/posts\/139693\/revisions\/139963"}],"wp:featuredmedia":[{"embeddable":true,"href":"https:\/\/exaudi.org\/es\/wp-json\/wp\/v2\/media\/139696"}],"wp:attachment":[{"href":"https:\/\/exaudi.org\/es\/wp-json\/wp\/v2\/media?parent=139693"}],"wp:term":[{"taxonomy":"category","embeddable":true,"href":"https:\/\/exaudi.org\/es\/wp-json\/wp\/v2\/categories?post=139693"},{"taxonomy":"post_tag","embeddable":true,"href":"https:\/\/exaudi.org\/es\/wp-json\/wp\/v2\/tags?post=139693"}],"curies":[{"name":"wp","href":"https:\/\/api.w.org\/{rel}","templated":true}]}}