{"id":139098,"date":"2025-10-08T08:00:31","date_gmt":"2025-10-08T06:00:31","guid":{"rendered":"https:\/\/exaudi.org\/?p=139098"},"modified":"2025-10-07T23:42:19","modified_gmt":"2025-10-07T21:42:19","slug":"marketing-del-aborto","status":"publish","type":"post","link":"https:\/\/exaudi.org\/es\/marketing-del-aborto\/","title":{"rendered":"Marketing del aborto"},"content":{"rendered":"<p>Seg\u00fan los \u00faltimos datos del INE, en 2023 se registraron\u00a0<strong>320.656 nacimientos<\/strong>\u00a0en Espa\u00f1a, lo que representa una ca\u00edda del 2,6% respecto al a\u00f1o anterior. La tasa de fecundidad se situ\u00f3 en\u00a0<strong>1,12 hijos por mujer<\/strong>\u00a0y los nacimientos de madres extranjeras supusieron el 31,3% del total. Ese a\u00f1o tambi\u00e9n se produjo un saldo vegetativo negativo de aproximadamente -115.000 personas, ya que las muertes (436.124) superaron ampliamente a los nacimientos.\u00a0<strong>registr\u00e1ndose 103.097 abortos en 2023.<br \/>\n<\/strong><\/p>\n<p><iframe title=\"Spotify Embed: Marketing del aborto.\" style=\"border-radius: 12px\" width=\"100%\" height=\"152\" frameborder=\"0\" allowfullscreen allow=\"autoplay; clipboard-write; encrypted-media; fullscreen; picture-in-picture\" loading=\"lazy\" src=\"https:\/\/open.spotify.com\/embed\/episode\/6jqums6DUw67SzgBOJLgUM?si=TUSocB8mS5eERI-Tmwdp0w&#038;utm_source=oembed\"><\/iframe><\/p>\n<p class=\"paragraph\" data-mrf-recirculation=\"Enlaces p\u00e1rrafos\">En esta situaci\u00f3n, el grupo de ginec\u00f3logos<strong>\u00a0J\u00e9r\u00f4me Lejeune<\/strong>\u00a0ha pedido\u00a0<b>\u00abtransparencia\u00bb<\/b>\u00a0<strong>e informaci\u00f3n \u00abveraz\u00bb<\/strong>\u00a0despu\u00e9s de que el Ministerio de Igualdad haya asegurado que\u00a0<b>el s\u00edndrome postaborto<\/b><strong>\u00a0no existe al no estar avalado por la ciencia.<\/strong><\/p>\n<p class=\"paragraph\" data-mrf-recirculation=\"Enlaces p\u00e1rrafos\">\u00abConsideramos que la<strong>\u00a0<\/strong><a href=\"https:\/\/www.eldebate.com\/temas\/aborto\/\" target=\"_blank\" rel=\"noopener\" data-mrf-link=\"https:\/\/www.eldebate.com\/temas\/aborto\/\"><strong>interrupci\u00f3n del embarazo<\/strong><\/a>, aun siendo legal en nuestro pa\u00eds, constituye un acto m\u00e9dico de enorme trascendencia que\u00a0<b>conlleva consecuencias<\/b>, y que\u00a0<strong>requiere siempre una informaci\u00f3n veraz, completa y rigurosa sobre sus caracter\u00edsticas y posibles efectos\u00bb<\/strong>, A juicio de estos profesionales, \u00absolo as\u00ed se garantiza que la mujer<strong><a href=\"https:\/\/www.eldebate.com\/sociedad\/20251002\/sindrome-posaborto-trauma-revolucionado-izquierda-tiene-consecuencias-fatales_340140.html\" target=\"_blank\" rel=\"noopener\" data-mrf-link=\"https:\/\/www.eldebate.com\/sociedad\/20251002\/sindrome-posaborto-trauma-revolucionado-izquierda-tiene-consecuencias-fatales_340140.html\">\u00a0pueda tomar decisiones libres<\/a>\u00a0y plenamente consciente<\/strong>s, acompa\u00f1ada en todo momento desde el punto de vista m\u00e9dico y humano\u00bb.<\/p>\n<p><strong>En el video siguiente el Profesor<a href=\"https:\/\/es.wikipedia.org\/wiki\/Miguel_%C3%81ngel_Mart%C3%ADnez-Gonz%C3%A1lez\" target=\"_blank\" rel=\"noopener\">. Miguel \u00c1ngel Mart\u00ednez\u00a0<\/a>expone algunas cuestiones generalmente poco conocidas sobre el aborto,<\/strong><\/p>\n<p><iframe loading=\"lazy\" title=\"Lo que nunca te contaron del aborto. Miguel \u00c1ngel Mart\u00ednez\" width=\"500\" height=\"281\" src=\"https:\/\/www.youtube.com\/embed\/JtOYH6u2Umo?feature=oembed\" frameborder=\"0\" allow=\"accelerometer; autoplay; clipboard-write; encrypted-media; gyroscope; picture-in-picture; web-share\" referrerpolicy=\"strict-origin-when-cross-origin\" allowfullscreen><\/iframe><\/p>\n<p>Cuando cada vez se conocen m\u00e1s datos cient\u00edficos sobre los efectos f\u00edsicos y mentales, el Gobierno de<strong>\u00a0Pedro S\u00e1nchez\u00a0<\/strong>ha lanzado a trav\u00e9s del\u00a0<strong>Ministerio de Sanidad\u00a0<\/strong>una web llamada \u00abQuiero abortar\u00bb destinada a ofrecer informaci\u00f3n y orientaci\u00f3n sobre la interrupci\u00f3n voluntaria del embarazo en Espa\u00f1a. La plataforma, presentada como un recurso oficial,\u00a0<strong>incluye pasos detallados, normativa actualizada y un mapa interactivo con datos de cada comunidad aut\u00f3noma para guiar a las mujeres que quieran acceder a este procedimiento.<\/strong><\/p>\n<p>Seg\u00fan la descripci\u00f3n de la propia p\u00e1gina,<strong>\u00a0el objetivo es acompa\u00f1ar a las usuarias en todo el proceso, desde la consulta inicial hasta la ejecuci\u00f3n de la intervenci\u00f3n<\/strong>, resolviendo preguntas frecuentes como si el aborto es gratuito, qu\u00e9 ocurre en el caso de no tener tarjeta sanitaria, hasta qu\u00e9 semana de gestaci\u00f3n puede realizarse o\u00a0<strong>qu\u00e9 requisitos se aplican a las menores de 16 a\u00f1os.<\/strong><\/p>\n<p><strong>El Gobierno de S\u00e1nchez quiere \u00abblindar\u00bb en la Constituci\u00f3n el aborto, que acaba con la vida de m\u00e1s de 100.000 beb\u00e9s cada a\u00f1o en Espa\u00f1a.<\/strong><\/p>\n<p>La puesta en marcha de esta campa\u00f1a se produce en un momento en el que Espa\u00f1a atraviesa<strong>\u00a0una de las tasas de natalidad m\u00e1s bajas de su historia reciente,<\/strong>\u00a0lo que ha abierto un debate pol\u00edtico y social sobre las prioridades del Ejecutivo en materia de pol\u00edticas de familia, salud reproductiva y apoyo a la maternidad.<\/p>\n<p>Esta campa\u00f1a de Marketing se puede calificar como una\u00a0<strong>estrategia de Marketing de valores y estilos de vida.<\/strong>\u00a0Pretende trasmitir una forma concreta de valorar el aborto para que sea admitida de modo generalizado, por las mujeres, especialmente las j\u00f3venes y que conlleva un estilo de vida, que favorece una sociedad materialista, individualista, las relaciones sexuales sin compromiso, etc.<\/p>\n<p>Adem\u00e1s es reduccionista. Por ejemplo\u00a0<strong>omite las consecuencias f\u00edsicas y\u00a0 mentales en la mujer que ha realizado el aborto, sus caracter\u00edsticas legales y\u00a0 \u00a0sus implicaciones demogr\u00e1ficas.<\/strong><\/p>\n<p>Como se puede comprobar esta estrategia de Marketing del aborto, fomenta una cultura de la muerte en contraposici\u00f3n a la\u00a0<a href=\"https:\/\/www.elconfidencialdigital.com\/articulo\/ideas-cooltura\/cultura-vida\/20250926150929981542.html\" target=\"_blank\" rel=\"noopener\"><strong>cultura de la Vida.<\/strong><\/a>\u00a0 Adem\u00e1s de que se desconoce su coste econ\u00f3mico,\u00a0<strong><a href=\"https:\/\/www.eldebate.com\/sociedad\/20251002\/grupo-ginecologos-corrige-igualdad-alerta-sobre-posibles-consecuencias-aborto_340587.html\" target=\"_blank\" rel=\"noopener\">supone una manipulaci\u00f3n\u00a0<\/a>\u00a0ya que se tergiversa una realidad y se omite informaci\u00f3n de especial relevancia para la salud de las mujeres que abortan.<\/strong><\/p>\n<p><img loading=\"lazy\" decoding=\"async\" class=\"size-full wp-image-139105 alignnone\" src=\"https:\/\/exaudi.org\/wp-content\/uploads\/2025\/10\/Voces-3.jpg\" alt=\"\" width=\"940\" height=\"788\" srcset=\"https:\/\/exaudi.org\/wp-content\/uploads\/2025\/10\/Voces-3.jpg 940w, https:\/\/exaudi.org\/wp-content\/uploads\/2025\/10\/Voces-3-300x251.jpg 300w, https:\/\/exaudi.org\/wp-content\/uploads\/2025\/10\/Voces-3-770x645.jpg 770w, https:\/\/exaudi.org\/wp-content\/uploads\/2025\/10\/Voces-3-500x419.jpg 500w\" sizes=\"auto, (max-width: 940px) 100vw, 940px\" \/><\/p>\n","protected":false},"excerpt":{"rendered":"<p>Datos, impacto y estrategias de comunicaci\u00f3n<\/p>\n","protected":false},"author":157,"featured_media":139101,"comment_status":"closed","ping_status":"closed","sticky":false,"template":"","format":"standard","meta":{"_acf_changed":false,"_crdt_document":"","inline_featured_image":false,"footnotes":""},"categories":[130],"tags":[1121,39762,75744,75741,75738,1120,21738,75747,21133,8184,75739,75740,75732,9688,75748,75737,50689,75746,75731,75734,75736,75743,75745,75735,26313,75733,58880,75742],"class_list":["post-139098","post","type-post","status-publish","format-standard","has-post-thumbnail","hentry","category-voces","tag-aborto","tag-aborto-en-espana","tag-aborto-voluntario","tag-campana-ministerio-de-sanidad","tag-consecuencias-del-aborto","tag-cultura-de-la-muerte","tag-cultura-de-la-vida","tag-debate-politico-aborto","tag-derechos-reproductivos","tag-educacion-sexual","tag-efectos-fisicos-aborto","tag-efectos-mentales-aborto","tag-estadisticas-de-natalidad","tag-estilo-de-vida","tag-impacto-demografico-aborto","tag-informacion-aborto-legal","tag-jose-miguel-ponce","tag-marketing-de-valores","tag-marketing-del-aborto","tag-nacimientos-madres-extranjeras","tag-numero-de-abortos-2023","tag-orientacion-interrupcion-embarazo","tag-politicas-de-familia-espana","tag-saldo-vegetativo-negativo","tag-salud-reproductiva","tag-tasa-de-fecundidad-espana","tag-trending-es-151","tag-web-quiero-abortar"],"acf":[],"yoast_head":"<!-- This site is optimized with the Yoast SEO plugin v27.5 - https:\/\/yoast.com\/product\/yoast-seo-wordpress\/ -->\n<title>Marketing del aborto &#8211; Exaudi<\/title>\n<meta name=\"robots\" content=\"index, follow, max-snippet:-1, max-image-preview:large, max-video-preview:-1\" \/>\n<link rel=\"canonical\" href=\"https:\/\/exaudi.org\/es\/marketing-del-aborto\/\" \/>\n<meta property=\"og:locale\" content=\"es_ES\" \/>\n<meta property=\"og:type\" content=\"article\" \/>\n<meta property=\"og:title\" content=\"Marketing del aborto &#8211; Exaudi\" \/>\n<meta property=\"og:description\" content=\"Datos, impacto y estrategias de comunicaci\u00f3n\" \/>\n<meta property=\"og:url\" content=\"https:\/\/exaudi.org\/es\/marketing-del-aborto\/\" \/>\n<meta property=\"og:site_name\" content=\"Exaudi\" \/>\n<meta property=\"article:publisher\" content=\"https:\/\/www.facebook.com\/ExaudiNews\" \/>\n<meta property=\"article:author\" content=\"https:\/\/marketingyservicios.com\/\" \/>\n<meta property=\"article:published_time\" content=\"2025-10-08T06:00:31+00:00\" \/>\n<meta property=\"og:image\" content=\"https:\/\/exaudi.org\/wp-content\/uploads\/2025\/10\/kelly-sikkema-V106bb1a9BY-unsplash-scaled.jpg\" \/>\n\t<meta property=\"og:image:width\" content=\"2560\" \/>\n\t<meta property=\"og:image:height\" content=\"1696\" \/>\n\t<meta property=\"og:image:type\" content=\"image\/jpeg\" \/>\n<meta name=\"author\" content=\"Marketing y Servicios\" \/>\n<meta name=\"twitter:card\" content=\"summary_large_image\" \/>\n<meta name=\"twitter:creator\" content=\"@mentoring_sev\" \/>\n<meta name=\"twitter:site\" content=\"@Exaudi_News\" \/>\n<meta name=\"twitter:label1\" content=\"Escrito por\" \/>\n\t<meta name=\"twitter:data1\" content=\"Marketing y Servicios\" \/>\n\t<meta name=\"twitter:label2\" content=\"Tiempo de lectura\" \/>\n\t<meta name=\"twitter:data2\" content=\"3 minutos\" \/>\n<script type=\"application\/ld+json\" class=\"yoast-schema-graph\">{\"@context\":\"https:\\\/\\\/schema.org\",\"@graph\":[{\"@type\":\"Article\",\"@id\":\"https:\\\/\\\/exaudi.org\\\/es\\\/marketing-del-aborto\\\/#article\",\"isPartOf\":{\"@id\":\"https:\\\/\\\/exaudi.org\\\/es\\\/marketing-del-aborto\\\/\"},\"author\":{\"name\":\"Marketing y Servicios\",\"@id\":\"https:\\\/\\\/exaudi.org\\\/#\\\/schema\\\/person\\\/0ec39b1037553be7468a8044044a7283\"},\"headline\":\"Marketing del aborto\",\"datePublished\":\"2025-10-08T06:00:31+00:00\",\"mainEntityOfPage\":{\"@id\":\"https:\\\/\\\/exaudi.org\\\/es\\\/marketing-del-aborto\\\/\"},\"wordCount\":642,\"image\":{\"@id\":\"https:\\\/\\\/exaudi.org\\\/es\\\/marketing-del-aborto\\\/#primaryimage\"},\"thumbnailUrl\":\"https:\\\/\\\/exaudi.org\\\/wp-content\\\/uploads\\\/2025\\\/10\\\/kelly-sikkema-V106bb1a9BY-unsplash-scaled.jpg\",\"keywords\":[\"Aborto\",\"aborto en Espa\u00f1a\",\"aborto voluntario\",\"campa\u00f1a Ministerio de Sanidad\",\"consecuencias del aborto\",\"Cultura de la muerte\",\"cultura de la vida\",\"debate pol\u00edtico aborto\",\"derechos reproductivos\",\"Educaci\u00f3n Sexual\",\"efectos f\u00edsicos aborto\",\"efectos mentales aborto\",\"estad\u00edsticas de natalidad\",\"Estilo de vida\",\"impacto demogr\u00e1fico aborto\",\"informaci\u00f3n aborto legal\",\"Jos\u00e9 Miguel Ponce\",\"marketing de valores\",\"Marketing del aborto\",\"nacimientos madres extranjeras\",\"n\u00famero de abortos 2023\",\"orientaci\u00f3n interrupci\u00f3n embarazo\",\"pol\u00edticas de familia Espa\u00f1a\",\"saldo vegetativo negativo\",\"salud reproductiva\",\"tasa de fecundidad Espa\u00f1a\",\"Trending\",\"web quiero abortar\"],\"articleSection\":[\"Voces\"],\"inLanguage\":\"es\"},{\"@type\":\"WebPage\",\"@id\":\"https:\\\/\\\/exaudi.org\\\/es\\\/marketing-del-aborto\\\/\",\"url\":\"https:\\\/\\\/exaudi.org\\\/es\\\/marketing-del-aborto\\\/\",\"name\":\"Marketing del aborto &#8211; Exaudi\",\"isPartOf\":{\"@id\":\"https:\\\/\\\/exaudi.org\\\/#website\"},\"primaryImageOfPage\":{\"@id\":\"https:\\\/\\\/exaudi.org\\\/es\\\/marketing-del-aborto\\\/#primaryimage\"},\"image\":{\"@id\":\"https:\\\/\\\/exaudi.org\\\/es\\\/marketing-del-aborto\\\/#primaryimage\"},\"thumbnailUrl\":\"https:\\\/\\\/exaudi.org\\\/wp-content\\\/uploads\\\/2025\\\/10\\\/kelly-sikkema-V106bb1a9BY-unsplash-scaled.jpg\",\"datePublished\":\"2025-10-08T06:00:31+00:00\",\"author\":{\"@id\":\"https:\\\/\\\/exaudi.org\\\/#\\\/schema\\\/person\\\/0ec39b1037553be7468a8044044a7283\"},\"breadcrumb\":{\"@id\":\"https:\\\/\\\/exaudi.org\\\/es\\\/marketing-del-aborto\\\/#breadcrumb\"},\"inLanguage\":\"es\",\"potentialAction\":[{\"@type\":\"ReadAction\",\"target\":[\"https:\\\/\\\/exaudi.org\\\/es\\\/marketing-del-aborto\\\/\"]}]},{\"@type\":\"ImageObject\",\"inLanguage\":\"es\",\"@id\":\"https:\\\/\\\/exaudi.org\\\/es\\\/marketing-del-aborto\\\/#primaryimage\",\"url\":\"https:\\\/\\\/exaudi.org\\\/wp-content\\\/uploads\\\/2025\\\/10\\\/kelly-sikkema-V106bb1a9BY-unsplash-scaled.jpg\",\"contentUrl\":\"https:\\\/\\\/exaudi.org\\\/wp-content\\\/uploads\\\/2025\\\/10\\\/kelly-sikkema-V106bb1a9BY-unsplash-scaled.jpg\",\"width\":2560,\"height\":1696,\"caption\":\"Kelly Sikkema . Unsplash\"},{\"@type\":\"BreadcrumbList\",\"@id\":\"https:\\\/\\\/exaudi.org\\\/es\\\/marketing-del-aborto\\\/#breadcrumb\",\"itemListElement\":[{\"@type\":\"ListItem\",\"position\":1,\"name\":\"Portada\",\"item\":\"https:\\\/\\\/exaudi.org\\\/es\\\/\"},{\"@type\":\"ListItem\",\"position\":2,\"name\":\"Marketing del aborto\"}]},{\"@type\":\"WebSite\",\"@id\":\"https:\\\/\\\/exaudi.org\\\/#website\",\"url\":\"https:\\\/\\\/exaudi.org\\\/\",\"name\":\"Exaudi\",\"description\":\"News\",\"potentialAction\":[{\"@type\":\"SearchAction\",\"target\":{\"@type\":\"EntryPoint\",\"urlTemplate\":\"https:\\\/\\\/exaudi.org\\\/?s={search_term_string}\"},\"query-input\":{\"@type\":\"PropertyValueSpecification\",\"valueRequired\":true,\"valueName\":\"search_term_string\"}}],\"inLanguage\":\"es\"},{\"@type\":\"Person\",\"@id\":\"https:\\\/\\\/exaudi.org\\\/#\\\/schema\\\/person\\\/0ec39b1037553be7468a8044044a7283\",\"name\":\"Marketing y Servicios\",\"image\":{\"@type\":\"ImageObject\",\"inLanguage\":\"es\",\"@id\":\"https:\\\/\\\/secure.gravatar.com\\\/avatar\\\/887d69b0afc81051391a1aa8022a59db22c5ad6f2eecb945ce1b0d0613c61b5f?s=96&d=mm&r=g\",\"url\":\"https:\\\/\\\/secure.gravatar.com\\\/avatar\\\/887d69b0afc81051391a1aa8022a59db22c5ad6f2eecb945ce1b0d0613c61b5f?s=96&d=mm&r=g\",\"contentUrl\":\"https:\\\/\\\/secure.gravatar.com\\\/avatar\\\/887d69b0afc81051391a1aa8022a59db22c5ad6f2eecb945ce1b0d0613c61b5f?s=96&d=mm&r=g\",\"caption\":\"Marketing y Servicios\"},\"description\":\"Ideas para mejorar el mundo . Director: Jos\u00e9 Miguel Ponce . Profesor universitario e investigador en Marketing y Gesti\u00f3n de Servicios, con experiencia en cinco universidades p\u00fablicas y privadas. Sevillano de origen, ha vivido en varias ciudades de Espa\u00f1a y actualmente reside en Sevilla. Apasionado por la educaci\u00f3n, la comunicaci\u00f3n y las relaciones humanas, considera la amistad y la empat\u00eda clave en su vida y ense\u00f1anza. Ha publicado investigaciones sobre Marketing, Calidad de Servicio y organizaciones sin \u00e1nimo de lucro. Humanista y optimista, promueve el agradecimiento y la coherencia como valores fundamentales.\",\"sameAs\":[\"https:\\\/\\\/marketingyservicios.com\\\/\",\"https:\\\/\\\/www.instagram.com\\\/mentoringsevilla\\\/\",\"https:\\\/\\\/www.linkedin.com\\\/company\\\/marketing-y-servicios\\\/\",\"https:\\\/\\\/x.com\\\/mentoring_sev\",\"https:\\\/\\\/www.youtube.com\\\/@marketingyservicios649\"],\"url\":\"https:\\\/\\\/exaudi.org\\\/es\\\/author\\\/jose-miguel-ponce\\\/\"}]}<\/script>\n<!-- \/ Yoast SEO plugin. -->","yoast_head_json":{"title":"Marketing del aborto &#8211; Exaudi","robots":{"index":"index","follow":"follow","max-snippet":"max-snippet:-1","max-image-preview":"max-image-preview:large","max-video-preview":"max-video-preview:-1"},"canonical":"https:\/\/exaudi.org\/es\/marketing-del-aborto\/","og_locale":"es_ES","og_type":"article","og_title":"Marketing del aborto &#8211; Exaudi","og_description":"Datos, impacto y estrategias de comunicaci\u00f3n","og_url":"https:\/\/exaudi.org\/es\/marketing-del-aborto\/","og_site_name":"Exaudi","article_publisher":"https:\/\/www.facebook.com\/ExaudiNews","article_author":"https:\/\/marketingyservicios.com\/","article_published_time":"2025-10-08T06:00:31+00:00","og_image":[{"width":2560,"height":1696,"url":"https:\/\/exaudi.org\/wp-content\/uploads\/2025\/10\/kelly-sikkema-V106bb1a9BY-unsplash-scaled.jpg","type":"image\/jpeg"}],"author":"Marketing y Servicios","twitter_card":"summary_large_image","twitter_creator":"@mentoring_sev","twitter_site":"@Exaudi_News","twitter_misc":{"Escrito por":"Marketing y Servicios","Tiempo de lectura":"3 minutos"},"schema":{"@context":"https:\/\/schema.org","@graph":[{"@type":"Article","@id":"https:\/\/exaudi.org\/es\/marketing-del-aborto\/#article","isPartOf":{"@id":"https:\/\/exaudi.org\/es\/marketing-del-aborto\/"},"author":{"name":"Marketing y Servicios","@id":"https:\/\/exaudi.org\/#\/schema\/person\/0ec39b1037553be7468a8044044a7283"},"headline":"Marketing del aborto","datePublished":"2025-10-08T06:00:31+00:00","mainEntityOfPage":{"@id":"https:\/\/exaudi.org\/es\/marketing-del-aborto\/"},"wordCount":642,"image":{"@id":"https:\/\/exaudi.org\/es\/marketing-del-aborto\/#primaryimage"},"thumbnailUrl":"https:\/\/exaudi.org\/wp-content\/uploads\/2025\/10\/kelly-sikkema-V106bb1a9BY-unsplash-scaled.jpg","keywords":["Aborto","aborto en Espa\u00f1a","aborto voluntario","campa\u00f1a Ministerio de Sanidad","consecuencias del aborto","Cultura de la muerte","cultura de la vida","debate pol\u00edtico aborto","derechos reproductivos","Educaci\u00f3n Sexual","efectos f\u00edsicos aborto","efectos mentales aborto","estad\u00edsticas de natalidad","Estilo de vida","impacto demogr\u00e1fico aborto","informaci\u00f3n aborto legal","Jos\u00e9 Miguel Ponce","marketing de valores","Marketing del aborto","nacimientos madres extranjeras","n\u00famero de abortos 2023","orientaci\u00f3n interrupci\u00f3n embarazo","pol\u00edticas de familia Espa\u00f1a","saldo vegetativo negativo","salud reproductiva","tasa de fecundidad Espa\u00f1a","Trending","web quiero abortar"],"articleSection":["Voces"],"inLanguage":"es"},{"@type":"WebPage","@id":"https:\/\/exaudi.org\/es\/marketing-del-aborto\/","url":"https:\/\/exaudi.org\/es\/marketing-del-aborto\/","name":"Marketing del aborto &#8211; Exaudi","isPartOf":{"@id":"https:\/\/exaudi.org\/#website"},"primaryImageOfPage":{"@id":"https:\/\/exaudi.org\/es\/marketing-del-aborto\/#primaryimage"},"image":{"@id":"https:\/\/exaudi.org\/es\/marketing-del-aborto\/#primaryimage"},"thumbnailUrl":"https:\/\/exaudi.org\/wp-content\/uploads\/2025\/10\/kelly-sikkema-V106bb1a9BY-unsplash-scaled.jpg","datePublished":"2025-10-08T06:00:31+00:00","author":{"@id":"https:\/\/exaudi.org\/#\/schema\/person\/0ec39b1037553be7468a8044044a7283"},"breadcrumb":{"@id":"https:\/\/exaudi.org\/es\/marketing-del-aborto\/#breadcrumb"},"inLanguage":"es","potentialAction":[{"@type":"ReadAction","target":["https:\/\/exaudi.org\/es\/marketing-del-aborto\/"]}]},{"@type":"ImageObject","inLanguage":"es","@id":"https:\/\/exaudi.org\/es\/marketing-del-aborto\/#primaryimage","url":"https:\/\/exaudi.org\/wp-content\/uploads\/2025\/10\/kelly-sikkema-V106bb1a9BY-unsplash-scaled.jpg","contentUrl":"https:\/\/exaudi.org\/wp-content\/uploads\/2025\/10\/kelly-sikkema-V106bb1a9BY-unsplash-scaled.jpg","width":2560,"height":1696,"caption":"Kelly Sikkema . Unsplash"},{"@type":"BreadcrumbList","@id":"https:\/\/exaudi.org\/es\/marketing-del-aborto\/#breadcrumb","itemListElement":[{"@type":"ListItem","position":1,"name":"Portada","item":"https:\/\/exaudi.org\/es\/"},{"@type":"ListItem","position":2,"name":"Marketing del aborto"}]},{"@type":"WebSite","@id":"https:\/\/exaudi.org\/#website","url":"https:\/\/exaudi.org\/","name":"Exaudi","description":"News","potentialAction":[{"@type":"SearchAction","target":{"@type":"EntryPoint","urlTemplate":"https:\/\/exaudi.org\/?s={search_term_string}"},"query-input":{"@type":"PropertyValueSpecification","valueRequired":true,"valueName":"search_term_string"}}],"inLanguage":"es"},{"@type":"Person","@id":"https:\/\/exaudi.org\/#\/schema\/person\/0ec39b1037553be7468a8044044a7283","name":"Marketing y Servicios","image":{"@type":"ImageObject","inLanguage":"es","@id":"https:\/\/secure.gravatar.com\/avatar\/887d69b0afc81051391a1aa8022a59db22c5ad6f2eecb945ce1b0d0613c61b5f?s=96&d=mm&r=g","url":"https:\/\/secure.gravatar.com\/avatar\/887d69b0afc81051391a1aa8022a59db22c5ad6f2eecb945ce1b0d0613c61b5f?s=96&d=mm&r=g","contentUrl":"https:\/\/secure.gravatar.com\/avatar\/887d69b0afc81051391a1aa8022a59db22c5ad6f2eecb945ce1b0d0613c61b5f?s=96&d=mm&r=g","caption":"Marketing y Servicios"},"description":"Ideas para mejorar el mundo . Director: Jos\u00e9 Miguel Ponce . Profesor universitario e investigador en Marketing y Gesti\u00f3n de Servicios, con experiencia en cinco universidades p\u00fablicas y privadas. Sevillano de origen, ha vivido en varias ciudades de Espa\u00f1a y actualmente reside en Sevilla. Apasionado por la educaci\u00f3n, la comunicaci\u00f3n y las relaciones humanas, considera la amistad y la empat\u00eda clave en su vida y ense\u00f1anza. Ha publicado investigaciones sobre Marketing, Calidad de Servicio y organizaciones sin \u00e1nimo de lucro. Humanista y optimista, promueve el agradecimiento y la coherencia como valores fundamentales.","sameAs":["https:\/\/marketingyservicios.com\/","https:\/\/www.instagram.com\/mentoringsevilla\/","https:\/\/www.linkedin.com\/company\/marketing-y-servicios\/","https:\/\/x.com\/mentoring_sev","https:\/\/www.youtube.com\/@marketingyservicios649"],"url":"https:\/\/exaudi.org\/es\/author\/jose-miguel-ponce\/"}]}},"jetpack_featured_media_url":"https:\/\/exaudi.org\/wp-content\/uploads\/2025\/10\/kelly-sikkema-V106bb1a9BY-unsplash-scaled.jpg","jetpack_shortlink":"https:\/\/wp.me\/pgKjF2-Abw","_links":{"self":[{"href":"https:\/\/exaudi.org\/es\/wp-json\/wp\/v2\/posts\/139098","targetHints":{"allow":["GET"]}}],"collection":[{"href":"https:\/\/exaudi.org\/es\/wp-json\/wp\/v2\/posts"}],"about":[{"href":"https:\/\/exaudi.org\/es\/wp-json\/wp\/v2\/types\/post"}],"author":[{"embeddable":true,"href":"https:\/\/exaudi.org\/es\/wp-json\/wp\/v2\/users\/157"}],"replies":[{"embeddable":true,"href":"https:\/\/exaudi.org\/es\/wp-json\/wp\/v2\/comments?post=139098"}],"version-history":[{"count":5,"href":"https:\/\/exaudi.org\/es\/wp-json\/wp\/v2\/posts\/139098\/revisions"}],"predecessor-version":[{"id":139258,"href":"https:\/\/exaudi.org\/es\/wp-json\/wp\/v2\/posts\/139098\/revisions\/139258"}],"wp:featuredmedia":[{"embeddable":true,"href":"https:\/\/exaudi.org\/es\/wp-json\/wp\/v2\/media\/139101"}],"wp:attachment":[{"href":"https:\/\/exaudi.org\/es\/wp-json\/wp\/v2\/media?parent=139098"}],"wp:term":[{"taxonomy":"category","embeddable":true,"href":"https:\/\/exaudi.org\/es\/wp-json\/wp\/v2\/categories?post=139098"},{"taxonomy":"post_tag","embeddable":true,"href":"https:\/\/exaudi.org\/es\/wp-json\/wp\/v2\/tags?post=139098"}],"curies":[{"name":"wp","href":"https:\/\/api.w.org\/{rel}","templated":true}]}}