{"id":138829,"date":"2025-10-04T12:49:38","date_gmt":"2025-10-04T10:49:38","guid":{"rendered":"https:\/\/exaudi.org\/?p=138829"},"modified":"2025-10-04T12:53:04","modified_gmt":"2025-10-04T10:53:04","slug":"el-papa-leon-xiv-llama-a-los-jovenes-y-a-la-iglesia-a-servir-al-reino-de-dios","status":"publish","type":"post","link":"https:\/\/exaudi.org\/es\/el-papa-leon-xiv-llama-a-los-jovenes-y-a-la-iglesia-a-servir-al-reino-de-dios\/","title":{"rendered":"El Papa Le\u00f3n XIV llama a los j\u00f3venes y a la Iglesia a servir al Reino de Dios"},"content":{"rendered":"<p>En la ma\u00f1ana del 4 de octubre de 2025, el Papa Le\u00f3n XIV presidi\u00f3 una emotiva audiencia jubilar en la Plaza de San Pedro, donde convoc\u00f3 a los j\u00f3venes y a toda la Iglesia a renovar su compromiso con el Reino de Dios. Ante miles de peregrinos, el Pont\u00edfice destac\u00f3 la importancia de una elecci\u00f3n consciente y radical del Evangelio como estilo de vida, citando las palabras de Jes\u00fas: \u201cNing\u00fan servidor puede servir a dos se\u00f1ores\u201d (Lc 16,13-14).<\/p>\n<p>El Papa record\u00f3 el ejemplo de Santa Clara de As\u00eds, quien, en su juventud, eligi\u00f3 la pobreza evang\u00e9lica y la vida de las Bienaventuranzas por encima de las riquezas y comodidades del mundo. \u201cQuien no elige, desespera\u201d, afirm\u00f3 Le\u00f3n XIV, subrayando que la opci\u00f3n por Cristo implica una decisi\u00f3n activa y transformadora.<\/p>\n<p>Asimismo, el Santo Padre reflexion\u00f3 sobre el significado de la esperanza en tiempos de incertidumbre, se\u00f1alando que \u201cesperar es elegir\u201d. Esta elecci\u00f3n, explic\u00f3, no es pasiva, sino una respuesta activa a la llamada de Dios, que invita a cada persona a comprometerse con la justicia, la paz y la fraternidad.<\/p>\n<p><img loading=\"lazy\" decoding=\"async\" class=\"size-full wp-image-138838 alignnone\" src=\"https:\/\/exaudi.org\/wp-content\/uploads\/2025\/10\/cq5dam.thumbnail.cropped.500.281-10.jpeg\" alt=\"\" width=\"500\" height=\"281\" srcset=\"https:\/\/exaudi.org\/wp-content\/uploads\/2025\/10\/cq5dam.thumbnail.cropped.500.281-10.jpeg 500w, https:\/\/exaudi.org\/wp-content\/uploads\/2025\/10\/cq5dam.thumbnail.cropped.500.281-10-300x169.jpeg 300w\" sizes=\"auto, (max-width: 500px) 100vw, 500px\" \/><\/p>\n<p>En un contexto global marcado por la desigualdad y la injusticia, el Papa inst\u00f3 a los fieles a optar por un estilo de vida que refleje los valores del Evangelio, recordando que el Jubileo ofrece una oportunidad para una \u201cdistribuci\u00f3n diferente de la riqueza\u201d y para que \u201cla tierra sea de todos\u201d.<\/p>\n<p>La audiencia concluy\u00f3 con una oraci\u00f3n por los j\u00f3venes, pidiendo que sigan el ejemplo de Santa Clara y se conviertan en instrumentos de paz y esperanza en el mundo. El Papa tambi\u00e9n expres\u00f3 su alegr\u00eda por la elecci\u00f3n de Clara, destacando que su decisi\u00f3n perdura hasta hoy como testimonio de fe y valent\u00eda.<\/p>\n<p>Este mensaje se enmarca en el contexto del Jubileo 2025, un a\u00f1o dedicado a la reflexi\u00f3n y renovaci\u00f3n espiritual, en el que la Iglesia invita a todos los fieles a profundizar en su compromiso con el Evangelio y a vivir de manera coherente con los valores del Reino de Dios.<\/p>\n<p><img loading=\"lazy\" decoding=\"async\" class=\"size-full wp-image-138853 alignnone\" src=\"https:\/\/exaudi.org\/wp-content\/uploads\/2025\/10\/cq5dam.thumbnail.cropped.500.281-4.jpeg\" alt=\"\" width=\"500\" height=\"281\" srcset=\"https:\/\/exaudi.org\/wp-content\/uploads\/2025\/10\/cq5dam.thumbnail.cropped.500.281-4.jpeg 500w, https:\/\/exaudi.org\/wp-content\/uploads\/2025\/10\/cq5dam.thumbnail.cropped.500.281-4-300x169.jpeg 300w\" sizes=\"auto, (max-width: 500px) 100vw, 500px\" \/><\/p>\n<p>La reflexi\u00f3n del Papa Le\u00f3n XIV sobre la vida de Santa Clara de As\u00eds ofrece una invitaci\u00f3n a cada cristiano a revisar sus propias elecciones y a vivir con autenticidad y valent\u00eda, siguiendo el ejemplo de aquellos que, como Clara, eligieron servir al Reino de Dios por encima de todo.<\/p>\n","protected":false},"excerpt":{"rendered":"<p>En la audiencia jubilar del 4 de octubre, el Pont\u00edfice reflexiona sobre la elecci\u00f3n radical de Santa Clara de As\u00eds y su relevancia para los cristianos de hoy<\/p>\n","protected":false},"author":15,"featured_media":138847,"comment_status":"closed","ping_status":"closed","sticky":false,"template":"","format":"standard","meta":{"_acf_changed":false,"_crdt_document":"","inline_featured_image":false,"footnotes":""},"categories":[116,68],"tags":[40255,4743,27268,75576,45176,624,1372,3164,34920,240,440,23045,1855,5856,3997,58067,16857,58111,625,43527,14709,30727,3608,48737,850,25950,15380],"class_list":["post-138829","post","type-post","status-publish","format-standard","has-post-thumbnail","hentry","category-encuentros","category-leon-xiv","tag-audiencia-jubilar","tag-bienaventuranzas","tag-compromiso-cristiano","tag-eleccion-radical","tag-ensenanza-papal","tag-esperanza","tag-evangelio","tag-fe-es","tag-featured-es-14","tag-fraternidad","tag-iglesia","tag-inspiracion-religiosa","tag-jovenes","tag-jubileo-2025","tag-justicia","tag-leon-xiv","tag-llamado-de-dios","tag-papa-leon-xiv","tag-paz","tag-pobreza-evangelica","tag-reino-de-dios","tag-renovacion-espiritual","tag-santa-clara-de-asis","tag-servicio-al-projimo","tag-testimonio-de-fe","tag-valores-del-evangelio","tag-vida-espiritual"],"acf":[],"yoast_head":"<!-- This site is optimized with the Yoast SEO plugin v27.5 - https:\/\/yoast.com\/product\/yoast-seo-wordpress\/ -->\n<title>El Papa Le\u00f3n XIV llama a los j\u00f3venes y a la Iglesia a servir al Reino de Dios &#8211; Exaudi<\/title>\n<meta name=\"robots\" content=\"index, follow, max-snippet:-1, max-image-preview:large, max-video-preview:-1\" \/>\n<link rel=\"canonical\" href=\"https:\/\/exaudi.org\/es\/el-papa-leon-xiv-llama-a-los-jovenes-y-a-la-iglesia-a-servir-al-reino-de-dios\/\" \/>\n<meta property=\"og:locale\" content=\"es_ES\" \/>\n<meta property=\"og:type\" content=\"article\" \/>\n<meta property=\"og:title\" content=\"El Papa Le\u00f3n XIV llama a los j\u00f3venes y a la Iglesia a servir al Reino de Dios &#8211; Exaudi\" \/>\n<meta property=\"og:description\" content=\"En la audiencia jubilar del 4 de octubre, el Pont\u00edfice reflexiona sobre la elecci\u00f3n radical de Santa Clara de As\u00eds y su relevancia para los cristianos de hoy\" \/>\n<meta property=\"og:url\" content=\"https:\/\/exaudi.org\/es\/el-papa-leon-xiv-llama-a-los-jovenes-y-a-la-iglesia-a-servir-al-reino-de-dios\/\" \/>\n<meta property=\"og:site_name\" content=\"Exaudi\" \/>\n<meta property=\"article:publisher\" content=\"https:\/\/www.facebook.com\/ExaudiNews\" \/>\n<meta property=\"article:author\" content=\"https:\/\/www.facebook.com\/ExaudiNoticias\/\" \/>\n<meta property=\"article:published_time\" content=\"2025-10-04T10:49:38+00:00\" \/>\n<meta property=\"article:modified_time\" content=\"2025-10-04T10:53:04+00:00\" \/>\n<meta property=\"og:image\" content=\"https:\/\/exaudi.org\/wp-content\/uploads\/2025\/10\/cq5dam.thumbnail.cropped.500.281-7.jpeg\" \/>\n\t<meta property=\"og:image:width\" content=\"500\" \/>\n\t<meta property=\"og:image:height\" content=\"281\" \/>\n\t<meta property=\"og:image:type\" content=\"image\/jpeg\" \/>\n<meta name=\"author\" content=\"Exaudi Redacci\u00f3n\" \/>\n<meta name=\"twitter:card\" content=\"summary_large_image\" \/>\n<meta name=\"twitter:creator\" content=\"@Exaudi_noticias\" \/>\n<meta name=\"twitter:site\" content=\"@Exaudi_News\" \/>\n<meta name=\"twitter:label1\" content=\"Escrito por\" \/>\n\t<meta name=\"twitter:data1\" content=\"Exaudi Redacci\u00f3n\" \/>\n\t<meta name=\"twitter:label2\" content=\"Tiempo de lectura\" \/>\n\t<meta name=\"twitter:data2\" content=\"2 minutos\" \/>\n<script type=\"application\/ld+json\" class=\"yoast-schema-graph\">{\"@context\":\"https:\\\/\\\/schema.org\",\"@graph\":[{\"@type\":\"Article\",\"@id\":\"https:\\\/\\\/exaudi.org\\\/es\\\/el-papa-leon-xiv-llama-a-los-jovenes-y-a-la-iglesia-a-servir-al-reino-de-dios\\\/#article\",\"isPartOf\":{\"@id\":\"https:\\\/\\\/exaudi.org\\\/es\\\/el-papa-leon-xiv-llama-a-los-jovenes-y-a-la-iglesia-a-servir-al-reino-de-dios\\\/\"},\"author\":{\"name\":\"Exaudi Redacci\u00f3n\",\"@id\":\"https:\\\/\\\/exaudi.org\\\/#\\\/schema\\\/person\\\/f5fc8f063065e38742da7afe15f25df7\"},\"headline\":\"El Papa Le\u00f3n XIV llama a los j\u00f3venes y a la Iglesia a servir al Reino de Dios\",\"datePublished\":\"2025-10-04T10:49:38+00:00\",\"dateModified\":\"2025-10-04T10:53:04+00:00\",\"mainEntityOfPage\":{\"@id\":\"https:\\\/\\\/exaudi.org\\\/es\\\/el-papa-leon-xiv-llama-a-los-jovenes-y-a-la-iglesia-a-servir-al-reino-de-dios\\\/\"},\"wordCount\":433,\"image\":{\"@id\":\"https:\\\/\\\/exaudi.org\\\/es\\\/el-papa-leon-xiv-llama-a-los-jovenes-y-a-la-iglesia-a-servir-al-reino-de-dios\\\/#primaryimage\"},\"thumbnailUrl\":\"https:\\\/\\\/exaudi.org\\\/wp-content\\\/uploads\\\/2025\\\/10\\\/cq5dam.thumbnail.cropped.500.281-7.jpeg\",\"keywords\":[\"Audiencia Jubilar\",\"Bienaventuranzas\",\"compromiso cristiano\",\"elecci\u00f3n radical\",\"ense\u00f1anza papal\",\"Esperanza\",\"Evangelio\",\"fe\",\"Featured\",\"fraternidad\",\"Iglesia\",\"inspiraci\u00f3n religiosa\",\"J\u00f3venes\",\"Jubileo 2025\",\"Justicia\",\"Le\u00f3n XIV\",\"llamado de Dios\",\"papa le\u00f3n xiv\",\"Paz\",\"pobreza evang\u00e9lica\",\"Reino de Dios\",\"renovaci\u00f3n espiritual\",\"Santa Clara de As\u00eds\",\"servicio al pr\u00f3jimo\",\"Testimonio de fe\",\"valores del Evangelio\",\"Vida espiritual\"],\"articleSection\":[\"Encuentros\",\"Le\u00f3n XIV\"],\"inLanguage\":\"es\"},{\"@type\":\"WebPage\",\"@id\":\"https:\\\/\\\/exaudi.org\\\/es\\\/el-papa-leon-xiv-llama-a-los-jovenes-y-a-la-iglesia-a-servir-al-reino-de-dios\\\/\",\"url\":\"https:\\\/\\\/exaudi.org\\\/es\\\/el-papa-leon-xiv-llama-a-los-jovenes-y-a-la-iglesia-a-servir-al-reino-de-dios\\\/\",\"name\":\"El Papa Le\u00f3n XIV llama a los j\u00f3venes y a la Iglesia a servir al Reino de Dios &#8211; Exaudi\",\"isPartOf\":{\"@id\":\"https:\\\/\\\/exaudi.org\\\/#website\"},\"primaryImageOfPage\":{\"@id\":\"https:\\\/\\\/exaudi.org\\\/es\\\/el-papa-leon-xiv-llama-a-los-jovenes-y-a-la-iglesia-a-servir-al-reino-de-dios\\\/#primaryimage\"},\"image\":{\"@id\":\"https:\\\/\\\/exaudi.org\\\/es\\\/el-papa-leon-xiv-llama-a-los-jovenes-y-a-la-iglesia-a-servir-al-reino-de-dios\\\/#primaryimage\"},\"thumbnailUrl\":\"https:\\\/\\\/exaudi.org\\\/wp-content\\\/uploads\\\/2025\\\/10\\\/cq5dam.thumbnail.cropped.500.281-7.jpeg\",\"datePublished\":\"2025-10-04T10:49:38+00:00\",\"dateModified\":\"2025-10-04T10:53:04+00:00\",\"author\":{\"@id\":\"https:\\\/\\\/exaudi.org\\\/#\\\/schema\\\/person\\\/f5fc8f063065e38742da7afe15f25df7\"},\"breadcrumb\":{\"@id\":\"https:\\\/\\\/exaudi.org\\\/es\\\/el-papa-leon-xiv-llama-a-los-jovenes-y-a-la-iglesia-a-servir-al-reino-de-dios\\\/#breadcrumb\"},\"inLanguage\":\"es\",\"potentialAction\":[{\"@type\":\"ReadAction\",\"target\":[\"https:\\\/\\\/exaudi.org\\\/es\\\/el-papa-leon-xiv-llama-a-los-jovenes-y-a-la-iglesia-a-servir-al-reino-de-dios\\\/\"]}]},{\"@type\":\"ImageObject\",\"inLanguage\":\"es\",\"@id\":\"https:\\\/\\\/exaudi.org\\\/es\\\/el-papa-leon-xiv-llama-a-los-jovenes-y-a-la-iglesia-a-servir-al-reino-de-dios\\\/#primaryimage\",\"url\":\"https:\\\/\\\/exaudi.org\\\/wp-content\\\/uploads\\\/2025\\\/10\\\/cq5dam.thumbnail.cropped.500.281-7.jpeg\",\"contentUrl\":\"https:\\\/\\\/exaudi.org\\\/wp-content\\\/uploads\\\/2025\\\/10\\\/cq5dam.thumbnail.cropped.500.281-7.jpeg\",\"width\":500,\"height\":281},{\"@type\":\"BreadcrumbList\",\"@id\":\"https:\\\/\\\/exaudi.org\\\/es\\\/el-papa-leon-xiv-llama-a-los-jovenes-y-a-la-iglesia-a-servir-al-reino-de-dios\\\/#breadcrumb\",\"itemListElement\":[{\"@type\":\"ListItem\",\"position\":1,\"name\":\"Portada\",\"item\":\"https:\\\/\\\/exaudi.org\\\/es\\\/\"},{\"@type\":\"ListItem\",\"position\":2,\"name\":\"El Papa Le\u00f3n XIV llama a los j\u00f3venes y a la Iglesia a servir al Reino de Dios\"}]},{\"@type\":\"WebSite\",\"@id\":\"https:\\\/\\\/exaudi.org\\\/#website\",\"url\":\"https:\\\/\\\/exaudi.org\\\/\",\"name\":\"Exaudi\",\"description\":\"News\",\"potentialAction\":[{\"@type\":\"SearchAction\",\"target\":{\"@type\":\"EntryPoint\",\"urlTemplate\":\"https:\\\/\\\/exaudi.org\\\/?s={search_term_string}\"},\"query-input\":{\"@type\":\"PropertyValueSpecification\",\"valueRequired\":true,\"valueName\":\"search_term_string\"}}],\"inLanguage\":\"es\"},{\"@type\":\"Person\",\"@id\":\"https:\\\/\\\/exaudi.org\\\/#\\\/schema\\\/person\\\/f5fc8f063065e38742da7afe15f25df7\",\"name\":\"Exaudi Redacci\u00f3n\",\"image\":{\"@type\":\"ImageObject\",\"inLanguage\":\"es\",\"@id\":\"https:\\\/\\\/secure.gravatar.com\\\/avatar\\\/fe0f6a059fb68d9b3e11bc5850dd4899b1c7492091a3cb6dd9b01b56ad828be2?s=96&d=mm&r=g\",\"url\":\"https:\\\/\\\/secure.gravatar.com\\\/avatar\\\/fe0f6a059fb68d9b3e11bc5850dd4899b1c7492091a3cb6dd9b01b56ad828be2?s=96&d=mm&r=g\",\"contentUrl\":\"https:\\\/\\\/secure.gravatar.com\\\/avatar\\\/fe0f6a059fb68d9b3e11bc5850dd4899b1c7492091a3cb6dd9b01b56ad828be2?s=96&d=mm&r=g\",\"caption\":\"Exaudi Redacci\u00f3n\"},\"description\":\"\u00bfQu\u00e9 es Exaudi News? Exaudi News es un medio de comunicaci\u00f3n cat\u00f3lico internacional que informa, forma y transforma, diariamente en espa\u00f1ol, ingl\u00e9s e italiano. A trav\u00e9s de noticias, art\u00edculos de an\u00e1lisis y transmisiones en directo de los eventos del Papa, Exaudi busca fortalecer la unidad de los cristianos y contribuir a la evangelizaci\u00f3n del mundo, siempre guiados por la doctrina social de la Iglesia. Trabajamos para acercar la verdad y los valores cristianos a cada rinc\u00f3n del planeta. \u00a1Ay\u00fadanos a transformar el mundo con Exaudi! En Exaudi creemos que la evangelizaci\u00f3n y la informaci\u00f3n de calidad pueden cambiar vidas. Para continuar con nuestra misi\u00f3n y expandir nuestro alcance, necesitamos tu ayuda. Adem\u00e1s, buscamos personas comprometidas que deseen unirse a nuestro equipo. Con tu apoyo, lograremos llegar a m\u00e1s personas, difundir el mensaje de Cristo y reforzar la unidad de los cristianos. \u00bfTe unes a nuestra misi\u00f3n? Para m\u00e1s informaci\u00f3n sobre c\u00f3mo colaborar, visita Exaudi.org\\\/es o cont\u00e1ctanos directamente: info@exaudi.org Exaudi: Informa, forma y transforma.\",\"sameAs\":[\"https:\\\/\\\/www.facebook.com\\\/ExaudiNoticias\\\/\",\"https:\\\/\\\/www.instagram.com\\\/exaudi_noticias\\\/\",\"https:\\\/\\\/x.com\\\/Exaudi_noticias\",\"https:\\\/\\\/www.youtube.com\\\/@exaudicatholicnews\"],\"url\":\"https:\\\/\\\/exaudi.org\\\/es\\\/author\\\/redaccionexaudi\\\/\"}]}<\/script>\n<!-- \/ Yoast SEO plugin. -->","yoast_head_json":{"title":"El Papa Le\u00f3n XIV llama a los j\u00f3venes y a la Iglesia a servir al Reino de Dios &#8211; Exaudi","robots":{"index":"index","follow":"follow","max-snippet":"max-snippet:-1","max-image-preview":"max-image-preview:large","max-video-preview":"max-video-preview:-1"},"canonical":"https:\/\/exaudi.org\/es\/el-papa-leon-xiv-llama-a-los-jovenes-y-a-la-iglesia-a-servir-al-reino-de-dios\/","og_locale":"es_ES","og_type":"article","og_title":"El Papa Le\u00f3n XIV llama a los j\u00f3venes y a la Iglesia a servir al Reino de Dios &#8211; Exaudi","og_description":"En la audiencia jubilar del 4 de octubre, el Pont\u00edfice reflexiona sobre la elecci\u00f3n radical de Santa Clara de As\u00eds y su relevancia para los cristianos de hoy","og_url":"https:\/\/exaudi.org\/es\/el-papa-leon-xiv-llama-a-los-jovenes-y-a-la-iglesia-a-servir-al-reino-de-dios\/","og_site_name":"Exaudi","article_publisher":"https:\/\/www.facebook.com\/ExaudiNews","article_author":"https:\/\/www.facebook.com\/ExaudiNoticias\/","article_published_time":"2025-10-04T10:49:38+00:00","article_modified_time":"2025-10-04T10:53:04+00:00","og_image":[{"width":500,"height":281,"url":"https:\/\/exaudi.org\/wp-content\/uploads\/2025\/10\/cq5dam.thumbnail.cropped.500.281-7.jpeg","type":"image\/jpeg"}],"author":"Exaudi Redacci\u00f3n","twitter_card":"summary_large_image","twitter_creator":"@Exaudi_noticias","twitter_site":"@Exaudi_News","twitter_misc":{"Escrito por":"Exaudi Redacci\u00f3n","Tiempo de lectura":"2 minutos"},"schema":{"@context":"https:\/\/schema.org","@graph":[{"@type":"Article","@id":"https:\/\/exaudi.org\/es\/el-papa-leon-xiv-llama-a-los-jovenes-y-a-la-iglesia-a-servir-al-reino-de-dios\/#article","isPartOf":{"@id":"https:\/\/exaudi.org\/es\/el-papa-leon-xiv-llama-a-los-jovenes-y-a-la-iglesia-a-servir-al-reino-de-dios\/"},"author":{"name":"Exaudi Redacci\u00f3n","@id":"https:\/\/exaudi.org\/#\/schema\/person\/f5fc8f063065e38742da7afe15f25df7"},"headline":"El Papa Le\u00f3n XIV llama a los j\u00f3venes y a la Iglesia a servir al Reino de Dios","datePublished":"2025-10-04T10:49:38+00:00","dateModified":"2025-10-04T10:53:04+00:00","mainEntityOfPage":{"@id":"https:\/\/exaudi.org\/es\/el-papa-leon-xiv-llama-a-los-jovenes-y-a-la-iglesia-a-servir-al-reino-de-dios\/"},"wordCount":433,"image":{"@id":"https:\/\/exaudi.org\/es\/el-papa-leon-xiv-llama-a-los-jovenes-y-a-la-iglesia-a-servir-al-reino-de-dios\/#primaryimage"},"thumbnailUrl":"https:\/\/exaudi.org\/wp-content\/uploads\/2025\/10\/cq5dam.thumbnail.cropped.500.281-7.jpeg","keywords":["Audiencia Jubilar","Bienaventuranzas","compromiso cristiano","elecci\u00f3n radical","ense\u00f1anza papal","Esperanza","Evangelio","fe","Featured","fraternidad","Iglesia","inspiraci\u00f3n religiosa","J\u00f3venes","Jubileo 2025","Justicia","Le\u00f3n XIV","llamado de Dios","papa le\u00f3n xiv","Paz","pobreza evang\u00e9lica","Reino de Dios","renovaci\u00f3n espiritual","Santa Clara de As\u00eds","servicio al pr\u00f3jimo","Testimonio de fe","valores del Evangelio","Vida espiritual"],"articleSection":["Encuentros","Le\u00f3n XIV"],"inLanguage":"es"},{"@type":"WebPage","@id":"https:\/\/exaudi.org\/es\/el-papa-leon-xiv-llama-a-los-jovenes-y-a-la-iglesia-a-servir-al-reino-de-dios\/","url":"https:\/\/exaudi.org\/es\/el-papa-leon-xiv-llama-a-los-jovenes-y-a-la-iglesia-a-servir-al-reino-de-dios\/","name":"El Papa Le\u00f3n XIV llama a los j\u00f3venes y a la Iglesia a servir al Reino de Dios &#8211; Exaudi","isPartOf":{"@id":"https:\/\/exaudi.org\/#website"},"primaryImageOfPage":{"@id":"https:\/\/exaudi.org\/es\/el-papa-leon-xiv-llama-a-los-jovenes-y-a-la-iglesia-a-servir-al-reino-de-dios\/#primaryimage"},"image":{"@id":"https:\/\/exaudi.org\/es\/el-papa-leon-xiv-llama-a-los-jovenes-y-a-la-iglesia-a-servir-al-reino-de-dios\/#primaryimage"},"thumbnailUrl":"https:\/\/exaudi.org\/wp-content\/uploads\/2025\/10\/cq5dam.thumbnail.cropped.500.281-7.jpeg","datePublished":"2025-10-04T10:49:38+00:00","dateModified":"2025-10-04T10:53:04+00:00","author":{"@id":"https:\/\/exaudi.org\/#\/schema\/person\/f5fc8f063065e38742da7afe15f25df7"},"breadcrumb":{"@id":"https:\/\/exaudi.org\/es\/el-papa-leon-xiv-llama-a-los-jovenes-y-a-la-iglesia-a-servir-al-reino-de-dios\/#breadcrumb"},"inLanguage":"es","potentialAction":[{"@type":"ReadAction","target":["https:\/\/exaudi.org\/es\/el-papa-leon-xiv-llama-a-los-jovenes-y-a-la-iglesia-a-servir-al-reino-de-dios\/"]}]},{"@type":"ImageObject","inLanguage":"es","@id":"https:\/\/exaudi.org\/es\/el-papa-leon-xiv-llama-a-los-jovenes-y-a-la-iglesia-a-servir-al-reino-de-dios\/#primaryimage","url":"https:\/\/exaudi.org\/wp-content\/uploads\/2025\/10\/cq5dam.thumbnail.cropped.500.281-7.jpeg","contentUrl":"https:\/\/exaudi.org\/wp-content\/uploads\/2025\/10\/cq5dam.thumbnail.cropped.500.281-7.jpeg","width":500,"height":281},{"@type":"BreadcrumbList","@id":"https:\/\/exaudi.org\/es\/el-papa-leon-xiv-llama-a-los-jovenes-y-a-la-iglesia-a-servir-al-reino-de-dios\/#breadcrumb","itemListElement":[{"@type":"ListItem","position":1,"name":"Portada","item":"https:\/\/exaudi.org\/es\/"},{"@type":"ListItem","position":2,"name":"El Papa Le\u00f3n XIV llama a los j\u00f3venes y a la Iglesia a servir al Reino de Dios"}]},{"@type":"WebSite","@id":"https:\/\/exaudi.org\/#website","url":"https:\/\/exaudi.org\/","name":"Exaudi","description":"News","potentialAction":[{"@type":"SearchAction","target":{"@type":"EntryPoint","urlTemplate":"https:\/\/exaudi.org\/?s={search_term_string}"},"query-input":{"@type":"PropertyValueSpecification","valueRequired":true,"valueName":"search_term_string"}}],"inLanguage":"es"},{"@type":"Person","@id":"https:\/\/exaudi.org\/#\/schema\/person\/f5fc8f063065e38742da7afe15f25df7","name":"Exaudi Redacci\u00f3n","image":{"@type":"ImageObject","inLanguage":"es","@id":"https:\/\/secure.gravatar.com\/avatar\/fe0f6a059fb68d9b3e11bc5850dd4899b1c7492091a3cb6dd9b01b56ad828be2?s=96&d=mm&r=g","url":"https:\/\/secure.gravatar.com\/avatar\/fe0f6a059fb68d9b3e11bc5850dd4899b1c7492091a3cb6dd9b01b56ad828be2?s=96&d=mm&r=g","contentUrl":"https:\/\/secure.gravatar.com\/avatar\/fe0f6a059fb68d9b3e11bc5850dd4899b1c7492091a3cb6dd9b01b56ad828be2?s=96&d=mm&r=g","caption":"Exaudi Redacci\u00f3n"},"description":"\u00bfQu\u00e9 es Exaudi News? Exaudi News es un medio de comunicaci\u00f3n cat\u00f3lico internacional que informa, forma y transforma, diariamente en espa\u00f1ol, ingl\u00e9s e italiano. A trav\u00e9s de noticias, art\u00edculos de an\u00e1lisis y transmisiones en directo de los eventos del Papa, Exaudi busca fortalecer la unidad de los cristianos y contribuir a la evangelizaci\u00f3n del mundo, siempre guiados por la doctrina social de la Iglesia. Trabajamos para acercar la verdad y los valores cristianos a cada rinc\u00f3n del planeta. \u00a1Ay\u00fadanos a transformar el mundo con Exaudi! En Exaudi creemos que la evangelizaci\u00f3n y la informaci\u00f3n de calidad pueden cambiar vidas. Para continuar con nuestra misi\u00f3n y expandir nuestro alcance, necesitamos tu ayuda. Adem\u00e1s, buscamos personas comprometidas que deseen unirse a nuestro equipo. Con tu apoyo, lograremos llegar a m\u00e1s personas, difundir el mensaje de Cristo y reforzar la unidad de los cristianos. \u00bfTe unes a nuestra misi\u00f3n? Para m\u00e1s informaci\u00f3n sobre c\u00f3mo colaborar, visita Exaudi.org\/es o cont\u00e1ctanos directamente: info@exaudi.org Exaudi: Informa, forma y transforma.","sameAs":["https:\/\/www.facebook.com\/ExaudiNoticias\/","https:\/\/www.instagram.com\/exaudi_noticias\/","https:\/\/x.com\/Exaudi_noticias","https:\/\/www.youtube.com\/@exaudicatholicnews"],"url":"https:\/\/exaudi.org\/es\/author\/redaccionexaudi\/"}]}},"jetpack_featured_media_url":"https:\/\/exaudi.org\/wp-content\/uploads\/2025\/10\/cq5dam.thumbnail.cropped.500.281-7.jpeg","jetpack_shortlink":"https:\/\/wp.me\/pgKjF2-A7b","_links":{"self":[{"href":"https:\/\/exaudi.org\/es\/wp-json\/wp\/v2\/posts\/138829","targetHints":{"allow":["GET"]}}],"collection":[{"href":"https:\/\/exaudi.org\/es\/wp-json\/wp\/v2\/posts"}],"about":[{"href":"https:\/\/exaudi.org\/es\/wp-json\/wp\/v2\/types\/post"}],"author":[{"embeddable":true,"href":"https:\/\/exaudi.org\/es\/wp-json\/wp\/v2\/users\/15"}],"replies":[{"embeddable":true,"href":"https:\/\/exaudi.org\/es\/wp-json\/wp\/v2\/comments?post=138829"}],"version-history":[{"count":4,"href":"https:\/\/exaudi.org\/es\/wp-json\/wp\/v2\/posts\/138829\/revisions"}],"predecessor-version":[{"id":138858,"href":"https:\/\/exaudi.org\/es\/wp-json\/wp\/v2\/posts\/138829\/revisions\/138858"}],"wp:featuredmedia":[{"embeddable":true,"href":"https:\/\/exaudi.org\/es\/wp-json\/wp\/v2\/media\/138847"}],"wp:attachment":[{"href":"https:\/\/exaudi.org\/es\/wp-json\/wp\/v2\/media?parent=138829"}],"wp:term":[{"taxonomy":"category","embeddable":true,"href":"https:\/\/exaudi.org\/es\/wp-json\/wp\/v2\/categories?post=138829"},{"taxonomy":"post_tag","embeddable":true,"href":"https:\/\/exaudi.org\/es\/wp-json\/wp\/v2\/tags?post=138829"}],"curies":[{"name":"wp","href":"https:\/\/api.w.org\/{rel}","templated":true}]}}