{"id":13789,"date":"2021-04-28T12:45:21","date_gmt":"2021-04-28T10:45:21","guid":{"rendered":"https:\/\/exaudi.org\/?p=13789"},"modified":"2021-04-28T16:18:32","modified_gmt":"2021-04-28T14:18:32","slug":"audiencia-general-catequesis-meditacion-2021","status":"publish","type":"post","link":"https:\/\/exaudi.org\/es\/audiencia-general-catequesis-meditacion-2021\/","title":{"rendered":"Audiencia general: Catequesis, \u201cLa meditaci\u00f3n\u201d"},"content":{"rendered":"<p>En la <a href=\"https:\/\/exaudi.org\/es\/audiencia-general-meditacion-cristiana-encuentro-cristo-2021\/\" target=\"_blank\" rel=\"noopener noreferrer\">audiencia general<\/a>, de hoy, 28 de abril de 2021, el Papa Francisco ha explicado que, para un cristiano, la meditaci\u00f3n \u201csignifica ponerse delante de la gran p\u00e1gina de la Revelaci\u00f3n para intentar hacerla nuestra, asumi\u00e9ndola completamente\u201d y, \u201cdespu\u00e9s de haber acogido la Palabra de Dios, no la tiene cerrada dentro de s\u00ed, porque esa Palabra debe encontrarse con &#8216;otro libro&#8217;, que el Catecismo llama &#8216;el de la vida&#8217;\u201d.<\/p>\n<p>La audiencia general de este mi\u00e9rcoles ha sido emitida desde la biblioteca del Palacio Apost\u00f3lico vaticano, sin fieles, en prevenci\u00f3n frente a la COVID-19. El Santo Padre ha retomado el ciclo de catequesis sobre la oraci\u00f3n para centrarse en el tema \u201cLa meditaci\u00f3n\u201d (Lectura: Jn 14, 25-26; 16, 12-15).<\/p>\n<h4><strong>La meditaci\u00f3n, abierta a todos<\/strong><\/h4>\n<p><img loading=\"lazy\" decoding=\"async\" class=\"alignleft size-medium wp-image-13844\" src=\"https:\/\/exaudi.org\/wp-content\/uploads\/2021\/04\/DSC61091143-300x200.jpg\" alt=\"\" width=\"300\" height=\"200\" srcset=\"https:\/\/exaudi.org\/wp-content\/uploads\/2021\/04\/DSC61091143-300x200.jpg 300w, https:\/\/exaudi.org\/wp-content\/uploads\/2021\/04\/DSC61091143-1024x683.jpg 1024w, https:\/\/exaudi.org\/wp-content\/uploads\/2021\/04\/DSC61091143-768x512.jpg 768w, https:\/\/exaudi.org\/wp-content\/uploads\/2021\/04\/DSC61091143-1536x1024.jpg 1536w, https:\/\/exaudi.org\/wp-content\/uploads\/2021\/04\/DSC61091143-2048x1365.jpg 2048w, https:\/\/exaudi.org\/wp-content\/uploads\/2021\/04\/DSC61091143-150x100.jpg 150w, https:\/\/exaudi.org\/wp-content\/uploads\/2021\/04\/DSC61091143-696x464.jpg 696w, https:\/\/exaudi.org\/wp-content\/uploads\/2021\/04\/DSC61091143-1068x712.jpg 1068w, https:\/\/exaudi.org\/wp-content\/uploads\/2021\/04\/DSC61091143-1920x1280.jpg 1920w, https:\/\/exaudi.org\/wp-content\/uploads\/2021\/04\/DSC61091143-630x420.jpg 630w\" sizes=\"auto, (max-width: 300px) 100vw, 300px\" \/><\/p>\n<p>Francisco ha se\u00f1alado que la meditaci\u00f3n es practicada por distintas religiones y tambi\u00e9n personas no religiosas: \u201cTodos necesitamos meditar, reflexionar, reencontrarnos a nosotros mismos, es una din\u00e1mica humana. Sobre todo, en el voraz mundo occidental se busca la meditaci\u00f3n porque esta representa un alto terrapl\u00e9n contra el estr\u00e9s cotidiano y el vac\u00edo que se esparce por todos lados\u201d.<\/p>\n<p>\u201cAh\u00ed est\u00e1, por tanto, la imagen de j\u00f3venes y adultos sentados en recogimiento, en silencio, con los ojos medio cerrados\u2026 Pero podemos preguntarnos: \u00bfqu\u00e9 hacen estas personas? Meditan. Es un fen\u00f3meno que hay que mirar con buenos ojos: de hecho nosotros no estamos hechos para correr en continuaci\u00f3n, poseemos una vida interior que no puede ser siempre pisoteada\u201d, describe.<\/p>\n<h4><strong>Meditaci\u00f3n cristiana<\/strong><\/h4>\n<p>El Papa ha subrayado que \u201cmeditar es una dimensi\u00f3n humana necesaria, pero meditar en el contexto cristiano va m\u00e1s all\u00e1: es una dimensi\u00f3n que no debe ser cancelada\u201d, y para un cristiano la meditaci\u00f3n \u201centra por la puerta de Jesucristo\u201d. Cuando reza, prosigue, \u201cno aspira a la plena transparencia de s\u00ed, no se pone en b\u00fasqueda del n\u00facleo m\u00e1s profundo de su yo. Esto es l\u00edcito, pero el cristiano busca otra cosa. La oraci\u00f3n del cristiano es sobre todo encuentro con el Otro, con el Otro pero con la O may\u00fascula: el encuentro trascendente con Dios\u201d, expresa.<\/p>\n<p><img loading=\"lazy\" decoding=\"async\" class=\"alignright wp-image-13848 size-medium\" title=\"Audiencia general catequesis meditaci\u00f3n\" src=\"https:\/\/exaudi.org\/wp-content\/uploads\/2021\/04\/cq5dam.web_.800.800-7-3-300x200.jpeg\" alt=\"Audiencia general catequesis meditaci\u00f3n\" width=\"300\" height=\"200\" srcset=\"https:\/\/exaudi.org\/wp-content\/uploads\/2021\/04\/cq5dam.web_.800.800-7-3-300x200.jpeg 300w, https:\/\/exaudi.org\/wp-content\/uploads\/2021\/04\/cq5dam.web_.800.800-7-3-768x512.jpeg 768w, https:\/\/exaudi.org\/wp-content\/uploads\/2021\/04\/cq5dam.web_.800.800-7-3-150x100.jpeg 150w, https:\/\/exaudi.org\/wp-content\/uploads\/2021\/04\/cq5dam.web_.800.800-7-3-696x464.jpeg 696w, https:\/\/exaudi.org\/wp-content\/uploads\/2021\/04\/cq5dam.web_.800.800-7-3-630x420.jpeg 630w, https:\/\/exaudi.org\/wp-content\/uploads\/2021\/04\/cq5dam.web_.800.800-7-3.jpeg 800w\" sizes=\"auto, (max-width: 300px) 100vw, 300px\" \/><\/p>\n<p>Citando el Catecismo, ha recalcado que hay diversos tipos de m\u00e9todos de meditaci\u00f3n, pero \u201cun m\u00e9todo no es m\u00e1s que un gu\u00eda; lo importante es avanzar, con el Esp\u00edritu Santo, por el \u00fanico camino de la oraci\u00f3n: Cristo Jes\u00fas\u201d. No es posible, ilustra, \u201cla meditaci\u00f3n cristiana sin el Esp\u00edritu Santo. Es \u00c9l quien nos gu\u00eda al encuentro con Jes\u00fas\u201d.<\/p>\n<h4><strong>Oraci\u00f3n integral<\/strong><\/h4>\n<p>En esta l\u00ednea, el Pont\u00edfice sostiene que todos los m\u00e9todos de meditaci\u00f3n cristiana son importantes \u201cen cuanto que pueden ayudar a la experiencia de la fe a convertirse en un acto total de la persona: no reza solo la mente, reza todo el hombre, la totalidad de la persona, como no reza solo el sentimiento\u201d.<\/p>\n<p>Se debe recordar siempre, contin\u00faa, que \u201cel m\u00e9todo es un camino, no una meta: cualquier m\u00e9todo de oraci\u00f3n, si quiere ser cristiano, forma parte de esa <i>sequela Christi<\/i>\u00a0que es la esencia de nuestra fe. Los m\u00e9todos de meditaci\u00f3n son caminos a recorrer para llegar al encuentro con Jes\u00fas, pero si t\u00fa te detienes en el camino y miras solamente el camino, no encontrar\u00e1s nunca a Jes\u00fas\u201d.<\/p>\n<h4><strong>Meditar para encontrar a Jes\u00fas<\/strong><\/h4>\n<p>Al finalizar su catequesis, el Obispo de Roma ha insistido en la gracia de esta oraci\u00f3n cristiana: \u201cCristo no est\u00e1 lejos, sino que est\u00e1 siempre en relaci\u00f3n con nosotros. No hay aspecto de su persona divino-humana que no pueda convertirse para nosotros en lugar de salvaci\u00f3n y de felicidad. Cada momento de la vida terrena de Jes\u00fas, a trav\u00e9s de la gracia de la oraci\u00f3n, se puede convertir para nosotros en contempor\u00e1neo, gracias al Esp\u00edritu Santo, la gu\u00eda\u201d.<\/p>\n<p><img loading=\"lazy\" decoding=\"async\" class=\"alignleft size-medium wp-image-13853\" src=\"https:\/\/exaudi.org\/wp-content\/uploads\/2021\/04\/cq5dam.web_.800.800-2-4-300x200.jpeg\" alt=\"\" width=\"300\" height=\"200\" srcset=\"https:\/\/exaudi.org\/wp-content\/uploads\/2021\/04\/cq5dam.web_.800.800-2-4-300x200.jpeg 300w, https:\/\/exaudi.org\/wp-content\/uploads\/2021\/04\/cq5dam.web_.800.800-2-4-768x511.jpeg 768w, https:\/\/exaudi.org\/wp-content\/uploads\/2021\/04\/cq5dam.web_.800.800-2-4-150x100.jpeg 150w, https:\/\/exaudi.org\/wp-content\/uploads\/2021\/04\/cq5dam.web_.800.800-2-4-696x463.jpeg 696w, https:\/\/exaudi.org\/wp-content\/uploads\/2021\/04\/cq5dam.web_.800.800-2-4-632x420.jpeg 632w, https:\/\/exaudi.org\/wp-content\/uploads\/2021\/04\/cq5dam.web_.800.800-2-4.jpeg 800w\" sizes=\"auto, (max-width: 300px) 100vw, 300px\" \/><\/p>\n<p>\u201cLa meditaci\u00f3n cristiana, guiada por el Esp\u00edritu nos lleva este di\u00e1logo con Jes\u00fas. No hay p\u00e1gina del Evangelio en la que no haya lugar para nosotros. Meditar, para nosotros cristianos, es una forma de encontrar a Jes\u00fas. Y as\u00ed, solo as\u00ed, reencontrarnos con nosotros mismos. Y esto no es un encerrarnos en nosotros mismos, no: ir a Jes\u00fas y en Jes\u00fas encontrarnos a nosotros mismos, sanados, resucitados, fuertes por la gracia de Jes\u00fas\u201d, concluye.<\/p>\n<p>A continuaci\u00f3n, sigue la catequesis completa del Sucesor de Pedro.<\/p>\n<p>***<\/p>\n<h4><b>Catequesis 31. <i>La meditaci\u00f3n<\/i><\/b><\/h4>\n<p><i>Queridos hermanos y hermanas, \u00a1buenos d\u00edas!<\/i><\/p>\n<p>Hoy hablamos de esa forma de oraci\u00f3n que es la\u00a0<i>meditaci\u00f3n<\/i>. Para un cristiano \u201cmeditar\u201d es buscar una s\u00edntesis: significa ponerse delante de la gran p\u00e1gina de la Revelaci\u00f3n para intentar hacerla nuestra, asumi\u00e9ndola completamente. Y el cristiano, despu\u00e9s de haber acogido la Palabra de Dios, no la tiene cerrada dentro de s\u00ed, porque esa Palabra debe encontrarse con \u201cotro libro\u201d, que el <i>Catecismo<\/i> llama \u201cel de la vida\u201d (cfr. <i><a href=\"http:\/\/www.vatican.va\/archive\/catechism_sp\/p4s1c3a1_sp.html#II%20La%20meditaci%C3%B3n\" target=\"_blank\" rel=\"noopener noreferrer\">Catecismo de la Iglesia Cat\u00f3lica<\/a><\/i>, 2706). Es lo que intentamos hacer cada vez que meditamos la Palabra.<\/p>\n<p><img loading=\"lazy\" decoding=\"async\" class=\"alignright size-medium wp-image-13857\" src=\"https:\/\/exaudi.org\/wp-content\/uploads\/2021\/04\/DSC89761142-300x200.jpg\" alt=\"\" width=\"300\" height=\"200\" srcset=\"https:\/\/exaudi.org\/wp-content\/uploads\/2021\/04\/DSC89761142-300x200.jpg 300w, https:\/\/exaudi.org\/wp-content\/uploads\/2021\/04\/DSC89761142-1024x681.jpg 1024w, https:\/\/exaudi.org\/wp-content\/uploads\/2021\/04\/DSC89761142-768x511.jpg 768w, https:\/\/exaudi.org\/wp-content\/uploads\/2021\/04\/DSC89761142-1536x1022.jpg 1536w, https:\/\/exaudi.org\/wp-content\/uploads\/2021\/04\/DSC89761142-2048x1362.jpg 2048w, https:\/\/exaudi.org\/wp-content\/uploads\/2021\/04\/DSC89761142-150x100.jpg 150w, https:\/\/exaudi.org\/wp-content\/uploads\/2021\/04\/DSC89761142-696x463.jpg 696w, https:\/\/exaudi.org\/wp-content\/uploads\/2021\/04\/DSC89761142-1068x710.jpg 1068w, https:\/\/exaudi.org\/wp-content\/uploads\/2021\/04\/DSC89761142-1920x1277.jpg 1920w, https:\/\/exaudi.org\/wp-content\/uploads\/2021\/04\/DSC89761142-631x420.jpg 631w\" sizes=\"auto, (max-width: 300px) 100vw, 300px\" \/><\/p>\n<p>La pr\u00e1ctica de la meditaci\u00f3n ha recibido en estos a\u00f1os una gran atenci\u00f3n. De esta no hablan solamente los cristianos: existe una pr\u00e1ctica meditativa en casi todas las religiones del mundo. Pero se trata de una actividad difundida tambi\u00e9n entre personas que no tienen una visi\u00f3n religiosa de la vida. Todos necesitamos meditar, reflexionar, reencontrarnos a nosotros mismos, es una din\u00e1mica humana. Sobre todo, en el voraz mundo occidental se busca la meditaci\u00f3n porque esta representa un alto terrapl\u00e9n contra el estr\u00e9s cotidiano y el vac\u00edo que se esparce por todos lados. Ah\u00ed est\u00e1, por tanto, la imagen de j\u00f3venes y adultos sentados en recogimiento, en silencio, con los ojos medio cerrados\u2026 Pero podemos preguntarnos: \u00bfqu\u00e9 hacen estas personas? Meditan. Es un fen\u00f3meno que hay que mirar con buenos ojos: de hecho nosotros no estamos hechos para correr en continuaci\u00f3n, poseemos una vida interior que no puede ser siempre pisoteada. Meditar es por tanto una necesidad de todos. Meditar, por as\u00ed decir, se parecer\u00eda a detenerse y respirar hondo en la vida.<\/p>\n<p>Pero nos damos cuenta que esta palabra, una vez acogida en un contexto cristiano, asume una especificidad que no debe ser cancelada. Meditar es una dimensi\u00f3n humana necesaria, pero meditar en el contexto cristiano va m\u00e1s all\u00e1: es una dimensi\u00f3n que no debe ser cancelada. La gran puerta a trav\u00e9s de la cual pasa la oraci\u00f3n de un bautizado \u2014lo recordamos una vez m\u00e1s\u2014 es Jesucristo. Para el cristiano la meditaci\u00f3n entra por la puerta de Jesucristo. Tambi\u00e9n la pr\u00e1ctica de la meditaci\u00f3n sigue este sendero. Y el cristiano, cuando reza, no aspira a la plena transparencia de s\u00ed, no se pone en b\u00fasqueda del n\u00facleo m\u00e1s profundo de su yo. Esto es l\u00edcito, pero el cristiano busca otra cosa. La oraci\u00f3n del cristiano es sobre todo encuentro con el Otro, con el Otro pero con la O may\u00fascula: el encuentro trascendente con Dios. Si una experiencia de oraci\u00f3n nos dona la paz interior, o el dominio de nosotros mismos, o la lucidez sobre el camino que emprender, estos resultados son, por as\u00ed decir, efectos colaterales de la gracia de la oraci\u00f3n cristiana que es el encuentro con Jes\u00fas, es decir meditar es ir al encuentro con Jes\u00fas, guiados por una frase o una palabra de la Sagrada Escritura.<\/p>\n<p><img loading=\"lazy\" decoding=\"async\" class=\"alignleft size-medium wp-image-13861\" src=\"https:\/\/exaudi.org\/wp-content\/uploads\/2021\/04\/DSC61261151-1-300x200.jpg\" alt=\"Audiencia general catequesis meditaci\u00f3n\" width=\"300\" height=\"200\" srcset=\"https:\/\/exaudi.org\/wp-content\/uploads\/2021\/04\/DSC61261151-1-300x200.jpg 300w, https:\/\/exaudi.org\/wp-content\/uploads\/2021\/04\/DSC61261151-1-1024x683.jpg 1024w, https:\/\/exaudi.org\/wp-content\/uploads\/2021\/04\/DSC61261151-1-768x512.jpg 768w, https:\/\/exaudi.org\/wp-content\/uploads\/2021\/04\/DSC61261151-1-1536x1024.jpg 1536w, https:\/\/exaudi.org\/wp-content\/uploads\/2021\/04\/DSC61261151-1-2048x1365.jpg 2048w, https:\/\/exaudi.org\/wp-content\/uploads\/2021\/04\/DSC61261151-1-150x100.jpg 150w, https:\/\/exaudi.org\/wp-content\/uploads\/2021\/04\/DSC61261151-1-696x464.jpg 696w, https:\/\/exaudi.org\/wp-content\/uploads\/2021\/04\/DSC61261151-1-1068x712.jpg 1068w, https:\/\/exaudi.org\/wp-content\/uploads\/2021\/04\/DSC61261151-1-1920x1280.jpg 1920w, https:\/\/exaudi.org\/wp-content\/uploads\/2021\/04\/DSC61261151-1-630x420.jpg 630w\" sizes=\"auto, (max-width: 300px) 100vw, 300px\" \/><\/p>\n<p>El t\u00e9rmino \u201cmeditaci\u00f3n\u201d a lo largo de la historia ha tenido significados diferentes. Tambi\u00e9n dentro del cristianismo se refiere a experiencias espirituales diferentes. Sin embargo, se pueden trazar algunas l\u00edneas comunes, y en esto nos ayuda tambi\u00e9n el\u00a0<i>Catecismo<\/i>, que dice as\u00ed: \u201cLos m\u00e9todos de meditaci\u00f3n son tan diversos como diversos son los maestros espirituales. [\u2026] Pero un m\u00e9todo no es m\u00e1s que un gu\u00eda; lo importante es avanzar, con el Esp\u00edritu Santo, por el \u00fanico camino de la oraci\u00f3n: Cristo Jes\u00fas\u201d (n. 2707). Y aqu\u00ed se se\u00f1ala un compa\u00f1ero de camino, uno que nos gu\u00eda: el Esp\u00edritu Santo. No es posible la meditaci\u00f3n cristiana sin el Esp\u00edritu Santo. Es \u00c9l quien nos gu\u00eda al encuentro con Jes\u00fas. Jes\u00fas nos hab\u00eda dicho: \u201cOs enviar\u00e9 el Esp\u00edritu Santo. \u00c9l os ense\u00f1ar\u00e1 y os explicar\u00e1. Os ense\u00f1ar\u00e1 y os explicar\u00e1\u201d. Y tambi\u00e9n en la meditaci\u00f3n, el Esp\u00edritu Santo es la gu\u00eda para ir adelante en el encuentro con Jesucristo.<\/p>\n<p>Por tanto, son muchos los m\u00e9todos de meditaci\u00f3n cristiana: algunos muy sobrios, otros m\u00e1s articulados; algunos acent\u00faan la dimensi\u00f3n intelectual de la persona, otros m\u00e1s bien la afectiva y emotiva. Son m\u00e9todos. Todos son importantes y todos son dignos de ser practicados, en cuanto que pueden ayudar a la experiencia de la fe a convertirse en un acto total de la persona: no reza solo la mente, reza todo el hombre, la totalidad de la persona, como no reza solo el sentimiento. En la antig\u00fcedad se sol\u00eda decir que el \u00f3rgano de la oraci\u00f3n es el coraz\u00f3n, y as\u00ed explicaban que es todo el hombre, a partir de su centro, del coraz\u00f3n, que entra en relaci\u00f3n con Dios, y no solamente algunas facultades suyas. Por eso se debe recordar siempre que el m\u00e9todo es un camino, no una meta: cualquier m\u00e9todo de oraci\u00f3n, si quiere ser cristiano, forma parte de esa\u00a0<i>sequela Christi<\/i>\u00a0que es la esencia de nuestra fe. Los m\u00e9todos de meditaci\u00f3n son caminos a recorrer para llegar al encuentro con Jes\u00fas, pero si t\u00fa te detienes en el camino y miras solamente el camino, no encontrar\u00e1s nunca a Jes\u00fas. Har\u00e1s del camino un dios, pero el camino es un medio para llevarte a Jes\u00fas. El\u00a0<i>Catecismo<\/i> precisa: \u201cLa meditaci\u00f3n hace intervenir al pensamiento, la imaginaci\u00f3n, la emoci\u00f3n y el deseo. Esta movilizaci\u00f3n es necesaria para profundizar en las convicciones de fe, suscitar la conversi\u00f3n del coraz\u00f3n y fortalecer la voluntad de seguir a Cristo. La oraci\u00f3n cristiana se aplica preferentemente a meditar &#8216;los misterios de Cristo&#8217;\u201d (n. 2708).<\/p>\n<p><img loading=\"lazy\" decoding=\"async\" class=\"alignright size-medium wp-image-13865\" src=\"https:\/\/exaudi.org\/wp-content\/uploads\/2021\/04\/DSC61301152-300x200.jpg\" alt=\"\" width=\"300\" height=\"200\" srcset=\"https:\/\/exaudi.org\/wp-content\/uploads\/2021\/04\/DSC61301152-300x200.jpg 300w, https:\/\/exaudi.org\/wp-content\/uploads\/2021\/04\/DSC61301152-1024x681.jpg 1024w, https:\/\/exaudi.org\/wp-content\/uploads\/2021\/04\/DSC61301152-768x511.jpg 768w, https:\/\/exaudi.org\/wp-content\/uploads\/2021\/04\/DSC61301152-1536x1022.jpg 1536w, https:\/\/exaudi.org\/wp-content\/uploads\/2021\/04\/DSC61301152-2048x1362.jpg 2048w, https:\/\/exaudi.org\/wp-content\/uploads\/2021\/04\/DSC61301152-150x100.jpg 150w, https:\/\/exaudi.org\/wp-content\/uploads\/2021\/04\/DSC61301152-696x463.jpg 696w, https:\/\/exaudi.org\/wp-content\/uploads\/2021\/04\/DSC61301152-1068x710.jpg 1068w, https:\/\/exaudi.org\/wp-content\/uploads\/2021\/04\/DSC61301152-1920x1277.jpg 1920w, https:\/\/exaudi.org\/wp-content\/uploads\/2021\/04\/DSC61301152-631x420.jpg 631w\" sizes=\"auto, (max-width: 300px) 100vw, 300px\" \/><\/p>\n<p>Esta es por tanto la gracia de la oraci\u00f3n cristiana: Cristo no est\u00e1 lejos, sino que est\u00e1 siempre en relaci\u00f3n con nosotros. No hay aspecto de su persona divino-humana que no pueda convertirse para nosotros en lugar de salvaci\u00f3n y de felicidad. Cada momento de la vida terrena de Jes\u00fas, a trav\u00e9s de la gracia de la oraci\u00f3n, se puede convertir para nosotros en contempor\u00e1neo, gracias al Esp\u00edritu Santo, la gu\u00eda. Pero vosotros sab\u00e9is que no se puede rezar sin la gu\u00eda del Esp\u00edritu Santo. \u00a1Es \u00c9l quien nos gu\u00eda! Y gracias al Esp\u00edritu Santo, tambi\u00e9n nosotros estamos presentes en el r\u00edo Jord\u00e1n, cuando Jes\u00fas se sumerge en \u00e9l para recibir el bautismo. Tambi\u00e9n nosotros somos comensales de las bodas de Can\u00e1, cuando Jes\u00fas dona el vino m\u00e1s bueno para la felicidad de los esposos, es decir, es el Esp\u00edritu Santo quien nos une con estos misterios de la vida de Cristo porque en la contemplaci\u00f3n de Jes\u00fas hacemos experiencia de la oraci\u00f3n para unirnos m\u00e1s a \u00c9l. Tambi\u00e9n nosotros asistimos asombrados a las muchas sanaciones realizadas por el Maestro. Tomamos el Evangelio, hacemos la meditaci\u00f3n de esos misterios del Evangelio y el Esp\u00edritu nos gu\u00eda para estar presentes ah\u00ed. Y en la oraci\u00f3n \u2014cuando rezamos\u2014 todos nosotros somos como el leproso purificado, el ciego Bartimeo que recupera la vista, L\u00e1zaro que sale del sepulcro\u2026 Tambi\u00e9n nosotros somos sanados en la oraci\u00f3n como fue sanado el ciego Bartimeo, ese otro, el leproso&#8230; Tambi\u00e9n nosotros hemos resucitado, como resucit\u00f3 L\u00e1zaro, porque la oraci\u00f3n de meditaci\u00f3n guiada por el Esp\u00edritu Santo, nos lleva a revivir estos misterios de la vida de Cristo y a encontrarnos con Cristo y a decir, con el ciego: \u201cSe\u00f1or, \u00a1ten piedad de m\u00ed! Ten piedad de m\u00ed\u201d \u2014 \u201c\u00bfY qu\u00e9 quieres?\u201d \u2014 \u201cVer, entrar en ese di\u00e1logo\u201d. Y la meditaci\u00f3n cristiana, guiada por el Esp\u00edritu nos lleva este di\u00e1logo con Jes\u00fas. No hay p\u00e1gina del Evangelio en la que no haya lugar para nosotros. Meditar, para nosotros cristianos, es una forma de encontrar a Jes\u00fas. Y as\u00ed, solo as\u00ed, reencontrarnos con nosotros mismos. Y esto no es un encerrarnos en nosotros mismos, no: ir a Jes\u00fas y en Jes\u00fas encontrarnos a nosotros mismos, sanados, resucitados, fuertes por la gracia de Jes\u00fas. Y encontrar a Jes\u00fas salvador de todos, tambi\u00e9n m\u00edo. Y esto gracias a la gu\u00eda del Esp\u00edritu Santo.<\/p>\n<p><strong>\u00a9 Librer\u00eda Editora Vaticana<\/strong><\/p>\n","protected":false},"excerpt":{"rendered":"<p>Texto completo<\/p>\n","protected":false},"author":6,"featured_media":13837,"comment_status":"closed","ping_status":"closed","sticky":false,"template":"","format":"standard","meta":{"_acf_changed":false,"_crdt_document":"","inline_featured_image":false,"footnotes":""},"categories":[112,298],"tags":[179,182,2003,158],"class_list":["post-13789","post","type-post","status-publish","format-standard","has-post-thumbnail","hentry","category-audiencia-general","category-ultimas-noticias","tag-audiencia-general","tag-catequesis","tag-la-meditacion","tag-papa-francisco"],"acf":[],"yoast_head":"<!-- This site is optimized with the Yoast SEO plugin v27.5 - https:\/\/yoast.com\/product\/yoast-seo-wordpress\/ -->\n<title>Audiencia general: Catequesis, \u201cLa meditaci\u00f3n\u201d &#8211; Exaudi<\/title>\n<meta name=\"description\" content=\"En la catequesis de la Audiencia general, el Papa ha continuado el ciclo de catequesis sobre la oraci\u00f3n y se ha centrado en la meditaci\u00f3n.\" \/>\n<meta name=\"robots\" content=\"index, follow, max-snippet:-1, max-image-preview:large, max-video-preview:-1\" \/>\n<link rel=\"canonical\" href=\"https:\/\/exaudi.org\/es\/audiencia-general-catequesis-meditacion-2021\/\" \/>\n<meta property=\"og:locale\" content=\"es_ES\" \/>\n<meta property=\"og:type\" content=\"article\" \/>\n<meta property=\"og:title\" content=\"Audiencia general: Catequesis, \u201cLa meditaci\u00f3n\u201d &#8211; Exaudi\" \/>\n<meta property=\"og:description\" content=\"En la catequesis de la Audiencia general, el Papa ha continuado el ciclo de catequesis sobre la oraci\u00f3n y se ha centrado en la meditaci\u00f3n.\" \/>\n<meta property=\"og:url\" content=\"https:\/\/exaudi.org\/es\/audiencia-general-catequesis-meditacion-2021\/\" \/>\n<meta property=\"og:site_name\" content=\"Exaudi\" \/>\n<meta property=\"article:publisher\" content=\"https:\/\/www.facebook.com\/ExaudiNews\" \/>\n<meta property=\"article:published_time\" content=\"2021-04-28T10:45:21+00:00\" \/>\n<meta property=\"article:modified_time\" content=\"2021-04-28T14:18:32+00:00\" \/>\n<meta property=\"og:image\" content=\"https:\/\/exaudi.org\/wp-content\/uploads\/2021\/04\/DSC89831145-scaled.jpg\" \/>\n\t<meta property=\"og:image:width\" content=\"2560\" \/>\n\t<meta property=\"og:image:height\" content=\"1703\" \/>\n\t<meta property=\"og:image:type\" content=\"image\/jpeg\" \/>\n<meta name=\"author\" content=\"Gabriel Sales\" \/>\n<meta name=\"twitter:card\" content=\"summary_large_image\" \/>\n<meta name=\"twitter:creator\" content=\"@habemusman\" \/>\n<meta name=\"twitter:site\" content=\"@Exaudi_News\" \/>\n<meta name=\"twitter:label1\" content=\"Escrito por\" \/>\n\t<meta name=\"twitter:data1\" content=\"Gabriel Sales\" \/>\n\t<meta name=\"twitter:label2\" content=\"Tiempo de lectura\" \/>\n\t<meta name=\"twitter:data2\" content=\"10 minutos\" \/>\n<script type=\"application\/ld+json\" class=\"yoast-schema-graph\">{\"@context\":\"https:\\\/\\\/schema.org\",\"@graph\":[{\"@type\":\"Article\",\"@id\":\"https:\\\/\\\/exaudi.org\\\/es\\\/audiencia-general-catequesis-meditacion-2021\\\/#article\",\"isPartOf\":{\"@id\":\"https:\\\/\\\/exaudi.org\\\/es\\\/audiencia-general-catequesis-meditacion-2021\\\/\"},\"author\":{\"name\":\"Gabriel Sales\",\"@id\":\"https:\\\/\\\/exaudi.org\\\/#\\\/schema\\\/person\\\/d134b96438278131ce90c90c03fda6cd\"},\"headline\":\"Audiencia general: Catequesis, \u201cLa meditaci\u00f3n\u201d\",\"datePublished\":\"2021-04-28T10:45:21+00:00\",\"dateModified\":\"2021-04-28T14:18:32+00:00\",\"mainEntityOfPage\":{\"@id\":\"https:\\\/\\\/exaudi.org\\\/es\\\/audiencia-general-catequesis-meditacion-2021\\\/\"},\"wordCount\":2217,\"image\":{\"@id\":\"https:\\\/\\\/exaudi.org\\\/es\\\/audiencia-general-catequesis-meditacion-2021\\\/#primaryimage\"},\"thumbnailUrl\":\"https:\\\/\\\/exaudi.org\\\/wp-content\\\/uploads\\\/2021\\\/04\\\/DSC89831145-scaled.jpg\",\"keywords\":[\"audiencia general\",\"catequesis\",\"La meditaci\u00f3n\",\"papa francisco\"],\"articleSection\":[\"Audiencia General\",\"\u00daltimas noticias\"],\"inLanguage\":\"es\"},{\"@type\":\"WebPage\",\"@id\":\"https:\\\/\\\/exaudi.org\\\/es\\\/audiencia-general-catequesis-meditacion-2021\\\/\",\"url\":\"https:\\\/\\\/exaudi.org\\\/es\\\/audiencia-general-catequesis-meditacion-2021\\\/\",\"name\":\"Audiencia general: Catequesis, \u201cLa meditaci\u00f3n\u201d &#8211; Exaudi\",\"isPartOf\":{\"@id\":\"https:\\\/\\\/exaudi.org\\\/#website\"},\"primaryImageOfPage\":{\"@id\":\"https:\\\/\\\/exaudi.org\\\/es\\\/audiencia-general-catequesis-meditacion-2021\\\/#primaryimage\"},\"image\":{\"@id\":\"https:\\\/\\\/exaudi.org\\\/es\\\/audiencia-general-catequesis-meditacion-2021\\\/#primaryimage\"},\"thumbnailUrl\":\"https:\\\/\\\/exaudi.org\\\/wp-content\\\/uploads\\\/2021\\\/04\\\/DSC89831145-scaled.jpg\",\"datePublished\":\"2021-04-28T10:45:21+00:00\",\"dateModified\":\"2021-04-28T14:18:32+00:00\",\"author\":{\"@id\":\"https:\\\/\\\/exaudi.org\\\/#\\\/schema\\\/person\\\/d134b96438278131ce90c90c03fda6cd\"},\"description\":\"En la catequesis de la Audiencia general, el Papa ha continuado el ciclo de catequesis sobre la oraci\u00f3n y se ha centrado en la meditaci\u00f3n.\",\"breadcrumb\":{\"@id\":\"https:\\\/\\\/exaudi.org\\\/es\\\/audiencia-general-catequesis-meditacion-2021\\\/#breadcrumb\"},\"inLanguage\":\"es\",\"potentialAction\":[{\"@type\":\"ReadAction\",\"target\":[\"https:\\\/\\\/exaudi.org\\\/es\\\/audiencia-general-catequesis-meditacion-2021\\\/\"]}]},{\"@type\":\"ImageObject\",\"inLanguage\":\"es\",\"@id\":\"https:\\\/\\\/exaudi.org\\\/es\\\/audiencia-general-catequesis-meditacion-2021\\\/#primaryimage\",\"url\":\"https:\\\/\\\/exaudi.org\\\/wp-content\\\/uploads\\\/2021\\\/04\\\/DSC89831145-scaled.jpg\",\"contentUrl\":\"https:\\\/\\\/exaudi.org\\\/wp-content\\\/uploads\\\/2021\\\/04\\\/DSC89831145-scaled.jpg\",\"width\":2560,\"height\":1703,\"caption\":\"Audiencia general 28 abril 2021 \u00a9\ufe0f Vatican Media\"},{\"@type\":\"BreadcrumbList\",\"@id\":\"https:\\\/\\\/exaudi.org\\\/es\\\/audiencia-general-catequesis-meditacion-2021\\\/#breadcrumb\",\"itemListElement\":[{\"@type\":\"ListItem\",\"position\":1,\"name\":\"Portada\",\"item\":\"https:\\\/\\\/exaudi.org\\\/es\\\/\"},{\"@type\":\"ListItem\",\"position\":2,\"name\":\"Audiencia general: Catequesis, \u201cLa meditaci\u00f3n\u201d\"}]},{\"@type\":\"WebSite\",\"@id\":\"https:\\\/\\\/exaudi.org\\\/#website\",\"url\":\"https:\\\/\\\/exaudi.org\\\/\",\"name\":\"Exaudi\",\"description\":\"News\",\"potentialAction\":[{\"@type\":\"SearchAction\",\"target\":{\"@type\":\"EntryPoint\",\"urlTemplate\":\"https:\\\/\\\/exaudi.org\\\/?s={search_term_string}\"},\"query-input\":{\"@type\":\"PropertyValueSpecification\",\"valueRequired\":true,\"valueName\":\"search_term_string\"}}],\"inLanguage\":\"es\"},{\"@type\":\"Person\",\"@id\":\"https:\\\/\\\/exaudi.org\\\/#\\\/schema\\\/person\\\/d134b96438278131ce90c90c03fda6cd\",\"name\":\"Gabriel Sales\",\"image\":{\"@type\":\"ImageObject\",\"inLanguage\":\"es\",\"@id\":\"https:\\\/\\\/secure.gravatar.com\\\/avatar\\\/9b1269566f6a063ed26ffb3532b66a373cdde231ce5d0effb266167437fdaffd?s=96&d=mm&r=g\",\"url\":\"https:\\\/\\\/secure.gravatar.com\\\/avatar\\\/9b1269566f6a063ed26ffb3532b66a373cdde231ce5d0effb266167437fdaffd?s=96&d=mm&r=g\",\"contentUrl\":\"https:\\\/\\\/secure.gravatar.com\\\/avatar\\\/9b1269566f6a063ed26ffb3532b66a373cdde231ce5d0effb266167437fdaffd?s=96&d=mm&r=g\",\"caption\":\"Gabriel Sales\"},\"description\":\"Periodista y especialista en Comunicaci\u00f3n y Branding digital. Cin\u00e9filo y cr\u00edtico de cine y series de televisi\u00f3n.\",\"sameAs\":[\"https:\\\/\\\/www.instagram.com\\\/cine90segundos\\\/\",\"www.linkedin.com\\\/in\\\/habemusman\",\"https:\\\/\\\/x.com\\\/habemusman\",\"https:\\\/\\\/www.youtube.com\\\/channel\\\/UCVfCiOMkJ_C7T7OpyjuaLDg\"],\"url\":\"https:\\\/\\\/exaudi.org\\\/es\\\/author\\\/gsalesexaudi-org\\\/\"}]}<\/script>\n<!-- \/ Yoast SEO plugin. -->","yoast_head_json":{"title":"Audiencia general: Catequesis, \u201cLa meditaci\u00f3n\u201d &#8211; Exaudi","description":"En la catequesis de la Audiencia general, el Papa ha continuado el ciclo de catequesis sobre la oraci\u00f3n y se ha centrado en la meditaci\u00f3n.","robots":{"index":"index","follow":"follow","max-snippet":"max-snippet:-1","max-image-preview":"max-image-preview:large","max-video-preview":"max-video-preview:-1"},"canonical":"https:\/\/exaudi.org\/es\/audiencia-general-catequesis-meditacion-2021\/","og_locale":"es_ES","og_type":"article","og_title":"Audiencia general: Catequesis, \u201cLa meditaci\u00f3n\u201d &#8211; Exaudi","og_description":"En la catequesis de la Audiencia general, el Papa ha continuado el ciclo de catequesis sobre la oraci\u00f3n y se ha centrado en la meditaci\u00f3n.","og_url":"https:\/\/exaudi.org\/es\/audiencia-general-catequesis-meditacion-2021\/","og_site_name":"Exaudi","article_publisher":"https:\/\/www.facebook.com\/ExaudiNews","article_published_time":"2021-04-28T10:45:21+00:00","article_modified_time":"2021-04-28T14:18:32+00:00","og_image":[{"width":2560,"height":1703,"url":"https:\/\/exaudi.org\/wp-content\/uploads\/2021\/04\/DSC89831145-scaled.jpg","type":"image\/jpeg"}],"author":"Gabriel Sales","twitter_card":"summary_large_image","twitter_creator":"@habemusman","twitter_site":"@Exaudi_News","twitter_misc":{"Escrito por":"Gabriel Sales","Tiempo de lectura":"10 minutos"},"schema":{"@context":"https:\/\/schema.org","@graph":[{"@type":"Article","@id":"https:\/\/exaudi.org\/es\/audiencia-general-catequesis-meditacion-2021\/#article","isPartOf":{"@id":"https:\/\/exaudi.org\/es\/audiencia-general-catequesis-meditacion-2021\/"},"author":{"name":"Gabriel Sales","@id":"https:\/\/exaudi.org\/#\/schema\/person\/d134b96438278131ce90c90c03fda6cd"},"headline":"Audiencia general: Catequesis, \u201cLa meditaci\u00f3n\u201d","datePublished":"2021-04-28T10:45:21+00:00","dateModified":"2021-04-28T14:18:32+00:00","mainEntityOfPage":{"@id":"https:\/\/exaudi.org\/es\/audiencia-general-catequesis-meditacion-2021\/"},"wordCount":2217,"image":{"@id":"https:\/\/exaudi.org\/es\/audiencia-general-catequesis-meditacion-2021\/#primaryimage"},"thumbnailUrl":"https:\/\/exaudi.org\/wp-content\/uploads\/2021\/04\/DSC89831145-scaled.jpg","keywords":["audiencia general","catequesis","La meditaci\u00f3n","papa francisco"],"articleSection":["Audiencia General","\u00daltimas noticias"],"inLanguage":"es"},{"@type":"WebPage","@id":"https:\/\/exaudi.org\/es\/audiencia-general-catequesis-meditacion-2021\/","url":"https:\/\/exaudi.org\/es\/audiencia-general-catequesis-meditacion-2021\/","name":"Audiencia general: Catequesis, \u201cLa meditaci\u00f3n\u201d &#8211; Exaudi","isPartOf":{"@id":"https:\/\/exaudi.org\/#website"},"primaryImageOfPage":{"@id":"https:\/\/exaudi.org\/es\/audiencia-general-catequesis-meditacion-2021\/#primaryimage"},"image":{"@id":"https:\/\/exaudi.org\/es\/audiencia-general-catequesis-meditacion-2021\/#primaryimage"},"thumbnailUrl":"https:\/\/exaudi.org\/wp-content\/uploads\/2021\/04\/DSC89831145-scaled.jpg","datePublished":"2021-04-28T10:45:21+00:00","dateModified":"2021-04-28T14:18:32+00:00","author":{"@id":"https:\/\/exaudi.org\/#\/schema\/person\/d134b96438278131ce90c90c03fda6cd"},"description":"En la catequesis de la Audiencia general, el Papa ha continuado el ciclo de catequesis sobre la oraci\u00f3n y se ha centrado en la meditaci\u00f3n.","breadcrumb":{"@id":"https:\/\/exaudi.org\/es\/audiencia-general-catequesis-meditacion-2021\/#breadcrumb"},"inLanguage":"es","potentialAction":[{"@type":"ReadAction","target":["https:\/\/exaudi.org\/es\/audiencia-general-catequesis-meditacion-2021\/"]}]},{"@type":"ImageObject","inLanguage":"es","@id":"https:\/\/exaudi.org\/es\/audiencia-general-catequesis-meditacion-2021\/#primaryimage","url":"https:\/\/exaudi.org\/wp-content\/uploads\/2021\/04\/DSC89831145-scaled.jpg","contentUrl":"https:\/\/exaudi.org\/wp-content\/uploads\/2021\/04\/DSC89831145-scaled.jpg","width":2560,"height":1703,"caption":"Audiencia general 28 abril 2021 \u00a9\ufe0f Vatican Media"},{"@type":"BreadcrumbList","@id":"https:\/\/exaudi.org\/es\/audiencia-general-catequesis-meditacion-2021\/#breadcrumb","itemListElement":[{"@type":"ListItem","position":1,"name":"Portada","item":"https:\/\/exaudi.org\/es\/"},{"@type":"ListItem","position":2,"name":"Audiencia general: Catequesis, \u201cLa meditaci\u00f3n\u201d"}]},{"@type":"WebSite","@id":"https:\/\/exaudi.org\/#website","url":"https:\/\/exaudi.org\/","name":"Exaudi","description":"News","potentialAction":[{"@type":"SearchAction","target":{"@type":"EntryPoint","urlTemplate":"https:\/\/exaudi.org\/?s={search_term_string}"},"query-input":{"@type":"PropertyValueSpecification","valueRequired":true,"valueName":"search_term_string"}}],"inLanguage":"es"},{"@type":"Person","@id":"https:\/\/exaudi.org\/#\/schema\/person\/d134b96438278131ce90c90c03fda6cd","name":"Gabriel Sales","image":{"@type":"ImageObject","inLanguage":"es","@id":"https:\/\/secure.gravatar.com\/avatar\/9b1269566f6a063ed26ffb3532b66a373cdde231ce5d0effb266167437fdaffd?s=96&d=mm&r=g","url":"https:\/\/secure.gravatar.com\/avatar\/9b1269566f6a063ed26ffb3532b66a373cdde231ce5d0effb266167437fdaffd?s=96&d=mm&r=g","contentUrl":"https:\/\/secure.gravatar.com\/avatar\/9b1269566f6a063ed26ffb3532b66a373cdde231ce5d0effb266167437fdaffd?s=96&d=mm&r=g","caption":"Gabriel Sales"},"description":"Periodista y especialista en Comunicaci\u00f3n y Branding digital. Cin\u00e9filo y cr\u00edtico de cine y series de televisi\u00f3n.","sameAs":["https:\/\/www.instagram.com\/cine90segundos\/","www.linkedin.com\/in\/habemusman","https:\/\/x.com\/habemusman","https:\/\/www.youtube.com\/channel\/UCVfCiOMkJ_C7T7OpyjuaLDg"],"url":"https:\/\/exaudi.org\/es\/author\/gsalesexaudi-org\/"}]}},"jetpack_featured_media_url":"https:\/\/exaudi.org\/wp-content\/uploads\/2021\/04\/DSC89831145-scaled.jpg","jetpack_shortlink":"https:\/\/wp.me\/pgKjF2-3Ap","_links":{"self":[{"href":"https:\/\/exaudi.org\/es\/wp-json\/wp\/v2\/posts\/13789","targetHints":{"allow":["GET"]}}],"collection":[{"href":"https:\/\/exaudi.org\/es\/wp-json\/wp\/v2\/posts"}],"about":[{"href":"https:\/\/exaudi.org\/es\/wp-json\/wp\/v2\/types\/post"}],"author":[{"embeddable":true,"href":"https:\/\/exaudi.org\/es\/wp-json\/wp\/v2\/users\/6"}],"replies":[{"embeddable":true,"href":"https:\/\/exaudi.org\/es\/wp-json\/wp\/v2\/comments?post=13789"}],"version-history":[{"count":0,"href":"https:\/\/exaudi.org\/es\/wp-json\/wp\/v2\/posts\/13789\/revisions"}],"wp:featuredmedia":[{"embeddable":true,"href":"https:\/\/exaudi.org\/es\/wp-json\/wp\/v2\/media\/13837"}],"wp:attachment":[{"href":"https:\/\/exaudi.org\/es\/wp-json\/wp\/v2\/media?parent=13789"}],"wp:term":[{"taxonomy":"category","embeddable":true,"href":"https:\/\/exaudi.org\/es\/wp-json\/wp\/v2\/categories?post=13789"},{"taxonomy":"post_tag","embeddable":true,"href":"https:\/\/exaudi.org\/es\/wp-json\/wp\/v2\/tags?post=13789"}],"curies":[{"name":"wp","href":"https:\/\/api.w.org\/{rel}","templated":true}]}}