{"id":137160,"date":"2025-10-02T09:45:24","date_gmt":"2025-10-02T07:45:24","guid":{"rendered":"https:\/\/exaudi.org\/?p=137160"},"modified":"2025-10-01T15:21:27","modified_gmt":"2025-10-01T13:21:27","slug":"diciembre-un-dia-elegido-para-mi","status":"publish","type":"post","link":"https:\/\/exaudi.org\/es\/diciembre-un-dia-elegido-para-mi\/","title":{"rendered":"Diciembre\u2026 Un d\u00eda elegido para m\u00ed"},"content":{"rendered":"<p>Recuerdo, como si fuera ayer, mi despertar una madrugada de invierno con un grito que no sab\u00eda de d\u00f3nde proced\u00eda y solo o\u00eda en mi interior: \u201cLa mies es mucha, los obreros pocos\u2026\u201d (Mt 9,37).<\/p>\n<p><iframe title=\"Spotify Embed: Diciembre\u2026 Un d\u00eda elegido para m\u00ed\" style=\"border-radius: 12px\" width=\"100%\" height=\"152\" frameborder=\"0\" allowfullscreen allow=\"autoplay; clipboard-write; encrypted-media; fullscreen; picture-in-picture\" loading=\"lazy\" src=\"https:\/\/open.spotify.com\/embed\/episode\/6uTyHlxVi9mSkk0MXG0fl8?si=c18c66498f694f0d&#038;utm_source=oembed\"><\/iframe><\/p>\n<p>Fue una luz que borraba toda sombra de duda y que todav\u00eda hoy sigue resonando como llamada primera, como impulso que atraviesa d\u00e9cadas y permanece intacto.<\/p>\n<p>Evoco tambi\u00e9n con nitidez mi primera comuni\u00f3n en una peque\u00f1a capilla: solo mi madre, mi hermano y yo. El recordatorio que conservo lleva la fecha del 5 de junio de 1958. Aquel d\u00eda fue un regalo de amor inmerecido, la certeza de que la vida se abre con un sello de <strong><em>pertenencia<\/em><\/strong>.<\/p>\n<p>De ni\u00f1a, le\u00eda el Evangelio de noche con una linterna bajo las s\u00e1banas, pues la noche era para dormir, no para leer. Lo subrayaba a colores. Aquellas p\u00e1ginas se convirtieron en confidencia y refugio, como un tesoro escondido que nadie m\u00e1s conoc\u00eda. Era mi secreto, la primera semilla de una amistad que nunca me ha faltado.<\/p>\n<p>En 1972 conoc\u00ed a san Josemar\u00eda en el colegio Tajamar de Madrid. No fue una luz aislada, sino un horizonte de amaneceres sin fin. Siempre lo explico con una imagen: como la mujer que busca el vestido adecuado para una fiesta. De pronto, un fogonazo: un escaparate con un maniqu\u00ed vestido. Y yo era ese maniqu\u00ed que cobraba vida, con vestido, zapatos y bolso, convertida en la reina de la fiesta.<br \/>\nEra mi traje: destino, camino y herramientas para los tropiezos. Era el Amor que me esperaba en cada recodo. Dije \u201cs\u00ed\u201d sin titubeos al amor y al dolor, a la tarea de cosechar cada d\u00eda, arrimar el hombro sin excusas ni fuegos fatuos, confiando en quien me hab\u00eda buscado desde el principio de los tiempos.<\/p>\n<p>San Josemar\u00eda era un hurac\u00e1n que abrasaba corazones, y el m\u00edo estaba preparado por tantas horas al pie de la cruz, cuando en la universidad me escapaba a acompa\u00f1arle: \u201cSiento tu mirada clavada en el fondo de mi alma dura; su calor quema mis entra\u00f1as, como el fuego la cera pura.\u201d Le dec\u00eda, fija mi mirada en la suya.<\/p>\n<p>Ped\u00ed la admisi\u00f3n en el Opus Dei el 14 de diciembre de 1972 y, por la misericordia de Dios, jam\u00e1s he vuelto la vista atr\u00e1s. Ese d\u00eda marc\u00f3 un antes y un despu\u00e9s. Aprend\u00ed que la fidelidad no es rigidez, sino flexibilidad para dejarse moldear cada jornada, con la certeza de que lo que se entrega nunca se pierde.<\/p>\n<p>Hoy, 2 de octubre de 2025, hago p\u00fablico mi agradecimiento al Amor que detuvo su mirada en m\u00ed con infinita misericordia. Es un agradecimiento sereno, nacido de la experiencia, pero al mismo tiempo vibrante como el primer d\u00eda.<\/p>\n<p>Hago m\u00eda la oraci\u00f3n de Gustave Thibon (1903-2001), en su libro\u201d Nuestra mirada ciega ante la luz\u201d:<\/p>\n<p style=\"text-align: center;\"><strong><em>\u201cCuando te digo: rezo por ti, esto no significa que de vez en cuando musite algunas palabras pensando en tu recuerdo, sino que quiero cargar sobre mis espaldas con toda tu responsabilidad; que te llevo dentro de m\u00ed como una madre lleva a su hijo; que deseo compartir \u2014y no s\u00f3lo compartir, sino atraer enteramente sobre m\u00ed\u2014 todo el mal, todo el dolor que te amenaza; y que ofrezco a Dios toda mi noche para que \u00c9l te la devuelva transformada en luz.\u201d<\/em><\/strong><\/p>\n<p><iframe title=\"Spotify Embed: Santidad en lo cotidiano\" style=\"border-radius: 12px\" width=\"100%\" height=\"152\" frameborder=\"0\" allowfullscreen allow=\"autoplay; clipboard-write; encrypted-media; fullscreen; picture-in-picture\" loading=\"lazy\" src=\"https:\/\/open.spotify.com\/embed\/episode\/4gJNMwkhP00jhwBF109X7v?si=1764d6282d5a4f3b&#038;utm_source=oembed\"><\/iframe><\/p>\n<p>Hoy, con mi edad, mi coraz\u00f3n sigue vibrante, anhelando el abrazo eterno y que, al llegar a su presencia, me sonr\u00eda. Esa esperanza me sostiene y me impulsa a no vivir de prestado, sino a aprovechar cada jornada como puntada en el tapiz de mi vida.<\/p>\n<p>Solo el amor me libera del temor adolescente de escuchar: \u201cNo te conozco.\u201d He comprendido que no hay otro camino m\u00e1s seguro que dejarse reconocer por \u00c9l, porque su mirada no se pierde, aunque la m\u00eda a veces se distraiga.<\/p>\n<p>Cada d\u00eda intento enhebrar la aguja con el hilo que Dios me concede para tejer mi tapiz, con un rev\u00e9s lleno de nudos, pero sabiendo que ese es el recorrido diario. Y, aunque el tapiz parezca imperfecto, conf\u00edo en que del otro lado \u2014el que solo \u00c9l ve\u2014 se dibuja una obra bella.<\/p>\n<p>En el fondo, todo se reduce a esto: permanecer en el Amor. Porque en la trama de mi vida, hecha de luces y de sombras, de fidelidades y tropiezos, solo el Amor ha sido y ser\u00e1 siempre la urdimbre que sostiene cada hilo.<\/p>\n<p>\u201cLa mies es mucha, los obreros pocos. Rogad al due\u00f1o de la mies que env\u00ede obreros a su mies\u201d (San Mateo 9-37,38)<\/p>\n<p>&nbsp;<\/p>\n<p><img loading=\"lazy\" decoding=\"async\" class=\"size-full wp-image-137173 alignnone\" src=\"https:\/\/exaudi.org\/wp-content\/uploads\/2025\/10\/voces-7.jpg\" alt=\"\" width=\"940\" height=\"788\" srcset=\"https:\/\/exaudi.org\/wp-content\/uploads\/2025\/10\/voces-7.jpg 940w, https:\/\/exaudi.org\/wp-content\/uploads\/2025\/10\/voces-7-300x251.jpg 300w, https:\/\/exaudi.org\/wp-content\/uploads\/2025\/10\/voces-7-770x645.jpg 770w, https:\/\/exaudi.org\/wp-content\/uploads\/2025\/10\/voces-7-500x419.jpg 500w\" sizes=\"auto, (max-width: 940px) 100vw, 940px\" \/><\/p>\n","protected":false},"excerpt":{"rendered":"<p>Un viaje de fe y amor: mi despertar espiritual y el llamado que marc\u00f3 mi vida<\/p>\n","protected":false},"author":164,"featured_media":137165,"comment_status":"closed","ping_status":"closed","sticky":false,"template":"","format":"standard","meta":{"_acf_changed":false,"_crdt_document":"","inline_featured_image":false,"footnotes":""},"categories":[],"tags":[75010,17706,19567,9207,75012,75016,15214,48980,75014,8677,27840,29326,624,1372,3164,6193,8003,75015,1198,24915,75011,75008,75019,9230,30391,75009,676,75021,13564,26147,20098,63637,3021,1716,75007,75013,75017,75018,58880,75020,20355,15380],"class_list":["post-137160","post","type-post","status-publish","format-standard","has-post-thumbnail","hentry","tag-75010","tag-amor-divino","tag-amor-verdadero","tag-compromiso","tag-confidencia","tag-corazon-vibrante","tag-crecimiento-espiritual","tag-despertar-espiritual","tag-destino","tag-devocion","tag-diciembre","tag-ensenanza-cristiana","tag-esperanza","tag-evangelio","tag-fe-es","tag-fidelidad","tag-gratitud","tag-gustave-thibon","tag-infancia","tag-inspiracion-cristiana","tag-lectura-nocturna","tag-llamada-interior","tag-luz-interior","tag-madrid-2","tag-misericordia-de-dios","tag-mt-9","tag-oracion","tag-oracion-profunda","tag-presencia-de-dios","tag-primera-comunion","tag-reflexion-personal","tag-rosa-montenegro","tag-san-josemaria","tag-santidad","tag-santificar","tag-tajamar","tag-tapiz-de-la-vida","tag-trayectoria-religiosa","tag-trending-es-151","tag-tropiezos","tag-vida-de-fe","tag-vida-espiritual"],"acf":[],"yoast_head":"<!-- This site is optimized with the Yoast SEO plugin v27.4 - https:\/\/yoast.com\/product\/yoast-seo-wordpress\/ -->\n<title>Diciembre\u2026 Un d\u00eda elegido para m\u00ed &#8211; Exaudi<\/title>\n<meta name=\"robots\" content=\"index, follow, max-snippet:-1, max-image-preview:large, max-video-preview:-1\" \/>\n<link rel=\"canonical\" href=\"https:\/\/exaudi.org\/es\/diciembre-un-dia-elegido-para-mi\/\" \/>\n<meta property=\"og:locale\" content=\"es_ES\" \/>\n<meta property=\"og:type\" content=\"article\" \/>\n<meta property=\"og:title\" content=\"Diciembre\u2026 Un d\u00eda elegido para m\u00ed &#8211; Exaudi\" \/>\n<meta property=\"og:description\" content=\"Un viaje de fe y amor: mi despertar espiritual y el llamado que marc\u00f3 mi vida\" \/>\n<meta property=\"og:url\" content=\"https:\/\/exaudi.org\/es\/diciembre-un-dia-elegido-para-mi\/\" \/>\n<meta property=\"og:site_name\" content=\"Exaudi\" \/>\n<meta property=\"article:publisher\" content=\"https:\/\/www.facebook.com\/ExaudiNews\" \/>\n<meta property=\"article:author\" content=\"https:\/\/www.facebook.com\/metaforasenrosa\/\" \/>\n<meta property=\"article:published_time\" content=\"2025-10-02T07:45:24+00:00\" \/>\n<meta property=\"og:image\" content=\"https:\/\/exaudi.org\/wp-content\/uploads\/2025\/10\/pexels-speak-85162049-10766817-scaled.jpg\" \/>\n\t<meta property=\"og:image:width\" content=\"2560\" \/>\n\t<meta property=\"og:image:height\" content=\"1707\" \/>\n\t<meta property=\"og:image:type\" content=\"image\/jpeg\" \/>\n<meta name=\"author\" content=\"Rosa Montenegro\" \/>\n<meta name=\"twitter:card\" content=\"summary_large_image\" \/>\n<meta name=\"twitter:creator\" content=\"@coachingalicia\" \/>\n<meta name=\"twitter:site\" content=\"@Exaudi_News\" \/>\n<meta name=\"twitter:label1\" content=\"Escrito por\" \/>\n\t<meta name=\"twitter:data1\" content=\"Rosa Montenegro\" \/>\n\t<meta name=\"twitter:label2\" content=\"Tiempo de lectura\" \/>\n\t<meta name=\"twitter:data2\" content=\"4 minutos\" \/>\n<script type=\"application\/ld+json\" class=\"yoast-schema-graph\">{\"@context\":\"https:\\\/\\\/schema.org\",\"@graph\":[{\"@type\":\"Article\",\"@id\":\"https:\\\/\\\/exaudi.org\\\/es\\\/diciembre-un-dia-elegido-para-mi\\\/#article\",\"isPartOf\":{\"@id\":\"https:\\\/\\\/exaudi.org\\\/es\\\/diciembre-un-dia-elegido-para-mi\\\/\"},\"author\":{\"name\":\"Rosa Montenegro\",\"@id\":\"https:\\\/\\\/exaudi.org\\\/#\\\/schema\\\/person\\\/85388ea135d433877a2634f921d5567c\"},\"headline\":\"Diciembre\u2026 Un d\u00eda elegido para m\u00ed\",\"datePublished\":\"2025-10-02T07:45:24+00:00\",\"mainEntityOfPage\":{\"@id\":\"https:\\\/\\\/exaudi.org\\\/es\\\/diciembre-un-dia-elegido-para-mi\\\/\"},\"wordCount\":829,\"image\":{\"@id\":\"https:\\\/\\\/exaudi.org\\\/es\\\/diciembre-un-dia-elegido-para-mi\\\/#primaryimage\"},\"thumbnailUrl\":\"https:\\\/\\\/exaudi.org\\\/wp-content\\\/uploads\\\/2025\\\/10\\\/pexels-speak-85162049-10766817-scaled.jpg\",\"keywords\":[\"37\",\"amor divino\",\"amor verdadero\",\"Compromiso\",\"confidencia\",\"coraz\u00f3n vibrante\",\"crecimiento espiritual\",\"despertar espiritual\",\"destino\",\"Devoci\u00f3n\",\"diciembre\",\"ense\u00f1anza cristiana\",\"Esperanza\",\"Evangelio\",\"fe\",\"Fidelidad\",\"Gratitud\",\"Gustave Thibon\",\"Infancia\",\"inspiraci\u00f3n cristiana\",\"lectura nocturna\",\"llamada interior\",\"luz interior\",\"Madrid\",\"misericordia de Dios\",\"Mt 9\",\"Oraci\u00f3n\",\"oraci\u00f3n profunda\",\"Presencia de Dios\",\"primera comuni\u00f3n\",\"reflexi\u00f3n personal\",\"Rosa Montenegro\",\"San Josemar\u00eda\",\"Santidad\",\"Santificar\",\"Tajamar\",\"tapiz de la vida\",\"trayectoria religiosa\",\"Trending\",\"tropiezos\",\"vida de fe\",\"Vida espiritual\"],\"inLanguage\":\"es\"},{\"@type\":\"WebPage\",\"@id\":\"https:\\\/\\\/exaudi.org\\\/es\\\/diciembre-un-dia-elegido-para-mi\\\/\",\"url\":\"https:\\\/\\\/exaudi.org\\\/es\\\/diciembre-un-dia-elegido-para-mi\\\/\",\"name\":\"Diciembre\u2026 Un d\u00eda elegido para m\u00ed &#8211; Exaudi\",\"isPartOf\":{\"@id\":\"https:\\\/\\\/exaudi.org\\\/#website\"},\"primaryImageOfPage\":{\"@id\":\"https:\\\/\\\/exaudi.org\\\/es\\\/diciembre-un-dia-elegido-para-mi\\\/#primaryimage\"},\"image\":{\"@id\":\"https:\\\/\\\/exaudi.org\\\/es\\\/diciembre-un-dia-elegido-para-mi\\\/#primaryimage\"},\"thumbnailUrl\":\"https:\\\/\\\/exaudi.org\\\/wp-content\\\/uploads\\\/2025\\\/10\\\/pexels-speak-85162049-10766817-scaled.jpg\",\"datePublished\":\"2025-10-02T07:45:24+00:00\",\"author\":{\"@id\":\"https:\\\/\\\/exaudi.org\\\/#\\\/schema\\\/person\\\/85388ea135d433877a2634f921d5567c\"},\"breadcrumb\":{\"@id\":\"https:\\\/\\\/exaudi.org\\\/es\\\/diciembre-un-dia-elegido-para-mi\\\/#breadcrumb\"},\"inLanguage\":\"es\",\"potentialAction\":[{\"@type\":\"ReadAction\",\"target\":[\"https:\\\/\\\/exaudi.org\\\/es\\\/diciembre-un-dia-elegido-para-mi\\\/\"]}]},{\"@type\":\"ImageObject\",\"inLanguage\":\"es\",\"@id\":\"https:\\\/\\\/exaudi.org\\\/es\\\/diciembre-un-dia-elegido-para-mi\\\/#primaryimage\",\"url\":\"https:\\\/\\\/exaudi.org\\\/wp-content\\\/uploads\\\/2025\\\/10\\\/pexels-speak-85162049-10766817-scaled.jpg\",\"contentUrl\":\"https:\\\/\\\/exaudi.org\\\/wp-content\\\/uploads\\\/2025\\\/10\\\/pexels-speak-85162049-10766817-scaled.jpg\",\"width\":2560,\"height\":1707},{\"@type\":\"BreadcrumbList\",\"@id\":\"https:\\\/\\\/exaudi.org\\\/es\\\/diciembre-un-dia-elegido-para-mi\\\/#breadcrumb\",\"itemListElement\":[{\"@type\":\"ListItem\",\"position\":1,\"name\":\"Portada\",\"item\":\"https:\\\/\\\/exaudi.org\\\/es\\\/\"},{\"@type\":\"ListItem\",\"position\":2,\"name\":\"Diciembre\u2026 Un d\u00eda elegido para m\u00ed\"}]},{\"@type\":\"WebSite\",\"@id\":\"https:\\\/\\\/exaudi.org\\\/#website\",\"url\":\"https:\\\/\\\/exaudi.org\\\/\",\"name\":\"Exaudi\",\"description\":\"News\",\"potentialAction\":[{\"@type\":\"SearchAction\",\"target\":{\"@type\":\"EntryPoint\",\"urlTemplate\":\"https:\\\/\\\/exaudi.org\\\/?s={search_term_string}\"},\"query-input\":{\"@type\":\"PropertyValueSpecification\",\"valueRequired\":true,\"valueName\":\"search_term_string\"}}],\"inLanguage\":\"es\"},{\"@type\":\"Person\",\"@id\":\"https:\\\/\\\/exaudi.org\\\/#\\\/schema\\\/person\\\/85388ea135d433877a2634f921d5567c\",\"name\":\"Rosa Montenegro\",\"image\":{\"@type\":\"ImageObject\",\"inLanguage\":\"es\",\"@id\":\"https:\\\/\\\/secure.gravatar.com\\\/avatar\\\/0fc49e154ba2f960002488bc6c90128a74660ddaabe7e2096076c8659f3d49fa?s=96&d=mm&r=g\",\"url\":\"https:\\\/\\\/secure.gravatar.com\\\/avatar\\\/0fc49e154ba2f960002488bc6c90128a74660ddaabe7e2096076c8659f3d49fa?s=96&d=mm&r=g\",\"contentUrl\":\"https:\\\/\\\/secure.gravatar.com\\\/avatar\\\/0fc49e154ba2f960002488bc6c90128a74660ddaabe7e2096076c8659f3d49fa?s=96&d=mm&r=g\",\"caption\":\"Rosa Montenegro\"},\"description\":\"Pedagoga, orientadora familiar (UNAV) y autora del libro \u201cEl yo y sus met\u00e1foras\u201d libro de antropolog\u00eda para gente sencilla. Con una extensa experiencia internacional en asesoramiento, formaci\u00f3n y coaching, acompa\u00f1a procesos de reconstrucci\u00f3n personal y promueve el fortalecimiento de la identidad desde un enfoque humanista y transformador.\",\"sameAs\":[\"https:\\\/\\\/metaforasenrosa.com\\\/\",\"https:\\\/\\\/www.facebook.com\\\/metaforasenrosa\\\/\",\"https:\\\/\\\/www.instagram.com\\\/metaforasenrosa\\\/\",\"https:\\\/\\\/x.com\\\/coachingalicia\"],\"url\":\"https:\\\/\\\/exaudi.org\\\/es\\\/author\\\/rosa-montenegro\\\/\"}]}<\/script>\n<!-- \/ Yoast SEO plugin. -->","yoast_head_json":{"title":"Diciembre\u2026 Un d\u00eda elegido para m\u00ed &#8211; Exaudi","robots":{"index":"index","follow":"follow","max-snippet":"max-snippet:-1","max-image-preview":"max-image-preview:large","max-video-preview":"max-video-preview:-1"},"canonical":"https:\/\/exaudi.org\/es\/diciembre-un-dia-elegido-para-mi\/","og_locale":"es_ES","og_type":"article","og_title":"Diciembre\u2026 Un d\u00eda elegido para m\u00ed &#8211; Exaudi","og_description":"Un viaje de fe y amor: mi despertar espiritual y el llamado que marc\u00f3 mi vida","og_url":"https:\/\/exaudi.org\/es\/diciembre-un-dia-elegido-para-mi\/","og_site_name":"Exaudi","article_publisher":"https:\/\/www.facebook.com\/ExaudiNews","article_author":"https:\/\/www.facebook.com\/metaforasenrosa\/","article_published_time":"2025-10-02T07:45:24+00:00","og_image":[{"width":2560,"height":1707,"url":"https:\/\/exaudi.org\/wp-content\/uploads\/2025\/10\/pexels-speak-85162049-10766817-scaled.jpg","type":"image\/jpeg"}],"author":"Rosa Montenegro","twitter_card":"summary_large_image","twitter_creator":"@coachingalicia","twitter_site":"@Exaudi_News","twitter_misc":{"Escrito por":"Rosa Montenegro","Tiempo de lectura":"4 minutos"},"schema":{"@context":"https:\/\/schema.org","@graph":[{"@type":"Article","@id":"https:\/\/exaudi.org\/es\/diciembre-un-dia-elegido-para-mi\/#article","isPartOf":{"@id":"https:\/\/exaudi.org\/es\/diciembre-un-dia-elegido-para-mi\/"},"author":{"name":"Rosa Montenegro","@id":"https:\/\/exaudi.org\/#\/schema\/person\/85388ea135d433877a2634f921d5567c"},"headline":"Diciembre\u2026 Un d\u00eda elegido para m\u00ed","datePublished":"2025-10-02T07:45:24+00:00","mainEntityOfPage":{"@id":"https:\/\/exaudi.org\/es\/diciembre-un-dia-elegido-para-mi\/"},"wordCount":829,"image":{"@id":"https:\/\/exaudi.org\/es\/diciembre-un-dia-elegido-para-mi\/#primaryimage"},"thumbnailUrl":"https:\/\/exaudi.org\/wp-content\/uploads\/2025\/10\/pexels-speak-85162049-10766817-scaled.jpg","keywords":["37","amor divino","amor verdadero","Compromiso","confidencia","coraz\u00f3n vibrante","crecimiento espiritual","despertar espiritual","destino","Devoci\u00f3n","diciembre","ense\u00f1anza cristiana","Esperanza","Evangelio","fe","Fidelidad","Gratitud","Gustave Thibon","Infancia","inspiraci\u00f3n cristiana","lectura nocturna","llamada interior","luz interior","Madrid","misericordia de Dios","Mt 9","Oraci\u00f3n","oraci\u00f3n profunda","Presencia de Dios","primera comuni\u00f3n","reflexi\u00f3n personal","Rosa Montenegro","San Josemar\u00eda","Santidad","Santificar","Tajamar","tapiz de la vida","trayectoria religiosa","Trending","tropiezos","vida de fe","Vida espiritual"],"inLanguage":"es"},{"@type":"WebPage","@id":"https:\/\/exaudi.org\/es\/diciembre-un-dia-elegido-para-mi\/","url":"https:\/\/exaudi.org\/es\/diciembre-un-dia-elegido-para-mi\/","name":"Diciembre\u2026 Un d\u00eda elegido para m\u00ed &#8211; Exaudi","isPartOf":{"@id":"https:\/\/exaudi.org\/#website"},"primaryImageOfPage":{"@id":"https:\/\/exaudi.org\/es\/diciembre-un-dia-elegido-para-mi\/#primaryimage"},"image":{"@id":"https:\/\/exaudi.org\/es\/diciembre-un-dia-elegido-para-mi\/#primaryimage"},"thumbnailUrl":"https:\/\/exaudi.org\/wp-content\/uploads\/2025\/10\/pexels-speak-85162049-10766817-scaled.jpg","datePublished":"2025-10-02T07:45:24+00:00","author":{"@id":"https:\/\/exaudi.org\/#\/schema\/person\/85388ea135d433877a2634f921d5567c"},"breadcrumb":{"@id":"https:\/\/exaudi.org\/es\/diciembre-un-dia-elegido-para-mi\/#breadcrumb"},"inLanguage":"es","potentialAction":[{"@type":"ReadAction","target":["https:\/\/exaudi.org\/es\/diciembre-un-dia-elegido-para-mi\/"]}]},{"@type":"ImageObject","inLanguage":"es","@id":"https:\/\/exaudi.org\/es\/diciembre-un-dia-elegido-para-mi\/#primaryimage","url":"https:\/\/exaudi.org\/wp-content\/uploads\/2025\/10\/pexels-speak-85162049-10766817-scaled.jpg","contentUrl":"https:\/\/exaudi.org\/wp-content\/uploads\/2025\/10\/pexels-speak-85162049-10766817-scaled.jpg","width":2560,"height":1707},{"@type":"BreadcrumbList","@id":"https:\/\/exaudi.org\/es\/diciembre-un-dia-elegido-para-mi\/#breadcrumb","itemListElement":[{"@type":"ListItem","position":1,"name":"Portada","item":"https:\/\/exaudi.org\/es\/"},{"@type":"ListItem","position":2,"name":"Diciembre\u2026 Un d\u00eda elegido para m\u00ed"}]},{"@type":"WebSite","@id":"https:\/\/exaudi.org\/#website","url":"https:\/\/exaudi.org\/","name":"Exaudi","description":"News","potentialAction":[{"@type":"SearchAction","target":{"@type":"EntryPoint","urlTemplate":"https:\/\/exaudi.org\/?s={search_term_string}"},"query-input":{"@type":"PropertyValueSpecification","valueRequired":true,"valueName":"search_term_string"}}],"inLanguage":"es"},{"@type":"Person","@id":"https:\/\/exaudi.org\/#\/schema\/person\/85388ea135d433877a2634f921d5567c","name":"Rosa Montenegro","image":{"@type":"ImageObject","inLanguage":"es","@id":"https:\/\/secure.gravatar.com\/avatar\/0fc49e154ba2f960002488bc6c90128a74660ddaabe7e2096076c8659f3d49fa?s=96&d=mm&r=g","url":"https:\/\/secure.gravatar.com\/avatar\/0fc49e154ba2f960002488bc6c90128a74660ddaabe7e2096076c8659f3d49fa?s=96&d=mm&r=g","contentUrl":"https:\/\/secure.gravatar.com\/avatar\/0fc49e154ba2f960002488bc6c90128a74660ddaabe7e2096076c8659f3d49fa?s=96&d=mm&r=g","caption":"Rosa Montenegro"},"description":"Pedagoga, orientadora familiar (UNAV) y autora del libro \u201cEl yo y sus met\u00e1foras\u201d libro de antropolog\u00eda para gente sencilla. Con una extensa experiencia internacional en asesoramiento, formaci\u00f3n y coaching, acompa\u00f1a procesos de reconstrucci\u00f3n personal y promueve el fortalecimiento de la identidad desde un enfoque humanista y transformador.","sameAs":["https:\/\/metaforasenrosa.com\/","https:\/\/www.facebook.com\/metaforasenrosa\/","https:\/\/www.instagram.com\/metaforasenrosa\/","https:\/\/x.com\/coachingalicia"],"url":"https:\/\/exaudi.org\/es\/author\/rosa-montenegro\/"}]}},"jetpack_featured_media_url":"https:\/\/exaudi.org\/wp-content\/uploads\/2025\/10\/pexels-speak-85162049-10766817-scaled.jpg","jetpack_shortlink":"https:\/\/wp.me\/pgKjF2-zGg","_links":{"self":[{"href":"https:\/\/exaudi.org\/es\/wp-json\/wp\/v2\/posts\/137160","targetHints":{"allow":["GET"]}}],"collection":[{"href":"https:\/\/exaudi.org\/es\/wp-json\/wp\/v2\/posts"}],"about":[{"href":"https:\/\/exaudi.org\/es\/wp-json\/wp\/v2\/types\/post"}],"author":[{"embeddable":true,"href":"https:\/\/exaudi.org\/es\/wp-json\/wp\/v2\/users\/164"}],"replies":[{"embeddable":true,"href":"https:\/\/exaudi.org\/es\/wp-json\/wp\/v2\/comments?post=137160"}],"version-history":[{"count":6,"href":"https:\/\/exaudi.org\/es\/wp-json\/wp\/v2\/posts\/137160\/revisions"}],"predecessor-version":[{"id":137176,"href":"https:\/\/exaudi.org\/es\/wp-json\/wp\/v2\/posts\/137160\/revisions\/137176"}],"wp:featuredmedia":[{"embeddable":true,"href":"https:\/\/exaudi.org\/es\/wp-json\/wp\/v2\/media\/137165"}],"wp:attachment":[{"href":"https:\/\/exaudi.org\/es\/wp-json\/wp\/v2\/media?parent=137160"}],"wp:term":[{"taxonomy":"category","embeddable":true,"href":"https:\/\/exaudi.org\/es\/wp-json\/wp\/v2\/categories?post=137160"},{"taxonomy":"post_tag","embeddable":true,"href":"https:\/\/exaudi.org\/es\/wp-json\/wp\/v2\/tags?post=137160"}],"curies":[{"name":"wp","href":"https:\/\/api.w.org\/{rel}","templated":true}]}}