{"id":137131,"date":"2025-10-01T12:03:27","date_gmt":"2025-10-01T10:03:27","guid":{"rendered":"https:\/\/exaudi.org\/?p=137131"},"modified":"2025-10-01T12:04:17","modified_gmt":"2025-10-01T10:04:17","slug":"aldea-del-nino-beato-juniperra-educacion-y-cultura-en-el-corazon-de-la-selva","status":"publish","type":"post","link":"https:\/\/exaudi.org\/es\/aldea-del-nino-beato-juniperra-educacion-y-cultura-en-el-corazon-de-la-selva\/","title":{"rendered":"Aldea del Ni\u00f1o Beato Jun\u00edperra: Educaci\u00f3n y Cultura en el Coraz\u00f3n de la Selva"},"content":{"rendered":"<p data-start=\"430\" data-end=\"927\">En <strong data-start=\"433\" data-end=\"445\">Mazamari<\/strong>, provincia de Satipo, departamento de Jun\u00edn, en la selva central del Per\u00fa, se encuentra la <strong data-start=\"537\" data-end=\"571\">Aldea del Ni\u00f1o Beato Jun\u00edperra<\/strong>, una instituci\u00f3n educativa que combina educaci\u00f3n acad\u00e9mica, formaci\u00f3n cultural y valores religiosos para ni\u00f1os en situaci\u00f3n de vulnerabilidad. Para llegar a este enclave educativo es necesario cruzar la <strong data-start=\"775\" data-end=\"802\">cordillera de los Andes<\/strong> en un peque\u00f1o avi\u00f3n y trasladarse luego en transporte terrestre por caminos rodeados de vegetaci\u00f3n densa y colinas verdes.<\/p>\n<h3 data-start=\"929\" data-end=\"962\"><strong>Origen y misi\u00f3n de la aldea<\/strong><\/h3>\n<p data-start=\"964\" data-end=\"1376\">La aldea fue fundada por el <strong data-start=\"992\" data-end=\"1016\">Padre Joaqu\u00edn Ferrer<\/strong>, quien, inspirado por la fe, decidi\u00f3 crear un espacio seguro para acoger a ni\u00f1os hu\u00e9rfanos v\u00edctimas del conflicto armado interno en Per\u00fa. Seg\u00fan la <strong data-start=\"1164\" data-end=\"1180\">Madre Carmen<\/strong>, actual directora de la instituci\u00f3n, la decisi\u00f3n del padre surgi\u00f3 tras un encuentro con un ni\u00f1o que hab\u00eda perdido a toda su familia y le implor\u00f3 ayuda: <em data-start=\"1333\" data-end=\"1374\">\u201cPadre Joaqu\u00edn, haz algo por nosotros.\u201d<\/em><\/p>\n<p data-start=\"1378\" data-end=\"1638\">Con el apoyo de las <strong data-start=\"1398\" data-end=\"1437\">Hermanas Franciscanas de Copacabana<\/strong>, la aldea se ha consolidado como un centro educativo que respeta la diversidad cultural de la regi\u00f3n y ofrece una formaci\u00f3n integral basada en tres pilares: <strong data-start=\"1595\" data-end=\"1635\">pedag\u00f3gico, intercultural y cat\u00f3lico<\/strong>.<\/p>\n<h3 data-start=\"1640\" data-end=\"1687\"><strong>Educaci\u00f3n inclusiva y talleres formativos<\/strong><\/h3>\n<p data-start=\"1689\" data-end=\"2128\">Actualmente, el colegio alberga a <strong data-start=\"1723\" data-end=\"1749\">m\u00e1s de 900 estudiantes<\/strong>, incluyendo 200 ni\u00f1os de comunidades nativas de Satipo, muchas de ellas de dif\u00edcil acceso. Durante el primer a\u00f1o de secundaria, los alumnos participan en diversos <strong data-start=\"1913\" data-end=\"1925\">talleres<\/strong>, para luego elegir uno en el que profundizar\u00e1n durante toda su educaci\u00f3n secundaria. Entre las opciones se encuentran <strong data-start=\"2044\" data-end=\"2125\">industria del vestido, carpinter\u00eda, agropecuaria, alimentaci\u00f3n y cosmetolog\u00eda<\/strong>.<\/p>\n<p data-start=\"2130\" data-end=\"2532\">El enfoque educativo busca que los alumnos no solo aprendan una t\u00e9cnica, sino que tambi\u00e9n adquieran herramientas para <strong data-start=\"2248\" data-end=\"2280\">emprender y generar ingresos<\/strong>, permiti\u00e9ndoles proyectar estudios superiores si as\u00ed lo desean. La metodolog\u00eda combina teor\u00eda y pr\u00e1ctica, adapt\u00e1ndose a los recursos disponibles en la comunidad, como materiales naturales de la regi\u00f3n, promoviendo la <strong data-start=\"2498\" data-end=\"2529\">creatividad y la innovaci\u00f3n<\/strong>.<\/p>\n<h3 data-start=\"2534\" data-end=\"2571\"><strong>Preservaci\u00f3n cultural y valores<\/strong><\/h3>\n<p data-start=\"2573\" data-end=\"2971\">La Aldea del Ni\u00f1o tambi\u00e9n integra la <strong data-start=\"2610\" data-end=\"2631\">cultura amaz\u00f3nica<\/strong> en su d\u00eda a d\u00eda. Los estudiantes visten la <strong data-start=\"2675\" data-end=\"2685\">cushma<\/strong>, prenda tradicional de la selva, y participan en actividades que reflejan su herencia cultural. Las iconograf\u00edas y los s\u00edmbolos que portan representan la identidad de cada comunidad, mientras que los docentes fomentan el respeto por la diversidad cultural y el orgullo de sus ra\u00edces.<\/p>\n<p data-start=\"2973\" data-end=\"3193\">Adem\u00e1s, la formaci\u00f3n <strong data-start=\"2994\" data-end=\"3008\">espiritual<\/strong> es un eje central: los ni\u00f1os rezan diariamente el <strong data-start=\"3059\" data-end=\"3076\">Santo Rosario<\/strong> y asisten a la <strong data-start=\"3092\" data-end=\"3106\">Santa Misa<\/strong> los domingos y d\u00edas festivos, reforzando valores de fe, solidaridad y respeto mutuo.<\/p>\n<h3 data-start=\"3195\" data-end=\"3239\"><strong>Vida en la aldea: aprendizaje integral<\/strong><\/h3>\n<p data-start=\"3241\" data-end=\"3601\">La educaci\u00f3n se extiende m\u00e1s all\u00e1 del aula. Los estudiantes participan en la <strong data-start=\"3318\" data-end=\"3338\">granja educativa<\/strong>, donde cuidan animales y aprenden sobre alimentaci\u00f3n, responsabilidad y trabajo en equipo. Las actividades diarias, que incluyen oraci\u00f3n, limpieza y convivencia comunitaria, buscan formar <strong data-start=\"3527\" data-end=\"3550\">personas integrales<\/strong>, capaces de afrontar los desaf\u00edos de su entorno.<\/p>\n<h3 data-start=\"3603\" data-end=\"3640\"><strong>Un ejemplo de compromiso social<\/strong><\/h3>\n<p data-start=\"3642\" data-end=\"3943\">La Aldea del Ni\u00f1o Beato Jun\u00edperra representa un modelo de educaci\u00f3n inclusiva y transformadora en la selva peruana. Su enfoque combina <strong data-start=\"3777\" data-end=\"3837\">ense\u00f1anza acad\u00e9mica, formaci\u00f3n cultural y espiritualidad<\/strong>, mostrando c\u00f3mo la educaci\u00f3n puede ser un motor de desarrollo y esperanza para comunidades vulnerables.<\/p>\n<p data-start=\"3945\" data-end=\"4214\">Con m\u00e1s de tres d\u00e9cadas de labor, esta instituci\u00f3n contin\u00faa siendo un referente para la <strong data-start=\"4033\" data-end=\"4092\">protecci\u00f3n de la ni\u00f1ez y la promoci\u00f3n del talento local<\/strong>, demostrando que, incluso en zonas alejadas, es posible brindar educaci\u00f3n de calidad y preservar la identidad cultural.<\/p>\n<p><iframe loading=\"lazy\" title=\"\ud83c\udf0e\u2708\ufe0fConoce &quot;La Aldea del Ni\u00f1o&quot; en el coraz\u00f3n de la Selva del Per\u00fa \u26ea\ufe0f\" width=\"500\" height=\"281\" src=\"https:\/\/www.youtube.com\/embed\/C1Tm0HnKicg?feature=oembed\" frameborder=\"0\" allow=\"accelerometer; autoplay; clipboard-write; encrypted-media; gyroscope; picture-in-picture; web-share\" referrerpolicy=\"strict-origin-when-cross-origin\" allowfullscreen><\/iframe><\/p>\n","protected":false},"excerpt":{"rendered":"<p>La iniciativa del Padre Joaqu\u00edn Ferrer y las Hermanas Franciscanas de Copacabana brinda formaci\u00f3n integral a ni\u00f1os de comunidades nativas y hu\u00e9rfanos en Mazamari, Satipo<\/p>\n","protected":false},"author":115,"featured_media":137133,"comment_status":"closed","ping_status":"closed","sticky":false,"template":"","format":"standard","meta":{"_acf_changed":false,"_crdt_document":"","inline_featured_image":false,"footnotes":""},"categories":[74],"tags":[74986,75003,75000,74996,74995,20816,75002,8494,74992,22137,59407,75005,74999,1371,21871,74997,74993,6096,6096,6096,74989,74987,43574,74991,27549,75001,75004,74988,74990,74994,74998],"class_list":{"0":"post-137131","1":"post","2":"type-post","3":"status-publish","4":"format-standard","5":"has-post-thumbnail","6":"hentry","7":"category-iglesia-y-mundo","8":"tag-aldea-del-nino","9":"tag-aprendizaje-practico","10":"tag-colegio-en-la-selva","11":"tag-cultura-amazonica","12":"tag-cushma","13":"tag-desarrollo-infantil","14":"tag-educacion-amazonica","15":"tag-educacion-catolica","16":"tag-educacion-en-comunidades-nativas","17":"tag-educacion-inclusiva","18":"tag-educacion-rural","19":"tag-educacion-sostenible","20":"tag-emprendimiento-estudiantil","21":"tag-espiritualidad","22":"tag-formacion-integral","23":"tag-granja-educativa","24":"tag-hermanas-franciscanas-de-copacabana","25":"tag-interculturalidad","28":"tag-junin","29":"tag-mazamari","30":"tag-ninos-huerfanos","31":"tag-padre-joaquin-ferrer","32":"tag-patrimonio-cultural","33":"tag-pedagogia-innovadora","34":"tag-proteccion-de-la-ninez","35":"tag-satipo","36":"tag-selva-central-peru","37":"tag-talleres-educativos","38":"tag-valores-y-fe"},"acf":[],"yoast_head":"<!-- This site is optimized with the Yoast SEO plugin v27.5 - https:\/\/yoast.com\/product\/yoast-seo-wordpress\/ -->\n<title>Aldea del Ni\u00f1o Beato Jun\u00edperra: Educaci\u00f3n y Cultura en el Coraz\u00f3n de la Selva &#8211; Exaudi<\/title>\n<meta name=\"robots\" content=\"index, follow, max-snippet:-1, max-image-preview:large, max-video-preview:-1\" \/>\n<link rel=\"canonical\" href=\"https:\/\/exaudi.org\/es\/aldea-del-nino-beato-juniperra-educacion-y-cultura-en-el-corazon-de-la-selva\/\" \/>\n<meta property=\"og:locale\" content=\"es_ES\" \/>\n<meta property=\"og:type\" content=\"article\" \/>\n<meta property=\"og:title\" content=\"Aldea del Ni\u00f1o Beato Jun\u00edperra: Educaci\u00f3n y Cultura en el Coraz\u00f3n de la Selva &#8211; Exaudi\" \/>\n<meta property=\"og:description\" content=\"La iniciativa del Padre Joaqu\u00edn Ferrer y las Hermanas Franciscanas de Copacabana brinda formaci\u00f3n integral a ni\u00f1os de comunidades nativas y hu\u00e9rfanos en Mazamari, Satipo\" \/>\n<meta property=\"og:url\" content=\"https:\/\/exaudi.org\/es\/aldea-del-nino-beato-juniperra-educacion-y-cultura-en-el-corazon-de-la-selva\/\" \/>\n<meta property=\"og:site_name\" content=\"Exaudi\" \/>\n<meta property=\"article:publisher\" content=\"https:\/\/www.facebook.com\/ExaudiNews\" \/>\n<meta property=\"article:author\" content=\"https:\/\/www.facebook.com\/paxtvpaginaoficial\" \/>\n<meta property=\"article:published_time\" content=\"2025-10-01T10:03:27+00:00\" \/>\n<meta property=\"article:modified_time\" content=\"2025-10-01T10:04:17+00:00\" \/>\n<meta property=\"og:image\" content=\"https:\/\/exaudi.org\/wp-content\/uploads\/2025\/10\/Transformando-la-educacion-para-las-comunidades-en-la-selva-central_3-1024x683.png\" \/>\n\t<meta property=\"og:image:width\" content=\"1024\" \/>\n\t<meta property=\"og:image:height\" content=\"683\" \/>\n\t<meta property=\"og:image:type\" content=\"image\/png\" \/>\n<meta name=\"author\" content=\"PaxTv\" \/>\n<meta name=\"twitter:card\" content=\"summary_large_image\" \/>\n<meta name=\"twitter:creator\" content=\"@https:\/\/twitter.com\/paxtvoficial\" \/>\n<meta name=\"twitter:site\" content=\"@Exaudi_News\" \/>\n<meta name=\"twitter:label1\" content=\"Escrito por\" \/>\n\t<meta name=\"twitter:data1\" content=\"PaxTv\" \/>\n\t<meta name=\"twitter:label2\" content=\"Tiempo de lectura\" \/>\n\t<meta name=\"twitter:data2\" content=\"3 minutos\" \/>\n<script type=\"application\/ld+json\" class=\"yoast-schema-graph\">{\"@context\":\"https:\\\/\\\/schema.org\",\"@graph\":[{\"@type\":\"Article\",\"@id\":\"https:\\\/\\\/exaudi.org\\\/es\\\/aldea-del-nino-beato-juniperra-educacion-y-cultura-en-el-corazon-de-la-selva\\\/#article\",\"isPartOf\":{\"@id\":\"https:\\\/\\\/exaudi.org\\\/es\\\/aldea-del-nino-beato-juniperra-educacion-y-cultura-en-el-corazon-de-la-selva\\\/\"},\"author\":{\"name\":\"PaxTv\",\"@id\":\"https:\\\/\\\/exaudi.org\\\/#\\\/schema\\\/person\\\/7c91208138d48cc0c0884eb1101c68fe\"},\"headline\":\"Aldea del Ni\u00f1o Beato Jun\u00edperra: Educaci\u00f3n y Cultura en el Coraz\u00f3n de la Selva\",\"datePublished\":\"2025-10-01T10:03:27+00:00\",\"dateModified\":\"2025-10-01T10:04:17+00:00\",\"mainEntityOfPage\":{\"@id\":\"https:\\\/\\\/exaudi.org\\\/es\\\/aldea-del-nino-beato-juniperra-educacion-y-cultura-en-el-corazon-de-la-selva\\\/\"},\"wordCount\":658,\"image\":{\"@id\":\"https:\\\/\\\/exaudi.org\\\/es\\\/aldea-del-nino-beato-juniperra-educacion-y-cultura-en-el-corazon-de-la-selva\\\/#primaryimage\"},\"thumbnailUrl\":\"https:\\\/\\\/exaudi.org\\\/wp-content\\\/uploads\\\/2025\\\/10\\\/Transformando-la-educacion-para-las-comunidades-en-la-selva-central_3.png\",\"keywords\":[\"Aldea del Ni\u00f1o\",\"aprendizaje pr\u00e1ctico\",\"colegio en la selva\",\"cultura amaz\u00f3nica\",\"cushma\",\"desarrollo infantil\",\"educaci\u00f3n amaz\u00f3nica\",\"Educaci\u00f3n Cat\u00f3lica\",\"educaci\u00f3n en comunidades nativas\",\"Educaci\u00f3n Inclusiva\",\"educaci\u00f3n rural\",\"educaci\u00f3n sostenible\",\"emprendimiento estudiantil\",\"Espiritualidad\",\"formaci\u00f3n integral\",\"granja educativa\",\"Hermanas Franciscanas de Copacabana\",\"Interculturalidad\",\"Interculturalidad\",\"Interculturalidad\",\"Jun\u00edn\",\"Mazamari\",\"ni\u00f1os hu\u00e9rfanos\",\"Padre Joaqu\u00edn Ferrer\",\"patrimonio cultural\",\"pedagog\u00eda innovadora\",\"protecci\u00f3n de la ni\u00f1ez\",\"Satipo\",\"selva central Per\u00fa\",\"talleres educativos\",\"valores y fe\"],\"articleSection\":[\"Iglesia y Mundo\"],\"inLanguage\":\"es\"},{\"@type\":\"WebPage\",\"@id\":\"https:\\\/\\\/exaudi.org\\\/es\\\/aldea-del-nino-beato-juniperra-educacion-y-cultura-en-el-corazon-de-la-selva\\\/\",\"url\":\"https:\\\/\\\/exaudi.org\\\/es\\\/aldea-del-nino-beato-juniperra-educacion-y-cultura-en-el-corazon-de-la-selva\\\/\",\"name\":\"Aldea del Ni\u00f1o Beato Jun\u00edperra: Educaci\u00f3n y Cultura en el Coraz\u00f3n de la Selva &#8211; Exaudi\",\"isPartOf\":{\"@id\":\"https:\\\/\\\/exaudi.org\\\/#website\"},\"primaryImageOfPage\":{\"@id\":\"https:\\\/\\\/exaudi.org\\\/es\\\/aldea-del-nino-beato-juniperra-educacion-y-cultura-en-el-corazon-de-la-selva\\\/#primaryimage\"},\"image\":{\"@id\":\"https:\\\/\\\/exaudi.org\\\/es\\\/aldea-del-nino-beato-juniperra-educacion-y-cultura-en-el-corazon-de-la-selva\\\/#primaryimage\"},\"thumbnailUrl\":\"https:\\\/\\\/exaudi.org\\\/wp-content\\\/uploads\\\/2025\\\/10\\\/Transformando-la-educacion-para-las-comunidades-en-la-selva-central_3.png\",\"datePublished\":\"2025-10-01T10:03:27+00:00\",\"dateModified\":\"2025-10-01T10:04:17+00:00\",\"author\":{\"@id\":\"https:\\\/\\\/exaudi.org\\\/#\\\/schema\\\/person\\\/7c91208138d48cc0c0884eb1101c68fe\"},\"breadcrumb\":{\"@id\":\"https:\\\/\\\/exaudi.org\\\/es\\\/aldea-del-nino-beato-juniperra-educacion-y-cultura-en-el-corazon-de-la-selva\\\/#breadcrumb\"},\"inLanguage\":\"es\",\"potentialAction\":[{\"@type\":\"ReadAction\",\"target\":[\"https:\\\/\\\/exaudi.org\\\/es\\\/aldea-del-nino-beato-juniperra-educacion-y-cultura-en-el-corazon-de-la-selva\\\/\"]}]},{\"@type\":\"ImageObject\",\"inLanguage\":\"es\",\"@id\":\"https:\\\/\\\/exaudi.org\\\/es\\\/aldea-del-nino-beato-juniperra-educacion-y-cultura-en-el-corazon-de-la-selva\\\/#primaryimage\",\"url\":\"https:\\\/\\\/exaudi.org\\\/wp-content\\\/uploads\\\/2025\\\/10\\\/Transformando-la-educacion-para-las-comunidades-en-la-selva-central_3.png\",\"contentUrl\":\"https:\\\/\\\/exaudi.org\\\/wp-content\\\/uploads\\\/2025\\\/10\\\/Transformando-la-educacion-para-las-comunidades-en-la-selva-central_3.png\",\"width\":1600,\"height\":1067},{\"@type\":\"BreadcrumbList\",\"@id\":\"https:\\\/\\\/exaudi.org\\\/es\\\/aldea-del-nino-beato-juniperra-educacion-y-cultura-en-el-corazon-de-la-selva\\\/#breadcrumb\",\"itemListElement\":[{\"@type\":\"ListItem\",\"position\":1,\"name\":\"Portada\",\"item\":\"https:\\\/\\\/exaudi.org\\\/es\\\/\"},{\"@type\":\"ListItem\",\"position\":2,\"name\":\"Aldea del Ni\u00f1o Beato Jun\u00edperra: Educaci\u00f3n y Cultura en el Coraz\u00f3n de la Selva\"}]},{\"@type\":\"WebSite\",\"@id\":\"https:\\\/\\\/exaudi.org\\\/#website\",\"url\":\"https:\\\/\\\/exaudi.org\\\/\",\"name\":\"Exaudi\",\"description\":\"News\",\"potentialAction\":[{\"@type\":\"SearchAction\",\"target\":{\"@type\":\"EntryPoint\",\"urlTemplate\":\"https:\\\/\\\/exaudi.org\\\/?s={search_term_string}\"},\"query-input\":{\"@type\":\"PropertyValueSpecification\",\"valueRequired\":true,\"valueName\":\"search_term_string\"}}],\"inLanguage\":\"es\"},{\"@type\":\"Person\",\"@id\":\"https:\\\/\\\/exaudi.org\\\/#\\\/schema\\\/person\\\/7c91208138d48cc0c0884eb1101c68fe\",\"name\":\"PaxTv\",\"image\":{\"@type\":\"ImageObject\",\"inLanguage\":\"es\",\"@id\":\"https:\\\/\\\/secure.gravatar.com\\\/avatar\\\/ed47a0c6b60e41911ab329d9046ed58233daf51ecaa62ba6680a93223b8eab9b?s=96&d=mm&r=g\",\"url\":\"https:\\\/\\\/secure.gravatar.com\\\/avatar\\\/ed47a0c6b60e41911ab329d9046ed58233daf51ecaa62ba6680a93223b8eab9b?s=96&d=mm&r=g\",\"contentUrl\":\"https:\\\/\\\/secure.gravatar.com\\\/avatar\\\/ed47a0c6b60e41911ab329d9046ed58233daf51ecaa62ba6680a93223b8eab9b?s=96&d=mm&r=g\",\"caption\":\"PaxTv\"},\"description\":\"Una escuela de conocimiento cat\u00f3lico. El objetivo de los \u201cpasos\u201d de esta serie es llegar a conocer lo m\u00e1s importante del extraordinario \u201ccamino de Jes\u00fas\u201d, de manera que, al conocerlo, m\u00e1s nos enamoraremos del Se\u00f1or y m\u00e1s dispuestos estemos a seguirlo. El camino de Jes\u00fas es fascinante, pero desgraciadamente lo conocemos poco y muy superficialmente. Ello impide que seamos cristianos aut\u00e9nticos -capaces de jug\u00e1rnoslo todo por \u00e9l y seguirlo-, e impide que colaboremos a que reine en el mundo. Ser cristiano es vivir al modo como Jes\u00fas lo propone; es decir, tener a Dios al centro de nuestras vidas y hacer su voluntad en todo. Esta serie ayudar\u00e1 a que descubramos qu\u00e9 es lo que Jes\u00fas desea de nosotros, y a preguntarnos c\u00f3mo lo podemos ayudar para hacer de \u00e9ste un mundo mejor.\",\"sameAs\":[\"http:\\\/\\\/paxtvmovil.org\\\/\",\"https:\\\/\\\/www.facebook.com\\\/paxtvpaginaoficial\",\"https:\\\/\\\/www.instagram.com\\\/paxtvoficial\\\/\",\"https:\\\/\\\/x.com\\\/https:\\\/\\\/twitter.com\\\/paxtvoficial\"],\"url\":\"https:\\\/\\\/exaudi.org\\\/es\\\/author\\\/conoce-tu-fe\\\/\"}]}<\/script>\n<!-- \/ Yoast SEO plugin. -->","yoast_head_json":{"title":"Aldea del Ni\u00f1o Beato Jun\u00edperra: Educaci\u00f3n y Cultura en el Coraz\u00f3n de la Selva &#8211; Exaudi","robots":{"index":"index","follow":"follow","max-snippet":"max-snippet:-1","max-image-preview":"max-image-preview:large","max-video-preview":"max-video-preview:-1"},"canonical":"https:\/\/exaudi.org\/es\/aldea-del-nino-beato-juniperra-educacion-y-cultura-en-el-corazon-de-la-selva\/","og_locale":"es_ES","og_type":"article","og_title":"Aldea del Ni\u00f1o Beato Jun\u00edperra: Educaci\u00f3n y Cultura en el Coraz\u00f3n de la Selva &#8211; Exaudi","og_description":"La iniciativa del Padre Joaqu\u00edn Ferrer y las Hermanas Franciscanas de Copacabana brinda formaci\u00f3n integral a ni\u00f1os de comunidades nativas y hu\u00e9rfanos en Mazamari, Satipo","og_url":"https:\/\/exaudi.org\/es\/aldea-del-nino-beato-juniperra-educacion-y-cultura-en-el-corazon-de-la-selva\/","og_site_name":"Exaudi","article_publisher":"https:\/\/www.facebook.com\/ExaudiNews","article_author":"https:\/\/www.facebook.com\/paxtvpaginaoficial","article_published_time":"2025-10-01T10:03:27+00:00","article_modified_time":"2025-10-01T10:04:17+00:00","og_image":[{"width":1024,"height":683,"url":"https:\/\/exaudi.org\/wp-content\/uploads\/2025\/10\/Transformando-la-educacion-para-las-comunidades-en-la-selva-central_3-1024x683.png","type":"image\/png"}],"author":"PaxTv","twitter_card":"summary_large_image","twitter_creator":"@https:\/\/twitter.com\/paxtvoficial","twitter_site":"@Exaudi_News","twitter_misc":{"Escrito por":"PaxTv","Tiempo de lectura":"3 minutos"},"schema":{"@context":"https:\/\/schema.org","@graph":[{"@type":"Article","@id":"https:\/\/exaudi.org\/es\/aldea-del-nino-beato-juniperra-educacion-y-cultura-en-el-corazon-de-la-selva\/#article","isPartOf":{"@id":"https:\/\/exaudi.org\/es\/aldea-del-nino-beato-juniperra-educacion-y-cultura-en-el-corazon-de-la-selva\/"},"author":{"name":"PaxTv","@id":"https:\/\/exaudi.org\/#\/schema\/person\/7c91208138d48cc0c0884eb1101c68fe"},"headline":"Aldea del Ni\u00f1o Beato Jun\u00edperra: Educaci\u00f3n y Cultura en el Coraz\u00f3n de la Selva","datePublished":"2025-10-01T10:03:27+00:00","dateModified":"2025-10-01T10:04:17+00:00","mainEntityOfPage":{"@id":"https:\/\/exaudi.org\/es\/aldea-del-nino-beato-juniperra-educacion-y-cultura-en-el-corazon-de-la-selva\/"},"wordCount":658,"image":{"@id":"https:\/\/exaudi.org\/es\/aldea-del-nino-beato-juniperra-educacion-y-cultura-en-el-corazon-de-la-selva\/#primaryimage"},"thumbnailUrl":"https:\/\/exaudi.org\/wp-content\/uploads\/2025\/10\/Transformando-la-educacion-para-las-comunidades-en-la-selva-central_3.png","keywords":["Aldea del Ni\u00f1o","aprendizaje pr\u00e1ctico","colegio en la selva","cultura amaz\u00f3nica","cushma","desarrollo infantil","educaci\u00f3n amaz\u00f3nica","Educaci\u00f3n Cat\u00f3lica","educaci\u00f3n en comunidades nativas","Educaci\u00f3n Inclusiva","educaci\u00f3n rural","educaci\u00f3n sostenible","emprendimiento estudiantil","Espiritualidad","formaci\u00f3n integral","granja educativa","Hermanas Franciscanas de Copacabana","Interculturalidad","Interculturalidad","Interculturalidad","Jun\u00edn","Mazamari","ni\u00f1os hu\u00e9rfanos","Padre Joaqu\u00edn Ferrer","patrimonio cultural","pedagog\u00eda innovadora","protecci\u00f3n de la ni\u00f1ez","Satipo","selva central Per\u00fa","talleres educativos","valores y fe"],"articleSection":["Iglesia y Mundo"],"inLanguage":"es"},{"@type":"WebPage","@id":"https:\/\/exaudi.org\/es\/aldea-del-nino-beato-juniperra-educacion-y-cultura-en-el-corazon-de-la-selva\/","url":"https:\/\/exaudi.org\/es\/aldea-del-nino-beato-juniperra-educacion-y-cultura-en-el-corazon-de-la-selva\/","name":"Aldea del Ni\u00f1o Beato Jun\u00edperra: Educaci\u00f3n y Cultura en el Coraz\u00f3n de la Selva &#8211; Exaudi","isPartOf":{"@id":"https:\/\/exaudi.org\/#website"},"primaryImageOfPage":{"@id":"https:\/\/exaudi.org\/es\/aldea-del-nino-beato-juniperra-educacion-y-cultura-en-el-corazon-de-la-selva\/#primaryimage"},"image":{"@id":"https:\/\/exaudi.org\/es\/aldea-del-nino-beato-juniperra-educacion-y-cultura-en-el-corazon-de-la-selva\/#primaryimage"},"thumbnailUrl":"https:\/\/exaudi.org\/wp-content\/uploads\/2025\/10\/Transformando-la-educacion-para-las-comunidades-en-la-selva-central_3.png","datePublished":"2025-10-01T10:03:27+00:00","dateModified":"2025-10-01T10:04:17+00:00","author":{"@id":"https:\/\/exaudi.org\/#\/schema\/person\/7c91208138d48cc0c0884eb1101c68fe"},"breadcrumb":{"@id":"https:\/\/exaudi.org\/es\/aldea-del-nino-beato-juniperra-educacion-y-cultura-en-el-corazon-de-la-selva\/#breadcrumb"},"inLanguage":"es","potentialAction":[{"@type":"ReadAction","target":["https:\/\/exaudi.org\/es\/aldea-del-nino-beato-juniperra-educacion-y-cultura-en-el-corazon-de-la-selva\/"]}]},{"@type":"ImageObject","inLanguage":"es","@id":"https:\/\/exaudi.org\/es\/aldea-del-nino-beato-juniperra-educacion-y-cultura-en-el-corazon-de-la-selva\/#primaryimage","url":"https:\/\/exaudi.org\/wp-content\/uploads\/2025\/10\/Transformando-la-educacion-para-las-comunidades-en-la-selva-central_3.png","contentUrl":"https:\/\/exaudi.org\/wp-content\/uploads\/2025\/10\/Transformando-la-educacion-para-las-comunidades-en-la-selva-central_3.png","width":1600,"height":1067},{"@type":"BreadcrumbList","@id":"https:\/\/exaudi.org\/es\/aldea-del-nino-beato-juniperra-educacion-y-cultura-en-el-corazon-de-la-selva\/#breadcrumb","itemListElement":[{"@type":"ListItem","position":1,"name":"Portada","item":"https:\/\/exaudi.org\/es\/"},{"@type":"ListItem","position":2,"name":"Aldea del Ni\u00f1o Beato Jun\u00edperra: Educaci\u00f3n y Cultura en el Coraz\u00f3n de la Selva"}]},{"@type":"WebSite","@id":"https:\/\/exaudi.org\/#website","url":"https:\/\/exaudi.org\/","name":"Exaudi","description":"News","potentialAction":[{"@type":"SearchAction","target":{"@type":"EntryPoint","urlTemplate":"https:\/\/exaudi.org\/?s={search_term_string}"},"query-input":{"@type":"PropertyValueSpecification","valueRequired":true,"valueName":"search_term_string"}}],"inLanguage":"es"},{"@type":"Person","@id":"https:\/\/exaudi.org\/#\/schema\/person\/7c91208138d48cc0c0884eb1101c68fe","name":"PaxTv","image":{"@type":"ImageObject","inLanguage":"es","@id":"https:\/\/secure.gravatar.com\/avatar\/ed47a0c6b60e41911ab329d9046ed58233daf51ecaa62ba6680a93223b8eab9b?s=96&d=mm&r=g","url":"https:\/\/secure.gravatar.com\/avatar\/ed47a0c6b60e41911ab329d9046ed58233daf51ecaa62ba6680a93223b8eab9b?s=96&d=mm&r=g","contentUrl":"https:\/\/secure.gravatar.com\/avatar\/ed47a0c6b60e41911ab329d9046ed58233daf51ecaa62ba6680a93223b8eab9b?s=96&d=mm&r=g","caption":"PaxTv"},"description":"Una escuela de conocimiento cat\u00f3lico. El objetivo de los \u201cpasos\u201d de esta serie es llegar a conocer lo m\u00e1s importante del extraordinario \u201ccamino de Jes\u00fas\u201d, de manera que, al conocerlo, m\u00e1s nos enamoraremos del Se\u00f1or y m\u00e1s dispuestos estemos a seguirlo. El camino de Jes\u00fas es fascinante, pero desgraciadamente lo conocemos poco y muy superficialmente. Ello impide que seamos cristianos aut\u00e9nticos -capaces de jug\u00e1rnoslo todo por \u00e9l y seguirlo-, e impide que colaboremos a que reine en el mundo. Ser cristiano es vivir al modo como Jes\u00fas lo propone; es decir, tener a Dios al centro de nuestras vidas y hacer su voluntad en todo. Esta serie ayudar\u00e1 a que descubramos qu\u00e9 es lo que Jes\u00fas desea de nosotros, y a preguntarnos c\u00f3mo lo podemos ayudar para hacer de \u00e9ste un mundo mejor.","sameAs":["http:\/\/paxtvmovil.org\/","https:\/\/www.facebook.com\/paxtvpaginaoficial","https:\/\/www.instagram.com\/paxtvoficial\/","https:\/\/x.com\/https:\/\/twitter.com\/paxtvoficial"],"url":"https:\/\/exaudi.org\/es\/author\/conoce-tu-fe\/"}]}},"jetpack_featured_media_url":"https:\/\/exaudi.org\/wp-content\/uploads\/2025\/10\/Transformando-la-educacion-para-las-comunidades-en-la-selva-central_3.png","jetpack_shortlink":"https:\/\/wp.me\/pgKjF2-zFN","_links":{"self":[{"href":"https:\/\/exaudi.org\/es\/wp-json\/wp\/v2\/posts\/137131","targetHints":{"allow":["GET"]}}],"collection":[{"href":"https:\/\/exaudi.org\/es\/wp-json\/wp\/v2\/posts"}],"about":[{"href":"https:\/\/exaudi.org\/es\/wp-json\/wp\/v2\/types\/post"}],"author":[{"embeddable":true,"href":"https:\/\/exaudi.org\/es\/wp-json\/wp\/v2\/users\/115"}],"replies":[{"embeddable":true,"href":"https:\/\/exaudi.org\/es\/wp-json\/wp\/v2\/comments?post=137131"}],"version-history":[{"count":2,"href":"https:\/\/exaudi.org\/es\/wp-json\/wp\/v2\/posts\/137131\/revisions"}],"predecessor-version":[{"id":137136,"href":"https:\/\/exaudi.org\/es\/wp-json\/wp\/v2\/posts\/137131\/revisions\/137136"}],"wp:featuredmedia":[{"embeddable":true,"href":"https:\/\/exaudi.org\/es\/wp-json\/wp\/v2\/media\/137133"}],"wp:attachment":[{"href":"https:\/\/exaudi.org\/es\/wp-json\/wp\/v2\/media?parent=137131"}],"wp:term":[{"taxonomy":"category","embeddable":true,"href":"https:\/\/exaudi.org\/es\/wp-json\/wp\/v2\/categories?post=137131"},{"taxonomy":"post_tag","embeddable":true,"href":"https:\/\/exaudi.org\/es\/wp-json\/wp\/v2\/tags?post=137131"}],"curies":[{"name":"wp","href":"https:\/\/api.w.org\/{rel}","templated":true}]}}