{"id":136889,"date":"2025-09-30T09:37:08","date_gmt":"2025-09-30T07:37:08","guid":{"rendered":"https:\/\/exaudi.org\/?p=136889"},"modified":"2025-09-30T09:37:08","modified_gmt":"2025-09-30T07:37:08","slug":"el-papa-se-dirige-a-una-estudiante-no-dejemos-que-la-esperanza-se-apague","status":"publish","type":"post","link":"https:\/\/exaudi.org\/es\/el-papa-se-dirige-a-una-estudiante-no-dejemos-que-la-esperanza-se-apague\/","title":{"rendered":"El Papa se dirige a una estudiante: \u201cNo dejemos que la esperanza se apague\u201d"},"content":{"rendered":"<p data-start=\"312\" data-end=\"590\">En el m\u00e1s reciente n\u00famero de <strong data-start=\"341\" data-end=\"362\">Piazza San Pietro<\/strong>, la revista publicada por la Bas\u00edlica Vaticana, el Papa Le\u00f3n XIV responde a una carta de Ver\u00f3nica, una joven romana de 21 a\u00f1os que cursa estudios de medicina, y quien expresa sus dudas y preocupaciones sobre el rumbo del mundo.<\/p>\n<h3 data-start=\"597\" data-end=\"635\"><strong>Dudas y anhelos de una generaci\u00f3n<\/strong><\/h3>\n<p data-start=\"637\" data-end=\"994\">Ver\u00f3nica manifiesta en su carta su sue\u00f1o de convertirse en m\u00e9dica para aliviar el sufrimiento de quienes m\u00e1s lo necesitan. Pero sus preguntas brotan en medio de un contexto inquietante: guerras, conflictos, muerte de inocentes. \u201c\u00bfPodemos tener esperanza? \u00bfCu\u00e1l ser\u00e1 nuestro papel? \u00bfQu\u00e9 pueden hacer los j\u00f3venes para que el mundo cambie para bien?\u201d \u2014plantea.<\/p>\n<p data-start=\"996\" data-end=\"1062\">Son interrogantes que muchos comparten, y el Papa no los minimiza.<\/p>\n<h3 data-start=\"1069\" data-end=\"1110\"><strong>Reconocer la realidad sin resignarse<\/strong><\/h3>\n<p data-start=\"1112\" data-end=\"1246\">Le\u00f3n XIV admite que vivimos \u201ctiempos dif\u00edciles\u201d, donde el mal parece prevalecer, y las noticias nos abruman. Pero insta a no rendirse:<\/p>\n<blockquote data-start=\"1248\" data-end=\"1345\">\n<p style=\"text-align: center;\" data-start=\"1250\" data-end=\"1345\"><em>\u201cAunque las guerras dejen huellas dolorosas, no debemos perder la esperanza en un mundo mejor\u201d.<\/em><\/p>\n<\/blockquote>\n<p data-start=\"1347\" data-end=\"1641\">Para \u00e9l, la esperanza es una forma de resistencia. Y retoma a San Agust\u00edn al recordar que \u201cvivamos bien y los tiempos ser\u00e1n buenos; nosotros somos los tiempos\u201d. En otras palabras: si nosotros nos esforzamos por crecer en bondad, los d\u00edas que est\u00e1n por venir pueden transformarse verdaderamente.<\/p>\n<h3 data-start=\"1648\" data-end=\"1706\"><strong>Una invitaci\u00f3n personal: cultivemos amistad con Jes\u00fas<\/strong><\/h3>\n<p data-start=\"1708\" data-end=\"2065\">Al cierre de su carta, el Papa se dirige a Ver\u00f3nica con ternura: no hay distancia entre el Pont\u00edfice y el creyente que avanza con dudas y sue\u00f1os. Le\u00f3n XIV invita no solo a ella, sino a todos los j\u00f3venes, a cultivar una amistad profunda con Jes\u00fas: \u201cValdr\u00e1 la pena. No te apartes de tus estudios ni de tu b\u00fasqueda interior. Yo te bendigo con todo el coraz\u00f3n.\u201d<\/p>\n","protected":false},"excerpt":{"rendered":"<p>Le\u00f3n XIV responde a una joven universitaria y la anima a mantener la fe y la esperanza en medio de los desaf\u00edos actuales<\/p>\n","protected":false},"author":15,"featured_media":136890,"comment_status":"closed","ping_status":"closed","sticky":false,"template":"","format":"standard","meta":{"_acf_changed":false,"_crdt_document":"","inline_featured_image":false,"footnotes":""},"categories":[68],"tags":[60295,6551,74742,16400,624,3164,34920,449,21155,1855,53280,58067,3167,32864,21154,18826,74740,74741,436,58111,414,1992,3840,726,60787,10826,19540,74739],"class_list":["post-136889","post","type-post","status-publish","format-standard","has-post-thumbnail","hentry","category-leon-xiv","tag-amistad-con-jesus","tag-carta-del-papa","tag-consejos-del-papa","tag-crecimiento-personal","tag-esperanza","tag-fe-es","tag-featured-es-14","tag-iglesia-catolica","tag-inspiracion","tag-jovenes","tag-juventud-cristiana","tag-leon-xiv","tag-medicina","tag-mensajes-del-papa","tag-motivacion","tag-mundo-mejor","tag-noticias-internacionales","tag-orientacion-espiritual","tag-papa-es","tag-papa-leon-xiv","tag-reflexion","tag-religion","tag-san-agustin","tag-solidaridad","tag-superar-dificultades","tag-tiempos-dificiles","tag-valores-cristianos","tag-veronica"],"acf":[],"yoast_head":"<!-- This site is optimized with the Yoast SEO plugin v27.4 - https:\/\/yoast.com\/product\/yoast-seo-wordpress\/ -->\n<title>El Papa se dirige a una estudiante: \u201cNo dejemos que la esperanza se apague\u201d &#8211; Exaudi<\/title>\n<meta name=\"robots\" content=\"index, follow, max-snippet:-1, max-image-preview:large, max-video-preview:-1\" \/>\n<link rel=\"canonical\" href=\"https:\/\/exaudi.org\/es\/el-papa-se-dirige-a-una-estudiante-no-dejemos-que-la-esperanza-se-apague\/\" \/>\n<meta property=\"og:locale\" content=\"es_ES\" \/>\n<meta property=\"og:type\" content=\"article\" \/>\n<meta property=\"og:title\" content=\"El Papa se dirige a una estudiante: \u201cNo dejemos que la esperanza se apague\u201d &#8211; Exaudi\" \/>\n<meta property=\"og:description\" content=\"Le\u00f3n XIV responde a una joven universitaria y la anima a mantener la fe y la esperanza en medio de los desaf\u00edos actuales\" \/>\n<meta property=\"og:url\" content=\"https:\/\/exaudi.org\/es\/el-papa-se-dirige-a-una-estudiante-no-dejemos-que-la-esperanza-se-apague\/\" \/>\n<meta property=\"og:site_name\" content=\"Exaudi\" \/>\n<meta property=\"article:publisher\" content=\"https:\/\/www.facebook.com\/ExaudiNews\" \/>\n<meta property=\"article:author\" content=\"https:\/\/www.facebook.com\/ExaudiNoticias\/\" \/>\n<meta property=\"article:published_time\" content=\"2025-09-30T07:37:08+00:00\" \/>\n<meta property=\"og:image\" content=\"https:\/\/exaudi.org\/wp-content\/uploads\/2025\/09\/cq5dam.thumbnail.cropped.750.422-20.jpeg\" \/>\n\t<meta property=\"og:image:width\" content=\"750\" \/>\n\t<meta property=\"og:image:height\" content=\"422\" \/>\n\t<meta property=\"og:image:type\" content=\"image\/jpeg\" \/>\n<meta name=\"author\" content=\"Exaudi Redacci\u00f3n\" \/>\n<meta name=\"twitter:card\" content=\"summary_large_image\" \/>\n<meta name=\"twitter:creator\" content=\"@Exaudi_noticias\" \/>\n<meta name=\"twitter:site\" content=\"@Exaudi_News\" \/>\n<meta name=\"twitter:label1\" content=\"Escrito por\" \/>\n\t<meta name=\"twitter:data1\" content=\"Exaudi Redacci\u00f3n\" \/>\n\t<meta name=\"twitter:label2\" content=\"Tiempo de lectura\" \/>\n\t<meta name=\"twitter:data2\" content=\"2 minutos\" \/>\n<script type=\"application\/ld+json\" class=\"yoast-schema-graph\">{\"@context\":\"https:\\\/\\\/schema.org\",\"@graph\":[{\"@type\":\"Article\",\"@id\":\"https:\\\/\\\/exaudi.org\\\/es\\\/el-papa-se-dirige-a-una-estudiante-no-dejemos-que-la-esperanza-se-apague\\\/#article\",\"isPartOf\":{\"@id\":\"https:\\\/\\\/exaudi.org\\\/es\\\/el-papa-se-dirige-a-una-estudiante-no-dejemos-que-la-esperanza-se-apague\\\/\"},\"author\":{\"name\":\"Exaudi Redacci\u00f3n\",\"@id\":\"https:\\\/\\\/exaudi.org\\\/#\\\/schema\\\/person\\\/f5fc8f063065e38742da7afe15f25df7\"},\"headline\":\"El Papa se dirige a una estudiante: \u201cNo dejemos que la esperanza se apague\u201d\",\"datePublished\":\"2025-09-30T07:37:08+00:00\",\"mainEntityOfPage\":{\"@id\":\"https:\\\/\\\/exaudi.org\\\/es\\\/el-papa-se-dirige-a-una-estudiante-no-dejemos-que-la-esperanza-se-apague\\\/\"},\"wordCount\":328,\"image\":{\"@id\":\"https:\\\/\\\/exaudi.org\\\/es\\\/el-papa-se-dirige-a-una-estudiante-no-dejemos-que-la-esperanza-se-apague\\\/#primaryimage\"},\"thumbnailUrl\":\"https:\\\/\\\/exaudi.org\\\/wp-content\\\/uploads\\\/2025\\\/09\\\/cq5dam.thumbnail.cropped.750.422-20.jpeg\",\"keywords\":[\"Amistad con Jes\u00fas\",\"Carta del Papa\",\"consejos del Papa\",\"crecimiento personal\",\"Esperanza\",\"fe\",\"Featured\",\"Iglesia cat\u00f3lica\",\"inspiraci\u00f3n\",\"J\u00f3venes\",\"juventud cristiana\",\"Le\u00f3n XIV\",\"Medicina\",\"mensajes del Papa\",\"motivaci\u00f3n\",\"mundo mejor\",\"noticias internacionales\",\"orientaci\u00f3n espiritual\",\"Papa\",\"papa le\u00f3n xiv\",\"Reflexi\u00f3n\",\"Religi\u00f3n\",\"San Agust\u00edn\",\"solidaridad\",\"superar dificultades\",\"Tiempos dif\u00edciles\",\"valores cristianos\",\"Ver\u00f3nica\"],\"articleSection\":[\"Le\u00f3n XIV\"],\"inLanguage\":\"es\"},{\"@type\":\"WebPage\",\"@id\":\"https:\\\/\\\/exaudi.org\\\/es\\\/el-papa-se-dirige-a-una-estudiante-no-dejemos-que-la-esperanza-se-apague\\\/\",\"url\":\"https:\\\/\\\/exaudi.org\\\/es\\\/el-papa-se-dirige-a-una-estudiante-no-dejemos-que-la-esperanza-se-apague\\\/\",\"name\":\"El Papa se dirige a una estudiante: \u201cNo dejemos que la esperanza se apague\u201d &#8211; Exaudi\",\"isPartOf\":{\"@id\":\"https:\\\/\\\/exaudi.org\\\/#website\"},\"primaryImageOfPage\":{\"@id\":\"https:\\\/\\\/exaudi.org\\\/es\\\/el-papa-se-dirige-a-una-estudiante-no-dejemos-que-la-esperanza-se-apague\\\/#primaryimage\"},\"image\":{\"@id\":\"https:\\\/\\\/exaudi.org\\\/es\\\/el-papa-se-dirige-a-una-estudiante-no-dejemos-que-la-esperanza-se-apague\\\/#primaryimage\"},\"thumbnailUrl\":\"https:\\\/\\\/exaudi.org\\\/wp-content\\\/uploads\\\/2025\\\/09\\\/cq5dam.thumbnail.cropped.750.422-20.jpeg\",\"datePublished\":\"2025-09-30T07:37:08+00:00\",\"author\":{\"@id\":\"https:\\\/\\\/exaudi.org\\\/#\\\/schema\\\/person\\\/f5fc8f063065e38742da7afe15f25df7\"},\"breadcrumb\":{\"@id\":\"https:\\\/\\\/exaudi.org\\\/es\\\/el-papa-se-dirige-a-una-estudiante-no-dejemos-que-la-esperanza-se-apague\\\/#breadcrumb\"},\"inLanguage\":\"es\",\"potentialAction\":[{\"@type\":\"ReadAction\",\"target\":[\"https:\\\/\\\/exaudi.org\\\/es\\\/el-papa-se-dirige-a-una-estudiante-no-dejemos-que-la-esperanza-se-apague\\\/\"]}]},{\"@type\":\"ImageObject\",\"inLanguage\":\"es\",\"@id\":\"https:\\\/\\\/exaudi.org\\\/es\\\/el-papa-se-dirige-a-una-estudiante-no-dejemos-que-la-esperanza-se-apague\\\/#primaryimage\",\"url\":\"https:\\\/\\\/exaudi.org\\\/wp-content\\\/uploads\\\/2025\\\/09\\\/cq5dam.thumbnail.cropped.750.422-20.jpeg\",\"contentUrl\":\"https:\\\/\\\/exaudi.org\\\/wp-content\\\/uploads\\\/2025\\\/09\\\/cq5dam.thumbnail.cropped.750.422-20.jpeg\",\"width\":750,\"height\":422},{\"@type\":\"BreadcrumbList\",\"@id\":\"https:\\\/\\\/exaudi.org\\\/es\\\/el-papa-se-dirige-a-una-estudiante-no-dejemos-que-la-esperanza-se-apague\\\/#breadcrumb\",\"itemListElement\":[{\"@type\":\"ListItem\",\"position\":1,\"name\":\"Portada\",\"item\":\"https:\\\/\\\/exaudi.org\\\/es\\\/\"},{\"@type\":\"ListItem\",\"position\":2,\"name\":\"El Papa se dirige a una estudiante: \u201cNo dejemos que la esperanza se apague\u201d\"}]},{\"@type\":\"WebSite\",\"@id\":\"https:\\\/\\\/exaudi.org\\\/#website\",\"url\":\"https:\\\/\\\/exaudi.org\\\/\",\"name\":\"Exaudi\",\"description\":\"News\",\"potentialAction\":[{\"@type\":\"SearchAction\",\"target\":{\"@type\":\"EntryPoint\",\"urlTemplate\":\"https:\\\/\\\/exaudi.org\\\/?s={search_term_string}\"},\"query-input\":{\"@type\":\"PropertyValueSpecification\",\"valueRequired\":true,\"valueName\":\"search_term_string\"}}],\"inLanguage\":\"es\"},{\"@type\":\"Person\",\"@id\":\"https:\\\/\\\/exaudi.org\\\/#\\\/schema\\\/person\\\/f5fc8f063065e38742da7afe15f25df7\",\"name\":\"Exaudi Redacci\u00f3n\",\"image\":{\"@type\":\"ImageObject\",\"inLanguage\":\"es\",\"@id\":\"https:\\\/\\\/secure.gravatar.com\\\/avatar\\\/fe0f6a059fb68d9b3e11bc5850dd4899b1c7492091a3cb6dd9b01b56ad828be2?s=96&d=mm&r=g\",\"url\":\"https:\\\/\\\/secure.gravatar.com\\\/avatar\\\/fe0f6a059fb68d9b3e11bc5850dd4899b1c7492091a3cb6dd9b01b56ad828be2?s=96&d=mm&r=g\",\"contentUrl\":\"https:\\\/\\\/secure.gravatar.com\\\/avatar\\\/fe0f6a059fb68d9b3e11bc5850dd4899b1c7492091a3cb6dd9b01b56ad828be2?s=96&d=mm&r=g\",\"caption\":\"Exaudi Redacci\u00f3n\"},\"description\":\"\u00bfQu\u00e9 es Exaudi News? Exaudi News es un medio de comunicaci\u00f3n cat\u00f3lico internacional que informa, forma y transforma, diariamente en espa\u00f1ol, ingl\u00e9s e italiano. A trav\u00e9s de noticias, art\u00edculos de an\u00e1lisis y transmisiones en directo de los eventos del Papa, Exaudi busca fortalecer la unidad de los cristianos y contribuir a la evangelizaci\u00f3n del mundo, siempre guiados por la doctrina social de la Iglesia. Trabajamos para acercar la verdad y los valores cristianos a cada rinc\u00f3n del planeta. \u00a1Ay\u00fadanos a transformar el mundo con Exaudi! En Exaudi creemos que la evangelizaci\u00f3n y la informaci\u00f3n de calidad pueden cambiar vidas. Para continuar con nuestra misi\u00f3n y expandir nuestro alcance, necesitamos tu ayuda. Adem\u00e1s, buscamos personas comprometidas que deseen unirse a nuestro equipo. Con tu apoyo, lograremos llegar a m\u00e1s personas, difundir el mensaje de Cristo y reforzar la unidad de los cristianos. \u00bfTe unes a nuestra misi\u00f3n? Para m\u00e1s informaci\u00f3n sobre c\u00f3mo colaborar, visita Exaudi.org\\\/es o cont\u00e1ctanos directamente: info@exaudi.org Exaudi: Informa, forma y transforma.\",\"sameAs\":[\"https:\\\/\\\/www.facebook.com\\\/ExaudiNoticias\\\/\",\"https:\\\/\\\/www.instagram.com\\\/exaudi_noticias\\\/\",\"https:\\\/\\\/x.com\\\/Exaudi_noticias\",\"https:\\\/\\\/www.youtube.com\\\/@exaudicatholicnews\"],\"url\":\"https:\\\/\\\/exaudi.org\\\/es\\\/author\\\/redaccionexaudi\\\/\"}]}<\/script>\n<!-- \/ Yoast SEO plugin. -->","yoast_head_json":{"title":"El Papa se dirige a una estudiante: \u201cNo dejemos que la esperanza se apague\u201d &#8211; Exaudi","robots":{"index":"index","follow":"follow","max-snippet":"max-snippet:-1","max-image-preview":"max-image-preview:large","max-video-preview":"max-video-preview:-1"},"canonical":"https:\/\/exaudi.org\/es\/el-papa-se-dirige-a-una-estudiante-no-dejemos-que-la-esperanza-se-apague\/","og_locale":"es_ES","og_type":"article","og_title":"El Papa se dirige a una estudiante: \u201cNo dejemos que la esperanza se apague\u201d &#8211; Exaudi","og_description":"Le\u00f3n XIV responde a una joven universitaria y la anima a mantener la fe y la esperanza en medio de los desaf\u00edos actuales","og_url":"https:\/\/exaudi.org\/es\/el-papa-se-dirige-a-una-estudiante-no-dejemos-que-la-esperanza-se-apague\/","og_site_name":"Exaudi","article_publisher":"https:\/\/www.facebook.com\/ExaudiNews","article_author":"https:\/\/www.facebook.com\/ExaudiNoticias\/","article_published_time":"2025-09-30T07:37:08+00:00","og_image":[{"width":750,"height":422,"url":"https:\/\/exaudi.org\/wp-content\/uploads\/2025\/09\/cq5dam.thumbnail.cropped.750.422-20.jpeg","type":"image\/jpeg"}],"author":"Exaudi Redacci\u00f3n","twitter_card":"summary_large_image","twitter_creator":"@Exaudi_noticias","twitter_site":"@Exaudi_News","twitter_misc":{"Escrito por":"Exaudi Redacci\u00f3n","Tiempo de lectura":"2 minutos"},"schema":{"@context":"https:\/\/schema.org","@graph":[{"@type":"Article","@id":"https:\/\/exaudi.org\/es\/el-papa-se-dirige-a-una-estudiante-no-dejemos-que-la-esperanza-se-apague\/#article","isPartOf":{"@id":"https:\/\/exaudi.org\/es\/el-papa-se-dirige-a-una-estudiante-no-dejemos-que-la-esperanza-se-apague\/"},"author":{"name":"Exaudi Redacci\u00f3n","@id":"https:\/\/exaudi.org\/#\/schema\/person\/f5fc8f063065e38742da7afe15f25df7"},"headline":"El Papa se dirige a una estudiante: \u201cNo dejemos que la esperanza se apague\u201d","datePublished":"2025-09-30T07:37:08+00:00","mainEntityOfPage":{"@id":"https:\/\/exaudi.org\/es\/el-papa-se-dirige-a-una-estudiante-no-dejemos-que-la-esperanza-se-apague\/"},"wordCount":328,"image":{"@id":"https:\/\/exaudi.org\/es\/el-papa-se-dirige-a-una-estudiante-no-dejemos-que-la-esperanza-se-apague\/#primaryimage"},"thumbnailUrl":"https:\/\/exaudi.org\/wp-content\/uploads\/2025\/09\/cq5dam.thumbnail.cropped.750.422-20.jpeg","keywords":["Amistad con Jes\u00fas","Carta del Papa","consejos del Papa","crecimiento personal","Esperanza","fe","Featured","Iglesia cat\u00f3lica","inspiraci\u00f3n","J\u00f3venes","juventud cristiana","Le\u00f3n XIV","Medicina","mensajes del Papa","motivaci\u00f3n","mundo mejor","noticias internacionales","orientaci\u00f3n espiritual","Papa","papa le\u00f3n xiv","Reflexi\u00f3n","Religi\u00f3n","San Agust\u00edn","solidaridad","superar dificultades","Tiempos dif\u00edciles","valores cristianos","Ver\u00f3nica"],"articleSection":["Le\u00f3n XIV"],"inLanguage":"es"},{"@type":"WebPage","@id":"https:\/\/exaudi.org\/es\/el-papa-se-dirige-a-una-estudiante-no-dejemos-que-la-esperanza-se-apague\/","url":"https:\/\/exaudi.org\/es\/el-papa-se-dirige-a-una-estudiante-no-dejemos-que-la-esperanza-se-apague\/","name":"El Papa se dirige a una estudiante: \u201cNo dejemos que la esperanza se apague\u201d &#8211; Exaudi","isPartOf":{"@id":"https:\/\/exaudi.org\/#website"},"primaryImageOfPage":{"@id":"https:\/\/exaudi.org\/es\/el-papa-se-dirige-a-una-estudiante-no-dejemos-que-la-esperanza-se-apague\/#primaryimage"},"image":{"@id":"https:\/\/exaudi.org\/es\/el-papa-se-dirige-a-una-estudiante-no-dejemos-que-la-esperanza-se-apague\/#primaryimage"},"thumbnailUrl":"https:\/\/exaudi.org\/wp-content\/uploads\/2025\/09\/cq5dam.thumbnail.cropped.750.422-20.jpeg","datePublished":"2025-09-30T07:37:08+00:00","author":{"@id":"https:\/\/exaudi.org\/#\/schema\/person\/f5fc8f063065e38742da7afe15f25df7"},"breadcrumb":{"@id":"https:\/\/exaudi.org\/es\/el-papa-se-dirige-a-una-estudiante-no-dejemos-que-la-esperanza-se-apague\/#breadcrumb"},"inLanguage":"es","potentialAction":[{"@type":"ReadAction","target":["https:\/\/exaudi.org\/es\/el-papa-se-dirige-a-una-estudiante-no-dejemos-que-la-esperanza-se-apague\/"]}]},{"@type":"ImageObject","inLanguage":"es","@id":"https:\/\/exaudi.org\/es\/el-papa-se-dirige-a-una-estudiante-no-dejemos-que-la-esperanza-se-apague\/#primaryimage","url":"https:\/\/exaudi.org\/wp-content\/uploads\/2025\/09\/cq5dam.thumbnail.cropped.750.422-20.jpeg","contentUrl":"https:\/\/exaudi.org\/wp-content\/uploads\/2025\/09\/cq5dam.thumbnail.cropped.750.422-20.jpeg","width":750,"height":422},{"@type":"BreadcrumbList","@id":"https:\/\/exaudi.org\/es\/el-papa-se-dirige-a-una-estudiante-no-dejemos-que-la-esperanza-se-apague\/#breadcrumb","itemListElement":[{"@type":"ListItem","position":1,"name":"Portada","item":"https:\/\/exaudi.org\/es\/"},{"@type":"ListItem","position":2,"name":"El Papa se dirige a una estudiante: \u201cNo dejemos que la esperanza se apague\u201d"}]},{"@type":"WebSite","@id":"https:\/\/exaudi.org\/#website","url":"https:\/\/exaudi.org\/","name":"Exaudi","description":"News","potentialAction":[{"@type":"SearchAction","target":{"@type":"EntryPoint","urlTemplate":"https:\/\/exaudi.org\/?s={search_term_string}"},"query-input":{"@type":"PropertyValueSpecification","valueRequired":true,"valueName":"search_term_string"}}],"inLanguage":"es"},{"@type":"Person","@id":"https:\/\/exaudi.org\/#\/schema\/person\/f5fc8f063065e38742da7afe15f25df7","name":"Exaudi Redacci\u00f3n","image":{"@type":"ImageObject","inLanguage":"es","@id":"https:\/\/secure.gravatar.com\/avatar\/fe0f6a059fb68d9b3e11bc5850dd4899b1c7492091a3cb6dd9b01b56ad828be2?s=96&d=mm&r=g","url":"https:\/\/secure.gravatar.com\/avatar\/fe0f6a059fb68d9b3e11bc5850dd4899b1c7492091a3cb6dd9b01b56ad828be2?s=96&d=mm&r=g","contentUrl":"https:\/\/secure.gravatar.com\/avatar\/fe0f6a059fb68d9b3e11bc5850dd4899b1c7492091a3cb6dd9b01b56ad828be2?s=96&d=mm&r=g","caption":"Exaudi Redacci\u00f3n"},"description":"\u00bfQu\u00e9 es Exaudi News? Exaudi News es un medio de comunicaci\u00f3n cat\u00f3lico internacional que informa, forma y transforma, diariamente en espa\u00f1ol, ingl\u00e9s e italiano. A trav\u00e9s de noticias, art\u00edculos de an\u00e1lisis y transmisiones en directo de los eventos del Papa, Exaudi busca fortalecer la unidad de los cristianos y contribuir a la evangelizaci\u00f3n del mundo, siempre guiados por la doctrina social de la Iglesia. Trabajamos para acercar la verdad y los valores cristianos a cada rinc\u00f3n del planeta. \u00a1Ay\u00fadanos a transformar el mundo con Exaudi! En Exaudi creemos que la evangelizaci\u00f3n y la informaci\u00f3n de calidad pueden cambiar vidas. Para continuar con nuestra misi\u00f3n y expandir nuestro alcance, necesitamos tu ayuda. Adem\u00e1s, buscamos personas comprometidas que deseen unirse a nuestro equipo. Con tu apoyo, lograremos llegar a m\u00e1s personas, difundir el mensaje de Cristo y reforzar la unidad de los cristianos. \u00bfTe unes a nuestra misi\u00f3n? Para m\u00e1s informaci\u00f3n sobre c\u00f3mo colaborar, visita Exaudi.org\/es o cont\u00e1ctanos directamente: info@exaudi.org Exaudi: Informa, forma y transforma.","sameAs":["https:\/\/www.facebook.com\/ExaudiNoticias\/","https:\/\/www.instagram.com\/exaudi_noticias\/","https:\/\/x.com\/Exaudi_noticias","https:\/\/www.youtube.com\/@exaudicatholicnews"],"url":"https:\/\/exaudi.org\/es\/author\/redaccionexaudi\/"}]}},"jetpack_featured_media_url":"https:\/\/exaudi.org\/wp-content\/uploads\/2025\/09\/cq5dam.thumbnail.cropped.750.422-20.jpeg","jetpack_shortlink":"https:\/\/wp.me\/pgKjF2-zBT","_links":{"self":[{"href":"https:\/\/exaudi.org\/es\/wp-json\/wp\/v2\/posts\/136889","targetHints":{"allow":["GET"]}}],"collection":[{"href":"https:\/\/exaudi.org\/es\/wp-json\/wp\/v2\/posts"}],"about":[{"href":"https:\/\/exaudi.org\/es\/wp-json\/wp\/v2\/types\/post"}],"author":[{"embeddable":true,"href":"https:\/\/exaudi.org\/es\/wp-json\/wp\/v2\/users\/15"}],"replies":[{"embeddable":true,"href":"https:\/\/exaudi.org\/es\/wp-json\/wp\/v2\/comments?post=136889"}],"version-history":[{"count":2,"href":"https:\/\/exaudi.org\/es\/wp-json\/wp\/v2\/posts\/136889\/revisions"}],"predecessor-version":[{"id":136894,"href":"https:\/\/exaudi.org\/es\/wp-json\/wp\/v2\/posts\/136889\/revisions\/136894"}],"wp:featuredmedia":[{"embeddable":true,"href":"https:\/\/exaudi.org\/es\/wp-json\/wp\/v2\/media\/136890"}],"wp:attachment":[{"href":"https:\/\/exaudi.org\/es\/wp-json\/wp\/v2\/media?parent=136889"}],"wp:term":[{"taxonomy":"category","embeddable":true,"href":"https:\/\/exaudi.org\/es\/wp-json\/wp\/v2\/categories?post=136889"},{"taxonomy":"post_tag","embeddable":true,"href":"https:\/\/exaudi.org\/es\/wp-json\/wp\/v2\/tags?post=136889"}],"curies":[{"name":"wp","href":"https:\/\/api.w.org\/{rel}","templated":true}]}}