{"id":13651,"date":"2026-04-28T07:30:08","date_gmt":"2026-04-28T05:30:08","guid":{"rendered":"https:\/\/exaudi.org\/?p=13651"},"modified":"2026-04-27T12:34:56","modified_gmt":"2026-04-27T10:34:56","slug":"san-luis-maria-grignion-de-montfort-28-abril","status":"publish","type":"post","link":"https:\/\/exaudi.org\/es\/san-luis-maria-grignion-de-montfort-28-abril\/","title":{"rendered":"San Luis Mar\u00eda Grignion de Montfort, 28 de abril"},"content":{"rendered":"<p><span style=\"font-weight: 400;\">Naci\u00f3 el 31 de enero de 1673 en Montfort, Francia. Era el mayor de dieciocho hermanos. Entre ellos hubo tres sacerdotes y tres religiosas; otro falleci\u00f3 en la infancia. Aunque de fuerte complexi\u00f3n y fortaleza f\u00edsica, gran habilidad, as\u00ed como cualidades para el arte (dibujo y pintura) y la literatura \u2013todo lo cual merec\u00eda el respeto de sus amigos\u2013, san Luis Mar\u00eda Grignion de Montfort era t\u00edmido; le agradaba la soledad.<\/span><\/p>\n<p><iframe title=\"Spotify Embed: San Luis Mar\u00eda Grignion de Montfort, 28 de abril\" style=\"border-radius: 12px\" width=\"100%\" height=\"152\" frameborder=\"0\" allowfullscreen allow=\"autoplay; clipboard-write; encrypted-media; fullscreen; picture-in-picture\" loading=\"lazy\" src=\"https:\/\/open.spotify.com\/embed\/episode\/4RRfQxE8IQqi6TrbZ6HMSP?si=5c53207ae0c34db5&amp;utm_source=oembed\"><\/iframe><\/p>\n<p><span style=\"font-weight: 400;\"> Se curt\u00eda orando ante la Eucarist\u00eda y frente a la imagen de Mar\u00eda. Su padre era un abogado de car\u00e1cter agrio e irascible, que volcaba especialmente en su primog\u00e9nito, hostig\u00e1ndole e incit\u00e1ndole a la ira. Como el joven ten\u00eda tambi\u00e9n su temperamento, y seguramente un viso cercano al despotismo y a la arrogancia como su progenitor \u2013seg\u00fan han afirmado estudiosos de su vida\u2013, para evitar conflictos con \u00e9l actuaba como Teresa de Lisieux: hac\u00eda de la hu\u00edda su victoria. <\/span><\/p>\n<p><span style=\"font-weight: 400;\">Al optar por esta v\u00eda se adiestraba en la forma de morir a s\u00ed mismo indicada por Cristo y caminaba firmemente hacia la santidad.\u00a0<\/span><\/p>\n<p><span style=\"font-weight: 400;\">Fue domando sus tendencias y aprendi\u00f3 a ser paciente y amable. Ello le predispuso para saber afrontar evang\u00e9licamente numerosas pruebas que salpicaron su acontecer: incomprensiones, persecuciones e insultos cargados de hiel. <\/span><\/p>\n<p><span style=\"font-weight: 400;\">Pronto se refugi\u00f3 en Mar\u00eda para que acogiese en su regazo maternal las penas que le ahogaban. Ella le confer\u00eda paz. \u201cSoy todo tuyo \u00a1oh Mar\u00eda!, y todo cuanto tengo, tuyo es\u201d, escribir\u00eda en una de sus extraordinarias obras.\u00a0<\/span><\/p>\n<p><span style=\"font-weight: 400;\">Siendo adolescente acud\u00eda por la ma\u00f1ana temprano a misa sin reparar en la notable distancia que hab\u00eda entre el templo y su domicilio. Curs\u00f3 estudios con los jesuitas de Rennes y mantuvo la costumbre de acudir a la iglesia visit\u00e1ndola antes y despu\u00e9s de salir de clase. <\/span><\/p>\n<p><span style=\"font-weight: 400;\">Todo ello aconteci\u00f3 en la etapa crucial de los 11 a los 19 a\u00f1os, que de alg\u00fan modo marca el devenir. Era externo; viv\u00eda con su t\u00edo sacerdote Alain Robert. En ese periodo tuvo una experiencia de Dios que dio un vuelco a su vida, y que le llev\u00f3 a centrarse en la oraci\u00f3n y en la penitencia. <\/span><\/p>\n<p><span style=\"font-weight: 400;\">Ante todo, buscaba su transformaci\u00f3n interior. Por eso aprovechaba las vacaciones uni\u00e9ndose a un grupo de j\u00f3venes que atend\u00edan a pobres y enfermos incurables liderados por Julien Bellier, un sacerdote con gran impronta apost\u00f3lica. All\u00ed comenz\u00f3 a impartir catequesis y a intensificarse su devoci\u00f3n a Mar\u00eda. Fue el umbral de una de sus l\u00edneas caracter\u00edsticas: la b\u00fasqueda de la Sabidur\u00eda.\u00a0<\/span><\/p>\n<p><span style=\"font-weight: 400;\">A los 20 a\u00f1os inici\u00f3 estudios eclesi\u00e1sticos en el seminario san Sulpicio de Par\u00eds. Su familia atravesaba serios problemas econ\u00f3micos, y aunque ten\u00eda benefactores malvivi\u00f3 en el alojamiento que le asignaron fuera del seminario porque no pod\u00eda procurarse otro mejor. Al morir el director de la comunidad se acogi\u00f3 a otra con mayores carencias. <\/span><\/p>\n<p><span style=\"font-weight: 400;\">Padeci\u00f3 hambre y fr\u00edo tales que enferm\u00f3 seriamente. Permaneci\u00f3 un tiempo en el hospital debati\u00e9ndose entre la vida y la muerte, y al recobrar la salud ingres\u00f3 en el seminario de san Sulpicio. Sus gestos no pasaron desapercibidos: velaba a moribundos para obtener algo de dinero, se manifestaba en las calles contra los que publicaban textos poco edificantes o entonaban canciones profanas, organizaba colectas en el seminario para ayuda de los necesitados, etc. <\/span><\/p>\n<p><span style=\"font-weight: 400;\">Eran formas consideradas poco ortodoxas por muchos de su entorno y no causaban buena impresi\u00f3n precisamente. A ello se un\u00edan las cr\u00edticas contra su criterio, juzgado como severo en no pocas ocasiones. San Luis Mar\u00eda Grignion de Montfort iba conquistando la santidad a fuerza de oraci\u00f3n, penitencia y estudio.\u00a0<\/span><\/p>\n<p><span style=\"font-weight: 400;\">Fue ordenado en 1700. Y los diecis\u00e9is a\u00f1os de sacerdocio vinieron cargados de dificultades para \u00e9l, entre otras cosas, porque no se entend\u00eda su inquietud y nula conformidad con ciertas costumbres eclesi\u00e1sticas. En 1703 a\u00fan no ten\u00eda claro si deb\u00eda orientarse al auxilio de los pobres o a la predicaci\u00f3n. <\/span><\/p>\n<p><span style=\"font-weight: 400;\">Entonces ya viv\u00eda en Par\u00eds y meditaba sobre la cruz de Cristo en el min\u00fasculo espacio que hab\u00eda en el hueco de la escalera de un modesto local. En 1704 estuvo centrado en las misiones en Poitiers en medio de incomprensiones hasta el punto de que el obispo le despidi\u00f3 de la di\u00f3cesis. <\/span><\/p>\n<p><span style=\"font-weight: 400;\">Fueron a\u00f1os de incertidumbre y soledad, de muchos recelos acumulados tras de s\u00ed a su pesar, de ver c\u00f3mo se cerraban puertas que hab\u00eda ido abriendo. No sab\u00eda a qui\u00e9n acudir, hasta que en 1706 tom\u00f3 la decisi\u00f3n de viajar a Roma. Fue con la esperanza de que el Santo Padre marcase el rumbo que deb\u00eda seguir.<\/span><\/p>\n<p><span style=\"font-weight: 400;\"> Y Clemente XI en el transcurso de una audiencia ratific\u00f3 la labor que hab\u00eda venido realizando, esa que otros no acogieron bien, encomend\u00e1ndole la evangelizaci\u00f3n de las campi\u00f1as de Francia en comuni\u00f3n con los obispos. Parti\u00f3 de all\u00ed con el t\u00edtulo de \u201cmisionero apost\u00f3lico\u201d que el pont\u00edfice le confiri\u00f3.\u00a0<\/span><\/p>\n<p><span style=\"font-weight: 400;\">Durante cinco a\u00f1os evangeliz\u00f3 el pa\u00eds de forma incansable llegando hasta Breta\u00f1a. Animaba las misiones con c\u00e1nticos y pon\u00eda signos externos que recordar\u00edan la labor llevada a cabo. Se\u00f1alizaba los lugares con cruces, a veces erig\u00eda calvarios y hac\u00eda que cobrasen realce cofrad\u00edas que estaban en decadencia.<\/span><\/p>\n<p><span style=\"font-weight: 400;\"> Despu\u00e9s de una corta experiencia vinculado a unos misioneros que actuaban bajo la direcci\u00f3n del padre Leuduger lanz\u00f3 las redes a laicos y otros presb\u00edteros de distintas \u00f3rdenes interesados en colaborar con \u00e9l. En medio de las dificultades que prosiguieron, casi al final de sus d\u00edas puso las bases de dos congregaciones religiosas: la Compa\u00f1\u00eda de Mar\u00eda y las Hijas de la Sabidur\u00eda; se materializaron cuando ya hab\u00eda fallecido. <\/span><\/p>\n<p><span style=\"font-weight: 400;\">Adem\u00e1s, restaur\u00f3 templos dedicados a Mar\u00eda, y luch\u00f3 contra el jansenismo arrebatando numerosas conversiones. Fue un insigne escritor de textos marianos. El 28 de abril de 1716 falleci\u00f3 a consecuencia de una pulmon\u00eda en Saint-Laurent-sur-S\u00e8vre. Le\u00f3n XIII lo beatific\u00f3 el 22 de enero de 1888. P\u00edo XII lo canoniz\u00f3 el 20 de julio de 1947. En 1942 se hall\u00f3 su manuscrito <\/span><i><span style=\"font-weight: 400;\">Tratado de la verdadera devoci\u00f3n a Mar\u00eda <\/span><\/i><span style=\"font-weight: 400;\">que ha conferido a este santo fama universal.<\/span><\/p>\n<p><img loading=\"lazy\" decoding=\"async\" class=\"size-full wp-image-162960 alignnone\" src=\"https:\/\/exaudi.org\/wp-content\/uploads\/2025\/04\/Copia-de-Santoral-8.jpg\" alt=\"\" width=\"1080\" height=\"1080\" srcset=\"https:\/\/exaudi.org\/wp-content\/uploads\/2025\/04\/Copia-de-Santoral-8.jpg 1080w, https:\/\/exaudi.org\/wp-content\/uploads\/2025\/04\/Copia-de-Santoral-8-300x300.jpg 300w, https:\/\/exaudi.org\/wp-content\/uploads\/2025\/04\/Copia-de-Santoral-8-1024x1024.jpg 1024w, https:\/\/exaudi.org\/wp-content\/uploads\/2025\/04\/Copia-de-Santoral-8-100x100.jpg?crop=1 100w, https:\/\/exaudi.org\/wp-content\/uploads\/2025\/04\/Copia-de-Santoral-8-770x770.jpg 770w, https:\/\/exaudi.org\/wp-content\/uploads\/2025\/04\/Copia-de-Santoral-8-500x500.jpg 500w\" sizes=\"auto, (max-width: 1080px) 100vw, 1080px\" \/><\/p>\n<p><img loading=\"lazy\" decoding=\"async\" class=\"alignright wp-image-2208\" src=\"https:\/\/exaudi.org\/wp-content\/uploads\/2021\/02\/santoral-scaled-1-725x1024.jpg\" alt=\"santoral Isabel Orellana\" width=\"262\" height=\"370\" \/><\/p>\n<div class=\"page\" title=\"Page 4\">\n<div class=\"layoutArea\">\n<div class=\"column\">\n<h6><em>\u00a9 <a href=\"https:\/\/exaudi.org\/es\/author\/isabelorellana\/\" target=\"_blank\" rel=\"noopener noreferrer\">Isabel Orellana Vilches<\/a>, 2018<\/em><br \/>\n<em>Autora vinculada a<\/em><br \/>\n<img loading=\"lazy\" decoding=\"async\" class=\"alignnone size-full wp-image-41949\" src=\"https:\/\/www.idente.org\/wp-content\/uploads\/logo-cedro-v01-843x295-1-e1603384654546.png\" alt=\"\" width=\"80\" height=\"28\" \/><br \/>\nObra protegida por derechos de autor.<br \/>\nInscrita en el Registro de la Propiedad Intelectual el 24 de noviembre de 2014.<br \/>\n________________<br \/>\nDerechos de edici\u00f3n reservados:<br \/>\nFundaci\u00f3n <a href=\"https:\/\/rielo.com\/\" target=\"_blank\" rel=\"noopener noreferrer\">Fernando Rielo<\/a><br \/>\nGoya 20, 4.\u00ba izq. int. 28001 Madrid<br \/>\nTlf.: (34) 91 575 40 91<br \/>\nCorreo electr\u00f3nico: fundacion@rielo.com<\/h6>\n<div class=\"page\" title=\"Page 4\">\n<div class=\"layoutArea\">\n<div class=\"column\">\n<h6>Dep\u00f3sito legal: M-18664-2020<br \/>\nISBN: 978-84-946646-6-3<\/h6>\n<\/div>\n<\/div>\n<\/div>\n<p>&nbsp;<\/p>\n<\/div>\n<\/div>\n<\/div>\n","protected":false},"excerpt":{"rendered":"<p>Sacerdote te\u00f3logo franc\u00e9s<\/p>\n","protected":false},"author":23,"featured_media":13654,"comment_status":"closed","ping_status":"closed","sticky":false,"template":"","format":"standard","meta":{"_acf_changed":false,"_crdt_document":"","inline_featured_image":false,"footnotes":""},"categories":[74,2772],"tags":[388,1983,387,58880],"class_list":["post-13651","post","type-post","status-publish","format-standard","has-post-thumbnail","hentry","category-iglesia-y-mundo","category-santoral","tag-isabel-orellana-vilches","tag-san-luis-maria-grignion-de-montfort","tag-santoral","tag-trending-es-151"],"acf":[],"yoast_head":"<!-- This site is optimized with the Yoast SEO plugin v27.5 - https:\/\/yoast.com\/product\/yoast-seo-wordpress\/ -->\n<title>San Luis Mar\u00eda Grignion de Montfort, 28 de abril - Exaudi<\/title>\n<meta name=\"description\" content=\"Santoral del 28 de abril de sobre san Luis Mar\u00eda Grignion de Montfort, por Isabel Orellana Vilches y la Fundaci\u00f3n Fernando Rielo.\" \/>\n<meta name=\"robots\" content=\"index, follow, max-snippet:-1, max-image-preview:large, max-video-preview:-1\" \/>\n<link rel=\"canonical\" href=\"https:\/\/exaudi.org\/es\/san-luis-maria-grignion-de-montfort-28-abril\/\" \/>\n<meta property=\"og:locale\" content=\"es_ES\" \/>\n<meta property=\"og:type\" content=\"article\" \/>\n<meta property=\"og:title\" content=\"San Luis Mar\u00eda Grignion de Montfort, 28 de abril - Exaudi\" \/>\n<meta property=\"og:description\" content=\"Santoral del 28 de abril de sobre san Luis Mar\u00eda Grignion de Montfort, por Isabel Orellana Vilches y la Fundaci\u00f3n Fernando Rielo.\" \/>\n<meta property=\"og:url\" content=\"https:\/\/exaudi.org\/es\/san-luis-maria-grignion-de-montfort-28-abril\/\" \/>\n<meta property=\"og:site_name\" content=\"Exaudi\" \/>\n<meta property=\"article:publisher\" content=\"https:\/\/www.facebook.com\/ExaudiNews\" \/>\n<meta property=\"article:published_time\" content=\"2026-04-28T05:30:08+00:00\" \/>\n<meta property=\"og:image\" content=\"https:\/\/exaudi.org\/wp-content\/uploads\/2021\/04\/sao-luis-maria-grignion-de-montfort-frame.jpg\" \/>\n\t<meta property=\"og:image:width\" content=\"1308\" \/>\n\t<meta property=\"og:image:height\" content=\"1076\" \/>\n\t<meta property=\"og:image:type\" content=\"image\/jpeg\" \/>\n<meta name=\"author\" content=\"Isabel Orellana\" \/>\n<meta name=\"twitter:card\" content=\"summary_large_image\" \/>\n<meta name=\"twitter:creator\" content=\"@Exaudi_News\" \/>\n<meta name=\"twitter:site\" content=\"@Exaudi_News\" \/>\n<meta name=\"twitter:label1\" content=\"Escrito por\" \/>\n\t<meta name=\"twitter:data1\" content=\"Isabel Orellana\" \/>\n\t<meta name=\"twitter:label2\" content=\"Tiempo de lectura\" \/>\n\t<meta name=\"twitter:data2\" content=\"5 minutos\" \/>\n<script type=\"application\/ld+json\" class=\"yoast-schema-graph\">{\"@context\":\"https:\\\/\\\/schema.org\",\"@graph\":[{\"@type\":\"Article\",\"@id\":\"https:\\\/\\\/exaudi.org\\\/es\\\/san-luis-maria-grignion-de-montfort-28-abril\\\/#article\",\"isPartOf\":{\"@id\":\"https:\\\/\\\/exaudi.org\\\/es\\\/san-luis-maria-grignion-de-montfort-28-abril\\\/\"},\"author\":{\"name\":\"Isabel Orellana\",\"@id\":\"https:\\\/\\\/exaudi.org\\\/#\\\/schema\\\/person\\\/64e18b96fd6118559a9217b5b3375fdc\"},\"headline\":\"San Luis Mar\u00eda Grignion de Montfort, 28 de abril\",\"datePublished\":\"2026-04-28T05:30:08+00:00\",\"mainEntityOfPage\":{\"@id\":\"https:\\\/\\\/exaudi.org\\\/es\\\/san-luis-maria-grignion-de-montfort-28-abril\\\/\"},\"wordCount\":1159,\"image\":{\"@id\":\"https:\\\/\\\/exaudi.org\\\/es\\\/san-luis-maria-grignion-de-montfort-28-abril\\\/#primaryimage\"},\"thumbnailUrl\":\"https:\\\/\\\/exaudi.org\\\/wp-content\\\/uploads\\\/2021\\\/04\\\/sao-luis-maria-grignion-de-montfort-frame.jpg\",\"keywords\":[\"Isabel Orellana Vilches\",\"San Luis Mar\u00eda Grignion de Montfort\",\"Santoral\",\"Trending\"],\"articleSection\":[\"Iglesia y Mundo\",\"Santoral\"],\"inLanguage\":\"es\"},{\"@type\":\"WebPage\",\"@id\":\"https:\\\/\\\/exaudi.org\\\/es\\\/san-luis-maria-grignion-de-montfort-28-abril\\\/\",\"url\":\"https:\\\/\\\/exaudi.org\\\/es\\\/san-luis-maria-grignion-de-montfort-28-abril\\\/\",\"name\":\"San Luis Mar\u00eda Grignion de Montfort, 28 de abril - Exaudi\",\"isPartOf\":{\"@id\":\"https:\\\/\\\/exaudi.org\\\/#website\"},\"primaryImageOfPage\":{\"@id\":\"https:\\\/\\\/exaudi.org\\\/es\\\/san-luis-maria-grignion-de-montfort-28-abril\\\/#primaryimage\"},\"image\":{\"@id\":\"https:\\\/\\\/exaudi.org\\\/es\\\/san-luis-maria-grignion-de-montfort-28-abril\\\/#primaryimage\"},\"thumbnailUrl\":\"https:\\\/\\\/exaudi.org\\\/wp-content\\\/uploads\\\/2021\\\/04\\\/sao-luis-maria-grignion-de-montfort-frame.jpg\",\"datePublished\":\"2026-04-28T05:30:08+00:00\",\"author\":{\"@id\":\"https:\\\/\\\/exaudi.org\\\/#\\\/schema\\\/person\\\/64e18b96fd6118559a9217b5b3375fdc\"},\"description\":\"Santoral del 28 de abril de sobre san Luis Mar\u00eda Grignion de Montfort, por Isabel Orellana Vilches y la Fundaci\u00f3n Fernando Rielo.\",\"breadcrumb\":{\"@id\":\"https:\\\/\\\/exaudi.org\\\/es\\\/san-luis-maria-grignion-de-montfort-28-abril\\\/#breadcrumb\"},\"inLanguage\":\"es\",\"potentialAction\":[{\"@type\":\"ReadAction\",\"target\":[\"https:\\\/\\\/exaudi.org\\\/es\\\/san-luis-maria-grignion-de-montfort-28-abril\\\/\"]}]},{\"@type\":\"ImageObject\",\"inLanguage\":\"es\",\"@id\":\"https:\\\/\\\/exaudi.org\\\/es\\\/san-luis-maria-grignion-de-montfort-28-abril\\\/#primaryimage\",\"url\":\"https:\\\/\\\/exaudi.org\\\/wp-content\\\/uploads\\\/2021\\\/04\\\/sao-luis-maria-grignion-de-montfort-frame.jpg\",\"contentUrl\":\"https:\\\/\\\/exaudi.org\\\/wp-content\\\/uploads\\\/2021\\\/04\\\/sao-luis-maria-grignion-de-montfort-frame.jpg\",\"width\":1308,\"height\":1076,\"caption\":\"San Luis Mar\u00eda Grignion De Montfort \u00a9 Catholik-Blog\"},{\"@type\":\"BreadcrumbList\",\"@id\":\"https:\\\/\\\/exaudi.org\\\/es\\\/san-luis-maria-grignion-de-montfort-28-abril\\\/#breadcrumb\",\"itemListElement\":[{\"@type\":\"ListItem\",\"position\":1,\"name\":\"Portada\",\"item\":\"https:\\\/\\\/exaudi.org\\\/es\\\/\"},{\"@type\":\"ListItem\",\"position\":2,\"name\":\"San Luis Mar\u00eda Grignion de Montfort, 28 de abril\"}]},{\"@type\":\"WebSite\",\"@id\":\"https:\\\/\\\/exaudi.org\\\/#website\",\"url\":\"https:\\\/\\\/exaudi.org\\\/\",\"name\":\"Exaudi\",\"description\":\"News\",\"potentialAction\":[{\"@type\":\"SearchAction\",\"target\":{\"@type\":\"EntryPoint\",\"urlTemplate\":\"https:\\\/\\\/exaudi.org\\\/?s={search_term_string}\"},\"query-input\":{\"@type\":\"PropertyValueSpecification\",\"valueRequired\":true,\"valueName\":\"search_term_string\"}}],\"inLanguage\":\"es\"},{\"@type\":\"Person\",\"@id\":\"https:\\\/\\\/exaudi.org\\\/#\\\/schema\\\/person\\\/64e18b96fd6118559a9217b5b3375fdc\",\"name\":\"Isabel Orellana\",\"image\":{\"@type\":\"ImageObject\",\"inLanguage\":\"es\",\"@id\":\"https:\\\/\\\/secure.gravatar.com\\\/avatar\\\/51968380bbb6b22ae85c605634860366fd9a2a611c6341125115bca32cd6c171?s=96&d=mm&r=g\",\"url\":\"https:\\\/\\\/secure.gravatar.com\\\/avatar\\\/51968380bbb6b22ae85c605634860366fd9a2a611c6341125115bca32cd6c171?s=96&d=mm&r=g\",\"contentUrl\":\"https:\\\/\\\/secure.gravatar.com\\\/avatar\\\/51968380bbb6b22ae85c605634860366fd9a2a611c6341125115bca32cd6c171?s=96&d=mm&r=g\",\"caption\":\"Isabel Orellana\"},\"description\":\"Isabel Orellana Vilches Misionera idente. Doctora en Filosof\u00eda por la Universidad Aut\u00f3noma de Barcelona con la tesis Realismo y progreso cient\u00edfico en la epistemolog\u00eda popperiana. Ha cursado estudios de teolog\u00eda en la Universidad Pontificia de Salamanca. Con amplia actividad docente desde 1986, ha publicado libros como: Realismo y progreso cient\u00edfico en la epistemolog\u00eda popperiana, Universitat Aut\u00f2noma de Barcelona, 1993; El evangelio habla a los j\u00f3venes, Atenas, Madrid, 1997; Qu\u00e9 es... LA TOLERANCIA, Paulinas, Madrid, 1999; Pedagog\u00eda del dolor. Ensayo antropol\u00f3gico, Palabra, Madrid, 1999; En colaboraci\u00f3n con Enrique Rivera de Ventosa (\u2020) OFM. Cap. San Francisco de As\u00eds y Fernando Rielo: Convergencias. Respuestas desde la fe a los interrogantes del hombre de hoy, Universidad Pontificia, Salamanca, 2001; La \\\"mirada\\\" del cine. Recursos did\u00e1cticos del s\u00e9ptimo arte. Librer\u00eda Cervantes, Salamanca, 2001; Paradojas de la convivencia, San Pablo, Madrid, 2002; En la Universidad T\u00e9cnica Particular de Loja, Ecuador, ha publicado: La confianza. El arte de amar, 2002; Educar para la responsabilidad, 2003; Apuntes de \u00e9tica en Karl R. Popper, 2003; De soledades y comunicaci\u00f3n, 2005; Yo educo; t\u00fa respondes, 2008; Humanismo y fe en un crisol de culturas, 2008; Repensar lo cotidiano, 2008; Convivir: un constante desaf\u00edo, 2009; La l\u00f3gica del amor, 2010; El dolor del amor. Apuntes sobre la enfermedad y el dolor en relaci\u00f3n con la virtud heroica, el martirio y la vida santa. Seminario Diocesano de M\u00e1laga, 2006 y Universidad T\u00e9cnica Particular de Loja, Ecuador (2007). Cuenta con numerosas colaboraciones en obras colectivas, as\u00ed como relatos, cuentos, f\u00e1bula y novela juvenil, adem\u00e1s de art\u00edculos de tem\u00e1tica cient\u00edfica, pedag\u00f3gica y espiritual, que viene publicando en distintas revistas nacionales e internacionales. En 2012 culmin\u00f3 el santoral Llamados a ser santos y poco m\u00e1s tarde Epopeyas de amor prologado por mons. Fernando Sebasti\u00e1n. Es la bi\u00f3grafa oficial del fundador de su familia espiritual, autora de Fernando Rielo Pardal. Fundador de los Misioneros Identes, Descl\u00e9e de Brouwer, Bilbao, 2009. Culmina la biograf\u00eda completa. Encargada del santoral de ZENIT desde 2012 a 2020 y ahora en Exaudi\",\"url\":\"https:\\\/\\\/exaudi.org\\\/es\\\/author\\\/isabelorellana\\\/\"}]}<\/script>\n<!-- \/ Yoast SEO plugin. -->","yoast_head_json":{"title":"San Luis Mar\u00eda Grignion de Montfort, 28 de abril - Exaudi","description":"Santoral del 28 de abril de sobre san Luis Mar\u00eda Grignion de Montfort, por Isabel Orellana Vilches y la Fundaci\u00f3n Fernando Rielo.","robots":{"index":"index","follow":"follow","max-snippet":"max-snippet:-1","max-image-preview":"max-image-preview:large","max-video-preview":"max-video-preview:-1"},"canonical":"https:\/\/exaudi.org\/es\/san-luis-maria-grignion-de-montfort-28-abril\/","og_locale":"es_ES","og_type":"article","og_title":"San Luis Mar\u00eda Grignion de Montfort, 28 de abril - Exaudi","og_description":"Santoral del 28 de abril de sobre san Luis Mar\u00eda Grignion de Montfort, por Isabel Orellana Vilches y la Fundaci\u00f3n Fernando Rielo.","og_url":"https:\/\/exaudi.org\/es\/san-luis-maria-grignion-de-montfort-28-abril\/","og_site_name":"Exaudi","article_publisher":"https:\/\/www.facebook.com\/ExaudiNews","article_published_time":"2026-04-28T05:30:08+00:00","og_image":[{"width":1308,"height":1076,"url":"https:\/\/exaudi.org\/wp-content\/uploads\/2021\/04\/sao-luis-maria-grignion-de-montfort-frame.jpg","type":"image\/jpeg"}],"author":"Isabel Orellana","twitter_card":"summary_large_image","twitter_creator":"@Exaudi_News","twitter_site":"@Exaudi_News","twitter_misc":{"Escrito por":"Isabel Orellana","Tiempo de lectura":"5 minutos"},"schema":{"@context":"https:\/\/schema.org","@graph":[{"@type":"Article","@id":"https:\/\/exaudi.org\/es\/san-luis-maria-grignion-de-montfort-28-abril\/#article","isPartOf":{"@id":"https:\/\/exaudi.org\/es\/san-luis-maria-grignion-de-montfort-28-abril\/"},"author":{"name":"Isabel Orellana","@id":"https:\/\/exaudi.org\/#\/schema\/person\/64e18b96fd6118559a9217b5b3375fdc"},"headline":"San Luis Mar\u00eda Grignion de Montfort, 28 de abril","datePublished":"2026-04-28T05:30:08+00:00","mainEntityOfPage":{"@id":"https:\/\/exaudi.org\/es\/san-luis-maria-grignion-de-montfort-28-abril\/"},"wordCount":1159,"image":{"@id":"https:\/\/exaudi.org\/es\/san-luis-maria-grignion-de-montfort-28-abril\/#primaryimage"},"thumbnailUrl":"https:\/\/exaudi.org\/wp-content\/uploads\/2021\/04\/sao-luis-maria-grignion-de-montfort-frame.jpg","keywords":["Isabel Orellana Vilches","San Luis Mar\u00eda Grignion de Montfort","Santoral","Trending"],"articleSection":["Iglesia y Mundo","Santoral"],"inLanguage":"es"},{"@type":"WebPage","@id":"https:\/\/exaudi.org\/es\/san-luis-maria-grignion-de-montfort-28-abril\/","url":"https:\/\/exaudi.org\/es\/san-luis-maria-grignion-de-montfort-28-abril\/","name":"San Luis Mar\u00eda Grignion de Montfort, 28 de abril - Exaudi","isPartOf":{"@id":"https:\/\/exaudi.org\/#website"},"primaryImageOfPage":{"@id":"https:\/\/exaudi.org\/es\/san-luis-maria-grignion-de-montfort-28-abril\/#primaryimage"},"image":{"@id":"https:\/\/exaudi.org\/es\/san-luis-maria-grignion-de-montfort-28-abril\/#primaryimage"},"thumbnailUrl":"https:\/\/exaudi.org\/wp-content\/uploads\/2021\/04\/sao-luis-maria-grignion-de-montfort-frame.jpg","datePublished":"2026-04-28T05:30:08+00:00","author":{"@id":"https:\/\/exaudi.org\/#\/schema\/person\/64e18b96fd6118559a9217b5b3375fdc"},"description":"Santoral del 28 de abril de sobre san Luis Mar\u00eda Grignion de Montfort, por Isabel Orellana Vilches y la Fundaci\u00f3n Fernando Rielo.","breadcrumb":{"@id":"https:\/\/exaudi.org\/es\/san-luis-maria-grignion-de-montfort-28-abril\/#breadcrumb"},"inLanguage":"es","potentialAction":[{"@type":"ReadAction","target":["https:\/\/exaudi.org\/es\/san-luis-maria-grignion-de-montfort-28-abril\/"]}]},{"@type":"ImageObject","inLanguage":"es","@id":"https:\/\/exaudi.org\/es\/san-luis-maria-grignion-de-montfort-28-abril\/#primaryimage","url":"https:\/\/exaudi.org\/wp-content\/uploads\/2021\/04\/sao-luis-maria-grignion-de-montfort-frame.jpg","contentUrl":"https:\/\/exaudi.org\/wp-content\/uploads\/2021\/04\/sao-luis-maria-grignion-de-montfort-frame.jpg","width":1308,"height":1076,"caption":"San Luis Mar\u00eda Grignion De Montfort \u00a9 Catholik-Blog"},{"@type":"BreadcrumbList","@id":"https:\/\/exaudi.org\/es\/san-luis-maria-grignion-de-montfort-28-abril\/#breadcrumb","itemListElement":[{"@type":"ListItem","position":1,"name":"Portada","item":"https:\/\/exaudi.org\/es\/"},{"@type":"ListItem","position":2,"name":"San Luis Mar\u00eda Grignion de Montfort, 28 de abril"}]},{"@type":"WebSite","@id":"https:\/\/exaudi.org\/#website","url":"https:\/\/exaudi.org\/","name":"Exaudi","description":"News","potentialAction":[{"@type":"SearchAction","target":{"@type":"EntryPoint","urlTemplate":"https:\/\/exaudi.org\/?s={search_term_string}"},"query-input":{"@type":"PropertyValueSpecification","valueRequired":true,"valueName":"search_term_string"}}],"inLanguage":"es"},{"@type":"Person","@id":"https:\/\/exaudi.org\/#\/schema\/person\/64e18b96fd6118559a9217b5b3375fdc","name":"Isabel Orellana","image":{"@type":"ImageObject","inLanguage":"es","@id":"https:\/\/secure.gravatar.com\/avatar\/51968380bbb6b22ae85c605634860366fd9a2a611c6341125115bca32cd6c171?s=96&d=mm&r=g","url":"https:\/\/secure.gravatar.com\/avatar\/51968380bbb6b22ae85c605634860366fd9a2a611c6341125115bca32cd6c171?s=96&d=mm&r=g","contentUrl":"https:\/\/secure.gravatar.com\/avatar\/51968380bbb6b22ae85c605634860366fd9a2a611c6341125115bca32cd6c171?s=96&d=mm&r=g","caption":"Isabel Orellana"},"description":"Isabel Orellana Vilches Misionera idente. Doctora en Filosof\u00eda por la Universidad Aut\u00f3noma de Barcelona con la tesis Realismo y progreso cient\u00edfico en la epistemolog\u00eda popperiana. Ha cursado estudios de teolog\u00eda en la Universidad Pontificia de Salamanca. Con amplia actividad docente desde 1986, ha publicado libros como: Realismo y progreso cient\u00edfico en la epistemolog\u00eda popperiana, Universitat Aut\u00f2noma de Barcelona, 1993; El evangelio habla a los j\u00f3venes, Atenas, Madrid, 1997; Qu\u00e9 es... LA TOLERANCIA, Paulinas, Madrid, 1999; Pedagog\u00eda del dolor. Ensayo antropol\u00f3gico, Palabra, Madrid, 1999; En colaboraci\u00f3n con Enrique Rivera de Ventosa (\u2020) OFM. Cap. San Francisco de As\u00eds y Fernando Rielo: Convergencias. Respuestas desde la fe a los interrogantes del hombre de hoy, Universidad Pontificia, Salamanca, 2001; La \"mirada\" del cine. Recursos did\u00e1cticos del s\u00e9ptimo arte. Librer\u00eda Cervantes, Salamanca, 2001; Paradojas de la convivencia, San Pablo, Madrid, 2002; En la Universidad T\u00e9cnica Particular de Loja, Ecuador, ha publicado: La confianza. El arte de amar, 2002; Educar para la responsabilidad, 2003; Apuntes de \u00e9tica en Karl R. Popper, 2003; De soledades y comunicaci\u00f3n, 2005; Yo educo; t\u00fa respondes, 2008; Humanismo y fe en un crisol de culturas, 2008; Repensar lo cotidiano, 2008; Convivir: un constante desaf\u00edo, 2009; La l\u00f3gica del amor, 2010; El dolor del amor. Apuntes sobre la enfermedad y el dolor en relaci\u00f3n con la virtud heroica, el martirio y la vida santa. Seminario Diocesano de M\u00e1laga, 2006 y Universidad T\u00e9cnica Particular de Loja, Ecuador (2007). Cuenta con numerosas colaboraciones en obras colectivas, as\u00ed como relatos, cuentos, f\u00e1bula y novela juvenil, adem\u00e1s de art\u00edculos de tem\u00e1tica cient\u00edfica, pedag\u00f3gica y espiritual, que viene publicando en distintas revistas nacionales e internacionales. En 2012 culmin\u00f3 el santoral Llamados a ser santos y poco m\u00e1s tarde Epopeyas de amor prologado por mons. Fernando Sebasti\u00e1n. Es la bi\u00f3grafa oficial del fundador de su familia espiritual, autora de Fernando Rielo Pardal. Fundador de los Misioneros Identes, Descl\u00e9e de Brouwer, Bilbao, 2009. Culmina la biograf\u00eda completa. Encargada del santoral de ZENIT desde 2012 a 2020 y ahora en Exaudi","url":"https:\/\/exaudi.org\/es\/author\/isabelorellana\/"}]}},"jetpack_featured_media_url":"https:\/\/exaudi.org\/wp-content\/uploads\/2021\/04\/sao-luis-maria-grignion-de-montfort-frame.jpg","jetpack_shortlink":"https:\/\/wp.me\/pgKjF2-3yb","_links":{"self":[{"href":"https:\/\/exaudi.org\/es\/wp-json\/wp\/v2\/posts\/13651","targetHints":{"allow":["GET"]}}],"collection":[{"href":"https:\/\/exaudi.org\/es\/wp-json\/wp\/v2\/posts"}],"about":[{"href":"https:\/\/exaudi.org\/es\/wp-json\/wp\/v2\/types\/post"}],"author":[{"embeddable":true,"href":"https:\/\/exaudi.org\/es\/wp-json\/wp\/v2\/users\/23"}],"replies":[{"embeddable":true,"href":"https:\/\/exaudi.org\/es\/wp-json\/wp\/v2\/comments?post=13651"}],"version-history":[{"count":3,"href":"https:\/\/exaudi.org\/es\/wp-json\/wp\/v2\/posts\/13651\/revisions"}],"predecessor-version":[{"id":168465,"href":"https:\/\/exaudi.org\/es\/wp-json\/wp\/v2\/posts\/13651\/revisions\/168465"}],"wp:featuredmedia":[{"embeddable":true,"href":"https:\/\/exaudi.org\/es\/wp-json\/wp\/v2\/media\/13654"}],"wp:attachment":[{"href":"https:\/\/exaudi.org\/es\/wp-json\/wp\/v2\/media?parent=13651"}],"wp:term":[{"taxonomy":"category","embeddable":true,"href":"https:\/\/exaudi.org\/es\/wp-json\/wp\/v2\/categories?post=13651"},{"taxonomy":"post_tag","embeddable":true,"href":"https:\/\/exaudi.org\/es\/wp-json\/wp\/v2\/tags?post=13651"}],"curies":[{"name":"wp","href":"https:\/\/api.w.org\/{rel}","templated":true}]}}