{"id":136466,"date":"2025-09-26T09:52:18","date_gmt":"2025-09-26T07:52:18","guid":{"rendered":"https:\/\/exaudi.org\/?p=136466"},"modified":"2025-09-26T09:56:08","modified_gmt":"2025-09-26T07:56:08","slug":"leon-xiv-educar-dar-voz-y-anunciar-esperanza","status":"publish","type":"post","link":"https:\/\/exaudi.org\/es\/leon-xiv-educar-dar-voz-y-anunciar-esperanza\/","title":{"rendered":"Le\u00f3n XIV: \u00abeducar, dar voz y anunciar esperanza\u00bb"},"content":{"rendered":"<article class=\"text-token-text-primary w-full focus:outline-none scroll-mt-[calc(var(--header-height)+min(200px,max(70px,20svh)))]\" dir=\"auto\" tabindex=\"-1\" data-turn-id=\"request-WEB:aaa8f2b8-3609-4b0f-bad0-7446f7fbebb0-0\" data-testid=\"conversation-turn-2\" data-scroll-anchor=\"true\" data-turn=\"assistant\">\n<div class=\"text-base my-auto mx-auto pb-10 [--thread-content-margin:--spacing(4)] thread-sm:[--thread-content-margin:--spacing(6)] thread-lg:[--thread-content-margin:--spacing(16)] px-(--thread-content-margin)\">\n<div class=\"[--thread-content-max-width:40rem] thread-lg:[--thread-content-max-width:48rem] mx-auto max-w-(--thread-content-max-width) flex-1 group\/turn-messages focus-visible:outline-hidden relative flex w-full min-w-0 flex-col agent-turn\" tabindex=\"-1\">\n<div class=\"flex max-w-full flex-col grow\">\n<div class=\"min-h-8 text-message relative flex w-full flex-col items-end gap-2 text-start break-words whitespace-normal [.text-message+&amp;]:mt-5\" dir=\"auto\" data-message-author-role=\"assistant\" data-message-id=\"a73223be-cc17-44a5-9992-ba03e9b51367\" data-message-model-slug=\"gpt-5-mini\">\n<div class=\"flex w-full flex-col gap-1 empty:hidden first:pt-[3px]\">\n<div class=\"markdown prose dark:prose-invert w-full break-words light markdown-new-styling\">\n<p data-start=\"351\" data-end=\"652\">El Papa Le\u00f3n XIV ha recibido a una delegaci\u00f3n de la revista jesuita italiana <em data-start=\"428\" data-end=\"450\">La Civilt\u00e0 Cattolica<\/em> con motivo de su 175\u00ba aniversario. Durante este encuentro, el Pont\u00edfice resalt\u00f3 tres misiones fundamentales que considera esenciales para la revista: educar, dar voz a los sin voz y anunciar esperanza.<\/p>\n<p data-start=\"654\" data-end=\"923\">En su discurso, el Papa destac\u00f3 que la misi\u00f3n educativa de la revista debe ir m\u00e1s all\u00e1 de la transmisi\u00f3n de conocimientos, buscando formar una conciencia cr\u00edtica y profunda que permita a los lectores comprender y transformar la realidad desde una perspectiva cristiana.<\/p>\n<p data-start=\"925\" data-end=\"1241\">Asimismo, subray\u00f3 la importancia de dar voz a aquellos que a menudo son silenciados en la sociedad, como los pobres, los marginados y los excluidos. En este sentido, invit\u00f3 a los miembros de <em data-start=\"1116\" data-end=\"1138\">La Civilt\u00e0 Cattolica<\/em> a escuchar con atenci\u00f3n y empat\u00eda a quienes sufren, reconociendo en su dolor el sufrimiento de Cristo.<\/p>\n<p data-start=\"1243\" data-end=\"1531\">Finalmente, el Papa enfatiz\u00f3 la necesidad de anunciar esperanza en un contexto global caracterizado por la polarizaci\u00f3n y la desesperanza. Inst\u00f3 a la revista a ser un faro de luz que ilumine el camino hacia un futuro m\u00e1s justo y fraterno, ofreciendo un mensaje de reconciliaci\u00f3n y unidad.<\/p>\n<p data-start=\"1533\" data-end=\"1755\">Con estas palabras, el Papa Le\u00f3n XIV reafirma el compromiso de <em data-start=\"1596\" data-end=\"1618\">La Civilt\u00e0 Cattolica<\/em> con los valores fundamentales del Evangelio y su papel como instrumento de transformaci\u00f3n social y espiritual en el mundo contempor\u00e1neo.<\/p>\n<\/div>\n<\/div>\n<\/div>\n<\/div>\n<\/div>\n<\/div>\n<\/article>\n","protected":false},"excerpt":{"rendered":"<p>En el 175\u00ba aniversario de la revista jesuita, \u00abLa Civilt\u00e0 Cattolica\u00bb, el Pont\u00edfice subraya la importancia de educar, dar voz a los sin voz y anunciar esperanza en un mundo marcado por la polarizaci\u00f3n<\/p>\n","protected":false},"author":15,"featured_media":136468,"comment_status":"closed","ping_status":"closed","sticky":false,"template":"","format":"standard","meta":{"_acf_changed":false,"inline_featured_image":false,"_wpcom_ai_launchpad_first_post":false,"footnotes":"","jetpack_post_was_ever_published":false},"categories":[68],"tags":[74268,15367,53606,6260,8349,624,1372,74270,20494,27199,58067,58067,58067,58067,74269,74267,436,58111,58111,58111,58111,58111,58111,58111,3825,74266,16116,19540],"class_list":["post-136466","post","type-post","status-publish","format-standard","has-post-thumbnail","hentry","category-leon-xiv","tag-aniversario-revista","tag-compromiso-social","tag-dar-voz","tag-discurso-del-papa","tag-educar","tag-esperanza","tag-evangelio","tag-formacion-critica","tag-inclusion-social","tag-la-civilta-cattolica","tag-leon-xiv","tag-mensaje-de-unidad","tag-misiones-de-la-iglesia","tag-papa-es","tag-papa-leon-xiv","tag-polarizacion","tag-revista-jesuita","tag-transformacion-social","tag-valores-cristianos"],"acf":[],"yoast_head":"<!-- This site is optimized with the Yoast SEO plugin v28.3 - https:\/\/yoast.com\/product\/yoast-seo-wordpress\/ -->\n<title>Le\u00f3n XIV: &quot;educar, dar voz y anunciar esperanza&quot; &#8211; Exaudi<\/title>\n<meta name=\"robots\" content=\"index, follow, max-snippet:-1, max-image-preview:large, max-video-preview:-1\" \/>\n<link rel=\"canonical\" href=\"https:\/\/exaudi.org\/es\/leon-xiv-educar-dar-voz-y-anunciar-esperanza\/\" \/>\n<meta property=\"og:locale\" content=\"es_ES\" \/>\n<meta property=\"og:type\" content=\"article\" \/>\n<meta property=\"og:title\" content=\"Le\u00f3n XIV: &quot;educar, dar voz y anunciar esperanza&quot; &#8211; Exaudi\" \/>\n<meta property=\"og:description\" content=\"En el 175\u00ba aniversario de la revista jesuita, &quot;La Civilt\u00e0 Cattolica&quot;, el Pont\u00edfice subraya la importancia de educar, dar voz a los sin voz y anunciar esperanza en un mundo marcado por la polarizaci\u00f3n\" \/>\n<meta property=\"og:url\" content=\"https:\/\/exaudi.org\/es\/leon-xiv-educar-dar-voz-y-anunciar-esperanza\/\" \/>\n<meta property=\"og:site_name\" content=\"Exaudi\" \/>\n<meta property=\"article:publisher\" content=\"https:\/\/www.facebook.com\/ExaudiNews\" \/>\n<meta property=\"article:author\" content=\"https:\/\/www.facebook.com\/ExaudiNoticias\/\" \/>\n<meta property=\"article:published_time\" content=\"2025-09-26T07:52:18+00:00\" \/>\n<meta property=\"article:modified_time\" content=\"2025-09-26T07:56:08+00:00\" \/>\n<meta property=\"og:image\" content=\"https:\/\/exaudi.org\/wp-content\/uploads\/2025\/09\/cq5dam.thumbnail.cropped.1000.563-2.jpeg\" \/>\n\t<meta property=\"og:image:width\" content=\"1000\" \/>\n\t<meta property=\"og:image:height\" content=\"563\" \/>\n\t<meta property=\"og:image:type\" content=\"image\/jpeg\" \/>\n<meta name=\"author\" content=\"Exaudi Redacci\u00f3n\" \/>\n<meta name=\"twitter:card\" content=\"summary_large_image\" \/>\n<meta name=\"twitter:creator\" content=\"@Exaudi_noticias\" \/>\n<meta name=\"twitter:site\" content=\"@Exaudi_News\" \/>\n<meta name=\"twitter:label1\" content=\"Escrito por\" \/>\n\t<meta name=\"twitter:data1\" content=\"Exaudi Redacci\u00f3n\" \/>\n\t<meta name=\"twitter:label2\" content=\"Tiempo de lectura\" \/>\n\t<meta name=\"twitter:data2\" content=\"1 minuto\" \/>\n<script type=\"application\/ld+json\" class=\"yoast-schema-graph\">{\"@context\":\"https:\\\/\\\/schema.org\",\"@graph\":[{\"@type\":\"Article\",\"@id\":\"https:\\\/\\\/exaudi.org\\\/es\\\/leon-xiv-educar-dar-voz-y-anunciar-esperanza\\\/#article\",\"isPartOf\":{\"@id\":\"https:\\\/\\\/exaudi.org\\\/es\\\/leon-xiv-educar-dar-voz-y-anunciar-esperanza\\\/\"},\"author\":{\"name\":\"Exaudi Redacci\u00f3n\",\"@id\":\"https:\\\/\\\/exaudi.org\\\/#\\\/schema\\\/person\\\/f5fc8f063065e38742da7afe15f25df7\"},\"headline\":\"Le\u00f3n XIV: \u00abeducar, dar voz y anunciar esperanza\u00bb\",\"datePublished\":\"2025-09-26T07:52:18+00:00\",\"dateModified\":\"2025-09-26T07:56:08+00:00\",\"mainEntityOfPage\":{\"@id\":\"https:\\\/\\\/exaudi.org\\\/es\\\/leon-xiv-educar-dar-voz-y-anunciar-esperanza\\\/\"},\"wordCount\":249,\"image\":{\"@id\":\"https:\\\/\\\/exaudi.org\\\/es\\\/leon-xiv-educar-dar-voz-y-anunciar-esperanza\\\/#primaryimage\"},\"thumbnailUrl\":\"https:\\\/\\\/i0.wp.com\\\/exaudi.org\\\/wp-content\\\/uploads\\\/2025\\\/09\\\/cq5dam.thumbnail.cropped.1000.563-2.jpeg?fit=1000%2C563&ssl=1\",\"keywords\":[\"aniversario revista\",\"compromiso social\",\"Dar voz\",\"Discurso del Papa\",\"Educar\",\"Esperanza\",\"Evangelio\",\"formaci\u00f3n cr\u00edtica\",\"inclusi\u00f3n social\",\"La Civilt\u00e0 Cattolica\",\"Le\u00f3n XIV\",\"Le\u00f3n XIV\",\"Le\u00f3n XIV\",\"Le\u00f3n XIV\",\"mensaje de unidad\",\"misiones de la Iglesia\",\"Papa\",\"papa le\u00f3n xiv\",\"papa le\u00f3n xiv\",\"papa le\u00f3n xiv\",\"papa le\u00f3n xiv\",\"papa le\u00f3n xiv\",\"papa le\u00f3n xiv\",\"papa le\u00f3n xiv\",\"Polarizaci\u00f3n\",\"revista jesuita\",\"transformaci\u00f3n social\",\"valores cristianos\"],\"articleSection\":[\"Le\u00f3n XIV\"],\"inLanguage\":\"es\"},{\"@type\":\"WebPage\",\"@id\":\"https:\\\/\\\/exaudi.org\\\/es\\\/leon-xiv-educar-dar-voz-y-anunciar-esperanza\\\/\",\"url\":\"https:\\\/\\\/exaudi.org\\\/es\\\/leon-xiv-educar-dar-voz-y-anunciar-esperanza\\\/\",\"name\":\"Le\u00f3n XIV: \\\"educar, dar voz y anunciar esperanza\\\" &#8211; Exaudi\",\"isPartOf\":{\"@id\":\"https:\\\/\\\/exaudi.org\\\/#website\"},\"primaryImageOfPage\":{\"@id\":\"https:\\\/\\\/exaudi.org\\\/es\\\/leon-xiv-educar-dar-voz-y-anunciar-esperanza\\\/#primaryimage\"},\"image\":{\"@id\":\"https:\\\/\\\/exaudi.org\\\/es\\\/leon-xiv-educar-dar-voz-y-anunciar-esperanza\\\/#primaryimage\"},\"thumbnailUrl\":\"https:\\\/\\\/i0.wp.com\\\/exaudi.org\\\/wp-content\\\/uploads\\\/2025\\\/09\\\/cq5dam.thumbnail.cropped.1000.563-2.jpeg?fit=1000%2C563&ssl=1\",\"datePublished\":\"2025-09-26T07:52:18+00:00\",\"dateModified\":\"2025-09-26T07:56:08+00:00\",\"author\":{\"@id\":\"https:\\\/\\\/exaudi.org\\\/#\\\/schema\\\/person\\\/f5fc8f063065e38742da7afe15f25df7\"},\"breadcrumb\":{\"@id\":\"https:\\\/\\\/exaudi.org\\\/es\\\/leon-xiv-educar-dar-voz-y-anunciar-esperanza\\\/#breadcrumb\"},\"inLanguage\":\"es\",\"potentialAction\":[{\"@type\":\"ReadAction\",\"target\":[\"https:\\\/\\\/exaudi.org\\\/es\\\/leon-xiv-educar-dar-voz-y-anunciar-esperanza\\\/\"]}]},{\"@type\":\"ImageObject\",\"inLanguage\":\"es\",\"@id\":\"https:\\\/\\\/exaudi.org\\\/es\\\/leon-xiv-educar-dar-voz-y-anunciar-esperanza\\\/#primaryimage\",\"url\":\"https:\\\/\\\/i0.wp.com\\\/exaudi.org\\\/wp-content\\\/uploads\\\/2025\\\/09\\\/cq5dam.thumbnail.cropped.1000.563-2.jpeg?fit=1000%2C563&ssl=1\",\"contentUrl\":\"https:\\\/\\\/i0.wp.com\\\/exaudi.org\\\/wp-content\\\/uploads\\\/2025\\\/09\\\/cq5dam.thumbnail.cropped.1000.563-2.jpeg?fit=1000%2C563&ssl=1\",\"width\":1000,\"height\":563},{\"@type\":\"BreadcrumbList\",\"@id\":\"https:\\\/\\\/exaudi.org\\\/es\\\/leon-xiv-educar-dar-voz-y-anunciar-esperanza\\\/#breadcrumb\",\"itemListElement\":[{\"@type\":\"ListItem\",\"position\":1,\"name\":\"Portada\",\"item\":\"https:\\\/\\\/exaudi.org\\\/es\\\/\"},{\"@type\":\"ListItem\",\"position\":2,\"name\":\"Le\u00f3n XIV: \u00abeducar, dar voz y anunciar esperanza\u00bb\"}]},{\"@type\":\"WebSite\",\"@id\":\"https:\\\/\\\/exaudi.org\\\/#website\",\"url\":\"https:\\\/\\\/exaudi.org\\\/\",\"name\":\"Exaudi\",\"description\":\"News\",\"potentialAction\":[{\"@type\":\"SearchAction\",\"target\":{\"@type\":\"EntryPoint\",\"urlTemplate\":\"https:\\\/\\\/exaudi.org\\\/?s={search_term_string}\"},\"query-input\":{\"@type\":\"PropertyValueSpecification\",\"valueRequired\":true,\"valueName\":\"search_term_string\"}}],\"inLanguage\":\"es\"},{\"@type\":\"Person\",\"@id\":\"https:\\\/\\\/exaudi.org\\\/#\\\/schema\\\/person\\\/f5fc8f063065e38742da7afe15f25df7\",\"name\":\"Exaudi Redacci\u00f3n\",\"image\":{\"@type\":\"ImageObject\",\"inLanguage\":\"es\",\"@id\":\"https:\\\/\\\/secure.gravatar.com\\\/avatar\\\/fe0f6a059fb68d9b3e11bc5850dd4899b1c7492091a3cb6dd9b01b56ad828be2?s=96&d=mm&r=g\",\"url\":\"https:\\\/\\\/secure.gravatar.com\\\/avatar\\\/fe0f6a059fb68d9b3e11bc5850dd4899b1c7492091a3cb6dd9b01b56ad828be2?s=96&d=mm&r=g\",\"contentUrl\":\"https:\\\/\\\/secure.gravatar.com\\\/avatar\\\/fe0f6a059fb68d9b3e11bc5850dd4899b1c7492091a3cb6dd9b01b56ad828be2?s=96&d=mm&r=g\",\"caption\":\"Exaudi Redacci\u00f3n\"},\"description\":\"\u00bfQu\u00e9 es Exaudi News? Exaudi News es un medio de comunicaci\u00f3n cat\u00f3lico internacional que informa, forma y transforma, diariamente en espa\u00f1ol, ingl\u00e9s e italiano. A trav\u00e9s de noticias, art\u00edculos de an\u00e1lisis y transmisiones en directo de los eventos del Papa, Exaudi busca fortalecer la unidad de los cristianos y contribuir a la evangelizaci\u00f3n del mundo, siempre guiados por la doctrina social de la Iglesia. Trabajamos para acercar la verdad y los valores cristianos a cada rinc\u00f3n del planeta. \u00a1Ay\u00fadanos a transformar el mundo con Exaudi! En Exaudi creemos que la evangelizaci\u00f3n y la informaci\u00f3n de calidad pueden cambiar vidas. Para continuar con nuestra misi\u00f3n y expandir nuestro alcance, necesitamos tu ayuda. Adem\u00e1s, buscamos personas comprometidas que deseen unirse a nuestro equipo. Con tu apoyo, lograremos llegar a m\u00e1s personas, difundir el mensaje de Cristo y reforzar la unidad de los cristianos. \u00bfTe unes a nuestra misi\u00f3n? Para m\u00e1s informaci\u00f3n sobre c\u00f3mo colaborar, visita Exaudi.org\\\/es o cont\u00e1ctanos directamente: info@exaudi.org Exaudi: Informa, forma y transforma.\",\"sameAs\":[\"https:\\\/\\\/www.facebook.com\\\/ExaudiNoticias\\\/\",\"https:\\\/\\\/www.instagram.com\\\/exaudi_noticias\\\/\",\"https:\\\/\\\/x.com\\\/Exaudi_noticias\",\"https:\\\/\\\/www.youtube.com\\\/@exaudicatholicnews\"],\"url\":\"https:\\\/\\\/exaudi.org\\\/es\\\/author\\\/redaccionexaudi\\\/\"}]}<\/script>\n<!-- \/ Yoast SEO plugin. -->","yoast_head_json":{"title":"Le\u00f3n XIV: \"educar, dar voz y anunciar esperanza\" &#8211; Exaudi","robots":{"index":"index","follow":"follow","max-snippet":"max-snippet:-1","max-image-preview":"max-image-preview:large","max-video-preview":"max-video-preview:-1"},"canonical":"https:\/\/exaudi.org\/es\/leon-xiv-educar-dar-voz-y-anunciar-esperanza\/","og_locale":"es_ES","og_type":"article","og_title":"Le\u00f3n XIV: \"educar, dar voz y anunciar esperanza\" &#8211; Exaudi","og_description":"En el 175\u00ba aniversario de la revista jesuita, \"La Civilt\u00e0 Cattolica\", el Pont\u00edfice subraya la importancia de educar, dar voz a los sin voz y anunciar esperanza en un mundo marcado por la polarizaci\u00f3n","og_url":"https:\/\/exaudi.org\/es\/leon-xiv-educar-dar-voz-y-anunciar-esperanza\/","og_site_name":"Exaudi","article_publisher":"https:\/\/www.facebook.com\/ExaudiNews","article_author":"https:\/\/www.facebook.com\/ExaudiNoticias\/","article_published_time":"2025-09-26T07:52:18+00:00","article_modified_time":"2025-09-26T07:56:08+00:00","og_image":[{"width":1000,"height":563,"url":"https:\/\/exaudi.org\/wp-content\/uploads\/2025\/09\/cq5dam.thumbnail.cropped.1000.563-2.jpeg","type":"image\/jpeg"}],"author":"Exaudi Redacci\u00f3n","twitter_card":"summary_large_image","twitter_creator":"@Exaudi_noticias","twitter_site":"@Exaudi_News","twitter_misc":{"Escrito por":"Exaudi Redacci\u00f3n","Tiempo de lectura":"1 minuto"},"schema":{"@context":"https:\/\/schema.org","@graph":[{"@type":"Article","@id":"https:\/\/exaudi.org\/es\/leon-xiv-educar-dar-voz-y-anunciar-esperanza\/#article","isPartOf":{"@id":"https:\/\/exaudi.org\/es\/leon-xiv-educar-dar-voz-y-anunciar-esperanza\/"},"author":{"name":"Exaudi Redacci\u00f3n","@id":"https:\/\/exaudi.org\/#\/schema\/person\/f5fc8f063065e38742da7afe15f25df7"},"headline":"Le\u00f3n XIV: \u00abeducar, dar voz y anunciar esperanza\u00bb","datePublished":"2025-09-26T07:52:18+00:00","dateModified":"2025-09-26T07:56:08+00:00","mainEntityOfPage":{"@id":"https:\/\/exaudi.org\/es\/leon-xiv-educar-dar-voz-y-anunciar-esperanza\/"},"wordCount":249,"image":{"@id":"https:\/\/exaudi.org\/es\/leon-xiv-educar-dar-voz-y-anunciar-esperanza\/#primaryimage"},"thumbnailUrl":"https:\/\/i0.wp.com\/exaudi.org\/wp-content\/uploads\/2025\/09\/cq5dam.thumbnail.cropped.1000.563-2.jpeg?fit=1000%2C563&ssl=1","keywords":["aniversario revista","compromiso social","Dar voz","Discurso del Papa","Educar","Esperanza","Evangelio","formaci\u00f3n cr\u00edtica","inclusi\u00f3n social","La Civilt\u00e0 Cattolica","Le\u00f3n XIV","Le\u00f3n XIV","Le\u00f3n XIV","Le\u00f3n XIV","mensaje de unidad","misiones de la Iglesia","Papa","papa le\u00f3n xiv","papa le\u00f3n xiv","papa le\u00f3n xiv","papa le\u00f3n xiv","papa le\u00f3n xiv","papa le\u00f3n xiv","papa le\u00f3n xiv","Polarizaci\u00f3n","revista jesuita","transformaci\u00f3n social","valores cristianos"],"articleSection":["Le\u00f3n XIV"],"inLanguage":"es"},{"@type":"WebPage","@id":"https:\/\/exaudi.org\/es\/leon-xiv-educar-dar-voz-y-anunciar-esperanza\/","url":"https:\/\/exaudi.org\/es\/leon-xiv-educar-dar-voz-y-anunciar-esperanza\/","name":"Le\u00f3n XIV: \"educar, dar voz y anunciar esperanza\" &#8211; Exaudi","isPartOf":{"@id":"https:\/\/exaudi.org\/#website"},"primaryImageOfPage":{"@id":"https:\/\/exaudi.org\/es\/leon-xiv-educar-dar-voz-y-anunciar-esperanza\/#primaryimage"},"image":{"@id":"https:\/\/exaudi.org\/es\/leon-xiv-educar-dar-voz-y-anunciar-esperanza\/#primaryimage"},"thumbnailUrl":"https:\/\/i0.wp.com\/exaudi.org\/wp-content\/uploads\/2025\/09\/cq5dam.thumbnail.cropped.1000.563-2.jpeg?fit=1000%2C563&ssl=1","datePublished":"2025-09-26T07:52:18+00:00","dateModified":"2025-09-26T07:56:08+00:00","author":{"@id":"https:\/\/exaudi.org\/#\/schema\/person\/f5fc8f063065e38742da7afe15f25df7"},"breadcrumb":{"@id":"https:\/\/exaudi.org\/es\/leon-xiv-educar-dar-voz-y-anunciar-esperanza\/#breadcrumb"},"inLanguage":"es","potentialAction":[{"@type":"ReadAction","target":["https:\/\/exaudi.org\/es\/leon-xiv-educar-dar-voz-y-anunciar-esperanza\/"]}]},{"@type":"ImageObject","inLanguage":"es","@id":"https:\/\/exaudi.org\/es\/leon-xiv-educar-dar-voz-y-anunciar-esperanza\/#primaryimage","url":"https:\/\/i0.wp.com\/exaudi.org\/wp-content\/uploads\/2025\/09\/cq5dam.thumbnail.cropped.1000.563-2.jpeg?fit=1000%2C563&ssl=1","contentUrl":"https:\/\/i0.wp.com\/exaudi.org\/wp-content\/uploads\/2025\/09\/cq5dam.thumbnail.cropped.1000.563-2.jpeg?fit=1000%2C563&ssl=1","width":1000,"height":563},{"@type":"BreadcrumbList","@id":"https:\/\/exaudi.org\/es\/leon-xiv-educar-dar-voz-y-anunciar-esperanza\/#breadcrumb","itemListElement":[{"@type":"ListItem","position":1,"name":"Portada","item":"https:\/\/exaudi.org\/es\/"},{"@type":"ListItem","position":2,"name":"Le\u00f3n XIV: \u00abeducar, dar voz y anunciar esperanza\u00bb"}]},{"@type":"WebSite","@id":"https:\/\/exaudi.org\/#website","url":"https:\/\/exaudi.org\/","name":"Exaudi","description":"News","potentialAction":[{"@type":"SearchAction","target":{"@type":"EntryPoint","urlTemplate":"https:\/\/exaudi.org\/?s={search_term_string}"},"query-input":{"@type":"PropertyValueSpecification","valueRequired":true,"valueName":"search_term_string"}}],"inLanguage":"es"},{"@type":"Person","@id":"https:\/\/exaudi.org\/#\/schema\/person\/f5fc8f063065e38742da7afe15f25df7","name":"Exaudi Redacci\u00f3n","image":{"@type":"ImageObject","inLanguage":"es","@id":"https:\/\/secure.gravatar.com\/avatar\/fe0f6a059fb68d9b3e11bc5850dd4899b1c7492091a3cb6dd9b01b56ad828be2?s=96&d=mm&r=g","url":"https:\/\/secure.gravatar.com\/avatar\/fe0f6a059fb68d9b3e11bc5850dd4899b1c7492091a3cb6dd9b01b56ad828be2?s=96&d=mm&r=g","contentUrl":"https:\/\/secure.gravatar.com\/avatar\/fe0f6a059fb68d9b3e11bc5850dd4899b1c7492091a3cb6dd9b01b56ad828be2?s=96&d=mm&r=g","caption":"Exaudi Redacci\u00f3n"},"description":"\u00bfQu\u00e9 es Exaudi News? Exaudi News es un medio de comunicaci\u00f3n cat\u00f3lico internacional que informa, forma y transforma, diariamente en espa\u00f1ol, ingl\u00e9s e italiano. A trav\u00e9s de noticias, art\u00edculos de an\u00e1lisis y transmisiones en directo de los eventos del Papa, Exaudi busca fortalecer la unidad de los cristianos y contribuir a la evangelizaci\u00f3n del mundo, siempre guiados por la doctrina social de la Iglesia. Trabajamos para acercar la verdad y los valores cristianos a cada rinc\u00f3n del planeta. \u00a1Ay\u00fadanos a transformar el mundo con Exaudi! En Exaudi creemos que la evangelizaci\u00f3n y la informaci\u00f3n de calidad pueden cambiar vidas. Para continuar con nuestra misi\u00f3n y expandir nuestro alcance, necesitamos tu ayuda. Adem\u00e1s, buscamos personas comprometidas que deseen unirse a nuestro equipo. Con tu apoyo, lograremos llegar a m\u00e1s personas, difundir el mensaje de Cristo y reforzar la unidad de los cristianos. \u00bfTe unes a nuestra misi\u00f3n? Para m\u00e1s informaci\u00f3n sobre c\u00f3mo colaborar, visita Exaudi.org\/es o cont\u00e1ctanos directamente: info@exaudi.org Exaudi: Informa, forma y transforma.","sameAs":["https:\/\/www.facebook.com\/ExaudiNoticias\/","https:\/\/www.instagram.com\/exaudi_noticias\/","https:\/\/x.com\/Exaudi_noticias","https:\/\/www.youtube.com\/@exaudicatholicnews"],"url":"https:\/\/exaudi.org\/es\/author\/redaccionexaudi\/"}]}},"jetpack_shortlink":"https:\/\/wp.me\/pgKjF2-zv4","jetpack_featured_media_url":"https:\/\/i0.wp.com\/exaudi.org\/wp-content\/uploads\/2025\/09\/cq5dam.thumbnail.cropped.1000.563-2.jpeg?fit=1000%2C563&ssl=1","_links":{"self":[{"href":"https:\/\/exaudi.org\/es\/wp-json\/wp\/v2\/posts\/136466","targetHints":{"allow":["GET"]}}],"collection":[{"href":"https:\/\/exaudi.org\/es\/wp-json\/wp\/v2\/posts"}],"about":[{"href":"https:\/\/exaudi.org\/es\/wp-json\/wp\/v2\/types\/post"}],"author":[{"embeddable":true,"href":"https:\/\/exaudi.org\/es\/wp-json\/wp\/v2\/users\/15"}],"replies":[{"embeddable":true,"href":"https:\/\/exaudi.org\/es\/wp-json\/wp\/v2\/comments?post=136466"}],"version-history":[{"count":2,"href":"https:\/\/exaudi.org\/es\/wp-json\/wp\/v2\/posts\/136466\/revisions"}],"predecessor-version":[{"id":136471,"href":"https:\/\/exaudi.org\/es\/wp-json\/wp\/v2\/posts\/136466\/revisions\/136471"}],"wp:featuredmedia":[{"embeddable":true,"href":"https:\/\/exaudi.org\/es\/wp-json\/wp\/v2\/media\/136468"}],"wp:attachment":[{"href":"https:\/\/exaudi.org\/es\/wp-json\/wp\/v2\/media?parent=136466"}],"wp:term":[{"taxonomy":"category","embeddable":true,"href":"https:\/\/exaudi.org\/es\/wp-json\/wp\/v2\/categories?post=136466"},{"taxonomy":"post_tag","embeddable":true,"href":"https:\/\/exaudi.org\/es\/wp-json\/wp\/v2\/tags?post=136466"}],"curies":[{"name":"wp","href":"https:\/\/api.w.org\/{rel}","templated":true}]}}