{"id":136310,"date":"2025-09-26T09:30:03","date_gmt":"2025-09-26T07:30:03","guid":{"rendered":"https:\/\/exaudi.org\/?p=136310"},"modified":"2025-09-25T12:23:07","modified_gmt":"2025-09-25T10:23:07","slug":"fomentar-cualidades-mas-que-corregir-defectos","status":"publish","type":"post","link":"https:\/\/exaudi.org\/es\/fomentar-cualidades-mas-que-corregir-defectos\/","title":{"rendered":"Fomentar cualidades m\u00e1s que corregir defectos"},"content":{"rendered":"<div class=\"elementor-element elementor-element-c3b7dbe elementor-widget elementor-widget-text-editor\" data-id=\"c3b7dbe\" data-element_type=\"widget\" data-widget_type=\"text-editor.default\">\n<div class=\"elementor-widget-container\">\n<h3><strong>El amor, el mejor \u00abgenerador\u00bb de cualidades<\/strong><\/h3>\n<h3><strong>Amor aut\u00e9ntico<\/strong><\/h3>\n<p>Lo apuntaba en\u00a0<a href=\"https:\/\/exaudi.org\/es\/amor-real-a-cada-hijo\/\" target=\"_blank\" rel=\"noopener\">un art\u00edculo anterior:<\/a><\/p>\n<ul>\n<li>Solo un <a href=\"https:\/\/edufamilia.com\/curso-el-verdadero-rostro-del-amor\/\" target=\"_blank\" rel=\"noopener\">amor aut\u00e9ntico<\/a>\u00a0sabe descubrir la verdadera grandeza, las mejores cualidades y las aptitudes y virtualidades m\u00e1s o menos ocultas de cada uno de nuestros hijos.<\/li>\n<li>Y, sin necesidad de excesivas palabras, las pone ante la vista del chico en cuesti\u00f3n como el ideal al que ese hijo ha de aspirar.<\/li>\n<\/ul>\n<\/div>\n<\/div>\n<div class=\"elementor-element elementor-element-0c43369 elementor-widget elementor-widget-text-editor\" data-id=\"0c43369\" data-element_type=\"widget\" data-widget_type=\"text-editor.default\">\n<div class=\"elementor-widget-container\">\n<blockquote>\n<p style=\"text-align: center;\"><em><strong>El\u00a0amor aut\u00e9ntico\u00a0ayuda a crecer a la persona amada,<\/strong><\/em><br \/>\n<em><strong>descubriendo sus cualidades<\/strong><\/em><br \/>\n<em><strong>y ayud\u00e1ndole a dar lo mejor de s\u00ed.<\/strong><\/em><\/p>\n<\/blockquote>\n<p><iframe title=\"Spotify Embed: Fomentar cualidades m\u00e1s que corregir defectos\" style=\"border-radius: 12px\" width=\"100%\" height=\"152\" frameborder=\"0\" allowfullscreen allow=\"autoplay; clipboard-write; encrypted-media; fullscreen; picture-in-picture\" loading=\"lazy\" src=\"https:\/\/open.spotify.com\/embed\/episode\/15BYHCQneZvMugN7MsSy4c?si=144d85b0c2494e93&#038;utm_source=oembed\"><\/iframe><\/p>\n<\/div>\n<\/div>\n<div class=\"elementor-element elementor-element-d27fedf elementor-widget elementor-widget-text-editor\" data-id=\"d27fedf\" data-element_type=\"widget\" data-widget_type=\"text-editor.default\">\n<div class=\"elementor-widget-container\">\n<h3><strong>Falso amor<\/strong><\/h3>\n<p>Por el contrario, cuando\u00a0<a href=\"https:\/\/youtu.be\/6C4xzBCzDgU\" target=\"_blank\" rel=\"noopener\">el amor<\/a>\u00a0no es lo bastante hondo, cuando est\u00e1 \u00abmezclado\u00bb con un desordenado amor propio:<\/p>\n<ul>\n<li>F\u00e1cilmente dejamos de percibir lo mejor que hay en nuestros hijos.<\/li>\n<li>Les trasmitimos la impresi\u00f3n de que valen poco.<\/li>\n<li>Y los <em>empujamos<\/em>, sin advertirlo, a adecuar su comportamiento a esa imagen \u201cpeque\u00f1a\u201d y degradada, a \u201cportarse mal\u201d.<\/li>\n<\/ul>\n<\/div>\n<\/div>\n<div class=\"elementor-element elementor-element-2caaca4 elementor-widget elementor-widget-text-editor\" data-id=\"2caaca4\" data-element_type=\"widget\" data-widget_type=\"text-editor.default\">\n<div class=\"elementor-widget-container\">\n<blockquote>\n<p style=\"text-align: center;\"><em><strong>Un excesivo y desordenado amor a uno mismo<br \/>\nimpide ver lo mejor de quienes nos rodean<br \/>\ne incluso advierte en ellos defectos que no tienen.<\/strong><\/em><\/p>\n<\/blockquote>\n<p><img loading=\"lazy\" decoding=\"async\" class=\"size-full wp-image-136315 alignnone\" src=\"https:\/\/exaudi.org\/wp-content\/uploads\/2025\/09\/fomentar_cualidades-3.jpg\" alt=\"\" width=\"312\" height=\"469\" srcset=\"https:\/\/exaudi.org\/wp-content\/uploads\/2025\/09\/fomentar_cualidades-3.jpg 312w, https:\/\/exaudi.org\/wp-content\/uploads\/2025\/09\/fomentar_cualidades-3-200x300.jpg 200w\" sizes=\"auto, (max-width: 312px) 100vw, 312px\" \/><\/p>\n<section class=\"elementor-section elementor-top-section elementor-element elementor-element-6211623 elementor-section-boxed elementor-section-height-default elementor-section-height-default\" data-id=\"6211623\" data-element_type=\"section\">\n<div class=\"elementor-container elementor-column-gap-default\">\n<div class=\"elementor-column elementor-col-100 elementor-top-column elementor-element elementor-element-2ef5f4f\" data-id=\"2ef5f4f\" data-element_type=\"column\">\n<div class=\"elementor-widget-wrap elementor-element-populated\">\n<div class=\"elementor-element elementor-element-6078176 elementor-widget elementor-widget-text-editor\" data-id=\"6078176\" data-element_type=\"widget\" data-widget_type=\"text-editor.default\">\n<div class=\"elementor-widget-container\">\n<h3><strong>Animar y recompensar para desarrollar las cualidades<\/strong><\/h3>\n<h3><strong>\u00a1Ni mencionar los defectos!<\/strong><\/h3>\n<p>El ni\u00f1o es tremendamente receptivo, much\u00edsimo m\u00e1s de lo que podemos imaginar.<\/p>\n<p>Si le repetimos con frecuencia que es un maleducado, un ego\u00edsta, un holgaz\u00e1n, un desordenado, un \u00abdespistado\u00bb, se creer\u00e1 y ser\u00e1 verdaderamente malcriado, ego\u00edsta y vago, y no le preocupar\u00e1 lo m\u00e1s m\u00ednimo dejar las cosas fuera de su lugar o seguir olvid\u00e1ndose de cuestiones importantes.<\/p>\n<p>Se advertir\u00e1 a s\u00ed mismo, m\u00e1s o menos confusamente, como un ser\u00a0<em>cargado de\u00a0defectos.<\/em><\/p>\n<\/div>\n<\/div>\n<div class=\"elementor-element elementor-element-e4c1345 elementor-widget elementor-widget-text-editor\" data-id=\"e4c1345\" data-element_type=\"widget\" data-widget_type=\"text-editor.default\">\n<div class=\"elementor-widget-container\">\n<blockquote>\n<p style=\"text-align: center;\"><em><strong>El ni\u00f1o tiende a hacer propia<\/strong><\/em><br \/>\n<em><strong>la imagen que los padres tenemos de \u00e9l\u2026<\/strong><\/em><br \/>\n<em><strong>y a actuar en consecuencia.<\/strong><\/em><\/p>\n<\/blockquote>\n<\/div>\n<\/div>\n<\/div>\n<\/div>\n<\/div>\n<\/section>\n<section class=\"elementor-section elementor-top-section elementor-element elementor-element-f9c111e elementor-section-boxed elementor-section-height-default elementor-section-height-default\" data-id=\"f9c111e\" data-element_type=\"section\">\n<div class=\"elementor-container elementor-column-gap-default\">\n<div class=\"elementor-column elementor-col-100 elementor-top-column elementor-element elementor-element-524b7ef\" data-id=\"524b7ef\" data-element_type=\"column\">\n<div class=\"elementor-widget-wrap elementor-element-populated\">\n<div class=\"elementor-element elementor-element-bcf0542 elementor-widget elementor-widget-text-editor\" data-id=\"bcf0542\" data-element_type=\"widget\" data-widget_type=\"text-editor.default\">\n<div class=\"elementor-widget-container\">\n<h3><strong>Por la cuenta que nos trae<\/strong><\/h3>\n<p>Adem\u00e1s, si insistimos excesivamente en sus defectos y damos la impresi\u00f3n de que solo estamos con \u00e9l para rega\u00f1arle y echarle en cara lo que hace de manera inadecuada, continuar\u00e1 actuando mal, sin ser consciente de por qu\u00e9 lo hace, con el \u00fanico fin de seguir recibiendo la atenci\u00f3n que necesita.<\/p>\n<p><a href=\"https:\/\/youtu.be\/j2Rk6fSJSnY\" target=\"_blank\" rel=\"noopener\">Las rega\u00f1inas se transforman entonces en\u00a0<em>refuerzo psicol\u00f3gico<\/em><\/a>\u00a0para aquellos modos de obrar que pretendemos que evite: para sus defectos, no para sus cualidades.<\/p>\n<\/div>\n<\/div>\n<div class=\"elementor-element elementor-element-f8682c2 elementor-widget elementor-widget-text-editor\" data-id=\"f8682c2\" data-element_type=\"widget\" data-widget_type=\"text-editor.default\">\n<div class=\"elementor-widget-container\">\n<blockquote>\n<p style=\"text-align: center;\"><em><strong>La atenci\u00f3n desmesurada a los defectos<\/strong><\/em><br \/>\n<em><strong>contribuye a reforzarlos, en lugar de disminuirlos.<\/strong><\/em><\/p>\n<\/blockquote>\n<p><img loading=\"lazy\" decoding=\"async\" class=\"size-full wp-image-136319 alignnone\" src=\"https:\/\/exaudi.org\/wp-content\/uploads\/2025\/09\/Fomentar_cualidades.jpg\" alt=\"\" width=\"732\" height=\"487\" srcset=\"https:\/\/exaudi.org\/wp-content\/uploads\/2025\/09\/Fomentar_cualidades.jpg 732w, https:\/\/exaudi.org\/wp-content\/uploads\/2025\/09\/Fomentar_cualidades-300x200.jpg 300w, https:\/\/exaudi.org\/wp-content\/uploads\/2025\/09\/Fomentar_cualidades-360x240.jpg?crop=1 360w, https:\/\/exaudi.org\/wp-content\/uploads\/2025\/09\/Fomentar_cualidades-500x333.jpg 500w\" sizes=\"auto, (max-width: 732px) 100vw, 732px\" \/><\/p>\n<section class=\"elementor-section elementor-top-section elementor-element elementor-element-c9864f2 elementor-section-boxed elementor-section-height-default elementor-section-height-default\" data-id=\"c9864f2\" data-element_type=\"section\">\n<div class=\"elementor-container elementor-column-gap-default\">\n<div class=\"elementor-column elementor-col-100 elementor-top-column elementor-element elementor-element-7b8ee1a\" data-id=\"7b8ee1a\" data-element_type=\"column\">\n<div class=\"elementor-widget-wrap elementor-element-populated\">\n<div class=\"elementor-element elementor-element-1369b14 elementor-widget elementor-widget-text-editor\" data-id=\"1369b14\" data-element_type=\"widget\" data-widget_type=\"text-editor.default\">\n<div class=\"elementor-widget-container\">\n<h3><strong>El\u00a0<em>otro\u00a0<\/em>efecto\u00a0<em>espejo<\/em>\u00a0o la eficacia de subrayar las cualidades<\/strong><\/h3>\n<h3><strong>Cualidades, defectos y autoestima<\/strong><\/h3>\n<p>En general, es mejor que el chico tenga un poco de excesiva confianza en s\u00ed mismo, que demasiado escasa.<\/p>\n<ul>\n<li>Lo iremos consiguiendo si logramos hacerle saber y sentir que nuestro amor es del todo incondicional: incondicionado e incondicionable.<\/li>\n<li>Que, aunque deseamos que d\u00e9 lo mejor que s\u00ed, seg\u00fan las cualidades que cada uno tenga, <strong>nunca<\/strong>\u00a0le retiraremos nuestro afecto si, por falta de fuerzas, de capacidad o de inter\u00e9s, o incluso por mala voluntad, no \u201cest\u00e1 a la altura\u201d esperada o comete una barbaridad.<\/li>\n<\/ul>\n<p>Por eso, si lo vemos recaer en alg\u00fan defecto, resultar\u00e1 m\u00e1s eficaz una palabra de \u00e1nimo que ech\u00e1rselo en cara y humillarlo.<\/p>\n<\/div>\n<\/div>\n<div class=\"elementor-element elementor-element-a208a59 elementor-widget elementor-widget-text-editor\" data-id=\"a208a59\" data-element_type=\"widget\" data-widget_type=\"text-editor.default\">\n<div class=\"elementor-widget-container\">\n<blockquote>\n<p style=\"text-align: center;\"><em><strong>Si el hijo recae en un defecto,<\/strong><\/em><br \/>\n<em><strong>es preferible animarlo que humillarlo.<\/strong><\/em><\/p>\n<\/blockquote>\n<\/div>\n<\/div>\n<\/div>\n<\/div>\n<\/div>\n<\/section>\n<section class=\"elementor-section elementor-top-section elementor-element elementor-element-7f10a0b elementor-section-boxed elementor-section-height-default elementor-section-height-default\" data-id=\"7f10a0b\" data-element_type=\"section\">\n<div class=\"elementor-container elementor-column-gap-default\">\n<div class=\"elementor-column elementor-col-100 elementor-top-column elementor-element elementor-element-ef32183\" data-id=\"ef32183\" data-element_type=\"column\">\n<div class=\"elementor-widget-wrap elementor-element-populated\">\n<div class=\"elementor-element elementor-element-dea4a49 elementor-widget elementor-widget-text-editor\" data-id=\"dea4a49\" data-element_type=\"widget\" data-widget_type=\"text-editor.default\">\n<div class=\"elementor-widget-container\">\n<h3><strong>Descubrir sus mejores cualidades<\/strong><\/h3>\n<p>En cualquier caso, como vengo apuntando, la clave para una buena educaci\u00f3n se mueve m\u00e1s en el \u00e1mbito de las cualidades que en el de los defectos.<\/p>\n<p>Un par de ideas b\u00e1sicas al respecto:<\/p>\n<ul>\n<li>Mostrar al hijo que confiamos en sus cualidades y virtudes lleva consigo <em>el esfuerzo previo de\u00a0<strong>descubrirlas<\/strong><\/em>\u00a0(con sus nombres\u00a0<em><strong>concretos<\/strong><\/em>\u00a0o con una descripci\u00f3n, tambi\u00e9n\u00a0<em><strong>concreta<\/strong><\/em>) e incluso de ponerlas por escrito y repasarlas con frecuencia, o el de pedir a nuestro c\u00f3nyuge que nos las \u00abrecuerde\u00bb cuando lo vemos todo negro.<\/li>\n<li>Se trata de un tremendo <a href=\"https:\/\/youtu.be\/-hJD3pZN9Bg\" target=\"_blank\" rel=\"noopener\">incentivo para la educaci\u00f3n en el hogar.<\/a><\/li>\n<li>Como cualquier ser humano, nuestros hijos sienten el impulso interior, no del todo consciente, a llevar a la pr\u00e1ctica la opini\u00f3n positiva o negativa (cualidades o defectos) que de ellos se tiene y de no defraudar nuestras expectativas.<\/li>\n<\/ul>\n<p><img loading=\"lazy\" decoding=\"async\" class=\"size-full wp-image-136323 alignnone\" src=\"https:\/\/exaudi.org\/wp-content\/uploads\/2025\/09\/fometar-cualidades.jpg\" alt=\"\" width=\"844\" height=\"498\" srcset=\"https:\/\/exaudi.org\/wp-content\/uploads\/2025\/09\/fometar-cualidades.jpg 844w, https:\/\/exaudi.org\/wp-content\/uploads\/2025\/09\/fometar-cualidades-300x177.jpg 300w, https:\/\/exaudi.org\/wp-content\/uploads\/2025\/09\/fometar-cualidades-770x454.jpg 770w, https:\/\/exaudi.org\/wp-content\/uploads\/2025\/09\/fometar-cualidades-500x295.jpg 500w\" sizes=\"auto, (max-width: 844px) 100vw, 844px\" \/><\/p>\n<section class=\"elementor-section elementor-top-section elementor-element elementor-element-6495fe1 elementor-section-boxed elementor-section-height-default elementor-section-height-default\" data-id=\"6495fe1\" data-element_type=\"section\">\n<div class=\"elementor-container elementor-column-gap-default\">\n<div class=\"elementor-column elementor-col-100 elementor-top-column elementor-element elementor-element-f59301d\" data-id=\"f59301d\" data-element_type=\"column\">\n<div class=\"elementor-widget-wrap elementor-element-populated\">\n<div class=\"elementor-element elementor-element-e8d3dcf elementor-widget elementor-widget-text-editor\" data-id=\"e8d3dcf\" data-element_type=\"widget\" data-widget_type=\"text-editor.default\">\n<div class=\"elementor-widget-container\">\n<h3><strong>Darles a conocer esas cualidades<\/strong><\/h3>\n<p><strong>Un principio b\u00e1sico<\/strong><\/p>\n<p>Los hombres somos los \u00fanicos seres que\u00a0<strong>no<\/strong>\u00a0obramos en sentido estricto seg\u00fan lo que\u00a0<em>somos,<\/em>\u00a0seg\u00fan las cualidades y los defectos que efectivamente tenemos.<\/p>\n<p>Actuamos m\u00e1s bien seg\u00fan lo que\u00a0<em>creemos<\/em>\u00a0que somos o, incluso, seg\u00fan lo que\u00a0<em>creemos<\/em>\u00a0que\u00a0<em>creen<\/em>\u00a0que somos y que, por tanto,\u00a0<em>creemos<\/em>\u00a0que\u00a0<em>esperan<\/em>\u00a0de nosotros.<\/p>\n<p><strong>Y sus consecuencias<\/strong><\/p>\n<p>\u00bfConsecuencias pr\u00e1cticas para la educaci\u00f3n?<\/p>\n<ul>\n<li>Si damos por supuesto que nuestro hijo o nuestra hija <strong><em>no<\/em><\/strong>\u00a0van a ordenar su habitaci\u00f3n antes de salir de casa, estaremos\u00a0<em>anim\u00e1ndolos<\/em>\u00a0a dejarlo todo por medio.<\/li>\n<li>Por el contrario, si le comunicamos con gracia y picard\u00eda nuestra convicci\u00f3n de que dejar\u00e1 su cuarto arreglado, y que eso nos hace muy felices, es muy probable que, poco a poco, vaya ordenando sus cosas.<\/li>\n<\/ul>\n<\/div>\n<\/div>\n<div class=\"elementor-element elementor-element-3ebafe8 elementor-widget elementor-widget-text-editor\" data-id=\"3ebafe8\" data-element_type=\"widget\" data-widget_type=\"text-editor.default\">\n<div class=\"elementor-widget-container\">\n<blockquote>\n<p style=\"text-align: center;\"><em><strong>Los hombres obramos m\u00e1s<\/strong><\/em><br \/>\n<em><strong>por lo que \u201cpensamos\u00a0que\u00a0piensan\u201d\u00a0de nosotros,<\/strong><\/em><br \/>\n<em><strong>que por las cualidades o defectos<\/strong><\/em><br \/>\n<em><strong>que realmente tenemos.<\/strong><\/em><\/p>\n<\/blockquote>\n<\/div>\n<\/div>\n<\/div>\n<\/div>\n<\/div>\n<\/section>\n<section class=\"elementor-section elementor-top-section elementor-element elementor-element-249c93c elementor-section-boxed elementor-section-height-default elementor-section-height-default\" data-id=\"249c93c\" data-element_type=\"section\">\n<div class=\"elementor-container elementor-column-gap-default\">\n<div class=\"elementor-column elementor-col-100 elementor-top-column elementor-element elementor-element-50632d2\" data-id=\"50632d2\" data-element_type=\"column\">\n<div class=\"elementor-widget-wrap elementor-element-populated\">\n<div class=\"elementor-element elementor-element-5bcada5 elementor-widget elementor-widget-text-editor\" data-id=\"5bcada5\" data-element_type=\"widget\" data-widget_type=\"text-editor.default\">\n<div class=\"elementor-widget-container\">\n<p>Y lo mismo ocurre con los restantes balances de cualidades y defectos.<\/p>\n<ul>\n<li>Hacerle saber que estamos seguros de que puede empe\u00f1arse m\u00e1s en los estudios acabar\u00e1 por llevarlo a hacer ese esfuerzo.<\/li>\n<li>Dar por descontado y mostrar nuestra alegr\u00eda por el hecho de que, cuando salgamos de casa, atender\u00e1 con cari\u00f1o a su hermano o hermana menor, le animar\u00e1 a prestarle atenci\u00f3n.<\/li>\n<\/ul>\n<p class=\"LPrNorm\">Con dos condiciones:<\/p>\n<ol>\n<li class=\"LPrNorm\">Que lo que demos por supuesto sea una tarea que realmente pueden llevar a cabo, aunque implique esfuerzo, y no algo absolutamente imposible para \u00e9l o para ella.<\/li>\n<li>Que nuestro convencimiento sea sincero, porque <em>de veras<\/em>\u00a0confiamos en nuestros hijos, y no una mera t\u00e1ctica para lograr unos objetivos que nos hagan la vida m\u00e1s c\u00f3moda.<\/li>\n<\/ol>\n<p class=\"LPrNorm\">Como siempre, el principio radical, en educaci\u00f3n, es\u00a0<b><i>el amor real<\/i><\/b>\u00a0a nuestros hijos, que nos lleva a verlos y quererlos un poco mejor de lo que son en cada momento de su vida.<\/p>\n<\/div>\n<\/div>\n<div class=\"elementor-element elementor-element-331c4c3 elementor-widget elementor-widget-text-editor\" data-id=\"331c4c3\" data-element_type=\"widget\" data-widget_type=\"text-editor.default\">\n<div class=\"elementor-widget-container\">\n<blockquote>\n<p style=\"text-align: center;\"><em><strong>Para educar a alguien<\/strong><\/em><br \/>\n<em><strong>hay que quererlo en cada instante<\/strong><\/em><br \/>\n<em><strong>un poco mejor de lo que es.<\/strong><\/em><\/p>\n<\/blockquote>\n<p><img loading=\"lazy\" decoding=\"async\" class=\"size-full wp-image-136326 alignnone\" src=\"https:\/\/exaudi.org\/wp-content\/uploads\/2025\/09\/Fomentar-cualidades-1.jpg\" alt=\"\" width=\"736\" height=\"490\" srcset=\"https:\/\/exaudi.org\/wp-content\/uploads\/2025\/09\/Fomentar-cualidades-1.jpg 736w, https:\/\/exaudi.org\/wp-content\/uploads\/2025\/09\/Fomentar-cualidades-1-300x200.jpg 300w, https:\/\/exaudi.org\/wp-content\/uploads\/2025\/09\/Fomentar-cualidades-1-360x240.jpg?crop=1 360w, https:\/\/exaudi.org\/wp-content\/uploads\/2025\/09\/Fomentar-cualidades-1-500x333.jpg 500w\" sizes=\"auto, (max-width: 736px) 100vw, 736px\" \/><\/p>\n<section class=\"elementor-section elementor-top-section elementor-element elementor-element-057c948 elementor-section-boxed elementor-section-height-default elementor-section-height-default\" data-id=\"057c948\" data-element_type=\"section\">\n<div class=\"elementor-container elementor-column-gap-default\">\n<div class=\"elementor-column elementor-col-100 elementor-top-column elementor-element elementor-element-296efd8\" data-id=\"296efd8\" data-element_type=\"column\">\n<div class=\"elementor-widget-wrap elementor-element-populated\">\n<div class=\"elementor-element elementor-element-1e4f474 elementor-widget elementor-widget-text-editor\" data-id=\"1e4f474\" data-element_type=\"widget\" data-widget_type=\"text-editor.default\">\n<div class=\"elementor-widget-container\">\n<h3><strong>Quererlos mejor de lo que son: reforzar sus cualidades<\/strong><\/h3>\n<p>Por eso, como acabo de sugerir, la clave de la educaci\u00f3n consiste\u00a0<a href=\"https:\/\/www.amazon.es\/Amar-aqu%C3%AD-ahora-Tom%C3%A1s-Melendo\/dp\/1545589291\/ref=sr_1_1?__mk_es_ES=%C3%85M%C3%85%C5%BD%C3%95%C3%91&amp;dchild=1&amp;keywords=amar%2C+aqu%C3%AD+y+ahora&amp;qid=1628680670&amp;sr=8-1\" target=\"_blank\" rel=\"noopener\">en ver y querer en cada momento a aquel a quien amamos un poco\u00a0<em>mejor de lo que en realidad es<\/em>.<\/a><\/p>\n<p>Por lo mismo, si un hijo hace una observaci\u00f3n correcta, no hay que tener miedo a darle la raz\u00f3n, tambi\u00e9n cuando contradice lo que nosotros acabamos de sostener o sugerir.<\/p>\n<p>No se pierde autoridad.<\/p>\n<p>Al contrario, m\u00e1s bien se gana, puesto que no la hacemos residir en\u00a0<em>nuestros<\/em>\u00a0puntos de vista, siempre susceptibles de cambio y rectificaci\u00f3n, sino en la verdad objetiva de lo propuesto y en la calidad personal que ponemos de relieve al reconocer sin m\u00e1s problema que el hijo\u00a0<em>tiene m\u00e1s raz\u00f3n\u00a0<\/em>que nosotros.<\/p>\n<\/div>\n<\/div>\n<div class=\"elementor-element elementor-element-63f136a elementor-widget elementor-widget-text-editor\" data-id=\"63f136a\" data-element_type=\"widget\" data-widget_type=\"text-editor.default\">\n<div class=\"elementor-widget-container\">\n<blockquote>\n<p style=\"text-align: center;\"><em><strong>Educar consiste en ver y querer en cada momento<\/strong><\/em><br \/>\n<em><strong>a aquel a quien amamos<\/strong><\/em><br \/>\n<em><strong>un poco\u00a0mejor de lo que en realidad es:<\/strong><\/em><br \/>\n<em><strong>en descubrir sus cualidades ocultas.<\/strong><\/em><\/p>\n<\/blockquote>\n<\/div>\n<\/div>\n<\/div>\n<\/div>\n<\/div>\n<\/section>\n<section class=\"elementor-section elementor-top-section elementor-element elementor-element-e3a3cc8 elementor-section-boxed elementor-section-height-default elementor-section-height-default\" data-id=\"e3a3cc8\" data-element_type=\"section\">\n<div class=\"elementor-container elementor-column-gap-default\">\n<div class=\"elementor-column elementor-col-100 elementor-top-column elementor-element elementor-element-459a2f9\" data-id=\"459a2f9\" data-element_type=\"column\">\n<div class=\"elementor-widget-wrap elementor-element-populated\">\n<div class=\"elementor-element elementor-element-cef8a4d elementor-widget elementor-widget-text-editor\" data-id=\"cef8a4d\" data-element_type=\"widget\" data-widget_type=\"text-editor.default\">\n<div class=\"elementor-widget-container\">\n<h3><strong>Alentar y elogiar en funci\u00f3n de sus cualidades<\/strong><\/h3>\n<h3><strong>Ni elogios en el vac\u00edo<\/strong><\/h3>\n<p>Al alentar y elogiar es preferible estar m\u00e1s atentos al esfuerzo realizado, en funci\u00f3n de las cualidades y capacidad de\u00a0<a href=\"https:\/\/youtu.be\/BsuecaESpnM\" target=\"_blank\" rel=\"noopener\">cada hijo<\/a>\u00a0\u2014distinto de todos sus hermanos:\u00a0<strong><em>\u00fanico<\/em><\/strong>\u2014, que al resultado obtenido.<\/p>\n<p>En principio,\u00a0<a href=\"https:\/\/youtu.be\/1tObA7Aj3ns\" target=\"_blank\" rel=\"noopener\">contra una actitud hoy demasiado frecuente,<\/a>\u00a0no se debe recompensar al ni\u00f1o por haber cumplido un deber o por haber tenido \u00e9xito en algo, del tipo que fuere, si el conseguirlo no le ha supuesto un empe\u00f1o muy especial.<\/p>\n<ul>\n<li>Acudiendo al ejemplo tal vez m\u00e1s cl\u00e1sico, un regalo por unas buenas calificaciones no suele ser correcto, sino m\u00e1s bien deformante.<\/li>\n<li>Las buenas calificaciones, junto con la demostraci\u00f3n de nuestra alegr\u00eda por ese resultado, deber\u00edan dar ya suficiente satisfacci\u00f3n al ni\u00f1o.<\/li>\n<\/ul>\n<\/div>\n<\/div>\n<div class=\"elementor-element elementor-element-896efe0 elementor-widget elementor-widget-text-editor\" data-id=\"896efe0\" data-element_type=\"widget\" data-widget_type=\"text-editor.default\">\n<div class=\"elementor-widget-container\">\n<blockquote>\n<p style=\"text-align: center;\"><em><strong>Como estudiaremos m\u00e1s adelante,<\/strong><\/em><br \/>\n<em><strong>la bondad de lo realizado debe llegar a ser,<\/strong><\/em><br \/>\n<em><strong>para nuestros hijos,<\/strong><\/em><br \/>\n<em><strong>la mejor \u201crecompensa\u201d por su buena acci\u00f3n.<\/strong><\/em><\/p>\n<\/blockquote>\n<\/div>\n<\/div>\n<\/div>\n<\/div>\n<\/div>\n<\/section>\n<section class=\"elementor-section elementor-top-section elementor-element elementor-element-51cd4b8 elementor-section-boxed elementor-section-height-default elementor-section-height-default\" data-id=\"51cd4b8\" data-element_type=\"section\">\n<div class=\"elementor-container elementor-column-gap-default\">\n<div class=\"elementor-column elementor-col-100 elementor-top-column elementor-element elementor-element-7969d72\" data-id=\"7969d72\" data-element_type=\"column\">\n<div class=\"elementor-widget-wrap elementor-element-populated\">\n<div class=\"elementor-element elementor-element-e4013d9 elementor-widget elementor-widget-text-editor\" data-id=\"e4013d9\" data-element_type=\"widget\" data-widget_type=\"text-editor.default\">\n<div class=\"elementor-widget-container\">\n<h3><strong>Ni premios fuera de lugar<\/strong><\/h3>\n<p>Tampoco es bueno multiplicar desmesuradamente las gratificaciones.<\/p>\n<p><em><strong>1.<\/strong>\u00a0<\/em>Por un lado, porque no se ense\u00f1a al ni\u00f1o a perseguir lo que de suyo es bueno, sino la recompensa que recibe:<\/p>\n<ul>\n<li>Se le empuja a pensar m\u00e1s en s\u00ed mismo (en <em><strong>su<\/strong>\u00a0<\/em>recompensa) que en los otros y en el bien que puede hacerles.<\/li>\n<li>Es decir, se le est\u00e1 animando, sin quererlo, a anteponer el amor propio desordenado al debido amor hacia los dem\u00e1s (que es donde cualquier <em>persona\u00a0<\/em><a href=\"https:\/\/youtu.be\/sG4Rqy0ORI4\" target=\"_blank\" rel=\"noopener\">alcanza su perfecci\u00f3n y, como consecuencia, es feliz).<\/a><\/li>\n<\/ul>\n<p><em><strong>2.<\/strong>\u00a0<\/em>Adem\u00e1s, porque cuando se omitan esos \u00abpremios\u00bb, el peque\u00f1o se sentir\u00e1 muy probablemente decepcionado.<\/p>\n<ul>\n<li>Recompensar una y otra vez lo que <em><strong>no<\/strong><\/em>\u00a0lo merece puede resultarnos c\u00f3modo y ayudarnos a \u00absalir del paso\u00bb.<\/li>\n<li>Pero equivale a transformar en un castigo todas las situaciones en las que, con toda justicia, falte esa compensaci\u00f3n.<\/li>\n<\/ul>\n<\/div>\n<\/div>\n<div class=\"elementor-element elementor-element-ed1a48e elementor-widget elementor-widget-text-editor\" data-id=\"ed1a48e\" data-element_type=\"widget\" data-widget_type=\"text-editor.default\">\n<div class=\"elementor-widget-container\">\n<blockquote>\n<p style=\"text-align: center;\"><em><strong>Recompensar repetidamente lo que no lo merece<\/strong><\/em><br \/>\n<em><strong>equivale a transformar en castigo todas las situaciones<\/strong><\/em><br \/>\n<em><strong>en las que falte ese premio.<\/strong><\/em><\/p>\n<\/blockquote>\n<p><img loading=\"lazy\" decoding=\"async\" class=\"size-full wp-image-136331 alignnone\" src=\"https:\/\/exaudi.org\/wp-content\/uploads\/2025\/09\/reforzar-cualidades.jpg\" alt=\"\" width=\"332\" height=\"497\" srcset=\"https:\/\/exaudi.org\/wp-content\/uploads\/2025\/09\/reforzar-cualidades.jpg 332w, https:\/\/exaudi.org\/wp-content\/uploads\/2025\/09\/reforzar-cualidades-200x300.jpg 200w\" sizes=\"auto, (max-width: 332px) 100vw, 332px\" \/><\/p>\n<section class=\"elementor-section elementor-top-section elementor-element elementor-element-2630e22 elementor-section-boxed elementor-section-height-default elementor-section-height-default\" data-id=\"2630e22\" data-element_type=\"section\">\n<div class=\"elementor-container elementor-column-gap-default\">\n<div class=\"elementor-column elementor-col-100 elementor-top-column elementor-element elementor-element-9674cc4\" data-id=\"9674cc4\" data-element_type=\"column\">\n<div class=\"elementor-widget-wrap elementor-element-populated\">\n<div class=\"elementor-element elementor-element-779cb78 elementor-widget elementor-widget-text-editor\" data-id=\"779cb78\" data-element_type=\"widget\" data-widget_type=\"text-editor.default\">\n<div class=\"elementor-widget-container\">\n<h3><strong>Cualidades\u00a0<em>reales:\u00a0<\/em>querer que el hijo\u00a0<em>sea bueno<\/em>, no solo que\u00a0<em>se sienta bien<\/em><\/strong><\/h3>\n<h3><strong>Reforzar las cualidades, manifestando sinceramente nuestra alegr\u00eda<\/strong><\/h3>\n<p>Lo que acabo de apuntar no significa que no mostremos satisfacci\u00f3n cuando nuestros hijos act\u00faen como deben.<\/p>\n<p>Al contrario, esa manifestaci\u00f3n de alegr\u00eda constituye el apoyo imprescindible para ayudarle a mantenerse en el buen camino, sobre todo cuando el hijo es muy peque\u00f1o.<\/p>\n<p>Por ejemplo, resulta mucho m\u00e1s eficaz felicitar a un\u00a0hijo\u00a0<em>a tiempo\u00a0<\/em>por haber realizado ya dos de los diez problemas que componen sus deberes, que echarle en cara el que \u00abtodav\u00eda no haya terminado\u00bb, cuando a duras penas y con tremendo esfuerzo ha logrado sin nuestro aliento ni ayuda resolver los cinco primeros ejercicios.<\/p>\n<\/div>\n<\/div>\n<div class=\"elementor-element elementor-element-224f9f8 elementor-widget elementor-widget-text-editor\" data-id=\"224f9f8\" data-element_type=\"widget\" data-widget_type=\"text-editor.default\">\n<div class=\"elementor-widget-container\">\n<blockquote>\n<p style=\"text-align: center;\"><em><strong>Cuando un hijo pone en juego sus cualidades,<\/strong><\/em><br \/>\n<em><strong>hay que manifestarle nuestra alegr\u00eda.<\/strong><\/em><\/p>\n<\/blockquote>\n<\/div>\n<\/div>\n<\/div>\n<\/div>\n<\/div>\n<\/section>\n<section class=\"elementor-section elementor-top-section elementor-element elementor-element-15e0b66 elementor-section-boxed elementor-section-height-default elementor-section-height-default\" data-id=\"15e0b66\" data-element_type=\"section\">\n<div class=\"elementor-container elementor-column-gap-default\">\n<div class=\"elementor-column elementor-col-100 elementor-top-column elementor-element elementor-element-bed2ea4\" data-id=\"bed2ea4\" data-element_type=\"column\">\n<div class=\"elementor-widget-wrap elementor-element-populated\">\n<div class=\"elementor-element elementor-element-a738301 elementor-widget elementor-widget-text-editor\" data-id=\"a738301\" data-element_type=\"widget\" data-widget_type=\"text-editor.default\">\n<div class=\"elementor-widget-container\">\n<h3><strong>Pero cualidades reales, no meramente \u201csentidas\u201d<\/strong><\/h3>\n<p class=\"LPrNorm\">No obstante, hay que intentar conseguir, de manera progresiva y sin impaciencias,\u00a0que las metas alcanzadas le vayan sirviendo por s\u00ed mismas como refuerzo para conseguir las que siguen.<\/p>\n<p class=\"LPrNorm\">Y situar siempre por delante el cumplimiento de su deber, por amor, que el que se muestre satisfecho o descontento.<\/p>\n<p class=\"LPrNorm\">En definitiva, conviene no olvidar una ley b\u00e1sica:<\/p>\n<ul>\n<li>Educar a alguien <em>no<\/em>\u00a0es hacer que siempre se encuentre contento y satisfecho, por tener cubiertos todos sus caprichos.<\/li>\n<li>Es ayudarle a sacar de s\u00ed (e-ducir), con el esfuerzo imprescindible por nuestra parte y la suya, toda la maravilla que encierra en su interior y que lo llevar\u00e1 hasta la plenitud de su condici\u00f3n personal, haci\u00e9ndolo \u2014como consecuencia\u2014 muy dichoso.<\/li>\n<\/ul>\n<\/div>\n<\/div>\n<div class=\"elementor-element elementor-element-51fec29 elementor-widget elementor-widget-text-editor\" data-id=\"51fec29\" data-element_type=\"widget\" data-widget_type=\"text-editor.default\">\n<div class=\"elementor-widget-container\">\n<blockquote>\n<p style=\"text-align: center;\"><em><strong>Ayudarle a\u00a0ser bueno,<\/strong><\/em><br \/>\n<em><strong>no necesariamente a que\u00a0<a href=\"https:\/\/youtu.be\/XOIQVrxpDr0\" target=\"_blank\" rel=\"noopener\">se sienta<\/a>\u00a0bien.<\/strong><\/em><\/p>\n<\/blockquote>\n<\/div>\n<\/div>\n<div class=\"elementor-element elementor-element-0a9e43f elementor-widget elementor-widget-text-editor\" data-id=\"0a9e43f\" data-element_type=\"widget\" data-widget_type=\"text-editor.default\">\n<div class=\"elementor-widget-container\">\n<p><em>(Continuar\u00e1)<\/em><\/p>\n<p><strong>Tom\u00e1s Melendo . <\/strong><strong>Presidente de Edufamilia . <\/strong><a href=\"http:\/\/www.edufamilia.com\" rel=\"nofollow\">http:\/\/www.edufamilia.com<\/a> . <a href=\"mailto:tmelendo@uma.es\">tmelendo@uma.es<\/a><\/p>\n<p><img loading=\"lazy\" decoding=\"async\" class=\"size-full wp-image-136337 alignnone\" src=\"https:\/\/exaudi.org\/wp-content\/uploads\/2025\/09\/EduFamilia-3.jpg\" alt=\"\" width=\"940\" height=\"788\" srcset=\"https:\/\/exaudi.org\/wp-content\/uploads\/2025\/09\/EduFamilia-3.jpg 940w, https:\/\/exaudi.org\/wp-content\/uploads\/2025\/09\/EduFamilia-3-300x251.jpg 300w, https:\/\/exaudi.org\/wp-content\/uploads\/2025\/09\/EduFamilia-3-770x645.jpg 770w, https:\/\/exaudi.org\/wp-content\/uploads\/2025\/09\/EduFamilia-3-500x419.jpg 500w\" sizes=\"auto, (max-width: 940px) 100vw, 940px\" \/><\/p>\n<\/div>\n<\/div>\n<\/div>\n<\/div>\n<\/div>\n<\/section>\n<\/div>\n<\/div>\n<\/div>\n<\/div>\n<\/div>\n<\/section>\n<\/div>\n<\/div>\n<\/div>\n<\/div>\n<\/div>\n<\/section>\n<\/div>\n<\/div>\n<\/div>\n<\/div>\n<\/div>\n<\/section>\n<\/div>\n<\/div>\n<\/div>\n<\/div>\n<\/div>\n<\/section>\n<\/div>\n<\/div>\n","protected":false},"excerpt":{"rendered":"<p>Es mucho m\u00e1s eficaz y gratificante<\/p>\n","protected":false},"author":167,"featured_media":136311,"comment_status":"closed","ping_status":"closed","sticky":false,"template":"","format":"standard","meta":{"_acf_changed":false,"_crdt_document":"","inline_featured_image":false,"footnotes":""},"categories":[130],"tags":[1761,15850,74126,74116,74114,74123,52541,74129,14732,73246,1854,46610,22143,60786,74124,69686,74125,74118,74127,617,4625,74113,74122,2618,74115,8505,22986,74119,74128,74120,74121,74117,70498,46744,58880],"class_list":["post-136310","post","type-post","status-publish","format-standard","has-post-thumbnail","hentry","category-voces","tag-amor","tag-amor-autentico","tag-atencion-al-esfuerzo","tag-autoestima-ninos","tag-corregir-defectos","tag-crecimiento-infantil","tag-crianza-consciente","tag-desarrollo-de-aptitudes","tag-desarrollo-personal","tag-disciplina-positiva","tag-educacion","tag-educacion-emocional","tag-educacion-en-el-hogar","tag-educacion-positiva","tag-educacion-sin-castigos","tag-edufamilia","tag-ejemplo-educativo","tag-elogiar-cualidades","tag-ensenar-valores","tag-familia","tag-felicidad","tag-fomentar-cualidades","tag-incentivar-cualidades","tag-matrimonio-es","tag-motivacion-infantil","tag-padres","tag-padres-e-hijos","tag-pedagogia-afectiva","tag-psicologia-infantil","tag-recompensar-esfuerzo","tag-reforzar-virtudes","tag-refuerzo-positivo","tag-sabermasparaamarmejor","tag-tomas-melendo","tag-trending-es-151"],"acf":[],"yoast_head":"<!-- This site is optimized with the Yoast SEO plugin v27.4 - https:\/\/yoast.com\/product\/yoast-seo-wordpress\/ -->\n<title>Fomentar cualidades m\u00e1s que corregir defectos &#8211; Exaudi<\/title>\n<meta name=\"robots\" content=\"index, follow, max-snippet:-1, max-image-preview:large, max-video-preview:-1\" \/>\n<link rel=\"canonical\" href=\"https:\/\/exaudi.org\/es\/fomentar-cualidades-mas-que-corregir-defectos\/\" \/>\n<meta property=\"og:locale\" content=\"es_ES\" \/>\n<meta property=\"og:type\" content=\"article\" \/>\n<meta property=\"og:title\" content=\"Fomentar cualidades m\u00e1s que corregir defectos &#8211; Exaudi\" \/>\n<meta property=\"og:description\" content=\"Es mucho m\u00e1s eficaz y gratificante\" \/>\n<meta property=\"og:url\" content=\"https:\/\/exaudi.org\/es\/fomentar-cualidades-mas-que-corregir-defectos\/\" \/>\n<meta property=\"og:site_name\" content=\"Exaudi\" \/>\n<meta property=\"article:publisher\" content=\"https:\/\/www.facebook.com\/ExaudiNews\" \/>\n<meta property=\"article:author\" content=\"https:\/\/www.facebook.com\/TomasMelendo\" \/>\n<meta property=\"article:published_time\" content=\"2025-09-26T07:30:03+00:00\" \/>\n<meta property=\"og:image\" content=\"https:\/\/exaudi.org\/wp-content\/uploads\/2025\/09\/6.1.-Fomentar-cualidades-970x647-1.jpg\" \/>\n\t<meta property=\"og:image:width\" content=\"1920\" \/>\n\t<meta property=\"og:image:height\" content=\"1080\" \/>\n\t<meta property=\"og:image:type\" content=\"image\/jpeg\" \/>\n<meta name=\"author\" content=\"EduFamilia\" \/>\n<meta name=\"twitter:card\" content=\"summary_large_image\" \/>\n<meta name=\"twitter:creator\" content=\"@Exaudi_News\" \/>\n<meta name=\"twitter:site\" content=\"@Exaudi_News\" \/>\n<meta name=\"twitter:label1\" content=\"Escrito por\" \/>\n\t<meta name=\"twitter:data1\" content=\"EduFamilia\" \/>\n\t<meta name=\"twitter:label2\" content=\"Tiempo de lectura\" \/>\n\t<meta name=\"twitter:data2\" content=\"9 minutos\" \/>\n<script type=\"application\/ld+json\" class=\"yoast-schema-graph\">{\"@context\":\"https:\\\/\\\/schema.org\",\"@graph\":[{\"@type\":\"Article\",\"@id\":\"https:\\\/\\\/exaudi.org\\\/es\\\/fomentar-cualidades-mas-que-corregir-defectos\\\/#article\",\"isPartOf\":{\"@id\":\"https:\\\/\\\/exaudi.org\\\/es\\\/fomentar-cualidades-mas-que-corregir-defectos\\\/\"},\"author\":{\"name\":\"EduFamilia\",\"@id\":\"https:\\\/\\\/exaudi.org\\\/#\\\/schema\\\/person\\\/789fd6e2af95f3a374496fef6b8057fc\"},\"headline\":\"Fomentar cualidades m\u00e1s que corregir defectos\",\"datePublished\":\"2025-09-26T07:30:03+00:00\",\"mainEntityOfPage\":{\"@id\":\"https:\\\/\\\/exaudi.org\\\/es\\\/fomentar-cualidades-mas-que-corregir-defectos\\\/\"},\"wordCount\":1847,\"image\":{\"@id\":\"https:\\\/\\\/exaudi.org\\\/es\\\/fomentar-cualidades-mas-que-corregir-defectos\\\/#primaryimage\"},\"thumbnailUrl\":\"https:\\\/\\\/exaudi.org\\\/wp-content\\\/uploads\\\/2025\\\/09\\\/6.1.-Fomentar-cualidades-970x647-1.jpg\",\"keywords\":[\"Amor\",\"amor aut\u00e9ntico\",\"atenci\u00f3n al esfuerzo\",\"autoestima ni\u00f1os\",\"corregir defectos\",\"crecimiento infantil\",\"crianza consciente\",\"desarrollo de aptitudes\",\"Desarrollo personal\",\"disciplina positiva\",\"Educaci\u00f3n\",\"educaci\u00f3n emocional\",\"Educaci\u00f3n en el Hogar\",\"educaci\u00f3n positiva\",\"educaci\u00f3n sin castigos\",\"EduFamilia\",\"ejemplo educativo\",\"elogiar cualidades\",\"ense\u00f1ar valores\",\"Familia\",\"Felicidad\",\"fomentar cualidades\",\"incentivar cualidades\",\"matrimonio\",\"motivaci\u00f3n infantil\",\"Padres\",\"padres e hijos\",\"pedagog\u00eda afectiva\",\"psicolog\u00eda infantil\",\"recompensar esfuerzo\",\"reforzar virtudes\",\"refuerzo positivo\",\"SaberM\u00e1sParaAmarMejor\",\"Tomas Melendo\",\"Trending\"],\"articleSection\":[\"Voces\"],\"inLanguage\":\"es\"},{\"@type\":\"WebPage\",\"@id\":\"https:\\\/\\\/exaudi.org\\\/es\\\/fomentar-cualidades-mas-que-corregir-defectos\\\/\",\"url\":\"https:\\\/\\\/exaudi.org\\\/es\\\/fomentar-cualidades-mas-que-corregir-defectos\\\/\",\"name\":\"Fomentar cualidades m\u00e1s que corregir defectos &#8211; Exaudi\",\"isPartOf\":{\"@id\":\"https:\\\/\\\/exaudi.org\\\/#website\"},\"primaryImageOfPage\":{\"@id\":\"https:\\\/\\\/exaudi.org\\\/es\\\/fomentar-cualidades-mas-que-corregir-defectos\\\/#primaryimage\"},\"image\":{\"@id\":\"https:\\\/\\\/exaudi.org\\\/es\\\/fomentar-cualidades-mas-que-corregir-defectos\\\/#primaryimage\"},\"thumbnailUrl\":\"https:\\\/\\\/exaudi.org\\\/wp-content\\\/uploads\\\/2025\\\/09\\\/6.1.-Fomentar-cualidades-970x647-1.jpg\",\"datePublished\":\"2025-09-26T07:30:03+00:00\",\"author\":{\"@id\":\"https:\\\/\\\/exaudi.org\\\/#\\\/schema\\\/person\\\/789fd6e2af95f3a374496fef6b8057fc\"},\"breadcrumb\":{\"@id\":\"https:\\\/\\\/exaudi.org\\\/es\\\/fomentar-cualidades-mas-que-corregir-defectos\\\/#breadcrumb\"},\"inLanguage\":\"es\",\"potentialAction\":[{\"@type\":\"ReadAction\",\"target\":[\"https:\\\/\\\/exaudi.org\\\/es\\\/fomentar-cualidades-mas-que-corregir-defectos\\\/\"]}]},{\"@type\":\"ImageObject\",\"inLanguage\":\"es\",\"@id\":\"https:\\\/\\\/exaudi.org\\\/es\\\/fomentar-cualidades-mas-que-corregir-defectos\\\/#primaryimage\",\"url\":\"https:\\\/\\\/exaudi.org\\\/wp-content\\\/uploads\\\/2025\\\/09\\\/6.1.-Fomentar-cualidades-970x647-1.jpg\",\"contentUrl\":\"https:\\\/\\\/exaudi.org\\\/wp-content\\\/uploads\\\/2025\\\/09\\\/6.1.-Fomentar-cualidades-970x647-1.jpg\",\"width\":1920,\"height\":1080},{\"@type\":\"BreadcrumbList\",\"@id\":\"https:\\\/\\\/exaudi.org\\\/es\\\/fomentar-cualidades-mas-que-corregir-defectos\\\/#breadcrumb\",\"itemListElement\":[{\"@type\":\"ListItem\",\"position\":1,\"name\":\"Portada\",\"item\":\"https:\\\/\\\/exaudi.org\\\/es\\\/\"},{\"@type\":\"ListItem\",\"position\":2,\"name\":\"Fomentar cualidades m\u00e1s que corregir defectos\"}]},{\"@type\":\"WebSite\",\"@id\":\"https:\\\/\\\/exaudi.org\\\/#website\",\"url\":\"https:\\\/\\\/exaudi.org\\\/\",\"name\":\"Exaudi\",\"description\":\"News\",\"potentialAction\":[{\"@type\":\"SearchAction\",\"target\":{\"@type\":\"EntryPoint\",\"urlTemplate\":\"https:\\\/\\\/exaudi.org\\\/?s={search_term_string}\"},\"query-input\":{\"@type\":\"PropertyValueSpecification\",\"valueRequired\":true,\"valueName\":\"search_term_string\"}}],\"inLanguage\":\"es\"},{\"@type\":\"Person\",\"@id\":\"https:\\\/\\\/exaudi.org\\\/#\\\/schema\\\/person\\\/789fd6e2af95f3a374496fef6b8057fc\",\"name\":\"EduFamilia\",\"image\":{\"@type\":\"ImageObject\",\"inLanguage\":\"es\",\"@id\":\"https:\\\/\\\/secure.gravatar.com\\\/avatar\\\/2ef1f3f76e97154daa0e14918939159ff06d6dba59a62843c706f74f696d396c?s=96&d=mm&r=g\",\"url\":\"https:\\\/\\\/secure.gravatar.com\\\/avatar\\\/2ef1f3f76e97154daa0e14918939159ff06d6dba59a62843c706f74f696d396c?s=96&d=mm&r=g\",\"contentUrl\":\"https:\\\/\\\/secure.gravatar.com\\\/avatar\\\/2ef1f3f76e97154daa0e14918939159ff06d6dba59a62843c706f74f696d396c?s=96&d=mm&r=g\",\"caption\":\"EduFamilia\"},\"description\":\"Edufamilia es una asociaci\u00f3n sin \u00e1nimo de lucro, nacida en el a\u00f1o 2005. Su fundador, Tom\u00e1s Melendo, advirti\u00f3 que una mejora en la calidad de las familias facilitar\u00eda la resoluci\u00f3n de bastantes de los problemas que aquejan a la sociedad de hoy. Y, apoyado siempre por su mujer, decidi\u00f3 lanzarse a esta aventura que cuenta con casi veinte a\u00f1os de vida y con m\u00faltiples ediciones de los distintos cursos formativos: M\u00e1steres y Maestr\u00edas, Expertos, cursos m\u00e1s breves, conferencias, ciclos culturales, seminarios y otros programas educativos. Aunque las primeras ediciones tuvieron car\u00e1cter presencial, actualmente se ha hecho un gran esfuerzo por promover la infraestructura virtual para adaptarse a los nuevos tiempos y que la formaci\u00f3n en torno a la familia alcance al mundo entero.\",\"sameAs\":[\"https:\\\/\\\/edufamilia.com\\\/\",\"https:\\\/\\\/www.facebook.com\\\/TomasMelendo\",\"https:\\\/\\\/www.instagram.com\\\/tomasmelendo\\\/\",\"https:\\\/\\\/www.linkedin.com\\\/company\\\/asociacin-edufamilia\\\/\",\"https:\\\/\\\/www.youtube.com\\\/channel\\\/UCU-7o2eQZJuHNtXB8AMMc1Q\"],\"url\":\"https:\\\/\\\/exaudi.org\\\/es\\\/author\\\/edufamilia\\\/\"}]}<\/script>\n<!-- \/ Yoast SEO plugin. -->","yoast_head_json":{"title":"Fomentar cualidades m\u00e1s que corregir defectos &#8211; Exaudi","robots":{"index":"index","follow":"follow","max-snippet":"max-snippet:-1","max-image-preview":"max-image-preview:large","max-video-preview":"max-video-preview:-1"},"canonical":"https:\/\/exaudi.org\/es\/fomentar-cualidades-mas-que-corregir-defectos\/","og_locale":"es_ES","og_type":"article","og_title":"Fomentar cualidades m\u00e1s que corregir defectos &#8211; Exaudi","og_description":"Es mucho m\u00e1s eficaz y gratificante","og_url":"https:\/\/exaudi.org\/es\/fomentar-cualidades-mas-que-corregir-defectos\/","og_site_name":"Exaudi","article_publisher":"https:\/\/www.facebook.com\/ExaudiNews","article_author":"https:\/\/www.facebook.com\/TomasMelendo","article_published_time":"2025-09-26T07:30:03+00:00","og_image":[{"width":1920,"height":1080,"url":"https:\/\/exaudi.org\/wp-content\/uploads\/2025\/09\/6.1.-Fomentar-cualidades-970x647-1.jpg","type":"image\/jpeg"}],"author":"EduFamilia","twitter_card":"summary_large_image","twitter_creator":"@Exaudi_News","twitter_site":"@Exaudi_News","twitter_misc":{"Escrito por":"EduFamilia","Tiempo de lectura":"9 minutos"},"schema":{"@context":"https:\/\/schema.org","@graph":[{"@type":"Article","@id":"https:\/\/exaudi.org\/es\/fomentar-cualidades-mas-que-corregir-defectos\/#article","isPartOf":{"@id":"https:\/\/exaudi.org\/es\/fomentar-cualidades-mas-que-corregir-defectos\/"},"author":{"name":"EduFamilia","@id":"https:\/\/exaudi.org\/#\/schema\/person\/789fd6e2af95f3a374496fef6b8057fc"},"headline":"Fomentar cualidades m\u00e1s que corregir defectos","datePublished":"2025-09-26T07:30:03+00:00","mainEntityOfPage":{"@id":"https:\/\/exaudi.org\/es\/fomentar-cualidades-mas-que-corregir-defectos\/"},"wordCount":1847,"image":{"@id":"https:\/\/exaudi.org\/es\/fomentar-cualidades-mas-que-corregir-defectos\/#primaryimage"},"thumbnailUrl":"https:\/\/exaudi.org\/wp-content\/uploads\/2025\/09\/6.1.-Fomentar-cualidades-970x647-1.jpg","keywords":["Amor","amor aut\u00e9ntico","atenci\u00f3n al esfuerzo","autoestima ni\u00f1os","corregir defectos","crecimiento infantil","crianza consciente","desarrollo de aptitudes","Desarrollo personal","disciplina positiva","Educaci\u00f3n","educaci\u00f3n emocional","Educaci\u00f3n en el Hogar","educaci\u00f3n positiva","educaci\u00f3n sin castigos","EduFamilia","ejemplo educativo","elogiar cualidades","ense\u00f1ar valores","Familia","Felicidad","fomentar cualidades","incentivar cualidades","matrimonio","motivaci\u00f3n infantil","Padres","padres e hijos","pedagog\u00eda afectiva","psicolog\u00eda infantil","recompensar esfuerzo","reforzar virtudes","refuerzo positivo","SaberM\u00e1sParaAmarMejor","Tomas Melendo","Trending"],"articleSection":["Voces"],"inLanguage":"es"},{"@type":"WebPage","@id":"https:\/\/exaudi.org\/es\/fomentar-cualidades-mas-que-corregir-defectos\/","url":"https:\/\/exaudi.org\/es\/fomentar-cualidades-mas-que-corregir-defectos\/","name":"Fomentar cualidades m\u00e1s que corregir defectos &#8211; Exaudi","isPartOf":{"@id":"https:\/\/exaudi.org\/#website"},"primaryImageOfPage":{"@id":"https:\/\/exaudi.org\/es\/fomentar-cualidades-mas-que-corregir-defectos\/#primaryimage"},"image":{"@id":"https:\/\/exaudi.org\/es\/fomentar-cualidades-mas-que-corregir-defectos\/#primaryimage"},"thumbnailUrl":"https:\/\/exaudi.org\/wp-content\/uploads\/2025\/09\/6.1.-Fomentar-cualidades-970x647-1.jpg","datePublished":"2025-09-26T07:30:03+00:00","author":{"@id":"https:\/\/exaudi.org\/#\/schema\/person\/789fd6e2af95f3a374496fef6b8057fc"},"breadcrumb":{"@id":"https:\/\/exaudi.org\/es\/fomentar-cualidades-mas-que-corregir-defectos\/#breadcrumb"},"inLanguage":"es","potentialAction":[{"@type":"ReadAction","target":["https:\/\/exaudi.org\/es\/fomentar-cualidades-mas-que-corregir-defectos\/"]}]},{"@type":"ImageObject","inLanguage":"es","@id":"https:\/\/exaudi.org\/es\/fomentar-cualidades-mas-que-corregir-defectos\/#primaryimage","url":"https:\/\/exaudi.org\/wp-content\/uploads\/2025\/09\/6.1.-Fomentar-cualidades-970x647-1.jpg","contentUrl":"https:\/\/exaudi.org\/wp-content\/uploads\/2025\/09\/6.1.-Fomentar-cualidades-970x647-1.jpg","width":1920,"height":1080},{"@type":"BreadcrumbList","@id":"https:\/\/exaudi.org\/es\/fomentar-cualidades-mas-que-corregir-defectos\/#breadcrumb","itemListElement":[{"@type":"ListItem","position":1,"name":"Portada","item":"https:\/\/exaudi.org\/es\/"},{"@type":"ListItem","position":2,"name":"Fomentar cualidades m\u00e1s que corregir defectos"}]},{"@type":"WebSite","@id":"https:\/\/exaudi.org\/#website","url":"https:\/\/exaudi.org\/","name":"Exaudi","description":"News","potentialAction":[{"@type":"SearchAction","target":{"@type":"EntryPoint","urlTemplate":"https:\/\/exaudi.org\/?s={search_term_string}"},"query-input":{"@type":"PropertyValueSpecification","valueRequired":true,"valueName":"search_term_string"}}],"inLanguage":"es"},{"@type":"Person","@id":"https:\/\/exaudi.org\/#\/schema\/person\/789fd6e2af95f3a374496fef6b8057fc","name":"EduFamilia","image":{"@type":"ImageObject","inLanguage":"es","@id":"https:\/\/secure.gravatar.com\/avatar\/2ef1f3f76e97154daa0e14918939159ff06d6dba59a62843c706f74f696d396c?s=96&d=mm&r=g","url":"https:\/\/secure.gravatar.com\/avatar\/2ef1f3f76e97154daa0e14918939159ff06d6dba59a62843c706f74f696d396c?s=96&d=mm&r=g","contentUrl":"https:\/\/secure.gravatar.com\/avatar\/2ef1f3f76e97154daa0e14918939159ff06d6dba59a62843c706f74f696d396c?s=96&d=mm&r=g","caption":"EduFamilia"},"description":"Edufamilia es una asociaci\u00f3n sin \u00e1nimo de lucro, nacida en el a\u00f1o 2005. Su fundador, Tom\u00e1s Melendo, advirti\u00f3 que una mejora en la calidad de las familias facilitar\u00eda la resoluci\u00f3n de bastantes de los problemas que aquejan a la sociedad de hoy. Y, apoyado siempre por su mujer, decidi\u00f3 lanzarse a esta aventura que cuenta con casi veinte a\u00f1os de vida y con m\u00faltiples ediciones de los distintos cursos formativos: M\u00e1steres y Maestr\u00edas, Expertos, cursos m\u00e1s breves, conferencias, ciclos culturales, seminarios y otros programas educativos. Aunque las primeras ediciones tuvieron car\u00e1cter presencial, actualmente se ha hecho un gran esfuerzo por promover la infraestructura virtual para adaptarse a los nuevos tiempos y que la formaci\u00f3n en torno a la familia alcance al mundo entero.","sameAs":["https:\/\/edufamilia.com\/","https:\/\/www.facebook.com\/TomasMelendo","https:\/\/www.instagram.com\/tomasmelendo\/","https:\/\/www.linkedin.com\/company\/asociacin-edufamilia\/","https:\/\/www.youtube.com\/channel\/UCU-7o2eQZJuHNtXB8AMMc1Q"],"url":"https:\/\/exaudi.org\/es\/author\/edufamilia\/"}]}},"jetpack_featured_media_url":"https:\/\/exaudi.org\/wp-content\/uploads\/2025\/09\/6.1.-Fomentar-cualidades-970x647-1.jpg","jetpack_shortlink":"https:\/\/wp.me\/pgKjF2-zsy","_links":{"self":[{"href":"https:\/\/exaudi.org\/es\/wp-json\/wp\/v2\/posts\/136310","targetHints":{"allow":["GET"]}}],"collection":[{"href":"https:\/\/exaudi.org\/es\/wp-json\/wp\/v2\/posts"}],"about":[{"href":"https:\/\/exaudi.org\/es\/wp-json\/wp\/v2\/types\/post"}],"author":[{"embeddable":true,"href":"https:\/\/exaudi.org\/es\/wp-json\/wp\/v2\/users\/167"}],"replies":[{"embeddable":true,"href":"https:\/\/exaudi.org\/es\/wp-json\/wp\/v2\/comments?post=136310"}],"version-history":[{"count":10,"href":"https:\/\/exaudi.org\/es\/wp-json\/wp\/v2\/posts\/136310\/revisions"}],"predecessor-version":[{"id":136382,"href":"https:\/\/exaudi.org\/es\/wp-json\/wp\/v2\/posts\/136310\/revisions\/136382"}],"wp:featuredmedia":[{"embeddable":true,"href":"https:\/\/exaudi.org\/es\/wp-json\/wp\/v2\/media\/136311"}],"wp:attachment":[{"href":"https:\/\/exaudi.org\/es\/wp-json\/wp\/v2\/media?parent=136310"}],"wp:term":[{"taxonomy":"category","embeddable":true,"href":"https:\/\/exaudi.org\/es\/wp-json\/wp\/v2\/categories?post=136310"},{"taxonomy":"post_tag","embeddable":true,"href":"https:\/\/exaudi.org\/es\/wp-json\/wp\/v2\/tags?post=136310"}],"curies":[{"name":"wp","href":"https:\/\/api.w.org\/{rel}","templated":true}]}}