{"id":135965,"date":"2025-09-24T11:50:38","date_gmt":"2025-09-24T09:50:38","guid":{"rendered":"https:\/\/exaudi.org\/?p=135965"},"modified":"2025-09-24T11:51:54","modified_gmt":"2025-09-24T09:51:54","slug":"la-oms-incluye-abortivos-en-su-lista-de-medicamentos-esenciales","status":"publish","type":"post","link":"https:\/\/exaudi.org\/es\/la-oms-incluye-abortivos-en-su-lista-de-medicamentos-esenciales\/","title":{"rendered":"La OMS incluye abortivos en su lista de medicamentos esenciales"},"content":{"rendered":"<p>La Organizaci\u00f3n Mundial de la Salud (OMS), ha actualizado su listado de medicamentos esenciales en 2025, en el que ha incluido dos f\u00e1rmacos que se utilizan para provocar abortos.<\/p>\n<p>El documento, titulado\u00a0<strong><a href=\"https:\/\/iris.who.int\/bitstream\/handle\/10665\/382243\/B09474-eng.pdf\">\u201cLa selecci\u00f3n y uso de medicamentos esenciales, 2025\u201d<\/a><\/strong>, incluye la mifepristona y el misoprostol bajo el ep\u00edgrafe \u201cMedicinas para el aborto m\u00e9dico\u201d.<\/p>\n<p>Seg\u00fan el documento de la OMS tanto la mifepristona como el misoprostol se utilizan en casos de muerte fetal intrauterina y para provocar abortos. El misoprostol tambi\u00e9n se utiliza en casos de aborto incompleto y espont\u00e1neo.<\/p>\n<h3><strong>\u00bfMedicamento esencial?<\/strong><\/h3>\n<p>Resulta dif\u00edcil de aceptar que medicamentos abortivos sean considerados esenciales. Seg\u00fan\u00a0<strong><a href=\"https:\/\/www.who.int\/es\/news-room\/fact-sheets\/detail\/essential-medicines\">define la propia OMS<\/a><\/strong>, se entiende por medicamentos esenciales aquellos que tratan de manera eficaz y segura las necesidades prioritarias en materia de salud de la poblaci\u00f3n. Estos medicamentos se seleccionan en funci\u00f3n de su pertinencia para la salud p\u00fablica y de la evidencia disponible acerca de los beneficios y los perjuicios que comportan, as\u00ed como teniendo en cuenta el costo, la asequibilidad y otros factores pertinentes.<\/p>\n<p>Los f\u00e1rmacos abortivos se utilizan para terminar la gestaci\u00f3n provocando la muerte de embriones humanos. Adem\u00e1s de no ser terap\u00e9uticos -no curan nada- conllevan un alto riesgo de efectos secundarios apara las mujeres que los utilizan, como hemos informado<strong>\u00a0<a href=\"https:\/\/www.observatoriobioetica.org\/2025\/05\/un-nuevo-estudio-alerta-de-graves-efectos-adversos-tras-el-uso-de-mifepristona\/10004048\">previamente<\/a><\/strong>.<\/p>\n<p>Estudios recientes, realizados con m\u00e1s de 800.000 mujeres que han utilizado f\u00e1rmacos abortivos revelan, seg\u00fan los datos de reclamaciones de seguros m\u00e9dicos relacionados con la pr\u00e1ctica de abortos qu\u00edmicos con<a href=\"https:\/\/www.observatoriobioetica.org\/2024\/02\/mifepristona-un-abortivo-controvertido\/10000768\"><strong>\u00a0mifepristona<\/strong><\/a>, una alta prevalencia de eventos adversos graves como sepsis, infecci\u00f3n, hemorragias y otros en el 10.93 % de las mujeres que lo utilizaron, durante los 45 d\u00edas posteriores al aborto.<\/p>\n<p>El grave error de atribuir a estos f\u00e1rmacos, que nada tienen que ver con la preservaci\u00f3n de la salud de la poblaci\u00f3n, sino m\u00e1s bien todo lo contrario, la clasificaci\u00f3n de \u201cesenciales\u201d por parte de la OMS, solo puede entenderse de la pretensi\u00f3n de considerar el aborto como un derecho.<\/p>\n<p>Ni existe el derecho a matar, ni son esenciales los f\u00e1rmacos cuya indicaci\u00f3n no est\u00e1 relacionada con el abordaje eficaz y seguro de las necesidades prioritarias en materia de salud de la poblaci\u00f3n, tal como establece la OMS.<\/p>\n<p>Establecer criterios sanitarios fundamentados en bases ideol\u00f3gicas en lugar de en evidencias cient\u00edficas orientadas al bien com\u00fan constituye un grave riesgo para la salud de los ciudadanos, aquella por la que la OMS debe velar en primer lugar.<\/p>\n<p><em><strong>Julio Tudela .\u00a0Ester Bosch &#8211;\u00a0Observatorio de Bio\u00e9tica &#8211;\u00a0Instituto Ciencias de la Vida &#8211;\u00a0Universidad Cat\u00f3lica de Valencia<\/strong><\/em><\/p>\n","protected":false},"excerpt":{"rendered":"<p>La OMS incluye mifepristona y misoprostol en su lista de medicamentos esenciales 2025 generando debate sobre salud y bio\u00e9tica<\/p>\n","protected":false},"author":87,"featured_media":135967,"comment_status":"closed","ping_status":"closed","sticky":false,"template":"","format":"standard","meta":{"_acf_changed":false,"_crdt_document":"","inline_featured_image":false,"footnotes":""},"categories":[130],"tags":[73845,73847,73848,73846,73856,728,73855,21133,73850,73852,73853,14327,73858,73844,73857,28447,28448,10790,12293,73854,73849,49476,73851,58880,3049],"class_list":["post-135965","post","type-post","status-publish","format-standard","has-post-thumbnail","hentry","category-voces","tag-abortivos","tag-aborto-espontaneo","tag-aborto-incompleto","tag-aborto-medico","tag-actualizacion-2025","tag-bioetica","tag-controversia-aborto","tag-derechos-reproductivos","tag-efectos-secundarios","tag-hemorragia","tag-infecciones","tag-instituto-ciencias-de-la-vida","tag-la-oms-incluye-mifepristona-y-misoprostol-en-su-lista-de-medicamentos-esenciales-2025-generando-debate-sobre-salud-y-bioetica","tag-medicamentos-esenciales","tag-medicamentos-prioritarios","tag-mifepristona","tag-misoprostol","tag-observatorio-de-bioetica","tag-oms-2","tag-politicas-sanitarias","tag-riesgos-abortivos","tag-salud-publica","tag-sepsis","tag-trending-es-151","tag-universidad-catolica-de-valencia"],"acf":[],"yoast_head":"<!-- This site is optimized with the Yoast SEO plugin v27.5 - https:\/\/yoast.com\/product\/yoast-seo-wordpress\/ -->\n<title>La OMS incluye abortivos en su lista de medicamentos esenciales &#8211; Exaudi<\/title>\n<meta name=\"robots\" content=\"index, follow, max-snippet:-1, max-image-preview:large, max-video-preview:-1\" \/>\n<link rel=\"canonical\" href=\"https:\/\/exaudi.org\/es\/la-oms-incluye-abortivos-en-su-lista-de-medicamentos-esenciales\/\" \/>\n<meta property=\"og:locale\" content=\"es_ES\" \/>\n<meta property=\"og:type\" content=\"article\" \/>\n<meta property=\"og:title\" content=\"La OMS incluye abortivos en su lista de medicamentos esenciales &#8211; Exaudi\" \/>\n<meta property=\"og:description\" content=\"La OMS incluye mifepristona y misoprostol en su lista de medicamentos esenciales 2025 generando debate sobre salud y bio\u00e9tica\" \/>\n<meta property=\"og:url\" content=\"https:\/\/exaudi.org\/es\/la-oms-incluye-abortivos-en-su-lista-de-medicamentos-esenciales\/\" \/>\n<meta property=\"og:site_name\" content=\"Exaudi\" \/>\n<meta property=\"article:publisher\" content=\"https:\/\/www.facebook.com\/ExaudiNews\" \/>\n<meta property=\"article:author\" content=\"https:\/\/www.facebook.com\/observatoriodebioetica\/\" \/>\n<meta property=\"article:published_time\" content=\"2025-09-24T09:50:38+00:00\" \/>\n<meta property=\"article:modified_time\" content=\"2025-09-24T09:51:54+00:00\" \/>\n<meta property=\"og:image\" content=\"https:\/\/exaudi.org\/wp-content\/uploads\/2025\/09\/2-2-scaled.png-scaled.jpg\" \/>\n\t<meta property=\"og:image:width\" content=\"2560\" \/>\n\t<meta property=\"og:image:height\" content=\"994\" \/>\n\t<meta property=\"og:image:type\" content=\"image\/jpeg\" \/>\n<meta name=\"author\" content=\"Observatorio de Bio\u00e9tica UCV\" \/>\n<meta name=\"twitter:card\" content=\"summary_large_image\" \/>\n<meta name=\"twitter:creator\" content=\"@obioetica\" \/>\n<meta name=\"twitter:site\" content=\"@Exaudi_News\" \/>\n<meta name=\"twitter:label1\" content=\"Escrito por\" \/>\n\t<meta name=\"twitter:data1\" content=\"Observatorio de Bio\u00e9tica UCV\" \/>\n\t<meta name=\"twitter:label2\" content=\"Tiempo de lectura\" \/>\n\t<meta name=\"twitter:data2\" content=\"2 minutos\" \/>\n<script type=\"application\/ld+json\" class=\"yoast-schema-graph\">{\"@context\":\"https:\\\/\\\/schema.org\",\"@graph\":[{\"@type\":\"Article\",\"@id\":\"https:\\\/\\\/exaudi.org\\\/es\\\/la-oms-incluye-abortivos-en-su-lista-de-medicamentos-esenciales\\\/#article\",\"isPartOf\":{\"@id\":\"https:\\\/\\\/exaudi.org\\\/es\\\/la-oms-incluye-abortivos-en-su-lista-de-medicamentos-esenciales\\\/\"},\"author\":{\"name\":\"Observatorio de Bio\u00e9tica UCV\",\"@id\":\"https:\\\/\\\/exaudi.org\\\/#\\\/schema\\\/person\\\/05d1c06e56ecb5490e9bff0d27026595\"},\"headline\":\"La OMS incluye abortivos en su lista de medicamentos esenciales\",\"datePublished\":\"2025-09-24T09:50:38+00:00\",\"dateModified\":\"2025-09-24T09:51:54+00:00\",\"mainEntityOfPage\":{\"@id\":\"https:\\\/\\\/exaudi.org\\\/es\\\/la-oms-incluye-abortivos-en-su-lista-de-medicamentos-esenciales\\\/\"},\"wordCount\":459,\"image\":{\"@id\":\"https:\\\/\\\/exaudi.org\\\/es\\\/la-oms-incluye-abortivos-en-su-lista-de-medicamentos-esenciales\\\/#primaryimage\"},\"thumbnailUrl\":\"https:\\\/\\\/exaudi.org\\\/wp-content\\\/uploads\\\/2025\\\/09\\\/2-2-scaled.png-scaled.jpg\",\"keywords\":[\"abortivos\",\"aborto espont\u00e1neo\",\"aborto incompleto\",\"aborto m\u00e9dico\",\"actualizaci\u00f3n 2025\",\"Bio\u00e9tica\",\"controversia aborto\",\"derechos reproductivos\",\"efectos secundarios\",\"hemorragia\",\"infecciones\",\"Instituto Ciencias de la Vida\",\"La OMS incluye mifepristona y misoprostol en su lista de medicamentos esenciales 2025 generando debate sobre salud y bio\u00e9tica\",\"medicamentos esenciales\",\"medicamentos prioritarios\",\"Mifepristona\",\"Misoprostol\",\"Observatorio de Bio\u00e9tica\",\"OMS\",\"pol\u00edticas sanitarias\",\"riesgos abortivos\",\"salud p\u00fablica\",\"sepsis\",\"Trending\",\"Universidad Cat\u00f3lica de Valencia\"],\"articleSection\":[\"Voces\"],\"inLanguage\":\"es\"},{\"@type\":\"WebPage\",\"@id\":\"https:\\\/\\\/exaudi.org\\\/es\\\/la-oms-incluye-abortivos-en-su-lista-de-medicamentos-esenciales\\\/\",\"url\":\"https:\\\/\\\/exaudi.org\\\/es\\\/la-oms-incluye-abortivos-en-su-lista-de-medicamentos-esenciales\\\/\",\"name\":\"La OMS incluye abortivos en su lista de medicamentos esenciales &#8211; Exaudi\",\"isPartOf\":{\"@id\":\"https:\\\/\\\/exaudi.org\\\/#website\"},\"primaryImageOfPage\":{\"@id\":\"https:\\\/\\\/exaudi.org\\\/es\\\/la-oms-incluye-abortivos-en-su-lista-de-medicamentos-esenciales\\\/#primaryimage\"},\"image\":{\"@id\":\"https:\\\/\\\/exaudi.org\\\/es\\\/la-oms-incluye-abortivos-en-su-lista-de-medicamentos-esenciales\\\/#primaryimage\"},\"thumbnailUrl\":\"https:\\\/\\\/exaudi.org\\\/wp-content\\\/uploads\\\/2025\\\/09\\\/2-2-scaled.png-scaled.jpg\",\"datePublished\":\"2025-09-24T09:50:38+00:00\",\"dateModified\":\"2025-09-24T09:51:54+00:00\",\"author\":{\"@id\":\"https:\\\/\\\/exaudi.org\\\/#\\\/schema\\\/person\\\/05d1c06e56ecb5490e9bff0d27026595\"},\"breadcrumb\":{\"@id\":\"https:\\\/\\\/exaudi.org\\\/es\\\/la-oms-incluye-abortivos-en-su-lista-de-medicamentos-esenciales\\\/#breadcrumb\"},\"inLanguage\":\"es\",\"potentialAction\":[{\"@type\":\"ReadAction\",\"target\":[\"https:\\\/\\\/exaudi.org\\\/es\\\/la-oms-incluye-abortivos-en-su-lista-de-medicamentos-esenciales\\\/\"]}]},{\"@type\":\"ImageObject\",\"inLanguage\":\"es\",\"@id\":\"https:\\\/\\\/exaudi.org\\\/es\\\/la-oms-incluye-abortivos-en-su-lista-de-medicamentos-esenciales\\\/#primaryimage\",\"url\":\"https:\\\/\\\/exaudi.org\\\/wp-content\\\/uploads\\\/2025\\\/09\\\/2-2-scaled.png-scaled.jpg\",\"contentUrl\":\"https:\\\/\\\/exaudi.org\\\/wp-content\\\/uploads\\\/2025\\\/09\\\/2-2-scaled.png-scaled.jpg\",\"width\":2560,\"height\":994},{\"@type\":\"BreadcrumbList\",\"@id\":\"https:\\\/\\\/exaudi.org\\\/es\\\/la-oms-incluye-abortivos-en-su-lista-de-medicamentos-esenciales\\\/#breadcrumb\",\"itemListElement\":[{\"@type\":\"ListItem\",\"position\":1,\"name\":\"Portada\",\"item\":\"https:\\\/\\\/exaudi.org\\\/es\\\/\"},{\"@type\":\"ListItem\",\"position\":2,\"name\":\"La OMS incluye abortivos en su lista de medicamentos esenciales\"}]},{\"@type\":\"WebSite\",\"@id\":\"https:\\\/\\\/exaudi.org\\\/#website\",\"url\":\"https:\\\/\\\/exaudi.org\\\/\",\"name\":\"Exaudi\",\"description\":\"News\",\"potentialAction\":[{\"@type\":\"SearchAction\",\"target\":{\"@type\":\"EntryPoint\",\"urlTemplate\":\"https:\\\/\\\/exaudi.org\\\/?s={search_term_string}\"},\"query-input\":{\"@type\":\"PropertyValueSpecification\",\"valueRequired\":true,\"valueName\":\"search_term_string\"}}],\"inLanguage\":\"es\"},{\"@type\":\"Person\",\"@id\":\"https:\\\/\\\/exaudi.org\\\/#\\\/schema\\\/person\\\/05d1c06e56ecb5490e9bff0d27026595\",\"name\":\"Observatorio de Bio\u00e9tica UCV\",\"image\":{\"@type\":\"ImageObject\",\"inLanguage\":\"es\",\"@id\":\"https:\\\/\\\/secure.gravatar.com\\\/avatar\\\/086563f59595a89fb0851de25d712a03657b1cdfa8af3c9cd0a1ee122fc5d596?s=96&d=mm&r=g\",\"url\":\"https:\\\/\\\/secure.gravatar.com\\\/avatar\\\/086563f59595a89fb0851de25d712a03657b1cdfa8af3c9cd0a1ee122fc5d596?s=96&d=mm&r=g\",\"contentUrl\":\"https:\\\/\\\/secure.gravatar.com\\\/avatar\\\/086563f59595a89fb0851de25d712a03657b1cdfa8af3c9cd0a1ee122fc5d596?s=96&d=mm&r=g\",\"caption\":\"Observatorio de Bio\u00e9tica UCV\"},\"description\":\"El Observatorio de Bio\u00e9tica se encuentra dentro del Instituto Ciencias de la vida de la Universidad Cat\u00f3lica de Valencia \u201cSan Vicente M\u00e1rtir\u201d . En el trasfondo de sus publicaciones, se defiende la vida humana desde la fecundaci\u00f3n a la muerte natural y la dignidad de la persona, teniendo como objetivo aunar esfuerzos para difundir la cultura de la vida como la define la Evangelium Vitae.\",\"sameAs\":[\"https:\\\/\\\/www.observatoriobioetica.org\\\/\",\"https:\\\/\\\/www.facebook.com\\\/observatoriodebioetica\\\/\",\"https:\\\/\\\/x.com\\\/obioetica\",\"https:\\\/\\\/www.youtube.com\\\/channel\\\/UC_Tr4WS5-TXoNo5e1MdQc7w\"],\"url\":\"https:\\\/\\\/exaudi.org\\\/es\\\/author\\\/observatoriodebioeticaucv\\\/\"}]}<\/script>\n<!-- \/ Yoast SEO plugin. -->","yoast_head_json":{"title":"La OMS incluye abortivos en su lista de medicamentos esenciales &#8211; Exaudi","robots":{"index":"index","follow":"follow","max-snippet":"max-snippet:-1","max-image-preview":"max-image-preview:large","max-video-preview":"max-video-preview:-1"},"canonical":"https:\/\/exaudi.org\/es\/la-oms-incluye-abortivos-en-su-lista-de-medicamentos-esenciales\/","og_locale":"es_ES","og_type":"article","og_title":"La OMS incluye abortivos en su lista de medicamentos esenciales &#8211; Exaudi","og_description":"La OMS incluye mifepristona y misoprostol en su lista de medicamentos esenciales 2025 generando debate sobre salud y bio\u00e9tica","og_url":"https:\/\/exaudi.org\/es\/la-oms-incluye-abortivos-en-su-lista-de-medicamentos-esenciales\/","og_site_name":"Exaudi","article_publisher":"https:\/\/www.facebook.com\/ExaudiNews","article_author":"https:\/\/www.facebook.com\/observatoriodebioetica\/","article_published_time":"2025-09-24T09:50:38+00:00","article_modified_time":"2025-09-24T09:51:54+00:00","og_image":[{"width":2560,"height":994,"url":"https:\/\/exaudi.org\/wp-content\/uploads\/2025\/09\/2-2-scaled.png-scaled.jpg","type":"image\/jpeg"}],"author":"Observatorio de Bio\u00e9tica UCV","twitter_card":"summary_large_image","twitter_creator":"@obioetica","twitter_site":"@Exaudi_News","twitter_misc":{"Escrito por":"Observatorio de Bio\u00e9tica UCV","Tiempo de lectura":"2 minutos"},"schema":{"@context":"https:\/\/schema.org","@graph":[{"@type":"Article","@id":"https:\/\/exaudi.org\/es\/la-oms-incluye-abortivos-en-su-lista-de-medicamentos-esenciales\/#article","isPartOf":{"@id":"https:\/\/exaudi.org\/es\/la-oms-incluye-abortivos-en-su-lista-de-medicamentos-esenciales\/"},"author":{"name":"Observatorio de Bio\u00e9tica UCV","@id":"https:\/\/exaudi.org\/#\/schema\/person\/05d1c06e56ecb5490e9bff0d27026595"},"headline":"La OMS incluye abortivos en su lista de medicamentos esenciales","datePublished":"2025-09-24T09:50:38+00:00","dateModified":"2025-09-24T09:51:54+00:00","mainEntityOfPage":{"@id":"https:\/\/exaudi.org\/es\/la-oms-incluye-abortivos-en-su-lista-de-medicamentos-esenciales\/"},"wordCount":459,"image":{"@id":"https:\/\/exaudi.org\/es\/la-oms-incluye-abortivos-en-su-lista-de-medicamentos-esenciales\/#primaryimage"},"thumbnailUrl":"https:\/\/exaudi.org\/wp-content\/uploads\/2025\/09\/2-2-scaled.png-scaled.jpg","keywords":["abortivos","aborto espont\u00e1neo","aborto incompleto","aborto m\u00e9dico","actualizaci\u00f3n 2025","Bio\u00e9tica","controversia aborto","derechos reproductivos","efectos secundarios","hemorragia","infecciones","Instituto Ciencias de la Vida","La OMS incluye mifepristona y misoprostol en su lista de medicamentos esenciales 2025 generando debate sobre salud y bio\u00e9tica","medicamentos esenciales","medicamentos prioritarios","Mifepristona","Misoprostol","Observatorio de Bio\u00e9tica","OMS","pol\u00edticas sanitarias","riesgos abortivos","salud p\u00fablica","sepsis","Trending","Universidad Cat\u00f3lica de Valencia"],"articleSection":["Voces"],"inLanguage":"es"},{"@type":"WebPage","@id":"https:\/\/exaudi.org\/es\/la-oms-incluye-abortivos-en-su-lista-de-medicamentos-esenciales\/","url":"https:\/\/exaudi.org\/es\/la-oms-incluye-abortivos-en-su-lista-de-medicamentos-esenciales\/","name":"La OMS incluye abortivos en su lista de medicamentos esenciales &#8211; Exaudi","isPartOf":{"@id":"https:\/\/exaudi.org\/#website"},"primaryImageOfPage":{"@id":"https:\/\/exaudi.org\/es\/la-oms-incluye-abortivos-en-su-lista-de-medicamentos-esenciales\/#primaryimage"},"image":{"@id":"https:\/\/exaudi.org\/es\/la-oms-incluye-abortivos-en-su-lista-de-medicamentos-esenciales\/#primaryimage"},"thumbnailUrl":"https:\/\/exaudi.org\/wp-content\/uploads\/2025\/09\/2-2-scaled.png-scaled.jpg","datePublished":"2025-09-24T09:50:38+00:00","dateModified":"2025-09-24T09:51:54+00:00","author":{"@id":"https:\/\/exaudi.org\/#\/schema\/person\/05d1c06e56ecb5490e9bff0d27026595"},"breadcrumb":{"@id":"https:\/\/exaudi.org\/es\/la-oms-incluye-abortivos-en-su-lista-de-medicamentos-esenciales\/#breadcrumb"},"inLanguage":"es","potentialAction":[{"@type":"ReadAction","target":["https:\/\/exaudi.org\/es\/la-oms-incluye-abortivos-en-su-lista-de-medicamentos-esenciales\/"]}]},{"@type":"ImageObject","inLanguage":"es","@id":"https:\/\/exaudi.org\/es\/la-oms-incluye-abortivos-en-su-lista-de-medicamentos-esenciales\/#primaryimage","url":"https:\/\/exaudi.org\/wp-content\/uploads\/2025\/09\/2-2-scaled.png-scaled.jpg","contentUrl":"https:\/\/exaudi.org\/wp-content\/uploads\/2025\/09\/2-2-scaled.png-scaled.jpg","width":2560,"height":994},{"@type":"BreadcrumbList","@id":"https:\/\/exaudi.org\/es\/la-oms-incluye-abortivos-en-su-lista-de-medicamentos-esenciales\/#breadcrumb","itemListElement":[{"@type":"ListItem","position":1,"name":"Portada","item":"https:\/\/exaudi.org\/es\/"},{"@type":"ListItem","position":2,"name":"La OMS incluye abortivos en su lista de medicamentos esenciales"}]},{"@type":"WebSite","@id":"https:\/\/exaudi.org\/#website","url":"https:\/\/exaudi.org\/","name":"Exaudi","description":"News","potentialAction":[{"@type":"SearchAction","target":{"@type":"EntryPoint","urlTemplate":"https:\/\/exaudi.org\/?s={search_term_string}"},"query-input":{"@type":"PropertyValueSpecification","valueRequired":true,"valueName":"search_term_string"}}],"inLanguage":"es"},{"@type":"Person","@id":"https:\/\/exaudi.org\/#\/schema\/person\/05d1c06e56ecb5490e9bff0d27026595","name":"Observatorio de Bio\u00e9tica UCV","image":{"@type":"ImageObject","inLanguage":"es","@id":"https:\/\/secure.gravatar.com\/avatar\/086563f59595a89fb0851de25d712a03657b1cdfa8af3c9cd0a1ee122fc5d596?s=96&d=mm&r=g","url":"https:\/\/secure.gravatar.com\/avatar\/086563f59595a89fb0851de25d712a03657b1cdfa8af3c9cd0a1ee122fc5d596?s=96&d=mm&r=g","contentUrl":"https:\/\/secure.gravatar.com\/avatar\/086563f59595a89fb0851de25d712a03657b1cdfa8af3c9cd0a1ee122fc5d596?s=96&d=mm&r=g","caption":"Observatorio de Bio\u00e9tica UCV"},"description":"El Observatorio de Bio\u00e9tica se encuentra dentro del Instituto Ciencias de la vida de la Universidad Cat\u00f3lica de Valencia \u201cSan Vicente M\u00e1rtir\u201d . En el trasfondo de sus publicaciones, se defiende la vida humana desde la fecundaci\u00f3n a la muerte natural y la dignidad de la persona, teniendo como objetivo aunar esfuerzos para difundir la cultura de la vida como la define la Evangelium Vitae.","sameAs":["https:\/\/www.observatoriobioetica.org\/","https:\/\/www.facebook.com\/observatoriodebioetica\/","https:\/\/x.com\/obioetica","https:\/\/www.youtube.com\/channel\/UC_Tr4WS5-TXoNo5e1MdQc7w"],"url":"https:\/\/exaudi.org\/es\/author\/observatoriodebioeticaucv\/"}]}},"jetpack_featured_media_url":"https:\/\/exaudi.org\/wp-content\/uploads\/2025\/09\/2-2-scaled.png-scaled.jpg","jetpack_shortlink":"https:\/\/wp.me\/pgKjF2-zmZ","_links":{"self":[{"href":"https:\/\/exaudi.org\/es\/wp-json\/wp\/v2\/posts\/135965","targetHints":{"allow":["GET"]}}],"collection":[{"href":"https:\/\/exaudi.org\/es\/wp-json\/wp\/v2\/posts"}],"about":[{"href":"https:\/\/exaudi.org\/es\/wp-json\/wp\/v2\/types\/post"}],"author":[{"embeddable":true,"href":"https:\/\/exaudi.org\/es\/wp-json\/wp\/v2\/users\/87"}],"replies":[{"embeddable":true,"href":"https:\/\/exaudi.org\/es\/wp-json\/wp\/v2\/comments?post=135965"}],"version-history":[{"count":4,"href":"https:\/\/exaudi.org\/es\/wp-json\/wp\/v2\/posts\/135965\/revisions"}],"predecessor-version":[{"id":135972,"href":"https:\/\/exaudi.org\/es\/wp-json\/wp\/v2\/posts\/135965\/revisions\/135972"}],"wp:featuredmedia":[{"embeddable":true,"href":"https:\/\/exaudi.org\/es\/wp-json\/wp\/v2\/media\/135967"}],"wp:attachment":[{"href":"https:\/\/exaudi.org\/es\/wp-json\/wp\/v2\/media?parent=135965"}],"wp:term":[{"taxonomy":"category","embeddable":true,"href":"https:\/\/exaudi.org\/es\/wp-json\/wp\/v2\/categories?post=135965"},{"taxonomy":"post_tag","embeddable":true,"href":"https:\/\/exaudi.org\/es\/wp-json\/wp\/v2\/tags?post=135965"}],"curies":[{"name":"wp","href":"https:\/\/api.w.org\/{rel}","templated":true}]}}