{"id":13573,"date":"2021-04-27T12:20:38","date_gmt":"2021-04-27T10:20:38","guid":{"rendered":"https:\/\/exaudi.org\/?p=13573"},"modified":"2021-04-27T12:21:30","modified_gmt":"2021-04-27T10:21:30","slug":"chile-obispo-arica-condena-deportacion-migrantes-venezolanos-2021","status":"publish","type":"post","link":"https:\/\/exaudi.org\/es\/chile-obispo-arica-condena-deportacion-migrantes-venezolanos-2021\/","title":{"rendered":"Chile: Obispo de Arica condena deportaci\u00f3n de migrantes venezolanos"},"content":{"rendered":"<p>Monse\u00f1or Mois\u00e9s Atisha, obispo de Arica, <a href=\"http:\/\/www.iglesia.cl\/42284-declaracion-publica-del-obispo-de-arica.html\" target=\"_blank\" rel=\"noopener noreferrer\">Chile<\/a>, ha manifestado su \u201cindignaci\u00f3n y rechazo\u201d ante la retenci\u00f3n de 32 migrantes venezolanos en un cuartel de polic\u00eda, actualmente en proceso de deportaci\u00f3n al territorio nacional. En estos t\u00e9rminos se ha expresado a trav\u00e9s de una declaraci\u00f3n p\u00fablica emitida el pasado s\u00e1bado 24 de abril de 2021.<\/p>\n<h4><strong>Violaci\u00f3n de derechos fundamentales<\/strong><\/h4>\n<p>De esta manera, Mons. Atisha ha denunciado la confiscaci\u00f3n de los documentos personales de los migrantes, incluyendo el tel\u00e9fono m\u00f3vil\u00a0\u201cimpidi\u00e9ndoles absolutamente tener comunicaci\u00f3n con los familiares directos y un abogado que los pudiera representar\u201d. Los venezolanos retenidos, que tienen familia en Arica, han sufrido \u201crevisiones corporales indebidas\u201d, un procedimiento que atenta contra sus derechos fundamentales.<\/p>\n<p>Como consecuencia de estos sucesos, el prelado chileno exige al Estado de Chile respeto y protecci\u00f3n de \u201cla dignidad e integridad f\u00edsica y ps\u00edquica de toda persona\u201d, siguiendo de esta manera la normativa establecida por la Constituci\u00f3n nacional y el conjunto de leyes de \u00e1mbito internacional. Asimismo, ha pedido respeto por las familias, especialmente por los m\u00e1s peque\u00f1os, y tambi\u00e9n garant\u00edas de derecho para los detenidos, \u201cacceso a una representaci\u00f3n jur\u00eddica que les permita hacer presente sus derechos y descargos de forma oportuna y eficaz\u201d.<\/p>\n<h4><strong>Acogida de v\u00edctimas de pobreza, hambruna y violencia<\/strong><\/h4>\n<p>El obispo de Arica ha condenado tambi\u00e9n el hecho de que no se respete el acuerdo de la Nueva Ley de Migraciones, publicada este mismo 20 de abril. Igualmente, recuerda la situaci\u00f3n que se vive en <a href=\"https:\/\/exaudi.org\/es\/venezuela-obispos-plan-vacunacion\/\" target=\"_blank\" rel=\"noopener noreferrer\">Venezuela<\/a>, \u201cpa\u00eds fuertemente asolado por la pobreza, hambruna, violencia y vulneraci\u00f3n de los derechos fundamentales\u201d, subrayando que\u00a0\u201cestamos ante uno de los mayores \u00e9xodos vividos en la historia de Sudam\u00e9rica\u201d.<\/p>\n<p>Por \u00faltimo, la declaraci\u00f3n p\u00fablica respalda el \u201cderecho de toda persona a vivir con dignidad y a buscar los medios para la subsistencia de forma l\u00edcita y leg\u00edtima\u201d, exhortando al Gobierno chileno a buscar soluciones para esta dram\u00e1tica situaci\u00f3n.<\/p>\n","protected":false},"excerpt":{"rendered":"<p>32 personas retenidas por la Polic\u00eda<\/p>\n","protected":false},"author":6,"featured_media":13574,"comment_status":"closed","ping_status":"closed","sticky":false,"template":"","format":"standard","meta":{"_acf_changed":false,"_crdt_document":"","inline_featured_image":false,"footnotes":""},"categories":[86,298],"tags":[1060,1963,1964],"class_list":["post-13573","post","type-post","status-publish","format-standard","has-post-thumbnail","hentry","category-iglesia-local","category-ultimas-noticias","tag-chile","tag-diocesis-de-arica","tag-migrantes"],"acf":[],"yoast_head":"<!-- This site is optimized with the Yoast SEO plugin v27.5 - https:\/\/yoast.com\/product\/yoast-seo-wordpress\/ -->\n<title>Chile: Obispo de Arica condena deportaci\u00f3n de migrantes venezolanos<\/title>\n<meta name=\"description\" content=\"El obispo de Arica, Chile, condena la retenci\u00f3n de 32 migrantes venezolanos en un cuartel de polic\u00eda, actualmente en proceso de deportaci\u00f3n.\" \/>\n<meta name=\"robots\" content=\"index, follow, max-snippet:-1, max-image-preview:large, max-video-preview:-1\" \/>\n<link rel=\"canonical\" href=\"https:\/\/exaudi.org\/es\/chile-obispo-arica-condena-deportacion-migrantes-venezolanos-2021\/\" \/>\n<meta property=\"og:locale\" content=\"es_ES\" \/>\n<meta property=\"og:type\" content=\"article\" \/>\n<meta property=\"og:title\" content=\"Chile: Obispo de Arica condena deportaci\u00f3n de migrantes venezolanos\" \/>\n<meta property=\"og:description\" content=\"El obispo de Arica, Chile, condena la retenci\u00f3n de 32 migrantes venezolanos en un cuartel de polic\u00eda, actualmente en proceso de deportaci\u00f3n.\" \/>\n<meta property=\"og:url\" content=\"https:\/\/exaudi.org\/es\/chile-obispo-arica-condena-deportacion-migrantes-venezolanos-2021\/\" \/>\n<meta property=\"og:site_name\" content=\"Exaudi\" \/>\n<meta property=\"article:publisher\" content=\"https:\/\/www.facebook.com\/ExaudiNews\" \/>\n<meta property=\"article:published_time\" content=\"2021-04-27T10:20:38+00:00\" \/>\n<meta property=\"article:modified_time\" content=\"2021-04-27T10:21:30+00:00\" \/>\n<meta property=\"og:image\" content=\"https:\/\/exaudi.org\/wp-content\/uploads\/2021\/04\/Migrantes-venezolanos.jpg\" \/>\n\t<meta property=\"og:image:width\" content=\"700\" \/>\n\t<meta property=\"og:image:height\" content=\"394\" \/>\n\t<meta property=\"og:image:type\" content=\"image\/jpeg\" \/>\n<meta name=\"author\" content=\"Gabriel Sales\" \/>\n<meta name=\"twitter:card\" content=\"summary_large_image\" \/>\n<meta name=\"twitter:creator\" content=\"@habemusman\" \/>\n<meta name=\"twitter:site\" content=\"@Exaudi_News\" \/>\n<meta name=\"twitter:label1\" content=\"Escrito por\" \/>\n\t<meta name=\"twitter:data1\" content=\"Gabriel Sales\" \/>\n\t<meta name=\"twitter:label2\" content=\"Tiempo de lectura\" \/>\n\t<meta name=\"twitter:data2\" content=\"2 minutos\" \/>\n<script type=\"application\/ld+json\" class=\"yoast-schema-graph\">{\"@context\":\"https:\\\/\\\/schema.org\",\"@graph\":[{\"@type\":\"Article\",\"@id\":\"https:\\\/\\\/exaudi.org\\\/es\\\/chile-obispo-arica-condena-deportacion-migrantes-venezolanos-2021\\\/#article\",\"isPartOf\":{\"@id\":\"https:\\\/\\\/exaudi.org\\\/es\\\/chile-obispo-arica-condena-deportacion-migrantes-venezolanos-2021\\\/\"},\"author\":{\"name\":\"Gabriel Sales\",\"@id\":\"https:\\\/\\\/exaudi.org\\\/#\\\/schema\\\/person\\\/d134b96438278131ce90c90c03fda6cd\"},\"headline\":\"Chile: Obispo de Arica condena deportaci\u00f3n de migrantes venezolanos\",\"datePublished\":\"2021-04-27T10:20:38+00:00\",\"dateModified\":\"2021-04-27T10:21:30+00:00\",\"mainEntityOfPage\":{\"@id\":\"https:\\\/\\\/exaudi.org\\\/es\\\/chile-obispo-arica-condena-deportacion-migrantes-venezolanos-2021\\\/\"},\"wordCount\":357,\"image\":{\"@id\":\"https:\\\/\\\/exaudi.org\\\/es\\\/chile-obispo-arica-condena-deportacion-migrantes-venezolanos-2021\\\/#primaryimage\"},\"thumbnailUrl\":\"https:\\\/\\\/exaudi.org\\\/wp-content\\\/uploads\\\/2021\\\/04\\\/Migrantes-venezolanos.jpg\",\"keywords\":[\"Chile\",\"Di\u00f3cesis de Arica\",\"Migrantes\"],\"articleSection\":[\"Iglesia Local\",\"\u00daltimas noticias\"],\"inLanguage\":\"es\"},{\"@type\":\"WebPage\",\"@id\":\"https:\\\/\\\/exaudi.org\\\/es\\\/chile-obispo-arica-condena-deportacion-migrantes-venezolanos-2021\\\/\",\"url\":\"https:\\\/\\\/exaudi.org\\\/es\\\/chile-obispo-arica-condena-deportacion-migrantes-venezolanos-2021\\\/\",\"name\":\"Chile: Obispo de Arica condena deportaci\u00f3n de migrantes venezolanos\",\"isPartOf\":{\"@id\":\"https:\\\/\\\/exaudi.org\\\/#website\"},\"primaryImageOfPage\":{\"@id\":\"https:\\\/\\\/exaudi.org\\\/es\\\/chile-obispo-arica-condena-deportacion-migrantes-venezolanos-2021\\\/#primaryimage\"},\"image\":{\"@id\":\"https:\\\/\\\/exaudi.org\\\/es\\\/chile-obispo-arica-condena-deportacion-migrantes-venezolanos-2021\\\/#primaryimage\"},\"thumbnailUrl\":\"https:\\\/\\\/exaudi.org\\\/wp-content\\\/uploads\\\/2021\\\/04\\\/Migrantes-venezolanos.jpg\",\"datePublished\":\"2021-04-27T10:20:38+00:00\",\"dateModified\":\"2021-04-27T10:21:30+00:00\",\"author\":{\"@id\":\"https:\\\/\\\/exaudi.org\\\/#\\\/schema\\\/person\\\/d134b96438278131ce90c90c03fda6cd\"},\"description\":\"El obispo de Arica, Chile, condena la retenci\u00f3n de 32 migrantes venezolanos en un cuartel de polic\u00eda, actualmente en proceso de deportaci\u00f3n.\",\"breadcrumb\":{\"@id\":\"https:\\\/\\\/exaudi.org\\\/es\\\/chile-obispo-arica-condena-deportacion-migrantes-venezolanos-2021\\\/#breadcrumb\"},\"inLanguage\":\"es\",\"potentialAction\":[{\"@type\":\"ReadAction\",\"target\":[\"https:\\\/\\\/exaudi.org\\\/es\\\/chile-obispo-arica-condena-deportacion-migrantes-venezolanos-2021\\\/\"]}]},{\"@type\":\"ImageObject\",\"inLanguage\":\"es\",\"@id\":\"https:\\\/\\\/exaudi.org\\\/es\\\/chile-obispo-arica-condena-deportacion-migrantes-venezolanos-2021\\\/#primaryimage\",\"url\":\"https:\\\/\\\/exaudi.org\\\/wp-content\\\/uploads\\\/2021\\\/04\\\/Migrantes-venezolanos.jpg\",\"contentUrl\":\"https:\\\/\\\/exaudi.org\\\/wp-content\\\/uploads\\\/2021\\\/04\\\/Migrantes-venezolanos.jpg\",\"width\":700,\"height\":394,\"caption\":\"Grupo de migrantes venezolanos \u00a9 CELAM\"},{\"@type\":\"BreadcrumbList\",\"@id\":\"https:\\\/\\\/exaudi.org\\\/es\\\/chile-obispo-arica-condena-deportacion-migrantes-venezolanos-2021\\\/#breadcrumb\",\"itemListElement\":[{\"@type\":\"ListItem\",\"position\":1,\"name\":\"Portada\",\"item\":\"https:\\\/\\\/exaudi.org\\\/es\\\/\"},{\"@type\":\"ListItem\",\"position\":2,\"name\":\"Chile: Obispo de Arica condena deportaci\u00f3n de migrantes venezolanos\"}]},{\"@type\":\"WebSite\",\"@id\":\"https:\\\/\\\/exaudi.org\\\/#website\",\"url\":\"https:\\\/\\\/exaudi.org\\\/\",\"name\":\"Exaudi\",\"description\":\"News\",\"potentialAction\":[{\"@type\":\"SearchAction\",\"target\":{\"@type\":\"EntryPoint\",\"urlTemplate\":\"https:\\\/\\\/exaudi.org\\\/?s={search_term_string}\"},\"query-input\":{\"@type\":\"PropertyValueSpecification\",\"valueRequired\":true,\"valueName\":\"search_term_string\"}}],\"inLanguage\":\"es\"},{\"@type\":\"Person\",\"@id\":\"https:\\\/\\\/exaudi.org\\\/#\\\/schema\\\/person\\\/d134b96438278131ce90c90c03fda6cd\",\"name\":\"Gabriel Sales\",\"image\":{\"@type\":\"ImageObject\",\"inLanguage\":\"es\",\"@id\":\"https:\\\/\\\/secure.gravatar.com\\\/avatar\\\/9b1269566f6a063ed26ffb3532b66a373cdde231ce5d0effb266167437fdaffd?s=96&d=mm&r=g\",\"url\":\"https:\\\/\\\/secure.gravatar.com\\\/avatar\\\/9b1269566f6a063ed26ffb3532b66a373cdde231ce5d0effb266167437fdaffd?s=96&d=mm&r=g\",\"contentUrl\":\"https:\\\/\\\/secure.gravatar.com\\\/avatar\\\/9b1269566f6a063ed26ffb3532b66a373cdde231ce5d0effb266167437fdaffd?s=96&d=mm&r=g\",\"caption\":\"Gabriel Sales\"},\"description\":\"Periodista y especialista en Comunicaci\u00f3n y Branding digital. Cin\u00e9filo y cr\u00edtico de cine y series de televisi\u00f3n.\",\"sameAs\":[\"https:\\\/\\\/www.instagram.com\\\/cine90segundos\\\/\",\"www.linkedin.com\\\/in\\\/habemusman\",\"https:\\\/\\\/x.com\\\/habemusman\",\"https:\\\/\\\/www.youtube.com\\\/channel\\\/UCVfCiOMkJ_C7T7OpyjuaLDg\"],\"url\":\"https:\\\/\\\/exaudi.org\\\/es\\\/author\\\/gsalesexaudi-org\\\/\"}]}<\/script>\n<!-- \/ Yoast SEO plugin. -->","yoast_head_json":{"title":"Chile: Obispo de Arica condena deportaci\u00f3n de migrantes venezolanos","description":"El obispo de Arica, Chile, condena la retenci\u00f3n de 32 migrantes venezolanos en un cuartel de polic\u00eda, actualmente en proceso de deportaci\u00f3n.","robots":{"index":"index","follow":"follow","max-snippet":"max-snippet:-1","max-image-preview":"max-image-preview:large","max-video-preview":"max-video-preview:-1"},"canonical":"https:\/\/exaudi.org\/es\/chile-obispo-arica-condena-deportacion-migrantes-venezolanos-2021\/","og_locale":"es_ES","og_type":"article","og_title":"Chile: Obispo de Arica condena deportaci\u00f3n de migrantes venezolanos","og_description":"El obispo de Arica, Chile, condena la retenci\u00f3n de 32 migrantes venezolanos en un cuartel de polic\u00eda, actualmente en proceso de deportaci\u00f3n.","og_url":"https:\/\/exaudi.org\/es\/chile-obispo-arica-condena-deportacion-migrantes-venezolanos-2021\/","og_site_name":"Exaudi","article_publisher":"https:\/\/www.facebook.com\/ExaudiNews","article_published_time":"2021-04-27T10:20:38+00:00","article_modified_time":"2021-04-27T10:21:30+00:00","og_image":[{"width":700,"height":394,"url":"https:\/\/exaudi.org\/wp-content\/uploads\/2021\/04\/Migrantes-venezolanos.jpg","type":"image\/jpeg"}],"author":"Gabriel Sales","twitter_card":"summary_large_image","twitter_creator":"@habemusman","twitter_site":"@Exaudi_News","twitter_misc":{"Escrito por":"Gabriel Sales","Tiempo de lectura":"2 minutos"},"schema":{"@context":"https:\/\/schema.org","@graph":[{"@type":"Article","@id":"https:\/\/exaudi.org\/es\/chile-obispo-arica-condena-deportacion-migrantes-venezolanos-2021\/#article","isPartOf":{"@id":"https:\/\/exaudi.org\/es\/chile-obispo-arica-condena-deportacion-migrantes-venezolanos-2021\/"},"author":{"name":"Gabriel Sales","@id":"https:\/\/exaudi.org\/#\/schema\/person\/d134b96438278131ce90c90c03fda6cd"},"headline":"Chile: Obispo de Arica condena deportaci\u00f3n de migrantes venezolanos","datePublished":"2021-04-27T10:20:38+00:00","dateModified":"2021-04-27T10:21:30+00:00","mainEntityOfPage":{"@id":"https:\/\/exaudi.org\/es\/chile-obispo-arica-condena-deportacion-migrantes-venezolanos-2021\/"},"wordCount":357,"image":{"@id":"https:\/\/exaudi.org\/es\/chile-obispo-arica-condena-deportacion-migrantes-venezolanos-2021\/#primaryimage"},"thumbnailUrl":"https:\/\/exaudi.org\/wp-content\/uploads\/2021\/04\/Migrantes-venezolanos.jpg","keywords":["Chile","Di\u00f3cesis de Arica","Migrantes"],"articleSection":["Iglesia Local","\u00daltimas noticias"],"inLanguage":"es"},{"@type":"WebPage","@id":"https:\/\/exaudi.org\/es\/chile-obispo-arica-condena-deportacion-migrantes-venezolanos-2021\/","url":"https:\/\/exaudi.org\/es\/chile-obispo-arica-condena-deportacion-migrantes-venezolanos-2021\/","name":"Chile: Obispo de Arica condena deportaci\u00f3n de migrantes venezolanos","isPartOf":{"@id":"https:\/\/exaudi.org\/#website"},"primaryImageOfPage":{"@id":"https:\/\/exaudi.org\/es\/chile-obispo-arica-condena-deportacion-migrantes-venezolanos-2021\/#primaryimage"},"image":{"@id":"https:\/\/exaudi.org\/es\/chile-obispo-arica-condena-deportacion-migrantes-venezolanos-2021\/#primaryimage"},"thumbnailUrl":"https:\/\/exaudi.org\/wp-content\/uploads\/2021\/04\/Migrantes-venezolanos.jpg","datePublished":"2021-04-27T10:20:38+00:00","dateModified":"2021-04-27T10:21:30+00:00","author":{"@id":"https:\/\/exaudi.org\/#\/schema\/person\/d134b96438278131ce90c90c03fda6cd"},"description":"El obispo de Arica, Chile, condena la retenci\u00f3n de 32 migrantes venezolanos en un cuartel de polic\u00eda, actualmente en proceso de deportaci\u00f3n.","breadcrumb":{"@id":"https:\/\/exaudi.org\/es\/chile-obispo-arica-condena-deportacion-migrantes-venezolanos-2021\/#breadcrumb"},"inLanguage":"es","potentialAction":[{"@type":"ReadAction","target":["https:\/\/exaudi.org\/es\/chile-obispo-arica-condena-deportacion-migrantes-venezolanos-2021\/"]}]},{"@type":"ImageObject","inLanguage":"es","@id":"https:\/\/exaudi.org\/es\/chile-obispo-arica-condena-deportacion-migrantes-venezolanos-2021\/#primaryimage","url":"https:\/\/exaudi.org\/wp-content\/uploads\/2021\/04\/Migrantes-venezolanos.jpg","contentUrl":"https:\/\/exaudi.org\/wp-content\/uploads\/2021\/04\/Migrantes-venezolanos.jpg","width":700,"height":394,"caption":"Grupo de migrantes venezolanos \u00a9 CELAM"},{"@type":"BreadcrumbList","@id":"https:\/\/exaudi.org\/es\/chile-obispo-arica-condena-deportacion-migrantes-venezolanos-2021\/#breadcrumb","itemListElement":[{"@type":"ListItem","position":1,"name":"Portada","item":"https:\/\/exaudi.org\/es\/"},{"@type":"ListItem","position":2,"name":"Chile: Obispo de Arica condena deportaci\u00f3n de migrantes venezolanos"}]},{"@type":"WebSite","@id":"https:\/\/exaudi.org\/#website","url":"https:\/\/exaudi.org\/","name":"Exaudi","description":"News","potentialAction":[{"@type":"SearchAction","target":{"@type":"EntryPoint","urlTemplate":"https:\/\/exaudi.org\/?s={search_term_string}"},"query-input":{"@type":"PropertyValueSpecification","valueRequired":true,"valueName":"search_term_string"}}],"inLanguage":"es"},{"@type":"Person","@id":"https:\/\/exaudi.org\/#\/schema\/person\/d134b96438278131ce90c90c03fda6cd","name":"Gabriel Sales","image":{"@type":"ImageObject","inLanguage":"es","@id":"https:\/\/secure.gravatar.com\/avatar\/9b1269566f6a063ed26ffb3532b66a373cdde231ce5d0effb266167437fdaffd?s=96&d=mm&r=g","url":"https:\/\/secure.gravatar.com\/avatar\/9b1269566f6a063ed26ffb3532b66a373cdde231ce5d0effb266167437fdaffd?s=96&d=mm&r=g","contentUrl":"https:\/\/secure.gravatar.com\/avatar\/9b1269566f6a063ed26ffb3532b66a373cdde231ce5d0effb266167437fdaffd?s=96&d=mm&r=g","caption":"Gabriel Sales"},"description":"Periodista y especialista en Comunicaci\u00f3n y Branding digital. Cin\u00e9filo y cr\u00edtico de cine y series de televisi\u00f3n.","sameAs":["https:\/\/www.instagram.com\/cine90segundos\/","www.linkedin.com\/in\/habemusman","https:\/\/x.com\/habemusman","https:\/\/www.youtube.com\/channel\/UCVfCiOMkJ_C7T7OpyjuaLDg"],"url":"https:\/\/exaudi.org\/es\/author\/gsalesexaudi-org\/"}]}},"jetpack_featured_media_url":"https:\/\/exaudi.org\/wp-content\/uploads\/2021\/04\/Migrantes-venezolanos.jpg","jetpack_shortlink":"https:\/\/wp.me\/pgKjF2-3wV","_links":{"self":[{"href":"https:\/\/exaudi.org\/es\/wp-json\/wp\/v2\/posts\/13573","targetHints":{"allow":["GET"]}}],"collection":[{"href":"https:\/\/exaudi.org\/es\/wp-json\/wp\/v2\/posts"}],"about":[{"href":"https:\/\/exaudi.org\/es\/wp-json\/wp\/v2\/types\/post"}],"author":[{"embeddable":true,"href":"https:\/\/exaudi.org\/es\/wp-json\/wp\/v2\/users\/6"}],"replies":[{"embeddable":true,"href":"https:\/\/exaudi.org\/es\/wp-json\/wp\/v2\/comments?post=13573"}],"version-history":[{"count":0,"href":"https:\/\/exaudi.org\/es\/wp-json\/wp\/v2\/posts\/13573\/revisions"}],"wp:featuredmedia":[{"embeddable":true,"href":"https:\/\/exaudi.org\/es\/wp-json\/wp\/v2\/media\/13574"}],"wp:attachment":[{"href":"https:\/\/exaudi.org\/es\/wp-json\/wp\/v2\/media?parent=13573"}],"wp:term":[{"taxonomy":"category","embeddable":true,"href":"https:\/\/exaudi.org\/es\/wp-json\/wp\/v2\/categories?post=13573"},{"taxonomy":"post_tag","embeddable":true,"href":"https:\/\/exaudi.org\/es\/wp-json\/wp\/v2\/tags?post=13573"}],"curies":[{"name":"wp","href":"https:\/\/api.w.org\/{rel}","templated":true}]}}