{"id":135715,"date":"2025-09-21T15:00:54","date_gmt":"2025-09-21T13:00:54","guid":{"rendered":"https:\/\/exaudi.org\/?p=135715"},"modified":"2025-09-28T16:09:38","modified_gmt":"2025-09-28T14:09:38","slug":"el-papa-en-el-angelus-la-verdadera-riqueza-es-la-amistad-con-el-senor-y-con-los-hermanos","status":"publish","type":"post","link":"https:\/\/exaudi.org\/es\/el-papa-en-el-angelus-la-verdadera-riqueza-es-la-amistad-con-el-senor-y-con-los-hermanos\/","title":{"rendered":"El Papa en el \u00c1ngelus: La verdadera riqueza es \u201cla amistad con el Se\u00f1or y con los hermanos\u201d"},"content":{"rendered":"<p>A las 12 horas de hoy, XXV Domingo del Tiempo Ordinario, el Santo Padre Le\u00f3n XIV se asom\u00f3 a la ventana de su estudio, en el Palacio Apost\u00f3lico Vaticano, para recitar el \u00c1ngelus con los fieles y peregrinos reunidos en la Plaza de San Pedro.<\/p>\n<p>El Papa se\u00f1al\u00f3 que la verdadera riqueza es \u201cla amistad con el Se\u00f1or y con los hermanos\u201d. Todo ego\u00edsmo nos a\u00edsla de los dem\u00e1s y \u201cesparce el veneno de una competencia que a menudo genera conflictos\u201d. Por ello, inst\u00f3 a administrar los dones recibidos, nuestra propia vida, con cuidado y responsabilidad, sabiendo que no somos sus due\u00f1os y que lo m\u00e1s importante no es acumularlos.<\/p>\n<p>A continuaci\u00f3n publicamos las palabras del Papa al introducir la oraci\u00f3n mariana:<\/p>\n<p>***<\/p>\n<h3><strong>Palabras del Papa<\/strong><\/h3>\n<p><i>Queridos hermanos y hermanas, \u00a1feliz domingo!<\/i><\/p>\n<p>La palabra que escuchamos hoy en el Evangelio (<i>Lc<\/i>\u00a016,1-13) nos hace reflexionar sobre el uso de los bienes materiales y, m\u00e1s en general, sobre c\u00f3mo estamos administrando el bien m\u00e1s valioso de todos, que es nuestra propia vida.<\/p>\n<p>En el relato vemos que un administrador es llamado por su se\u00f1or a \u201crendir cuentas\u201d. Se trata de una imagen que nos comunica algo muy importante: nosotros no somos due\u00f1os de nuestra vida ni de los bienes que disfrutamos; todo nos ha sido dado como don por el Se\u00f1or y \u00c9l ha confiado este patrimonio a nuestro cuidado, a nuestra libertad y responsabilidad. Un d\u00eda seremos llamados a rendir cuentas de c\u00f3mo hemos administrado nuestra vida, nuestros bienes y los recursos de la tierra, a Dios y a los hombres, a la sociedad y sobre todo a quienes vendr\u00e1n despu\u00e9s de nosotros.<\/p>\n<p>El administrador de la par\u00e1bola ha buscado simplemente su propio beneficio y, cuando llega el d\u00eda en el que debe rendir cuentas y le quitan la administraci\u00f3n, debe pensar qu\u00e9 hacer para su futuro. En esta dif\u00edcil situaci\u00f3n, \u00e9l comprende que el valor m\u00e1s importante no es la acumulaci\u00f3n de los bienes materiales, porque las riquezas de este mundo pasan; y, entonces, se le ocurre una idea brillante: llama a sus deudores y \u201crecorta\u201d sus deudas, renunciando por tanto a la parte que le hubiera tocado a \u00e9l. De esta manera, pierde la riqueza material, pero gana amigos, que estar\u00e1n dispuestos a ayudarlo y sostenerlo.<\/p>\n<p>Reflexionando sobre este relato, Jes\u00fas nos exhorta: \u00abG\u00e1nense amigos con el dinero de la injusticia, para que el d\u00eda en que este les falte, ellos los reciban en las moradas eternas\u00bb (v. 9).<\/p>\n<p>El administrador de la par\u00e1bola, en efecto, aun en la gesti\u00f3n de la riqueza deshonesta de este mundo, encuentra un modo para tener amigos, saliendo de la soledad del propio ego\u00edsmo; mucho m\u00e1s nosotros, que somos disc\u00edpulos y vivimos en la luz del Evangelio, debemos usar los bienes del mundo y nuestra misma vida pensando en la riqueza verdadera, que es la amistad con el Se\u00f1or y con los hermanos.<\/p>\n<p>Queridos hermanos, la par\u00e1bola nos invita a preguntarnos: \u00bfc\u00f3mo estamos administrando los bienes materiales, los recursos de la tierra y la vida que Dios nos ha dado? Podemos seguir el criterio del ego\u00edsmo, poniendo la riqueza en primer lugar y pensando s\u00f3lo en nosotros mismos; pero esto nos a\u00edsla de los dem\u00e1s y esparce el veneno de una competici\u00f3n que a menudo provoca conflictos. O bien podemos reconocer que hemos de administrar todo lo que tenemos como don de Dios, y usarlo como instrumento para compartir, para crear redes de amistad y solidaridad, para edificar el bien, para construir un mundo m\u00e1s justo, m\u00e1s equitativo y m\u00e1s fraterno.<\/p>\n<p>Pidamos a la Virgen Santa que interceda por nosotros y nos ayude a administrar bien todo aquello que el Se\u00f1or nos conf\u00eda, con justicia y responsabilidad.<\/p>\n<p>______________________<\/p>\n<h3><b>Palabras despu\u00e9s del <\/b><strong><em>\u00c1ngelus<\/em><\/strong><\/h3>\n<p>Saludo con afecto a todos ustedes, presentes en la Plaza de San Pedro y a los que est\u00e1n conectados a trav\u00e9s de los medios de comunicaci\u00f3n.<\/p>\n<p>Me dirijo en primer lugar a los representantes de diversas asociaciones cat\u00f3licas, comprometidas en la solidaridad con la poblaci\u00f3n de la Franja de Gaza. Queridos amigos, aprecio su iniciativa y muchas otras que en toda la Iglesia expresan cercan\u00eda a los hermanos y hermanas que sufren en esa tierra martirizada. Con ustedes y con los pastores de las Iglesias de Tierra Santa repito: no hay futuro basado en la violencia, en el exilio forzado, en la venganza. Los pueblos necesitan paz: quien los ama de verdad, trabaja por la paz.<\/p>\n<p>Saludo a los peregrinos de las Di\u00f3cesis de Mindelo, Cabo Verde, y a los de la Di\u00f3cesis de Como; Tambi\u00e9n a los grupos provenientes de Angola, Polonia \u2013 en particular de Bli\u017cyn \u2013, de Ciudad Real en Espa\u00f1a, de Porto en Portugal y de Mwanza en Tanzania.<\/p>\n<p>Saludo a los sacerdotes de la Compa\u00f1\u00eda de Jes\u00fas que comienzan el itinerario de estudios en Roma; a la Sociedad de San Vicente de Paul; a los fieles de Sora, Pescara, Macerata, San Giovanni in Marignano, Venezia, Bassano del Grappa, Santa Caterina Villarmosa, Taranto, Somma Vesuviana, Ponzano Romano y a los varios grupos de la di\u00f3cesis de Padua.<\/p>\n<p>Me complace dar la bienvenida al Coro del Colegio de Abogados de Verona; al Coro femenino de Malo, en Vicenza; a la Fundaci\u00f3n\u00a0<i>Oasi Nazareth<\/i>\u00a0de Corato; a la Asociaci\u00f3n\u00a0<i>H-Earth Mani e Cuori<\/i>; incluyendo un recuerdo especial para las personas que padecen Alzheimer y ataxia.<\/p>\n<p>\u00a1Gracias a todos! \u00a1Les deseo un feliz domingo!<\/p>\n","protected":false},"excerpt":{"rendered":"<p>Palabras del santo Padre en el \u00c1ngelus<\/p>\n","protected":false},"author":15,"featured_media":135766,"comment_status":"closed","ping_status":"closed","sticky":false,"template":"","format":"standard","meta":{"_acf_changed":false,"_crdt_document":"","inline_featured_image":false,"footnotes":""},"categories":[70,68],"tags":[74483,449,58111,58880],"class_list":["post-135715","post","type-post","status-publish","format-standard","has-post-thumbnail","hentry","category-angelus-es","category-leon-xiv","tag-angelus-21-de-septiembre-de-2025","tag-iglesia-catolica","tag-papa-leon-xiv","tag-trending-es-151"],"acf":[],"yoast_head":"<!-- This site is optimized with the Yoast SEO plugin v27.4 - https:\/\/yoast.com\/product\/yoast-seo-wordpress\/ -->\n<title>El Papa en el \u00c1ngelus: La verdadera riqueza es \u201cla amistad con el Se\u00f1or y con los hermanos\u201d &#8211; Exaudi<\/title>\n<meta name=\"robots\" content=\"index, follow, max-snippet:-1, max-image-preview:large, max-video-preview:-1\" \/>\n<link rel=\"canonical\" href=\"https:\/\/exaudi.org\/es\/el-papa-en-el-angelus-la-verdadera-riqueza-es-la-amistad-con-el-senor-y-con-los-hermanos\/\" \/>\n<meta property=\"og:locale\" content=\"es_ES\" \/>\n<meta property=\"og:type\" content=\"article\" \/>\n<meta property=\"og:title\" content=\"El Papa en el \u00c1ngelus: La verdadera riqueza es \u201cla amistad con el Se\u00f1or y con los hermanos\u201d &#8211; Exaudi\" \/>\n<meta property=\"og:description\" content=\"Palabras del santo Padre en el \u00c1ngelus\" \/>\n<meta property=\"og:url\" content=\"https:\/\/exaudi.org\/es\/el-papa-en-el-angelus-la-verdadera-riqueza-es-la-amistad-con-el-senor-y-con-los-hermanos\/\" \/>\n<meta property=\"og:site_name\" content=\"Exaudi\" \/>\n<meta property=\"article:publisher\" content=\"https:\/\/www.facebook.com\/ExaudiNews\" \/>\n<meta property=\"article:author\" content=\"https:\/\/www.facebook.com\/ExaudiNoticias\/\" \/>\n<meta property=\"article:published_time\" content=\"2025-09-21T13:00:54+00:00\" \/>\n<meta property=\"article:modified_time\" content=\"2025-09-28T14:09:38+00:00\" \/>\n<meta property=\"og:image\" content=\"https:\/\/exaudi.org\/wp-content\/uploads\/2025\/09\/SnapInsta.to_551371062_17944414584027982_2798172240336539917_n.jpg\" \/>\n\t<meta property=\"og:image:width\" content=\"1066\" \/>\n\t<meta property=\"og:image:height\" content=\"1332\" \/>\n\t<meta property=\"og:image:type\" content=\"image\/jpeg\" \/>\n<meta name=\"author\" content=\"Exaudi Redacci\u00f3n\" \/>\n<meta name=\"twitter:card\" content=\"summary_large_image\" \/>\n<meta name=\"twitter:creator\" content=\"@Exaudi_noticias\" \/>\n<meta name=\"twitter:site\" content=\"@Exaudi_News\" \/>\n<meta name=\"twitter:label1\" content=\"Escrito por\" \/>\n\t<meta name=\"twitter:data1\" content=\"Exaudi Redacci\u00f3n\" \/>\n\t<meta name=\"twitter:label2\" content=\"Tiempo de lectura\" \/>\n\t<meta name=\"twitter:data2\" content=\"5 minutos\" \/>\n<script type=\"application\/ld+json\" class=\"yoast-schema-graph\">{\"@context\":\"https:\\\/\\\/schema.org\",\"@graph\":[{\"@type\":\"Article\",\"@id\":\"https:\\\/\\\/exaudi.org\\\/es\\\/el-papa-en-el-angelus-la-verdadera-riqueza-es-la-amistad-con-el-senor-y-con-los-hermanos\\\/#article\",\"isPartOf\":{\"@id\":\"https:\\\/\\\/exaudi.org\\\/es\\\/el-papa-en-el-angelus-la-verdadera-riqueza-es-la-amistad-con-el-senor-y-con-los-hermanos\\\/\"},\"author\":{\"name\":\"Exaudi Redacci\u00f3n\",\"@id\":\"https:\\\/\\\/exaudi.org\\\/#\\\/schema\\\/person\\\/f5fc8f063065e38742da7afe15f25df7\"},\"headline\":\"El Papa en el \u00c1ngelus: La verdadera riqueza es \u201cla amistad con el Se\u00f1or y con los hermanos\u201d\",\"datePublished\":\"2025-09-21T13:00:54+00:00\",\"dateModified\":\"2025-09-28T14:09:38+00:00\",\"mainEntityOfPage\":{\"@id\":\"https:\\\/\\\/exaudi.org\\\/es\\\/el-papa-en-el-angelus-la-verdadera-riqueza-es-la-amistad-con-el-senor-y-con-los-hermanos\\\/\"},\"wordCount\":975,\"image\":{\"@id\":\"https:\\\/\\\/exaudi.org\\\/es\\\/el-papa-en-el-angelus-la-verdadera-riqueza-es-la-amistad-con-el-senor-y-con-los-hermanos\\\/#primaryimage\"},\"thumbnailUrl\":\"https:\\\/\\\/exaudi.org\\\/wp-content\\\/uploads\\\/2025\\\/09\\\/SnapInsta.to_551371062_17944414584027982_2798172240336539917_n.jpg\",\"keywords\":[\"\u00c1ngelus 21 de septiembre de 2025\",\"Iglesia cat\u00f3lica\",\"papa le\u00f3n xiv\",\"Trending\"],\"articleSection\":[\"\u00c1ngelus\",\"Le\u00f3n XIV\"],\"inLanguage\":\"es\"},{\"@type\":\"WebPage\",\"@id\":\"https:\\\/\\\/exaudi.org\\\/es\\\/el-papa-en-el-angelus-la-verdadera-riqueza-es-la-amistad-con-el-senor-y-con-los-hermanos\\\/\",\"url\":\"https:\\\/\\\/exaudi.org\\\/es\\\/el-papa-en-el-angelus-la-verdadera-riqueza-es-la-amistad-con-el-senor-y-con-los-hermanos\\\/\",\"name\":\"El Papa en el \u00c1ngelus: La verdadera riqueza es \u201cla amistad con el Se\u00f1or y con los hermanos\u201d &#8211; Exaudi\",\"isPartOf\":{\"@id\":\"https:\\\/\\\/exaudi.org\\\/#website\"},\"primaryImageOfPage\":{\"@id\":\"https:\\\/\\\/exaudi.org\\\/es\\\/el-papa-en-el-angelus-la-verdadera-riqueza-es-la-amistad-con-el-senor-y-con-los-hermanos\\\/#primaryimage\"},\"image\":{\"@id\":\"https:\\\/\\\/exaudi.org\\\/es\\\/el-papa-en-el-angelus-la-verdadera-riqueza-es-la-amistad-con-el-senor-y-con-los-hermanos\\\/#primaryimage\"},\"thumbnailUrl\":\"https:\\\/\\\/exaudi.org\\\/wp-content\\\/uploads\\\/2025\\\/09\\\/SnapInsta.to_551371062_17944414584027982_2798172240336539917_n.jpg\",\"datePublished\":\"2025-09-21T13:00:54+00:00\",\"dateModified\":\"2025-09-28T14:09:38+00:00\",\"author\":{\"@id\":\"https:\\\/\\\/exaudi.org\\\/#\\\/schema\\\/person\\\/f5fc8f063065e38742da7afe15f25df7\"},\"breadcrumb\":{\"@id\":\"https:\\\/\\\/exaudi.org\\\/es\\\/el-papa-en-el-angelus-la-verdadera-riqueza-es-la-amistad-con-el-senor-y-con-los-hermanos\\\/#breadcrumb\"},\"inLanguage\":\"es\",\"potentialAction\":[{\"@type\":\"ReadAction\",\"target\":[\"https:\\\/\\\/exaudi.org\\\/es\\\/el-papa-en-el-angelus-la-verdadera-riqueza-es-la-amistad-con-el-senor-y-con-los-hermanos\\\/\"]}]},{\"@type\":\"ImageObject\",\"inLanguage\":\"es\",\"@id\":\"https:\\\/\\\/exaudi.org\\\/es\\\/el-papa-en-el-angelus-la-verdadera-riqueza-es-la-amistad-con-el-senor-y-con-los-hermanos\\\/#primaryimage\",\"url\":\"https:\\\/\\\/exaudi.org\\\/wp-content\\\/uploads\\\/2025\\\/09\\\/SnapInsta.to_551371062_17944414584027982_2798172240336539917_n.jpg\",\"contentUrl\":\"https:\\\/\\\/exaudi.org\\\/wp-content\\\/uploads\\\/2025\\\/09\\\/SnapInsta.to_551371062_17944414584027982_2798172240336539917_n.jpg\",\"width\":1066,\"height\":1332},{\"@type\":\"BreadcrumbList\",\"@id\":\"https:\\\/\\\/exaudi.org\\\/es\\\/el-papa-en-el-angelus-la-verdadera-riqueza-es-la-amistad-con-el-senor-y-con-los-hermanos\\\/#breadcrumb\",\"itemListElement\":[{\"@type\":\"ListItem\",\"position\":1,\"name\":\"Portada\",\"item\":\"https:\\\/\\\/exaudi.org\\\/es\\\/\"},{\"@type\":\"ListItem\",\"position\":2,\"name\":\"El Papa en el \u00c1ngelus: La verdadera riqueza es \u201cla amistad con el Se\u00f1or y con los hermanos\u201d\"}]},{\"@type\":\"WebSite\",\"@id\":\"https:\\\/\\\/exaudi.org\\\/#website\",\"url\":\"https:\\\/\\\/exaudi.org\\\/\",\"name\":\"Exaudi\",\"description\":\"News\",\"potentialAction\":[{\"@type\":\"SearchAction\",\"target\":{\"@type\":\"EntryPoint\",\"urlTemplate\":\"https:\\\/\\\/exaudi.org\\\/?s={search_term_string}\"},\"query-input\":{\"@type\":\"PropertyValueSpecification\",\"valueRequired\":true,\"valueName\":\"search_term_string\"}}],\"inLanguage\":\"es\"},{\"@type\":\"Person\",\"@id\":\"https:\\\/\\\/exaudi.org\\\/#\\\/schema\\\/person\\\/f5fc8f063065e38742da7afe15f25df7\",\"name\":\"Exaudi Redacci\u00f3n\",\"image\":{\"@type\":\"ImageObject\",\"inLanguage\":\"es\",\"@id\":\"https:\\\/\\\/secure.gravatar.com\\\/avatar\\\/fe0f6a059fb68d9b3e11bc5850dd4899b1c7492091a3cb6dd9b01b56ad828be2?s=96&d=mm&r=g\",\"url\":\"https:\\\/\\\/secure.gravatar.com\\\/avatar\\\/fe0f6a059fb68d9b3e11bc5850dd4899b1c7492091a3cb6dd9b01b56ad828be2?s=96&d=mm&r=g\",\"contentUrl\":\"https:\\\/\\\/secure.gravatar.com\\\/avatar\\\/fe0f6a059fb68d9b3e11bc5850dd4899b1c7492091a3cb6dd9b01b56ad828be2?s=96&d=mm&r=g\",\"caption\":\"Exaudi Redacci\u00f3n\"},\"description\":\"\u00bfQu\u00e9 es Exaudi News? Exaudi News es un medio de comunicaci\u00f3n cat\u00f3lico internacional que informa, forma y transforma, diariamente en espa\u00f1ol, ingl\u00e9s e italiano. A trav\u00e9s de noticias, art\u00edculos de an\u00e1lisis y transmisiones en directo de los eventos del Papa, Exaudi busca fortalecer la unidad de los cristianos y contribuir a la evangelizaci\u00f3n del mundo, siempre guiados por la doctrina social de la Iglesia. Trabajamos para acercar la verdad y los valores cristianos a cada rinc\u00f3n del planeta. \u00a1Ay\u00fadanos a transformar el mundo con Exaudi! En Exaudi creemos que la evangelizaci\u00f3n y la informaci\u00f3n de calidad pueden cambiar vidas. Para continuar con nuestra misi\u00f3n y expandir nuestro alcance, necesitamos tu ayuda. Adem\u00e1s, buscamos personas comprometidas que deseen unirse a nuestro equipo. Con tu apoyo, lograremos llegar a m\u00e1s personas, difundir el mensaje de Cristo y reforzar la unidad de los cristianos. \u00bfTe unes a nuestra misi\u00f3n? Para m\u00e1s informaci\u00f3n sobre c\u00f3mo colaborar, visita Exaudi.org\\\/es o cont\u00e1ctanos directamente: info@exaudi.org Exaudi: Informa, forma y transforma.\",\"sameAs\":[\"https:\\\/\\\/www.facebook.com\\\/ExaudiNoticias\\\/\",\"https:\\\/\\\/www.instagram.com\\\/exaudi_noticias\\\/\",\"https:\\\/\\\/x.com\\\/Exaudi_noticias\",\"https:\\\/\\\/www.youtube.com\\\/@exaudicatholicnews\"],\"url\":\"https:\\\/\\\/exaudi.org\\\/es\\\/author\\\/redaccionexaudi\\\/\"}]}<\/script>\n<!-- \/ Yoast SEO plugin. -->","yoast_head_json":{"title":"El Papa en el \u00c1ngelus: La verdadera riqueza es \u201cla amistad con el Se\u00f1or y con los hermanos\u201d &#8211; Exaudi","robots":{"index":"index","follow":"follow","max-snippet":"max-snippet:-1","max-image-preview":"max-image-preview:large","max-video-preview":"max-video-preview:-1"},"canonical":"https:\/\/exaudi.org\/es\/el-papa-en-el-angelus-la-verdadera-riqueza-es-la-amistad-con-el-senor-y-con-los-hermanos\/","og_locale":"es_ES","og_type":"article","og_title":"El Papa en el \u00c1ngelus: La verdadera riqueza es \u201cla amistad con el Se\u00f1or y con los hermanos\u201d &#8211; Exaudi","og_description":"Palabras del santo Padre en el \u00c1ngelus","og_url":"https:\/\/exaudi.org\/es\/el-papa-en-el-angelus-la-verdadera-riqueza-es-la-amistad-con-el-senor-y-con-los-hermanos\/","og_site_name":"Exaudi","article_publisher":"https:\/\/www.facebook.com\/ExaudiNews","article_author":"https:\/\/www.facebook.com\/ExaudiNoticias\/","article_published_time":"2025-09-21T13:00:54+00:00","article_modified_time":"2025-09-28T14:09:38+00:00","og_image":[{"width":1066,"height":1332,"url":"https:\/\/exaudi.org\/wp-content\/uploads\/2025\/09\/SnapInsta.to_551371062_17944414584027982_2798172240336539917_n.jpg","type":"image\/jpeg"}],"author":"Exaudi Redacci\u00f3n","twitter_card":"summary_large_image","twitter_creator":"@Exaudi_noticias","twitter_site":"@Exaudi_News","twitter_misc":{"Escrito por":"Exaudi Redacci\u00f3n","Tiempo de lectura":"5 minutos"},"schema":{"@context":"https:\/\/schema.org","@graph":[{"@type":"Article","@id":"https:\/\/exaudi.org\/es\/el-papa-en-el-angelus-la-verdadera-riqueza-es-la-amistad-con-el-senor-y-con-los-hermanos\/#article","isPartOf":{"@id":"https:\/\/exaudi.org\/es\/el-papa-en-el-angelus-la-verdadera-riqueza-es-la-amistad-con-el-senor-y-con-los-hermanos\/"},"author":{"name":"Exaudi Redacci\u00f3n","@id":"https:\/\/exaudi.org\/#\/schema\/person\/f5fc8f063065e38742da7afe15f25df7"},"headline":"El Papa en el \u00c1ngelus: La verdadera riqueza es \u201cla amistad con el Se\u00f1or y con los hermanos\u201d","datePublished":"2025-09-21T13:00:54+00:00","dateModified":"2025-09-28T14:09:38+00:00","mainEntityOfPage":{"@id":"https:\/\/exaudi.org\/es\/el-papa-en-el-angelus-la-verdadera-riqueza-es-la-amistad-con-el-senor-y-con-los-hermanos\/"},"wordCount":975,"image":{"@id":"https:\/\/exaudi.org\/es\/el-papa-en-el-angelus-la-verdadera-riqueza-es-la-amistad-con-el-senor-y-con-los-hermanos\/#primaryimage"},"thumbnailUrl":"https:\/\/exaudi.org\/wp-content\/uploads\/2025\/09\/SnapInsta.to_551371062_17944414584027982_2798172240336539917_n.jpg","keywords":["\u00c1ngelus 21 de septiembre de 2025","Iglesia cat\u00f3lica","papa le\u00f3n xiv","Trending"],"articleSection":["\u00c1ngelus","Le\u00f3n XIV"],"inLanguage":"es"},{"@type":"WebPage","@id":"https:\/\/exaudi.org\/es\/el-papa-en-el-angelus-la-verdadera-riqueza-es-la-amistad-con-el-senor-y-con-los-hermanos\/","url":"https:\/\/exaudi.org\/es\/el-papa-en-el-angelus-la-verdadera-riqueza-es-la-amistad-con-el-senor-y-con-los-hermanos\/","name":"El Papa en el \u00c1ngelus: La verdadera riqueza es \u201cla amistad con el Se\u00f1or y con los hermanos\u201d &#8211; Exaudi","isPartOf":{"@id":"https:\/\/exaudi.org\/#website"},"primaryImageOfPage":{"@id":"https:\/\/exaudi.org\/es\/el-papa-en-el-angelus-la-verdadera-riqueza-es-la-amistad-con-el-senor-y-con-los-hermanos\/#primaryimage"},"image":{"@id":"https:\/\/exaudi.org\/es\/el-papa-en-el-angelus-la-verdadera-riqueza-es-la-amistad-con-el-senor-y-con-los-hermanos\/#primaryimage"},"thumbnailUrl":"https:\/\/exaudi.org\/wp-content\/uploads\/2025\/09\/SnapInsta.to_551371062_17944414584027982_2798172240336539917_n.jpg","datePublished":"2025-09-21T13:00:54+00:00","dateModified":"2025-09-28T14:09:38+00:00","author":{"@id":"https:\/\/exaudi.org\/#\/schema\/person\/f5fc8f063065e38742da7afe15f25df7"},"breadcrumb":{"@id":"https:\/\/exaudi.org\/es\/el-papa-en-el-angelus-la-verdadera-riqueza-es-la-amistad-con-el-senor-y-con-los-hermanos\/#breadcrumb"},"inLanguage":"es","potentialAction":[{"@type":"ReadAction","target":["https:\/\/exaudi.org\/es\/el-papa-en-el-angelus-la-verdadera-riqueza-es-la-amistad-con-el-senor-y-con-los-hermanos\/"]}]},{"@type":"ImageObject","inLanguage":"es","@id":"https:\/\/exaudi.org\/es\/el-papa-en-el-angelus-la-verdadera-riqueza-es-la-amistad-con-el-senor-y-con-los-hermanos\/#primaryimage","url":"https:\/\/exaudi.org\/wp-content\/uploads\/2025\/09\/SnapInsta.to_551371062_17944414584027982_2798172240336539917_n.jpg","contentUrl":"https:\/\/exaudi.org\/wp-content\/uploads\/2025\/09\/SnapInsta.to_551371062_17944414584027982_2798172240336539917_n.jpg","width":1066,"height":1332},{"@type":"BreadcrumbList","@id":"https:\/\/exaudi.org\/es\/el-papa-en-el-angelus-la-verdadera-riqueza-es-la-amistad-con-el-senor-y-con-los-hermanos\/#breadcrumb","itemListElement":[{"@type":"ListItem","position":1,"name":"Portada","item":"https:\/\/exaudi.org\/es\/"},{"@type":"ListItem","position":2,"name":"El Papa en el \u00c1ngelus: La verdadera riqueza es \u201cla amistad con el Se\u00f1or y con los hermanos\u201d"}]},{"@type":"WebSite","@id":"https:\/\/exaudi.org\/#website","url":"https:\/\/exaudi.org\/","name":"Exaudi","description":"News","potentialAction":[{"@type":"SearchAction","target":{"@type":"EntryPoint","urlTemplate":"https:\/\/exaudi.org\/?s={search_term_string}"},"query-input":{"@type":"PropertyValueSpecification","valueRequired":true,"valueName":"search_term_string"}}],"inLanguage":"es"},{"@type":"Person","@id":"https:\/\/exaudi.org\/#\/schema\/person\/f5fc8f063065e38742da7afe15f25df7","name":"Exaudi Redacci\u00f3n","image":{"@type":"ImageObject","inLanguage":"es","@id":"https:\/\/secure.gravatar.com\/avatar\/fe0f6a059fb68d9b3e11bc5850dd4899b1c7492091a3cb6dd9b01b56ad828be2?s=96&d=mm&r=g","url":"https:\/\/secure.gravatar.com\/avatar\/fe0f6a059fb68d9b3e11bc5850dd4899b1c7492091a3cb6dd9b01b56ad828be2?s=96&d=mm&r=g","contentUrl":"https:\/\/secure.gravatar.com\/avatar\/fe0f6a059fb68d9b3e11bc5850dd4899b1c7492091a3cb6dd9b01b56ad828be2?s=96&d=mm&r=g","caption":"Exaudi Redacci\u00f3n"},"description":"\u00bfQu\u00e9 es Exaudi News? Exaudi News es un medio de comunicaci\u00f3n cat\u00f3lico internacional que informa, forma y transforma, diariamente en espa\u00f1ol, ingl\u00e9s e italiano. A trav\u00e9s de noticias, art\u00edculos de an\u00e1lisis y transmisiones en directo de los eventos del Papa, Exaudi busca fortalecer la unidad de los cristianos y contribuir a la evangelizaci\u00f3n del mundo, siempre guiados por la doctrina social de la Iglesia. Trabajamos para acercar la verdad y los valores cristianos a cada rinc\u00f3n del planeta. \u00a1Ay\u00fadanos a transformar el mundo con Exaudi! En Exaudi creemos que la evangelizaci\u00f3n y la informaci\u00f3n de calidad pueden cambiar vidas. Para continuar con nuestra misi\u00f3n y expandir nuestro alcance, necesitamos tu ayuda. Adem\u00e1s, buscamos personas comprometidas que deseen unirse a nuestro equipo. Con tu apoyo, lograremos llegar a m\u00e1s personas, difundir el mensaje de Cristo y reforzar la unidad de los cristianos. \u00bfTe unes a nuestra misi\u00f3n? Para m\u00e1s informaci\u00f3n sobre c\u00f3mo colaborar, visita Exaudi.org\/es o cont\u00e1ctanos directamente: info@exaudi.org Exaudi: Informa, forma y transforma.","sameAs":["https:\/\/www.facebook.com\/ExaudiNoticias\/","https:\/\/www.instagram.com\/exaudi_noticias\/","https:\/\/x.com\/Exaudi_noticias","https:\/\/www.youtube.com\/@exaudicatholicnews"],"url":"https:\/\/exaudi.org\/es\/author\/redaccionexaudi\/"}]}},"jetpack_featured_media_url":"https:\/\/exaudi.org\/wp-content\/uploads\/2025\/09\/SnapInsta.to_551371062_17944414584027982_2798172240336539917_n.jpg","jetpack_shortlink":"https:\/\/wp.me\/pgKjF2-ziX","_links":{"self":[{"href":"https:\/\/exaudi.org\/es\/wp-json\/wp\/v2\/posts\/135715","targetHints":{"allow":["GET"]}}],"collection":[{"href":"https:\/\/exaudi.org\/es\/wp-json\/wp\/v2\/posts"}],"about":[{"href":"https:\/\/exaudi.org\/es\/wp-json\/wp\/v2\/types\/post"}],"author":[{"embeddable":true,"href":"https:\/\/exaudi.org\/es\/wp-json\/wp\/v2\/users\/15"}],"replies":[{"embeddable":true,"href":"https:\/\/exaudi.org\/es\/wp-json\/wp\/v2\/comments?post=135715"}],"version-history":[{"count":5,"href":"https:\/\/exaudi.org\/es\/wp-json\/wp\/v2\/posts\/135715\/revisions"}],"predecessor-version":[{"id":135726,"href":"https:\/\/exaudi.org\/es\/wp-json\/wp\/v2\/posts\/135715\/revisions\/135726"}],"wp:featuredmedia":[{"embeddable":true,"href":"https:\/\/exaudi.org\/es\/wp-json\/wp\/v2\/media\/135766"}],"wp:attachment":[{"href":"https:\/\/exaudi.org\/es\/wp-json\/wp\/v2\/media?parent=135715"}],"wp:term":[{"taxonomy":"category","embeddable":true,"href":"https:\/\/exaudi.org\/es\/wp-json\/wp\/v2\/categories?post=135715"},{"taxonomy":"post_tag","embeddable":true,"href":"https:\/\/exaudi.org\/es\/wp-json\/wp\/v2\/tags?post=135715"}],"curies":[{"name":"wp","href":"https:\/\/api.w.org\/{rel}","templated":true}]}}