{"id":135549,"date":"2025-09-18T18:21:55","date_gmt":"2025-09-18T16:21:55","guid":{"rendered":"https:\/\/exaudi.org\/?p=135549"},"modified":"2025-09-18T18:25:14","modified_gmt":"2025-09-18T16:25:14","slug":"la-fundacion-carf-lanza-la-campana-pon-cara-a-tu-donativo-para-impulsar-la-formacion-de-seminaristas-especialmente-de-paises-sin-recursos","status":"publish","type":"post","link":"https:\/\/exaudi.org\/es\/la-fundacion-carf-lanza-la-campana-pon-cara-a-tu-donativo-para-impulsar-la-formacion-de-seminaristas-especialmente-de-paises-sin-recursos\/","title":{"rendered":"La Fundaci\u00f3n CARF lanza la campa\u00f1a \u201cPon cara a tu donativo\u201d para impulsar la formaci\u00f3n de seminaristas especialmente de pa\u00edses sin recursos"},"content":{"rendered":"<p>Vinel Rosier es sacerdote en Hait\u00ed<strong>,<\/strong> una naci\u00f3n castigada por terremotos, pobreza estructural y crisis pol\u00edticas recurrentes. La vida de este joven presb\u00edtero est\u00e1 marcada por la entrega y el servicio en medio de enormes dificultades. \u00abMi vocaci\u00f3n es un signo de esperanza para mi pueblo. Ser sacerdote en Hait\u00ed significa compartir el sufrimiento de mi gente y, al mismo tiempo, recordarles que Dios nunca nos abandona\u00bb, afirma.<\/p>\n<p>La formaci\u00f3n integral de Vinel Rosier es posible gracias a las ayudas al estudio que financia la Fundaci\u00f3n CARF. Este apoyo de benefactores y amigos le est\u00e1 permitiendo prepararse para un ministerio sacerdotal exigente en una de las realidades m\u00e1s duras del continente americano.<\/p>\n<p>El\u00edas es un joven seminarista que naci\u00f3 en una familia sencilla en el sur de Tanzania. Desde ni\u00f1o sinti\u00f3 la llamada al sacerdocio, pero la falta de recursos en su di\u00f3cesis pon\u00eda en riesgo su formaci\u00f3n. Gracias al respaldo de la Fundaci\u00f3n CARF, su obispo pudo conseguir una preparaci\u00f3n acad\u00e9mica y espiritual s\u00f3lida que le permitir\u00e1 servir mejor a su comunidad. El\u00edas describe su vocaci\u00f3n como un deseo profundo de \u00abllevar esperanza y consuelo\u00bb en un pa\u00eds donde muchas familias sobreviven con lo m\u00ednimo.<\/p>\n<h3><strong>Vocaciones en pa\u00edses de necesidad extrema<\/strong><\/h3>\n<p>La realidad de los seminaristas y sacerdotes diocesanos que se benefician del apoyo dela Fundaci\u00f3n CARF es diversa, pero todos tienen en com\u00fan que proceden de di\u00f3cesis muy pobres o en situaciones de una grave crisis social y pol\u00edtica. Ejemplos como <strong>El\u00edas Mniko<\/strong>, de Tanzania, o el sacerdote haitiano <strong>Vinel Rosier<\/strong>, son una muestra del impacto real que puede tener cada peque\u00f1a donaci\u00f3n.<\/p>\n<p>Por esta raz\u00f3n, para el \u00faltimo cuatrimestre del a\u00f1o, la Fundaci\u00f3n CARF ha puesto en marcha la campa\u00f1a solidaria <a href=\"https:\/\/fundacioncarf.org\/donar\/pon-cara-a-tu-donativo\/\"><strong>\u201cPon cara a tu donativo\u201d<\/strong><\/a>, una iniciativa que invita a <strong>los donantes a dar un paso m\u00e1s en su compromiso con la Iglesia universal<\/strong>: apoyar la formaci\u00f3n integral de seminaristas y sacerdotes de di\u00f3cesis sin recursos, con la posibilidad de conocer su nombre y su historia para rezar por ellos poniendo cara y ojos a sus vidas.<\/p>\n<p>El lema de la campa\u00f1a, <em>Pon cara a tu donativo, comparte la sonrisa de Dios en la Tierra<\/em>, refleja el deseo de la Fundaci\u00f3n CARF de acercar al benefactor el rostro concreto de aquellos a quienes ayuda. Se trata de una propuesta que personaliza la colaboraci\u00f3n y la convierte en un v\u00ednculo humano y espiritual entre los bienhechores y los futuros sacerdotes.<\/p>\n<h3><strong>Una contribuci\u00f3n con nombre y apellidos<\/strong><\/h3>\n<p>Gracias a esta campa\u00f1a, aquellas personas que realicen un donativo anual de <strong>500 euros o m\u00e1s<\/strong> tendr\u00e1n asignado un seminarista o un sacerdote beneficiario de las ayudas de la Fundaci\u00f3n CARF. Este gesto no solo garantiza el apoyo a la manutenci\u00f3n y a la formaci\u00f3n acad\u00e9mica, humana y espiritual del estudiante, sino que tambi\u00e9n permite al donante acompa\u00f1arle en su vocaci\u00f3n con cercan\u00eda y oraci\u00f3n.<\/p>\n<p>\u00abCada donativo no es solo una cifra: es una historia, un rostro y una esperanza para comunidades enteras, no solo de cat\u00f3licos, porque el sacerdote no distingue entre credos, solo ve hijos de Dios, que, en muchos casos, carecen incluso de lo m\u00e1s b\u00e1sico. Ponemos cara la donaci\u00f3n, porque detr\u00e1s de cada ayuda hay un futuro sacerdote bien formado que llevar\u00e1 la luz y la esperanza del Evangelio a lugares donde la pobreza y la violencia est\u00e1n presentes cada d\u00eda\u00bb, explican desde la Fundaci\u00f3n.<\/p>\n<h3><strong>Una misi\u00f3n global al servicio de la Iglesia<\/strong><\/h3>\n<p>La Fundaci\u00f3n CARF lleva casi cuatro d\u00e9cadas trabajando a favor de la formaci\u00f3n de seminaristas, sacerdotes diocesanos y religiosos de todo el mundo. Cada a\u00f1o, cientos de vocaciones se benefician de ayudas que cubren sus estudios en la Universidad Pontificia de la Santa Cruz, en Roma, y en las Facultades Eclesi\u00e1sticas de la Universidad de Navarra, en Pamplona, adem\u00e1s de garantizar su manutenci\u00f3n completa. Posteriormente, estos sacerdotes regresan a sus pa\u00edses de origen, donde se convertir\u00e1n en referentes humanos, espirituales, culturales y sociales para sus comunidades.<\/p>\n<p>Los seminaristas y sacerdotes diocesanos, y religiosas y religiosos,<strong> proceden de 130 pa\u00edses<\/strong> de los cinco continentes. \u00abDesde parroquias rurales de \u00c1frica hasta barrios marginales en Am\u00e9rica Latina, el fruto de estas vocaciones transforma vidas y aporta paz, educaci\u00f3n y acompa\u00f1amiento a miles de familias. Finalizados los estudios, todos regresan para desarrollar una labor pastoral y social de un valor incalculable\u00bb, a\u00f1aden desde la Fundaci\u00f3n.<\/p>\n<p><strong>Campa\u00f1a Pon cara a tu donativo<\/strong> <a href=\"https:\/\/fundacioncarf.org\/donar\/pon-cara-a-tu-donativo\/\" target=\"_blank\" rel=\"noopener\">https:\/\/fundacioncarf.org\/donar\/pon-cara-a-tu-donativo\/<\/a><\/p>\n<p><strong><u>Acerca de<\/u><\/strong>:<\/p>\n<p>La Fundaci\u00f3n CARF naci\u00f3 el 14 de febrero de 1989 por inspiraci\u00f3n de san Juan Pablo II e impulso del beato \u00c1lvaro del Portillo con tres fines: rezar por las vocaciones sacerdotales; promover el buen nombre de los sacerdotes por todo el mundo; y ayudar a la formaci\u00f3n integral de seminaristas y sacerdotes diocesanos y religiosos y religiosas para servir mejor a la Iglesia en todo el mundo.<\/p>\n<p>Desde su origen hasta la actualidad, gracias al apoyo de sus benefactores y amigos, la Fundaci\u00f3n CARF ha financiado ayudas al estudio a cerca de 30.000 alumnos con escasos recursos econ\u00f3micos de 130 pa\u00edses para que mejoren su formaci\u00f3n intelectual, humana y espiritual en la Universidad Pontificia de la Santa Cruz, en Roma, y en las Facultades Eclesi\u00e1sticas de la Universidad de Navarra, en Pamplona. Entre ellos, hay 129 estudiantes que han sido ordenados obispos y cuatro de ellos creados cardenales.<\/p>\n","protected":false},"excerpt":{"rendered":"<p>La realidad de los seminaristas y sacerdotes diocesanos, y de los religiosos y religiosas, que se benefician del apoyo es diversa, pero todos tienen en com\u00fan que provienen de di\u00f3cesis pobres o en situaciones de grave crisis social y pol\u00edtica<\/p>\n","protected":false},"author":119,"featured_media":135551,"comment_status":"closed","ping_status":"closed","sticky":false,"template":"","format":"standard","meta":{"_acf_changed":false,"_crdt_document":"","inline_featured_image":false,"footnotes":""},"categories":[],"tags":[73498,73495,18350,73492,73497,73496,1372,41388,9879,18198,73493,42317,15212,73494,33615,34048,2134,15490],"class_list":["post-135549","post","type-post","status-publish","format-standard","has-post-thumbnail","hentry","tag-apoyo-a-la-formacion-sacerdotal","tag-ayuda-academica-espiritual","tag-benefactores","tag-campana-pon-cara-a-tu-donativo","tag-diocesis-pobres","tag-donaciones-iglesia","tag-evangelio","tag-formacion-de-seminaristas","tag-fundacion-carf","tag-iglesia-universal","tag-paises-sin-recursos","tag-pobreza-estructural","tag-sacerdotes-diocesanos","tag-seminaristas-extranjeros","tag-servicio-pastoral","tag-solidaridad-internacional","tag-vocaciones","tag-vocaciones-sacerdotales"],"acf":[],"yoast_head":"<!-- This site is optimized with the Yoast SEO plugin v27.4 - https:\/\/yoast.com\/product\/yoast-seo-wordpress\/ -->\n<title>La Fundaci\u00f3n CARF lanza la campa\u00f1a \u201cPon cara a tu donativo\u201d para impulsar la formaci\u00f3n de seminaristas especialmente de pa\u00edses sin recursos &#8211; Exaudi<\/title>\n<meta name=\"robots\" content=\"index, follow, max-snippet:-1, max-image-preview:large, max-video-preview:-1\" \/>\n<link rel=\"canonical\" href=\"https:\/\/exaudi.org\/es\/la-fundacion-carf-lanza-la-campana-pon-cara-a-tu-donativo-para-impulsar-la-formacion-de-seminaristas-especialmente-de-paises-sin-recursos\/\" \/>\n<meta property=\"og:locale\" content=\"es_ES\" \/>\n<meta property=\"og:type\" content=\"article\" \/>\n<meta property=\"og:title\" content=\"La Fundaci\u00f3n CARF lanza la campa\u00f1a \u201cPon cara a tu donativo\u201d para impulsar la formaci\u00f3n de seminaristas especialmente de pa\u00edses sin recursos &#8211; Exaudi\" \/>\n<meta property=\"og:description\" content=\"La realidad de los seminaristas y sacerdotes diocesanos, y de los religiosos y religiosas, que se benefician del apoyo es diversa, pero todos tienen en com\u00fan que provienen de di\u00f3cesis pobres o en situaciones de grave crisis social y pol\u00edtica\" \/>\n<meta property=\"og:url\" content=\"https:\/\/exaudi.org\/es\/la-fundacion-carf-lanza-la-campana-pon-cara-a-tu-donativo-para-impulsar-la-formacion-de-seminaristas-especialmente-de-paises-sin-recursos\/\" \/>\n<meta property=\"og:site_name\" content=\"Exaudi\" \/>\n<meta property=\"article:publisher\" content=\"https:\/\/www.facebook.com\/ExaudiNews\" \/>\n<meta property=\"article:author\" content=\"https:\/\/www.facebook.com\/fundacioncarf\/\" \/>\n<meta property=\"article:published_time\" content=\"2025-09-18T16:21:55+00:00\" \/>\n<meta property=\"article:modified_time\" content=\"2025-09-18T16:25:14+00:00\" \/>\n<meta property=\"og:image\" content=\"https:\/\/exaudi.org\/wp-content\/uploads\/2025\/09\/Copia-de-Negro-y-Gris-Elegante-y-Profesional-Simple-Presentacion-1.jpg\" \/>\n\t<meta property=\"og:image:width\" content=\"1920\" \/>\n\t<meta property=\"og:image:height\" content=\"1080\" \/>\n\t<meta property=\"og:image:type\" content=\"image\/jpeg\" \/>\n<meta name=\"author\" content=\"Fundaci\u00f3n CARF\" \/>\n<meta name=\"twitter:card\" content=\"summary_large_image\" \/>\n<meta name=\"twitter:creator\" content=\"@https:\/\/x.com\/fundacioncarf\" \/>\n<meta name=\"twitter:site\" content=\"@Exaudi_News\" \/>\n<meta name=\"twitter:label1\" content=\"Escrito por\" \/>\n\t<meta name=\"twitter:data1\" content=\"Fundaci\u00f3n CARF\" \/>\n\t<meta name=\"twitter:label2\" content=\"Tiempo de lectura\" \/>\n\t<meta name=\"twitter:data2\" content=\"5 minutos\" \/>\n<script type=\"application\/ld+json\" class=\"yoast-schema-graph\">{\"@context\":\"https:\\\/\\\/schema.org\",\"@graph\":[{\"@type\":\"Article\",\"@id\":\"https:\\\/\\\/exaudi.org\\\/es\\\/la-fundacion-carf-lanza-la-campana-pon-cara-a-tu-donativo-para-impulsar-la-formacion-de-seminaristas-especialmente-de-paises-sin-recursos\\\/#article\",\"isPartOf\":{\"@id\":\"https:\\\/\\\/exaudi.org\\\/es\\\/la-fundacion-carf-lanza-la-campana-pon-cara-a-tu-donativo-para-impulsar-la-formacion-de-seminaristas-especialmente-de-paises-sin-recursos\\\/\"},\"author\":{\"name\":\"Fundaci\u00f3n CARF\",\"@id\":\"https:\\\/\\\/exaudi.org\\\/#\\\/schema\\\/person\\\/fab8261a088ccf38cb54b3c50baa7baf\"},\"headline\":\"La Fundaci\u00f3n CARF lanza la campa\u00f1a \u201cPon cara a tu donativo\u201d para impulsar la formaci\u00f3n de seminaristas especialmente de pa\u00edses sin recursos\",\"datePublished\":\"2025-09-18T16:21:55+00:00\",\"dateModified\":\"2025-09-18T16:25:14+00:00\",\"mainEntityOfPage\":{\"@id\":\"https:\\\/\\\/exaudi.org\\\/es\\\/la-fundacion-carf-lanza-la-campana-pon-cara-a-tu-donativo-para-impulsar-la-formacion-de-seminaristas-especialmente-de-paises-sin-recursos\\\/\"},\"wordCount\":983,\"image\":{\"@id\":\"https:\\\/\\\/exaudi.org\\\/es\\\/la-fundacion-carf-lanza-la-campana-pon-cara-a-tu-donativo-para-impulsar-la-formacion-de-seminaristas-especialmente-de-paises-sin-recursos\\\/#primaryimage\"},\"thumbnailUrl\":\"https:\\\/\\\/exaudi.org\\\/wp-content\\\/uploads\\\/2025\\\/09\\\/Copia-de-Negro-y-Gris-Elegante-y-Profesional-Simple-Presentacion-1.jpg\",\"keywords\":[\"apoyo a la formaci\u00f3n sacerdotal\",\"ayuda acad\u00e9mica espiritual\",\"benefactores\",\"campa\u00f1a Pon cara a tu donativo\",\"di\u00f3cesis pobres\",\"donaciones Iglesia\",\"Evangelio\",\"formaci\u00f3n de seminaristas\",\"Fundaci\u00f3n CARF\",\"Iglesia Universal\",\"pa\u00edses sin recursos\",\"pobreza estructural\",\"sacerdotes diocesanos\",\"seminaristas extranjeros\",\"servicio pastoral\",\"solidaridad internacional\",\"Vocaciones\",\"vocaciones sacerdotales\"],\"inLanguage\":\"es\"},{\"@type\":\"WebPage\",\"@id\":\"https:\\\/\\\/exaudi.org\\\/es\\\/la-fundacion-carf-lanza-la-campana-pon-cara-a-tu-donativo-para-impulsar-la-formacion-de-seminaristas-especialmente-de-paises-sin-recursos\\\/\",\"url\":\"https:\\\/\\\/exaudi.org\\\/es\\\/la-fundacion-carf-lanza-la-campana-pon-cara-a-tu-donativo-para-impulsar-la-formacion-de-seminaristas-especialmente-de-paises-sin-recursos\\\/\",\"name\":\"La Fundaci\u00f3n CARF lanza la campa\u00f1a \u201cPon cara a tu donativo\u201d para impulsar la formaci\u00f3n de seminaristas especialmente de pa\u00edses sin recursos &#8211; Exaudi\",\"isPartOf\":{\"@id\":\"https:\\\/\\\/exaudi.org\\\/#website\"},\"primaryImageOfPage\":{\"@id\":\"https:\\\/\\\/exaudi.org\\\/es\\\/la-fundacion-carf-lanza-la-campana-pon-cara-a-tu-donativo-para-impulsar-la-formacion-de-seminaristas-especialmente-de-paises-sin-recursos\\\/#primaryimage\"},\"image\":{\"@id\":\"https:\\\/\\\/exaudi.org\\\/es\\\/la-fundacion-carf-lanza-la-campana-pon-cara-a-tu-donativo-para-impulsar-la-formacion-de-seminaristas-especialmente-de-paises-sin-recursos\\\/#primaryimage\"},\"thumbnailUrl\":\"https:\\\/\\\/exaudi.org\\\/wp-content\\\/uploads\\\/2025\\\/09\\\/Copia-de-Negro-y-Gris-Elegante-y-Profesional-Simple-Presentacion-1.jpg\",\"datePublished\":\"2025-09-18T16:21:55+00:00\",\"dateModified\":\"2025-09-18T16:25:14+00:00\",\"author\":{\"@id\":\"https:\\\/\\\/exaudi.org\\\/#\\\/schema\\\/person\\\/fab8261a088ccf38cb54b3c50baa7baf\"},\"breadcrumb\":{\"@id\":\"https:\\\/\\\/exaudi.org\\\/es\\\/la-fundacion-carf-lanza-la-campana-pon-cara-a-tu-donativo-para-impulsar-la-formacion-de-seminaristas-especialmente-de-paises-sin-recursos\\\/#breadcrumb\"},\"inLanguage\":\"es\",\"potentialAction\":[{\"@type\":\"ReadAction\",\"target\":[\"https:\\\/\\\/exaudi.org\\\/es\\\/la-fundacion-carf-lanza-la-campana-pon-cara-a-tu-donativo-para-impulsar-la-formacion-de-seminaristas-especialmente-de-paises-sin-recursos\\\/\"]}]},{\"@type\":\"ImageObject\",\"inLanguage\":\"es\",\"@id\":\"https:\\\/\\\/exaudi.org\\\/es\\\/la-fundacion-carf-lanza-la-campana-pon-cara-a-tu-donativo-para-impulsar-la-formacion-de-seminaristas-especialmente-de-paises-sin-recursos\\\/#primaryimage\",\"url\":\"https:\\\/\\\/exaudi.org\\\/wp-content\\\/uploads\\\/2025\\\/09\\\/Copia-de-Negro-y-Gris-Elegante-y-Profesional-Simple-Presentacion-1.jpg\",\"contentUrl\":\"https:\\\/\\\/exaudi.org\\\/wp-content\\\/uploads\\\/2025\\\/09\\\/Copia-de-Negro-y-Gris-Elegante-y-Profesional-Simple-Presentacion-1.jpg\",\"width\":1920,\"height\":1080},{\"@type\":\"BreadcrumbList\",\"@id\":\"https:\\\/\\\/exaudi.org\\\/es\\\/la-fundacion-carf-lanza-la-campana-pon-cara-a-tu-donativo-para-impulsar-la-formacion-de-seminaristas-especialmente-de-paises-sin-recursos\\\/#breadcrumb\",\"itemListElement\":[{\"@type\":\"ListItem\",\"position\":1,\"name\":\"Portada\",\"item\":\"https:\\\/\\\/exaudi.org\\\/es\\\/\"},{\"@type\":\"ListItem\",\"position\":2,\"name\":\"La Fundaci\u00f3n CARF lanza la campa\u00f1a \u201cPon cara a tu donativo\u201d para impulsar la formaci\u00f3n de seminaristas especialmente de pa\u00edses sin recursos\"}]},{\"@type\":\"WebSite\",\"@id\":\"https:\\\/\\\/exaudi.org\\\/#website\",\"url\":\"https:\\\/\\\/exaudi.org\\\/\",\"name\":\"Exaudi\",\"description\":\"News\",\"potentialAction\":[{\"@type\":\"SearchAction\",\"target\":{\"@type\":\"EntryPoint\",\"urlTemplate\":\"https:\\\/\\\/exaudi.org\\\/?s={search_term_string}\"},\"query-input\":{\"@type\":\"PropertyValueSpecification\",\"valueRequired\":true,\"valueName\":\"search_term_string\"}}],\"inLanguage\":\"es\"},{\"@type\":\"Person\",\"@id\":\"https:\\\/\\\/exaudi.org\\\/#\\\/schema\\\/person\\\/fab8261a088ccf38cb54b3c50baa7baf\",\"name\":\"Fundaci\u00f3n CARF\",\"image\":{\"@type\":\"ImageObject\",\"inLanguage\":\"es\",\"@id\":\"https:\\\/\\\/secure.gravatar.com\\\/avatar\\\/ab292d3529973c0d1cf4cda9208c6a8a7ee52923f0a291c39104715fa46aae4b?s=96&d=mm&r=g\",\"url\":\"https:\\\/\\\/secure.gravatar.com\\\/avatar\\\/ab292d3529973c0d1cf4cda9208c6a8a7ee52923f0a291c39104715fa46aae4b?s=96&d=mm&r=g\",\"contentUrl\":\"https:\\\/\\\/secure.gravatar.com\\\/avatar\\\/ab292d3529973c0d1cf4cda9208c6a8a7ee52923f0a291c39104715fa46aae4b?s=96&d=mm&r=g\",\"caption\":\"Fundaci\u00f3n CARF\"},\"description\":\"Trabajamos para llevar la sonrisa de Dios a todos los rincones del mundo a trav\u00e9s de los sacerdotes y ayudando a su formaci\u00f3n. Gracias a nuestros benefactores, ayudamos a la formaci\u00f3n de los sacerdotes, difundimos su buen nombre y rezamos por su fidelidad y las vocaciones. Trabajamos para servir a la Iglesia y que ninguna vocaci\u00f3n se pierda y luego ellos puedan transmitir en su labor pastoral toda la luz, ciencia y doctrina recibida. Acad\u00e9mico Las licenciaturas, programas de especializacio\u0301n o doctorados, otorgan a cada candidato una formaci\u00f3n espec\u00edfica en Teologi\u0301a, Filosofi\u0301a, Derecho Cano\u0301nico o Comunicacio\u0301n Social Institucional. Espiritual Los seminaristas y sacerdotes complementan su formacio\u0301n acade\u0301mica y humana con la espiritual, ya que deben estar preparados para seguir su vocaci\u00f3n y prestar su cuerpo y su espi\u0301ritu al Sen\u0303or. Humano A trave\u0301s del ambiente de familia y de preparaci\u00f3n, se consigue el desarrollo de actitudes, capacidades y valores que impactan en el crecimiento personal y social de los sacerdotes.\",\"sameAs\":[\"https:\\\/\\\/fundacioncarf.org\\\/\",\"https:\\\/\\\/www.facebook.com\\\/fundacioncarf\\\/\",\"https:\\\/\\\/www.instagram.com\\\/fundacioncarf\\\/\",\"https:\\\/\\\/www.linkedin.com\\\/company\\\/fundacioncarf\\\/posts\\\/?feedView=all\",\"https:\\\/\\\/x.com\\\/https:\\\/\\\/x.com\\\/fundacioncarf\",\"https:\\\/\\\/www.youtube.com\\\/c\\\/fundacioncarf\"],\"url\":\"https:\\\/\\\/exaudi.org\\\/es\\\/author\\\/carf\\\/\"}]}<\/script>\n<!-- \/ Yoast SEO plugin. -->","yoast_head_json":{"title":"La Fundaci\u00f3n CARF lanza la campa\u00f1a \u201cPon cara a tu donativo\u201d para impulsar la formaci\u00f3n de seminaristas especialmente de pa\u00edses sin recursos &#8211; Exaudi","robots":{"index":"index","follow":"follow","max-snippet":"max-snippet:-1","max-image-preview":"max-image-preview:large","max-video-preview":"max-video-preview:-1"},"canonical":"https:\/\/exaudi.org\/es\/la-fundacion-carf-lanza-la-campana-pon-cara-a-tu-donativo-para-impulsar-la-formacion-de-seminaristas-especialmente-de-paises-sin-recursos\/","og_locale":"es_ES","og_type":"article","og_title":"La Fundaci\u00f3n CARF lanza la campa\u00f1a \u201cPon cara a tu donativo\u201d para impulsar la formaci\u00f3n de seminaristas especialmente de pa\u00edses sin recursos &#8211; Exaudi","og_description":"La realidad de los seminaristas y sacerdotes diocesanos, y de los religiosos y religiosas, que se benefician del apoyo es diversa, pero todos tienen en com\u00fan que provienen de di\u00f3cesis pobres o en situaciones de grave crisis social y pol\u00edtica","og_url":"https:\/\/exaudi.org\/es\/la-fundacion-carf-lanza-la-campana-pon-cara-a-tu-donativo-para-impulsar-la-formacion-de-seminaristas-especialmente-de-paises-sin-recursos\/","og_site_name":"Exaudi","article_publisher":"https:\/\/www.facebook.com\/ExaudiNews","article_author":"https:\/\/www.facebook.com\/fundacioncarf\/","article_published_time":"2025-09-18T16:21:55+00:00","article_modified_time":"2025-09-18T16:25:14+00:00","og_image":[{"width":1920,"height":1080,"url":"https:\/\/exaudi.org\/wp-content\/uploads\/2025\/09\/Copia-de-Negro-y-Gris-Elegante-y-Profesional-Simple-Presentacion-1.jpg","type":"image\/jpeg"}],"author":"Fundaci\u00f3n CARF","twitter_card":"summary_large_image","twitter_creator":"@https:\/\/x.com\/fundacioncarf","twitter_site":"@Exaudi_News","twitter_misc":{"Escrito por":"Fundaci\u00f3n CARF","Tiempo de lectura":"5 minutos"},"schema":{"@context":"https:\/\/schema.org","@graph":[{"@type":"Article","@id":"https:\/\/exaudi.org\/es\/la-fundacion-carf-lanza-la-campana-pon-cara-a-tu-donativo-para-impulsar-la-formacion-de-seminaristas-especialmente-de-paises-sin-recursos\/#article","isPartOf":{"@id":"https:\/\/exaudi.org\/es\/la-fundacion-carf-lanza-la-campana-pon-cara-a-tu-donativo-para-impulsar-la-formacion-de-seminaristas-especialmente-de-paises-sin-recursos\/"},"author":{"name":"Fundaci\u00f3n CARF","@id":"https:\/\/exaudi.org\/#\/schema\/person\/fab8261a088ccf38cb54b3c50baa7baf"},"headline":"La Fundaci\u00f3n CARF lanza la campa\u00f1a \u201cPon cara a tu donativo\u201d para impulsar la formaci\u00f3n de seminaristas especialmente de pa\u00edses sin recursos","datePublished":"2025-09-18T16:21:55+00:00","dateModified":"2025-09-18T16:25:14+00:00","mainEntityOfPage":{"@id":"https:\/\/exaudi.org\/es\/la-fundacion-carf-lanza-la-campana-pon-cara-a-tu-donativo-para-impulsar-la-formacion-de-seminaristas-especialmente-de-paises-sin-recursos\/"},"wordCount":983,"image":{"@id":"https:\/\/exaudi.org\/es\/la-fundacion-carf-lanza-la-campana-pon-cara-a-tu-donativo-para-impulsar-la-formacion-de-seminaristas-especialmente-de-paises-sin-recursos\/#primaryimage"},"thumbnailUrl":"https:\/\/exaudi.org\/wp-content\/uploads\/2025\/09\/Copia-de-Negro-y-Gris-Elegante-y-Profesional-Simple-Presentacion-1.jpg","keywords":["apoyo a la formaci\u00f3n sacerdotal","ayuda acad\u00e9mica espiritual","benefactores","campa\u00f1a Pon cara a tu donativo","di\u00f3cesis pobres","donaciones Iglesia","Evangelio","formaci\u00f3n de seminaristas","Fundaci\u00f3n CARF","Iglesia Universal","pa\u00edses sin recursos","pobreza estructural","sacerdotes diocesanos","seminaristas extranjeros","servicio pastoral","solidaridad internacional","Vocaciones","vocaciones sacerdotales"],"inLanguage":"es"},{"@type":"WebPage","@id":"https:\/\/exaudi.org\/es\/la-fundacion-carf-lanza-la-campana-pon-cara-a-tu-donativo-para-impulsar-la-formacion-de-seminaristas-especialmente-de-paises-sin-recursos\/","url":"https:\/\/exaudi.org\/es\/la-fundacion-carf-lanza-la-campana-pon-cara-a-tu-donativo-para-impulsar-la-formacion-de-seminaristas-especialmente-de-paises-sin-recursos\/","name":"La Fundaci\u00f3n CARF lanza la campa\u00f1a \u201cPon cara a tu donativo\u201d para impulsar la formaci\u00f3n de seminaristas especialmente de pa\u00edses sin recursos &#8211; Exaudi","isPartOf":{"@id":"https:\/\/exaudi.org\/#website"},"primaryImageOfPage":{"@id":"https:\/\/exaudi.org\/es\/la-fundacion-carf-lanza-la-campana-pon-cara-a-tu-donativo-para-impulsar-la-formacion-de-seminaristas-especialmente-de-paises-sin-recursos\/#primaryimage"},"image":{"@id":"https:\/\/exaudi.org\/es\/la-fundacion-carf-lanza-la-campana-pon-cara-a-tu-donativo-para-impulsar-la-formacion-de-seminaristas-especialmente-de-paises-sin-recursos\/#primaryimage"},"thumbnailUrl":"https:\/\/exaudi.org\/wp-content\/uploads\/2025\/09\/Copia-de-Negro-y-Gris-Elegante-y-Profesional-Simple-Presentacion-1.jpg","datePublished":"2025-09-18T16:21:55+00:00","dateModified":"2025-09-18T16:25:14+00:00","author":{"@id":"https:\/\/exaudi.org\/#\/schema\/person\/fab8261a088ccf38cb54b3c50baa7baf"},"breadcrumb":{"@id":"https:\/\/exaudi.org\/es\/la-fundacion-carf-lanza-la-campana-pon-cara-a-tu-donativo-para-impulsar-la-formacion-de-seminaristas-especialmente-de-paises-sin-recursos\/#breadcrumb"},"inLanguage":"es","potentialAction":[{"@type":"ReadAction","target":["https:\/\/exaudi.org\/es\/la-fundacion-carf-lanza-la-campana-pon-cara-a-tu-donativo-para-impulsar-la-formacion-de-seminaristas-especialmente-de-paises-sin-recursos\/"]}]},{"@type":"ImageObject","inLanguage":"es","@id":"https:\/\/exaudi.org\/es\/la-fundacion-carf-lanza-la-campana-pon-cara-a-tu-donativo-para-impulsar-la-formacion-de-seminaristas-especialmente-de-paises-sin-recursos\/#primaryimage","url":"https:\/\/exaudi.org\/wp-content\/uploads\/2025\/09\/Copia-de-Negro-y-Gris-Elegante-y-Profesional-Simple-Presentacion-1.jpg","contentUrl":"https:\/\/exaudi.org\/wp-content\/uploads\/2025\/09\/Copia-de-Negro-y-Gris-Elegante-y-Profesional-Simple-Presentacion-1.jpg","width":1920,"height":1080},{"@type":"BreadcrumbList","@id":"https:\/\/exaudi.org\/es\/la-fundacion-carf-lanza-la-campana-pon-cara-a-tu-donativo-para-impulsar-la-formacion-de-seminaristas-especialmente-de-paises-sin-recursos\/#breadcrumb","itemListElement":[{"@type":"ListItem","position":1,"name":"Portada","item":"https:\/\/exaudi.org\/es\/"},{"@type":"ListItem","position":2,"name":"La Fundaci\u00f3n CARF lanza la campa\u00f1a \u201cPon cara a tu donativo\u201d para impulsar la formaci\u00f3n de seminaristas especialmente de pa\u00edses sin recursos"}]},{"@type":"WebSite","@id":"https:\/\/exaudi.org\/#website","url":"https:\/\/exaudi.org\/","name":"Exaudi","description":"News","potentialAction":[{"@type":"SearchAction","target":{"@type":"EntryPoint","urlTemplate":"https:\/\/exaudi.org\/?s={search_term_string}"},"query-input":{"@type":"PropertyValueSpecification","valueRequired":true,"valueName":"search_term_string"}}],"inLanguage":"es"},{"@type":"Person","@id":"https:\/\/exaudi.org\/#\/schema\/person\/fab8261a088ccf38cb54b3c50baa7baf","name":"Fundaci\u00f3n CARF","image":{"@type":"ImageObject","inLanguage":"es","@id":"https:\/\/secure.gravatar.com\/avatar\/ab292d3529973c0d1cf4cda9208c6a8a7ee52923f0a291c39104715fa46aae4b?s=96&d=mm&r=g","url":"https:\/\/secure.gravatar.com\/avatar\/ab292d3529973c0d1cf4cda9208c6a8a7ee52923f0a291c39104715fa46aae4b?s=96&d=mm&r=g","contentUrl":"https:\/\/secure.gravatar.com\/avatar\/ab292d3529973c0d1cf4cda9208c6a8a7ee52923f0a291c39104715fa46aae4b?s=96&d=mm&r=g","caption":"Fundaci\u00f3n CARF"},"description":"Trabajamos para llevar la sonrisa de Dios a todos los rincones del mundo a trav\u00e9s de los sacerdotes y ayudando a su formaci\u00f3n. Gracias a nuestros benefactores, ayudamos a la formaci\u00f3n de los sacerdotes, difundimos su buen nombre y rezamos por su fidelidad y las vocaciones. Trabajamos para servir a la Iglesia y que ninguna vocaci\u00f3n se pierda y luego ellos puedan transmitir en su labor pastoral toda la luz, ciencia y doctrina recibida. Acad\u00e9mico Las licenciaturas, programas de especializacio\u0301n o doctorados, otorgan a cada candidato una formaci\u00f3n espec\u00edfica en Teologi\u0301a, Filosofi\u0301a, Derecho Cano\u0301nico o Comunicacio\u0301n Social Institucional. Espiritual Los seminaristas y sacerdotes complementan su formacio\u0301n acade\u0301mica y humana con la espiritual, ya que deben estar preparados para seguir su vocaci\u00f3n y prestar su cuerpo y su espi\u0301ritu al Sen\u0303or. Humano A trave\u0301s del ambiente de familia y de preparaci\u00f3n, se consigue el desarrollo de actitudes, capacidades y valores que impactan en el crecimiento personal y social de los sacerdotes.","sameAs":["https:\/\/fundacioncarf.org\/","https:\/\/www.facebook.com\/fundacioncarf\/","https:\/\/www.instagram.com\/fundacioncarf\/","https:\/\/www.linkedin.com\/company\/fundacioncarf\/posts\/?feedView=all","https:\/\/x.com\/https:\/\/x.com\/fundacioncarf","https:\/\/www.youtube.com\/c\/fundacioncarf"],"url":"https:\/\/exaudi.org\/es\/author\/carf\/"}]}},"jetpack_featured_media_url":"https:\/\/exaudi.org\/wp-content\/uploads\/2025\/09\/Copia-de-Negro-y-Gris-Elegante-y-Profesional-Simple-Presentacion-1.jpg","jetpack_shortlink":"https:\/\/wp.me\/pgKjF2-zgh","_links":{"self":[{"href":"https:\/\/exaudi.org\/es\/wp-json\/wp\/v2\/posts\/135549","targetHints":{"allow":["GET"]}}],"collection":[{"href":"https:\/\/exaudi.org\/es\/wp-json\/wp\/v2\/posts"}],"about":[{"href":"https:\/\/exaudi.org\/es\/wp-json\/wp\/v2\/types\/post"}],"author":[{"embeddable":true,"href":"https:\/\/exaudi.org\/es\/wp-json\/wp\/v2\/users\/119"}],"replies":[{"embeddable":true,"href":"https:\/\/exaudi.org\/es\/wp-json\/wp\/v2\/comments?post=135549"}],"version-history":[{"count":4,"href":"https:\/\/exaudi.org\/es\/wp-json\/wp\/v2\/posts\/135549\/revisions"}],"predecessor-version":[{"id":135562,"href":"https:\/\/exaudi.org\/es\/wp-json\/wp\/v2\/posts\/135549\/revisions\/135562"}],"wp:featuredmedia":[{"embeddable":true,"href":"https:\/\/exaudi.org\/es\/wp-json\/wp\/v2\/media\/135551"}],"wp:attachment":[{"href":"https:\/\/exaudi.org\/es\/wp-json\/wp\/v2\/media?parent=135549"}],"wp:term":[{"taxonomy":"category","embeddable":true,"href":"https:\/\/exaudi.org\/es\/wp-json\/wp\/v2\/categories?post=135549"},{"taxonomy":"post_tag","embeddable":true,"href":"https:\/\/exaudi.org\/es\/wp-json\/wp\/v2\/tags?post=135549"}],"curies":[{"name":"wp","href":"https:\/\/api.w.org\/{rel}","templated":true}]}}